{"id":850,"date":"2014-10-08T08:00:04","date_gmt":"2014-10-08T06:00:04","guid":{"rendered":"http:\/\/blogs.nmz.de\/wm2014\/?p=850"},"modified":"2014-10-07T22:57:41","modified_gmt":"2014-10-07T20:57:41","slug":"das-ich-im-ich-in-der-musik","status":"publish","type":"post","link":"https:\/\/blogs.nmz.de\/wm2014\/2014\/10\/08\/das-ich-im-ich-in-der-musik\/","title":{"rendered":"Das Ich im Ich in der Musik"},"content":{"rendered":"<p>In einem <a href=\"http:\/\/www.arte.tv\/guide\/de\/047168-006\/philosophie\">Beitrag auf ARTE widmete man sich der Frage des Wartens<\/a>. Dabei wurde ein franz\u00f6sischer Philosoph (Nicolas Grimaldi) von\u00a0Rapha\u00ebl Enthoven interviewt, der unter anderem sagte (ich zitiere aus der Erinnerung),<\/p>\n<blockquote><p>Genuss, den man nicht teilen kann, kann man nicht (so gut) genie\u00dfen.<\/p><\/blockquote>\n<p>Auch wenn es in der Philosophie mit dem erinnerten Zitieren etwas hakelig ist, denn in Philosophie geht es ja gerade um die Nuancen, m\u00fcsste es so gewesen sein. Er sagt:<\/p>\n<blockquote><p>Ein nicht geteilter Genuss, ist kein Genuss. (Minute 17:17)<\/p><\/blockquote>\n<p>Er erw\u00e4hnte das Essen, wenn man alleine isst. Das sei weniger angenehm als dies in der Runde zu tun. Das kann ich sofort best\u00e4tigen. Aber dann dachte ich an die Musik. Die Musik kann ich sehr wohl genie\u00dfen, <em>selbst wenn ich es allein tue<\/em>. Ich muss das nicht mitteilen, um in den vollen Genuss zu kommen.<\/p>\n<p>Vielleicht stimmt aber doch Grimaldis These und meine Dissenz dazu. Denn vielleicht kann ich diesen Genuss der Musik in mir selbst teilen. In mir mit mir. Auch in anderen F\u00e4llen der Kontemplation, beim Betrachten von Kunstwerken der Bildenden Kunst oder beim Lesen von B\u00fcchern, geht dies ja doch auch sehr gut allein. Gruppen-Kontemplation scheint mir immer etwas <em>zwangig<\/em>.<\/p>\n<p><span class=\"embed-youtube\" style=\"text-align:center; display: block;\"><iframe loading=\"lazy\" class=\"youtube-player\" width=\"676\" height=\"381\" src=\"https:\/\/www.youtube.com\/embed\/sOth_6jHl-I?version=3&#038;rel=1&#038;showsearch=0&#038;showinfo=1&#038;iv_load_policy=1&#038;fs=1&#038;hl=de-DE&#038;autohide=2&#038;wmode=transparent\" allowfullscreen=\"true\" style=\"border:0;\" sandbox=\"allow-scripts allow-same-origin allow-popups allow-presentation allow-popups-to-escape-sandbox\"><\/iframe><\/span><\/p>\n<p>Vielleicht ist es aber auch ganz anders.<\/p>\n<p>Und die zweite Frage, die ich mir stellte: Es ist aber schon interessant, dass es offenbar ein ganz besonderer Genuss ist, Musik zusammen mit mehreren zu h\u00f6ren, die das Mith\u00f6ren dann teilen. Also die Frage: Wie \u00e4ndert sich Musik eigentlich, wenn man sie allein oder in der Gruppe zu h\u00f6ren bekommt. Ist das \u201eWesentlich?\u201c<\/p>\n","protected":false},"excerpt":{"rendered":"<p>In einem Beitrag auf ARTE widmete man sich der Frage des Wartens. Dabei wurde ein franz\u00f6sischer Philosoph (Nicolas Grimaldi) von\u00a0Rapha\u00ebl Enthoven interviewt, der unter anderem sagte (ich zitiere aus der Erinnerung), Genuss, den man nicht teilen kann, kann man nicht&#8230; <a class=\"more-link\" href=\"https:\/\/blogs.nmz.de\/wm2014\/2014\/10\/08\/das-ich-im-ich-in-der-musik\/\">Weiterlesen &rarr;<\/a><\/p>\n","protected":false},"author":1,"featured_media":852,"comment_status":"open","ping_status":"open","sticky":false,"template":"","format":"standard","meta":{"_jetpack_memberships_contains_paid_content":false,"footnotes":""},"categories":[29,533,11557],"tags":[11697,13114,1751],"class_list":["post-850","post","type-post","status-publish","format-standard","has-post-thumbnail","hentry","category-aesthetik","category-musik","category-paedagogik","tag-musikaesthetik","tag-philosophie","tag-wahrnehmung"],"yoast_head":"<!-- This site is optimized with the Yoast SEO plugin v27.4 - https:\/\/yoast.com\/product\/yoast-seo-wordpress\/ -->\n<title>Das Ich im Ich in der Musik - Auf dem Sperrsitz<\/title>\n<meta name=\"robots\" content=\"index, follow, max-snippet:-1, max-image-preview:large, max-video-preview:-1\" \/>\n<link rel=\"canonical\" href=\"https:\/\/blogs.nmz.de\/wm2014\/2014\/10\/08\/das-ich-im-ich-in-der-musik\/\" \/>\n<meta property=\"og:locale\" content=\"de_DE\" \/>\n<meta property=\"og:type\" content=\"article\" \/>\n<meta property=\"og:title\" content=\"Das Ich im Ich in der Musik - Auf dem Sperrsitz\" \/>\n<meta property=\"og:description\" content=\"In einem Beitrag auf ARTE widmete man sich der Frage des Wartens. Dabei wurde ein franz\u00f6sischer Philosoph (Nicolas Grimaldi) von\u00a0Rapha\u00ebl Enthoven interviewt, der unter anderem sagte (ich zitiere aus der Erinnerung), Genuss, den man nicht teilen kann, kann man nicht... Weiterlesen &rarr;\" \/>\n<meta property=\"og:url\" content=\"https:\/\/blogs.nmz.de\/wm2014\/2014\/10\/08\/das-ich-im-ich-in-der-musik\/\" \/>\n<meta property=\"og:site_name\" content=\"Auf dem Sperrsitz\" \/>\n<meta property=\"article:publisher\" content=\"http:\/\/www.facebook.com\/musikzeitung\" \/>\n<meta property=\"article:author\" content=\"http:\/\/www.facebook.com\/hufner\" \/>\n<meta property=\"article:published_time\" content=\"2014-10-08T06:00:04+00:00\" \/>\n<meta property=\"og:image\" content=\"https:\/\/i1.wp.com\/blogs.nmz.de\/wm2014\/files\/2014\/10\/wiesengrund_c_hufner.jpg?fit=1200%2C721&ssl=1\" \/>\n\t<meta property=\"og:image:width\" content=\"1200\" \/>\n\t<meta property=\"og:image:height\" content=\"721\" \/>\n\t<meta property=\"og:image:type\" content=\"image\/jpeg\" \/>\n<meta name=\"author\" content=\"Martin Hufner\" \/>\n<meta name=\"twitter:card\" content=\"summary_large_image\" \/>\n<meta name=\"twitter:creator\" content=\"@huflaikhan\" \/>\n<meta name=\"twitter:site\" content=\"@musikzeitung\" \/>\n<meta name=\"twitter:label1\" content=\"Verfasst von\" \/>\n\t<meta name=\"twitter:data1\" content=\"Martin Hufner\" \/>\n\t<meta name=\"twitter:label2\" content=\"Gesch\u00e4tzte Lesezeit\" \/>\n\t<meta name=\"twitter:data2\" content=\"1\u00a0Minute\" \/>\n<script type=\"application\/ld+json\" class=\"yoast-schema-graph\">{\"@context\":\"https:\\\/\\\/schema.org\",\"@graph\":[{\"@type\":\"Article\",\"@id\":\"https:\\\/\\\/blogs.nmz.de\\\/wm2014\\\/2014\\\/10\\\/08\\\/das-ich-im-ich-in-der-musik\\\/#article\",\"isPartOf\":{\"@id\":\"https:\\\/\\\/blogs.nmz.de\\\/wm2014\\\/2014\\\/10\\\/08\\\/das-ich-im-ich-in-der-musik\\\/\"},\"author\":{\"name\":\"Martin Hufner\",\"@id\":\"https:\\\/\\\/blogs.nmz.de\\\/wm2014\\\/#\\\/schema\\\/person\\\/488a80049cf0bbc4cce99951ae91c3b9\"},\"headline\":\"Das Ich im Ich in der Musik\",\"datePublished\":\"2014-10-08T06:00:04+00:00\",\"mainEntityOfPage\":{\"@id\":\"https:\\\/\\\/blogs.nmz.de\\\/wm2014\\\/2014\\\/10\\\/08\\\/das-ich-im-ich-in-der-musik\\\/\"},\"wordCount\":284,\"commentCount\":0,\"image\":{\"@id\":\"https:\\\/\\\/blogs.nmz.de\\\/wm2014\\\/2014\\\/10\\\/08\\\/das-ich-im-ich-in-der-musik\\\/#primaryimage\"},\"thumbnailUrl\":\"https:\\\/\\\/i0.wp.com\\\/blogs.nmz.de\\\/wm2014\\\/files\\\/2014\\\/10\\\/wiesengrund_c_hufner.jpg?fit=1200%2C721&ssl=1\",\"keywords\":[\"Musik\u00e4sthetik\",\"Philosophie\",\"Wahrnehmung\"],\"articleSection\":[\"\u00c4sthetik\",\"Musik\",\"P\u00e4dagogik\"],\"inLanguage\":\"de\",\"potentialAction\":[{\"@type\":\"CommentAction\",\"name\":\"Comment\",\"target\":[\"https:\\\/\\\/blogs.nmz.de\\\/wm2014\\\/2014\\\/10\\\/08\\\/das-ich-im-ich-in-der-musik\\\/#respond\"]}]},{\"@type\":\"WebPage\",\"@id\":\"https:\\\/\\\/blogs.nmz.de\\\/wm2014\\\/2014\\\/10\\\/08\\\/das-ich-im-ich-in-der-musik\\\/\",\"url\":\"https:\\\/\\\/blogs.nmz.de\\\/wm2014\\\/2014\\\/10\\\/08\\\/das-ich-im-ich-in-der-musik\\\/\",\"name\":\"Das Ich im Ich in der Musik - Auf dem Sperrsitz\",\"isPartOf\":{\"@id\":\"https:\\\/\\\/blogs.nmz.de\\\/wm2014\\\/#website\"},\"primaryImageOfPage\":{\"@id\":\"https:\\\/\\\/blogs.nmz.de\\\/wm2014\\\/2014\\\/10\\\/08\\\/das-ich-im-ich-in-der-musik\\\/#primaryimage\"},\"image\":{\"@id\":\"https:\\\/\\\/blogs.nmz.de\\\/wm2014\\\/2014\\\/10\\\/08\\\/das-ich-im-ich-in-der-musik\\\/#primaryimage\"},\"thumbnailUrl\":\"https:\\\/\\\/i0.wp.com\\\/blogs.nmz.de\\\/wm2014\\\/files\\\/2014\\\/10\\\/wiesengrund_c_hufner.jpg?fit=1200%2C721&ssl=1\",\"datePublished\":\"2014-10-08T06:00:04+00:00\",\"author\":{\"@id\":\"https:\\\/\\\/blogs.nmz.de\\\/wm2014\\\/#\\\/schema\\\/person\\\/488a80049cf0bbc4cce99951ae91c3b9\"},\"breadcrumb\":{\"@id\":\"https:\\\/\\\/blogs.nmz.de\\\/wm2014\\\/2014\\\/10\\\/08\\\/das-ich-im-ich-in-der-musik\\\/#breadcrumb\"},\"inLanguage\":\"de\",\"potentialAction\":[{\"@type\":\"ReadAction\",\"target\":[\"https:\\\/\\\/blogs.nmz.de\\\/wm2014\\\/2014\\\/10\\\/08\\\/das-ich-im-ich-in-der-musik\\\/\"]}]},{\"@type\":\"ImageObject\",\"inLanguage\":\"de\",\"@id\":\"https:\\\/\\\/blogs.nmz.de\\\/wm2014\\\/2014\\\/10\\\/08\\\/das-ich-im-ich-in-der-musik\\\/#primaryimage\",\"url\":\"https:\\\/\\\/i0.wp.com\\\/blogs.nmz.de\\\/wm2014\\\/files\\\/2014\\\/10\\\/wiesengrund_c_hufner.jpg?fit=1200%2C721&ssl=1\",\"contentUrl\":\"https:\\\/\\\/i0.wp.com\\\/blogs.nmz.de\\\/wm2014\\\/files\\\/2014\\\/10\\\/wiesengrund_c_hufner.jpg?fit=1200%2C721&ssl=1\",\"width\":1200,\"height\":721,\"caption\":\"Dies ist ein Lied f\u00fcr Dich allein. Foto: Hufner\"},{\"@type\":\"BreadcrumbList\",\"@id\":\"https:\\\/\\\/blogs.nmz.de\\\/wm2014\\\/2014\\\/10\\\/08\\\/das-ich-im-ich-in-der-musik\\\/#breadcrumb\",\"itemListElement\":[{\"@type\":\"ListItem\",\"position\":1,\"name\":\"Startseite\",\"item\":\"https:\\\/\\\/blogs.nmz.de\\\/wm2014\\\/\"},{\"@type\":\"ListItem\",\"position\":2,\"name\":\"Das Ich im Ich in der Musik\"}]},{\"@type\":\"WebSite\",\"@id\":\"https:\\\/\\\/blogs.nmz.de\\\/wm2014\\\/#website\",\"url\":\"https:\\\/\\\/blogs.nmz.de\\\/wm2014\\\/\",\"name\":\"Auf dem Sperrsitz\",\"description\":\"Im Kultur-Zoo der nmz\",\"potentialAction\":[{\"@type\":\"SearchAction\",\"target\":{\"@type\":\"EntryPoint\",\"urlTemplate\":\"https:\\\/\\\/blogs.nmz.de\\\/wm2014\\\/?s={search_term_string}\"},\"query-input\":{\"@type\":\"PropertyValueSpecification\",\"valueRequired\":true,\"valueName\":\"search_term_string\"}}],\"inLanguage\":\"de\"},{\"@type\":\"Person\",\"@id\":\"https:\\\/\\\/blogs.nmz.de\\\/wm2014\\\/#\\\/schema\\\/person\\\/488a80049cf0bbc4cce99951ae91c3b9\",\"name\":\"Martin Hufner\",\"image\":{\"@type\":\"ImageObject\",\"inLanguage\":\"de\",\"@id\":\"https:\\\/\\\/secure.gravatar.com\\\/avatar\\\/891bbce378eb0bdbf7f71559e53af16afd9e2f8a020e2f876adcfcd437cd011a?s=96&d=mm&r=g\",\"url\":\"https:\\\/\\\/secure.gravatar.com\\\/avatar\\\/891bbce378eb0bdbf7f71559e53af16afd9e2f8a020e2f876adcfcd437cd011a?s=96&d=mm&r=g\",\"contentUrl\":\"https:\\\/\\\/secure.gravatar.com\\\/avatar\\\/891bbce378eb0bdbf7f71559e53af16afd9e2f8a020e2f876adcfcd437cd011a?s=96&d=mm&r=g\",\"caption\":\"Martin Hufner\"},\"description\":\"seit 1997 chef\u00f6konom der kritischen masse und netzbabysitter der nmz.\",\"sameAs\":[\"https:\\\/\\\/www.musikkritik.org\",\"http:\\\/\\\/www.facebook.com\\\/hufner\",\"https:\\\/\\\/www.linkedin.com\\\/profile\\\/view?id=48050869&trk=spm_pic\",\"https:\\\/\\\/x.com\\\/huflaikhan\"],\"url\":\"https:\\\/\\\/blogs.nmz.de\\\/wm2014\\\/author\\\/admin\\\/\"}]}<\/script>\n<!-- \/ Yoast SEO plugin. -->","yoast_head_json":{"title":"Das Ich im Ich in der Musik - Auf dem Sperrsitz","robots":{"index":"index","follow":"follow","max-snippet":"max-snippet:-1","max-image-preview":"max-image-preview:large","max-video-preview":"max-video-preview:-1"},"canonical":"https:\/\/blogs.nmz.de\/wm2014\/2014\/10\/08\/das-ich-im-ich-in-der-musik\/","og_locale":"de_DE","og_type":"article","og_title":"Das Ich im Ich in der Musik - Auf dem Sperrsitz","og_description":"In einem Beitrag auf ARTE widmete man sich der Frage des Wartens. Dabei wurde ein franz\u00f6sischer Philosoph (Nicolas Grimaldi) von\u00a0Rapha\u00ebl Enthoven interviewt, der unter anderem sagte (ich zitiere aus der Erinnerung), Genuss, den man nicht teilen kann, kann man nicht... Weiterlesen &rarr;","og_url":"https:\/\/blogs.nmz.de\/wm2014\/2014\/10\/08\/das-ich-im-ich-in-der-musik\/","og_site_name":"Auf dem Sperrsitz","article_publisher":"http:\/\/www.facebook.com\/musikzeitung","article_author":"http:\/\/www.facebook.com\/hufner","article_published_time":"2014-10-08T06:00:04+00:00","og_image":[{"width":1200,"height":721,"url":"https:\/\/i1.wp.com\/blogs.nmz.de\/wm2014\/files\/2014\/10\/wiesengrund_c_hufner.jpg?fit=1200%2C721&ssl=1","type":"image\/jpeg"}],"author":"Martin Hufner","twitter_card":"summary_large_image","twitter_creator":"@huflaikhan","twitter_site":"@musikzeitung","twitter_misc":{"Verfasst von":"Martin Hufner","Gesch\u00e4tzte Lesezeit":"1\u00a0Minute"},"schema":{"@context":"https:\/\/schema.org","@graph":[{"@type":"Article","@id":"https:\/\/blogs.nmz.de\/wm2014\/2014\/10\/08\/das-ich-im-ich-in-der-musik\/#article","isPartOf":{"@id":"https:\/\/blogs.nmz.de\/wm2014\/2014\/10\/08\/das-ich-im-ich-in-der-musik\/"},"author":{"name":"Martin Hufner","@id":"https:\/\/blogs.nmz.de\/wm2014\/#\/schema\/person\/488a80049cf0bbc4cce99951ae91c3b9"},"headline":"Das Ich im Ich in der Musik","datePublished":"2014-10-08T06:00:04+00:00","mainEntityOfPage":{"@id":"https:\/\/blogs.nmz.de\/wm2014\/2014\/10\/08\/das-ich-im-ich-in-der-musik\/"},"wordCount":284,"commentCount":0,"image":{"@id":"https:\/\/blogs.nmz.de\/wm2014\/2014\/10\/08\/das-ich-im-ich-in-der-musik\/#primaryimage"},"thumbnailUrl":"https:\/\/i0.wp.com\/blogs.nmz.de\/wm2014\/files\/2014\/10\/wiesengrund_c_hufner.jpg?fit=1200%2C721&ssl=1","keywords":["Musik\u00e4sthetik","Philosophie","Wahrnehmung"],"articleSection":["\u00c4sthetik","Musik","P\u00e4dagogik"],"inLanguage":"de","potentialAction":[{"@type":"CommentAction","name":"Comment","target":["https:\/\/blogs.nmz.de\/wm2014\/2014\/10\/08\/das-ich-im-ich-in-der-musik\/#respond"]}]},{"@type":"WebPage","@id":"https:\/\/blogs.nmz.de\/wm2014\/2014\/10\/08\/das-ich-im-ich-in-der-musik\/","url":"https:\/\/blogs.nmz.de\/wm2014\/2014\/10\/08\/das-ich-im-ich-in-der-musik\/","name":"Das Ich im Ich in der Musik - Auf dem Sperrsitz","isPartOf":{"@id":"https:\/\/blogs.nmz.de\/wm2014\/#website"},"primaryImageOfPage":{"@id":"https:\/\/blogs.nmz.de\/wm2014\/2014\/10\/08\/das-ich-im-ich-in-der-musik\/#primaryimage"},"image":{"@id":"https:\/\/blogs.nmz.de\/wm2014\/2014\/10\/08\/das-ich-im-ich-in-der-musik\/#primaryimage"},"thumbnailUrl":"https:\/\/i0.wp.com\/blogs.nmz.de\/wm2014\/files\/2014\/10\/wiesengrund_c_hufner.jpg?fit=1200%2C721&ssl=1","datePublished":"2014-10-08T06:00:04+00:00","author":{"@id":"https:\/\/blogs.nmz.de\/wm2014\/#\/schema\/person\/488a80049cf0bbc4cce99951ae91c3b9"},"breadcrumb":{"@id":"https:\/\/blogs.nmz.de\/wm2014\/2014\/10\/08\/das-ich-im-ich-in-der-musik\/#breadcrumb"},"inLanguage":"de","potentialAction":[{"@type":"ReadAction","target":["https:\/\/blogs.nmz.de\/wm2014\/2014\/10\/08\/das-ich-im-ich-in-der-musik\/"]}]},{"@type":"ImageObject","inLanguage":"de","@id":"https:\/\/blogs.nmz.de\/wm2014\/2014\/10\/08\/das-ich-im-ich-in-der-musik\/#primaryimage","url":"https:\/\/i0.wp.com\/blogs.nmz.de\/wm2014\/files\/2014\/10\/wiesengrund_c_hufner.jpg?fit=1200%2C721&ssl=1","contentUrl":"https:\/\/i0.wp.com\/blogs.nmz.de\/wm2014\/files\/2014\/10\/wiesengrund_c_hufner.jpg?fit=1200%2C721&ssl=1","width":1200,"height":721,"caption":"Dies ist ein Lied f\u00fcr Dich allein. Foto: Hufner"},{"@type":"BreadcrumbList","@id":"https:\/\/blogs.nmz.de\/wm2014\/2014\/10\/08\/das-ich-im-ich-in-der-musik\/#breadcrumb","itemListElement":[{"@type":"ListItem","position":1,"name":"Startseite","item":"https:\/\/blogs.nmz.de\/wm2014\/"},{"@type":"ListItem","position":2,"name":"Das Ich im Ich in der Musik"}]},{"@type":"WebSite","@id":"https:\/\/blogs.nmz.de\/wm2014\/#website","url":"https:\/\/blogs.nmz.de\/wm2014\/","name":"Auf dem Sperrsitz","description":"Im Kultur-Zoo der nmz","potentialAction":[{"@type":"SearchAction","target":{"@type":"EntryPoint","urlTemplate":"https:\/\/blogs.nmz.de\/wm2014\/?s={search_term_string}"},"query-input":{"@type":"PropertyValueSpecification","valueRequired":true,"valueName":"search_term_string"}}],"inLanguage":"de"},{"@type":"Person","@id":"https:\/\/blogs.nmz.de\/wm2014\/#\/schema\/person\/488a80049cf0bbc4cce99951ae91c3b9","name":"Martin Hufner","image":{"@type":"ImageObject","inLanguage":"de","@id":"https:\/\/secure.gravatar.com\/avatar\/891bbce378eb0bdbf7f71559e53af16afd9e2f8a020e2f876adcfcd437cd011a?s=96&d=mm&r=g","url":"https:\/\/secure.gravatar.com\/avatar\/891bbce378eb0bdbf7f71559e53af16afd9e2f8a020e2f876adcfcd437cd011a?s=96&d=mm&r=g","contentUrl":"https:\/\/secure.gravatar.com\/avatar\/891bbce378eb0bdbf7f71559e53af16afd9e2f8a020e2f876adcfcd437cd011a?s=96&d=mm&r=g","caption":"Martin Hufner"},"description":"seit 1997 chef\u00f6konom der kritischen masse und netzbabysitter der nmz.","sameAs":["https:\/\/www.musikkritik.org","http:\/\/www.facebook.com\/hufner","https:\/\/www.linkedin.com\/profile\/view?id=48050869&trk=spm_pic","https:\/\/x.com\/huflaikhan"],"url":"https:\/\/blogs.nmz.de\/wm2014\/author\/admin\/"}]}},"wp-worthy-pixel":{"ignored":false,"public":null,"server":null,"url":null},"wp-worthy-type":"normal","jetpack_featured_media_url":"https:\/\/i0.wp.com\/blogs.nmz.de\/wm2014\/files\/2014\/10\/wiesengrund_c_hufner.jpg?fit=1200%2C721&ssl=1","jetpack_shortlink":"https:\/\/wp.me\/p4Gg77-dI","jetpack-related-posts":[],"jetpack_sharing_enabled":true,"_links":{"self":[{"href":"https:\/\/blogs.nmz.de\/wm2014\/wp-json\/wp\/v2\/posts\/850","targetHints":{"allow":["GET"]}}],"collection":[{"href":"https:\/\/blogs.nmz.de\/wm2014\/wp-json\/wp\/v2\/posts"}],"about":[{"href":"https:\/\/blogs.nmz.de\/wm2014\/wp-json\/wp\/v2\/types\/post"}],"author":[{"embeddable":true,"href":"https:\/\/blogs.nmz.de\/wm2014\/wp-json\/wp\/v2\/users\/1"}],"replies":[{"embeddable":true,"href":"https:\/\/blogs.nmz.de\/wm2014\/wp-json\/wp\/v2\/comments?post=850"}],"version-history":[{"count":5,"href":"https:\/\/blogs.nmz.de\/wm2014\/wp-json\/wp\/v2\/posts\/850\/revisions"}],"predecessor-version":[{"id":857,"href":"https:\/\/blogs.nmz.de\/wm2014\/wp-json\/wp\/v2\/posts\/850\/revisions\/857"}],"wp:featuredmedia":[{"embeddable":true,"href":"https:\/\/blogs.nmz.de\/wm2014\/wp-json\/wp\/v2\/media\/852"}],"wp:attachment":[{"href":"https:\/\/blogs.nmz.de\/wm2014\/wp-json\/wp\/v2\/media?parent=850"}],"wp:term":[{"taxonomy":"category","embeddable":true,"href":"https:\/\/blogs.nmz.de\/wm2014\/wp-json\/wp\/v2\/categories?post=850"},{"taxonomy":"post_tag","embeddable":true,"href":"https:\/\/blogs.nmz.de\/wm2014\/wp-json\/wp\/v2\/tags?post=850"}],"curies":[{"name":"wp","href":"https:\/\/api.w.org\/{rel}","templated":true}]}}