{"id":71,"date":"2014-06-05T02:20:02","date_gmt":"2014-06-05T00:20:02","guid":{"rendered":"http:\/\/blogs.nmz.de\/wm2014\/?p=71"},"modified":"2014-06-06T00:48:12","modified_gmt":"2014-06-05T22:48:12","slug":"fussball-und-kultur-ii","status":"publish","type":"post","link":"https:\/\/blogs.nmz.de\/wm2014\/2014\/06\/05\/fussball-und-kultur-ii\/","title":{"rendered":"Fussball und Kultur II"},"content":{"rendered":"<p>Man wundert sich vielleicht manchmal, an welchen Stellen Fussball selbst im kulturpolitischen Bereich pl\u00f6tzlich und unerwartet auftaucht. Zu drastischen Mitteln greift beispielsweise die Filmindustrie.<\/p>\n<p><span class=\"embed-youtube\" style=\"text-align:center; display: block;\"><iframe loading=\"lazy\" class=\"youtube-player\" width=\"676\" height=\"381\" src=\"https:\/\/www.youtube.com\/embed\/GGKrBBrA28U?version=3&#038;rel=1&#038;showsearch=0&#038;showinfo=1&#038;iv_load_policy=1&#038;fs=1&#038;hl=de-DE&#038;autohide=2&#038;wmode=transparent\" allowfullscreen=\"true\" style=\"border:0;\" sandbox=\"allow-scripts allow-same-origin allow-popups allow-presentation allow-popups-to-escape-sandbox\"><\/iframe><\/span><\/p>\n<p>Der Grenzbereich zwischen lustig und d\u00e4mlich, zwischen \u00e4rgerlich und kreativ ist hier durchaus mehr als flie\u00dfend. Freunde des absurden Films haben daran bestimmt ihren Spa\u00df. Der Blick zur\u00fcck zeigt ein bisschen, wie man auf der Klaviatur der Emotion zu spielen versteht, bzw. nat\u00fcrlich mit den gewohnten Mitteln etwas Ungewohntes zu sagen beabsichtigt.<br \/>\n<!--more--><br \/>\nDer Film wie weitere andere haben damals ein bisschen Emp\u00f6rung ausgel\u00f6st. Die Werbepsychologen haben aber offenbar herausgefunden, dass so eine Werbung nix bringt. Zumindest l\u00e4sst sich der Einfluss nicht nachweisen. Die Gefahr einer Nachahmungstat hingegen ist nicht zu untersch\u00e4tzen. Und damit wird eine Kulturtr\u00e4ger selbst (Kino) zum gesellschaftlichen Nachahmer oder Vorreiter &#8211; je nach Blick &#8211; einer sich brutalisierenden Gesellschaft.<br \/>\nKlar, dass da der Fussball besonders gut taugt (wie in anderen Filmen der Papa hinter Gittern).<\/p>\n<p>Aber was ist denn die Moral des Films? Dass man auch kopflos durchaus ein Leben f\u00fchren kann, nur eines, wo man eben nicht mehr so gut sieht? Vor allem nicht das Programm, dass man hier vom Kino angeboten bekommt?<\/p>\n<ul>\n<li>Sind jetzt &#8222;Raubkopierer&#8220; nur besonders d\u00e4mlich, sich auf dem Fussballfeld einzugraben, wie ein Fussball zu maskieren (weil da ja so viele B\u00e4lle rumfliegen) und der Strafsto\u00dfpunkt nur besonders gut getarnt ist?<\/li>\n<li>Sind jetzt Fussballspieler so besonders d\u00e4mlich, weil sie einen Kopf nicht von einem Ball unterscheiden k\u00f6nnen?<\/li>\n<li>Sind die Filmmacher so d\u00e4mlich, weil sie offenbar keine Lebenserfahrung haben (jeder Fussballer w\u00fcrde den Ball vor dem Schuss sch zurechtlegen)?<\/li>\n<\/ul>\n<p>Unter www.hartabergerecht.de f\u00fchrte man die Initiative weiter. Nur: Welches Bild von Gerechtigkeit bietet dieser Film an, will man das wirklich haben?<\/p>\n<p>PS: \u00dcbrigens war es gar nicht mehr so einfach, an die Daten des Filmes heranzukommen. Die Kampagne ist wohl eingestampft. Auf YouTube war nix zu holen, bei MyVideo ging es, aber ohne M\u00f6glichkeit der Ansicht auf einem Mobilrechner. Das Internet hat aber so seine Winkel. Zum Beispiel bei <a title=\"Hart aber gerecht, Archiv\" href=\"https:\/\/web.archive.org\/web\/20070209184943\/http:\/\/www.hartabergerecht.de\/index.php?id=56&amp;L=0\" target=\"_blank\">achive.org<\/a>.<\/p>\n","protected":false},"excerpt":{"rendered":"<p>Man wundert sich vielleicht manchmal, an welchen Stellen Fussball selbst im kulturpolitischen Bereich pl\u00f6tzlich und unerwartet auftaucht. Zu drastischen Mitteln greift beispielsweise die Filmindustrie. Der Grenzbereich zwischen lustig und d\u00e4mlich, zwischen \u00e4rgerlich und kreativ ist hier durchaus mehr als flie\u00dfend&#8230;. <a class=\"more-link\" href=\"https:\/\/blogs.nmz.de\/wm2014\/2014\/06\/05\/fussball-und-kultur-ii\/\">Weiterlesen &rarr;<\/a><\/p>\n","protected":false},"author":1,"featured_media":72,"comment_status":"open","ping_status":"open","sticky":false,"template":"","format":"standard","meta":{"_jetpack_memberships_contains_paid_content":false,"footnotes":""},"categories":[860,3005],"tags":[201,11389,818,13107,11388],"class_list":["post-71","post","type-post","status-publish","format-standard","has-post-thumbnail","hentry","category-politik","category-sport","tag-fussball","tag-gewalt","tag-kino","tag-kultur","tag-raubkopierer"],"yoast_head":"<!-- This site is optimized with the Yoast SEO plugin v27.4 - https:\/\/yoast.com\/product\/yoast-seo-wordpress\/ -->\n<title>Fussball und Kultur II - Auf dem Sperrsitz<\/title>\n<meta name=\"robots\" content=\"index, follow, max-snippet:-1, max-image-preview:large, max-video-preview:-1\" \/>\n<link rel=\"canonical\" href=\"https:\/\/blogs.nmz.de\/wm2014\/2014\/06\/05\/fussball-und-kultur-ii\/\" \/>\n<meta property=\"og:locale\" content=\"de_DE\" \/>\n<meta property=\"og:type\" content=\"article\" \/>\n<meta property=\"og:title\" content=\"Fussball und Kultur II - Auf dem Sperrsitz\" \/>\n<meta property=\"og:description\" content=\"Man wundert sich vielleicht manchmal, an welchen Stellen Fussball selbst im kulturpolitischen Bereich pl\u00f6tzlich und unerwartet auftaucht. Zu drastischen Mitteln greift beispielsweise die Filmindustrie. Der Grenzbereich zwischen lustig und d\u00e4mlich, zwischen \u00e4rgerlich und kreativ ist hier durchaus mehr als flie\u00dfend.... Weiterlesen &rarr;\" \/>\n<meta property=\"og:url\" content=\"https:\/\/blogs.nmz.de\/wm2014\/2014\/06\/05\/fussball-und-kultur-ii\/\" \/>\n<meta property=\"og:site_name\" content=\"Auf dem Sperrsitz\" \/>\n<meta property=\"article:publisher\" content=\"http:\/\/www.facebook.com\/musikzeitung\" \/>\n<meta property=\"article:author\" content=\"http:\/\/www.facebook.com\/hufner\" \/>\n<meta property=\"article:published_time\" content=\"2014-06-05T00:20:02+00:00\" \/>\n<meta property=\"article:modified_time\" content=\"2014-06-05T22:48:12+00:00\" \/>\n<meta property=\"og:image\" content=\"https:\/\/i2.wp.com\/blogs.nmz.de\/wm2014\/files\/2014\/06\/hartabergerecht.jpg?fit=1200%2C887&ssl=1\" \/>\n\t<meta property=\"og:image:width\" content=\"1200\" \/>\n\t<meta property=\"og:image:height\" content=\"887\" \/>\n\t<meta property=\"og:image:type\" content=\"image\/jpeg\" \/>\n<meta name=\"author\" content=\"Martin Hufner\" \/>\n<meta name=\"twitter:card\" content=\"summary_large_image\" \/>\n<meta name=\"twitter:creator\" content=\"@huflaikhan\" \/>\n<meta name=\"twitter:site\" content=\"@musikzeitung\" \/>\n<meta name=\"twitter:label1\" content=\"Verfasst von\" \/>\n\t<meta name=\"twitter:data1\" content=\"Martin Hufner\" \/>\n\t<meta name=\"twitter:label2\" content=\"Gesch\u00e4tzte Lesezeit\" \/>\n\t<meta name=\"twitter:data2\" content=\"2\u00a0Minuten\" \/>\n<script type=\"application\/ld+json\" class=\"yoast-schema-graph\">{\"@context\":\"https:\\\/\\\/schema.org\",\"@graph\":[{\"@type\":\"Article\",\"@id\":\"https:\\\/\\\/blogs.nmz.de\\\/wm2014\\\/2014\\\/06\\\/05\\\/fussball-und-kultur-ii\\\/#article\",\"isPartOf\":{\"@id\":\"https:\\\/\\\/blogs.nmz.de\\\/wm2014\\\/2014\\\/06\\\/05\\\/fussball-und-kultur-ii\\\/\"},\"author\":{\"name\":\"Martin Hufner\",\"@id\":\"https:\\\/\\\/blogs.nmz.de\\\/wm2014\\\/#\\\/schema\\\/person\\\/488a80049cf0bbc4cce99951ae91c3b9\"},\"headline\":\"Fussball und Kultur II\",\"datePublished\":\"2014-06-05T00:20:02+00:00\",\"dateModified\":\"2014-06-05T22:48:12+00:00\",\"mainEntityOfPage\":{\"@id\":\"https:\\\/\\\/blogs.nmz.de\\\/wm2014\\\/2014\\\/06\\\/05\\\/fussball-und-kultur-ii\\\/\"},\"wordCount\":364,\"commentCount\":0,\"image\":{\"@id\":\"https:\\\/\\\/blogs.nmz.de\\\/wm2014\\\/2014\\\/06\\\/05\\\/fussball-und-kultur-ii\\\/#primaryimage\"},\"thumbnailUrl\":\"https:\\\/\\\/i0.wp.com\\\/blogs.nmz.de\\\/wm2014\\\/files\\\/2014\\\/06\\\/hartabergerecht.jpg?fit=1200%2C887&ssl=1\",\"keywords\":[\"Fu\u00dfball\",\"Gewalt\",\"Kino\",\"Kultur\",\"Raubkopierer\"],\"articleSection\":[\"Politik\",\"Sport\"],\"inLanguage\":\"de\",\"potentialAction\":[{\"@type\":\"CommentAction\",\"name\":\"Comment\",\"target\":[\"https:\\\/\\\/blogs.nmz.de\\\/wm2014\\\/2014\\\/06\\\/05\\\/fussball-und-kultur-ii\\\/#respond\"]}]},{\"@type\":\"WebPage\",\"@id\":\"https:\\\/\\\/blogs.nmz.de\\\/wm2014\\\/2014\\\/06\\\/05\\\/fussball-und-kultur-ii\\\/\",\"url\":\"https:\\\/\\\/blogs.nmz.de\\\/wm2014\\\/2014\\\/06\\\/05\\\/fussball-und-kultur-ii\\\/\",\"name\":\"Fussball und Kultur II - Auf dem Sperrsitz\",\"isPartOf\":{\"@id\":\"https:\\\/\\\/blogs.nmz.de\\\/wm2014\\\/#website\"},\"primaryImageOfPage\":{\"@id\":\"https:\\\/\\\/blogs.nmz.de\\\/wm2014\\\/2014\\\/06\\\/05\\\/fussball-und-kultur-ii\\\/#primaryimage\"},\"image\":{\"@id\":\"https:\\\/\\\/blogs.nmz.de\\\/wm2014\\\/2014\\\/06\\\/05\\\/fussball-und-kultur-ii\\\/#primaryimage\"},\"thumbnailUrl\":\"https:\\\/\\\/i0.wp.com\\\/blogs.nmz.de\\\/wm2014\\\/files\\\/2014\\\/06\\\/hartabergerecht.jpg?fit=1200%2C887&ssl=1\",\"datePublished\":\"2014-06-05T00:20:02+00:00\",\"dateModified\":\"2014-06-05T22:48:12+00:00\",\"author\":{\"@id\":\"https:\\\/\\\/blogs.nmz.de\\\/wm2014\\\/#\\\/schema\\\/person\\\/488a80049cf0bbc4cce99951ae91c3b9\"},\"breadcrumb\":{\"@id\":\"https:\\\/\\\/blogs.nmz.de\\\/wm2014\\\/2014\\\/06\\\/05\\\/fussball-und-kultur-ii\\\/#breadcrumb\"},\"inLanguage\":\"de\",\"potentialAction\":[{\"@type\":\"ReadAction\",\"target\":[\"https:\\\/\\\/blogs.nmz.de\\\/wm2014\\\/2014\\\/06\\\/05\\\/fussball-und-kultur-ii\\\/\"]}]},{\"@type\":\"ImageObject\",\"inLanguage\":\"de\",\"@id\":\"https:\\\/\\\/blogs.nmz.de\\\/wm2014\\\/2014\\\/06\\\/05\\\/fussball-und-kultur-ii\\\/#primaryimage\",\"url\":\"https:\\\/\\\/i0.wp.com\\\/blogs.nmz.de\\\/wm2014\\\/files\\\/2014\\\/06\\\/hartabergerecht.jpg?fit=1200%2C887&ssl=1\",\"contentUrl\":\"https:\\\/\\\/i0.wp.com\\\/blogs.nmz.de\\\/wm2014\\\/files\\\/2014\\\/06\\\/hartabergerecht.jpg?fit=1200%2C887&ssl=1\",\"width\":1200,\"height\":887,\"caption\":\"Hart aber gerecht\"},{\"@type\":\"BreadcrumbList\",\"@id\":\"https:\\\/\\\/blogs.nmz.de\\\/wm2014\\\/2014\\\/06\\\/05\\\/fussball-und-kultur-ii\\\/#breadcrumb\",\"itemListElement\":[{\"@type\":\"ListItem\",\"position\":1,\"name\":\"Startseite\",\"item\":\"https:\\\/\\\/blogs.nmz.de\\\/wm2014\\\/\"},{\"@type\":\"ListItem\",\"position\":2,\"name\":\"Fussball und Kultur II\"}]},{\"@type\":\"WebSite\",\"@id\":\"https:\\\/\\\/blogs.nmz.de\\\/wm2014\\\/#website\",\"url\":\"https:\\\/\\\/blogs.nmz.de\\\/wm2014\\\/\",\"name\":\"Auf dem Sperrsitz\",\"description\":\"Im Kultur-Zoo der nmz\",\"potentialAction\":[{\"@type\":\"SearchAction\",\"target\":{\"@type\":\"EntryPoint\",\"urlTemplate\":\"https:\\\/\\\/blogs.nmz.de\\\/wm2014\\\/?s={search_term_string}\"},\"query-input\":{\"@type\":\"PropertyValueSpecification\",\"valueRequired\":true,\"valueName\":\"search_term_string\"}}],\"inLanguage\":\"de\"},{\"@type\":\"Person\",\"@id\":\"https:\\\/\\\/blogs.nmz.de\\\/wm2014\\\/#\\\/schema\\\/person\\\/488a80049cf0bbc4cce99951ae91c3b9\",\"name\":\"Martin Hufner\",\"image\":{\"@type\":\"ImageObject\",\"inLanguage\":\"de\",\"@id\":\"https:\\\/\\\/secure.gravatar.com\\\/avatar\\\/891bbce378eb0bdbf7f71559e53af16afd9e2f8a020e2f876adcfcd437cd011a?s=96&d=mm&r=g\",\"url\":\"https:\\\/\\\/secure.gravatar.com\\\/avatar\\\/891bbce378eb0bdbf7f71559e53af16afd9e2f8a020e2f876adcfcd437cd011a?s=96&d=mm&r=g\",\"contentUrl\":\"https:\\\/\\\/secure.gravatar.com\\\/avatar\\\/891bbce378eb0bdbf7f71559e53af16afd9e2f8a020e2f876adcfcd437cd011a?s=96&d=mm&r=g\",\"caption\":\"Martin Hufner\"},\"description\":\"seit 1997 chef\u00f6konom der kritischen masse und netzbabysitter der nmz.\",\"sameAs\":[\"https:\\\/\\\/www.musikkritik.org\",\"http:\\\/\\\/www.facebook.com\\\/hufner\",\"https:\\\/\\\/www.linkedin.com\\\/profile\\\/view?id=48050869&trk=spm_pic\",\"https:\\\/\\\/x.com\\\/huflaikhan\"],\"url\":\"https:\\\/\\\/blogs.nmz.de\\\/wm2014\\\/author\\\/admin\\\/\"}]}<\/script>\n<!-- \/ Yoast SEO plugin. -->","yoast_head_json":{"title":"Fussball und Kultur II - Auf dem Sperrsitz","robots":{"index":"index","follow":"follow","max-snippet":"max-snippet:-1","max-image-preview":"max-image-preview:large","max-video-preview":"max-video-preview:-1"},"canonical":"https:\/\/blogs.nmz.de\/wm2014\/2014\/06\/05\/fussball-und-kultur-ii\/","og_locale":"de_DE","og_type":"article","og_title":"Fussball und Kultur II - Auf dem Sperrsitz","og_description":"Man wundert sich vielleicht manchmal, an welchen Stellen Fussball selbst im kulturpolitischen Bereich pl\u00f6tzlich und unerwartet auftaucht. Zu drastischen Mitteln greift beispielsweise die Filmindustrie. Der Grenzbereich zwischen lustig und d\u00e4mlich, zwischen \u00e4rgerlich und kreativ ist hier durchaus mehr als flie\u00dfend.... Weiterlesen &rarr;","og_url":"https:\/\/blogs.nmz.de\/wm2014\/2014\/06\/05\/fussball-und-kultur-ii\/","og_site_name":"Auf dem Sperrsitz","article_publisher":"http:\/\/www.facebook.com\/musikzeitung","article_author":"http:\/\/www.facebook.com\/hufner","article_published_time":"2014-06-05T00:20:02+00:00","article_modified_time":"2014-06-05T22:48:12+00:00","og_image":[{"width":1200,"height":887,"url":"https:\/\/i2.wp.com\/blogs.nmz.de\/wm2014\/files\/2014\/06\/hartabergerecht.jpg?fit=1200%2C887&ssl=1","type":"image\/jpeg"}],"author":"Martin Hufner","twitter_card":"summary_large_image","twitter_creator":"@huflaikhan","twitter_site":"@musikzeitung","twitter_misc":{"Verfasst von":"Martin Hufner","Gesch\u00e4tzte Lesezeit":"2\u00a0Minuten"},"schema":{"@context":"https:\/\/schema.org","@graph":[{"@type":"Article","@id":"https:\/\/blogs.nmz.de\/wm2014\/2014\/06\/05\/fussball-und-kultur-ii\/#article","isPartOf":{"@id":"https:\/\/blogs.nmz.de\/wm2014\/2014\/06\/05\/fussball-und-kultur-ii\/"},"author":{"name":"Martin Hufner","@id":"https:\/\/blogs.nmz.de\/wm2014\/#\/schema\/person\/488a80049cf0bbc4cce99951ae91c3b9"},"headline":"Fussball und Kultur II","datePublished":"2014-06-05T00:20:02+00:00","dateModified":"2014-06-05T22:48:12+00:00","mainEntityOfPage":{"@id":"https:\/\/blogs.nmz.de\/wm2014\/2014\/06\/05\/fussball-und-kultur-ii\/"},"wordCount":364,"commentCount":0,"image":{"@id":"https:\/\/blogs.nmz.de\/wm2014\/2014\/06\/05\/fussball-und-kultur-ii\/#primaryimage"},"thumbnailUrl":"https:\/\/i0.wp.com\/blogs.nmz.de\/wm2014\/files\/2014\/06\/hartabergerecht.jpg?fit=1200%2C887&ssl=1","keywords":["Fu\u00dfball","Gewalt","Kino","Kultur","Raubkopierer"],"articleSection":["Politik","Sport"],"inLanguage":"de","potentialAction":[{"@type":"CommentAction","name":"Comment","target":["https:\/\/blogs.nmz.de\/wm2014\/2014\/06\/05\/fussball-und-kultur-ii\/#respond"]}]},{"@type":"WebPage","@id":"https:\/\/blogs.nmz.de\/wm2014\/2014\/06\/05\/fussball-und-kultur-ii\/","url":"https:\/\/blogs.nmz.de\/wm2014\/2014\/06\/05\/fussball-und-kultur-ii\/","name":"Fussball und Kultur II - Auf dem Sperrsitz","isPartOf":{"@id":"https:\/\/blogs.nmz.de\/wm2014\/#website"},"primaryImageOfPage":{"@id":"https:\/\/blogs.nmz.de\/wm2014\/2014\/06\/05\/fussball-und-kultur-ii\/#primaryimage"},"image":{"@id":"https:\/\/blogs.nmz.de\/wm2014\/2014\/06\/05\/fussball-und-kultur-ii\/#primaryimage"},"thumbnailUrl":"https:\/\/i0.wp.com\/blogs.nmz.de\/wm2014\/files\/2014\/06\/hartabergerecht.jpg?fit=1200%2C887&ssl=1","datePublished":"2014-06-05T00:20:02+00:00","dateModified":"2014-06-05T22:48:12+00:00","author":{"@id":"https:\/\/blogs.nmz.de\/wm2014\/#\/schema\/person\/488a80049cf0bbc4cce99951ae91c3b9"},"breadcrumb":{"@id":"https:\/\/blogs.nmz.de\/wm2014\/2014\/06\/05\/fussball-und-kultur-ii\/#breadcrumb"},"inLanguage":"de","potentialAction":[{"@type":"ReadAction","target":["https:\/\/blogs.nmz.de\/wm2014\/2014\/06\/05\/fussball-und-kultur-ii\/"]}]},{"@type":"ImageObject","inLanguage":"de","@id":"https:\/\/blogs.nmz.de\/wm2014\/2014\/06\/05\/fussball-und-kultur-ii\/#primaryimage","url":"https:\/\/i0.wp.com\/blogs.nmz.de\/wm2014\/files\/2014\/06\/hartabergerecht.jpg?fit=1200%2C887&ssl=1","contentUrl":"https:\/\/i0.wp.com\/blogs.nmz.de\/wm2014\/files\/2014\/06\/hartabergerecht.jpg?fit=1200%2C887&ssl=1","width":1200,"height":887,"caption":"Hart aber gerecht"},{"@type":"BreadcrumbList","@id":"https:\/\/blogs.nmz.de\/wm2014\/2014\/06\/05\/fussball-und-kultur-ii\/#breadcrumb","itemListElement":[{"@type":"ListItem","position":1,"name":"Startseite","item":"https:\/\/blogs.nmz.de\/wm2014\/"},{"@type":"ListItem","position":2,"name":"Fussball und Kultur II"}]},{"@type":"WebSite","@id":"https:\/\/blogs.nmz.de\/wm2014\/#website","url":"https:\/\/blogs.nmz.de\/wm2014\/","name":"Auf dem Sperrsitz","description":"Im Kultur-Zoo der nmz","potentialAction":[{"@type":"SearchAction","target":{"@type":"EntryPoint","urlTemplate":"https:\/\/blogs.nmz.de\/wm2014\/?s={search_term_string}"},"query-input":{"@type":"PropertyValueSpecification","valueRequired":true,"valueName":"search_term_string"}}],"inLanguage":"de"},{"@type":"Person","@id":"https:\/\/blogs.nmz.de\/wm2014\/#\/schema\/person\/488a80049cf0bbc4cce99951ae91c3b9","name":"Martin Hufner","image":{"@type":"ImageObject","inLanguage":"de","@id":"https:\/\/secure.gravatar.com\/avatar\/891bbce378eb0bdbf7f71559e53af16afd9e2f8a020e2f876adcfcd437cd011a?s=96&d=mm&r=g","url":"https:\/\/secure.gravatar.com\/avatar\/891bbce378eb0bdbf7f71559e53af16afd9e2f8a020e2f876adcfcd437cd011a?s=96&d=mm&r=g","contentUrl":"https:\/\/secure.gravatar.com\/avatar\/891bbce378eb0bdbf7f71559e53af16afd9e2f8a020e2f876adcfcd437cd011a?s=96&d=mm&r=g","caption":"Martin Hufner"},"description":"seit 1997 chef\u00f6konom der kritischen masse und netzbabysitter der nmz.","sameAs":["https:\/\/www.musikkritik.org","http:\/\/www.facebook.com\/hufner","https:\/\/www.linkedin.com\/profile\/view?id=48050869&trk=spm_pic","https:\/\/x.com\/huflaikhan"],"url":"https:\/\/blogs.nmz.de\/wm2014\/author\/admin\/"}]}},"wp-worthy-pixel":{"ignored":false,"public":null,"server":null,"url":null},"wp-worthy-type":"normal","jetpack_featured_media_url":"https:\/\/i0.wp.com\/blogs.nmz.de\/wm2014\/files\/2014\/06\/hartabergerecht.jpg?fit=1200%2C887&ssl=1","jetpack_shortlink":"https:\/\/wp.me\/p4Gg77-19","jetpack-related-posts":[],"jetpack_sharing_enabled":true,"_links":{"self":[{"href":"https:\/\/blogs.nmz.de\/wm2014\/wp-json\/wp\/v2\/posts\/71","targetHints":{"allow":["GET"]}}],"collection":[{"href":"https:\/\/blogs.nmz.de\/wm2014\/wp-json\/wp\/v2\/posts"}],"about":[{"href":"https:\/\/blogs.nmz.de\/wm2014\/wp-json\/wp\/v2\/types\/post"}],"author":[{"embeddable":true,"href":"https:\/\/blogs.nmz.de\/wm2014\/wp-json\/wp\/v2\/users\/1"}],"replies":[{"embeddable":true,"href":"https:\/\/blogs.nmz.de\/wm2014\/wp-json\/wp\/v2\/comments?post=71"}],"version-history":[{"count":11,"href":"https:\/\/blogs.nmz.de\/wm2014\/wp-json\/wp\/v2\/posts\/71\/revisions"}],"predecessor-version":[{"id":100,"href":"https:\/\/blogs.nmz.de\/wm2014\/wp-json\/wp\/v2\/posts\/71\/revisions\/100"}],"wp:featuredmedia":[{"embeddable":true,"href":"https:\/\/blogs.nmz.de\/wm2014\/wp-json\/wp\/v2\/media\/72"}],"wp:attachment":[{"href":"https:\/\/blogs.nmz.de\/wm2014\/wp-json\/wp\/v2\/media?parent=71"}],"wp:term":[{"taxonomy":"category","embeddable":true,"href":"https:\/\/blogs.nmz.de\/wm2014\/wp-json\/wp\/v2\/categories?post=71"},{"taxonomy":"post_tag","embeddable":true,"href":"https:\/\/blogs.nmz.de\/wm2014\/wp-json\/wp\/v2\/tags?post=71"}],"curies":[{"name":"wp","href":"https:\/\/api.w.org\/{rel}","templated":true}]}}