{"id":483,"date":"2014-08-19T15:20:00","date_gmt":"2014-08-19T13:20:00","guid":{"rendered":"http:\/\/blogs.nmz.de\/wm2014\/?p=483"},"modified":"2014-08-19T15:20:22","modified_gmt":"2014-08-19T13:20:22","slug":"wahlkampfmusik-und-gema","status":"publish","type":"post","link":"https:\/\/blogs.nmz.de\/wm2014\/2014\/08\/19\/wahlkampfmusik-und-gema\/","title":{"rendered":"Wahlkampfmusik und GEMA"},"content":{"rendered":"<p>Es gab Zeiten, da haben Parteien Auftr\u00e4ge f\u00fcr Wahlkampflieder erteilt. Musiker, die einer Partei auch nahe standen, haben dann ein paar Lieder geschrieben. Keine Stra\u00dfenfeger allesamt. Und schwer zu sagen, ob man wirklich wollte, dass die als Kopien durch die Welt geistern oder nicht oder Copy Control am Ende mit Abmahnungen musikpolitisches Engagement ahndet.<\/p>\n<p>Die Zeiten, als man noch die Zeilen passend zu den eigenen Zielen dichtete und dies in mehr oder weniger volkst\u00fcmlicher Weise unter die Ohren und zwischen die Hirne zu pressen versuchte, sind vorbei. <a title=\"Musik f\u00fcr den Parteitag und den bunten Abend\" href=\"http:\/\/www.nmz.de\/artikel\/was-unerreichbar-war-ganz-nah\">Die ma\u00dfgeschneiderten Songs sind pass\u00e9<\/a>.<\/p>\n<p><!--more--><\/p>\n<p>Wichtiger ist es heute, zielgruppengenau Musik als Lockmittel einzusetzen. Das war schon letztes Jahr so, als offenbar SPD und CDU &#8222;Tage wie diese&#8220; von den toten Hosen zur Anwerbung spielten.\u00a0 Das fanden die toten Hosen naturgem\u00e4\u00df nicht so toll. Auf ihrer Website dementierten sie jeden Zusammenhang, der sich so im Bewusstsein zwischen Band und Partei ergeben k\u00f6nnte.<\/p>\n<blockquote><p>Die Gefahr, dass Menschen auf die Idee kommen k\u00f6nnen, dass es eine Verbindung zwischen der Band und den dort beworbenen Inhalten gibt, macht uns w\u00fctend. [&#8230;] Die Rechtslage ist leider so, dass wir dagegen nichts tun k\u00f6nnen. (<a href=\"http:\/\/www.dietotenhosen.de\/news\/wir-distanzieren-uns-von-der-verwendung-unserer-musik-im-wahlkampf\" target=\"_blank\">Quelle)<\/a><\/p><\/blockquote>\n<p>Jetzt aber gibt es den gro\u00dfen Aufreger in Th\u00fcringen. Das Musikgespiele an den Wahlkampfst\u00e4nden nimmt immer umfangreichere Formen an. Unter anderem auch die NPD spielt popul\u00e4re Songs. <a href=\"http:\/\/www.mdr.de\/thueringen\/npd_kuenstler100.html\" target=\"_blank\">11 St\u00fccke von den \u00c4rzten bis hin zu Helene Fischer<\/a>. Mit Musik fischen also auch die. Die Strategie der Extremrechten ist nicht neu. L\u00e4ngst hat man erkannt, dass man mit Symbolen der existierenden Jugendkultur viel besser anlanden kann als durch Distanzierung durch eigene Symbolwelten.\u00a0 Jeder Zipfel der Ankn\u00fcpfung wird genutzt.<\/p>\n<p>Die Musiker wollen sich wehren, die Komponisten und Textdichter auch, die Verlage vielleicht. Aber die Chnacen, dagegen vozugehen sind, wie die Toten Hosen schon schrieben, ziemlich gering. Denn allein eine Anmeldung bei der GEMA ist n\u00f6tig. Diese macht keinen politischen Check. Dazu hat sie nicht die Rechte, im Gegenteil, sie muss lizenzieren.<\/p>\n<p>Und die Komponisten und Autoren? Die haben entsprechende Vertr\u00e4ge mit der GEMA geschlossen, dass sie ihre Verwertung wahrnimmt. Die Einnahmen aus diesem \u00f6ffentlichen Gespiele gehen schlie\u00dflich auch an die Komponisten\/Autoren\/Verlage.<\/p>\n<h2>Die zwei Auswege<\/h2>\n<p>Wenn man der Sache beikommen m\u00f6chte, kann man nur zwei Wege w\u00e4hlen: Entweder die St\u00fccke so dichten und komponieren, dass entprechende Parteien kaum dazu neigen werden, diese Dingen mit sich in Verbindung zu bringen oder den Charakter der Wahlkampfveranstaltung abrechnungstechnisch und -taktisch anders zu werten. Ersteres d\u00fcrfte kaum im Interesse der Komponisten\/Autoren\/Verlage liegen (sie sprechen ja auch kein Kaufverbot f\u00fcr ihre Musik gegen\u00fcber NPD-Sympathisanten aus), weil es auch schwer zu machen ist (in jeder zweiten Zeile zu singen, \u201eNPD ist schei\u00dfe\u201c oder so ist dann etwas nervig).<\/p>\n<p>Man m\u00fcsste also eine (politische) Wahlkampfveranstaltung als eine besondere Form der \u00f6ffentlichen Veranstaltung umwidmen bei der die Genehmigung zur Nutzung auf besondere Weise einzuholen w\u00e4re. Ob sich daf\u00fcr ein Rechtsgelehrter finden w\u00fcrde? Oder ob man vielleicht die Wahrnehmungsvertr\u00e4ge in dieser Weise anpassen k\u00f6nnte?\u00a0 Das w\u00e4re die eine Frage: Die andere: Ob man das wollen soll?<\/p>\n<h2>Und noch ein Ausweg<\/h2>\n<p>Oder man kann schlie\u00dflich auch die Verwertung des eigenen Musik selbst machen. Dann geht gar nichts ohne pers\u00f6nliche Erlaubnis. Bequemlichkeit vor Sicherheit?<\/p>\n","protected":false},"excerpt":{"rendered":"<p>Es gab Zeiten, da haben Parteien Auftr\u00e4ge f\u00fcr Wahlkampflieder erteilt. Musiker, die einer Partei auch nahe standen, haben dann ein paar Lieder geschrieben. Keine Stra\u00dfenfeger allesamt. Und schwer zu sagen, ob man wirklich wollte, dass die als Kopien durch die&#8230; <a class=\"more-link\" href=\"https:\/\/blogs.nmz.de\/wm2014\/2014\/08\/19\/wahlkampfmusik-und-gema\/\">Weiterlesen &rarr;<\/a><\/p>\n","protected":false},"author":1,"featured_media":489,"comment_status":"open","ping_status":"open","sticky":false,"template":"","format":"standard","meta":{"_jetpack_memberships_contains_paid_content":false,"footnotes":""},"categories":[385,533,860],"tags":[25,13108,58,10004],"class_list":["post-483","post","type-post","status-publish","format-standard","has-post-thumbnail","hentry","category-kultur","category-musik","category-politik","tag-gema","tag-musik","tag-pop","tag-wahlkampf"],"yoast_head":"<!-- This site is optimized with the Yoast SEO plugin v27.5 - https:\/\/yoast.com\/product\/yoast-seo-wordpress\/ -->\n<title>Wahlkampfmusik und GEMA - Auf dem Sperrsitz<\/title>\n<meta name=\"robots\" content=\"index, follow, max-snippet:-1, max-image-preview:large, max-video-preview:-1\" \/>\n<link rel=\"canonical\" href=\"https:\/\/blogs.nmz.de\/wm2014\/2014\/08\/19\/wahlkampfmusik-und-gema\/\" \/>\n<meta property=\"og:locale\" content=\"de_DE\" \/>\n<meta property=\"og:type\" content=\"article\" \/>\n<meta property=\"og:title\" content=\"Wahlkampfmusik und GEMA - Auf dem Sperrsitz\" \/>\n<meta property=\"og:description\" content=\"Es gab Zeiten, da haben Parteien Auftr\u00e4ge f\u00fcr Wahlkampflieder erteilt. Musiker, die einer Partei auch nahe standen, haben dann ein paar Lieder geschrieben. Keine Stra\u00dfenfeger allesamt. Und schwer zu sagen, ob man wirklich wollte, dass die als Kopien durch die... Weiterlesen &rarr;\" \/>\n<meta property=\"og:url\" content=\"https:\/\/blogs.nmz.de\/wm2014\/2014\/08\/19\/wahlkampfmusik-und-gema\/\" \/>\n<meta property=\"og:site_name\" content=\"Auf dem Sperrsitz\" \/>\n<meta property=\"article:publisher\" content=\"http:\/\/www.facebook.com\/musikzeitung\" \/>\n<meta property=\"article:author\" content=\"http:\/\/www.facebook.com\/hufner\" \/>\n<meta property=\"article:published_time\" content=\"2014-08-19T13:20:00+00:00\" \/>\n<meta property=\"article:modified_time\" content=\"2014-08-19T13:20:22+00:00\" \/>\n<meta property=\"og:image\" content=\"https:\/\/i2.wp.com\/blogs.nmz.de\/wm2014\/files\/2014\/08\/wahllkampf.jpg?fit=1200%2C900&ssl=1\" \/>\n\t<meta property=\"og:image:width\" content=\"1200\" \/>\n\t<meta property=\"og:image:height\" content=\"900\" \/>\n\t<meta property=\"og:image:type\" content=\"image\/jpeg\" \/>\n<meta name=\"author\" content=\"Martin Hufner\" \/>\n<meta name=\"twitter:card\" content=\"summary_large_image\" \/>\n<meta name=\"twitter:creator\" content=\"@huflaikhan\" \/>\n<meta name=\"twitter:site\" content=\"@musikzeitung\" \/>\n<meta name=\"twitter:label1\" content=\"Verfasst von\" \/>\n\t<meta name=\"twitter:data1\" content=\"Martin Hufner\" \/>\n\t<meta name=\"twitter:label2\" content=\"Gesch\u00e4tzte Lesezeit\" \/>\n\t<meta name=\"twitter:data2\" content=\"3\u00a0Minuten\" \/>\n<script type=\"application\/ld+json\" class=\"yoast-schema-graph\">{\"@context\":\"https:\\\/\\\/schema.org\",\"@graph\":[{\"@type\":\"Article\",\"@id\":\"https:\\\/\\\/blogs.nmz.de\\\/wm2014\\\/2014\\\/08\\\/19\\\/wahlkampfmusik-und-gema\\\/#article\",\"isPartOf\":{\"@id\":\"https:\\\/\\\/blogs.nmz.de\\\/wm2014\\\/2014\\\/08\\\/19\\\/wahlkampfmusik-und-gema\\\/\"},\"author\":{\"name\":\"Martin Hufner\",\"@id\":\"https:\\\/\\\/blogs.nmz.de\\\/wm2014\\\/#\\\/schema\\\/person\\\/488a80049cf0bbc4cce99951ae91c3b9\"},\"headline\":\"Wahlkampfmusik und GEMA\",\"datePublished\":\"2014-08-19T13:20:00+00:00\",\"dateModified\":\"2014-08-19T13:20:22+00:00\",\"mainEntityOfPage\":{\"@id\":\"https:\\\/\\\/blogs.nmz.de\\\/wm2014\\\/2014\\\/08\\\/19\\\/wahlkampfmusik-und-gema\\\/\"},\"wordCount\":557,\"commentCount\":0,\"image\":{\"@id\":\"https:\\\/\\\/blogs.nmz.de\\\/wm2014\\\/2014\\\/08\\\/19\\\/wahlkampfmusik-und-gema\\\/#primaryimage\"},\"thumbnailUrl\":\"https:\\\/\\\/i0.wp.com\\\/blogs.nmz.de\\\/wm2014\\\/files\\\/2014\\\/08\\\/wahllkampf.jpg?fit=1200%2C900&ssl=1\",\"keywords\":[\"GEMA\",\"Musik\",\"Pop\",\"Wahlkampf\"],\"articleSection\":[\"Kultur\",\"Musik\",\"Politik\"],\"inLanguage\":\"de\",\"potentialAction\":[{\"@type\":\"CommentAction\",\"name\":\"Comment\",\"target\":[\"https:\\\/\\\/blogs.nmz.de\\\/wm2014\\\/2014\\\/08\\\/19\\\/wahlkampfmusik-und-gema\\\/#respond\"]}]},{\"@type\":\"WebPage\",\"@id\":\"https:\\\/\\\/blogs.nmz.de\\\/wm2014\\\/2014\\\/08\\\/19\\\/wahlkampfmusik-und-gema\\\/\",\"url\":\"https:\\\/\\\/blogs.nmz.de\\\/wm2014\\\/2014\\\/08\\\/19\\\/wahlkampfmusik-und-gema\\\/\",\"name\":\"Wahlkampfmusik und GEMA - Auf dem Sperrsitz\",\"isPartOf\":{\"@id\":\"https:\\\/\\\/blogs.nmz.de\\\/wm2014\\\/#website\"},\"primaryImageOfPage\":{\"@id\":\"https:\\\/\\\/blogs.nmz.de\\\/wm2014\\\/2014\\\/08\\\/19\\\/wahlkampfmusik-und-gema\\\/#primaryimage\"},\"image\":{\"@id\":\"https:\\\/\\\/blogs.nmz.de\\\/wm2014\\\/2014\\\/08\\\/19\\\/wahlkampfmusik-und-gema\\\/#primaryimage\"},\"thumbnailUrl\":\"https:\\\/\\\/i0.wp.com\\\/blogs.nmz.de\\\/wm2014\\\/files\\\/2014\\\/08\\\/wahllkampf.jpg?fit=1200%2C900&ssl=1\",\"datePublished\":\"2014-08-19T13:20:00+00:00\",\"dateModified\":\"2014-08-19T13:20:22+00:00\",\"author\":{\"@id\":\"https:\\\/\\\/blogs.nmz.de\\\/wm2014\\\/#\\\/schema\\\/person\\\/488a80049cf0bbc4cce99951ae91c3b9\"},\"breadcrumb\":{\"@id\":\"https:\\\/\\\/blogs.nmz.de\\\/wm2014\\\/2014\\\/08\\\/19\\\/wahlkampfmusik-und-gema\\\/#breadcrumb\"},\"inLanguage\":\"de\",\"potentialAction\":[{\"@type\":\"ReadAction\",\"target\":[\"https:\\\/\\\/blogs.nmz.de\\\/wm2014\\\/2014\\\/08\\\/19\\\/wahlkampfmusik-und-gema\\\/\"]}]},{\"@type\":\"ImageObject\",\"inLanguage\":\"de\",\"@id\":\"https:\\\/\\\/blogs.nmz.de\\\/wm2014\\\/2014\\\/08\\\/19\\\/wahlkampfmusik-und-gema\\\/#primaryimage\",\"url\":\"https:\\\/\\\/i0.wp.com\\\/blogs.nmz.de\\\/wm2014\\\/files\\\/2014\\\/08\\\/wahllkampf.jpg?fit=1200%2C900&ssl=1\",\"contentUrl\":\"https:\\\/\\\/i0.wp.com\\\/blogs.nmz.de\\\/wm2014\\\/files\\\/2014\\\/08\\\/wahllkampf.jpg?fit=1200%2C900&ssl=1\",\"width\":1200,\"height\":900,\"caption\":\"Wahlkampf auch mit Musik. Foto: Hufner\"},{\"@type\":\"BreadcrumbList\",\"@id\":\"https:\\\/\\\/blogs.nmz.de\\\/wm2014\\\/2014\\\/08\\\/19\\\/wahlkampfmusik-und-gema\\\/#breadcrumb\",\"itemListElement\":[{\"@type\":\"ListItem\",\"position\":1,\"name\":\"Startseite\",\"item\":\"https:\\\/\\\/blogs.nmz.de\\\/wm2014\\\/\"},{\"@type\":\"ListItem\",\"position\":2,\"name\":\"Wahlkampfmusik und GEMA\"}]},{\"@type\":\"WebSite\",\"@id\":\"https:\\\/\\\/blogs.nmz.de\\\/wm2014\\\/#website\",\"url\":\"https:\\\/\\\/blogs.nmz.de\\\/wm2014\\\/\",\"name\":\"Auf dem Sperrsitz\",\"description\":\"Im Kultur-Zoo der nmz\",\"potentialAction\":[{\"@type\":\"SearchAction\",\"target\":{\"@type\":\"EntryPoint\",\"urlTemplate\":\"https:\\\/\\\/blogs.nmz.de\\\/wm2014\\\/?s={search_term_string}\"},\"query-input\":{\"@type\":\"PropertyValueSpecification\",\"valueRequired\":true,\"valueName\":\"search_term_string\"}}],\"inLanguage\":\"de\"},{\"@type\":\"Person\",\"@id\":\"https:\\\/\\\/blogs.nmz.de\\\/wm2014\\\/#\\\/schema\\\/person\\\/488a80049cf0bbc4cce99951ae91c3b9\",\"name\":\"Martin Hufner\",\"image\":{\"@type\":\"ImageObject\",\"inLanguage\":\"de\",\"@id\":\"https:\\\/\\\/secure.gravatar.com\\\/avatar\\\/891bbce378eb0bdbf7f71559e53af16afd9e2f8a020e2f876adcfcd437cd011a?s=96&d=mm&r=g\",\"url\":\"https:\\\/\\\/secure.gravatar.com\\\/avatar\\\/891bbce378eb0bdbf7f71559e53af16afd9e2f8a020e2f876adcfcd437cd011a?s=96&d=mm&r=g\",\"contentUrl\":\"https:\\\/\\\/secure.gravatar.com\\\/avatar\\\/891bbce378eb0bdbf7f71559e53af16afd9e2f8a020e2f876adcfcd437cd011a?s=96&d=mm&r=g\",\"caption\":\"Martin Hufner\"},\"description\":\"seit 1997 chef\u00f6konom der kritischen masse und netzbabysitter der nmz.\",\"sameAs\":[\"https:\\\/\\\/www.musikkritik.org\",\"http:\\\/\\\/www.facebook.com\\\/hufner\",\"https:\\\/\\\/www.linkedin.com\\\/profile\\\/view?id=48050869&trk=spm_pic\",\"https:\\\/\\\/x.com\\\/huflaikhan\"],\"url\":\"https:\\\/\\\/blogs.nmz.de\\\/wm2014\\\/author\\\/admin\\\/\"}]}<\/script>\n<!-- \/ Yoast SEO plugin. -->","yoast_head_json":{"title":"Wahlkampfmusik und GEMA - Auf dem Sperrsitz","robots":{"index":"index","follow":"follow","max-snippet":"max-snippet:-1","max-image-preview":"max-image-preview:large","max-video-preview":"max-video-preview:-1"},"canonical":"https:\/\/blogs.nmz.de\/wm2014\/2014\/08\/19\/wahlkampfmusik-und-gema\/","og_locale":"de_DE","og_type":"article","og_title":"Wahlkampfmusik und GEMA - Auf dem Sperrsitz","og_description":"Es gab Zeiten, da haben Parteien Auftr\u00e4ge f\u00fcr Wahlkampflieder erteilt. Musiker, die einer Partei auch nahe standen, haben dann ein paar Lieder geschrieben. Keine Stra\u00dfenfeger allesamt. Und schwer zu sagen, ob man wirklich wollte, dass die als Kopien durch die... Weiterlesen &rarr;","og_url":"https:\/\/blogs.nmz.de\/wm2014\/2014\/08\/19\/wahlkampfmusik-und-gema\/","og_site_name":"Auf dem Sperrsitz","article_publisher":"http:\/\/www.facebook.com\/musikzeitung","article_author":"http:\/\/www.facebook.com\/hufner","article_published_time":"2014-08-19T13:20:00+00:00","article_modified_time":"2014-08-19T13:20:22+00:00","og_image":[{"width":1200,"height":900,"url":"https:\/\/i2.wp.com\/blogs.nmz.de\/wm2014\/files\/2014\/08\/wahllkampf.jpg?fit=1200%2C900&ssl=1","type":"image\/jpeg"}],"author":"Martin Hufner","twitter_card":"summary_large_image","twitter_creator":"@huflaikhan","twitter_site":"@musikzeitung","twitter_misc":{"Verfasst von":"Martin Hufner","Gesch\u00e4tzte Lesezeit":"3\u00a0Minuten"},"schema":{"@context":"https:\/\/schema.org","@graph":[{"@type":"Article","@id":"https:\/\/blogs.nmz.de\/wm2014\/2014\/08\/19\/wahlkampfmusik-und-gema\/#article","isPartOf":{"@id":"https:\/\/blogs.nmz.de\/wm2014\/2014\/08\/19\/wahlkampfmusik-und-gema\/"},"author":{"name":"Martin Hufner","@id":"https:\/\/blogs.nmz.de\/wm2014\/#\/schema\/person\/488a80049cf0bbc4cce99951ae91c3b9"},"headline":"Wahlkampfmusik und GEMA","datePublished":"2014-08-19T13:20:00+00:00","dateModified":"2014-08-19T13:20:22+00:00","mainEntityOfPage":{"@id":"https:\/\/blogs.nmz.de\/wm2014\/2014\/08\/19\/wahlkampfmusik-und-gema\/"},"wordCount":557,"commentCount":0,"image":{"@id":"https:\/\/blogs.nmz.de\/wm2014\/2014\/08\/19\/wahlkampfmusik-und-gema\/#primaryimage"},"thumbnailUrl":"https:\/\/i0.wp.com\/blogs.nmz.de\/wm2014\/files\/2014\/08\/wahllkampf.jpg?fit=1200%2C900&ssl=1","keywords":["GEMA","Musik","Pop","Wahlkampf"],"articleSection":["Kultur","Musik","Politik"],"inLanguage":"de","potentialAction":[{"@type":"CommentAction","name":"Comment","target":["https:\/\/blogs.nmz.de\/wm2014\/2014\/08\/19\/wahlkampfmusik-und-gema\/#respond"]}]},{"@type":"WebPage","@id":"https:\/\/blogs.nmz.de\/wm2014\/2014\/08\/19\/wahlkampfmusik-und-gema\/","url":"https:\/\/blogs.nmz.de\/wm2014\/2014\/08\/19\/wahlkampfmusik-und-gema\/","name":"Wahlkampfmusik und GEMA - Auf dem Sperrsitz","isPartOf":{"@id":"https:\/\/blogs.nmz.de\/wm2014\/#website"},"primaryImageOfPage":{"@id":"https:\/\/blogs.nmz.de\/wm2014\/2014\/08\/19\/wahlkampfmusik-und-gema\/#primaryimage"},"image":{"@id":"https:\/\/blogs.nmz.de\/wm2014\/2014\/08\/19\/wahlkampfmusik-und-gema\/#primaryimage"},"thumbnailUrl":"https:\/\/i0.wp.com\/blogs.nmz.de\/wm2014\/files\/2014\/08\/wahllkampf.jpg?fit=1200%2C900&ssl=1","datePublished":"2014-08-19T13:20:00+00:00","dateModified":"2014-08-19T13:20:22+00:00","author":{"@id":"https:\/\/blogs.nmz.de\/wm2014\/#\/schema\/person\/488a80049cf0bbc4cce99951ae91c3b9"},"breadcrumb":{"@id":"https:\/\/blogs.nmz.de\/wm2014\/2014\/08\/19\/wahlkampfmusik-und-gema\/#breadcrumb"},"inLanguage":"de","potentialAction":[{"@type":"ReadAction","target":["https:\/\/blogs.nmz.de\/wm2014\/2014\/08\/19\/wahlkampfmusik-und-gema\/"]}]},{"@type":"ImageObject","inLanguage":"de","@id":"https:\/\/blogs.nmz.de\/wm2014\/2014\/08\/19\/wahlkampfmusik-und-gema\/#primaryimage","url":"https:\/\/i0.wp.com\/blogs.nmz.de\/wm2014\/files\/2014\/08\/wahllkampf.jpg?fit=1200%2C900&ssl=1","contentUrl":"https:\/\/i0.wp.com\/blogs.nmz.de\/wm2014\/files\/2014\/08\/wahllkampf.jpg?fit=1200%2C900&ssl=1","width":1200,"height":900,"caption":"Wahlkampf auch mit Musik. Foto: Hufner"},{"@type":"BreadcrumbList","@id":"https:\/\/blogs.nmz.de\/wm2014\/2014\/08\/19\/wahlkampfmusik-und-gema\/#breadcrumb","itemListElement":[{"@type":"ListItem","position":1,"name":"Startseite","item":"https:\/\/blogs.nmz.de\/wm2014\/"},{"@type":"ListItem","position":2,"name":"Wahlkampfmusik und GEMA"}]},{"@type":"WebSite","@id":"https:\/\/blogs.nmz.de\/wm2014\/#website","url":"https:\/\/blogs.nmz.de\/wm2014\/","name":"Auf dem Sperrsitz","description":"Im Kultur-Zoo der nmz","potentialAction":[{"@type":"SearchAction","target":{"@type":"EntryPoint","urlTemplate":"https:\/\/blogs.nmz.de\/wm2014\/?s={search_term_string}"},"query-input":{"@type":"PropertyValueSpecification","valueRequired":true,"valueName":"search_term_string"}}],"inLanguage":"de"},{"@type":"Person","@id":"https:\/\/blogs.nmz.de\/wm2014\/#\/schema\/person\/488a80049cf0bbc4cce99951ae91c3b9","name":"Martin Hufner","image":{"@type":"ImageObject","inLanguage":"de","@id":"https:\/\/secure.gravatar.com\/avatar\/891bbce378eb0bdbf7f71559e53af16afd9e2f8a020e2f876adcfcd437cd011a?s=96&d=mm&r=g","url":"https:\/\/secure.gravatar.com\/avatar\/891bbce378eb0bdbf7f71559e53af16afd9e2f8a020e2f876adcfcd437cd011a?s=96&d=mm&r=g","contentUrl":"https:\/\/secure.gravatar.com\/avatar\/891bbce378eb0bdbf7f71559e53af16afd9e2f8a020e2f876adcfcd437cd011a?s=96&d=mm&r=g","caption":"Martin Hufner"},"description":"seit 1997 chef\u00f6konom der kritischen masse und netzbabysitter der nmz.","sameAs":["https:\/\/www.musikkritik.org","http:\/\/www.facebook.com\/hufner","https:\/\/www.linkedin.com\/profile\/view?id=48050869&trk=spm_pic","https:\/\/x.com\/huflaikhan"],"url":"https:\/\/blogs.nmz.de\/wm2014\/author\/admin\/"}]}},"wp-worthy-pixel":{"ignored":false,"public":null,"server":null,"url":null},"wp-worthy-type":"normal","jetpack_featured_media_url":"https:\/\/i0.wp.com\/blogs.nmz.de\/wm2014\/files\/2014\/08\/wahllkampf.jpg?fit=1200%2C900&ssl=1","jetpack_shortlink":"https:\/\/wp.me\/p4Gg77-7N","jetpack-related-posts":[],"jetpack_sharing_enabled":true,"_links":{"self":[{"href":"https:\/\/blogs.nmz.de\/wm2014\/wp-json\/wp\/v2\/posts\/483","targetHints":{"allow":["GET"]}}],"collection":[{"href":"https:\/\/blogs.nmz.de\/wm2014\/wp-json\/wp\/v2\/posts"}],"about":[{"href":"https:\/\/blogs.nmz.de\/wm2014\/wp-json\/wp\/v2\/types\/post"}],"author":[{"embeddable":true,"href":"https:\/\/blogs.nmz.de\/wm2014\/wp-json\/wp\/v2\/users\/1"}],"replies":[{"embeddable":true,"href":"https:\/\/blogs.nmz.de\/wm2014\/wp-json\/wp\/v2\/comments?post=483"}],"version-history":[{"count":6,"href":"https:\/\/blogs.nmz.de\/wm2014\/wp-json\/wp\/v2\/posts\/483\/revisions"}],"predecessor-version":[{"id":490,"href":"https:\/\/blogs.nmz.de\/wm2014\/wp-json\/wp\/v2\/posts\/483\/revisions\/490"}],"wp:featuredmedia":[{"embeddable":true,"href":"https:\/\/blogs.nmz.de\/wm2014\/wp-json\/wp\/v2\/media\/489"}],"wp:attachment":[{"href":"https:\/\/blogs.nmz.de\/wm2014\/wp-json\/wp\/v2\/media?parent=483"}],"wp:term":[{"taxonomy":"category","embeddable":true,"href":"https:\/\/blogs.nmz.de\/wm2014\/wp-json\/wp\/v2\/categories?post=483"},{"taxonomy":"post_tag","embeddable":true,"href":"https:\/\/blogs.nmz.de\/wm2014\/wp-json\/wp\/v2\/tags?post=483"}],"curies":[{"name":"wp","href":"https:\/\/api.w.org\/{rel}","templated":true}]}}