{"id":407,"date":"2014-07-28T12:02:24","date_gmt":"2014-07-28T10:02:24","guid":{"rendered":"http:\/\/blogs.nmz.de\/wm2014\/?p=407"},"modified":"2014-07-28T14:34:40","modified_gmt":"2014-07-28T12:34:40","slug":"praktikum-und-praktigeh-praktikanten-sind-der-sargnagel-der-kultur","status":"publish","type":"post","link":"https:\/\/blogs.nmz.de\/wm2014\/2014\/07\/28\/praktikum-und-praktigeh-praktikanten-sind-der-sargnagel-der-kultur\/","title":{"rendered":"Praktikum und Praktigeh \u2013 Praktikanten sind der Sargnagel der Kultur"},"content":{"rendered":"<p>Hochrangige musikalische Institutionen haben hohe moralische Anspr\u00fcche. Sie vertreten gro\u00dfe Interessengruppen, sie m\u00fcssen die Dinge besser machen als alle andere. Vorbildliches Verhalten ist n\u00f6tig. Zum Beispiel beim Spitzenverband der Musik, dem Deutschen Musikrat. Auch bei der Honorierung von Praktikanten.<\/p>\n<p>Der hatte sich k\u00fcrzlich in einem Newsletter zum Thema Mindestlohn ge\u00e4u\u00dfert: Christian H\u00f6ppner, Generalsekret\u00e4r des Deutschen Musikrates:<\/p>\n<p><!--more--><\/p>\n<blockquote><p>\u201eDer Deutsche Musikrat begr\u00fc\u00dft, dass die Fehlentwicklungen der \u201aGeneration Praktikum\u2018 mit dem von Bundesministerin Andrea Nahles geplanten Mindestlohn angegangen werden. Gerade im Musikleben sind viele Institutionen und Verb\u00e4nde von dieser Thematik\u00a0betroffen.<\/p>\n<p>Umgesetzt werden kann diese gesetzliche Regelung allerdings nur, wenn es eine bedarfsgerechte Mittelausstattung f\u00fcr betroffene Organisationen gibt. Wo oft noch nicht einmal an eine tarifgerechte Entlohnung der Festangestellten zu denken ist, k\u00f6nnen nicht zus\u00e4tzlich noch Praktikanten aus den unterfinanzierten Etats der Kulturinstitutionen bezahlt werden. Will man diese Diskussion offen und ehrlich f\u00fchren, kann die Forderung der Politik nach einem Mindestlohn f\u00fcr Praktikanten nur glaubhaft erhoben werden, wenn auch die notwendige Gegenfinanzierung in der Musikf\u00f6rderung gew\u00e4hrleistet\u00a0wird.<\/p>\n<p>Solange dies nicht gegeben ist, h\u00e4lt der Deutsche Musikrat einen Mindestlohn von \u20ac 8,50 ab der siebten Praktikumswoche f\u00fcr realit\u00e4tsfern, zumal zwangsl\u00e4ufig zahlreiche Praktikantenpl\u00e4tze wegfallen w\u00fcrden und in der Folge den jungen Menschen der dringend notwendige Einblick in die Berufswelt verwehrt\u00a0bliebe.\u201c (Quelle: <a title=\"Stolperfalle Praktikum\" href=\"http:\/\/www.nmz.de\/kiz\/nachrichten\/deutscher-musikrat-achtung-stolperfalle-mindestloehne-fuer-praktikanten\" target=\"_blank\">KIZ der nmz<\/a>)<\/p><\/blockquote>\n<p>Nun kann man die Probe aufs Exempel machen, denn der Deutsche Musikrat bietet ein Praktikum an.<\/p>\n<blockquote><p>Das Praktikum kann leider nicht verg\u00fctet werden. (Quelle: <a title=\"Praktikum beim Deutschen Musikrat\" href=\"http:\/\/www.musikrat.de\/musikrat\/stellenangebote.html\" target=\"_blank\">Praktikum beim Deutschen Musikrat e.V.<\/a>)<\/p><\/blockquote>\n<div id=\"attachment_408\" style=\"width: 160px\" class=\"wp-caption alignright\"><a href=\"https:\/\/i0.wp.com\/blogs.nmz.de\/wm2014\/files\/2014\/07\/Deutscher_Musikrat_Stellenangebote_2014-07-28-11-31-27.png?ssl=1\" class=\"thickbox no_icon\"><img data-recalc-dims=\"1\" loading=\"lazy\" decoding=\"async\" aria-describedby=\"caption-attachment-408\" data-attachment-id=\"408\" data-permalink=\"https:\/\/blogs.nmz.de\/wm2014\/2014\/07\/28\/praktikum-und-praktigeh-praktikanten-sind-der-sargnagel-der-kultur\/deutscher_musikrat_stellenangebote_2014-07-28-11-31-27\/\" data-orig-file=\"https:\/\/i0.wp.com\/blogs.nmz.de\/wm2014\/files\/2014\/07\/Deutscher_Musikrat_Stellenangebote_2014-07-28-11-31-27.png?fit=697%2C566&amp;ssl=1\" data-orig-size=\"697,566\" data-comments-opened=\"1\" data-image-meta=\"{&quot;aperture&quot;:&quot;0&quot;,&quot;credit&quot;:&quot;&quot;,&quot;camera&quot;:&quot;&quot;,&quot;caption&quot;:&quot;&quot;,&quot;created_timestamp&quot;:&quot;0&quot;,&quot;copyright&quot;:&quot;&quot;,&quot;focal_length&quot;:&quot;0&quot;,&quot;iso&quot;:&quot;0&quot;,&quot;shutter_speed&quot;:&quot;0&quot;,&quot;title&quot;:&quot;&quot;}\" data-image-title=\"Deutscher_Musikrat_Stellenangebote_2014-07-28 11-31-27\" data-image-description=\"&lt;p&gt;Stellenangebot des Deutschen Musikrates.&lt;\/p&gt;\n\" data-image-caption=\"&lt;p&gt;Stellenangebot des Deutschen Musikrates.&lt;\/p&gt;\n\" data-large-file=\"https:\/\/i0.wp.com\/blogs.nmz.de\/wm2014\/files\/2014\/07\/Deutscher_Musikrat_Stellenangebote_2014-07-28-11-31-27.png?fit=676%2C549&amp;ssl=1\" class=\"size-thumbnail wp-image-408\" src=\"https:\/\/i0.wp.com\/blogs.nmz.de\/wm2014\/files\/2014\/07\/Deutscher_Musikrat_Stellenangebote_2014-07-28-11-31-27.png?resize=150%2C150&#038;ssl=1\" alt=\"Stellenangebot des Deutschen Musikrates.\" width=\"150\" height=\"150\" srcset=\"https:\/\/i0.wp.com\/blogs.nmz.de\/wm2014\/files\/2014\/07\/Deutscher_Musikrat_Stellenangebote_2014-07-28-11-31-27.png?resize=150%2C150&amp;ssl=1 150w, https:\/\/i0.wp.com\/blogs.nmz.de\/wm2014\/files\/2014\/07\/Deutscher_Musikrat_Stellenangebote_2014-07-28-11-31-27.png?resize=120%2C120&amp;ssl=1 120w, https:\/\/i0.wp.com\/blogs.nmz.de\/wm2014\/files\/2014\/07\/Deutscher_Musikrat_Stellenangebote_2014-07-28-11-31-27.png?zoom=2&amp;resize=150%2C150&amp;ssl=1 300w, https:\/\/i0.wp.com\/blogs.nmz.de\/wm2014\/files\/2014\/07\/Deutscher_Musikrat_Stellenangebote_2014-07-28-11-31-27.png?zoom=3&amp;resize=150%2C150&amp;ssl=1 450w\" sizes=\"auto, (max-width: 150px) 100vw, 150px\" \/><\/a><p id=\"caption-attachment-408\" class=\"wp-caption-text\">Stellenangebot des Deutschen Musikrates.<\/p><\/div>\n<p>Die\u00a0 Dauer soll 12 Wochen \u00fcbrigens nicht unterschreiten, was ja auch irgendwie vern\u00fcnftig ist. Aber so ein bisschen eigenartig ist es doch, welche T\u00e4tigkeiten einem da abverlangt werden, aber nicht, welche Perspektiven, welche Gegenleistung der Praktikant erhalten soll, welchen Ausbildungszweck das Praktikum bietet, au\u00dfer bei dem gro\u00dfen Musikrat mitzuarbeiten.<\/p>\n<p>Man muss ja nicht einmal soweit gehen und den Mindestlohn einfordern, eine kleine Anerkennung, wie sie \u00fcblich ist (also um die 400 Euro monatlich) sollten aber doch drin sein.<\/p>\n<p>Aber der Deutsche Musikrat ist, so muss man die Logik verstehen, chronisch unterfinanziert. Er kann den Bundeswettbewerb &#8222;Jugend musiziert&#8220; durchf\u00fchren, er kann eine Publikationsreihe &#8222;Musik-Forum&#8220; auflegen, er kann ein Musikinformationszentrum finanzieren, Wettbewerbe, CD-Reihen \u2026 . Er kann dies, er kann das. Mag sein, das ist alles nicht viel. Aber die bisschen Kr\u00f6ten Anerkennung f\u00fcr einen Praktikanten, das geht nicht?<\/p>\n<p>M\u00fcssen wir ein Crowd-Funding-Projekt durchf\u00fchren f\u00fcr Praktikum beim Deutschen Musikrat? Das ist echt traurig und es st\u00e4rkt jedenfalls nicht die Glaubw\u00fcrdigkeit beim Kampf um Geh\u00e4lter und Honorare im Musikbereich. Letztlich k\u00f6nnen sich s\u00e4mtliche Institutionen darauf berufen, chronisch unterfinanziert zu sein.<\/p>\n<p>Oder brauchen wir eine Petition: Lieber Herr Sch\u00e4uble, liebe Frau Gr\u00fctters, k\u00f6nnen Sie nicht mal schnell die Finanzierung des Deutschen Musikrats um wenigstens 1200 Euro erh\u00f6hen, damit sich der Deutsche Musikrat einen\/eine Praktikantin leisten kann? Es ist schlie\u00dflich so, die Praktikanten sind der Sargnagel der Kultur.<\/p>\n<p>Und auch die Menschen, die zum Beispiel &#8222;illegal&#8220; Dinge aus dem Netz herunterladen, sind die nicht auch chronisch unterfinanziert, die geben ihr Geld auch lieber f\u00fcr anderes aus. Oder Musiker, die aus Notenkopien spielen, Kinderg\u00e4rten, die Lieder kopieren?<\/p>\n<p>Irgendwie ja: Der Deutsche Musikrat hat schlie\u00dflich Vorbildcharakter. Was die k\u00f6nnen, k\u00f6nnen andere schon l\u00e4ngst.<\/p>\n<div id=\"polls-4\" class=\"wp-polls\">\n\t<form id=\"polls_form_4\" class=\"wp-polls-form\" action=\"\/index.php\" method=\"post\">\n\t\t<p style=\"display: none;\"><input type=\"hidden\" id=\"poll_4_nonce\" name=\"wp-polls-nonce\" value=\"edf266269f\" \/><\/p>\n\t\t<p style=\"display: none;\"><input type=\"hidden\" name=\"poll_id\" value=\"4\" \/><\/p>\n\t\t<p style=\"text-align: center;\"><strong>Honorar f\u00fcr Praktikantinnen?<\/strong><\/p><div id=\"polls-4-ans\" class=\"wp-polls-ans\"><ul class=\"wp-polls-ul\">\n\t\t<li><input type=\"radio\" id=\"poll-answer-12\" name=\"poll_4\" value=\"12\" \/> <label for=\"poll-answer-12\">\u00dcberfl\u00fcssig<\/label><\/li>\n\t\t<li><input type=\"radio\" id=\"poll-answer-13\" name=\"poll_4\" value=\"13\" \/> <label for=\"poll-answer-13\">Die sollten besser daf\u00fcr zahlen<\/label><\/li>\n\t\t<li><input type=\"radio\" id=\"poll-answer-14\" name=\"poll_4\" value=\"14\" \/> <label for=\"poll-answer-14\">Schmerzensgeld<\/label><\/li>\n\t\t<li><input type=\"radio\" id=\"poll-answer-15\" name=\"poll_4\" value=\"15\" \/> <label for=\"poll-answer-15\">Mindestlohn<\/label><\/li>\n\t\t<li><input type=\"radio\" id=\"poll-answer-16\" name=\"poll_4\" value=\"16\" \/> <label for=\"poll-answer-16\">Das ganze Leben ist ein Praktikum<\/label><\/li>\n\t\t<\/ul><p style=\"text-align: center;\"><input type=\"button\" name=\"vote\" value=\"   Vote   \" class=\"Buttons\" onclick=\"poll_vote(4);\" \/><\/p><p style=\"text-align: center;\"><a href=\"#ViewPollResults\" onclick=\"poll_result(4); return false;\" title=\"View Results Of This Poll\">View Results<\/a><\/p><\/div>\n\t<\/form>\n<\/div>\n<div id=\"polls-4-loading\" class=\"wp-polls-loading\"><img data-recalc-dims=\"1\" loading=\"lazy\" decoding=\"async\" src=\"https:\/\/i0.wp.com\/blogs.nmz.de\/wm2014\/wp-content\/plugins\/wp-polls\/images\/loading.gif?resize=16%2C16&#038;ssl=1\" width=\"16\" height=\"16\" alt=\"Wird geladen ...\" title=\"Wird geladen ...\" class=\"wp-polls-image\" \/>&nbsp;Wird geladen ...<\/div>\n\n<p class=\"label\">Siehe auch:<\/p>\n<ul>\n<li><a href=\"http:\/\/www.nmz.de\/kiz\/nachrichten\/statement-der-koalition-der-freien-szene-zu-mindestloehnen-in-kuenstlerischen-berufe\" target=\"_blank\">Statement der Koalition der Freien Szene zu Mindestl\u00f6hnen in k\u00fcnstlerischen Berufen<\/a><\/li>\n<li><a title=\"Thema Mindestlohn\" href=\"http:\/\/www.nmz.de\/tags\/mindestlohn\" target=\"_blank\">Thema Mindestlohn<\/a> bei nmz-online<\/li>\n<\/ul>\n","protected":false},"excerpt":{"rendered":"<p>Hochrangige musikalische Institutionen haben hohe moralische Anspr\u00fcche. Sie vertreten gro\u00dfe Interessengruppen, sie m\u00fcssen die Dinge besser machen als alle andere. Vorbildliches Verhalten ist n\u00f6tig. Zum Beispiel beim Spitzenverband der Musik, dem Deutschen Musikrat. Auch bei der Honorierung von Praktikanten. Der&#8230; <a class=\"more-link\" href=\"https:\/\/blogs.nmz.de\/wm2014\/2014\/07\/28\/praktikum-und-praktigeh-praktikanten-sind-der-sargnagel-der-kultur\/\">Weiterlesen &rarr;<\/a><\/p>\n","protected":false},"author":1,"featured_media":410,"comment_status":"open","ping_status":"open","sticky":false,"template":"","format":"standard","meta":{"_jetpack_memberships_contains_paid_content":false,"footnotes":""},"categories":[385,860],"tags":[425,11496,1272,11495,11494],"class_list":["post-407","post","type-post","status-publish","format-standard","has-post-thumbnail","hentry","category-kultur","category-politik","tag-deutscher-musikrat","tag-glaubwuerdigkeit","tag-kulturfinanzierung","tag-mindestlohn","tag-praktikum"],"yoast_head":"<!-- This site is optimized with the Yoast SEO plugin v27.4 - https:\/\/yoast.com\/product\/yoast-seo-wordpress\/ -->\n<title>Praktikum und Praktigeh \u2013 Praktikanten sind der Sargnagel der Kultur - Auf dem Sperrsitz<\/title>\n<meta name=\"robots\" content=\"index, follow, max-snippet:-1, max-image-preview:large, max-video-preview:-1\" \/>\n<link rel=\"canonical\" href=\"https:\/\/blogs.nmz.de\/wm2014\/2014\/07\/28\/praktikum-und-praktigeh-praktikanten-sind-der-sargnagel-der-kultur\/\" \/>\n<meta property=\"og:locale\" content=\"de_DE\" \/>\n<meta property=\"og:type\" content=\"article\" \/>\n<meta property=\"og:title\" content=\"Praktikum und Praktigeh \u2013 Praktikanten sind der Sargnagel der Kultur - Auf dem Sperrsitz\" \/>\n<meta property=\"og:description\" content=\"Hochrangige musikalische Institutionen haben hohe moralische Anspr\u00fcche. Sie vertreten gro\u00dfe Interessengruppen, sie m\u00fcssen die Dinge besser machen als alle andere. Vorbildliches Verhalten ist n\u00f6tig. Zum Beispiel beim Spitzenverband der Musik, dem Deutschen Musikrat. Auch bei der Honorierung von Praktikanten. Der... Weiterlesen &rarr;\" \/>\n<meta property=\"og:url\" content=\"https:\/\/blogs.nmz.de\/wm2014\/2014\/07\/28\/praktikum-und-praktigeh-praktikanten-sind-der-sargnagel-der-kultur\/\" \/>\n<meta property=\"og:site_name\" content=\"Auf dem Sperrsitz\" \/>\n<meta property=\"article:publisher\" content=\"http:\/\/www.facebook.com\/musikzeitung\" \/>\n<meta property=\"article:author\" content=\"http:\/\/www.facebook.com\/hufner\" \/>\n<meta property=\"article:published_time\" content=\"2014-07-28T10:02:24+00:00\" \/>\n<meta property=\"article:modified_time\" content=\"2014-07-28T12:34:40+00:00\" \/>\n<meta property=\"og:image\" content=\"https:\/\/i1.wp.com\/blogs.nmz.de\/wm2014\/files\/2014\/07\/papierkorb_c_hufner.jpg?fit=1200%2C795&ssl=1\" \/>\n\t<meta property=\"og:image:width\" content=\"1200\" \/>\n\t<meta property=\"og:image:height\" content=\"795\" \/>\n\t<meta property=\"og:image:type\" content=\"image\/jpeg\" \/>\n<meta name=\"author\" content=\"Martin Hufner\" \/>\n<meta name=\"twitter:card\" content=\"summary_large_image\" \/>\n<meta name=\"twitter:creator\" content=\"@huflaikhan\" \/>\n<meta name=\"twitter:site\" content=\"@musikzeitung\" \/>\n<meta name=\"twitter:label1\" content=\"Verfasst von\" \/>\n\t<meta name=\"twitter:data1\" content=\"Martin Hufner\" \/>\n\t<meta name=\"twitter:label2\" content=\"Gesch\u00e4tzte Lesezeit\" \/>\n\t<meta name=\"twitter:data2\" content=\"3\u00a0Minuten\" \/>\n<script type=\"application\/ld+json\" class=\"yoast-schema-graph\">{\"@context\":\"https:\\\/\\\/schema.org\",\"@graph\":[{\"@type\":\"Article\",\"@id\":\"https:\\\/\\\/blogs.nmz.de\\\/wm2014\\\/2014\\\/07\\\/28\\\/praktikum-und-praktigeh-praktikanten-sind-der-sargnagel-der-kultur\\\/#article\",\"isPartOf\":{\"@id\":\"https:\\\/\\\/blogs.nmz.de\\\/wm2014\\\/2014\\\/07\\\/28\\\/praktikum-und-praktigeh-praktikanten-sind-der-sargnagel-der-kultur\\\/\"},\"author\":{\"name\":\"Martin Hufner\",\"@id\":\"https:\\\/\\\/blogs.nmz.de\\\/wm2014\\\/#\\\/schema\\\/person\\\/488a80049cf0bbc4cce99951ae91c3b9\"},\"headline\":\"Praktikum und Praktigeh \u2013 Praktikanten sind der Sargnagel der Kultur\",\"datePublished\":\"2014-07-28T10:02:24+00:00\",\"dateModified\":\"2014-07-28T12:34:40+00:00\",\"mainEntityOfPage\":{\"@id\":\"https:\\\/\\\/blogs.nmz.de\\\/wm2014\\\/2014\\\/07\\\/28\\\/praktikum-und-praktigeh-praktikanten-sind-der-sargnagel-der-kultur\\\/\"},\"wordCount\":602,\"commentCount\":4,\"image\":{\"@id\":\"https:\\\/\\\/blogs.nmz.de\\\/wm2014\\\/2014\\\/07\\\/28\\\/praktikum-und-praktigeh-praktikanten-sind-der-sargnagel-der-kultur\\\/#primaryimage\"},\"thumbnailUrl\":\"https:\\\/\\\/i0.wp.com\\\/blogs.nmz.de\\\/wm2014\\\/files\\\/2014\\\/07\\\/papierkorb_c_hufner.jpg?fit=1200%2C795&ssl=1\",\"keywords\":[\"Deutscher Musikrat\",\"Glaubw\u00fcrdigkeit\",\"Kulturfinanzierung\",\"Mindestlohn\",\"Praktikum\"],\"articleSection\":[\"Kultur\",\"Politik\"],\"inLanguage\":\"de\",\"potentialAction\":[{\"@type\":\"CommentAction\",\"name\":\"Comment\",\"target\":[\"https:\\\/\\\/blogs.nmz.de\\\/wm2014\\\/2014\\\/07\\\/28\\\/praktikum-und-praktigeh-praktikanten-sind-der-sargnagel-der-kultur\\\/#respond\"]}]},{\"@type\":\"WebPage\",\"@id\":\"https:\\\/\\\/blogs.nmz.de\\\/wm2014\\\/2014\\\/07\\\/28\\\/praktikum-und-praktigeh-praktikanten-sind-der-sargnagel-der-kultur\\\/\",\"url\":\"https:\\\/\\\/blogs.nmz.de\\\/wm2014\\\/2014\\\/07\\\/28\\\/praktikum-und-praktigeh-praktikanten-sind-der-sargnagel-der-kultur\\\/\",\"name\":\"Praktikum und Praktigeh \u2013 Praktikanten sind der Sargnagel der Kultur - Auf dem Sperrsitz\",\"isPartOf\":{\"@id\":\"https:\\\/\\\/blogs.nmz.de\\\/wm2014\\\/#website\"},\"primaryImageOfPage\":{\"@id\":\"https:\\\/\\\/blogs.nmz.de\\\/wm2014\\\/2014\\\/07\\\/28\\\/praktikum-und-praktigeh-praktikanten-sind-der-sargnagel-der-kultur\\\/#primaryimage\"},\"image\":{\"@id\":\"https:\\\/\\\/blogs.nmz.de\\\/wm2014\\\/2014\\\/07\\\/28\\\/praktikum-und-praktigeh-praktikanten-sind-der-sargnagel-der-kultur\\\/#primaryimage\"},\"thumbnailUrl\":\"https:\\\/\\\/i0.wp.com\\\/blogs.nmz.de\\\/wm2014\\\/files\\\/2014\\\/07\\\/papierkorb_c_hufner.jpg?fit=1200%2C795&ssl=1\",\"datePublished\":\"2014-07-28T10:02:24+00:00\",\"dateModified\":\"2014-07-28T12:34:40+00:00\",\"author\":{\"@id\":\"https:\\\/\\\/blogs.nmz.de\\\/wm2014\\\/#\\\/schema\\\/person\\\/488a80049cf0bbc4cce99951ae91c3b9\"},\"breadcrumb\":{\"@id\":\"https:\\\/\\\/blogs.nmz.de\\\/wm2014\\\/2014\\\/07\\\/28\\\/praktikum-und-praktigeh-praktikanten-sind-der-sargnagel-der-kultur\\\/#breadcrumb\"},\"inLanguage\":\"de\",\"potentialAction\":[{\"@type\":\"ReadAction\",\"target\":[\"https:\\\/\\\/blogs.nmz.de\\\/wm2014\\\/2014\\\/07\\\/28\\\/praktikum-und-praktigeh-praktikanten-sind-der-sargnagel-der-kultur\\\/\"]}]},{\"@type\":\"ImageObject\",\"inLanguage\":\"de\",\"@id\":\"https:\\\/\\\/blogs.nmz.de\\\/wm2014\\\/2014\\\/07\\\/28\\\/praktikum-und-praktigeh-praktikanten-sind-der-sargnagel-der-kultur\\\/#primaryimage\",\"url\":\"https:\\\/\\\/i0.wp.com\\\/blogs.nmz.de\\\/wm2014\\\/files\\\/2014\\\/07\\\/papierkorb_c_hufner.jpg?fit=1200%2C795&ssl=1\",\"contentUrl\":\"https:\\\/\\\/i0.wp.com\\\/blogs.nmz.de\\\/wm2014\\\/files\\\/2014\\\/07\\\/papierkorb_c_hufner.jpg?fit=1200%2C795&ssl=1\",\"width\":1200,\"height\":795,\"caption\":\"M\u00fcllkorb. Foto: Hufner\"},{\"@type\":\"BreadcrumbList\",\"@id\":\"https:\\\/\\\/blogs.nmz.de\\\/wm2014\\\/2014\\\/07\\\/28\\\/praktikum-und-praktigeh-praktikanten-sind-der-sargnagel-der-kultur\\\/#breadcrumb\",\"itemListElement\":[{\"@type\":\"ListItem\",\"position\":1,\"name\":\"Startseite\",\"item\":\"https:\\\/\\\/blogs.nmz.de\\\/wm2014\\\/\"},{\"@type\":\"ListItem\",\"position\":2,\"name\":\"Praktikum und Praktigeh \u2013 Praktikanten sind der Sargnagel der Kultur\"}]},{\"@type\":\"WebSite\",\"@id\":\"https:\\\/\\\/blogs.nmz.de\\\/wm2014\\\/#website\",\"url\":\"https:\\\/\\\/blogs.nmz.de\\\/wm2014\\\/\",\"name\":\"Auf dem Sperrsitz\",\"description\":\"Im Kultur-Zoo der nmz\",\"potentialAction\":[{\"@type\":\"SearchAction\",\"target\":{\"@type\":\"EntryPoint\",\"urlTemplate\":\"https:\\\/\\\/blogs.nmz.de\\\/wm2014\\\/?s={search_term_string}\"},\"query-input\":{\"@type\":\"PropertyValueSpecification\",\"valueRequired\":true,\"valueName\":\"search_term_string\"}}],\"inLanguage\":\"de\"},{\"@type\":\"Person\",\"@id\":\"https:\\\/\\\/blogs.nmz.de\\\/wm2014\\\/#\\\/schema\\\/person\\\/488a80049cf0bbc4cce99951ae91c3b9\",\"name\":\"Martin Hufner\",\"image\":{\"@type\":\"ImageObject\",\"inLanguage\":\"de\",\"@id\":\"https:\\\/\\\/secure.gravatar.com\\\/avatar\\\/891bbce378eb0bdbf7f71559e53af16afd9e2f8a020e2f876adcfcd437cd011a?s=96&d=mm&r=g\",\"url\":\"https:\\\/\\\/secure.gravatar.com\\\/avatar\\\/891bbce378eb0bdbf7f71559e53af16afd9e2f8a020e2f876adcfcd437cd011a?s=96&d=mm&r=g\",\"contentUrl\":\"https:\\\/\\\/secure.gravatar.com\\\/avatar\\\/891bbce378eb0bdbf7f71559e53af16afd9e2f8a020e2f876adcfcd437cd011a?s=96&d=mm&r=g\",\"caption\":\"Martin Hufner\"},\"description\":\"seit 1997 chef\u00f6konom der kritischen masse und netzbabysitter der nmz.\",\"sameAs\":[\"https:\\\/\\\/www.musikkritik.org\",\"http:\\\/\\\/www.facebook.com\\\/hufner\",\"https:\\\/\\\/www.linkedin.com\\\/profile\\\/view?id=48050869&trk=spm_pic\",\"https:\\\/\\\/x.com\\\/huflaikhan\"],\"url\":\"https:\\\/\\\/blogs.nmz.de\\\/wm2014\\\/author\\\/admin\\\/\"}]}<\/script>\n<!-- \/ Yoast SEO plugin. -->","yoast_head_json":{"title":"Praktikum und Praktigeh \u2013 Praktikanten sind der Sargnagel der Kultur - Auf dem Sperrsitz","robots":{"index":"index","follow":"follow","max-snippet":"max-snippet:-1","max-image-preview":"max-image-preview:large","max-video-preview":"max-video-preview:-1"},"canonical":"https:\/\/blogs.nmz.de\/wm2014\/2014\/07\/28\/praktikum-und-praktigeh-praktikanten-sind-der-sargnagel-der-kultur\/","og_locale":"de_DE","og_type":"article","og_title":"Praktikum und Praktigeh \u2013 Praktikanten sind der Sargnagel der Kultur - Auf dem Sperrsitz","og_description":"Hochrangige musikalische Institutionen haben hohe moralische Anspr\u00fcche. Sie vertreten gro\u00dfe Interessengruppen, sie m\u00fcssen die Dinge besser machen als alle andere. Vorbildliches Verhalten ist n\u00f6tig. Zum Beispiel beim Spitzenverband der Musik, dem Deutschen Musikrat. Auch bei der Honorierung von Praktikanten. Der... Weiterlesen &rarr;","og_url":"https:\/\/blogs.nmz.de\/wm2014\/2014\/07\/28\/praktikum-und-praktigeh-praktikanten-sind-der-sargnagel-der-kultur\/","og_site_name":"Auf dem Sperrsitz","article_publisher":"http:\/\/www.facebook.com\/musikzeitung","article_author":"http:\/\/www.facebook.com\/hufner","article_published_time":"2014-07-28T10:02:24+00:00","article_modified_time":"2014-07-28T12:34:40+00:00","og_image":[{"width":1200,"height":795,"url":"https:\/\/i1.wp.com\/blogs.nmz.de\/wm2014\/files\/2014\/07\/papierkorb_c_hufner.jpg?fit=1200%2C795&ssl=1","type":"image\/jpeg"}],"author":"Martin Hufner","twitter_card":"summary_large_image","twitter_creator":"@huflaikhan","twitter_site":"@musikzeitung","twitter_misc":{"Verfasst von":"Martin Hufner","Gesch\u00e4tzte Lesezeit":"3\u00a0Minuten"},"schema":{"@context":"https:\/\/schema.org","@graph":[{"@type":"Article","@id":"https:\/\/blogs.nmz.de\/wm2014\/2014\/07\/28\/praktikum-und-praktigeh-praktikanten-sind-der-sargnagel-der-kultur\/#article","isPartOf":{"@id":"https:\/\/blogs.nmz.de\/wm2014\/2014\/07\/28\/praktikum-und-praktigeh-praktikanten-sind-der-sargnagel-der-kultur\/"},"author":{"name":"Martin Hufner","@id":"https:\/\/blogs.nmz.de\/wm2014\/#\/schema\/person\/488a80049cf0bbc4cce99951ae91c3b9"},"headline":"Praktikum und Praktigeh \u2013 Praktikanten sind der Sargnagel der Kultur","datePublished":"2014-07-28T10:02:24+00:00","dateModified":"2014-07-28T12:34:40+00:00","mainEntityOfPage":{"@id":"https:\/\/blogs.nmz.de\/wm2014\/2014\/07\/28\/praktikum-und-praktigeh-praktikanten-sind-der-sargnagel-der-kultur\/"},"wordCount":602,"commentCount":4,"image":{"@id":"https:\/\/blogs.nmz.de\/wm2014\/2014\/07\/28\/praktikum-und-praktigeh-praktikanten-sind-der-sargnagel-der-kultur\/#primaryimage"},"thumbnailUrl":"https:\/\/i0.wp.com\/blogs.nmz.de\/wm2014\/files\/2014\/07\/papierkorb_c_hufner.jpg?fit=1200%2C795&ssl=1","keywords":["Deutscher Musikrat","Glaubw\u00fcrdigkeit","Kulturfinanzierung","Mindestlohn","Praktikum"],"articleSection":["Kultur","Politik"],"inLanguage":"de","potentialAction":[{"@type":"CommentAction","name":"Comment","target":["https:\/\/blogs.nmz.de\/wm2014\/2014\/07\/28\/praktikum-und-praktigeh-praktikanten-sind-der-sargnagel-der-kultur\/#respond"]}]},{"@type":"WebPage","@id":"https:\/\/blogs.nmz.de\/wm2014\/2014\/07\/28\/praktikum-und-praktigeh-praktikanten-sind-der-sargnagel-der-kultur\/","url":"https:\/\/blogs.nmz.de\/wm2014\/2014\/07\/28\/praktikum-und-praktigeh-praktikanten-sind-der-sargnagel-der-kultur\/","name":"Praktikum und Praktigeh \u2013 Praktikanten sind der Sargnagel der Kultur - Auf dem Sperrsitz","isPartOf":{"@id":"https:\/\/blogs.nmz.de\/wm2014\/#website"},"primaryImageOfPage":{"@id":"https:\/\/blogs.nmz.de\/wm2014\/2014\/07\/28\/praktikum-und-praktigeh-praktikanten-sind-der-sargnagel-der-kultur\/#primaryimage"},"image":{"@id":"https:\/\/blogs.nmz.de\/wm2014\/2014\/07\/28\/praktikum-und-praktigeh-praktikanten-sind-der-sargnagel-der-kultur\/#primaryimage"},"thumbnailUrl":"https:\/\/i0.wp.com\/blogs.nmz.de\/wm2014\/files\/2014\/07\/papierkorb_c_hufner.jpg?fit=1200%2C795&ssl=1","datePublished":"2014-07-28T10:02:24+00:00","dateModified":"2014-07-28T12:34:40+00:00","author":{"@id":"https:\/\/blogs.nmz.de\/wm2014\/#\/schema\/person\/488a80049cf0bbc4cce99951ae91c3b9"},"breadcrumb":{"@id":"https:\/\/blogs.nmz.de\/wm2014\/2014\/07\/28\/praktikum-und-praktigeh-praktikanten-sind-der-sargnagel-der-kultur\/#breadcrumb"},"inLanguage":"de","potentialAction":[{"@type":"ReadAction","target":["https:\/\/blogs.nmz.de\/wm2014\/2014\/07\/28\/praktikum-und-praktigeh-praktikanten-sind-der-sargnagel-der-kultur\/"]}]},{"@type":"ImageObject","inLanguage":"de","@id":"https:\/\/blogs.nmz.de\/wm2014\/2014\/07\/28\/praktikum-und-praktigeh-praktikanten-sind-der-sargnagel-der-kultur\/#primaryimage","url":"https:\/\/i0.wp.com\/blogs.nmz.de\/wm2014\/files\/2014\/07\/papierkorb_c_hufner.jpg?fit=1200%2C795&ssl=1","contentUrl":"https:\/\/i0.wp.com\/blogs.nmz.de\/wm2014\/files\/2014\/07\/papierkorb_c_hufner.jpg?fit=1200%2C795&ssl=1","width":1200,"height":795,"caption":"M\u00fcllkorb. Foto: Hufner"},{"@type":"BreadcrumbList","@id":"https:\/\/blogs.nmz.de\/wm2014\/2014\/07\/28\/praktikum-und-praktigeh-praktikanten-sind-der-sargnagel-der-kultur\/#breadcrumb","itemListElement":[{"@type":"ListItem","position":1,"name":"Startseite","item":"https:\/\/blogs.nmz.de\/wm2014\/"},{"@type":"ListItem","position":2,"name":"Praktikum und Praktigeh \u2013 Praktikanten sind der Sargnagel der Kultur"}]},{"@type":"WebSite","@id":"https:\/\/blogs.nmz.de\/wm2014\/#website","url":"https:\/\/blogs.nmz.de\/wm2014\/","name":"Auf dem Sperrsitz","description":"Im Kultur-Zoo der nmz","potentialAction":[{"@type":"SearchAction","target":{"@type":"EntryPoint","urlTemplate":"https:\/\/blogs.nmz.de\/wm2014\/?s={search_term_string}"},"query-input":{"@type":"PropertyValueSpecification","valueRequired":true,"valueName":"search_term_string"}}],"inLanguage":"de"},{"@type":"Person","@id":"https:\/\/blogs.nmz.de\/wm2014\/#\/schema\/person\/488a80049cf0bbc4cce99951ae91c3b9","name":"Martin Hufner","image":{"@type":"ImageObject","inLanguage":"de","@id":"https:\/\/secure.gravatar.com\/avatar\/891bbce378eb0bdbf7f71559e53af16afd9e2f8a020e2f876adcfcd437cd011a?s=96&d=mm&r=g","url":"https:\/\/secure.gravatar.com\/avatar\/891bbce378eb0bdbf7f71559e53af16afd9e2f8a020e2f876adcfcd437cd011a?s=96&d=mm&r=g","contentUrl":"https:\/\/secure.gravatar.com\/avatar\/891bbce378eb0bdbf7f71559e53af16afd9e2f8a020e2f876adcfcd437cd011a?s=96&d=mm&r=g","caption":"Martin Hufner"},"description":"seit 1997 chef\u00f6konom der kritischen masse und netzbabysitter der nmz.","sameAs":["https:\/\/www.musikkritik.org","http:\/\/www.facebook.com\/hufner","https:\/\/www.linkedin.com\/profile\/view?id=48050869&trk=spm_pic","https:\/\/x.com\/huflaikhan"],"url":"https:\/\/blogs.nmz.de\/wm2014\/author\/admin\/"}]}},"wp-worthy-pixel":{"ignored":false,"public":null,"server":null,"url":null},"wp-worthy-type":"normal","jetpack_featured_media_url":"https:\/\/i0.wp.com\/blogs.nmz.de\/wm2014\/files\/2014\/07\/papierkorb_c_hufner.jpg?fit=1200%2C795&ssl=1","jetpack_shortlink":"https:\/\/wp.me\/p4Gg77-6z","jetpack-related-posts":[],"jetpack_sharing_enabled":true,"_links":{"self":[{"href":"https:\/\/blogs.nmz.de\/wm2014\/wp-json\/wp\/v2\/posts\/407","targetHints":{"allow":["GET"]}}],"collection":[{"href":"https:\/\/blogs.nmz.de\/wm2014\/wp-json\/wp\/v2\/posts"}],"about":[{"href":"https:\/\/blogs.nmz.de\/wm2014\/wp-json\/wp\/v2\/types\/post"}],"author":[{"embeddable":true,"href":"https:\/\/blogs.nmz.de\/wm2014\/wp-json\/wp\/v2\/users\/1"}],"replies":[{"embeddable":true,"href":"https:\/\/blogs.nmz.de\/wm2014\/wp-json\/wp\/v2\/comments?post=407"}],"version-history":[{"count":5,"href":"https:\/\/blogs.nmz.de\/wm2014\/wp-json\/wp\/v2\/posts\/407\/revisions"}],"predecessor-version":[{"id":414,"href":"https:\/\/blogs.nmz.de\/wm2014\/wp-json\/wp\/v2\/posts\/407\/revisions\/414"}],"wp:featuredmedia":[{"embeddable":true,"href":"https:\/\/blogs.nmz.de\/wm2014\/wp-json\/wp\/v2\/media\/410"}],"wp:attachment":[{"href":"https:\/\/blogs.nmz.de\/wm2014\/wp-json\/wp\/v2\/media?parent=407"}],"wp:term":[{"taxonomy":"category","embeddable":true,"href":"https:\/\/blogs.nmz.de\/wm2014\/wp-json\/wp\/v2\/categories?post=407"},{"taxonomy":"post_tag","embeddable":true,"href":"https:\/\/blogs.nmz.de\/wm2014\/wp-json\/wp\/v2\/tags?post=407"}],"curies":[{"name":"wp","href":"https:\/\/api.w.org\/{rel}","templated":true}]}}