{"id":342,"date":"2014-07-23T11:51:22","date_gmt":"2014-07-23T09:51:22","guid":{"rendered":"http:\/\/blogs.nmz.de\/wm2014\/?p=342"},"modified":"2014-07-23T11:59:56","modified_gmt":"2014-07-23T09:59:56","slug":"das-vergessen-und-sein-recht","status":"publish","type":"post","link":"https:\/\/blogs.nmz.de\/wm2014\/2014\/07\/23\/das-vergessen-und-sein-recht\/","title":{"rendered":"Das Vergessen und sein Recht"},"content":{"rendered":"<p>Seit geraumer Zeit wird \u00fcber ein \u201e<a title=\"Suchergebnis Recht auf Vergessen bei Google\" href=\"https:\/\/www.google.de\/search?q=recht+auf+vergessen&amp;ie=utf-8&amp;oe=utf-8&amp;aq=t&amp;rls=org.mozilla:de:official&amp;client=firefox-a&amp;channel=sb&amp;gfe_rd=cr&amp;ei=cnTPU4aWGs2FtQbF5ID4CA\" target=\"_blank\">Recht auf Vergessen<\/a>\u201c in Sachen Internet diskutiert. Vorausgegangen war eine Entscheidung des Europ\u00e4ischen Gerichtshofs. Nach dieser Entscheidung soll es die M\u00f6glichkeit geben f\u00fcr Menschen, bestimmte Informationen nicht \u00fcber eine Suchmaschine wie Google auffindbar zu machen.<\/p>\n<p>Dabei werden nicht die Originaldaten ver\u00e4ndert, sondern nur die M\u00f6glichkeit, diese Daten \u00fcber eine Suchmaschine zu erschlie\u00dfen. Ein Recht auf Ver\u00e4nderung der Originaldaten wurde damit nicht eingeschlossen. Im Gegenteil, Gerichte haben solch ein Recht bislang verneint.<\/p>\n<h2>L\u00f6schantr\u00e4ge bei der nmz<\/h2>\n<p>Im Alltag bei nmz-online kommt es auch gelegentlich vor, dass Menschen w\u00fcnschen, ihre Spuren in der Musik-, Kultur- und Lebensgeschichte zu l\u00f6schen.<\/p>\n<p><!--more--><\/p>\n<p><strong>Beispiel:<br \/>\n<\/strong><\/p>\n<p>Es wurde berichtet, dass jemandem fristlos gek\u00fcndigt wurde. Sp\u00e4ter wurde diese K\u00fcndigung in eine fristgerechte gewandelt. Bei der Suche nach seinem Namen war aber regelm\u00e4\u00dfig an erster Stelle die fristlose K\u00fcndigung erw\u00e4hnt. Das sind keine besonders netten Informationen f\u00fcr so jemanden, wenn er denn einen Job neu sucht.<\/p>\n<p>F\u00fcr uns stellt sich da regelm\u00e4\u00dfig die Frage, was tun? Einerseits geht es um die Zuverl\u00e4ssigkeit der Daten, die man vorh\u00e4lt, also das Versprechen, nicht im Nachhinein Daten zu ver\u00e4ndern. Denn wenn da heute es mal so steht und morgen etwas anderes, wird man den Daten misstrauen. Man k\u00f6nnte also die Daten bestenfalls erg\u00e4nzen und diese Ver\u00e4nderung auch kenntlich machen. Das w\u00e4re noch der eleganteste Weg. Er w\u00fcrde zugleich eine Nachforschung nach sich ziehen, ob denn die neuen Daten auch richtig sind.<\/p>\n<p>Der Aufwand daf\u00fcr aber, lohnt der sich. Man kann die Daten ja auch einfach l\u00f6schen. Wie wichtig ist es denn, dass derlei Materialien vorhanden sein m\u00fcssen. M\u00fcssen sie? Wem ist damit gedient. Ich denke, es kommt immer auf die Einzelfallpr\u00fcfung an.<\/p>\n<p>Unabh\u00e4ngig davon sind es doch diese heiklen Dinge, nehmen wir Vorstrafen an, die auch ganz offiziell vergessen werden, von Amts wegen und nach einer gewissen Zeit (<a title=\"Straftilgung\" href=\"http:\/\/de.wikipedia.org\/wiki\/Straftilgung\" target=\"_blank\">Straftilgung<\/a>). Oder Punkte im Flensburger <a title=\"Punkteabbau\" href=\"http:\/\/de.wikipedia.org\/wiki\/Punktesystem#Punkteabbau\" target=\"_blank\">Register f\u00fcr Verkehrss\u00fcnder<\/a>, dem Punktesystem.<\/p>\n<h2>Die Vergangenheit<\/h2>\n<p>Damit wird ja die Vergangenheit nicht ver\u00e4ndert, nur weil die Information dar\u00fcber fehlt. Denn anders als einen Datensatz kann man sein Leben ver\u00e4ndern. Und vielleicht sollte man das auch permanent tun.<\/p>\n<div id=\"attachment_344\" style=\"width: 160px\" class=\"wp-caption alignright\"><a href=\"https:\/\/i0.wp.com\/blogs.nmz.de\/wm2014\/files\/2014\/07\/kirche-innen-1080461.jpg?ssl=1\" class=\"thickbox no_icon\"><img data-recalc-dims=\"1\" loading=\"lazy\" decoding=\"async\" aria-describedby=\"caption-attachment-344\" data-attachment-id=\"344\" data-permalink=\"https:\/\/blogs.nmz.de\/wm2014\/2014\/07\/23\/das-vergessen-und-sein-recht\/kirche-innen-1080461\/\" data-orig-file=\"https:\/\/i0.wp.com\/blogs.nmz.de\/wm2014\/files\/2014\/07\/kirche-innen-1080461.jpg?fit=1067%2C800&amp;ssl=1\" data-orig-size=\"1067,800\" data-comments-opened=\"1\" data-image-meta=\"{&quot;aperture&quot;:&quot;4.6&quot;,&quot;credit&quot;:&quot;Dr. Martin Hufner&quot;,&quot;camera&quot;:&quot;DMC-FZ20&quot;,&quot;caption&quot;:&quot;&quot;,&quot;created_timestamp&quot;:&quot;1155823626&quot;,&quot;copyright&quot;:&quot;Martin Hufner&quot;,&quot;focal_length&quot;:&quot;6&quot;,&quot;iso&quot;:&quot;80&quot;,&quot;shutter_speed&quot;:&quot;0.002&quot;,&quot;title&quot;:&quot;&quot;}\" data-image-title=\"Die, die am Verschwinden sind.\" data-image-description=\"&lt;p&gt;Die, die am Verschwinden sind.&lt;\/p&gt;\n\" data-image-caption=\"&lt;p&gt;Die, die am Verschwinden sind.&lt;\/p&gt;\n\" data-large-file=\"https:\/\/i0.wp.com\/blogs.nmz.de\/wm2014\/files\/2014\/07\/kirche-innen-1080461.jpg?fit=676%2C506&amp;ssl=1\" class=\"size-thumbnail wp-image-344\" src=\"https:\/\/i0.wp.com\/blogs.nmz.de\/wm2014\/files\/2014\/07\/kirche-innen-1080461.jpg?resize=150%2C150&#038;ssl=1\" alt=\"Die, die am Verschwinden sind.\" width=\"150\" height=\"150\" srcset=\"https:\/\/i0.wp.com\/blogs.nmz.de\/wm2014\/files\/2014\/07\/kirche-innen-1080461.jpg?resize=150%2C150&amp;ssl=1 150w, https:\/\/i0.wp.com\/blogs.nmz.de\/wm2014\/files\/2014\/07\/kirche-innen-1080461.jpg?zoom=2&amp;resize=150%2C150&amp;ssl=1 300w, https:\/\/i0.wp.com\/blogs.nmz.de\/wm2014\/files\/2014\/07\/kirche-innen-1080461.jpg?zoom=3&amp;resize=150%2C150&amp;ssl=1 450w\" sizes=\"auto, (max-width: 150px) 100vw, 150px\" \/><\/a><p id=\"caption-attachment-344\" class=\"wp-caption-text\">Die, die am Verschwinden sind.<\/p><\/div>\n<p>Die Sachen sind aus der Vergangenheit bekannt. Franz Kafka, der von seinem Nachlassverwalter w\u00fcnschte, nach seinem\u00a0 Tod seine Sachen zu verbrennen. Komponisten, die ihr Fr\u00fchwerk aus der Geschichte tilgen wollen. Auch das gab es schon. Ein junger Komponist, der w\u00fcnschte, dass seine bei taktlos akustisch zug\u00e4nglich gemachten Werke gel\u00f6scht werden m\u00f6gen. Er habe sich in eine andere Richtung entwickelt und will nicht mehr mit diesen jetzt abgelehnten Dingen in Verbindung gebracht werden.<\/p>\n<p>Ich habe ihm nahegelegt, dass dies alles momentane Entscheidungen sind und dass auch diese Musik zu seinem Leben geh\u00f6rt, aber dass ich seinen Wunsch respektiere. Wer hat etwas davon, wenn diese Dinge noch \u00f6ffentlich sind, wenn sie es nicht sein sollen.<\/p>\n<p>Es ist nat\u00fcrlich das Internet, dass diese Probleme besonders deutlich erzeugt. Und es ist unbedingt erforderlich, dass zum Beispiel bei &#8222;sozialen Plattformen&#8220; die M\u00f6glichkeit vorhanden ist, seinen \u201eAccount\u201c zu l\u00f6schen. Die Hoheit \u00fcber die eigenen Daten muss gew\u00e4hrleistet sein.<\/p>\n<h2>Von Fall zu Fall<\/h2>\n<p>Man muss das wohl von Fall zu Fall entscheiden. Ein Fu\u00dfballnationalspieler, \u00fcber den berichtet wird, dass er in die Hotellobby gepinkelt hat, ist bestimmt einer der n\u00e4chsten, der eine L\u00f6schantrag bei Google stellen wird.<\/p>\n<p><!-- Place this tag in your head or just before your close body tag. --><br \/>\n<script src=\"https:\/\/apis.google.com\/js\/plusone.js\"><\/script><br \/>\n<!-- Place this tag where you want the widget to render. --><\/p>\n<div class=\"g-post\" data-href=\"https:\/\/plus.google.com\/117024231055768477646\/posts\/6Yz3idadNNe\"><\/div>\n<p>Und damit ein Beispiel daf\u00fcr, wie ein Schuss nach hinten losgehen kann.<\/p>\n<h2>Der Datenschwund<\/h2>\n<p>Bei alledem, der Satz, das Internet vergesse nichts, ist einfach unrichtig. Wie viele Webseiten sind verschwunden oder im Zuge eine Umstrukturierung verloren gegangen. Was sagt einem, dass das Internet alles behalten muss! Und welche Aufregung l\u00f6st das aus? Die Dinge verschwinden auch mal wie so vieles. Ob Beethoven heute sein\u00a0 \u201eWellingtons Sieg bei Vittoria\u201c zur\u00fcckziehen w\u00fcrde?<\/p>\n<p>Andere Gedanken dazu?<\/p>\n","protected":false},"excerpt":{"rendered":"<p>Seit geraumer Zeit wird \u00fcber ein \u201eRecht auf Vergessen\u201c in Sachen Internet diskutiert. Vorausgegangen war eine Entscheidung des Europ\u00e4ischen Gerichtshofs. Nach dieser Entscheidung soll es die M\u00f6glichkeit geben f\u00fcr Menschen, bestimmte Informationen nicht \u00fcber eine Suchmaschine wie Google auffindbar zu&#8230; <a class=\"more-link\" href=\"https:\/\/blogs.nmz.de\/wm2014\/2014\/07\/23\/das-vergessen-und-sein-recht\/\">Weiterlesen &rarr;<\/a><\/p>\n","protected":false},"author":1,"featured_media":344,"comment_status":"open","ping_status":"open","sticky":false,"template":"","format":"standard","meta":{"_jetpack_memberships_contains_paid_content":false,"footnotes":""},"categories":[769,11467],"tags":[13111,11469,11468],"class_list":["post-342","post","type-post","status-publish","format-standard","has-post-thumbnail","hentry","category-internet","category-redaktion","tag-internet","tag-loeschen","tag-recht-auf-vergessen"],"yoast_head":"<!-- This site is optimized with the Yoast SEO plugin v27.4 - https:\/\/yoast.com\/product\/yoast-seo-wordpress\/ -->\n<title>Das Vergessen und sein Recht - Auf dem Sperrsitz<\/title>\n<meta name=\"robots\" content=\"index, follow, max-snippet:-1, max-image-preview:large, max-video-preview:-1\" \/>\n<link rel=\"canonical\" href=\"https:\/\/blogs.nmz.de\/wm2014\/2014\/07\/23\/das-vergessen-und-sein-recht\/\" \/>\n<meta property=\"og:locale\" content=\"de_DE\" \/>\n<meta property=\"og:type\" content=\"article\" \/>\n<meta property=\"og:title\" content=\"Das Vergessen und sein Recht - Auf dem Sperrsitz\" \/>\n<meta property=\"og:description\" content=\"Seit geraumer Zeit wird \u00fcber ein \u201eRecht auf Vergessen\u201c in Sachen Internet diskutiert. Vorausgegangen war eine Entscheidung des Europ\u00e4ischen Gerichtshofs. Nach dieser Entscheidung soll es die M\u00f6glichkeit geben f\u00fcr Menschen, bestimmte Informationen nicht \u00fcber eine Suchmaschine wie Google auffindbar zu... Weiterlesen &rarr;\" \/>\n<meta property=\"og:url\" content=\"https:\/\/blogs.nmz.de\/wm2014\/2014\/07\/23\/das-vergessen-und-sein-recht\/\" \/>\n<meta property=\"og:site_name\" content=\"Auf dem Sperrsitz\" \/>\n<meta property=\"article:publisher\" content=\"http:\/\/www.facebook.com\/musikzeitung\" \/>\n<meta property=\"article:author\" content=\"http:\/\/www.facebook.com\/hufner\" \/>\n<meta property=\"article:published_time\" content=\"2014-07-23T09:51:22+00:00\" \/>\n<meta property=\"article:modified_time\" content=\"2014-07-23T09:59:56+00:00\" \/>\n<meta property=\"og:image\" content=\"https:\/\/i0.wp.com\/blogs.nmz.de\/wm2014\/files\/2014\/07\/kirche-innen-1080461.jpg?fit=1067%2C800&ssl=1\" \/>\n\t<meta property=\"og:image:width\" content=\"1067\" \/>\n\t<meta property=\"og:image:height\" content=\"800\" \/>\n\t<meta property=\"og:image:type\" content=\"image\/jpeg\" \/>\n<meta name=\"author\" content=\"Martin Hufner\" \/>\n<meta name=\"twitter:card\" content=\"summary_large_image\" \/>\n<meta name=\"twitter:creator\" content=\"@huflaikhan\" \/>\n<meta name=\"twitter:site\" content=\"@musikzeitung\" \/>\n<meta name=\"twitter:label1\" content=\"Verfasst von\" \/>\n\t<meta name=\"twitter:data1\" content=\"Martin Hufner\" \/>\n\t<meta name=\"twitter:label2\" content=\"Gesch\u00e4tzte Lesezeit\" \/>\n\t<meta name=\"twitter:data2\" content=\"3\u00a0Minuten\" \/>\n<script type=\"application\/ld+json\" class=\"yoast-schema-graph\">{\"@context\":\"https:\\\/\\\/schema.org\",\"@graph\":[{\"@type\":\"Article\",\"@id\":\"https:\\\/\\\/blogs.nmz.de\\\/wm2014\\\/2014\\\/07\\\/23\\\/das-vergessen-und-sein-recht\\\/#article\",\"isPartOf\":{\"@id\":\"https:\\\/\\\/blogs.nmz.de\\\/wm2014\\\/2014\\\/07\\\/23\\\/das-vergessen-und-sein-recht\\\/\"},\"author\":{\"name\":\"Martin Hufner\",\"@id\":\"https:\\\/\\\/blogs.nmz.de\\\/wm2014\\\/#\\\/schema\\\/person\\\/488a80049cf0bbc4cce99951ae91c3b9\"},\"headline\":\"Das Vergessen und sein Recht\",\"datePublished\":\"2014-07-23T09:51:22+00:00\",\"dateModified\":\"2014-07-23T09:59:56+00:00\",\"mainEntityOfPage\":{\"@id\":\"https:\\\/\\\/blogs.nmz.de\\\/wm2014\\\/2014\\\/07\\\/23\\\/das-vergessen-und-sein-recht\\\/\"},\"wordCount\":681,\"commentCount\":2,\"image\":{\"@id\":\"https:\\\/\\\/blogs.nmz.de\\\/wm2014\\\/2014\\\/07\\\/23\\\/das-vergessen-und-sein-recht\\\/#primaryimage\"},\"thumbnailUrl\":\"https:\\\/\\\/i0.wp.com\\\/blogs.nmz.de\\\/wm2014\\\/files\\\/2014\\\/07\\\/kirche-innen-1080461.jpg?fit=1067%2C800&ssl=1\",\"keywords\":[\"Internet\",\"L\u00f6schen\",\"Recht auf Vergessen\"],\"articleSection\":[\"Internet\",\"Redaktion\"],\"inLanguage\":\"de\",\"potentialAction\":[{\"@type\":\"CommentAction\",\"name\":\"Comment\",\"target\":[\"https:\\\/\\\/blogs.nmz.de\\\/wm2014\\\/2014\\\/07\\\/23\\\/das-vergessen-und-sein-recht\\\/#respond\"]}]},{\"@type\":\"WebPage\",\"@id\":\"https:\\\/\\\/blogs.nmz.de\\\/wm2014\\\/2014\\\/07\\\/23\\\/das-vergessen-und-sein-recht\\\/\",\"url\":\"https:\\\/\\\/blogs.nmz.de\\\/wm2014\\\/2014\\\/07\\\/23\\\/das-vergessen-und-sein-recht\\\/\",\"name\":\"Das Vergessen und sein Recht - Auf dem Sperrsitz\",\"isPartOf\":{\"@id\":\"https:\\\/\\\/blogs.nmz.de\\\/wm2014\\\/#website\"},\"primaryImageOfPage\":{\"@id\":\"https:\\\/\\\/blogs.nmz.de\\\/wm2014\\\/2014\\\/07\\\/23\\\/das-vergessen-und-sein-recht\\\/#primaryimage\"},\"image\":{\"@id\":\"https:\\\/\\\/blogs.nmz.de\\\/wm2014\\\/2014\\\/07\\\/23\\\/das-vergessen-und-sein-recht\\\/#primaryimage\"},\"thumbnailUrl\":\"https:\\\/\\\/i0.wp.com\\\/blogs.nmz.de\\\/wm2014\\\/files\\\/2014\\\/07\\\/kirche-innen-1080461.jpg?fit=1067%2C800&ssl=1\",\"datePublished\":\"2014-07-23T09:51:22+00:00\",\"dateModified\":\"2014-07-23T09:59:56+00:00\",\"author\":{\"@id\":\"https:\\\/\\\/blogs.nmz.de\\\/wm2014\\\/#\\\/schema\\\/person\\\/488a80049cf0bbc4cce99951ae91c3b9\"},\"breadcrumb\":{\"@id\":\"https:\\\/\\\/blogs.nmz.de\\\/wm2014\\\/2014\\\/07\\\/23\\\/das-vergessen-und-sein-recht\\\/#breadcrumb\"},\"inLanguage\":\"de\",\"potentialAction\":[{\"@type\":\"ReadAction\",\"target\":[\"https:\\\/\\\/blogs.nmz.de\\\/wm2014\\\/2014\\\/07\\\/23\\\/das-vergessen-und-sein-recht\\\/\"]}]},{\"@type\":\"ImageObject\",\"inLanguage\":\"de\",\"@id\":\"https:\\\/\\\/blogs.nmz.de\\\/wm2014\\\/2014\\\/07\\\/23\\\/das-vergessen-und-sein-recht\\\/#primaryimage\",\"url\":\"https:\\\/\\\/i0.wp.com\\\/blogs.nmz.de\\\/wm2014\\\/files\\\/2014\\\/07\\\/kirche-innen-1080461.jpg?fit=1067%2C800&ssl=1\",\"contentUrl\":\"https:\\\/\\\/i0.wp.com\\\/blogs.nmz.de\\\/wm2014\\\/files\\\/2014\\\/07\\\/kirche-innen-1080461.jpg?fit=1067%2C800&ssl=1\",\"width\":1067,\"height\":800,\"caption\":\"Die, die am Verschwinden sind.\"},{\"@type\":\"BreadcrumbList\",\"@id\":\"https:\\\/\\\/blogs.nmz.de\\\/wm2014\\\/2014\\\/07\\\/23\\\/das-vergessen-und-sein-recht\\\/#breadcrumb\",\"itemListElement\":[{\"@type\":\"ListItem\",\"position\":1,\"name\":\"Startseite\",\"item\":\"https:\\\/\\\/blogs.nmz.de\\\/wm2014\\\/\"},{\"@type\":\"ListItem\",\"position\":2,\"name\":\"Das Vergessen und sein Recht\"}]},{\"@type\":\"WebSite\",\"@id\":\"https:\\\/\\\/blogs.nmz.de\\\/wm2014\\\/#website\",\"url\":\"https:\\\/\\\/blogs.nmz.de\\\/wm2014\\\/\",\"name\":\"Auf dem Sperrsitz\",\"description\":\"Im Kultur-Zoo der nmz\",\"potentialAction\":[{\"@type\":\"SearchAction\",\"target\":{\"@type\":\"EntryPoint\",\"urlTemplate\":\"https:\\\/\\\/blogs.nmz.de\\\/wm2014\\\/?s={search_term_string}\"},\"query-input\":{\"@type\":\"PropertyValueSpecification\",\"valueRequired\":true,\"valueName\":\"search_term_string\"}}],\"inLanguage\":\"de\"},{\"@type\":\"Person\",\"@id\":\"https:\\\/\\\/blogs.nmz.de\\\/wm2014\\\/#\\\/schema\\\/person\\\/488a80049cf0bbc4cce99951ae91c3b9\",\"name\":\"Martin Hufner\",\"image\":{\"@type\":\"ImageObject\",\"inLanguage\":\"de\",\"@id\":\"https:\\\/\\\/secure.gravatar.com\\\/avatar\\\/891bbce378eb0bdbf7f71559e53af16afd9e2f8a020e2f876adcfcd437cd011a?s=96&d=mm&r=g\",\"url\":\"https:\\\/\\\/secure.gravatar.com\\\/avatar\\\/891bbce378eb0bdbf7f71559e53af16afd9e2f8a020e2f876adcfcd437cd011a?s=96&d=mm&r=g\",\"contentUrl\":\"https:\\\/\\\/secure.gravatar.com\\\/avatar\\\/891bbce378eb0bdbf7f71559e53af16afd9e2f8a020e2f876adcfcd437cd011a?s=96&d=mm&r=g\",\"caption\":\"Martin Hufner\"},\"description\":\"seit 1997 chef\u00f6konom der kritischen masse und netzbabysitter der nmz.\",\"sameAs\":[\"https:\\\/\\\/www.musikkritik.org\",\"http:\\\/\\\/www.facebook.com\\\/hufner\",\"https:\\\/\\\/www.linkedin.com\\\/profile\\\/view?id=48050869&trk=spm_pic\",\"https:\\\/\\\/x.com\\\/huflaikhan\"],\"url\":\"https:\\\/\\\/blogs.nmz.de\\\/wm2014\\\/author\\\/admin\\\/\"}]}<\/script>\n<!-- \/ Yoast SEO plugin. -->","yoast_head_json":{"title":"Das Vergessen und sein Recht - Auf dem Sperrsitz","robots":{"index":"index","follow":"follow","max-snippet":"max-snippet:-1","max-image-preview":"max-image-preview:large","max-video-preview":"max-video-preview:-1"},"canonical":"https:\/\/blogs.nmz.de\/wm2014\/2014\/07\/23\/das-vergessen-und-sein-recht\/","og_locale":"de_DE","og_type":"article","og_title":"Das Vergessen und sein Recht - Auf dem Sperrsitz","og_description":"Seit geraumer Zeit wird \u00fcber ein \u201eRecht auf Vergessen\u201c in Sachen Internet diskutiert. Vorausgegangen war eine Entscheidung des Europ\u00e4ischen Gerichtshofs. Nach dieser Entscheidung soll es die M\u00f6glichkeit geben f\u00fcr Menschen, bestimmte Informationen nicht \u00fcber eine Suchmaschine wie Google auffindbar zu... Weiterlesen &rarr;","og_url":"https:\/\/blogs.nmz.de\/wm2014\/2014\/07\/23\/das-vergessen-und-sein-recht\/","og_site_name":"Auf dem Sperrsitz","article_publisher":"http:\/\/www.facebook.com\/musikzeitung","article_author":"http:\/\/www.facebook.com\/hufner","article_published_time":"2014-07-23T09:51:22+00:00","article_modified_time":"2014-07-23T09:59:56+00:00","og_image":[{"width":1067,"height":800,"url":"https:\/\/i0.wp.com\/blogs.nmz.de\/wm2014\/files\/2014\/07\/kirche-innen-1080461.jpg?fit=1067%2C800&ssl=1","type":"image\/jpeg"}],"author":"Martin Hufner","twitter_card":"summary_large_image","twitter_creator":"@huflaikhan","twitter_site":"@musikzeitung","twitter_misc":{"Verfasst von":"Martin Hufner","Gesch\u00e4tzte Lesezeit":"3\u00a0Minuten"},"schema":{"@context":"https:\/\/schema.org","@graph":[{"@type":"Article","@id":"https:\/\/blogs.nmz.de\/wm2014\/2014\/07\/23\/das-vergessen-und-sein-recht\/#article","isPartOf":{"@id":"https:\/\/blogs.nmz.de\/wm2014\/2014\/07\/23\/das-vergessen-und-sein-recht\/"},"author":{"name":"Martin Hufner","@id":"https:\/\/blogs.nmz.de\/wm2014\/#\/schema\/person\/488a80049cf0bbc4cce99951ae91c3b9"},"headline":"Das Vergessen und sein Recht","datePublished":"2014-07-23T09:51:22+00:00","dateModified":"2014-07-23T09:59:56+00:00","mainEntityOfPage":{"@id":"https:\/\/blogs.nmz.de\/wm2014\/2014\/07\/23\/das-vergessen-und-sein-recht\/"},"wordCount":681,"commentCount":2,"image":{"@id":"https:\/\/blogs.nmz.de\/wm2014\/2014\/07\/23\/das-vergessen-und-sein-recht\/#primaryimage"},"thumbnailUrl":"https:\/\/i0.wp.com\/blogs.nmz.de\/wm2014\/files\/2014\/07\/kirche-innen-1080461.jpg?fit=1067%2C800&ssl=1","keywords":["Internet","L\u00f6schen","Recht auf Vergessen"],"articleSection":["Internet","Redaktion"],"inLanguage":"de","potentialAction":[{"@type":"CommentAction","name":"Comment","target":["https:\/\/blogs.nmz.de\/wm2014\/2014\/07\/23\/das-vergessen-und-sein-recht\/#respond"]}]},{"@type":"WebPage","@id":"https:\/\/blogs.nmz.de\/wm2014\/2014\/07\/23\/das-vergessen-und-sein-recht\/","url":"https:\/\/blogs.nmz.de\/wm2014\/2014\/07\/23\/das-vergessen-und-sein-recht\/","name":"Das Vergessen und sein Recht - Auf dem Sperrsitz","isPartOf":{"@id":"https:\/\/blogs.nmz.de\/wm2014\/#website"},"primaryImageOfPage":{"@id":"https:\/\/blogs.nmz.de\/wm2014\/2014\/07\/23\/das-vergessen-und-sein-recht\/#primaryimage"},"image":{"@id":"https:\/\/blogs.nmz.de\/wm2014\/2014\/07\/23\/das-vergessen-und-sein-recht\/#primaryimage"},"thumbnailUrl":"https:\/\/i0.wp.com\/blogs.nmz.de\/wm2014\/files\/2014\/07\/kirche-innen-1080461.jpg?fit=1067%2C800&ssl=1","datePublished":"2014-07-23T09:51:22+00:00","dateModified":"2014-07-23T09:59:56+00:00","author":{"@id":"https:\/\/blogs.nmz.de\/wm2014\/#\/schema\/person\/488a80049cf0bbc4cce99951ae91c3b9"},"breadcrumb":{"@id":"https:\/\/blogs.nmz.de\/wm2014\/2014\/07\/23\/das-vergessen-und-sein-recht\/#breadcrumb"},"inLanguage":"de","potentialAction":[{"@type":"ReadAction","target":["https:\/\/blogs.nmz.de\/wm2014\/2014\/07\/23\/das-vergessen-und-sein-recht\/"]}]},{"@type":"ImageObject","inLanguage":"de","@id":"https:\/\/blogs.nmz.de\/wm2014\/2014\/07\/23\/das-vergessen-und-sein-recht\/#primaryimage","url":"https:\/\/i0.wp.com\/blogs.nmz.de\/wm2014\/files\/2014\/07\/kirche-innen-1080461.jpg?fit=1067%2C800&ssl=1","contentUrl":"https:\/\/i0.wp.com\/blogs.nmz.de\/wm2014\/files\/2014\/07\/kirche-innen-1080461.jpg?fit=1067%2C800&ssl=1","width":1067,"height":800,"caption":"Die, die am Verschwinden sind."},{"@type":"BreadcrumbList","@id":"https:\/\/blogs.nmz.de\/wm2014\/2014\/07\/23\/das-vergessen-und-sein-recht\/#breadcrumb","itemListElement":[{"@type":"ListItem","position":1,"name":"Startseite","item":"https:\/\/blogs.nmz.de\/wm2014\/"},{"@type":"ListItem","position":2,"name":"Das Vergessen und sein Recht"}]},{"@type":"WebSite","@id":"https:\/\/blogs.nmz.de\/wm2014\/#website","url":"https:\/\/blogs.nmz.de\/wm2014\/","name":"Auf dem Sperrsitz","description":"Im Kultur-Zoo der nmz","potentialAction":[{"@type":"SearchAction","target":{"@type":"EntryPoint","urlTemplate":"https:\/\/blogs.nmz.de\/wm2014\/?s={search_term_string}"},"query-input":{"@type":"PropertyValueSpecification","valueRequired":true,"valueName":"search_term_string"}}],"inLanguage":"de"},{"@type":"Person","@id":"https:\/\/blogs.nmz.de\/wm2014\/#\/schema\/person\/488a80049cf0bbc4cce99951ae91c3b9","name":"Martin Hufner","image":{"@type":"ImageObject","inLanguage":"de","@id":"https:\/\/secure.gravatar.com\/avatar\/891bbce378eb0bdbf7f71559e53af16afd9e2f8a020e2f876adcfcd437cd011a?s=96&d=mm&r=g","url":"https:\/\/secure.gravatar.com\/avatar\/891bbce378eb0bdbf7f71559e53af16afd9e2f8a020e2f876adcfcd437cd011a?s=96&d=mm&r=g","contentUrl":"https:\/\/secure.gravatar.com\/avatar\/891bbce378eb0bdbf7f71559e53af16afd9e2f8a020e2f876adcfcd437cd011a?s=96&d=mm&r=g","caption":"Martin Hufner"},"description":"seit 1997 chef\u00f6konom der kritischen masse und netzbabysitter der nmz.","sameAs":["https:\/\/www.musikkritik.org","http:\/\/www.facebook.com\/hufner","https:\/\/www.linkedin.com\/profile\/view?id=48050869&trk=spm_pic","https:\/\/x.com\/huflaikhan"],"url":"https:\/\/blogs.nmz.de\/wm2014\/author\/admin\/"}]}},"wp-worthy-pixel":{"ignored":false,"public":null,"server":null,"url":null},"wp-worthy-type":"normal","jetpack_featured_media_url":"https:\/\/i0.wp.com\/blogs.nmz.de\/wm2014\/files\/2014\/07\/kirche-innen-1080461.jpg?fit=1067%2C800&ssl=1","jetpack_shortlink":"https:\/\/wp.me\/p4Gg77-5w","jetpack-related-posts":[],"jetpack_sharing_enabled":true,"_links":{"self":[{"href":"https:\/\/blogs.nmz.de\/wm2014\/wp-json\/wp\/v2\/posts\/342","targetHints":{"allow":["GET"]}}],"collection":[{"href":"https:\/\/blogs.nmz.de\/wm2014\/wp-json\/wp\/v2\/posts"}],"about":[{"href":"https:\/\/blogs.nmz.de\/wm2014\/wp-json\/wp\/v2\/types\/post"}],"author":[{"embeddable":true,"href":"https:\/\/blogs.nmz.de\/wm2014\/wp-json\/wp\/v2\/users\/1"}],"replies":[{"embeddable":true,"href":"https:\/\/blogs.nmz.de\/wm2014\/wp-json\/wp\/v2\/comments?post=342"}],"version-history":[{"count":4,"href":"https:\/\/blogs.nmz.de\/wm2014\/wp-json\/wp\/v2\/posts\/342\/revisions"}],"predecessor-version":[{"id":347,"href":"https:\/\/blogs.nmz.de\/wm2014\/wp-json\/wp\/v2\/posts\/342\/revisions\/347"}],"wp:featuredmedia":[{"embeddable":true,"href":"https:\/\/blogs.nmz.de\/wm2014\/wp-json\/wp\/v2\/media\/344"}],"wp:attachment":[{"href":"https:\/\/blogs.nmz.de\/wm2014\/wp-json\/wp\/v2\/media?parent=342"}],"wp:term":[{"taxonomy":"category","embeddable":true,"href":"https:\/\/blogs.nmz.de\/wm2014\/wp-json\/wp\/v2\/categories?post=342"},{"taxonomy":"post_tag","embeddable":true,"href":"https:\/\/blogs.nmz.de\/wm2014\/wp-json\/wp\/v2\/tags?post=342"}],"curies":[{"name":"wp","href":"https:\/\/api.w.org\/{rel}","templated":true}]}}