{"id":240,"date":"2014-07-01T15:14:20","date_gmt":"2014-07-01T13:14:20","guid":{"rendered":"http:\/\/blogs.nmz.de\/wm2014\/?p=240"},"modified":"2014-07-01T15:19:50","modified_gmt":"2014-07-01T13:19:50","slug":"aussenseiter-spitzenreiter-viertelfinale","status":"publish","type":"post","link":"https:\/\/blogs.nmz.de\/wm2014\/2014\/07\/01\/aussenseiter-spitzenreiter-viertelfinale\/","title":{"rendered":"Aussenseiter, Spitzenreiter \u2013 Viertelfinale"},"content":{"rendered":"<p>Gestern war der Tag der Au\u00dfenseiter. Mit Frankreich und Deutschland sind die Mannschaften weitergekommen, von denen man es nicht erwartet h\u00e4tte. Typischerweise in der Nachspielzeit. Man muss aber auch sagen: Nigeria und Algerien haben zu wenig getan, um Frankreich und Deutschland in Bedr\u00e4ngnis zu bringen: Von Weltklasse-Mannschaften muss man da schon mehr erwarten. Zumal die bayerische Nationalmannschaft ganz klar durch die vielen Spieler des FCB schwer gehandicapt war. Es reichte nicht einmal daf\u00fcr, einen Torwart aufzustellen. Das ist die schw\u00e4bische Sparsamkeit des Yogi L\u00f6w.<\/p>\n<p>Aber so kann es im Fu\u00dfball gehen, gestern noch haushoher Favorit, heute schon ausgeschieden. Die Folgen sind freilich unabsehbar und zumindest f\u00fcrchterlich. Frankreich gegen Bayern. Das wird schon ein Gekicke zwischen Sauerkraut auf Baguette und Spargel in Calvados werden.<\/p>\n<p>Von der PFIFA gibt es auch nix Gutes. Das gestern von ihr <a title=\"Man lasse es Musik regnen \u2026 \u2013 Wie die PFIFA uns musikalisch verbl\u00f6det\" href=\"https:\/\/blogs.nmz.de\/wm2014\/2014\/06\/30\/man-lasse-es-musik-regnen-pfifa-musikalisch-verbloedet\/\">hier eingebundene Video<\/a> wollen sie nicht auf unserer Seite anzeigen lassen. Uns kann das ja egal sein, aber was ist das f\u00fcr Pressearbeit dieses Amateurhaufens, deren Verbreitung man auf diese Weise verhindert. Das kann doch nur hei\u00dfen: O, nein. Was f\u00fcr einen Schrott wir da nur abliefern, metaphernfalsch und musikantisch erb\u00e4rmlich.<\/p>\n<p>Kommen wir zu den Hardfacts.<\/p>\n<p><!--more--><\/p>\n<p>Keine Tipptabelle heute. Sondern die Pl\u00e4tze 1 und 3 der Finaltipprunde auf einem Bild. pianist23 und gitarra. Vereint als <a title=\"Konzertsalon\" href=\"http:\/\/konzertsalon.com\/\" target=\"_blank\">Konzertsalon<\/a>, fotografiert vom Aufnahmezustand.<\/p>\n<div id=\"attachment_241\" style=\"width: 484px\" class=\"wp-caption alignnone\"><a href=\"https:\/\/i0.wp.com\/blogs.nmz.de\/wm2014\/files\/2014\/07\/konzertsalon.jpg?ssl=1\" class=\"thickbox no_icon\"><img data-recalc-dims=\"1\" loading=\"lazy\" decoding=\"async\" aria-describedby=\"caption-attachment-241\" data-attachment-id=\"241\" data-permalink=\"https:\/\/blogs.nmz.de\/wm2014\/2014\/07\/01\/aussenseiter-spitzenreiter-viertelfinale\/konzertsalon\/\" data-orig-file=\"https:\/\/i0.wp.com\/blogs.nmz.de\/wm2014\/files\/2014\/07\/konzertsalon.jpg?fit=2048%2C1365&amp;ssl=1\" data-orig-size=\"2048,1365\" data-comments-opened=\"1\" data-image-meta=\"{&quot;aperture&quot;:&quot;0&quot;,&quot;credit&quot;:&quot;&quot;,&quot;camera&quot;:&quot;&quot;,&quot;caption&quot;:&quot;&quot;,&quot;created_timestamp&quot;:&quot;0&quot;,&quot;copyright&quot;:&quot;&quot;,&quot;focal_length&quot;:&quot;0&quot;,&quot;iso&quot;:&quot;0&quot;,&quot;shutter_speed&quot;:&quot;0&quot;,&quot;title&quot;:&quot;&quot;}\" data-image-title=\"Konzertsalon: Lydia Maria Bader und Heike Matthiesen\" data-image-description=\"&lt;p&gt;Konzertsalon: Lydia Maria Bader und Heike Matthiesen&lt;\/p&gt;\n\" data-image-caption=\"&lt;p&gt;Konzertsalon: Lydia Maria Bader und Heike Matthiesen&lt;\/p&gt;\n\" data-large-file=\"https:\/\/i0.wp.com\/blogs.nmz.de\/wm2014\/files\/2014\/07\/konzertsalon.jpg?fit=676%2C450&amp;ssl=1\" class=\"size-large wp-image-241\" src=\"https:\/\/i0.wp.com\/blogs.nmz.de\/wm2014\/files\/2014\/07\/konzertsalon.jpg?resize=474%2C315&#038;ssl=1\" alt=\"Konzertsalon: Lydia Maria Bader und Heike Matthiesen\" width=\"474\" height=\"315\" srcset=\"https:\/\/i0.wp.com\/blogs.nmz.de\/wm2014\/files\/2014\/07\/konzertsalon.jpg?resize=1024%2C682&amp;ssl=1 1024w, https:\/\/i0.wp.com\/blogs.nmz.de\/wm2014\/files\/2014\/07\/konzertsalon.jpg?resize=300%2C199&amp;ssl=1 300w, https:\/\/i0.wp.com\/blogs.nmz.de\/wm2014\/files\/2014\/07\/konzertsalon.jpg?w=2048&amp;ssl=1 2048w, https:\/\/i0.wp.com\/blogs.nmz.de\/wm2014\/files\/2014\/07\/konzertsalon.jpg?w=1352&amp;ssl=1 1352w\" sizes=\"auto, (max-width: 474px) 100vw, 474px\" \/><\/a><p id=\"caption-attachment-241\" class=\"wp-caption-text\">Konzertsalon: Lydia Maria Bader und Heike Matthiesen. Foto: Aufnahmezustand<\/p><\/div>\n<p>Die haben gut Lachen. Und hier eine kleine Hoffnung auf ein leicht-fl\u00fcgelstarkes franz\u00f6sisches Spiel &#8211; mit Lydia Maria Bader.<\/p>\n<p><span class=\"embed-youtube\" style=\"text-align:center; display: block;\"><iframe loading=\"lazy\" class=\"youtube-player\" width=\"676\" height=\"381\" src=\"https:\/\/www.youtube.com\/embed\/51XUGo_7ppE?version=3&#038;rel=1&#038;showsearch=0&#038;showinfo=1&#038;iv_load_policy=1&#038;fs=1&#038;hl=de-DE&#038;autohide=2&#038;wmode=transparent\" allowfullscreen=\"true\" style=\"border:0;\" sandbox=\"allow-scripts allow-same-origin allow-popups allow-presentation allow-popups-to-escape-sandbox\"><\/iframe><\/span><\/p>\n<p>Und dagegen jenes taktisch konstruktive Spiel von Johann Sebastian Bach, hier in den H\u00e4nden von Heike Matthiesen.<\/p>\n<p><span class=\"embed-youtube\" style=\"text-align:center; display: block;\"><iframe loading=\"lazy\" class=\"youtube-player\" width=\"676\" height=\"381\" src=\"https:\/\/www.youtube.com\/embed\/6KKqY0xpxK4?version=3&#038;rel=1&#038;showsearch=0&#038;showinfo=1&#038;iv_load_policy=1&#038;fs=1&#038;hl=de-DE&#038;autohide=2&#038;wmode=transparent\" allowfullscreen=\"true\" style=\"border:0;\" sandbox=\"allow-scripts allow-same-origin allow-popups allow-presentation allow-popups-to-escape-sandbox\"><\/iframe><\/span><\/p>\n<p>Und Teil 2:<\/p>\n<p><span class=\"embed-youtube\" style=\"text-align:center; display: block;\"><iframe loading=\"lazy\" class=\"youtube-player\" width=\"676\" height=\"381\" src=\"https:\/\/www.youtube.com\/embed\/oKanPzrzDv8?version=3&#038;rel=1&#038;showsearch=0&#038;showinfo=1&#038;iv_load_policy=1&#038;fs=1&#038;hl=de-DE&#038;autohide=2&#038;wmode=transparent\" allowfullscreen=\"true\" style=\"border:0;\" sandbox=\"allow-scripts allow-same-origin allow-popups allow-presentation allow-popups-to-escape-sandbox\"><\/iframe><\/span><\/p>\n<p>Da m\u00fcssen sich die Kicker aber schon unendlich viel M\u00fche geben, um eine auch nur n\u00e4herungsweise \u00e4hnlich starke Leistung zu bringen. Aber dazu muss man nat\u00fcrlich sich ein bisschen k\u00fcnstlerischer Einf\u00fchlen. Geben wir den sportlichen Au\u00dfenseitern einfach eine f\u00fcnfte Chance.<\/p>\n","protected":false},"excerpt":{"rendered":"<p>Gestern war der Tag der Au\u00dfenseiter. Mit Frankreich und Deutschland sind die Mannschaften weitergekommen, von denen man es nicht erwartet h\u00e4tte. Typischerweise in der Nachspielzeit. Man muss aber auch sagen: Nigeria und Algerien haben zu wenig getan, um Frankreich und&#8230; <a class=\"more-link\" href=\"https:\/\/blogs.nmz.de\/wm2014\/2014\/07\/01\/aussenseiter-spitzenreiter-viertelfinale\/\">Weiterlesen &rarr;<\/a><\/p>\n","protected":false},"author":1,"featured_media":241,"comment_status":"open","ping_status":"open","sticky":false,"template":"","format":"standard","meta":{"_jetpack_memberships_contains_paid_content":false,"footnotes":""},"categories":[860,3005],"tags":[11445,11443,1517,10352,11442,11446],"class_list":["post-240","post","type-post","status-publish","format-standard","has-post-thumbnail","hentry","category-politik","category-sport","tag-algerien","tag-aussenseiter","tag-deutschland","tag-frankreich","tag-konzertsalon","tag-nigeria"],"yoast_head":"<!-- This site is optimized with the Yoast SEO plugin v27.4 - https:\/\/yoast.com\/product\/yoast-seo-wordpress\/ -->\n<title>Aussenseiter, Spitzenreiter \u2013 Viertelfinale - Auf dem Sperrsitz<\/title>\n<meta name=\"robots\" content=\"index, follow, max-snippet:-1, max-image-preview:large, max-video-preview:-1\" \/>\n<link rel=\"canonical\" href=\"https:\/\/blogs.nmz.de\/wm2014\/2014\/07\/01\/aussenseiter-spitzenreiter-viertelfinale\/\" \/>\n<meta property=\"og:locale\" content=\"de_DE\" \/>\n<meta property=\"og:type\" content=\"article\" \/>\n<meta property=\"og:title\" content=\"Aussenseiter, Spitzenreiter \u2013 Viertelfinale - Auf dem Sperrsitz\" \/>\n<meta property=\"og:description\" content=\"Gestern war der Tag der Au\u00dfenseiter. Mit Frankreich und Deutschland sind die Mannschaften weitergekommen, von denen man es nicht erwartet h\u00e4tte. Typischerweise in der Nachspielzeit. Man muss aber auch sagen: Nigeria und Algerien haben zu wenig getan, um Frankreich und... Weiterlesen &rarr;\" \/>\n<meta property=\"og:url\" content=\"https:\/\/blogs.nmz.de\/wm2014\/2014\/07\/01\/aussenseiter-spitzenreiter-viertelfinale\/\" \/>\n<meta property=\"og:site_name\" content=\"Auf dem Sperrsitz\" \/>\n<meta property=\"article:publisher\" content=\"http:\/\/www.facebook.com\/musikzeitung\" \/>\n<meta property=\"article:author\" content=\"http:\/\/www.facebook.com\/hufner\" \/>\n<meta property=\"article:published_time\" content=\"2014-07-01T13:14:20+00:00\" \/>\n<meta property=\"article:modified_time\" content=\"2014-07-01T13:19:50+00:00\" \/>\n<meta property=\"og:image\" content=\"https:\/\/i1.wp.com\/blogs.nmz.de\/wm2014\/files\/2014\/07\/konzertsalon.jpg?fit=2048%2C1365&ssl=1\" \/>\n\t<meta property=\"og:image:width\" content=\"2048\" \/>\n\t<meta property=\"og:image:height\" content=\"1365\" \/>\n\t<meta property=\"og:image:type\" content=\"image\/jpeg\" \/>\n<meta name=\"author\" content=\"Martin Hufner\" \/>\n<meta name=\"twitter:card\" content=\"summary_large_image\" \/>\n<meta name=\"twitter:creator\" content=\"@huflaikhan\" \/>\n<meta name=\"twitter:site\" content=\"@musikzeitung\" \/>\n<meta name=\"twitter:label1\" content=\"Verfasst von\" \/>\n\t<meta name=\"twitter:data1\" content=\"Martin Hufner\" \/>\n\t<meta name=\"twitter:label2\" content=\"Gesch\u00e4tzte Lesezeit\" \/>\n\t<meta name=\"twitter:data2\" content=\"2\u00a0Minuten\" \/>\n<script type=\"application\/ld+json\" class=\"yoast-schema-graph\">{\"@context\":\"https:\\\/\\\/schema.org\",\"@graph\":[{\"@type\":\"Article\",\"@id\":\"https:\\\/\\\/blogs.nmz.de\\\/wm2014\\\/2014\\\/07\\\/01\\\/aussenseiter-spitzenreiter-viertelfinale\\\/#article\",\"isPartOf\":{\"@id\":\"https:\\\/\\\/blogs.nmz.de\\\/wm2014\\\/2014\\\/07\\\/01\\\/aussenseiter-spitzenreiter-viertelfinale\\\/\"},\"author\":{\"name\":\"Martin Hufner\",\"@id\":\"https:\\\/\\\/blogs.nmz.de\\\/wm2014\\\/#\\\/schema\\\/person\\\/488a80049cf0bbc4cce99951ae91c3b9\"},\"headline\":\"Aussenseiter, Spitzenreiter \u2013 Viertelfinale\",\"datePublished\":\"2014-07-01T13:14:20+00:00\",\"dateModified\":\"2014-07-01T13:19:50+00:00\",\"mainEntityOfPage\":{\"@id\":\"https:\\\/\\\/blogs.nmz.de\\\/wm2014\\\/2014\\\/07\\\/01\\\/aussenseiter-spitzenreiter-viertelfinale\\\/\"},\"wordCount\":347,\"commentCount\":2,\"image\":{\"@id\":\"https:\\\/\\\/blogs.nmz.de\\\/wm2014\\\/2014\\\/07\\\/01\\\/aussenseiter-spitzenreiter-viertelfinale\\\/#primaryimage\"},\"thumbnailUrl\":\"https:\\\/\\\/i0.wp.com\\\/blogs.nmz.de\\\/wm2014\\\/files\\\/2014\\\/07\\\/konzertsalon.jpg?fit=2048%2C1365&ssl=1\",\"keywords\":[\"Algerien\",\"Au\u00dfenseiter\",\"Deutschland\",\"Frankreich\",\"Konzertsalon\",\"Nigeria\"],\"articleSection\":[\"Politik\",\"Sport\"],\"inLanguage\":\"de\",\"potentialAction\":[{\"@type\":\"CommentAction\",\"name\":\"Comment\",\"target\":[\"https:\\\/\\\/blogs.nmz.de\\\/wm2014\\\/2014\\\/07\\\/01\\\/aussenseiter-spitzenreiter-viertelfinale\\\/#respond\"]}]},{\"@type\":\"WebPage\",\"@id\":\"https:\\\/\\\/blogs.nmz.de\\\/wm2014\\\/2014\\\/07\\\/01\\\/aussenseiter-spitzenreiter-viertelfinale\\\/\",\"url\":\"https:\\\/\\\/blogs.nmz.de\\\/wm2014\\\/2014\\\/07\\\/01\\\/aussenseiter-spitzenreiter-viertelfinale\\\/\",\"name\":\"Aussenseiter, Spitzenreiter \u2013 Viertelfinale - Auf dem Sperrsitz\",\"isPartOf\":{\"@id\":\"https:\\\/\\\/blogs.nmz.de\\\/wm2014\\\/#website\"},\"primaryImageOfPage\":{\"@id\":\"https:\\\/\\\/blogs.nmz.de\\\/wm2014\\\/2014\\\/07\\\/01\\\/aussenseiter-spitzenreiter-viertelfinale\\\/#primaryimage\"},\"image\":{\"@id\":\"https:\\\/\\\/blogs.nmz.de\\\/wm2014\\\/2014\\\/07\\\/01\\\/aussenseiter-spitzenreiter-viertelfinale\\\/#primaryimage\"},\"thumbnailUrl\":\"https:\\\/\\\/i0.wp.com\\\/blogs.nmz.de\\\/wm2014\\\/files\\\/2014\\\/07\\\/konzertsalon.jpg?fit=2048%2C1365&ssl=1\",\"datePublished\":\"2014-07-01T13:14:20+00:00\",\"dateModified\":\"2014-07-01T13:19:50+00:00\",\"author\":{\"@id\":\"https:\\\/\\\/blogs.nmz.de\\\/wm2014\\\/#\\\/schema\\\/person\\\/488a80049cf0bbc4cce99951ae91c3b9\"},\"breadcrumb\":{\"@id\":\"https:\\\/\\\/blogs.nmz.de\\\/wm2014\\\/2014\\\/07\\\/01\\\/aussenseiter-spitzenreiter-viertelfinale\\\/#breadcrumb\"},\"inLanguage\":\"de\",\"potentialAction\":[{\"@type\":\"ReadAction\",\"target\":[\"https:\\\/\\\/blogs.nmz.de\\\/wm2014\\\/2014\\\/07\\\/01\\\/aussenseiter-spitzenreiter-viertelfinale\\\/\"]}]},{\"@type\":\"ImageObject\",\"inLanguage\":\"de\",\"@id\":\"https:\\\/\\\/blogs.nmz.de\\\/wm2014\\\/2014\\\/07\\\/01\\\/aussenseiter-spitzenreiter-viertelfinale\\\/#primaryimage\",\"url\":\"https:\\\/\\\/i0.wp.com\\\/blogs.nmz.de\\\/wm2014\\\/files\\\/2014\\\/07\\\/konzertsalon.jpg?fit=2048%2C1365&ssl=1\",\"contentUrl\":\"https:\\\/\\\/i0.wp.com\\\/blogs.nmz.de\\\/wm2014\\\/files\\\/2014\\\/07\\\/konzertsalon.jpg?fit=2048%2C1365&ssl=1\",\"width\":2048,\"height\":1365,\"caption\":\"Konzertsalon: Lydia Maria Bader und Heike Matthiesen\"},{\"@type\":\"BreadcrumbList\",\"@id\":\"https:\\\/\\\/blogs.nmz.de\\\/wm2014\\\/2014\\\/07\\\/01\\\/aussenseiter-spitzenreiter-viertelfinale\\\/#breadcrumb\",\"itemListElement\":[{\"@type\":\"ListItem\",\"position\":1,\"name\":\"Startseite\",\"item\":\"https:\\\/\\\/blogs.nmz.de\\\/wm2014\\\/\"},{\"@type\":\"ListItem\",\"position\":2,\"name\":\"Aussenseiter, Spitzenreiter \u2013 Viertelfinale\"}]},{\"@type\":\"WebSite\",\"@id\":\"https:\\\/\\\/blogs.nmz.de\\\/wm2014\\\/#website\",\"url\":\"https:\\\/\\\/blogs.nmz.de\\\/wm2014\\\/\",\"name\":\"Auf dem Sperrsitz\",\"description\":\"Im Kultur-Zoo der nmz\",\"potentialAction\":[{\"@type\":\"SearchAction\",\"target\":{\"@type\":\"EntryPoint\",\"urlTemplate\":\"https:\\\/\\\/blogs.nmz.de\\\/wm2014\\\/?s={search_term_string}\"},\"query-input\":{\"@type\":\"PropertyValueSpecification\",\"valueRequired\":true,\"valueName\":\"search_term_string\"}}],\"inLanguage\":\"de\"},{\"@type\":\"Person\",\"@id\":\"https:\\\/\\\/blogs.nmz.de\\\/wm2014\\\/#\\\/schema\\\/person\\\/488a80049cf0bbc4cce99951ae91c3b9\",\"name\":\"Martin Hufner\",\"image\":{\"@type\":\"ImageObject\",\"inLanguage\":\"de\",\"@id\":\"https:\\\/\\\/secure.gravatar.com\\\/avatar\\\/891bbce378eb0bdbf7f71559e53af16afd9e2f8a020e2f876adcfcd437cd011a?s=96&d=mm&r=g\",\"url\":\"https:\\\/\\\/secure.gravatar.com\\\/avatar\\\/891bbce378eb0bdbf7f71559e53af16afd9e2f8a020e2f876adcfcd437cd011a?s=96&d=mm&r=g\",\"contentUrl\":\"https:\\\/\\\/secure.gravatar.com\\\/avatar\\\/891bbce378eb0bdbf7f71559e53af16afd9e2f8a020e2f876adcfcd437cd011a?s=96&d=mm&r=g\",\"caption\":\"Martin Hufner\"},\"description\":\"seit 1997 chef\u00f6konom der kritischen masse und netzbabysitter der nmz.\",\"sameAs\":[\"https:\\\/\\\/www.musikkritik.org\",\"http:\\\/\\\/www.facebook.com\\\/hufner\",\"https:\\\/\\\/www.linkedin.com\\\/profile\\\/view?id=48050869&trk=spm_pic\",\"https:\\\/\\\/x.com\\\/huflaikhan\"],\"url\":\"https:\\\/\\\/blogs.nmz.de\\\/wm2014\\\/author\\\/admin\\\/\"}]}<\/script>\n<!-- \/ Yoast SEO plugin. -->","yoast_head_json":{"title":"Aussenseiter, Spitzenreiter \u2013 Viertelfinale - Auf dem Sperrsitz","robots":{"index":"index","follow":"follow","max-snippet":"max-snippet:-1","max-image-preview":"max-image-preview:large","max-video-preview":"max-video-preview:-1"},"canonical":"https:\/\/blogs.nmz.de\/wm2014\/2014\/07\/01\/aussenseiter-spitzenreiter-viertelfinale\/","og_locale":"de_DE","og_type":"article","og_title":"Aussenseiter, Spitzenreiter \u2013 Viertelfinale - Auf dem Sperrsitz","og_description":"Gestern war der Tag der Au\u00dfenseiter. Mit Frankreich und Deutschland sind die Mannschaften weitergekommen, von denen man es nicht erwartet h\u00e4tte. Typischerweise in der Nachspielzeit. Man muss aber auch sagen: Nigeria und Algerien haben zu wenig getan, um Frankreich und... Weiterlesen &rarr;","og_url":"https:\/\/blogs.nmz.de\/wm2014\/2014\/07\/01\/aussenseiter-spitzenreiter-viertelfinale\/","og_site_name":"Auf dem Sperrsitz","article_publisher":"http:\/\/www.facebook.com\/musikzeitung","article_author":"http:\/\/www.facebook.com\/hufner","article_published_time":"2014-07-01T13:14:20+00:00","article_modified_time":"2014-07-01T13:19:50+00:00","og_image":[{"width":2048,"height":1365,"url":"https:\/\/i1.wp.com\/blogs.nmz.de\/wm2014\/files\/2014\/07\/konzertsalon.jpg?fit=2048%2C1365&ssl=1","type":"image\/jpeg"}],"author":"Martin Hufner","twitter_card":"summary_large_image","twitter_creator":"@huflaikhan","twitter_site":"@musikzeitung","twitter_misc":{"Verfasst von":"Martin Hufner","Gesch\u00e4tzte Lesezeit":"2\u00a0Minuten"},"schema":{"@context":"https:\/\/schema.org","@graph":[{"@type":"Article","@id":"https:\/\/blogs.nmz.de\/wm2014\/2014\/07\/01\/aussenseiter-spitzenreiter-viertelfinale\/#article","isPartOf":{"@id":"https:\/\/blogs.nmz.de\/wm2014\/2014\/07\/01\/aussenseiter-spitzenreiter-viertelfinale\/"},"author":{"name":"Martin Hufner","@id":"https:\/\/blogs.nmz.de\/wm2014\/#\/schema\/person\/488a80049cf0bbc4cce99951ae91c3b9"},"headline":"Aussenseiter, Spitzenreiter \u2013 Viertelfinale","datePublished":"2014-07-01T13:14:20+00:00","dateModified":"2014-07-01T13:19:50+00:00","mainEntityOfPage":{"@id":"https:\/\/blogs.nmz.de\/wm2014\/2014\/07\/01\/aussenseiter-spitzenreiter-viertelfinale\/"},"wordCount":347,"commentCount":2,"image":{"@id":"https:\/\/blogs.nmz.de\/wm2014\/2014\/07\/01\/aussenseiter-spitzenreiter-viertelfinale\/#primaryimage"},"thumbnailUrl":"https:\/\/i0.wp.com\/blogs.nmz.de\/wm2014\/files\/2014\/07\/konzertsalon.jpg?fit=2048%2C1365&ssl=1","keywords":["Algerien","Au\u00dfenseiter","Deutschland","Frankreich","Konzertsalon","Nigeria"],"articleSection":["Politik","Sport"],"inLanguage":"de","potentialAction":[{"@type":"CommentAction","name":"Comment","target":["https:\/\/blogs.nmz.de\/wm2014\/2014\/07\/01\/aussenseiter-spitzenreiter-viertelfinale\/#respond"]}]},{"@type":"WebPage","@id":"https:\/\/blogs.nmz.de\/wm2014\/2014\/07\/01\/aussenseiter-spitzenreiter-viertelfinale\/","url":"https:\/\/blogs.nmz.de\/wm2014\/2014\/07\/01\/aussenseiter-spitzenreiter-viertelfinale\/","name":"Aussenseiter, Spitzenreiter \u2013 Viertelfinale - Auf dem Sperrsitz","isPartOf":{"@id":"https:\/\/blogs.nmz.de\/wm2014\/#website"},"primaryImageOfPage":{"@id":"https:\/\/blogs.nmz.de\/wm2014\/2014\/07\/01\/aussenseiter-spitzenreiter-viertelfinale\/#primaryimage"},"image":{"@id":"https:\/\/blogs.nmz.de\/wm2014\/2014\/07\/01\/aussenseiter-spitzenreiter-viertelfinale\/#primaryimage"},"thumbnailUrl":"https:\/\/i0.wp.com\/blogs.nmz.de\/wm2014\/files\/2014\/07\/konzertsalon.jpg?fit=2048%2C1365&ssl=1","datePublished":"2014-07-01T13:14:20+00:00","dateModified":"2014-07-01T13:19:50+00:00","author":{"@id":"https:\/\/blogs.nmz.de\/wm2014\/#\/schema\/person\/488a80049cf0bbc4cce99951ae91c3b9"},"breadcrumb":{"@id":"https:\/\/blogs.nmz.de\/wm2014\/2014\/07\/01\/aussenseiter-spitzenreiter-viertelfinale\/#breadcrumb"},"inLanguage":"de","potentialAction":[{"@type":"ReadAction","target":["https:\/\/blogs.nmz.de\/wm2014\/2014\/07\/01\/aussenseiter-spitzenreiter-viertelfinale\/"]}]},{"@type":"ImageObject","inLanguage":"de","@id":"https:\/\/blogs.nmz.de\/wm2014\/2014\/07\/01\/aussenseiter-spitzenreiter-viertelfinale\/#primaryimage","url":"https:\/\/i0.wp.com\/blogs.nmz.de\/wm2014\/files\/2014\/07\/konzertsalon.jpg?fit=2048%2C1365&ssl=1","contentUrl":"https:\/\/i0.wp.com\/blogs.nmz.de\/wm2014\/files\/2014\/07\/konzertsalon.jpg?fit=2048%2C1365&ssl=1","width":2048,"height":1365,"caption":"Konzertsalon: Lydia Maria Bader und Heike Matthiesen"},{"@type":"BreadcrumbList","@id":"https:\/\/blogs.nmz.de\/wm2014\/2014\/07\/01\/aussenseiter-spitzenreiter-viertelfinale\/#breadcrumb","itemListElement":[{"@type":"ListItem","position":1,"name":"Startseite","item":"https:\/\/blogs.nmz.de\/wm2014\/"},{"@type":"ListItem","position":2,"name":"Aussenseiter, Spitzenreiter \u2013 Viertelfinale"}]},{"@type":"WebSite","@id":"https:\/\/blogs.nmz.de\/wm2014\/#website","url":"https:\/\/blogs.nmz.de\/wm2014\/","name":"Auf dem Sperrsitz","description":"Im Kultur-Zoo der nmz","potentialAction":[{"@type":"SearchAction","target":{"@type":"EntryPoint","urlTemplate":"https:\/\/blogs.nmz.de\/wm2014\/?s={search_term_string}"},"query-input":{"@type":"PropertyValueSpecification","valueRequired":true,"valueName":"search_term_string"}}],"inLanguage":"de"},{"@type":"Person","@id":"https:\/\/blogs.nmz.de\/wm2014\/#\/schema\/person\/488a80049cf0bbc4cce99951ae91c3b9","name":"Martin Hufner","image":{"@type":"ImageObject","inLanguage":"de","@id":"https:\/\/secure.gravatar.com\/avatar\/891bbce378eb0bdbf7f71559e53af16afd9e2f8a020e2f876adcfcd437cd011a?s=96&d=mm&r=g","url":"https:\/\/secure.gravatar.com\/avatar\/891bbce378eb0bdbf7f71559e53af16afd9e2f8a020e2f876adcfcd437cd011a?s=96&d=mm&r=g","contentUrl":"https:\/\/secure.gravatar.com\/avatar\/891bbce378eb0bdbf7f71559e53af16afd9e2f8a020e2f876adcfcd437cd011a?s=96&d=mm&r=g","caption":"Martin Hufner"},"description":"seit 1997 chef\u00f6konom der kritischen masse und netzbabysitter der nmz.","sameAs":["https:\/\/www.musikkritik.org","http:\/\/www.facebook.com\/hufner","https:\/\/www.linkedin.com\/profile\/view?id=48050869&trk=spm_pic","https:\/\/x.com\/huflaikhan"],"url":"https:\/\/blogs.nmz.de\/wm2014\/author\/admin\/"}]}},"wp-worthy-pixel":{"ignored":false,"public":null,"server":null,"url":null},"wp-worthy-type":"normal","jetpack_featured_media_url":"https:\/\/i0.wp.com\/blogs.nmz.de\/wm2014\/files\/2014\/07\/konzertsalon.jpg?fit=2048%2C1365&ssl=1","jetpack_shortlink":"https:\/\/wp.me\/p4Gg77-3S","jetpack-related-posts":[],"jetpack_sharing_enabled":true,"_links":{"self":[{"href":"https:\/\/blogs.nmz.de\/wm2014\/wp-json\/wp\/v2\/posts\/240","targetHints":{"allow":["GET"]}}],"collection":[{"href":"https:\/\/blogs.nmz.de\/wm2014\/wp-json\/wp\/v2\/posts"}],"about":[{"href":"https:\/\/blogs.nmz.de\/wm2014\/wp-json\/wp\/v2\/types\/post"}],"author":[{"embeddable":true,"href":"https:\/\/blogs.nmz.de\/wm2014\/wp-json\/wp\/v2\/users\/1"}],"replies":[{"embeddable":true,"href":"https:\/\/blogs.nmz.de\/wm2014\/wp-json\/wp\/v2\/comments?post=240"}],"version-history":[{"count":9,"href":"https:\/\/blogs.nmz.de\/wm2014\/wp-json\/wp\/v2\/posts\/240\/revisions"}],"predecessor-version":[{"id":250,"href":"https:\/\/blogs.nmz.de\/wm2014\/wp-json\/wp\/v2\/posts\/240\/revisions\/250"}],"wp:featuredmedia":[{"embeddable":true,"href":"https:\/\/blogs.nmz.de\/wm2014\/wp-json\/wp\/v2\/media\/241"}],"wp:attachment":[{"href":"https:\/\/blogs.nmz.de\/wm2014\/wp-json\/wp\/v2\/media?parent=240"}],"wp:term":[{"taxonomy":"category","embeddable":true,"href":"https:\/\/blogs.nmz.de\/wm2014\/wp-json\/wp\/v2\/categories?post=240"},{"taxonomy":"post_tag","embeddable":true,"href":"https:\/\/blogs.nmz.de\/wm2014\/wp-json\/wp\/v2\/tags?post=240"}],"curies":[{"name":"wp","href":"https:\/\/api.w.org\/{rel}","templated":true}]}}