{"id":2366,"date":"2016-10-15T19:12:04","date_gmt":"2016-10-15T17:12:04","guid":{"rendered":"http:\/\/blogs.nmz.de\/wm2014\/?p=2366"},"modified":"2016-10-15T23:26:18","modified_gmt":"2016-10-15T21:26:18","slug":"musik-leben-in-donaubashingen","status":"publish","type":"post","link":"https:\/\/blogs.nmz.de\/wm2014\/2016\/10\/15\/musik-leben-in-donaubashingen\/","title":{"rendered":"Musik &#038; Leben in Donaubashingen"},"content":{"rendered":"<p>Eine der besten Geschichten aus dem Black Forrest. Gelesen bei <a href=\"http:\/\/musik-mitallemundvielscharf.de\/\">Musik mit allem und viel Spa\u00df<\/a>. Kurz: mmauvs.<\/p>\n<p style=\"padding-left: 30px;\"><em>Im D\u00f6nerladen spricht uns eine \u00e4ltere Dame an:<br \/>\n\u201cGeh\u00f6ren Sie auch zu den Musiktagen?\u201d<br \/>\n\u201cJa, Und Sie?\u201d<br \/>\n\u201cNein, nein! Ich wohne hier!!\u201d<\/em><\/p>\n<p style=\"padding-left: 30px;\">[<a href=\"http:\/\/musik-mitallemundvielscharf.de\/domt16-schoene-neue-musikwelt\/\">#domt16 | Sch\u00f6ne neue (Musik)welt<\/a>]<\/p>\n<p>Wer dann dem gro\u00dfen Mitschreiber folgen m\u00f6chte, <a href=\"https:\/\/blogs.nmz.de\/badblog\/2016\/10\/15\/donaueschinger-musiktage-2016-liveticker-von-der-eroeffnung\/\">schaue bei Alexander Strauch<\/a> vorbei.<\/p>\n<div class=\"fb-post\" data-href=\"https:\/\/www.facebook.com\/alexander.strauch.52\/posts\/10210225993513622\" data-width=\"552\" style=\"background-color: #fff; display: inline-block;\"><\/div>\n<p>PS: \u00dcbrigens: <a href=\"https:\/\/www.kleinezeitung.at\/kultur\/buehne\/5101360\/Outing_Komponist-Haas-spricht-erstmals-uber-NaziHerkunft-und\">Georg Friedrich Haas, der Komponist, der aus dem Darknet kam<\/a><\/p>\n<p>PPS: Und ein <a href=\"https:\/\/blogs.nmz.de\/badblog\/2016\/10\/15\/ein-phantom-in-donaueschingen\/\">Phantom sucht eine Heimat<\/a>.<\/p>\n<p>&nbsp;<\/p>\n","protected":false},"excerpt":{"rendered":"<p>Eine der besten Geschichten aus dem Black Forrest. Gelesen bei Musik mit allem und viel Spa\u00df. Kurz: mmauvs. Im D\u00f6nerladen spricht uns eine \u00e4ltere Dame an: \u201cGeh\u00f6ren Sie auch zu den Musiktagen?\u201d \u201cJa, Und Sie?\u201d \u201cNein, nein! Ich wohne hier!!\u201d&#8230; <a class=\"more-link\" href=\"https:\/\/blogs.nmz.de\/wm2014\/2016\/10\/15\/musik-leben-in-donaubashingen\/\">Weiterlesen &rarr;<\/a><\/p>\n","protected":false},"author":1,"featured_media":2368,"comment_status":"open","ping_status":"open","sticky":false,"template":"","format":"standard","meta":{"_jetpack_memberships_contains_paid_content":false,"footnotes":""},"categories":[29,385,533],"tags":[13884,527,13882,2037,59],"class_list":["post-2366","post","type-post","status-publish","format-standard","has-post-thumbnail","hentry","category-aesthetik","category-kultur","category-musik","tag-darknet","tag-donaueschingen","tag-doenerladen","tag-georg-friedrich-haas","tag-neue-musik"],"yoast_head":"<!-- This site is optimized with the Yoast SEO plugin v27.5 - https:\/\/yoast.com\/product\/yoast-seo-wordpress\/ -->\n<title>Musik &amp; Leben in Donaubashingen - Auf dem Sperrsitz<\/title>\n<meta name=\"robots\" content=\"index, follow, max-snippet:-1, max-image-preview:large, max-video-preview:-1\" \/>\n<link rel=\"canonical\" href=\"https:\/\/blogs.nmz.de\/wm2014\/2016\/10\/15\/musik-leben-in-donaubashingen\/\" \/>\n<meta property=\"og:locale\" content=\"de_DE\" \/>\n<meta property=\"og:type\" content=\"article\" \/>\n<meta property=\"og:title\" content=\"Musik &amp; Leben in Donaubashingen - Auf dem Sperrsitz\" \/>\n<meta property=\"og:description\" content=\"Eine der besten Geschichten aus dem Black Forrest. Gelesen bei Musik mit allem und viel Spa\u00df. Kurz: mmauvs. Im D\u00f6nerladen spricht uns eine \u00e4ltere Dame an: \u201cGeh\u00f6ren Sie auch zu den Musiktagen?\u201d \u201cJa, Und Sie?\u201d \u201cNein, nein! Ich wohne hier!!\u201d... Weiterlesen &rarr;\" \/>\n<meta property=\"og:url\" content=\"https:\/\/blogs.nmz.de\/wm2014\/2016\/10\/15\/musik-leben-in-donaubashingen\/\" \/>\n<meta property=\"og:site_name\" content=\"Auf dem Sperrsitz\" \/>\n<meta property=\"article:publisher\" content=\"http:\/\/www.facebook.com\/musikzeitung\" \/>\n<meta property=\"article:author\" content=\"http:\/\/www.facebook.com\/hufner\" \/>\n<meta property=\"article:published_time\" content=\"2016-10-15T17:12:04+00:00\" \/>\n<meta property=\"article:modified_time\" content=\"2016-10-15T21:26:18+00:00\" \/>\n<meta property=\"og:image\" content=\"https:\/\/i0.wp.com\/blogs.nmz.de\/wm2014\/files\/2016\/10\/symbolbild-deschingen.jpg?fit=2200%2C1238&ssl=1\" \/>\n\t<meta property=\"og:image:width\" content=\"2200\" \/>\n\t<meta property=\"og:image:height\" content=\"1238\" \/>\n\t<meta property=\"og:image:type\" content=\"image\/jpeg\" \/>\n<meta name=\"author\" content=\"Martin Hufner\" \/>\n<meta name=\"twitter:card\" content=\"summary_large_image\" \/>\n<meta name=\"twitter:creator\" content=\"@huflaikhan\" \/>\n<meta name=\"twitter:site\" content=\"@musikzeitung\" \/>\n<meta name=\"twitter:label1\" content=\"Verfasst von\" \/>\n\t<meta name=\"twitter:data1\" content=\"Martin Hufner\" \/>\n<script type=\"application\/ld+json\" class=\"yoast-schema-graph\">{\"@context\":\"https:\\\/\\\/schema.org\",\"@graph\":[{\"@type\":\"Article\",\"@id\":\"https:\\\/\\\/blogs.nmz.de\\\/wm2014\\\/2016\\\/10\\\/15\\\/musik-leben-in-donaubashingen\\\/#article\",\"isPartOf\":{\"@id\":\"https:\\\/\\\/blogs.nmz.de\\\/wm2014\\\/2016\\\/10\\\/15\\\/musik-leben-in-donaubashingen\\\/\"},\"author\":{\"name\":\"Martin Hufner\",\"@id\":\"https:\\\/\\\/blogs.nmz.de\\\/wm2014\\\/#\\\/schema\\\/person\\\/488a80049cf0bbc4cce99951ae91c3b9\"},\"headline\":\"Musik &#038; Leben in Donaubashingen\",\"datePublished\":\"2016-10-15T17:12:04+00:00\",\"dateModified\":\"2016-10-15T21:26:18+00:00\",\"mainEntityOfPage\":{\"@id\":\"https:\\\/\\\/blogs.nmz.de\\\/wm2014\\\/2016\\\/10\\\/15\\\/musik-leben-in-donaubashingen\\\/\"},\"wordCount\":93,\"commentCount\":0,\"image\":{\"@id\":\"https:\\\/\\\/blogs.nmz.de\\\/wm2014\\\/2016\\\/10\\\/15\\\/musik-leben-in-donaubashingen\\\/#primaryimage\"},\"thumbnailUrl\":\"https:\\\/\\\/i0.wp.com\\\/blogs.nmz.de\\\/wm2014\\\/files\\\/2016\\\/10\\\/symbolbild-deschingen.jpg?fit=2200%2C1238&ssl=1\",\"keywords\":[\"Darknet\",\"Donaueschingen\",\"D\u00f6nerladen\",\"Georg Friedrich Haas\",\"Neue Musik\"],\"articleSection\":[\"\u00c4sthetik\",\"Kultur\",\"Musik\"],\"inLanguage\":\"de\",\"potentialAction\":[{\"@type\":\"CommentAction\",\"name\":\"Comment\",\"target\":[\"https:\\\/\\\/blogs.nmz.de\\\/wm2014\\\/2016\\\/10\\\/15\\\/musik-leben-in-donaubashingen\\\/#respond\"]}]},{\"@type\":\"WebPage\",\"@id\":\"https:\\\/\\\/blogs.nmz.de\\\/wm2014\\\/2016\\\/10\\\/15\\\/musik-leben-in-donaubashingen\\\/\",\"url\":\"https:\\\/\\\/blogs.nmz.de\\\/wm2014\\\/2016\\\/10\\\/15\\\/musik-leben-in-donaubashingen\\\/\",\"name\":\"Musik & Leben in Donaubashingen - Auf dem Sperrsitz\",\"isPartOf\":{\"@id\":\"https:\\\/\\\/blogs.nmz.de\\\/wm2014\\\/#website\"},\"primaryImageOfPage\":{\"@id\":\"https:\\\/\\\/blogs.nmz.de\\\/wm2014\\\/2016\\\/10\\\/15\\\/musik-leben-in-donaubashingen\\\/#primaryimage\"},\"image\":{\"@id\":\"https:\\\/\\\/blogs.nmz.de\\\/wm2014\\\/2016\\\/10\\\/15\\\/musik-leben-in-donaubashingen\\\/#primaryimage\"},\"thumbnailUrl\":\"https:\\\/\\\/i0.wp.com\\\/blogs.nmz.de\\\/wm2014\\\/files\\\/2016\\\/10\\\/symbolbild-deschingen.jpg?fit=2200%2C1238&ssl=1\",\"datePublished\":\"2016-10-15T17:12:04+00:00\",\"dateModified\":\"2016-10-15T21:26:18+00:00\",\"author\":{\"@id\":\"https:\\\/\\\/blogs.nmz.de\\\/wm2014\\\/#\\\/schema\\\/person\\\/488a80049cf0bbc4cce99951ae91c3b9\"},\"breadcrumb\":{\"@id\":\"https:\\\/\\\/blogs.nmz.de\\\/wm2014\\\/2016\\\/10\\\/15\\\/musik-leben-in-donaubashingen\\\/#breadcrumb\"},\"inLanguage\":\"de\",\"potentialAction\":[{\"@type\":\"ReadAction\",\"target\":[\"https:\\\/\\\/blogs.nmz.de\\\/wm2014\\\/2016\\\/10\\\/15\\\/musik-leben-in-donaubashingen\\\/\"]}]},{\"@type\":\"ImageObject\",\"inLanguage\":\"de\",\"@id\":\"https:\\\/\\\/blogs.nmz.de\\\/wm2014\\\/2016\\\/10\\\/15\\\/musik-leben-in-donaubashingen\\\/#primaryimage\",\"url\":\"https:\\\/\\\/i0.wp.com\\\/blogs.nmz.de\\\/wm2014\\\/files\\\/2016\\\/10\\\/symbolbild-deschingen.jpg?fit=2200%2C1238&ssl=1\",\"contentUrl\":\"https:\\\/\\\/i0.wp.com\\\/blogs.nmz.de\\\/wm2014\\\/files\\\/2016\\\/10\\\/symbolbild-deschingen.jpg?fit=2200%2C1238&ssl=1\",\"width\":2200,\"height\":1238,\"caption\":\"Donaubashingen. Foto: Hufner\"},{\"@type\":\"BreadcrumbList\",\"@id\":\"https:\\\/\\\/blogs.nmz.de\\\/wm2014\\\/2016\\\/10\\\/15\\\/musik-leben-in-donaubashingen\\\/#breadcrumb\",\"itemListElement\":[{\"@type\":\"ListItem\",\"position\":1,\"name\":\"Startseite\",\"item\":\"https:\\\/\\\/blogs.nmz.de\\\/wm2014\\\/\"},{\"@type\":\"ListItem\",\"position\":2,\"name\":\"Musik &#038; Leben in Donaubashingen\"}]},{\"@type\":\"WebSite\",\"@id\":\"https:\\\/\\\/blogs.nmz.de\\\/wm2014\\\/#website\",\"url\":\"https:\\\/\\\/blogs.nmz.de\\\/wm2014\\\/\",\"name\":\"Auf dem Sperrsitz\",\"description\":\"Im Kultur-Zoo der nmz\",\"potentialAction\":[{\"@type\":\"SearchAction\",\"target\":{\"@type\":\"EntryPoint\",\"urlTemplate\":\"https:\\\/\\\/blogs.nmz.de\\\/wm2014\\\/?s={search_term_string}\"},\"query-input\":{\"@type\":\"PropertyValueSpecification\",\"valueRequired\":true,\"valueName\":\"search_term_string\"}}],\"inLanguage\":\"de\"},{\"@type\":\"Person\",\"@id\":\"https:\\\/\\\/blogs.nmz.de\\\/wm2014\\\/#\\\/schema\\\/person\\\/488a80049cf0bbc4cce99951ae91c3b9\",\"name\":\"Martin Hufner\",\"image\":{\"@type\":\"ImageObject\",\"inLanguage\":\"de\",\"@id\":\"https:\\\/\\\/secure.gravatar.com\\\/avatar\\\/891bbce378eb0bdbf7f71559e53af16afd9e2f8a020e2f876adcfcd437cd011a?s=96&d=mm&r=g\",\"url\":\"https:\\\/\\\/secure.gravatar.com\\\/avatar\\\/891bbce378eb0bdbf7f71559e53af16afd9e2f8a020e2f876adcfcd437cd011a?s=96&d=mm&r=g\",\"contentUrl\":\"https:\\\/\\\/secure.gravatar.com\\\/avatar\\\/891bbce378eb0bdbf7f71559e53af16afd9e2f8a020e2f876adcfcd437cd011a?s=96&d=mm&r=g\",\"caption\":\"Martin Hufner\"},\"description\":\"seit 1997 chef\u00f6konom der kritischen masse und netzbabysitter der nmz.\",\"sameAs\":[\"https:\\\/\\\/www.musikkritik.org\",\"http:\\\/\\\/www.facebook.com\\\/hufner\",\"https:\\\/\\\/www.linkedin.com\\\/profile\\\/view?id=48050869&trk=spm_pic\",\"https:\\\/\\\/x.com\\\/huflaikhan\"],\"url\":\"https:\\\/\\\/blogs.nmz.de\\\/wm2014\\\/author\\\/admin\\\/\"}]}<\/script>\n<!-- \/ Yoast SEO plugin. -->","yoast_head_json":{"title":"Musik & Leben in Donaubashingen - Auf dem Sperrsitz","robots":{"index":"index","follow":"follow","max-snippet":"max-snippet:-1","max-image-preview":"max-image-preview:large","max-video-preview":"max-video-preview:-1"},"canonical":"https:\/\/blogs.nmz.de\/wm2014\/2016\/10\/15\/musik-leben-in-donaubashingen\/","og_locale":"de_DE","og_type":"article","og_title":"Musik & Leben in Donaubashingen - Auf dem Sperrsitz","og_description":"Eine der besten Geschichten aus dem Black Forrest. Gelesen bei Musik mit allem und viel Spa\u00df. Kurz: mmauvs. Im D\u00f6nerladen spricht uns eine \u00e4ltere Dame an: \u201cGeh\u00f6ren Sie auch zu den Musiktagen?\u201d \u201cJa, Und Sie?\u201d \u201cNein, nein! Ich wohne hier!!\u201d... Weiterlesen &rarr;","og_url":"https:\/\/blogs.nmz.de\/wm2014\/2016\/10\/15\/musik-leben-in-donaubashingen\/","og_site_name":"Auf dem Sperrsitz","article_publisher":"http:\/\/www.facebook.com\/musikzeitung","article_author":"http:\/\/www.facebook.com\/hufner","article_published_time":"2016-10-15T17:12:04+00:00","article_modified_time":"2016-10-15T21:26:18+00:00","og_image":[{"width":2200,"height":1238,"url":"https:\/\/i0.wp.com\/blogs.nmz.de\/wm2014\/files\/2016\/10\/symbolbild-deschingen.jpg?fit=2200%2C1238&ssl=1","type":"image\/jpeg"}],"author":"Martin Hufner","twitter_card":"summary_large_image","twitter_creator":"@huflaikhan","twitter_site":"@musikzeitung","twitter_misc":{"Verfasst von":"Martin Hufner"},"schema":{"@context":"https:\/\/schema.org","@graph":[{"@type":"Article","@id":"https:\/\/blogs.nmz.de\/wm2014\/2016\/10\/15\/musik-leben-in-donaubashingen\/#article","isPartOf":{"@id":"https:\/\/blogs.nmz.de\/wm2014\/2016\/10\/15\/musik-leben-in-donaubashingen\/"},"author":{"name":"Martin Hufner","@id":"https:\/\/blogs.nmz.de\/wm2014\/#\/schema\/person\/488a80049cf0bbc4cce99951ae91c3b9"},"headline":"Musik &#038; Leben in Donaubashingen","datePublished":"2016-10-15T17:12:04+00:00","dateModified":"2016-10-15T21:26:18+00:00","mainEntityOfPage":{"@id":"https:\/\/blogs.nmz.de\/wm2014\/2016\/10\/15\/musik-leben-in-donaubashingen\/"},"wordCount":93,"commentCount":0,"image":{"@id":"https:\/\/blogs.nmz.de\/wm2014\/2016\/10\/15\/musik-leben-in-donaubashingen\/#primaryimage"},"thumbnailUrl":"https:\/\/i0.wp.com\/blogs.nmz.de\/wm2014\/files\/2016\/10\/symbolbild-deschingen.jpg?fit=2200%2C1238&ssl=1","keywords":["Darknet","Donaueschingen","D\u00f6nerladen","Georg Friedrich Haas","Neue Musik"],"articleSection":["\u00c4sthetik","Kultur","Musik"],"inLanguage":"de","potentialAction":[{"@type":"CommentAction","name":"Comment","target":["https:\/\/blogs.nmz.de\/wm2014\/2016\/10\/15\/musik-leben-in-donaubashingen\/#respond"]}]},{"@type":"WebPage","@id":"https:\/\/blogs.nmz.de\/wm2014\/2016\/10\/15\/musik-leben-in-donaubashingen\/","url":"https:\/\/blogs.nmz.de\/wm2014\/2016\/10\/15\/musik-leben-in-donaubashingen\/","name":"Musik & Leben in Donaubashingen - Auf dem Sperrsitz","isPartOf":{"@id":"https:\/\/blogs.nmz.de\/wm2014\/#website"},"primaryImageOfPage":{"@id":"https:\/\/blogs.nmz.de\/wm2014\/2016\/10\/15\/musik-leben-in-donaubashingen\/#primaryimage"},"image":{"@id":"https:\/\/blogs.nmz.de\/wm2014\/2016\/10\/15\/musik-leben-in-donaubashingen\/#primaryimage"},"thumbnailUrl":"https:\/\/i0.wp.com\/blogs.nmz.de\/wm2014\/files\/2016\/10\/symbolbild-deschingen.jpg?fit=2200%2C1238&ssl=1","datePublished":"2016-10-15T17:12:04+00:00","dateModified":"2016-10-15T21:26:18+00:00","author":{"@id":"https:\/\/blogs.nmz.de\/wm2014\/#\/schema\/person\/488a80049cf0bbc4cce99951ae91c3b9"},"breadcrumb":{"@id":"https:\/\/blogs.nmz.de\/wm2014\/2016\/10\/15\/musik-leben-in-donaubashingen\/#breadcrumb"},"inLanguage":"de","potentialAction":[{"@type":"ReadAction","target":["https:\/\/blogs.nmz.de\/wm2014\/2016\/10\/15\/musik-leben-in-donaubashingen\/"]}]},{"@type":"ImageObject","inLanguage":"de","@id":"https:\/\/blogs.nmz.de\/wm2014\/2016\/10\/15\/musik-leben-in-donaubashingen\/#primaryimage","url":"https:\/\/i0.wp.com\/blogs.nmz.de\/wm2014\/files\/2016\/10\/symbolbild-deschingen.jpg?fit=2200%2C1238&ssl=1","contentUrl":"https:\/\/i0.wp.com\/blogs.nmz.de\/wm2014\/files\/2016\/10\/symbolbild-deschingen.jpg?fit=2200%2C1238&ssl=1","width":2200,"height":1238,"caption":"Donaubashingen. Foto: Hufner"},{"@type":"BreadcrumbList","@id":"https:\/\/blogs.nmz.de\/wm2014\/2016\/10\/15\/musik-leben-in-donaubashingen\/#breadcrumb","itemListElement":[{"@type":"ListItem","position":1,"name":"Startseite","item":"https:\/\/blogs.nmz.de\/wm2014\/"},{"@type":"ListItem","position":2,"name":"Musik &#038; Leben in Donaubashingen"}]},{"@type":"WebSite","@id":"https:\/\/blogs.nmz.de\/wm2014\/#website","url":"https:\/\/blogs.nmz.de\/wm2014\/","name":"Auf dem Sperrsitz","description":"Im Kultur-Zoo der nmz","potentialAction":[{"@type":"SearchAction","target":{"@type":"EntryPoint","urlTemplate":"https:\/\/blogs.nmz.de\/wm2014\/?s={search_term_string}"},"query-input":{"@type":"PropertyValueSpecification","valueRequired":true,"valueName":"search_term_string"}}],"inLanguage":"de"},{"@type":"Person","@id":"https:\/\/blogs.nmz.de\/wm2014\/#\/schema\/person\/488a80049cf0bbc4cce99951ae91c3b9","name":"Martin Hufner","image":{"@type":"ImageObject","inLanguage":"de","@id":"https:\/\/secure.gravatar.com\/avatar\/891bbce378eb0bdbf7f71559e53af16afd9e2f8a020e2f876adcfcd437cd011a?s=96&d=mm&r=g","url":"https:\/\/secure.gravatar.com\/avatar\/891bbce378eb0bdbf7f71559e53af16afd9e2f8a020e2f876adcfcd437cd011a?s=96&d=mm&r=g","contentUrl":"https:\/\/secure.gravatar.com\/avatar\/891bbce378eb0bdbf7f71559e53af16afd9e2f8a020e2f876adcfcd437cd011a?s=96&d=mm&r=g","caption":"Martin Hufner"},"description":"seit 1997 chef\u00f6konom der kritischen masse und netzbabysitter der nmz.","sameAs":["https:\/\/www.musikkritik.org","http:\/\/www.facebook.com\/hufner","https:\/\/www.linkedin.com\/profile\/view?id=48050869&trk=spm_pic","https:\/\/x.com\/huflaikhan"],"url":"https:\/\/blogs.nmz.de\/wm2014\/author\/admin\/"}]}},"wp-worthy-pixel":{"ignored":false,"public":null,"server":null,"url":null},"wp-worthy-type":"normal","jetpack_featured_media_url":"https:\/\/i0.wp.com\/blogs.nmz.de\/wm2014\/files\/2016\/10\/symbolbild-deschingen.jpg?fit=2200%2C1238&ssl=1","jetpack_shortlink":"https:\/\/wp.me\/p4Gg77-Ca","jetpack-related-posts":[],"jetpack_sharing_enabled":true,"_links":{"self":[{"href":"https:\/\/blogs.nmz.de\/wm2014\/wp-json\/wp\/v2\/posts\/2366","targetHints":{"allow":["GET"]}}],"collection":[{"href":"https:\/\/blogs.nmz.de\/wm2014\/wp-json\/wp\/v2\/posts"}],"about":[{"href":"https:\/\/blogs.nmz.de\/wm2014\/wp-json\/wp\/v2\/types\/post"}],"author":[{"embeddable":true,"href":"https:\/\/blogs.nmz.de\/wm2014\/wp-json\/wp\/v2\/users\/1"}],"replies":[{"embeddable":true,"href":"https:\/\/blogs.nmz.de\/wm2014\/wp-json\/wp\/v2\/comments?post=2366"}],"version-history":[{"count":5,"href":"https:\/\/blogs.nmz.de\/wm2014\/wp-json\/wp\/v2\/posts\/2366\/revisions"}],"predecessor-version":[{"id":2372,"href":"https:\/\/blogs.nmz.de\/wm2014\/wp-json\/wp\/v2\/posts\/2366\/revisions\/2372"}],"wp:featuredmedia":[{"embeddable":true,"href":"https:\/\/blogs.nmz.de\/wm2014\/wp-json\/wp\/v2\/media\/2368"}],"wp:attachment":[{"href":"https:\/\/blogs.nmz.de\/wm2014\/wp-json\/wp\/v2\/media?parent=2366"}],"wp:term":[{"taxonomy":"category","embeddable":true,"href":"https:\/\/blogs.nmz.de\/wm2014\/wp-json\/wp\/v2\/categories?post=2366"},{"taxonomy":"post_tag","embeddable":true,"href":"https:\/\/blogs.nmz.de\/wm2014\/wp-json\/wp\/v2\/tags?post=2366"}],"curies":[{"name":"wp","href":"https:\/\/api.w.org\/{rel}","templated":true}]}}