{"id":2263,"date":"2016-07-29T10:49:45","date_gmt":"2016-07-29T08:49:45","guid":{"rendered":"http:\/\/blogs.nmz.de\/wm2014\/?p=2263"},"modified":"2016-07-29T19:16:22","modified_gmt":"2016-07-29T17:16:22","slug":"darmstadt-und-das-musikalische-erdbeben-bleibt-aus","status":"publish","type":"post","link":"https:\/\/blogs.nmz.de\/wm2014\/2016\/07\/29\/darmstadt-und-das-musikalische-erdbeben-bleibt-aus\/","title":{"rendered":"Darmstadt und das musikalische Erdbeben \u2026 bleibt aus \u2026"},"content":{"rendered":"<p>Was hat es mit den Ferienkursen in Darmstadt nur auf sich. Nach wie vor scheiden sich die Geister an dieser Veranstaltung, die alle zwei Jahre in der eigentlichen Hauptstadt Hessen seit gef\u00fchlten Urzeiten stattfinden. Schon kleinste T\u00e4tigkeiten, wie das Auspacken der &#8222;Darmst\u00e4dter Beitr\u00e4ge zur Neuen Musik&#8220; durch deren Herausgeber l\u00f6sen Miniaturkommentarst\u00fcrme aus. Der Name des Ortes bietet die passende Ramp f\u00fcr allerlei Jahrhunderte alte Witze- und Frotzeleien.<\/p>\n<p>Schaut man nur grob in die Vergangenheit der Veranstaltung, sieht man, oh Wunder: es war immer schon so. Auch vor Zeiten von Twitter, Facebook und Blogs. D\u00fcnnh\u00e4utigkeit wohin man auch blickte. Und das ist ja der Darmstadt-Effekt, der Apologetinnen wie Kritikerinnen in Beschlag nimmt.<\/p>\n<p>Dieses Jahr freilich hat man sich auch einiges vorgenommen. Es geht um den Stand der Dinge.<\/p>\n<h2>Attack the future<\/h2>\n<p>Und das ist wie beim Fussball, bei der EM oder der WM, wie bei der Tour de France. Der Qualifikationsmodus ist ein bisschen schwerer zu durchschauen. Das Endspiel zugleich ist f\u00fcr die meisten irrelevant.<\/p>\n<blockquote><p>Sollen wir die Zukunft attackieren oder lieber Vergangenes ausgraben? \u2013<em> Irvine Arditti<\/em><\/p><\/blockquote>\n<p>Ich bin mir nicht sicher. Aber umgekehrt w\u00e4re die Fragestellung meines Erachtens durchaus besser und ertragreicher. Auch wenn eigentlich das alternativlose <em>oder<\/em> m\u00f6glicherweise in die falsche Richtung weist. Ganz ehrlich? Wir sollten uns einfach ein bisschen \u00fcberraschen lassen. In 14 Tagen wei\u00df man mehr. Bis dahin sollten einige Zahnschmerzen \u00fcberwunden worden sein, bis dahin darf gefightet werden. Danach ist man in jedem Fall auf die eine oder andere Art schlauer \u2013 \u2026 oder auch nicht. Ich werde f\u00fcr <a href=\"http:\/\/www.internationales-musikinstitut.de\/programm2016\/316-31-07-2016\/1804-infinity.html\">eine Veranstaltung vorbeischnuppern<\/a>.<\/p>\n<h3><a href=\"http:\/\/www.uffbasse-darmstadt.de\/\">Uffbasse!<\/a><\/h3>\n","protected":false},"excerpt":{"rendered":"<p>Was hat es mit den Ferienkursen in Darmstadt nur auf sich. Nach wie vor scheiden sich die Geister an dieser Veranstaltung, die alle zwei Jahre in der eigentlichen Hauptstadt Hessen seit gef\u00fchlten Urzeiten stattfinden. Schon kleinste T\u00e4tigkeiten, wie das Auspacken&#8230; <a class=\"more-link\" href=\"https:\/\/blogs.nmz.de\/wm2014\/2016\/07\/29\/darmstadt-und-das-musikalische-erdbeben-bleibt-aus\/\">Weiterlesen &rarr;<\/a><\/p>\n","protected":false},"author":1,"featured_media":2266,"comment_status":"open","ping_status":"open","sticky":false,"template":"","format":"standard","meta":{"_jetpack_memberships_contains_paid_content":false,"footnotes":""},"categories":[29,385,533],"tags":[11508,59,2256],"class_list":["post-2263","post","type-post","status-publish","format-standard","has-post-thumbnail","hentry","category-aesthetik","category-kultur","category-musik","tag-darmstadt-ferienkurse-fuer-neue-musik","tag-neue-musik","tag-zukunft"],"yoast_head":"<!-- This site is optimized with the Yoast SEO plugin v27.4 - https:\/\/yoast.com\/product\/yoast-seo-wordpress\/ -->\n<title>Darmstadt und das musikalische Erdbeben \u2026 bleibt aus \u2026 - Auf dem Sperrsitz<\/title>\n<meta name=\"robots\" content=\"index, follow, max-snippet:-1, max-image-preview:large, max-video-preview:-1\" \/>\n<link rel=\"canonical\" href=\"https:\/\/blogs.nmz.de\/wm2014\/2016\/07\/29\/darmstadt-und-das-musikalische-erdbeben-bleibt-aus\/\" \/>\n<meta property=\"og:locale\" content=\"de_DE\" \/>\n<meta property=\"og:type\" content=\"article\" \/>\n<meta property=\"og:title\" content=\"Darmstadt und das musikalische Erdbeben \u2026 bleibt aus \u2026 - Auf dem Sperrsitz\" \/>\n<meta property=\"og:description\" content=\"Was hat es mit den Ferienkursen in Darmstadt nur auf sich. Nach wie vor scheiden sich die Geister an dieser Veranstaltung, die alle zwei Jahre in der eigentlichen Hauptstadt Hessen seit gef\u00fchlten Urzeiten stattfinden. Schon kleinste T\u00e4tigkeiten, wie das Auspacken... Weiterlesen &rarr;\" \/>\n<meta property=\"og:url\" content=\"https:\/\/blogs.nmz.de\/wm2014\/2016\/07\/29\/darmstadt-und-das-musikalische-erdbeben-bleibt-aus\/\" \/>\n<meta property=\"og:site_name\" content=\"Auf dem Sperrsitz\" \/>\n<meta property=\"article:publisher\" content=\"http:\/\/www.facebook.com\/musikzeitung\" \/>\n<meta property=\"article:author\" content=\"http:\/\/www.facebook.com\/hufner\" \/>\n<meta property=\"article:published_time\" content=\"2016-07-29T08:49:45+00:00\" \/>\n<meta property=\"article:modified_time\" content=\"2016-07-29T17:16:22+00:00\" \/>\n<meta property=\"og:image\" content=\"https:\/\/i2.wp.com\/blogs.nmz.de\/wm2014\/files\/2016\/07\/occupy_timeline3.jpg?fit=1800%2C1200&ssl=1\" \/>\n\t<meta property=\"og:image:width\" content=\"1800\" \/>\n\t<meta property=\"og:image:height\" content=\"1200\" \/>\n\t<meta property=\"og:image:type\" content=\"image\/jpeg\" \/>\n<meta name=\"author\" content=\"Martin Hufner\" \/>\n<meta name=\"twitter:card\" content=\"summary_large_image\" \/>\n<meta name=\"twitter:creator\" content=\"@huflaikhan\" \/>\n<meta name=\"twitter:site\" content=\"@musikzeitung\" \/>\n<meta name=\"twitter:label1\" content=\"Verfasst von\" \/>\n\t<meta name=\"twitter:data1\" content=\"Martin Hufner\" \/>\n\t<meta name=\"twitter:label2\" content=\"Gesch\u00e4tzte Lesezeit\" \/>\n\t<meta name=\"twitter:data2\" content=\"1\u00a0Minute\" \/>\n<script type=\"application\/ld+json\" class=\"yoast-schema-graph\">{\"@context\":\"https:\\\/\\\/schema.org\",\"@graph\":[{\"@type\":\"Article\",\"@id\":\"https:\\\/\\\/blogs.nmz.de\\\/wm2014\\\/2016\\\/07\\\/29\\\/darmstadt-und-das-musikalische-erdbeben-bleibt-aus\\\/#article\",\"isPartOf\":{\"@id\":\"https:\\\/\\\/blogs.nmz.de\\\/wm2014\\\/2016\\\/07\\\/29\\\/darmstadt-und-das-musikalische-erdbeben-bleibt-aus\\\/\"},\"author\":{\"name\":\"Martin Hufner\",\"@id\":\"https:\\\/\\\/blogs.nmz.de\\\/wm2014\\\/#\\\/schema\\\/person\\\/488a80049cf0bbc4cce99951ae91c3b9\"},\"headline\":\"Darmstadt und das musikalische Erdbeben \u2026 bleibt aus \u2026\",\"datePublished\":\"2016-07-29T08:49:45+00:00\",\"dateModified\":\"2016-07-29T17:16:22+00:00\",\"mainEntityOfPage\":{\"@id\":\"https:\\\/\\\/blogs.nmz.de\\\/wm2014\\\/2016\\\/07\\\/29\\\/darmstadt-und-das-musikalische-erdbeben-bleibt-aus\\\/\"},\"wordCount\":274,\"commentCount\":10,\"image\":{\"@id\":\"https:\\\/\\\/blogs.nmz.de\\\/wm2014\\\/2016\\\/07\\\/29\\\/darmstadt-und-das-musikalische-erdbeben-bleibt-aus\\\/#primaryimage\"},\"thumbnailUrl\":\"https:\\\/\\\/i0.wp.com\\\/blogs.nmz.de\\\/wm2014\\\/files\\\/2016\\\/07\\\/occupy_timeline3.jpg?fit=1800%2C1200&ssl=1\",\"keywords\":[\"Darmstadt Ferienkurse f\u00fcr neue Musik\",\"Neue Musik\",\"Zukunft\"],\"articleSection\":[\"\u00c4sthetik\",\"Kultur\",\"Musik\"],\"inLanguage\":\"de\",\"potentialAction\":[{\"@type\":\"CommentAction\",\"name\":\"Comment\",\"target\":[\"https:\\\/\\\/blogs.nmz.de\\\/wm2014\\\/2016\\\/07\\\/29\\\/darmstadt-und-das-musikalische-erdbeben-bleibt-aus\\\/#respond\"]}]},{\"@type\":\"WebPage\",\"@id\":\"https:\\\/\\\/blogs.nmz.de\\\/wm2014\\\/2016\\\/07\\\/29\\\/darmstadt-und-das-musikalische-erdbeben-bleibt-aus\\\/\",\"url\":\"https:\\\/\\\/blogs.nmz.de\\\/wm2014\\\/2016\\\/07\\\/29\\\/darmstadt-und-das-musikalische-erdbeben-bleibt-aus\\\/\",\"name\":\"Darmstadt und das musikalische Erdbeben \u2026 bleibt aus \u2026 - Auf dem Sperrsitz\",\"isPartOf\":{\"@id\":\"https:\\\/\\\/blogs.nmz.de\\\/wm2014\\\/#website\"},\"primaryImageOfPage\":{\"@id\":\"https:\\\/\\\/blogs.nmz.de\\\/wm2014\\\/2016\\\/07\\\/29\\\/darmstadt-und-das-musikalische-erdbeben-bleibt-aus\\\/#primaryimage\"},\"image\":{\"@id\":\"https:\\\/\\\/blogs.nmz.de\\\/wm2014\\\/2016\\\/07\\\/29\\\/darmstadt-und-das-musikalische-erdbeben-bleibt-aus\\\/#primaryimage\"},\"thumbnailUrl\":\"https:\\\/\\\/i0.wp.com\\\/blogs.nmz.de\\\/wm2014\\\/files\\\/2016\\\/07\\\/occupy_timeline3.jpg?fit=1800%2C1200&ssl=1\",\"datePublished\":\"2016-07-29T08:49:45+00:00\",\"dateModified\":\"2016-07-29T17:16:22+00:00\",\"author\":{\"@id\":\"https:\\\/\\\/blogs.nmz.de\\\/wm2014\\\/#\\\/schema\\\/person\\\/488a80049cf0bbc4cce99951ae91c3b9\"},\"breadcrumb\":{\"@id\":\"https:\\\/\\\/blogs.nmz.de\\\/wm2014\\\/2016\\\/07\\\/29\\\/darmstadt-und-das-musikalische-erdbeben-bleibt-aus\\\/#breadcrumb\"},\"inLanguage\":\"de\",\"potentialAction\":[{\"@type\":\"ReadAction\",\"target\":[\"https:\\\/\\\/blogs.nmz.de\\\/wm2014\\\/2016\\\/07\\\/29\\\/darmstadt-und-das-musikalische-erdbeben-bleibt-aus\\\/\"]}]},{\"@type\":\"ImageObject\",\"inLanguage\":\"de\",\"@id\":\"https:\\\/\\\/blogs.nmz.de\\\/wm2014\\\/2016\\\/07\\\/29\\\/darmstadt-und-das-musikalische-erdbeben-bleibt-aus\\\/#primaryimage\",\"url\":\"https:\\\/\\\/i0.wp.com\\\/blogs.nmz.de\\\/wm2014\\\/files\\\/2016\\\/07\\\/occupy_timeline3.jpg?fit=1800%2C1200&ssl=1\",\"contentUrl\":\"https:\\\/\\\/i0.wp.com\\\/blogs.nmz.de\\\/wm2014\\\/files\\\/2016\\\/07\\\/occupy_timeline3.jpg?fit=1800%2C1200&ssl=1\",\"width\":1800,\"height\":1200,\"caption\":\"Occupy Timeline. Foto: Hufner\"},{\"@type\":\"BreadcrumbList\",\"@id\":\"https:\\\/\\\/blogs.nmz.de\\\/wm2014\\\/2016\\\/07\\\/29\\\/darmstadt-und-das-musikalische-erdbeben-bleibt-aus\\\/#breadcrumb\",\"itemListElement\":[{\"@type\":\"ListItem\",\"position\":1,\"name\":\"Startseite\",\"item\":\"https:\\\/\\\/blogs.nmz.de\\\/wm2014\\\/\"},{\"@type\":\"ListItem\",\"position\":2,\"name\":\"Darmstadt und das musikalische Erdbeben \u2026 bleibt aus \u2026\"}]},{\"@type\":\"WebSite\",\"@id\":\"https:\\\/\\\/blogs.nmz.de\\\/wm2014\\\/#website\",\"url\":\"https:\\\/\\\/blogs.nmz.de\\\/wm2014\\\/\",\"name\":\"Auf dem Sperrsitz\",\"description\":\"Im Kultur-Zoo der nmz\",\"potentialAction\":[{\"@type\":\"SearchAction\",\"target\":{\"@type\":\"EntryPoint\",\"urlTemplate\":\"https:\\\/\\\/blogs.nmz.de\\\/wm2014\\\/?s={search_term_string}\"},\"query-input\":{\"@type\":\"PropertyValueSpecification\",\"valueRequired\":true,\"valueName\":\"search_term_string\"}}],\"inLanguage\":\"de\"},{\"@type\":\"Person\",\"@id\":\"https:\\\/\\\/blogs.nmz.de\\\/wm2014\\\/#\\\/schema\\\/person\\\/488a80049cf0bbc4cce99951ae91c3b9\",\"name\":\"Martin Hufner\",\"image\":{\"@type\":\"ImageObject\",\"inLanguage\":\"de\",\"@id\":\"https:\\\/\\\/secure.gravatar.com\\\/avatar\\\/891bbce378eb0bdbf7f71559e53af16afd9e2f8a020e2f876adcfcd437cd011a?s=96&d=mm&r=g\",\"url\":\"https:\\\/\\\/secure.gravatar.com\\\/avatar\\\/891bbce378eb0bdbf7f71559e53af16afd9e2f8a020e2f876adcfcd437cd011a?s=96&d=mm&r=g\",\"contentUrl\":\"https:\\\/\\\/secure.gravatar.com\\\/avatar\\\/891bbce378eb0bdbf7f71559e53af16afd9e2f8a020e2f876adcfcd437cd011a?s=96&d=mm&r=g\",\"caption\":\"Martin Hufner\"},\"description\":\"seit 1997 chef\u00f6konom der kritischen masse und netzbabysitter der nmz.\",\"sameAs\":[\"https:\\\/\\\/www.musikkritik.org\",\"http:\\\/\\\/www.facebook.com\\\/hufner\",\"https:\\\/\\\/www.linkedin.com\\\/profile\\\/view?id=48050869&trk=spm_pic\",\"https:\\\/\\\/x.com\\\/huflaikhan\"],\"url\":\"https:\\\/\\\/blogs.nmz.de\\\/wm2014\\\/author\\\/admin\\\/\"}]}<\/script>\n<!-- \/ Yoast SEO plugin. -->","yoast_head_json":{"title":"Darmstadt und das musikalische Erdbeben \u2026 bleibt aus \u2026 - Auf dem Sperrsitz","robots":{"index":"index","follow":"follow","max-snippet":"max-snippet:-1","max-image-preview":"max-image-preview:large","max-video-preview":"max-video-preview:-1"},"canonical":"https:\/\/blogs.nmz.de\/wm2014\/2016\/07\/29\/darmstadt-und-das-musikalische-erdbeben-bleibt-aus\/","og_locale":"de_DE","og_type":"article","og_title":"Darmstadt und das musikalische Erdbeben \u2026 bleibt aus \u2026 - Auf dem Sperrsitz","og_description":"Was hat es mit den Ferienkursen in Darmstadt nur auf sich. Nach wie vor scheiden sich die Geister an dieser Veranstaltung, die alle zwei Jahre in der eigentlichen Hauptstadt Hessen seit gef\u00fchlten Urzeiten stattfinden. Schon kleinste T\u00e4tigkeiten, wie das Auspacken... Weiterlesen &rarr;","og_url":"https:\/\/blogs.nmz.de\/wm2014\/2016\/07\/29\/darmstadt-und-das-musikalische-erdbeben-bleibt-aus\/","og_site_name":"Auf dem Sperrsitz","article_publisher":"http:\/\/www.facebook.com\/musikzeitung","article_author":"http:\/\/www.facebook.com\/hufner","article_published_time":"2016-07-29T08:49:45+00:00","article_modified_time":"2016-07-29T17:16:22+00:00","og_image":[{"width":1800,"height":1200,"url":"https:\/\/i2.wp.com\/blogs.nmz.de\/wm2014\/files\/2016\/07\/occupy_timeline3.jpg?fit=1800%2C1200&ssl=1","type":"image\/jpeg"}],"author":"Martin Hufner","twitter_card":"summary_large_image","twitter_creator":"@huflaikhan","twitter_site":"@musikzeitung","twitter_misc":{"Verfasst von":"Martin Hufner","Gesch\u00e4tzte Lesezeit":"1\u00a0Minute"},"schema":{"@context":"https:\/\/schema.org","@graph":[{"@type":"Article","@id":"https:\/\/blogs.nmz.de\/wm2014\/2016\/07\/29\/darmstadt-und-das-musikalische-erdbeben-bleibt-aus\/#article","isPartOf":{"@id":"https:\/\/blogs.nmz.de\/wm2014\/2016\/07\/29\/darmstadt-und-das-musikalische-erdbeben-bleibt-aus\/"},"author":{"name":"Martin Hufner","@id":"https:\/\/blogs.nmz.de\/wm2014\/#\/schema\/person\/488a80049cf0bbc4cce99951ae91c3b9"},"headline":"Darmstadt und das musikalische Erdbeben \u2026 bleibt aus \u2026","datePublished":"2016-07-29T08:49:45+00:00","dateModified":"2016-07-29T17:16:22+00:00","mainEntityOfPage":{"@id":"https:\/\/blogs.nmz.de\/wm2014\/2016\/07\/29\/darmstadt-und-das-musikalische-erdbeben-bleibt-aus\/"},"wordCount":274,"commentCount":10,"image":{"@id":"https:\/\/blogs.nmz.de\/wm2014\/2016\/07\/29\/darmstadt-und-das-musikalische-erdbeben-bleibt-aus\/#primaryimage"},"thumbnailUrl":"https:\/\/i0.wp.com\/blogs.nmz.de\/wm2014\/files\/2016\/07\/occupy_timeline3.jpg?fit=1800%2C1200&ssl=1","keywords":["Darmstadt Ferienkurse f\u00fcr neue Musik","Neue Musik","Zukunft"],"articleSection":["\u00c4sthetik","Kultur","Musik"],"inLanguage":"de","potentialAction":[{"@type":"CommentAction","name":"Comment","target":["https:\/\/blogs.nmz.de\/wm2014\/2016\/07\/29\/darmstadt-und-das-musikalische-erdbeben-bleibt-aus\/#respond"]}]},{"@type":"WebPage","@id":"https:\/\/blogs.nmz.de\/wm2014\/2016\/07\/29\/darmstadt-und-das-musikalische-erdbeben-bleibt-aus\/","url":"https:\/\/blogs.nmz.de\/wm2014\/2016\/07\/29\/darmstadt-und-das-musikalische-erdbeben-bleibt-aus\/","name":"Darmstadt und das musikalische Erdbeben \u2026 bleibt aus \u2026 - Auf dem Sperrsitz","isPartOf":{"@id":"https:\/\/blogs.nmz.de\/wm2014\/#website"},"primaryImageOfPage":{"@id":"https:\/\/blogs.nmz.de\/wm2014\/2016\/07\/29\/darmstadt-und-das-musikalische-erdbeben-bleibt-aus\/#primaryimage"},"image":{"@id":"https:\/\/blogs.nmz.de\/wm2014\/2016\/07\/29\/darmstadt-und-das-musikalische-erdbeben-bleibt-aus\/#primaryimage"},"thumbnailUrl":"https:\/\/i0.wp.com\/blogs.nmz.de\/wm2014\/files\/2016\/07\/occupy_timeline3.jpg?fit=1800%2C1200&ssl=1","datePublished":"2016-07-29T08:49:45+00:00","dateModified":"2016-07-29T17:16:22+00:00","author":{"@id":"https:\/\/blogs.nmz.de\/wm2014\/#\/schema\/person\/488a80049cf0bbc4cce99951ae91c3b9"},"breadcrumb":{"@id":"https:\/\/blogs.nmz.de\/wm2014\/2016\/07\/29\/darmstadt-und-das-musikalische-erdbeben-bleibt-aus\/#breadcrumb"},"inLanguage":"de","potentialAction":[{"@type":"ReadAction","target":["https:\/\/blogs.nmz.de\/wm2014\/2016\/07\/29\/darmstadt-und-das-musikalische-erdbeben-bleibt-aus\/"]}]},{"@type":"ImageObject","inLanguage":"de","@id":"https:\/\/blogs.nmz.de\/wm2014\/2016\/07\/29\/darmstadt-und-das-musikalische-erdbeben-bleibt-aus\/#primaryimage","url":"https:\/\/i0.wp.com\/blogs.nmz.de\/wm2014\/files\/2016\/07\/occupy_timeline3.jpg?fit=1800%2C1200&ssl=1","contentUrl":"https:\/\/i0.wp.com\/blogs.nmz.de\/wm2014\/files\/2016\/07\/occupy_timeline3.jpg?fit=1800%2C1200&ssl=1","width":1800,"height":1200,"caption":"Occupy Timeline. Foto: Hufner"},{"@type":"BreadcrumbList","@id":"https:\/\/blogs.nmz.de\/wm2014\/2016\/07\/29\/darmstadt-und-das-musikalische-erdbeben-bleibt-aus\/#breadcrumb","itemListElement":[{"@type":"ListItem","position":1,"name":"Startseite","item":"https:\/\/blogs.nmz.de\/wm2014\/"},{"@type":"ListItem","position":2,"name":"Darmstadt und das musikalische Erdbeben \u2026 bleibt aus \u2026"}]},{"@type":"WebSite","@id":"https:\/\/blogs.nmz.de\/wm2014\/#website","url":"https:\/\/blogs.nmz.de\/wm2014\/","name":"Auf dem Sperrsitz","description":"Im Kultur-Zoo der nmz","potentialAction":[{"@type":"SearchAction","target":{"@type":"EntryPoint","urlTemplate":"https:\/\/blogs.nmz.de\/wm2014\/?s={search_term_string}"},"query-input":{"@type":"PropertyValueSpecification","valueRequired":true,"valueName":"search_term_string"}}],"inLanguage":"de"},{"@type":"Person","@id":"https:\/\/blogs.nmz.de\/wm2014\/#\/schema\/person\/488a80049cf0bbc4cce99951ae91c3b9","name":"Martin Hufner","image":{"@type":"ImageObject","inLanguage":"de","@id":"https:\/\/secure.gravatar.com\/avatar\/891bbce378eb0bdbf7f71559e53af16afd9e2f8a020e2f876adcfcd437cd011a?s=96&d=mm&r=g","url":"https:\/\/secure.gravatar.com\/avatar\/891bbce378eb0bdbf7f71559e53af16afd9e2f8a020e2f876adcfcd437cd011a?s=96&d=mm&r=g","contentUrl":"https:\/\/secure.gravatar.com\/avatar\/891bbce378eb0bdbf7f71559e53af16afd9e2f8a020e2f876adcfcd437cd011a?s=96&d=mm&r=g","caption":"Martin Hufner"},"description":"seit 1997 chef\u00f6konom der kritischen masse und netzbabysitter der nmz.","sameAs":["https:\/\/www.musikkritik.org","http:\/\/www.facebook.com\/hufner","https:\/\/www.linkedin.com\/profile\/view?id=48050869&trk=spm_pic","https:\/\/x.com\/huflaikhan"],"url":"https:\/\/blogs.nmz.de\/wm2014\/author\/admin\/"}]}},"wp-worthy-pixel":{"ignored":false,"public":null,"server":null,"url":null},"wp-worthy-type":"normal","jetpack_featured_media_url":"https:\/\/i0.wp.com\/blogs.nmz.de\/wm2014\/files\/2016\/07\/occupy_timeline3.jpg?fit=1800%2C1200&ssl=1","jetpack_shortlink":"https:\/\/wp.me\/p4Gg77-Av","jetpack-related-posts":[],"jetpack_sharing_enabled":true,"_links":{"self":[{"href":"https:\/\/blogs.nmz.de\/wm2014\/wp-json\/wp\/v2\/posts\/2263","targetHints":{"allow":["GET"]}}],"collection":[{"href":"https:\/\/blogs.nmz.de\/wm2014\/wp-json\/wp\/v2\/posts"}],"about":[{"href":"https:\/\/blogs.nmz.de\/wm2014\/wp-json\/wp\/v2\/types\/post"}],"author":[{"embeddable":true,"href":"https:\/\/blogs.nmz.de\/wm2014\/wp-json\/wp\/v2\/users\/1"}],"replies":[{"embeddable":true,"href":"https:\/\/blogs.nmz.de\/wm2014\/wp-json\/wp\/v2\/comments?post=2263"}],"version-history":[{"count":1,"href":"https:\/\/blogs.nmz.de\/wm2014\/wp-json\/wp\/v2\/posts\/2263\/revisions"}],"predecessor-version":[{"id":2265,"href":"https:\/\/blogs.nmz.de\/wm2014\/wp-json\/wp\/v2\/posts\/2263\/revisions\/2265"}],"wp:featuredmedia":[{"embeddable":true,"href":"https:\/\/blogs.nmz.de\/wm2014\/wp-json\/wp\/v2\/media\/2266"}],"wp:attachment":[{"href":"https:\/\/blogs.nmz.de\/wm2014\/wp-json\/wp\/v2\/media?parent=2263"}],"wp:term":[{"taxonomy":"category","embeddable":true,"href":"https:\/\/blogs.nmz.de\/wm2014\/wp-json\/wp\/v2\/categories?post=2263"},{"taxonomy":"post_tag","embeddable":true,"href":"https:\/\/blogs.nmz.de\/wm2014\/wp-json\/wp\/v2\/tags?post=2263"}],"curies":[{"name":"wp","href":"https:\/\/api.w.org\/{rel}","templated":true}]}}