{"id":2244,"date":"2016-07-15T09:27:48","date_gmt":"2016-07-15T07:27:48","guid":{"rendered":"http:\/\/blogs.nmz.de\/wm2014\/?p=2244"},"modified":"2024-02-15T12:37:02","modified_gmt":"2024-02-15T11:37:02","slug":"infografiken-zur-desinformation-nutzen","status":"publish","type":"post","link":"https:\/\/blogs.nmz.de\/wm2014\/2016\/07\/15\/infografiken-zur-desinformation-nutzen\/","title":{"rendered":"Kulturpolitik: Wie man Infografiken zur Desinformation nutzt"},"content":{"rendered":"<p>Wie man der Grafik entnehmen kann, werden sich die laufenden Ausgaben im Gesch\u00e4ftsbereich Kultur der Landeshauptstadt Dresden von Plan 2016 nach Plan 2017 fast verdoppeln. Das zumindest k\u00f6nnte die Grafik (Folie 14) nahelegen, die ich \u00fcber <a href=\"https:\/\/twitter.com\/stefanolix\/status\/753845267531567104\">einen Tweet heute gesehen habe<\/a>. Dramatisiert wird das alles noch durch die Hinzuf\u00fcgung der absoluten Zahl von 9,5 Mio in rot und mit Pfeil. Die absoluten Zahlen dagegen gehen von einer Steigerung von etwas \u00fcber 10 Prozent aus. Das mag viel oder wenig sein, es mag daf\u00fcr Gr\u00fcnde geben, gute oder weniger gute: Warum aber setzt man diese suggestive Infografik ein? Um Angst zu erzeugen? Oder um anzuzeigen, dass man sich so gro\u00dfz\u00fcgig zeigt?<\/p>\n<p>Vergrafikte Zahlen sind alles andere als wertfrei, sie t\u00e4uschen Realit\u00e4ten vor, die es so nicht gibt, bzw. sie schaffen eine Realit\u00e4t, die eine erfundene und gerne manipulative ist. <a href=\"https:\/\/twitter.com\/gitarra\">@gitarra<\/a> hat das auf Twitter einmal sehr sch\u00f6n in Worte gegossen:<\/p>\n<blockquote class=\"twitter-tweet\" data-width=\"550\">\n<p lang=\"de\" dir=\"ltr\">Ich hasse Infografiken!!!! <br \/>Ich empfinde sie als Beleidigung meiner Intelligenz, Zahlen schnell erfassen und werten zu k\u00f6nnen.<\/p>\n<p>&mdash; Heike Ingisd\u00f3ttir (@gitarra) <a href=\"https:\/\/twitter.com\/gitarra\/status\/749891817135538176\">July 4, 2016<\/a><\/p><\/blockquote>\n<p><script async src=\"\/\/platform.twitter.com\/widgets.js\" charset=\"utf-8\"><\/script><\/p>\n<p>Stimmt.<\/p>\n<p>&nbsp;<\/p>\n","protected":false},"excerpt":{"rendered":"<p>Wie man der Grafik entnehmen kann, werden sich die laufenden Ausgaben im Gesch\u00e4ftsbereich Kultur der Landeshauptstadt Dresden von Plan 2016 nach Plan 2017 fast verdoppeln. Das zumindest k\u00f6nnte die Grafik (Folie 14) nahelegen, die ich \u00fcber einen Tweet heute gesehen&#8230; <a class=\"more-link\" href=\"https:\/\/blogs.nmz.de\/wm2014\/2016\/07\/15\/infografiken-zur-desinformation-nutzen\/\">Weiterlesen &rarr;<\/a><\/p>\n","protected":false},"author":1,"featured_media":2245,"comment_status":"open","ping_status":"open","sticky":false,"template":"","format":"standard","meta":{"_jetpack_memberships_contains_paid_content":false,"footnotes":""},"categories":[385,860],"tags":[13852,13107,266,13113,13851],"class_list":["post-2244","post","type-post","status-publish","format-standard","has-post-thumbnail","hentry","category-kultur","category-politik","tag-information","tag-kultur","tag-kulturpolitik","tag-politik","tag-verdummung"],"yoast_head":"<!-- This site is optimized with the Yoast SEO plugin v27.4 - https:\/\/yoast.com\/product\/yoast-seo-wordpress\/ -->\n<title>Kulturpolitik: Wie man Infografiken zur Desinformation nutzt - Auf dem Sperrsitz<\/title>\n<meta name=\"robots\" content=\"index, follow, max-snippet:-1, max-image-preview:large, max-video-preview:-1\" \/>\n<link rel=\"canonical\" href=\"https:\/\/blogs.nmz.de\/wm2014\/2016\/07\/15\/infografiken-zur-desinformation-nutzen\/\" \/>\n<meta property=\"og:locale\" content=\"de_DE\" \/>\n<meta property=\"og:type\" content=\"article\" \/>\n<meta property=\"og:title\" content=\"Kulturpolitik: Wie man Infografiken zur Desinformation nutzt - Auf dem Sperrsitz\" \/>\n<meta property=\"og:description\" content=\"Wie man der Grafik entnehmen kann, werden sich die laufenden Ausgaben im Gesch\u00e4ftsbereich Kultur der Landeshauptstadt Dresden von Plan 2016 nach Plan 2017 fast verdoppeln. Das zumindest k\u00f6nnte die Grafik (Folie 14) nahelegen, die ich \u00fcber einen Tweet heute gesehen... Weiterlesen &rarr;\" \/>\n<meta property=\"og:url\" content=\"https:\/\/blogs.nmz.de\/wm2014\/2016\/07\/15\/infografiken-zur-desinformation-nutzen\/\" \/>\n<meta property=\"og:site_name\" content=\"Auf dem Sperrsitz\" \/>\n<meta property=\"article:publisher\" content=\"http:\/\/www.facebook.com\/musikzeitung\" \/>\n<meta property=\"article:author\" content=\"http:\/\/www.facebook.com\/hufner\" \/>\n<meta property=\"article:published_time\" content=\"2016-07-15T07:27:48+00:00\" \/>\n<meta property=\"article:modified_time\" content=\"2024-02-15T11:37:02+00:00\" \/>\n<meta property=\"og:image\" content=\"https:\/\/blogs.nmz.de\/wm2014\/files\/2016\/07\/statistik-luege.jpg\" \/>\n\t<meta property=\"og:image:width\" content=\"1200\" \/>\n\t<meta property=\"og:image:height\" content=\"848\" \/>\n\t<meta property=\"og:image:type\" content=\"image\/jpeg\" \/>\n<meta name=\"author\" content=\"Martin Hufner\" \/>\n<meta name=\"twitter:card\" content=\"summary_large_image\" \/>\n<meta name=\"twitter:creator\" content=\"@huflaikhan\" \/>\n<meta name=\"twitter:site\" content=\"@musikzeitung\" \/>\n<meta name=\"twitter:label1\" content=\"Verfasst von\" \/>\n\t<meta name=\"twitter:data1\" content=\"Martin Hufner\" \/>\n\t<meta name=\"twitter:label2\" content=\"Gesch\u00e4tzte Lesezeit\" \/>\n\t<meta name=\"twitter:data2\" content=\"2\u00a0Minuten\" \/>\n<script type=\"application\/ld+json\" class=\"yoast-schema-graph\">{\"@context\":\"https:\\\/\\\/schema.org\",\"@graph\":[{\"@type\":\"Article\",\"@id\":\"https:\\\/\\\/blogs.nmz.de\\\/wm2014\\\/2016\\\/07\\\/15\\\/infografiken-zur-desinformation-nutzen\\\/#article\",\"isPartOf\":{\"@id\":\"https:\\\/\\\/blogs.nmz.de\\\/wm2014\\\/2016\\\/07\\\/15\\\/infografiken-zur-desinformation-nutzen\\\/\"},\"author\":{\"name\":\"Martin Hufner\",\"@id\":\"https:\\\/\\\/blogs.nmz.de\\\/wm2014\\\/#\\\/schema\\\/person\\\/488a80049cf0bbc4cce99951ae91c3b9\"},\"headline\":\"Kulturpolitik: Wie man Infografiken zur Desinformation nutzt\",\"datePublished\":\"2016-07-15T07:27:48+00:00\",\"dateModified\":\"2024-02-15T11:37:02+00:00\",\"mainEntityOfPage\":{\"@id\":\"https:\\\/\\\/blogs.nmz.de\\\/wm2014\\\/2016\\\/07\\\/15\\\/infografiken-zur-desinformation-nutzen\\\/\"},\"wordCount\":169,\"commentCount\":0,\"image\":{\"@id\":\"https:\\\/\\\/blogs.nmz.de\\\/wm2014\\\/2016\\\/07\\\/15\\\/infografiken-zur-desinformation-nutzen\\\/#primaryimage\"},\"thumbnailUrl\":\"https:\\\/\\\/i0.wp.com\\\/blogs.nmz.de\\\/wm2014\\\/files\\\/2016\\\/07\\\/statistik-luege.jpg?fit=1200%2C848&ssl=1\",\"keywords\":[\"Information\",\"Kultur\",\"Kulturpolitik\",\"Politik\",\"Verdummung\"],\"articleSection\":[\"Kultur\",\"Politik\"],\"inLanguage\":\"de\",\"potentialAction\":[{\"@type\":\"CommentAction\",\"name\":\"Comment\",\"target\":[\"https:\\\/\\\/blogs.nmz.de\\\/wm2014\\\/2016\\\/07\\\/15\\\/infografiken-zur-desinformation-nutzen\\\/#respond\"]}]},{\"@type\":\"WebPage\",\"@id\":\"https:\\\/\\\/blogs.nmz.de\\\/wm2014\\\/2016\\\/07\\\/15\\\/infografiken-zur-desinformation-nutzen\\\/\",\"url\":\"https:\\\/\\\/blogs.nmz.de\\\/wm2014\\\/2016\\\/07\\\/15\\\/infografiken-zur-desinformation-nutzen\\\/\",\"name\":\"Kulturpolitik: Wie man Infografiken zur Desinformation nutzt - Auf dem Sperrsitz\",\"isPartOf\":{\"@id\":\"https:\\\/\\\/blogs.nmz.de\\\/wm2014\\\/#website\"},\"primaryImageOfPage\":{\"@id\":\"https:\\\/\\\/blogs.nmz.de\\\/wm2014\\\/2016\\\/07\\\/15\\\/infografiken-zur-desinformation-nutzen\\\/#primaryimage\"},\"image\":{\"@id\":\"https:\\\/\\\/blogs.nmz.de\\\/wm2014\\\/2016\\\/07\\\/15\\\/infografiken-zur-desinformation-nutzen\\\/#primaryimage\"},\"thumbnailUrl\":\"https:\\\/\\\/i0.wp.com\\\/blogs.nmz.de\\\/wm2014\\\/files\\\/2016\\\/07\\\/statistik-luege.jpg?fit=1200%2C848&ssl=1\",\"datePublished\":\"2016-07-15T07:27:48+00:00\",\"dateModified\":\"2024-02-15T11:37:02+00:00\",\"author\":{\"@id\":\"https:\\\/\\\/blogs.nmz.de\\\/wm2014\\\/#\\\/schema\\\/person\\\/488a80049cf0bbc4cce99951ae91c3b9\"},\"breadcrumb\":{\"@id\":\"https:\\\/\\\/blogs.nmz.de\\\/wm2014\\\/2016\\\/07\\\/15\\\/infografiken-zur-desinformation-nutzen\\\/#breadcrumb\"},\"inLanguage\":\"de\",\"potentialAction\":[{\"@type\":\"ReadAction\",\"target\":[\"https:\\\/\\\/blogs.nmz.de\\\/wm2014\\\/2016\\\/07\\\/15\\\/infografiken-zur-desinformation-nutzen\\\/\"]}]},{\"@type\":\"ImageObject\",\"inLanguage\":\"de\",\"@id\":\"https:\\\/\\\/blogs.nmz.de\\\/wm2014\\\/2016\\\/07\\\/15\\\/infografiken-zur-desinformation-nutzen\\\/#primaryimage\",\"url\":\"https:\\\/\\\/i0.wp.com\\\/blogs.nmz.de\\\/wm2014\\\/files\\\/2016\\\/07\\\/statistik-luege.jpg?fit=1200%2C848&ssl=1\",\"contentUrl\":\"https:\\\/\\\/i0.wp.com\\\/blogs.nmz.de\\\/wm2014\\\/files\\\/2016\\\/07\\\/statistik-luege.jpg?fit=1200%2C848&ssl=1\",\"width\":1200,\"height\":848,\"caption\":\"Wie man mit Statistik und Grafiken Politik machen will.\"},{\"@type\":\"BreadcrumbList\",\"@id\":\"https:\\\/\\\/blogs.nmz.de\\\/wm2014\\\/2016\\\/07\\\/15\\\/infografiken-zur-desinformation-nutzen\\\/#breadcrumb\",\"itemListElement\":[{\"@type\":\"ListItem\",\"position\":1,\"name\":\"Startseite\",\"item\":\"https:\\\/\\\/blogs.nmz.de\\\/wm2014\\\/\"},{\"@type\":\"ListItem\",\"position\":2,\"name\":\"Kulturpolitik: Wie man Infografiken zur Desinformation nutzt\"}]},{\"@type\":\"WebSite\",\"@id\":\"https:\\\/\\\/blogs.nmz.de\\\/wm2014\\\/#website\",\"url\":\"https:\\\/\\\/blogs.nmz.de\\\/wm2014\\\/\",\"name\":\"Auf dem Sperrsitz\",\"description\":\"Im Kultur-Zoo der nmz\",\"potentialAction\":[{\"@type\":\"SearchAction\",\"target\":{\"@type\":\"EntryPoint\",\"urlTemplate\":\"https:\\\/\\\/blogs.nmz.de\\\/wm2014\\\/?s={search_term_string}\"},\"query-input\":{\"@type\":\"PropertyValueSpecification\",\"valueRequired\":true,\"valueName\":\"search_term_string\"}}],\"inLanguage\":\"de\"},{\"@type\":\"Person\",\"@id\":\"https:\\\/\\\/blogs.nmz.de\\\/wm2014\\\/#\\\/schema\\\/person\\\/488a80049cf0bbc4cce99951ae91c3b9\",\"name\":\"Martin Hufner\",\"image\":{\"@type\":\"ImageObject\",\"inLanguage\":\"de\",\"@id\":\"https:\\\/\\\/secure.gravatar.com\\\/avatar\\\/891bbce378eb0bdbf7f71559e53af16afd9e2f8a020e2f876adcfcd437cd011a?s=96&d=mm&r=g\",\"url\":\"https:\\\/\\\/secure.gravatar.com\\\/avatar\\\/891bbce378eb0bdbf7f71559e53af16afd9e2f8a020e2f876adcfcd437cd011a?s=96&d=mm&r=g\",\"contentUrl\":\"https:\\\/\\\/secure.gravatar.com\\\/avatar\\\/891bbce378eb0bdbf7f71559e53af16afd9e2f8a020e2f876adcfcd437cd011a?s=96&d=mm&r=g\",\"caption\":\"Martin Hufner\"},\"description\":\"seit 1997 chef\u00f6konom der kritischen masse und netzbabysitter der nmz.\",\"sameAs\":[\"https:\\\/\\\/www.musikkritik.org\",\"http:\\\/\\\/www.facebook.com\\\/hufner\",\"https:\\\/\\\/www.linkedin.com\\\/profile\\\/view?id=48050869&trk=spm_pic\",\"https:\\\/\\\/x.com\\\/huflaikhan\"],\"url\":\"https:\\\/\\\/blogs.nmz.de\\\/wm2014\\\/author\\\/admin\\\/\"}]}<\/script>\n<!-- \/ Yoast SEO plugin. -->","yoast_head_json":{"title":"Kulturpolitik: Wie man Infografiken zur Desinformation nutzt - Auf dem Sperrsitz","robots":{"index":"index","follow":"follow","max-snippet":"max-snippet:-1","max-image-preview":"max-image-preview:large","max-video-preview":"max-video-preview:-1"},"canonical":"https:\/\/blogs.nmz.de\/wm2014\/2016\/07\/15\/infografiken-zur-desinformation-nutzen\/","og_locale":"de_DE","og_type":"article","og_title":"Kulturpolitik: Wie man Infografiken zur Desinformation nutzt - Auf dem Sperrsitz","og_description":"Wie man der Grafik entnehmen kann, werden sich die laufenden Ausgaben im Gesch\u00e4ftsbereich Kultur der Landeshauptstadt Dresden von Plan 2016 nach Plan 2017 fast verdoppeln. Das zumindest k\u00f6nnte die Grafik (Folie 14) nahelegen, die ich \u00fcber einen Tweet heute gesehen... Weiterlesen &rarr;","og_url":"https:\/\/blogs.nmz.de\/wm2014\/2016\/07\/15\/infografiken-zur-desinformation-nutzen\/","og_site_name":"Auf dem Sperrsitz","article_publisher":"http:\/\/www.facebook.com\/musikzeitung","article_author":"http:\/\/www.facebook.com\/hufner","article_published_time":"2016-07-15T07:27:48+00:00","article_modified_time":"2024-02-15T11:37:02+00:00","og_image":[{"width":1200,"height":848,"url":"https:\/\/blogs.nmz.de\/wm2014\/files\/2016\/07\/statistik-luege.jpg","type":"image\/jpeg"}],"author":"Martin Hufner","twitter_card":"summary_large_image","twitter_creator":"@huflaikhan","twitter_site":"@musikzeitung","twitter_misc":{"Verfasst von":"Martin Hufner","Gesch\u00e4tzte Lesezeit":"2\u00a0Minuten"},"schema":{"@context":"https:\/\/schema.org","@graph":[{"@type":"Article","@id":"https:\/\/blogs.nmz.de\/wm2014\/2016\/07\/15\/infografiken-zur-desinformation-nutzen\/#article","isPartOf":{"@id":"https:\/\/blogs.nmz.de\/wm2014\/2016\/07\/15\/infografiken-zur-desinformation-nutzen\/"},"author":{"name":"Martin Hufner","@id":"https:\/\/blogs.nmz.de\/wm2014\/#\/schema\/person\/488a80049cf0bbc4cce99951ae91c3b9"},"headline":"Kulturpolitik: Wie man Infografiken zur Desinformation nutzt","datePublished":"2016-07-15T07:27:48+00:00","dateModified":"2024-02-15T11:37:02+00:00","mainEntityOfPage":{"@id":"https:\/\/blogs.nmz.de\/wm2014\/2016\/07\/15\/infografiken-zur-desinformation-nutzen\/"},"wordCount":169,"commentCount":0,"image":{"@id":"https:\/\/blogs.nmz.de\/wm2014\/2016\/07\/15\/infografiken-zur-desinformation-nutzen\/#primaryimage"},"thumbnailUrl":"https:\/\/i0.wp.com\/blogs.nmz.de\/wm2014\/files\/2016\/07\/statistik-luege.jpg?fit=1200%2C848&ssl=1","keywords":["Information","Kultur","Kulturpolitik","Politik","Verdummung"],"articleSection":["Kultur","Politik"],"inLanguage":"de","potentialAction":[{"@type":"CommentAction","name":"Comment","target":["https:\/\/blogs.nmz.de\/wm2014\/2016\/07\/15\/infografiken-zur-desinformation-nutzen\/#respond"]}]},{"@type":"WebPage","@id":"https:\/\/blogs.nmz.de\/wm2014\/2016\/07\/15\/infografiken-zur-desinformation-nutzen\/","url":"https:\/\/blogs.nmz.de\/wm2014\/2016\/07\/15\/infografiken-zur-desinformation-nutzen\/","name":"Kulturpolitik: Wie man Infografiken zur Desinformation nutzt - Auf dem Sperrsitz","isPartOf":{"@id":"https:\/\/blogs.nmz.de\/wm2014\/#website"},"primaryImageOfPage":{"@id":"https:\/\/blogs.nmz.de\/wm2014\/2016\/07\/15\/infografiken-zur-desinformation-nutzen\/#primaryimage"},"image":{"@id":"https:\/\/blogs.nmz.de\/wm2014\/2016\/07\/15\/infografiken-zur-desinformation-nutzen\/#primaryimage"},"thumbnailUrl":"https:\/\/i0.wp.com\/blogs.nmz.de\/wm2014\/files\/2016\/07\/statistik-luege.jpg?fit=1200%2C848&ssl=1","datePublished":"2016-07-15T07:27:48+00:00","dateModified":"2024-02-15T11:37:02+00:00","author":{"@id":"https:\/\/blogs.nmz.de\/wm2014\/#\/schema\/person\/488a80049cf0bbc4cce99951ae91c3b9"},"breadcrumb":{"@id":"https:\/\/blogs.nmz.de\/wm2014\/2016\/07\/15\/infografiken-zur-desinformation-nutzen\/#breadcrumb"},"inLanguage":"de","potentialAction":[{"@type":"ReadAction","target":["https:\/\/blogs.nmz.de\/wm2014\/2016\/07\/15\/infografiken-zur-desinformation-nutzen\/"]}]},{"@type":"ImageObject","inLanguage":"de","@id":"https:\/\/blogs.nmz.de\/wm2014\/2016\/07\/15\/infografiken-zur-desinformation-nutzen\/#primaryimage","url":"https:\/\/i0.wp.com\/blogs.nmz.de\/wm2014\/files\/2016\/07\/statistik-luege.jpg?fit=1200%2C848&ssl=1","contentUrl":"https:\/\/i0.wp.com\/blogs.nmz.de\/wm2014\/files\/2016\/07\/statistik-luege.jpg?fit=1200%2C848&ssl=1","width":1200,"height":848,"caption":"Wie man mit Statistik und Grafiken Politik machen will."},{"@type":"BreadcrumbList","@id":"https:\/\/blogs.nmz.de\/wm2014\/2016\/07\/15\/infografiken-zur-desinformation-nutzen\/#breadcrumb","itemListElement":[{"@type":"ListItem","position":1,"name":"Startseite","item":"https:\/\/blogs.nmz.de\/wm2014\/"},{"@type":"ListItem","position":2,"name":"Kulturpolitik: Wie man Infografiken zur Desinformation nutzt"}]},{"@type":"WebSite","@id":"https:\/\/blogs.nmz.de\/wm2014\/#website","url":"https:\/\/blogs.nmz.de\/wm2014\/","name":"Auf dem Sperrsitz","description":"Im Kultur-Zoo der nmz","potentialAction":[{"@type":"SearchAction","target":{"@type":"EntryPoint","urlTemplate":"https:\/\/blogs.nmz.de\/wm2014\/?s={search_term_string}"},"query-input":{"@type":"PropertyValueSpecification","valueRequired":true,"valueName":"search_term_string"}}],"inLanguage":"de"},{"@type":"Person","@id":"https:\/\/blogs.nmz.de\/wm2014\/#\/schema\/person\/488a80049cf0bbc4cce99951ae91c3b9","name":"Martin Hufner","image":{"@type":"ImageObject","inLanguage":"de","@id":"https:\/\/secure.gravatar.com\/avatar\/891bbce378eb0bdbf7f71559e53af16afd9e2f8a020e2f876adcfcd437cd011a?s=96&d=mm&r=g","url":"https:\/\/secure.gravatar.com\/avatar\/891bbce378eb0bdbf7f71559e53af16afd9e2f8a020e2f876adcfcd437cd011a?s=96&d=mm&r=g","contentUrl":"https:\/\/secure.gravatar.com\/avatar\/891bbce378eb0bdbf7f71559e53af16afd9e2f8a020e2f876adcfcd437cd011a?s=96&d=mm&r=g","caption":"Martin Hufner"},"description":"seit 1997 chef\u00f6konom der kritischen masse und netzbabysitter der nmz.","sameAs":["https:\/\/www.musikkritik.org","http:\/\/www.facebook.com\/hufner","https:\/\/www.linkedin.com\/profile\/view?id=48050869&trk=spm_pic","https:\/\/x.com\/huflaikhan"],"url":"https:\/\/blogs.nmz.de\/wm2014\/author\/admin\/"}]}},"wp-worthy-pixel":{"ignored":false,"public":null,"server":null,"url":null},"wp-worthy-type":"normal","jetpack_featured_media_url":"https:\/\/i0.wp.com\/blogs.nmz.de\/wm2014\/files\/2016\/07\/statistik-luege.jpg?fit=1200%2C848&ssl=1","jetpack_shortlink":"https:\/\/wp.me\/p4Gg77-Ac","jetpack-related-posts":[],"jetpack_sharing_enabled":true,"_links":{"self":[{"href":"https:\/\/blogs.nmz.de\/wm2014\/wp-json\/wp\/v2\/posts\/2244","targetHints":{"allow":["GET"]}}],"collection":[{"href":"https:\/\/blogs.nmz.de\/wm2014\/wp-json\/wp\/v2\/posts"}],"about":[{"href":"https:\/\/blogs.nmz.de\/wm2014\/wp-json\/wp\/v2\/types\/post"}],"author":[{"embeddable":true,"href":"https:\/\/blogs.nmz.de\/wm2014\/wp-json\/wp\/v2\/users\/1"}],"replies":[{"embeddable":true,"href":"https:\/\/blogs.nmz.de\/wm2014\/wp-json\/wp\/v2\/comments?post=2244"}],"version-history":[{"count":6,"href":"https:\/\/blogs.nmz.de\/wm2014\/wp-json\/wp\/v2\/posts\/2244\/revisions"}],"predecessor-version":[{"id":2529,"href":"https:\/\/blogs.nmz.de\/wm2014\/wp-json\/wp\/v2\/posts\/2244\/revisions\/2529"}],"wp:featuredmedia":[{"embeddable":true,"href":"https:\/\/blogs.nmz.de\/wm2014\/wp-json\/wp\/v2\/media\/2245"}],"wp:attachment":[{"href":"https:\/\/blogs.nmz.de\/wm2014\/wp-json\/wp\/v2\/media?parent=2244"}],"wp:term":[{"taxonomy":"category","embeddable":true,"href":"https:\/\/blogs.nmz.de\/wm2014\/wp-json\/wp\/v2\/categories?post=2244"},{"taxonomy":"post_tag","embeddable":true,"href":"https:\/\/blogs.nmz.de\/wm2014\/wp-json\/wp\/v2\/tags?post=2244"}],"curies":[{"name":"wp","href":"https:\/\/api.w.org\/{rel}","templated":true}]}}