{"id":2052,"date":"2016-03-13T18:19:42","date_gmt":"2016-03-13T17:19:42","guid":{"rendered":"http:\/\/blogs.nmz.de\/wm2014\/?p=2052"},"modified":"2016-03-13T19:50:06","modified_gmt":"2016-03-13T18:50:06","slug":"die-qual-nach-der-wahl","status":"publish","type":"post","link":"https:\/\/blogs.nmz.de\/wm2014\/2016\/03\/13\/die-qual-nach-der-wahl\/","title":{"rendered":"Die Qual nach der Wahl"},"content":{"rendered":"<p>Ich m\u00f6chte gar nicht lange st\u00f6ren beim Verfolgen des sicherlich spannenden stundenlangen Schneckenrennens zwischen bunten Balken, daher fasse ich mich an dieser Stelle mal kurz. Meine Prognose f\u00fcr eine Traumkoalition:<\/p>\n<p>AfD + Regietheater-Gegner = &lt;3<\/p>\n<p><a href=\"https:\/\/blogs.nmz.de\/wm2014\/2015\/11\/25\/wir-lassen-uns-das-singen-nicht-verbieten\/\">Hier<\/a> oder <a href=\"https:\/\/blogs.nmz.de\/wm2014\/2014\/09\/08\/alternative-fuer-happy-birthday\/\">hier<\/a> im Blog ging es schon um die kulturellen Ideale der AfD. Zwar habe ich auf den Facebookseiten von &#8222;<a href=\"https:\/\/www.facebook.com\/Against-Modern-Opera-Productions-146292958770872\" target=\"_blank\">Against Modern Opera Productions<\/a>&#8220; und &#8222;<a href=\"https:\/\/www.facebook.com\/Gegen-Regietheater-in-der-Oper-510344335671989\" target=\"_blank\">Gegen Regietheater in der Oper<\/a>&#8220; keine konkrete Wahlempfehlung entdeckt, aber bei den &#8222;kultur&#8220;politischen Zielen herrscht doch eine angenehm temperierte Nestw\u00e4rme. Das folgende Statement w\u00fcrde bei einer entsprechenden Anfrage sicherlich bereitwillig f\u00fcr die \u00d6ffentlichkeitsarbeit der AfD bereitgestellt werden:<\/p>\n<div class=\"fb-post\" data-href=\"https:\/\/www.facebook.com\/permalink.php?story_fbid=1120709997968750&#038;id=510344335671989\" data-width=\"552\" style=\"background-color: #fff; display: inline-block;\"><\/div>\n<p>FRONTAL21 hat <a href=\"http:\/\/www.zdf.de\/ZDFmediathek#\/beitrag\/video\/2689020\/Frontal21-Sendung-vom-8-M%C3%A4rz-2016\" target=\"_blank\">in der Sendung vom 8. M\u00e4rz 2016<\/a> ab Minute 21 das Wahlprogramm der AfD unter die Lupe genommen und ihre Kandidaten dazu befragt, u.A. zu den &#8222;t\u00fcmelnden&#8220; Vorstellungen von richtiger (Hoch)kulturpolitik. Sehenswert, auch wenn der Reporter selbst ein wenig Nachhilfe in Opernrepertoire gebrauchen k\u00f6nnte (ab Minute 27). ;)<\/p>\n<p>Und zum Abschluss noch eine unabh\u00e4ngige musikalische Analyse:<\/p>\n<blockquote class=\"twitter-tweet\" data-width=\"550\">\n<p lang=\"de\" dir=\"ltr\">A-f-d ist ein d-Moll-Dreiklang. Abw\u00e4rts. Mozarts Reqiem steht auch in d-Moll!<\/p>\n<p>&mdash; Klavierissimo (@tkrooss) <a href=\"https:\/\/twitter.com\/tkrooss\/status\/709003124791447552\">March 13, 2016<\/a><\/p><\/blockquote>\n<p><script async src=\"\/\/platform.twitter.com\/widgets.js\" charset=\"utf-8\"><\/script><\/p>\n","protected":false},"excerpt":{"rendered":"<p>Ich m\u00f6chte gar nicht lange st\u00f6ren beim Verfolgen des sicherlich spannenden stundenlangen Schneckenrennens zwischen bunten Balken, daher fasse ich mich an dieser Stelle mal kurz. Meine Prognose f\u00fcr eine Traumkoalition: AfD + Regietheater-Gegner = &lt;3 Hier oder hier im Blog&#8230; <a class=\"more-link\" href=\"https:\/\/blogs.nmz.de\/wm2014\/2016\/03\/13\/die-qual-nach-der-wahl\/\">Weiterlesen &rarr;<\/a><\/p>\n","protected":false},"author":563,"featured_media":2061,"comment_status":"open","ping_status":"open","sticky":false,"template":"","format":"standard","meta":{"_jetpack_memberships_contains_paid_content":false,"footnotes":""},"categories":[385,860],"tags":[10674,13795,13796,13794,13797,266,13010],"class_list":["post-2052","post","type-post","status-publish","format-standard","has-post-thumbnail","hentry","category-kultur","category-politik","tag-afd","tag-against-modern-opera-produtions","tag-amop","tag-gegen-regietheaater-in-der-oper","tag-koalition","tag-kulturpolitik","tag-wahl"],"yoast_head":"<!-- This site is optimized with the Yoast SEO plugin v27.4 - https:\/\/yoast.com\/product\/yoast-seo-wordpress\/ -->\n<title>Die Qual nach der Wahl - Auf dem Sperrsitz<\/title>\n<meta name=\"robots\" content=\"index, follow, max-snippet:-1, max-image-preview:large, max-video-preview:-1\" \/>\n<link rel=\"canonical\" href=\"https:\/\/blogs.nmz.de\/wm2014\/2016\/03\/13\/die-qual-nach-der-wahl\/\" \/>\n<meta property=\"og:locale\" content=\"de_DE\" \/>\n<meta property=\"og:type\" content=\"article\" \/>\n<meta property=\"og:title\" content=\"Die Qual nach der Wahl - Auf dem Sperrsitz\" \/>\n<meta property=\"og:description\" content=\"Ich m\u00f6chte gar nicht lange st\u00f6ren beim Verfolgen des sicherlich spannenden stundenlangen Schneckenrennens zwischen bunten Balken, daher fasse ich mich an dieser Stelle mal kurz. Meine Prognose f\u00fcr eine Traumkoalition: AfD + Regietheater-Gegner = &lt;3 Hier oder hier im Blog... Weiterlesen &rarr;\" \/>\n<meta property=\"og:url\" content=\"https:\/\/blogs.nmz.de\/wm2014\/2016\/03\/13\/die-qual-nach-der-wahl\/\" \/>\n<meta property=\"og:site_name\" content=\"Auf dem Sperrsitz\" \/>\n<meta property=\"article:publisher\" content=\"http:\/\/www.facebook.com\/musikzeitung\" \/>\n<meta property=\"article:published_time\" content=\"2016-03-13T17:19:42+00:00\" \/>\n<meta property=\"article:modified_time\" content=\"2016-03-13T18:50:06+00:00\" \/>\n<meta property=\"og:image\" content=\"https:\/\/i2.wp.com\/blogs.nmz.de\/wm2014\/files\/2016\/03\/wahl_krechlak.jpg?fit=1800%2C1214&ssl=1\" \/>\n\t<meta property=\"og:image:width\" content=\"1800\" \/>\n\t<meta property=\"og:image:height\" content=\"1214\" \/>\n\t<meta property=\"og:image:type\" content=\"image\/jpeg\" \/>\n<meta name=\"author\" content=\"Philipp Krechlak\" \/>\n<meta name=\"twitter:card\" content=\"summary_large_image\" \/>\n<meta name=\"twitter:creator\" content=\"@kulturkolibri\" \/>\n<meta name=\"twitter:site\" content=\"@musikzeitung\" \/>\n<meta name=\"twitter:label1\" content=\"Verfasst von\" \/>\n\t<meta name=\"twitter:data1\" content=\"Philipp Krechlak\" \/>\n\t<meta name=\"twitter:label2\" content=\"Gesch\u00e4tzte Lesezeit\" \/>\n\t<meta name=\"twitter:data2\" content=\"1\u00a0Minute\" \/>\n<script type=\"application\/ld+json\" class=\"yoast-schema-graph\">{\"@context\":\"https:\\\/\\\/schema.org\",\"@graph\":[{\"@type\":\"Article\",\"@id\":\"https:\\\/\\\/blogs.nmz.de\\\/wm2014\\\/2016\\\/03\\\/13\\\/die-qual-nach-der-wahl\\\/#article\",\"isPartOf\":{\"@id\":\"https:\\\/\\\/blogs.nmz.de\\\/wm2014\\\/2016\\\/03\\\/13\\\/die-qual-nach-der-wahl\\\/\"},\"author\":{\"name\":\"Philipp Krechlak\",\"@id\":\"https:\\\/\\\/blogs.nmz.de\\\/wm2014\\\/#\\\/schema\\\/person\\\/087437136c060559fd026bfb872d3f83\"},\"headline\":\"Die Qual nach der Wahl\",\"datePublished\":\"2016-03-13T17:19:42+00:00\",\"dateModified\":\"2016-03-13T18:50:06+00:00\",\"mainEntityOfPage\":{\"@id\":\"https:\\\/\\\/blogs.nmz.de\\\/wm2014\\\/2016\\\/03\\\/13\\\/die-qual-nach-der-wahl\\\/\"},\"wordCount\":181,\"commentCount\":0,\"image\":{\"@id\":\"https:\\\/\\\/blogs.nmz.de\\\/wm2014\\\/2016\\\/03\\\/13\\\/die-qual-nach-der-wahl\\\/#primaryimage\"},\"thumbnailUrl\":\"https:\\\/\\\/i0.wp.com\\\/blogs.nmz.de\\\/wm2014\\\/files\\\/2016\\\/03\\\/wahl_krechlak.jpg?fit=1800%2C1214&ssl=1\",\"keywords\":[\"AfD\",\"Against Modern Opera Produtions\",\"AMOP\",\"Gegen Regietheaater in der Oper\",\"Koalition\",\"Kulturpolitik\",\"Wahl\"],\"articleSection\":[\"Kultur\",\"Politik\"],\"inLanguage\":\"de\",\"potentialAction\":[{\"@type\":\"CommentAction\",\"name\":\"Comment\",\"target\":[\"https:\\\/\\\/blogs.nmz.de\\\/wm2014\\\/2016\\\/03\\\/13\\\/die-qual-nach-der-wahl\\\/#respond\"]}]},{\"@type\":\"WebPage\",\"@id\":\"https:\\\/\\\/blogs.nmz.de\\\/wm2014\\\/2016\\\/03\\\/13\\\/die-qual-nach-der-wahl\\\/\",\"url\":\"https:\\\/\\\/blogs.nmz.de\\\/wm2014\\\/2016\\\/03\\\/13\\\/die-qual-nach-der-wahl\\\/\",\"name\":\"Die Qual nach der Wahl - Auf dem Sperrsitz\",\"isPartOf\":{\"@id\":\"https:\\\/\\\/blogs.nmz.de\\\/wm2014\\\/#website\"},\"primaryImageOfPage\":{\"@id\":\"https:\\\/\\\/blogs.nmz.de\\\/wm2014\\\/2016\\\/03\\\/13\\\/die-qual-nach-der-wahl\\\/#primaryimage\"},\"image\":{\"@id\":\"https:\\\/\\\/blogs.nmz.de\\\/wm2014\\\/2016\\\/03\\\/13\\\/die-qual-nach-der-wahl\\\/#primaryimage\"},\"thumbnailUrl\":\"https:\\\/\\\/i0.wp.com\\\/blogs.nmz.de\\\/wm2014\\\/files\\\/2016\\\/03\\\/wahl_krechlak.jpg?fit=1800%2C1214&ssl=1\",\"datePublished\":\"2016-03-13T17:19:42+00:00\",\"dateModified\":\"2016-03-13T18:50:06+00:00\",\"author\":{\"@id\":\"https:\\\/\\\/blogs.nmz.de\\\/wm2014\\\/#\\\/schema\\\/person\\\/087437136c060559fd026bfb872d3f83\"},\"breadcrumb\":{\"@id\":\"https:\\\/\\\/blogs.nmz.de\\\/wm2014\\\/2016\\\/03\\\/13\\\/die-qual-nach-der-wahl\\\/#breadcrumb\"},\"inLanguage\":\"de\",\"potentialAction\":[{\"@type\":\"ReadAction\",\"target\":[\"https:\\\/\\\/blogs.nmz.de\\\/wm2014\\\/2016\\\/03\\\/13\\\/die-qual-nach-der-wahl\\\/\"]}]},{\"@type\":\"ImageObject\",\"inLanguage\":\"de\",\"@id\":\"https:\\\/\\\/blogs.nmz.de\\\/wm2014\\\/2016\\\/03\\\/13\\\/die-qual-nach-der-wahl\\\/#primaryimage\",\"url\":\"https:\\\/\\\/i0.wp.com\\\/blogs.nmz.de\\\/wm2014\\\/files\\\/2016\\\/03\\\/wahl_krechlak.jpg?fit=1800%2C1214&ssl=1\",\"contentUrl\":\"https:\\\/\\\/i0.wp.com\\\/blogs.nmz.de\\\/wm2014\\\/files\\\/2016\\\/03\\\/wahl_krechlak.jpg?fit=1800%2C1214&ssl=1\",\"width\":1800,\"height\":1214,\"caption\":\"Wahl im Sperrbezirk. Foto: Hufner\"},{\"@type\":\"BreadcrumbList\",\"@id\":\"https:\\\/\\\/blogs.nmz.de\\\/wm2014\\\/2016\\\/03\\\/13\\\/die-qual-nach-der-wahl\\\/#breadcrumb\",\"itemListElement\":[{\"@type\":\"ListItem\",\"position\":1,\"name\":\"Startseite\",\"item\":\"https:\\\/\\\/blogs.nmz.de\\\/wm2014\\\/\"},{\"@type\":\"ListItem\",\"position\":2,\"name\":\"Die Qual nach der Wahl\"}]},{\"@type\":\"WebSite\",\"@id\":\"https:\\\/\\\/blogs.nmz.de\\\/wm2014\\\/#website\",\"url\":\"https:\\\/\\\/blogs.nmz.de\\\/wm2014\\\/\",\"name\":\"Auf dem Sperrsitz\",\"description\":\"Im Kultur-Zoo der nmz\",\"potentialAction\":[{\"@type\":\"SearchAction\",\"target\":{\"@type\":\"EntryPoint\",\"urlTemplate\":\"https:\\\/\\\/blogs.nmz.de\\\/wm2014\\\/?s={search_term_string}\"},\"query-input\":{\"@type\":\"PropertyValueSpecification\",\"valueRequired\":true,\"valueName\":\"search_term_string\"}}],\"inLanguage\":\"de\"},{\"@type\":\"Person\",\"@id\":\"https:\\\/\\\/blogs.nmz.de\\\/wm2014\\\/#\\\/schema\\\/person\\\/087437136c060559fd026bfb872d3f83\",\"name\":\"Philipp Krechlak\",\"image\":{\"@type\":\"ImageObject\",\"inLanguage\":\"de\",\"@id\":\"https:\\\/\\\/secure.gravatar.com\\\/avatar\\\/3bb8916fd52fa03c1eb9348fb37cfb96382c087bae5f45f49aa10099643003cc?s=96&d=mm&r=g\",\"url\":\"https:\\\/\\\/secure.gravatar.com\\\/avatar\\\/3bb8916fd52fa03c1eb9348fb37cfb96382c087bae5f45f49aa10099643003cc?s=96&d=mm&r=g\",\"contentUrl\":\"https:\\\/\\\/secure.gravatar.com\\\/avatar\\\/3bb8916fd52fa03c1eb9348fb37cfb96382c087bae5f45f49aa10099643003cc?s=96&d=mm&r=g\",\"caption\":\"Philipp Krechlak\"},\"description\":\"Trainee Orchestermanagement bei der Deutschen Staatsphilharmonie Rheinland-Pfalz in Ludwigshafen, Studium Musikmanagement in Saarbr\u00fccken, Leiter\\\/Organisator\\\/Posaunist des freien Brassensembles blechimpuls in Ulm, Rosinen\\\/Kirschkernblogger beim Sperrsitz und dem Bad Blog Of Musick der NMZ in diesem Internet\",\"sameAs\":[\"http:\\\/\\\/www.musik-mitallemundvielscharf.de\",\"https:\\\/\\\/x.com\\\/kulturkolibri\"],\"url\":\"https:\\\/\\\/blogs.nmz.de\\\/wm2014\\\/author\\\/kulturkolibri\\\/\"}]}<\/script>\n<!-- \/ Yoast SEO plugin. -->","yoast_head_json":{"title":"Die Qual nach der Wahl - Auf dem Sperrsitz","robots":{"index":"index","follow":"follow","max-snippet":"max-snippet:-1","max-image-preview":"max-image-preview:large","max-video-preview":"max-video-preview:-1"},"canonical":"https:\/\/blogs.nmz.de\/wm2014\/2016\/03\/13\/die-qual-nach-der-wahl\/","og_locale":"de_DE","og_type":"article","og_title":"Die Qual nach der Wahl - Auf dem Sperrsitz","og_description":"Ich m\u00f6chte gar nicht lange st\u00f6ren beim Verfolgen des sicherlich spannenden stundenlangen Schneckenrennens zwischen bunten Balken, daher fasse ich mich an dieser Stelle mal kurz. Meine Prognose f\u00fcr eine Traumkoalition: AfD + Regietheater-Gegner = &lt;3 Hier oder hier im Blog... Weiterlesen &rarr;","og_url":"https:\/\/blogs.nmz.de\/wm2014\/2016\/03\/13\/die-qual-nach-der-wahl\/","og_site_name":"Auf dem Sperrsitz","article_publisher":"http:\/\/www.facebook.com\/musikzeitung","article_published_time":"2016-03-13T17:19:42+00:00","article_modified_time":"2016-03-13T18:50:06+00:00","og_image":[{"width":1800,"height":1214,"url":"https:\/\/i2.wp.com\/blogs.nmz.de\/wm2014\/files\/2016\/03\/wahl_krechlak.jpg?fit=1800%2C1214&ssl=1","type":"image\/jpeg"}],"author":"Philipp Krechlak","twitter_card":"summary_large_image","twitter_creator":"@kulturkolibri","twitter_site":"@musikzeitung","twitter_misc":{"Verfasst von":"Philipp Krechlak","Gesch\u00e4tzte Lesezeit":"1\u00a0Minute"},"schema":{"@context":"https:\/\/schema.org","@graph":[{"@type":"Article","@id":"https:\/\/blogs.nmz.de\/wm2014\/2016\/03\/13\/die-qual-nach-der-wahl\/#article","isPartOf":{"@id":"https:\/\/blogs.nmz.de\/wm2014\/2016\/03\/13\/die-qual-nach-der-wahl\/"},"author":{"name":"Philipp Krechlak","@id":"https:\/\/blogs.nmz.de\/wm2014\/#\/schema\/person\/087437136c060559fd026bfb872d3f83"},"headline":"Die Qual nach der Wahl","datePublished":"2016-03-13T17:19:42+00:00","dateModified":"2016-03-13T18:50:06+00:00","mainEntityOfPage":{"@id":"https:\/\/blogs.nmz.de\/wm2014\/2016\/03\/13\/die-qual-nach-der-wahl\/"},"wordCount":181,"commentCount":0,"image":{"@id":"https:\/\/blogs.nmz.de\/wm2014\/2016\/03\/13\/die-qual-nach-der-wahl\/#primaryimage"},"thumbnailUrl":"https:\/\/i0.wp.com\/blogs.nmz.de\/wm2014\/files\/2016\/03\/wahl_krechlak.jpg?fit=1800%2C1214&ssl=1","keywords":["AfD","Against Modern Opera Produtions","AMOP","Gegen Regietheaater in der Oper","Koalition","Kulturpolitik","Wahl"],"articleSection":["Kultur","Politik"],"inLanguage":"de","potentialAction":[{"@type":"CommentAction","name":"Comment","target":["https:\/\/blogs.nmz.de\/wm2014\/2016\/03\/13\/die-qual-nach-der-wahl\/#respond"]}]},{"@type":"WebPage","@id":"https:\/\/blogs.nmz.de\/wm2014\/2016\/03\/13\/die-qual-nach-der-wahl\/","url":"https:\/\/blogs.nmz.de\/wm2014\/2016\/03\/13\/die-qual-nach-der-wahl\/","name":"Die Qual nach der Wahl - Auf dem Sperrsitz","isPartOf":{"@id":"https:\/\/blogs.nmz.de\/wm2014\/#website"},"primaryImageOfPage":{"@id":"https:\/\/blogs.nmz.de\/wm2014\/2016\/03\/13\/die-qual-nach-der-wahl\/#primaryimage"},"image":{"@id":"https:\/\/blogs.nmz.de\/wm2014\/2016\/03\/13\/die-qual-nach-der-wahl\/#primaryimage"},"thumbnailUrl":"https:\/\/i0.wp.com\/blogs.nmz.de\/wm2014\/files\/2016\/03\/wahl_krechlak.jpg?fit=1800%2C1214&ssl=1","datePublished":"2016-03-13T17:19:42+00:00","dateModified":"2016-03-13T18:50:06+00:00","author":{"@id":"https:\/\/blogs.nmz.de\/wm2014\/#\/schema\/person\/087437136c060559fd026bfb872d3f83"},"breadcrumb":{"@id":"https:\/\/blogs.nmz.de\/wm2014\/2016\/03\/13\/die-qual-nach-der-wahl\/#breadcrumb"},"inLanguage":"de","potentialAction":[{"@type":"ReadAction","target":["https:\/\/blogs.nmz.de\/wm2014\/2016\/03\/13\/die-qual-nach-der-wahl\/"]}]},{"@type":"ImageObject","inLanguage":"de","@id":"https:\/\/blogs.nmz.de\/wm2014\/2016\/03\/13\/die-qual-nach-der-wahl\/#primaryimage","url":"https:\/\/i0.wp.com\/blogs.nmz.de\/wm2014\/files\/2016\/03\/wahl_krechlak.jpg?fit=1800%2C1214&ssl=1","contentUrl":"https:\/\/i0.wp.com\/blogs.nmz.de\/wm2014\/files\/2016\/03\/wahl_krechlak.jpg?fit=1800%2C1214&ssl=1","width":1800,"height":1214,"caption":"Wahl im Sperrbezirk. Foto: Hufner"},{"@type":"BreadcrumbList","@id":"https:\/\/blogs.nmz.de\/wm2014\/2016\/03\/13\/die-qual-nach-der-wahl\/#breadcrumb","itemListElement":[{"@type":"ListItem","position":1,"name":"Startseite","item":"https:\/\/blogs.nmz.de\/wm2014\/"},{"@type":"ListItem","position":2,"name":"Die Qual nach der Wahl"}]},{"@type":"WebSite","@id":"https:\/\/blogs.nmz.de\/wm2014\/#website","url":"https:\/\/blogs.nmz.de\/wm2014\/","name":"Auf dem Sperrsitz","description":"Im Kultur-Zoo der nmz","potentialAction":[{"@type":"SearchAction","target":{"@type":"EntryPoint","urlTemplate":"https:\/\/blogs.nmz.de\/wm2014\/?s={search_term_string}"},"query-input":{"@type":"PropertyValueSpecification","valueRequired":true,"valueName":"search_term_string"}}],"inLanguage":"de"},{"@type":"Person","@id":"https:\/\/blogs.nmz.de\/wm2014\/#\/schema\/person\/087437136c060559fd026bfb872d3f83","name":"Philipp Krechlak","image":{"@type":"ImageObject","inLanguage":"de","@id":"https:\/\/secure.gravatar.com\/avatar\/3bb8916fd52fa03c1eb9348fb37cfb96382c087bae5f45f49aa10099643003cc?s=96&d=mm&r=g","url":"https:\/\/secure.gravatar.com\/avatar\/3bb8916fd52fa03c1eb9348fb37cfb96382c087bae5f45f49aa10099643003cc?s=96&d=mm&r=g","contentUrl":"https:\/\/secure.gravatar.com\/avatar\/3bb8916fd52fa03c1eb9348fb37cfb96382c087bae5f45f49aa10099643003cc?s=96&d=mm&r=g","caption":"Philipp Krechlak"},"description":"Trainee Orchestermanagement bei der Deutschen Staatsphilharmonie Rheinland-Pfalz in Ludwigshafen, Studium Musikmanagement in Saarbr\u00fccken, Leiter\/Organisator\/Posaunist des freien Brassensembles blechimpuls in Ulm, Rosinen\/Kirschkernblogger beim Sperrsitz und dem Bad Blog Of Musick der NMZ in diesem Internet","sameAs":["http:\/\/www.musik-mitallemundvielscharf.de","https:\/\/x.com\/kulturkolibri"],"url":"https:\/\/blogs.nmz.de\/wm2014\/author\/kulturkolibri\/"}]}},"wp-worthy-pixel":{"ignored":false,"public":null,"server":null,"url":null},"wp-worthy-type":"normal","jetpack_featured_media_url":"https:\/\/i0.wp.com\/blogs.nmz.de\/wm2014\/files\/2016\/03\/wahl_krechlak.jpg?fit=1800%2C1214&ssl=1","jetpack_shortlink":"https:\/\/wp.me\/p4Gg77-x6","jetpack-related-posts":[],"jetpack_sharing_enabled":true,"_links":{"self":[{"href":"https:\/\/blogs.nmz.de\/wm2014\/wp-json\/wp\/v2\/posts\/2052","targetHints":{"allow":["GET"]}}],"collection":[{"href":"https:\/\/blogs.nmz.de\/wm2014\/wp-json\/wp\/v2\/posts"}],"about":[{"href":"https:\/\/blogs.nmz.de\/wm2014\/wp-json\/wp\/v2\/types\/post"}],"author":[{"embeddable":true,"href":"https:\/\/blogs.nmz.de\/wm2014\/wp-json\/wp\/v2\/users\/563"}],"replies":[{"embeddable":true,"href":"https:\/\/blogs.nmz.de\/wm2014\/wp-json\/wp\/v2\/comments?post=2052"}],"version-history":[{"count":9,"href":"https:\/\/blogs.nmz.de\/wm2014\/wp-json\/wp\/v2\/posts\/2052\/revisions"}],"predecessor-version":[{"id":2063,"href":"https:\/\/blogs.nmz.de\/wm2014\/wp-json\/wp\/v2\/posts\/2052\/revisions\/2063"}],"wp:featuredmedia":[{"embeddable":true,"href":"https:\/\/blogs.nmz.de\/wm2014\/wp-json\/wp\/v2\/media\/2061"}],"wp:attachment":[{"href":"https:\/\/blogs.nmz.de\/wm2014\/wp-json\/wp\/v2\/media?parent=2052"}],"wp:term":[{"taxonomy":"category","embeddable":true,"href":"https:\/\/blogs.nmz.de\/wm2014\/wp-json\/wp\/v2\/categories?post=2052"},{"taxonomy":"post_tag","embeddable":true,"href":"https:\/\/blogs.nmz.de\/wm2014\/wp-json\/wp\/v2\/tags?post=2052"}],"curies":[{"name":"wp","href":"https:\/\/api.w.org\/{rel}","templated":true}]}}