{"id":1837,"date":"2015-10-01T08:25:26","date_gmt":"2015-10-01T06:25:26","guid":{"rendered":"http:\/\/blogs.nmz.de\/wm2014\/?p=1837"},"modified":"2015-10-01T09:01:09","modified_gmt":"2015-10-01T07:01:09","slug":"fun-und-van-die-garde","status":"publish","type":"post","link":"https:\/\/blogs.nmz.de\/wm2014\/2015\/10\/01\/fun-und-van-die-garde\/","title":{"rendered":"Fun und Van &#038; die Garde"},"content":{"rendered":"<p>Heute landete der Hinweis auf einen Impulsvortrag von Tobias Ruderer in meinem Postfach. Ruderer ist Mitmacher bei <a href=\"https:\/\/www.van-magazin.de\/\">\u201eVAN\u201c<\/a>. Den hat er in Weikersheim gehalten, auf Einladung der <a href=\"https:\/\/www.jmd.info\/\" target=\"_blank\">jeunesses musicales<\/a>, anl\u00e4\u00dflich von \u201esch\u00fcler komponieren\u201c. Es steckt dabei mit einer selten so wahrzunehmenden Ernsthaftigkeit das Terrain seine Magazins aber auch der Zukunft der Nichtpopmusik ab. <a href=\"https:\/\/van.creatavist.com\/impulsvortrag\" target=\"_blank\">\u201eFormlos auf die Spitze treiben\u201c<\/a> steht im Titel. Und man wird sich mit dem Text auseinandersetzen m\u00fcssen, hoffentlich eher freiwillig.<\/p>\n<p>Denn den Machern von \u201eVan\u201c kann man unterstellen, sie haben von Musik allerlei Ahnung, sind aber typische seilschaftlose Gesellen. Vertreten keine Schule, keine normative \u00c4sthetik etc. Sie sitzen nicht als Rad im Betriebe.<\/p>\n<p>Auf den Text werde ich hier aber erst einmal noch nicht eingehen. Sondern darauf, dass ich ein Fan von \u201eVan\u201c bin. Und ich mich immer gefragt habe, warum das wohl so ist. Es ist eben die Tatsache, dass sie sich ihre Welt w\u00fcnschen k\u00f6nnen. Sie k\u00f6nnen machen, was sie interessiert. Nicht wie bei ZEIT und FAZ, wo das vielleicht formal stimmen mag, die aber irgendwie dann doch ihr Format erf\u00fcllen m\u00fcssen. Die Motivation zum Blattmachen kommt bei VAN nicht daher. Ruderer spricht von den Erfahrungen, die man teilen und \u00fcbermitteln m\u00f6chte. Aber die Onkels und Tanten aus den den gro\u00dfen Zeitungen und Rundfunkanstalten, die VAN hochloben (oder hoch loben), helfen dabei wenig. Das ist allenfalls Parfum in der Lebensgosse, \u00e4hnlich wie bei manchen Komponisten, die man toll findet, deren Musik man aber nicht gerne h\u00f6ren m\u00f6chte. Aber ich lenke ab und werde inhaltlich, was ich noch nicht will. Denn ich kann VAN noch nicht beurteilen, weil ich noch gar nicht \u00fcber das formale hinaus wei\u00df, was ich daran mag und auch nicht mag.<\/p>\n<p>Was ich mag und was ich anfangs affig fand ist der Titel \u201e<em>VAN<\/em>\u201c. Und damit einhergehend, die Assoziation an den gro\u00dfen Wuschelkopf der Musikgeschichte. Und dass dieses VAN zu gleich eben der Rest davon ist. Zugleich: Wie spricht man das aus? Ruderer sagt wie das englische &#8222;Fun&#8220;. VAN ist dann auch noch ein FANzine f\u00fcr \u2026. Also viel Raum in wenig Buchstaben.<\/p>\n<div id=\"attachment_1838\" style=\"width: 210px\" class=\"wp-caption alignright\"><a href=\"https:\/\/i0.wp.com\/blogs.nmz.de\/wm2014\/files\/2015\/09\/vanzine.png?ssl=1\" class=\"thickbox no_icon\"><img data-recalc-dims=\"1\" loading=\"lazy\" decoding=\"async\" aria-describedby=\"caption-attachment-1838\" data-attachment-id=\"1838\" data-permalink=\"https:\/\/blogs.nmz.de\/wm2014\/2015\/10\/01\/fun-und-van-die-garde\/vanzine\/\" data-orig-file=\"https:\/\/i0.wp.com\/blogs.nmz.de\/wm2014\/files\/2015\/09\/vanzine.png?fit=342%2C234&amp;ssl=1\" data-orig-size=\"342,234\" data-comments-opened=\"1\" data-image-meta=\"{&quot;aperture&quot;:&quot;0&quot;,&quot;credit&quot;:&quot;&quot;,&quot;camera&quot;:&quot;&quot;,&quot;caption&quot;:&quot;&quot;,&quot;created_timestamp&quot;:&quot;0&quot;,&quot;copyright&quot;:&quot;&quot;,&quot;focal_length&quot;:&quot;0&quot;,&quot;iso&quot;:&quot;0&quot;,&quot;shutter_speed&quot;:&quot;0&quot;,&quot;title&quot;:&quot;&quot;,&quot;orientation&quot;:&quot;0&quot;}\" data-image-title=\"VAN &amp;#8211; Logo\" data-image-description=\"&lt;p&gt;VAN &amp;#8211; Logo&lt;\/p&gt;\n\" data-image-caption=\"&lt;p&gt;VAN &amp;#8211; Logo&lt;\/p&gt;\n\" data-large-file=\"https:\/\/i0.wp.com\/blogs.nmz.de\/wm2014\/files\/2015\/09\/vanzine.png?fit=342%2C234&amp;ssl=1\" class=\"wp-image-1838\" src=\"https:\/\/i0.wp.com\/blogs.nmz.de\/wm2014\/files\/2015\/09\/vanzine.png?resize=200%2C137&#038;ssl=1\" alt=\"VAN - Logo\" width=\"200\" height=\"137\" srcset=\"https:\/\/i0.wp.com\/blogs.nmz.de\/wm2014\/files\/2015\/09\/vanzine.png?w=342&amp;ssl=1 342w, https:\/\/i0.wp.com\/blogs.nmz.de\/wm2014\/files\/2015\/09\/vanzine.png?resize=300%2C205&amp;ssl=1 300w\" sizes=\"auto, (max-width: 200px) 100vw, 200px\" \/><\/a><p id=\"caption-attachment-1838\" class=\"wp-caption-text\">VAN &#8211; Logo<\/p><\/div>\n<p>Im Logo ist dabei das \u201eV\u201c auch als musikalische Zeichen sowohl f\u00fcr crescendo oder dekrescendo lesbar (um knapp 90 oder 270 Grad gedreht. Oder als Betonungs-Zeichen oder als Aufstrich (oder Bogenspitze). Das \u201eN\u201c erscheint als ineinandergewachsenes de-(crescendo)-Zeichen. Und die drei Buschstaben zusammen werden wie zum \u201eV\u201c \u2013 wie Victory. Aber das mag zu weit gehen.<\/p>\n<p>Im Vortrag von Tobias Ruderer ist aber ein Text als Grafik eingesetzt, der das VAN nun in neuer Konstellation bringt. Wie in einem R\u00e4tselheft, wo man kreuz und quer Worte erkennen soll. Van ist n\u00e4mlich Bestandteil der aVANtgarde. Und das finde ich wirklich toll zusammengedacht. Und zusammengelacht. Eigentlich wollte ich nur das sagen. Mehr nicht.<\/p>\n<div id=\"attachment_1839\" style=\"width: 1015px\" class=\"wp-caption aligncenter\"><a href=\"https:\/\/i0.wp.com\/blogs.nmz.de\/wm2014\/files\/2015\/09\/avantgarde.png?ssl=1\" class=\"thickbox no_icon\"><img data-recalc-dims=\"1\" loading=\"lazy\" decoding=\"async\" aria-describedby=\"caption-attachment-1839\" data-attachment-id=\"1839\" data-permalink=\"https:\/\/blogs.nmz.de\/wm2014\/2015\/10\/01\/fun-und-van-die-garde\/avantgarde\/\" data-orig-file=\"https:\/\/i0.wp.com\/blogs.nmz.de\/wm2014\/files\/2015\/09\/avantgarde.png?fit=1005%2C612&amp;ssl=1\" data-orig-size=\"1005,612\" data-comments-opened=\"1\" data-image-meta=\"{&quot;aperture&quot;:&quot;0&quot;,&quot;credit&quot;:&quot;&quot;,&quot;camera&quot;:&quot;&quot;,&quot;caption&quot;:&quot;&quot;,&quot;created_timestamp&quot;:&quot;0&quot;,&quot;copyright&quot;:&quot;&quot;,&quot;focal_length&quot;:&quot;0&quot;,&quot;iso&quot;:&quot;0&quot;,&quot;shutter_speed&quot;:&quot;0&quot;,&quot;title&quot;:&quot;&quot;,&quot;orientation&quot;:&quot;0&quot;}\" data-image-title=\"Fungarde\" data-image-description=\"&lt;p&gt;Fungarde&lt;\/p&gt;\n\" data-image-caption=\"&lt;p&gt;Fungarde&lt;\/p&gt;\n\" data-large-file=\"https:\/\/i0.wp.com\/blogs.nmz.de\/wm2014\/files\/2015\/09\/avantgarde.png?fit=676%2C412&amp;ssl=1\" class=\"wp-image-1839 size-full\" src=\"https:\/\/i0.wp.com\/blogs.nmz.de\/wm2014\/files\/2015\/09\/avantgarde.png?resize=676%2C412&#038;ssl=1\" alt=\"Fungarde\" width=\"676\" height=\"412\" srcset=\"https:\/\/i0.wp.com\/blogs.nmz.de\/wm2014\/files\/2015\/09\/avantgarde.png?w=1005&amp;ssl=1 1005w, https:\/\/i0.wp.com\/blogs.nmz.de\/wm2014\/files\/2015\/09\/avantgarde.png?resize=300%2C183&amp;ssl=1 300w, https:\/\/i0.wp.com\/blogs.nmz.de\/wm2014\/files\/2015\/09\/avantgarde.png?resize=945%2C575&amp;ssl=1 945w, https:\/\/i0.wp.com\/blogs.nmz.de\/wm2014\/files\/2015\/09\/avantgarde.png?resize=600%2C365&amp;ssl=1 600w\" sizes=\"auto, (max-width: 676px) 100vw, 676px\" \/><\/a><p id=\"caption-attachment-1839\" class=\"wp-caption-text\">Fungarde<\/p><\/div>\n<p>Dass man da drunter dann ARD lesen kann, sollte einen nicht so sehr verwirren. \u00dcberhaupt kann man da viel drin lesen von der ANT (Ameise) \u00fcber eine Speise, die GAR wird bis zum <a href=\"https:\/\/de.wikipedia.org\/wiki\/Ava\" target=\"_blank\">Vornamen AVA oder dem K\u00f6nigreich<\/a> gleichen Namens. <a href=\"https:\/\/de.wikipedia.org\/wiki\/Ava_Gardner\" target=\"_blank\">Ava(nt)Gard(<del datetime=\"2015-09-30T17:35:57+00:00\">n<\/del>)e(<del datetime=\"2015-09-30T17:35:57+00:00\">r<\/del>)<\/a>. Na wahrscheinlich noch anderes. <\/p>\n","protected":false},"excerpt":{"rendered":"<p>Heute landete der Hinweis auf einen Impulsvortrag von Tobias Ruderer in meinem Postfach. Ruderer ist Mitmacher bei \u201eVAN\u201c. Den hat er in Weikersheim gehalten, auf Einladung der jeunesses musicales, anl\u00e4\u00dflich von \u201esch\u00fcler komponieren\u201c. Es steckt dabei mit einer selten so&#8230; <a class=\"more-link\" href=\"https:\/\/blogs.nmz.de\/wm2014\/2015\/10\/01\/fun-und-van-die-garde\/\">Weiterlesen &rarr;<\/a><\/p>\n","protected":false},"author":1,"featured_media":1839,"comment_status":"open","ping_status":"open","sticky":false,"template":"","format":"standard","meta":{"_jetpack_memberships_contains_paid_content":false,"footnotes":""},"categories":[29,385,836],"tags":[582,2384,1185,13141,11231],"class_list":["post-1837","post","type-post","status-publish","format-standard","has-post-thumbnail","hentry","category-aesthetik","category-kultur","category-medien","tag-avantgarde","tag-musikjournalismus","tag-musikpaedagogik","tag-tobias-ruderer","tag-van"],"yoast_head":"<!-- This site is optimized with the Yoast SEO plugin v27.4 - https:\/\/yoast.com\/product\/yoast-seo-wordpress\/ -->\n<title>Fun und Van &amp; die Garde - Auf dem Sperrsitz<\/title>\n<meta name=\"robots\" content=\"index, follow, max-snippet:-1, max-image-preview:large, max-video-preview:-1\" \/>\n<link rel=\"canonical\" href=\"https:\/\/blogs.nmz.de\/wm2014\/2015\/10\/01\/fun-und-van-die-garde\/\" \/>\n<meta property=\"og:locale\" content=\"de_DE\" \/>\n<meta property=\"og:type\" content=\"article\" \/>\n<meta property=\"og:title\" content=\"Fun und Van &amp; die Garde - Auf dem Sperrsitz\" \/>\n<meta property=\"og:description\" content=\"Heute landete der Hinweis auf einen Impulsvortrag von Tobias Ruderer in meinem Postfach. Ruderer ist Mitmacher bei \u201eVAN\u201c. Den hat er in Weikersheim gehalten, auf Einladung der jeunesses musicales, anl\u00e4\u00dflich von \u201esch\u00fcler komponieren\u201c. Es steckt dabei mit einer selten so... Weiterlesen &rarr;\" \/>\n<meta property=\"og:url\" content=\"https:\/\/blogs.nmz.de\/wm2014\/2015\/10\/01\/fun-und-van-die-garde\/\" \/>\n<meta property=\"og:site_name\" content=\"Auf dem Sperrsitz\" \/>\n<meta property=\"article:publisher\" content=\"http:\/\/www.facebook.com\/musikzeitung\" \/>\n<meta property=\"article:author\" content=\"http:\/\/www.facebook.com\/hufner\" \/>\n<meta property=\"article:published_time\" content=\"2015-10-01T06:25:26+00:00\" \/>\n<meta property=\"article:modified_time\" content=\"2015-10-01T07:01:09+00:00\" \/>\n<meta property=\"og:image\" content=\"https:\/\/i1.wp.com\/blogs.nmz.de\/wm2014\/files\/2015\/09\/avantgarde.png?fit=1005%2C612&ssl=1\" \/>\n\t<meta property=\"og:image:width\" content=\"1005\" \/>\n\t<meta property=\"og:image:height\" content=\"612\" \/>\n\t<meta property=\"og:image:type\" content=\"image\/png\" \/>\n<meta name=\"author\" content=\"Martin Hufner\" \/>\n<meta name=\"twitter:card\" content=\"summary_large_image\" \/>\n<meta name=\"twitter:creator\" content=\"@huflaikhan\" \/>\n<meta name=\"twitter:site\" content=\"@musikzeitung\" \/>\n<meta name=\"twitter:label1\" content=\"Verfasst von\" \/>\n\t<meta name=\"twitter:data1\" content=\"Martin Hufner\" \/>\n\t<meta name=\"twitter:label2\" content=\"Gesch\u00e4tzte Lesezeit\" \/>\n\t<meta name=\"twitter:data2\" content=\"3\u00a0Minuten\" \/>\n<script type=\"application\/ld+json\" class=\"yoast-schema-graph\">{\"@context\":\"https:\\\/\\\/schema.org\",\"@graph\":[{\"@type\":\"Article\",\"@id\":\"https:\\\/\\\/blogs.nmz.de\\\/wm2014\\\/2015\\\/10\\\/01\\\/fun-und-van-die-garde\\\/#article\",\"isPartOf\":{\"@id\":\"https:\\\/\\\/blogs.nmz.de\\\/wm2014\\\/2015\\\/10\\\/01\\\/fun-und-van-die-garde\\\/\"},\"author\":{\"name\":\"Martin Hufner\",\"@id\":\"https:\\\/\\\/blogs.nmz.de\\\/wm2014\\\/#\\\/schema\\\/person\\\/488a80049cf0bbc4cce99951ae91c3b9\"},\"headline\":\"Fun und Van &#038; die Garde\",\"datePublished\":\"2015-10-01T06:25:26+00:00\",\"dateModified\":\"2015-10-01T07:01:09+00:00\",\"mainEntityOfPage\":{\"@id\":\"https:\\\/\\\/blogs.nmz.de\\\/wm2014\\\/2015\\\/10\\\/01\\\/fun-und-van-die-garde\\\/\"},\"wordCount\":540,\"commentCount\":1,\"image\":{\"@id\":\"https:\\\/\\\/blogs.nmz.de\\\/wm2014\\\/2015\\\/10\\\/01\\\/fun-und-van-die-garde\\\/#primaryimage\"},\"thumbnailUrl\":\"https:\\\/\\\/i0.wp.com\\\/blogs.nmz.de\\\/wm2014\\\/files\\\/2015\\\/09\\\/avantgarde.png?fit=1005%2C612&ssl=1\",\"keywords\":[\"Avantgarde\",\"Musikjournalismus\",\"Musikp\u00e4dagogik\",\"Tobias Ruderer\",\"VAN\"],\"articleSection\":[\"\u00c4sthetik\",\"Kultur\",\"Medien\"],\"inLanguage\":\"de\",\"potentialAction\":[{\"@type\":\"CommentAction\",\"name\":\"Comment\",\"target\":[\"https:\\\/\\\/blogs.nmz.de\\\/wm2014\\\/2015\\\/10\\\/01\\\/fun-und-van-die-garde\\\/#respond\"]}]},{\"@type\":\"WebPage\",\"@id\":\"https:\\\/\\\/blogs.nmz.de\\\/wm2014\\\/2015\\\/10\\\/01\\\/fun-und-van-die-garde\\\/\",\"url\":\"https:\\\/\\\/blogs.nmz.de\\\/wm2014\\\/2015\\\/10\\\/01\\\/fun-und-van-die-garde\\\/\",\"name\":\"Fun und Van & die Garde - Auf dem Sperrsitz\",\"isPartOf\":{\"@id\":\"https:\\\/\\\/blogs.nmz.de\\\/wm2014\\\/#website\"},\"primaryImageOfPage\":{\"@id\":\"https:\\\/\\\/blogs.nmz.de\\\/wm2014\\\/2015\\\/10\\\/01\\\/fun-und-van-die-garde\\\/#primaryimage\"},\"image\":{\"@id\":\"https:\\\/\\\/blogs.nmz.de\\\/wm2014\\\/2015\\\/10\\\/01\\\/fun-und-van-die-garde\\\/#primaryimage\"},\"thumbnailUrl\":\"https:\\\/\\\/i0.wp.com\\\/blogs.nmz.de\\\/wm2014\\\/files\\\/2015\\\/09\\\/avantgarde.png?fit=1005%2C612&ssl=1\",\"datePublished\":\"2015-10-01T06:25:26+00:00\",\"dateModified\":\"2015-10-01T07:01:09+00:00\",\"author\":{\"@id\":\"https:\\\/\\\/blogs.nmz.de\\\/wm2014\\\/#\\\/schema\\\/person\\\/488a80049cf0bbc4cce99951ae91c3b9\"},\"breadcrumb\":{\"@id\":\"https:\\\/\\\/blogs.nmz.de\\\/wm2014\\\/2015\\\/10\\\/01\\\/fun-und-van-die-garde\\\/#breadcrumb\"},\"inLanguage\":\"de\",\"potentialAction\":[{\"@type\":\"ReadAction\",\"target\":[\"https:\\\/\\\/blogs.nmz.de\\\/wm2014\\\/2015\\\/10\\\/01\\\/fun-und-van-die-garde\\\/\"]}]},{\"@type\":\"ImageObject\",\"inLanguage\":\"de\",\"@id\":\"https:\\\/\\\/blogs.nmz.de\\\/wm2014\\\/2015\\\/10\\\/01\\\/fun-und-van-die-garde\\\/#primaryimage\",\"url\":\"https:\\\/\\\/i0.wp.com\\\/blogs.nmz.de\\\/wm2014\\\/files\\\/2015\\\/09\\\/avantgarde.png?fit=1005%2C612&ssl=1\",\"contentUrl\":\"https:\\\/\\\/i0.wp.com\\\/blogs.nmz.de\\\/wm2014\\\/files\\\/2015\\\/09\\\/avantgarde.png?fit=1005%2C612&ssl=1\",\"width\":1005,\"height\":612,\"caption\":\"Fungarde\"},{\"@type\":\"BreadcrumbList\",\"@id\":\"https:\\\/\\\/blogs.nmz.de\\\/wm2014\\\/2015\\\/10\\\/01\\\/fun-und-van-die-garde\\\/#breadcrumb\",\"itemListElement\":[{\"@type\":\"ListItem\",\"position\":1,\"name\":\"Startseite\",\"item\":\"https:\\\/\\\/blogs.nmz.de\\\/wm2014\\\/\"},{\"@type\":\"ListItem\",\"position\":2,\"name\":\"Fun und Van &#038; die Garde\"}]},{\"@type\":\"WebSite\",\"@id\":\"https:\\\/\\\/blogs.nmz.de\\\/wm2014\\\/#website\",\"url\":\"https:\\\/\\\/blogs.nmz.de\\\/wm2014\\\/\",\"name\":\"Auf dem Sperrsitz\",\"description\":\"Im Kultur-Zoo der nmz\",\"potentialAction\":[{\"@type\":\"SearchAction\",\"target\":{\"@type\":\"EntryPoint\",\"urlTemplate\":\"https:\\\/\\\/blogs.nmz.de\\\/wm2014\\\/?s={search_term_string}\"},\"query-input\":{\"@type\":\"PropertyValueSpecification\",\"valueRequired\":true,\"valueName\":\"search_term_string\"}}],\"inLanguage\":\"de\"},{\"@type\":\"Person\",\"@id\":\"https:\\\/\\\/blogs.nmz.de\\\/wm2014\\\/#\\\/schema\\\/person\\\/488a80049cf0bbc4cce99951ae91c3b9\",\"name\":\"Martin Hufner\",\"image\":{\"@type\":\"ImageObject\",\"inLanguage\":\"de\",\"@id\":\"https:\\\/\\\/secure.gravatar.com\\\/avatar\\\/891bbce378eb0bdbf7f71559e53af16afd9e2f8a020e2f876adcfcd437cd011a?s=96&d=mm&r=g\",\"url\":\"https:\\\/\\\/secure.gravatar.com\\\/avatar\\\/891bbce378eb0bdbf7f71559e53af16afd9e2f8a020e2f876adcfcd437cd011a?s=96&d=mm&r=g\",\"contentUrl\":\"https:\\\/\\\/secure.gravatar.com\\\/avatar\\\/891bbce378eb0bdbf7f71559e53af16afd9e2f8a020e2f876adcfcd437cd011a?s=96&d=mm&r=g\",\"caption\":\"Martin Hufner\"},\"description\":\"seit 1997 chef\u00f6konom der kritischen masse und netzbabysitter der nmz.\",\"sameAs\":[\"https:\\\/\\\/www.musikkritik.org\",\"http:\\\/\\\/www.facebook.com\\\/hufner\",\"https:\\\/\\\/www.linkedin.com\\\/profile\\\/view?id=48050869&trk=spm_pic\",\"https:\\\/\\\/x.com\\\/huflaikhan\"],\"url\":\"https:\\\/\\\/blogs.nmz.de\\\/wm2014\\\/author\\\/admin\\\/\"}]}<\/script>\n<!-- \/ Yoast SEO plugin. -->","yoast_head_json":{"title":"Fun und Van & die Garde - Auf dem Sperrsitz","robots":{"index":"index","follow":"follow","max-snippet":"max-snippet:-1","max-image-preview":"max-image-preview:large","max-video-preview":"max-video-preview:-1"},"canonical":"https:\/\/blogs.nmz.de\/wm2014\/2015\/10\/01\/fun-und-van-die-garde\/","og_locale":"de_DE","og_type":"article","og_title":"Fun und Van & die Garde - Auf dem Sperrsitz","og_description":"Heute landete der Hinweis auf einen Impulsvortrag von Tobias Ruderer in meinem Postfach. Ruderer ist Mitmacher bei \u201eVAN\u201c. Den hat er in Weikersheim gehalten, auf Einladung der jeunesses musicales, anl\u00e4\u00dflich von \u201esch\u00fcler komponieren\u201c. Es steckt dabei mit einer selten so... Weiterlesen &rarr;","og_url":"https:\/\/blogs.nmz.de\/wm2014\/2015\/10\/01\/fun-und-van-die-garde\/","og_site_name":"Auf dem Sperrsitz","article_publisher":"http:\/\/www.facebook.com\/musikzeitung","article_author":"http:\/\/www.facebook.com\/hufner","article_published_time":"2015-10-01T06:25:26+00:00","article_modified_time":"2015-10-01T07:01:09+00:00","og_image":[{"width":1005,"height":612,"url":"https:\/\/i1.wp.com\/blogs.nmz.de\/wm2014\/files\/2015\/09\/avantgarde.png?fit=1005%2C612&ssl=1","type":"image\/png"}],"author":"Martin Hufner","twitter_card":"summary_large_image","twitter_creator":"@huflaikhan","twitter_site":"@musikzeitung","twitter_misc":{"Verfasst von":"Martin Hufner","Gesch\u00e4tzte Lesezeit":"3\u00a0Minuten"},"schema":{"@context":"https:\/\/schema.org","@graph":[{"@type":"Article","@id":"https:\/\/blogs.nmz.de\/wm2014\/2015\/10\/01\/fun-und-van-die-garde\/#article","isPartOf":{"@id":"https:\/\/blogs.nmz.de\/wm2014\/2015\/10\/01\/fun-und-van-die-garde\/"},"author":{"name":"Martin Hufner","@id":"https:\/\/blogs.nmz.de\/wm2014\/#\/schema\/person\/488a80049cf0bbc4cce99951ae91c3b9"},"headline":"Fun und Van &#038; die Garde","datePublished":"2015-10-01T06:25:26+00:00","dateModified":"2015-10-01T07:01:09+00:00","mainEntityOfPage":{"@id":"https:\/\/blogs.nmz.de\/wm2014\/2015\/10\/01\/fun-und-van-die-garde\/"},"wordCount":540,"commentCount":1,"image":{"@id":"https:\/\/blogs.nmz.de\/wm2014\/2015\/10\/01\/fun-und-van-die-garde\/#primaryimage"},"thumbnailUrl":"https:\/\/i0.wp.com\/blogs.nmz.de\/wm2014\/files\/2015\/09\/avantgarde.png?fit=1005%2C612&ssl=1","keywords":["Avantgarde","Musikjournalismus","Musikp\u00e4dagogik","Tobias Ruderer","VAN"],"articleSection":["\u00c4sthetik","Kultur","Medien"],"inLanguage":"de","potentialAction":[{"@type":"CommentAction","name":"Comment","target":["https:\/\/blogs.nmz.de\/wm2014\/2015\/10\/01\/fun-und-van-die-garde\/#respond"]}]},{"@type":"WebPage","@id":"https:\/\/blogs.nmz.de\/wm2014\/2015\/10\/01\/fun-und-van-die-garde\/","url":"https:\/\/blogs.nmz.de\/wm2014\/2015\/10\/01\/fun-und-van-die-garde\/","name":"Fun und Van & die Garde - Auf dem Sperrsitz","isPartOf":{"@id":"https:\/\/blogs.nmz.de\/wm2014\/#website"},"primaryImageOfPage":{"@id":"https:\/\/blogs.nmz.de\/wm2014\/2015\/10\/01\/fun-und-van-die-garde\/#primaryimage"},"image":{"@id":"https:\/\/blogs.nmz.de\/wm2014\/2015\/10\/01\/fun-und-van-die-garde\/#primaryimage"},"thumbnailUrl":"https:\/\/i0.wp.com\/blogs.nmz.de\/wm2014\/files\/2015\/09\/avantgarde.png?fit=1005%2C612&ssl=1","datePublished":"2015-10-01T06:25:26+00:00","dateModified":"2015-10-01T07:01:09+00:00","author":{"@id":"https:\/\/blogs.nmz.de\/wm2014\/#\/schema\/person\/488a80049cf0bbc4cce99951ae91c3b9"},"breadcrumb":{"@id":"https:\/\/blogs.nmz.de\/wm2014\/2015\/10\/01\/fun-und-van-die-garde\/#breadcrumb"},"inLanguage":"de","potentialAction":[{"@type":"ReadAction","target":["https:\/\/blogs.nmz.de\/wm2014\/2015\/10\/01\/fun-und-van-die-garde\/"]}]},{"@type":"ImageObject","inLanguage":"de","@id":"https:\/\/blogs.nmz.de\/wm2014\/2015\/10\/01\/fun-und-van-die-garde\/#primaryimage","url":"https:\/\/i0.wp.com\/blogs.nmz.de\/wm2014\/files\/2015\/09\/avantgarde.png?fit=1005%2C612&ssl=1","contentUrl":"https:\/\/i0.wp.com\/blogs.nmz.de\/wm2014\/files\/2015\/09\/avantgarde.png?fit=1005%2C612&ssl=1","width":1005,"height":612,"caption":"Fungarde"},{"@type":"BreadcrumbList","@id":"https:\/\/blogs.nmz.de\/wm2014\/2015\/10\/01\/fun-und-van-die-garde\/#breadcrumb","itemListElement":[{"@type":"ListItem","position":1,"name":"Startseite","item":"https:\/\/blogs.nmz.de\/wm2014\/"},{"@type":"ListItem","position":2,"name":"Fun und Van &#038; die Garde"}]},{"@type":"WebSite","@id":"https:\/\/blogs.nmz.de\/wm2014\/#website","url":"https:\/\/blogs.nmz.de\/wm2014\/","name":"Auf dem Sperrsitz","description":"Im Kultur-Zoo der nmz","potentialAction":[{"@type":"SearchAction","target":{"@type":"EntryPoint","urlTemplate":"https:\/\/blogs.nmz.de\/wm2014\/?s={search_term_string}"},"query-input":{"@type":"PropertyValueSpecification","valueRequired":true,"valueName":"search_term_string"}}],"inLanguage":"de"},{"@type":"Person","@id":"https:\/\/blogs.nmz.de\/wm2014\/#\/schema\/person\/488a80049cf0bbc4cce99951ae91c3b9","name":"Martin Hufner","image":{"@type":"ImageObject","inLanguage":"de","@id":"https:\/\/secure.gravatar.com\/avatar\/891bbce378eb0bdbf7f71559e53af16afd9e2f8a020e2f876adcfcd437cd011a?s=96&d=mm&r=g","url":"https:\/\/secure.gravatar.com\/avatar\/891bbce378eb0bdbf7f71559e53af16afd9e2f8a020e2f876adcfcd437cd011a?s=96&d=mm&r=g","contentUrl":"https:\/\/secure.gravatar.com\/avatar\/891bbce378eb0bdbf7f71559e53af16afd9e2f8a020e2f876adcfcd437cd011a?s=96&d=mm&r=g","caption":"Martin Hufner"},"description":"seit 1997 chef\u00f6konom der kritischen masse und netzbabysitter der nmz.","sameAs":["https:\/\/www.musikkritik.org","http:\/\/www.facebook.com\/hufner","https:\/\/www.linkedin.com\/profile\/view?id=48050869&trk=spm_pic","https:\/\/x.com\/huflaikhan"],"url":"https:\/\/blogs.nmz.de\/wm2014\/author\/admin\/"}]}},"wp-worthy-pixel":{"ignored":false,"public":null,"server":null,"url":null},"wp-worthy-type":"normal","jetpack_featured_media_url":"https:\/\/i0.wp.com\/blogs.nmz.de\/wm2014\/files\/2015\/09\/avantgarde.png?fit=1005%2C612&ssl=1","jetpack_shortlink":"https:\/\/wp.me\/p4Gg77-tD","jetpack-related-posts":[],"jetpack_sharing_enabled":true,"_links":{"self":[{"href":"https:\/\/blogs.nmz.de\/wm2014\/wp-json\/wp\/v2\/posts\/1837","targetHints":{"allow":["GET"]}}],"collection":[{"href":"https:\/\/blogs.nmz.de\/wm2014\/wp-json\/wp\/v2\/posts"}],"about":[{"href":"https:\/\/blogs.nmz.de\/wm2014\/wp-json\/wp\/v2\/types\/post"}],"author":[{"embeddable":true,"href":"https:\/\/blogs.nmz.de\/wm2014\/wp-json\/wp\/v2\/users\/1"}],"replies":[{"embeddable":true,"href":"https:\/\/blogs.nmz.de\/wm2014\/wp-json\/wp\/v2\/comments?post=1837"}],"version-history":[{"count":4,"href":"https:\/\/blogs.nmz.de\/wm2014\/wp-json\/wp\/v2\/posts\/1837\/revisions"}],"predecessor-version":[{"id":1843,"href":"https:\/\/blogs.nmz.de\/wm2014\/wp-json\/wp\/v2\/posts\/1837\/revisions\/1843"}],"wp:featuredmedia":[{"embeddable":true,"href":"https:\/\/blogs.nmz.de\/wm2014\/wp-json\/wp\/v2\/media\/1839"}],"wp:attachment":[{"href":"https:\/\/blogs.nmz.de\/wm2014\/wp-json\/wp\/v2\/media?parent=1837"}],"wp:term":[{"taxonomy":"category","embeddable":true,"href":"https:\/\/blogs.nmz.de\/wm2014\/wp-json\/wp\/v2\/categories?post=1837"},{"taxonomy":"post_tag","embeddable":true,"href":"https:\/\/blogs.nmz.de\/wm2014\/wp-json\/wp\/v2\/tags?post=1837"}],"curies":[{"name":"wp","href":"https:\/\/api.w.org\/{rel}","templated":true}]}}