{"id":1771,"date":"2015-08-21T08:22:16","date_gmt":"2015-08-21T06:22:16","guid":{"rendered":"http:\/\/blogs.nmz.de\/wm2014\/?p=1771"},"modified":"2015-08-21T00:11:54","modified_gmt":"2015-08-20T22:11:54","slug":"schweigen-glocken-uertext-duos-und-ttip","status":"publish","type":"post","link":"https:\/\/blogs.nmz.de\/wm2014\/2015\/08\/21\/schweigen-glocken-uertext-duos-und-ttip\/","title":{"rendered":"Schweigen, Glocken, \u00dcrtext, Duos und TTIP"},"content":{"rendered":"<h4>Schweigen, das in der Kasse bei Apple klingelt<\/h4>\n<p>Mit Nichts was Gutes tun?<\/p>\n<blockquote class=\"twitter-tweet\" width=\"550\">\n<p lang=\"de\" dir=\"ltr\">An der Spitze der iTunes-Charts in \u00d6sterreich steht derzeit eine Schweigeminute f\u00fcr Fl\u00fcchtlinge <a href=\"http:\/\/t.co\/f1NscufJmd\">http:\/\/t.co\/f1NscufJmd<\/a><\/p>\n<p>&mdash; DKultur (@DKultur) <a href=\"https:\/\/twitter.com\/DKultur\/status\/634351533556133888\">August 20, 2015<\/a><\/p><\/blockquote>\n<p><script async src=\"\/\/platform.twitter.com\/widgets.js\" charset=\"utf-8\"><\/script><\/p>\n<p>Im Interview von DKultur wird das ganz differenziert gesehen. Denn es ist eine Ersch\u00f6pfungsform, aber besser hier und so. Das l\u00e4sst sich nicht wiederholen ohne dass es schal wird. Die Erl\u00f6se kommen den Fl\u00fcchtlingen zugute. Und nat\u00fcrlich iTunes und somit Apple.<\/p>\n<h4>Webern\/Essl klingelt anders<\/h4>\n<p>An Webern gedacht hat der \u00d6sterreichische Komponist und T\u00fcftler Karlheinz Essl. Seine neueste Version von WebernUhrWerk steht bereit zum Download. An einer neueren Version f\u00fcr Windows wird angeblich gearbeitet. Sch\u00f6ne Sache. [<a href=\"http:\/\/www.essl.at\/works\/webernuhrwerk\/download.html\" target=\"_blank\">Zum Download<\/a>]<\/p>\n<div class=\"fb-post\" data-href=\"https:\/\/www.facebook.com\/photo.php?fbid=10205750190366958&#038;set=a.1352301240551.2051256.1021985273&#038;type=1\" data-width=\"552\" style=\"background-color: #fff; display: inline-block;\"><\/div>\n<p>F\u00fcr Weberns Todestag hat Essl \u00fcbrigens eigens eine musikalische Aktion geplant. Dar\u00fcber bald mehr.<\/p>\n<h4>\u00dcrtext<\/h4>\n<p>Noch mehr Sensationelles aus \u00d6sterreich. Mozarts A-Dur-Sonate KV 331 als neuer Urtext nach einem Fund im letzten Jahr, jetzt bei Henle. In einem <a href=\"https:\/\/www.facebook.com\/HenleVerlag\/videos\/961166530592643\/\" target=\"_blank\">Video<\/a> kl\u00e4ren Fingers\u00e4tzer und Verlagsleiter \u00fcber die Neuigkeiten auf. Da mag die Frage erlaubt sein, wie urtextsicher sind die Urtexte dann \u00fcberhaupt noch.<\/p>\n<h4>Sprung \u00fcber den See<\/h4>\n<p>Das Toronto Symphony Orchestra w\u00fcnscht \u00fcbrigens einen sch\u00f6nen Donnerstag:<\/p>\n<blockquote class=\"twitter-tweet\" width=\"550\">\n<p lang=\"en\" dir=\"ltr\">Happy Thursday friends! <a href=\"https:\/\/twitter.com\/hashtag\/AndanteConMoto?src=hash\">#AndanteConMoto<\/a> <a href=\"http:\/\/t.co\/3D4ZfidY2A\">pic.twitter.com\/3D4ZfidY2A<\/a><\/p>\n<p>&mdash; Toronto Symphony  (@TorontoSymphony) <a href=\"https:\/\/twitter.com\/TorontoSymphony\/status\/634334788162318336\">August 20, 2015<\/a><\/p><\/blockquote>\n<p><script async src=\"\/\/platform.twitter.com\/widgets.js\" charset=\"utf-8\"><\/script><\/p>\n<h4>Geheimniskram &amp; TTIP<\/h4>\n<p>Jaja, TTIP ist ja so total transparent unter Kontrolle. Da wei\u00df man Bescheid. Na klar.<\/p>\n<p><span class=\"embed-youtube\" style=\"text-align:center; display: block;\"><iframe loading=\"lazy\" class=\"youtube-player\" width=\"676\" height=\"381\" src=\"https:\/\/www.youtube.com\/embed\/IXRdU9qjRJI?version=3&#038;rel=1&#038;showsearch=0&#038;showinfo=1&#038;iv_load_policy=1&#038;fs=1&#038;hl=de-DE&#038;autohide=2&#038;wmode=transparent\" allowfullscreen=\"true\" style=\"border:0;\" sandbox=\"allow-scripts allow-same-origin allow-popups allow-presentation allow-popups-to-escape-sandbox\"><\/iframe><\/span><\/p>\n<p>Und die Antwort ist jetzt auch bekannt:<\/p>\n<blockquote class=\"twitter-tweet\" width=\"550\">\n<p lang=\"de\" dir=\"ltr\">Na endlich: &#10;Bundesregierung hat gerade mitgeteilt, dass bisher KEINE Ministerin, KEIN Minister der Bundesregierung im <a href=\"https:\/\/twitter.com\/hashtag\/TTIP?src=hash\">#TTIP<\/a> Leseraum war.<\/p>\n<p>&mdash; Tilo Jung (@TiloJung) <a href=\"https:\/\/twitter.com\/TiloJung\/status\/634379269850988548\">August 20, 2015<\/a><\/p><\/blockquote>\n<p><script async src=\"\/\/platform.twitter.com\/widgets.js\" charset=\"utf-8\"><\/script><\/p>\n","protected":false},"excerpt":{"rendered":"<p>Schweigen, das in der Kasse bei Apple klingelt Mit Nichts was Gutes tun? An der Spitze der iTunes-Charts in \u00d6sterreich steht derzeit eine Schweigeminute f\u00fcr Fl\u00fcchtlinge http:\/\/t.co\/f1NscufJmd &mdash; DKultur (@DKultur) August 20, 2015 Im Interview von DKultur wird das ganz&#8230; <a class=\"more-link\" href=\"https:\/\/blogs.nmz.de\/wm2014\/2015\/08\/21\/schweigen-glocken-uertext-duos-und-ttip\/\">Weiterlesen &rarr;<\/a><\/p>\n","protected":false},"author":1,"featured_media":1776,"comment_status":"open","ping_status":"open","sticky":false,"template":"","format":"standard","meta":{"_jetpack_memberships_contains_paid_content":false,"footnotes":""},"categories":[769,836,533],"tags":[801,13106,59,13124,2122,11413,747,13122],"class_list":["post-1771","post","type-post","status-publish","format-standard","has-post-thumbnail","hentry","category-internet","category-medien","category-musik","tag-facebook","tag-marketing","tag-neue-musik","tag-schweigen","tag-stille","tag-ttip","tag-twitter","tag-urtext"],"yoast_head":"<!-- This site is optimized with the Yoast SEO plugin v27.4 - https:\/\/yoast.com\/product\/yoast-seo-wordpress\/ -->\n<title>Schweigen, Glocken, \u00dcrtext, Duos und TTIP - Auf dem Sperrsitz<\/title>\n<meta name=\"robots\" content=\"index, follow, max-snippet:-1, max-image-preview:large, max-video-preview:-1\" \/>\n<link rel=\"canonical\" href=\"https:\/\/blogs.nmz.de\/wm2014\/2015\/08\/21\/schweigen-glocken-uertext-duos-und-ttip\/\" \/>\n<meta property=\"og:locale\" content=\"de_DE\" \/>\n<meta property=\"og:type\" content=\"article\" \/>\n<meta property=\"og:title\" content=\"Schweigen, Glocken, \u00dcrtext, Duos und TTIP - Auf dem Sperrsitz\" \/>\n<meta property=\"og:description\" content=\"Schweigen, das in der Kasse bei Apple klingelt Mit Nichts was Gutes tun? An der Spitze der iTunes-Charts in \u00d6sterreich steht derzeit eine Schweigeminute f\u00fcr Fl\u00fcchtlinge http:\/\/t.co\/f1NscufJmd &mdash; DKultur (@DKultur) August 20, 2015 Im Interview von DKultur wird das ganz... Weiterlesen &rarr;\" \/>\n<meta property=\"og:url\" content=\"https:\/\/blogs.nmz.de\/wm2014\/2015\/08\/21\/schweigen-glocken-uertext-duos-und-ttip\/\" \/>\n<meta property=\"og:site_name\" content=\"Auf dem Sperrsitz\" \/>\n<meta property=\"article:publisher\" content=\"http:\/\/www.facebook.com\/musikzeitung\" \/>\n<meta property=\"article:author\" content=\"http:\/\/www.facebook.com\/hufner\" \/>\n<meta property=\"article:published_time\" content=\"2015-08-21T06:22:16+00:00\" \/>\n<meta property=\"og:image\" content=\"https:\/\/blogs.nmz.de\/wm2014\/files\/2015\/08\/2015-08-19-19.17-1024x529.jpg\" \/>\n\t<meta property=\"og:image:width\" content=\"1024\" \/>\n\t<meta property=\"og:image:height\" content=\"529\" \/>\n\t<meta property=\"og:image:type\" content=\"image\/jpeg\" \/>\n<meta name=\"author\" content=\"Martin Hufner\" \/>\n<meta name=\"twitter:card\" content=\"summary_large_image\" \/>\n<meta name=\"twitter:creator\" content=\"@huflaikhan\" \/>\n<meta name=\"twitter:site\" content=\"@musikzeitung\" \/>\n<meta name=\"twitter:label1\" content=\"Verfasst von\" \/>\n\t<meta name=\"twitter:data1\" content=\"Martin Hufner\" \/>\n\t<meta name=\"twitter:label2\" content=\"Gesch\u00e4tzte Lesezeit\" \/>\n\t<meta name=\"twitter:data2\" content=\"1\u00a0Minute\" \/>\n<script type=\"application\/ld+json\" class=\"yoast-schema-graph\">{\"@context\":\"https:\\\/\\\/schema.org\",\"@graph\":[{\"@type\":\"Article\",\"@id\":\"https:\\\/\\\/blogs.nmz.de\\\/wm2014\\\/2015\\\/08\\\/21\\\/schweigen-glocken-uertext-duos-und-ttip\\\/#article\",\"isPartOf\":{\"@id\":\"https:\\\/\\\/blogs.nmz.de\\\/wm2014\\\/2015\\\/08\\\/21\\\/schweigen-glocken-uertext-duos-und-ttip\\\/\"},\"author\":{\"name\":\"Martin Hufner\",\"@id\":\"https:\\\/\\\/blogs.nmz.de\\\/wm2014\\\/#\\\/schema\\\/person\\\/488a80049cf0bbc4cce99951ae91c3b9\"},\"headline\":\"Schweigen, Glocken, \u00dcrtext, Duos und TTIP\",\"datePublished\":\"2015-08-21T06:22:16+00:00\",\"mainEntityOfPage\":{\"@id\":\"https:\\\/\\\/blogs.nmz.de\\\/wm2014\\\/2015\\\/08\\\/21\\\/schweigen-glocken-uertext-duos-und-ttip\\\/\"},\"wordCount\":239,\"commentCount\":0,\"image\":{\"@id\":\"https:\\\/\\\/blogs.nmz.de\\\/wm2014\\\/2015\\\/08\\\/21\\\/schweigen-glocken-uertext-duos-und-ttip\\\/#primaryimage\"},\"thumbnailUrl\":\"https:\\\/\\\/i0.wp.com\\\/blogs.nmz.de\\\/wm2014\\\/files\\\/2015\\\/08\\\/2015-08-19-19.17.jpg?fit=3325%2C1717&ssl=1\",\"keywords\":[\"Facebook\",\"Marketing\",\"Neue Musik\",\"Schweigen\",\"Stille\",\"TTIP\",\"Twitter\",\"Urtext\"],\"articleSection\":[\"Internet\",\"Medien\",\"Musik\"],\"inLanguage\":\"de\",\"potentialAction\":[{\"@type\":\"CommentAction\",\"name\":\"Comment\",\"target\":[\"https:\\\/\\\/blogs.nmz.de\\\/wm2014\\\/2015\\\/08\\\/21\\\/schweigen-glocken-uertext-duos-und-ttip\\\/#respond\"]}]},{\"@type\":\"WebPage\",\"@id\":\"https:\\\/\\\/blogs.nmz.de\\\/wm2014\\\/2015\\\/08\\\/21\\\/schweigen-glocken-uertext-duos-und-ttip\\\/\",\"url\":\"https:\\\/\\\/blogs.nmz.de\\\/wm2014\\\/2015\\\/08\\\/21\\\/schweigen-glocken-uertext-duos-und-ttip\\\/\",\"name\":\"Schweigen, Glocken, \u00dcrtext, Duos und TTIP - Auf dem Sperrsitz\",\"isPartOf\":{\"@id\":\"https:\\\/\\\/blogs.nmz.de\\\/wm2014\\\/#website\"},\"primaryImageOfPage\":{\"@id\":\"https:\\\/\\\/blogs.nmz.de\\\/wm2014\\\/2015\\\/08\\\/21\\\/schweigen-glocken-uertext-duos-und-ttip\\\/#primaryimage\"},\"image\":{\"@id\":\"https:\\\/\\\/blogs.nmz.de\\\/wm2014\\\/2015\\\/08\\\/21\\\/schweigen-glocken-uertext-duos-und-ttip\\\/#primaryimage\"},\"thumbnailUrl\":\"https:\\\/\\\/i0.wp.com\\\/blogs.nmz.de\\\/wm2014\\\/files\\\/2015\\\/08\\\/2015-08-19-19.17.jpg?fit=3325%2C1717&ssl=1\",\"datePublished\":\"2015-08-21T06:22:16+00:00\",\"author\":{\"@id\":\"https:\\\/\\\/blogs.nmz.de\\\/wm2014\\\/#\\\/schema\\\/person\\\/488a80049cf0bbc4cce99951ae91c3b9\"},\"breadcrumb\":{\"@id\":\"https:\\\/\\\/blogs.nmz.de\\\/wm2014\\\/2015\\\/08\\\/21\\\/schweigen-glocken-uertext-duos-und-ttip\\\/#breadcrumb\"},\"inLanguage\":\"de\",\"potentialAction\":[{\"@type\":\"ReadAction\",\"target\":[\"https:\\\/\\\/blogs.nmz.de\\\/wm2014\\\/2015\\\/08\\\/21\\\/schweigen-glocken-uertext-duos-und-ttip\\\/\"]}]},{\"@type\":\"ImageObject\",\"inLanguage\":\"de\",\"@id\":\"https:\\\/\\\/blogs.nmz.de\\\/wm2014\\\/2015\\\/08\\\/21\\\/schweigen-glocken-uertext-duos-und-ttip\\\/#primaryimage\",\"url\":\"https:\\\/\\\/i0.wp.com\\\/blogs.nmz.de\\\/wm2014\\\/files\\\/2015\\\/08\\\/2015-08-19-19.17.jpg?fit=3325%2C1717&ssl=1\",\"contentUrl\":\"https:\\\/\\\/i0.wp.com\\\/blogs.nmz.de\\\/wm2014\\\/files\\\/2015\\\/08\\\/2015-08-19-19.17.jpg?fit=3325%2C1717&ssl=1\",\"width\":3325,\"height\":1717,\"caption\":\"Schweigen und Quaseln. Foto: Hufner\"},{\"@type\":\"BreadcrumbList\",\"@id\":\"https:\\\/\\\/blogs.nmz.de\\\/wm2014\\\/2015\\\/08\\\/21\\\/schweigen-glocken-uertext-duos-und-ttip\\\/#breadcrumb\",\"itemListElement\":[{\"@type\":\"ListItem\",\"position\":1,\"name\":\"Startseite\",\"item\":\"https:\\\/\\\/blogs.nmz.de\\\/wm2014\\\/\"},{\"@type\":\"ListItem\",\"position\":2,\"name\":\"Schweigen, Glocken, &#220;rtext, Duos und TTIP\"}]},{\"@type\":\"WebSite\",\"@id\":\"https:\\\/\\\/blogs.nmz.de\\\/wm2014\\\/#website\",\"url\":\"https:\\\/\\\/blogs.nmz.de\\\/wm2014\\\/\",\"name\":\"Auf dem Sperrsitz\",\"description\":\"Im Kultur-Zoo der nmz\",\"potentialAction\":[{\"@type\":\"SearchAction\",\"target\":{\"@type\":\"EntryPoint\",\"urlTemplate\":\"https:\\\/\\\/blogs.nmz.de\\\/wm2014\\\/?s={search_term_string}\"},\"query-input\":{\"@type\":\"PropertyValueSpecification\",\"valueRequired\":true,\"valueName\":\"search_term_string\"}}],\"inLanguage\":\"de\"},{\"@type\":\"Person\",\"@id\":\"https:\\\/\\\/blogs.nmz.de\\\/wm2014\\\/#\\\/schema\\\/person\\\/488a80049cf0bbc4cce99951ae91c3b9\",\"name\":\"Martin Hufner\",\"image\":{\"@type\":\"ImageObject\",\"inLanguage\":\"de\",\"@id\":\"https:\\\/\\\/secure.gravatar.com\\\/avatar\\\/891bbce378eb0bdbf7f71559e53af16afd9e2f8a020e2f876adcfcd437cd011a?s=96&d=mm&r=g\",\"url\":\"https:\\\/\\\/secure.gravatar.com\\\/avatar\\\/891bbce378eb0bdbf7f71559e53af16afd9e2f8a020e2f876adcfcd437cd011a?s=96&d=mm&r=g\",\"contentUrl\":\"https:\\\/\\\/secure.gravatar.com\\\/avatar\\\/891bbce378eb0bdbf7f71559e53af16afd9e2f8a020e2f876adcfcd437cd011a?s=96&d=mm&r=g\",\"caption\":\"Martin Hufner\"},\"description\":\"seit 1997 chef\u00f6konom der kritischen masse und netzbabysitter der nmz.\",\"sameAs\":[\"https:\\\/\\\/www.musikkritik.org\",\"http:\\\/\\\/www.facebook.com\\\/hufner\",\"https:\\\/\\\/www.linkedin.com\\\/profile\\\/view?id=48050869&trk=spm_pic\",\"https:\\\/\\\/x.com\\\/huflaikhan\"],\"url\":\"https:\\\/\\\/blogs.nmz.de\\\/wm2014\\\/author\\\/admin\\\/\"}]}<\/script>\n<!-- \/ Yoast SEO plugin. -->","yoast_head_json":{"title":"Schweigen, Glocken, \u00dcrtext, Duos und TTIP - Auf dem Sperrsitz","robots":{"index":"index","follow":"follow","max-snippet":"max-snippet:-1","max-image-preview":"max-image-preview:large","max-video-preview":"max-video-preview:-1"},"canonical":"https:\/\/blogs.nmz.de\/wm2014\/2015\/08\/21\/schweigen-glocken-uertext-duos-und-ttip\/","og_locale":"de_DE","og_type":"article","og_title":"Schweigen, Glocken, \u00dcrtext, Duos und TTIP - Auf dem Sperrsitz","og_description":"Schweigen, das in der Kasse bei Apple klingelt Mit Nichts was Gutes tun? An der Spitze der iTunes-Charts in \u00d6sterreich steht derzeit eine Schweigeminute f\u00fcr Fl\u00fcchtlinge http:\/\/t.co\/f1NscufJmd &mdash; DKultur (@DKultur) August 20, 2015 Im Interview von DKultur wird das ganz... Weiterlesen &rarr;","og_url":"https:\/\/blogs.nmz.de\/wm2014\/2015\/08\/21\/schweigen-glocken-uertext-duos-und-ttip\/","og_site_name":"Auf dem Sperrsitz","article_publisher":"http:\/\/www.facebook.com\/musikzeitung","article_author":"http:\/\/www.facebook.com\/hufner","article_published_time":"2015-08-21T06:22:16+00:00","og_image":[{"width":1024,"height":529,"url":"https:\/\/blogs.nmz.de\/wm2014\/files\/2015\/08\/2015-08-19-19.17-1024x529.jpg","type":"image\/jpeg"}],"author":"Martin Hufner","twitter_card":"summary_large_image","twitter_creator":"@huflaikhan","twitter_site":"@musikzeitung","twitter_misc":{"Verfasst von":"Martin Hufner","Gesch\u00e4tzte Lesezeit":"1\u00a0Minute"},"schema":{"@context":"https:\/\/schema.org","@graph":[{"@type":"Article","@id":"https:\/\/blogs.nmz.de\/wm2014\/2015\/08\/21\/schweigen-glocken-uertext-duos-und-ttip\/#article","isPartOf":{"@id":"https:\/\/blogs.nmz.de\/wm2014\/2015\/08\/21\/schweigen-glocken-uertext-duos-und-ttip\/"},"author":{"name":"Martin Hufner","@id":"https:\/\/blogs.nmz.de\/wm2014\/#\/schema\/person\/488a80049cf0bbc4cce99951ae91c3b9"},"headline":"Schweigen, Glocken, \u00dcrtext, Duos und TTIP","datePublished":"2015-08-21T06:22:16+00:00","mainEntityOfPage":{"@id":"https:\/\/blogs.nmz.de\/wm2014\/2015\/08\/21\/schweigen-glocken-uertext-duos-und-ttip\/"},"wordCount":239,"commentCount":0,"image":{"@id":"https:\/\/blogs.nmz.de\/wm2014\/2015\/08\/21\/schweigen-glocken-uertext-duos-und-ttip\/#primaryimage"},"thumbnailUrl":"https:\/\/i0.wp.com\/blogs.nmz.de\/wm2014\/files\/2015\/08\/2015-08-19-19.17.jpg?fit=3325%2C1717&ssl=1","keywords":["Facebook","Marketing","Neue Musik","Schweigen","Stille","TTIP","Twitter","Urtext"],"articleSection":["Internet","Medien","Musik"],"inLanguage":"de","potentialAction":[{"@type":"CommentAction","name":"Comment","target":["https:\/\/blogs.nmz.de\/wm2014\/2015\/08\/21\/schweigen-glocken-uertext-duos-und-ttip\/#respond"]}]},{"@type":"WebPage","@id":"https:\/\/blogs.nmz.de\/wm2014\/2015\/08\/21\/schweigen-glocken-uertext-duos-und-ttip\/","url":"https:\/\/blogs.nmz.de\/wm2014\/2015\/08\/21\/schweigen-glocken-uertext-duos-und-ttip\/","name":"Schweigen, Glocken, \u00dcrtext, Duos und TTIP - Auf dem Sperrsitz","isPartOf":{"@id":"https:\/\/blogs.nmz.de\/wm2014\/#website"},"primaryImageOfPage":{"@id":"https:\/\/blogs.nmz.de\/wm2014\/2015\/08\/21\/schweigen-glocken-uertext-duos-und-ttip\/#primaryimage"},"image":{"@id":"https:\/\/blogs.nmz.de\/wm2014\/2015\/08\/21\/schweigen-glocken-uertext-duos-und-ttip\/#primaryimage"},"thumbnailUrl":"https:\/\/i0.wp.com\/blogs.nmz.de\/wm2014\/files\/2015\/08\/2015-08-19-19.17.jpg?fit=3325%2C1717&ssl=1","datePublished":"2015-08-21T06:22:16+00:00","author":{"@id":"https:\/\/blogs.nmz.de\/wm2014\/#\/schema\/person\/488a80049cf0bbc4cce99951ae91c3b9"},"breadcrumb":{"@id":"https:\/\/blogs.nmz.de\/wm2014\/2015\/08\/21\/schweigen-glocken-uertext-duos-und-ttip\/#breadcrumb"},"inLanguage":"de","potentialAction":[{"@type":"ReadAction","target":["https:\/\/blogs.nmz.de\/wm2014\/2015\/08\/21\/schweigen-glocken-uertext-duos-und-ttip\/"]}]},{"@type":"ImageObject","inLanguage":"de","@id":"https:\/\/blogs.nmz.de\/wm2014\/2015\/08\/21\/schweigen-glocken-uertext-duos-und-ttip\/#primaryimage","url":"https:\/\/i0.wp.com\/blogs.nmz.de\/wm2014\/files\/2015\/08\/2015-08-19-19.17.jpg?fit=3325%2C1717&ssl=1","contentUrl":"https:\/\/i0.wp.com\/blogs.nmz.de\/wm2014\/files\/2015\/08\/2015-08-19-19.17.jpg?fit=3325%2C1717&ssl=1","width":3325,"height":1717,"caption":"Schweigen und Quaseln. Foto: Hufner"},{"@type":"BreadcrumbList","@id":"https:\/\/blogs.nmz.de\/wm2014\/2015\/08\/21\/schweigen-glocken-uertext-duos-und-ttip\/#breadcrumb","itemListElement":[{"@type":"ListItem","position":1,"name":"Startseite","item":"https:\/\/blogs.nmz.de\/wm2014\/"},{"@type":"ListItem","position":2,"name":"Schweigen, Glocken, &#220;rtext, Duos und TTIP"}]},{"@type":"WebSite","@id":"https:\/\/blogs.nmz.de\/wm2014\/#website","url":"https:\/\/blogs.nmz.de\/wm2014\/","name":"Auf dem Sperrsitz","description":"Im Kultur-Zoo der nmz","potentialAction":[{"@type":"SearchAction","target":{"@type":"EntryPoint","urlTemplate":"https:\/\/blogs.nmz.de\/wm2014\/?s={search_term_string}"},"query-input":{"@type":"PropertyValueSpecification","valueRequired":true,"valueName":"search_term_string"}}],"inLanguage":"de"},{"@type":"Person","@id":"https:\/\/blogs.nmz.de\/wm2014\/#\/schema\/person\/488a80049cf0bbc4cce99951ae91c3b9","name":"Martin Hufner","image":{"@type":"ImageObject","inLanguage":"de","@id":"https:\/\/secure.gravatar.com\/avatar\/891bbce378eb0bdbf7f71559e53af16afd9e2f8a020e2f876adcfcd437cd011a?s=96&d=mm&r=g","url":"https:\/\/secure.gravatar.com\/avatar\/891bbce378eb0bdbf7f71559e53af16afd9e2f8a020e2f876adcfcd437cd011a?s=96&d=mm&r=g","contentUrl":"https:\/\/secure.gravatar.com\/avatar\/891bbce378eb0bdbf7f71559e53af16afd9e2f8a020e2f876adcfcd437cd011a?s=96&d=mm&r=g","caption":"Martin Hufner"},"description":"seit 1997 chef\u00f6konom der kritischen masse und netzbabysitter der nmz.","sameAs":["https:\/\/www.musikkritik.org","http:\/\/www.facebook.com\/hufner","https:\/\/www.linkedin.com\/profile\/view?id=48050869&trk=spm_pic","https:\/\/x.com\/huflaikhan"],"url":"https:\/\/blogs.nmz.de\/wm2014\/author\/admin\/"}]}},"wp-worthy-pixel":{"ignored":false,"public":null,"server":null,"url":null},"wp-worthy-type":"normal","jetpack_featured_media_url":"https:\/\/i0.wp.com\/blogs.nmz.de\/wm2014\/files\/2015\/08\/2015-08-19-19.17.jpg?fit=3325%2C1717&ssl=1","jetpack_shortlink":"https:\/\/wp.me\/p4Gg77-sz","jetpack-related-posts":[],"jetpack_sharing_enabled":true,"_links":{"self":[{"href":"https:\/\/blogs.nmz.de\/wm2014\/wp-json\/wp\/v2\/posts\/1771","targetHints":{"allow":["GET"]}}],"collection":[{"href":"https:\/\/blogs.nmz.de\/wm2014\/wp-json\/wp\/v2\/posts"}],"about":[{"href":"https:\/\/blogs.nmz.de\/wm2014\/wp-json\/wp\/v2\/types\/post"}],"author":[{"embeddable":true,"href":"https:\/\/blogs.nmz.de\/wm2014\/wp-json\/wp\/v2\/users\/1"}],"replies":[{"embeddable":true,"href":"https:\/\/blogs.nmz.de\/wm2014\/wp-json\/wp\/v2\/comments?post=1771"}],"version-history":[{"count":7,"href":"https:\/\/blogs.nmz.de\/wm2014\/wp-json\/wp\/v2\/posts\/1771\/revisions"}],"predecessor-version":[{"id":1779,"href":"https:\/\/blogs.nmz.de\/wm2014\/wp-json\/wp\/v2\/posts\/1771\/revisions\/1779"}],"wp:featuredmedia":[{"embeddable":true,"href":"https:\/\/blogs.nmz.de\/wm2014\/wp-json\/wp\/v2\/media\/1776"}],"wp:attachment":[{"href":"https:\/\/blogs.nmz.de\/wm2014\/wp-json\/wp\/v2\/media?parent=1771"}],"wp:term":[{"taxonomy":"category","embeddable":true,"href":"https:\/\/blogs.nmz.de\/wm2014\/wp-json\/wp\/v2\/categories?post=1771"},{"taxonomy":"post_tag","embeddable":true,"href":"https:\/\/blogs.nmz.de\/wm2014\/wp-json\/wp\/v2\/tags?post=1771"}],"curies":[{"name":"wp","href":"https:\/\/api.w.org\/{rel}","templated":true}]}}