{"id":1754,"date":"2015-08-18T08:02:43","date_gmt":"2015-08-18T06:02:43","guid":{"rendered":"http:\/\/blogs.nmz.de\/wm2014\/?p=1754"},"modified":"2015-08-18T09:03:50","modified_gmt":"2015-08-18T07:03:50","slug":"anonyme-orffianer-und-der-wahre-gipfel-des-kagelismus","status":"publish","type":"post","link":"https:\/\/blogs.nmz.de\/wm2014\/2015\/08\/18\/anonyme-orffianer-und-der-wahre-gipfel-des-kagelismus\/","title":{"rendered":"Anonyme Orffianer und der wahre Gipfel des Kagelismus"},"content":{"rendered":"<p>Wir m\u00fcssen \u00fcber ein ernstes Problem in unserem Musikleben sprechen: Die musikalische Sozialisation. Es gibt ja immer noch Gehirnforscher, die meinen, mit Musik lebe es sich besser. Musik sei wirklich gut und wichtig, st\u00e4rke dies und st\u00e4rke das. Sport, Tanzen, Malen und Dichten geh\u00f6rten auch dahin. Wohin es aber kommen kann mit dieser ganzen musikalischen Grundausbildung, sieht man an diesem tragischen Mitschnitt einer Auff\u00fchrung w\u00e4hrend einer \u201emusikalischen Projektwoche 2008 in Velden am W\u00f6rthersee\u201c. Hallo?! Musikalische Projektwoche darf heute dann auch alles hei\u00dfen, solange man die Musikanlage einschalten kann, oder wie?<\/p>\n<p><span class=\"embed-youtube\" style=\"text-align:center; display: block;\"><iframe loading=\"lazy\" class=\"youtube-player\" width=\"676\" height=\"381\" src=\"https:\/\/www.youtube.com\/embed\/QPYB5hwcQ6Q?version=3&#038;rel=1&#038;showsearch=0&#038;showinfo=1&#038;iv_load_policy=1&#038;fs=1&#038;hl=de-DE&#038;autohide=2&#038;wmode=transparent\" allowfullscreen=\"true\" style=\"border:0;\" sandbox=\"allow-scripts allow-same-origin allow-popups allow-presentation allow-popups-to-escape-sandbox\"><\/iframe><\/span><\/p>\n<p>In Wirklichkeit handelt es sich um eine musikalische Sekte, die anonymen Orffianer. Sie haben nie verwunden, dass manche Musikinstrumente vom P\u00f6bel als Utensilien der Essenszubereitung verwendet werden.<\/p>\n<h4>Orffeus in der Unterwelt<\/h4>\n<p>Das sind die Folgen einer zu fr\u00fchen musikalischen Bildung, die man billigend in Kauf nimmt. In einer weiteren Version wird deutlich, dass dabei alle Hemmungen fallen und jede rhythmische Binnendifferenzierung verfehlt wird. Solche Sachen werden zudem noch durch Musikvereine (hier Deizisau) gedeckt, wo nicht gar gef\u00f6rdert. Ich prangere das an.<\/p>\n<p><span class=\"embed-youtube\" style=\"text-align:center; display: block;\"><iframe loading=\"lazy\" class=\"youtube-player\" width=\"676\" height=\"381\" src=\"https:\/\/www.youtube.com\/embed\/UcSV6Wb2x4k?version=3&#038;rel=1&#038;showsearch=0&#038;showinfo=1&#038;iv_load_policy=1&#038;fs=1&#038;hl=de-DE&#038;autohide=2&#038;wmode=transparent\" allowfullscreen=\"true\" style=\"border:0;\" sandbox=\"allow-scripts allow-same-origin allow-popups allow-presentation allow-popups-to-escape-sandbox\"><\/iframe><\/span><\/p>\n<p>Es wird Zeit, dass das aufh\u00f6rt. Fr\u00fche und falsche musikalische Sozialisation f\u00fchren zu derlei Ergebnissen. Manche denken vielleicht, das sind doch \u201eFakes\u201c. Da haben sich die Leute auf dem Sperrsitz wieder einen \u00fcblen Scherz erlaubt. So etwas erwartet man vielleicht von <a href=\"http:\/\/musik-mitallemundvielscharf.de\/\" target=\"_blank\">Musik mit allem und viel scharf<\/a>, aber doch nicht hier. Die Trag\u00f6die ist: Es ist nichts ver\u00e4ndert worden, es handelt sich um Originaldokumente, nichts wurde gef\u00e4lscht oder nachtr\u00e4glich geschnitten.<\/p>\n<p>Dass es anders gehen muss, legt diese Dokumentation aus Gro\u00dfbritannien nahe. Experimentelle Musik, das ist die wahre E-Musik. Schluss mit diesem launigen Musikzeugs, mit dem musikalischen Gel\u00e4chter. Hier also ein Hinweis auf den <a href=\"http:\/\/dangerousminds.net\/comments\/noise_music_is_for_the_children_the_shoreditch_experimental_music_school_19\" target=\"_blank\">wahren Gebrauch von Alltagsgegenst\u00e4nden<\/a>. Auch Raketen.<\/p>\n<p><span class=\"embed-youtube\" style=\"text-align:center; display: block;\"><iframe loading=\"lazy\" class=\"youtube-player\" width=\"676\" height=\"381\" src=\"https:\/\/www.youtube.com\/embed\/hsigOnPJTtA?version=3&#038;rel=1&#038;showsearch=0&#038;showinfo=1&#038;iv_load_policy=1&#038;fs=1&#038;hl=de-DE&#038;autohide=2&#038;wmode=transparent\" allowfullscreen=\"true\" style=\"border:0;\" sandbox=\"allow-scripts allow-same-origin allow-popups allow-presentation allow-popups-to-escape-sandbox\"><\/iframe><\/span><\/p>\n<p>PS: Und damit die Glocken von Rom einem nicht den Rest des Lebens verderben, hier die \u201ePinien von Rom\u201c von Ottorino Respighi:<\/p>\n<p><span class=\"embed-youtube\" style=\"text-align:center; display: block;\"><iframe loading=\"lazy\" class=\"youtube-player\" width=\"676\" height=\"381\" src=\"https:\/\/www.youtube.com\/embed\/frh7SIZuREA?version=3&#038;rel=1&#038;showsearch=0&#038;showinfo=1&#038;iv_load_policy=1&#038;fs=1&#038;hl=de-DE&#038;autohide=2&#038;wmode=transparent\" allowfullscreen=\"true\" style=\"border:0;\" sandbox=\"allow-scripts allow-same-origin allow-popups allow-presentation allow-popups-to-escape-sandbox\"><\/iframe><\/span><\/p>\n","protected":false},"excerpt":{"rendered":"<p>Wir m\u00fcssen \u00fcber ein ernstes Problem in unserem Musikleben sprechen: Die musikalische Sozialisation. Es gibt ja immer noch Gehirnforscher, die meinen, mit Musik lebe es sich besser. Musik sei wirklich gut und wichtig, st\u00e4rke dies und st\u00e4rke das. Sport, Tanzen,&#8230; <a class=\"more-link\" href=\"https:\/\/blogs.nmz.de\/wm2014\/2015\/08\/18\/anonyme-orffianer-und-der-wahre-gipfel-des-kagelismus\/\">Weiterlesen &rarr;<\/a><\/p>\n","protected":false},"author":1,"featured_media":1755,"comment_status":"open","ping_status":"open","sticky":false,"template":"","format":"standard","meta":{"_jetpack_memberships_contains_paid_content":false,"footnotes":""},"categories":[29,385,533,11557],"tags":[7755,13104,13102,13103,1801,10071],"class_list":["post-1754","post","type-post","status-publish","format-standard","has-post-thumbnail","hentry","category-aesthetik","category-kultur","category-musik","category-paedagogik","tag-carl-orff","tag-elementare-musikerziehung","tag-experimentelle-musik","tag-gehirn","tag-mauricio-kagel","tag-musikerziehung"],"yoast_head":"<!-- This site is optimized with the Yoast SEO plugin v27.4 - https:\/\/yoast.com\/product\/yoast-seo-wordpress\/ -->\n<title>Anonyme Orffianer und der wahre Gipfel des Kagelismus - Auf dem Sperrsitz<\/title>\n<meta name=\"robots\" content=\"index, follow, max-snippet:-1, max-image-preview:large, max-video-preview:-1\" \/>\n<link rel=\"canonical\" href=\"https:\/\/blogs.nmz.de\/wm2014\/2015\/08\/18\/anonyme-orffianer-und-der-wahre-gipfel-des-kagelismus\/\" \/>\n<meta property=\"og:locale\" content=\"de_DE\" \/>\n<meta property=\"og:type\" content=\"article\" \/>\n<meta property=\"og:title\" content=\"Anonyme Orffianer und der wahre Gipfel des Kagelismus - Auf dem Sperrsitz\" \/>\n<meta property=\"og:description\" content=\"Wir m\u00fcssen \u00fcber ein ernstes Problem in unserem Musikleben sprechen: Die musikalische Sozialisation. Es gibt ja immer noch Gehirnforscher, die meinen, mit Musik lebe es sich besser. Musik sei wirklich gut und wichtig, st\u00e4rke dies und st\u00e4rke das. Sport, Tanzen,... Weiterlesen &rarr;\" \/>\n<meta property=\"og:url\" content=\"https:\/\/blogs.nmz.de\/wm2014\/2015\/08\/18\/anonyme-orffianer-und-der-wahre-gipfel-des-kagelismus\/\" \/>\n<meta property=\"og:site_name\" content=\"Auf dem Sperrsitz\" \/>\n<meta property=\"article:publisher\" content=\"http:\/\/www.facebook.com\/musikzeitung\" \/>\n<meta property=\"article:author\" content=\"http:\/\/www.facebook.com\/hufner\" \/>\n<meta property=\"article:published_time\" content=\"2015-08-18T06:02:43+00:00\" \/>\n<meta property=\"article:modified_time\" content=\"2015-08-18T07:03:50+00:00\" \/>\n<meta property=\"og:image\" content=\"https:\/\/i2.wp.com\/blogs.nmz.de\/wm2014\/files\/2015\/08\/triangel_c_hufner.jpg?fit=1784%2C1204&ssl=1\" \/>\n\t<meta property=\"og:image:width\" content=\"1784\" \/>\n\t<meta property=\"og:image:height\" content=\"1204\" \/>\n\t<meta property=\"og:image:type\" content=\"image\/jpeg\" \/>\n<meta name=\"author\" content=\"Martin Hufner\" \/>\n<meta name=\"twitter:card\" content=\"summary_large_image\" \/>\n<meta name=\"twitter:creator\" content=\"@huflaikhan\" \/>\n<meta name=\"twitter:site\" content=\"@musikzeitung\" \/>\n<meta name=\"twitter:label1\" content=\"Verfasst von\" \/>\n\t<meta name=\"twitter:data1\" content=\"Martin Hufner\" \/>\n\t<meta name=\"twitter:label2\" content=\"Gesch\u00e4tzte Lesezeit\" \/>\n\t<meta name=\"twitter:data2\" content=\"2\u00a0Minuten\" \/>\n<script type=\"application\/ld+json\" class=\"yoast-schema-graph\">{\"@context\":\"https:\\\/\\\/schema.org\",\"@graph\":[{\"@type\":\"Article\",\"@id\":\"https:\\\/\\\/blogs.nmz.de\\\/wm2014\\\/2015\\\/08\\\/18\\\/anonyme-orffianer-und-der-wahre-gipfel-des-kagelismus\\\/#article\",\"isPartOf\":{\"@id\":\"https:\\\/\\\/blogs.nmz.de\\\/wm2014\\\/2015\\\/08\\\/18\\\/anonyme-orffianer-und-der-wahre-gipfel-des-kagelismus\\\/\"},\"author\":{\"name\":\"Martin Hufner\",\"@id\":\"https:\\\/\\\/blogs.nmz.de\\\/wm2014\\\/#\\\/schema\\\/person\\\/488a80049cf0bbc4cce99951ae91c3b9\"},\"headline\":\"Anonyme Orffianer und der wahre Gipfel des Kagelismus\",\"datePublished\":\"2015-08-18T06:02:43+00:00\",\"dateModified\":\"2015-08-18T07:03:50+00:00\",\"mainEntityOfPage\":{\"@id\":\"https:\\\/\\\/blogs.nmz.de\\\/wm2014\\\/2015\\\/08\\\/18\\\/anonyme-orffianer-und-der-wahre-gipfel-des-kagelismus\\\/\"},\"wordCount\":352,\"commentCount\":0,\"image\":{\"@id\":\"https:\\\/\\\/blogs.nmz.de\\\/wm2014\\\/2015\\\/08\\\/18\\\/anonyme-orffianer-und-der-wahre-gipfel-des-kagelismus\\\/#primaryimage\"},\"thumbnailUrl\":\"https:\\\/\\\/i0.wp.com\\\/blogs.nmz.de\\\/wm2014\\\/files\\\/2015\\\/08\\\/triangel_c_hufner.jpg?fit=1784%2C1204&ssl=1\",\"keywords\":[\"Carl Orff\",\"elementare Musikerziehung\",\"experimentelle Musik\",\"Gehirn\",\"Mauricio Kagel\",\"Musikerziehung\"],\"articleSection\":[\"\u00c4sthetik\",\"Kultur\",\"Musik\",\"P\u00e4dagogik\"],\"inLanguage\":\"de\",\"potentialAction\":[{\"@type\":\"CommentAction\",\"name\":\"Comment\",\"target\":[\"https:\\\/\\\/blogs.nmz.de\\\/wm2014\\\/2015\\\/08\\\/18\\\/anonyme-orffianer-und-der-wahre-gipfel-des-kagelismus\\\/#respond\"]}]},{\"@type\":\"WebPage\",\"@id\":\"https:\\\/\\\/blogs.nmz.de\\\/wm2014\\\/2015\\\/08\\\/18\\\/anonyme-orffianer-und-der-wahre-gipfel-des-kagelismus\\\/\",\"url\":\"https:\\\/\\\/blogs.nmz.de\\\/wm2014\\\/2015\\\/08\\\/18\\\/anonyme-orffianer-und-der-wahre-gipfel-des-kagelismus\\\/\",\"name\":\"Anonyme Orffianer und der wahre Gipfel des Kagelismus - Auf dem Sperrsitz\",\"isPartOf\":{\"@id\":\"https:\\\/\\\/blogs.nmz.de\\\/wm2014\\\/#website\"},\"primaryImageOfPage\":{\"@id\":\"https:\\\/\\\/blogs.nmz.de\\\/wm2014\\\/2015\\\/08\\\/18\\\/anonyme-orffianer-und-der-wahre-gipfel-des-kagelismus\\\/#primaryimage\"},\"image\":{\"@id\":\"https:\\\/\\\/blogs.nmz.de\\\/wm2014\\\/2015\\\/08\\\/18\\\/anonyme-orffianer-und-der-wahre-gipfel-des-kagelismus\\\/#primaryimage\"},\"thumbnailUrl\":\"https:\\\/\\\/i0.wp.com\\\/blogs.nmz.de\\\/wm2014\\\/files\\\/2015\\\/08\\\/triangel_c_hufner.jpg?fit=1784%2C1204&ssl=1\",\"datePublished\":\"2015-08-18T06:02:43+00:00\",\"dateModified\":\"2015-08-18T07:03:50+00:00\",\"author\":{\"@id\":\"https:\\\/\\\/blogs.nmz.de\\\/wm2014\\\/#\\\/schema\\\/person\\\/488a80049cf0bbc4cce99951ae91c3b9\"},\"breadcrumb\":{\"@id\":\"https:\\\/\\\/blogs.nmz.de\\\/wm2014\\\/2015\\\/08\\\/18\\\/anonyme-orffianer-und-der-wahre-gipfel-des-kagelismus\\\/#breadcrumb\"},\"inLanguage\":\"de\",\"potentialAction\":[{\"@type\":\"ReadAction\",\"target\":[\"https:\\\/\\\/blogs.nmz.de\\\/wm2014\\\/2015\\\/08\\\/18\\\/anonyme-orffianer-und-der-wahre-gipfel-des-kagelismus\\\/\"]}]},{\"@type\":\"ImageObject\",\"inLanguage\":\"de\",\"@id\":\"https:\\\/\\\/blogs.nmz.de\\\/wm2014\\\/2015\\\/08\\\/18\\\/anonyme-orffianer-und-der-wahre-gipfel-des-kagelismus\\\/#primaryimage\",\"url\":\"https:\\\/\\\/i0.wp.com\\\/blogs.nmz.de\\\/wm2014\\\/files\\\/2015\\\/08\\\/triangel_c_hufner.jpg?fit=1784%2C1204&ssl=1\",\"contentUrl\":\"https:\\\/\\\/i0.wp.com\\\/blogs.nmz.de\\\/wm2014\\\/files\\\/2015\\\/08\\\/triangel_c_hufner.jpg?fit=1784%2C1204&ssl=1\",\"width\":1784,\"height\":1204,\"caption\":\"An der Trinagel h\u00e4ngt mancher. Foto: Hufner\"},{\"@type\":\"BreadcrumbList\",\"@id\":\"https:\\\/\\\/blogs.nmz.de\\\/wm2014\\\/2015\\\/08\\\/18\\\/anonyme-orffianer-und-der-wahre-gipfel-des-kagelismus\\\/#breadcrumb\",\"itemListElement\":[{\"@type\":\"ListItem\",\"position\":1,\"name\":\"Startseite\",\"item\":\"https:\\\/\\\/blogs.nmz.de\\\/wm2014\\\/\"},{\"@type\":\"ListItem\",\"position\":2,\"name\":\"Anonyme Orffianer und der wahre Gipfel des Kagelismus\"}]},{\"@type\":\"WebSite\",\"@id\":\"https:\\\/\\\/blogs.nmz.de\\\/wm2014\\\/#website\",\"url\":\"https:\\\/\\\/blogs.nmz.de\\\/wm2014\\\/\",\"name\":\"Auf dem Sperrsitz\",\"description\":\"Im Kultur-Zoo der nmz\",\"potentialAction\":[{\"@type\":\"SearchAction\",\"target\":{\"@type\":\"EntryPoint\",\"urlTemplate\":\"https:\\\/\\\/blogs.nmz.de\\\/wm2014\\\/?s={search_term_string}\"},\"query-input\":{\"@type\":\"PropertyValueSpecification\",\"valueRequired\":true,\"valueName\":\"search_term_string\"}}],\"inLanguage\":\"de\"},{\"@type\":\"Person\",\"@id\":\"https:\\\/\\\/blogs.nmz.de\\\/wm2014\\\/#\\\/schema\\\/person\\\/488a80049cf0bbc4cce99951ae91c3b9\",\"name\":\"Martin Hufner\",\"image\":{\"@type\":\"ImageObject\",\"inLanguage\":\"de\",\"@id\":\"https:\\\/\\\/secure.gravatar.com\\\/avatar\\\/891bbce378eb0bdbf7f71559e53af16afd9e2f8a020e2f876adcfcd437cd011a?s=96&d=mm&r=g\",\"url\":\"https:\\\/\\\/secure.gravatar.com\\\/avatar\\\/891bbce378eb0bdbf7f71559e53af16afd9e2f8a020e2f876adcfcd437cd011a?s=96&d=mm&r=g\",\"contentUrl\":\"https:\\\/\\\/secure.gravatar.com\\\/avatar\\\/891bbce378eb0bdbf7f71559e53af16afd9e2f8a020e2f876adcfcd437cd011a?s=96&d=mm&r=g\",\"caption\":\"Martin Hufner\"},\"description\":\"seit 1997 chef\u00f6konom der kritischen masse und netzbabysitter der nmz.\",\"sameAs\":[\"https:\\\/\\\/www.musikkritik.org\",\"http:\\\/\\\/www.facebook.com\\\/hufner\",\"https:\\\/\\\/www.linkedin.com\\\/profile\\\/view?id=48050869&trk=spm_pic\",\"https:\\\/\\\/x.com\\\/huflaikhan\"],\"url\":\"https:\\\/\\\/blogs.nmz.de\\\/wm2014\\\/author\\\/admin\\\/\"}]}<\/script>\n<!-- \/ Yoast SEO plugin. -->","yoast_head_json":{"title":"Anonyme Orffianer und der wahre Gipfel des Kagelismus - Auf dem Sperrsitz","robots":{"index":"index","follow":"follow","max-snippet":"max-snippet:-1","max-image-preview":"max-image-preview:large","max-video-preview":"max-video-preview:-1"},"canonical":"https:\/\/blogs.nmz.de\/wm2014\/2015\/08\/18\/anonyme-orffianer-und-der-wahre-gipfel-des-kagelismus\/","og_locale":"de_DE","og_type":"article","og_title":"Anonyme Orffianer und der wahre Gipfel des Kagelismus - Auf dem Sperrsitz","og_description":"Wir m\u00fcssen \u00fcber ein ernstes Problem in unserem Musikleben sprechen: Die musikalische Sozialisation. Es gibt ja immer noch Gehirnforscher, die meinen, mit Musik lebe es sich besser. Musik sei wirklich gut und wichtig, st\u00e4rke dies und st\u00e4rke das. Sport, Tanzen,... Weiterlesen &rarr;","og_url":"https:\/\/blogs.nmz.de\/wm2014\/2015\/08\/18\/anonyme-orffianer-und-der-wahre-gipfel-des-kagelismus\/","og_site_name":"Auf dem Sperrsitz","article_publisher":"http:\/\/www.facebook.com\/musikzeitung","article_author":"http:\/\/www.facebook.com\/hufner","article_published_time":"2015-08-18T06:02:43+00:00","article_modified_time":"2015-08-18T07:03:50+00:00","og_image":[{"width":1784,"height":1204,"url":"https:\/\/i2.wp.com\/blogs.nmz.de\/wm2014\/files\/2015\/08\/triangel_c_hufner.jpg?fit=1784%2C1204&ssl=1","type":"image\/jpeg"}],"author":"Martin Hufner","twitter_card":"summary_large_image","twitter_creator":"@huflaikhan","twitter_site":"@musikzeitung","twitter_misc":{"Verfasst von":"Martin Hufner","Gesch\u00e4tzte Lesezeit":"2\u00a0Minuten"},"schema":{"@context":"https:\/\/schema.org","@graph":[{"@type":"Article","@id":"https:\/\/blogs.nmz.de\/wm2014\/2015\/08\/18\/anonyme-orffianer-und-der-wahre-gipfel-des-kagelismus\/#article","isPartOf":{"@id":"https:\/\/blogs.nmz.de\/wm2014\/2015\/08\/18\/anonyme-orffianer-und-der-wahre-gipfel-des-kagelismus\/"},"author":{"name":"Martin Hufner","@id":"https:\/\/blogs.nmz.de\/wm2014\/#\/schema\/person\/488a80049cf0bbc4cce99951ae91c3b9"},"headline":"Anonyme Orffianer und der wahre Gipfel des Kagelismus","datePublished":"2015-08-18T06:02:43+00:00","dateModified":"2015-08-18T07:03:50+00:00","mainEntityOfPage":{"@id":"https:\/\/blogs.nmz.de\/wm2014\/2015\/08\/18\/anonyme-orffianer-und-der-wahre-gipfel-des-kagelismus\/"},"wordCount":352,"commentCount":0,"image":{"@id":"https:\/\/blogs.nmz.de\/wm2014\/2015\/08\/18\/anonyme-orffianer-und-der-wahre-gipfel-des-kagelismus\/#primaryimage"},"thumbnailUrl":"https:\/\/i0.wp.com\/blogs.nmz.de\/wm2014\/files\/2015\/08\/triangel_c_hufner.jpg?fit=1784%2C1204&ssl=1","keywords":["Carl Orff","elementare Musikerziehung","experimentelle Musik","Gehirn","Mauricio Kagel","Musikerziehung"],"articleSection":["\u00c4sthetik","Kultur","Musik","P\u00e4dagogik"],"inLanguage":"de","potentialAction":[{"@type":"CommentAction","name":"Comment","target":["https:\/\/blogs.nmz.de\/wm2014\/2015\/08\/18\/anonyme-orffianer-und-der-wahre-gipfel-des-kagelismus\/#respond"]}]},{"@type":"WebPage","@id":"https:\/\/blogs.nmz.de\/wm2014\/2015\/08\/18\/anonyme-orffianer-und-der-wahre-gipfel-des-kagelismus\/","url":"https:\/\/blogs.nmz.de\/wm2014\/2015\/08\/18\/anonyme-orffianer-und-der-wahre-gipfel-des-kagelismus\/","name":"Anonyme Orffianer und der wahre Gipfel des Kagelismus - Auf dem Sperrsitz","isPartOf":{"@id":"https:\/\/blogs.nmz.de\/wm2014\/#website"},"primaryImageOfPage":{"@id":"https:\/\/blogs.nmz.de\/wm2014\/2015\/08\/18\/anonyme-orffianer-und-der-wahre-gipfel-des-kagelismus\/#primaryimage"},"image":{"@id":"https:\/\/blogs.nmz.de\/wm2014\/2015\/08\/18\/anonyme-orffianer-und-der-wahre-gipfel-des-kagelismus\/#primaryimage"},"thumbnailUrl":"https:\/\/i0.wp.com\/blogs.nmz.de\/wm2014\/files\/2015\/08\/triangel_c_hufner.jpg?fit=1784%2C1204&ssl=1","datePublished":"2015-08-18T06:02:43+00:00","dateModified":"2015-08-18T07:03:50+00:00","author":{"@id":"https:\/\/blogs.nmz.de\/wm2014\/#\/schema\/person\/488a80049cf0bbc4cce99951ae91c3b9"},"breadcrumb":{"@id":"https:\/\/blogs.nmz.de\/wm2014\/2015\/08\/18\/anonyme-orffianer-und-der-wahre-gipfel-des-kagelismus\/#breadcrumb"},"inLanguage":"de","potentialAction":[{"@type":"ReadAction","target":["https:\/\/blogs.nmz.de\/wm2014\/2015\/08\/18\/anonyme-orffianer-und-der-wahre-gipfel-des-kagelismus\/"]}]},{"@type":"ImageObject","inLanguage":"de","@id":"https:\/\/blogs.nmz.de\/wm2014\/2015\/08\/18\/anonyme-orffianer-und-der-wahre-gipfel-des-kagelismus\/#primaryimage","url":"https:\/\/i0.wp.com\/blogs.nmz.de\/wm2014\/files\/2015\/08\/triangel_c_hufner.jpg?fit=1784%2C1204&ssl=1","contentUrl":"https:\/\/i0.wp.com\/blogs.nmz.de\/wm2014\/files\/2015\/08\/triangel_c_hufner.jpg?fit=1784%2C1204&ssl=1","width":1784,"height":1204,"caption":"An der Trinagel h\u00e4ngt mancher. Foto: Hufner"},{"@type":"BreadcrumbList","@id":"https:\/\/blogs.nmz.de\/wm2014\/2015\/08\/18\/anonyme-orffianer-und-der-wahre-gipfel-des-kagelismus\/#breadcrumb","itemListElement":[{"@type":"ListItem","position":1,"name":"Startseite","item":"https:\/\/blogs.nmz.de\/wm2014\/"},{"@type":"ListItem","position":2,"name":"Anonyme Orffianer und der wahre Gipfel des Kagelismus"}]},{"@type":"WebSite","@id":"https:\/\/blogs.nmz.de\/wm2014\/#website","url":"https:\/\/blogs.nmz.de\/wm2014\/","name":"Auf dem Sperrsitz","description":"Im Kultur-Zoo der nmz","potentialAction":[{"@type":"SearchAction","target":{"@type":"EntryPoint","urlTemplate":"https:\/\/blogs.nmz.de\/wm2014\/?s={search_term_string}"},"query-input":{"@type":"PropertyValueSpecification","valueRequired":true,"valueName":"search_term_string"}}],"inLanguage":"de"},{"@type":"Person","@id":"https:\/\/blogs.nmz.de\/wm2014\/#\/schema\/person\/488a80049cf0bbc4cce99951ae91c3b9","name":"Martin Hufner","image":{"@type":"ImageObject","inLanguage":"de","@id":"https:\/\/secure.gravatar.com\/avatar\/891bbce378eb0bdbf7f71559e53af16afd9e2f8a020e2f876adcfcd437cd011a?s=96&d=mm&r=g","url":"https:\/\/secure.gravatar.com\/avatar\/891bbce378eb0bdbf7f71559e53af16afd9e2f8a020e2f876adcfcd437cd011a?s=96&d=mm&r=g","contentUrl":"https:\/\/secure.gravatar.com\/avatar\/891bbce378eb0bdbf7f71559e53af16afd9e2f8a020e2f876adcfcd437cd011a?s=96&d=mm&r=g","caption":"Martin Hufner"},"description":"seit 1997 chef\u00f6konom der kritischen masse und netzbabysitter der nmz.","sameAs":["https:\/\/www.musikkritik.org","http:\/\/www.facebook.com\/hufner","https:\/\/www.linkedin.com\/profile\/view?id=48050869&trk=spm_pic","https:\/\/x.com\/huflaikhan"],"url":"https:\/\/blogs.nmz.de\/wm2014\/author\/admin\/"}]}},"wp-worthy-pixel":{"ignored":false,"public":null,"server":null,"url":null},"wp-worthy-type":"normal","jetpack_featured_media_url":"https:\/\/i0.wp.com\/blogs.nmz.de\/wm2014\/files\/2015\/08\/triangel_c_hufner.jpg?fit=1784%2C1204&ssl=1","jetpack_shortlink":"https:\/\/wp.me\/p4Gg77-si","jetpack-related-posts":[],"jetpack_sharing_enabled":true,"_links":{"self":[{"href":"https:\/\/blogs.nmz.de\/wm2014\/wp-json\/wp\/v2\/posts\/1754","targetHints":{"allow":["GET"]}}],"collection":[{"href":"https:\/\/blogs.nmz.de\/wm2014\/wp-json\/wp\/v2\/posts"}],"about":[{"href":"https:\/\/blogs.nmz.de\/wm2014\/wp-json\/wp\/v2\/types\/post"}],"author":[{"embeddable":true,"href":"https:\/\/blogs.nmz.de\/wm2014\/wp-json\/wp\/v2\/users\/1"}],"replies":[{"embeddable":true,"href":"https:\/\/blogs.nmz.de\/wm2014\/wp-json\/wp\/v2\/comments?post=1754"}],"version-history":[{"count":6,"href":"https:\/\/blogs.nmz.de\/wm2014\/wp-json\/wp\/v2\/posts\/1754\/revisions"}],"predecessor-version":[{"id":1761,"href":"https:\/\/blogs.nmz.de\/wm2014\/wp-json\/wp\/v2\/posts\/1754\/revisions\/1761"}],"wp:featuredmedia":[{"embeddable":true,"href":"https:\/\/blogs.nmz.de\/wm2014\/wp-json\/wp\/v2\/media\/1755"}],"wp:attachment":[{"href":"https:\/\/blogs.nmz.de\/wm2014\/wp-json\/wp\/v2\/media?parent=1754"}],"wp:term":[{"taxonomy":"category","embeddable":true,"href":"https:\/\/blogs.nmz.de\/wm2014\/wp-json\/wp\/v2\/categories?post=1754"},{"taxonomy":"post_tag","embeddable":true,"href":"https:\/\/blogs.nmz.de\/wm2014\/wp-json\/wp\/v2\/tags?post=1754"}],"curies":[{"name":"wp","href":"https:\/\/api.w.org\/{rel}","templated":true}]}}