{"id":1636,"date":"2015-07-14T21:06:26","date_gmt":"2015-07-14T19:06:26","guid":{"rendered":"http:\/\/blogs.nmz.de\/wm2014\/?p=1636"},"modified":"2015-07-14T23:03:15","modified_gmt":"2015-07-14T21:03:15","slug":"rundfunkrat-gesellschaft-individuum-widerspruch-im-amt","status":"publish","type":"post","link":"https:\/\/blogs.nmz.de\/wm2014\/2015\/07\/14\/rundfunkrat-gesellschaft-individuum-widerspruch-im-amt\/","title":{"rendered":"Rundfunkrat, Gesellschaft, Individuum \u2013 Widerspruch im Amt"},"content":{"rendered":"<p>Noch einmal Thema Rundfunkrat. Nachdem gestern die <a href=\"https:\/\/blogs.nmz.de\/wm2014\/2015\/07\/13\/ehrenamt-rundfunkrat-schlechter-rat-ist-teuer\/\">\u201eehrenamtliche\u201c T\u00e4tigkeit<\/a> untersucht worden ist, geht es jetzt um die Struktur, die Aufgaben und seine Konstruktion im Rahmen der demokratischen Selbstkontrolle des \u00f6ffentlich-rechtlichen Gedankens. Den Rundfunkr\u00e4ten eilt ja der Ruf der Unbestechlichkeit und der Parteilosigkeit voraus. Ohne die Rundfunkr\u00e4te w\u00e4re der \u00f6ffentlich-rechtliche Rundfunk schon unter der Marktwalze zermalmt worden. Auch wenn die R\u00e4te im Grunde nur das abnicken, was ihnen die Intendanten und Intendantinnen vorkauen. Klar, weil alternativlos wie immer! Wir haben leidvoll schon das Versagen dieser Institution wahrnehmen k\u00f6nnen, aber Kritik war unchic, weil die Rundfunkr\u00e4te irgendwie schlie\u00dflich Abbild der Gesellschaft seien: Unbestechlich, unparteiisch, nur der Vernunft folgend! Denkste.<\/p>\n<p>Die Realit\u00e4t sieht anders aus. Daf\u00fcr schaut man einfach mal in eine der klarsten Bestimmungen, die ein Rundfunk hier so haben kann: Nehmen wir also den Rundfunkrat des <a href=\"http:\/\/www.hr-online.de\/website\/extern\/rundfunkrat\/index.jsp?rubrik=45248\">Hessischen Rundfunks<\/a>.<\/p>\n<p style=\"padding-left: 30px;\">\u201eDer Rundfunkrat setzt sich aus Vertretern gesellschaftlicher Gruppen und Organisationen zusammen.\u201c<\/p>\n<p>Eine Formulierung, die alles und gar nichts sagt. Sie sagt weder, welche Gruppen daf\u00fcr besonders geeignet sind und welche nicht \u2013 und nicht, warum welche Gruppe daf\u00fcr besonders geeignet ist. Man k\u00f6nnte aber denken, Politiker haben darin nichts verloren, denn der Rundfunk versteht sich ja als staatsfern, als nicht politisch gelenkt. Von den 30 Mitgliedern des Rundfunkrates des <a href=\"http:\/\/www.hr-online.de\/website\/derhr\/home\/index.jsp?rubrik=6324\">Hessischen Rundfunks<\/a> stammen aber allein sechs Personen aus dem Hessischen Landtag und eine ist Mitglied des europ\u00e4ischen Parlaments. Dass von den restlichen 24 (23) Mitgliedern zahlreiche Personen gleichwohl ebenso politisch gebunden sind, d\u00fcrfte au\u00dfer Frage stehen, auch wenn deren Parteizugeh\u00f6rigkeit nicht unmittelbar ausgewiesen ist. (Hier zum Beispiel Siegbert Ortmann \u2013 Vertreter des Bundes der Vertriebenen \u2013 Landesverband Hessen, der bis 2003 Mitglied des Hessischen Landtags f\u00fcr die CDU war).<\/p>\n<p>Was aber sicher ist: Privatpersonen sind nicht vorgesehen. Nur als Mitglieder von Gruppen und Organisationen sind sie im Rundfunkrat gew\u00fcnscht. (Zumindest im Moment.) Weiter \u2026<\/p>\n<p style=\"padding-left: 30px;\">\u201eIhre Aufgabe ist es, \u201adie Allgemeinheit auf dem Gebiete des Rundfunks\u2018 zu vertreten und zu kontrollieren, ob der Sender seine gesetzlich vorgegebenen Aufgaben erf\u00fcllt.\u201c<\/p>\n<p>Die Aufgabe ist es, a) <em>die Allgemeinheit zu vertreten<\/em> und b) <em>zu kontrollieren, ob der Sender seine gesetzlich vorgegebenen Aufgaben erf\u00fcllt<\/em>.<\/p>\n<p>Da stellt sich die Frage, passt das zusammen? F\u00fcr die Kontrolle der Einhaltung der gesetzlichen Aufgaben kann man sich sicher einen anderen Personenkreis vorstellen. Vielleicht eine Gruppe von anerkannten Richtern und Richterinnen; jedenfalls Menschen, die sich mit Gesetzen auskennen. Andererseits sollen sie die Allgemeinheit vertreten. Das t\u00e4te eine Gruppe von Richtern und Richterinnen sicher nicht. Ob allerdings die aktuellen Mitglieder des Rundfunkrates des Hessischen Rundfunks dies verm\u00f6gen, darf man mit Recht bezweifeln. Denken wir zum Beispiel daran, dass die Allgemeinheit im Durchschnitt zu 50 Prozent jeweils aus M\u00e4nnern und aus Frauen besteht (von kleinen Schwankungen sehen wir mal ab), so hat der Rundfunkrat des Hessischen Rundfunk dieses Ziel klar verfehlt. Es kommen auf 22 M\u00e4nner nur acht Frauen. Ist das die Allgemeinheit?<\/p>\n<p>Und: Besteht die Allgemeinheit aus Vertretern von Gruppen und Organisationen? Eher nicht, oder nur in einem abstrakten Sinn \u2013 nicht irgendein Mitglied einer Konfession ist vertreten, sondern eine in der Regel herausragende und hervorgehobene Person. Eigentlich w\u00e4re die Allgemeinheit besser durch eine Zufallsauswahl in den Melde\u00e4mtern zu finden. Ob die dann aber geeignet ist, Kontrolle der gesetzlichen Aufgaben zu \u00fcben? Schwierig zu sagen.<\/p>\n<p style=\"padding-left: 30px;\">\u201eDie Mitglieder des Rundfunkrats des Hessischen Rundfunks sind ehrenamtlich t\u00e4tig und nicht den entsendenden Organisationen verpflichtet.\u201c<\/p>\n<p>Zur Sache des Ehrenamtes, <a href=\"https:\/\/blogs.nmz.de\/wm2014\/2015\/07\/13\/ehrenamt-rundfunkrat-schlechter-rat-ist-teuer\/\">siehe gestern<\/a>. Aber der zweite Teil der Zugeh\u00f6rigkeit der T\u00e4tigkeit wird im Zusammenhang mit der Vertretung der Allgemeinheit zu eine absurden Sache. Sie sind nicht den entsendenden Organisationen (oder Gruppen) verpflichtet, sondern nur sich selbst. Also sind sie eigentlich doch als Privatpersonen gefragt, sie haben kein imperatives Mandat. Warum braucht man dann aber die Konstruktion als \u201eVertreter gesellschaftlicher Gruppen und Organisationen\u201c. Dies ist der Flaschenhals, mit dem man glaubt, gesellschaftliche Kontrolle garantieren zu k\u00f6nnen. Es gibt daf\u00fcr vielleicht Anzeichen, dass dem so ist, aber keine Sicherheit.<\/p>\n<p>Die \u00d6ffentlichkeit ist also keineswegs durch den Rundfunkrat in irgendeiner Weise repr\u00e4sentiert. Im Gegenteil, sie ist \u00fcber weite Strecken eher ausgeblendet. Auch bei anderen demografischen Kennzahlen nicht (Alter der Mitglieder zum Beispiel, Bildungsstand, Art der T\u00e4tigkeit).<\/p>\n<h4>Materialien<\/h4>\n<p>Hier ist mit dem Text Schluss, die nachfolgenden Erw\u00e4gungen beziehen Gedanken ein Urteils des Bundesverfassungsgerichts aus dem letzten Jahr zum ZDF-Staatsvertrag mit ein, worin sich die Karlsruher Richter teilweise sehr konkret auch zum Thema Rundfunkrat und Staatsferne ge\u00e4u\u00dfert haben.<\/p>\n<p>Zun\u00e4chst zum Thema Gruppen und Organisationen, die Vertreter in einen Rundfunk- oder Fernsehrat entsenden. Die Formulierung, die \u201eAllgemeinheit zu ber\u00fccksichtigen\u201c ist f\u00fcr die Karlsruher Richter eine Illusion.<\/p>\n<p style=\"padding-left: 30px;\">\u201eDurch Vertreterinnen und Vertreter einzelner Gruppen kann freilich kein in jeder Hinsicht wirklichkeitsgerechtes Abbild des Gemeinwesens erstellt werden. Gesellschaftliche Wirklichkeit ist in ungeordneter Weise fragmentiert, manifestiert sich in ungleichzeitigen Erscheinungsformen und findet nur teilweise in verfestigten Strukturen Niederschlag, die Ankn\u00fcpfung f\u00fcr die Mitwirkung in einer Rundfunkanstalt sein k\u00f6nnen. Insbesondere sind die Interessen der Allgemeinheit nicht mit der Summe der verbandlich organisierten Interessen identisch. Es gibt vielmehr Interessen, die verbandlich gar nicht oder nur schwer organisierbar sind. Verb\u00e4nderepr\u00e4sentation ist aus diesem Grund immer nur ein unvollkommenes Mittel zur Sicherung allgemeiner Interessen ( BVerfGE 83, 238 &lt;335&gt; ).\u201c (Quelle: <a href=\"http:\/\/www.bundesverfassungsgericht.de\/SharedDocs\/Entscheidungen\/DE\/2014\/03\/fs20140325_1bvf000111.html\">Entscheidungen des Bundesverfassungsgerichts<\/a> Absatz 70)<\/p>\n<p>Also, wie soll so ein Rat besetzt werden?<\/p>\n<p>Leitsatz 1:<\/p>\n<p style=\"padding-left: 30px;\">\u201eDie Zusammensetzung der Aufsichtsgremien der \u00f6ffentlich-rechtlichen Rundfunkanstalten ist gem\u00e4\u00df Art.\u00a05 Abs. 1 Satz 2 GG am Gebot der Vielfaltsicherung auszurichten. Danach sind Personen mit <strong>m\u00f6glichst unterschiedlichen Perspektiven und Erfahrungshorizonten<\/strong> aus <strong>allen Bereichen des Gemeinwesens<\/strong> einzubeziehen.<br \/>\na) Der Gesetzgeber hat daf\u00fcr zu sorgen, dass bei der Bestellung der Mitglieder dieser Gremien <strong>m\u00f6glichst unterschiedliche Gruppen<\/strong> und dabei neben gro\u00dfen, das \u00f6ffentliche Leben bestimmenden Verb\u00e4nden untereinander wechselnd auch kleinere Gruppierungen Ber\u00fccksichtigung finden <strong>und auch nicht koh\u00e4rent organisierte Perspektiven abgebildet werden<\/strong>.<br \/>\nb) Zur Vielfaltsicherung kann der Gesetzgeber neben Mitgliedern, die von gesellschaftlichen Gruppen entsandt werden, auch Angeh\u00f6rige der verschiedenen staatlichen Ebenen einbeziehen.\u201c (Quelle: <a href=\"http:\/\/www.bundesverfassungsgericht.de\/SharedDocs\/Entscheidungen\/DE\/2014\/03\/fs20140325_1bvf000111.html\">Entscheidungen des Bundesverfassungsgerichts<\/a> \u2013 Hervorhebungen von mir)<\/p>\n<p>In Leitsatz geht es vor allem darum, dass der Einfluss der Politik auf ein Drittel der Gesamtmitglieder zu begrenzen ist. Das schafft der Hessische Rundfunk (hier ist es nur ein F\u00fcnftel bis ein Viertel), aber auch die restlichen Mitglieder m\u00fcssen dann staatsfern sein, also keine besonders hervorgehobene Position in einer Partei aus\u00fcben. Das ist etwas schwammig formuliert.<\/p>\n<p style=\"padding-left: 30px;\">\u201eF\u00fcr die weiteren Mitglieder ist die Zusammensetzung der Aufsichtsgremien des \u00f6ffentlich-rechtlichen Rundfunks konsequent staatsfern auszugestalten. Vertreter der Exekutive d\u00fcrfen auf die Auswahl der staatsfernen Mitglieder keinen bestimmenden Einfluss haben.\u201c (Quelle: <a href=\"http:\/\/www.bundesverfassungsgericht.de\/SharedDocs\/Entscheidungen\/DE\/2014\/03\/fs20140325_1bvf000111.html\">Entscheidungen des Bundesverfassungsgerichts<\/a>)<\/p>\n<p>Die Entscheidung des Bundesverfassungsgerichts ist in vielerlei Hinsicht aufschlussreich. Mehrfach wird auch darauf Bezug genommen, dass auch der Gleichstellung der Geschlechter Rechnung getragen wird: \u201eDabei hat der Gesetzgeber auch den Gleichstellungsauftrag hinsichtlich des Geschlechts aus Art.\u00a03 Abs. 2 Satz 2 GG zu beachten (vgl. BVerfGE 83, 238 &lt;336&gt; ). ( BVerfGE 83, 238 &lt;335&gt; ).\u201c (Quelle: <a href=\"http:\/\/www.bundesverfassungsgericht.de\/SharedDocs\/Entscheidungen\/DE\/2014\/03\/fs20140325_1bvf000111.html\">Entscheidungen des Bundesverfassungsgerichts<\/a> Absatz 39)<\/p>\n<p>Die Politik und den Staat bekommt man aus den Gremien nicht heraus. Es gilt dessen Einfluss zu begrenzen und auch bei den Vertretern, die nicht staatlich oder staatsnah agieren f\u00fcr Inkompatibilit\u00e4t zu sorgen und das transparent nach au\u00dfen zu tragen.<\/p>\n<p>Das Gericht hat den Einfluss der Politiker begrenzt, es sagt, dass es durchaus Gr\u00fcnde daf\u00fcr g\u00e4be, sie auch in einen Rundfunkrat zu setzen, da sich der Rundfunk ja auch in politischen Themen \u00e4u\u00dfere. Die Richter sehen aber keine Notwendigkeit daf\u00fcr, dass Politiker \u00fcberhaupt im Rundfunkrat sitzen m\u00fcssen. In Absatz 41 sprechen die Richter von \u201ekann\u201c und \u201ed\u00fcrfen\u201c im Zusammenhang der Gestaltung der Zusammensetzung der Mitglieder eines Rundfunkrates.<\/p>\n<p style=\"padding-left: 30px;\">\u201eF\u00fcr die Gew\u00e4hrleistung einer verschiedenartige Blickwinkel vereinigenden Zusammensetzung dieser Organe <strong><em>kann<\/em><\/strong> der Gesetzgeber neben Mitgliedern, die von gesellschaftlichen Gruppen entsandt werden, auch Vertreterinnen und Vertretern aus dem staatlichen Bereich einen Anteil einr\u00e4umen (vgl. BVerfGE 12, 205 &lt;263&gt;; 73, 118 &lt;165&gt;; 83, 238 &lt;330&gt;). (\u2026)Von daher <strong><em>d\u00fcrfen<\/em><\/strong> unter dem Gesichtspunkt der Vielfaltsicherung von Verfassungs wegen auch Vertreterinnen und Vertreter der L\u00e4nder in die Gremien der \u00f6ffentlich-rechtlichen Rundfunkanstalten entsandt werden, zumal sie so deren Funktionsweise, Herausforderungen und Probleme auch aus der Innenansicht kennen.\u201c (Quelle: <a href=\"http:\/\/www.bundesverfassungsgericht.de\/SharedDocs\/Entscheidungen\/DE\/2014\/03\/fs20140325_1bvf000111.html\">Entscheidungen des Bundesverfassungsgerichts<\/a> Absatz 41 \u2013 Hervorhebungen von mir)<\/p>\n<p>Ein Rundfunkrat ohne Politiker ist durchaus denkbar. Und vielleicht w\u00e4re der sogar w\u00fcnschenswert.<\/p>\n","protected":false},"excerpt":{"rendered":"<p>Noch einmal Thema Rundfunkrat. Nachdem gestern die \u201eehrenamtliche\u201c T\u00e4tigkeit untersucht worden ist, geht es jetzt um die Struktur, die Aufgaben und seine Konstruktion im Rahmen der demokratischen Selbstkontrolle des \u00f6ffentlich-rechtlichen Gedankens. Den Rundfunkr\u00e4ten eilt ja der Ruf der Unbestechlichkeit und&#8230; <a class=\"more-link\" href=\"https:\/\/blogs.nmz.de\/wm2014\/2015\/07\/14\/rundfunkrat-gesellschaft-individuum-widerspruch-im-amt\/\">Weiterlesen &rarr;<\/a><\/p>\n","protected":false},"author":1,"featured_media":1637,"comment_status":"open","ping_status":"open","sticky":false,"template":"","format":"standard","meta":{"_jetpack_memberships_contains_paid_content":false,"footnotes":""},"categories":[3,385,836,860,665],"tags":[13071,1534,13113,1472,13070],"class_list":["post-1636","post","type-post","status-publish","format-standard","has-post-thumbnail","hentry","category-allgemein","category-kultur","category-medien","category-politik","category-radio","tag-einflussnahme","tag-oeffentlich-rechtlicher-rundfunk","tag-politik","tag-rundfunk","tag-staatsnaehe"],"yoast_head":"<!-- This site is optimized with the Yoast SEO plugin v27.4 - https:\/\/yoast.com\/product\/yoast-seo-wordpress\/ -->\n<title>Rundfunkrat, Gesellschaft, Individuum \u2013 Widerspruch im Amt - Auf dem Sperrsitz<\/title>\n<meta name=\"robots\" content=\"index, follow, max-snippet:-1, max-image-preview:large, max-video-preview:-1\" \/>\n<link rel=\"canonical\" href=\"https:\/\/blogs.nmz.de\/wm2014\/2015\/07\/14\/rundfunkrat-gesellschaft-individuum-widerspruch-im-amt\/\" \/>\n<meta property=\"og:locale\" content=\"de_DE\" \/>\n<meta property=\"og:type\" content=\"article\" \/>\n<meta property=\"og:title\" content=\"Rundfunkrat, Gesellschaft, Individuum \u2013 Widerspruch im Amt - Auf dem Sperrsitz\" \/>\n<meta property=\"og:description\" content=\"Noch einmal Thema Rundfunkrat. Nachdem gestern die \u201eehrenamtliche\u201c T\u00e4tigkeit untersucht worden ist, geht es jetzt um die Struktur, die Aufgaben und seine Konstruktion im Rahmen der demokratischen Selbstkontrolle des \u00f6ffentlich-rechtlichen Gedankens. Den Rundfunkr\u00e4ten eilt ja der Ruf der Unbestechlichkeit und... Weiterlesen &rarr;\" \/>\n<meta property=\"og:url\" content=\"https:\/\/blogs.nmz.de\/wm2014\/2015\/07\/14\/rundfunkrat-gesellschaft-individuum-widerspruch-im-amt\/\" \/>\n<meta property=\"og:site_name\" content=\"Auf dem Sperrsitz\" \/>\n<meta property=\"article:publisher\" content=\"http:\/\/www.facebook.com\/musikzeitung\" \/>\n<meta property=\"article:author\" content=\"http:\/\/www.facebook.com\/hufner\" \/>\n<meta property=\"article:published_time\" content=\"2015-07-14T19:06:26+00:00\" \/>\n<meta property=\"article:modified_time\" content=\"2015-07-14T21:03:15+00:00\" \/>\n<meta property=\"og:image\" content=\"https:\/\/i2.wp.com\/blogs.nmz.de\/wm2014\/files\/2015\/07\/rundfunk_schaltung_c_hufner.jpg?fit=2200%2C1195&ssl=1\" \/>\n\t<meta property=\"og:image:width\" content=\"2200\" \/>\n\t<meta property=\"og:image:height\" content=\"1195\" \/>\n\t<meta property=\"og:image:type\" content=\"image\/jpeg\" \/>\n<meta name=\"author\" content=\"Martin Hufner\" \/>\n<meta name=\"twitter:card\" content=\"summary_large_image\" \/>\n<meta name=\"twitter:creator\" content=\"@huflaikhan\" \/>\n<meta name=\"twitter:site\" content=\"@musikzeitung\" \/>\n<meta name=\"twitter:label1\" content=\"Verfasst von\" \/>\n\t<meta name=\"twitter:data1\" content=\"Martin Hufner\" \/>\n\t<meta name=\"twitter:label2\" content=\"Gesch\u00e4tzte Lesezeit\" \/>\n\t<meta name=\"twitter:data2\" content=\"7\u00a0Minuten\" \/>\n<script type=\"application\/ld+json\" class=\"yoast-schema-graph\">{\"@context\":\"https:\\\/\\\/schema.org\",\"@graph\":[{\"@type\":\"Article\",\"@id\":\"https:\\\/\\\/blogs.nmz.de\\\/wm2014\\\/2015\\\/07\\\/14\\\/rundfunkrat-gesellschaft-individuum-widerspruch-im-amt\\\/#article\",\"isPartOf\":{\"@id\":\"https:\\\/\\\/blogs.nmz.de\\\/wm2014\\\/2015\\\/07\\\/14\\\/rundfunkrat-gesellschaft-individuum-widerspruch-im-amt\\\/\"},\"author\":{\"name\":\"Martin Hufner\",\"@id\":\"https:\\\/\\\/blogs.nmz.de\\\/wm2014\\\/#\\\/schema\\\/person\\\/488a80049cf0bbc4cce99951ae91c3b9\"},\"headline\":\"Rundfunkrat, Gesellschaft, Individuum \u2013 Widerspruch im Amt\",\"datePublished\":\"2015-07-14T19:06:26+00:00\",\"dateModified\":\"2015-07-14T21:03:15+00:00\",\"mainEntityOfPage\":{\"@id\":\"https:\\\/\\\/blogs.nmz.de\\\/wm2014\\\/2015\\\/07\\\/14\\\/rundfunkrat-gesellschaft-individuum-widerspruch-im-amt\\\/\"},\"wordCount\":1368,\"commentCount\":0,\"image\":{\"@id\":\"https:\\\/\\\/blogs.nmz.de\\\/wm2014\\\/2015\\\/07\\\/14\\\/rundfunkrat-gesellschaft-individuum-widerspruch-im-amt\\\/#primaryimage\"},\"thumbnailUrl\":\"https:\\\/\\\/i0.wp.com\\\/blogs.nmz.de\\\/wm2014\\\/files\\\/2015\\\/07\\\/rundfunk_schaltung_c_hufner.jpg?fit=2200%2C1195&ssl=1\",\"keywords\":[\"Einflussnahme\",\"\u00f6ffentlich-rechtlicher Rundfunk\",\"Politik\",\"Rundfunk\",\"Staatsn\u00e4he\"],\"articleSection\":{\"1\":\"Kultur\",\"2\":\"Medien\",\"3\":\"Politik\",\"4\":\"Radio\"},\"inLanguage\":\"de\",\"potentialAction\":[{\"@type\":\"CommentAction\",\"name\":\"Comment\",\"target\":[\"https:\\\/\\\/blogs.nmz.de\\\/wm2014\\\/2015\\\/07\\\/14\\\/rundfunkrat-gesellschaft-individuum-widerspruch-im-amt\\\/#respond\"]}]},{\"@type\":\"WebPage\",\"@id\":\"https:\\\/\\\/blogs.nmz.de\\\/wm2014\\\/2015\\\/07\\\/14\\\/rundfunkrat-gesellschaft-individuum-widerspruch-im-amt\\\/\",\"url\":\"https:\\\/\\\/blogs.nmz.de\\\/wm2014\\\/2015\\\/07\\\/14\\\/rundfunkrat-gesellschaft-individuum-widerspruch-im-amt\\\/\",\"name\":\"Rundfunkrat, Gesellschaft, Individuum \u2013 Widerspruch im Amt - Auf dem Sperrsitz\",\"isPartOf\":{\"@id\":\"https:\\\/\\\/blogs.nmz.de\\\/wm2014\\\/#website\"},\"primaryImageOfPage\":{\"@id\":\"https:\\\/\\\/blogs.nmz.de\\\/wm2014\\\/2015\\\/07\\\/14\\\/rundfunkrat-gesellschaft-individuum-widerspruch-im-amt\\\/#primaryimage\"},\"image\":{\"@id\":\"https:\\\/\\\/blogs.nmz.de\\\/wm2014\\\/2015\\\/07\\\/14\\\/rundfunkrat-gesellschaft-individuum-widerspruch-im-amt\\\/#primaryimage\"},\"thumbnailUrl\":\"https:\\\/\\\/i0.wp.com\\\/blogs.nmz.de\\\/wm2014\\\/files\\\/2015\\\/07\\\/rundfunk_schaltung_c_hufner.jpg?fit=2200%2C1195&ssl=1\",\"datePublished\":\"2015-07-14T19:06:26+00:00\",\"dateModified\":\"2015-07-14T21:03:15+00:00\",\"author\":{\"@id\":\"https:\\\/\\\/blogs.nmz.de\\\/wm2014\\\/#\\\/schema\\\/person\\\/488a80049cf0bbc4cce99951ae91c3b9\"},\"breadcrumb\":{\"@id\":\"https:\\\/\\\/blogs.nmz.de\\\/wm2014\\\/2015\\\/07\\\/14\\\/rundfunkrat-gesellschaft-individuum-widerspruch-im-amt\\\/#breadcrumb\"},\"inLanguage\":\"de\",\"potentialAction\":[{\"@type\":\"ReadAction\",\"target\":[\"https:\\\/\\\/blogs.nmz.de\\\/wm2014\\\/2015\\\/07\\\/14\\\/rundfunkrat-gesellschaft-individuum-widerspruch-im-amt\\\/\"]}]},{\"@type\":\"ImageObject\",\"inLanguage\":\"de\",\"@id\":\"https:\\\/\\\/blogs.nmz.de\\\/wm2014\\\/2015\\\/07\\\/14\\\/rundfunkrat-gesellschaft-individuum-widerspruch-im-amt\\\/#primaryimage\",\"url\":\"https:\\\/\\\/i0.wp.com\\\/blogs.nmz.de\\\/wm2014\\\/files\\\/2015\\\/07\\\/rundfunk_schaltung_c_hufner.jpg?fit=2200%2C1195&ssl=1\",\"contentUrl\":\"https:\\\/\\\/i0.wp.com\\\/blogs.nmz.de\\\/wm2014\\\/files\\\/2015\\\/07\\\/rundfunk_schaltung_c_hufner.jpg?fit=2200%2C1195&ssl=1\",\"width\":2200,\"height\":1195,\"caption\":\"Rundfunk in Deutschland. Eine Winterreise. Foto: Hufner\"},{\"@type\":\"BreadcrumbList\",\"@id\":\"https:\\\/\\\/blogs.nmz.de\\\/wm2014\\\/2015\\\/07\\\/14\\\/rundfunkrat-gesellschaft-individuum-widerspruch-im-amt\\\/#breadcrumb\",\"itemListElement\":[{\"@type\":\"ListItem\",\"position\":1,\"name\":\"Startseite\",\"item\":\"https:\\\/\\\/blogs.nmz.de\\\/wm2014\\\/\"},{\"@type\":\"ListItem\",\"position\":2,\"name\":\"Rundfunkrat, Gesellschaft, Individuum \u2013 Widerspruch im Amt\"}]},{\"@type\":\"WebSite\",\"@id\":\"https:\\\/\\\/blogs.nmz.de\\\/wm2014\\\/#website\",\"url\":\"https:\\\/\\\/blogs.nmz.de\\\/wm2014\\\/\",\"name\":\"Auf dem Sperrsitz\",\"description\":\"Im Kultur-Zoo der nmz\",\"potentialAction\":[{\"@type\":\"SearchAction\",\"target\":{\"@type\":\"EntryPoint\",\"urlTemplate\":\"https:\\\/\\\/blogs.nmz.de\\\/wm2014\\\/?s={search_term_string}\"},\"query-input\":{\"@type\":\"PropertyValueSpecification\",\"valueRequired\":true,\"valueName\":\"search_term_string\"}}],\"inLanguage\":\"de\"},{\"@type\":\"Person\",\"@id\":\"https:\\\/\\\/blogs.nmz.de\\\/wm2014\\\/#\\\/schema\\\/person\\\/488a80049cf0bbc4cce99951ae91c3b9\",\"name\":\"Martin Hufner\",\"image\":{\"@type\":\"ImageObject\",\"inLanguage\":\"de\",\"@id\":\"https:\\\/\\\/secure.gravatar.com\\\/avatar\\\/891bbce378eb0bdbf7f71559e53af16afd9e2f8a020e2f876adcfcd437cd011a?s=96&d=mm&r=g\",\"url\":\"https:\\\/\\\/secure.gravatar.com\\\/avatar\\\/891bbce378eb0bdbf7f71559e53af16afd9e2f8a020e2f876adcfcd437cd011a?s=96&d=mm&r=g\",\"contentUrl\":\"https:\\\/\\\/secure.gravatar.com\\\/avatar\\\/891bbce378eb0bdbf7f71559e53af16afd9e2f8a020e2f876adcfcd437cd011a?s=96&d=mm&r=g\",\"caption\":\"Martin Hufner\"},\"description\":\"seit 1997 chef\u00f6konom der kritischen masse und netzbabysitter der nmz.\",\"sameAs\":[\"https:\\\/\\\/www.musikkritik.org\",\"http:\\\/\\\/www.facebook.com\\\/hufner\",\"https:\\\/\\\/www.linkedin.com\\\/profile\\\/view?id=48050869&trk=spm_pic\",\"https:\\\/\\\/x.com\\\/huflaikhan\"],\"url\":\"https:\\\/\\\/blogs.nmz.de\\\/wm2014\\\/author\\\/admin\\\/\"}]}<\/script>\n<!-- \/ Yoast SEO plugin. -->","yoast_head_json":{"title":"Rundfunkrat, Gesellschaft, Individuum \u2013 Widerspruch im Amt - Auf dem Sperrsitz","robots":{"index":"index","follow":"follow","max-snippet":"max-snippet:-1","max-image-preview":"max-image-preview:large","max-video-preview":"max-video-preview:-1"},"canonical":"https:\/\/blogs.nmz.de\/wm2014\/2015\/07\/14\/rundfunkrat-gesellschaft-individuum-widerspruch-im-amt\/","og_locale":"de_DE","og_type":"article","og_title":"Rundfunkrat, Gesellschaft, Individuum \u2013 Widerspruch im Amt - Auf dem Sperrsitz","og_description":"Noch einmal Thema Rundfunkrat. Nachdem gestern die \u201eehrenamtliche\u201c T\u00e4tigkeit untersucht worden ist, geht es jetzt um die Struktur, die Aufgaben und seine Konstruktion im Rahmen der demokratischen Selbstkontrolle des \u00f6ffentlich-rechtlichen Gedankens. Den Rundfunkr\u00e4ten eilt ja der Ruf der Unbestechlichkeit und... Weiterlesen &rarr;","og_url":"https:\/\/blogs.nmz.de\/wm2014\/2015\/07\/14\/rundfunkrat-gesellschaft-individuum-widerspruch-im-amt\/","og_site_name":"Auf dem Sperrsitz","article_publisher":"http:\/\/www.facebook.com\/musikzeitung","article_author":"http:\/\/www.facebook.com\/hufner","article_published_time":"2015-07-14T19:06:26+00:00","article_modified_time":"2015-07-14T21:03:15+00:00","og_image":[{"width":2200,"height":1195,"url":"https:\/\/i2.wp.com\/blogs.nmz.de\/wm2014\/files\/2015\/07\/rundfunk_schaltung_c_hufner.jpg?fit=2200%2C1195&ssl=1","type":"image\/jpeg"}],"author":"Martin Hufner","twitter_card":"summary_large_image","twitter_creator":"@huflaikhan","twitter_site":"@musikzeitung","twitter_misc":{"Verfasst von":"Martin Hufner","Gesch\u00e4tzte Lesezeit":"7\u00a0Minuten"},"schema":{"@context":"https:\/\/schema.org","@graph":[{"@type":"Article","@id":"https:\/\/blogs.nmz.de\/wm2014\/2015\/07\/14\/rundfunkrat-gesellschaft-individuum-widerspruch-im-amt\/#article","isPartOf":{"@id":"https:\/\/blogs.nmz.de\/wm2014\/2015\/07\/14\/rundfunkrat-gesellschaft-individuum-widerspruch-im-amt\/"},"author":{"name":"Martin Hufner","@id":"https:\/\/blogs.nmz.de\/wm2014\/#\/schema\/person\/488a80049cf0bbc4cce99951ae91c3b9"},"headline":"Rundfunkrat, Gesellschaft, Individuum \u2013 Widerspruch im Amt","datePublished":"2015-07-14T19:06:26+00:00","dateModified":"2015-07-14T21:03:15+00:00","mainEntityOfPage":{"@id":"https:\/\/blogs.nmz.de\/wm2014\/2015\/07\/14\/rundfunkrat-gesellschaft-individuum-widerspruch-im-amt\/"},"wordCount":1368,"commentCount":0,"image":{"@id":"https:\/\/blogs.nmz.de\/wm2014\/2015\/07\/14\/rundfunkrat-gesellschaft-individuum-widerspruch-im-amt\/#primaryimage"},"thumbnailUrl":"https:\/\/i0.wp.com\/blogs.nmz.de\/wm2014\/files\/2015\/07\/rundfunk_schaltung_c_hufner.jpg?fit=2200%2C1195&ssl=1","keywords":["Einflussnahme","\u00f6ffentlich-rechtlicher Rundfunk","Politik","Rundfunk","Staatsn\u00e4he"],"articleSection":{"1":"Kultur","2":"Medien","3":"Politik","4":"Radio"},"inLanguage":"de","potentialAction":[{"@type":"CommentAction","name":"Comment","target":["https:\/\/blogs.nmz.de\/wm2014\/2015\/07\/14\/rundfunkrat-gesellschaft-individuum-widerspruch-im-amt\/#respond"]}]},{"@type":"WebPage","@id":"https:\/\/blogs.nmz.de\/wm2014\/2015\/07\/14\/rundfunkrat-gesellschaft-individuum-widerspruch-im-amt\/","url":"https:\/\/blogs.nmz.de\/wm2014\/2015\/07\/14\/rundfunkrat-gesellschaft-individuum-widerspruch-im-amt\/","name":"Rundfunkrat, Gesellschaft, Individuum \u2013 Widerspruch im Amt - Auf dem Sperrsitz","isPartOf":{"@id":"https:\/\/blogs.nmz.de\/wm2014\/#website"},"primaryImageOfPage":{"@id":"https:\/\/blogs.nmz.de\/wm2014\/2015\/07\/14\/rundfunkrat-gesellschaft-individuum-widerspruch-im-amt\/#primaryimage"},"image":{"@id":"https:\/\/blogs.nmz.de\/wm2014\/2015\/07\/14\/rundfunkrat-gesellschaft-individuum-widerspruch-im-amt\/#primaryimage"},"thumbnailUrl":"https:\/\/i0.wp.com\/blogs.nmz.de\/wm2014\/files\/2015\/07\/rundfunk_schaltung_c_hufner.jpg?fit=2200%2C1195&ssl=1","datePublished":"2015-07-14T19:06:26+00:00","dateModified":"2015-07-14T21:03:15+00:00","author":{"@id":"https:\/\/blogs.nmz.de\/wm2014\/#\/schema\/person\/488a80049cf0bbc4cce99951ae91c3b9"},"breadcrumb":{"@id":"https:\/\/blogs.nmz.de\/wm2014\/2015\/07\/14\/rundfunkrat-gesellschaft-individuum-widerspruch-im-amt\/#breadcrumb"},"inLanguage":"de","potentialAction":[{"@type":"ReadAction","target":["https:\/\/blogs.nmz.de\/wm2014\/2015\/07\/14\/rundfunkrat-gesellschaft-individuum-widerspruch-im-amt\/"]}]},{"@type":"ImageObject","inLanguage":"de","@id":"https:\/\/blogs.nmz.de\/wm2014\/2015\/07\/14\/rundfunkrat-gesellschaft-individuum-widerspruch-im-amt\/#primaryimage","url":"https:\/\/i0.wp.com\/blogs.nmz.de\/wm2014\/files\/2015\/07\/rundfunk_schaltung_c_hufner.jpg?fit=2200%2C1195&ssl=1","contentUrl":"https:\/\/i0.wp.com\/blogs.nmz.de\/wm2014\/files\/2015\/07\/rundfunk_schaltung_c_hufner.jpg?fit=2200%2C1195&ssl=1","width":2200,"height":1195,"caption":"Rundfunk in Deutschland. Eine Winterreise. Foto: Hufner"},{"@type":"BreadcrumbList","@id":"https:\/\/blogs.nmz.de\/wm2014\/2015\/07\/14\/rundfunkrat-gesellschaft-individuum-widerspruch-im-amt\/#breadcrumb","itemListElement":[{"@type":"ListItem","position":1,"name":"Startseite","item":"https:\/\/blogs.nmz.de\/wm2014\/"},{"@type":"ListItem","position":2,"name":"Rundfunkrat, Gesellschaft, Individuum \u2013 Widerspruch im Amt"}]},{"@type":"WebSite","@id":"https:\/\/blogs.nmz.de\/wm2014\/#website","url":"https:\/\/blogs.nmz.de\/wm2014\/","name":"Auf dem Sperrsitz","description":"Im Kultur-Zoo der nmz","potentialAction":[{"@type":"SearchAction","target":{"@type":"EntryPoint","urlTemplate":"https:\/\/blogs.nmz.de\/wm2014\/?s={search_term_string}"},"query-input":{"@type":"PropertyValueSpecification","valueRequired":true,"valueName":"search_term_string"}}],"inLanguage":"de"},{"@type":"Person","@id":"https:\/\/blogs.nmz.de\/wm2014\/#\/schema\/person\/488a80049cf0bbc4cce99951ae91c3b9","name":"Martin Hufner","image":{"@type":"ImageObject","inLanguage":"de","@id":"https:\/\/secure.gravatar.com\/avatar\/891bbce378eb0bdbf7f71559e53af16afd9e2f8a020e2f876adcfcd437cd011a?s=96&d=mm&r=g","url":"https:\/\/secure.gravatar.com\/avatar\/891bbce378eb0bdbf7f71559e53af16afd9e2f8a020e2f876adcfcd437cd011a?s=96&d=mm&r=g","contentUrl":"https:\/\/secure.gravatar.com\/avatar\/891bbce378eb0bdbf7f71559e53af16afd9e2f8a020e2f876adcfcd437cd011a?s=96&d=mm&r=g","caption":"Martin Hufner"},"description":"seit 1997 chef\u00f6konom der kritischen masse und netzbabysitter der nmz.","sameAs":["https:\/\/www.musikkritik.org","http:\/\/www.facebook.com\/hufner","https:\/\/www.linkedin.com\/profile\/view?id=48050869&trk=spm_pic","https:\/\/x.com\/huflaikhan"],"url":"https:\/\/blogs.nmz.de\/wm2014\/author\/admin\/"}]}},"wp-worthy-pixel":{"ignored":false,"public":null,"server":null,"url":null},"wp-worthy-type":"normal","jetpack_featured_media_url":"https:\/\/i0.wp.com\/blogs.nmz.de\/wm2014\/files\/2015\/07\/rundfunk_schaltung_c_hufner.jpg?fit=2200%2C1195&ssl=1","jetpack_shortlink":"https:\/\/wp.me\/p4Gg77-qo","jetpack-related-posts":[],"jetpack_sharing_enabled":true,"_links":{"self":[{"href":"https:\/\/blogs.nmz.de\/wm2014\/wp-json\/wp\/v2\/posts\/1636","targetHints":{"allow":["GET"]}}],"collection":[{"href":"https:\/\/blogs.nmz.de\/wm2014\/wp-json\/wp\/v2\/posts"}],"about":[{"href":"https:\/\/blogs.nmz.de\/wm2014\/wp-json\/wp\/v2\/types\/post"}],"author":[{"embeddable":true,"href":"https:\/\/blogs.nmz.de\/wm2014\/wp-json\/wp\/v2\/users\/1"}],"replies":[{"embeddable":true,"href":"https:\/\/blogs.nmz.de\/wm2014\/wp-json\/wp\/v2\/comments?post=1636"}],"version-history":[{"count":4,"href":"https:\/\/blogs.nmz.de\/wm2014\/wp-json\/wp\/v2\/posts\/1636\/revisions"}],"predecessor-version":[{"id":1641,"href":"https:\/\/blogs.nmz.de\/wm2014\/wp-json\/wp\/v2\/posts\/1636\/revisions\/1641"}],"wp:featuredmedia":[{"embeddable":true,"href":"https:\/\/blogs.nmz.de\/wm2014\/wp-json\/wp\/v2\/media\/1637"}],"wp:attachment":[{"href":"https:\/\/blogs.nmz.de\/wm2014\/wp-json\/wp\/v2\/media?parent=1636"}],"wp:term":[{"taxonomy":"category","embeddable":true,"href":"https:\/\/blogs.nmz.de\/wm2014\/wp-json\/wp\/v2\/categories?post=1636"},{"taxonomy":"post_tag","embeddable":true,"href":"https:\/\/blogs.nmz.de\/wm2014\/wp-json\/wp\/v2\/tags?post=1636"}],"curies":[{"name":"wp","href":"https:\/\/api.w.org\/{rel}","templated":true}]}}