{"id":1501,"date":"2015-05-25T12:04:20","date_gmt":"2015-05-25T10:04:20","guid":{"rendered":"http:\/\/blogs.nmz.de\/wm2014\/?p=1501"},"modified":"2015-05-25T14:06:10","modified_gmt":"2015-05-25T12:06:10","slug":"null-punkte-sind-gar-nix","status":"publish","type":"post","link":"https:\/\/blogs.nmz.de\/wm2014\/2015\/05\/25\/null-punkte-sind-gar-nix\/","title":{"rendered":"Null Punkte sind gar nix"},"content":{"rendered":"<p>Der wichtigste Tag des j\u00e4hrlichen Musiklebens ist nun vorbei. Der Eurovision Songcontest wie er ja hei\u00dft. Zeitgleich mit dem Bundesfinale &#8222;Jugend musiziert&#8220; in Hamburg. Es gab Sieger, es gab Verlierer. Wen st\u00f6rt es.<\/p>\n<p>Die eigentliche \u00dcberraschung des Abends war, dass der Dirigent Paavo J\u00e4rvi offenbar Zeit hatte, sich das Spektakel anzusehen und zu kommentieren. Seine Analysen zu einigen der Auftritte:<\/p>\n<p><strong>Deutschland <\/strong>(sehr lieb)<strong><br \/>\n<\/strong><\/p>\n<blockquote class=\"twitter-tweet\" width=\"550\">\n<p lang=\"en\" dir=\"ltr\">Germany: the girl is hot Amy Winehouse meet Ute Lemper <a href=\"https:\/\/twitter.com\/hashtag\/EurovisionSongContest?src=hash\">#EurovisionSongContest<\/a><\/p>\n<p>&mdash; Paavo Jarvi (@paavo_jarvi) <a href=\"https:\/\/twitter.com\/paavo_jarvi\/status\/602210499644755968\">May 23, 2015<\/a><\/p><\/blockquote>\n<p><script async src=\"\/\/platform.twitter.com\/widgets.js\" charset=\"utf-8\"><\/script><\/p>\n<p><strong>Russland <\/strong>(Ist da ein bisschen Zynismus dabei?)<strong><br \/>\n<\/strong><\/p>\n<blockquote class=\"twitter-tweet\" width=\"550\">\n<p lang=\"en\" dir=\"ltr\">Russia: nice military drums in the background&#8230; Generic tune..<a href=\"https:\/\/twitter.com\/hashtag\/EurovisionSongContest?src=hash\">#EurovisionSongContest<\/a><\/p>\n<p>&mdash; Paavo Jarvi (@paavo_jarvi) <a href=\"https:\/\/twitter.com\/paavo_jarvi\/status\/602219068700102657\">May 23, 2015<\/a><\/p><\/blockquote>\n<p><script async src=\"\/\/platform.twitter.com\/widgets.js\" charset=\"utf-8\"><\/script><\/p>\n<p><strong>Schweden <\/strong>(sp\u00e4terer Sieger)<strong><br \/>\n<\/strong><\/p>\n<blockquote class=\"twitter-tweet\" width=\"550\">\n<p lang=\"en\" dir=\"ltr\">Sweden: Cool visuals animation is creative singer carries the tune!&#10;Well done Sweden <a href=\"https:\/\/twitter.com\/hashtag\/EurovisionSongContest?src=hash\">#EurovisionSongContest<\/a> George Michael be worried&#8230;<\/p>\n<p>&mdash; Paavo Jarvi (@paavo_jarvi) <a href=\"https:\/\/twitter.com\/paavo_jarvi\/status\/602203124951056385\">May 23, 2015<\/a><\/p><\/blockquote>\n<p><script async src=\"\/\/platform.twitter.com\/widgets.js\" charset=\"utf-8\"><\/script><\/p>\n<p><strong>Belgien <\/strong>(mein Favorit)<strong><br \/>\n<\/strong><\/p>\n<blockquote class=\"twitter-tweet\" width=\"550\">\n<p lang=\"en\" dir=\"ltr\">Belgium: Cool voice&#8230;Queen &quot;inspired&quot; cool tune. Even the lyrics are bearable Yes!&#10;<a href=\"https:\/\/twitter.com\/hashtag\/EurovisionSongContest?src=hash\">#EurovisionSongContest<\/a><\/p>\n<p>&mdash; Paavo Jarvi (@paavo_jarvi) <a href=\"https:\/\/twitter.com\/paavo_jarvi\/status\/602206023659687936\">May 23, 2015<\/a><\/p><\/blockquote>\n<p><script async src=\"\/\/platform.twitter.com\/widgets.js\" charset=\"utf-8\"><\/script><\/p>\n<h3>Mahler im Wirtshaus<\/h3>\n<p>In der Werbepause spielte dann der gro\u00dfe Angeber Martin Grubinger irgendetwas mit Schalgzeug und mittendrin gab es ein Mahler-Versatzst\u00fcck, das insbesondere in der Klassikwelt f\u00fcr Freude sorgte. Ganz genau erkl\u00e4ren kann ich mir das ehrlich gesagt nicht. Man kann es sich nur dadurch erkl\u00e4ren, dass es w\u00e4hrend dieser kommerziellen Veranstaltung passierte. Eine weniger durch die Umst\u00e4nde herbeigef\u00fchrte, objektive Sicht w\u00fcrde sicher ergeben, dass das ziemlich daneben war. Das war eher Musikantenstadl f\u00fcr Klassikfreaks. Aber mehr doch nicht.<\/p>\n<p><span class=\"embed-youtube\" style=\"text-align:center; display: block;\"><iframe loading=\"lazy\" class=\"youtube-player\" width=\"676\" height=\"381\" src=\"https:\/\/www.youtube.com\/embed\/QgKRsBXEraw?version=3&#038;rel=1&#038;showsearch=0&#038;showinfo=1&#038;iv_load_policy=1&#038;fs=1&#038;hl=de-DE&#038;autohide=2&#038;wmode=transparent\" allowfullscreen=\"true\" style=\"border:0;\" sandbox=\"allow-scripts allow-same-origin allow-popups allow-presentation allow-popups-to-escape-sandbox\"><\/iframe><\/span><\/p>\n<p>Allerdings muss man Grubinger schon loben. Dass er ausgerechnet mit Klopstocks Texten bei Mahler operierte, zeugt von einer gewissen Selbstironie.<\/p>\n<blockquote class=\"twitter-tweet\" width=\"550\">\n<p lang=\"de\" dir=\"ltr\"><a href=\"https:\/\/twitter.com\/musikzeitung\">@musikzeitung<\/a> Wieso? Ehrenpreis f\u00fcr Poetry Slammer DJ BEATSTICK (1724-1803) f\u00fcr die Lyrics vom Rise up! Chorus. &#10;&#10;Na ja f\u00fcrs Lebenswerk.<\/p>\n<p>&mdash; J. Marc Reichow (@jmarcreichow) <a href=\"https:\/\/twitter.com\/jmarcreichow\/status\/602241157616300033\">May 23, 2015<\/a><\/p><\/blockquote>\n<p><script async src=\"\/\/platform.twitter.com\/widgets.js\" charset=\"utf-8\"><\/script><\/p>\n<p>Aber man kann es ja mal als Ermunterung sehen: Auferstehen nach Null Punkten.<\/p>\n<p>Man sollte das nicht so wichtig nehmen. Null Punkte sind immer noch mehr als gar keine. Oder wie Siggi Becker twitterte:<\/p>\n<blockquote class=\"twitter-tweet\" width=\"550\">\n<p lang=\"de\" dir=\"ltr\">Das Resultat der Vorannahme, man k\u00f6nnte \u00fcber \u00c4sthetik (welcher Sch\u00f6pfungsh\u00f6he auch immer) abstimmen. <a href=\"https:\/\/twitter.com\/hashtag\/ESC2015?src=hash\">#ESC2015<\/a><\/p>\n<p>&mdash; siggibecker (@siggibecker) <a href=\"https:\/\/twitter.com\/siggibecker\/status\/602373372476059648\">May 24, 2015<\/a><\/p><\/blockquote>\n<p><script async src=\"\/\/platform.twitter.com\/widgets.js\" charset=\"utf-8\"><\/script><\/p>\n<h3>PS<\/h3>\n<p>\u00dcbrigens sind gleich Fragen offen, betreffend Schweden. Wie sehr hat Schweden plagiiert? Sven Scholz dazu bei Facebook.<\/p>\n<div class=\"fb-post\" data-href=\"https:\/\/www.facebook.com\/svenscholz\/posts\/10204037331474049\" data-width=\"552\" style=\"background-color: #fff; display: inline-block;\"><\/div>\n<h3>PPS<\/h3>\n<p>Und Gordon Kampe, der H\u00e4mmer-Organist von bei Herne, w\u00e4hlte doch glatt das St\u00fcck der Georgier aus f\u00fcr die Intrada am gestrigen Sonntag.<\/p>\n<blockquote class=\"twitter-tweet\" width=\"550\">\n<p lang=\"de\" dir=\"ltr\"><a href=\"https:\/\/twitter.com\/musikzeitung\">@musikzeitung<\/a> Das Lied spiele ich morgen zum Einzug.<\/p>\n<p>&mdash; Gordon Kampe (@gordon_kampe) <a href=\"https:\/\/twitter.com\/gordon_kampe\/status\/602217658822565889\">May 23, 2015<\/a><\/p><\/blockquote>\n<p><script async src=\"\/\/platform.twitter.com\/widgets.js\" charset=\"utf-8\"><\/script><\/p>\n<p>&nbsp;<\/p>\n","protected":false},"excerpt":{"rendered":"<p>Der wichtigste Tag des j\u00e4hrlichen Musiklebens ist nun vorbei. Der Eurovision Songcontest wie er ja hei\u00dft. Zeitgleich mit dem Bundesfinale &#8222;Jugend musiziert&#8220; in Hamburg. Es gab Sieger, es gab Verlierer. Wen st\u00f6rt es. Die eigentliche \u00dcberraschung des Abends war, dass&#8230; <a class=\"more-link\" href=\"https:\/\/blogs.nmz.de\/wm2014\/2015\/05\/25\/null-punkte-sind-gar-nix\/\">Weiterlesen &rarr;<\/a><\/p>\n","protected":false},"author":1,"featured_media":1504,"comment_status":"open","ping_status":"open","sticky":false,"template":"","format":"standard","meta":{"_jetpack_memberships_contains_paid_content":false,"footnotes":""},"categories":[29,385,836,533],"tags":[13034,13029,13030,935,3149,13033],"class_list":["post-1501","post","type-post","status-publish","format-standard","has-post-thumbnail","hentry","category-aesthetik","category-kultur","category-medien","category-musik","tag-ann-sophie","tag-esc","tag-eurovision-song-contest","tag-gustav-mahler","tag-martin-grubinger","tag-paavo-jaervi"],"yoast_head":"<!-- This site is optimized with the Yoast SEO plugin v27.4 - https:\/\/yoast.com\/product\/yoast-seo-wordpress\/ -->\n<title>Null Punkte sind gar nix - Auf dem Sperrsitz<\/title>\n<meta name=\"robots\" content=\"index, follow, max-snippet:-1, max-image-preview:large, max-video-preview:-1\" \/>\n<link rel=\"canonical\" href=\"https:\/\/blogs.nmz.de\/wm2014\/2015\/05\/25\/null-punkte-sind-gar-nix\/\" \/>\n<meta property=\"og:locale\" content=\"de_DE\" \/>\n<meta property=\"og:type\" content=\"article\" \/>\n<meta property=\"og:title\" content=\"Null Punkte sind gar nix - Auf dem Sperrsitz\" \/>\n<meta property=\"og:description\" content=\"Der wichtigste Tag des j\u00e4hrlichen Musiklebens ist nun vorbei. Der Eurovision Songcontest wie er ja hei\u00dft. Zeitgleich mit dem Bundesfinale &#8222;Jugend musiziert&#8220; in Hamburg. Es gab Sieger, es gab Verlierer. Wen st\u00f6rt es. Die eigentliche \u00dcberraschung des Abends war, dass... Weiterlesen &rarr;\" \/>\n<meta property=\"og:url\" content=\"https:\/\/blogs.nmz.de\/wm2014\/2015\/05\/25\/null-punkte-sind-gar-nix\/\" \/>\n<meta property=\"og:site_name\" content=\"Auf dem Sperrsitz\" \/>\n<meta property=\"article:publisher\" content=\"http:\/\/www.facebook.com\/musikzeitung\" \/>\n<meta property=\"article:author\" content=\"http:\/\/www.facebook.com\/hufner\" \/>\n<meta property=\"article:published_time\" content=\"2015-05-25T10:04:20+00:00\" \/>\n<meta property=\"article:modified_time\" content=\"2015-05-25T12:06:10+00:00\" \/>\n<meta property=\"og:image\" content=\"https:\/\/i1.wp.com\/blogs.nmz.de\/wm2014\/files\/2015\/05\/jwervi_c_Ventre_Photos.jpg?fit=1600%2C1067&ssl=1\" \/>\n\t<meta property=\"og:image:width\" content=\"1600\" \/>\n\t<meta property=\"og:image:height\" content=\"1067\" \/>\n\t<meta property=\"og:image:type\" content=\"image\/jpeg\" \/>\n<meta name=\"author\" content=\"Martin Hufner\" \/>\n<meta name=\"twitter:card\" content=\"summary_large_image\" \/>\n<meta name=\"twitter:creator\" content=\"@huflaikhan\" \/>\n<meta name=\"twitter:site\" content=\"@musikzeitung\" \/>\n<meta name=\"twitter:label1\" content=\"Verfasst von\" \/>\n\t<meta name=\"twitter:data1\" content=\"Martin Hufner\" \/>\n\t<meta name=\"twitter:label2\" content=\"Gesch\u00e4tzte Lesezeit\" \/>\n\t<meta name=\"twitter:data2\" content=\"2\u00a0Minuten\" \/>\n<script type=\"application\/ld+json\" class=\"yoast-schema-graph\">{\"@context\":\"https:\\\/\\\/schema.org\",\"@graph\":[{\"@type\":\"Article\",\"@id\":\"https:\\\/\\\/blogs.nmz.de\\\/wm2014\\\/2015\\\/05\\\/25\\\/null-punkte-sind-gar-nix\\\/#article\",\"isPartOf\":{\"@id\":\"https:\\\/\\\/blogs.nmz.de\\\/wm2014\\\/2015\\\/05\\\/25\\\/null-punkte-sind-gar-nix\\\/\"},\"author\":{\"name\":\"Martin Hufner\",\"@id\":\"https:\\\/\\\/blogs.nmz.de\\\/wm2014\\\/#\\\/schema\\\/person\\\/488a80049cf0bbc4cce99951ae91c3b9\"},\"headline\":\"Null Punkte sind gar nix\",\"datePublished\":\"2015-05-25T10:04:20+00:00\",\"dateModified\":\"2015-05-25T12:06:10+00:00\",\"mainEntityOfPage\":{\"@id\":\"https:\\\/\\\/blogs.nmz.de\\\/wm2014\\\/2015\\\/05\\\/25\\\/null-punkte-sind-gar-nix\\\/\"},\"wordCount\":326,\"commentCount\":0,\"image\":{\"@id\":\"https:\\\/\\\/blogs.nmz.de\\\/wm2014\\\/2015\\\/05\\\/25\\\/null-punkte-sind-gar-nix\\\/#primaryimage\"},\"thumbnailUrl\":\"https:\\\/\\\/i0.wp.com\\\/blogs.nmz.de\\\/wm2014\\\/files\\\/2015\\\/05\\\/jwervi_c_Ventre_Photos.jpg?fit=1600%2C1067&ssl=1\",\"keywords\":[\"Ann Sophie\",\"ESC\",\"Eurovision Song Contest\",\"Gustav Mahler\",\"Martin Grubinger\",\"Paavo J\u00e4rvi\"],\"articleSection\":[\"\u00c4sthetik\",\"Kultur\",\"Medien\",\"Musik\"],\"inLanguage\":\"de\",\"potentialAction\":[{\"@type\":\"CommentAction\",\"name\":\"Comment\",\"target\":[\"https:\\\/\\\/blogs.nmz.de\\\/wm2014\\\/2015\\\/05\\\/25\\\/null-punkte-sind-gar-nix\\\/#respond\"]}]},{\"@type\":\"WebPage\",\"@id\":\"https:\\\/\\\/blogs.nmz.de\\\/wm2014\\\/2015\\\/05\\\/25\\\/null-punkte-sind-gar-nix\\\/\",\"url\":\"https:\\\/\\\/blogs.nmz.de\\\/wm2014\\\/2015\\\/05\\\/25\\\/null-punkte-sind-gar-nix\\\/\",\"name\":\"Null Punkte sind gar nix - Auf dem Sperrsitz\",\"isPartOf\":{\"@id\":\"https:\\\/\\\/blogs.nmz.de\\\/wm2014\\\/#website\"},\"primaryImageOfPage\":{\"@id\":\"https:\\\/\\\/blogs.nmz.de\\\/wm2014\\\/2015\\\/05\\\/25\\\/null-punkte-sind-gar-nix\\\/#primaryimage\"},\"image\":{\"@id\":\"https:\\\/\\\/blogs.nmz.de\\\/wm2014\\\/2015\\\/05\\\/25\\\/null-punkte-sind-gar-nix\\\/#primaryimage\"},\"thumbnailUrl\":\"https:\\\/\\\/i0.wp.com\\\/blogs.nmz.de\\\/wm2014\\\/files\\\/2015\\\/05\\\/jwervi_c_Ventre_Photos.jpg?fit=1600%2C1067&ssl=1\",\"datePublished\":\"2015-05-25T10:04:20+00:00\",\"dateModified\":\"2015-05-25T12:06:10+00:00\",\"author\":{\"@id\":\"https:\\\/\\\/blogs.nmz.de\\\/wm2014\\\/#\\\/schema\\\/person\\\/488a80049cf0bbc4cce99951ae91c3b9\"},\"breadcrumb\":{\"@id\":\"https:\\\/\\\/blogs.nmz.de\\\/wm2014\\\/2015\\\/05\\\/25\\\/null-punkte-sind-gar-nix\\\/#breadcrumb\"},\"inLanguage\":\"de\",\"potentialAction\":[{\"@type\":\"ReadAction\",\"target\":[\"https:\\\/\\\/blogs.nmz.de\\\/wm2014\\\/2015\\\/05\\\/25\\\/null-punkte-sind-gar-nix\\\/\"]}]},{\"@type\":\"ImageObject\",\"inLanguage\":\"de\",\"@id\":\"https:\\\/\\\/blogs.nmz.de\\\/wm2014\\\/2015\\\/05\\\/25\\\/null-punkte-sind-gar-nix\\\/#primaryimage\",\"url\":\"https:\\\/\\\/i0.wp.com\\\/blogs.nmz.de\\\/wm2014\\\/files\\\/2015\\\/05\\\/jwervi_c_Ventre_Photos.jpg?fit=1600%2C1067&ssl=1\",\"contentUrl\":\"https:\\\/\\\/i0.wp.com\\\/blogs.nmz.de\\\/wm2014\\\/files\\\/2015\\\/05\\\/jwervi_c_Ventre_Photos.jpg?fit=1600%2C1067&ssl=1\",\"width\":1600,\"height\":1067,\"caption\":\"Paavo J\u00e4rvi. Foto: \u00a9 Ventre Photos\"},{\"@type\":\"BreadcrumbList\",\"@id\":\"https:\\\/\\\/blogs.nmz.de\\\/wm2014\\\/2015\\\/05\\\/25\\\/null-punkte-sind-gar-nix\\\/#breadcrumb\",\"itemListElement\":[{\"@type\":\"ListItem\",\"position\":1,\"name\":\"Startseite\",\"item\":\"https:\\\/\\\/blogs.nmz.de\\\/wm2014\\\/\"},{\"@type\":\"ListItem\",\"position\":2,\"name\":\"Null Punkte sind gar nix\"}]},{\"@type\":\"WebSite\",\"@id\":\"https:\\\/\\\/blogs.nmz.de\\\/wm2014\\\/#website\",\"url\":\"https:\\\/\\\/blogs.nmz.de\\\/wm2014\\\/\",\"name\":\"Auf dem Sperrsitz\",\"description\":\"Im Kultur-Zoo der nmz\",\"potentialAction\":[{\"@type\":\"SearchAction\",\"target\":{\"@type\":\"EntryPoint\",\"urlTemplate\":\"https:\\\/\\\/blogs.nmz.de\\\/wm2014\\\/?s={search_term_string}\"},\"query-input\":{\"@type\":\"PropertyValueSpecification\",\"valueRequired\":true,\"valueName\":\"search_term_string\"}}],\"inLanguage\":\"de\"},{\"@type\":\"Person\",\"@id\":\"https:\\\/\\\/blogs.nmz.de\\\/wm2014\\\/#\\\/schema\\\/person\\\/488a80049cf0bbc4cce99951ae91c3b9\",\"name\":\"Martin Hufner\",\"image\":{\"@type\":\"ImageObject\",\"inLanguage\":\"de\",\"@id\":\"https:\\\/\\\/secure.gravatar.com\\\/avatar\\\/891bbce378eb0bdbf7f71559e53af16afd9e2f8a020e2f876adcfcd437cd011a?s=96&d=mm&r=g\",\"url\":\"https:\\\/\\\/secure.gravatar.com\\\/avatar\\\/891bbce378eb0bdbf7f71559e53af16afd9e2f8a020e2f876adcfcd437cd011a?s=96&d=mm&r=g\",\"contentUrl\":\"https:\\\/\\\/secure.gravatar.com\\\/avatar\\\/891bbce378eb0bdbf7f71559e53af16afd9e2f8a020e2f876adcfcd437cd011a?s=96&d=mm&r=g\",\"caption\":\"Martin Hufner\"},\"description\":\"seit 1997 chef\u00f6konom der kritischen masse und netzbabysitter der nmz.\",\"sameAs\":[\"https:\\\/\\\/www.musikkritik.org\",\"http:\\\/\\\/www.facebook.com\\\/hufner\",\"https:\\\/\\\/www.linkedin.com\\\/profile\\\/view?id=48050869&trk=spm_pic\",\"https:\\\/\\\/x.com\\\/huflaikhan\"],\"url\":\"https:\\\/\\\/blogs.nmz.de\\\/wm2014\\\/author\\\/admin\\\/\"}]}<\/script>\n<!-- \/ Yoast SEO plugin. -->","yoast_head_json":{"title":"Null Punkte sind gar nix - Auf dem Sperrsitz","robots":{"index":"index","follow":"follow","max-snippet":"max-snippet:-1","max-image-preview":"max-image-preview:large","max-video-preview":"max-video-preview:-1"},"canonical":"https:\/\/blogs.nmz.de\/wm2014\/2015\/05\/25\/null-punkte-sind-gar-nix\/","og_locale":"de_DE","og_type":"article","og_title":"Null Punkte sind gar nix - Auf dem Sperrsitz","og_description":"Der wichtigste Tag des j\u00e4hrlichen Musiklebens ist nun vorbei. Der Eurovision Songcontest wie er ja hei\u00dft. Zeitgleich mit dem Bundesfinale &#8222;Jugend musiziert&#8220; in Hamburg. Es gab Sieger, es gab Verlierer. Wen st\u00f6rt es. Die eigentliche \u00dcberraschung des Abends war, dass... Weiterlesen &rarr;","og_url":"https:\/\/blogs.nmz.de\/wm2014\/2015\/05\/25\/null-punkte-sind-gar-nix\/","og_site_name":"Auf dem Sperrsitz","article_publisher":"http:\/\/www.facebook.com\/musikzeitung","article_author":"http:\/\/www.facebook.com\/hufner","article_published_time":"2015-05-25T10:04:20+00:00","article_modified_time":"2015-05-25T12:06:10+00:00","og_image":[{"width":1600,"height":1067,"url":"https:\/\/i1.wp.com\/blogs.nmz.de\/wm2014\/files\/2015\/05\/jwervi_c_Ventre_Photos.jpg?fit=1600%2C1067&ssl=1","type":"image\/jpeg"}],"author":"Martin Hufner","twitter_card":"summary_large_image","twitter_creator":"@huflaikhan","twitter_site":"@musikzeitung","twitter_misc":{"Verfasst von":"Martin Hufner","Gesch\u00e4tzte Lesezeit":"2\u00a0Minuten"},"schema":{"@context":"https:\/\/schema.org","@graph":[{"@type":"Article","@id":"https:\/\/blogs.nmz.de\/wm2014\/2015\/05\/25\/null-punkte-sind-gar-nix\/#article","isPartOf":{"@id":"https:\/\/blogs.nmz.de\/wm2014\/2015\/05\/25\/null-punkte-sind-gar-nix\/"},"author":{"name":"Martin Hufner","@id":"https:\/\/blogs.nmz.de\/wm2014\/#\/schema\/person\/488a80049cf0bbc4cce99951ae91c3b9"},"headline":"Null Punkte sind gar nix","datePublished":"2015-05-25T10:04:20+00:00","dateModified":"2015-05-25T12:06:10+00:00","mainEntityOfPage":{"@id":"https:\/\/blogs.nmz.de\/wm2014\/2015\/05\/25\/null-punkte-sind-gar-nix\/"},"wordCount":326,"commentCount":0,"image":{"@id":"https:\/\/blogs.nmz.de\/wm2014\/2015\/05\/25\/null-punkte-sind-gar-nix\/#primaryimage"},"thumbnailUrl":"https:\/\/i0.wp.com\/blogs.nmz.de\/wm2014\/files\/2015\/05\/jwervi_c_Ventre_Photos.jpg?fit=1600%2C1067&ssl=1","keywords":["Ann Sophie","ESC","Eurovision Song Contest","Gustav Mahler","Martin Grubinger","Paavo J\u00e4rvi"],"articleSection":["\u00c4sthetik","Kultur","Medien","Musik"],"inLanguage":"de","potentialAction":[{"@type":"CommentAction","name":"Comment","target":["https:\/\/blogs.nmz.de\/wm2014\/2015\/05\/25\/null-punkte-sind-gar-nix\/#respond"]}]},{"@type":"WebPage","@id":"https:\/\/blogs.nmz.de\/wm2014\/2015\/05\/25\/null-punkte-sind-gar-nix\/","url":"https:\/\/blogs.nmz.de\/wm2014\/2015\/05\/25\/null-punkte-sind-gar-nix\/","name":"Null Punkte sind gar nix - Auf dem Sperrsitz","isPartOf":{"@id":"https:\/\/blogs.nmz.de\/wm2014\/#website"},"primaryImageOfPage":{"@id":"https:\/\/blogs.nmz.de\/wm2014\/2015\/05\/25\/null-punkte-sind-gar-nix\/#primaryimage"},"image":{"@id":"https:\/\/blogs.nmz.de\/wm2014\/2015\/05\/25\/null-punkte-sind-gar-nix\/#primaryimage"},"thumbnailUrl":"https:\/\/i0.wp.com\/blogs.nmz.de\/wm2014\/files\/2015\/05\/jwervi_c_Ventre_Photos.jpg?fit=1600%2C1067&ssl=1","datePublished":"2015-05-25T10:04:20+00:00","dateModified":"2015-05-25T12:06:10+00:00","author":{"@id":"https:\/\/blogs.nmz.de\/wm2014\/#\/schema\/person\/488a80049cf0bbc4cce99951ae91c3b9"},"breadcrumb":{"@id":"https:\/\/blogs.nmz.de\/wm2014\/2015\/05\/25\/null-punkte-sind-gar-nix\/#breadcrumb"},"inLanguage":"de","potentialAction":[{"@type":"ReadAction","target":["https:\/\/blogs.nmz.de\/wm2014\/2015\/05\/25\/null-punkte-sind-gar-nix\/"]}]},{"@type":"ImageObject","inLanguage":"de","@id":"https:\/\/blogs.nmz.de\/wm2014\/2015\/05\/25\/null-punkte-sind-gar-nix\/#primaryimage","url":"https:\/\/i0.wp.com\/blogs.nmz.de\/wm2014\/files\/2015\/05\/jwervi_c_Ventre_Photos.jpg?fit=1600%2C1067&ssl=1","contentUrl":"https:\/\/i0.wp.com\/blogs.nmz.de\/wm2014\/files\/2015\/05\/jwervi_c_Ventre_Photos.jpg?fit=1600%2C1067&ssl=1","width":1600,"height":1067,"caption":"Paavo J\u00e4rvi. Foto: \u00a9 Ventre Photos"},{"@type":"BreadcrumbList","@id":"https:\/\/blogs.nmz.de\/wm2014\/2015\/05\/25\/null-punkte-sind-gar-nix\/#breadcrumb","itemListElement":[{"@type":"ListItem","position":1,"name":"Startseite","item":"https:\/\/blogs.nmz.de\/wm2014\/"},{"@type":"ListItem","position":2,"name":"Null Punkte sind gar nix"}]},{"@type":"WebSite","@id":"https:\/\/blogs.nmz.de\/wm2014\/#website","url":"https:\/\/blogs.nmz.de\/wm2014\/","name":"Auf dem Sperrsitz","description":"Im Kultur-Zoo der nmz","potentialAction":[{"@type":"SearchAction","target":{"@type":"EntryPoint","urlTemplate":"https:\/\/blogs.nmz.de\/wm2014\/?s={search_term_string}"},"query-input":{"@type":"PropertyValueSpecification","valueRequired":true,"valueName":"search_term_string"}}],"inLanguage":"de"},{"@type":"Person","@id":"https:\/\/blogs.nmz.de\/wm2014\/#\/schema\/person\/488a80049cf0bbc4cce99951ae91c3b9","name":"Martin Hufner","image":{"@type":"ImageObject","inLanguage":"de","@id":"https:\/\/secure.gravatar.com\/avatar\/891bbce378eb0bdbf7f71559e53af16afd9e2f8a020e2f876adcfcd437cd011a?s=96&d=mm&r=g","url":"https:\/\/secure.gravatar.com\/avatar\/891bbce378eb0bdbf7f71559e53af16afd9e2f8a020e2f876adcfcd437cd011a?s=96&d=mm&r=g","contentUrl":"https:\/\/secure.gravatar.com\/avatar\/891bbce378eb0bdbf7f71559e53af16afd9e2f8a020e2f876adcfcd437cd011a?s=96&d=mm&r=g","caption":"Martin Hufner"},"description":"seit 1997 chef\u00f6konom der kritischen masse und netzbabysitter der nmz.","sameAs":["https:\/\/www.musikkritik.org","http:\/\/www.facebook.com\/hufner","https:\/\/www.linkedin.com\/profile\/view?id=48050869&trk=spm_pic","https:\/\/x.com\/huflaikhan"],"url":"https:\/\/blogs.nmz.de\/wm2014\/author\/admin\/"}]}},"wp-worthy-pixel":{"ignored":false,"public":null,"server":null,"url":null},"wp-worthy-type":"normal","jetpack_featured_media_url":"https:\/\/i0.wp.com\/blogs.nmz.de\/wm2014\/files\/2015\/05\/jwervi_c_Ventre_Photos.jpg?fit=1600%2C1067&ssl=1","jetpack_shortlink":"https:\/\/wp.me\/p4Gg77-od","jetpack-related-posts":[],"jetpack_sharing_enabled":true,"_links":{"self":[{"href":"https:\/\/blogs.nmz.de\/wm2014\/wp-json\/wp\/v2\/posts\/1501","targetHints":{"allow":["GET"]}}],"collection":[{"href":"https:\/\/blogs.nmz.de\/wm2014\/wp-json\/wp\/v2\/posts"}],"about":[{"href":"https:\/\/blogs.nmz.de\/wm2014\/wp-json\/wp\/v2\/types\/post"}],"author":[{"embeddable":true,"href":"https:\/\/blogs.nmz.de\/wm2014\/wp-json\/wp\/v2\/users\/1"}],"replies":[{"embeddable":true,"href":"https:\/\/blogs.nmz.de\/wm2014\/wp-json\/wp\/v2\/comments?post=1501"}],"version-history":[{"count":8,"href":"https:\/\/blogs.nmz.de\/wm2014\/wp-json\/wp\/v2\/posts\/1501\/revisions"}],"predecessor-version":[{"id":1510,"href":"https:\/\/blogs.nmz.de\/wm2014\/wp-json\/wp\/v2\/posts\/1501\/revisions\/1510"}],"wp:featuredmedia":[{"embeddable":true,"href":"https:\/\/blogs.nmz.de\/wm2014\/wp-json\/wp\/v2\/media\/1504"}],"wp:attachment":[{"href":"https:\/\/blogs.nmz.de\/wm2014\/wp-json\/wp\/v2\/media?parent=1501"}],"wp:term":[{"taxonomy":"category","embeddable":true,"href":"https:\/\/blogs.nmz.de\/wm2014\/wp-json\/wp\/v2\/categories?post=1501"},{"taxonomy":"post_tag","embeddable":true,"href":"https:\/\/blogs.nmz.de\/wm2014\/wp-json\/wp\/v2\/tags?post=1501"}],"curies":[{"name":"wp","href":"https:\/\/api.w.org\/{rel}","templated":true}]}}