{"id":1434,"date":"2015-05-11T16:20:44","date_gmt":"2015-05-11T14:20:44","guid":{"rendered":"http:\/\/blogs.nmz.de\/wm2014\/?p=1434"},"modified":"2015-05-11T16:40:37","modified_gmt":"2015-05-11T14:40:37","slug":"die-berliner-philharmoniker-waehlen-a-n","status":"publish","type":"post","link":"https:\/\/blogs.nmz.de\/wm2014\/2015\/05\/11\/die-berliner-philharmoniker-waehlen-a-n\/","title":{"rendered":"Die Berliner Philharmoniker w\u00e4hlen vorl\u00e4ufig A. N."},"content":{"rendered":"<p>Andreas von Notnagel.<\/p>\n<p><span class=\"embed-youtube\" style=\"text-align:center; display: block;\"><iframe loading=\"lazy\" class=\"youtube-player\" width=\"676\" height=\"381\" src=\"https:\/\/www.youtube.com\/embed\/4r8v8daJ4RA?version=3&#038;rel=1&#038;showsearch=0&#038;showinfo=1&#038;iv_load_policy=1&#038;fs=1&#038;hl=de-DE&#038;autohide=2&#038;wmode=transparent\" allowfullscreen=\"true\" style=\"border:0;\" sandbox=\"allow-scripts allow-same-origin allow-popups allow-presentation allow-popups-to-escape-sandbox\"><\/iframe><\/span><\/p>\n<p>Man sagte heute ja, in die engere Wahl bei der Wahl des kommenden Chefdirigenten der Berliner Philharmoniker k\u00e4men vor allem:<\/p>\n<ul>\n<li>Mariss Jansons (jetzt schon zu alt und BR)<\/li>\n<li>Daniel Barenboim (schon wieder zu alt und Staatskapelle Berlin)<\/li>\n<li>Gustavo Dudamel (zu viele Haare, so wenig \u00e4sthetisches Gewicht, zu jung)<\/li>\n<li>Christian Thielemann (zu wenig h\u00fcbsch, zu peinlich) und<\/li>\n<li>Andris Nelsons (passt schon)<\/li>\n<\/ul>\n<p>Bei <em>Jansons<\/em> und <em>Barenboim<\/em> wei\u00df man ja nicht einmal, ob sie 2018 \u00fcberhaupt noch erleben. Die fallen aus, sonst k\u00f6nnte man auch bestimmt Pierre Boulez vorfahren oder Nikolaus Harnoncourt oder Kurt Masur oder Zubin Mehta oder <del>Dieter<\/del> Michael Gielen oder der Gro\u00dfneffe vom Wilhelm, der Misha Mengelberg.<\/p>\n<p><span class=\"embed-youtube\" style=\"text-align:center; display: block;\"><iframe loading=\"lazy\" class=\"youtube-player\" width=\"676\" height=\"381\" src=\"https:\/\/www.youtube.com\/embed\/FEmPEn1eK6Y?version=3&#038;rel=1&#038;showsearch=0&#038;showinfo=1&#038;iv_load_policy=1&#038;fs=1&#038;hl=de-DE&#038;autohide=2&#038;wmode=transparent\" allowfullscreen=\"true\" style=\"border:0;\" sandbox=\"allow-scripts allow-same-origin allow-popups allow-presentation allow-popups-to-escape-sandbox\"><\/iframe><\/span><\/p>\n<p><em>Dudamel<\/em> steht nicht zur Disposition, der ist ja noch am Notenlesenlernen und K\u00e4mmen. Eigentlich vollkommen vollkommen und antizyklisch perfekt w\u00e4re <em>Christian Thielemann<\/em>: Der Karajan f\u00fcr die Gestrigen. Dann gibts wieder feierliche Konzerte, Jeans im Konzertsaal werden wieder verboten. Digital Concert Hall kann geschlossen werden.<\/p>\n<p><em>Peter E\u00f6tv\u00f6s<\/em> geht ja auch nicht mehr, der muss das SWR-Fusionsorchester mit leichter Muse k\u00fcssen.<\/p>\n<p>Bleibt <em>Andris Nelsons<\/em>. Weil: Darum. Und weil <em>Yannick D\u00edngs-S\u00edng<\/em> hat zu viele Accents im Namen. Mein pers\u00f6nlicher Favorit w\u00e4re ja wer ganz anderes: <a href=\"http:\/\/joanamallwitz.com\/\">Joana Mallwitz<\/a>.<\/p>\n<p><iframe loading=\"lazy\" src=\"https:\/\/player.vimeo.com\/video\/114136852\" width=\"676\" height=\"380\" frameborder=\"0\" title=\"JOANA MALLWITZ - Erfurts Generalmusikdirektorin\" webkitallowfullscreen mozallowfullscreen allowfullscreen><\/iframe><\/p>\n<p>Nelsons hin, Nelsons her.<\/p>\n<p><strong>Links:<\/strong><\/p>\n<ul>\n<li><a href=\"http:\/\/kleinanzeigen.ebay.de\/anzeigen\/s-anzeige\/baerliner-philhormoniker-suchen-den-besten-dirigenten-der-welt\/308645743-292-3520?utm_source=berlinonline.de&amp;utm_medium=cpc&amp;utm_campaign=coop_berlinonline\">Suchanzeige der B\u00e4rliner Philhormoniker<\/a><\/li>\n<li><a href=\"http:\/\/mehrlicht.twoday.net\/stories\/1022429869\/\">Mehr Licht von Keuk<\/a><\/li>\n<li>Ja.<\/li>\n<\/ul>\n<p><strong>PS:<\/strong> Man muss ja mal sagen, warum soll man nicht der Ergebnis einfach vorwegnehmen und den BP den Spa\u00df rauben, das gro\u00dfe Ding zu drehen. Boaah. Was eine Show! Und wer wei\u00df, nur wer wagt, der auch vorwegnimmt. Oder so in der Art. Das Netz ist manchmal einfach zu durchschaubar.<\/p>\n","protected":false},"excerpt":{"rendered":"<p>Andreas von Notnagel. Man sagte heute ja, in die engere Wahl bei der Wahl des kommenden Chefdirigenten der Berliner Philharmoniker k\u00e4men vor allem: Mariss Jansons (jetzt schon zu alt und BR) Daniel Barenboim (schon wieder zu alt und Staatskapelle Berlin)&#8230; <a class=\"more-link\" href=\"https:\/\/blogs.nmz.de\/wm2014\/2015\/05\/11\/die-berliner-philharmoniker-waehlen-a-n\/\">Weiterlesen &rarr;<\/a><\/p>\n","protected":false},"author":1,"featured_media":1435,"comment_status":"open","ping_status":"open","sticky":false,"template":"","format":"standard","meta":{"_jetpack_memberships_contains_paid_content":false,"footnotes":""},"categories":[385,37,836,533],"tags":[13000,476,13001,11682],"class_list":["post-1434","post","type-post","status-publish","format-standard","has-post-thumbnail","hentry","category-kultur","category-marketing","category-medien","category-musik","tag-andris-nelsons","tag-berliner-philharmoniker","tag-chefdirigent","tag-musikleben"],"yoast_head":"<!-- This site is optimized with the Yoast SEO plugin v27.4 - https:\/\/yoast.com\/product\/yoast-seo-wordpress\/ -->\n<title>Die Berliner Philharmoniker w\u00e4hlen vorl\u00e4ufig A. N. - Auf dem Sperrsitz<\/title>\n<meta name=\"robots\" content=\"index, follow, max-snippet:-1, max-image-preview:large, max-video-preview:-1\" \/>\n<link rel=\"canonical\" href=\"https:\/\/blogs.nmz.de\/wm2014\/2015\/05\/11\/die-berliner-philharmoniker-waehlen-a-n\/\" \/>\n<meta property=\"og:locale\" content=\"de_DE\" \/>\n<meta property=\"og:type\" content=\"article\" \/>\n<meta property=\"og:title\" content=\"Die Berliner Philharmoniker w\u00e4hlen vorl\u00e4ufig A. N. - Auf dem Sperrsitz\" \/>\n<meta property=\"og:description\" content=\"Andreas von Notnagel. Man sagte heute ja, in die engere Wahl bei der Wahl des kommenden Chefdirigenten der Berliner Philharmoniker k\u00e4men vor allem: Mariss Jansons (jetzt schon zu alt und BR) Daniel Barenboim (schon wieder zu alt und Staatskapelle Berlin)... Weiterlesen &rarr;\" \/>\n<meta property=\"og:url\" content=\"https:\/\/blogs.nmz.de\/wm2014\/2015\/05\/11\/die-berliner-philharmoniker-waehlen-a-n\/\" \/>\n<meta property=\"og:site_name\" content=\"Auf dem Sperrsitz\" \/>\n<meta property=\"article:publisher\" content=\"http:\/\/www.facebook.com\/musikzeitung\" \/>\n<meta property=\"article:author\" content=\"http:\/\/www.facebook.com\/hufner\" \/>\n<meta property=\"article:published_time\" content=\"2015-05-11T14:20:44+00:00\" \/>\n<meta property=\"article:modified_time\" content=\"2015-05-11T14:40:37+00:00\" \/>\n<meta property=\"og:image\" content=\"https:\/\/i2.wp.com\/blogs.nmz.de\/wm2014\/files\/2015\/05\/philharmonie-bewirtung.jpg?fit=1744%2C1308&ssl=1\" \/>\n\t<meta property=\"og:image:width\" content=\"1744\" \/>\n\t<meta property=\"og:image:height\" content=\"1308\" \/>\n\t<meta property=\"og:image:type\" content=\"image\/jpeg\" \/>\n<meta name=\"author\" content=\"Martin Hufner\" \/>\n<meta name=\"twitter:card\" content=\"summary_large_image\" \/>\n<meta name=\"twitter:creator\" content=\"@huflaikhan\" \/>\n<meta name=\"twitter:site\" content=\"@musikzeitung\" \/>\n<meta name=\"twitter:label1\" content=\"Verfasst von\" \/>\n\t<meta name=\"twitter:data1\" content=\"Martin Hufner\" \/>\n\t<meta name=\"twitter:label2\" content=\"Gesch\u00e4tzte Lesezeit\" \/>\n\t<meta name=\"twitter:data2\" content=\"1\u00a0Minute\" \/>\n<script type=\"application\/ld+json\" class=\"yoast-schema-graph\">{\"@context\":\"https:\\\/\\\/schema.org\",\"@graph\":[{\"@type\":\"Article\",\"@id\":\"https:\\\/\\\/blogs.nmz.de\\\/wm2014\\\/2015\\\/05\\\/11\\\/die-berliner-philharmoniker-waehlen-a-n\\\/#article\",\"isPartOf\":{\"@id\":\"https:\\\/\\\/blogs.nmz.de\\\/wm2014\\\/2015\\\/05\\\/11\\\/die-berliner-philharmoniker-waehlen-a-n\\\/\"},\"author\":{\"name\":\"Martin Hufner\",\"@id\":\"https:\\\/\\\/blogs.nmz.de\\\/wm2014\\\/#\\\/schema\\\/person\\\/488a80049cf0bbc4cce99951ae91c3b9\"},\"headline\":\"Die Berliner Philharmoniker w\u00e4hlen vorl\u00e4ufig A. N.\",\"datePublished\":\"2015-05-11T14:20:44+00:00\",\"dateModified\":\"2015-05-11T14:40:37+00:00\",\"mainEntityOfPage\":{\"@id\":\"https:\\\/\\\/blogs.nmz.de\\\/wm2014\\\/2015\\\/05\\\/11\\\/die-berliner-philharmoniker-waehlen-a-n\\\/\"},\"wordCount\":298,\"commentCount\":2,\"image\":{\"@id\":\"https:\\\/\\\/blogs.nmz.de\\\/wm2014\\\/2015\\\/05\\\/11\\\/die-berliner-philharmoniker-waehlen-a-n\\\/#primaryimage\"},\"thumbnailUrl\":\"https:\\\/\\\/i0.wp.com\\\/blogs.nmz.de\\\/wm2014\\\/files\\\/2015\\\/05\\\/philharmonie-bewirtung.jpg?fit=1744%2C1308&ssl=1\",\"keywords\":[\"Andris Nelsons\",\"Berliner Philharmoniker\",\"Chefdirigent\",\"Musikleben\"],\"articleSection\":[\"Kultur\",\"Marketing\",\"Medien\",\"Musik\"],\"inLanguage\":\"de\",\"potentialAction\":[{\"@type\":\"CommentAction\",\"name\":\"Comment\",\"target\":[\"https:\\\/\\\/blogs.nmz.de\\\/wm2014\\\/2015\\\/05\\\/11\\\/die-berliner-philharmoniker-waehlen-a-n\\\/#respond\"]}]},{\"@type\":\"WebPage\",\"@id\":\"https:\\\/\\\/blogs.nmz.de\\\/wm2014\\\/2015\\\/05\\\/11\\\/die-berliner-philharmoniker-waehlen-a-n\\\/\",\"url\":\"https:\\\/\\\/blogs.nmz.de\\\/wm2014\\\/2015\\\/05\\\/11\\\/die-berliner-philharmoniker-waehlen-a-n\\\/\",\"name\":\"Die Berliner Philharmoniker w\u00e4hlen vorl\u00e4ufig A. N. - Auf dem Sperrsitz\",\"isPartOf\":{\"@id\":\"https:\\\/\\\/blogs.nmz.de\\\/wm2014\\\/#website\"},\"primaryImageOfPage\":{\"@id\":\"https:\\\/\\\/blogs.nmz.de\\\/wm2014\\\/2015\\\/05\\\/11\\\/die-berliner-philharmoniker-waehlen-a-n\\\/#primaryimage\"},\"image\":{\"@id\":\"https:\\\/\\\/blogs.nmz.de\\\/wm2014\\\/2015\\\/05\\\/11\\\/die-berliner-philharmoniker-waehlen-a-n\\\/#primaryimage\"},\"thumbnailUrl\":\"https:\\\/\\\/i0.wp.com\\\/blogs.nmz.de\\\/wm2014\\\/files\\\/2015\\\/05\\\/philharmonie-bewirtung.jpg?fit=1744%2C1308&ssl=1\",\"datePublished\":\"2015-05-11T14:20:44+00:00\",\"dateModified\":\"2015-05-11T14:40:37+00:00\",\"author\":{\"@id\":\"https:\\\/\\\/blogs.nmz.de\\\/wm2014\\\/#\\\/schema\\\/person\\\/488a80049cf0bbc4cce99951ae91c3b9\"},\"breadcrumb\":{\"@id\":\"https:\\\/\\\/blogs.nmz.de\\\/wm2014\\\/2015\\\/05\\\/11\\\/die-berliner-philharmoniker-waehlen-a-n\\\/#breadcrumb\"},\"inLanguage\":\"de\",\"potentialAction\":[{\"@type\":\"ReadAction\",\"target\":[\"https:\\\/\\\/blogs.nmz.de\\\/wm2014\\\/2015\\\/05\\\/11\\\/die-berliner-philharmoniker-waehlen-a-n\\\/\"]}]},{\"@type\":\"ImageObject\",\"inLanguage\":\"de\",\"@id\":\"https:\\\/\\\/blogs.nmz.de\\\/wm2014\\\/2015\\\/05\\\/11\\\/die-berliner-philharmoniker-waehlen-a-n\\\/#primaryimage\",\"url\":\"https:\\\/\\\/i0.wp.com\\\/blogs.nmz.de\\\/wm2014\\\/files\\\/2015\\\/05\\\/philharmonie-bewirtung.jpg?fit=1744%2C1308&ssl=1\",\"contentUrl\":\"https:\\\/\\\/i0.wp.com\\\/blogs.nmz.de\\\/wm2014\\\/files\\\/2015\\\/05\\\/philharmonie-bewirtung.jpg?fit=1744%2C1308&ssl=1\",\"width\":1744,\"height\":1308,\"caption\":\"Neue Bewirtung bei den Berliner Philharmonikern. Foto: Hufner\"},{\"@type\":\"BreadcrumbList\",\"@id\":\"https:\\\/\\\/blogs.nmz.de\\\/wm2014\\\/2015\\\/05\\\/11\\\/die-berliner-philharmoniker-waehlen-a-n\\\/#breadcrumb\",\"itemListElement\":[{\"@type\":\"ListItem\",\"position\":1,\"name\":\"Startseite\",\"item\":\"https:\\\/\\\/blogs.nmz.de\\\/wm2014\\\/\"},{\"@type\":\"ListItem\",\"position\":2,\"name\":\"Die Berliner Philharmoniker w&#228;hlen vorl&#228;ufig A. N.\"}]},{\"@type\":\"WebSite\",\"@id\":\"https:\\\/\\\/blogs.nmz.de\\\/wm2014\\\/#website\",\"url\":\"https:\\\/\\\/blogs.nmz.de\\\/wm2014\\\/\",\"name\":\"Auf dem Sperrsitz\",\"description\":\"Im Kultur-Zoo der nmz\",\"potentialAction\":[{\"@type\":\"SearchAction\",\"target\":{\"@type\":\"EntryPoint\",\"urlTemplate\":\"https:\\\/\\\/blogs.nmz.de\\\/wm2014\\\/?s={search_term_string}\"},\"query-input\":{\"@type\":\"PropertyValueSpecification\",\"valueRequired\":true,\"valueName\":\"search_term_string\"}}],\"inLanguage\":\"de\"},{\"@type\":\"Person\",\"@id\":\"https:\\\/\\\/blogs.nmz.de\\\/wm2014\\\/#\\\/schema\\\/person\\\/488a80049cf0bbc4cce99951ae91c3b9\",\"name\":\"Martin Hufner\",\"image\":{\"@type\":\"ImageObject\",\"inLanguage\":\"de\",\"@id\":\"https:\\\/\\\/secure.gravatar.com\\\/avatar\\\/891bbce378eb0bdbf7f71559e53af16afd9e2f8a020e2f876adcfcd437cd011a?s=96&d=mm&r=g\",\"url\":\"https:\\\/\\\/secure.gravatar.com\\\/avatar\\\/891bbce378eb0bdbf7f71559e53af16afd9e2f8a020e2f876adcfcd437cd011a?s=96&d=mm&r=g\",\"contentUrl\":\"https:\\\/\\\/secure.gravatar.com\\\/avatar\\\/891bbce378eb0bdbf7f71559e53af16afd9e2f8a020e2f876adcfcd437cd011a?s=96&d=mm&r=g\",\"caption\":\"Martin Hufner\"},\"description\":\"seit 1997 chef\u00f6konom der kritischen masse und netzbabysitter der nmz.\",\"sameAs\":[\"https:\\\/\\\/www.musikkritik.org\",\"http:\\\/\\\/www.facebook.com\\\/hufner\",\"https:\\\/\\\/www.linkedin.com\\\/profile\\\/view?id=48050869&trk=spm_pic\",\"https:\\\/\\\/x.com\\\/huflaikhan\"],\"url\":\"https:\\\/\\\/blogs.nmz.de\\\/wm2014\\\/author\\\/admin\\\/\"}]}<\/script>\n<!-- \/ Yoast SEO plugin. -->","yoast_head_json":{"title":"Die Berliner Philharmoniker w\u00e4hlen vorl\u00e4ufig A. N. - Auf dem Sperrsitz","robots":{"index":"index","follow":"follow","max-snippet":"max-snippet:-1","max-image-preview":"max-image-preview:large","max-video-preview":"max-video-preview:-1"},"canonical":"https:\/\/blogs.nmz.de\/wm2014\/2015\/05\/11\/die-berliner-philharmoniker-waehlen-a-n\/","og_locale":"de_DE","og_type":"article","og_title":"Die Berliner Philharmoniker w\u00e4hlen vorl\u00e4ufig A. N. - Auf dem Sperrsitz","og_description":"Andreas von Notnagel. Man sagte heute ja, in die engere Wahl bei der Wahl des kommenden Chefdirigenten der Berliner Philharmoniker k\u00e4men vor allem: Mariss Jansons (jetzt schon zu alt und BR) Daniel Barenboim (schon wieder zu alt und Staatskapelle Berlin)... Weiterlesen &rarr;","og_url":"https:\/\/blogs.nmz.de\/wm2014\/2015\/05\/11\/die-berliner-philharmoniker-waehlen-a-n\/","og_site_name":"Auf dem Sperrsitz","article_publisher":"http:\/\/www.facebook.com\/musikzeitung","article_author":"http:\/\/www.facebook.com\/hufner","article_published_time":"2015-05-11T14:20:44+00:00","article_modified_time":"2015-05-11T14:40:37+00:00","og_image":[{"width":1744,"height":1308,"url":"https:\/\/i2.wp.com\/blogs.nmz.de\/wm2014\/files\/2015\/05\/philharmonie-bewirtung.jpg?fit=1744%2C1308&ssl=1","type":"image\/jpeg"}],"author":"Martin Hufner","twitter_card":"summary_large_image","twitter_creator":"@huflaikhan","twitter_site":"@musikzeitung","twitter_misc":{"Verfasst von":"Martin Hufner","Gesch\u00e4tzte Lesezeit":"1\u00a0Minute"},"schema":{"@context":"https:\/\/schema.org","@graph":[{"@type":"Article","@id":"https:\/\/blogs.nmz.de\/wm2014\/2015\/05\/11\/die-berliner-philharmoniker-waehlen-a-n\/#article","isPartOf":{"@id":"https:\/\/blogs.nmz.de\/wm2014\/2015\/05\/11\/die-berliner-philharmoniker-waehlen-a-n\/"},"author":{"name":"Martin Hufner","@id":"https:\/\/blogs.nmz.de\/wm2014\/#\/schema\/person\/488a80049cf0bbc4cce99951ae91c3b9"},"headline":"Die Berliner Philharmoniker w\u00e4hlen vorl\u00e4ufig A. N.","datePublished":"2015-05-11T14:20:44+00:00","dateModified":"2015-05-11T14:40:37+00:00","mainEntityOfPage":{"@id":"https:\/\/blogs.nmz.de\/wm2014\/2015\/05\/11\/die-berliner-philharmoniker-waehlen-a-n\/"},"wordCount":298,"commentCount":2,"image":{"@id":"https:\/\/blogs.nmz.de\/wm2014\/2015\/05\/11\/die-berliner-philharmoniker-waehlen-a-n\/#primaryimage"},"thumbnailUrl":"https:\/\/i0.wp.com\/blogs.nmz.de\/wm2014\/files\/2015\/05\/philharmonie-bewirtung.jpg?fit=1744%2C1308&ssl=1","keywords":["Andris Nelsons","Berliner Philharmoniker","Chefdirigent","Musikleben"],"articleSection":["Kultur","Marketing","Medien","Musik"],"inLanguage":"de","potentialAction":[{"@type":"CommentAction","name":"Comment","target":["https:\/\/blogs.nmz.de\/wm2014\/2015\/05\/11\/die-berliner-philharmoniker-waehlen-a-n\/#respond"]}]},{"@type":"WebPage","@id":"https:\/\/blogs.nmz.de\/wm2014\/2015\/05\/11\/die-berliner-philharmoniker-waehlen-a-n\/","url":"https:\/\/blogs.nmz.de\/wm2014\/2015\/05\/11\/die-berliner-philharmoniker-waehlen-a-n\/","name":"Die Berliner Philharmoniker w\u00e4hlen vorl\u00e4ufig A. N. - Auf dem Sperrsitz","isPartOf":{"@id":"https:\/\/blogs.nmz.de\/wm2014\/#website"},"primaryImageOfPage":{"@id":"https:\/\/blogs.nmz.de\/wm2014\/2015\/05\/11\/die-berliner-philharmoniker-waehlen-a-n\/#primaryimage"},"image":{"@id":"https:\/\/blogs.nmz.de\/wm2014\/2015\/05\/11\/die-berliner-philharmoniker-waehlen-a-n\/#primaryimage"},"thumbnailUrl":"https:\/\/i0.wp.com\/blogs.nmz.de\/wm2014\/files\/2015\/05\/philharmonie-bewirtung.jpg?fit=1744%2C1308&ssl=1","datePublished":"2015-05-11T14:20:44+00:00","dateModified":"2015-05-11T14:40:37+00:00","author":{"@id":"https:\/\/blogs.nmz.de\/wm2014\/#\/schema\/person\/488a80049cf0bbc4cce99951ae91c3b9"},"breadcrumb":{"@id":"https:\/\/blogs.nmz.de\/wm2014\/2015\/05\/11\/die-berliner-philharmoniker-waehlen-a-n\/#breadcrumb"},"inLanguage":"de","potentialAction":[{"@type":"ReadAction","target":["https:\/\/blogs.nmz.de\/wm2014\/2015\/05\/11\/die-berliner-philharmoniker-waehlen-a-n\/"]}]},{"@type":"ImageObject","inLanguage":"de","@id":"https:\/\/blogs.nmz.de\/wm2014\/2015\/05\/11\/die-berliner-philharmoniker-waehlen-a-n\/#primaryimage","url":"https:\/\/i0.wp.com\/blogs.nmz.de\/wm2014\/files\/2015\/05\/philharmonie-bewirtung.jpg?fit=1744%2C1308&ssl=1","contentUrl":"https:\/\/i0.wp.com\/blogs.nmz.de\/wm2014\/files\/2015\/05\/philharmonie-bewirtung.jpg?fit=1744%2C1308&ssl=1","width":1744,"height":1308,"caption":"Neue Bewirtung bei den Berliner Philharmonikern. Foto: Hufner"},{"@type":"BreadcrumbList","@id":"https:\/\/blogs.nmz.de\/wm2014\/2015\/05\/11\/die-berliner-philharmoniker-waehlen-a-n\/#breadcrumb","itemListElement":[{"@type":"ListItem","position":1,"name":"Startseite","item":"https:\/\/blogs.nmz.de\/wm2014\/"},{"@type":"ListItem","position":2,"name":"Die Berliner Philharmoniker w&#228;hlen vorl&#228;ufig A. N."}]},{"@type":"WebSite","@id":"https:\/\/blogs.nmz.de\/wm2014\/#website","url":"https:\/\/blogs.nmz.de\/wm2014\/","name":"Auf dem Sperrsitz","description":"Im Kultur-Zoo der nmz","potentialAction":[{"@type":"SearchAction","target":{"@type":"EntryPoint","urlTemplate":"https:\/\/blogs.nmz.de\/wm2014\/?s={search_term_string}"},"query-input":{"@type":"PropertyValueSpecification","valueRequired":true,"valueName":"search_term_string"}}],"inLanguage":"de"},{"@type":"Person","@id":"https:\/\/blogs.nmz.de\/wm2014\/#\/schema\/person\/488a80049cf0bbc4cce99951ae91c3b9","name":"Martin Hufner","image":{"@type":"ImageObject","inLanguage":"de","@id":"https:\/\/secure.gravatar.com\/avatar\/891bbce378eb0bdbf7f71559e53af16afd9e2f8a020e2f876adcfcd437cd011a?s=96&d=mm&r=g","url":"https:\/\/secure.gravatar.com\/avatar\/891bbce378eb0bdbf7f71559e53af16afd9e2f8a020e2f876adcfcd437cd011a?s=96&d=mm&r=g","contentUrl":"https:\/\/secure.gravatar.com\/avatar\/891bbce378eb0bdbf7f71559e53af16afd9e2f8a020e2f876adcfcd437cd011a?s=96&d=mm&r=g","caption":"Martin Hufner"},"description":"seit 1997 chef\u00f6konom der kritischen masse und netzbabysitter der nmz.","sameAs":["https:\/\/www.musikkritik.org","http:\/\/www.facebook.com\/hufner","https:\/\/www.linkedin.com\/profile\/view?id=48050869&trk=spm_pic","https:\/\/x.com\/huflaikhan"],"url":"https:\/\/blogs.nmz.de\/wm2014\/author\/admin\/"}]}},"wp-worthy-pixel":{"ignored":false,"public":null,"server":null,"url":null},"wp-worthy-type":"normal","jetpack_featured_media_url":"https:\/\/i0.wp.com\/blogs.nmz.de\/wm2014\/files\/2015\/05\/philharmonie-bewirtung.jpg?fit=1744%2C1308&ssl=1","jetpack_shortlink":"https:\/\/wp.me\/p4Gg77-n8","jetpack-related-posts":[],"jetpack_sharing_enabled":true,"_links":{"self":[{"href":"https:\/\/blogs.nmz.de\/wm2014\/wp-json\/wp\/v2\/posts\/1434","targetHints":{"allow":["GET"]}}],"collection":[{"href":"https:\/\/blogs.nmz.de\/wm2014\/wp-json\/wp\/v2\/posts"}],"about":[{"href":"https:\/\/blogs.nmz.de\/wm2014\/wp-json\/wp\/v2\/types\/post"}],"author":[{"embeddable":true,"href":"https:\/\/blogs.nmz.de\/wm2014\/wp-json\/wp\/v2\/users\/1"}],"replies":[{"embeddable":true,"href":"https:\/\/blogs.nmz.de\/wm2014\/wp-json\/wp\/v2\/comments?post=1434"}],"version-history":[{"count":5,"href":"https:\/\/blogs.nmz.de\/wm2014\/wp-json\/wp\/v2\/posts\/1434\/revisions"}],"predecessor-version":[{"id":1440,"href":"https:\/\/blogs.nmz.de\/wm2014\/wp-json\/wp\/v2\/posts\/1434\/revisions\/1440"}],"wp:featuredmedia":[{"embeddable":true,"href":"https:\/\/blogs.nmz.de\/wm2014\/wp-json\/wp\/v2\/media\/1435"}],"wp:attachment":[{"href":"https:\/\/blogs.nmz.de\/wm2014\/wp-json\/wp\/v2\/media?parent=1434"}],"wp:term":[{"taxonomy":"category","embeddable":true,"href":"https:\/\/blogs.nmz.de\/wm2014\/wp-json\/wp\/v2\/categories?post=1434"},{"taxonomy":"post_tag","embeddable":true,"href":"https:\/\/blogs.nmz.de\/wm2014\/wp-json\/wp\/v2\/tags?post=1434"}],"curies":[{"name":"wp","href":"https:\/\/api.w.org\/{rel}","templated":true}]}}