{"id":1323,"date":"2015-02-27T13:48:38","date_gmt":"2015-02-27T12:48:38","guid":{"rendered":"http:\/\/blogs.nmz.de\/wm2014\/?p=1323"},"modified":"2015-02-27T13:48:38","modified_gmt":"2015-02-27T12:48:38","slug":"public-viewing-fotografisch-historisch-sprachlich","status":"publish","type":"post","link":"https:\/\/blogs.nmz.de\/wm2014\/2015\/02\/27\/public-viewing-fotografisch-historisch-sprachlich\/","title":{"rendered":"Public Viewing \u2013 fotografisch, historisch, sprachlich"},"content":{"rendered":"<p>Der Musikpublizist Reinhard Schulz schrieb mir einmal auf einen Notizzettel:<\/p>\n<blockquote><p>\u201eBeim Surfen durch das Internet<br \/>\nbleibt man dick und fett.\u201c<\/p><\/blockquote>\n<p>Das will ich weder bestreiten noch best\u00e4tigen. Momentan hat er damit eher Recht behalten. Ab und zu tut sich aber doch eine T\u00fcr auf. Wie bei Jason Weinberger, der in <a href=\"http:\/\/blog.jasonweinberger.com\/\">seinem Tumblr-Blog<\/a> ganz h\u00fcbsche Dinge sammelt. Zum Beispiel die <a href=\"http:\/\/symetrie.gillesalonso.com\/\">Fotografien von Gilles Alonso<\/a>.<\/p>\n<div id=\"attachment_1327\" style=\"width: 686px\" class=\"wp-caption aligncenter\"><a href=\"http:\/\/symetrie.gillesalonso.com\/\"><img data-recalc-dims=\"1\" loading=\"lazy\" decoding=\"async\" aria-describedby=\"caption-attachment-1327\" data-attachment-id=\"1327\" data-permalink=\"https:\/\/blogs.nmz.de\/wm2014\/2015\/02\/27\/public-viewing-fotografisch-historisch-sprachlich\/alonso_symetrie\/\" data-orig-file=\"https:\/\/i0.wp.com\/blogs.nmz.de\/wm2014\/files\/2015\/02\/alonso_symetrie.jpg?fit=1658%2C877&amp;ssl=1\" data-orig-size=\"1658,877\" data-comments-opened=\"1\" data-image-meta=\"{&quot;aperture&quot;:&quot;0&quot;,&quot;credit&quot;:&quot;&quot;,&quot;camera&quot;:&quot;&quot;,&quot;caption&quot;:&quot;&quot;,&quot;created_timestamp&quot;:&quot;0&quot;,&quot;copyright&quot;:&quot;&quot;,&quot;focal_length&quot;:&quot;0&quot;,&quot;iso&quot;:&quot;0&quot;,&quot;shutter_speed&quot;:&quot;0&quot;,&quot;title&quot;:&quot;&quot;,&quot;orientation&quot;:&quot;1&quot;}\" data-image-title=\"Screeshot &amp;#8211; website Gilles Alonso\" data-image-description=\"&lt;p&gt;Screeshot &amp;#8211; website Gilles Alonso&lt;\/p&gt;\n\" data-image-caption=\"&lt;p&gt;Screeshot &amp;#8211; website Gilles Alonso&lt;\/p&gt;\n\" data-large-file=\"https:\/\/i0.wp.com\/blogs.nmz.de\/wm2014\/files\/2015\/02\/alonso_symetrie.jpg?fit=676%2C358&amp;ssl=1\" class=\"wp-image-1327 size-large\" src=\"https:\/\/i0.wp.com\/blogs.nmz.de\/wm2014\/files\/2015\/02\/alonso_symetrie.jpg?resize=676%2C358&#038;ssl=1\" alt=\"Screeshot - website Gilles Alonso\" width=\"676\" height=\"358\" srcset=\"https:\/\/i0.wp.com\/blogs.nmz.de\/wm2014\/files\/2015\/02\/alonso_symetrie.jpg?resize=1024%2C542&amp;ssl=1 1024w, https:\/\/i0.wp.com\/blogs.nmz.de\/wm2014\/files\/2015\/02\/alonso_symetrie.jpg?resize=300%2C159&amp;ssl=1 300w, https:\/\/i0.wp.com\/blogs.nmz.de\/wm2014\/files\/2015\/02\/alonso_symetrie.jpg?resize=945%2C500&amp;ssl=1 945w, https:\/\/i0.wp.com\/blogs.nmz.de\/wm2014\/files\/2015\/02\/alonso_symetrie.jpg?resize=600%2C317&amp;ssl=1 600w, https:\/\/i0.wp.com\/blogs.nmz.de\/wm2014\/files\/2015\/02\/alonso_symetrie.jpg?w=1658&amp;ssl=1 1658w, https:\/\/i0.wp.com\/blogs.nmz.de\/wm2014\/files\/2015\/02\/alonso_symetrie.jpg?w=1352&amp;ssl=1 1352w\" sizes=\"auto, (max-width: 676px) 100vw, 676px\" \/><\/a><p id=\"caption-attachment-1327\" class=\"wp-caption-text\">Screeshot &#8211; website Gilles Alonso<\/p><\/div>\n<p>Symetrie du Spectacle versammelt Fotos in den Publikumsraum hinein, von der B\u00fchne aus gesehen. Im Zusammenhang mit der Konzertsaal-Diskussion in M\u00fcnchen wirken diese sehr vielf\u00e4ltigen Innen-Architekturen gro\u00dfartig \u2013 alles andere als Starbuck-S\u00e4le.<\/p>\n<p>Auch wenn auf den Fotos keine Menschen zu sehen sind, darf man die Institution selbst als lang erprobte Form des Public Viewing werten. Allerdings mit Vorsicht zu genie\u00dfen, denn die <a href=\"http:\/\/de.wikipedia.org\/wiki\/Public_Viewing#Herkunft_und_Bedeutung_des_Wortes\">deutsche Wikipedia<\/a> wei\u00df zur Herkunft des Wortes folgendes: Angeblich bezeichne dort der \u201eAusdruck die \u00f6ffentliche Aufbahrung eines Toten\u201c. Stimmt ja auch irgendwie. Und trotzdem ganz bestimmt nicht.<\/p>\n","protected":false},"excerpt":{"rendered":"<p>Der Musikpublizist Reinhard Schulz schrieb mir einmal auf einen Notizzettel: \u201eBeim Surfen durch das Internet bleibt man dick und fett.\u201c Das will ich weder bestreiten noch best\u00e4tigen. Momentan hat er damit eher Recht behalten. Ab und zu tut sich aber&#8230; <a class=\"more-link\" href=\"https:\/\/blogs.nmz.de\/wm2014\/2015\/02\/27\/public-viewing-fotografisch-historisch-sprachlich\/\">Weiterlesen &rarr;<\/a><\/p>\n","protected":false},"author":1,"featured_media":1324,"comment_status":"open","ping_status":"open","sticky":false,"template":"","format":"standard","meta":{"_jetpack_memberships_contains_paid_content":false,"footnotes":""},"categories":[29,769,385],"tags":[902,12957,87],"class_list":["post-1323","post","type-post","status-publish","format-standard","has-post-thumbnail","hentry","category-aesthetik","category-internet","category-kultur","tag-konzertsaal","tag-oeffentlichkeit","tag-theater"],"yoast_head":"<!-- This site is optimized with the Yoast SEO plugin v27.4 - https:\/\/yoast.com\/product\/yoast-seo-wordpress\/ -->\n<title>Public Viewing \u2013 fotografisch, historisch, sprachlich - Auf dem Sperrsitz<\/title>\n<meta name=\"robots\" content=\"index, follow, max-snippet:-1, max-image-preview:large, max-video-preview:-1\" \/>\n<link rel=\"canonical\" href=\"https:\/\/blogs.nmz.de\/wm2014\/2015\/02\/27\/public-viewing-fotografisch-historisch-sprachlich\/\" \/>\n<meta property=\"og:locale\" content=\"de_DE\" \/>\n<meta property=\"og:type\" content=\"article\" \/>\n<meta property=\"og:title\" content=\"Public Viewing \u2013 fotografisch, historisch, sprachlich - Auf dem Sperrsitz\" \/>\n<meta property=\"og:description\" content=\"Der Musikpublizist Reinhard Schulz schrieb mir einmal auf einen Notizzettel: \u201eBeim Surfen durch das Internet bleibt man dick und fett.\u201c Das will ich weder bestreiten noch best\u00e4tigen. Momentan hat er damit eher Recht behalten. Ab und zu tut sich aber... Weiterlesen &rarr;\" \/>\n<meta property=\"og:url\" content=\"https:\/\/blogs.nmz.de\/wm2014\/2015\/02\/27\/public-viewing-fotografisch-historisch-sprachlich\/\" \/>\n<meta property=\"og:site_name\" content=\"Auf dem Sperrsitz\" \/>\n<meta property=\"article:publisher\" content=\"http:\/\/www.facebook.com\/musikzeitung\" \/>\n<meta property=\"article:author\" content=\"http:\/\/www.facebook.com\/hufner\" \/>\n<meta property=\"article:published_time\" content=\"2015-02-27T12:48:38+00:00\" \/>\n<meta property=\"og:image\" content=\"https:\/\/i2.wp.com\/blogs.nmz.de\/wm2014\/files\/2015\/02\/public_viewing_c_hufner.jpg?fit=1600%2C1068&ssl=1\" \/>\n\t<meta property=\"og:image:width\" content=\"1600\" \/>\n\t<meta property=\"og:image:height\" content=\"1068\" \/>\n\t<meta property=\"og:image:type\" content=\"image\/jpeg\" \/>\n<meta name=\"author\" content=\"Martin Hufner\" \/>\n<meta name=\"twitter:card\" content=\"summary_large_image\" \/>\n<meta name=\"twitter:creator\" content=\"@huflaikhan\" \/>\n<meta name=\"twitter:site\" content=\"@musikzeitung\" \/>\n<meta name=\"twitter:label1\" content=\"Verfasst von\" \/>\n\t<meta name=\"twitter:data1\" content=\"Martin Hufner\" \/>\n\t<meta name=\"twitter:label2\" content=\"Gesch\u00e4tzte Lesezeit\" \/>\n\t<meta name=\"twitter:data2\" content=\"1\u00a0Minute\" \/>\n<script type=\"application\/ld+json\" class=\"yoast-schema-graph\">{\"@context\":\"https:\\\/\\\/schema.org\",\"@graph\":[{\"@type\":\"Article\",\"@id\":\"https:\\\/\\\/blogs.nmz.de\\\/wm2014\\\/2015\\\/02\\\/27\\\/public-viewing-fotografisch-historisch-sprachlich\\\/#article\",\"isPartOf\":{\"@id\":\"https:\\\/\\\/blogs.nmz.de\\\/wm2014\\\/2015\\\/02\\\/27\\\/public-viewing-fotografisch-historisch-sprachlich\\\/\"},\"author\":{\"name\":\"Martin Hufner\",\"@id\":\"https:\\\/\\\/blogs.nmz.de\\\/wm2014\\\/#\\\/schema\\\/person\\\/488a80049cf0bbc4cce99951ae91c3b9\"},\"headline\":\"Public Viewing \u2013 fotografisch, historisch, sprachlich\",\"datePublished\":\"2015-02-27T12:48:38+00:00\",\"mainEntityOfPage\":{\"@id\":\"https:\\\/\\\/blogs.nmz.de\\\/wm2014\\\/2015\\\/02\\\/27\\\/public-viewing-fotografisch-historisch-sprachlich\\\/\"},\"wordCount\":177,\"commentCount\":0,\"image\":{\"@id\":\"https:\\\/\\\/blogs.nmz.de\\\/wm2014\\\/2015\\\/02\\\/27\\\/public-viewing-fotografisch-historisch-sprachlich\\\/#primaryimage\"},\"thumbnailUrl\":\"https:\\\/\\\/i0.wp.com\\\/blogs.nmz.de\\\/wm2014\\\/files\\\/2015\\\/02\\\/public_viewing_c_hufner.jpg?fit=1600%2C1068&ssl=1\",\"keywords\":[\"Konzertsaal\",\"\u00d6ffentlichkeit\",\"Theater\"],\"articleSection\":[\"\u00c4sthetik\",\"Internet\",\"Kultur\"],\"inLanguage\":\"de\",\"potentialAction\":[{\"@type\":\"CommentAction\",\"name\":\"Comment\",\"target\":[\"https:\\\/\\\/blogs.nmz.de\\\/wm2014\\\/2015\\\/02\\\/27\\\/public-viewing-fotografisch-historisch-sprachlich\\\/#respond\"]}]},{\"@type\":\"WebPage\",\"@id\":\"https:\\\/\\\/blogs.nmz.de\\\/wm2014\\\/2015\\\/02\\\/27\\\/public-viewing-fotografisch-historisch-sprachlich\\\/\",\"url\":\"https:\\\/\\\/blogs.nmz.de\\\/wm2014\\\/2015\\\/02\\\/27\\\/public-viewing-fotografisch-historisch-sprachlich\\\/\",\"name\":\"Public Viewing \u2013 fotografisch, historisch, sprachlich - Auf dem Sperrsitz\",\"isPartOf\":{\"@id\":\"https:\\\/\\\/blogs.nmz.de\\\/wm2014\\\/#website\"},\"primaryImageOfPage\":{\"@id\":\"https:\\\/\\\/blogs.nmz.de\\\/wm2014\\\/2015\\\/02\\\/27\\\/public-viewing-fotografisch-historisch-sprachlich\\\/#primaryimage\"},\"image\":{\"@id\":\"https:\\\/\\\/blogs.nmz.de\\\/wm2014\\\/2015\\\/02\\\/27\\\/public-viewing-fotografisch-historisch-sprachlich\\\/#primaryimage\"},\"thumbnailUrl\":\"https:\\\/\\\/i0.wp.com\\\/blogs.nmz.de\\\/wm2014\\\/files\\\/2015\\\/02\\\/public_viewing_c_hufner.jpg?fit=1600%2C1068&ssl=1\",\"datePublished\":\"2015-02-27T12:48:38+00:00\",\"author\":{\"@id\":\"https:\\\/\\\/blogs.nmz.de\\\/wm2014\\\/#\\\/schema\\\/person\\\/488a80049cf0bbc4cce99951ae91c3b9\"},\"breadcrumb\":{\"@id\":\"https:\\\/\\\/blogs.nmz.de\\\/wm2014\\\/2015\\\/02\\\/27\\\/public-viewing-fotografisch-historisch-sprachlich\\\/#breadcrumb\"},\"inLanguage\":\"de\",\"potentialAction\":[{\"@type\":\"ReadAction\",\"target\":[\"https:\\\/\\\/blogs.nmz.de\\\/wm2014\\\/2015\\\/02\\\/27\\\/public-viewing-fotografisch-historisch-sprachlich\\\/\"]}]},{\"@type\":\"ImageObject\",\"inLanguage\":\"de\",\"@id\":\"https:\\\/\\\/blogs.nmz.de\\\/wm2014\\\/2015\\\/02\\\/27\\\/public-viewing-fotografisch-historisch-sprachlich\\\/#primaryimage\",\"url\":\"https:\\\/\\\/i0.wp.com\\\/blogs.nmz.de\\\/wm2014\\\/files\\\/2015\\\/02\\\/public_viewing_c_hufner.jpg?fit=1600%2C1068&ssl=1\",\"contentUrl\":\"https:\\\/\\\/i0.wp.com\\\/blogs.nmz.de\\\/wm2014\\\/files\\\/2015\\\/02\\\/public_viewing_c_hufner.jpg?fit=1600%2C1068&ssl=1\",\"width\":1600,\"height\":1068,\"caption\":\"Public Viewing. Foto: Hufner\"},{\"@type\":\"BreadcrumbList\",\"@id\":\"https:\\\/\\\/blogs.nmz.de\\\/wm2014\\\/2015\\\/02\\\/27\\\/public-viewing-fotografisch-historisch-sprachlich\\\/#breadcrumb\",\"itemListElement\":[{\"@type\":\"ListItem\",\"position\":1,\"name\":\"Startseite\",\"item\":\"https:\\\/\\\/blogs.nmz.de\\\/wm2014\\\/\"},{\"@type\":\"ListItem\",\"position\":2,\"name\":\"Public Viewing \u2013 fotografisch, historisch, sprachlich\"}]},{\"@type\":\"WebSite\",\"@id\":\"https:\\\/\\\/blogs.nmz.de\\\/wm2014\\\/#website\",\"url\":\"https:\\\/\\\/blogs.nmz.de\\\/wm2014\\\/\",\"name\":\"Auf dem Sperrsitz\",\"description\":\"Im Kultur-Zoo der nmz\",\"potentialAction\":[{\"@type\":\"SearchAction\",\"target\":{\"@type\":\"EntryPoint\",\"urlTemplate\":\"https:\\\/\\\/blogs.nmz.de\\\/wm2014\\\/?s={search_term_string}\"},\"query-input\":{\"@type\":\"PropertyValueSpecification\",\"valueRequired\":true,\"valueName\":\"search_term_string\"}}],\"inLanguage\":\"de\"},{\"@type\":\"Person\",\"@id\":\"https:\\\/\\\/blogs.nmz.de\\\/wm2014\\\/#\\\/schema\\\/person\\\/488a80049cf0bbc4cce99951ae91c3b9\",\"name\":\"Martin Hufner\",\"image\":{\"@type\":\"ImageObject\",\"inLanguage\":\"de\",\"@id\":\"https:\\\/\\\/secure.gravatar.com\\\/avatar\\\/891bbce378eb0bdbf7f71559e53af16afd9e2f8a020e2f876adcfcd437cd011a?s=96&d=mm&r=g\",\"url\":\"https:\\\/\\\/secure.gravatar.com\\\/avatar\\\/891bbce378eb0bdbf7f71559e53af16afd9e2f8a020e2f876adcfcd437cd011a?s=96&d=mm&r=g\",\"contentUrl\":\"https:\\\/\\\/secure.gravatar.com\\\/avatar\\\/891bbce378eb0bdbf7f71559e53af16afd9e2f8a020e2f876adcfcd437cd011a?s=96&d=mm&r=g\",\"caption\":\"Martin Hufner\"},\"description\":\"seit 1997 chef\u00f6konom der kritischen masse und netzbabysitter der nmz.\",\"sameAs\":[\"https:\\\/\\\/www.musikkritik.org\",\"http:\\\/\\\/www.facebook.com\\\/hufner\",\"https:\\\/\\\/www.linkedin.com\\\/profile\\\/view?id=48050869&trk=spm_pic\",\"https:\\\/\\\/x.com\\\/huflaikhan\"],\"url\":\"https:\\\/\\\/blogs.nmz.de\\\/wm2014\\\/author\\\/admin\\\/\"}]}<\/script>\n<!-- \/ Yoast SEO plugin. -->","yoast_head_json":{"title":"Public Viewing \u2013 fotografisch, historisch, sprachlich - Auf dem Sperrsitz","robots":{"index":"index","follow":"follow","max-snippet":"max-snippet:-1","max-image-preview":"max-image-preview:large","max-video-preview":"max-video-preview:-1"},"canonical":"https:\/\/blogs.nmz.de\/wm2014\/2015\/02\/27\/public-viewing-fotografisch-historisch-sprachlich\/","og_locale":"de_DE","og_type":"article","og_title":"Public Viewing \u2013 fotografisch, historisch, sprachlich - Auf dem Sperrsitz","og_description":"Der Musikpublizist Reinhard Schulz schrieb mir einmal auf einen Notizzettel: \u201eBeim Surfen durch das Internet bleibt man dick und fett.\u201c Das will ich weder bestreiten noch best\u00e4tigen. Momentan hat er damit eher Recht behalten. Ab und zu tut sich aber... Weiterlesen &rarr;","og_url":"https:\/\/blogs.nmz.de\/wm2014\/2015\/02\/27\/public-viewing-fotografisch-historisch-sprachlich\/","og_site_name":"Auf dem Sperrsitz","article_publisher":"http:\/\/www.facebook.com\/musikzeitung","article_author":"http:\/\/www.facebook.com\/hufner","article_published_time":"2015-02-27T12:48:38+00:00","og_image":[{"width":1600,"height":1068,"url":"https:\/\/i2.wp.com\/blogs.nmz.de\/wm2014\/files\/2015\/02\/public_viewing_c_hufner.jpg?fit=1600%2C1068&ssl=1","type":"image\/jpeg"}],"author":"Martin Hufner","twitter_card":"summary_large_image","twitter_creator":"@huflaikhan","twitter_site":"@musikzeitung","twitter_misc":{"Verfasst von":"Martin Hufner","Gesch\u00e4tzte Lesezeit":"1\u00a0Minute"},"schema":{"@context":"https:\/\/schema.org","@graph":[{"@type":"Article","@id":"https:\/\/blogs.nmz.de\/wm2014\/2015\/02\/27\/public-viewing-fotografisch-historisch-sprachlich\/#article","isPartOf":{"@id":"https:\/\/blogs.nmz.de\/wm2014\/2015\/02\/27\/public-viewing-fotografisch-historisch-sprachlich\/"},"author":{"name":"Martin Hufner","@id":"https:\/\/blogs.nmz.de\/wm2014\/#\/schema\/person\/488a80049cf0bbc4cce99951ae91c3b9"},"headline":"Public Viewing \u2013 fotografisch, historisch, sprachlich","datePublished":"2015-02-27T12:48:38+00:00","mainEntityOfPage":{"@id":"https:\/\/blogs.nmz.de\/wm2014\/2015\/02\/27\/public-viewing-fotografisch-historisch-sprachlich\/"},"wordCount":177,"commentCount":0,"image":{"@id":"https:\/\/blogs.nmz.de\/wm2014\/2015\/02\/27\/public-viewing-fotografisch-historisch-sprachlich\/#primaryimage"},"thumbnailUrl":"https:\/\/i0.wp.com\/blogs.nmz.de\/wm2014\/files\/2015\/02\/public_viewing_c_hufner.jpg?fit=1600%2C1068&ssl=1","keywords":["Konzertsaal","\u00d6ffentlichkeit","Theater"],"articleSection":["\u00c4sthetik","Internet","Kultur"],"inLanguage":"de","potentialAction":[{"@type":"CommentAction","name":"Comment","target":["https:\/\/blogs.nmz.de\/wm2014\/2015\/02\/27\/public-viewing-fotografisch-historisch-sprachlich\/#respond"]}]},{"@type":"WebPage","@id":"https:\/\/blogs.nmz.de\/wm2014\/2015\/02\/27\/public-viewing-fotografisch-historisch-sprachlich\/","url":"https:\/\/blogs.nmz.de\/wm2014\/2015\/02\/27\/public-viewing-fotografisch-historisch-sprachlich\/","name":"Public Viewing \u2013 fotografisch, historisch, sprachlich - Auf dem Sperrsitz","isPartOf":{"@id":"https:\/\/blogs.nmz.de\/wm2014\/#website"},"primaryImageOfPage":{"@id":"https:\/\/blogs.nmz.de\/wm2014\/2015\/02\/27\/public-viewing-fotografisch-historisch-sprachlich\/#primaryimage"},"image":{"@id":"https:\/\/blogs.nmz.de\/wm2014\/2015\/02\/27\/public-viewing-fotografisch-historisch-sprachlich\/#primaryimage"},"thumbnailUrl":"https:\/\/i0.wp.com\/blogs.nmz.de\/wm2014\/files\/2015\/02\/public_viewing_c_hufner.jpg?fit=1600%2C1068&ssl=1","datePublished":"2015-02-27T12:48:38+00:00","author":{"@id":"https:\/\/blogs.nmz.de\/wm2014\/#\/schema\/person\/488a80049cf0bbc4cce99951ae91c3b9"},"breadcrumb":{"@id":"https:\/\/blogs.nmz.de\/wm2014\/2015\/02\/27\/public-viewing-fotografisch-historisch-sprachlich\/#breadcrumb"},"inLanguage":"de","potentialAction":[{"@type":"ReadAction","target":["https:\/\/blogs.nmz.de\/wm2014\/2015\/02\/27\/public-viewing-fotografisch-historisch-sprachlich\/"]}]},{"@type":"ImageObject","inLanguage":"de","@id":"https:\/\/blogs.nmz.de\/wm2014\/2015\/02\/27\/public-viewing-fotografisch-historisch-sprachlich\/#primaryimage","url":"https:\/\/i0.wp.com\/blogs.nmz.de\/wm2014\/files\/2015\/02\/public_viewing_c_hufner.jpg?fit=1600%2C1068&ssl=1","contentUrl":"https:\/\/i0.wp.com\/blogs.nmz.de\/wm2014\/files\/2015\/02\/public_viewing_c_hufner.jpg?fit=1600%2C1068&ssl=1","width":1600,"height":1068,"caption":"Public Viewing. Foto: Hufner"},{"@type":"BreadcrumbList","@id":"https:\/\/blogs.nmz.de\/wm2014\/2015\/02\/27\/public-viewing-fotografisch-historisch-sprachlich\/#breadcrumb","itemListElement":[{"@type":"ListItem","position":1,"name":"Startseite","item":"https:\/\/blogs.nmz.de\/wm2014\/"},{"@type":"ListItem","position":2,"name":"Public Viewing \u2013 fotografisch, historisch, sprachlich"}]},{"@type":"WebSite","@id":"https:\/\/blogs.nmz.de\/wm2014\/#website","url":"https:\/\/blogs.nmz.de\/wm2014\/","name":"Auf dem Sperrsitz","description":"Im Kultur-Zoo der nmz","potentialAction":[{"@type":"SearchAction","target":{"@type":"EntryPoint","urlTemplate":"https:\/\/blogs.nmz.de\/wm2014\/?s={search_term_string}"},"query-input":{"@type":"PropertyValueSpecification","valueRequired":true,"valueName":"search_term_string"}}],"inLanguage":"de"},{"@type":"Person","@id":"https:\/\/blogs.nmz.de\/wm2014\/#\/schema\/person\/488a80049cf0bbc4cce99951ae91c3b9","name":"Martin Hufner","image":{"@type":"ImageObject","inLanguage":"de","@id":"https:\/\/secure.gravatar.com\/avatar\/891bbce378eb0bdbf7f71559e53af16afd9e2f8a020e2f876adcfcd437cd011a?s=96&d=mm&r=g","url":"https:\/\/secure.gravatar.com\/avatar\/891bbce378eb0bdbf7f71559e53af16afd9e2f8a020e2f876adcfcd437cd011a?s=96&d=mm&r=g","contentUrl":"https:\/\/secure.gravatar.com\/avatar\/891bbce378eb0bdbf7f71559e53af16afd9e2f8a020e2f876adcfcd437cd011a?s=96&d=mm&r=g","caption":"Martin Hufner"},"description":"seit 1997 chef\u00f6konom der kritischen masse und netzbabysitter der nmz.","sameAs":["https:\/\/www.musikkritik.org","http:\/\/www.facebook.com\/hufner","https:\/\/www.linkedin.com\/profile\/view?id=48050869&trk=spm_pic","https:\/\/x.com\/huflaikhan"],"url":"https:\/\/blogs.nmz.de\/wm2014\/author\/admin\/"}]}},"wp-worthy-pixel":{"ignored":false,"public":null,"server":null,"url":null},"wp-worthy-type":"normal","jetpack_featured_media_url":"https:\/\/i0.wp.com\/blogs.nmz.de\/wm2014\/files\/2015\/02\/public_viewing_c_hufner.jpg?fit=1600%2C1068&ssl=1","jetpack_shortlink":"https:\/\/wp.me\/p4Gg77-ll","jetpack-related-posts":[],"jetpack_sharing_enabled":true,"_links":{"self":[{"href":"https:\/\/blogs.nmz.de\/wm2014\/wp-json\/wp\/v2\/posts\/1323","targetHints":{"allow":["GET"]}}],"collection":[{"href":"https:\/\/blogs.nmz.de\/wm2014\/wp-json\/wp\/v2\/posts"}],"about":[{"href":"https:\/\/blogs.nmz.de\/wm2014\/wp-json\/wp\/v2\/types\/post"}],"author":[{"embeddable":true,"href":"https:\/\/blogs.nmz.de\/wm2014\/wp-json\/wp\/v2\/users\/1"}],"replies":[{"embeddable":true,"href":"https:\/\/blogs.nmz.de\/wm2014\/wp-json\/wp\/v2\/comments?post=1323"}],"version-history":[{"count":4,"href":"https:\/\/blogs.nmz.de\/wm2014\/wp-json\/wp\/v2\/posts\/1323\/revisions"}],"predecessor-version":[{"id":1329,"href":"https:\/\/blogs.nmz.de\/wm2014\/wp-json\/wp\/v2\/posts\/1323\/revisions\/1329"}],"wp:featuredmedia":[{"embeddable":true,"href":"https:\/\/blogs.nmz.de\/wm2014\/wp-json\/wp\/v2\/media\/1324"}],"wp:attachment":[{"href":"https:\/\/blogs.nmz.de\/wm2014\/wp-json\/wp\/v2\/media?parent=1323"}],"wp:term":[{"taxonomy":"category","embeddable":true,"href":"https:\/\/blogs.nmz.de\/wm2014\/wp-json\/wp\/v2\/categories?post=1323"},{"taxonomy":"post_tag","embeddable":true,"href":"https:\/\/blogs.nmz.de\/wm2014\/wp-json\/wp\/v2\/tags?post=1323"}],"curies":[{"name":"wp","href":"https:\/\/api.w.org\/{rel}","templated":true}]}}