{"id":1254,"date":"2015-02-17T18:28:50","date_gmt":"2015-02-17T17:28:50","guid":{"rendered":"http:\/\/blogs.nmz.de\/wm2014\/?p=1254"},"modified":"2015-02-17T18:28:50","modified_gmt":"2015-02-17T17:28:50","slug":"traurige-tweets-orchesterkultur","status":"publish","type":"post","link":"https:\/\/blogs.nmz.de\/wm2014\/2015\/02\/17\/traurige-tweets-orchesterkultur\/","title":{"rendered":"Traurige Tweets \u2013 Orchesterkultur"},"content":{"rendered":"<p>Wir wissen bis heute noch nicht, wof\u00fcr Twitter jetzt mal so gut ist. Obwohl: Wissen wir schon. Kurznachrichtendienst, sagen die sogenannten Leitmedien mit ihrem qualit\u00e4tsgetr\u00e4nkten Leitjournalismus. Die nmz ist bei Twitter \u00fcbrigens auch pr\u00e4sent mit \u00fcber 3.600 Followern (@musikzeitung) und einem Strau\u00df von Kurznachrichten, \u00fcbrigens schon knapp 15.000 Tweets. Das ist wahscheinlich toll.<\/p>\n<p>Und ja, wir nutzen das auch, um Kurznachrichten zu senden \u2013 und zu lesen. Heute lasen wir das:<\/p>\n<blockquote class=\"twitter-tweet\" width=\"550\">\n<p>Eine Ausstellung in Baden-Baden zeigt ab M\u00e4rz die Entstehung der <a href=\"https:\/\/twitter.com\/BerlinPhil\">@BerlinPhil<\/a> &amp; deren Aufstieg zu einem Weltorchester. <a href=\"http:\/\/t.co\/lCzA79auGW\">http:\/\/t.co\/lCzA79auGW<\/a><\/p>\n<p>&mdash; SWR2 (@SWR2) <a href=\"https:\/\/twitter.com\/SWR2\/status\/567690944061767680\">February 17, 2015<\/a><\/p><\/blockquote>\n<p><script async src=\"\/\/platform.twitter.com\/widgets.js\" charset=\"utf-8\"><\/script><\/p>\n<p>Das ist wirklich ein netter Zug des SWR. <a href=\"http:\/\/www.la8.de\/de\/museum.html\" target=\"_blank\">Man k\u00fcmmert sich um die Berliner Philharmoniker<\/a>. Was die Nachricht verschweigt: Die Berliner bereiten gerade eine Gegenausstellung vor. Diese zeigt im April die Entstehung der SWR-Orchester &amp; und deren Abstieg zu einem Abwicklungsorchester. Im M\u00e4nnerklo, direkt unterhalb des Seifenspenders. Bin mal gespannt, ob die das dann auch so akkurat melden, da, beim SWR.<\/p>\n","protected":false},"excerpt":{"rendered":"<p>Wir wissen bis heute noch nicht, wof\u00fcr Twitter jetzt mal so gut ist. Obwohl: Wissen wir schon. Kurznachrichtendienst, sagen die sogenannten Leitmedien mit ihrem qualit\u00e4tsgetr\u00e4nkten Leitjournalismus. Die nmz ist bei Twitter \u00fcbrigens auch pr\u00e4sent mit \u00fcber 3.600 Followern (@musikzeitung) und&#8230; <a class=\"more-link\" href=\"https:\/\/blogs.nmz.de\/wm2014\/2015\/02\/17\/traurige-tweets-orchesterkultur\/\">Weiterlesen &rarr;<\/a><\/p>\n","protected":false},"author":1,"featured_media":1255,"comment_status":"open","ping_status":"open","sticky":false,"template":"","format":"standard","meta":{"_jetpack_memberships_contains_paid_content":false,"footnotes":""},"categories":[11375,385,836,533,665],"tags":[13107,782,539,11566],"class_list":["post-1254","post","type-post","status-publish","format-standard","has-post-thumbnail","hentry","category-administratives","category-kultur","category-medien","category-musik","category-radio","tag-kultur","tag-orchester","tag-swr","tag-swr-orchester"],"yoast_head":"<!-- This site is optimized with the Yoast SEO plugin v27.4 - https:\/\/yoast.com\/product\/yoast-seo-wordpress\/ -->\n<title>Traurige Tweets \u2013 Orchesterkultur - Auf dem Sperrsitz<\/title>\n<meta name=\"robots\" content=\"index, follow, max-snippet:-1, max-image-preview:large, max-video-preview:-1\" \/>\n<link rel=\"canonical\" href=\"https:\/\/blogs.nmz.de\/wm2014\/2015\/02\/17\/traurige-tweets-orchesterkultur\/\" \/>\n<meta property=\"og:locale\" content=\"de_DE\" \/>\n<meta property=\"og:type\" content=\"article\" \/>\n<meta property=\"og:title\" content=\"Traurige Tweets \u2013 Orchesterkultur - Auf dem Sperrsitz\" \/>\n<meta property=\"og:description\" content=\"Wir wissen bis heute noch nicht, wof\u00fcr Twitter jetzt mal so gut ist. Obwohl: Wissen wir schon. Kurznachrichtendienst, sagen die sogenannten Leitmedien mit ihrem qualit\u00e4tsgetr\u00e4nkten Leitjournalismus. Die nmz ist bei Twitter \u00fcbrigens auch pr\u00e4sent mit \u00fcber 3.600 Followern (@musikzeitung) und... Weiterlesen &rarr;\" \/>\n<meta property=\"og:url\" content=\"https:\/\/blogs.nmz.de\/wm2014\/2015\/02\/17\/traurige-tweets-orchesterkultur\/\" \/>\n<meta property=\"og:site_name\" content=\"Auf dem Sperrsitz\" \/>\n<meta property=\"article:publisher\" content=\"http:\/\/www.facebook.com\/musikzeitung\" \/>\n<meta property=\"article:author\" content=\"http:\/\/www.facebook.com\/hufner\" \/>\n<meta property=\"article:published_time\" content=\"2015-02-17T17:28:50+00:00\" \/>\n<meta property=\"og:image\" content=\"https:\/\/i1.wp.com\/blogs.nmz.de\/wm2014\/files\/2015\/02\/Musikinstrumentenset_Lidl_Deutschland_-_lidl.de_2015-02-17_18-11-25.png?fit=1237%2C737&ssl=1\" \/>\n\t<meta property=\"og:image:width\" content=\"1237\" \/>\n\t<meta property=\"og:image:height\" content=\"737\" \/>\n\t<meta property=\"og:image:type\" content=\"image\/png\" \/>\n<meta name=\"author\" content=\"Martin Hufner\" \/>\n<meta name=\"twitter:card\" content=\"summary_large_image\" \/>\n<meta name=\"twitter:creator\" content=\"@huflaikhan\" \/>\n<meta name=\"twitter:site\" content=\"@musikzeitung\" \/>\n<meta name=\"twitter:label1\" content=\"Verfasst von\" \/>\n\t<meta name=\"twitter:data1\" content=\"Martin Hufner\" \/>\n\t<meta name=\"twitter:label2\" content=\"Gesch\u00e4tzte Lesezeit\" \/>\n\t<meta name=\"twitter:data2\" content=\"1\u00a0Minute\" \/>\n<script type=\"application\/ld+json\" class=\"yoast-schema-graph\">{\"@context\":\"https:\\\/\\\/schema.org\",\"@graph\":[{\"@type\":\"Article\",\"@id\":\"https:\\\/\\\/blogs.nmz.de\\\/wm2014\\\/2015\\\/02\\\/17\\\/traurige-tweets-orchesterkultur\\\/#article\",\"isPartOf\":{\"@id\":\"https:\\\/\\\/blogs.nmz.de\\\/wm2014\\\/2015\\\/02\\\/17\\\/traurige-tweets-orchesterkultur\\\/\"},\"author\":{\"name\":\"Martin Hufner\",\"@id\":\"https:\\\/\\\/blogs.nmz.de\\\/wm2014\\\/#\\\/schema\\\/person\\\/488a80049cf0bbc4cce99951ae91c3b9\"},\"headline\":\"Traurige Tweets \u2013 Orchesterkultur\",\"datePublished\":\"2015-02-17T17:28:50+00:00\",\"mainEntityOfPage\":{\"@id\":\"https:\\\/\\\/blogs.nmz.de\\\/wm2014\\\/2015\\\/02\\\/17\\\/traurige-tweets-orchesterkultur\\\/\"},\"wordCount\":143,\"commentCount\":0,\"image\":{\"@id\":\"https:\\\/\\\/blogs.nmz.de\\\/wm2014\\\/2015\\\/02\\\/17\\\/traurige-tweets-orchesterkultur\\\/#primaryimage\"},\"thumbnailUrl\":\"https:\\\/\\\/i0.wp.com\\\/blogs.nmz.de\\\/wm2014\\\/files\\\/2015\\\/02\\\/Musikinstrumentenset_Lidl_Deutschland_-_lidl.de_2015-02-17_18-11-25.png?fit=1237%2C737&ssl=1\",\"keywords\":[\"Kultur\",\"Orchester\",\"SWR\",\"SWR-Orchester\"],\"articleSection\":[\"Administratives\",\"Kultur\",\"Medien\",\"Musik\",\"Radio\"],\"inLanguage\":\"de\",\"potentialAction\":[{\"@type\":\"CommentAction\",\"name\":\"Comment\",\"target\":[\"https:\\\/\\\/blogs.nmz.de\\\/wm2014\\\/2015\\\/02\\\/17\\\/traurige-tweets-orchesterkultur\\\/#respond\"]}]},{\"@type\":\"WebPage\",\"@id\":\"https:\\\/\\\/blogs.nmz.de\\\/wm2014\\\/2015\\\/02\\\/17\\\/traurige-tweets-orchesterkultur\\\/\",\"url\":\"https:\\\/\\\/blogs.nmz.de\\\/wm2014\\\/2015\\\/02\\\/17\\\/traurige-tweets-orchesterkultur\\\/\",\"name\":\"Traurige Tweets \u2013 Orchesterkultur - Auf dem Sperrsitz\",\"isPartOf\":{\"@id\":\"https:\\\/\\\/blogs.nmz.de\\\/wm2014\\\/#website\"},\"primaryImageOfPage\":{\"@id\":\"https:\\\/\\\/blogs.nmz.de\\\/wm2014\\\/2015\\\/02\\\/17\\\/traurige-tweets-orchesterkultur\\\/#primaryimage\"},\"image\":{\"@id\":\"https:\\\/\\\/blogs.nmz.de\\\/wm2014\\\/2015\\\/02\\\/17\\\/traurige-tweets-orchesterkultur\\\/#primaryimage\"},\"thumbnailUrl\":\"https:\\\/\\\/i0.wp.com\\\/blogs.nmz.de\\\/wm2014\\\/files\\\/2015\\\/02\\\/Musikinstrumentenset_Lidl_Deutschland_-_lidl.de_2015-02-17_18-11-25.png?fit=1237%2C737&ssl=1\",\"datePublished\":\"2015-02-17T17:28:50+00:00\",\"author\":{\"@id\":\"https:\\\/\\\/blogs.nmz.de\\\/wm2014\\\/#\\\/schema\\\/person\\\/488a80049cf0bbc4cce99951ae91c3b9\"},\"breadcrumb\":{\"@id\":\"https:\\\/\\\/blogs.nmz.de\\\/wm2014\\\/2015\\\/02\\\/17\\\/traurige-tweets-orchesterkultur\\\/#breadcrumb\"},\"inLanguage\":\"de\",\"potentialAction\":[{\"@type\":\"ReadAction\",\"target\":[\"https:\\\/\\\/blogs.nmz.de\\\/wm2014\\\/2015\\\/02\\\/17\\\/traurige-tweets-orchesterkultur\\\/\"]}]},{\"@type\":\"ImageObject\",\"inLanguage\":\"de\",\"@id\":\"https:\\\/\\\/blogs.nmz.de\\\/wm2014\\\/2015\\\/02\\\/17\\\/traurige-tweets-orchesterkultur\\\/#primaryimage\",\"url\":\"https:\\\/\\\/i0.wp.com\\\/blogs.nmz.de\\\/wm2014\\\/files\\\/2015\\\/02\\\/Musikinstrumentenset_Lidl_Deutschland_-_lidl.de_2015-02-17_18-11-25.png?fit=1237%2C737&ssl=1\",\"contentUrl\":\"https:\\\/\\\/i0.wp.com\\\/blogs.nmz.de\\\/wm2014\\\/files\\\/2015\\\/02\\\/Musikinstrumentenset_Lidl_Deutschland_-_lidl.de_2015-02-17_18-11-25.png?fit=1237%2C737&ssl=1\",\"width\":1237,\"height\":737,\"caption\":\"SWR-Orchesterausstellung. Screenshot Webshop\"},{\"@type\":\"BreadcrumbList\",\"@id\":\"https:\\\/\\\/blogs.nmz.de\\\/wm2014\\\/2015\\\/02\\\/17\\\/traurige-tweets-orchesterkultur\\\/#breadcrumb\",\"itemListElement\":[{\"@type\":\"ListItem\",\"position\":1,\"name\":\"Startseite\",\"item\":\"https:\\\/\\\/blogs.nmz.de\\\/wm2014\\\/\"},{\"@type\":\"ListItem\",\"position\":2,\"name\":\"Traurige Tweets \u2013 Orchesterkultur\"}]},{\"@type\":\"WebSite\",\"@id\":\"https:\\\/\\\/blogs.nmz.de\\\/wm2014\\\/#website\",\"url\":\"https:\\\/\\\/blogs.nmz.de\\\/wm2014\\\/\",\"name\":\"Auf dem Sperrsitz\",\"description\":\"Im Kultur-Zoo der nmz\",\"potentialAction\":[{\"@type\":\"SearchAction\",\"target\":{\"@type\":\"EntryPoint\",\"urlTemplate\":\"https:\\\/\\\/blogs.nmz.de\\\/wm2014\\\/?s={search_term_string}\"},\"query-input\":{\"@type\":\"PropertyValueSpecification\",\"valueRequired\":true,\"valueName\":\"search_term_string\"}}],\"inLanguage\":\"de\"},{\"@type\":\"Person\",\"@id\":\"https:\\\/\\\/blogs.nmz.de\\\/wm2014\\\/#\\\/schema\\\/person\\\/488a80049cf0bbc4cce99951ae91c3b9\",\"name\":\"Martin Hufner\",\"image\":{\"@type\":\"ImageObject\",\"inLanguage\":\"de\",\"@id\":\"https:\\\/\\\/secure.gravatar.com\\\/avatar\\\/891bbce378eb0bdbf7f71559e53af16afd9e2f8a020e2f876adcfcd437cd011a?s=96&d=mm&r=g\",\"url\":\"https:\\\/\\\/secure.gravatar.com\\\/avatar\\\/891bbce378eb0bdbf7f71559e53af16afd9e2f8a020e2f876adcfcd437cd011a?s=96&d=mm&r=g\",\"contentUrl\":\"https:\\\/\\\/secure.gravatar.com\\\/avatar\\\/891bbce378eb0bdbf7f71559e53af16afd9e2f8a020e2f876adcfcd437cd011a?s=96&d=mm&r=g\",\"caption\":\"Martin Hufner\"},\"description\":\"seit 1997 chef\u00f6konom der kritischen masse und netzbabysitter der nmz.\",\"sameAs\":[\"https:\\\/\\\/www.musikkritik.org\",\"http:\\\/\\\/www.facebook.com\\\/hufner\",\"https:\\\/\\\/www.linkedin.com\\\/profile\\\/view?id=48050869&trk=spm_pic\",\"https:\\\/\\\/x.com\\\/huflaikhan\"],\"url\":\"https:\\\/\\\/blogs.nmz.de\\\/wm2014\\\/author\\\/admin\\\/\"}]}<\/script>\n<!-- \/ Yoast SEO plugin. -->","yoast_head_json":{"title":"Traurige Tweets \u2013 Orchesterkultur - Auf dem Sperrsitz","robots":{"index":"index","follow":"follow","max-snippet":"max-snippet:-1","max-image-preview":"max-image-preview:large","max-video-preview":"max-video-preview:-1"},"canonical":"https:\/\/blogs.nmz.de\/wm2014\/2015\/02\/17\/traurige-tweets-orchesterkultur\/","og_locale":"de_DE","og_type":"article","og_title":"Traurige Tweets \u2013 Orchesterkultur - Auf dem Sperrsitz","og_description":"Wir wissen bis heute noch nicht, wof\u00fcr Twitter jetzt mal so gut ist. Obwohl: Wissen wir schon. Kurznachrichtendienst, sagen die sogenannten Leitmedien mit ihrem qualit\u00e4tsgetr\u00e4nkten Leitjournalismus. Die nmz ist bei Twitter \u00fcbrigens auch pr\u00e4sent mit \u00fcber 3.600 Followern (@musikzeitung) und... Weiterlesen &rarr;","og_url":"https:\/\/blogs.nmz.de\/wm2014\/2015\/02\/17\/traurige-tweets-orchesterkultur\/","og_site_name":"Auf dem Sperrsitz","article_publisher":"http:\/\/www.facebook.com\/musikzeitung","article_author":"http:\/\/www.facebook.com\/hufner","article_published_time":"2015-02-17T17:28:50+00:00","og_image":[{"width":1237,"height":737,"url":"https:\/\/i1.wp.com\/blogs.nmz.de\/wm2014\/files\/2015\/02\/Musikinstrumentenset_Lidl_Deutschland_-_lidl.de_2015-02-17_18-11-25.png?fit=1237%2C737&ssl=1","type":"image\/png"}],"author":"Martin Hufner","twitter_card":"summary_large_image","twitter_creator":"@huflaikhan","twitter_site":"@musikzeitung","twitter_misc":{"Verfasst von":"Martin Hufner","Gesch\u00e4tzte Lesezeit":"1\u00a0Minute"},"schema":{"@context":"https:\/\/schema.org","@graph":[{"@type":"Article","@id":"https:\/\/blogs.nmz.de\/wm2014\/2015\/02\/17\/traurige-tweets-orchesterkultur\/#article","isPartOf":{"@id":"https:\/\/blogs.nmz.de\/wm2014\/2015\/02\/17\/traurige-tweets-orchesterkultur\/"},"author":{"name":"Martin Hufner","@id":"https:\/\/blogs.nmz.de\/wm2014\/#\/schema\/person\/488a80049cf0bbc4cce99951ae91c3b9"},"headline":"Traurige Tweets \u2013 Orchesterkultur","datePublished":"2015-02-17T17:28:50+00:00","mainEntityOfPage":{"@id":"https:\/\/blogs.nmz.de\/wm2014\/2015\/02\/17\/traurige-tweets-orchesterkultur\/"},"wordCount":143,"commentCount":0,"image":{"@id":"https:\/\/blogs.nmz.de\/wm2014\/2015\/02\/17\/traurige-tweets-orchesterkultur\/#primaryimage"},"thumbnailUrl":"https:\/\/i0.wp.com\/blogs.nmz.de\/wm2014\/files\/2015\/02\/Musikinstrumentenset_Lidl_Deutschland_-_lidl.de_2015-02-17_18-11-25.png?fit=1237%2C737&ssl=1","keywords":["Kultur","Orchester","SWR","SWR-Orchester"],"articleSection":["Administratives","Kultur","Medien","Musik","Radio"],"inLanguage":"de","potentialAction":[{"@type":"CommentAction","name":"Comment","target":["https:\/\/blogs.nmz.de\/wm2014\/2015\/02\/17\/traurige-tweets-orchesterkultur\/#respond"]}]},{"@type":"WebPage","@id":"https:\/\/blogs.nmz.de\/wm2014\/2015\/02\/17\/traurige-tweets-orchesterkultur\/","url":"https:\/\/blogs.nmz.de\/wm2014\/2015\/02\/17\/traurige-tweets-orchesterkultur\/","name":"Traurige Tweets \u2013 Orchesterkultur - Auf dem Sperrsitz","isPartOf":{"@id":"https:\/\/blogs.nmz.de\/wm2014\/#website"},"primaryImageOfPage":{"@id":"https:\/\/blogs.nmz.de\/wm2014\/2015\/02\/17\/traurige-tweets-orchesterkultur\/#primaryimage"},"image":{"@id":"https:\/\/blogs.nmz.de\/wm2014\/2015\/02\/17\/traurige-tweets-orchesterkultur\/#primaryimage"},"thumbnailUrl":"https:\/\/i0.wp.com\/blogs.nmz.de\/wm2014\/files\/2015\/02\/Musikinstrumentenset_Lidl_Deutschland_-_lidl.de_2015-02-17_18-11-25.png?fit=1237%2C737&ssl=1","datePublished":"2015-02-17T17:28:50+00:00","author":{"@id":"https:\/\/blogs.nmz.de\/wm2014\/#\/schema\/person\/488a80049cf0bbc4cce99951ae91c3b9"},"breadcrumb":{"@id":"https:\/\/blogs.nmz.de\/wm2014\/2015\/02\/17\/traurige-tweets-orchesterkultur\/#breadcrumb"},"inLanguage":"de","potentialAction":[{"@type":"ReadAction","target":["https:\/\/blogs.nmz.de\/wm2014\/2015\/02\/17\/traurige-tweets-orchesterkultur\/"]}]},{"@type":"ImageObject","inLanguage":"de","@id":"https:\/\/blogs.nmz.de\/wm2014\/2015\/02\/17\/traurige-tweets-orchesterkultur\/#primaryimage","url":"https:\/\/i0.wp.com\/blogs.nmz.de\/wm2014\/files\/2015\/02\/Musikinstrumentenset_Lidl_Deutschland_-_lidl.de_2015-02-17_18-11-25.png?fit=1237%2C737&ssl=1","contentUrl":"https:\/\/i0.wp.com\/blogs.nmz.de\/wm2014\/files\/2015\/02\/Musikinstrumentenset_Lidl_Deutschland_-_lidl.de_2015-02-17_18-11-25.png?fit=1237%2C737&ssl=1","width":1237,"height":737,"caption":"SWR-Orchesterausstellung. Screenshot Webshop"},{"@type":"BreadcrumbList","@id":"https:\/\/blogs.nmz.de\/wm2014\/2015\/02\/17\/traurige-tweets-orchesterkultur\/#breadcrumb","itemListElement":[{"@type":"ListItem","position":1,"name":"Startseite","item":"https:\/\/blogs.nmz.de\/wm2014\/"},{"@type":"ListItem","position":2,"name":"Traurige Tweets \u2013 Orchesterkultur"}]},{"@type":"WebSite","@id":"https:\/\/blogs.nmz.de\/wm2014\/#website","url":"https:\/\/blogs.nmz.de\/wm2014\/","name":"Auf dem Sperrsitz","description":"Im Kultur-Zoo der nmz","potentialAction":[{"@type":"SearchAction","target":{"@type":"EntryPoint","urlTemplate":"https:\/\/blogs.nmz.de\/wm2014\/?s={search_term_string}"},"query-input":{"@type":"PropertyValueSpecification","valueRequired":true,"valueName":"search_term_string"}}],"inLanguage":"de"},{"@type":"Person","@id":"https:\/\/blogs.nmz.de\/wm2014\/#\/schema\/person\/488a80049cf0bbc4cce99951ae91c3b9","name":"Martin Hufner","image":{"@type":"ImageObject","inLanguage":"de","@id":"https:\/\/secure.gravatar.com\/avatar\/891bbce378eb0bdbf7f71559e53af16afd9e2f8a020e2f876adcfcd437cd011a?s=96&d=mm&r=g","url":"https:\/\/secure.gravatar.com\/avatar\/891bbce378eb0bdbf7f71559e53af16afd9e2f8a020e2f876adcfcd437cd011a?s=96&d=mm&r=g","contentUrl":"https:\/\/secure.gravatar.com\/avatar\/891bbce378eb0bdbf7f71559e53af16afd9e2f8a020e2f876adcfcd437cd011a?s=96&d=mm&r=g","caption":"Martin Hufner"},"description":"seit 1997 chef\u00f6konom der kritischen masse und netzbabysitter der nmz.","sameAs":["https:\/\/www.musikkritik.org","http:\/\/www.facebook.com\/hufner","https:\/\/www.linkedin.com\/profile\/view?id=48050869&trk=spm_pic","https:\/\/x.com\/huflaikhan"],"url":"https:\/\/blogs.nmz.de\/wm2014\/author\/admin\/"}]}},"wp-worthy-pixel":{"ignored":false,"public":null,"server":null,"url":null},"wp-worthy-type":"normal","jetpack_featured_media_url":"https:\/\/i0.wp.com\/blogs.nmz.de\/wm2014\/files\/2015\/02\/Musikinstrumentenset_Lidl_Deutschland_-_lidl.de_2015-02-17_18-11-25.png?fit=1237%2C737&ssl=1","jetpack_shortlink":"https:\/\/wp.me\/p4Gg77-ke","jetpack-related-posts":[],"jetpack_sharing_enabled":true,"_links":{"self":[{"href":"https:\/\/blogs.nmz.de\/wm2014\/wp-json\/wp\/v2\/posts\/1254","targetHints":{"allow":["GET"]}}],"collection":[{"href":"https:\/\/blogs.nmz.de\/wm2014\/wp-json\/wp\/v2\/posts"}],"about":[{"href":"https:\/\/blogs.nmz.de\/wm2014\/wp-json\/wp\/v2\/types\/post"}],"author":[{"embeddable":true,"href":"https:\/\/blogs.nmz.de\/wm2014\/wp-json\/wp\/v2\/users\/1"}],"replies":[{"embeddable":true,"href":"https:\/\/blogs.nmz.de\/wm2014\/wp-json\/wp\/v2\/comments?post=1254"}],"version-history":[{"count":2,"href":"https:\/\/blogs.nmz.de\/wm2014\/wp-json\/wp\/v2\/posts\/1254\/revisions"}],"predecessor-version":[{"id":1259,"href":"https:\/\/blogs.nmz.de\/wm2014\/wp-json\/wp\/v2\/posts\/1254\/revisions\/1259"}],"wp:featuredmedia":[{"embeddable":true,"href":"https:\/\/blogs.nmz.de\/wm2014\/wp-json\/wp\/v2\/media\/1255"}],"wp:attachment":[{"href":"https:\/\/blogs.nmz.de\/wm2014\/wp-json\/wp\/v2\/media?parent=1254"}],"wp:term":[{"taxonomy":"category","embeddable":true,"href":"https:\/\/blogs.nmz.de\/wm2014\/wp-json\/wp\/v2\/categories?post=1254"},{"taxonomy":"post_tag","embeddable":true,"href":"https:\/\/blogs.nmz.de\/wm2014\/wp-json\/wp\/v2\/tags?post=1254"}],"curies":[{"name":"wp","href":"https:\/\/api.w.org\/{rel}","templated":true}]}}