{"id":1194,"date":"2015-01-14T12:42:56","date_gmt":"2015-01-14T11:42:56","guid":{"rendered":"http:\/\/blogs.nmz.de\/wm2014\/?p=1194"},"modified":"2015-01-14T13:24:09","modified_gmt":"2015-01-14T12:24:09","slug":"freiheit-ist-nicht-einfach-die-absetzung-einer-opern-inszenierung-2006","status":"publish","type":"post","link":"https:\/\/blogs.nmz.de\/wm2014\/2015\/01\/14\/freiheit-ist-nicht-einfach-die-absetzung-einer-opern-inszenierung-2006\/","title":{"rendered":"Freiheit ist nicht einfach \u2013 Die Absetzung einer Opern-Inszenierung 2006"},"content":{"rendered":"<p>Wie frei kann sich Kunst wirklich entfalten? Gro\u00dfe Einigkeit besteht in Presse und Kunst dar\u00fcber, dass man sich nicht vorschreiben lassen mag, wie man was zu tun habe. Satire darf angeblich alles, Kunst immerhin nahezu auch. Bei der Betrachtung fiel mir eine Begebenheit aus der j\u00fcngeren deutschen Vergangenheit ein. 2006 kam es an der Deutschen Oper Berlin zu einer Art Skandal. Eine Idomeneo-Inszenierung an der Deutschen Oper von Hans Neuenfels schien pl\u00f6tzlich nicht tragbar und <a href=\"http:\/\/www.nmz.de\/kiz\/nachrichten\/%C2%ABfuer-die-freiheit-der-kunst%C2%BB\">wurde abgesetzt<\/a>.<\/p>\n<p>Es ging dabei nur um eine Szene: \u201eIn Neuenfels\u00b4 Schlussszene tr\u00e4gt der kretische K\u00f6nig Idomeneo die abgetrennten K\u00f6pfe von Poseidon, Jesus, Buddha und Mohammed auf die B\u00fchne.\u201c Das missfiel einigen. Und angeblich gab es bedrohliche Hinweise: \u201eDie Inszenierung des 65-j\u00e4hrigen Neuenfels war von Intendantin Harms im September vom Spielplan genommen worden, nachdem das Berliner Landeskriminalamt in einer Gefahrenanalyse von einer m\u00f6glichen islamistischen Bedrohung der Auff\u00fchrung ausgegangen war.\u201c In der Stellungnahme des Deutschen Kulturrates wird die Lage aus der Sicht der Intendanz so umschrieben:<\/p>\n<p style=\"padding-left: 30px;\">\u201eDie Intendantin der Deutschen Oper Berlin Kirsten Harms erkl\u00e4rte heute Nachmittag in einer Pressekonferenz, dass der Innensenator ihr gegen\u00fcber gesagt habe, dass er nicht wolle, dass es sie, d.h. die Deutsche Oper, nicht mehr g\u00e4be. Er hat damit die Gefahr beschrieben, in der nach seiner Auffassung die Deutsche Oper Berlin mit der Auff\u00fchrung der Mozart-Oper Idomeneo steht.\u201c (Quelle: <a href=\"http:\/\/www.kulturrat.de\/detail.php?detail=846&amp;rubrik=2\" target=\"_blank\">Deutscher Kulturat, Pressemeldung vom26.9.2006<\/a>)<\/p>\n<p>Gewiss, auch damals war das Aufgebot der Leute einigerma\u00dfen gro\u00df, die sich daher symbolisch unter das Publikum reihten (Wolfgang Sch\u00e4uble, Norbert Lammert, Klaus Wowereit). <a href=\"http:\/\/www.kulturrat.de\/detail.php?detail=846&amp;rubrik=2\" target=\"_blank\">Deutscher Kultur-<\/a> und <a href=\"http:\/\/www.miz.org\/news_3730.html\" target=\"_blank\">Landesmusikrat Berlin<\/a> wehrten sich gegen die Einflussnahme durch eine angebliche oder tats\u00e4chlich gegebene Gefahr. Andererseits wurde die Auff\u00fchrung durch Polizeischutz gesichert, das Publikum musste durch Scanner hindurch. Keine optimalen Bedingungen f\u00fcr einen einfachen Opernbesuch. Kirsten Harms war damals Intendantin des Theaters und musste allerhand Kritik einstecken. Andererseits muss sie nat\u00fcrlich f\u00fcr die Sicherheit ihrer Besucher garantieren. Beides nicht so einfach unter den Hut zu bekommen. Da mochte man nicht in ihrer Haut stecken.<\/p>\n<p>Wie dem auch sei. Damals, jenseits von IS und Pegida, knickte man ein. Was jetzt aber ein bisschen ein Geschm\u00e4ckle hat, ist, dass die gleiche Institution vor einigen Tagen sich per Retweet zu \u201eJe suis Charlie\u201c (siehe Bild oben) bekennt. Die Frage: Wie steht es mit einer Wiederaufnahme von Mozarts Idomeneo in der Inszenierung von Hans Neuenfels? Gilt heute mehr, was Olaf Zimmermann als Gesch\u00e4ftsf\u00fchrer des Deutschen Kulturrates 2006 schrieb?<\/p>\n<p style=\"padding-left: 30px;\">\u201eDie Freiheit der Kunst ist ein hohes verfassungsrechtliches Gut f\u00fcr das in Deutschland und in anderen europ\u00e4ischen L\u00e4ndern lange gestritten wurde. Die Kunstfreiheit schlie\u00dft ein, dass sich auch kritisch mit Religion auseinandergesetzt werden kann. Die Absetzung des St\u00fcckes Idomeneo aus Sorge vor islamistischen Anschl\u00e4gen markiert einen tiefen Einschnitt. Es geht um nicht mehr und nicht weniger als um die Verteidigung unserer kulturellen Errungenschaften und die Freiheit der Kunst.\u201c<\/p>\n<p>PS: Niemand kann sich sicher sein. Von einem Bekloppten im Auto umgem\u00f6belt zu werden ist wahrscheinlicher. Und dennoch gehen die meisten von uns ganz normal vor die T\u00fcr. Erst vor wenigen Tagen ist hier in Kleinmachnow ein Mann von einem Baum erschlagen worden. Aber geht man deshalb nicht mehr in den Wald oder eine Allee lang? Es erinnert ein bisschen an den Karl-Valentin-Schwank, wo sich dieser ein Bergwerk kauft aus Angst vor Meteoriteneinschl\u00e4gen mit der Begr\u00fcndung: Sicherheit geht vor Seltenheit.<\/p>\n","protected":false},"excerpt":{"rendered":"<p>Wie frei kann sich Kunst wirklich entfalten? Gro\u00dfe Einigkeit besteht in Presse und Kunst dar\u00fcber, dass man sich nicht vorschreiben lassen mag, wie man was zu tun habe. Satire darf angeblich alles, Kunst immerhin nahezu auch. Bei der Betrachtung fiel&#8230; <a class=\"more-link\" href=\"https:\/\/blogs.nmz.de\/wm2014\/2015\/01\/14\/freiheit-ist-nicht-einfach-die-absetzung-einer-opern-inszenierung-2006\/\">Weiterlesen &rarr;<\/a><\/p>\n","protected":false},"author":1,"featured_media":1195,"comment_status":"open","ping_status":"open","sticky":false,"template":"","format":"standard","meta":{"_jetpack_memberships_contains_paid_content":false,"footnotes":""},"categories":[385,860],"tags":[12417,779,12420,951,12418],"class_list":["post-1194","post","type-post","status-publish","format-standard","has-post-thumbnail","hentry","category-kultur","category-politik","tag-deutsche-oper-berlin","tag-hans-neuenfels","tag-je-suis-charlie","tag-mozart","tag-terrorismus"],"yoast_head":"<!-- This site is optimized with the Yoast SEO plugin v27.5 - https:\/\/yoast.com\/product\/yoast-seo-wordpress\/ -->\n<title>Freiheit ist nicht einfach \u2013 Die Absetzung einer Opern-Inszenierung 2006 - Auf dem Sperrsitz<\/title>\n<meta name=\"robots\" content=\"index, follow, max-snippet:-1, max-image-preview:large, max-video-preview:-1\" \/>\n<link rel=\"canonical\" href=\"https:\/\/blogs.nmz.de\/wm2014\/2015\/01\/14\/freiheit-ist-nicht-einfach-die-absetzung-einer-opern-inszenierung-2006\/\" \/>\n<meta property=\"og:locale\" content=\"de_DE\" \/>\n<meta property=\"og:type\" content=\"article\" \/>\n<meta property=\"og:title\" content=\"Freiheit ist nicht einfach \u2013 Die Absetzung einer Opern-Inszenierung 2006 - Auf dem Sperrsitz\" \/>\n<meta property=\"og:description\" content=\"Wie frei kann sich Kunst wirklich entfalten? Gro\u00dfe Einigkeit besteht in Presse und Kunst dar\u00fcber, dass man sich nicht vorschreiben lassen mag, wie man was zu tun habe. Satire darf angeblich alles, Kunst immerhin nahezu auch. Bei der Betrachtung fiel... Weiterlesen &rarr;\" \/>\n<meta property=\"og:url\" content=\"https:\/\/blogs.nmz.de\/wm2014\/2015\/01\/14\/freiheit-ist-nicht-einfach-die-absetzung-einer-opern-inszenierung-2006\/\" \/>\n<meta property=\"og:site_name\" content=\"Auf dem Sperrsitz\" \/>\n<meta property=\"article:publisher\" content=\"http:\/\/www.facebook.com\/musikzeitung\" \/>\n<meta property=\"article:author\" content=\"http:\/\/www.facebook.com\/hufner\" \/>\n<meta property=\"article:published_time\" content=\"2015-01-14T11:42:56+00:00\" \/>\n<meta property=\"article:modified_time\" content=\"2015-01-14T12:24:09+00:00\" \/>\n<meta property=\"og:image\" content=\"https:\/\/i1.wp.com\/blogs.nmz.de\/wm2014\/files\/2015\/01\/Deutsche_Oper_Berlin_at_deutsche_oper_-_Twitter_2015-01-14-10-20-15.png?fit=1201%2C467&ssl=1\" \/>\n\t<meta property=\"og:image:width\" content=\"1201\" \/>\n\t<meta property=\"og:image:height\" content=\"467\" \/>\n\t<meta property=\"og:image:type\" content=\"image\/png\" \/>\n<meta name=\"author\" content=\"Martin Hufner\" \/>\n<meta name=\"twitter:card\" content=\"summary_large_image\" \/>\n<meta name=\"twitter:creator\" content=\"@huflaikhan\" \/>\n<meta name=\"twitter:site\" content=\"@musikzeitung\" \/>\n<meta name=\"twitter:label1\" content=\"Verfasst von\" \/>\n\t<meta name=\"twitter:data1\" content=\"Martin Hufner\" \/>\n\t<meta name=\"twitter:label2\" content=\"Gesch\u00e4tzte Lesezeit\" \/>\n\t<meta name=\"twitter:data2\" content=\"3\u00a0Minuten\" \/>\n<script type=\"application\/ld+json\" class=\"yoast-schema-graph\">{\"@context\":\"https:\\\/\\\/schema.org\",\"@graph\":[{\"@type\":\"Article\",\"@id\":\"https:\\\/\\\/blogs.nmz.de\\\/wm2014\\\/2015\\\/01\\\/14\\\/freiheit-ist-nicht-einfach-die-absetzung-einer-opern-inszenierung-2006\\\/#article\",\"isPartOf\":{\"@id\":\"https:\\\/\\\/blogs.nmz.de\\\/wm2014\\\/2015\\\/01\\\/14\\\/freiheit-ist-nicht-einfach-die-absetzung-einer-opern-inszenierung-2006\\\/\"},\"author\":{\"name\":\"Martin Hufner\",\"@id\":\"https:\\\/\\\/blogs.nmz.de\\\/wm2014\\\/#\\\/schema\\\/person\\\/488a80049cf0bbc4cce99951ae91c3b9\"},\"headline\":\"Freiheit ist nicht einfach \u2013 Die Absetzung einer Opern-Inszenierung 2006\",\"datePublished\":\"2015-01-14T11:42:56+00:00\",\"dateModified\":\"2015-01-14T12:24:09+00:00\",\"mainEntityOfPage\":{\"@id\":\"https:\\\/\\\/blogs.nmz.de\\\/wm2014\\\/2015\\\/01\\\/14\\\/freiheit-ist-nicht-einfach-die-absetzung-einer-opern-inszenierung-2006\\\/\"},\"wordCount\":582,\"commentCount\":0,\"image\":{\"@id\":\"https:\\\/\\\/blogs.nmz.de\\\/wm2014\\\/2015\\\/01\\\/14\\\/freiheit-ist-nicht-einfach-die-absetzung-einer-opern-inszenierung-2006\\\/#primaryimage\"},\"thumbnailUrl\":\"https:\\\/\\\/i0.wp.com\\\/blogs.nmz.de\\\/wm2014\\\/files\\\/2015\\\/01\\\/Deutsche_Oper_Berlin_at_deutsche_oper_-_Twitter_2015-01-14-10-20-15.png?fit=1201%2C467&ssl=1\",\"keywords\":[\"Deutsche Oper Berlin\",\"Hans Neuenfels\",\"Je suis Charlie\",\"Mozart\",\"Terrorismus\"],\"articleSection\":[\"Kultur\",\"Politik\"],\"inLanguage\":\"de\",\"potentialAction\":[{\"@type\":\"CommentAction\",\"name\":\"Comment\",\"target\":[\"https:\\\/\\\/blogs.nmz.de\\\/wm2014\\\/2015\\\/01\\\/14\\\/freiheit-ist-nicht-einfach-die-absetzung-einer-opern-inszenierung-2006\\\/#respond\"]}]},{\"@type\":\"WebPage\",\"@id\":\"https:\\\/\\\/blogs.nmz.de\\\/wm2014\\\/2015\\\/01\\\/14\\\/freiheit-ist-nicht-einfach-die-absetzung-einer-opern-inszenierung-2006\\\/\",\"url\":\"https:\\\/\\\/blogs.nmz.de\\\/wm2014\\\/2015\\\/01\\\/14\\\/freiheit-ist-nicht-einfach-die-absetzung-einer-opern-inszenierung-2006\\\/\",\"name\":\"Freiheit ist nicht einfach \u2013 Die Absetzung einer Opern-Inszenierung 2006 - Auf dem Sperrsitz\",\"isPartOf\":{\"@id\":\"https:\\\/\\\/blogs.nmz.de\\\/wm2014\\\/#website\"},\"primaryImageOfPage\":{\"@id\":\"https:\\\/\\\/blogs.nmz.de\\\/wm2014\\\/2015\\\/01\\\/14\\\/freiheit-ist-nicht-einfach-die-absetzung-einer-opern-inszenierung-2006\\\/#primaryimage\"},\"image\":{\"@id\":\"https:\\\/\\\/blogs.nmz.de\\\/wm2014\\\/2015\\\/01\\\/14\\\/freiheit-ist-nicht-einfach-die-absetzung-einer-opern-inszenierung-2006\\\/#primaryimage\"},\"thumbnailUrl\":\"https:\\\/\\\/i0.wp.com\\\/blogs.nmz.de\\\/wm2014\\\/files\\\/2015\\\/01\\\/Deutsche_Oper_Berlin_at_deutsche_oper_-_Twitter_2015-01-14-10-20-15.png?fit=1201%2C467&ssl=1\",\"datePublished\":\"2015-01-14T11:42:56+00:00\",\"dateModified\":\"2015-01-14T12:24:09+00:00\",\"author\":{\"@id\":\"https:\\\/\\\/blogs.nmz.de\\\/wm2014\\\/#\\\/schema\\\/person\\\/488a80049cf0bbc4cce99951ae91c3b9\"},\"breadcrumb\":{\"@id\":\"https:\\\/\\\/blogs.nmz.de\\\/wm2014\\\/2015\\\/01\\\/14\\\/freiheit-ist-nicht-einfach-die-absetzung-einer-opern-inszenierung-2006\\\/#breadcrumb\"},\"inLanguage\":\"de\",\"potentialAction\":[{\"@type\":\"ReadAction\",\"target\":[\"https:\\\/\\\/blogs.nmz.de\\\/wm2014\\\/2015\\\/01\\\/14\\\/freiheit-ist-nicht-einfach-die-absetzung-einer-opern-inszenierung-2006\\\/\"]}]},{\"@type\":\"ImageObject\",\"inLanguage\":\"de\",\"@id\":\"https:\\\/\\\/blogs.nmz.de\\\/wm2014\\\/2015\\\/01\\\/14\\\/freiheit-ist-nicht-einfach-die-absetzung-einer-opern-inszenierung-2006\\\/#primaryimage\",\"url\":\"https:\\\/\\\/i0.wp.com\\\/blogs.nmz.de\\\/wm2014\\\/files\\\/2015\\\/01\\\/Deutsche_Oper_Berlin_at_deutsche_oper_-_Twitter_2015-01-14-10-20-15.png?fit=1201%2C467&ssl=1\",\"contentUrl\":\"https:\\\/\\\/i0.wp.com\\\/blogs.nmz.de\\\/wm2014\\\/files\\\/2015\\\/01\\\/Deutsche_Oper_Berlin_at_deutsche_oper_-_Twitter_2015-01-14-10-20-15.png?fit=1201%2C467&ssl=1\",\"width\":1201,\"height\":467,\"caption\":\"Retweet der Deutschen Oper Berlin auf Twitter. Screenshot\"},{\"@type\":\"BreadcrumbList\",\"@id\":\"https:\\\/\\\/blogs.nmz.de\\\/wm2014\\\/2015\\\/01\\\/14\\\/freiheit-ist-nicht-einfach-die-absetzung-einer-opern-inszenierung-2006\\\/#breadcrumb\",\"itemListElement\":[{\"@type\":\"ListItem\",\"position\":1,\"name\":\"Startseite\",\"item\":\"https:\\\/\\\/blogs.nmz.de\\\/wm2014\\\/\"},{\"@type\":\"ListItem\",\"position\":2,\"name\":\"Freiheit ist nicht einfach \u2013 Die Absetzung einer Opern-Inszenierung 2006\"}]},{\"@type\":\"WebSite\",\"@id\":\"https:\\\/\\\/blogs.nmz.de\\\/wm2014\\\/#website\",\"url\":\"https:\\\/\\\/blogs.nmz.de\\\/wm2014\\\/\",\"name\":\"Auf dem Sperrsitz\",\"description\":\"Im Kultur-Zoo der nmz\",\"potentialAction\":[{\"@type\":\"SearchAction\",\"target\":{\"@type\":\"EntryPoint\",\"urlTemplate\":\"https:\\\/\\\/blogs.nmz.de\\\/wm2014\\\/?s={search_term_string}\"},\"query-input\":{\"@type\":\"PropertyValueSpecification\",\"valueRequired\":true,\"valueName\":\"search_term_string\"}}],\"inLanguage\":\"de\"},{\"@type\":\"Person\",\"@id\":\"https:\\\/\\\/blogs.nmz.de\\\/wm2014\\\/#\\\/schema\\\/person\\\/488a80049cf0bbc4cce99951ae91c3b9\",\"name\":\"Martin Hufner\",\"image\":{\"@type\":\"ImageObject\",\"inLanguage\":\"de\",\"@id\":\"https:\\\/\\\/secure.gravatar.com\\\/avatar\\\/891bbce378eb0bdbf7f71559e53af16afd9e2f8a020e2f876adcfcd437cd011a?s=96&d=mm&r=g\",\"url\":\"https:\\\/\\\/secure.gravatar.com\\\/avatar\\\/891bbce378eb0bdbf7f71559e53af16afd9e2f8a020e2f876adcfcd437cd011a?s=96&d=mm&r=g\",\"contentUrl\":\"https:\\\/\\\/secure.gravatar.com\\\/avatar\\\/891bbce378eb0bdbf7f71559e53af16afd9e2f8a020e2f876adcfcd437cd011a?s=96&d=mm&r=g\",\"caption\":\"Martin Hufner\"},\"description\":\"seit 1997 chef\u00f6konom der kritischen masse und netzbabysitter der nmz.\",\"sameAs\":[\"https:\\\/\\\/www.musikkritik.org\",\"http:\\\/\\\/www.facebook.com\\\/hufner\",\"https:\\\/\\\/www.linkedin.com\\\/profile\\\/view?id=48050869&trk=spm_pic\",\"https:\\\/\\\/x.com\\\/huflaikhan\"],\"url\":\"https:\\\/\\\/blogs.nmz.de\\\/wm2014\\\/author\\\/admin\\\/\"}]}<\/script>\n<!-- \/ Yoast SEO plugin. -->","yoast_head_json":{"title":"Freiheit ist nicht einfach \u2013 Die Absetzung einer Opern-Inszenierung 2006 - Auf dem Sperrsitz","robots":{"index":"index","follow":"follow","max-snippet":"max-snippet:-1","max-image-preview":"max-image-preview:large","max-video-preview":"max-video-preview:-1"},"canonical":"https:\/\/blogs.nmz.de\/wm2014\/2015\/01\/14\/freiheit-ist-nicht-einfach-die-absetzung-einer-opern-inszenierung-2006\/","og_locale":"de_DE","og_type":"article","og_title":"Freiheit ist nicht einfach \u2013 Die Absetzung einer Opern-Inszenierung 2006 - Auf dem Sperrsitz","og_description":"Wie frei kann sich Kunst wirklich entfalten? Gro\u00dfe Einigkeit besteht in Presse und Kunst dar\u00fcber, dass man sich nicht vorschreiben lassen mag, wie man was zu tun habe. Satire darf angeblich alles, Kunst immerhin nahezu auch. Bei der Betrachtung fiel... Weiterlesen &rarr;","og_url":"https:\/\/blogs.nmz.de\/wm2014\/2015\/01\/14\/freiheit-ist-nicht-einfach-die-absetzung-einer-opern-inszenierung-2006\/","og_site_name":"Auf dem Sperrsitz","article_publisher":"http:\/\/www.facebook.com\/musikzeitung","article_author":"http:\/\/www.facebook.com\/hufner","article_published_time":"2015-01-14T11:42:56+00:00","article_modified_time":"2015-01-14T12:24:09+00:00","og_image":[{"width":1201,"height":467,"url":"https:\/\/i1.wp.com\/blogs.nmz.de\/wm2014\/files\/2015\/01\/Deutsche_Oper_Berlin_at_deutsche_oper_-_Twitter_2015-01-14-10-20-15.png?fit=1201%2C467&ssl=1","type":"image\/png"}],"author":"Martin Hufner","twitter_card":"summary_large_image","twitter_creator":"@huflaikhan","twitter_site":"@musikzeitung","twitter_misc":{"Verfasst von":"Martin Hufner","Gesch\u00e4tzte Lesezeit":"3\u00a0Minuten"},"schema":{"@context":"https:\/\/schema.org","@graph":[{"@type":"Article","@id":"https:\/\/blogs.nmz.de\/wm2014\/2015\/01\/14\/freiheit-ist-nicht-einfach-die-absetzung-einer-opern-inszenierung-2006\/#article","isPartOf":{"@id":"https:\/\/blogs.nmz.de\/wm2014\/2015\/01\/14\/freiheit-ist-nicht-einfach-die-absetzung-einer-opern-inszenierung-2006\/"},"author":{"name":"Martin Hufner","@id":"https:\/\/blogs.nmz.de\/wm2014\/#\/schema\/person\/488a80049cf0bbc4cce99951ae91c3b9"},"headline":"Freiheit ist nicht einfach \u2013 Die Absetzung einer Opern-Inszenierung 2006","datePublished":"2015-01-14T11:42:56+00:00","dateModified":"2015-01-14T12:24:09+00:00","mainEntityOfPage":{"@id":"https:\/\/blogs.nmz.de\/wm2014\/2015\/01\/14\/freiheit-ist-nicht-einfach-die-absetzung-einer-opern-inszenierung-2006\/"},"wordCount":582,"commentCount":0,"image":{"@id":"https:\/\/blogs.nmz.de\/wm2014\/2015\/01\/14\/freiheit-ist-nicht-einfach-die-absetzung-einer-opern-inszenierung-2006\/#primaryimage"},"thumbnailUrl":"https:\/\/i0.wp.com\/blogs.nmz.de\/wm2014\/files\/2015\/01\/Deutsche_Oper_Berlin_at_deutsche_oper_-_Twitter_2015-01-14-10-20-15.png?fit=1201%2C467&ssl=1","keywords":["Deutsche Oper Berlin","Hans Neuenfels","Je suis Charlie","Mozart","Terrorismus"],"articleSection":["Kultur","Politik"],"inLanguage":"de","potentialAction":[{"@type":"CommentAction","name":"Comment","target":["https:\/\/blogs.nmz.de\/wm2014\/2015\/01\/14\/freiheit-ist-nicht-einfach-die-absetzung-einer-opern-inszenierung-2006\/#respond"]}]},{"@type":"WebPage","@id":"https:\/\/blogs.nmz.de\/wm2014\/2015\/01\/14\/freiheit-ist-nicht-einfach-die-absetzung-einer-opern-inszenierung-2006\/","url":"https:\/\/blogs.nmz.de\/wm2014\/2015\/01\/14\/freiheit-ist-nicht-einfach-die-absetzung-einer-opern-inszenierung-2006\/","name":"Freiheit ist nicht einfach \u2013 Die Absetzung einer Opern-Inszenierung 2006 - Auf dem Sperrsitz","isPartOf":{"@id":"https:\/\/blogs.nmz.de\/wm2014\/#website"},"primaryImageOfPage":{"@id":"https:\/\/blogs.nmz.de\/wm2014\/2015\/01\/14\/freiheit-ist-nicht-einfach-die-absetzung-einer-opern-inszenierung-2006\/#primaryimage"},"image":{"@id":"https:\/\/blogs.nmz.de\/wm2014\/2015\/01\/14\/freiheit-ist-nicht-einfach-die-absetzung-einer-opern-inszenierung-2006\/#primaryimage"},"thumbnailUrl":"https:\/\/i0.wp.com\/blogs.nmz.de\/wm2014\/files\/2015\/01\/Deutsche_Oper_Berlin_at_deutsche_oper_-_Twitter_2015-01-14-10-20-15.png?fit=1201%2C467&ssl=1","datePublished":"2015-01-14T11:42:56+00:00","dateModified":"2015-01-14T12:24:09+00:00","author":{"@id":"https:\/\/blogs.nmz.de\/wm2014\/#\/schema\/person\/488a80049cf0bbc4cce99951ae91c3b9"},"breadcrumb":{"@id":"https:\/\/blogs.nmz.de\/wm2014\/2015\/01\/14\/freiheit-ist-nicht-einfach-die-absetzung-einer-opern-inszenierung-2006\/#breadcrumb"},"inLanguage":"de","potentialAction":[{"@type":"ReadAction","target":["https:\/\/blogs.nmz.de\/wm2014\/2015\/01\/14\/freiheit-ist-nicht-einfach-die-absetzung-einer-opern-inszenierung-2006\/"]}]},{"@type":"ImageObject","inLanguage":"de","@id":"https:\/\/blogs.nmz.de\/wm2014\/2015\/01\/14\/freiheit-ist-nicht-einfach-die-absetzung-einer-opern-inszenierung-2006\/#primaryimage","url":"https:\/\/i0.wp.com\/blogs.nmz.de\/wm2014\/files\/2015\/01\/Deutsche_Oper_Berlin_at_deutsche_oper_-_Twitter_2015-01-14-10-20-15.png?fit=1201%2C467&ssl=1","contentUrl":"https:\/\/i0.wp.com\/blogs.nmz.de\/wm2014\/files\/2015\/01\/Deutsche_Oper_Berlin_at_deutsche_oper_-_Twitter_2015-01-14-10-20-15.png?fit=1201%2C467&ssl=1","width":1201,"height":467,"caption":"Retweet der Deutschen Oper Berlin auf Twitter. Screenshot"},{"@type":"BreadcrumbList","@id":"https:\/\/blogs.nmz.de\/wm2014\/2015\/01\/14\/freiheit-ist-nicht-einfach-die-absetzung-einer-opern-inszenierung-2006\/#breadcrumb","itemListElement":[{"@type":"ListItem","position":1,"name":"Startseite","item":"https:\/\/blogs.nmz.de\/wm2014\/"},{"@type":"ListItem","position":2,"name":"Freiheit ist nicht einfach \u2013 Die Absetzung einer Opern-Inszenierung 2006"}]},{"@type":"WebSite","@id":"https:\/\/blogs.nmz.de\/wm2014\/#website","url":"https:\/\/blogs.nmz.de\/wm2014\/","name":"Auf dem Sperrsitz","description":"Im Kultur-Zoo der nmz","potentialAction":[{"@type":"SearchAction","target":{"@type":"EntryPoint","urlTemplate":"https:\/\/blogs.nmz.de\/wm2014\/?s={search_term_string}"},"query-input":{"@type":"PropertyValueSpecification","valueRequired":true,"valueName":"search_term_string"}}],"inLanguage":"de"},{"@type":"Person","@id":"https:\/\/blogs.nmz.de\/wm2014\/#\/schema\/person\/488a80049cf0bbc4cce99951ae91c3b9","name":"Martin Hufner","image":{"@type":"ImageObject","inLanguage":"de","@id":"https:\/\/secure.gravatar.com\/avatar\/891bbce378eb0bdbf7f71559e53af16afd9e2f8a020e2f876adcfcd437cd011a?s=96&d=mm&r=g","url":"https:\/\/secure.gravatar.com\/avatar\/891bbce378eb0bdbf7f71559e53af16afd9e2f8a020e2f876adcfcd437cd011a?s=96&d=mm&r=g","contentUrl":"https:\/\/secure.gravatar.com\/avatar\/891bbce378eb0bdbf7f71559e53af16afd9e2f8a020e2f876adcfcd437cd011a?s=96&d=mm&r=g","caption":"Martin Hufner"},"description":"seit 1997 chef\u00f6konom der kritischen masse und netzbabysitter der nmz.","sameAs":["https:\/\/www.musikkritik.org","http:\/\/www.facebook.com\/hufner","https:\/\/www.linkedin.com\/profile\/view?id=48050869&trk=spm_pic","https:\/\/x.com\/huflaikhan"],"url":"https:\/\/blogs.nmz.de\/wm2014\/author\/admin\/"}]}},"wp-worthy-pixel":{"ignored":false,"public":null,"server":null,"url":null},"wp-worthy-type":"normal","jetpack_featured_media_url":"https:\/\/i0.wp.com\/blogs.nmz.de\/wm2014\/files\/2015\/01\/Deutsche_Oper_Berlin_at_deutsche_oper_-_Twitter_2015-01-14-10-20-15.png?fit=1201%2C467&ssl=1","jetpack_shortlink":"https:\/\/wp.me\/p4Gg77-jg","jetpack-related-posts":[],"jetpack_sharing_enabled":true,"_links":{"self":[{"href":"https:\/\/blogs.nmz.de\/wm2014\/wp-json\/wp\/v2\/posts\/1194","targetHints":{"allow":["GET"]}}],"collection":[{"href":"https:\/\/blogs.nmz.de\/wm2014\/wp-json\/wp\/v2\/posts"}],"about":[{"href":"https:\/\/blogs.nmz.de\/wm2014\/wp-json\/wp\/v2\/types\/post"}],"author":[{"embeddable":true,"href":"https:\/\/blogs.nmz.de\/wm2014\/wp-json\/wp\/v2\/users\/1"}],"replies":[{"embeddable":true,"href":"https:\/\/blogs.nmz.de\/wm2014\/wp-json\/wp\/v2\/comments?post=1194"}],"version-history":[{"count":4,"href":"https:\/\/blogs.nmz.de\/wm2014\/wp-json\/wp\/v2\/posts\/1194\/revisions"}],"predecessor-version":[{"id":1199,"href":"https:\/\/blogs.nmz.de\/wm2014\/wp-json\/wp\/v2\/posts\/1194\/revisions\/1199"}],"wp:featuredmedia":[{"embeddable":true,"href":"https:\/\/blogs.nmz.de\/wm2014\/wp-json\/wp\/v2\/media\/1195"}],"wp:attachment":[{"href":"https:\/\/blogs.nmz.de\/wm2014\/wp-json\/wp\/v2\/media?parent=1194"}],"wp:term":[{"taxonomy":"category","embeddable":true,"href":"https:\/\/blogs.nmz.de\/wm2014\/wp-json\/wp\/v2\/categories?post=1194"},{"taxonomy":"post_tag","embeddable":true,"href":"https:\/\/blogs.nmz.de\/wm2014\/wp-json\/wp\/v2\/tags?post=1194"}],"curies":[{"name":"wp","href":"https:\/\/api.w.org\/{rel}","templated":true}]}}