{"id":96,"date":"2014-07-29T17:00:05","date_gmt":"2014-07-29T15:00:05","guid":{"rendered":"http:\/\/blogs.nmz.de\/muv\/?p=96"},"modified":"2014-07-29T16:12:01","modified_gmt":"2014-07-29T14:12:01","slug":"kennt-ihr-schon-diesen-nils","status":"publish","type":"post","link":"https:\/\/blogs.nmz.de\/muv\/2014\/07\/29\/kennt-ihr-schon-diesen-nils\/","title":{"rendered":"Kennt ihr schon diesen&#8230; Nils"},"content":{"rendered":"<p>Der 26-j\u00e4hrige Nils studiert Kulturmanagement in G\u00f6rlitz. Er macht sehr viel und gerne Musik.<br \/>\nNeben der Leidenschaft f\u00fcr das Klavierspiel, welches er lediglich f\u00fcr sich selbst &#8211; fernab von<br \/>\nZuh\u00f6rern &#8211; betreibt, spielt er Fagott in Orchestern oder mit passenden Kammermusikpartnern.<\/p>\n<figure id=\"attachment_24\" aria-describedby=\"caption-attachment-24\" style=\"width: 300px\" class=\"wp-caption alignright\"><a href=\"https:\/\/i0.wp.com\/blogs.nmz.de\/muv\/files\/2014\/07\/Nils.jpg?ssl=1\" class=\"thickbox no_icon\"><img data-recalc-dims=\"1\" loading=\"lazy\" decoding=\"async\" data-attachment-id=\"24\" data-permalink=\"https:\/\/blogs.nmz.de\/muv\/nils\/\" data-orig-file=\"https:\/\/i0.wp.com\/blogs.nmz.de\/muv\/files\/2014\/07\/Nils.jpg?fit=3008%2C2000&amp;ssl=1\" data-orig-size=\"3008,2000\" data-comments-opened=\"1\" data-image-meta=\"{&quot;aperture&quot;:&quot;11&quot;,&quot;credit&quot;:&quot;&quot;,&quot;camera&quot;:&quot;PENTAX *ist DL&quot;,&quot;caption&quot;:&quot;&quot;,&quot;created_timestamp&quot;:&quot;1104537941&quot;,&quot;copyright&quot;:&quot;&quot;,&quot;focal_length&quot;:&quot;40&quot;,&quot;iso&quot;:&quot;800&quot;,&quot;shutter_speed&quot;:&quot;0.001&quot;,&quot;title&quot;:&quot;&quot;}\" data-image-title=\"Nils\" data-image-description=\"\" data-image-caption=\"&lt;p&gt;Untertitel&lt;\/p&gt;\n\" data-large-file=\"https:\/\/i0.wp.com\/blogs.nmz.de\/muv\/files\/2014\/07\/Nils.jpg?fit=640%2C425&amp;ssl=1\" class=\"wp-image-24 size-medium\" src=\"https:\/\/i0.wp.com\/blogs.nmz.de\/muv\/files\/2014\/07\/Nils.jpg?resize=300%2C199&#038;ssl=1\" alt=\"Untertitel\" width=\"300\" height=\"199\" srcset=\"https:\/\/i0.wp.com\/blogs.nmz.de\/muv\/files\/2014\/07\/Nils.jpg?resize=300%2C199&amp;ssl=1 300w, https:\/\/i0.wp.com\/blogs.nmz.de\/muv\/files\/2014\/07\/Nils.jpg?resize=1024%2C680&amp;ssl=1 1024w, https:\/\/i0.wp.com\/blogs.nmz.de\/muv\/files\/2014\/07\/Nils.jpg?resize=82%2C55&amp;ssl=1 82w, https:\/\/i0.wp.com\/blogs.nmz.de\/muv\/files\/2014\/07\/Nils.jpg?resize=75%2C50&amp;ssl=1 75w, https:\/\/i0.wp.com\/blogs.nmz.de\/muv\/files\/2014\/07\/Nils.jpg?w=1280&amp;ssl=1 1280w, https:\/\/i0.wp.com\/blogs.nmz.de\/muv\/files\/2014\/07\/Nils.jpg?w=1920&amp;ssl=1 1920w\" sizes=\"auto, (max-width: 300px) 100vw, 300px\" \/><\/a><figcaption id=\"caption-attachment-24\" class=\"wp-caption-text\">Nils<\/figcaption><\/figure>\n<p>Nach Weikersheim zum mu:v-Camp f\u00fchrt ihn die Verbundenheit zu diesem idyllischen St\u00e4dtchen.<br \/>\nEr war im Rahmen der JMD schon sehr oft hier t\u00e4tig. Au\u00dferdem ist er neugierig auf die kommende<br \/>\nWoche. Was kommt noch an Neuem hinzu? Was kenne ich so noch nicht?<br \/>\nGerade diese Neugier verbindet Nils mit dem Journalismus. Er sieht Journalismus als \u201eMittel,<br \/>\nNeugier medial festzuhalten\u201c und anderen Menschen Medien n\u00e4her zu bringen. Dadurch kann<br \/>\nJournalismus etwas in ihnen bewegen, sei es interessens- oder meinungsbildend.<\/p>\n","protected":false},"excerpt":{"rendered":"<p>Der 26-j\u00e4hrige Nils studiert Kulturmanagement in G\u00f6rlitz. Er macht sehr viel und gerne Musik. Neben der Leidenschaft f\u00fcr das Klavierspiel, welches er lediglich f\u00fcr sich selbst &#8211; fernab von Zuh\u00f6rern &#8211; betreibt, spielt er Fagott in Orchestern oder mit passenden Kammermusikpartnern. Nach Weikersheim zum mu:v-Camp f\u00fchrt ihn die Verbundenheit zu diesem idyllischen St\u00e4dtchen. Er war&#8230;<\/p>\n","protected":false},"author":565,"featured_media":0,"comment_status":"open","ping_status":"open","sticky":false,"template":"","format":"standard","meta":{"jetpack_post_was_ever_published":false,"footnotes":""},"categories":[11721],"tags":[],"class_list":["post-96","post","type-post","status-publish","format-standard","hentry","category-portraetinterview"],"jetpack_featured_media_url":"","jetpack_sharing_enabled":true,"jetpack_shortlink":"https:\/\/wp.me\/p4QBW9-1y","_links":{"self":[{"href":"https:\/\/blogs.nmz.de\/muv\/wp-json\/wp\/v2\/posts\/96","targetHints":{"allow":["GET"]}}],"collection":[{"href":"https:\/\/blogs.nmz.de\/muv\/wp-json\/wp\/v2\/posts"}],"about":[{"href":"https:\/\/blogs.nmz.de\/muv\/wp-json\/wp\/v2\/types\/post"}],"author":[{"embeddable":true,"href":"https:\/\/blogs.nmz.de\/muv\/wp-json\/wp\/v2\/users\/565"}],"replies":[{"embeddable":true,"href":"https:\/\/blogs.nmz.de\/muv\/wp-json\/wp\/v2\/comments?post=96"}],"version-history":[{"count":5,"href":"https:\/\/blogs.nmz.de\/muv\/wp-json\/wp\/v2\/posts\/96\/revisions"}],"predecessor-version":[{"id":109,"href":"https:\/\/blogs.nmz.de\/muv\/wp-json\/wp\/v2\/posts\/96\/revisions\/109"}],"wp:attachment":[{"href":"https:\/\/blogs.nmz.de\/muv\/wp-json\/wp\/v2\/media?parent=96"}],"wp:term":[{"taxonomy":"category","embeddable":true,"href":"https:\/\/blogs.nmz.de\/muv\/wp-json\/wp\/v2\/categories?post=96"},{"taxonomy":"post_tag","embeddable":true,"href":"https:\/\/blogs.nmz.de\/muv\/wp-json\/wp\/v2\/tags?post=96"}],"curies":[{"name":"wp","href":"https:\/\/api.w.org\/{rel}","templated":true}]}}