{"id":94,"date":"2014-07-29T19:00:35","date_gmt":"2014-07-29T17:00:35","guid":{"rendered":"http:\/\/blogs.nmz.de\/muv\/?p=94"},"modified":"2016-07-24T14:42:19","modified_gmt":"2016-07-24T12:42:19","slug":"kennt-ihr-schon-diese-theresa","status":"publish","type":"post","link":"https:\/\/blogs.nmz.de\/muv\/2014\/07\/29\/kennt-ihr-schon-diese-theresa\/","title":{"rendered":"2014: Kennt ihr schon diese&#8230;Theresa"},"content":{"rendered":"<p><b>Portr\u00e4t Theresa Awiszus<\/b><\/p>\n<p>Nun sind wir also in Weikersheim. Das mu:v-Camp 2014 hat begonnen. Zumindest der begleitende Musikjournalismus-Kurs, der von Journalisten der <i>nmz<\/i> betreut wird. Nach einer Vorstellungsrunde und einleitenden Worten ist es unsere erste Aufgabe, uns gegenseitig zu interviewen.<\/p>\n<p>Mir gegen\u00fcber sitzt Theresa, die heute mit ihrer Freundin Anna-Lena per Zug aus Heidelberg angereist ist. Wir haben uns vor einem Monat bei den Bundesfachschaftstagen Musikwissenschaft in Saarbr\u00fccken kennengelernt und die beiden haben sich begeistert und sehr spontan entschieden, ebenfalls zum mu:v-Camp zu kommen. \u201eDas Singen macht mir sehr viel Spa\u00df. Damit kann ich mich identifizieren.\u201c sagt sie gleich zu Beginn. \u201e\u00dcber meine Stimme kann ich ausdr\u00fccken, was mich bewegt.\u201c Sie plant, ihre journalistischen Kenntnisse nach dem mu:v-Camp mit einem Praktikum beim Rundfunk oder einem Fernsehsender zu erweitern. \u201eAllerdings\u201c, sagt Theresa, \u201efinde ich auch die anderen M\u00f6glichkeiten, die das Berufsbild Journalismus bietet wie etwa Zeitung oder Webjournalismus sehr interessant.\u201c Theresa freut sich aber nun erstmal auf die Tage, die vor uns liegen. Die Musikwissenschaft-Studentin hofft, dass sie hier in Weikersheim n\u00fctzliche Tipps und Kniffe beigebracht bekommt, um \u00fcber Musik berichten zu k\u00f6nnen.\u00a0 \u201eMusikjournalismus ist f\u00fcr mich vor allem das kritische Berichten \u00fcber Konzerte und Festivals.\u201c<\/p>\n<figure id=\"attachment_95\" aria-describedby=\"caption-attachment-95\" style=\"width: 300px\" class=\"wp-caption alignnone\"><a href=\"https:\/\/i0.wp.com\/blogs.nmz.de\/muv\/files\/2014\/07\/Foto-1.jpg?ssl=1\" class=\"thickbox no_icon\"><img data-recalc-dims=\"1\" loading=\"lazy\" decoding=\"async\" data-attachment-id=\"95\" data-permalink=\"https:\/\/blogs.nmz.de\/muv\/2014\/07\/29\/kennt-ihr-schon-diese-theresa\/foto-1\/\" data-orig-file=\"https:\/\/i0.wp.com\/blogs.nmz.de\/muv\/files\/2014\/07\/Foto-1.jpg?fit=2592%2C1728&amp;ssl=1\" data-orig-size=\"2592,1728\" data-comments-opened=\"1\" data-image-meta=\"{&quot;aperture&quot;:&quot;2.4&quot;,&quot;credit&quot;:&quot;&quot;,&quot;camera&quot;:&quot;iPad&quot;,&quot;caption&quot;:&quot;&quot;,&quot;created_timestamp&quot;:&quot;1406562955&quot;,&quot;copyright&quot;:&quot;&quot;,&quot;focal_length&quot;:&quot;4.28&quot;,&quot;iso&quot;:&quot;50&quot;,&quot;shutter_speed&quot;:&quot;0.0036101083032491&quot;,&quot;title&quot;:&quot;&quot;}\" data-image-title=\"Foto 1\" data-image-description=\"\" data-image-caption=\"&lt;p&gt;Theresa &lt;\/p&gt;\n\" data-large-file=\"https:\/\/i0.wp.com\/blogs.nmz.de\/muv\/files\/2014\/07\/Foto-1.jpg?fit=640%2C426&amp;ssl=1\" class=\"size-medium wp-image-95\" src=\"https:\/\/i0.wp.com\/blogs.nmz.de\/muv\/files\/2014\/07\/Foto-1.jpg?resize=300%2C200&#038;ssl=1\" alt=\"Theresa \" width=\"300\" height=\"200\" srcset=\"https:\/\/i0.wp.com\/blogs.nmz.de\/muv\/files\/2014\/07\/Foto-1.jpg?resize=300%2C200&amp;ssl=1 300w, https:\/\/i0.wp.com\/blogs.nmz.de\/muv\/files\/2014\/07\/Foto-1.jpg?resize=1024%2C682&amp;ssl=1 1024w, https:\/\/i0.wp.com\/blogs.nmz.de\/muv\/files\/2014\/07\/Foto-1.jpg?resize=75%2C50&amp;ssl=1 75w, https:\/\/i0.wp.com\/blogs.nmz.de\/muv\/files\/2014\/07\/Foto-1.jpg?w=1280&amp;ssl=1 1280w, https:\/\/i0.wp.com\/blogs.nmz.de\/muv\/files\/2014\/07\/Foto-1.jpg?w=1920&amp;ssl=1 1920w\" sizes=\"auto, (max-width: 300px) 100vw, 300px\" \/><\/a><figcaption id=\"caption-attachment-95\" class=\"wp-caption-text\">Theresa<\/figcaption><\/figure>\n","protected":false},"excerpt":{"rendered":"<p>Portr\u00e4t Theresa Awiszus Nun sind wir also in Weikersheim. Das mu:v-Camp 2014 hat begonnen. Zumindest der begleitende Musikjournalismus-Kurs, der von Journalisten der nmz betreut wird. Nach einer Vorstellungsrunde und einleitenden Worten ist es unsere erste Aufgabe, uns gegenseitig zu interviewen. Mir gegen\u00fcber sitzt Theresa, die heute mit ihrer Freundin Anna-Lena per Zug aus Heidelberg angereist&#8230;<\/p>\n","protected":false},"author":564,"featured_media":0,"comment_status":"open","ping_status":"open","sticky":false,"template":"","format":"standard","meta":{"jetpack_post_was_ever_published":false,"footnotes":""},"categories":[11721],"tags":[],"class_list":["post-94","post","type-post","status-publish","format-standard","hentry","category-portraetinterview"],"jetpack_featured_media_url":"","jetpack_sharing_enabled":true,"jetpack_shortlink":"https:\/\/wp.me\/p4QBW9-1w","_links":{"self":[{"href":"https:\/\/blogs.nmz.de\/muv\/wp-json\/wp\/v2\/posts\/94","targetHints":{"allow":["GET"]}}],"collection":[{"href":"https:\/\/blogs.nmz.de\/muv\/wp-json\/wp\/v2\/posts"}],"about":[{"href":"https:\/\/blogs.nmz.de\/muv\/wp-json\/wp\/v2\/types\/post"}],"author":[{"embeddable":true,"href":"https:\/\/blogs.nmz.de\/muv\/wp-json\/wp\/v2\/users\/564"}],"replies":[{"embeddable":true,"href":"https:\/\/blogs.nmz.de\/muv\/wp-json\/wp\/v2\/comments?post=94"}],"version-history":[{"count":2,"href":"https:\/\/blogs.nmz.de\/muv\/wp-json\/wp\/v2\/posts\/94\/revisions"}],"predecessor-version":[{"id":256,"href":"https:\/\/blogs.nmz.de\/muv\/wp-json\/wp\/v2\/posts\/94\/revisions\/256"}],"wp:attachment":[{"href":"https:\/\/blogs.nmz.de\/muv\/wp-json\/wp\/v2\/media?parent=94"}],"wp:term":[{"taxonomy":"category","embeddable":true,"href":"https:\/\/blogs.nmz.de\/muv\/wp-json\/wp\/v2\/categories?post=94"},{"taxonomy":"post_tag","embeddable":true,"href":"https:\/\/blogs.nmz.de\/muv\/wp-json\/wp\/v2\/tags?post=94"}],"curies":[{"name":"wp","href":"https:\/\/api.w.org\/{rel}","templated":true}]}}