{"id":35,"date":"2014-07-29T16:02:16","date_gmt":"2014-07-29T14:02:16","guid":{"rendered":"http:\/\/blogs.nmz.de\/muv\/?p=35"},"modified":"2014-07-29T16:12:06","modified_gmt":"2014-07-29T14:12:06","slug":"kennt-ihr-schon-diese-caro","status":"publish","type":"post","link":"https:\/\/blogs.nmz.de\/muv\/2014\/07\/29\/kennt-ihr-schon-diese-caro\/","title":{"rendered":"Kennt ihr schon diese&#8230; Caro"},"content":{"rendered":"<p><strong>Nils:<\/strong> Wie hast Du dich auf das mu:v-Camp und den Journalismus-Kurs vorbereitet?<br \/>\n<strong>Caro:<\/strong> Leider hatte ich keine Zeit zur Vorbereitung, da ich mich erst sehr spontan am Freitag<br \/>\ndazu entschlossen habe, teilzunehmen. <img data-recalc-dims=\"1\" loading=\"lazy\" decoding=\"async\" data-attachment-id=\"114\" data-permalink=\"https:\/\/blogs.nmz.de\/muv\/2014\/07\/29\/kennt-ihr-schon-diese-caro\/caro\/\" data-orig-file=\"https:\/\/i0.wp.com\/blogs.nmz.de\/muv\/files\/2014\/07\/Caro.jpg?fit=3008%2C2000&amp;ssl=1\" data-orig-size=\"3008,2000\" data-comments-opened=\"1\" data-image-meta=\"{&quot;aperture&quot;:&quot;11&quot;,&quot;credit&quot;:&quot;&quot;,&quot;camera&quot;:&quot;PENTAX *ist DL&quot;,&quot;caption&quot;:&quot;&quot;,&quot;created_timestamp&quot;:&quot;1104537921&quot;,&quot;copyright&quot;:&quot;&quot;,&quot;focal_length&quot;:&quot;40&quot;,&quot;iso&quot;:&quot;800&quot;,&quot;shutter_speed&quot;:&quot;0.0008&quot;,&quot;title&quot;:&quot;&quot;}\" data-image-title=\"Caro\" data-image-description=\"\" data-image-caption=\"\" data-large-file=\"https:\/\/i0.wp.com\/blogs.nmz.de\/muv\/files\/2014\/07\/Caro.jpg?fit=640%2C425&amp;ssl=1\" class=\"alignright wp-image-114 size-medium\" src=\"https:\/\/i0.wp.com\/blogs.nmz.de\/muv\/files\/2014\/07\/Caro.jpg?resize=300%2C199&#038;ssl=1\" alt=\"Caro\" width=\"300\" height=\"199\" srcset=\"https:\/\/i0.wp.com\/blogs.nmz.de\/muv\/files\/2014\/07\/Caro.jpg?resize=300%2C199&amp;ssl=1 300w, https:\/\/i0.wp.com\/blogs.nmz.de\/muv\/files\/2014\/07\/Caro.jpg?resize=1024%2C680&amp;ssl=1 1024w, https:\/\/i0.wp.com\/blogs.nmz.de\/muv\/files\/2014\/07\/Caro.jpg?resize=75%2C50&amp;ssl=1 75w, https:\/\/i0.wp.com\/blogs.nmz.de\/muv\/files\/2014\/07\/Caro.jpg?w=1280&amp;ssl=1 1280w, https:\/\/i0.wp.com\/blogs.nmz.de\/muv\/files\/2014\/07\/Caro.jpg?w=1920&amp;ssl=1 1920w\" sizes=\"auto, (max-width: 300px) 100vw, 300px\" \/><br \/>\n<strong>Nils:<\/strong> Was w\u00fcrdest Du tun, wenn es in Weikersheim pl\u00f6tzlich beginnt, in Str\u00f6men zu regnen?<br \/>\n<strong>Caro:<\/strong> Erstmal w\u00fcrde ich durch den Regen springen, und mich freuen, dass die Natur wieder Wasser<br \/>\nabbekommt. Nach dem Abtrocknen w\u00fcrde ich Klavier spielen gehen.<br \/>\n<strong>Nils:<\/strong> Was verstehst Du unter Journalismus?<br \/>\n<strong>Caro:<\/strong> Journalismus dient der Aufkl\u00e4rung \u00fcber spezielle Themengebiete, der Information und\u00a0kann die eigene<br \/>\nMeinung beeinflussen oder pr\u00e4gen. Journalismus ist ein sehr machtvolles<br \/>\nInstrument.<\/p>\n","protected":false},"excerpt":{"rendered":"<p>Nils: Wie hast Du dich auf das mu:v-Camp und den Journalismus-Kurs vorbereitet? Caro: Leider hatte ich keine Zeit zur Vorbereitung, da ich mich erst sehr spontan am Freitag dazu entschlossen habe, teilzunehmen. Nils: Was w\u00fcrdest Du tun, wenn es in Weikersheim pl\u00f6tzlich beginnt, in Str\u00f6men zu regnen? Caro: Erstmal w\u00fcrde ich durch den Regen springen,&#8230;<\/p>\n","protected":false},"author":563,"featured_media":0,"comment_status":"open","ping_status":"open","sticky":false,"template":"","format":"standard","meta":{"jetpack_post_was_ever_published":false,"footnotes":""},"categories":[11721],"tags":[],"class_list":["post-35","post","type-post","status-publish","format-standard","hentry","category-portraetinterview"],"jetpack_featured_media_url":"","jetpack_sharing_enabled":true,"jetpack_shortlink":"https:\/\/wp.me\/p4QBW9-z","_links":{"self":[{"href":"https:\/\/blogs.nmz.de\/muv\/wp-json\/wp\/v2\/posts\/35","targetHints":{"allow":["GET"]}}],"collection":[{"href":"https:\/\/blogs.nmz.de\/muv\/wp-json\/wp\/v2\/posts"}],"about":[{"href":"https:\/\/blogs.nmz.de\/muv\/wp-json\/wp\/v2\/types\/post"}],"author":[{"embeddable":true,"href":"https:\/\/blogs.nmz.de\/muv\/wp-json\/wp\/v2\/users\/563"}],"replies":[{"embeddable":true,"href":"https:\/\/blogs.nmz.de\/muv\/wp-json\/wp\/v2\/comments?post=35"}],"version-history":[{"count":2,"href":"https:\/\/blogs.nmz.de\/muv\/wp-json\/wp\/v2\/posts\/35\/revisions"}],"predecessor-version":[{"id":115,"href":"https:\/\/blogs.nmz.de\/muv\/wp-json\/wp\/v2\/posts\/35\/revisions\/115"}],"wp:attachment":[{"href":"https:\/\/blogs.nmz.de\/muv\/wp-json\/wp\/v2\/media?parent=35"}],"wp:term":[{"taxonomy":"category","embeddable":true,"href":"https:\/\/blogs.nmz.de\/muv\/wp-json\/wp\/v2\/categories?post=35"},{"taxonomy":"post_tag","embeddable":true,"href":"https:\/\/blogs.nmz.de\/muv\/wp-json\/wp\/v2\/tags?post=35"}],"curies":[{"name":"wp","href":"https:\/\/api.w.org\/{rel}","templated":true}]}}