{"id":225,"date":"2014-08-06T20:57:25","date_gmt":"2014-08-06T18:57:25","guid":{"rendered":"http:\/\/blogs.nmz.de\/muv\/?p=225"},"modified":"2016-07-24T14:37:30","modified_gmt":"2016-07-24T12:37:30","slug":"weikersheim-tag-und-nacht-ende-der-1-staffel","status":"publish","type":"post","link":"https:\/\/blogs.nmz.de\/muv\/2014\/08\/06\/weikersheim-tag-und-nacht-ende-der-1-staffel\/","title":{"rendered":"2014: Weikersheim &#8211; Tag und Nacht (Ende der 1. Staffel)"},"content":{"rendered":"<p>Klaus:<\/p>\n<p>Den Nachmittag verbringen wir wieder \u00e4u\u00dferst produktiv in der Redaktion. Nach dem Abendessen mache ich mich auf den Weg in die Stadthalle zum Er\u00f6ffnungsabend. W\u00e4hrend ich nach und nach ein paar andere Teilnehmer kennenlerne, ist Moritz auf der Tanzfl\u00e4che am abraven und erheitert damit alle Umstehenden. Woher hat er denn bitte diese Moves? Um 1.00 Uhr mache ich mich dann doch langsam auf in mein Zimmer. Ganz sch\u00f6n lange durchgehalten heute. Und echt coole Menschen kennengelernt!Aber morgen steht noch einiges an Arbeit und Action an. Also: schlafen!<\/p>\n<p>Irgendwann werde ich von lautem Gel\u00e4chter wach. Ein Blick auf die Uhr verr\u00e4t mir: 4.38 Uhr. Was? Wer ist denn um so eine Uhrzeit noch wach? Ich h\u00f6re genauer hin und erkenne Moritz\u00b4 Stimme. Der ist immer noch unterwegs? Bin ja mal gespannt, ob der morgen wieder zu sp\u00e4t kommt. Moment, die n\u00e4chste Sitzung ist ja schon in knapp viereinhalb Stunden! Ich muss schmunzeln. Dieser Typ ist echt ein Partytier. Das komplette Gegenteil von mir. Aber irgendwie ist er echt ganz nett. Eigentlich.<\/p>\n<p>Moritz:<\/p>\n<p>Oh, schon dunkel drau\u00dfen. Wie viel Uhr ist es denn? Handy-Akku leer! Egal, ich wach dann schon rechtzeitig auf. Meine Zimmergenossen sind schon am pennen. Ey, ich nehm mir immer wieder vor, nicht als Letzter ins Bett zu gehen, scheitere aber kl\u00e4glich an meinen eigenen Anspr\u00fcchen! Ja, ok! Ich h\u00f6r ja schon auf zu heulen. Wird sicher \u00b4ne ganz sch\u00f6n coole Woche hier&#8230;<\/p>\n","protected":false},"excerpt":{"rendered":"<p>Klaus: Den Nachmittag verbringen wir wieder \u00e4u\u00dferst produktiv in der Redaktion. Nach dem Abendessen mache ich mich auf den Weg in die Stadthalle zum Er\u00f6ffnungsabend. W\u00e4hrend ich nach und nach ein paar andere Teilnehmer kennenlerne, ist Moritz auf der Tanzfl\u00e4che am abraven und erheitert damit alle Umstehenden. Woher hat er denn bitte diese Moves? Um&#8230;<\/p>\n","protected":false},"author":568,"featured_media":0,"comment_status":"open","ping_status":"open","sticky":false,"template":"","format":"standard","meta":{"jetpack_post_was_ever_published":false,"footnotes":""},"categories":[3],"tags":[],"class_list":["post-225","post","type-post","status-publish","format-standard","hentry","category-allgemein"],"jetpack_featured_media_url":"","jetpack_sharing_enabled":true,"jetpack_shortlink":"https:\/\/wp.me\/p4QBW9-3D","_links":{"self":[{"href":"https:\/\/blogs.nmz.de\/muv\/wp-json\/wp\/v2\/posts\/225","targetHints":{"allow":["GET"]}}],"collection":[{"href":"https:\/\/blogs.nmz.de\/muv\/wp-json\/wp\/v2\/posts"}],"about":[{"href":"https:\/\/blogs.nmz.de\/muv\/wp-json\/wp\/v2\/types\/post"}],"author":[{"embeddable":true,"href":"https:\/\/blogs.nmz.de\/muv\/wp-json\/wp\/v2\/users\/568"}],"replies":[{"embeddable":true,"href":"https:\/\/blogs.nmz.de\/muv\/wp-json\/wp\/v2\/comments?post=225"}],"version-history":[{"count":2,"href":"https:\/\/blogs.nmz.de\/muv\/wp-json\/wp\/v2\/posts\/225\/revisions"}],"predecessor-version":[{"id":239,"href":"https:\/\/blogs.nmz.de\/muv\/wp-json\/wp\/v2\/posts\/225\/revisions\/239"}],"wp:attachment":[{"href":"https:\/\/blogs.nmz.de\/muv\/wp-json\/wp\/v2\/media?parent=225"}],"wp:term":[{"taxonomy":"category","embeddable":true,"href":"https:\/\/blogs.nmz.de\/muv\/wp-json\/wp\/v2\/categories?post=225"},{"taxonomy":"post_tag","embeddable":true,"href":"https:\/\/blogs.nmz.de\/muv\/wp-json\/wp\/v2\/tags?post=225"}],"curies":[{"name":"wp","href":"https:\/\/api.w.org\/{rel}","templated":true}]}}