{"id":178,"date":"2014-08-01T16:57:23","date_gmt":"2014-08-01T14:57:23","guid":{"rendered":"http:\/\/blogs.nmz.de\/muv\/?p=178"},"modified":"2016-07-24T14:39:17","modified_gmt":"2016-07-24T12:39:17","slug":"weikersheim-tag-und-nacht-2","status":"publish","type":"post","link":"https:\/\/blogs.nmz.de\/muv\/2014\/08\/01\/weikersheim-tag-und-nacht-2\/","title":{"rendered":"2014: Weikersheim &#8211; Tag und Nacht (2)"},"content":{"rendered":"<figure id=\"attachment_172\" aria-describedby=\"caption-attachment-172\" style=\"width: 214px\" class=\"wp-caption alignright\"><a href=\"https:\/\/i0.wp.com\/blogs.nmz.de\/muv\/files\/2014\/07\/Yo.jpg?ssl=1\" class=\"thickbox no_icon\"><img data-recalc-dims=\"1\" loading=\"lazy\" decoding=\"async\" data-attachment-id=\"172\" data-permalink=\"https:\/\/blogs.nmz.de\/muv\/2014\/07\/31\/weikersheim-tag-und-nacht-1\/yo\/\" data-orig-file=\"https:\/\/i0.wp.com\/blogs.nmz.de\/muv\/files\/2014\/07\/Yo.jpg?fit=497%2C694&amp;ssl=1\" data-orig-size=\"497,694\" data-comments-opened=\"1\" data-image-meta=\"{&quot;aperture&quot;:&quot;0&quot;,&quot;credit&quot;:&quot;Kolb&quot;,&quot;camera&quot;:&quot;&quot;,&quot;caption&quot;:&quot;&quot;,&quot;created_timestamp&quot;:&quot;1406824650&quot;,&quot;copyright&quot;:&quot;&quot;,&quot;focal_length&quot;:&quot;0&quot;,&quot;iso&quot;:&quot;0&quot;,&quot;shutter_speed&quot;:&quot;0&quot;,&quot;title&quot;:&quot;&quot;}\" data-image-title=\"Moritz\" data-image-description=\"\" data-image-caption=\"\" data-large-file=\"https:\/\/i0.wp.com\/blogs.nmz.de\/muv\/files\/2014\/07\/Yo.jpg?fit=497%2C694&amp;ssl=1\" class=\"wp-image-172 size-medium\" src=\"https:\/\/i0.wp.com\/blogs.nmz.de\/muv\/files\/2014\/07\/Yo.jpg?resize=214%2C300&#038;ssl=1\" alt=\"Moritz\" width=\"214\" height=\"300\" srcset=\"https:\/\/i0.wp.com\/blogs.nmz.de\/muv\/files\/2014\/07\/Yo.jpg?resize=214%2C300&amp;ssl=1 214w, https:\/\/i0.wp.com\/blogs.nmz.de\/muv\/files\/2014\/07\/Yo.jpg?w=497&amp;ssl=1 497w\" sizes=\"auto, (max-width: 214px) 100vw, 214px\" \/><\/a><figcaption id=\"caption-attachment-172\" class=\"wp-caption-text\">Moritz<\/figcaption><\/figure>\n<p>Klaus:<\/p>\n<p>17.57 Uhr: Ich setze mich schon mal ins Foyer, um p\u00fcnktlich um 18.00 Uhr im Speisesaal zum Abendessen zu sein. Schnitzel! Delizi\u00f6s! Ich hole mir gleich mal zwei, gibt ja dann erst wieder morgen ab 8.00 Uhr was zu futtern und der Kalorienbedarf muss ja auch irgendwie gedeckt werden. Jetzt entdecke ich wieder diesen Moritz an einem der Tische. Vielleicht setze ich mich einfach mal dazu und unterhalte ich mich ein bisschen mit ihm? Er hat mich scheinbar auch gesehen und winkt mir zu. \u201eFepf dif doch pfu mir!\u201c, ruft er mir mit vollem Mund zu. Na gut, da muss ich jetzt durch. Er kennt scheinbar schon alles und jeden und erz\u00e4hlt mir dies und das aus seinem Leben. Querfl\u00f6te spielt er also. Aha. Ich dachte Querfl\u00f6ten sind Spie\u00dfer? \u201eGehste sp\u00e4ter noch mit in den Keller?\u201c \u201e\u00c4h, ok.\u201c, sage ich. (Keine Ahnung, wovon er redet.)<\/p>\n<p>Moritz:<\/p>\n<p>Alter! Hab ich mir das grad eingebildet, oder wei\u00df der Typ echt nicht, was der Jeunesses-Keller ist?! Somit war er jetzt wirklich lange genug unwissend. Heute ist Nachtschicht angesagt! Sein Gesicht, als ich von meinem stark ausgepr\u00e4gten Querfl\u00f6tentalent erz\u00e4hlt hab&#8230; G\u00f6ttlich!<\/p>\n","protected":false},"excerpt":{"rendered":"<p>Klaus: 17.57 Uhr: Ich setze mich schon mal ins Foyer, um p\u00fcnktlich um 18.00 Uhr im Speisesaal zum Abendessen zu sein. Schnitzel! Delizi\u00f6s! Ich hole mir gleich mal zwei, gibt ja dann erst wieder morgen ab 8.00 Uhr was zu futtern und der Kalorienbedarf muss ja auch irgendwie gedeckt werden. Jetzt entdecke ich wieder diesen&#8230;<\/p>\n","protected":false},"author":568,"featured_media":0,"comment_status":"open","ping_status":"open","sticky":false,"template":"","format":"standard","meta":{"jetpack_post_was_ever_published":false,"footnotes":""},"categories":[3],"tags":[],"class_list":["post-178","post","type-post","status-publish","format-standard","hentry","category-allgemein"],"jetpack_featured_media_url":"","jetpack_sharing_enabled":true,"jetpack_shortlink":"https:\/\/wp.me\/p4QBW9-2S","_links":{"self":[{"href":"https:\/\/blogs.nmz.de\/muv\/wp-json\/wp\/v2\/posts\/178","targetHints":{"allow":["GET"]}}],"collection":[{"href":"https:\/\/blogs.nmz.de\/muv\/wp-json\/wp\/v2\/posts"}],"about":[{"href":"https:\/\/blogs.nmz.de\/muv\/wp-json\/wp\/v2\/types\/post"}],"author":[{"embeddable":true,"href":"https:\/\/blogs.nmz.de\/muv\/wp-json\/wp\/v2\/users\/568"}],"replies":[{"embeddable":true,"href":"https:\/\/blogs.nmz.de\/muv\/wp-json\/wp\/v2\/comments?post=178"}],"version-history":[{"count":4,"href":"https:\/\/blogs.nmz.de\/muv\/wp-json\/wp\/v2\/posts\/178\/revisions"}],"predecessor-version":[{"id":245,"href":"https:\/\/blogs.nmz.de\/muv\/wp-json\/wp\/v2\/posts\/178\/revisions\/245"}],"wp:attachment":[{"href":"https:\/\/blogs.nmz.de\/muv\/wp-json\/wp\/v2\/media?parent=178"}],"wp:term":[{"taxonomy":"category","embeddable":true,"href":"https:\/\/blogs.nmz.de\/muv\/wp-json\/wp\/v2\/categories?post=178"},{"taxonomy":"post_tag","embeddable":true,"href":"https:\/\/blogs.nmz.de\/muv\/wp-json\/wp\/v2\/tags?post=178"}],"curies":[{"name":"wp","href":"https:\/\/api.w.org\/{rel}","templated":true}]}}