{"id":160,"date":"2014-07-31T17:39:04","date_gmt":"2014-07-31T15:39:04","guid":{"rendered":"http:\/\/blogs.nmz.de\/muv\/?p=160"},"modified":"2016-07-24T14:40:22","modified_gmt":"2016-07-24T12:40:22","slug":"weikersheim-tag-und-nacht-1","status":"publish","type":"post","link":"https:\/\/blogs.nmz.de\/muv\/2014\/07\/31\/weikersheim-tag-und-nacht-1\/","title":{"rendered":"2014: Weikersheim &#8211; Tag und Nacht (1)"},"content":{"rendered":"<figure id=\"attachment_173\" aria-describedby=\"caption-attachment-173\" style=\"width: 213px\" class=\"wp-caption alignleft\"><a href=\"https:\/\/i0.wp.com\/blogs.nmz.de\/muv\/files\/2014\/07\/Yo2.jpg?ssl=1\" class=\"thickbox no_icon\"><img data-recalc-dims=\"1\" loading=\"lazy\" decoding=\"async\" data-attachment-id=\"173\" data-permalink=\"https:\/\/blogs.nmz.de\/muv\/2014\/07\/31\/weikersheim-tag-und-nacht-1\/yo2\/\" data-orig-file=\"https:\/\/i0.wp.com\/blogs.nmz.de\/muv\/files\/2014\/07\/Yo2.jpg?fit=496%2C696&amp;ssl=1\" data-orig-size=\"496,696\" data-comments-opened=\"1\" data-image-meta=\"{&quot;aperture&quot;:&quot;0&quot;,&quot;credit&quot;:&quot;Kolb&quot;,&quot;camera&quot;:&quot;&quot;,&quot;caption&quot;:&quot;&quot;,&quot;created_timestamp&quot;:&quot;1406824676&quot;,&quot;copyright&quot;:&quot;&quot;,&quot;focal_length&quot;:&quot;0&quot;,&quot;iso&quot;:&quot;0&quot;,&quot;shutter_speed&quot;:&quot;0&quot;,&quot;title&quot;:&quot;&quot;}\" data-image-title=\"Klaus\" data-image-description=\"\" data-image-caption=\"\" data-large-file=\"https:\/\/i0.wp.com\/blogs.nmz.de\/muv\/files\/2014\/07\/Yo2.jpg?fit=496%2C696&amp;ssl=1\" class=\"wp-image-173 size-medium\" src=\"https:\/\/i0.wp.com\/blogs.nmz.de\/muv\/files\/2014\/07\/Yo2.jpg?resize=213%2C300&#038;ssl=1\" alt=\"Klaus\" width=\"213\" height=\"300\" srcset=\"https:\/\/i0.wp.com\/blogs.nmz.de\/muv\/files\/2014\/07\/Yo2.jpg?resize=213%2C300&amp;ssl=1 213w, https:\/\/i0.wp.com\/blogs.nmz.de\/muv\/files\/2014\/07\/Yo2.jpg?w=496&amp;ssl=1 496w\" sizes=\"auto, (max-width: 213px) 100vw, 213px\" \/><\/a><figcaption id=\"caption-attachment-173\" class=\"wp-caption-text\">Klaus<\/figcaption><\/figure>\n<p>Klaus:<\/p>\n<p>28.7.2014: Yeah! Wie lange habe ich auf diesen Tag gewartet? Ziel der Begierde: Weikersheim. mu:v-Camp. \u00a0 13.59 Uhr: Ich bin als einer der Ersten angekommen. P\u00fcnktlich, so wie sich das geh\u00f6rt. Auf einer Bierbank vor dem Logierhaus warte ich auf die restlichen Teilnehmer. Ah, cool, da stehen ja Seifenblasen auf dem Tisch! Erstmal testen. Das letzte Mal Seifen blasen ist ja echt schon ewig her&#8230; Ganz vertieft merke ich erst gar nicht, dass sich ein anderer Teilnehmer neben mich gesetzt hat und mich schelmisch angrinst. Moritz. \u201eEy, was geht? Ich bin der Moritz! Du so?\u201c Ich bin ja schon immer eher der sch\u00fcchterne Typ und dieser Moritz\u00a0macht mir irgendwie Angst. \u201e\u00c4hm, ich geh mal auf mein Zimmer&#8230;\u201c, stammle ich und verkrieche mich erstmal in mein Bett, um mich dort ein wenig auf die kommenden Tage vorzubereiten. Vielleicht sogar noch ein bisschen Violine \u00fcben?<\/p>\n<p>Moritz:<\/p>\n<p>Ey, da ist man einmal sozial und will mit so \u00b4nem Nerd labern, der alleine auf der Bank rumsitzt und dann haut der einfach ab! Was geht denn hier ab? Naja, dann such ich mir eben andere Freunde. Irgendwie muss ich mir ja die Zeit bis zum Abendessen vertreiben. Die Maus da dr\u00fcben sieht echt s\u00fc\u00df aus&#8230; Da geh ich doch gleich mal r\u00fcber!<\/p>\n<p style=\"text-align: center\">\n","protected":false},"excerpt":{"rendered":"<p>Klaus: 28.7.2014: Yeah! Wie lange habe ich auf diesen Tag gewartet? Ziel der Begierde: Weikersheim. mu:v-Camp. \u00a0 13.59 Uhr: Ich bin als einer der Ersten angekommen. P\u00fcnktlich, so wie sich das geh\u00f6rt. Auf einer Bierbank vor dem Logierhaus warte ich auf die restlichen Teilnehmer. Ah, cool, da stehen ja Seifenblasen auf dem Tisch! Erstmal testen&#8230;.<\/p>\n","protected":false},"author":568,"featured_media":0,"comment_status":"open","ping_status":"open","sticky":false,"template":"","format":"standard","meta":{"jetpack_post_was_ever_published":false,"footnotes":""},"categories":[3],"tags":[],"class_list":["post-160","post","type-post","status-publish","format-standard","hentry","category-allgemein"],"jetpack_featured_media_url":"","jetpack_sharing_enabled":true,"jetpack_shortlink":"https:\/\/wp.me\/p4QBW9-2A","_links":{"self":[{"href":"https:\/\/blogs.nmz.de\/muv\/wp-json\/wp\/v2\/posts\/160","targetHints":{"allow":["GET"]}}],"collection":[{"href":"https:\/\/blogs.nmz.de\/muv\/wp-json\/wp\/v2\/posts"}],"about":[{"href":"https:\/\/blogs.nmz.de\/muv\/wp-json\/wp\/v2\/types\/post"}],"author":[{"embeddable":true,"href":"https:\/\/blogs.nmz.de\/muv\/wp-json\/wp\/v2\/users\/568"}],"replies":[{"embeddable":true,"href":"https:\/\/blogs.nmz.de\/muv\/wp-json\/wp\/v2\/comments?post=160"}],"version-history":[{"count":10,"href":"https:\/\/blogs.nmz.de\/muv\/wp-json\/wp\/v2\/posts\/160\/revisions"}],"predecessor-version":[{"id":248,"href":"https:\/\/blogs.nmz.de\/muv\/wp-json\/wp\/v2\/posts\/160\/revisions\/248"}],"wp:attachment":[{"href":"https:\/\/blogs.nmz.de\/muv\/wp-json\/wp\/v2\/media?parent=160"}],"wp:term":[{"taxonomy":"category","embeddable":true,"href":"https:\/\/blogs.nmz.de\/muv\/wp-json\/wp\/v2\/categories?post=160"},{"taxonomy":"post_tag","embeddable":true,"href":"https:\/\/blogs.nmz.de\/muv\/wp-json\/wp\/v2\/tags?post=160"}],"curies":[{"name":"wp","href":"https:\/\/api.w.org\/{rel}","templated":true}]}}