{"id":9809,"date":"2014-01-01T17:33:55","date_gmt":"2014-01-01T16:33:55","guid":{"rendered":"http:\/\/blogs.nmz.de\/badblog\/?p=9809"},"modified":"2014-01-01T17:33:55","modified_gmt":"2014-01-01T16:33:55","slug":"die-neujahrsansprache-der-bundeskanzlerin-fur-das-jahr-2014","status":"publish","type":"post","link":"https:\/\/blogs.nmz.de\/badblog\/2014\/01\/01\/die-neujahrsansprache-der-bundeskanzlerin-fur-das-jahr-2014\/","title":{"rendered":"Die Neujahrsansprache der Bundeskanzlerin f&#252;r das Jahr 2014"},"content":{"rendered":"<p><a href=\"https:\/\/i0.wp.com\/blogs.nmz.de\/badblog\/files\/2014\/01\/merkel.jpg?ssl=1\" class=\"thickbox no_icon\"><img data-recalc-dims=\"1\" loading=\"lazy\" decoding=\"async\" data-attachment-id=\"9810\" data-permalink=\"https:\/\/blogs.nmz.de\/badblog\/2014\/01\/01\/die-neujahrsansprache-der-bundeskanzlerin-fur-das-jahr-2014\/merkel\/\" data-orig-file=\"https:\/\/i0.wp.com\/blogs.nmz.de\/badblog\/files\/2014\/01\/merkel.jpg?fit=630%2C395&amp;ssl=1\" data-orig-size=\"630,395\" data-comments-opened=\"1\" data-image-meta=\"{&quot;aperture&quot;:&quot;0&quot;,&quot;credit&quot;:&quot;&quot;,&quot;camera&quot;:&quot;&quot;,&quot;caption&quot;:&quot;&quot;,&quot;created_timestamp&quot;:&quot;0&quot;,&quot;copyright&quot;:&quot;&quot;,&quot;focal_length&quot;:&quot;0&quot;,&quot;iso&quot;:&quot;0&quot;,&quot;shutter_speed&quot;:&quot;0&quot;,&quot;title&quot;:&quot;&quot;}\" data-image-title=\"merkel\" data-image-description=\"\" data-image-caption=\"\" data-large-file=\"https:\/\/i0.wp.com\/blogs.nmz.de\/badblog\/files\/2014\/01\/merkel.jpg?fit=630%2C395&amp;ssl=1\" class=\"aligncenter size-medium wp-image-9810\" src=\"https:\/\/i0.wp.com\/blogs.nmz.de\/badblog\/files\/2014\/01\/merkel.jpg?resize=300%2C188&#038;ssl=1\" alt=\"\" width=\"300\" height=\"188\" srcset=\"https:\/\/i0.wp.com\/blogs.nmz.de\/badblog\/files\/2014\/01\/merkel.jpg?resize=300%2C188&amp;ssl=1 300w, https:\/\/i0.wp.com\/blogs.nmz.de\/badblog\/files\/2014\/01\/merkel.jpg?w=630&amp;ssl=1 630w\" sizes=\"auto, (max-width: 300px) 100vw, 300px\" \/><\/a><\/p>\n<p>&nbsp;<\/p>\n<p class=\"MsoNormal\"><em>Der Bad Blog pr&#228;sentiert: Die allj&#228;hrliche Neujahrsansprache unserer verehrten Bundeskanzlerin, Frau Dr. Angela Merkel:<\/em><\/p>\n<p class=\"MsoNormal\">Liebe Mitb&#252;rgerinnen und Mitb&#252;rger,<\/p>\n<p class=\"MsoNormal\">Wie jedes Jahr wende ich mich an Sie, um Ihnen im Namen der Bundesregierung und des Kanzleramtes ein Frohes Neues Jahr 2014 zu w&#252;nschen. Genie&#223;en Sie die Feiertage im Kreise Ihrer Familien und Ihrer Lieben und seien Sie gewiss, dass wir auch im Neuen Jahr alles tun werden, um f&#252;r unser aller Wohlergehen und den Fortbestand unserer Gesellschaft einzustehen, auch wenn uns dies manchmal schwer f&#228;llt und an die Grenzen des Menschenm&#246;glichen bringt.<\/p>\n<p class=\"MsoNormal\">2013 war \u2013 wie Sie alle wissen \u2013 kein leichtes Jahr. Wir haben zwar unseren Platz als einer der reichsten und einflussreichsten Nationen der Welt behaupten k&#246;nnen, doch zu welchem Preis dies geschah, ist noch nicht abzusehen. Die Nachwirkungen der Finanzkrise und auch des Zweiten Weltkrieges stecken uns nach wie vor in den Knochen, und da unsere Banken nach wie vor in ganz Europa Feuerl&#246;scher spielen und marode Nationen vor dem Staatsbankrott retten m&#252;ssen, sind diese weiterhin auf Ihre freundliche Unterst&#252;tzung angewiesen. Der Begriff \u201eSolidarit&#228;t\u201c wird also auch 2014 eine gro&#223;e Rolle spielen: Solidarit&#228;t mit unseren Banken und vor allem deren geplagten Aufsichtsr&#228;ten, die unter Einsatz ihres Lebens auch im Neuen Jahr alles tun werden, um unser aller Sicherheit in Europa zu gew&#228;hrleisten. Das ist kein leichter Job, aber wenn wir alle zusammenhalten, kann es uns gelingen.<\/p>\n<p class=\"MsoNormal\">Wenn wir Deutschland im Jahre 2014 betrachten, so sehen wir, welche schweren Aufgaben vor uns liegen. Nach wie vor sind wir nicht die Nummer eins der R&#252;stungsexporteure in der Welt, und auch der Trend zum Drittwagen oder zum Zweitdomizil hat sich noch nicht bei jeder Familie durchgesetzt. Auch machen uns die Truppenbewegungen an der Liechtensteiner Grenze gro&#223;e Sorgen, und es ist nicht undenkbar, dass auf unsere neue Verteidigungsministerin schwere Aufgaben zukommen, bei denen sie ihre weiblichen Tugenden beweisen wird. Oder auch nicht.<\/p>\n<p class=\"MsoNormal\">Ich m&#246;chte es Ihnen nicht vorenthalten \u2013 die kommenden Jahre werden unter dem Zeichen steter Konsolidierungsma&#223;nahmen stehen. Wir m&#252;ssen \u2013 und das ist eine traurige Tatsache \u2013 noch radikaler und gr&#252;ndlicher sparen als bisher, denn ansonsten droht unserem Land der Kollaps und wir sind dem Gesp&#246;tt der restlichen Nationen dieses Planeten ausgesetzt. Das kann und darf nicht sein, nicht, so lange ich als Ihre Kanzlerin f&#252;r die guten deutschen Tugenden des st&#228;ndigen Panikmachens und Schwarzmalens einstehe.<\/p>\n<p class=\"MsoNormal\">Noch haben wir eine der geringsten Staatsverschuldungen weltweit, aber wer wei&#223; wie lange noch? Wir m&#252;ssen uns bem&#252;hen, dass wir nicht in eine gef&#228;hrliche Spirale der Verschwendung und des Leichtsinns fallen. Daher ist es wichtig, dass Sie alle Verst&#228;ndnis daf&#252;r haben, wenn wir uns in Zukunft den Luxus von Kultur- und Bildungsausgaben nicht mehr leisten k&#246;nnen, denn zu gro&#223; ist die Gefahr eines Totalkollapses unseres Landes, der schneller eintreten k&#246;nnte, als uns allen lieb ist. Bitte haben Sie also Verst&#228;ndnis daf&#252;r, wenn wir wie auch schon im letzten Jahr unsere erfolgreiche Politik der K&#252;rzungen bei Kultur und Bildung, der Orchesterabwicklungen und vor allem Theaterschlie&#223;ungen weiterbetreiben.<\/p>\n<p class=\"MsoNormal\">Gottseidank ist es uns gelungen, diese Ma&#223;nahmen unserem Volk als wirtschaftlich dringend notwendig zu verkaufen, was nat&#252;rlich eine glatte L&#252;ge ist. Dies ist uns durchaus bewusst. Daher bitten wir Sie herzlich um Ihre Mithilfe, den Prozess 2014 noch zu beschleunigen, damit nicht allzu viele Fragen gestellt werden. Wenn Sie alle mithelfen, wird schon die n&#228;chste Generation nicht mehr mit unwichtigen Zeitverschwendungen wie Musik-oder Kunstunterricht oder \u2013 Gott bewahre uns \u2013 einem Musik- oder Kunststudium bel&#228;stigt werden. Das wird unser Land effizienter und zielorientierter machen, eine wichtige Ma&#223;nahme um in der internationalen Konkurrenz bestehen zu k&#246;nnen. Schon jetzt sind wir stolz darauf, den Wunsch meines lieben Amtsvorg&#228;ngers Helmut Kohl zunehmend erf&#252;llen zu k&#246;nnen, vor allem dann, wenn wir auch das letzte Theater und Opernhaus im Osten eingespart haben und endlich der Blick frei ist auf die bl&#252;henden Landschaften in der ehemaligen DDR.<\/p>\n<p class=\"MsoNormal\">Ein besonderes Sorgenthema des letzten Jahres war nat&#252;rlich die Auswirkung der Geb&#252;hrenreform f&#252;r Rundfunk und Fernsehen. Da der nun erwirtschaftete &#220;berschuss von nur einer Milliarde Euro leider deutlich unter den Erwartungen zur&#252;ckblieb \u2013 100 Milliarden w&#228;ren notwendig gewesen um die Inflation aufzufangen &#8211; habe ich Ihnen die traurige Mitteilung zu machen, dass gerade im Bereich des &#246;ffentlich-rechtlichen<span>\u00a0 <\/span>Rundfunks und Fernsehens weiterhin schwere K&#252;rzungen von uns allen zu verkraften sind. Haben Sie Mitleid mit unseren armen Rundfunkintendanten, allen voran Herrn Boudgoust vom SWR, die darunter leiden m&#252;ssen, unpopul&#228;re und vor allem sinnlose Ma&#223;nahmen als irgendwie sinnvoll zu verkaufen. Das ist ein harter Job, und wir m&#252;ssen ihnen Respekt und Mitleid zollen.<\/p>\n<p class=\"MsoNormal\">Selbstverst&#228;ndlich werden wir alles tun, um den Ihnen lieb gewonnenen endlosen Strom von hohlen Casting-Shows, Kochsendungen mit Prominenten und Sendungen &#252;ber die beliebtesten Sommerhits der 80er Jahre weiterhin zu gew&#228;hrleisten. Hierzu kann ich Ihnen die erfreuliche Mitteilung machen, dass wir unser deutschlandweites Netz von Popakademien f&#252;r hoffnungsvolle One-Hit-Wonder-Kandidaten gerade in Baden-W&#252;rttemberg entscheidend ausbauen konnten, nat&#252;rlich auf Kosten der immer sinnloser gewordenen klassischen Musikhochschulen.<\/p>\n<p class=\"MsoNormal\">Wie schon erw&#228;hnt: 2013 war hart, aber 2014 wird noch h&#228;rter werden. Wir werden alle unter den Konsolidierungsma&#223;nahmen leiden m&#252;ssen und uns das Brot vom Munde absparen. Schon morgen kann auch Ihr Job Opfer einer dringend notwendigen K&#252;rzung sein, gerade wenn Sie im Kulturbereich arbeiten. Nur so k&#246;nnen wir unser Land vor dem drohenden Ruin bewahren. Es ist 5 vor 12, doch mit vereinten Kr&#228;ften k&#246;nnen wir es schaffen, liebe Bundesb&#252;rger. Wenn wir uns alle, wirklich alle bei den H&#228;nden nehmen und best&#228;ndig im Geiste die Gesetze von Investition und Profit immer wieder aufsagen, gibt es die leise Hoffnung, dass <span>\u00a0<\/span>vielleicht schon in wenigen Jahrzehnten die kleine, klitzekleine Chance besteht, dass wir uns wieder den Luxus von gen&#252;gend Kindergartenpl&#228;tzen oder einer fl&#228;chendeckenden und schichten&#252;bergreifenden Bildung leisten k&#246;nnen. Lassen Sie uns zusammenhalten und gemeinsam diesen Traum tr&#228;umen.<\/p>\n<p class=\"MsoNormal\">Oder auch nicht.<\/p>\n<p class=\"MsoNormal\">In diesem Sinne: ein frohes 2014!<\/p>\n<p class=\"MsoNormal\">Ihre<\/p>\n<p class=\"MsoNormal\">Bundeskanzlerin<\/p>\n<p class=\"MsoNormal\">Angela Merkel<\/p>\n<p class=\"MsoNormal\">(aufgezeichnet von Moritz Eggert)<\/p>\n<div class=\"shariff shariff-align-left shariff-widget-align-left\" style=\"display:none\"><div class=\"ShariffHeadline\"> <\/div><ul class=\"shariff-buttons theme-default orientation-horizontal buttonsize-small\"><li class=\"shariff-button mastodon shariff-nocustomcolor\" style=\"background-color:#563ACC\"><a href=\"https:\/\/s2f.kytta.dev\/?text=Die%20Neujahrsansprache%20der%20Bundeskanzlerin%20f%C3%BCr%20das%20Jahr%202014 https%3A%2F%2Fblogs.nmz.de%2Fbadblog%2F2014%2F01%2F01%2Fdie-neujahrsansprache-der-bundeskanzlerin-fur-das-jahr-2014%2F\" title=\"Bei Mastodon teilen\" aria-label=\"Bei Mastodon teilen\" role=\"button\" rel=\"noopener nofollow\" class=\"shariff-link\" style=\"; background-color:#6364FF; color:#fff\" target=\"_blank\"><span class=\"shariff-icon\" style=\"\"><svg width=\"75\" height=\"79\" viewBox=\"0 0 75 79\" fill=\"none\" xmlns=\"http:\/\/www.w3.org\/2000\/svg\"><path d=\"M37.813-.025C32.462-.058 27.114.13 21.79.598c-8.544.621-17.214 5.58-20.203 13.931C-1.12 23.318.408 32.622.465 41.65c.375 7.316.943 14.78 3.392 21.73 4.365 9.465 14.781 14.537 24.782 15.385 7.64.698 15.761-.213 22.517-4.026a54.1 54.1 0 0 0 .01-6.232c-6.855 1.316-14.101 2.609-21.049 1.074-3.883-.88-6.876-4.237-7.25-8.215-1.53-3.988 3.78-.43 5.584-.883 9.048 1.224 18.282.776 27.303-.462 7.044-.837 14.26-4.788 16.65-11.833 2.263-6.135 1.215-12.79 1.698-19.177.06-3.84.09-7.692-.262-11.52C72.596 7.844 63.223.981 53.834.684a219.453 219.453 0 0 0-16.022-.71zm11.294 12.882c5.5-.067 10.801 4.143 11.67 9.653.338 1.48.471 3 .471 4.515v21.088h-8.357c-.07-7.588.153-15.182-.131-22.765-.587-4.368-7.04-5.747-9.672-2.397-2.422 3.04-1.47 7.155-1.67 10.735v6.392h-8.307c-.146-4.996.359-10.045-.404-15.002-1.108-4.218-7.809-5.565-10.094-1.666-1.685 3.046-.712 6.634-.976 9.936v14.767h-8.354c.109-8.165-.238-16.344.215-24.5.674-5.346 5.095-10.389 10.676-10.627 4.902-.739 10.103 2.038 12.053 6.631.375 1.435 1.76 1.932 1.994.084 1.844-3.704 5.501-6.739 9.785-6.771.367-.044.735-.068 1.101-.073z\"\/><defs><linearGradient id=\"paint0_linear_549_34\" x1=\"37.0692\" y1=\"0\" x2=\"37.0692\" y2=\"79\" gradientUnits=\"userSpaceOnUse\"><stop stop-color=\"#6364FF\"\/><stop offset=\"1\" stop-color=\"#563ACC\"\/><\/linearGradient><\/defs><\/svg><\/span><span class=\"shariff-text\">teilen<\/span>&nbsp;<\/a><\/li><li class=\"shariff-button bluesky shariff-nocustomcolor\" style=\"background-color:#84c4ff\"><a href=\"https:\/\/bsky.app\/intent\/compose?text=Die%20Neujahrsansprache%20der%20Bundeskanzlerin%20f%C3%BCr%20das%20Jahr%202014 https%3A%2F%2Fblogs.nmz.de%2Fbadblog%2F2014%2F01%2F01%2Fdie-neujahrsansprache-der-bundeskanzlerin-fur-das-jahr-2014%2F \" title=\"Bei Bluesky teilen\" aria-label=\"Bei Bluesky teilen\" role=\"button\" rel=\"noopener nofollow\" class=\"shariff-link\" style=\"; background-color:#0085ff; color:#fff\" target=\"_blank\"><span class=\"shariff-icon\" style=\"\"><svg width=\"20\" height=\"20\" version=\"1.1\" xmlns=\"http:\/\/www.w3.org\/2000\/svg\" viewBox=\"0 0 20 20\"><path class=\"st0\" d=\"M4.89,3.12c2.07,1.55,4.3,4.71,5.11,6.4.82-1.69,3.04-4.84,5.11-6.4,1.49-1.12,3.91-1.99,3.91.77,0,.55-.32,4.63-.5,5.3-.64,2.3-2.99,2.89-5.08,2.54,3.65.62,4.58,2.68,2.57,4.74-3.81,3.91-5.48-.98-5.9-2.23-.08-.23-.11-.34-.12-.25,0-.09-.04.02-.12.25-.43,1.25-2.09,6.14-5.9,2.23-2.01-2.06-1.08-4.12,2.57-4.74-2.09.36-4.44-.23-5.08-2.54-.19-.66-.5-4.74-.5-5.3,0-2.76,2.42-1.89,3.91-.77h0Z\"\/><\/svg><\/span><span class=\"shariff-text\">teilen<\/span>&nbsp;<\/a><\/li><li class=\"shariff-button facebook shariff-nocustomcolor\" style=\"background-color:#4273c8\"><a href=\"https:\/\/www.facebook.com\/sharer\/sharer.php?u=https%3A%2F%2Fblogs.nmz.de%2Fbadblog%2F2014%2F01%2F01%2Fdie-neujahrsansprache-der-bundeskanzlerin-fur-das-jahr-2014%2F\" title=\"Bei Facebook teilen\" aria-label=\"Bei Facebook teilen\" role=\"button\" rel=\"nofollow\" class=\"shariff-link\" style=\"; background-color:#3b5998; color:#fff\" target=\"_blank\"><span class=\"shariff-icon\" style=\"\"><svg width=\"32px\" height=\"20px\" xmlns=\"http:\/\/www.w3.org\/2000\/svg\" viewBox=\"0 0 18 32\"><path fill=\"#3b5998\" d=\"M17.1 0.2v4.7h-2.8q-1.5 0-2.1 0.6t-0.5 1.9v3.4h5.2l-0.7 5.3h-4.5v13.6h-5.5v-13.6h-4.5v-5.3h4.5v-3.9q0-3.3 1.9-5.2t5-1.8q2.6 0 4.1 0.2z\"\/><\/svg><\/span><span class=\"shariff-text\">teilen<\/span>&nbsp;<\/a><\/li><li class=\"shariff-button threema shariff-nocustomcolor shariff-mobile\" style=\"background-color:#4fbc24\"><a href=\"threema:\/\/compose?text=Die%20Neujahrsansprache%20der%20Bundeskanzlerin%20f%C3%BCr%20das%20Jahr%202014%20https%3A%2F%2Fblogs.nmz.de%2Fbadblog%2F2014%2F01%2F01%2Fdie-neujahrsansprache-der-bundeskanzlerin-fur-das-jahr-2014%2F\" title=\"Bei Threema teilen\" aria-label=\"Bei Threema teilen\" role=\"button\" rel=\"noopener nofollow\" class=\"shariff-link\" style=\"; background-color:#1f1f1f; color:#fff\" target=\"_blank\"><span class=\"shariff-icon\" style=\"\"><svg width=\"32px\" height=\"20px\" xmlns=\"http:\/\/www.w3.org\/2000\/svg\" viewBox=\"0 0 32 32\"><path fill=\"#1f1f1f\" d=\"M30.8 10.9c-0.3-1.4-0.9-2.6-1.8-3.8-2-2.6-5.5-4.5-9.4-5.2-1.3-0.2-1.9-0.3-3.5-0.3s-2.2 0-3.5 0.3c-4 0.7-7.4 2.6-9.4 5.2-0.9 1.2-1.5 2.4-1.8 3.8-0.1 0.5-0.2 1.2-0.2 1.6 0 0.4 0.1 1.1 0.2 1.6 0.4 1.9 1.3 3.4 2.9 5 0.8 0.8 0.8 0.8 0.7 1.3 0 0.6-0.5 1.6-1.7 3.6-0.3 0.5-0.5 0.9-0.5 0.9 0 0.1 0.1 0.1 0.5 0 0.8-0.2 2.3-0.6 5.6-1.6 1.1-0.3 1.3-0.4 2.3-0.4 0.8 0 1.1 0 2.3 0.2 1.5 0.2 3.5 0.2 4.9 0 5.1-0.6 9.3-2.9 11.4-6.3 0.5-0.9 0.9-1.8 1.1-2.8 0.1-0.5 0.2-1.1 0.2-1.6 0-0.7-0.1-1.1-0.2-1.6-0.3-1.4 0.1 0.5 0 0zM20.6 17.3c0 0.4-0.4 0.8-0.8 0.8h-7.7c-0.4 0-0.8-0.4-0.8-0.8v-4.6c0-0.4 0.4-0.8 0.8-0.8h0.2l0-1.6c0-0.9 0-1.8 0.1-2 0.1-0.6 0.6-1.2 1.1-1.7s1.1-0.7 1.9-0.8c1.8-0.3 3.7 0.7 4.2 2.2 0.1 0.3 0.1 0.7 0.1 2.1v0 1.7h0.1c0.4 0 0.8 0.4 0.8 0.8v4.6zM15.6 7.3c-0.5 0.1-0.8 0.3-1.2 0.6s-0.6 0.8-0.7 1.3c0 0.2 0 0.8 0 1.5l0 1.2h4.6v-1.3c0-1 0-1.4-0.1-1.6-0.3-1.1-1.5-1.9-2.6-1.7zM25.8 28.2c0 1.2-1 2.2-2.1 2.2s-2.1-1-2.1-2.1c0-1.2 1-2.1 2.2-2.1s2.2 1 2.2 2.2zM18.1 28.2c0 1.2-1 2.2-2.1 2.2s-2.1-1-2.1-2.1c0-1.2 1-2.1 2.2-2.1s2.2 1 2.2 2.2zM10.4 28.2c0 1.2-1 2.2-2.1 2.2s-2.1-1-2.1-2.1c0-1.2 1-2.1 2.2-2.1s2.2 1 2.2 2.2z\"\/><\/svg><\/span><span class=\"shariff-text\">teilen<\/span>&nbsp;<\/a><\/li><li class=\"shariff-button linkedin shariff-nocustomcolor\" style=\"background-color:#1488bf\"><a href=\"https:\/\/www.linkedin.com\/sharing\/share-offsite\/?url=https%3A%2F%2Fblogs.nmz.de%2Fbadblog%2F2014%2F01%2F01%2Fdie-neujahrsansprache-der-bundeskanzlerin-fur-das-jahr-2014%2F\" title=\"Bei LinkedIn teilen\" aria-label=\"Bei LinkedIn teilen\" role=\"button\" rel=\"noopener nofollow\" class=\"shariff-link\" style=\"; background-color:#0077b5; color:#fff\" target=\"_blank\"><span class=\"shariff-icon\" style=\"\"><svg width=\"32px\" height=\"20px\" xmlns=\"http:\/\/www.w3.org\/2000\/svg\" viewBox=\"0 0 27 32\"><path fill=\"#0077b5\" d=\"M6.2 11.2v17.7h-5.9v-17.7h5.9zM6.6 5.7q0 1.3-0.9 2.2t-2.4 0.9h0q-1.5 0-2.4-0.9t-0.9-2.2 0.9-2.2 2.4-0.9 2.4 0.9 0.9 2.2zM27.4 18.7v10.1h-5.9v-9.5q0-1.9-0.7-2.9t-2.3-1.1q-1.1 0-1.9 0.6t-1.2 1.5q-0.2 0.5-0.2 1.4v9.9h-5.9q0-7.1 0-11.6t0-5.3l0-0.9h5.9v2.6h0q0.4-0.6 0.7-1t1-0.9 1.6-0.8 2-0.3q3 0 4.9 2t1.9 6z\"\/><\/svg><\/span><span class=\"shariff-text\">teilen<\/span>&nbsp;<\/a><\/li><li class=\"shariff-button info shariff-nocustomcolor\" style=\"background-color:#eee\"><a href=\"http:\/\/ct.de\/-2467514\" title=\"Weitere Informationen\" aria-label=\"Weitere Informationen\" role=\"button\" rel=\"noopener \" class=\"shariff-link\" style=\"; background-color:#fff; color:#fff\" target=\"_blank\"><span class=\"shariff-icon\" style=\"\"><svg width=\"32px\" height=\"20px\" xmlns=\"http:\/\/www.w3.org\/2000\/svg\" viewBox=\"0 0 11 32\"><path fill=\"#999\" d=\"M11.4 24v2.3q0 0.5-0.3 0.8t-0.8 0.4h-9.1q-0.5 0-0.8-0.4t-0.4-0.8v-2.3q0-0.5 0.4-0.8t0.8-0.4h1.1v-6.8h-1.1q-0.5 0-0.8-0.4t-0.4-0.8v-2.3q0-0.5 0.4-0.8t0.8-0.4h6.8q0.5 0 0.8 0.4t0.4 0.8v10.3h1.1q0.5 0 0.8 0.4t0.3 0.8zM9.2 3.4v3.4q0 0.5-0.4 0.8t-0.8 0.4h-4.6q-0.4 0-0.8-0.4t-0.4-0.8v-3.4q0-0.4 0.4-0.8t0.8-0.4h4.6q0.5 0 0.8 0.4t0.4 0.8z\"\/><\/svg><\/span><\/a><\/li><\/ul><\/div>","protected":false},"excerpt":{"rendered":"<p>Der Bad Blog pr&#228;sentiert: Die allj&#228;hrliche Neujahrsansprache unserer verehrten Bundeskanzlerin, Frau Dr. Angela Merkel:<\/p>\n<div class=\"shariff shariff-align-left shariff-widget-align-left\" style=\"display:none\"><div class=\"ShariffHeadline\"> <\/div><ul class=\"shariff-buttons theme-default orientation-horizontal buttonsize-small\"><li class=\"shariff-button mastodon shariff-nocustomcolor\" style=\"background-color:#563ACC\"><a href=\"https:\/\/s2f.kytta.dev\/?text=Die%20Neujahrsansprache%20der%20Bundeskanzlerin%20f%C3%BCr%20das%20Jahr%202014 https%3A%2F%2Fblogs.nmz.de%2Fbadblog%2F2014%2F01%2F01%2Fdie-neujahrsansprache-der-bundeskanzlerin-fur-das-jahr-2014%2F\" title=\"Bei Mastodon teilen\" aria-label=\"Bei Mastodon teilen\" role=\"button\" rel=\"noopener nofollow\" class=\"shariff-link\" style=\"; background-color:#6364FF; color:#fff\" target=\"_blank\"><span class=\"shariff-icon\" style=\"\"><svg width=\"75\" height=\"79\" viewBox=\"0 0 75 79\" fill=\"none\" xmlns=\"http:\/\/www.w3.org\/2000\/svg\"><path d=\"M37.813-.025C32.462-.058 27.114.13 21.79.598c-8.544.621-17.214 5.58-20.203 13.931C-1.12 23.318.408 32.622.465 41.65c.375 7.316.943 14.78 3.392 21.73 4.365 9.465 14.781 14.537 24.782 15.385 7.64.698 15.761-.213 22.517-4.026a54.1 54.1 0 0 0 .01-6.232c-6.855 1.316-14.101 2.609-21.049 1.074-3.883-.88-6.876-4.237-7.25-8.215-1.53-3.988 3.78-.43 5.584-.883 9.048 1.224 18.282.776 27.303-.462 7.044-.837 14.26-4.788 16.65-11.833 2.263-6.135 1.215-12.79 1.698-19.177.06-3.84.09-7.692-.262-11.52C72.596 7.844 63.223.981 53.834.684a219.453 219.453 0 0 0-16.022-.71zm11.294 12.882c5.5-.067 10.801 4.143 11.67 9.653.338 1.48.471 3 .471 4.515v21.088h-8.357c-.07-7.588.153-15.182-.131-22.765-.587-4.368-7.04-5.747-9.672-2.397-2.422 3.04-1.47 7.155-1.67 10.735v6.392h-8.307c-.146-4.996.359-10.045-.404-15.002-1.108-4.218-7.809-5.565-10.094-1.666-1.685 3.046-.712 6.634-.976 9.936v14.767h-8.354c.109-8.165-.238-16.344.215-24.5.674-5.346 5.095-10.389 10.676-10.627 4.902-.739 10.103 2.038 12.053 6.631.375 1.435 1.76 1.932 1.994.084 1.844-3.704 5.501-6.739 9.785-6.771.367-.044.735-.068 1.101-.073z\"\/><defs><linearGradient id=\"paint0_linear_549_34\" x1=\"37.0692\" y1=\"0\" x2=\"37.0692\" y2=\"79\" gradientUnits=\"userSpaceOnUse\"><stop stop-color=\"#6364FF\"\/><stop offset=\"1\" stop-color=\"#563ACC\"\/><\/linearGradient><\/defs><\/svg><\/span><span class=\"shariff-text\">teilen<\/span>&nbsp;<\/a><\/li><li class=\"shariff-button bluesky shariff-nocustomcolor\" style=\"background-color:#84c4ff\"><a href=\"https:\/\/bsky.app\/intent\/compose?text=Die%20Neujahrsansprache%20der%20Bundeskanzlerin%20f%C3%BCr%20das%20Jahr%202014 https%3A%2F%2Fblogs.nmz.de%2Fbadblog%2F2014%2F01%2F01%2Fdie-neujahrsansprache-der-bundeskanzlerin-fur-das-jahr-2014%2F \" title=\"Bei Bluesky teilen\" aria-label=\"Bei Bluesky teilen\" role=\"button\" rel=\"noopener nofollow\" class=\"shariff-link\" style=\"; background-color:#0085ff; color:#fff\" target=\"_blank\"><span class=\"shariff-icon\" style=\"\"><svg width=\"20\" height=\"20\" version=\"1.1\" xmlns=\"http:\/\/www.w3.org\/2000\/svg\" viewBox=\"0 0 20 20\"><path class=\"st0\" d=\"M4.89,3.12c2.07,1.55,4.3,4.71,5.11,6.4.82-1.69,3.04-4.84,5.11-6.4,1.49-1.12,3.91-1.99,3.91.77,0,.55-.32,4.63-.5,5.3-.64,2.3-2.99,2.89-5.08,2.54,3.65.62,4.58,2.68,2.57,4.74-3.81,3.91-5.48-.98-5.9-2.23-.08-.23-.11-.34-.12-.25,0-.09-.04.02-.12.25-.43,1.25-2.09,6.14-5.9,2.23-2.01-2.06-1.08-4.12,2.57-4.74-2.09.36-4.44-.23-5.08-2.54-.19-.66-.5-4.74-.5-5.3,0-2.76,2.42-1.89,3.91-.77h0Z\"\/><\/svg><\/span><span class=\"shariff-text\">teilen<\/span>&nbsp;<\/a><\/li><li class=\"shariff-button facebook shariff-nocustomcolor\" style=\"background-color:#4273c8\"><a href=\"https:\/\/www.facebook.com\/sharer\/sharer.php?u=https%3A%2F%2Fblogs.nmz.de%2Fbadblog%2F2014%2F01%2F01%2Fdie-neujahrsansprache-der-bundeskanzlerin-fur-das-jahr-2014%2F\" title=\"Bei Facebook teilen\" aria-label=\"Bei Facebook teilen\" role=\"button\" rel=\"nofollow\" class=\"shariff-link\" style=\"; background-color:#3b5998; color:#fff\" target=\"_blank\"><span class=\"shariff-icon\" style=\"\"><svg width=\"32px\" height=\"20px\" xmlns=\"http:\/\/www.w3.org\/2000\/svg\" viewBox=\"0 0 18 32\"><path fill=\"#3b5998\" d=\"M17.1 0.2v4.7h-2.8q-1.5 0-2.1 0.6t-0.5 1.9v3.4h5.2l-0.7 5.3h-4.5v13.6h-5.5v-13.6h-4.5v-5.3h4.5v-3.9q0-3.3 1.9-5.2t5-1.8q2.6 0 4.1 0.2z\"\/><\/svg><\/span><span class=\"shariff-text\">teilen<\/span>&nbsp;<\/a><\/li><li class=\"shariff-button threema shariff-nocustomcolor shariff-mobile\" style=\"background-color:#4fbc24\"><a href=\"threema:\/\/compose?text=Die%20Neujahrsansprache%20der%20Bundeskanzlerin%20f%C3%BCr%20das%20Jahr%202014%20https%3A%2F%2Fblogs.nmz.de%2Fbadblog%2F2014%2F01%2F01%2Fdie-neujahrsansprache-der-bundeskanzlerin-fur-das-jahr-2014%2F\" title=\"Bei Threema teilen\" aria-label=\"Bei Threema teilen\" role=\"button\" rel=\"noopener nofollow\" class=\"shariff-link\" style=\"; background-color:#1f1f1f; color:#fff\" target=\"_blank\"><span class=\"shariff-icon\" style=\"\"><svg width=\"32px\" height=\"20px\" xmlns=\"http:\/\/www.w3.org\/2000\/svg\" viewBox=\"0 0 32 32\"><path fill=\"#1f1f1f\" d=\"M30.8 10.9c-0.3-1.4-0.9-2.6-1.8-3.8-2-2.6-5.5-4.5-9.4-5.2-1.3-0.2-1.9-0.3-3.5-0.3s-2.2 0-3.5 0.3c-4 0.7-7.4 2.6-9.4 5.2-0.9 1.2-1.5 2.4-1.8 3.8-0.1 0.5-0.2 1.2-0.2 1.6 0 0.4 0.1 1.1 0.2 1.6 0.4 1.9 1.3 3.4 2.9 5 0.8 0.8 0.8 0.8 0.7 1.3 0 0.6-0.5 1.6-1.7 3.6-0.3 0.5-0.5 0.9-0.5 0.9 0 0.1 0.1 0.1 0.5 0 0.8-0.2 2.3-0.6 5.6-1.6 1.1-0.3 1.3-0.4 2.3-0.4 0.8 0 1.1 0 2.3 0.2 1.5 0.2 3.5 0.2 4.9 0 5.1-0.6 9.3-2.9 11.4-6.3 0.5-0.9 0.9-1.8 1.1-2.8 0.1-0.5 0.2-1.1 0.2-1.6 0-0.7-0.1-1.1-0.2-1.6-0.3-1.4 0.1 0.5 0 0zM20.6 17.3c0 0.4-0.4 0.8-0.8 0.8h-7.7c-0.4 0-0.8-0.4-0.8-0.8v-4.6c0-0.4 0.4-0.8 0.8-0.8h0.2l0-1.6c0-0.9 0-1.8 0.1-2 0.1-0.6 0.6-1.2 1.1-1.7s1.1-0.7 1.9-0.8c1.8-0.3 3.7 0.7 4.2 2.2 0.1 0.3 0.1 0.7 0.1 2.1v0 1.7h0.1c0.4 0 0.8 0.4 0.8 0.8v4.6zM15.6 7.3c-0.5 0.1-0.8 0.3-1.2 0.6s-0.6 0.8-0.7 1.3c0 0.2 0 0.8 0 1.5l0 1.2h4.6v-1.3c0-1 0-1.4-0.1-1.6-0.3-1.1-1.5-1.9-2.6-1.7zM25.8 28.2c0 1.2-1 2.2-2.1 2.2s-2.1-1-2.1-2.1c0-1.2 1-2.1 2.2-2.1s2.2 1 2.2 2.2zM18.1 28.2c0 1.2-1 2.2-2.1 2.2s-2.1-1-2.1-2.1c0-1.2 1-2.1 2.2-2.1s2.2 1 2.2 2.2zM10.4 28.2c0 1.2-1 2.2-2.1 2.2s-2.1-1-2.1-2.1c0-1.2 1-2.1 2.2-2.1s2.2 1 2.2 2.2z\"\/><\/svg><\/span><span class=\"shariff-text\">teilen<\/span>&nbsp;<\/a><\/li><li class=\"shariff-button linkedin shariff-nocustomcolor\" style=\"background-color:#1488bf\"><a href=\"https:\/\/www.linkedin.com\/sharing\/share-offsite\/?url=https%3A%2F%2Fblogs.nmz.de%2Fbadblog%2F2014%2F01%2F01%2Fdie-neujahrsansprache-der-bundeskanzlerin-fur-das-jahr-2014%2F\" title=\"Bei LinkedIn teilen\" aria-label=\"Bei LinkedIn teilen\" role=\"button\" rel=\"noopener nofollow\" class=\"shariff-link\" style=\"; background-color:#0077b5; color:#fff\" target=\"_blank\"><span class=\"shariff-icon\" style=\"\"><svg width=\"32px\" height=\"20px\" xmlns=\"http:\/\/www.w3.org\/2000\/svg\" viewBox=\"0 0 27 32\"><path fill=\"#0077b5\" d=\"M6.2 11.2v17.7h-5.9v-17.7h5.9zM6.6 5.7q0 1.3-0.9 2.2t-2.4 0.9h0q-1.5 0-2.4-0.9t-0.9-2.2 0.9-2.2 2.4-0.9 2.4 0.9 0.9 2.2zM27.4 18.7v10.1h-5.9v-9.5q0-1.9-0.7-2.9t-2.3-1.1q-1.1 0-1.9 0.6t-1.2 1.5q-0.2 0.5-0.2 1.4v9.9h-5.9q0-7.1 0-11.6t0-5.3l0-0.9h5.9v2.6h0q0.4-0.6 0.7-1t1-0.9 1.6-0.8 2-0.3q3 0 4.9 2t1.9 6z\"\/><\/svg><\/span><span class=\"shariff-text\">teilen<\/span>&nbsp;<\/a><\/li><li class=\"shariff-button info shariff-nocustomcolor\" style=\"background-color:#eee\"><a href=\"http:\/\/ct.de\/-2467514\" title=\"Weitere Informationen\" aria-label=\"Weitere Informationen\" role=\"button\" rel=\"noopener \" class=\"shariff-link\" style=\"; background-color:#fff; color:#fff\" target=\"_blank\"><span class=\"shariff-icon\" style=\"\"><svg width=\"32px\" height=\"20px\" xmlns=\"http:\/\/www.w3.org\/2000\/svg\" viewBox=\"0 0 11 32\"><path fill=\"#999\" d=\"M11.4 24v2.3q0 0.5-0.3 0.8t-0.8 0.4h-9.1q-0.5 0-0.8-0.4t-0.4-0.8v-2.3q0-0.5 0.4-0.8t0.8-0.4h1.1v-6.8h-1.1q-0.5 0-0.8-0.4t-0.4-0.8v-2.3q0-0.5 0.4-0.8t0.8-0.4h6.8q0.5 0 0.8 0.4t0.4 0.8v10.3h1.1q0.5 0 0.8 0.4t0.3 0.8zM9.2 3.4v3.4q0 0.5-0.4 0.8t-0.8 0.4h-4.6q-0.4 0-0.8-0.4t-0.4-0.8v-3.4q0-0.4 0.4-0.8t0.8-0.4h4.6q0.5 0 0.8 0.4t0.4 0.8z\"\/><\/svg><\/span><\/a><\/li><\/ul><\/div>","protected":false},"author":8,"featured_media":0,"comment_status":"open","ping_status":"open","sticky":false,"template":"","format":"standard","meta":{"jetpack_post_was_ever_published":false,"_jetpack_newsletter_access":"","_jetpack_dont_email_post_to_subs":false,"_jetpack_newsletter_tier_id":0,"_jetpack_memberships_contains_paywalled_content":false,"_jetpack_memberships_contains_paid_content":false,"footnotes":""},"categories":[14657],"tags":[971,10931,511,10934,2993,7124,10932,1425,8934,10933],"class_list":["post-9809","post","type-post","status-publish","format-standard","hentry","category-nicht-kategorisiert","tag-angela-merkel","tag-banken","tag-ddr","tag-helmut-kohl","tag-kulturkuerzung","tag-liechtenstein","tag-orchestereinsparung","tag-peter-boudgoust","tag-solidaritat","tag-theaterschliesung"],"yoast_head":"<!-- This site is optimized with the Yoast SEO plugin v27.5 - https:\/\/yoast.com\/product\/yoast-seo-wordpress\/ -->\n<title>Die Neujahrsansprache der Bundeskanzlerin f\u00fcr das Jahr 2014 &#8211; Bad Blog Of Musick - nmz Klassik-Blog<\/title>\n<meta name=\"description\" content=\"Bad Blog Of Musick \u2013 Ein Klassik-Blog und das wahrscheinlich bedeutendste Musik-Blog zur zeitgen\u00f6ssischen und klassischen Musikkultur\" \/>\n<meta name=\"robots\" content=\"index, follow, max-snippet:-1, max-image-preview:large, max-video-preview:-1\" \/>\n<link rel=\"canonical\" href=\"https:\/\/blogs.nmz.de\/badblog\/2014\/01\/01\/die-neujahrsansprache-der-bundeskanzlerin-fur-das-jahr-2014\/\" \/>\n<meta property=\"og:locale\" content=\"de_DE\" \/>\n<meta property=\"og:type\" content=\"article\" \/>\n<meta property=\"og:title\" content=\"Die Neujahrsansprache der Bundeskanzlerin f\u00fcr das Jahr 2014 &#8211; Bad Blog Of Musick - nmz Klassik-Blog\" \/>\n<meta property=\"og:description\" content=\"Bad Blog Of Musick \u2013 Ein Klassik-Blog und das wahrscheinlich bedeutendste Musik-Blog zur zeitgen\u00f6ssischen und klassischen Musikkultur\" \/>\n<meta property=\"og:url\" content=\"https:\/\/blogs.nmz.de\/badblog\/2014\/01\/01\/die-neujahrsansprache-der-bundeskanzlerin-fur-das-jahr-2014\/\" \/>\n<meta property=\"og:site_name\" content=\"Bad Blog Of Musick\" \/>\n<meta property=\"article:publisher\" content=\"https:\/\/www.facebook.com\/musikzeitung\" \/>\n<meta property=\"article:author\" content=\"moritz.eggert.79\" \/>\n<meta property=\"article:published_time\" content=\"2014-01-01T16:33:55+00:00\" \/>\n<meta property=\"og:image\" content=\"https:\/\/blogs.nmz.de\/badblog\/files\/2014\/01\/merkel-300x188.jpg\" \/>\n<meta name=\"author\" content=\"Moritz Eggert\" \/>\n<meta name=\"twitter:card\" content=\"summary_large_image\" \/>\n<meta name=\"twitter:creator\" content=\"@MoritzEggert\" \/>\n<meta name=\"twitter:site\" content=\"@musikzeitung\" \/>\n<meta name=\"twitter:label1\" content=\"Verfasst von\" \/>\n\t<meta name=\"twitter:data1\" content=\"Moritz Eggert\" \/>\n\t<meta name=\"twitter:label2\" content=\"Gesch\u00e4tzte Lesezeit\" \/>\n\t<meta name=\"twitter:data2\" content=\"5\u00a0Minuten\" \/>\n<script type=\"application\/ld+json\" class=\"yoast-schema-graph\">{\"@context\":\"https:\\\/\\\/schema.org\",\"@graph\":[{\"@type\":\"Article\",\"@id\":\"https:\\\/\\\/blogs.nmz.de\\\/badblog\\\/2014\\\/01\\\/01\\\/die-neujahrsansprache-der-bundeskanzlerin-fur-das-jahr-2014\\\/#article\",\"isPartOf\":{\"@id\":\"https:\\\/\\\/blogs.nmz.de\\\/badblog\\\/2014\\\/01\\\/01\\\/die-neujahrsansprache-der-bundeskanzlerin-fur-das-jahr-2014\\\/\"},\"author\":{\"name\":\"Moritz Eggert\",\"@id\":\"https:\\\/\\\/blogs.nmz.de\\\/badblog\\\/#\\\/schema\\\/person\\\/ce88a756dea34f64ceab78df990e3dd4\"},\"headline\":\"Die Neujahrsansprache der Bundeskanzlerin f&#252;r das Jahr 2014\",\"datePublished\":\"2014-01-01T16:33:55+00:00\",\"mainEntityOfPage\":{\"@id\":\"https:\\\/\\\/blogs.nmz.de\\\/badblog\\\/2014\\\/01\\\/01\\\/die-neujahrsansprache-der-bundeskanzlerin-fur-das-jahr-2014\\\/\"},\"wordCount\":1029,\"commentCount\":1,\"publisher\":{\"@id\":\"https:\\\/\\\/blogs.nmz.de\\\/badblog\\\/#organization\"},\"image\":{\"@id\":\"https:\\\/\\\/blogs.nmz.de\\\/badblog\\\/2014\\\/01\\\/01\\\/die-neujahrsansprache-der-bundeskanzlerin-fur-das-jahr-2014\\\/#primaryimage\"},\"thumbnailUrl\":\"https:\\\/\\\/blogs.nmz.de\\\/badblog\\\/files\\\/2014\\\/01\\\/merkel-300x188.jpg\",\"keywords\":[\"Angela Merkel\",\"Banken\",\"DDR\",\"Helmut Kohl\",\"Kulturk\u00fcrzung\",\"Liechtenstein\",\"Orchestereinsparung\",\"Peter Boudgoust\",\"Solidarit\u00e4t\",\"Theaterschlie\u00dfung\"],\"inLanguage\":\"de\",\"potentialAction\":[{\"@type\":\"CommentAction\",\"name\":\"Comment\",\"target\":[\"https:\\\/\\\/blogs.nmz.de\\\/badblog\\\/2014\\\/01\\\/01\\\/die-neujahrsansprache-der-bundeskanzlerin-fur-das-jahr-2014\\\/#respond\"]}]},{\"@type\":\"WebPage\",\"@id\":\"https:\\\/\\\/blogs.nmz.de\\\/badblog\\\/2014\\\/01\\\/01\\\/die-neujahrsansprache-der-bundeskanzlerin-fur-das-jahr-2014\\\/\",\"url\":\"https:\\\/\\\/blogs.nmz.de\\\/badblog\\\/2014\\\/01\\\/01\\\/die-neujahrsansprache-der-bundeskanzlerin-fur-das-jahr-2014\\\/\",\"name\":\"Die Neujahrsansprache der Bundeskanzlerin f\u00fcr das Jahr 2014 &#8211; Bad Blog Of Musick - nmz Klassik-Blog\",\"isPartOf\":{\"@id\":\"https:\\\/\\\/blogs.nmz.de\\\/badblog\\\/#website\"},\"primaryImageOfPage\":{\"@id\":\"https:\\\/\\\/blogs.nmz.de\\\/badblog\\\/2014\\\/01\\\/01\\\/die-neujahrsansprache-der-bundeskanzlerin-fur-das-jahr-2014\\\/#primaryimage\"},\"image\":{\"@id\":\"https:\\\/\\\/blogs.nmz.de\\\/badblog\\\/2014\\\/01\\\/01\\\/die-neujahrsansprache-der-bundeskanzlerin-fur-das-jahr-2014\\\/#primaryimage\"},\"thumbnailUrl\":\"https:\\\/\\\/blogs.nmz.de\\\/badblog\\\/files\\\/2014\\\/01\\\/merkel-300x188.jpg\",\"datePublished\":\"2014-01-01T16:33:55+00:00\",\"description\":\"Bad Blog Of Musick \u2013 Ein Klassik-Blog und das wahrscheinlich bedeutendste Musik-Blog zur zeitgen\u00f6ssischen und klassischen Musikkultur\",\"breadcrumb\":{\"@id\":\"https:\\\/\\\/blogs.nmz.de\\\/badblog\\\/2014\\\/01\\\/01\\\/die-neujahrsansprache-der-bundeskanzlerin-fur-das-jahr-2014\\\/#breadcrumb\"},\"inLanguage\":\"de\",\"potentialAction\":[{\"@type\":\"ReadAction\",\"target\":[\"https:\\\/\\\/blogs.nmz.de\\\/badblog\\\/2014\\\/01\\\/01\\\/die-neujahrsansprache-der-bundeskanzlerin-fur-das-jahr-2014\\\/\"]}]},{\"@type\":\"ImageObject\",\"inLanguage\":\"de\",\"@id\":\"https:\\\/\\\/blogs.nmz.de\\\/badblog\\\/2014\\\/01\\\/01\\\/die-neujahrsansprache-der-bundeskanzlerin-fur-das-jahr-2014\\\/#primaryimage\",\"url\":\"https:\\\/\\\/i0.wp.com\\\/blogs.nmz.de\\\/badblog\\\/files\\\/2014\\\/01\\\/merkel.jpg?fit=630%2C395&ssl=1\",\"contentUrl\":\"https:\\\/\\\/i0.wp.com\\\/blogs.nmz.de\\\/badblog\\\/files\\\/2014\\\/01\\\/merkel.jpg?fit=630%2C395&ssl=1\",\"width\":\"630\",\"height\":\"395\"},{\"@type\":\"BreadcrumbList\",\"@id\":\"https:\\\/\\\/blogs.nmz.de\\\/badblog\\\/2014\\\/01\\\/01\\\/die-neujahrsansprache-der-bundeskanzlerin-fur-das-jahr-2014\\\/#breadcrumb\",\"itemListElement\":[{\"@type\":\"ListItem\",\"position\":1,\"name\":\"Startseite\",\"item\":\"https:\\\/\\\/blogs.nmz.de\\\/badblog\\\/\"},{\"@type\":\"ListItem\",\"position\":2,\"name\":\"Die Neujahrsansprache der Bundeskanzlerin f&#252;r das Jahr 2014\"}]},{\"@type\":\"WebSite\",\"@id\":\"https:\\\/\\\/blogs.nmz.de\\\/badblog\\\/#website\",\"url\":\"https:\\\/\\\/blogs.nmz.de\\\/badblog\\\/\",\"name\":\"Bad Blog Of Musick\",\"description\":\"Das bedeutendste Blog zur zeitgen\u00f6ssischen Musikkultur\",\"publisher\":{\"@id\":\"https:\\\/\\\/blogs.nmz.de\\\/badblog\\\/#organization\"},\"potentialAction\":[{\"@type\":\"SearchAction\",\"target\":{\"@type\":\"EntryPoint\",\"urlTemplate\":\"https:\\\/\\\/blogs.nmz.de\\\/badblog\\\/?s={search_term_string}\"},\"query-input\":{\"@type\":\"PropertyValueSpecification\",\"valueRequired\":true,\"valueName\":\"search_term_string\"}}],\"inLanguage\":\"de\"},{\"@type\":\"Organization\",\"@id\":\"https:\\\/\\\/blogs.nmz.de\\\/badblog\\\/#organization\",\"name\":\"Bad Blog Of Musick\",\"alternateName\":\"Ein Klassik-Blog zur Musik\",\"url\":\"https:\\\/\\\/blogs.nmz.de\\\/badblog\\\/\",\"logo\":{\"@type\":\"ImageObject\",\"inLanguage\":\"de\",\"@id\":\"https:\\\/\\\/blogs.nmz.de\\\/badblog\\\/#\\\/schema\\\/logo\\\/image\\\/\",\"url\":\"https:\\\/\\\/i0.wp.com\\\/blogs.nmz.de\\\/badblog\\\/files\\\/2016\\\/10\\\/badblog-logo1.png?fit=512%2C512&ssl=1\",\"contentUrl\":\"https:\\\/\\\/i0.wp.com\\\/blogs.nmz.de\\\/badblog\\\/files\\\/2016\\\/10\\\/badblog-logo1.png?fit=512%2C512&ssl=1\",\"width\":512,\"height\":512,\"caption\":\"Bad Blog Of Musick\"},\"image\":{\"@id\":\"https:\\\/\\\/blogs.nmz.de\\\/badblog\\\/#\\\/schema\\\/logo\\\/image\\\/\"},\"sameAs\":[\"https:\\\/\\\/www.facebook.com\\\/musikzeitung\",\"https:\\\/\\\/x.com\\\/musikzeitung\"]},{\"@type\":\"Person\",\"@id\":\"https:\\\/\\\/blogs.nmz.de\\\/badblog\\\/#\\\/schema\\\/person\\\/ce88a756dea34f64ceab78df990e3dd4\",\"name\":\"Moritz Eggert\",\"description\":\"Komponist\",\"sameAs\":[\"http:\\\/\\\/www.moritz-eggert.de\",\"moritz.eggert.79\",\"https:\\\/\\\/x.com\\\/MoritzEggert\"],\"url\":\"https:\\\/\\\/blogs.nmz.de\\\/badblog\\\/author\\\/moritzeggert\\\/\"}]}<\/script>\n<!-- \/ Yoast SEO plugin. -->","yoast_head_json":{"title":"Die Neujahrsansprache der Bundeskanzlerin f\u00fcr das Jahr 2014 &#8211; Bad Blog Of Musick - nmz Klassik-Blog","description":"Bad Blog Of Musick \u2013 Ein Klassik-Blog und das wahrscheinlich bedeutendste Musik-Blog zur zeitgen\u00f6ssischen und klassischen Musikkultur","robots":{"index":"index","follow":"follow","max-snippet":"max-snippet:-1","max-image-preview":"max-image-preview:large","max-video-preview":"max-video-preview:-1"},"canonical":"https:\/\/blogs.nmz.de\/badblog\/2014\/01\/01\/die-neujahrsansprache-der-bundeskanzlerin-fur-das-jahr-2014\/","og_locale":"de_DE","og_type":"article","og_title":"Die Neujahrsansprache der Bundeskanzlerin f\u00fcr das Jahr 2014 &#8211; Bad Blog Of Musick - nmz Klassik-Blog","og_description":"Bad Blog Of Musick \u2013 Ein Klassik-Blog und das wahrscheinlich bedeutendste Musik-Blog zur zeitgen\u00f6ssischen und klassischen Musikkultur","og_url":"https:\/\/blogs.nmz.de\/badblog\/2014\/01\/01\/die-neujahrsansprache-der-bundeskanzlerin-fur-das-jahr-2014\/","og_site_name":"Bad Blog Of Musick","article_publisher":"https:\/\/www.facebook.com\/musikzeitung","article_author":"moritz.eggert.79","article_published_time":"2014-01-01T16:33:55+00:00","og_image":[{"url":"https:\/\/blogs.nmz.de\/badblog\/files\/2014\/01\/merkel-300x188.jpg","type":"","width":"","height":""}],"author":"Moritz Eggert","twitter_card":"summary_large_image","twitter_creator":"@MoritzEggert","twitter_site":"@musikzeitung","twitter_misc":{"Verfasst von":"Moritz Eggert","Gesch\u00e4tzte Lesezeit":"5\u00a0Minuten"},"schema":{"@context":"https:\/\/schema.org","@graph":[{"@type":"Article","@id":"https:\/\/blogs.nmz.de\/badblog\/2014\/01\/01\/die-neujahrsansprache-der-bundeskanzlerin-fur-das-jahr-2014\/#article","isPartOf":{"@id":"https:\/\/blogs.nmz.de\/badblog\/2014\/01\/01\/die-neujahrsansprache-der-bundeskanzlerin-fur-das-jahr-2014\/"},"author":{"name":"Moritz Eggert","@id":"https:\/\/blogs.nmz.de\/badblog\/#\/schema\/person\/ce88a756dea34f64ceab78df990e3dd4"},"headline":"Die Neujahrsansprache der Bundeskanzlerin f&#252;r das Jahr 2014","datePublished":"2014-01-01T16:33:55+00:00","mainEntityOfPage":{"@id":"https:\/\/blogs.nmz.de\/badblog\/2014\/01\/01\/die-neujahrsansprache-der-bundeskanzlerin-fur-das-jahr-2014\/"},"wordCount":1029,"commentCount":1,"publisher":{"@id":"https:\/\/blogs.nmz.de\/badblog\/#organization"},"image":{"@id":"https:\/\/blogs.nmz.de\/badblog\/2014\/01\/01\/die-neujahrsansprache-der-bundeskanzlerin-fur-das-jahr-2014\/#primaryimage"},"thumbnailUrl":"https:\/\/blogs.nmz.de\/badblog\/files\/2014\/01\/merkel-300x188.jpg","keywords":["Angela Merkel","Banken","DDR","Helmut Kohl","Kulturk\u00fcrzung","Liechtenstein","Orchestereinsparung","Peter Boudgoust","Solidarit\u00e4t","Theaterschlie\u00dfung"],"inLanguage":"de","potentialAction":[{"@type":"CommentAction","name":"Comment","target":["https:\/\/blogs.nmz.de\/badblog\/2014\/01\/01\/die-neujahrsansprache-der-bundeskanzlerin-fur-das-jahr-2014\/#respond"]}]},{"@type":"WebPage","@id":"https:\/\/blogs.nmz.de\/badblog\/2014\/01\/01\/die-neujahrsansprache-der-bundeskanzlerin-fur-das-jahr-2014\/","url":"https:\/\/blogs.nmz.de\/badblog\/2014\/01\/01\/die-neujahrsansprache-der-bundeskanzlerin-fur-das-jahr-2014\/","name":"Die Neujahrsansprache der Bundeskanzlerin f\u00fcr das Jahr 2014 &#8211; Bad Blog Of Musick - nmz Klassik-Blog","isPartOf":{"@id":"https:\/\/blogs.nmz.de\/badblog\/#website"},"primaryImageOfPage":{"@id":"https:\/\/blogs.nmz.de\/badblog\/2014\/01\/01\/die-neujahrsansprache-der-bundeskanzlerin-fur-das-jahr-2014\/#primaryimage"},"image":{"@id":"https:\/\/blogs.nmz.de\/badblog\/2014\/01\/01\/die-neujahrsansprache-der-bundeskanzlerin-fur-das-jahr-2014\/#primaryimage"},"thumbnailUrl":"https:\/\/blogs.nmz.de\/badblog\/files\/2014\/01\/merkel-300x188.jpg","datePublished":"2014-01-01T16:33:55+00:00","description":"Bad Blog Of Musick \u2013 Ein Klassik-Blog und das wahrscheinlich bedeutendste Musik-Blog zur zeitgen\u00f6ssischen und klassischen Musikkultur","breadcrumb":{"@id":"https:\/\/blogs.nmz.de\/badblog\/2014\/01\/01\/die-neujahrsansprache-der-bundeskanzlerin-fur-das-jahr-2014\/#breadcrumb"},"inLanguage":"de","potentialAction":[{"@type":"ReadAction","target":["https:\/\/blogs.nmz.de\/badblog\/2014\/01\/01\/die-neujahrsansprache-der-bundeskanzlerin-fur-das-jahr-2014\/"]}]},{"@type":"ImageObject","inLanguage":"de","@id":"https:\/\/blogs.nmz.de\/badblog\/2014\/01\/01\/die-neujahrsansprache-der-bundeskanzlerin-fur-das-jahr-2014\/#primaryimage","url":"https:\/\/i0.wp.com\/blogs.nmz.de\/badblog\/files\/2014\/01\/merkel.jpg?fit=630%2C395&ssl=1","contentUrl":"https:\/\/i0.wp.com\/blogs.nmz.de\/badblog\/files\/2014\/01\/merkel.jpg?fit=630%2C395&ssl=1","width":"630","height":"395"},{"@type":"BreadcrumbList","@id":"https:\/\/blogs.nmz.de\/badblog\/2014\/01\/01\/die-neujahrsansprache-der-bundeskanzlerin-fur-das-jahr-2014\/#breadcrumb","itemListElement":[{"@type":"ListItem","position":1,"name":"Startseite","item":"https:\/\/blogs.nmz.de\/badblog\/"},{"@type":"ListItem","position":2,"name":"Die Neujahrsansprache der Bundeskanzlerin f&#252;r das Jahr 2014"}]},{"@type":"WebSite","@id":"https:\/\/blogs.nmz.de\/badblog\/#website","url":"https:\/\/blogs.nmz.de\/badblog\/","name":"Bad Blog Of Musick","description":"Das bedeutendste Blog zur zeitgen\u00f6ssischen Musikkultur","publisher":{"@id":"https:\/\/blogs.nmz.de\/badblog\/#organization"},"potentialAction":[{"@type":"SearchAction","target":{"@type":"EntryPoint","urlTemplate":"https:\/\/blogs.nmz.de\/badblog\/?s={search_term_string}"},"query-input":{"@type":"PropertyValueSpecification","valueRequired":true,"valueName":"search_term_string"}}],"inLanguage":"de"},{"@type":"Organization","@id":"https:\/\/blogs.nmz.de\/badblog\/#organization","name":"Bad Blog Of Musick","alternateName":"Ein Klassik-Blog zur Musik","url":"https:\/\/blogs.nmz.de\/badblog\/","logo":{"@type":"ImageObject","inLanguage":"de","@id":"https:\/\/blogs.nmz.de\/badblog\/#\/schema\/logo\/image\/","url":"https:\/\/i0.wp.com\/blogs.nmz.de\/badblog\/files\/2016\/10\/badblog-logo1.png?fit=512%2C512&ssl=1","contentUrl":"https:\/\/i0.wp.com\/blogs.nmz.de\/badblog\/files\/2016\/10\/badblog-logo1.png?fit=512%2C512&ssl=1","width":512,"height":512,"caption":"Bad Blog Of Musick"},"image":{"@id":"https:\/\/blogs.nmz.de\/badblog\/#\/schema\/logo\/image\/"},"sameAs":["https:\/\/www.facebook.com\/musikzeitung","https:\/\/x.com\/musikzeitung"]},{"@type":"Person","@id":"https:\/\/blogs.nmz.de\/badblog\/#\/schema\/person\/ce88a756dea34f64ceab78df990e3dd4","name":"Moritz Eggert","description":"Komponist","sameAs":["http:\/\/www.moritz-eggert.de","moritz.eggert.79","https:\/\/x.com\/MoritzEggert"],"url":"https:\/\/blogs.nmz.de\/badblog\/author\/moritzeggert\/"}]}},"wp-worthy-pixel":{"ignored":false,"public":null,"server":null,"url":null},"wp-worthy-type":"normal","jetpack_featured_media_url":"","jetpack-related-posts":[],"jetpack_sharing_enabled":true,"_links":{"self":[{"href":"https:\/\/blogs.nmz.de\/badblog\/wp-json\/wp\/v2\/posts\/9809","targetHints":{"allow":["GET"]}}],"collection":[{"href":"https:\/\/blogs.nmz.de\/badblog\/wp-json\/wp\/v2\/posts"}],"about":[{"href":"https:\/\/blogs.nmz.de\/badblog\/wp-json\/wp\/v2\/types\/post"}],"author":[{"embeddable":true,"href":"https:\/\/blogs.nmz.de\/badblog\/wp-json\/wp\/v2\/users\/8"}],"replies":[{"embeddable":true,"href":"https:\/\/blogs.nmz.de\/badblog\/wp-json\/wp\/v2\/comments?post=9809"}],"version-history":[{"count":2,"href":"https:\/\/blogs.nmz.de\/badblog\/wp-json\/wp\/v2\/posts\/9809\/revisions"}],"predecessor-version":[{"id":9812,"href":"https:\/\/blogs.nmz.de\/badblog\/wp-json\/wp\/v2\/posts\/9809\/revisions\/9812"}],"wp:attachment":[{"href":"https:\/\/blogs.nmz.de\/badblog\/wp-json\/wp\/v2\/media?parent=9809"}],"wp:term":[{"taxonomy":"category","embeddable":true,"href":"https:\/\/blogs.nmz.de\/badblog\/wp-json\/wp\/v2\/categories?post=9809"},{"taxonomy":"post_tag","embeddable":true,"href":"https:\/\/blogs.nmz.de\/badblog\/wp-json\/wp\/v2\/tags?post=9809"}],"curies":[{"name":"wp","href":"https:\/\/api.w.org\/{rel}","templated":true}]}}