{"id":6683,"date":"2012-06-21T16:17:26","date_gmt":"2012-06-21T15:17:26","guid":{"rendered":"http:\/\/blogs.nmz.de\/badblog\/?p=6683"},"modified":"2018-01-20T19:05:39","modified_gmt":"2018-01-20T18:05:39","slug":"rettet-uns-vor-der-swr-fusionsverwaltung-eine-polemische-analyse-der-polemik-des-verwaltungschefs-von-oertzen","status":"publish","type":"post","link":"https:\/\/blogs.nmz.de\/badblog\/2012\/06\/21\/rettet-uns-vor-der-swr-fusionsverwaltung-eine-polemische-analyse-der-polemik-des-verwaltungschefs-von-oertzen\/","title":{"rendered":"Rettet uns vor der SWR-Fusionsverwaltung! Eine polemische Analyse der Polemik des Verwaltungschefs von Oertzen"},"content":{"rendered":"<p><a href=\"https:\/\/blogs.nmz.de\/badblog\/2012\/06\/21\/rettet-uns-vor-der-swr-fusionsverwaltung-eine-polemische-analyse-der-polemik-des-verwaltungschefs-von-oertzen\/fusions-comic-nmz\/\" rel=\"attachment wp-att-7714\"><img data-recalc-dims=\"1\" loading=\"lazy\" decoding=\"async\" class=\"aligncenter size-medium wp-image-7714\" src=\"https:\/\/i0.wp.com\/blogs.nmz.de\/badblog\/files\/2012\/06\/fusions-comic-nmz-300x217.jpg?resize=300%2C217&#038;ssl=1\" alt=\"\" width=\"300\" height=\"217\" \/><\/a>\u201eStuttgart \u2013 Es geschah im Jahr 2012, da wurde ein neues Wort geboren: der Wutb&#252;rger.\u201c So beginnt das neueste M&#228;rchen, das der Verwaltungschef des SWR Viktor von Oertzen am 21.6.12 in der <a href=\"http:\/\/www.stuttgarter-zeitung.de\/inhalt.swr-sinfonieorchester-wer-zu-spaet-spart-wird-bestraft.f7e5f951-9641-4d87-92d4-16c2f85c7bff.html\">Online-Ausgabe der Stuttgarter Zeitung<\/a> zur geplanten Fusion von \u201eRadio-Sinfonieorchester Stuttgart\u201c und \u201eSWR Sinfonieorchester Baden-Baden Freiburg\u201c zu erz&#228;hlen versucht. Dass es sich genau um diese beiden Klangk&#246;rper seines Senders handelt, erf&#228;hrt der Zuh&#246;rer dieses M&#228;rchens erst im Vierten Absatz. Ein gestandenes Grimm-M&#228;rchen f&#252;hrt seine Hauptprotagonisten in der Regel im ersten, zweiten Absatz ein. So r&#228;sonniert sich der administrative Mythenerfinder vom Wutb&#252;rger, zu <a href=\"http:\/\/www.die-radioretter.de\/\">Radio<\/a>&#8211; und<a href=\"http:\/\/www.orchesterretter.de\/\"> Orchesterrettern<\/a>, und zieht seinen ersten Schluss: \u201eDer &#246;ffentlich-rechtliche Rundfunk kann sich vor Rettern fast selber nicht mehr retten.\u201c Man sehe und staune, unser Erz&#228;hler ist selbst nicht zu retten. H&#228;tte er doch lieber so angefangen: Es war einmal zu einer Zeit, als Deutschland nach dem Zweiten Weltkrieg moralisch und kulturell in Schutt und Asche lag. Um dies zu bek&#228;mpfen errichtete man neue &#246;ffentlich-rechtliche Sendeanstalten, die unserem Lande demokratische Sitten in Journalismus, Bildung und Kultur wieder ins Ged&#228;chtnis rufen sollten. So entstanden oftmals pro Sendeanstalt mindestens zwei Orchester, eines f&#252;r die leichte Muse und die Gebrauchsmusik, eines f&#252;r die klassische Sinfonik und wie im Falle des SWF Sinfonieorchesters Baden-Baden sogar f&#252;r Neue Musik, wobei diesem Beispiel mehr oder minder ausgepr&#228;gt etliche Sender folgten. Etc.<!--more--><\/p>\n<p>Zugegeben verf&#228;hrt Viktor von Oertzen sinngem&#228;&#223;. Er widersteht aber nicht der Versuchung, gleich Geschichtsklitterung zu betreiben. Er behauptet, die Gr&#252;ndung des ehemaligen SWF und des SDR w&#228;ren allein Linien zu verdanken, an denen \u201edie Panzer der Befreier nach dem Zweiten Weltkrieg zum Stehen gekommen waren (&#8230;)\u201c und verkennt dabei die reale Existenz zweier Bundesl&#228;nder Baden und W&#252;rttemberg, die sich zwar bald fusionierten, zu Zeiten ihrer eigenen Existenz aber auch eigene Sendeanstalten leisteten, so sehr man immer schon bem&#252;ht gewesen sein mag, ebenfalls diese von vornherein zusammenzufassen. Denkt man an den NWDR, k&#246;nnte man sogar ein Beispiel eines sp&#228;ter zerfallenen Senders anf&#252;hren. Dies mag anhand der L&#228;ndergr&#246;&#223;en als Gegenbeispiel durchaus schwer vermittelbar sein, zeigt aber immerhin die Denkbarkeit des puren Gegenteils zu Fusion: disversifizierende Aufspaltung.<\/p>\n<p>Im Moment der endlich erfolgenden Erw&#228;hnung seines Themas, der beiden zu fusionierenden Orchester des SWR im vierten Absatz, k&#246;nnte der Artikel eine urpl&#246;tzlich neue Wendung erhalten, die Nachricht, dass eben nicht fusioniert w&#252;rde: \u201eDer SWR ist schlicht stolz auf seine Orchester. Jeder w&#252;rde diese Orchester gerne erhalten wollen.\u201c Aber heute sei nicht gestern folgt postwendend! Ja, das wollen wir doch stark hoffen. Leben wir doch nach Kriegsverbrechen und Zerst&#246;rung, Teilung, Wiederaufbau, Wiedervereinigung doch in einem properen Lande, dem es besser denn je geht! Wir retten sogar bedenkenlos den Euro, k&#246;nnen dies uns trotz der immensen Summen leisten, auch wenn wir in NRW bereits bald mehr kulturellen Notstand zu haben scheinen als im seit der Wiedervereinigung an Schliessungen und Fusionen siechendem Mitteldeutschland. Nun spielt der Verwaltungschef aber gnadenlos mit dem Klappergeist der Angst vor Wohlstandsverlust: \u201eAber 2012 ist nicht 1945.\u201c Er konstatiert eine Vielfalt an aufgenommener Musik und sieht prompt die Geb&#252;hrenzahler aufgrund des demographischen Wandels schrumpfen, was selbst die neue Haushaltspauschale nicht ausgleichen k&#246;nnen wird. Aber Herr von Oertzen, sind 2012\/13\/14\/15\/16 deshalb schlechtere Jahre als 1945 ff.? Gerade als es dem Lande nicht gut ging, gr&#252;ndete man oder wiedererrichtete man Sender und Klangk&#246;rper. Drohen uns jetzt schon staatlich ausgegebene Essensmarken wie anno dazumal? Wie gesagt, die Euro-Krise und noch anstehende, unabsehbare Folgen m&#246;gen viel kosten. Aber ein ausgebombtes Land sollte dabei nicht drohen. Es sei denn, wir lassen uns mal wieder moralisch und kulturell zerst&#246;ren, wie durch Schliessungen und Fusionen kultureller Einrichtungen.<\/p>\n<p>In den Folgeabs&#228;tzen erkl&#228;rt uns der wohlbestallte Funkmanager, wie teuer das Land inzwischen geworden sei, wie ein Lieschen-M&#252;ller-Vergleich untermauert: \u201eDie Welt um uns herum ist seitdem teurer geworden und wird weiter teurer werden. Jeder sp&#252;rt das, wenn er etwa tanken geht oder wenn er seine Stromrechnung bezahlt. Selbst wenn selbst ernannte Retter das gerne &#252;bersehen: Auch der SWR muss tanken und braucht Strom.\u201c Nur wenige Zeilen sp&#228;ter bricht der Schwabe hervor, der dem badischen Frohsinn den Finanzsch&#228;uble an die Wand malt. Erinnern wir uns nicht an das ber&#252;hmte \u201espare, spare, H&#228;usle baue\u201c? Herr von Oertzen l&#228;&#223;t davon nur das Sparen &#252;brig, will er keine neuen kulturellen Werte mehr schaffen, zumindest erhalten: \u201eDer SWR hat daher einen grundlegenden Einspar- und Umbauprozess beschlossen.\u201c Er spricht &#252;ber die gesetzliche Verpflichtung dazu. Wie steht es aber mit der gesetzlichen Verpflichtung zum Kultur- und Bildungsauftrag? Ist das nicht das Wesensmerkmal des &#246;ffentlich-rechtlichen Senders? Sollte nicht das zuerst angef&#252;hrt werden? Der SWR Verwaltungschef macht es anders, dieser origin&#228;re Auftrag findet erst am Ende des Artikels Erw&#228;hnung, als schliessendes Lippenbekenntnis.<\/p>\n<p>Immer das liebe Geld! Nat&#252;rlich gibt es den demographischen Wandel, nat&#252;rlich schrumpfen die Klassikh&#246;rer, die humanistisch ausgebildeten B&#252;rger. Aber ist dies ein Grund, um statt Aufbau und Erhalt das Gegenteil von Fusion und Schliessung zu propagieren? Haben die &#246;ffentlich-rechtliche Sender nicht viel zu sehr im vorauseilendem Gehorsam ihre Programme im Sinne der kulturellen Bildung selbst unterminiert den Privaten folgend? Manchmal dachte man doch zweitweise, dass die Privaten mit dem ungeliebten Pflichttermin f&#252;r Alexander Kluge und Co. innovativer eine neuartiges Kulturprogramm pflegten, als die ARD? Verw&#228;ssern die &#246;ffentlich-rechtlichen jetzt nicht sogar ihr Aush&#228;ngeschild \u201eArte\u201c? Wo sind all die Sonntagskonzerte, Opernabende, im Prime-TV geblieben, wo sind die ber&#252;hmten ganzen St&#252;cke hin verschwunden? Trugen und tragen die &#246;ffentlich-rechtlichen Sender nicht selbst zum kulturellen und moralischen Verfall bei, in dem sie die sozial-kulturelle Einstellung ihrer treuesten Anh&#228;nger auf die Abraumhalde stellen? Und wieder das Geld: Es ist genug Geld da, um teure Grossstadtlagen zu erschaffen, in dem man Bahnfl&#228;chen freigibt. Es ist genug Geld da, um dritte Start- und Landebahnen in die Welt zu setzen. Es ist genug Geld da, halb Europa zu retten, private Bankschulden zu sozialisieren. Gespart wird aber immer sofort an der Bildung und der von ihr zu vermittelnden Kultur. Was die &#246;ffentlich-rechtlichen Sender betrifft: Es ist genug Geld vorhanden, um s&#228;mtliche EM-Fussballspiele zu senden, statt sich das kostensparend mit den Privaten zu teilen. Die Werbung ver&#228;tzt ja sowieso beide Senderichtungen. Aber denken wir an all die public-viewings: Brauchen wir dann wirklich &#246;ffentlich-rechtliche &#220;bertragungen in jeden Haushalt? W&#228;ren Bezahlsender f&#252;r solche Events nicht besser. Nat&#252;rlich befl&#252;gelt der Sport. Eine positive Wirkung entfaltet er im Gegensatz zu Kultur und Bildung nur im \u201eselbst machen\u201c! Und der Gemeinschaftseffekt ist dann anders zu bewirken, wie eben gezeigt.<\/p>\n<p>Klug argumentiert von Oertzen mit der erfolgreichen Popwelle aus SWF3 und SDR3. Nur verkennt er dabei, dass es sich hierbei nicht um Klangk&#246;rper, sondern um Klangwellen handelt: F&#252;r die Ausstrahlung des schmalen Mainstreams der Popwelt gen&#252;gt tats&#228;chlich ein Sender. Das w&#228;re mal ein echter Fusionsgrund f&#252;r alle dasselbe dudelnden Privatradios. Er erw&#228;hnt zudem die aus Fusionen hervorgegangene \u201eDeutsche Radiophilharmonie\u201c. Unbestritten m&#246;gen die Musiker dieses Orchesters immenses leisten. Die Bedeutung des ehemaligen SR-Sinfonieorchesters konnten sie aber bisher nicht wiedererlangen. Ein Orchester kann sehr wohl ein Reiseunternehmen sein, um die von ihm versorgte Region mit Live-Konzerten zu bespielen. Dies findet in jenem Radius und gr&#246;sseren Gastspielen seine Grenzen. Zwischen Kaiserslautern und Saarbr&#252;cken liegt sehr wohl kein weiter Weg. Dennoch genug Trennendes, M&#252;hsal schaffendes, um wirklich an der alten Tradition anpacken zu k&#246;nnen. Bei einer Fusion von Radio-Sinfonieorchester Stuttgart und SWR Sinfonieorchester Baden-Baden Freiburg w&#252;rden die regionale Grenzen bei weitem gesprengt, w&#228;re es im Gegensatz zur Deutschen Radiophilharmonie ein riesenhafter Wanderzirkus. Das erzeugt Unruhe und wird sensible Musiker niemals an den jetzt r&#228;umlich besseren Situationen ankn&#252;pfen lassen, die Qualit&#228;t trotz renommierter Dirigenten senken, die Musiker aus ihrem lokalen, eher privaten Wirkungskreis herausl&#246;sen, der mitunter durchaus ein wichtiger Multiplikator f&#252;r von Orchestermitgliedern gut ausgebildete Nachwuchsmusiker ist bis hin zu nur privaten Musikveranstaltungen, auf denen die Musiker aber sehr wohl als hervorragende Mitglieder ihrer Klangk&#246;rper wahrgenommen werden.<\/p>\n<p>Richtig h&#228;misch wird es in den Moment, wo Herr von Oertzen alle Radioretter zu GEZ-Schummlern erkl&#228;rt: \u201eRetter sein ist schick. Schick war es &#252;brigens auch, den GEZ-Beitrag in den letzten Jahren zu boykottieren. Vielleicht sind die Motive all dieser w&#252;tenden Retter um uns herum gar nicht so ehrbar, wie sie scheinen.\u201c Aber da ist er nicht anders masslos, volksfremd, fast schon antidemokratisch wie Michael Kerkloh vom M&#252;nchener Flughafen, der das Negativvotum der M&#252;nchener B&#252;rger f&#252;r irrelevant erkl&#228;rt, das korrekt nach der Massgabe des Gesetzes erfolgte. Bisher unterzeichneten mehr als 25 000 Menschen bei den Orchesterrettern. Das mag nur ein kleiner Teil der vom SWR erreichten Leute sein. Es sind aber doch massgebliche Personen des kulturellen Lebens dabei, treue Zuh&#246;rer und viele mehr. Diese Willens- und Sympathiebekundung ist durchaus ernstzunehmen. &#220;bertr&#228;gt man diese Zahl nun auf die Gesamth&#246;rer der SWR-Klassiksendungen, dann d&#252;rfte durchaus ein Quorum erreicht sein, was spielend f&#252;r manches erfolgreiche B&#252;rgerbegehren ausgereicht haben d&#252;rfte. Aber nachdem wir SWR-Fans nun mit Schuld am Untergang der beiden Orchester sein sollen, bleibt nur eines festzustellen: Griff er von Oertzen weit in der Historie aus, um beim Ende des Zweiten Weltkriegs zu beginnen, funktioniert im aktuellen Falle seine Geschichtsklitterung nicht. Die Schuld liegt nicht beim H&#246;rerkollektiv, sie pocht alleine in den K&#246;pfen der mutlosen SWR-Verwaltung!<\/p>\n<div class=\"shariff shariff-align-left shariff-widget-align-left\" style=\"display:none\"><div class=\"ShariffHeadline\"> <\/div><ul class=\"shariff-buttons theme-default orientation-horizontal buttonsize-small\"><li class=\"shariff-button mastodon shariff-nocustomcolor\" style=\"background-color:#563ACC\"><a href=\"https:\/\/s2f.kytta.dev\/?text=Rettet%20uns%20vor%20der%20SWR-Fusionsverwaltung%21%20Eine%20polemische%20Analyse%20der%20Polemik%20des%20Verwaltungschefs%20von%20Oertzen https%3A%2F%2Fblogs.nmz.de%2Fbadblog%2F2012%2F06%2F21%2Frettet-uns-vor-der-swr-fusionsverwaltung-eine-polemische-analyse-der-polemik-des-verwaltungschefs-von-oertzen%2F\" title=\"Bei Mastodon teilen\" aria-label=\"Bei Mastodon teilen\" role=\"button\" rel=\"noopener nofollow\" class=\"shariff-link\" style=\"; background-color:#6364FF; color:#fff\" target=\"_blank\"><span class=\"shariff-icon\" style=\"\"><svg width=\"75\" height=\"79\" viewBox=\"0 0 75 79\" fill=\"none\" xmlns=\"http:\/\/www.w3.org\/2000\/svg\"><path d=\"M37.813-.025C32.462-.058 27.114.13 21.79.598c-8.544.621-17.214 5.58-20.203 13.931C-1.12 23.318.408 32.622.465 41.65c.375 7.316.943 14.78 3.392 21.73 4.365 9.465 14.781 14.537 24.782 15.385 7.64.698 15.761-.213 22.517-4.026a54.1 54.1 0 0 0 .01-6.232c-6.855 1.316-14.101 2.609-21.049 1.074-3.883-.88-6.876-4.237-7.25-8.215-1.53-3.988 3.78-.43 5.584-.883 9.048 1.224 18.282.776 27.303-.462 7.044-.837 14.26-4.788 16.65-11.833 2.263-6.135 1.215-12.79 1.698-19.177.06-3.84.09-7.692-.262-11.52C72.596 7.844 63.223.981 53.834.684a219.453 219.453 0 0 0-16.022-.71zm11.294 12.882c5.5-.067 10.801 4.143 11.67 9.653.338 1.48.471 3 .471 4.515v21.088h-8.357c-.07-7.588.153-15.182-.131-22.765-.587-4.368-7.04-5.747-9.672-2.397-2.422 3.04-1.47 7.155-1.67 10.735v6.392h-8.307c-.146-4.996.359-10.045-.404-15.002-1.108-4.218-7.809-5.565-10.094-1.666-1.685 3.046-.712 6.634-.976 9.936v14.767h-8.354c.109-8.165-.238-16.344.215-24.5.674-5.346 5.095-10.389 10.676-10.627 4.902-.739 10.103 2.038 12.053 6.631.375 1.435 1.76 1.932 1.994.084 1.844-3.704 5.501-6.739 9.785-6.771.367-.044.735-.068 1.101-.073z\"\/><defs><linearGradient id=\"paint0_linear_549_34\" x1=\"37.0692\" y1=\"0\" x2=\"37.0692\" y2=\"79\" gradientUnits=\"userSpaceOnUse\"><stop stop-color=\"#6364FF\"\/><stop offset=\"1\" stop-color=\"#563ACC\"\/><\/linearGradient><\/defs><\/svg><\/span><span class=\"shariff-text\">teilen<\/span>&nbsp;<\/a><\/li><li class=\"shariff-button bluesky shariff-nocustomcolor\" style=\"background-color:#84c4ff\"><a href=\"https:\/\/bsky.app\/intent\/compose?text=Rettet%20uns%20vor%20der%20SWR-Fusionsverwaltung%21%20Eine%20polemische%20Analyse%20der%20Polemik%20des%20Verwaltungschefs%20von%20Oertzen https%3A%2F%2Fblogs.nmz.de%2Fbadblog%2F2012%2F06%2F21%2Frettet-uns-vor-der-swr-fusionsverwaltung-eine-polemische-analyse-der-polemik-des-verwaltungschefs-von-oertzen%2F \" title=\"Bei Bluesky teilen\" aria-label=\"Bei Bluesky teilen\" role=\"button\" rel=\"noopener nofollow\" class=\"shariff-link\" style=\"; background-color:#0085ff; color:#fff\" target=\"_blank\"><span class=\"shariff-icon\" style=\"\"><svg width=\"20\" height=\"20\" version=\"1.1\" xmlns=\"http:\/\/www.w3.org\/2000\/svg\" viewBox=\"0 0 20 20\"><path class=\"st0\" d=\"M4.89,3.12c2.07,1.55,4.3,4.71,5.11,6.4.82-1.69,3.04-4.84,5.11-6.4,1.49-1.12,3.91-1.99,3.91.77,0,.55-.32,4.63-.5,5.3-.64,2.3-2.99,2.89-5.08,2.54,3.65.62,4.58,2.68,2.57,4.74-3.81,3.91-5.48-.98-5.9-2.23-.08-.23-.11-.34-.12-.25,0-.09-.04.02-.12.25-.43,1.25-2.09,6.14-5.9,2.23-2.01-2.06-1.08-4.12,2.57-4.74-2.09.36-4.44-.23-5.08-2.54-.19-.66-.5-4.74-.5-5.3,0-2.76,2.42-1.89,3.91-.77h0Z\"\/><\/svg><\/span><span class=\"shariff-text\">teilen<\/span>&nbsp;<\/a><\/li><li class=\"shariff-button facebook shariff-nocustomcolor\" style=\"background-color:#4273c8\"><a href=\"https:\/\/www.facebook.com\/sharer\/sharer.php?u=https%3A%2F%2Fblogs.nmz.de%2Fbadblog%2F2012%2F06%2F21%2Frettet-uns-vor-der-swr-fusionsverwaltung-eine-polemische-analyse-der-polemik-des-verwaltungschefs-von-oertzen%2F\" title=\"Bei Facebook teilen\" aria-label=\"Bei Facebook teilen\" role=\"button\" rel=\"nofollow\" class=\"shariff-link\" style=\"; background-color:#3b5998; color:#fff\" target=\"_blank\"><span class=\"shariff-icon\" style=\"\"><svg width=\"32px\" height=\"20px\" xmlns=\"http:\/\/www.w3.org\/2000\/svg\" viewBox=\"0 0 18 32\"><path fill=\"#3b5998\" d=\"M17.1 0.2v4.7h-2.8q-1.5 0-2.1 0.6t-0.5 1.9v3.4h5.2l-0.7 5.3h-4.5v13.6h-5.5v-13.6h-4.5v-5.3h4.5v-3.9q0-3.3 1.9-5.2t5-1.8q2.6 0 4.1 0.2z\"\/><\/svg><\/span><span class=\"shariff-text\">teilen<\/span>&nbsp;<\/a><\/li><li class=\"shariff-button threema shariff-nocustomcolor shariff-mobile\" style=\"background-color:#4fbc24\"><a href=\"threema:\/\/compose?text=Rettet%20uns%20vor%20der%20SWR-Fusionsverwaltung%21%20Eine%20polemische%20Analyse%20der%20Polemik%20des%20Verwaltungschefs%20von%20Oertzen%20https%3A%2F%2Fblogs.nmz.de%2Fbadblog%2F2012%2F06%2F21%2Frettet-uns-vor-der-swr-fusionsverwaltung-eine-polemische-analyse-der-polemik-des-verwaltungschefs-von-oertzen%2F\" title=\"Bei Threema teilen\" aria-label=\"Bei Threema teilen\" role=\"button\" rel=\"noopener nofollow\" class=\"shariff-link\" style=\"; background-color:#1f1f1f; color:#fff\" target=\"_blank\"><span class=\"shariff-icon\" style=\"\"><svg width=\"32px\" height=\"20px\" xmlns=\"http:\/\/www.w3.org\/2000\/svg\" viewBox=\"0 0 32 32\"><path fill=\"#1f1f1f\" d=\"M30.8 10.9c-0.3-1.4-0.9-2.6-1.8-3.8-2-2.6-5.5-4.5-9.4-5.2-1.3-0.2-1.9-0.3-3.5-0.3s-2.2 0-3.5 0.3c-4 0.7-7.4 2.6-9.4 5.2-0.9 1.2-1.5 2.4-1.8 3.8-0.1 0.5-0.2 1.2-0.2 1.6 0 0.4 0.1 1.1 0.2 1.6 0.4 1.9 1.3 3.4 2.9 5 0.8 0.8 0.8 0.8 0.7 1.3 0 0.6-0.5 1.6-1.7 3.6-0.3 0.5-0.5 0.9-0.5 0.9 0 0.1 0.1 0.1 0.5 0 0.8-0.2 2.3-0.6 5.6-1.6 1.1-0.3 1.3-0.4 2.3-0.4 0.8 0 1.1 0 2.3 0.2 1.5 0.2 3.5 0.2 4.9 0 5.1-0.6 9.3-2.9 11.4-6.3 0.5-0.9 0.9-1.8 1.1-2.8 0.1-0.5 0.2-1.1 0.2-1.6 0-0.7-0.1-1.1-0.2-1.6-0.3-1.4 0.1 0.5 0 0zM20.6 17.3c0 0.4-0.4 0.8-0.8 0.8h-7.7c-0.4 0-0.8-0.4-0.8-0.8v-4.6c0-0.4 0.4-0.8 0.8-0.8h0.2l0-1.6c0-0.9 0-1.8 0.1-2 0.1-0.6 0.6-1.2 1.1-1.7s1.1-0.7 1.9-0.8c1.8-0.3 3.7 0.7 4.2 2.2 0.1 0.3 0.1 0.7 0.1 2.1v0 1.7h0.1c0.4 0 0.8 0.4 0.8 0.8v4.6zM15.6 7.3c-0.5 0.1-0.8 0.3-1.2 0.6s-0.6 0.8-0.7 1.3c0 0.2 0 0.8 0 1.5l0 1.2h4.6v-1.3c0-1 0-1.4-0.1-1.6-0.3-1.1-1.5-1.9-2.6-1.7zM25.8 28.2c0 1.2-1 2.2-2.1 2.2s-2.1-1-2.1-2.1c0-1.2 1-2.1 2.2-2.1s2.2 1 2.2 2.2zM18.1 28.2c0 1.2-1 2.2-2.1 2.2s-2.1-1-2.1-2.1c0-1.2 1-2.1 2.2-2.1s2.2 1 2.2 2.2zM10.4 28.2c0 1.2-1 2.2-2.1 2.2s-2.1-1-2.1-2.1c0-1.2 1-2.1 2.2-2.1s2.2 1 2.2 2.2z\"\/><\/svg><\/span><span class=\"shariff-text\">teilen<\/span>&nbsp;<\/a><\/li><li class=\"shariff-button linkedin shariff-nocustomcolor\" style=\"background-color:#1488bf\"><a href=\"https:\/\/www.linkedin.com\/sharing\/share-offsite\/?url=https%3A%2F%2Fblogs.nmz.de%2Fbadblog%2F2012%2F06%2F21%2Frettet-uns-vor-der-swr-fusionsverwaltung-eine-polemische-analyse-der-polemik-des-verwaltungschefs-von-oertzen%2F\" title=\"Bei LinkedIn teilen\" aria-label=\"Bei LinkedIn teilen\" role=\"button\" rel=\"noopener nofollow\" class=\"shariff-link\" style=\"; background-color:#0077b5; color:#fff\" target=\"_blank\"><span class=\"shariff-icon\" style=\"\"><svg width=\"32px\" height=\"20px\" xmlns=\"http:\/\/www.w3.org\/2000\/svg\" viewBox=\"0 0 27 32\"><path fill=\"#0077b5\" d=\"M6.2 11.2v17.7h-5.9v-17.7h5.9zM6.6 5.7q0 1.3-0.9 2.2t-2.4 0.9h0q-1.5 0-2.4-0.9t-0.9-2.2 0.9-2.2 2.4-0.9 2.4 0.9 0.9 2.2zM27.4 18.7v10.1h-5.9v-9.5q0-1.9-0.7-2.9t-2.3-1.1q-1.1 0-1.9 0.6t-1.2 1.5q-0.2 0.5-0.2 1.4v9.9h-5.9q0-7.1 0-11.6t0-5.3l0-0.9h5.9v2.6h0q0.4-0.6 0.7-1t1-0.9 1.6-0.8 2-0.3q3 0 4.9 2t1.9 6z\"\/><\/svg><\/span><span class=\"shariff-text\">teilen<\/span>&nbsp;<\/a><\/li><li class=\"shariff-button info shariff-nocustomcolor\" style=\"background-color:#eee\"><a href=\"http:\/\/ct.de\/-2467514\" title=\"Weitere Informationen\" aria-label=\"Weitere Informationen\" role=\"button\" rel=\"noopener \" class=\"shariff-link\" style=\"; background-color:#fff; color:#fff\" target=\"_blank\"><span class=\"shariff-icon\" style=\"\"><svg width=\"32px\" height=\"20px\" xmlns=\"http:\/\/www.w3.org\/2000\/svg\" viewBox=\"0 0 11 32\"><path fill=\"#999\" d=\"M11.4 24v2.3q0 0.5-0.3 0.8t-0.8 0.4h-9.1q-0.5 0-0.8-0.4t-0.4-0.8v-2.3q0-0.5 0.4-0.8t0.8-0.4h1.1v-6.8h-1.1q-0.5 0-0.8-0.4t-0.4-0.8v-2.3q0-0.5 0.4-0.8t0.8-0.4h6.8q0.5 0 0.8 0.4t0.4 0.8v10.3h1.1q0.5 0 0.8 0.4t0.3 0.8zM9.2 3.4v3.4q0 0.5-0.4 0.8t-0.8 0.4h-4.6q-0.4 0-0.8-0.4t-0.4-0.8v-3.4q0-0.4 0.4-0.8t0.8-0.4h4.6q0.5 0 0.8 0.4t0.4 0.8z\"\/><\/svg><\/span><\/a><\/li><\/ul><\/div>","protected":false},"excerpt":{"rendered":"<p>\u201eStuttgart \u2013 Es geschah im Jahr 2012, da wurde ein neues Wort geboren: der Wutb&#252;rger.\u201c So beginnt das neueste M&#228;rchen, das der Verwaltungschef des SWR Viktor von Oertzen am 21.6.12 in der Online-Ausgabe der Stuttgarter Zeitung zur geplanten Fusion von \u201eRadio-Sinfonieorchester Stuttgart\u201c und \u201eSWR Sinfonieorchester Baden-Baden Freiburg\u201c zu erz&#228;hlen versucht.&#46;&#46;&#46;<\/p>\n<div class=\"shariff shariff-align-left shariff-widget-align-left\" style=\"display:none\"><div class=\"ShariffHeadline\"> <\/div><ul class=\"shariff-buttons theme-default orientation-horizontal buttonsize-small\"><li class=\"shariff-button mastodon shariff-nocustomcolor\" style=\"background-color:#563ACC\"><a href=\"https:\/\/s2f.kytta.dev\/?text=Rettet%20uns%20vor%20der%20SWR-Fusionsverwaltung%21%20Eine%20polemische%20Analyse%20der%20Polemik%20des%20Verwaltungschefs%20von%20Oertzen https%3A%2F%2Fblogs.nmz.de%2Fbadblog%2F2012%2F06%2F21%2Frettet-uns-vor-der-swr-fusionsverwaltung-eine-polemische-analyse-der-polemik-des-verwaltungschefs-von-oertzen%2F\" title=\"Bei Mastodon teilen\" aria-label=\"Bei Mastodon teilen\" role=\"button\" rel=\"noopener nofollow\" class=\"shariff-link\" style=\"; background-color:#6364FF; color:#fff\" target=\"_blank\"><span class=\"shariff-icon\" style=\"\"><svg width=\"75\" height=\"79\" viewBox=\"0 0 75 79\" fill=\"none\" xmlns=\"http:\/\/www.w3.org\/2000\/svg\"><path d=\"M37.813-.025C32.462-.058 27.114.13 21.79.598c-8.544.621-17.214 5.58-20.203 13.931C-1.12 23.318.408 32.622.465 41.65c.375 7.316.943 14.78 3.392 21.73 4.365 9.465 14.781 14.537 24.782 15.385 7.64.698 15.761-.213 22.517-4.026a54.1 54.1 0 0 0 .01-6.232c-6.855 1.316-14.101 2.609-21.049 1.074-3.883-.88-6.876-4.237-7.25-8.215-1.53-3.988 3.78-.43 5.584-.883 9.048 1.224 18.282.776 27.303-.462 7.044-.837 14.26-4.788 16.65-11.833 2.263-6.135 1.215-12.79 1.698-19.177.06-3.84.09-7.692-.262-11.52C72.596 7.844 63.223.981 53.834.684a219.453 219.453 0 0 0-16.022-.71zm11.294 12.882c5.5-.067 10.801 4.143 11.67 9.653.338 1.48.471 3 .471 4.515v21.088h-8.357c-.07-7.588.153-15.182-.131-22.765-.587-4.368-7.04-5.747-9.672-2.397-2.422 3.04-1.47 7.155-1.67 10.735v6.392h-8.307c-.146-4.996.359-10.045-.404-15.002-1.108-4.218-7.809-5.565-10.094-1.666-1.685 3.046-.712 6.634-.976 9.936v14.767h-8.354c.109-8.165-.238-16.344.215-24.5.674-5.346 5.095-10.389 10.676-10.627 4.902-.739 10.103 2.038 12.053 6.631.375 1.435 1.76 1.932 1.994.084 1.844-3.704 5.501-6.739 9.785-6.771.367-.044.735-.068 1.101-.073z\"\/><defs><linearGradient id=\"paint0_linear_549_34\" x1=\"37.0692\" y1=\"0\" x2=\"37.0692\" y2=\"79\" gradientUnits=\"userSpaceOnUse\"><stop stop-color=\"#6364FF\"\/><stop offset=\"1\" stop-color=\"#563ACC\"\/><\/linearGradient><\/defs><\/svg><\/span><span class=\"shariff-text\">teilen<\/span>&nbsp;<\/a><\/li><li class=\"shariff-button bluesky shariff-nocustomcolor\" style=\"background-color:#84c4ff\"><a href=\"https:\/\/bsky.app\/intent\/compose?text=Rettet%20uns%20vor%20der%20SWR-Fusionsverwaltung%21%20Eine%20polemische%20Analyse%20der%20Polemik%20des%20Verwaltungschefs%20von%20Oertzen https%3A%2F%2Fblogs.nmz.de%2Fbadblog%2F2012%2F06%2F21%2Frettet-uns-vor-der-swr-fusionsverwaltung-eine-polemische-analyse-der-polemik-des-verwaltungschefs-von-oertzen%2F \" title=\"Bei Bluesky teilen\" aria-label=\"Bei Bluesky teilen\" role=\"button\" rel=\"noopener nofollow\" class=\"shariff-link\" style=\"; background-color:#0085ff; color:#fff\" target=\"_blank\"><span class=\"shariff-icon\" style=\"\"><svg width=\"20\" height=\"20\" version=\"1.1\" xmlns=\"http:\/\/www.w3.org\/2000\/svg\" viewBox=\"0 0 20 20\"><path class=\"st0\" d=\"M4.89,3.12c2.07,1.55,4.3,4.71,5.11,6.4.82-1.69,3.04-4.84,5.11-6.4,1.49-1.12,3.91-1.99,3.91.77,0,.55-.32,4.63-.5,5.3-.64,2.3-2.99,2.89-5.08,2.54,3.65.62,4.58,2.68,2.57,4.74-3.81,3.91-5.48-.98-5.9-2.23-.08-.23-.11-.34-.12-.25,0-.09-.04.02-.12.25-.43,1.25-2.09,6.14-5.9,2.23-2.01-2.06-1.08-4.12,2.57-4.74-2.09.36-4.44-.23-5.08-2.54-.19-.66-.5-4.74-.5-5.3,0-2.76,2.42-1.89,3.91-.77h0Z\"\/><\/svg><\/span><span class=\"shariff-text\">teilen<\/span>&nbsp;<\/a><\/li><li class=\"shariff-button facebook shariff-nocustomcolor\" style=\"background-color:#4273c8\"><a href=\"https:\/\/www.facebook.com\/sharer\/sharer.php?u=https%3A%2F%2Fblogs.nmz.de%2Fbadblog%2F2012%2F06%2F21%2Frettet-uns-vor-der-swr-fusionsverwaltung-eine-polemische-analyse-der-polemik-des-verwaltungschefs-von-oertzen%2F\" title=\"Bei Facebook teilen\" aria-label=\"Bei Facebook teilen\" role=\"button\" rel=\"nofollow\" class=\"shariff-link\" style=\"; background-color:#3b5998; color:#fff\" target=\"_blank\"><span class=\"shariff-icon\" style=\"\"><svg width=\"32px\" height=\"20px\" xmlns=\"http:\/\/www.w3.org\/2000\/svg\" viewBox=\"0 0 18 32\"><path fill=\"#3b5998\" d=\"M17.1 0.2v4.7h-2.8q-1.5 0-2.1 0.6t-0.5 1.9v3.4h5.2l-0.7 5.3h-4.5v13.6h-5.5v-13.6h-4.5v-5.3h4.5v-3.9q0-3.3 1.9-5.2t5-1.8q2.6 0 4.1 0.2z\"\/><\/svg><\/span><span class=\"shariff-text\">teilen<\/span>&nbsp;<\/a><\/li><li class=\"shariff-button threema shariff-nocustomcolor shariff-mobile\" style=\"background-color:#4fbc24\"><a href=\"threema:\/\/compose?text=Rettet%20uns%20vor%20der%20SWR-Fusionsverwaltung%21%20Eine%20polemische%20Analyse%20der%20Polemik%20des%20Verwaltungschefs%20von%20Oertzen%20https%3A%2F%2Fblogs.nmz.de%2Fbadblog%2F2012%2F06%2F21%2Frettet-uns-vor-der-swr-fusionsverwaltung-eine-polemische-analyse-der-polemik-des-verwaltungschefs-von-oertzen%2F\" title=\"Bei Threema teilen\" aria-label=\"Bei Threema teilen\" role=\"button\" rel=\"noopener nofollow\" class=\"shariff-link\" style=\"; background-color:#1f1f1f; color:#fff\" target=\"_blank\"><span class=\"shariff-icon\" style=\"\"><svg width=\"32px\" height=\"20px\" xmlns=\"http:\/\/www.w3.org\/2000\/svg\" viewBox=\"0 0 32 32\"><path fill=\"#1f1f1f\" d=\"M30.8 10.9c-0.3-1.4-0.9-2.6-1.8-3.8-2-2.6-5.5-4.5-9.4-5.2-1.3-0.2-1.9-0.3-3.5-0.3s-2.2 0-3.5 0.3c-4 0.7-7.4 2.6-9.4 5.2-0.9 1.2-1.5 2.4-1.8 3.8-0.1 0.5-0.2 1.2-0.2 1.6 0 0.4 0.1 1.1 0.2 1.6 0.4 1.9 1.3 3.4 2.9 5 0.8 0.8 0.8 0.8 0.7 1.3 0 0.6-0.5 1.6-1.7 3.6-0.3 0.5-0.5 0.9-0.5 0.9 0 0.1 0.1 0.1 0.5 0 0.8-0.2 2.3-0.6 5.6-1.6 1.1-0.3 1.3-0.4 2.3-0.4 0.8 0 1.1 0 2.3 0.2 1.5 0.2 3.5 0.2 4.9 0 5.1-0.6 9.3-2.9 11.4-6.3 0.5-0.9 0.9-1.8 1.1-2.8 0.1-0.5 0.2-1.1 0.2-1.6 0-0.7-0.1-1.1-0.2-1.6-0.3-1.4 0.1 0.5 0 0zM20.6 17.3c0 0.4-0.4 0.8-0.8 0.8h-7.7c-0.4 0-0.8-0.4-0.8-0.8v-4.6c0-0.4 0.4-0.8 0.8-0.8h0.2l0-1.6c0-0.9 0-1.8 0.1-2 0.1-0.6 0.6-1.2 1.1-1.7s1.1-0.7 1.9-0.8c1.8-0.3 3.7 0.7 4.2 2.2 0.1 0.3 0.1 0.7 0.1 2.1v0 1.7h0.1c0.4 0 0.8 0.4 0.8 0.8v4.6zM15.6 7.3c-0.5 0.1-0.8 0.3-1.2 0.6s-0.6 0.8-0.7 1.3c0 0.2 0 0.8 0 1.5l0 1.2h4.6v-1.3c0-1 0-1.4-0.1-1.6-0.3-1.1-1.5-1.9-2.6-1.7zM25.8 28.2c0 1.2-1 2.2-2.1 2.2s-2.1-1-2.1-2.1c0-1.2 1-2.1 2.2-2.1s2.2 1 2.2 2.2zM18.1 28.2c0 1.2-1 2.2-2.1 2.2s-2.1-1-2.1-2.1c0-1.2 1-2.1 2.2-2.1s2.2 1 2.2 2.2zM10.4 28.2c0 1.2-1 2.2-2.1 2.2s-2.1-1-2.1-2.1c0-1.2 1-2.1 2.2-2.1s2.2 1 2.2 2.2z\"\/><\/svg><\/span><span class=\"shariff-text\">teilen<\/span>&nbsp;<\/a><\/li><li class=\"shariff-button linkedin shariff-nocustomcolor\" style=\"background-color:#1488bf\"><a href=\"https:\/\/www.linkedin.com\/sharing\/share-offsite\/?url=https%3A%2F%2Fblogs.nmz.de%2Fbadblog%2F2012%2F06%2F21%2Frettet-uns-vor-der-swr-fusionsverwaltung-eine-polemische-analyse-der-polemik-des-verwaltungschefs-von-oertzen%2F\" title=\"Bei LinkedIn teilen\" aria-label=\"Bei LinkedIn teilen\" role=\"button\" rel=\"noopener nofollow\" class=\"shariff-link\" style=\"; background-color:#0077b5; color:#fff\" target=\"_blank\"><span class=\"shariff-icon\" style=\"\"><svg width=\"32px\" height=\"20px\" xmlns=\"http:\/\/www.w3.org\/2000\/svg\" viewBox=\"0 0 27 32\"><path fill=\"#0077b5\" d=\"M6.2 11.2v17.7h-5.9v-17.7h5.9zM6.6 5.7q0 1.3-0.9 2.2t-2.4 0.9h0q-1.5 0-2.4-0.9t-0.9-2.2 0.9-2.2 2.4-0.9 2.4 0.9 0.9 2.2zM27.4 18.7v10.1h-5.9v-9.5q0-1.9-0.7-2.9t-2.3-1.1q-1.1 0-1.9 0.6t-1.2 1.5q-0.2 0.5-0.2 1.4v9.9h-5.9q0-7.1 0-11.6t0-5.3l0-0.9h5.9v2.6h0q0.4-0.6 0.7-1t1-0.9 1.6-0.8 2-0.3q3 0 4.9 2t1.9 6z\"\/><\/svg><\/span><span class=\"shariff-text\">teilen<\/span>&nbsp;<\/a><\/li><li class=\"shariff-button info shariff-nocustomcolor\" style=\"background-color:#eee\"><a href=\"http:\/\/ct.de\/-2467514\" title=\"Weitere Informationen\" aria-label=\"Weitere Informationen\" role=\"button\" rel=\"noopener \" class=\"shariff-link\" style=\"; background-color:#fff; color:#fff\" target=\"_blank\"><span class=\"shariff-icon\" style=\"\"><svg width=\"32px\" height=\"20px\" xmlns=\"http:\/\/www.w3.org\/2000\/svg\" viewBox=\"0 0 11 32\"><path fill=\"#999\" d=\"M11.4 24v2.3q0 0.5-0.3 0.8t-0.8 0.4h-9.1q-0.5 0-0.8-0.4t-0.4-0.8v-2.3q0-0.5 0.4-0.8t0.8-0.4h1.1v-6.8h-1.1q-0.5 0-0.8-0.4t-0.4-0.8v-2.3q0-0.5 0.4-0.8t0.8-0.4h6.8q0.5 0 0.8 0.4t0.4 0.8v10.3h1.1q0.5 0 0.8 0.4t0.3 0.8zM9.2 3.4v3.4q0 0.5-0.4 0.8t-0.8 0.4h-4.6q-0.4 0-0.8-0.4t-0.4-0.8v-3.4q0-0.4 0.4-0.8t0.8-0.4h4.6q0.5 0 0.8 0.4t0.4 0.8z\"\/><\/svg><\/span><\/a><\/li><\/ul><\/div>","protected":false},"author":31,"featured_media":0,"comment_status":"open","ping_status":"open","sticky":false,"template":"","format":"standard","meta":{"jetpack_post_was_ever_published":false,"_jetpack_newsletter_access":"","_jetpack_dont_email_post_to_subs":false,"_jetpack_newsletter_tier_id":0,"_jetpack_memberships_contains_paywalled_content":false,"_jetpack_memberships_contains_paid_content":false,"footnotes":""},"categories":[14657],"tags":[8883,8889,8888,8881,7248,8880,8885,8893,8884,1535,8879,8887,8892,1534,8878,7392,8890,8877,8377,8882,7247,8891,8876,8886],"class_list":["post-6683","post","type-post","status-publish","format-standard","hentry","category-nicht-kategorisiert","tag-alexander-kluge","tag-burgerbegehren","tag-burgerwille","tag-demographischer-wandel","tag-deutsche-radiophilharmonie","tag-es-war-einmal","tag-fussball-em","tag-geschichtsklitterung","tag-gez","tag-kulturauftrag","tag-marchen","tag-michael-kerkloh","tag-munchener-flughafen","tag-oeffentlich-rechtlicher-rundfunk","tag-orchesterretter","tag-privatsender","tag-quorum","tag-radio-sinfonieorchester-stuttgart","tag-radioretter","tag-spare-spare-hausle-baue","tag-swr-sinfonieorchester-baden-baden-freiburg","tag-swr-fan","tag-viktor-von-oertzen","tag-wanderzirkus"],"yoast_head":"<!-- This site is optimized with the Yoast SEO plugin v27.5 - https:\/\/yoast.com\/product\/yoast-seo-wordpress\/ -->\n<title>Rettet uns vor der SWR-Fusionsverwaltung! Eine polemische Analyse der Polemik des Verwaltungschefs von Oertzen &#8211; Bad Blog Of Musick - nmz Klassik-Blog<\/title>\n<meta name=\"description\" content=\"Bad Blog Of Musick \u2013 Ein Klassik-Blog und das wahrscheinlich bedeutendste Musik-Blog zur zeitgen\u00f6ssischen und klassischen Musikkultur\" \/>\n<meta name=\"robots\" content=\"index, follow, max-snippet:-1, max-image-preview:large, max-video-preview:-1\" \/>\n<link rel=\"canonical\" href=\"https:\/\/blogs.nmz.de\/badblog\/2012\/06\/21\/rettet-uns-vor-der-swr-fusionsverwaltung-eine-polemische-analyse-der-polemik-des-verwaltungschefs-von-oertzen\/\" \/>\n<meta property=\"og:locale\" content=\"de_DE\" \/>\n<meta property=\"og:type\" content=\"article\" \/>\n<meta property=\"og:title\" content=\"Rettet uns vor der SWR-Fusionsverwaltung! Eine polemische Analyse der Polemik des Verwaltungschefs von Oertzen &#8211; Bad Blog Of Musick - nmz Klassik-Blog\" \/>\n<meta property=\"og:description\" content=\"Bad Blog Of Musick \u2013 Ein Klassik-Blog und das wahrscheinlich bedeutendste Musik-Blog zur zeitgen\u00f6ssischen und klassischen Musikkultur\" \/>\n<meta property=\"og:url\" content=\"https:\/\/blogs.nmz.de\/badblog\/2012\/06\/21\/rettet-uns-vor-der-swr-fusionsverwaltung-eine-polemische-analyse-der-polemik-des-verwaltungschefs-von-oertzen\/\" \/>\n<meta property=\"og:site_name\" content=\"Bad Blog Of Musick\" \/>\n<meta property=\"article:publisher\" content=\"https:\/\/www.facebook.com\/musikzeitung\" \/>\n<meta property=\"article:published_time\" content=\"2012-06-21T15:17:26+00:00\" \/>\n<meta property=\"article:modified_time\" content=\"2018-01-20T18:05:39+00:00\" \/>\n<meta property=\"og:image\" content=\"https:\/\/blogs.nmz.de\/badblog\/files\/2012\/06\/fusions-comic-nmz-300x217.jpg\" \/>\n<meta name=\"author\" content=\"Alexander Strauch\" \/>\n<meta name=\"twitter:card\" content=\"summary_large_image\" \/>\n<meta name=\"twitter:creator\" content=\"@musikzeitung\" \/>\n<meta name=\"twitter:site\" content=\"@musikzeitung\" \/>\n<meta name=\"twitter:label1\" content=\"Verfasst von\" \/>\n\t<meta name=\"twitter:data1\" content=\"Alexander Strauch\" \/>\n\t<meta name=\"twitter:label2\" content=\"Gesch\u00e4tzte Lesezeit\" \/>\n\t<meta name=\"twitter:data2\" content=\"8\u00a0Minuten\" \/>\n<script type=\"application\/ld+json\" class=\"yoast-schema-graph\">{\"@context\":\"https:\\\/\\\/schema.org\",\"@graph\":[{\"@type\":\"Article\",\"@id\":\"https:\\\/\\\/blogs.nmz.de\\\/badblog\\\/2012\\\/06\\\/21\\\/rettet-uns-vor-der-swr-fusionsverwaltung-eine-polemische-analyse-der-polemik-des-verwaltungschefs-von-oertzen\\\/#article\",\"isPartOf\":{\"@id\":\"https:\\\/\\\/blogs.nmz.de\\\/badblog\\\/2012\\\/06\\\/21\\\/rettet-uns-vor-der-swr-fusionsverwaltung-eine-polemische-analyse-der-polemik-des-verwaltungschefs-von-oertzen\\\/\"},\"author\":{\"name\":\"Alexander Strauch\",\"@id\":\"https:\\\/\\\/blogs.nmz.de\\\/badblog\\\/#\\\/schema\\\/person\\\/73d6c9ef0d58ae670a7d6f9affe7259c\"},\"headline\":\"Rettet uns vor der SWR-Fusionsverwaltung! Eine polemische Analyse der Polemik des Verwaltungschefs von Oertzen\",\"datePublished\":\"2012-06-21T15:17:26+00:00\",\"dateModified\":\"2018-01-20T18:05:39+00:00\",\"mainEntityOfPage\":{\"@id\":\"https:\\\/\\\/blogs.nmz.de\\\/badblog\\\/2012\\\/06\\\/21\\\/rettet-uns-vor-der-swr-fusionsverwaltung-eine-polemische-analyse-der-polemik-des-verwaltungschefs-von-oertzen\\\/\"},\"wordCount\":1587,\"commentCount\":1,\"publisher\":{\"@id\":\"https:\\\/\\\/blogs.nmz.de\\\/badblog\\\/#organization\"},\"image\":{\"@id\":\"https:\\\/\\\/blogs.nmz.de\\\/badblog\\\/2012\\\/06\\\/21\\\/rettet-uns-vor-der-swr-fusionsverwaltung-eine-polemische-analyse-der-polemik-des-verwaltungschefs-von-oertzen\\\/#primaryimage\"},\"thumbnailUrl\":\"https:\\\/\\\/blogs.nmz.de\\\/badblog\\\/files\\\/2012\\\/06\\\/fusions-comic-nmz-300x217.jpg\",\"keywords\":[\"Alexander Kluge\",\"B\u00fcrgerbegehren\",\"B\u00fcrgerwille\",\"demographischer Wandel\",\"Deutsche Radiophilharmonie\",\"Es war einmal\",\"Fussball-EM\",\"Geschichtsklitterung\",\"GEZ\",\"Kulturauftrag\",\"M\u00e4rchen\",\"Michael Kerkloh\",\"M\u00fcnchener Flughafen\",\"\u00f6ffentlich-rechtlicher Rundfunk\",\"Orchesterretter\",\"Privatsender\",\"Quorum\",\"Radio-Sinfonieorchester Stuttgart\",\"Radioretter\",\"spare spare h\u00e4usle baue\",\"SWR Sinfonieorchester Baden-Baden -Freiburg\",\"SWR-Fan\",\"Viktor von Oertzen\",\"Wanderzirkus\"],\"inLanguage\":\"de\",\"potentialAction\":[{\"@type\":\"CommentAction\",\"name\":\"Comment\",\"target\":[\"https:\\\/\\\/blogs.nmz.de\\\/badblog\\\/2012\\\/06\\\/21\\\/rettet-uns-vor-der-swr-fusionsverwaltung-eine-polemische-analyse-der-polemik-des-verwaltungschefs-von-oertzen\\\/#respond\"]}]},{\"@type\":\"WebPage\",\"@id\":\"https:\\\/\\\/blogs.nmz.de\\\/badblog\\\/2012\\\/06\\\/21\\\/rettet-uns-vor-der-swr-fusionsverwaltung-eine-polemische-analyse-der-polemik-des-verwaltungschefs-von-oertzen\\\/\",\"url\":\"https:\\\/\\\/blogs.nmz.de\\\/badblog\\\/2012\\\/06\\\/21\\\/rettet-uns-vor-der-swr-fusionsverwaltung-eine-polemische-analyse-der-polemik-des-verwaltungschefs-von-oertzen\\\/\",\"name\":\"Rettet uns vor der SWR-Fusionsverwaltung! Eine polemische Analyse der Polemik des Verwaltungschefs von Oertzen &#8211; Bad Blog Of Musick - nmz Klassik-Blog\",\"isPartOf\":{\"@id\":\"https:\\\/\\\/blogs.nmz.de\\\/badblog\\\/#website\"},\"primaryImageOfPage\":{\"@id\":\"https:\\\/\\\/blogs.nmz.de\\\/badblog\\\/2012\\\/06\\\/21\\\/rettet-uns-vor-der-swr-fusionsverwaltung-eine-polemische-analyse-der-polemik-des-verwaltungschefs-von-oertzen\\\/#primaryimage\"},\"image\":{\"@id\":\"https:\\\/\\\/blogs.nmz.de\\\/badblog\\\/2012\\\/06\\\/21\\\/rettet-uns-vor-der-swr-fusionsverwaltung-eine-polemische-analyse-der-polemik-des-verwaltungschefs-von-oertzen\\\/#primaryimage\"},\"thumbnailUrl\":\"https:\\\/\\\/blogs.nmz.de\\\/badblog\\\/files\\\/2012\\\/06\\\/fusions-comic-nmz-300x217.jpg\",\"datePublished\":\"2012-06-21T15:17:26+00:00\",\"dateModified\":\"2018-01-20T18:05:39+00:00\",\"description\":\"Bad Blog Of Musick \u2013 Ein Klassik-Blog und das wahrscheinlich bedeutendste Musik-Blog zur zeitgen\u00f6ssischen und klassischen Musikkultur\",\"breadcrumb\":{\"@id\":\"https:\\\/\\\/blogs.nmz.de\\\/badblog\\\/2012\\\/06\\\/21\\\/rettet-uns-vor-der-swr-fusionsverwaltung-eine-polemische-analyse-der-polemik-des-verwaltungschefs-von-oertzen\\\/#breadcrumb\"},\"inLanguage\":\"de\",\"potentialAction\":[{\"@type\":\"ReadAction\",\"target\":[\"https:\\\/\\\/blogs.nmz.de\\\/badblog\\\/2012\\\/06\\\/21\\\/rettet-uns-vor-der-swr-fusionsverwaltung-eine-polemische-analyse-der-polemik-des-verwaltungschefs-von-oertzen\\\/\"]}]},{\"@type\":\"ImageObject\",\"inLanguage\":\"de\",\"@id\":\"https:\\\/\\\/blogs.nmz.de\\\/badblog\\\/2012\\\/06\\\/21\\\/rettet-uns-vor-der-swr-fusionsverwaltung-eine-polemische-analyse-der-polemik-des-verwaltungschefs-von-oertzen\\\/#primaryimage\",\"url\":\"https:\\\/\\\/blogs.nmz.de\\\/badblog\\\/files\\\/2012\\\/06\\\/fusions-comic-nmz-300x217.jpg\",\"contentUrl\":\"https:\\\/\\\/blogs.nmz.de\\\/badblog\\\/files\\\/2012\\\/06\\\/fusions-comic-nmz-300x217.jpg\"},{\"@type\":\"BreadcrumbList\",\"@id\":\"https:\\\/\\\/blogs.nmz.de\\\/badblog\\\/2012\\\/06\\\/21\\\/rettet-uns-vor-der-swr-fusionsverwaltung-eine-polemische-analyse-der-polemik-des-verwaltungschefs-von-oertzen\\\/#breadcrumb\",\"itemListElement\":[{\"@type\":\"ListItem\",\"position\":1,\"name\":\"Startseite\",\"item\":\"https:\\\/\\\/blogs.nmz.de\\\/badblog\\\/\"},{\"@type\":\"ListItem\",\"position\":2,\"name\":\"Rettet uns vor der SWR-Fusionsverwaltung! Eine polemische Analyse der Polemik des Verwaltungschefs von Oertzen\"}]},{\"@type\":\"WebSite\",\"@id\":\"https:\\\/\\\/blogs.nmz.de\\\/badblog\\\/#website\",\"url\":\"https:\\\/\\\/blogs.nmz.de\\\/badblog\\\/\",\"name\":\"Bad Blog Of Musick\",\"description\":\"Das bedeutendste Blog zur zeitgen\u00f6ssischen Musikkultur\",\"publisher\":{\"@id\":\"https:\\\/\\\/blogs.nmz.de\\\/badblog\\\/#organization\"},\"potentialAction\":[{\"@type\":\"SearchAction\",\"target\":{\"@type\":\"EntryPoint\",\"urlTemplate\":\"https:\\\/\\\/blogs.nmz.de\\\/badblog\\\/?s={search_term_string}\"},\"query-input\":{\"@type\":\"PropertyValueSpecification\",\"valueRequired\":true,\"valueName\":\"search_term_string\"}}],\"inLanguage\":\"de\"},{\"@type\":\"Organization\",\"@id\":\"https:\\\/\\\/blogs.nmz.de\\\/badblog\\\/#organization\",\"name\":\"Bad Blog Of Musick\",\"alternateName\":\"Ein Klassik-Blog zur Musik\",\"url\":\"https:\\\/\\\/blogs.nmz.de\\\/badblog\\\/\",\"logo\":{\"@type\":\"ImageObject\",\"inLanguage\":\"de\",\"@id\":\"https:\\\/\\\/blogs.nmz.de\\\/badblog\\\/#\\\/schema\\\/logo\\\/image\\\/\",\"url\":\"https:\\\/\\\/i0.wp.com\\\/blogs.nmz.de\\\/badblog\\\/files\\\/2016\\\/10\\\/badblog-logo1.png?fit=512%2C512&ssl=1\",\"contentUrl\":\"https:\\\/\\\/i0.wp.com\\\/blogs.nmz.de\\\/badblog\\\/files\\\/2016\\\/10\\\/badblog-logo1.png?fit=512%2C512&ssl=1\",\"width\":512,\"height\":512,\"caption\":\"Bad Blog Of Musick\"},\"image\":{\"@id\":\"https:\\\/\\\/blogs.nmz.de\\\/badblog\\\/#\\\/schema\\\/logo\\\/image\\\/\"},\"sameAs\":[\"https:\\\/\\\/www.facebook.com\\\/musikzeitung\",\"https:\\\/\\\/x.com\\\/musikzeitung\"]},{\"@type\":\"Person\",\"@id\":\"https:\\\/\\\/blogs.nmz.de\\\/badblog\\\/#\\\/schema\\\/person\\\/73d6c9ef0d58ae670a7d6f9affe7259c\",\"name\":\"Alexander Strauch\",\"description\":\"Komponist*in\",\"url\":\"https:\\\/\\\/blogs.nmz.de\\\/badblog\\\/author\\\/querstand\\\/\"}]}<\/script>\n<!-- \/ Yoast SEO plugin. -->","yoast_head_json":{"title":"Rettet uns vor der SWR-Fusionsverwaltung! Eine polemische Analyse der Polemik des Verwaltungschefs von Oertzen &#8211; Bad Blog Of Musick - nmz Klassik-Blog","description":"Bad Blog Of Musick \u2013 Ein Klassik-Blog und das wahrscheinlich bedeutendste Musik-Blog zur zeitgen\u00f6ssischen und klassischen Musikkultur","robots":{"index":"index","follow":"follow","max-snippet":"max-snippet:-1","max-image-preview":"max-image-preview:large","max-video-preview":"max-video-preview:-1"},"canonical":"https:\/\/blogs.nmz.de\/badblog\/2012\/06\/21\/rettet-uns-vor-der-swr-fusionsverwaltung-eine-polemische-analyse-der-polemik-des-verwaltungschefs-von-oertzen\/","og_locale":"de_DE","og_type":"article","og_title":"Rettet uns vor der SWR-Fusionsverwaltung! Eine polemische Analyse der Polemik des Verwaltungschefs von Oertzen &#8211; Bad Blog Of Musick - nmz Klassik-Blog","og_description":"Bad Blog Of Musick \u2013 Ein Klassik-Blog und das wahrscheinlich bedeutendste Musik-Blog zur zeitgen\u00f6ssischen und klassischen Musikkultur","og_url":"https:\/\/blogs.nmz.de\/badblog\/2012\/06\/21\/rettet-uns-vor-der-swr-fusionsverwaltung-eine-polemische-analyse-der-polemik-des-verwaltungschefs-von-oertzen\/","og_site_name":"Bad Blog Of Musick","article_publisher":"https:\/\/www.facebook.com\/musikzeitung","article_published_time":"2012-06-21T15:17:26+00:00","article_modified_time":"2018-01-20T18:05:39+00:00","og_image":[{"url":"https:\/\/blogs.nmz.de\/badblog\/files\/2012\/06\/fusions-comic-nmz-300x217.jpg","type":"","width":"","height":""}],"author":"Alexander Strauch","twitter_card":"summary_large_image","twitter_creator":"@musikzeitung","twitter_site":"@musikzeitung","twitter_misc":{"Verfasst von":"Alexander Strauch","Gesch\u00e4tzte Lesezeit":"8\u00a0Minuten"},"schema":{"@context":"https:\/\/schema.org","@graph":[{"@type":"Article","@id":"https:\/\/blogs.nmz.de\/badblog\/2012\/06\/21\/rettet-uns-vor-der-swr-fusionsverwaltung-eine-polemische-analyse-der-polemik-des-verwaltungschefs-von-oertzen\/#article","isPartOf":{"@id":"https:\/\/blogs.nmz.de\/badblog\/2012\/06\/21\/rettet-uns-vor-der-swr-fusionsverwaltung-eine-polemische-analyse-der-polemik-des-verwaltungschefs-von-oertzen\/"},"author":{"name":"Alexander Strauch","@id":"https:\/\/blogs.nmz.de\/badblog\/#\/schema\/person\/73d6c9ef0d58ae670a7d6f9affe7259c"},"headline":"Rettet uns vor der SWR-Fusionsverwaltung! Eine polemische Analyse der Polemik des Verwaltungschefs von Oertzen","datePublished":"2012-06-21T15:17:26+00:00","dateModified":"2018-01-20T18:05:39+00:00","mainEntityOfPage":{"@id":"https:\/\/blogs.nmz.de\/badblog\/2012\/06\/21\/rettet-uns-vor-der-swr-fusionsverwaltung-eine-polemische-analyse-der-polemik-des-verwaltungschefs-von-oertzen\/"},"wordCount":1587,"commentCount":1,"publisher":{"@id":"https:\/\/blogs.nmz.de\/badblog\/#organization"},"image":{"@id":"https:\/\/blogs.nmz.de\/badblog\/2012\/06\/21\/rettet-uns-vor-der-swr-fusionsverwaltung-eine-polemische-analyse-der-polemik-des-verwaltungschefs-von-oertzen\/#primaryimage"},"thumbnailUrl":"https:\/\/blogs.nmz.de\/badblog\/files\/2012\/06\/fusions-comic-nmz-300x217.jpg","keywords":["Alexander Kluge","B\u00fcrgerbegehren","B\u00fcrgerwille","demographischer Wandel","Deutsche Radiophilharmonie","Es war einmal","Fussball-EM","Geschichtsklitterung","GEZ","Kulturauftrag","M\u00e4rchen","Michael Kerkloh","M\u00fcnchener Flughafen","\u00f6ffentlich-rechtlicher Rundfunk","Orchesterretter","Privatsender","Quorum","Radio-Sinfonieorchester Stuttgart","Radioretter","spare spare h\u00e4usle baue","SWR Sinfonieorchester Baden-Baden -Freiburg","SWR-Fan","Viktor von Oertzen","Wanderzirkus"],"inLanguage":"de","potentialAction":[{"@type":"CommentAction","name":"Comment","target":["https:\/\/blogs.nmz.de\/badblog\/2012\/06\/21\/rettet-uns-vor-der-swr-fusionsverwaltung-eine-polemische-analyse-der-polemik-des-verwaltungschefs-von-oertzen\/#respond"]}]},{"@type":"WebPage","@id":"https:\/\/blogs.nmz.de\/badblog\/2012\/06\/21\/rettet-uns-vor-der-swr-fusionsverwaltung-eine-polemische-analyse-der-polemik-des-verwaltungschefs-von-oertzen\/","url":"https:\/\/blogs.nmz.de\/badblog\/2012\/06\/21\/rettet-uns-vor-der-swr-fusionsverwaltung-eine-polemische-analyse-der-polemik-des-verwaltungschefs-von-oertzen\/","name":"Rettet uns vor der SWR-Fusionsverwaltung! Eine polemische Analyse der Polemik des Verwaltungschefs von Oertzen &#8211; Bad Blog Of Musick - nmz Klassik-Blog","isPartOf":{"@id":"https:\/\/blogs.nmz.de\/badblog\/#website"},"primaryImageOfPage":{"@id":"https:\/\/blogs.nmz.de\/badblog\/2012\/06\/21\/rettet-uns-vor-der-swr-fusionsverwaltung-eine-polemische-analyse-der-polemik-des-verwaltungschefs-von-oertzen\/#primaryimage"},"image":{"@id":"https:\/\/blogs.nmz.de\/badblog\/2012\/06\/21\/rettet-uns-vor-der-swr-fusionsverwaltung-eine-polemische-analyse-der-polemik-des-verwaltungschefs-von-oertzen\/#primaryimage"},"thumbnailUrl":"https:\/\/blogs.nmz.de\/badblog\/files\/2012\/06\/fusions-comic-nmz-300x217.jpg","datePublished":"2012-06-21T15:17:26+00:00","dateModified":"2018-01-20T18:05:39+00:00","description":"Bad Blog Of Musick \u2013 Ein Klassik-Blog und das wahrscheinlich bedeutendste Musik-Blog zur zeitgen\u00f6ssischen und klassischen Musikkultur","breadcrumb":{"@id":"https:\/\/blogs.nmz.de\/badblog\/2012\/06\/21\/rettet-uns-vor-der-swr-fusionsverwaltung-eine-polemische-analyse-der-polemik-des-verwaltungschefs-von-oertzen\/#breadcrumb"},"inLanguage":"de","potentialAction":[{"@type":"ReadAction","target":["https:\/\/blogs.nmz.de\/badblog\/2012\/06\/21\/rettet-uns-vor-der-swr-fusionsverwaltung-eine-polemische-analyse-der-polemik-des-verwaltungschefs-von-oertzen\/"]}]},{"@type":"ImageObject","inLanguage":"de","@id":"https:\/\/blogs.nmz.de\/badblog\/2012\/06\/21\/rettet-uns-vor-der-swr-fusionsverwaltung-eine-polemische-analyse-der-polemik-des-verwaltungschefs-von-oertzen\/#primaryimage","url":"https:\/\/blogs.nmz.de\/badblog\/files\/2012\/06\/fusions-comic-nmz-300x217.jpg","contentUrl":"https:\/\/blogs.nmz.de\/badblog\/files\/2012\/06\/fusions-comic-nmz-300x217.jpg"},{"@type":"BreadcrumbList","@id":"https:\/\/blogs.nmz.de\/badblog\/2012\/06\/21\/rettet-uns-vor-der-swr-fusionsverwaltung-eine-polemische-analyse-der-polemik-des-verwaltungschefs-von-oertzen\/#breadcrumb","itemListElement":[{"@type":"ListItem","position":1,"name":"Startseite","item":"https:\/\/blogs.nmz.de\/badblog\/"},{"@type":"ListItem","position":2,"name":"Rettet uns vor der SWR-Fusionsverwaltung! Eine polemische Analyse der Polemik des Verwaltungschefs von Oertzen"}]},{"@type":"WebSite","@id":"https:\/\/blogs.nmz.de\/badblog\/#website","url":"https:\/\/blogs.nmz.de\/badblog\/","name":"Bad Blog Of Musick","description":"Das bedeutendste Blog zur zeitgen\u00f6ssischen Musikkultur","publisher":{"@id":"https:\/\/blogs.nmz.de\/badblog\/#organization"},"potentialAction":[{"@type":"SearchAction","target":{"@type":"EntryPoint","urlTemplate":"https:\/\/blogs.nmz.de\/badblog\/?s={search_term_string}"},"query-input":{"@type":"PropertyValueSpecification","valueRequired":true,"valueName":"search_term_string"}}],"inLanguage":"de"},{"@type":"Organization","@id":"https:\/\/blogs.nmz.de\/badblog\/#organization","name":"Bad Blog Of Musick","alternateName":"Ein Klassik-Blog zur Musik","url":"https:\/\/blogs.nmz.de\/badblog\/","logo":{"@type":"ImageObject","inLanguage":"de","@id":"https:\/\/blogs.nmz.de\/badblog\/#\/schema\/logo\/image\/","url":"https:\/\/i0.wp.com\/blogs.nmz.de\/badblog\/files\/2016\/10\/badblog-logo1.png?fit=512%2C512&ssl=1","contentUrl":"https:\/\/i0.wp.com\/blogs.nmz.de\/badblog\/files\/2016\/10\/badblog-logo1.png?fit=512%2C512&ssl=1","width":512,"height":512,"caption":"Bad Blog Of Musick"},"image":{"@id":"https:\/\/blogs.nmz.de\/badblog\/#\/schema\/logo\/image\/"},"sameAs":["https:\/\/www.facebook.com\/musikzeitung","https:\/\/x.com\/musikzeitung"]},{"@type":"Person","@id":"https:\/\/blogs.nmz.de\/badblog\/#\/schema\/person\/73d6c9ef0d58ae670a7d6f9affe7259c","name":"Alexander Strauch","description":"Komponist*in","url":"https:\/\/blogs.nmz.de\/badblog\/author\/querstand\/"}]}},"wp-worthy-pixel":{"ignored":false,"public":null,"server":null,"url":null},"wp-worthy-type":"normal","jetpack_featured_media_url":"","jetpack-related-posts":[],"jetpack_sharing_enabled":true,"_links":{"self":[{"href":"https:\/\/blogs.nmz.de\/badblog\/wp-json\/wp\/v2\/posts\/6683","targetHints":{"allow":["GET"]}}],"collection":[{"href":"https:\/\/blogs.nmz.de\/badblog\/wp-json\/wp\/v2\/posts"}],"about":[{"href":"https:\/\/blogs.nmz.de\/badblog\/wp-json\/wp\/v2\/types\/post"}],"author":[{"embeddable":true,"href":"https:\/\/blogs.nmz.de\/badblog\/wp-json\/wp\/v2\/users\/31"}],"replies":[{"embeddable":true,"href":"https:\/\/blogs.nmz.de\/badblog\/wp-json\/wp\/v2\/comments?post=6683"}],"version-history":[{"count":8,"href":"https:\/\/blogs.nmz.de\/badblog\/wp-json\/wp\/v2\/posts\/6683\/revisions"}],"predecessor-version":[{"id":7834,"href":"https:\/\/blogs.nmz.de\/badblog\/wp-json\/wp\/v2\/posts\/6683\/revisions\/7834"}],"wp:attachment":[{"href":"https:\/\/blogs.nmz.de\/badblog\/wp-json\/wp\/v2\/media?parent=6683"}],"wp:term":[{"taxonomy":"category","embeddable":true,"href":"https:\/\/blogs.nmz.de\/badblog\/wp-json\/wp\/v2\/categories?post=6683"},{"taxonomy":"post_tag","embeddable":true,"href":"https:\/\/blogs.nmz.de\/badblog\/wp-json\/wp\/v2\/tags?post=6683"}],"curies":[{"name":"wp","href":"https:\/\/api.w.org\/{rel}","templated":true}]}}