{"id":6574,"date":"2012-06-14T20:57:06","date_gmt":"2012-06-14T19:57:06","guid":{"rendered":"http:\/\/blogs.nmz.de\/badblog\/?p=6574"},"modified":"2012-06-14T21:36:18","modified_gmt":"2012-06-14T20:36:18","slug":"hitlers-musikalisches-werk-aufgetaucht","status":"publish","type":"post","link":"https:\/\/blogs.nmz.de\/badblog\/2012\/06\/14\/hitlers-musikalisches-werk-aufgetaucht\/","title":{"rendered":"Hitlers musikalisches Werk aufgetaucht"},"content":{"rendered":"<p>Ende letzter Woche tauchte bei Baustellenarbeiten n&#246;rdlich der zerst&#246;rten Berliner Reichskanzlei eine unauff&#228;llige, aber gro&#223;e, ja, formsch&#246;ne Kassette auf. Einbestellte Arch&#228;ologen des Deutschen Hysterischen Museums identifizierten sehr bald, dass es sich bei dem Inhalt des fein geschnittenen, ja, elegant gehandwerkten Beh&#228;ltnisses um Eigentum von Adolf Hitler handelt: zahlreiche Partituren, Notizb&#252;cher mit Melodie-Fragmenten, musikalischen Form-Verl&#228;ufen und Instrumentations-Ideen. Handschriftenexperten stellten &#8211; anhand von Vortragsbezeichnungen &#8211; so gut wie zweifelsfrei fest, dass die in der Kassette sich befindenden musikalischen Materialien von Hitler pers&#246;nlich stammen m&#252;ssen. Bislang war g&#228;nzlich unbekannt, dass Hitler &#8211; neben seiner nicht einmal mittelm&#228;&#223;igen malerischen T&#228;tigkeit &#8211; auch komponiert hat. Wann, wo und bei wem Hitler das Handwerk des Komponisten erlernte, ist noch ein R&#228;tsel. Musikwissenschaftler der Humboldt-Universit&#228;t zu Berlin vermuten, dass Hitler musikalischer Autodidakt war &#8211; und nur wenige Monate m&#246;glicherweise bei Emil Nikolaus von Reznicek (1860-1945) Kompositionsstunden nahm. Hinweis habe das Deckblatt von Hitlers Streichquartett Nr. 3 (bereits ohne Angabe einer Tonart!) gegeben, das die Widmung &#8222;Emil Niki in Dankbarkeit&#8220; tr&#228;gt.<\/p>\n<div id=\"attachment_6593\" style=\"width: 310px\" class=\"wp-caption aligncenter\"><a href=\"https:\/\/blogs.nmz.de\/badblog\/2012\/06\/14\/hitlers-musikalisches-werk-aufgetaucht\/thielemann-3\/\" rel=\"attachment wp-att-6593\"><img data-recalc-dims=\"1\" loading=\"lazy\" decoding=\"async\" aria-describedby=\"caption-attachment-6593\" src=\"https:\/\/i0.wp.com\/blogs.nmz.de\/badblog\/files\/2012\/06\/Thielemann2-300x224.jpg?resize=300%2C224&#038;ssl=1\" alt=\"Christian Thielemann (freut sich schon auf die Konzerte mit Hitlers eigenen Werken)\" width=\"300\" height=\"224\" class=\"size-medium wp-image-6593\" \/><\/a><p id=\"caption-attachment-6593\" class=\"wp-caption-text\">Christian Thielemann (freut sich schon auf die Konzerte mit Hitlers eigenen Werken)<\/p><\/div>\n<p>Der SPIEGEL wird ab August das musikalische Werk Hitlers in mehreren Extra-Ausgaben vorstellen. Bis dahin soll auch bereits Musik in Studios aufgenommen und den SPIEGEL-Ausgaben in Form einer Gratis-CD beigelegt werden. In der Kassette wurden immerhin f&#252;nf vollendete Sinfonien Hitlers gefunden, darunter auch eine mit &#8222;Orgelsinfonie&#8220; &#252;berschriebene Orgelsinfonie f&#252;r Orgel und Sinfonieorchester. Christian Thielemann hat sich als erster Musiker &#246;ffentlich zu Hitlers musikalischem Oeuvre bekannt und sich vorgenommen, dessen gesamtes Orchesterwerk mit seiner S&#228;chsischen Staatskapelle einzuspielen.<\/p>\n<div id=\"attachment_6590\" style=\"width: 310px\" class=\"wp-caption aligncenter\"><a href=\"https:\/\/blogs.nmz.de\/badblog\/2012\/06\/14\/hitlers-musikalisches-werk-aufgetaucht\/abbado\/\" rel=\"attachment wp-att-6590\"><img data-recalc-dims=\"1\" loading=\"lazy\" decoding=\"async\" aria-describedby=\"caption-attachment-6590\" src=\"https:\/\/i0.wp.com\/blogs.nmz.de\/badblog\/files\/2012\/06\/Abbado-300x150.jpg?resize=300%2C150&#038;ssl=1\" alt=\"Claudio Abbado (ist irritiert, aber begeistert)\" width=\"300\" height=\"150\" class=\"size-medium wp-image-6590\" \/><\/a><p id=\"caption-attachment-6590\" class=\"wp-caption-text\">Claudio Abbado (ist irritiert, aber begeistert)<\/p><\/div>\n<p>Hinter den Kulissen der Klassik-Welt scheint es bereits zu heftigsten Kontroversen gekommen zu sein, denn im Gegensatz zu seinem malerischen Verm&#228;chtnis gl&#252;ht &#8211; so ein nicht weiter genannter, aber ziemlich alter Professor der HU Berlin &#8211; das musikalische Werk Hitlers offenbar vor avantgardistischer Ambition. Hitlers Werke, gerade auch die Kammermusiken, &#8222;lodern in ihrer unendlichen K&#252;hnheit&#8220;. Jetzt stelle sich die Frage, inwiefern man sich lobend und angeregt &#252;ber die Musik eines Massenm&#246;rders &#228;u&#223;ern d&#252;rfe.<\/p>\n<div id=\"attachment_6596\" style=\"width: 310px\" class=\"wp-caption aligncenter\"><a href=\"https:\/\/blogs.nmz.de\/badblog\/2012\/06\/14\/hitlers-musikalisches-werk-aufgetaucht\/harnoncourt\/\" rel=\"attachment wp-att-6596\"><img data-recalc-dims=\"1\" loading=\"lazy\" decoding=\"async\" aria-describedby=\"caption-attachment-6596\" src=\"https:\/\/i0.wp.com\/blogs.nmz.de\/badblog\/files\/2012\/06\/Harnoncourt-300x199.jpg?resize=300%2C199&#038;ssl=1\" alt=\"Nikolaus Harnoncourt (&quot;Hitlers Musik ist gerade im Pianissimo ber&#252;ckend zart und zerbrechlich. Und zart!&quot;\" width=\"300\" height=\"199\" class=\"size-medium wp-image-6596\" \/><\/a><p id=\"caption-attachment-6596\" class=\"wp-caption-text\">Nikolaus Harnoncourt (&quot;Hitlers Musik ist gerade im Pianissimo ber&#252;ckend zart und zerbrechlich. Und zart!&quot;<\/p><\/div>\n<p>Hitler habe Anfang der 1920er Jahre das Komponieren allerdings sehr zur&#252;ckstellen m&#252;ssen (&#8222;wegen anderer Verpflichtungen&#8220;) &#8211; und nur noch gelegentlich Noten zu Papier gebracht. In seiner &#8211; teilweise sehr emotionalen Musik &#8211; habe Hitler alle damals zur Verf&#252;gung stehenden kompositorischen Mittel ausgereizt, kreativst mit seriellen Ans&#228;tzen experimentiert und sogar fr&#252;heste elektronische Instrumente verwendet. Man m&#252;sse, so hei&#223;t es weiter, Hitler im Grunde als einen &#8222;Vater der Neuen Musik&#8220; ansehen, der schon fr&#252;h die &#8222;Ursuppe des musikalisch-avantgardistischen Denkens vorgekocht (&#8230;)&#8220; habe.<\/p>\n<div id=\"attachment_6594\" style=\"width: 310px\" class=\"wp-caption aligncenter\"><a href=\"https:\/\/blogs.nmz.de\/badblog\/2012\/06\/14\/hitlers-musikalisches-werk-aufgetaucht\/barenboim\/\" rel=\"attachment wp-att-6594\"><img data-recalc-dims=\"1\" loading=\"lazy\" decoding=\"async\" aria-describedby=\"caption-attachment-6594\" src=\"https:\/\/i0.wp.com\/blogs.nmz.de\/badblog\/files\/2012\/06\/Barenboim-300x199.jpg?resize=300%2C199&#038;ssl=1\" alt=\"Daniel Barenboim (&quot;Ja, Hitler war Antisemit, aber seine Musik ist gro&#223;artig!&quot;)\" width=\"300\" height=\"199\" class=\"size-medium wp-image-6594\" \/><\/a><p id=\"caption-attachment-6594\" class=\"wp-caption-text\">Daniel Barenboim (&quot;Ja, Hitler war Antisemit, aber seine Musik ist gro&#223;artig!&quot;)<\/p><\/div>\n<p>Daniel Barenboim, so der SPIEGEL, habe Hitlers Orchesterwerke (darunter expressionistischste sinfonische Dichtungen, die gr&#246;&#223;tenteils deutsche Bauwerke und klassizistische Springbrunnen mit musikalischen Mitteln zu beschreiben suchen) &#8222;verst&#246;rend genial&#8220; genannt. Barenboim plane, das Gesamtwerk f&#252;r Orchester, f&#252;r Solo-Klavier und die gesamte Kammermusik (sofern er es zeitlich schafft) in Deutschland und schlie&#223;lich auch in Israel aufzuf&#252;hren. &#8222;Dann doch lieber Wagner&#8220; hei&#223;t es jedoch mehr als zur&#252;ckhaltend in der Bethlehemer Morgenpost.<\/p>\n<div id=\"attachment_6595\" style=\"width: 281px\" class=\"wp-caption aligncenter\"><a href=\"https:\/\/blogs.nmz.de\/badblog\/2012\/06\/14\/hitlers-musikalisches-werk-aufgetaucht\/furtwaengler\/\" rel=\"attachment wp-att-6595\"><img data-recalc-dims=\"1\" loading=\"lazy\" decoding=\"async\" aria-describedby=\"caption-attachment-6595\" src=\"https:\/\/i0.wp.com\/blogs.nmz.de\/badblog\/files\/2012\/06\/Furtwaengler.jpg?resize=271%2C245&#038;ssl=1\" alt=\"Wilhelm Furtw&#228;ngler (wusste nichts von Hitlers Oeuvre)\" width=\"271\" height=\"245\" class=\"size-full wp-image-6595\" \/><\/a><p id=\"caption-attachment-6595\" class=\"wp-caption-text\">Wilhelm Furtw&#228;ngler (wusste nichts von Hitlers Oeuvre)<\/p><\/div>\n<p>Bereits reagiert hat die Politik auf die mit Hochspannung erwarteten Elektrizit&#228;tswerke Hitlers. Volker Kauder (CDU) bekannte sich in einem Interview mit der S&#252;ddeutschen Zeitung zun&#228;chst ausweichend zu seiner Wagner- und Bruckner-Liebe &#8211; und f&#252;gte (nach einigen Gl&#228;schen ober&#246;sterreichischen Weines) hinzu: &#8222;Richtig freuen kann ich mich auf die Urauff&#252;hrung der Hitler-Sinfonien freilich nicht&#8220;, so Kauder, doch &#8222;&#228;u&#223;erst gespannt und irgendwie so leicht hibbelig&#8220; sei er angesichts der bevorstehenden Urauff&#252;hrungen des Musikers Hitler schon. &#8222;Eine Gesellschaft wie die unsrige muss es aushalten k&#246;nnen, dass der gr&#246;&#223;te Massenm&#246;rder aller Zeiten ein musikalisches Genie war&#8220;, so der ehemalige CDU-Generalsekret&#228;r grinsend.<\/p>\n<p>Richard David Precht, der bedeutende Langhaartr&#228;ger, analysierte dagegen scharfz&#252;ngig: &#8222;Die Genialit&#228;t der musikalischen Werke Hitlers wird ein Keil durch unsere Gesellschaft, die wir Bundesrepublik nennen, treiben. Wir werden damit konfrontiert sein, die gro&#223;artige Musik eines fanatischen Massenm&#246;rders entweder gut zu finden oder abzulehnen. Das ist nur zu nat&#252;rlich. Es ist aber auch gar nicht schlimm, wenn so etwas passiert. Manchmal muss es so einen &#8218;Keil&#8216; geben.&#8220; Auf die Frage, warum Hitlers Werke erst jetzt aufgetaucht seien, habe Precht selbst keine Antwort parat: &#8222;Warum Hitler seine Kompositionen offenbar nie jemandem gezeigt hat, wird wahrscheinlich eine ungekl&#228;rte Frage bleiben. Aber das ist gar nicht schlimm. Es gibt ganz, ganz, ganz viele Dinge, die wir noch nicht wissen!&#8220;<\/p>\n<div id=\"attachment_6597\" style=\"width: 207px\" class=\"wp-caption aligncenter\"><a href=\"https:\/\/blogs.nmz.de\/badblog\/2012\/06\/14\/hitlers-musikalisches-werk-aufgetaucht\/boehm\/\" rel=\"attachment wp-att-6597\"><img data-recalc-dims=\"1\" loading=\"lazy\" decoding=\"async\" aria-describedby=\"caption-attachment-6597\" src=\"https:\/\/i0.wp.com\/blogs.nmz.de\/badblog\/files\/2012\/06\/Boehm.jpg?resize=197%2C300&#038;ssl=1\" alt=\"Karl B&#246;hm (W&#228;re er &quot;damals&quot; der gr&#246;&#223;te Interpret der hitlerschen Sinfonik gewesen?)\" width=\"197\" height=\"300\" class=\"size-full wp-image-6597\" \/><\/a><p id=\"caption-attachment-6597\" class=\"wp-caption-text\">Karl B&#246;hm (W&#228;re er &quot;damals&quot; der gr&#246;&#223;te Interpret der hitlerschen Sinfonik gewesen?)<\/p><\/div>\n<p>Bei Precht im Bild bin ich dann aus diesem schrecklichen Traum aufgewacht.<\/p>\n<p>[Satire]<\/p>\n<p><img loading=\"lazy\" decoding=\"async\" src=\"http:\/\/vg01.met.vgwort.de\/na\/96c2c1a0b10845259ca0d49e023694e7\" width=\"1\" height=\"1\" alt=\"\" \/><\/p>\n<div class=\"shariff shariff-align-left shariff-widget-align-left\" style=\"display:none\"><div class=\"ShariffHeadline\"> <\/div><ul class=\"shariff-buttons theme-default orientation-horizontal buttonsize-small\"><li class=\"shariff-button mastodon shariff-nocustomcolor\" style=\"background-color:#563ACC\"><a href=\"https:\/\/s2f.kytta.dev\/?text=Hitlers%20musikalisches%20Werk%20aufgetaucht https%3A%2F%2Fblogs.nmz.de%2Fbadblog%2F2012%2F06%2F14%2Fhitlers-musikalisches-werk-aufgetaucht%2F\" title=\"Bei Mastodon teilen\" aria-label=\"Bei Mastodon teilen\" role=\"button\" rel=\"noopener nofollow\" class=\"shariff-link\" style=\"; background-color:#6364FF; color:#fff\" target=\"_blank\"><span class=\"shariff-icon\" style=\"\"><svg width=\"75\" height=\"79\" viewBox=\"0 0 75 79\" fill=\"none\" xmlns=\"http:\/\/www.w3.org\/2000\/svg\"><path d=\"M37.813-.025C32.462-.058 27.114.13 21.79.598c-8.544.621-17.214 5.58-20.203 13.931C-1.12 23.318.408 32.622.465 41.65c.375 7.316.943 14.78 3.392 21.73 4.365 9.465 14.781 14.537 24.782 15.385 7.64.698 15.761-.213 22.517-4.026a54.1 54.1 0 0 0 .01-6.232c-6.855 1.316-14.101 2.609-21.049 1.074-3.883-.88-6.876-4.237-7.25-8.215-1.53-3.988 3.78-.43 5.584-.883 9.048 1.224 18.282.776 27.303-.462 7.044-.837 14.26-4.788 16.65-11.833 2.263-6.135 1.215-12.79 1.698-19.177.06-3.84.09-7.692-.262-11.52C72.596 7.844 63.223.981 53.834.684a219.453 219.453 0 0 0-16.022-.71zm11.294 12.882c5.5-.067 10.801 4.143 11.67 9.653.338 1.48.471 3 .471 4.515v21.088h-8.357c-.07-7.588.153-15.182-.131-22.765-.587-4.368-7.04-5.747-9.672-2.397-2.422 3.04-1.47 7.155-1.67 10.735v6.392h-8.307c-.146-4.996.359-10.045-.404-15.002-1.108-4.218-7.809-5.565-10.094-1.666-1.685 3.046-.712 6.634-.976 9.936v14.767h-8.354c.109-8.165-.238-16.344.215-24.5.674-5.346 5.095-10.389 10.676-10.627 4.902-.739 10.103 2.038 12.053 6.631.375 1.435 1.76 1.932 1.994.084 1.844-3.704 5.501-6.739 9.785-6.771.367-.044.735-.068 1.101-.073z\"\/><defs><linearGradient id=\"paint0_linear_549_34\" x1=\"37.0692\" y1=\"0\" x2=\"37.0692\" y2=\"79\" gradientUnits=\"userSpaceOnUse\"><stop stop-color=\"#6364FF\"\/><stop offset=\"1\" stop-color=\"#563ACC\"\/><\/linearGradient><\/defs><\/svg><\/span><span class=\"shariff-text\">teilen<\/span>&nbsp;<\/a><\/li><li class=\"shariff-button bluesky shariff-nocustomcolor\" style=\"background-color:#84c4ff\"><a href=\"https:\/\/bsky.app\/intent\/compose?text=Hitlers%20musikalisches%20Werk%20aufgetaucht https%3A%2F%2Fblogs.nmz.de%2Fbadblog%2F2012%2F06%2F14%2Fhitlers-musikalisches-werk-aufgetaucht%2F \" title=\"Bei Bluesky teilen\" aria-label=\"Bei Bluesky teilen\" role=\"button\" rel=\"noopener nofollow\" class=\"shariff-link\" style=\"; background-color:#0085ff; color:#fff\" target=\"_blank\"><span class=\"shariff-icon\" style=\"\"><svg width=\"20\" height=\"20\" version=\"1.1\" xmlns=\"http:\/\/www.w3.org\/2000\/svg\" viewBox=\"0 0 20 20\"><path class=\"st0\" d=\"M4.89,3.12c2.07,1.55,4.3,4.71,5.11,6.4.82-1.69,3.04-4.84,5.11-6.4,1.49-1.12,3.91-1.99,3.91.77,0,.55-.32,4.63-.5,5.3-.64,2.3-2.99,2.89-5.08,2.54,3.65.62,4.58,2.68,2.57,4.74-3.81,3.91-5.48-.98-5.9-2.23-.08-.23-.11-.34-.12-.25,0-.09-.04.02-.12.25-.43,1.25-2.09,6.14-5.9,2.23-2.01-2.06-1.08-4.12,2.57-4.74-2.09.36-4.44-.23-5.08-2.54-.19-.66-.5-4.74-.5-5.3,0-2.76,2.42-1.89,3.91-.77h0Z\"\/><\/svg><\/span><span class=\"shariff-text\">teilen<\/span>&nbsp;<\/a><\/li><li class=\"shariff-button facebook shariff-nocustomcolor\" style=\"background-color:#4273c8\"><a href=\"https:\/\/www.facebook.com\/sharer\/sharer.php?u=https%3A%2F%2Fblogs.nmz.de%2Fbadblog%2F2012%2F06%2F14%2Fhitlers-musikalisches-werk-aufgetaucht%2F\" title=\"Bei Facebook teilen\" aria-label=\"Bei Facebook teilen\" role=\"button\" rel=\"nofollow\" class=\"shariff-link\" style=\"; background-color:#3b5998; color:#fff\" target=\"_blank\"><span class=\"shariff-icon\" style=\"\"><svg width=\"32px\" height=\"20px\" xmlns=\"http:\/\/www.w3.org\/2000\/svg\" viewBox=\"0 0 18 32\"><path fill=\"#3b5998\" d=\"M17.1 0.2v4.7h-2.8q-1.5 0-2.1 0.6t-0.5 1.9v3.4h5.2l-0.7 5.3h-4.5v13.6h-5.5v-13.6h-4.5v-5.3h4.5v-3.9q0-3.3 1.9-5.2t5-1.8q2.6 0 4.1 0.2z\"\/><\/svg><\/span><span class=\"shariff-text\">teilen<\/span>&nbsp;<\/a><\/li><li class=\"shariff-button threema shariff-nocustomcolor shariff-mobile\" style=\"background-color:#4fbc24\"><a href=\"threema:\/\/compose?text=Hitlers%20musikalisches%20Werk%20aufgetaucht%20https%3A%2F%2Fblogs.nmz.de%2Fbadblog%2F2012%2F06%2F14%2Fhitlers-musikalisches-werk-aufgetaucht%2F\" title=\"Bei Threema teilen\" aria-label=\"Bei Threema teilen\" role=\"button\" rel=\"noopener nofollow\" class=\"shariff-link\" style=\"; background-color:#1f1f1f; color:#fff\" target=\"_blank\"><span class=\"shariff-icon\" style=\"\"><svg width=\"32px\" height=\"20px\" xmlns=\"http:\/\/www.w3.org\/2000\/svg\" viewBox=\"0 0 32 32\"><path fill=\"#1f1f1f\" d=\"M30.8 10.9c-0.3-1.4-0.9-2.6-1.8-3.8-2-2.6-5.5-4.5-9.4-5.2-1.3-0.2-1.9-0.3-3.5-0.3s-2.2 0-3.5 0.3c-4 0.7-7.4 2.6-9.4 5.2-0.9 1.2-1.5 2.4-1.8 3.8-0.1 0.5-0.2 1.2-0.2 1.6 0 0.4 0.1 1.1 0.2 1.6 0.4 1.9 1.3 3.4 2.9 5 0.8 0.8 0.8 0.8 0.7 1.3 0 0.6-0.5 1.6-1.7 3.6-0.3 0.5-0.5 0.9-0.5 0.9 0 0.1 0.1 0.1 0.5 0 0.8-0.2 2.3-0.6 5.6-1.6 1.1-0.3 1.3-0.4 2.3-0.4 0.8 0 1.1 0 2.3 0.2 1.5 0.2 3.5 0.2 4.9 0 5.1-0.6 9.3-2.9 11.4-6.3 0.5-0.9 0.9-1.8 1.1-2.8 0.1-0.5 0.2-1.1 0.2-1.6 0-0.7-0.1-1.1-0.2-1.6-0.3-1.4 0.1 0.5 0 0zM20.6 17.3c0 0.4-0.4 0.8-0.8 0.8h-7.7c-0.4 0-0.8-0.4-0.8-0.8v-4.6c0-0.4 0.4-0.8 0.8-0.8h0.2l0-1.6c0-0.9 0-1.8 0.1-2 0.1-0.6 0.6-1.2 1.1-1.7s1.1-0.7 1.9-0.8c1.8-0.3 3.7 0.7 4.2 2.2 0.1 0.3 0.1 0.7 0.1 2.1v0 1.7h0.1c0.4 0 0.8 0.4 0.8 0.8v4.6zM15.6 7.3c-0.5 0.1-0.8 0.3-1.2 0.6s-0.6 0.8-0.7 1.3c0 0.2 0 0.8 0 1.5l0 1.2h4.6v-1.3c0-1 0-1.4-0.1-1.6-0.3-1.1-1.5-1.9-2.6-1.7zM25.8 28.2c0 1.2-1 2.2-2.1 2.2s-2.1-1-2.1-2.1c0-1.2 1-2.1 2.2-2.1s2.2 1 2.2 2.2zM18.1 28.2c0 1.2-1 2.2-2.1 2.2s-2.1-1-2.1-2.1c0-1.2 1-2.1 2.2-2.1s2.2 1 2.2 2.2zM10.4 28.2c0 1.2-1 2.2-2.1 2.2s-2.1-1-2.1-2.1c0-1.2 1-2.1 2.2-2.1s2.2 1 2.2 2.2z\"\/><\/svg><\/span><span class=\"shariff-text\">teilen<\/span>&nbsp;<\/a><\/li><li class=\"shariff-button linkedin shariff-nocustomcolor\" style=\"background-color:#1488bf\"><a href=\"https:\/\/www.linkedin.com\/sharing\/share-offsite\/?url=https%3A%2F%2Fblogs.nmz.de%2Fbadblog%2F2012%2F06%2F14%2Fhitlers-musikalisches-werk-aufgetaucht%2F\" title=\"Bei LinkedIn teilen\" aria-label=\"Bei LinkedIn teilen\" role=\"button\" rel=\"noopener nofollow\" class=\"shariff-link\" style=\"; background-color:#0077b5; color:#fff\" target=\"_blank\"><span class=\"shariff-icon\" style=\"\"><svg width=\"32px\" height=\"20px\" xmlns=\"http:\/\/www.w3.org\/2000\/svg\" viewBox=\"0 0 27 32\"><path fill=\"#0077b5\" d=\"M6.2 11.2v17.7h-5.9v-17.7h5.9zM6.6 5.7q0 1.3-0.9 2.2t-2.4 0.9h0q-1.5 0-2.4-0.9t-0.9-2.2 0.9-2.2 2.4-0.9 2.4 0.9 0.9 2.2zM27.4 18.7v10.1h-5.9v-9.5q0-1.9-0.7-2.9t-2.3-1.1q-1.1 0-1.9 0.6t-1.2 1.5q-0.2 0.5-0.2 1.4v9.9h-5.9q0-7.1 0-11.6t0-5.3l0-0.9h5.9v2.6h0q0.4-0.6 0.7-1t1-0.9 1.6-0.8 2-0.3q3 0 4.9 2t1.9 6z\"\/><\/svg><\/span><span class=\"shariff-text\">teilen<\/span>&nbsp;<\/a><\/li><li class=\"shariff-button info shariff-nocustomcolor\" style=\"background-color:#eee\"><a href=\"http:\/\/ct.de\/-2467514\" title=\"Weitere Informationen\" aria-label=\"Weitere Informationen\" role=\"button\" rel=\"noopener \" class=\"shariff-link\" style=\"; background-color:#fff; color:#fff\" target=\"_blank\"><span class=\"shariff-icon\" style=\"\"><svg width=\"32px\" height=\"20px\" xmlns=\"http:\/\/www.w3.org\/2000\/svg\" viewBox=\"0 0 11 32\"><path fill=\"#999\" d=\"M11.4 24v2.3q0 0.5-0.3 0.8t-0.8 0.4h-9.1q-0.5 0-0.8-0.4t-0.4-0.8v-2.3q0-0.5 0.4-0.8t0.8-0.4h1.1v-6.8h-1.1q-0.5 0-0.8-0.4t-0.4-0.8v-2.3q0-0.5 0.4-0.8t0.8-0.4h6.8q0.5 0 0.8 0.4t0.4 0.8v10.3h1.1q0.5 0 0.8 0.4t0.3 0.8zM9.2 3.4v3.4q0 0.5-0.4 0.8t-0.8 0.4h-4.6q-0.4 0-0.8-0.4t-0.4-0.8v-3.4q0-0.4 0.4-0.8t0.8-0.4h4.6q0.5 0 0.8 0.4t0.4 0.8z\"\/><\/svg><\/span><\/a><\/li><\/ul><\/div>","protected":false},"excerpt":{"rendered":"<p>Ende letzter Woche tauchte bei Baustellenarbeiten n&#246;rdlich der zerst&#246;rten Berliner Reichskanzlei eine unauff&#228;llige, aber gro&#223;e, ja, formsch&#246;ne Kassette auf. Einbestellte Arch&#228;ologen des Deutschen Hysterischen Museums identifizierten sehr bald, dass es sich bei dem Inhalt des fein geschnittenen, ja, elegant gehandwerkten Beh&#228;ltnisses um Eigentum von Adolf Hitler handelt: zahlreiche Partituren, Notizb&#252;cher&#46;&#46;&#46;<\/p>\n<div class=\"shariff shariff-align-left shariff-widget-align-left\" style=\"display:none\"><div class=\"ShariffHeadline\"> <\/div><ul class=\"shariff-buttons theme-default orientation-horizontal buttonsize-small\"><li class=\"shariff-button mastodon shariff-nocustomcolor\" style=\"background-color:#563ACC\"><a href=\"https:\/\/s2f.kytta.dev\/?text=Hitlers%20musikalisches%20Werk%20aufgetaucht https%3A%2F%2Fblogs.nmz.de%2Fbadblog%2F2012%2F06%2F14%2Fhitlers-musikalisches-werk-aufgetaucht%2F\" title=\"Bei Mastodon teilen\" aria-label=\"Bei Mastodon teilen\" role=\"button\" rel=\"noopener nofollow\" class=\"shariff-link\" style=\"; background-color:#6364FF; color:#fff\" target=\"_blank\"><span class=\"shariff-icon\" style=\"\"><svg width=\"75\" height=\"79\" viewBox=\"0 0 75 79\" fill=\"none\" xmlns=\"http:\/\/www.w3.org\/2000\/svg\"><path d=\"M37.813-.025C32.462-.058 27.114.13 21.79.598c-8.544.621-17.214 5.58-20.203 13.931C-1.12 23.318.408 32.622.465 41.65c.375 7.316.943 14.78 3.392 21.73 4.365 9.465 14.781 14.537 24.782 15.385 7.64.698 15.761-.213 22.517-4.026a54.1 54.1 0 0 0 .01-6.232c-6.855 1.316-14.101 2.609-21.049 1.074-3.883-.88-6.876-4.237-7.25-8.215-1.53-3.988 3.78-.43 5.584-.883 9.048 1.224 18.282.776 27.303-.462 7.044-.837 14.26-4.788 16.65-11.833 2.263-6.135 1.215-12.79 1.698-19.177.06-3.84.09-7.692-.262-11.52C72.596 7.844 63.223.981 53.834.684a219.453 219.453 0 0 0-16.022-.71zm11.294 12.882c5.5-.067 10.801 4.143 11.67 9.653.338 1.48.471 3 .471 4.515v21.088h-8.357c-.07-7.588.153-15.182-.131-22.765-.587-4.368-7.04-5.747-9.672-2.397-2.422 3.04-1.47 7.155-1.67 10.735v6.392h-8.307c-.146-4.996.359-10.045-.404-15.002-1.108-4.218-7.809-5.565-10.094-1.666-1.685 3.046-.712 6.634-.976 9.936v14.767h-8.354c.109-8.165-.238-16.344.215-24.5.674-5.346 5.095-10.389 10.676-10.627 4.902-.739 10.103 2.038 12.053 6.631.375 1.435 1.76 1.932 1.994.084 1.844-3.704 5.501-6.739 9.785-6.771.367-.044.735-.068 1.101-.073z\"\/><defs><linearGradient id=\"paint0_linear_549_34\" x1=\"37.0692\" y1=\"0\" x2=\"37.0692\" y2=\"79\" gradientUnits=\"userSpaceOnUse\"><stop stop-color=\"#6364FF\"\/><stop offset=\"1\" stop-color=\"#563ACC\"\/><\/linearGradient><\/defs><\/svg><\/span><span class=\"shariff-text\">teilen<\/span>&nbsp;<\/a><\/li><li class=\"shariff-button bluesky shariff-nocustomcolor\" style=\"background-color:#84c4ff\"><a href=\"https:\/\/bsky.app\/intent\/compose?text=Hitlers%20musikalisches%20Werk%20aufgetaucht https%3A%2F%2Fblogs.nmz.de%2Fbadblog%2F2012%2F06%2F14%2Fhitlers-musikalisches-werk-aufgetaucht%2F \" title=\"Bei Bluesky teilen\" aria-label=\"Bei Bluesky teilen\" role=\"button\" rel=\"noopener nofollow\" class=\"shariff-link\" style=\"; background-color:#0085ff; color:#fff\" target=\"_blank\"><span class=\"shariff-icon\" style=\"\"><svg width=\"20\" height=\"20\" version=\"1.1\" xmlns=\"http:\/\/www.w3.org\/2000\/svg\" viewBox=\"0 0 20 20\"><path class=\"st0\" d=\"M4.89,3.12c2.07,1.55,4.3,4.71,5.11,6.4.82-1.69,3.04-4.84,5.11-6.4,1.49-1.12,3.91-1.99,3.91.77,0,.55-.32,4.63-.5,5.3-.64,2.3-2.99,2.89-5.08,2.54,3.65.62,4.58,2.68,2.57,4.74-3.81,3.91-5.48-.98-5.9-2.23-.08-.23-.11-.34-.12-.25,0-.09-.04.02-.12.25-.43,1.25-2.09,6.14-5.9,2.23-2.01-2.06-1.08-4.12,2.57-4.74-2.09.36-4.44-.23-5.08-2.54-.19-.66-.5-4.74-.5-5.3,0-2.76,2.42-1.89,3.91-.77h0Z\"\/><\/svg><\/span><span class=\"shariff-text\">teilen<\/span>&nbsp;<\/a><\/li><li class=\"shariff-button facebook shariff-nocustomcolor\" style=\"background-color:#4273c8\"><a href=\"https:\/\/www.facebook.com\/sharer\/sharer.php?u=https%3A%2F%2Fblogs.nmz.de%2Fbadblog%2F2012%2F06%2F14%2Fhitlers-musikalisches-werk-aufgetaucht%2F\" title=\"Bei Facebook teilen\" aria-label=\"Bei Facebook teilen\" role=\"button\" rel=\"nofollow\" class=\"shariff-link\" style=\"; background-color:#3b5998; color:#fff\" target=\"_blank\"><span class=\"shariff-icon\" style=\"\"><svg width=\"32px\" height=\"20px\" xmlns=\"http:\/\/www.w3.org\/2000\/svg\" viewBox=\"0 0 18 32\"><path fill=\"#3b5998\" d=\"M17.1 0.2v4.7h-2.8q-1.5 0-2.1 0.6t-0.5 1.9v3.4h5.2l-0.7 5.3h-4.5v13.6h-5.5v-13.6h-4.5v-5.3h4.5v-3.9q0-3.3 1.9-5.2t5-1.8q2.6 0 4.1 0.2z\"\/><\/svg><\/span><span class=\"shariff-text\">teilen<\/span>&nbsp;<\/a><\/li><li class=\"shariff-button threema shariff-nocustomcolor shariff-mobile\" style=\"background-color:#4fbc24\"><a href=\"threema:\/\/compose?text=Hitlers%20musikalisches%20Werk%20aufgetaucht%20https%3A%2F%2Fblogs.nmz.de%2Fbadblog%2F2012%2F06%2F14%2Fhitlers-musikalisches-werk-aufgetaucht%2F\" title=\"Bei Threema teilen\" aria-label=\"Bei Threema teilen\" role=\"button\" rel=\"noopener nofollow\" class=\"shariff-link\" style=\"; background-color:#1f1f1f; color:#fff\" target=\"_blank\"><span class=\"shariff-icon\" style=\"\"><svg width=\"32px\" height=\"20px\" xmlns=\"http:\/\/www.w3.org\/2000\/svg\" viewBox=\"0 0 32 32\"><path fill=\"#1f1f1f\" d=\"M30.8 10.9c-0.3-1.4-0.9-2.6-1.8-3.8-2-2.6-5.5-4.5-9.4-5.2-1.3-0.2-1.9-0.3-3.5-0.3s-2.2 0-3.5 0.3c-4 0.7-7.4 2.6-9.4 5.2-0.9 1.2-1.5 2.4-1.8 3.8-0.1 0.5-0.2 1.2-0.2 1.6 0 0.4 0.1 1.1 0.2 1.6 0.4 1.9 1.3 3.4 2.9 5 0.8 0.8 0.8 0.8 0.7 1.3 0 0.6-0.5 1.6-1.7 3.6-0.3 0.5-0.5 0.9-0.5 0.9 0 0.1 0.1 0.1 0.5 0 0.8-0.2 2.3-0.6 5.6-1.6 1.1-0.3 1.3-0.4 2.3-0.4 0.8 0 1.1 0 2.3 0.2 1.5 0.2 3.5 0.2 4.9 0 5.1-0.6 9.3-2.9 11.4-6.3 0.5-0.9 0.9-1.8 1.1-2.8 0.1-0.5 0.2-1.1 0.2-1.6 0-0.7-0.1-1.1-0.2-1.6-0.3-1.4 0.1 0.5 0 0zM20.6 17.3c0 0.4-0.4 0.8-0.8 0.8h-7.7c-0.4 0-0.8-0.4-0.8-0.8v-4.6c0-0.4 0.4-0.8 0.8-0.8h0.2l0-1.6c0-0.9 0-1.8 0.1-2 0.1-0.6 0.6-1.2 1.1-1.7s1.1-0.7 1.9-0.8c1.8-0.3 3.7 0.7 4.2 2.2 0.1 0.3 0.1 0.7 0.1 2.1v0 1.7h0.1c0.4 0 0.8 0.4 0.8 0.8v4.6zM15.6 7.3c-0.5 0.1-0.8 0.3-1.2 0.6s-0.6 0.8-0.7 1.3c0 0.2 0 0.8 0 1.5l0 1.2h4.6v-1.3c0-1 0-1.4-0.1-1.6-0.3-1.1-1.5-1.9-2.6-1.7zM25.8 28.2c0 1.2-1 2.2-2.1 2.2s-2.1-1-2.1-2.1c0-1.2 1-2.1 2.2-2.1s2.2 1 2.2 2.2zM18.1 28.2c0 1.2-1 2.2-2.1 2.2s-2.1-1-2.1-2.1c0-1.2 1-2.1 2.2-2.1s2.2 1 2.2 2.2zM10.4 28.2c0 1.2-1 2.2-2.1 2.2s-2.1-1-2.1-2.1c0-1.2 1-2.1 2.2-2.1s2.2 1 2.2 2.2z\"\/><\/svg><\/span><span class=\"shariff-text\">teilen<\/span>&nbsp;<\/a><\/li><li class=\"shariff-button linkedin shariff-nocustomcolor\" style=\"background-color:#1488bf\"><a href=\"https:\/\/www.linkedin.com\/sharing\/share-offsite\/?url=https%3A%2F%2Fblogs.nmz.de%2Fbadblog%2F2012%2F06%2F14%2Fhitlers-musikalisches-werk-aufgetaucht%2F\" title=\"Bei LinkedIn teilen\" aria-label=\"Bei LinkedIn teilen\" role=\"button\" rel=\"noopener nofollow\" class=\"shariff-link\" style=\"; background-color:#0077b5; color:#fff\" target=\"_blank\"><span class=\"shariff-icon\" style=\"\"><svg width=\"32px\" height=\"20px\" xmlns=\"http:\/\/www.w3.org\/2000\/svg\" viewBox=\"0 0 27 32\"><path fill=\"#0077b5\" d=\"M6.2 11.2v17.7h-5.9v-17.7h5.9zM6.6 5.7q0 1.3-0.9 2.2t-2.4 0.9h0q-1.5 0-2.4-0.9t-0.9-2.2 0.9-2.2 2.4-0.9 2.4 0.9 0.9 2.2zM27.4 18.7v10.1h-5.9v-9.5q0-1.9-0.7-2.9t-2.3-1.1q-1.1 0-1.9 0.6t-1.2 1.5q-0.2 0.5-0.2 1.4v9.9h-5.9q0-7.1 0-11.6t0-5.3l0-0.9h5.9v2.6h0q0.4-0.6 0.7-1t1-0.9 1.6-0.8 2-0.3q3 0 4.9 2t1.9 6z\"\/><\/svg><\/span><span class=\"shariff-text\">teilen<\/span>&nbsp;<\/a><\/li><li class=\"shariff-button info shariff-nocustomcolor\" style=\"background-color:#eee\"><a href=\"http:\/\/ct.de\/-2467514\" title=\"Weitere Informationen\" aria-label=\"Weitere Informationen\" role=\"button\" rel=\"noopener \" class=\"shariff-link\" style=\"; background-color:#fff; color:#fff\" target=\"_blank\"><span class=\"shariff-icon\" style=\"\"><svg width=\"32px\" height=\"20px\" xmlns=\"http:\/\/www.w3.org\/2000\/svg\" viewBox=\"0 0 11 32\"><path fill=\"#999\" d=\"M11.4 24v2.3q0 0.5-0.3 0.8t-0.8 0.4h-9.1q-0.5 0-0.8-0.4t-0.4-0.8v-2.3q0-0.5 0.4-0.8t0.8-0.4h1.1v-6.8h-1.1q-0.5 0-0.8-0.4t-0.4-0.8v-2.3q0-0.5 0.4-0.8t0.8-0.4h6.8q0.5 0 0.8 0.4t0.4 0.8v10.3h1.1q0.5 0 0.8 0.4t0.3 0.8zM9.2 3.4v3.4q0 0.5-0.4 0.8t-0.8 0.4h-4.6q-0.4 0-0.8-0.4t-0.4-0.8v-3.4q0-0.4 0.4-0.8t0.8-0.4h4.6q0.5 0 0.8 0.4t0.4 0.8z\"\/><\/svg><\/span><\/a><\/li><\/ul><\/div>","protected":false},"author":4,"featured_media":0,"comment_status":"open","ping_status":"open","sticky":false,"template":"","format":"standard","meta":{"jetpack_post_was_ever_published":false,"_jetpack_newsletter_access":"","_jetpack_dont_email_post_to_subs":false,"_jetpack_newsletter_tier_id":0,"_jetpack_memberships_contains_paywalled_content":false,"_jetpack_memberships_contains_paid_content":false,"footnotes":""},"categories":[14657],"tags":[],"class_list":["post-6574","post","type-post","status-publish","format-standard","hentry","category-nicht-kategorisiert"],"yoast_head":"<!-- This site is optimized with the Yoast SEO plugin v27.5 - https:\/\/yoast.com\/product\/yoast-seo-wordpress\/ -->\n<title>Hitlers musikalisches Werk aufgetaucht &#8211; Bad Blog Of Musick - nmz Klassik-Blog<\/title>\n<meta name=\"description\" content=\"Bad Blog Of Musick \u2013 Ein Klassik-Blog und das wahrscheinlich bedeutendste Musik-Blog zur zeitgen\u00f6ssischen und klassischen Musikkultur\" \/>\n<meta name=\"robots\" content=\"index, follow, max-snippet:-1, max-image-preview:large, max-video-preview:-1\" \/>\n<link rel=\"canonical\" href=\"https:\/\/blogs.nmz.de\/badblog\/2012\/06\/14\/hitlers-musikalisches-werk-aufgetaucht\/\" \/>\n<meta property=\"og:locale\" content=\"de_DE\" \/>\n<meta property=\"og:type\" content=\"article\" \/>\n<meta property=\"og:title\" content=\"Hitlers musikalisches Werk aufgetaucht &#8211; Bad Blog Of Musick - nmz Klassik-Blog\" \/>\n<meta property=\"og:description\" content=\"Bad Blog Of Musick \u2013 Ein Klassik-Blog und das wahrscheinlich bedeutendste Musik-Blog zur zeitgen\u00f6ssischen und klassischen Musikkultur\" \/>\n<meta property=\"og:url\" content=\"https:\/\/blogs.nmz.de\/badblog\/2012\/06\/14\/hitlers-musikalisches-werk-aufgetaucht\/\" \/>\n<meta property=\"og:site_name\" content=\"Bad Blog Of Musick\" \/>\n<meta property=\"article:publisher\" content=\"https:\/\/www.facebook.com\/musikzeitung\" \/>\n<meta property=\"article:published_time\" content=\"2012-06-14T19:57:06+00:00\" \/>\n<meta property=\"article:modified_time\" content=\"2012-06-14T20:36:18+00:00\" \/>\n<meta property=\"og:image\" content=\"https:\/\/blogs.nmz.de\/badblog\/files\/2012\/06\/Thielemann2-300x224.jpg\" \/>\n<meta name=\"author\" content=\"Arno L\u00fccker\" \/>\n<meta name=\"twitter:card\" content=\"summary_large_image\" \/>\n<meta name=\"twitter:creator\" content=\"@musikzeitung\" \/>\n<meta name=\"twitter:site\" content=\"@musikzeitung\" \/>\n<meta name=\"twitter:label1\" content=\"Verfasst von\" \/>\n\t<meta name=\"twitter:data1\" content=\"Arno L\u00fccker\" \/>\n\t<meta name=\"twitter:label2\" content=\"Gesch\u00e4tzte Lesezeit\" \/>\n\t<meta name=\"twitter:data2\" content=\"4\u00a0Minuten\" \/>\n<script type=\"application\/ld+json\" class=\"yoast-schema-graph\">{\"@context\":\"https:\\\/\\\/schema.org\",\"@graph\":[{\"@type\":\"Article\",\"@id\":\"https:\\\/\\\/blogs.nmz.de\\\/badblog\\\/2012\\\/06\\\/14\\\/hitlers-musikalisches-werk-aufgetaucht\\\/#article\",\"isPartOf\":{\"@id\":\"https:\\\/\\\/blogs.nmz.de\\\/badblog\\\/2012\\\/06\\\/14\\\/hitlers-musikalisches-werk-aufgetaucht\\\/\"},\"author\":{\"name\":\"Arno L\u00fccker\",\"@id\":\"https:\\\/\\\/blogs.nmz.de\\\/badblog\\\/#\\\/schema\\\/person\\\/006319494c6abac7102be470a5b5c092\"},\"headline\":\"Hitlers musikalisches Werk aufgetaucht\",\"datePublished\":\"2012-06-14T19:57:06+00:00\",\"dateModified\":\"2012-06-14T20:36:18+00:00\",\"mainEntityOfPage\":{\"@id\":\"https:\\\/\\\/blogs.nmz.de\\\/badblog\\\/2012\\\/06\\\/14\\\/hitlers-musikalisches-werk-aufgetaucht\\\/\"},\"wordCount\":870,\"commentCount\":3,\"publisher\":{\"@id\":\"https:\\\/\\\/blogs.nmz.de\\\/badblog\\\/#organization\"},\"image\":{\"@id\":\"https:\\\/\\\/blogs.nmz.de\\\/badblog\\\/2012\\\/06\\\/14\\\/hitlers-musikalisches-werk-aufgetaucht\\\/#primaryimage\"},\"thumbnailUrl\":\"https:\\\/\\\/blogs.nmz.de\\\/badblog\\\/files\\\/2012\\\/06\\\/Thielemann2-300x224.jpg\",\"inLanguage\":\"de\",\"potentialAction\":[{\"@type\":\"CommentAction\",\"name\":\"Comment\",\"target\":[\"https:\\\/\\\/blogs.nmz.de\\\/badblog\\\/2012\\\/06\\\/14\\\/hitlers-musikalisches-werk-aufgetaucht\\\/#respond\"]}]},{\"@type\":\"WebPage\",\"@id\":\"https:\\\/\\\/blogs.nmz.de\\\/badblog\\\/2012\\\/06\\\/14\\\/hitlers-musikalisches-werk-aufgetaucht\\\/\",\"url\":\"https:\\\/\\\/blogs.nmz.de\\\/badblog\\\/2012\\\/06\\\/14\\\/hitlers-musikalisches-werk-aufgetaucht\\\/\",\"name\":\"Hitlers musikalisches Werk aufgetaucht &#8211; Bad Blog Of Musick - nmz Klassik-Blog\",\"isPartOf\":{\"@id\":\"https:\\\/\\\/blogs.nmz.de\\\/badblog\\\/#website\"},\"primaryImageOfPage\":{\"@id\":\"https:\\\/\\\/blogs.nmz.de\\\/badblog\\\/2012\\\/06\\\/14\\\/hitlers-musikalisches-werk-aufgetaucht\\\/#primaryimage\"},\"image\":{\"@id\":\"https:\\\/\\\/blogs.nmz.de\\\/badblog\\\/2012\\\/06\\\/14\\\/hitlers-musikalisches-werk-aufgetaucht\\\/#primaryimage\"},\"thumbnailUrl\":\"https:\\\/\\\/blogs.nmz.de\\\/badblog\\\/files\\\/2012\\\/06\\\/Thielemann2-300x224.jpg\",\"datePublished\":\"2012-06-14T19:57:06+00:00\",\"dateModified\":\"2012-06-14T20:36:18+00:00\",\"description\":\"Bad Blog Of Musick \u2013 Ein Klassik-Blog und das wahrscheinlich bedeutendste Musik-Blog zur zeitgen\u00f6ssischen und klassischen Musikkultur\",\"breadcrumb\":{\"@id\":\"https:\\\/\\\/blogs.nmz.de\\\/badblog\\\/2012\\\/06\\\/14\\\/hitlers-musikalisches-werk-aufgetaucht\\\/#breadcrumb\"},\"inLanguage\":\"de\",\"potentialAction\":[{\"@type\":\"ReadAction\",\"target\":[\"https:\\\/\\\/blogs.nmz.de\\\/badblog\\\/2012\\\/06\\\/14\\\/hitlers-musikalisches-werk-aufgetaucht\\\/\"]}]},{\"@type\":\"ImageObject\",\"inLanguage\":\"de\",\"@id\":\"https:\\\/\\\/blogs.nmz.de\\\/badblog\\\/2012\\\/06\\\/14\\\/hitlers-musikalisches-werk-aufgetaucht\\\/#primaryimage\",\"url\":\"https:\\\/\\\/blogs.nmz.de\\\/badblog\\\/files\\\/2012\\\/06\\\/Thielemann2-300x224.jpg\",\"contentUrl\":\"https:\\\/\\\/blogs.nmz.de\\\/badblog\\\/files\\\/2012\\\/06\\\/Thielemann2-300x224.jpg\"},{\"@type\":\"BreadcrumbList\",\"@id\":\"https:\\\/\\\/blogs.nmz.de\\\/badblog\\\/2012\\\/06\\\/14\\\/hitlers-musikalisches-werk-aufgetaucht\\\/#breadcrumb\",\"itemListElement\":[{\"@type\":\"ListItem\",\"position\":1,\"name\":\"Startseite\",\"item\":\"https:\\\/\\\/blogs.nmz.de\\\/badblog\\\/\"},{\"@type\":\"ListItem\",\"position\":2,\"name\":\"Hitlers musikalisches Werk aufgetaucht\"}]},{\"@type\":\"WebSite\",\"@id\":\"https:\\\/\\\/blogs.nmz.de\\\/badblog\\\/#website\",\"url\":\"https:\\\/\\\/blogs.nmz.de\\\/badblog\\\/\",\"name\":\"Bad Blog Of Musick\",\"description\":\"Das bedeutendste Blog zur zeitgen\u00f6ssischen Musikkultur\",\"publisher\":{\"@id\":\"https:\\\/\\\/blogs.nmz.de\\\/badblog\\\/#organization\"},\"potentialAction\":[{\"@type\":\"SearchAction\",\"target\":{\"@type\":\"EntryPoint\",\"urlTemplate\":\"https:\\\/\\\/blogs.nmz.de\\\/badblog\\\/?s={search_term_string}\"},\"query-input\":{\"@type\":\"PropertyValueSpecification\",\"valueRequired\":true,\"valueName\":\"search_term_string\"}}],\"inLanguage\":\"de\"},{\"@type\":\"Organization\",\"@id\":\"https:\\\/\\\/blogs.nmz.de\\\/badblog\\\/#organization\",\"name\":\"Bad Blog Of Musick\",\"alternateName\":\"Ein Klassik-Blog zur Musik\",\"url\":\"https:\\\/\\\/blogs.nmz.de\\\/badblog\\\/\",\"logo\":{\"@type\":\"ImageObject\",\"inLanguage\":\"de\",\"@id\":\"https:\\\/\\\/blogs.nmz.de\\\/badblog\\\/#\\\/schema\\\/logo\\\/image\\\/\",\"url\":\"https:\\\/\\\/i0.wp.com\\\/blogs.nmz.de\\\/badblog\\\/files\\\/2016\\\/10\\\/badblog-logo1.png?fit=512%2C512&ssl=1\",\"contentUrl\":\"https:\\\/\\\/i0.wp.com\\\/blogs.nmz.de\\\/badblog\\\/files\\\/2016\\\/10\\\/badblog-logo1.png?fit=512%2C512&ssl=1\",\"width\":512,\"height\":512,\"caption\":\"Bad Blog Of Musick\"},\"image\":{\"@id\":\"https:\\\/\\\/blogs.nmz.de\\\/badblog\\\/#\\\/schema\\\/logo\\\/image\\\/\"},\"sameAs\":[\"https:\\\/\\\/www.facebook.com\\\/musikzeitung\",\"https:\\\/\\\/x.com\\\/musikzeitung\"]},{\"@type\":\"Person\",\"@id\":\"https:\\\/\\\/blogs.nmz.de\\\/badblog\\\/#\\\/schema\\\/person\\\/006319494c6abac7102be470a5b5c092\",\"name\":\"Arno L\u00fccker\",\"description\":\"Arno L\u00fccker wuchs in der N\u00e4he von Hannover auf, studierte Musikwissenschaft und Philosophie in Hannover, Freiburg - und Berlin. Er arbeitet als Autor (2020 erschien sein Buch \u00bbop. 111 \u2013 Beethovens letzte Klaviersonate Takt f\u00fcr Takt\u00ab, 2023 sein Buch \u00bb250 Komponistinnen\u00ab), Moderator, Dramaturg, Pianist, Komponist und Musik-Satiriker. Seit 2025 ist er Dramaturg an der Staatsoper Hannover. Seit 2004 erscheinen regelm\u00e4\u00dfig Beitr\u00e4ge von ihm in der TITANIC. Arno L\u00fccker ist Bad-Blog-Autor der ersten Stunde, Fan von Hannover 96 und den Toronto Blue Jays.\",\"sameAs\":[\"http:\\\/\\\/www.arnoluecker.de\\\/\"],\"url\":\"https:\\\/\\\/blogs.nmz.de\\\/badblog\\\/author\\\/arno\\\/\"}]}<\/script>\n<!-- \/ Yoast SEO plugin. -->","yoast_head_json":{"title":"Hitlers musikalisches Werk aufgetaucht &#8211; Bad Blog Of Musick - nmz Klassik-Blog","description":"Bad Blog Of Musick \u2013 Ein Klassik-Blog und das wahrscheinlich bedeutendste Musik-Blog zur zeitgen\u00f6ssischen und klassischen Musikkultur","robots":{"index":"index","follow":"follow","max-snippet":"max-snippet:-1","max-image-preview":"max-image-preview:large","max-video-preview":"max-video-preview:-1"},"canonical":"https:\/\/blogs.nmz.de\/badblog\/2012\/06\/14\/hitlers-musikalisches-werk-aufgetaucht\/","og_locale":"de_DE","og_type":"article","og_title":"Hitlers musikalisches Werk aufgetaucht &#8211; Bad Blog Of Musick - nmz Klassik-Blog","og_description":"Bad Blog Of Musick \u2013 Ein Klassik-Blog und das wahrscheinlich bedeutendste Musik-Blog zur zeitgen\u00f6ssischen und klassischen Musikkultur","og_url":"https:\/\/blogs.nmz.de\/badblog\/2012\/06\/14\/hitlers-musikalisches-werk-aufgetaucht\/","og_site_name":"Bad Blog Of Musick","article_publisher":"https:\/\/www.facebook.com\/musikzeitung","article_published_time":"2012-06-14T19:57:06+00:00","article_modified_time":"2012-06-14T20:36:18+00:00","og_image":[{"url":"https:\/\/blogs.nmz.de\/badblog\/files\/2012\/06\/Thielemann2-300x224.jpg","type":"","width":"","height":""}],"author":"Arno L\u00fccker","twitter_card":"summary_large_image","twitter_creator":"@musikzeitung","twitter_site":"@musikzeitung","twitter_misc":{"Verfasst von":"Arno L\u00fccker","Gesch\u00e4tzte Lesezeit":"4\u00a0Minuten"},"schema":{"@context":"https:\/\/schema.org","@graph":[{"@type":"Article","@id":"https:\/\/blogs.nmz.de\/badblog\/2012\/06\/14\/hitlers-musikalisches-werk-aufgetaucht\/#article","isPartOf":{"@id":"https:\/\/blogs.nmz.de\/badblog\/2012\/06\/14\/hitlers-musikalisches-werk-aufgetaucht\/"},"author":{"name":"Arno L\u00fccker","@id":"https:\/\/blogs.nmz.de\/badblog\/#\/schema\/person\/006319494c6abac7102be470a5b5c092"},"headline":"Hitlers musikalisches Werk aufgetaucht","datePublished":"2012-06-14T19:57:06+00:00","dateModified":"2012-06-14T20:36:18+00:00","mainEntityOfPage":{"@id":"https:\/\/blogs.nmz.de\/badblog\/2012\/06\/14\/hitlers-musikalisches-werk-aufgetaucht\/"},"wordCount":870,"commentCount":3,"publisher":{"@id":"https:\/\/blogs.nmz.de\/badblog\/#organization"},"image":{"@id":"https:\/\/blogs.nmz.de\/badblog\/2012\/06\/14\/hitlers-musikalisches-werk-aufgetaucht\/#primaryimage"},"thumbnailUrl":"https:\/\/blogs.nmz.de\/badblog\/files\/2012\/06\/Thielemann2-300x224.jpg","inLanguage":"de","potentialAction":[{"@type":"CommentAction","name":"Comment","target":["https:\/\/blogs.nmz.de\/badblog\/2012\/06\/14\/hitlers-musikalisches-werk-aufgetaucht\/#respond"]}]},{"@type":"WebPage","@id":"https:\/\/blogs.nmz.de\/badblog\/2012\/06\/14\/hitlers-musikalisches-werk-aufgetaucht\/","url":"https:\/\/blogs.nmz.de\/badblog\/2012\/06\/14\/hitlers-musikalisches-werk-aufgetaucht\/","name":"Hitlers musikalisches Werk aufgetaucht &#8211; Bad Blog Of Musick - nmz Klassik-Blog","isPartOf":{"@id":"https:\/\/blogs.nmz.de\/badblog\/#website"},"primaryImageOfPage":{"@id":"https:\/\/blogs.nmz.de\/badblog\/2012\/06\/14\/hitlers-musikalisches-werk-aufgetaucht\/#primaryimage"},"image":{"@id":"https:\/\/blogs.nmz.de\/badblog\/2012\/06\/14\/hitlers-musikalisches-werk-aufgetaucht\/#primaryimage"},"thumbnailUrl":"https:\/\/blogs.nmz.de\/badblog\/files\/2012\/06\/Thielemann2-300x224.jpg","datePublished":"2012-06-14T19:57:06+00:00","dateModified":"2012-06-14T20:36:18+00:00","description":"Bad Blog Of Musick \u2013 Ein Klassik-Blog und das wahrscheinlich bedeutendste Musik-Blog zur zeitgen\u00f6ssischen und klassischen Musikkultur","breadcrumb":{"@id":"https:\/\/blogs.nmz.de\/badblog\/2012\/06\/14\/hitlers-musikalisches-werk-aufgetaucht\/#breadcrumb"},"inLanguage":"de","potentialAction":[{"@type":"ReadAction","target":["https:\/\/blogs.nmz.de\/badblog\/2012\/06\/14\/hitlers-musikalisches-werk-aufgetaucht\/"]}]},{"@type":"ImageObject","inLanguage":"de","@id":"https:\/\/blogs.nmz.de\/badblog\/2012\/06\/14\/hitlers-musikalisches-werk-aufgetaucht\/#primaryimage","url":"https:\/\/blogs.nmz.de\/badblog\/files\/2012\/06\/Thielemann2-300x224.jpg","contentUrl":"https:\/\/blogs.nmz.de\/badblog\/files\/2012\/06\/Thielemann2-300x224.jpg"},{"@type":"BreadcrumbList","@id":"https:\/\/blogs.nmz.de\/badblog\/2012\/06\/14\/hitlers-musikalisches-werk-aufgetaucht\/#breadcrumb","itemListElement":[{"@type":"ListItem","position":1,"name":"Startseite","item":"https:\/\/blogs.nmz.de\/badblog\/"},{"@type":"ListItem","position":2,"name":"Hitlers musikalisches Werk aufgetaucht"}]},{"@type":"WebSite","@id":"https:\/\/blogs.nmz.de\/badblog\/#website","url":"https:\/\/blogs.nmz.de\/badblog\/","name":"Bad Blog Of Musick","description":"Das bedeutendste Blog zur zeitgen\u00f6ssischen Musikkultur","publisher":{"@id":"https:\/\/blogs.nmz.de\/badblog\/#organization"},"potentialAction":[{"@type":"SearchAction","target":{"@type":"EntryPoint","urlTemplate":"https:\/\/blogs.nmz.de\/badblog\/?s={search_term_string}"},"query-input":{"@type":"PropertyValueSpecification","valueRequired":true,"valueName":"search_term_string"}}],"inLanguage":"de"},{"@type":"Organization","@id":"https:\/\/blogs.nmz.de\/badblog\/#organization","name":"Bad Blog Of Musick","alternateName":"Ein Klassik-Blog zur Musik","url":"https:\/\/blogs.nmz.de\/badblog\/","logo":{"@type":"ImageObject","inLanguage":"de","@id":"https:\/\/blogs.nmz.de\/badblog\/#\/schema\/logo\/image\/","url":"https:\/\/i0.wp.com\/blogs.nmz.de\/badblog\/files\/2016\/10\/badblog-logo1.png?fit=512%2C512&ssl=1","contentUrl":"https:\/\/i0.wp.com\/blogs.nmz.de\/badblog\/files\/2016\/10\/badblog-logo1.png?fit=512%2C512&ssl=1","width":512,"height":512,"caption":"Bad Blog Of Musick"},"image":{"@id":"https:\/\/blogs.nmz.de\/badblog\/#\/schema\/logo\/image\/"},"sameAs":["https:\/\/www.facebook.com\/musikzeitung","https:\/\/x.com\/musikzeitung"]},{"@type":"Person","@id":"https:\/\/blogs.nmz.de\/badblog\/#\/schema\/person\/006319494c6abac7102be470a5b5c092","name":"Arno L\u00fccker","description":"Arno L\u00fccker wuchs in der N\u00e4he von Hannover auf, studierte Musikwissenschaft und Philosophie in Hannover, Freiburg - und Berlin. Er arbeitet als Autor (2020 erschien sein Buch \u00bbop. 111 \u2013 Beethovens letzte Klaviersonate Takt f\u00fcr Takt\u00ab, 2023 sein Buch \u00bb250 Komponistinnen\u00ab), Moderator, Dramaturg, Pianist, Komponist und Musik-Satiriker. Seit 2025 ist er Dramaturg an der Staatsoper Hannover. Seit 2004 erscheinen regelm\u00e4\u00dfig Beitr\u00e4ge von ihm in der TITANIC. Arno L\u00fccker ist Bad-Blog-Autor der ersten Stunde, Fan von Hannover 96 und den Toronto Blue Jays.","sameAs":["http:\/\/www.arnoluecker.de\/"],"url":"https:\/\/blogs.nmz.de\/badblog\/author\/arno\/"}]}},"wp-worthy-pixel":{"ignored":false,"public":null,"server":null,"url":null},"wp-worthy-type":"normal","jetpack_featured_media_url":"","jetpack-related-posts":[],"jetpack_sharing_enabled":true,"_links":{"self":[{"href":"https:\/\/blogs.nmz.de\/badblog\/wp-json\/wp\/v2\/posts\/6574","targetHints":{"allow":["GET"]}}],"collection":[{"href":"https:\/\/blogs.nmz.de\/badblog\/wp-json\/wp\/v2\/posts"}],"about":[{"href":"https:\/\/blogs.nmz.de\/badblog\/wp-json\/wp\/v2\/types\/post"}],"author":[{"embeddable":true,"href":"https:\/\/blogs.nmz.de\/badblog\/wp-json\/wp\/v2\/users\/4"}],"replies":[{"embeddable":true,"href":"https:\/\/blogs.nmz.de\/badblog\/wp-json\/wp\/v2\/comments?post=6574"}],"version-history":[{"count":62,"href":"https:\/\/blogs.nmz.de\/badblog\/wp-json\/wp\/v2\/posts\/6574\/revisions"}],"predecessor-version":[{"id":6644,"href":"https:\/\/blogs.nmz.de\/badblog\/wp-json\/wp\/v2\/posts\/6574\/revisions\/6644"}],"wp:attachment":[{"href":"https:\/\/blogs.nmz.de\/badblog\/wp-json\/wp\/v2\/media?parent=6574"}],"wp:term":[{"taxonomy":"category","embeddable":true,"href":"https:\/\/blogs.nmz.de\/badblog\/wp-json\/wp\/v2\/categories?post=6574"},{"taxonomy":"post_tag","embeddable":true,"href":"https:\/\/blogs.nmz.de\/badblog\/wp-json\/wp\/v2\/tags?post=6574"}],"curies":[{"name":"wp","href":"https:\/\/api.w.org\/{rel}","templated":true}]}}