{"id":29806,"date":"2025-03-26T14:18:14","date_gmt":"2025-03-26T13:18:14","guid":{"rendered":"https:\/\/blogs.nmz.de\/badblog\/?p=29806"},"modified":"2025-03-26T15:40:59","modified_gmt":"2025-03-26T14:40:59","slug":"die-jetzige-reform-der-gema-geht-so-weder-fuer-u-noch-e-stand-kritik-ideen","status":"publish","type":"post","link":"https:\/\/blogs.nmz.de\/badblog\/2025\/03\/26\/die-jetzige-reform-der-gema-geht-so-weder-fuer-u-noch-e-stand-kritik-ideen\/","title":{"rendered":"Die jetzige Reform der GEMA geht so weder f&#252;r U noch E! Stand, Kritik, Zur&#252;ck auf Null, L&#246;sungsansatz"},"content":{"rendered":"<p><span style=\"font-family: Arial, sans-serif\"><span style=\"font-size: medium\">Wisst Ihr, was mich am meisten am\u00a0GEMA-Reformvorhaben\u00a0beunruhigt? Dass Vieles f&#252;r\u00a0die Sparte\u00a0E\u00a0Musik\u00a0wie aber auch\u00a0die Sparte\u00a0U-Musik\u00a0gar nicht einsch&#228;tzbar ist, was an Verlusten eintreten wird. Dass diese eintreten\u00a0werden,\u00a0das ist\u00a0keine Frage und w&#252;rde jede Reform mit sich bringen. F&#252;rwahr\u00a0kann man das\u00a0bisherige System der kollektiven, solidarischen\u00a0Verteilung und F&#246;rderung verbessern und\u00a0erneuern. Aber wenn man den Eindruck hat, dass\u00a0zuk&#252;nftig\u00a0in der Verteilung klassischer und zeitgen&#246;ssischer Musik das Geld nur noch Richtung Tote flie&#223;en wird, ist man wirklich beunruhigt.\u00a0Das wird passieren, wenn nicht mehr das Werk f&#252;r jede Auff&#252;hrung, egal an welchem Ort es gespielt wird, die bisher in E &#252;bliche gleiche Tantieme erh&#228;lt und ein Ausgleich in einem inkassoorientierten System aufbleibt.<\/span><\/span><\/p>\n<p><span style=\"font-family: Arial, sans-serif\"><span style=\"font-size: medium\">Wenn ich mich richtig erinnere, gab es fr&#252;her, so vor zehn bis f&#252;nfzehn Jahren, schon einmal Gedanken zur Inkasso-Orientierung. Aber es gab sogar Ideen, bei sehr hohen Inkassi\u00a0einen mittleren zweistelligen Prozentsatz\u00a0abzuziehen und das nach unten\u00a0als Zuschlag auf geringere Inkassi\u00a0zu verteilen. Selbst wenn man weniger\u00a0Prozente\u00a0ansetzen w&#252;rde, w&#252;rden hohe Inkassi selbst mit dem\u00a0o.g. Prozentsatz\u00a0immer noch\u00a0mehrinkassieren als heute. Hohe Inkassi meint hier: Gro&#223;es Orchester, teure Hochpreisfestivals, etc.\u00a0Aber:\u00a0Gibt&#8217;s nicht, ist nicht angedacht.\u00a0Es liegen zudem noch gar keine Berechnungen vor, was das an Verlusten f&#252;r Otto und Maria Normalkomponist:in in der Sparte E bedeuten wird. Wenn das bisherige System f&#228;llt und ein neues ohne Ausgleich kommt, kann man je nach Streuung des Repertoires nach Besetzungsarten mit mutmasslich 70%-90% Verlusten in der Verteilung rechnen.<\/span><\/span><\/p>\n<p><span style=\"font-family: Arial, sans-serif\"><span style=\"font-size: medium\">Man fragt sich: Warum muss ausgerechnet die Verteilung denn komplett inkassoorientiert, ohne Zuschlag sein? Man bekommt darauf keine Antwort. Doch, eine kleine schon. Jetzt gibt es Aufschl&#252;sselungen dazu. In einem Konzert werden nach dem neuen KUK-Tarif, der E ersetzen soll, Kunstmusik Konzert, daher KUK, gesch&#252;tzte Werke nur noch nach dem Anteil des Abendkassen-Inkassos, der an die GEMA geht, abgerechnet. Gibt es nur ein gesch&#252;tztes Werk, geht das ganze Geld, nach Abzug des Kostensatzes und des f&#252;r soziale-kulturelle Zwecke, an die Rechteinhaber. Bisher ging davon ein Teil in den gro&#223;en kollektiven Topf. Davon wurde ein Teil umverteilt, damit jedes Werk an jedem Ort dieselbe Tantieme erh&#228;lt. Nun gilt das US-Prinzip, das eigentlich derzeit als Ausbund des Trumpismus in Europa gilt: the winner takes all. Selbst wenn das gesch&#252;tzte Werk nur eine Bearbeitung ist, d&#252;rfte roh auf die neuen Regeln geblickt, dann der Rechteinhaber der Bearbeitung alles mitnehmen, falls das bearbeitete Werk selbst nicht mehr gesch&#252;tzt ist, wenn das nicht noch anders geregelt wird.<\/span><\/span><\/p>\n<p><span style=\"font-family: Arial, sans-serif\"><span style=\"font-size: medium\">Gibt es mehr gesch&#252;tzte Werke an dem Abend, bekommt das am meisten Tantieme, das am l&#228;ngsten dauert. Ist z.B. ein kurzes, neues Werk f&#252;r Orchester einer jungen komponierenden Person im Programm von f&#252;nf Minuten Dauer, spielt der Solist des Instrumentalkonzertes dann eine als Werk gesch&#252;tzte Zugabe von sieben Minuten f&#252;r Violine solo, erh&#228;lt das Solowerk mehr als das Orchesterwerk. Erst in der F&#246;rderung, soll nun die Besetzung, dann nochmals der Kulturkontext, also Spielort, Veranstalter, Auff&#252;hrende, bepunktet werden. Gl&#252;cklich, wer jung ist: hier sollen bis wohl 30 oder 35 Jahre die Punkte doppelt gewichtet werden. Wenn man genau hinsieht, ist das aber mit dem Besetzungsanteil und dem Punktsystem f&#252;r die Bedeutung des Auff&#252;hrungskontextes keine F&#246;rderung mehr, wie die derzeitige Wertung. Nein, das ist ein Zuschlag, ein NPA-Zuschlag nach GEMA-Sprech. Mehr nicht. Und eigentlich hiermit nur ein zweiter Teil zur Berechnung des vollst&#228;ndigen Inkassos.\u00a0Nach Darstellung der GEMA soll dieses Zuschlagssystem aufkommensunabh&#228;ngig sein. Mit dem konkreten Bezug auf Besetzung, Spielort, etc. ist es dies nat&#252;rlich schon.<\/span><\/span><\/p>\n<p><span style=\"font-family: Arial, sans-serif\"><span style=\"font-size: medium\">Fragw&#252;rdig ist dann die Sache mit der Beteiligung an der Wertung U, die nun zu einer allgemeinen Wertung f&#252;r Alle werden soll. Die Beteiligung f&#252;r KUK, Ex-E, okay. Doch damit wird dann Ex-E noch direkter am U-System beteiligt als es bisher durch die Zuweisung der Mittel f&#252;r die Wertung E aus dem 10%-Abzug f&#252;r soziale-kulturelle Zwecke erfolgte, den vor allem U aufgrund seiner Gr&#246;&#223;e leistet, aber eben auch alle in E ihn abf&#252;hren m&#252;ssen.<\/span><\/span><\/p>\n<p><span style=\"font-family: Arial, sans-serif\"><span style=\"font-size: medium\">Zudem ist mit dem KUK-Tarif vollkommen offen, was mit all den U-Werken passiert, die durch den Werkausschuss nach E eingeordnet wurden oder in den Zwischenbereich zwischen U und E, der aber am Mindestpunktsystem von E teilhaben l&#228;&#223;t? Das betrifft vor allem den Jazz, der sich bisher ziemlich bedeckt h&#228;lt. Das betrifft die elektroakustische Musik genauso.<\/span><\/span><\/p>\n<p><span style=\"font-family: Arial, sans-serif\"><span style=\"font-size: medium\">Sehr wohl kann man nat&#252;rlich den Streit um die Einwertung eines Werkes beenden, wenn man sagt, was unter dem E Tarif gespielt wird, ist E, was nicht, eben U. Das Problem ist allerdings, dass man als Veranstalter, wie es mir als Komponist wie als solcher passierte, zwar sogar den Tarif E angibt, die GEMA das aber als U abrechnet. Kommt jetzt ein neuer Tarif KuK,\u00a0wer garantiert mir, dass GEMA-seitig nicht diese Abrechnungsfehler passieren? Dass andere Veranstalter ihrerseits bei der Eingabe an einer Stelle falsch abbiegen und statt den E Tarif den U Tarif bef&#252;ttern oder statt dem neuen Tarif dann doch bei U landen? Jetzt kann man hier protestieren und zur Not das Werk dem Werkausschuss vorlegen. In Zukunft soll der dann noch existieren, aber bisherige Werke aus E, die dann in U genutzt werden, richtig bepunkten. Dazu muss man wissen: in E sind die Punkte starr an Besetzung und Dauer gebunden. Ist man sich uneins, ob ein Werk E oder U angeh&#246;rt, gibt es immerhin Mindestpunkte. Gibt es dann E nicht mehr, kann man in U heute schon maximale Punkte vergeben. Doch geht es dann noch nach Besetzung und Dauer oder dann erst Recht nach &#228;sthetischen Kriterien, ob man die maximal m&#246;glichen Punkte erh&#228;lt? W&#252;rde man nur die Sicht auf die Nutzung im \u201erichtigen\u201c Tarif beschr&#228;nken und dazu Widerspruchswege minimieren, w&#252;rde man sich den zuk&#252;nftigen Streit, wie ein ehemaliges Werk aus E dann U zu sehen ist, ersparen.<\/span><\/span><\/p>\n<p><span style=\"font-family: Arial, sans-serif\"><span style=\"font-size: medium\">Man k&#246;nnte das auch l&#246;sen, indem man das leicht KI-basiert bereits bei der Werkanmeldung durch ein Online-Tool mit den Meta-Daten vornimmt und mit einer automatisierten Plausibilit&#228;tspr&#252;fung checkt und somit der Werkausschuss nur in automatischen Zweifelsf&#228;llen t&#228;tig werden muss, wenn es der Musikdienst nicht bereits erledigen kann.<\/span><\/span><\/p>\n<p><span style=\"font-family: Arial, sans-serif\"><span style=\"font-size: medium\">Doch was uns nun inkassoorientiert, ausgleichsbefreit bl&#252;ht: die bisherige Wertung E, die wie der Tarif E die Realit&#228;t ausglich, dass ein Werk aus E in der Regel maximal ein- bis dreimal aufgef&#252;hrt wird, dass seine Produktion auch heute immer noch Zeit und Aufwand erfordert, dem eine Abrechnung in U nicht gerecht w&#252;rde. Man tut jetzt so, als w&#252;rden E-Komponierende durch Verteilung und Wertung unglaublich \u201ereich\u201c.\u00a0Doch h&#246;rt man genau in die Kollegenschaft hinein, ist das eben nicht der Fall. Das System schafft Zuverl&#228;ssigkeit und bildet passgenau die Arbeitsrealit&#228;t von E-Komponierenden der zeitgen&#246;ssischen Musik ab.<\/span><\/span><\/p>\n<p><span style=\"font-family: Arial, sans-serif\"><span style=\"font-size: medium\">Die\u00a0neue KuK-F&#246;rderung wird zudem am Ende so eng\u00a0ausfallen, dass sie eben keine F&#246;rderung ist, auch wenn sie so hei&#223;t, sondern sie ist dann wohl das Ausgleichssystem f&#252;r die dann wegfallende heutige Verteilungssystematik. Nachdem in der KuK-Verteilung nur noch Dauern, aber keine Besetzung mehr ber&#252;cksichtigt werden, nach dem Motto, Solowerke finden im niedrigen Inkasso statt, gro&#223;e Besetzungen im hohen Inkasso, kann die Besetzung nur noch dort Eingang finden. Der Nachwuchs wird hier F&#246;rderpunkte bekommen. Doch nach z.B. f&#252;nf Nutzungen eines Werkes wird es gar keine weiteren F&#246;rderpunkte geben.\u00a0Jetzt werden zudem das Aufkommen der letzten drei Jahre, die Mitgliedschaft und das Schaffen nach objektiven Kriterien an sich ber&#252;cksichtigt. Das wird entfallen. Man beginnt immer wieder bei Null, hat bis 35 Jahre vielleicht einen kleinen Flow. Doch nachdem man im Durchschnitt erst mit 50 Jahren heute sogar erst ordentliches Mitglied wird, wird das in Zukunft noch mehr Jahre im Schnitt dauern.\u00a0<\/span><\/span><\/p>\n<p><span style=\"font-family: Arial, sans-serif\"><span style=\"font-size: medium\">Zudem soll der &#252;berhaupt f&#252;r die KuK-F&#246;rderung m&#246;gliche Gesamtbetrag so niedrig ausfallen, so dass er mit heutigen Betr&#228;gen oder Zahlen vor 2020 oder gar 2010 &#252;berhaupt nicht mehr in seiner \u201eneuen\u201c Niedrigkeit vergleichbar sein wird. Er wird im Gewande der F&#246;rderung nur noch ein Ausgleich f&#252;r die Verteilung sein.<\/span><\/span><\/p>\n<p><span style=\"font-family: Arial, sans-serif\"><span style=\"font-size: medium\">Nat&#252;rlich ist die F&#246;rderung eine bisher zuverl&#228;ssiges Gabe aller Sparten an die E-Musik, wobei das auch soziale Zwecke f&#246;rdert, an denen v.a. U-Komponierende wie in der Sozialkasse partizipieren und U-Komponierende auch eine Wertung U als Zuschlag erhalten. Diese Wertung soll in Zukunft zu einer \u201eallgemeinen Wertung\u201c umgebaut werden. An dieser sollen dann auch ehemalige E-, dann in Teilen wohl KuK-Komponierende beteiligt werden. Das Problem ist aber der Zugang: kommt man in die E-Wertung mit niedrigen Betr&#228;gen in der Verteilung rein, muss man f&#252;r diese Wertung einen unteren vierstelligen Betrag von etwas mehr als tausend Euro in der Verteilung erreichen. Mit der neuen inkassoorientierten Verteilung werden das aber viel weniger aus dann Ex-E in Zukunft wie heute eben in E noch schaffen.<\/span><\/span><\/p>\n<p><span style=\"font-family: Arial, sans-serif\"><span style=\"font-size: medium\">Interessant war auch: es sollten Stipendien kommen, doch f&#252;r E-Komponierende ist klar, eine solidarische Verteilung und Wertung ist besser. Nun kommen Stipendien, aber quasi wie zur Bestrafung nur f&#252;r andere Sparten.<\/span><\/span><\/p>\n<p><span style=\"font-family: Arial, sans-serif\"><span style=\"font-size: medium\">Doch das bringt eben auch f&#252;r U-Komponierende ganz viel Ungewissheiten: E-Komponierende nehmen an U-Verteilung teil. E-Komponierende nehmen an U-Wertung teil. U-Komponierende kommen nicht zwangsl&#228;ufig in den KuK-Tarif mit Zwischenwerken. Kommt dann eine K-F&#246;rderung auch in U, werden Veranstalter &#252;berhaupt bereit sein, h&#246;here F&#246;rder-Tarife zu entrichten, damit ihre Komponierenden dann GEMA-F&#246;rderung erhalten? Was ist mit dem Jazz, der Elektronischen Musik? Bisher kam man auf Antrag in die Sparte E. Entrichtet der Veranstalter nach wie vor aber nur U-Tarife, fliegt man aus der F&#246;rderung vollends heraus.<\/span><\/span><\/p>\n<p><span style=\"font-family: Arial, sans-serif\"><span style=\"font-size: medium\">Der gr&#246;&#223;ere Bereich an F&#246;rderung ist zudem die derzeitige Wertung U mit mehr als dem doppelten der Wertung E an Mitteln. Diese soll letztlich der Zuschlag bleiben, der es bisher ist. Aber auch hier schleppt man Alterspunkte wie Dauer Mitgliedschaft und Gesamtschaffenspunkte mit, die man der Wertung E so vorwirft. Wie gesagt, die H&#252;rden zur Wertung U sind zudem h&#246;her als die zur Wertung E im Spartenaufkommen. Daher stellt sich schon die Frage, warum man das nicht f&#252;r das schw&#228;chere U-Repertoire ge&#246;ffnet hat? Warum nimmt man hier nicht einen gewissen Teil der Mittel f&#252;r spartengenaue F&#246;rderung z.B. durch eine gewisse Umverteilung von oben nach unten? Wer 1 Mio. \u20ac Inkasso hat, ben&#246;tigt nicht noch 10% Zuschlag mit 100.000 \u20ac. Dagegen wer nur 1000 \u20ac Inkasso hat, dem k&#246;nnte in der Werung U dann ein Zuschlag von 500 \u20ac, also 50% statt 10% wirklich helfen.<\/span><\/span><\/p>\n<p><span style=\"font-family: Arial, sans-serif\"><span style=\"font-size: medium\">Ich h&#228;tte &#252;berhaupt kein Problem, wenn man\u00a0in Verteilung und Wertung mit einer Reform\u00a0auf Zahlen wie vor 2020 k&#228;me.\u00a0Reformen k&#246;nnen Verluste mit sich bringen.\u00a0Doch was hier kommen soll, jetzt noch ohne Berechnungen der Verluste, aber mit der Ahnung um die H&#246;he dieser: Man kann das leider nur ablehnen. Und verschieben und von Null anfangen.<\/span><\/span><\/p>\n<p><span style=\"font-family: Arial, sans-serif\"><span style=\"font-size: medium\">Aber wie?<\/span><\/span><\/p>\n<p><span style=\"font-family: Arial, sans-serif\"><span style=\"font-size: medium\">Hier ein paar Gedanken dazu. Zentral ist hierf&#252;r am Ende nicht E und U, sondern die Aufw&#228;ndigkeit von Werk an eigener Komplexit&#228;t sowie die Aufw&#228;ndigkeit der Interpretation und Produktion, wobei das dann auch h&#246;her gewichtet, wenn ein Werk aufgrund seiner Produktion nicht beliebig oft reproduziert werden kann, sondern immer wieder eine Neu-Produktion durch Interpretation ben&#246;tigt, das ggf. bei hohen Aufwand es Werkes selbst in seiner Komplexit&#228;t nur ganz selten erfolgt.<\/span><\/span><\/p>\n<p><span style=\"font-family: Arial, sans-serif\"><span style=\"font-size: medium\">Nur nach dem Tarif und dem Spielort f&#252;r eine F&#246;rderung zu gehen, ist zu wenig. Am gleichen Ort wie einer Philharmonie oder einem Club k&#246;nnen einmal dezidiert U-Musik-K&#252;nstler auftreten, ein anderes Mal ein Quartett oder die Philharmoniker der Stadt im Konzertsaal wie im Club. Nur nach Ort und Tarif zu entscheiden mag Verfahren vereinfachen, ist aber nicht immer sachgerecht, weil die Werke selbst unterschiedlich aufw&#228;ndig sind, unabh&#228;ngig vom Ort oder Ensemble.<\/span><\/span><\/p>\n<p><span style=\"font-family: Arial, sans-serif\"><span style=\"font-size: medium\">Verschiebt man die Kriterien wie die Besetzung in die F&#246;rderung, hat man die Frage, wer entscheidet, was f&#246;rderw&#252;rdig ist, wie stellt man sicher, dass die Mittel gerecht verteilt werden und wer definiert, was \u201ekulturell wertvoll\u201c ist?<\/span><\/span><\/p>\n<p><span style=\"font-family: Arial, sans-serif\"><span style=\"font-size: medium\">Daher sollte das Tarifsystem bleiben, wie man es seitens der Nutzenden kennt. Die F&#246;rderung selbst erfolgt dann nach Fragen h&#246;herer Komplexit&#228;t. Daf&#252;r spielen Instrumentierung, Dauer, Arrangement-Aufwand die entscheidende Rolle. Ein Werk f&#252;r Violine solo bekommt weniger Punkte als ein Orchesterwerk \u2013 egal, ob Jazz, Neue Musik, Soundart, etc. Der Ort kann nur ein Faktor sein, aber nicht das Hauptkriterium. Eine Auff&#252;hrung in einer Philharmonie wird nicht automatisch besser bezahlt als eine in einem Club, sondern das Werk selbst z&#228;hlt. Merke, GEMA: Der Tarif allein reicht nicht aus &#8211; man muss wie bisher, das Werk selbst bewerten, evtl. gepaart mit Online-Tools zu einer Erleichterung der Einwertung, mit Plausibilit&#228;tskontrollmechanismen, das geht sogar ohne KI! Die faire L&#246;sung w&#228;re eine Mischung aus, Tarif, Nutzung und Werkanalyse, kombiniert mit einer transparenten F&#246;rderung f&#252;r besonders aufw&#228;ndige Werke.<\/span><\/span><\/p>\n<p><span style=\"font-family: Arial, sans-serif\"><span style=\"font-size: medium\">Um die Aufw&#228;ndigkeit des Werkes und seiner Interpretation und Produktion zu messen, k&#246;nnte man so vorgehen:<\/span><\/span><\/p>\n<p><span style=\"font-family: Arial, sans-serif\"><span style=\"font-size: medium\">Ganz oben steht die Frage der Besetzung. Denn eine Orchester- oder Ensemblekomposition ist in der Regel aufw&#228;ndiger als ein Song f&#252;r Gitarre und Gesang. Und Elektronische Musik kann hochkomplexe Sounddesign-Prozesse beinhalten. Daher w&#228;ren hier die Anzahl der Instrumente bzw. Stimmen in der Partitur, die Notenbild-Komplexit&#228;t und die Notwendigkeit einer speziellen Auff&#252;hrungspraxis (z. B. Live-Ensemble, Dirigent, Gr&#246;&#223;e des Ensembles, notwendige Vorbildung der Ausf&#252;hrenden, Live-Elektronik) miteinzubeziehen.<\/span><\/span><\/p>\n<p><span style=\"font-family: Arial, sans-serif\"><span style=\"font-size: medium\">Auch auf die Dauer und Auff&#252;hrungsform ist zu achten. Komplexere und\/oder l&#228;ngere Werke erfordern oft mehr Probenzeit, mehr Materialkosten und h&#246;here Produktionsaufwendungen. Hier w&#228;ren die Kriterien Werkdauer, Anzahl der S&#228;tze oder Abschnitte und die Auff&#252;hrungsart, wie auch bisher: Solowerk findet weniger Punkte als Kammermusik, diese weniger als Ensemble und Orchester.<\/span><\/span><\/p>\n<p><span style=\"font-family: Arial, sans-serif\"><span style=\"font-size: medium\">Hinzu tr&#228;te das Kriterium der Notwendigkeit von Spezialisten und hoher Produktionsaufwand f&#252;r die Auff&#252;hrung. Denn manche Werke erfordern (hoch)spezialisierte Musiker, Einstudierende, gut ausgebildete Amateure, Techniker oder Dirigenten, was h&#246;here Kosten verursacht. Messen kann man das z.B. durch die Verwendung experimenteller oder ungew&#246;hnlicher Instrumente, die Notwendigkeit eines Dirigenten, von einer professionellen, semi-professionellen Bildung oder Leistungsgrad von Amateuren, der Einsatz von Sounddesign, Live-Elektronik oder interaktiver Technologie.<\/span><\/span><\/p>\n<p><span style=\"font-family: Arial, sans-serif\"><span style=\"font-size: medium\">Und die gro&#223;e Wegscheide am Ende dieser Schiene: Die Unverwertbarkeit im kommerziellen Kontext. Manche Werke sind kulturell wertvoll, aber haben keinen gro&#223;en kommerziellen Markt und k&#246;nnten ohne F&#246;rderung nicht entstehen. Das trifft z.B. auf das weite Feld der Klassik und Neuen, zeitgen&#246;ssischen Musik zu. Deren F&#246;rderung geht von der Musikschule bis zum Opernhaus und zur Musikhochschule. Das sind aber auch genau die Bereiche, die das Personal und die Ideen f&#252;r den kommerziellen Bereich, der ohne F&#246;rderung auskommt, mitausbilden, den Humus daf&#252;r bilden. Nat&#252;rlich wird nun auch z.B. Filmmusik gef&#246;rdert, die ohne F&#246;rderung &#252;berhaupt gar keinen kommerziellen Erfolg erzielen w&#252;rde. Genauso wird Popmusik analog zu ihrer Besetzung meist aus Band oder Jazz-Ensemble inzwischen kommunal, staatlich und durch den Bund sehr gut gef&#246;rdert, im Kontrast zur Klassik\/Neuen Musik werden sogar dezidiert Aufnahme-Produktionen gef&#246;rdert, derweil F&#246;rderer der Klassik\/Neuen Musik das oft ausdr&#252;cklich untersagen.<\/span><\/span><\/p>\n<p><span style=\"font-family: Arial, sans-serif\"><span style=\"font-size: medium\">Unabh&#228;ngig von der Sparte w&#228;ren hier folgende Kriterien denkbar: Keine oder nur sehr geringe kommerzielle Verwertungschancen (z. B. Nischenwerke), Urauff&#252;hrung im Rahmen eines innovativen oder experimentellen Festivals, Unabh&#228;ngigkeit von Major-Labels und gro&#223;en Produktionsfirmen. Eine zeitgen&#246;ssische Kammeroper mit sog. atonaler Musik oder eine interaktive Klanginstallation im &#246;ffentlichen Raum k&#246;nnte mehr F&#246;rderung bekommen als ein radiotauglicher Popsong.<\/span><\/span><\/p>\n<p><span style=\"font-family: Arial, sans-serif\"><span style=\"font-size: medium\">Wenn man also den &#8222;kulturellen Mehrwert&#8220; f&#246;rdern will, was die bisherigen GEMA-Pl&#228;ne nicht tun, sondern eher die F&#246;rderung beseitigen, sie in den Tarif und das Inkasso de facto integrieren anstatt richtig erbl&#252;hen zu lassen, sollte man so vorgehen: klare und objektive Ma&#223;st&#228;be entscheiden allein. Und das k&#246;nnten sein Instrumentierung und Komplexit&#228;t, L&#228;nge und Auff&#252;hrungsform, Notwendigkeit von Spezialisten und technischer Aufwand und v.a. geringe kommerzielle Verwertbarkeit.<\/span><\/span><\/p>\n<div class=\"shariff shariff-align-left shariff-widget-align-left\" style=\"display:none\"><div class=\"ShariffHeadline\"> <\/div><ul class=\"shariff-buttons theme-default orientation-horizontal buttonsize-small\"><li class=\"shariff-button mastodon shariff-nocustomcolor\" style=\"background-color:#563ACC\"><a href=\"https:\/\/s2f.kytta.dev\/?text=Die%20jetzige%20Reform%20der%20GEMA%20geht%20so%20weder%20f%C3%BCr%20U%20noch%20E%21%20Stand%2C%20Kritik%2C%20Zur%C3%BCck%20auf%20Null%2C%20L%C3%B6sungsansatz https%3A%2F%2Fblogs.nmz.de%2Fbadblog%2F2025%2F03%2F26%2Fdie-jetzige-reform-der-gema-geht-so-weder-fuer-u-noch-e-stand-kritik-ideen%2F\" title=\"Bei Mastodon teilen\" aria-label=\"Bei Mastodon teilen\" role=\"button\" rel=\"noopener nofollow\" class=\"shariff-link\" style=\"; background-color:#6364FF; color:#fff\" target=\"_blank\"><span class=\"shariff-icon\" style=\"\"><svg width=\"75\" height=\"79\" viewBox=\"0 0 75 79\" fill=\"none\" xmlns=\"http:\/\/www.w3.org\/2000\/svg\"><path d=\"M37.813-.025C32.462-.058 27.114.13 21.79.598c-8.544.621-17.214 5.58-20.203 13.931C-1.12 23.318.408 32.622.465 41.65c.375 7.316.943 14.78 3.392 21.73 4.365 9.465 14.781 14.537 24.782 15.385 7.64.698 15.761-.213 22.517-4.026a54.1 54.1 0 0 0 .01-6.232c-6.855 1.316-14.101 2.609-21.049 1.074-3.883-.88-6.876-4.237-7.25-8.215-1.53-3.988 3.78-.43 5.584-.883 9.048 1.224 18.282.776 27.303-.462 7.044-.837 14.26-4.788 16.65-11.833 2.263-6.135 1.215-12.79 1.698-19.177.06-3.84.09-7.692-.262-11.52C72.596 7.844 63.223.981 53.834.684a219.453 219.453 0 0 0-16.022-.71zm11.294 12.882c5.5-.067 10.801 4.143 11.67 9.653.338 1.48.471 3 .471 4.515v21.088h-8.357c-.07-7.588.153-15.182-.131-22.765-.587-4.368-7.04-5.747-9.672-2.397-2.422 3.04-1.47 7.155-1.67 10.735v6.392h-8.307c-.146-4.996.359-10.045-.404-15.002-1.108-4.218-7.809-5.565-10.094-1.666-1.685 3.046-.712 6.634-.976 9.936v14.767h-8.354c.109-8.165-.238-16.344.215-24.5.674-5.346 5.095-10.389 10.676-10.627 4.902-.739 10.103 2.038 12.053 6.631.375 1.435 1.76 1.932 1.994.084 1.844-3.704 5.501-6.739 9.785-6.771.367-.044.735-.068 1.101-.073z\"\/><defs><linearGradient id=\"paint0_linear_549_34\" x1=\"37.0692\" y1=\"0\" x2=\"37.0692\" y2=\"79\" gradientUnits=\"userSpaceOnUse\"><stop stop-color=\"#6364FF\"\/><stop offset=\"1\" stop-color=\"#563ACC\"\/><\/linearGradient><\/defs><\/svg><\/span><span class=\"shariff-text\">teilen<\/span>&nbsp;<\/a><\/li><li class=\"shariff-button bluesky shariff-nocustomcolor\" style=\"background-color:#84c4ff\"><a href=\"https:\/\/bsky.app\/intent\/compose?text=Die%20jetzige%20Reform%20der%20GEMA%20geht%20so%20weder%20f%C3%BCr%20U%20noch%20E%21%20Stand%2C%20Kritik%2C%20Zur%C3%BCck%20auf%20Null%2C%20L%C3%B6sungsansatz https%3A%2F%2Fblogs.nmz.de%2Fbadblog%2F2025%2F03%2F26%2Fdie-jetzige-reform-der-gema-geht-so-weder-fuer-u-noch-e-stand-kritik-ideen%2F \" title=\"Bei Bluesky teilen\" aria-label=\"Bei Bluesky teilen\" role=\"button\" rel=\"noopener nofollow\" class=\"shariff-link\" style=\"; background-color:#0085ff; color:#fff\" target=\"_blank\"><span class=\"shariff-icon\" style=\"\"><svg width=\"20\" height=\"20\" version=\"1.1\" xmlns=\"http:\/\/www.w3.org\/2000\/svg\" viewBox=\"0 0 20 20\"><path class=\"st0\" d=\"M4.89,3.12c2.07,1.55,4.3,4.71,5.11,6.4.82-1.69,3.04-4.84,5.11-6.4,1.49-1.12,3.91-1.99,3.91.77,0,.55-.32,4.63-.5,5.3-.64,2.3-2.99,2.89-5.08,2.54,3.65.62,4.58,2.68,2.57,4.74-3.81,3.91-5.48-.98-5.9-2.23-.08-.23-.11-.34-.12-.25,0-.09-.04.02-.12.25-.43,1.25-2.09,6.14-5.9,2.23-2.01-2.06-1.08-4.12,2.57-4.74-2.09.36-4.44-.23-5.08-2.54-.19-.66-.5-4.74-.5-5.3,0-2.76,2.42-1.89,3.91-.77h0Z\"\/><\/svg><\/span><span class=\"shariff-text\">teilen<\/span>&nbsp;<\/a><\/li><li class=\"shariff-button facebook shariff-nocustomcolor\" style=\"background-color:#4273c8\"><a href=\"https:\/\/www.facebook.com\/sharer\/sharer.php?u=https%3A%2F%2Fblogs.nmz.de%2Fbadblog%2F2025%2F03%2F26%2Fdie-jetzige-reform-der-gema-geht-so-weder-fuer-u-noch-e-stand-kritik-ideen%2F\" title=\"Bei Facebook teilen\" aria-label=\"Bei Facebook teilen\" role=\"button\" rel=\"nofollow\" class=\"shariff-link\" style=\"; background-color:#3b5998; color:#fff\" target=\"_blank\"><span class=\"shariff-icon\" style=\"\"><svg width=\"32px\" height=\"20px\" xmlns=\"http:\/\/www.w3.org\/2000\/svg\" viewBox=\"0 0 18 32\"><path fill=\"#3b5998\" d=\"M17.1 0.2v4.7h-2.8q-1.5 0-2.1 0.6t-0.5 1.9v3.4h5.2l-0.7 5.3h-4.5v13.6h-5.5v-13.6h-4.5v-5.3h4.5v-3.9q0-3.3 1.9-5.2t5-1.8q2.6 0 4.1 0.2z\"\/><\/svg><\/span><span class=\"shariff-text\">teilen<\/span>&nbsp;<\/a><\/li><li class=\"shariff-button threema shariff-nocustomcolor shariff-mobile\" style=\"background-color:#4fbc24\"><a href=\"threema:\/\/compose?text=Die%20jetzige%20Reform%20der%20GEMA%20geht%20so%20weder%20f%C3%BCr%20U%20noch%20E%21%20Stand%2C%20Kritik%2C%20Zur%C3%BCck%20auf%20Null%2C%20L%C3%B6sungsansatz%20https%3A%2F%2Fblogs.nmz.de%2Fbadblog%2F2025%2F03%2F26%2Fdie-jetzige-reform-der-gema-geht-so-weder-fuer-u-noch-e-stand-kritik-ideen%2F\" title=\"Bei Threema teilen\" aria-label=\"Bei Threema teilen\" role=\"button\" rel=\"noopener nofollow\" class=\"shariff-link\" style=\"; background-color:#1f1f1f; color:#fff\" target=\"_blank\"><span class=\"shariff-icon\" style=\"\"><svg width=\"32px\" height=\"20px\" xmlns=\"http:\/\/www.w3.org\/2000\/svg\" viewBox=\"0 0 32 32\"><path fill=\"#1f1f1f\" d=\"M30.8 10.9c-0.3-1.4-0.9-2.6-1.8-3.8-2-2.6-5.5-4.5-9.4-5.2-1.3-0.2-1.9-0.3-3.5-0.3s-2.2 0-3.5 0.3c-4 0.7-7.4 2.6-9.4 5.2-0.9 1.2-1.5 2.4-1.8 3.8-0.1 0.5-0.2 1.2-0.2 1.6 0 0.4 0.1 1.1 0.2 1.6 0.4 1.9 1.3 3.4 2.9 5 0.8 0.8 0.8 0.8 0.7 1.3 0 0.6-0.5 1.6-1.7 3.6-0.3 0.5-0.5 0.9-0.5 0.9 0 0.1 0.1 0.1 0.5 0 0.8-0.2 2.3-0.6 5.6-1.6 1.1-0.3 1.3-0.4 2.3-0.4 0.8 0 1.1 0 2.3 0.2 1.5 0.2 3.5 0.2 4.9 0 5.1-0.6 9.3-2.9 11.4-6.3 0.5-0.9 0.9-1.8 1.1-2.8 0.1-0.5 0.2-1.1 0.2-1.6 0-0.7-0.1-1.1-0.2-1.6-0.3-1.4 0.1 0.5 0 0zM20.6 17.3c0 0.4-0.4 0.8-0.8 0.8h-7.7c-0.4 0-0.8-0.4-0.8-0.8v-4.6c0-0.4 0.4-0.8 0.8-0.8h0.2l0-1.6c0-0.9 0-1.8 0.1-2 0.1-0.6 0.6-1.2 1.1-1.7s1.1-0.7 1.9-0.8c1.8-0.3 3.7 0.7 4.2 2.2 0.1 0.3 0.1 0.7 0.1 2.1v0 1.7h0.1c0.4 0 0.8 0.4 0.8 0.8v4.6zM15.6 7.3c-0.5 0.1-0.8 0.3-1.2 0.6s-0.6 0.8-0.7 1.3c0 0.2 0 0.8 0 1.5l0 1.2h4.6v-1.3c0-1 0-1.4-0.1-1.6-0.3-1.1-1.5-1.9-2.6-1.7zM25.8 28.2c0 1.2-1 2.2-2.1 2.2s-2.1-1-2.1-2.1c0-1.2 1-2.1 2.2-2.1s2.2 1 2.2 2.2zM18.1 28.2c0 1.2-1 2.2-2.1 2.2s-2.1-1-2.1-2.1c0-1.2 1-2.1 2.2-2.1s2.2 1 2.2 2.2zM10.4 28.2c0 1.2-1 2.2-2.1 2.2s-2.1-1-2.1-2.1c0-1.2 1-2.1 2.2-2.1s2.2 1 2.2 2.2z\"\/><\/svg><\/span><span class=\"shariff-text\">teilen<\/span>&nbsp;<\/a><\/li><li class=\"shariff-button linkedin shariff-nocustomcolor\" style=\"background-color:#1488bf\"><a href=\"https:\/\/www.linkedin.com\/sharing\/share-offsite\/?url=https%3A%2F%2Fblogs.nmz.de%2Fbadblog%2F2025%2F03%2F26%2Fdie-jetzige-reform-der-gema-geht-so-weder-fuer-u-noch-e-stand-kritik-ideen%2F\" title=\"Bei LinkedIn teilen\" aria-label=\"Bei LinkedIn teilen\" role=\"button\" rel=\"noopener nofollow\" class=\"shariff-link\" style=\"; background-color:#0077b5; color:#fff\" target=\"_blank\"><span class=\"shariff-icon\" style=\"\"><svg width=\"32px\" height=\"20px\" xmlns=\"http:\/\/www.w3.org\/2000\/svg\" viewBox=\"0 0 27 32\"><path fill=\"#0077b5\" d=\"M6.2 11.2v17.7h-5.9v-17.7h5.9zM6.6 5.7q0 1.3-0.9 2.2t-2.4 0.9h0q-1.5 0-2.4-0.9t-0.9-2.2 0.9-2.2 2.4-0.9 2.4 0.9 0.9 2.2zM27.4 18.7v10.1h-5.9v-9.5q0-1.9-0.7-2.9t-2.3-1.1q-1.1 0-1.9 0.6t-1.2 1.5q-0.2 0.5-0.2 1.4v9.9h-5.9q0-7.1 0-11.6t0-5.3l0-0.9h5.9v2.6h0q0.4-0.6 0.7-1t1-0.9 1.6-0.8 2-0.3q3 0 4.9 2t1.9 6z\"\/><\/svg><\/span><span class=\"shariff-text\">teilen<\/span>&nbsp;<\/a><\/li><li class=\"shariff-button info shariff-nocustomcolor\" style=\"background-color:#eee\"><a href=\"http:\/\/ct.de\/-2467514\" title=\"Weitere Informationen\" aria-label=\"Weitere Informationen\" role=\"button\" rel=\"noopener \" class=\"shariff-link\" style=\"; background-color:#fff; color:#fff\" target=\"_blank\"><span class=\"shariff-icon\" style=\"\"><svg width=\"32px\" height=\"20px\" xmlns=\"http:\/\/www.w3.org\/2000\/svg\" viewBox=\"0 0 11 32\"><path fill=\"#999\" d=\"M11.4 24v2.3q0 0.5-0.3 0.8t-0.8 0.4h-9.1q-0.5 0-0.8-0.4t-0.4-0.8v-2.3q0-0.5 0.4-0.8t0.8-0.4h1.1v-6.8h-1.1q-0.5 0-0.8-0.4t-0.4-0.8v-2.3q0-0.5 0.4-0.8t0.8-0.4h6.8q0.5 0 0.8 0.4t0.4 0.8v10.3h1.1q0.5 0 0.8 0.4t0.3 0.8zM9.2 3.4v3.4q0 0.5-0.4 0.8t-0.8 0.4h-4.6q-0.4 0-0.8-0.4t-0.4-0.8v-3.4q0-0.4 0.4-0.8t0.8-0.4h4.6q0.5 0 0.8 0.4t0.4 0.8z\"\/><\/svg><\/span><\/a><\/li><\/ul><\/div>","protected":false},"excerpt":{"rendered":"<p>Wisst Ihr, was mich am meisten am\u00a0GEMA-Reformvorhaben\u00a0beunruhigt? Dass Vieles f&#252;r\u00a0die Sparte\u00a0E\u00a0Musik\u00a0wie aber auch\u00a0die Sparte\u00a0U-Musik\u00a0gar nicht einsch&#228;tzbar ist, was an Verlusten eintreten wird. Dass diese eintreten\u00a0werden,\u00a0das ist\u00a0keine Frage und w&#252;rde jede Reform mit sich bringen. F&#252;rwahr\u00a0kann man das\u00a0bisherige System der kollektiven, solidarischen\u00a0Verteilung und F&#246;rderung verbessern und\u00a0erneuern. Aber wenn man den Eindruck&#46;&#46;&#46;<\/p>\n<div class=\"shariff shariff-align-left shariff-widget-align-left\" style=\"display:none\"><div class=\"ShariffHeadline\"> <\/div><ul class=\"shariff-buttons theme-default orientation-horizontal buttonsize-small\"><li class=\"shariff-button mastodon shariff-nocustomcolor\" style=\"background-color:#563ACC\"><a href=\"https:\/\/s2f.kytta.dev\/?text=Die%20jetzige%20Reform%20der%20GEMA%20geht%20so%20weder%20f%C3%BCr%20U%20noch%20E%21%20Stand%2C%20Kritik%2C%20Zur%C3%BCck%20auf%20Null%2C%20L%C3%B6sungsansatz https%3A%2F%2Fblogs.nmz.de%2Fbadblog%2F2025%2F03%2F26%2Fdie-jetzige-reform-der-gema-geht-so-weder-fuer-u-noch-e-stand-kritik-ideen%2F\" title=\"Bei Mastodon teilen\" aria-label=\"Bei Mastodon teilen\" role=\"button\" rel=\"noopener nofollow\" class=\"shariff-link\" style=\"; background-color:#6364FF; color:#fff\" target=\"_blank\"><span class=\"shariff-icon\" style=\"\"><svg width=\"75\" height=\"79\" viewBox=\"0 0 75 79\" fill=\"none\" xmlns=\"http:\/\/www.w3.org\/2000\/svg\"><path d=\"M37.813-.025C32.462-.058 27.114.13 21.79.598c-8.544.621-17.214 5.58-20.203 13.931C-1.12 23.318.408 32.622.465 41.65c.375 7.316.943 14.78 3.392 21.73 4.365 9.465 14.781 14.537 24.782 15.385 7.64.698 15.761-.213 22.517-4.026a54.1 54.1 0 0 0 .01-6.232c-6.855 1.316-14.101 2.609-21.049 1.074-3.883-.88-6.876-4.237-7.25-8.215-1.53-3.988 3.78-.43 5.584-.883 9.048 1.224 18.282.776 27.303-.462 7.044-.837 14.26-4.788 16.65-11.833 2.263-6.135 1.215-12.79 1.698-19.177.06-3.84.09-7.692-.262-11.52C72.596 7.844 63.223.981 53.834.684a219.453 219.453 0 0 0-16.022-.71zm11.294 12.882c5.5-.067 10.801 4.143 11.67 9.653.338 1.48.471 3 .471 4.515v21.088h-8.357c-.07-7.588.153-15.182-.131-22.765-.587-4.368-7.04-5.747-9.672-2.397-2.422 3.04-1.47 7.155-1.67 10.735v6.392h-8.307c-.146-4.996.359-10.045-.404-15.002-1.108-4.218-7.809-5.565-10.094-1.666-1.685 3.046-.712 6.634-.976 9.936v14.767h-8.354c.109-8.165-.238-16.344.215-24.5.674-5.346 5.095-10.389 10.676-10.627 4.902-.739 10.103 2.038 12.053 6.631.375 1.435 1.76 1.932 1.994.084 1.844-3.704 5.501-6.739 9.785-6.771.367-.044.735-.068 1.101-.073z\"\/><defs><linearGradient id=\"paint0_linear_549_34\" x1=\"37.0692\" y1=\"0\" x2=\"37.0692\" y2=\"79\" gradientUnits=\"userSpaceOnUse\"><stop stop-color=\"#6364FF\"\/><stop offset=\"1\" stop-color=\"#563ACC\"\/><\/linearGradient><\/defs><\/svg><\/span><span class=\"shariff-text\">teilen<\/span>&nbsp;<\/a><\/li><li class=\"shariff-button bluesky shariff-nocustomcolor\" style=\"background-color:#84c4ff\"><a href=\"https:\/\/bsky.app\/intent\/compose?text=Die%20jetzige%20Reform%20der%20GEMA%20geht%20so%20weder%20f%C3%BCr%20U%20noch%20E%21%20Stand%2C%20Kritik%2C%20Zur%C3%BCck%20auf%20Null%2C%20L%C3%B6sungsansatz https%3A%2F%2Fblogs.nmz.de%2Fbadblog%2F2025%2F03%2F26%2Fdie-jetzige-reform-der-gema-geht-so-weder-fuer-u-noch-e-stand-kritik-ideen%2F \" title=\"Bei Bluesky teilen\" aria-label=\"Bei Bluesky teilen\" role=\"button\" rel=\"noopener nofollow\" class=\"shariff-link\" style=\"; background-color:#0085ff; color:#fff\" target=\"_blank\"><span class=\"shariff-icon\" style=\"\"><svg width=\"20\" height=\"20\" version=\"1.1\" xmlns=\"http:\/\/www.w3.org\/2000\/svg\" viewBox=\"0 0 20 20\"><path class=\"st0\" d=\"M4.89,3.12c2.07,1.55,4.3,4.71,5.11,6.4.82-1.69,3.04-4.84,5.11-6.4,1.49-1.12,3.91-1.99,3.91.77,0,.55-.32,4.63-.5,5.3-.64,2.3-2.99,2.89-5.08,2.54,3.65.62,4.58,2.68,2.57,4.74-3.81,3.91-5.48-.98-5.9-2.23-.08-.23-.11-.34-.12-.25,0-.09-.04.02-.12.25-.43,1.25-2.09,6.14-5.9,2.23-2.01-2.06-1.08-4.12,2.57-4.74-2.09.36-4.44-.23-5.08-2.54-.19-.66-.5-4.74-.5-5.3,0-2.76,2.42-1.89,3.91-.77h0Z\"\/><\/svg><\/span><span class=\"shariff-text\">teilen<\/span>&nbsp;<\/a><\/li><li class=\"shariff-button facebook shariff-nocustomcolor\" style=\"background-color:#4273c8\"><a href=\"https:\/\/www.facebook.com\/sharer\/sharer.php?u=https%3A%2F%2Fblogs.nmz.de%2Fbadblog%2F2025%2F03%2F26%2Fdie-jetzige-reform-der-gema-geht-so-weder-fuer-u-noch-e-stand-kritik-ideen%2F\" title=\"Bei Facebook teilen\" aria-label=\"Bei Facebook teilen\" role=\"button\" rel=\"nofollow\" class=\"shariff-link\" style=\"; background-color:#3b5998; color:#fff\" target=\"_blank\"><span class=\"shariff-icon\" style=\"\"><svg width=\"32px\" height=\"20px\" xmlns=\"http:\/\/www.w3.org\/2000\/svg\" viewBox=\"0 0 18 32\"><path fill=\"#3b5998\" d=\"M17.1 0.2v4.7h-2.8q-1.5 0-2.1 0.6t-0.5 1.9v3.4h5.2l-0.7 5.3h-4.5v13.6h-5.5v-13.6h-4.5v-5.3h4.5v-3.9q0-3.3 1.9-5.2t5-1.8q2.6 0 4.1 0.2z\"\/><\/svg><\/span><span class=\"shariff-text\">teilen<\/span>&nbsp;<\/a><\/li><li class=\"shariff-button threema shariff-nocustomcolor shariff-mobile\" style=\"background-color:#4fbc24\"><a href=\"threema:\/\/compose?text=Die%20jetzige%20Reform%20der%20GEMA%20geht%20so%20weder%20f%C3%BCr%20U%20noch%20E%21%20Stand%2C%20Kritik%2C%20Zur%C3%BCck%20auf%20Null%2C%20L%C3%B6sungsansatz%20https%3A%2F%2Fblogs.nmz.de%2Fbadblog%2F2025%2F03%2F26%2Fdie-jetzige-reform-der-gema-geht-so-weder-fuer-u-noch-e-stand-kritik-ideen%2F\" title=\"Bei Threema teilen\" aria-label=\"Bei Threema teilen\" role=\"button\" rel=\"noopener nofollow\" class=\"shariff-link\" style=\"; background-color:#1f1f1f; color:#fff\" target=\"_blank\"><span class=\"shariff-icon\" style=\"\"><svg width=\"32px\" height=\"20px\" xmlns=\"http:\/\/www.w3.org\/2000\/svg\" viewBox=\"0 0 32 32\"><path fill=\"#1f1f1f\" d=\"M30.8 10.9c-0.3-1.4-0.9-2.6-1.8-3.8-2-2.6-5.5-4.5-9.4-5.2-1.3-0.2-1.9-0.3-3.5-0.3s-2.2 0-3.5 0.3c-4 0.7-7.4 2.6-9.4 5.2-0.9 1.2-1.5 2.4-1.8 3.8-0.1 0.5-0.2 1.2-0.2 1.6 0 0.4 0.1 1.1 0.2 1.6 0.4 1.9 1.3 3.4 2.9 5 0.8 0.8 0.8 0.8 0.7 1.3 0 0.6-0.5 1.6-1.7 3.6-0.3 0.5-0.5 0.9-0.5 0.9 0 0.1 0.1 0.1 0.5 0 0.8-0.2 2.3-0.6 5.6-1.6 1.1-0.3 1.3-0.4 2.3-0.4 0.8 0 1.1 0 2.3 0.2 1.5 0.2 3.5 0.2 4.9 0 5.1-0.6 9.3-2.9 11.4-6.3 0.5-0.9 0.9-1.8 1.1-2.8 0.1-0.5 0.2-1.1 0.2-1.6 0-0.7-0.1-1.1-0.2-1.6-0.3-1.4 0.1 0.5 0 0zM20.6 17.3c0 0.4-0.4 0.8-0.8 0.8h-7.7c-0.4 0-0.8-0.4-0.8-0.8v-4.6c0-0.4 0.4-0.8 0.8-0.8h0.2l0-1.6c0-0.9 0-1.8 0.1-2 0.1-0.6 0.6-1.2 1.1-1.7s1.1-0.7 1.9-0.8c1.8-0.3 3.7 0.7 4.2 2.2 0.1 0.3 0.1 0.7 0.1 2.1v0 1.7h0.1c0.4 0 0.8 0.4 0.8 0.8v4.6zM15.6 7.3c-0.5 0.1-0.8 0.3-1.2 0.6s-0.6 0.8-0.7 1.3c0 0.2 0 0.8 0 1.5l0 1.2h4.6v-1.3c0-1 0-1.4-0.1-1.6-0.3-1.1-1.5-1.9-2.6-1.7zM25.8 28.2c0 1.2-1 2.2-2.1 2.2s-2.1-1-2.1-2.1c0-1.2 1-2.1 2.2-2.1s2.2 1 2.2 2.2zM18.1 28.2c0 1.2-1 2.2-2.1 2.2s-2.1-1-2.1-2.1c0-1.2 1-2.1 2.2-2.1s2.2 1 2.2 2.2zM10.4 28.2c0 1.2-1 2.2-2.1 2.2s-2.1-1-2.1-2.1c0-1.2 1-2.1 2.2-2.1s2.2 1 2.2 2.2z\"\/><\/svg><\/span><span class=\"shariff-text\">teilen<\/span>&nbsp;<\/a><\/li><li class=\"shariff-button linkedin shariff-nocustomcolor\" style=\"background-color:#1488bf\"><a href=\"https:\/\/www.linkedin.com\/sharing\/share-offsite\/?url=https%3A%2F%2Fblogs.nmz.de%2Fbadblog%2F2025%2F03%2F26%2Fdie-jetzige-reform-der-gema-geht-so-weder-fuer-u-noch-e-stand-kritik-ideen%2F\" title=\"Bei LinkedIn teilen\" aria-label=\"Bei LinkedIn teilen\" role=\"button\" rel=\"noopener nofollow\" class=\"shariff-link\" style=\"; background-color:#0077b5; color:#fff\" target=\"_blank\"><span class=\"shariff-icon\" style=\"\"><svg width=\"32px\" height=\"20px\" xmlns=\"http:\/\/www.w3.org\/2000\/svg\" viewBox=\"0 0 27 32\"><path fill=\"#0077b5\" d=\"M6.2 11.2v17.7h-5.9v-17.7h5.9zM6.6 5.7q0 1.3-0.9 2.2t-2.4 0.9h0q-1.5 0-2.4-0.9t-0.9-2.2 0.9-2.2 2.4-0.9 2.4 0.9 0.9 2.2zM27.4 18.7v10.1h-5.9v-9.5q0-1.9-0.7-2.9t-2.3-1.1q-1.1 0-1.9 0.6t-1.2 1.5q-0.2 0.5-0.2 1.4v9.9h-5.9q0-7.1 0-11.6t0-5.3l0-0.9h5.9v2.6h0q0.4-0.6 0.7-1t1-0.9 1.6-0.8 2-0.3q3 0 4.9 2t1.9 6z\"\/><\/svg><\/span><span class=\"shariff-text\">teilen<\/span>&nbsp;<\/a><\/li><li class=\"shariff-button info shariff-nocustomcolor\" style=\"background-color:#eee\"><a href=\"http:\/\/ct.de\/-2467514\" title=\"Weitere Informationen\" aria-label=\"Weitere Informationen\" role=\"button\" rel=\"noopener \" class=\"shariff-link\" style=\"; background-color:#fff; color:#fff\" target=\"_blank\"><span class=\"shariff-icon\" style=\"\"><svg width=\"32px\" height=\"20px\" xmlns=\"http:\/\/www.w3.org\/2000\/svg\" viewBox=\"0 0 11 32\"><path fill=\"#999\" d=\"M11.4 24v2.3q0 0.5-0.3 0.8t-0.8 0.4h-9.1q-0.5 0-0.8-0.4t-0.4-0.8v-2.3q0-0.5 0.4-0.8t0.8-0.4h1.1v-6.8h-1.1q-0.5 0-0.8-0.4t-0.4-0.8v-2.3q0-0.5 0.4-0.8t0.8-0.4h6.8q0.5 0 0.8 0.4t0.4 0.8v10.3h1.1q0.5 0 0.8 0.4t0.3 0.8zM9.2 3.4v3.4q0 0.5-0.4 0.8t-0.8 0.4h-4.6q-0.4 0-0.8-0.4t-0.4-0.8v-3.4q0-0.4 0.4-0.8t0.8-0.4h4.6q0.5 0 0.8 0.4t0.4 0.8z\"\/><\/svg><\/span><\/a><\/li><\/ul><\/div>","protected":false},"author":31,"featured_media":10681,"comment_status":"open","ping_status":"closed","sticky":false,"template":"","format":"standard","meta":{"jetpack_post_was_ever_published":false,"_jetpack_newsletter_access":"","_jetpack_dont_email_post_to_subs":false,"_jetpack_newsletter_tier_id":0,"_jetpack_memberships_contains_paywalled_content":false,"_jetpack_memberships_contains_paid_content":false,"footnotes":""},"categories":[14657,11372],"tags":[],"class_list":["post-29806","post","type-post","status-publish","format-standard","has-post-thumbnail","hentry","category-nicht-kategorisiert","category-featured"],"yoast_head":"<!-- This site is optimized with the Yoast SEO plugin v27.5 - https:\/\/yoast.com\/product\/yoast-seo-wordpress\/ -->\n<title>Die jetzige Reform der GEMA geht so weder f\u00fcr U noch E! Stand, Kritik, Zur\u00fcck auf Null, L\u00f6sungsansatz &#8211; Bad Blog Of Musick - nmz Klassik-Blog<\/title>\n<meta name=\"description\" content=\"Bad Blog Of Musick \u2013 Ein Klassik-Blog und das wahrscheinlich bedeutendste Musik-Blog zur zeitgen\u00f6ssischen und klassischen Musikkultur\" \/>\n<meta name=\"robots\" content=\"index, follow, max-snippet:-1, max-image-preview:large, max-video-preview:-1\" \/>\n<link rel=\"canonical\" href=\"https:\/\/blogs.nmz.de\/badblog\/2025\/03\/26\/die-jetzige-reform-der-gema-geht-so-weder-fuer-u-noch-e-stand-kritik-ideen\/\" \/>\n<meta property=\"og:locale\" content=\"de_DE\" \/>\n<meta property=\"og:type\" content=\"article\" \/>\n<meta property=\"og:title\" content=\"Die jetzige Reform der GEMA geht so weder f\u00fcr U noch E! Stand, Kritik, Zur\u00fcck auf Null, L\u00f6sungsansatz &#8211; Bad Blog Of Musick - nmz Klassik-Blog\" \/>\n<meta property=\"og:description\" content=\"Bad Blog Of Musick \u2013 Ein Klassik-Blog und das wahrscheinlich bedeutendste Musik-Blog zur zeitgen\u00f6ssischen und klassischen Musikkultur\" \/>\n<meta property=\"og:url\" content=\"https:\/\/blogs.nmz.de\/badblog\/2025\/03\/26\/die-jetzige-reform-der-gema-geht-so-weder-fuer-u-noch-e-stand-kritik-ideen\/\" \/>\n<meta property=\"og:site_name\" content=\"Bad Blog Of Musick\" \/>\n<meta property=\"article:publisher\" content=\"https:\/\/www.facebook.com\/musikzeitung\" \/>\n<meta property=\"article:published_time\" content=\"2025-03-26T13:18:14+00:00\" \/>\n<meta property=\"article:modified_time\" content=\"2025-03-26T14:40:59+00:00\" \/>\n<meta property=\"og:image\" content=\"https:\/\/blogs.nmz.de\/badblog\/files\/2014\/07\/badboy_gaelic.jpg\" \/>\n\t<meta property=\"og:image:width\" content=\"640\" \/>\n\t<meta property=\"og:image:height\" content=\"480\" \/>\n\t<meta property=\"og:image:type\" content=\"image\/jpeg\" \/>\n<meta name=\"author\" content=\"Alexander Strauch\" \/>\n<meta name=\"twitter:card\" content=\"summary_large_image\" \/>\n<meta name=\"twitter:creator\" content=\"@musikzeitung\" \/>\n<meta name=\"twitter:site\" content=\"@musikzeitung\" \/>\n<meta name=\"twitter:label1\" content=\"Verfasst von\" \/>\n\t<meta name=\"twitter:data1\" content=\"Alexander Strauch\" \/>\n\t<meta name=\"twitter:label2\" content=\"Gesch\u00e4tzte Lesezeit\" \/>\n\t<meta name=\"twitter:data2\" content=\"15\u00a0Minuten\" \/>\n<script type=\"application\/ld+json\" class=\"yoast-schema-graph\">{\"@context\":\"https:\\\/\\\/schema.org\",\"@graph\":[{\"@type\":\"Article\",\"@id\":\"https:\\\/\\\/blogs.nmz.de\\\/badblog\\\/2025\\\/03\\\/26\\\/die-jetzige-reform-der-gema-geht-so-weder-fuer-u-noch-e-stand-kritik-ideen\\\/#article\",\"isPartOf\":{\"@id\":\"https:\\\/\\\/blogs.nmz.de\\\/badblog\\\/2025\\\/03\\\/26\\\/die-jetzige-reform-der-gema-geht-so-weder-fuer-u-noch-e-stand-kritik-ideen\\\/\"},\"author\":{\"name\":\"Alexander Strauch\",\"@id\":\"https:\\\/\\\/blogs.nmz.de\\\/badblog\\\/#\\\/schema\\\/person\\\/73d6c9ef0d58ae670a7d6f9affe7259c\"},\"headline\":\"Die jetzige Reform der GEMA geht so weder f&#252;r U noch E! Stand, Kritik, Zur&#252;ck auf Null, L&#246;sungsansatz\",\"datePublished\":\"2025-03-26T13:18:14+00:00\",\"dateModified\":\"2025-03-26T14:40:59+00:00\",\"mainEntityOfPage\":{\"@id\":\"https:\\\/\\\/blogs.nmz.de\\\/badblog\\\/2025\\\/03\\\/26\\\/die-jetzige-reform-der-gema-geht-so-weder-fuer-u-noch-e-stand-kritik-ideen\\\/\"},\"wordCount\":2713,\"commentCount\":1,\"publisher\":{\"@id\":\"https:\\\/\\\/blogs.nmz.de\\\/badblog\\\/#organization\"},\"image\":{\"@id\":\"https:\\\/\\\/blogs.nmz.de\\\/badblog\\\/2025\\\/03\\\/26\\\/die-jetzige-reform-der-gema-geht-so-weder-fuer-u-noch-e-stand-kritik-ideen\\\/#primaryimage\"},\"thumbnailUrl\":\"https:\\\/\\\/i0.wp.com\\\/blogs.nmz.de\\\/badblog\\\/files\\\/2014\\\/07\\\/badboy_gaelic.jpg?fit=640%2C480&ssl=1\",\"articleSection\":{\"1\":\"Featured\"},\"inLanguage\":\"de\",\"potentialAction\":[{\"@type\":\"CommentAction\",\"name\":\"Comment\",\"target\":[\"https:\\\/\\\/blogs.nmz.de\\\/badblog\\\/2025\\\/03\\\/26\\\/die-jetzige-reform-der-gema-geht-so-weder-fuer-u-noch-e-stand-kritik-ideen\\\/#respond\"]}]},{\"@type\":\"WebPage\",\"@id\":\"https:\\\/\\\/blogs.nmz.de\\\/badblog\\\/2025\\\/03\\\/26\\\/die-jetzige-reform-der-gema-geht-so-weder-fuer-u-noch-e-stand-kritik-ideen\\\/\",\"url\":\"https:\\\/\\\/blogs.nmz.de\\\/badblog\\\/2025\\\/03\\\/26\\\/die-jetzige-reform-der-gema-geht-so-weder-fuer-u-noch-e-stand-kritik-ideen\\\/\",\"name\":\"Die jetzige Reform der GEMA geht so weder f\u00fcr U noch E! Stand, Kritik, Zur\u00fcck auf Null, L\u00f6sungsansatz &#8211; Bad Blog Of Musick - nmz Klassik-Blog\",\"isPartOf\":{\"@id\":\"https:\\\/\\\/blogs.nmz.de\\\/badblog\\\/#website\"},\"primaryImageOfPage\":{\"@id\":\"https:\\\/\\\/blogs.nmz.de\\\/badblog\\\/2025\\\/03\\\/26\\\/die-jetzige-reform-der-gema-geht-so-weder-fuer-u-noch-e-stand-kritik-ideen\\\/#primaryimage\"},\"image\":{\"@id\":\"https:\\\/\\\/blogs.nmz.de\\\/badblog\\\/2025\\\/03\\\/26\\\/die-jetzige-reform-der-gema-geht-so-weder-fuer-u-noch-e-stand-kritik-ideen\\\/#primaryimage\"},\"thumbnailUrl\":\"https:\\\/\\\/i0.wp.com\\\/blogs.nmz.de\\\/badblog\\\/files\\\/2014\\\/07\\\/badboy_gaelic.jpg?fit=640%2C480&ssl=1\",\"datePublished\":\"2025-03-26T13:18:14+00:00\",\"dateModified\":\"2025-03-26T14:40:59+00:00\",\"description\":\"Bad Blog Of Musick \u2013 Ein Klassik-Blog und das wahrscheinlich bedeutendste Musik-Blog zur zeitgen\u00f6ssischen und klassischen Musikkultur\",\"breadcrumb\":{\"@id\":\"https:\\\/\\\/blogs.nmz.de\\\/badblog\\\/2025\\\/03\\\/26\\\/die-jetzige-reform-der-gema-geht-so-weder-fuer-u-noch-e-stand-kritik-ideen\\\/#breadcrumb\"},\"inLanguage\":\"de\",\"potentialAction\":[{\"@type\":\"ReadAction\",\"target\":[\"https:\\\/\\\/blogs.nmz.de\\\/badblog\\\/2025\\\/03\\\/26\\\/die-jetzige-reform-der-gema-geht-so-weder-fuer-u-noch-e-stand-kritik-ideen\\\/\"]}]},{\"@type\":\"ImageObject\",\"inLanguage\":\"de\",\"@id\":\"https:\\\/\\\/blogs.nmz.de\\\/badblog\\\/2025\\\/03\\\/26\\\/die-jetzige-reform-der-gema-geht-so-weder-fuer-u-noch-e-stand-kritik-ideen\\\/#primaryimage\",\"url\":\"https:\\\/\\\/i0.wp.com\\\/blogs.nmz.de\\\/badblog\\\/files\\\/2014\\\/07\\\/badboy_gaelic.jpg?fit=640%2C480&ssl=1\",\"contentUrl\":\"https:\\\/\\\/i0.wp.com\\\/blogs.nmz.de\\\/badblog\\\/files\\\/2014\\\/07\\\/badboy_gaelic.jpg?fit=640%2C480&ssl=1\",\"width\":640,\"height\":480},{\"@type\":\"BreadcrumbList\",\"@id\":\"https:\\\/\\\/blogs.nmz.de\\\/badblog\\\/2025\\\/03\\\/26\\\/die-jetzige-reform-der-gema-geht-so-weder-fuer-u-noch-e-stand-kritik-ideen\\\/#breadcrumb\",\"itemListElement\":[{\"@type\":\"ListItem\",\"position\":1,\"name\":\"Startseite\",\"item\":\"https:\\\/\\\/blogs.nmz.de\\\/badblog\\\/\"},{\"@type\":\"ListItem\",\"position\":2,\"name\":\"Die jetzige Reform der GEMA geht so weder f&#252;r U noch E! Stand, Kritik, Zur&#252;ck auf Null, L&#246;sungsansatz\"}]},{\"@type\":\"WebSite\",\"@id\":\"https:\\\/\\\/blogs.nmz.de\\\/badblog\\\/#website\",\"url\":\"https:\\\/\\\/blogs.nmz.de\\\/badblog\\\/\",\"name\":\"Bad Blog Of Musick\",\"description\":\"Das bedeutendste Blog zur zeitgen\u00f6ssischen Musikkultur\",\"publisher\":{\"@id\":\"https:\\\/\\\/blogs.nmz.de\\\/badblog\\\/#organization\"},\"potentialAction\":[{\"@type\":\"SearchAction\",\"target\":{\"@type\":\"EntryPoint\",\"urlTemplate\":\"https:\\\/\\\/blogs.nmz.de\\\/badblog\\\/?s={search_term_string}\"},\"query-input\":{\"@type\":\"PropertyValueSpecification\",\"valueRequired\":true,\"valueName\":\"search_term_string\"}}],\"inLanguage\":\"de\"},{\"@type\":\"Organization\",\"@id\":\"https:\\\/\\\/blogs.nmz.de\\\/badblog\\\/#organization\",\"name\":\"neue musikzeitung | Bad Blog Of Musick\",\"url\":\"https:\\\/\\\/blogs.nmz.de\\\/badblog\\\/\",\"logo\":{\"@type\":\"ImageObject\",\"inLanguage\":\"de\",\"@id\":\"https:\\\/\\\/blogs.nmz.de\\\/badblog\\\/#\\\/schema\\\/logo\\\/image\\\/\",\"url\":\"https:\\\/\\\/i0.wp.com\\\/blogs.nmz.de\\\/badblog\\\/files\\\/2016\\\/10\\\/badblog-logo1.png?fit=512%2C512&ssl=1\",\"contentUrl\":\"https:\\\/\\\/i0.wp.com\\\/blogs.nmz.de\\\/badblog\\\/files\\\/2016\\\/10\\\/badblog-logo1.png?fit=512%2C512&ssl=1\",\"width\":512,\"height\":512,\"caption\":\"neue musikzeitung | Bad Blog Of Musick\"},\"image\":{\"@id\":\"https:\\\/\\\/blogs.nmz.de\\\/badblog\\\/#\\\/schema\\\/logo\\\/image\\\/\"},\"sameAs\":[\"https:\\\/\\\/www.facebook.com\\\/musikzeitung\",\"https:\\\/\\\/x.com\\\/musikzeitung\"]},{\"@type\":\"Person\",\"@id\":\"https:\\\/\\\/blogs.nmz.de\\\/badblog\\\/#\\\/schema\\\/person\\\/73d6c9ef0d58ae670a7d6f9affe7259c\",\"name\":\"Alexander Strauch\",\"description\":\"Komponist*in\",\"url\":\"https:\\\/\\\/blogs.nmz.de\\\/badblog\\\/author\\\/querstand\\\/\"}]}<\/script>\n<!-- \/ Yoast SEO plugin. -->","yoast_head_json":{"title":"Die jetzige Reform der GEMA geht so weder f\u00fcr U noch E! Stand, Kritik, Zur\u00fcck auf Null, L\u00f6sungsansatz &#8211; Bad Blog Of Musick - nmz Klassik-Blog","description":"Bad Blog Of Musick \u2013 Ein Klassik-Blog und das wahrscheinlich bedeutendste Musik-Blog zur zeitgen\u00f6ssischen und klassischen Musikkultur","robots":{"index":"index","follow":"follow","max-snippet":"max-snippet:-1","max-image-preview":"max-image-preview:large","max-video-preview":"max-video-preview:-1"},"canonical":"https:\/\/blogs.nmz.de\/badblog\/2025\/03\/26\/die-jetzige-reform-der-gema-geht-so-weder-fuer-u-noch-e-stand-kritik-ideen\/","og_locale":"de_DE","og_type":"article","og_title":"Die jetzige Reform der GEMA geht so weder f\u00fcr U noch E! Stand, Kritik, Zur\u00fcck auf Null, L\u00f6sungsansatz &#8211; Bad Blog Of Musick - nmz Klassik-Blog","og_description":"Bad Blog Of Musick \u2013 Ein Klassik-Blog und das wahrscheinlich bedeutendste Musik-Blog zur zeitgen\u00f6ssischen und klassischen Musikkultur","og_url":"https:\/\/blogs.nmz.de\/badblog\/2025\/03\/26\/die-jetzige-reform-der-gema-geht-so-weder-fuer-u-noch-e-stand-kritik-ideen\/","og_site_name":"Bad Blog Of Musick","article_publisher":"https:\/\/www.facebook.com\/musikzeitung","article_published_time":"2025-03-26T13:18:14+00:00","article_modified_time":"2025-03-26T14:40:59+00:00","og_image":[{"width":640,"height":480,"url":"https:\/\/blogs.nmz.de\/badblog\/files\/2014\/07\/badboy_gaelic.jpg","type":"image\/jpeg"}],"author":"Alexander Strauch","twitter_card":"summary_large_image","twitter_creator":"@musikzeitung","twitter_site":"@musikzeitung","twitter_misc":{"Verfasst von":"Alexander Strauch","Gesch\u00e4tzte Lesezeit":"15\u00a0Minuten"},"schema":{"@context":"https:\/\/schema.org","@graph":[{"@type":"Article","@id":"https:\/\/blogs.nmz.de\/badblog\/2025\/03\/26\/die-jetzige-reform-der-gema-geht-so-weder-fuer-u-noch-e-stand-kritik-ideen\/#article","isPartOf":{"@id":"https:\/\/blogs.nmz.de\/badblog\/2025\/03\/26\/die-jetzige-reform-der-gema-geht-so-weder-fuer-u-noch-e-stand-kritik-ideen\/"},"author":{"name":"Alexander Strauch","@id":"https:\/\/blogs.nmz.de\/badblog\/#\/schema\/person\/73d6c9ef0d58ae670a7d6f9affe7259c"},"headline":"Die jetzige Reform der GEMA geht so weder f&#252;r U noch E! Stand, Kritik, Zur&#252;ck auf Null, L&#246;sungsansatz","datePublished":"2025-03-26T13:18:14+00:00","dateModified":"2025-03-26T14:40:59+00:00","mainEntityOfPage":{"@id":"https:\/\/blogs.nmz.de\/badblog\/2025\/03\/26\/die-jetzige-reform-der-gema-geht-so-weder-fuer-u-noch-e-stand-kritik-ideen\/"},"wordCount":2713,"commentCount":1,"publisher":{"@id":"https:\/\/blogs.nmz.de\/badblog\/#organization"},"image":{"@id":"https:\/\/blogs.nmz.de\/badblog\/2025\/03\/26\/die-jetzige-reform-der-gema-geht-so-weder-fuer-u-noch-e-stand-kritik-ideen\/#primaryimage"},"thumbnailUrl":"https:\/\/i0.wp.com\/blogs.nmz.de\/badblog\/files\/2014\/07\/badboy_gaelic.jpg?fit=640%2C480&ssl=1","articleSection":{"1":"Featured"},"inLanguage":"de","potentialAction":[{"@type":"CommentAction","name":"Comment","target":["https:\/\/blogs.nmz.de\/badblog\/2025\/03\/26\/die-jetzige-reform-der-gema-geht-so-weder-fuer-u-noch-e-stand-kritik-ideen\/#respond"]}]},{"@type":"WebPage","@id":"https:\/\/blogs.nmz.de\/badblog\/2025\/03\/26\/die-jetzige-reform-der-gema-geht-so-weder-fuer-u-noch-e-stand-kritik-ideen\/","url":"https:\/\/blogs.nmz.de\/badblog\/2025\/03\/26\/die-jetzige-reform-der-gema-geht-so-weder-fuer-u-noch-e-stand-kritik-ideen\/","name":"Die jetzige Reform der GEMA geht so weder f\u00fcr U noch E! Stand, Kritik, Zur\u00fcck auf Null, L\u00f6sungsansatz &#8211; Bad Blog Of Musick - nmz Klassik-Blog","isPartOf":{"@id":"https:\/\/blogs.nmz.de\/badblog\/#website"},"primaryImageOfPage":{"@id":"https:\/\/blogs.nmz.de\/badblog\/2025\/03\/26\/die-jetzige-reform-der-gema-geht-so-weder-fuer-u-noch-e-stand-kritik-ideen\/#primaryimage"},"image":{"@id":"https:\/\/blogs.nmz.de\/badblog\/2025\/03\/26\/die-jetzige-reform-der-gema-geht-so-weder-fuer-u-noch-e-stand-kritik-ideen\/#primaryimage"},"thumbnailUrl":"https:\/\/i0.wp.com\/blogs.nmz.de\/badblog\/files\/2014\/07\/badboy_gaelic.jpg?fit=640%2C480&ssl=1","datePublished":"2025-03-26T13:18:14+00:00","dateModified":"2025-03-26T14:40:59+00:00","description":"Bad Blog Of Musick \u2013 Ein Klassik-Blog und das wahrscheinlich bedeutendste Musik-Blog zur zeitgen\u00f6ssischen und klassischen Musikkultur","breadcrumb":{"@id":"https:\/\/blogs.nmz.de\/badblog\/2025\/03\/26\/die-jetzige-reform-der-gema-geht-so-weder-fuer-u-noch-e-stand-kritik-ideen\/#breadcrumb"},"inLanguage":"de","potentialAction":[{"@type":"ReadAction","target":["https:\/\/blogs.nmz.de\/badblog\/2025\/03\/26\/die-jetzige-reform-der-gema-geht-so-weder-fuer-u-noch-e-stand-kritik-ideen\/"]}]},{"@type":"ImageObject","inLanguage":"de","@id":"https:\/\/blogs.nmz.de\/badblog\/2025\/03\/26\/die-jetzige-reform-der-gema-geht-so-weder-fuer-u-noch-e-stand-kritik-ideen\/#primaryimage","url":"https:\/\/i0.wp.com\/blogs.nmz.de\/badblog\/files\/2014\/07\/badboy_gaelic.jpg?fit=640%2C480&ssl=1","contentUrl":"https:\/\/i0.wp.com\/blogs.nmz.de\/badblog\/files\/2014\/07\/badboy_gaelic.jpg?fit=640%2C480&ssl=1","width":640,"height":480},{"@type":"BreadcrumbList","@id":"https:\/\/blogs.nmz.de\/badblog\/2025\/03\/26\/die-jetzige-reform-der-gema-geht-so-weder-fuer-u-noch-e-stand-kritik-ideen\/#breadcrumb","itemListElement":[{"@type":"ListItem","position":1,"name":"Startseite","item":"https:\/\/blogs.nmz.de\/badblog\/"},{"@type":"ListItem","position":2,"name":"Die jetzige Reform der GEMA geht so weder f&#252;r U noch E! Stand, Kritik, Zur&#252;ck auf Null, L&#246;sungsansatz"}]},{"@type":"WebSite","@id":"https:\/\/blogs.nmz.de\/badblog\/#website","url":"https:\/\/blogs.nmz.de\/badblog\/","name":"Bad Blog Of Musick","description":"Das bedeutendste Blog zur zeitgen\u00f6ssischen Musikkultur","publisher":{"@id":"https:\/\/blogs.nmz.de\/badblog\/#organization"},"potentialAction":[{"@type":"SearchAction","target":{"@type":"EntryPoint","urlTemplate":"https:\/\/blogs.nmz.de\/badblog\/?s={search_term_string}"},"query-input":{"@type":"PropertyValueSpecification","valueRequired":true,"valueName":"search_term_string"}}],"inLanguage":"de"},{"@type":"Organization","@id":"https:\/\/blogs.nmz.de\/badblog\/#organization","name":"neue musikzeitung | Bad Blog Of Musick","url":"https:\/\/blogs.nmz.de\/badblog\/","logo":{"@type":"ImageObject","inLanguage":"de","@id":"https:\/\/blogs.nmz.de\/badblog\/#\/schema\/logo\/image\/","url":"https:\/\/i0.wp.com\/blogs.nmz.de\/badblog\/files\/2016\/10\/badblog-logo1.png?fit=512%2C512&ssl=1","contentUrl":"https:\/\/i0.wp.com\/blogs.nmz.de\/badblog\/files\/2016\/10\/badblog-logo1.png?fit=512%2C512&ssl=1","width":512,"height":512,"caption":"neue musikzeitung | Bad Blog Of Musick"},"image":{"@id":"https:\/\/blogs.nmz.de\/badblog\/#\/schema\/logo\/image\/"},"sameAs":["https:\/\/www.facebook.com\/musikzeitung","https:\/\/x.com\/musikzeitung"]},{"@type":"Person","@id":"https:\/\/blogs.nmz.de\/badblog\/#\/schema\/person\/73d6c9ef0d58ae670a7d6f9affe7259c","name":"Alexander Strauch","description":"Komponist*in","url":"https:\/\/blogs.nmz.de\/badblog\/author\/querstand\/"}]}},"wp-worthy-pixel":{"ignored":false,"public":null,"server":null,"url":null},"wp-worthy-type":"normal","jetpack_featured_media_url":"https:\/\/i0.wp.com\/blogs.nmz.de\/badblog\/files\/2014\/07\/badboy_gaelic.jpg?fit=640%2C480&ssl=1","jetpack-related-posts":[],"jetpack_sharing_enabled":true,"_links":{"self":[{"href":"https:\/\/blogs.nmz.de\/badblog\/wp-json\/wp\/v2\/posts\/29806","targetHints":{"allow":["GET"]}}],"collection":[{"href":"https:\/\/blogs.nmz.de\/badblog\/wp-json\/wp\/v2\/posts"}],"about":[{"href":"https:\/\/blogs.nmz.de\/badblog\/wp-json\/wp\/v2\/types\/post"}],"author":[{"embeddable":true,"href":"https:\/\/blogs.nmz.de\/badblog\/wp-json\/wp\/v2\/users\/31"}],"replies":[{"embeddable":true,"href":"https:\/\/blogs.nmz.de\/badblog\/wp-json\/wp\/v2\/comments?post=29806"}],"version-history":[{"count":6,"href":"https:\/\/blogs.nmz.de\/badblog\/wp-json\/wp\/v2\/posts\/29806\/revisions"}],"predecessor-version":[{"id":29857,"href":"https:\/\/blogs.nmz.de\/badblog\/wp-json\/wp\/v2\/posts\/29806\/revisions\/29857"}],"wp:featuredmedia":[{"embeddable":true,"href":"https:\/\/blogs.nmz.de\/badblog\/wp-json\/wp\/v2\/media\/10681"}],"wp:attachment":[{"href":"https:\/\/blogs.nmz.de\/badblog\/wp-json\/wp\/v2\/media?parent=29806"}],"wp:term":[{"taxonomy":"category","embeddable":true,"href":"https:\/\/blogs.nmz.de\/badblog\/wp-json\/wp\/v2\/categories?post=29806"},{"taxonomy":"post_tag","embeddable":true,"href":"https:\/\/blogs.nmz.de\/badblog\/wp-json\/wp\/v2\/tags?post=29806"}],"curies":[{"name":"wp","href":"https:\/\/api.w.org\/{rel}","templated":true}]}}