{"id":29547,"date":"2024-12-06T13:51:15","date_gmt":"2024-12-06T12:51:15","guid":{"rendered":"https:\/\/blogs.nmz.de\/badblog\/?p=29547"},"modified":"2024-12-06T17:18:13","modified_gmt":"2024-12-06T16:18:13","slug":"da-bin-ich-kein-experte-wir-lassen-uns-unsere-kultur-von-leuten-wegnehmen-die-von-kultur-keine-ahnung-haben","status":"publish","type":"post","link":"https:\/\/blogs.nmz.de\/badblog\/2024\/12\/06\/da-bin-ich-kein-experte-wir-lassen-uns-unsere-kultur-von-leuten-wegnehmen-die-von-kultur-keine-ahnung-haben\/","title":{"rendered":"\u00bbDa bin ich kein Experte!\u00ab Wir lassen uns unsere Kultur von Leuten wegnehmen, die von Kultur keine Ahnung haben"},"content":{"rendered":"<p>Jetzt wundern sich wieder alle! Nach den dramatischen Kultur-K&#252;rzungen in Berlin werden \u2013 nat&#252;rlich auch gerne mal vereinzelt, ohne sich wirklich wirkungsm&#228;chtig zu versammeln \u2013 Petitionen gestartet und auf Social Media wird gemeckert. Und, das darf nat&#252;rlich nicht fehlen, es werden alle m&#246;glichen Horror-Szenarien an diverse W&#228;nde gekleistert (bei Kultur und dem Thema \u00bbK&#252;rzungen\u00ab freilich immer auch gerne mit Abbildungen von Gr&#228;bern, Bestattungsinstituten und Traueranzeigen, logisch).<\/p>\n<p>Aber auch <em>ihr <\/em>lasst es zu, dass gro&#223;e Kulturinstitutionen (oder sogar Kultursenate) von Leuten angef&#252;hrt werden, die teilweise noch nicht einmal aus der (inhaltlich, nicht regional!) Kultur kommen, um die es geht. Vor allem l&#228;sst nat&#252;rlich die Politik diese Personen an diese Leitungsstellen kommen, klar. Aber dann habt <em>ihr <\/em>euch zu sp&#228;t drum gek&#252;mmert (oder halt gar nicht).<\/p>\n<p>Drei Beispiele f&#252;r Leute, die eigentlich nichts zu bestimmen haben sollten (jedenfalls in Kulturinstitutionen):<\/p>\n<p>1.) Joe Chialo, seit April 2024 Senator f&#252;r Kultur und Gesellschaftlichen Zusammenhalt im Berliner Senat. Bestimmt &#252;ber die Millionen-T&#246;pfe der reichhaltigen (freilich l&#228;ngst nicht immer \u00bbf&#252;hrenden\u00ab) Berliner Kulturszene, die aus dem Pool der Gleichzeitigkeit von Freier Szene und gro&#223;en Traditionsinstitutionen sch&#246;pft. Sieben staatliche Theater, drei Opernh&#228;user, eine Philharmonie, ein Konzerthaus: Ja, das sind nat&#252;rlich die Protagonisten. Und ich finde, man sollte als jemand, der &#252;ber die Gelder f&#252;r derlei Institutionen entscheidet, Ahnung von solchen Institutionen haben, sollte aus dieser Szene kommen, sollte daf&#252;r Leidenschaft empfinden. Aber vor allem sollte es um Kompetenz gehen! Joe Chialo hat f&#252;r Rock-Labels gearbeitet und geh&#246;rte der deutschen ESC-Jury 2019 an (Deutschland wurde &#252;brigens 2019 Vorletzter!). Joe Chialo ist kein Kulturmensch, es fehlt ihm an Kompetenz und Leidenschaft. Joe Chialo wei&#223; nicht, ob er in der Schaub&#252;hne am Lehniner Platz ist oder ob es sich doch um das Deutsche Theater Berlin handelt. Und er wei&#223; auch nicht, was der Unterschied zwischen beiden ist.<\/p>\n<p>2.) Sebastian Nordmann, seit 2009 Intendant des Konzerthauses Berlin. Nordmann kommt aus einer schlagenden Studentenverbindung in Heidelberg, in der sich vor allem deutsche, adelige M&#228;nner tummeln, hat (wahrscheinlich durch entsprechende Kontakte) bei turbokapitalistischen Unternehmungsberatungen und Labels gearbeitet und wurde dann ziemlich &#252;berraschend Intendant eines gro&#223;en Hauses (auch aufgrund adeliger Kontakte in Schleswig-Holstein und Mecklenburg-Vorpommern). Jetzt geht er zum Lucerne Festival. (Ich zitiere einen bedeutenden Deutschlandfunk-Kritiker: \u00bbVielleicht h&#228;tte man erst einmal in Berlin anrufen sollen bevor man ihn einstellt.\u00ab) Und man fragt sich: mit welchem Recht, mit welcher Begr&#252;ndung eigentlich? Ich wei&#223; noch genau, wie absto&#223;end ich es fand, wie Nordmann sich mit dem damaligen Kultursenator Andr\u00e9 Schmitz 2011 bei der Pressekonferenz, auf der verk&#252;ndet wurde, dass Iv\u00e1n Fischer Chefdirigent des Konzerthausorchesters Berlin wird, pl&#246;tzlich duzte (nachdem Nordmann mit allen anderen im Haus per Sie war). Schmitz selbst schien das unangenehm zu finden. Und &#228;u&#223;erst verwundert war ich auch, nachdem mich Sebastian Nordmann vor ein paar Jahren auf eine Inszenierung der \u00bbZauberfl&#246;te\u00ab ansprach \u2013 wie ich es finden w&#252;rde, dass Regisseur XY die Rezitative (!) als Sprechtexte ausf&#252;hren lassen w&#252;rde. (Wo doch das St&#252;ck ein Singspiel ist, in dem naturgem&#228;&#223; gesprochen wird!) Eine sehr unangenehme Situation, weil mir noch einmal bewusst wurde: Dieser Mann hat &#252;berhaupt keine Ahnung von Klassik, von Oper, von Musik. Von Leidenschaft und Herz &#8230; da schweige ich besser (sonst d&#252;rfte es juristisch heikel werden).<\/p>\n<p>3.) In einem <a href=\"https:\/\/van-magazin.de\/mag\/interview-opus-klassik\/\">vorgestern erschienenen Interview im \u00bbVAN Magazin\u00ab<\/a> wird der Leiter der Redaktion Musik und Theater des ZDFs (Tobias Feilen) interviewt. Nun, das Interview spricht irgendwie f&#252;r sich &#8230; Unter anderem fragt der Interviewer Feilen, warum nicht die Verleihung des Preises der deutschen Schallplattenkritik (statt des Opus Klassik) im ZDF &#252;bertragen wird. Feilen antwortet: \u00bbDer Verein [hinter Opus Klassik] hat, anders als seinerzeit der Bundesverband der Musikindustrie, kein so stark ausgepr&#228;gtes industrielles Ziel. Ich habe den Eindruck, dass die weniger darauf aus sind, konkrete K&#252;nstlerinnen und K&#252;nstler ins Schaufenster zu stellen oder zu promoten \u2013 nat&#252;rlich tun sie das auch, das ist keine Frage \u2013 sondern eher, das Genre Klassik insgesamt mehr ins Bewusstsein zu bringen. Aber ich bin da kein Experte, von daher legen Sie meine Worte nicht auf die Goldwaage, das ist auch nicht mein Job. Das ist Job der Labels.\u00ab<\/p>\n<p>Wie lange lassen wir uns das gefallen \u2013 beziehungsweise: Wann schalten wir K&#252;nstlerinnen und K&#252;nstler uns endlich fr&#252;hzeitig in die Politik, in politische Vorg&#228;nge ein, damit derlei politische Entscheidungen, die letztlich Gl&#228;ttung, Abschaffung und Kommerzialisierung (siehe eben Chialo, Nordmann und Feilen) bedeuten, nicht mehr m&#246;glich sind?<\/p>\n<div class=\"shariff shariff-align-left shariff-widget-align-left\" style=\"display:none\"><div class=\"ShariffHeadline\"> <\/div><ul class=\"shariff-buttons theme-default orientation-horizontal buttonsize-small\"><li class=\"shariff-button mastodon shariff-nocustomcolor\" style=\"background-color:#563ACC\"><a href=\"https:\/\/s2f.kytta.dev\/?text=%C2%BBDa%20bin%20ich%20kein%20Experte%21%C2%AB%20Wir%20lassen%20uns%20unsere%20Kultur%20von%20Leuten%20wegnehmen%2C%20die%20von%20Kultur%20keine%20Ahnung%20haben https%3A%2F%2Fblogs.nmz.de%2Fbadblog%2F2024%2F12%2F06%2Fda-bin-ich-kein-experte-wir-lassen-uns-unsere-kultur-von-leuten-wegnehmen-die-von-kultur-keine-ahnung-haben%2F\" title=\"Bei Mastodon teilen\" aria-label=\"Bei Mastodon teilen\" role=\"button\" rel=\"noopener nofollow\" class=\"shariff-link\" style=\"; background-color:#6364FF; color:#fff\" target=\"_blank\"><span class=\"shariff-icon\" style=\"\"><svg width=\"75\" height=\"79\" viewBox=\"0 0 75 79\" fill=\"none\" xmlns=\"http:\/\/www.w3.org\/2000\/svg\"><path d=\"M37.813-.025C32.462-.058 27.114.13 21.79.598c-8.544.621-17.214 5.58-20.203 13.931C-1.12 23.318.408 32.622.465 41.65c.375 7.316.943 14.78 3.392 21.73 4.365 9.465 14.781 14.537 24.782 15.385 7.64.698 15.761-.213 22.517-4.026a54.1 54.1 0 0 0 .01-6.232c-6.855 1.316-14.101 2.609-21.049 1.074-3.883-.88-6.876-4.237-7.25-8.215-1.53-3.988 3.78-.43 5.584-.883 9.048 1.224 18.282.776 27.303-.462 7.044-.837 14.26-4.788 16.65-11.833 2.263-6.135 1.215-12.79 1.698-19.177.06-3.84.09-7.692-.262-11.52C72.596 7.844 63.223.981 53.834.684a219.453 219.453 0 0 0-16.022-.71zm11.294 12.882c5.5-.067 10.801 4.143 11.67 9.653.338 1.48.471 3 .471 4.515v21.088h-8.357c-.07-7.588.153-15.182-.131-22.765-.587-4.368-7.04-5.747-9.672-2.397-2.422 3.04-1.47 7.155-1.67 10.735v6.392h-8.307c-.146-4.996.359-10.045-.404-15.002-1.108-4.218-7.809-5.565-10.094-1.666-1.685 3.046-.712 6.634-.976 9.936v14.767h-8.354c.109-8.165-.238-16.344.215-24.5.674-5.346 5.095-10.389 10.676-10.627 4.902-.739 10.103 2.038 12.053 6.631.375 1.435 1.76 1.932 1.994.084 1.844-3.704 5.501-6.739 9.785-6.771.367-.044.735-.068 1.101-.073z\"\/><defs><linearGradient id=\"paint0_linear_549_34\" x1=\"37.0692\" y1=\"0\" x2=\"37.0692\" y2=\"79\" gradientUnits=\"userSpaceOnUse\"><stop stop-color=\"#6364FF\"\/><stop offset=\"1\" stop-color=\"#563ACC\"\/><\/linearGradient><\/defs><\/svg><\/span><span class=\"shariff-text\">teilen<\/span>&nbsp;<\/a><\/li><li class=\"shariff-button bluesky shariff-nocustomcolor\" style=\"background-color:#84c4ff\"><a href=\"https:\/\/bsky.app\/intent\/compose?text=%C2%BBDa%20bin%20ich%20kein%20Experte%21%C2%AB%20Wir%20lassen%20uns%20unsere%20Kultur%20von%20Leuten%20wegnehmen%2C%20die%20von%20Kultur%20keine%20Ahnung%20haben https%3A%2F%2Fblogs.nmz.de%2Fbadblog%2F2024%2F12%2F06%2Fda-bin-ich-kein-experte-wir-lassen-uns-unsere-kultur-von-leuten-wegnehmen-die-von-kultur-keine-ahnung-haben%2F \" title=\"Bei Bluesky teilen\" aria-label=\"Bei Bluesky teilen\" role=\"button\" rel=\"noopener nofollow\" class=\"shariff-link\" style=\"; background-color:#0085ff; color:#fff\" target=\"_blank\"><span class=\"shariff-icon\" style=\"\"><svg width=\"20\" height=\"20\" version=\"1.1\" xmlns=\"http:\/\/www.w3.org\/2000\/svg\" viewBox=\"0 0 20 20\"><path class=\"st0\" d=\"M4.89,3.12c2.07,1.55,4.3,4.71,5.11,6.4.82-1.69,3.04-4.84,5.11-6.4,1.49-1.12,3.91-1.99,3.91.77,0,.55-.32,4.63-.5,5.3-.64,2.3-2.99,2.89-5.08,2.54,3.65.62,4.58,2.68,2.57,4.74-3.81,3.91-5.48-.98-5.9-2.23-.08-.23-.11-.34-.12-.25,0-.09-.04.02-.12.25-.43,1.25-2.09,6.14-5.9,2.23-2.01-2.06-1.08-4.12,2.57-4.74-2.09.36-4.44-.23-5.08-2.54-.19-.66-.5-4.74-.5-5.3,0-2.76,2.42-1.89,3.91-.77h0Z\"\/><\/svg><\/span><span class=\"shariff-text\">teilen<\/span>&nbsp;<\/a><\/li><li class=\"shariff-button facebook shariff-nocustomcolor\" style=\"background-color:#4273c8\"><a href=\"https:\/\/www.facebook.com\/sharer\/sharer.php?u=https%3A%2F%2Fblogs.nmz.de%2Fbadblog%2F2024%2F12%2F06%2Fda-bin-ich-kein-experte-wir-lassen-uns-unsere-kultur-von-leuten-wegnehmen-die-von-kultur-keine-ahnung-haben%2F\" title=\"Bei Facebook teilen\" aria-label=\"Bei Facebook teilen\" role=\"button\" rel=\"nofollow\" class=\"shariff-link\" style=\"; background-color:#3b5998; color:#fff\" target=\"_blank\"><span class=\"shariff-icon\" style=\"\"><svg width=\"32px\" height=\"20px\" xmlns=\"http:\/\/www.w3.org\/2000\/svg\" viewBox=\"0 0 18 32\"><path fill=\"#3b5998\" d=\"M17.1 0.2v4.7h-2.8q-1.5 0-2.1 0.6t-0.5 1.9v3.4h5.2l-0.7 5.3h-4.5v13.6h-5.5v-13.6h-4.5v-5.3h4.5v-3.9q0-3.3 1.9-5.2t5-1.8q2.6 0 4.1 0.2z\"\/><\/svg><\/span><span class=\"shariff-text\">teilen<\/span>&nbsp;<\/a><\/li><li class=\"shariff-button threema shariff-nocustomcolor shariff-mobile\" style=\"background-color:#4fbc24\"><a href=\"threema:\/\/compose?text=%C2%BBDa%20bin%20ich%20kein%20Experte%21%C2%AB%20Wir%20lassen%20uns%20unsere%20Kultur%20von%20Leuten%20wegnehmen%2C%20die%20von%20Kultur%20keine%20Ahnung%20haben%20https%3A%2F%2Fblogs.nmz.de%2Fbadblog%2F2024%2F12%2F06%2Fda-bin-ich-kein-experte-wir-lassen-uns-unsere-kultur-von-leuten-wegnehmen-die-von-kultur-keine-ahnung-haben%2F\" title=\"Bei Threema teilen\" aria-label=\"Bei Threema teilen\" role=\"button\" rel=\"noopener nofollow\" class=\"shariff-link\" style=\"; background-color:#1f1f1f; color:#fff\" target=\"_blank\"><span class=\"shariff-icon\" style=\"\"><svg width=\"32px\" height=\"20px\" xmlns=\"http:\/\/www.w3.org\/2000\/svg\" viewBox=\"0 0 32 32\"><path fill=\"#1f1f1f\" d=\"M30.8 10.9c-0.3-1.4-0.9-2.6-1.8-3.8-2-2.6-5.5-4.5-9.4-5.2-1.3-0.2-1.9-0.3-3.5-0.3s-2.2 0-3.5 0.3c-4 0.7-7.4 2.6-9.4 5.2-0.9 1.2-1.5 2.4-1.8 3.8-0.1 0.5-0.2 1.2-0.2 1.6 0 0.4 0.1 1.1 0.2 1.6 0.4 1.9 1.3 3.4 2.9 5 0.8 0.8 0.8 0.8 0.7 1.3 0 0.6-0.5 1.6-1.7 3.6-0.3 0.5-0.5 0.9-0.5 0.9 0 0.1 0.1 0.1 0.5 0 0.8-0.2 2.3-0.6 5.6-1.6 1.1-0.3 1.3-0.4 2.3-0.4 0.8 0 1.1 0 2.3 0.2 1.5 0.2 3.5 0.2 4.9 0 5.1-0.6 9.3-2.9 11.4-6.3 0.5-0.9 0.9-1.8 1.1-2.8 0.1-0.5 0.2-1.1 0.2-1.6 0-0.7-0.1-1.1-0.2-1.6-0.3-1.4 0.1 0.5 0 0zM20.6 17.3c0 0.4-0.4 0.8-0.8 0.8h-7.7c-0.4 0-0.8-0.4-0.8-0.8v-4.6c0-0.4 0.4-0.8 0.8-0.8h0.2l0-1.6c0-0.9 0-1.8 0.1-2 0.1-0.6 0.6-1.2 1.1-1.7s1.1-0.7 1.9-0.8c1.8-0.3 3.7 0.7 4.2 2.2 0.1 0.3 0.1 0.7 0.1 2.1v0 1.7h0.1c0.4 0 0.8 0.4 0.8 0.8v4.6zM15.6 7.3c-0.5 0.1-0.8 0.3-1.2 0.6s-0.6 0.8-0.7 1.3c0 0.2 0 0.8 0 1.5l0 1.2h4.6v-1.3c0-1 0-1.4-0.1-1.6-0.3-1.1-1.5-1.9-2.6-1.7zM25.8 28.2c0 1.2-1 2.2-2.1 2.2s-2.1-1-2.1-2.1c0-1.2 1-2.1 2.2-2.1s2.2 1 2.2 2.2zM18.1 28.2c0 1.2-1 2.2-2.1 2.2s-2.1-1-2.1-2.1c0-1.2 1-2.1 2.2-2.1s2.2 1 2.2 2.2zM10.4 28.2c0 1.2-1 2.2-2.1 2.2s-2.1-1-2.1-2.1c0-1.2 1-2.1 2.2-2.1s2.2 1 2.2 2.2z\"\/><\/svg><\/span><span class=\"shariff-text\">teilen<\/span>&nbsp;<\/a><\/li><li class=\"shariff-button linkedin shariff-nocustomcolor\" style=\"background-color:#1488bf\"><a href=\"https:\/\/www.linkedin.com\/sharing\/share-offsite\/?url=https%3A%2F%2Fblogs.nmz.de%2Fbadblog%2F2024%2F12%2F06%2Fda-bin-ich-kein-experte-wir-lassen-uns-unsere-kultur-von-leuten-wegnehmen-die-von-kultur-keine-ahnung-haben%2F\" title=\"Bei LinkedIn teilen\" aria-label=\"Bei LinkedIn teilen\" role=\"button\" rel=\"noopener nofollow\" class=\"shariff-link\" style=\"; background-color:#0077b5; color:#fff\" target=\"_blank\"><span class=\"shariff-icon\" style=\"\"><svg width=\"32px\" height=\"20px\" xmlns=\"http:\/\/www.w3.org\/2000\/svg\" viewBox=\"0 0 27 32\"><path fill=\"#0077b5\" d=\"M6.2 11.2v17.7h-5.9v-17.7h5.9zM6.6 5.7q0 1.3-0.9 2.2t-2.4 0.9h0q-1.5 0-2.4-0.9t-0.9-2.2 0.9-2.2 2.4-0.9 2.4 0.9 0.9 2.2zM27.4 18.7v10.1h-5.9v-9.5q0-1.9-0.7-2.9t-2.3-1.1q-1.1 0-1.9 0.6t-1.2 1.5q-0.2 0.5-0.2 1.4v9.9h-5.9q0-7.1 0-11.6t0-5.3l0-0.9h5.9v2.6h0q0.4-0.6 0.7-1t1-0.9 1.6-0.8 2-0.3q3 0 4.9 2t1.9 6z\"\/><\/svg><\/span><span class=\"shariff-text\">teilen<\/span>&nbsp;<\/a><\/li><li class=\"shariff-button info shariff-nocustomcolor\" style=\"background-color:#eee\"><a href=\"http:\/\/ct.de\/-2467514\" title=\"Weitere Informationen\" aria-label=\"Weitere Informationen\" role=\"button\" rel=\"noopener \" class=\"shariff-link\" style=\"; background-color:#fff; color:#fff\" target=\"_blank\"><span class=\"shariff-icon\" style=\"\"><svg width=\"32px\" height=\"20px\" xmlns=\"http:\/\/www.w3.org\/2000\/svg\" viewBox=\"0 0 11 32\"><path fill=\"#999\" d=\"M11.4 24v2.3q0 0.5-0.3 0.8t-0.8 0.4h-9.1q-0.5 0-0.8-0.4t-0.4-0.8v-2.3q0-0.5 0.4-0.8t0.8-0.4h1.1v-6.8h-1.1q-0.5 0-0.8-0.4t-0.4-0.8v-2.3q0-0.5 0.4-0.8t0.8-0.4h6.8q0.5 0 0.8 0.4t0.4 0.8v10.3h1.1q0.5 0 0.8 0.4t0.3 0.8zM9.2 3.4v3.4q0 0.5-0.4 0.8t-0.8 0.4h-4.6q-0.4 0-0.8-0.4t-0.4-0.8v-3.4q0-0.4 0.4-0.8t0.8-0.4h4.6q0.5 0 0.8 0.4t0.4 0.8z\"\/><\/svg><\/span><\/a><\/li><\/ul><\/div>","protected":false},"excerpt":{"rendered":"<p>Jetzt wundern sich wieder alle! Nach den dramatischen Kultur-K&#252;rzungen in Berlin werden \u2013 nat&#252;rlich auch gerne mal vereinzelt, ohne sich wirklich wirkungsm&#228;chtig zu versammeln \u2013 Petitionen gestartet und auf Social Media wird gemeckert. Und, das darf nat&#252;rlich nicht fehlen, es werden alle m&#246;glichen Horror-Szenarien an diverse W&#228;nde gekleistert (bei Kultur&#46;&#46;&#46;<\/p>\n<div class=\"shariff shariff-align-left shariff-widget-align-left\" style=\"display:none\"><div class=\"ShariffHeadline\"> <\/div><ul class=\"shariff-buttons theme-default orientation-horizontal buttonsize-small\"><li class=\"shariff-button mastodon shariff-nocustomcolor\" style=\"background-color:#563ACC\"><a href=\"https:\/\/s2f.kytta.dev\/?text=%C2%BBDa%20bin%20ich%20kein%20Experte%21%C2%AB%20Wir%20lassen%20uns%20unsere%20Kultur%20von%20Leuten%20wegnehmen%2C%20die%20von%20Kultur%20keine%20Ahnung%20haben https%3A%2F%2Fblogs.nmz.de%2Fbadblog%2F2024%2F12%2F06%2Fda-bin-ich-kein-experte-wir-lassen-uns-unsere-kultur-von-leuten-wegnehmen-die-von-kultur-keine-ahnung-haben%2F\" title=\"Bei Mastodon teilen\" aria-label=\"Bei Mastodon teilen\" role=\"button\" rel=\"noopener nofollow\" class=\"shariff-link\" style=\"; background-color:#6364FF; color:#fff\" target=\"_blank\"><span class=\"shariff-icon\" style=\"\"><svg width=\"75\" height=\"79\" viewBox=\"0 0 75 79\" fill=\"none\" xmlns=\"http:\/\/www.w3.org\/2000\/svg\"><path d=\"M37.813-.025C32.462-.058 27.114.13 21.79.598c-8.544.621-17.214 5.58-20.203 13.931C-1.12 23.318.408 32.622.465 41.65c.375 7.316.943 14.78 3.392 21.73 4.365 9.465 14.781 14.537 24.782 15.385 7.64.698 15.761-.213 22.517-4.026a54.1 54.1 0 0 0 .01-6.232c-6.855 1.316-14.101 2.609-21.049 1.074-3.883-.88-6.876-4.237-7.25-8.215-1.53-3.988 3.78-.43 5.584-.883 9.048 1.224 18.282.776 27.303-.462 7.044-.837 14.26-4.788 16.65-11.833 2.263-6.135 1.215-12.79 1.698-19.177.06-3.84.09-7.692-.262-11.52C72.596 7.844 63.223.981 53.834.684a219.453 219.453 0 0 0-16.022-.71zm11.294 12.882c5.5-.067 10.801 4.143 11.67 9.653.338 1.48.471 3 .471 4.515v21.088h-8.357c-.07-7.588.153-15.182-.131-22.765-.587-4.368-7.04-5.747-9.672-2.397-2.422 3.04-1.47 7.155-1.67 10.735v6.392h-8.307c-.146-4.996.359-10.045-.404-15.002-1.108-4.218-7.809-5.565-10.094-1.666-1.685 3.046-.712 6.634-.976 9.936v14.767h-8.354c.109-8.165-.238-16.344.215-24.5.674-5.346 5.095-10.389 10.676-10.627 4.902-.739 10.103 2.038 12.053 6.631.375 1.435 1.76 1.932 1.994.084 1.844-3.704 5.501-6.739 9.785-6.771.367-.044.735-.068 1.101-.073z\"\/><defs><linearGradient id=\"paint0_linear_549_34\" x1=\"37.0692\" y1=\"0\" x2=\"37.0692\" y2=\"79\" gradientUnits=\"userSpaceOnUse\"><stop stop-color=\"#6364FF\"\/><stop offset=\"1\" stop-color=\"#563ACC\"\/><\/linearGradient><\/defs><\/svg><\/span><span class=\"shariff-text\">teilen<\/span>&nbsp;<\/a><\/li><li class=\"shariff-button bluesky shariff-nocustomcolor\" style=\"background-color:#84c4ff\"><a href=\"https:\/\/bsky.app\/intent\/compose?text=%C2%BBDa%20bin%20ich%20kein%20Experte%21%C2%AB%20Wir%20lassen%20uns%20unsere%20Kultur%20von%20Leuten%20wegnehmen%2C%20die%20von%20Kultur%20keine%20Ahnung%20haben https%3A%2F%2Fblogs.nmz.de%2Fbadblog%2F2024%2F12%2F06%2Fda-bin-ich-kein-experte-wir-lassen-uns-unsere-kultur-von-leuten-wegnehmen-die-von-kultur-keine-ahnung-haben%2F \" title=\"Bei Bluesky teilen\" aria-label=\"Bei Bluesky teilen\" role=\"button\" rel=\"noopener nofollow\" class=\"shariff-link\" style=\"; background-color:#0085ff; color:#fff\" target=\"_blank\"><span class=\"shariff-icon\" style=\"\"><svg width=\"20\" height=\"20\" version=\"1.1\" xmlns=\"http:\/\/www.w3.org\/2000\/svg\" viewBox=\"0 0 20 20\"><path class=\"st0\" d=\"M4.89,3.12c2.07,1.55,4.3,4.71,5.11,6.4.82-1.69,3.04-4.84,5.11-6.4,1.49-1.12,3.91-1.99,3.91.77,0,.55-.32,4.63-.5,5.3-.64,2.3-2.99,2.89-5.08,2.54,3.65.62,4.58,2.68,2.57,4.74-3.81,3.91-5.48-.98-5.9-2.23-.08-.23-.11-.34-.12-.25,0-.09-.04.02-.12.25-.43,1.25-2.09,6.14-5.9,2.23-2.01-2.06-1.08-4.12,2.57-4.74-2.09.36-4.44-.23-5.08-2.54-.19-.66-.5-4.74-.5-5.3,0-2.76,2.42-1.89,3.91-.77h0Z\"\/><\/svg><\/span><span class=\"shariff-text\">teilen<\/span>&nbsp;<\/a><\/li><li class=\"shariff-button facebook shariff-nocustomcolor\" style=\"background-color:#4273c8\"><a href=\"https:\/\/www.facebook.com\/sharer\/sharer.php?u=https%3A%2F%2Fblogs.nmz.de%2Fbadblog%2F2024%2F12%2F06%2Fda-bin-ich-kein-experte-wir-lassen-uns-unsere-kultur-von-leuten-wegnehmen-die-von-kultur-keine-ahnung-haben%2F\" title=\"Bei Facebook teilen\" aria-label=\"Bei Facebook teilen\" role=\"button\" rel=\"nofollow\" class=\"shariff-link\" style=\"; background-color:#3b5998; color:#fff\" target=\"_blank\"><span class=\"shariff-icon\" style=\"\"><svg width=\"32px\" height=\"20px\" xmlns=\"http:\/\/www.w3.org\/2000\/svg\" viewBox=\"0 0 18 32\"><path fill=\"#3b5998\" d=\"M17.1 0.2v4.7h-2.8q-1.5 0-2.1 0.6t-0.5 1.9v3.4h5.2l-0.7 5.3h-4.5v13.6h-5.5v-13.6h-4.5v-5.3h4.5v-3.9q0-3.3 1.9-5.2t5-1.8q2.6 0 4.1 0.2z\"\/><\/svg><\/span><span class=\"shariff-text\">teilen<\/span>&nbsp;<\/a><\/li><li class=\"shariff-button threema shariff-nocustomcolor shariff-mobile\" style=\"background-color:#4fbc24\"><a href=\"threema:\/\/compose?text=%C2%BBDa%20bin%20ich%20kein%20Experte%21%C2%AB%20Wir%20lassen%20uns%20unsere%20Kultur%20von%20Leuten%20wegnehmen%2C%20die%20von%20Kultur%20keine%20Ahnung%20haben%20https%3A%2F%2Fblogs.nmz.de%2Fbadblog%2F2024%2F12%2F06%2Fda-bin-ich-kein-experte-wir-lassen-uns-unsere-kultur-von-leuten-wegnehmen-die-von-kultur-keine-ahnung-haben%2F\" title=\"Bei Threema teilen\" aria-label=\"Bei Threema teilen\" role=\"button\" rel=\"noopener nofollow\" class=\"shariff-link\" style=\"; background-color:#1f1f1f; color:#fff\" target=\"_blank\"><span class=\"shariff-icon\" style=\"\"><svg width=\"32px\" height=\"20px\" xmlns=\"http:\/\/www.w3.org\/2000\/svg\" viewBox=\"0 0 32 32\"><path fill=\"#1f1f1f\" d=\"M30.8 10.9c-0.3-1.4-0.9-2.6-1.8-3.8-2-2.6-5.5-4.5-9.4-5.2-1.3-0.2-1.9-0.3-3.5-0.3s-2.2 0-3.5 0.3c-4 0.7-7.4 2.6-9.4 5.2-0.9 1.2-1.5 2.4-1.8 3.8-0.1 0.5-0.2 1.2-0.2 1.6 0 0.4 0.1 1.1 0.2 1.6 0.4 1.9 1.3 3.4 2.9 5 0.8 0.8 0.8 0.8 0.7 1.3 0 0.6-0.5 1.6-1.7 3.6-0.3 0.5-0.5 0.9-0.5 0.9 0 0.1 0.1 0.1 0.5 0 0.8-0.2 2.3-0.6 5.6-1.6 1.1-0.3 1.3-0.4 2.3-0.4 0.8 0 1.1 0 2.3 0.2 1.5 0.2 3.5 0.2 4.9 0 5.1-0.6 9.3-2.9 11.4-6.3 0.5-0.9 0.9-1.8 1.1-2.8 0.1-0.5 0.2-1.1 0.2-1.6 0-0.7-0.1-1.1-0.2-1.6-0.3-1.4 0.1 0.5 0 0zM20.6 17.3c0 0.4-0.4 0.8-0.8 0.8h-7.7c-0.4 0-0.8-0.4-0.8-0.8v-4.6c0-0.4 0.4-0.8 0.8-0.8h0.2l0-1.6c0-0.9 0-1.8 0.1-2 0.1-0.6 0.6-1.2 1.1-1.7s1.1-0.7 1.9-0.8c1.8-0.3 3.7 0.7 4.2 2.2 0.1 0.3 0.1 0.7 0.1 2.1v0 1.7h0.1c0.4 0 0.8 0.4 0.8 0.8v4.6zM15.6 7.3c-0.5 0.1-0.8 0.3-1.2 0.6s-0.6 0.8-0.7 1.3c0 0.2 0 0.8 0 1.5l0 1.2h4.6v-1.3c0-1 0-1.4-0.1-1.6-0.3-1.1-1.5-1.9-2.6-1.7zM25.8 28.2c0 1.2-1 2.2-2.1 2.2s-2.1-1-2.1-2.1c0-1.2 1-2.1 2.2-2.1s2.2 1 2.2 2.2zM18.1 28.2c0 1.2-1 2.2-2.1 2.2s-2.1-1-2.1-2.1c0-1.2 1-2.1 2.2-2.1s2.2 1 2.2 2.2zM10.4 28.2c0 1.2-1 2.2-2.1 2.2s-2.1-1-2.1-2.1c0-1.2 1-2.1 2.2-2.1s2.2 1 2.2 2.2z\"\/><\/svg><\/span><span class=\"shariff-text\">teilen<\/span>&nbsp;<\/a><\/li><li class=\"shariff-button linkedin shariff-nocustomcolor\" style=\"background-color:#1488bf\"><a href=\"https:\/\/www.linkedin.com\/sharing\/share-offsite\/?url=https%3A%2F%2Fblogs.nmz.de%2Fbadblog%2F2024%2F12%2F06%2Fda-bin-ich-kein-experte-wir-lassen-uns-unsere-kultur-von-leuten-wegnehmen-die-von-kultur-keine-ahnung-haben%2F\" title=\"Bei LinkedIn teilen\" aria-label=\"Bei LinkedIn teilen\" role=\"button\" rel=\"noopener nofollow\" class=\"shariff-link\" style=\"; background-color:#0077b5; color:#fff\" target=\"_blank\"><span class=\"shariff-icon\" style=\"\"><svg width=\"32px\" height=\"20px\" xmlns=\"http:\/\/www.w3.org\/2000\/svg\" viewBox=\"0 0 27 32\"><path fill=\"#0077b5\" d=\"M6.2 11.2v17.7h-5.9v-17.7h5.9zM6.6 5.7q0 1.3-0.9 2.2t-2.4 0.9h0q-1.5 0-2.4-0.9t-0.9-2.2 0.9-2.2 2.4-0.9 2.4 0.9 0.9 2.2zM27.4 18.7v10.1h-5.9v-9.5q0-1.9-0.7-2.9t-2.3-1.1q-1.1 0-1.9 0.6t-1.2 1.5q-0.2 0.5-0.2 1.4v9.9h-5.9q0-7.1 0-11.6t0-5.3l0-0.9h5.9v2.6h0q0.4-0.6 0.7-1t1-0.9 1.6-0.8 2-0.3q3 0 4.9 2t1.9 6z\"\/><\/svg><\/span><span class=\"shariff-text\">teilen<\/span>&nbsp;<\/a><\/li><li class=\"shariff-button info shariff-nocustomcolor\" style=\"background-color:#eee\"><a href=\"http:\/\/ct.de\/-2467514\" title=\"Weitere Informationen\" aria-label=\"Weitere Informationen\" role=\"button\" rel=\"noopener \" class=\"shariff-link\" style=\"; background-color:#fff; color:#fff\" target=\"_blank\"><span class=\"shariff-icon\" style=\"\"><svg width=\"32px\" height=\"20px\" xmlns=\"http:\/\/www.w3.org\/2000\/svg\" viewBox=\"0 0 11 32\"><path fill=\"#999\" d=\"M11.4 24v2.3q0 0.5-0.3 0.8t-0.8 0.4h-9.1q-0.5 0-0.8-0.4t-0.4-0.8v-2.3q0-0.5 0.4-0.8t0.8-0.4h1.1v-6.8h-1.1q-0.5 0-0.8-0.4t-0.4-0.8v-2.3q0-0.5 0.4-0.8t0.8-0.4h6.8q0.5 0 0.8 0.4t0.4 0.8v10.3h1.1q0.5 0 0.8 0.4t0.3 0.8zM9.2 3.4v3.4q0 0.5-0.4 0.8t-0.8 0.4h-4.6q-0.4 0-0.8-0.4t-0.4-0.8v-3.4q0-0.4 0.4-0.8t0.8-0.4h4.6q0.5 0 0.8 0.4t0.4 0.8z\"\/><\/svg><\/span><\/a><\/li><\/ul><\/div>","protected":false},"author":4,"featured_media":29548,"comment_status":"open","ping_status":"closed","sticky":false,"template":"","format":"standard","meta":{"jetpack_post_was_ever_published":false,"_jetpack_newsletter_access":"","_jetpack_dont_email_post_to_subs":false,"_jetpack_newsletter_tier_id":0,"_jetpack_memberships_contains_paywalled_content":false,"_jetpack_memberships_contains_paid_content":false,"footnotes":""},"categories":[14657,11372],"tags":[266,1472,13020,2286],"class_list":["post-29547","post","type-post","status-publish","format-standard","has-post-thumbnail","hentry","category-nicht-kategorisiert","category-featured","tag-kulturpolitik","tag-rundfunk","tag-van-magazin","tag-zdf"],"yoast_head":"<!-- This site is optimized with the Yoast SEO plugin v27.5 - https:\/\/yoast.com\/product\/yoast-seo-wordpress\/ -->\n<title>\u00bbDa bin ich kein Experte!\u00ab Wir lassen uns unsere Kultur von Leuten wegnehmen, die von Kultur keine Ahnung haben &#8211; Bad Blog Of Musick - nmz Klassik-Blog<\/title>\n<meta name=\"description\" content=\"Bad Blog Of Musick \u2013 Ein Klassik-Blog und das wahrscheinlich bedeutendste Musik-Blog zur zeitgen\u00f6ssischen und klassischen Musikkultur\" \/>\n<meta name=\"robots\" content=\"index, follow, max-snippet:-1, max-image-preview:large, max-video-preview:-1\" \/>\n<link rel=\"canonical\" href=\"https:\/\/blogs.nmz.de\/badblog\/2024\/12\/06\/da-bin-ich-kein-experte-wir-lassen-uns-unsere-kultur-von-leuten-wegnehmen-die-von-kultur-keine-ahnung-haben\/\" \/>\n<meta property=\"og:locale\" content=\"de_DE\" \/>\n<meta property=\"og:type\" content=\"article\" \/>\n<meta property=\"og:title\" content=\"\u00bbDa bin ich kein Experte!\u00ab Wir lassen uns unsere Kultur von Leuten wegnehmen, die von Kultur keine Ahnung haben &#8211; Bad Blog Of Musick - nmz Klassik-Blog\" \/>\n<meta property=\"og:description\" content=\"Bad Blog Of Musick \u2013 Ein Klassik-Blog und das wahrscheinlich bedeutendste Musik-Blog zur zeitgen\u00f6ssischen und klassischen Musikkultur\" \/>\n<meta property=\"og:url\" content=\"https:\/\/blogs.nmz.de\/badblog\/2024\/12\/06\/da-bin-ich-kein-experte-wir-lassen-uns-unsere-kultur-von-leuten-wegnehmen-die-von-kultur-keine-ahnung-haben\/\" \/>\n<meta property=\"og:site_name\" content=\"Bad Blog Of Musick\" \/>\n<meta property=\"article:publisher\" content=\"https:\/\/www.facebook.com\/musikzeitung\" \/>\n<meta property=\"article:published_time\" content=\"2024-12-06T12:51:15+00:00\" \/>\n<meta property=\"article:modified_time\" content=\"2024-12-06T16:18:13+00:00\" \/>\n<meta property=\"og:image\" content=\"https:\/\/blogs.nmz.de\/badblog\/files\/2024\/12\/Unbenannt.png\" \/>\n\t<meta property=\"og:image:width\" content=\"445\" \/>\n\t<meta property=\"og:image:height\" content=\"279\" \/>\n\t<meta property=\"og:image:type\" content=\"image\/png\" \/>\n<meta name=\"author\" content=\"Arno L\u00fccker\" \/>\n<meta name=\"twitter:card\" content=\"summary_large_image\" \/>\n<meta name=\"twitter:creator\" content=\"@musikzeitung\" \/>\n<meta name=\"twitter:site\" content=\"@musikzeitung\" \/>\n<meta name=\"twitter:label1\" content=\"Verfasst von\" \/>\n\t<meta name=\"twitter:data1\" content=\"Arno L\u00fccker\" \/>\n\t<meta name=\"twitter:label2\" content=\"Gesch\u00e4tzte Lesezeit\" \/>\n\t<meta name=\"twitter:data2\" content=\"4\u00a0Minuten\" \/>\n<script type=\"application\/ld+json\" class=\"yoast-schema-graph\">{\"@context\":\"https:\\\/\\\/schema.org\",\"@graph\":[{\"@type\":\"Article\",\"@id\":\"https:\\\/\\\/blogs.nmz.de\\\/badblog\\\/2024\\\/12\\\/06\\\/da-bin-ich-kein-experte-wir-lassen-uns-unsere-kultur-von-leuten-wegnehmen-die-von-kultur-keine-ahnung-haben\\\/#article\",\"isPartOf\":{\"@id\":\"https:\\\/\\\/blogs.nmz.de\\\/badblog\\\/2024\\\/12\\\/06\\\/da-bin-ich-kein-experte-wir-lassen-uns-unsere-kultur-von-leuten-wegnehmen-die-von-kultur-keine-ahnung-haben\\\/\"},\"author\":{\"name\":\"Arno L\u00fccker\",\"@id\":\"https:\\\/\\\/blogs.nmz.de\\\/badblog\\\/#\\\/schema\\\/person\\\/006319494c6abac7102be470a5b5c092\"},\"headline\":\"\u00bbDa bin ich kein Experte!\u00ab Wir lassen uns unsere Kultur von Leuten wegnehmen, die von Kultur keine Ahnung haben\",\"datePublished\":\"2024-12-06T12:51:15+00:00\",\"dateModified\":\"2024-12-06T16:18:13+00:00\",\"mainEntityOfPage\":{\"@id\":\"https:\\\/\\\/blogs.nmz.de\\\/badblog\\\/2024\\\/12\\\/06\\\/da-bin-ich-kein-experte-wir-lassen-uns-unsere-kultur-von-leuten-wegnehmen-die-von-kultur-keine-ahnung-haben\\\/\"},\"wordCount\":770,\"commentCount\":1,\"publisher\":{\"@id\":\"https:\\\/\\\/blogs.nmz.de\\\/badblog\\\/#organization\"},\"image\":{\"@id\":\"https:\\\/\\\/blogs.nmz.de\\\/badblog\\\/2024\\\/12\\\/06\\\/da-bin-ich-kein-experte-wir-lassen-uns-unsere-kultur-von-leuten-wegnehmen-die-von-kultur-keine-ahnung-haben\\\/#primaryimage\"},\"thumbnailUrl\":\"https:\\\/\\\/i0.wp.com\\\/blogs.nmz.de\\\/badblog\\\/files\\\/2024\\\/12\\\/Unbenannt.png?fit=445%2C279&ssl=1\",\"keywords\":[\"kulturpolitik\",\"Rundfunk\",\"VAN Magazin\",\"ZDF\"],\"articleSection\":{\"1\":\"Featured\"},\"inLanguage\":\"de\",\"potentialAction\":[{\"@type\":\"CommentAction\",\"name\":\"Comment\",\"target\":[\"https:\\\/\\\/blogs.nmz.de\\\/badblog\\\/2024\\\/12\\\/06\\\/da-bin-ich-kein-experte-wir-lassen-uns-unsere-kultur-von-leuten-wegnehmen-die-von-kultur-keine-ahnung-haben\\\/#respond\"]}]},{\"@type\":\"WebPage\",\"@id\":\"https:\\\/\\\/blogs.nmz.de\\\/badblog\\\/2024\\\/12\\\/06\\\/da-bin-ich-kein-experte-wir-lassen-uns-unsere-kultur-von-leuten-wegnehmen-die-von-kultur-keine-ahnung-haben\\\/\",\"url\":\"https:\\\/\\\/blogs.nmz.de\\\/badblog\\\/2024\\\/12\\\/06\\\/da-bin-ich-kein-experte-wir-lassen-uns-unsere-kultur-von-leuten-wegnehmen-die-von-kultur-keine-ahnung-haben\\\/\",\"name\":\"\u00bbDa bin ich kein Experte!\u00ab Wir lassen uns unsere Kultur von Leuten wegnehmen, die von Kultur keine Ahnung haben &#8211; Bad Blog Of Musick - nmz Klassik-Blog\",\"isPartOf\":{\"@id\":\"https:\\\/\\\/blogs.nmz.de\\\/badblog\\\/#website\"},\"primaryImageOfPage\":{\"@id\":\"https:\\\/\\\/blogs.nmz.de\\\/badblog\\\/2024\\\/12\\\/06\\\/da-bin-ich-kein-experte-wir-lassen-uns-unsere-kultur-von-leuten-wegnehmen-die-von-kultur-keine-ahnung-haben\\\/#primaryimage\"},\"image\":{\"@id\":\"https:\\\/\\\/blogs.nmz.de\\\/badblog\\\/2024\\\/12\\\/06\\\/da-bin-ich-kein-experte-wir-lassen-uns-unsere-kultur-von-leuten-wegnehmen-die-von-kultur-keine-ahnung-haben\\\/#primaryimage\"},\"thumbnailUrl\":\"https:\\\/\\\/i0.wp.com\\\/blogs.nmz.de\\\/badblog\\\/files\\\/2024\\\/12\\\/Unbenannt.png?fit=445%2C279&ssl=1\",\"datePublished\":\"2024-12-06T12:51:15+00:00\",\"dateModified\":\"2024-12-06T16:18:13+00:00\",\"description\":\"Bad Blog Of Musick \u2013 Ein Klassik-Blog und das wahrscheinlich bedeutendste Musik-Blog zur zeitgen\u00f6ssischen und klassischen Musikkultur\",\"breadcrumb\":{\"@id\":\"https:\\\/\\\/blogs.nmz.de\\\/badblog\\\/2024\\\/12\\\/06\\\/da-bin-ich-kein-experte-wir-lassen-uns-unsere-kultur-von-leuten-wegnehmen-die-von-kultur-keine-ahnung-haben\\\/#breadcrumb\"},\"inLanguage\":\"de\",\"potentialAction\":[{\"@type\":\"ReadAction\",\"target\":[\"https:\\\/\\\/blogs.nmz.de\\\/badblog\\\/2024\\\/12\\\/06\\\/da-bin-ich-kein-experte-wir-lassen-uns-unsere-kultur-von-leuten-wegnehmen-die-von-kultur-keine-ahnung-haben\\\/\"]}]},{\"@type\":\"ImageObject\",\"inLanguage\":\"de\",\"@id\":\"https:\\\/\\\/blogs.nmz.de\\\/badblog\\\/2024\\\/12\\\/06\\\/da-bin-ich-kein-experte-wir-lassen-uns-unsere-kultur-von-leuten-wegnehmen-die-von-kultur-keine-ahnung-haben\\\/#primaryimage\",\"url\":\"https:\\\/\\\/i0.wp.com\\\/blogs.nmz.de\\\/badblog\\\/files\\\/2024\\\/12\\\/Unbenannt.png?fit=445%2C279&ssl=1\",\"contentUrl\":\"https:\\\/\\\/i0.wp.com\\\/blogs.nmz.de\\\/badblog\\\/files\\\/2024\\\/12\\\/Unbenannt.png?fit=445%2C279&ssl=1\",\"width\":445,\"height\":279},{\"@type\":\"BreadcrumbList\",\"@id\":\"https:\\\/\\\/blogs.nmz.de\\\/badblog\\\/2024\\\/12\\\/06\\\/da-bin-ich-kein-experte-wir-lassen-uns-unsere-kultur-von-leuten-wegnehmen-die-von-kultur-keine-ahnung-haben\\\/#breadcrumb\",\"itemListElement\":[{\"@type\":\"ListItem\",\"position\":1,\"name\":\"Startseite\",\"item\":\"https:\\\/\\\/blogs.nmz.de\\\/badblog\\\/\"},{\"@type\":\"ListItem\",\"position\":2,\"name\":\"\u00bbDa bin ich kein Experte!\u00ab Wir lassen uns unsere Kultur von Leuten wegnehmen, die von Kultur keine Ahnung haben\"}]},{\"@type\":\"WebSite\",\"@id\":\"https:\\\/\\\/blogs.nmz.de\\\/badblog\\\/#website\",\"url\":\"https:\\\/\\\/blogs.nmz.de\\\/badblog\\\/\",\"name\":\"Bad Blog Of Musick\",\"description\":\"Das bedeutendste Blog zur zeitgen\u00f6ssischen Musikkultur\",\"publisher\":{\"@id\":\"https:\\\/\\\/blogs.nmz.de\\\/badblog\\\/#organization\"},\"potentialAction\":[{\"@type\":\"SearchAction\",\"target\":{\"@type\":\"EntryPoint\",\"urlTemplate\":\"https:\\\/\\\/blogs.nmz.de\\\/badblog\\\/?s={search_term_string}\"},\"query-input\":{\"@type\":\"PropertyValueSpecification\",\"valueRequired\":true,\"valueName\":\"search_term_string\"}}],\"inLanguage\":\"de\"},{\"@type\":\"Organization\",\"@id\":\"https:\\\/\\\/blogs.nmz.de\\\/badblog\\\/#organization\",\"name\":\"neue musikzeitung | Bad Blog Of Musick\",\"url\":\"https:\\\/\\\/blogs.nmz.de\\\/badblog\\\/\",\"logo\":{\"@type\":\"ImageObject\",\"inLanguage\":\"de\",\"@id\":\"https:\\\/\\\/blogs.nmz.de\\\/badblog\\\/#\\\/schema\\\/logo\\\/image\\\/\",\"url\":\"https:\\\/\\\/i0.wp.com\\\/blogs.nmz.de\\\/badblog\\\/files\\\/2016\\\/10\\\/badblog-logo1.png?fit=512%2C512&ssl=1\",\"contentUrl\":\"https:\\\/\\\/i0.wp.com\\\/blogs.nmz.de\\\/badblog\\\/files\\\/2016\\\/10\\\/badblog-logo1.png?fit=512%2C512&ssl=1\",\"width\":512,\"height\":512,\"caption\":\"neue musikzeitung | Bad Blog Of Musick\"},\"image\":{\"@id\":\"https:\\\/\\\/blogs.nmz.de\\\/badblog\\\/#\\\/schema\\\/logo\\\/image\\\/\"},\"sameAs\":[\"https:\\\/\\\/www.facebook.com\\\/musikzeitung\",\"https:\\\/\\\/x.com\\\/musikzeitung\"]},{\"@type\":\"Person\",\"@id\":\"https:\\\/\\\/blogs.nmz.de\\\/badblog\\\/#\\\/schema\\\/person\\\/006319494c6abac7102be470a5b5c092\",\"name\":\"Arno L\u00fccker\",\"description\":\"Arno L\u00fccker wuchs in der N\u00e4he von Hannover auf, studierte Musikwissenschaft und Philosophie in Hannover, Freiburg - und Berlin. Er arbeitet als Autor (2020 erschien sein Buch \u00bbop. 111 \u2013 Beethovens letzte Klaviersonate Takt f\u00fcr Takt\u00ab, 2023 sein Buch \u00bb250 Komponistinnen\u00ab), Moderator, Dramaturg, Pianist, Komponist und Musik-Satiriker. Seit 2025 ist er Dramaturg an der Staatsoper Hannover. Seit 2004 erscheinen regelm\u00e4\u00dfig Beitr\u00e4ge von ihm in der TITANIC. Arno L\u00fccker ist Bad-Blog-Autor der ersten Stunde, Fan von Hannover 96 und den Toronto Blue Jays.\",\"sameAs\":[\"http:\\\/\\\/www.arnoluecker.de\\\/\"],\"url\":\"https:\\\/\\\/blogs.nmz.de\\\/badblog\\\/author\\\/arno\\\/\"}]}<\/script>\n<!-- \/ Yoast SEO plugin. -->","yoast_head_json":{"title":"\u00bbDa bin ich kein Experte!\u00ab Wir lassen uns unsere Kultur von Leuten wegnehmen, die von Kultur keine Ahnung haben &#8211; Bad Blog Of Musick - nmz Klassik-Blog","description":"Bad Blog Of Musick \u2013 Ein Klassik-Blog und das wahrscheinlich bedeutendste Musik-Blog zur zeitgen\u00f6ssischen und klassischen Musikkultur","robots":{"index":"index","follow":"follow","max-snippet":"max-snippet:-1","max-image-preview":"max-image-preview:large","max-video-preview":"max-video-preview:-1"},"canonical":"https:\/\/blogs.nmz.de\/badblog\/2024\/12\/06\/da-bin-ich-kein-experte-wir-lassen-uns-unsere-kultur-von-leuten-wegnehmen-die-von-kultur-keine-ahnung-haben\/","og_locale":"de_DE","og_type":"article","og_title":"\u00bbDa bin ich kein Experte!\u00ab Wir lassen uns unsere Kultur von Leuten wegnehmen, die von Kultur keine Ahnung haben &#8211; Bad Blog Of Musick - nmz Klassik-Blog","og_description":"Bad Blog Of Musick \u2013 Ein Klassik-Blog und das wahrscheinlich bedeutendste Musik-Blog zur zeitgen\u00f6ssischen und klassischen Musikkultur","og_url":"https:\/\/blogs.nmz.de\/badblog\/2024\/12\/06\/da-bin-ich-kein-experte-wir-lassen-uns-unsere-kultur-von-leuten-wegnehmen-die-von-kultur-keine-ahnung-haben\/","og_site_name":"Bad Blog Of Musick","article_publisher":"https:\/\/www.facebook.com\/musikzeitung","article_published_time":"2024-12-06T12:51:15+00:00","article_modified_time":"2024-12-06T16:18:13+00:00","og_image":[{"width":445,"height":279,"url":"https:\/\/blogs.nmz.de\/badblog\/files\/2024\/12\/Unbenannt.png","type":"image\/png"}],"author":"Arno L\u00fccker","twitter_card":"summary_large_image","twitter_creator":"@musikzeitung","twitter_site":"@musikzeitung","twitter_misc":{"Verfasst von":"Arno L\u00fccker","Gesch\u00e4tzte Lesezeit":"4\u00a0Minuten"},"schema":{"@context":"https:\/\/schema.org","@graph":[{"@type":"Article","@id":"https:\/\/blogs.nmz.de\/badblog\/2024\/12\/06\/da-bin-ich-kein-experte-wir-lassen-uns-unsere-kultur-von-leuten-wegnehmen-die-von-kultur-keine-ahnung-haben\/#article","isPartOf":{"@id":"https:\/\/blogs.nmz.de\/badblog\/2024\/12\/06\/da-bin-ich-kein-experte-wir-lassen-uns-unsere-kultur-von-leuten-wegnehmen-die-von-kultur-keine-ahnung-haben\/"},"author":{"name":"Arno L\u00fccker","@id":"https:\/\/blogs.nmz.de\/badblog\/#\/schema\/person\/006319494c6abac7102be470a5b5c092"},"headline":"\u00bbDa bin ich kein Experte!\u00ab Wir lassen uns unsere Kultur von Leuten wegnehmen, die von Kultur keine Ahnung haben","datePublished":"2024-12-06T12:51:15+00:00","dateModified":"2024-12-06T16:18:13+00:00","mainEntityOfPage":{"@id":"https:\/\/blogs.nmz.de\/badblog\/2024\/12\/06\/da-bin-ich-kein-experte-wir-lassen-uns-unsere-kultur-von-leuten-wegnehmen-die-von-kultur-keine-ahnung-haben\/"},"wordCount":770,"commentCount":1,"publisher":{"@id":"https:\/\/blogs.nmz.de\/badblog\/#organization"},"image":{"@id":"https:\/\/blogs.nmz.de\/badblog\/2024\/12\/06\/da-bin-ich-kein-experte-wir-lassen-uns-unsere-kultur-von-leuten-wegnehmen-die-von-kultur-keine-ahnung-haben\/#primaryimage"},"thumbnailUrl":"https:\/\/i0.wp.com\/blogs.nmz.de\/badblog\/files\/2024\/12\/Unbenannt.png?fit=445%2C279&ssl=1","keywords":["kulturpolitik","Rundfunk","VAN Magazin","ZDF"],"articleSection":{"1":"Featured"},"inLanguage":"de","potentialAction":[{"@type":"CommentAction","name":"Comment","target":["https:\/\/blogs.nmz.de\/badblog\/2024\/12\/06\/da-bin-ich-kein-experte-wir-lassen-uns-unsere-kultur-von-leuten-wegnehmen-die-von-kultur-keine-ahnung-haben\/#respond"]}]},{"@type":"WebPage","@id":"https:\/\/blogs.nmz.de\/badblog\/2024\/12\/06\/da-bin-ich-kein-experte-wir-lassen-uns-unsere-kultur-von-leuten-wegnehmen-die-von-kultur-keine-ahnung-haben\/","url":"https:\/\/blogs.nmz.de\/badblog\/2024\/12\/06\/da-bin-ich-kein-experte-wir-lassen-uns-unsere-kultur-von-leuten-wegnehmen-die-von-kultur-keine-ahnung-haben\/","name":"\u00bbDa bin ich kein Experte!\u00ab Wir lassen uns unsere Kultur von Leuten wegnehmen, die von Kultur keine Ahnung haben &#8211; Bad Blog Of Musick - nmz Klassik-Blog","isPartOf":{"@id":"https:\/\/blogs.nmz.de\/badblog\/#website"},"primaryImageOfPage":{"@id":"https:\/\/blogs.nmz.de\/badblog\/2024\/12\/06\/da-bin-ich-kein-experte-wir-lassen-uns-unsere-kultur-von-leuten-wegnehmen-die-von-kultur-keine-ahnung-haben\/#primaryimage"},"image":{"@id":"https:\/\/blogs.nmz.de\/badblog\/2024\/12\/06\/da-bin-ich-kein-experte-wir-lassen-uns-unsere-kultur-von-leuten-wegnehmen-die-von-kultur-keine-ahnung-haben\/#primaryimage"},"thumbnailUrl":"https:\/\/i0.wp.com\/blogs.nmz.de\/badblog\/files\/2024\/12\/Unbenannt.png?fit=445%2C279&ssl=1","datePublished":"2024-12-06T12:51:15+00:00","dateModified":"2024-12-06T16:18:13+00:00","description":"Bad Blog Of Musick \u2013 Ein Klassik-Blog und das wahrscheinlich bedeutendste Musik-Blog zur zeitgen\u00f6ssischen und klassischen Musikkultur","breadcrumb":{"@id":"https:\/\/blogs.nmz.de\/badblog\/2024\/12\/06\/da-bin-ich-kein-experte-wir-lassen-uns-unsere-kultur-von-leuten-wegnehmen-die-von-kultur-keine-ahnung-haben\/#breadcrumb"},"inLanguage":"de","potentialAction":[{"@type":"ReadAction","target":["https:\/\/blogs.nmz.de\/badblog\/2024\/12\/06\/da-bin-ich-kein-experte-wir-lassen-uns-unsere-kultur-von-leuten-wegnehmen-die-von-kultur-keine-ahnung-haben\/"]}]},{"@type":"ImageObject","inLanguage":"de","@id":"https:\/\/blogs.nmz.de\/badblog\/2024\/12\/06\/da-bin-ich-kein-experte-wir-lassen-uns-unsere-kultur-von-leuten-wegnehmen-die-von-kultur-keine-ahnung-haben\/#primaryimage","url":"https:\/\/i0.wp.com\/blogs.nmz.de\/badblog\/files\/2024\/12\/Unbenannt.png?fit=445%2C279&ssl=1","contentUrl":"https:\/\/i0.wp.com\/blogs.nmz.de\/badblog\/files\/2024\/12\/Unbenannt.png?fit=445%2C279&ssl=1","width":445,"height":279},{"@type":"BreadcrumbList","@id":"https:\/\/blogs.nmz.de\/badblog\/2024\/12\/06\/da-bin-ich-kein-experte-wir-lassen-uns-unsere-kultur-von-leuten-wegnehmen-die-von-kultur-keine-ahnung-haben\/#breadcrumb","itemListElement":[{"@type":"ListItem","position":1,"name":"Startseite","item":"https:\/\/blogs.nmz.de\/badblog\/"},{"@type":"ListItem","position":2,"name":"\u00bbDa bin ich kein Experte!\u00ab Wir lassen uns unsere Kultur von Leuten wegnehmen, die von Kultur keine Ahnung haben"}]},{"@type":"WebSite","@id":"https:\/\/blogs.nmz.de\/badblog\/#website","url":"https:\/\/blogs.nmz.de\/badblog\/","name":"Bad Blog Of Musick","description":"Das bedeutendste Blog zur zeitgen\u00f6ssischen Musikkultur","publisher":{"@id":"https:\/\/blogs.nmz.de\/badblog\/#organization"},"potentialAction":[{"@type":"SearchAction","target":{"@type":"EntryPoint","urlTemplate":"https:\/\/blogs.nmz.de\/badblog\/?s={search_term_string}"},"query-input":{"@type":"PropertyValueSpecification","valueRequired":true,"valueName":"search_term_string"}}],"inLanguage":"de"},{"@type":"Organization","@id":"https:\/\/blogs.nmz.de\/badblog\/#organization","name":"neue musikzeitung | Bad Blog Of Musick","url":"https:\/\/blogs.nmz.de\/badblog\/","logo":{"@type":"ImageObject","inLanguage":"de","@id":"https:\/\/blogs.nmz.de\/badblog\/#\/schema\/logo\/image\/","url":"https:\/\/i0.wp.com\/blogs.nmz.de\/badblog\/files\/2016\/10\/badblog-logo1.png?fit=512%2C512&ssl=1","contentUrl":"https:\/\/i0.wp.com\/blogs.nmz.de\/badblog\/files\/2016\/10\/badblog-logo1.png?fit=512%2C512&ssl=1","width":512,"height":512,"caption":"neue musikzeitung | Bad Blog Of Musick"},"image":{"@id":"https:\/\/blogs.nmz.de\/badblog\/#\/schema\/logo\/image\/"},"sameAs":["https:\/\/www.facebook.com\/musikzeitung","https:\/\/x.com\/musikzeitung"]},{"@type":"Person","@id":"https:\/\/blogs.nmz.de\/badblog\/#\/schema\/person\/006319494c6abac7102be470a5b5c092","name":"Arno L\u00fccker","description":"Arno L\u00fccker wuchs in der N\u00e4he von Hannover auf, studierte Musikwissenschaft und Philosophie in Hannover, Freiburg - und Berlin. Er arbeitet als Autor (2020 erschien sein Buch \u00bbop. 111 \u2013 Beethovens letzte Klaviersonate Takt f\u00fcr Takt\u00ab, 2023 sein Buch \u00bb250 Komponistinnen\u00ab), Moderator, Dramaturg, Pianist, Komponist und Musik-Satiriker. Seit 2025 ist er Dramaturg an der Staatsoper Hannover. Seit 2004 erscheinen regelm\u00e4\u00dfig Beitr\u00e4ge von ihm in der TITANIC. Arno L\u00fccker ist Bad-Blog-Autor der ersten Stunde, Fan von Hannover 96 und den Toronto Blue Jays.","sameAs":["http:\/\/www.arnoluecker.de\/"],"url":"https:\/\/blogs.nmz.de\/badblog\/author\/arno\/"}]}},"wp-worthy-pixel":{"ignored":false,"public":null,"server":null,"url":null},"wp-worthy-type":"normal","jetpack_featured_media_url":"https:\/\/i0.wp.com\/blogs.nmz.de\/badblog\/files\/2024\/12\/Unbenannt.png?fit=445%2C279&ssl=1","jetpack-related-posts":[],"jetpack_sharing_enabled":true,"_links":{"self":[{"href":"https:\/\/blogs.nmz.de\/badblog\/wp-json\/wp\/v2\/posts\/29547","targetHints":{"allow":["GET"]}}],"collection":[{"href":"https:\/\/blogs.nmz.de\/badblog\/wp-json\/wp\/v2\/posts"}],"about":[{"href":"https:\/\/blogs.nmz.de\/badblog\/wp-json\/wp\/v2\/types\/post"}],"author":[{"embeddable":true,"href":"https:\/\/blogs.nmz.de\/badblog\/wp-json\/wp\/v2\/users\/4"}],"replies":[{"embeddable":true,"href":"https:\/\/blogs.nmz.de\/badblog\/wp-json\/wp\/v2\/comments?post=29547"}],"version-history":[{"count":12,"href":"https:\/\/blogs.nmz.de\/badblog\/wp-json\/wp\/v2\/posts\/29547\/revisions"}],"predecessor-version":[{"id":29562,"href":"https:\/\/blogs.nmz.de\/badblog\/wp-json\/wp\/v2\/posts\/29547\/revisions\/29562"}],"wp:featuredmedia":[{"embeddable":true,"href":"https:\/\/blogs.nmz.de\/badblog\/wp-json\/wp\/v2\/media\/29548"}],"wp:attachment":[{"href":"https:\/\/blogs.nmz.de\/badblog\/wp-json\/wp\/v2\/media?parent=29547"}],"wp:term":[{"taxonomy":"category","embeddable":true,"href":"https:\/\/blogs.nmz.de\/badblog\/wp-json\/wp\/v2\/categories?post=29547"},{"taxonomy":"post_tag","embeddable":true,"href":"https:\/\/blogs.nmz.de\/badblog\/wp-json\/wp\/v2\/tags?post=29547"}],"curies":[{"name":"wp","href":"https:\/\/api.w.org\/{rel}","templated":true}]}}