{"id":24250,"date":"2021-05-08T08:15:42","date_gmt":"2021-05-08T06:15:42","guid":{"rendered":"https:\/\/blogs.nmz.de\/badblog\/?p=24250"},"modified":"2021-05-03T19:34:09","modified_gmt":"2021-05-03T17:34:09","slug":"neue-musik-musikfeature-soundart-die-radiowoche-vom-10-05-bis-16-05-2021","status":"publish","type":"post","link":"https:\/\/blogs.nmz.de\/badblog\/2021\/05\/08\/neue-musik-musikfeature-soundart-die-radiowoche-vom-10-05-bis-16-05-2021\/","title":{"rendered":"Neue Musik \/ Musikfeature \/ SoundArt: Die Radiowoche vom 10.05. bis 16.05.2021"},"content":{"rendered":"<p>Neue Musik und Musikfeatures in der Kalenderwoche 19. Besonders zu empfehlen: Am 15. Mai 2021 \u2013 23:00 bis 00:00 | hr2-kultur: The Artist\u2019s Corner | L\u2019heure alors s\u2019incline \u2013 Die elektroakustische Musik von Christine Groult (* 1950)<\/p>\n<p>Alle bekannten Stream-, Web- und RSS-Adressen deutscher Sender finden sich <a href=\"https:\/\/stefanhetzel.wordpress.com\/kunstmusikoeffentlich-rechtlicher-rundfunk\/\">bei Stefan Hetzel<\/a>.<\/p>\n<ul>\n<li><a href=\"https:\/\/service.conbrio.de\/service\/download\/155\/\">Download dieser &#220;bersicht als PDF<\/a>.<\/li>\n<li><a href=\"https:\/\/www.irenekurka.de\/podcast\/podcast.html\">nmz-Podcastpartnerin Irene Kurka<\/a><\/li>\n<li>Alle Angaben ohne Gew&#228;hr. &#196;nderungen vorbehalten.<\/li>\n<\/ul>\n<hr \/>\n<h2>nmz-Podcastpartnerin Irene Kurka ::: neue musik leben<\/h2>\n\t\t\t<style type=\"text\/css\"><\/style>\n\t\t\t<div id=\"pp-podcast-9587\" class=\"pp-podcast has-header header-hidden has-featured playerview media-audio\"  data-teaser=\"\" data-elength=\"25\" data-eunit=\"\" data-ppsdata=\"{&quot;ppe-9587-1&quot;:{&quot;title&quot;:&quot;257 &#8211; Eva Z\\u00f6llner interviews Cara Stacey about contemporary music in South Africa&quot;,&quot;description&quot;:&quot;&lt;p&gt;composer and performer (in English)&lt;\\\/p&gt;\\n&lt;p&gt;Videos of the 8 new South African accordion pieces that were premiered by Eva Z\\u00f6llner during Sterkfontein Composers Meeting 2024 &lt;\\\/p&gt;\\n&lt;p&gt;https:\\\/\\\/youtube.com\\\/playlist?list=PL4KU0BHw3d-CP21BPt7VNNmqzJR18GXQe&amp;si=xvVVMCbK48oF1tvV&lt;\\\/p&gt;\\n&lt;p&gt;Her residency was kindly supported by Nirox Foundation, the Goethe Institute and the Ministry for Education, Science, Youth and Culture (Rheinland-Pfalz)&lt;\\\/p&gt;\\n&lt;p&gt;www.carastacey.com\\\/&lt;\\\/p&gt;\\n&lt;p&gt;www.eva-zoellner.de &lt;\\\/p&gt;\\n&lt;p&gt;Sterkfontein Composers Meeting: &lt;\\\/p&gt;\\n&lt;p&gt;https:\\\/\\\/sterkfonteincomposersmeeting.weebly.com\\\/&lt;\\\/p&gt;\\n&lt;p&gt;Clare Loveday: https:\\\/\\\/clareloveday.co.za\\\/&lt;\\\/p&gt;\\n&lt;p&gt;Neo Muyanga: &lt;\\\/p&gt;\\n&lt;p&gt;https:\\\/\\\/www.neosong.net\\\/&lt;\\\/p&gt;\\n&lt;p&gt;Njabulo Phungula: &lt;\\\/p&gt;\\n&lt;p&gt;https:\\\/\\\/www.njabulophungula.com\\\/&lt;\\\/p&gt;\\n&lt;p&gt;Galina Juritz: &lt;\\\/p&gt;\\n&lt;p&gt;https:\\\/\\\/www.galinajuritz.com\\\/&lt;\\\/p&gt;\\n&lt;p&gt;Matthijs van Dijk: &lt;\\\/p&gt;\\n&lt;p&gt;https:\\\/\\\/mattvandijk.com\\\/&lt;\\\/p&gt;\\n&lt;p&gt;Andile Khumalo: &lt;\\\/p&gt;\\n&lt;p&gt;https:\\\/\\\/www.newfocusrecordings.com\\\/catalogue\\\/andile-khumalo-tracing-hollow-traces\\\/&lt;\\\/p&gt;\\n&lt;p&gt;Bongani Ndodana-Breen: &lt;\\\/p&gt;\\n&lt;p&gt;https:\\\/\\\/www.ndodanabreen.com\\\/&lt;\\\/p&gt;\\n&lt;p&gt;Arthur Feder: &lt;\\\/p&gt;\\n&lt;p&gt;https:\\\/\\\/www.instagram.com\\\/arthurfeder\\\/&lt;\\\/p&gt;\\n&lt;p&gt;Lise Morrison: &lt;\\\/p&gt;\\n&lt;p&gt;https:\\\/\\\/lisemorrison.com\\\/&lt;br \\\/&gt;\\nAmy Crankshaw: &lt;\\\/p&gt;\\n&lt;p&gt;https:\\\/\\\/www.amycrankshaw.com\\\/&lt;\\\/p&gt;\\n&lt;p&gt;Michael Blake: &lt;\\\/p&gt;\\n&lt;p&gt;https:\\\/\\\/aoinstitute.ac.za\\\/project\\\/michael-blake\\\/&lt;\\\/p&gt;\\n&lt;p&gt;NewMusicSA: &lt;\\\/p&gt;\\n&lt;p&gt;https:\\\/\\\/www.newmusicsa.org.za\\\/&lt;\\\/p&gt;\\n&lt;p&gt;South African Composers Archive new album (just out): &lt;\\\/p&gt;\\n&lt;p&gt;https:\\\/\\\/thesouthafricancomposersarchive.bandcamp.com\\\/album\\\/for-the-duration-of-this-cloud&lt;\\\/p&gt;\\n&lt;p&gt;South African Composers Archive podcast (hosted and produced by Matthijs van Dijk): &lt;\\\/p&gt;\\n&lt;p&gt;https:\\\/\\\/soundcloud.com\\\/user-368144305&lt;\\\/p&gt;\\n&lt;p&gt;Kukutana Ensemble project: &lt;\\\/p&gt;\\n&lt;p&gt;https:\\\/\\\/www.kukutana.co.za\\\/&lt;\\\/p&gt;\\n&lt;hr \\\/&gt;\\n&lt;p&gt;www.irenekurka.de&lt;\\\/p&gt;\\n&lt;p&gt;Support and follow me on patreon:&lt;\\\/p&gt;\\n&lt;p&gt;https:\\\/\\\/www.patreon.com\\\/c\\\/user\\\/shop?u=112648747&lt;\\\/p&gt;\\n&lt;p&gt;cooparting with nmw &#8211; Neue Musikzeitung&lt;\\\/p&gt;\\n&lt;p&gt;www.nmz.de&lt;\\\/p&gt;\\n&lt;p&gt;Kows Radio Summit &#8222;Live your music and live your live&#8220; with Irene Kurka:&lt;\\\/p&gt;\\n&lt;p&gt;https:\\\/\\\/kows92-5.org\\\/kows-shows\\\/show\\\/radio-summit\\\/&lt;\\\/p&gt;\\n&quot;,&quot;author&quot;:&quot;Kurka&quot;,&quot;date&quot;:&quot;13. Mai 2025&quot;,&quot;link&quot;:&quot;https:\\\/\\\/neuemusikleben.podigee.io\\\/258-neue-episode&quot;,&quot;src&quot;:&quot;https:\\\/\\\/audio.podigee-cdn.net\\\/1830304-m-9e3ea1d64c412885c83c2d71ff52ea09.mp3?source=feed&quot;,&quot;featured&quot;:&quot;https:\\\/\\\/i0.wp.com\\\/blogs.nmz.de\\\/badblog\\\/files\\\/2025\\\/05\\\/8b6e14a9-2a6d-49d8-8c76-4b352bb38f60-scaled.jpg?fit=768%2C768&#038;ssl=1&quot;,&quot;featured_id&quot;:30157,&quot;mediatype&quot;:&quot;audio&quot;,&quot;season&quot;:0,&quot;categories&quot;:[],&quot;duration&quot;:&quot;45:54&quot;,&quot;episodetype&quot;:&quot;full&quot;,&quot;timestamp&quot;:1747110600,&quot;key&quot;:&quot;961e5e1ea194dcf34c954947b1394375&quot;,&quot;fset&quot;:&quot;https:\\\/\\\/i0.wp.com\\\/blogs.nmz.de\\\/badblog\\\/files\\\/2025\\\/05\\\/8b6e14a9-2a6d-49d8-8c76-4b352bb38f60-scaled.jpg?w=2560&amp;ssl=1 2560w, https:\\\/\\\/i0.wp.com\\\/blogs.nmz.de\\\/badblog\\\/files\\\/2025\\\/05\\\/8b6e14a9-2a6d-49d8-8c76-4b352bb38f60-scaled.jpg?resize=480%2C480&amp;ssl=1 480w, https:\\\/\\\/i0.wp.com\\\/blogs.nmz.de\\\/badblog\\\/files\\\/2025\\\/05\\\/8b6e14a9-2a6d-49d8-8c76-4b352bb38f60-scaled.jpg?resize=1024%2C1024&amp;ssl=1 1024w, https:\\\/\\\/i0.wp.com\\\/blogs.nmz.de\\\/badblog\\\/files\\\/2025\\\/05\\\/8b6e14a9-2a6d-49d8-8c76-4b352bb38f60-scaled.jpg?resize=150%2C150&amp;ssl=1 150w, https:\\\/\\\/i0.wp.com\\\/blogs.nmz.de\\\/badblog\\\/files\\\/2025\\\/05\\\/8b6e14a9-2a6d-49d8-8c76-4b352bb38f60-scaled.jpg?resize=768%2C768&amp;ssl=1 768w, https:\\\/\\\/i0.wp.com\\\/blogs.nmz.de\\\/badblog\\\/files\\\/2025\\\/05\\\/8b6e14a9-2a6d-49d8-8c76-4b352bb38f60-scaled.jpg?resize=1536%2C1536&amp;ssl=1 1536w, https:\\\/\\\/i0.wp.com\\\/blogs.nmz.de\\\/badblog\\\/files\\\/2025\\\/05\\\/8b6e14a9-2a6d-49d8-8c76-4b352bb38f60-scaled.jpg?resize=2048%2C2048&amp;ssl=1 2048w, https:\\\/\\\/i0.wp.com\\\/blogs.nmz.de\\\/badblog\\\/files\\\/2025\\\/05\\\/8b6e14a9-2a6d-49d8-8c76-4b352bb38f60-scaled.jpg?resize=70%2C70&amp;ssl=1 70w, https:\\\/\\\/i0.wp.com\\\/blogs.nmz.de\\\/badblog\\\/files\\\/2025\\\/05\\\/8b6e14a9-2a6d-49d8-8c76-4b352bb38f60-scaled.jpg?resize=80%2C80&amp;ssl=1 80w, https:\\\/\\\/i0.wp.com\\\/blogs.nmz.de\\\/badblog\\\/files\\\/2025\\\/05\\\/8b6e14a9-2a6d-49d8-8c76-4b352bb38f60-scaled.jpg?resize=320%2C320&amp;ssl=1 320w, https:\\\/\\\/i0.wp.com\\\/blogs.nmz.de\\\/badblog\\\/files\\\/2025\\\/05\\\/8b6e14a9-2a6d-49d8-8c76-4b352bb38f60-scaled.jpg?resize=1320%2C1320&amp;ssl=1 1320w&quot;,&quot;fratio&quot;:1},&quot;ppe-9587-2&quot;:{&quot;title&quot;:&quot;256 &#8211; Interview mit Daniel Posdziech&quot;,&quot;description&quot;:&quot;&lt;p&gt;Musiker und Chorp\\u00e4dagoge&lt;\\\/p&gt;\\n&lt;p&gt;Daniel Posdziech spricht \\u00fcber seien Arbeit mit jungen Stimmen, Ch\\u00f6ren, Improvisation und den Einsatz von neuer Musik. Er erforscht oder Zusammenh\\u00e4nge von Stimme, jungen Pers\\u00f6nlichkeiten und effektiven Chorproben und erz\\u00e4hlt auch von seiner Zeit beim Windsbacher Knabenchor. Einen Schwerpunkt seiner ist, wie Nachwuchsgewinnung f\\u00fcr Ch\\u00f6re funktioniert, was sich ver\\u00e4ndert hat und welche Faktoren zu beachten sind.&lt;\\\/p&gt;\\n&lt;p&gt;Sch\\u00f6nberg Text:&lt;\\\/p&gt;\\n&lt;p&gt;&lt;a href=\\&quot;https:\\\/\\\/mickindex.sakura.ne.jp\\\/schonberg\\\/schb_VzT_gm.html\\&quot;&gt;https:\\\/\\\/mickindex.sakura.ne.jp\\\/schonberg\\\/schb_VzT_gm.html&lt;\\\/a&gt;&lt;\\\/p&gt;\\n&lt;p&gt;&lt;a href=\\&quot;http:\\\/\\\/www.irenekurka.de\\&quot;&gt;www.irenekurka.de&lt;\\\/a&gt;&lt;\\\/p&gt;\\n&lt;p&gt;Support and follow me on patreon:&lt;\\\/p&gt;\\n&lt;p&gt;&lt;a href=\\&quot;https:\\\/\\\/www.patreon.com\\\/c\\\/user\\\/shop?u=112648747\\&quot;&gt;https:\\\/\\\/www.patreon.com\\\/c\\\/user\\\/shop?u=112648747&lt;\\\/a&gt;&lt;\\\/p&gt;\\n&lt;p&gt;cooparting with nmw &#8211; Neue Musikzeitung&lt;\\\/p&gt;\\n&lt;p&gt;&lt;a href=\\&quot;http:\\\/\\\/www.nmz.de\\&quot;&gt;www.nmz.de&lt;\\\/a&gt;&lt;\\\/p&gt;\\n&lt;p&gt;Kows Radio Summit &#8222;Live your music and live your live&#8220; with Irene Kurka:&lt;\\\/p&gt;\\n&lt;p&gt;&lt;a href=\\&quot;https:\\\/\\\/kows92-5.org\\\/kows-shows\\\/show\\\/radio-summit\\\/\\&quot;&gt;https:\\\/\\\/kows92-5.org\\\/kows-shows\\\/show\\\/radio-summit\\\/&lt;\\\/a&gt;&lt;\\\/p&gt;\\n&quot;,&quot;author&quot;:&quot;Kurka&quot;,&quot;date&quot;:&quot;29. April 2025&quot;,&quot;link&quot;:&quot;https:\\\/\\\/neuemusikleben.podigee.io\\\/254-neue-episode&quot;,&quot;src&quot;:&quot;https:\\\/\\\/audio.podigee-cdn.net\\\/1748880-m-b1160addb0c123c9aaba3345429ff64f.mp3?source=feed&quot;,&quot;featured&quot;:&quot;https:\\\/\\\/i0.wp.com\\\/blogs.nmz.de\\\/badblog\\\/files\\\/2025\\\/04\\\/54f96c1c-03d3-42fd-8eff-27deeab3ad1f-scaled.jpg?fit=768%2C768&#038;ssl=1&quot;,&quot;featured_id&quot;:30053,&quot;mediatype&quot;:&quot;audio&quot;,&quot;season&quot;:0,&quot;categories&quot;:[],&quot;duration&quot;:&quot;56:59&quot;,&quot;episodetype&quot;:&quot;full&quot;,&quot;timestamp&quot;:1745900700,&quot;key&quot;:&quot;3f82444d91ba47c903855c733bd22983&quot;,&quot;fset&quot;:&quot;https:\\\/\\\/i0.wp.com\\\/blogs.nmz.de\\\/badblog\\\/files\\\/2025\\\/04\\\/54f96c1c-03d3-42fd-8eff-27deeab3ad1f-scaled.jpg?w=2560&amp;ssl=1 2560w, https:\\\/\\\/i0.wp.com\\\/blogs.nmz.de\\\/badblog\\\/files\\\/2025\\\/04\\\/54f96c1c-03d3-42fd-8eff-27deeab3ad1f-scaled.jpg?resize=480%2C480&amp;ssl=1 480w, https:\\\/\\\/i0.wp.com\\\/blogs.nmz.de\\\/badblog\\\/files\\\/2025\\\/04\\\/54f96c1c-03d3-42fd-8eff-27deeab3ad1f-scaled.jpg?resize=1024%2C1024&amp;ssl=1 1024w, https:\\\/\\\/i0.wp.com\\\/blogs.nmz.de\\\/badblog\\\/files\\\/2025\\\/04\\\/54f96c1c-03d3-42fd-8eff-27deeab3ad1f-scaled.jpg?resize=150%2C150&amp;ssl=1 150w, https:\\\/\\\/i0.wp.com\\\/blogs.nmz.de\\\/badblog\\\/files\\\/2025\\\/04\\\/54f96c1c-03d3-42fd-8eff-27deeab3ad1f-scaled.jpg?resize=768%2C768&amp;ssl=1 768w, https:\\\/\\\/i0.wp.com\\\/blogs.nmz.de\\\/badblog\\\/files\\\/2025\\\/04\\\/54f96c1c-03d3-42fd-8eff-27deeab3ad1f-scaled.jpg?resize=1536%2C1536&amp;ssl=1 1536w, https:\\\/\\\/i0.wp.com\\\/blogs.nmz.de\\\/badblog\\\/files\\\/2025\\\/04\\\/54f96c1c-03d3-42fd-8eff-27deeab3ad1f-scaled.jpg?resize=2048%2C2048&amp;ssl=1 2048w, https:\\\/\\\/i0.wp.com\\\/blogs.nmz.de\\\/badblog\\\/files\\\/2025\\\/04\\\/54f96c1c-03d3-42fd-8eff-27deeab3ad1f-scaled.jpg?resize=70%2C70&amp;ssl=1 70w, https:\\\/\\\/i0.wp.com\\\/blogs.nmz.de\\\/badblog\\\/files\\\/2025\\\/04\\\/54f96c1c-03d3-42fd-8eff-27deeab3ad1f-scaled.jpg?resize=80%2C80&amp;ssl=1 80w, https:\\\/\\\/i0.wp.com\\\/blogs.nmz.de\\\/badblog\\\/files\\\/2025\\\/04\\\/54f96c1c-03d3-42fd-8eff-27deeab3ad1f-scaled.jpg?resize=320%2C320&amp;ssl=1 320w, https:\\\/\\\/i0.wp.com\\\/blogs.nmz.de\\\/badblog\\\/files\\\/2025\\\/04\\\/54f96c1c-03d3-42fd-8eff-27deeab3ad1f-scaled.jpg?resize=1320%2C1320&amp;ssl=1 1320w&quot;,&quot;fratio&quot;:1},&quot;ppe-9587-3&quot;:{&quot;title&quot;:&quot;255 &#8211; Slow-Motion Multitasking &#8211; 7 Years podcast neue musik leben (in english)&quot;,&quot;description&quot;:&quot;&lt;p&gt;with soprano Irene Kurka&lt;\\\/p&gt;\\n&lt;p&gt;Thank you so much for listening to this podcast and following my singign, concerts, books, etc! In this episode I talk about one of favorite topics. 7 years neue musik leben!!!!! &lt;\\\/p&gt;\\n&lt;p&gt;&lt;a href=\\&quot;http:\\\/\\\/www.irenekurka.de\\&quot;&gt;www.irenekurka.de&lt;\\\/a&gt;&lt;\\\/p&gt;\\n&lt;p&gt;Support and follow me on patreon:&lt;\\\/p&gt;\\n&lt;p&gt;&lt;a href=\\&quot;https:\\\/\\\/www.patreon.com\\\/c\\\/user\\\/shop?u=112648747\\&quot;&gt;https:\\\/\\\/www.patreon.com\\\/c\\\/user\\\/shop?u=112648747&lt;\\\/a&gt;&lt;\\\/p&gt;\\n&lt;p&gt;cooparting with nmw &#8211; Neue Musikzeitung&lt;\\\/p&gt;\\n&lt;p&gt;&lt;a href=\\&quot;http:\\\/\\\/www.nmz.de\\&quot;&gt;www.nmz.de&lt;\\\/a&gt;&lt;\\\/p&gt;\\n&lt;p&gt;Kows Radio Summit &#8222;Live your music and live your live&#8220; with Irene Kurka:&lt;\\\/p&gt;\\n&lt;p&gt;&lt;a href=\\&quot;https:\\\/\\\/kows92-5.org\\\/kows-shows\\\/show\\\/radio-summit\\\/\\&quot;&gt;https:\\\/\\\/kows92-5.org\\\/kows-shows\\\/show\\\/radio-summit\\\/&lt;\\\/a&gt;&lt;\\\/p&gt;\\n&quot;,&quot;author&quot;:&quot;Kurka&quot;,&quot;date&quot;:&quot;10. April 2025&quot;,&quot;link&quot;:&quot;https:\\\/\\\/neuemusikleben.podigee.io\\\/256-neue-episode&quot;,&quot;src&quot;:&quot;https:\\\/\\\/audio.podigee-cdn.net\\\/1748882-m-c6995f9ab0740ee799f90c9f063d1451.mp3?source=feed&quot;,&quot;featured&quot;:&quot;https:\\\/\\\/i0.wp.com\\\/blogs.nmz.de\\\/badblog\\\/files\\\/2025\\\/04\\\/a1681233-b810-4e84-9d65-756c2554bc29-scaled.jpg?fit=768%2C768&#038;ssl=1&quot;,&quot;featured_id&quot;:29916,&quot;mediatype&quot;:&quot;audio&quot;,&quot;season&quot;:0,&quot;categories&quot;:[],&quot;duration&quot;:&quot;21:18&quot;,&quot;episodetype&quot;:&quot;full&quot;,&quot;timestamp&quot;:1744254000,&quot;key&quot;:&quot;701f40c77455936bf9a7af477a7aea66&quot;,&quot;fset&quot;:&quot;https:\\\/\\\/i0.wp.com\\\/blogs.nmz.de\\\/badblog\\\/files\\\/2025\\\/04\\\/a1681233-b810-4e84-9d65-756c2554bc29-scaled.jpg?w=2560&amp;ssl=1 2560w, https:\\\/\\\/i0.wp.com\\\/blogs.nmz.de\\\/badblog\\\/files\\\/2025\\\/04\\\/a1681233-b810-4e84-9d65-756c2554bc29-scaled.jpg?resize=480%2C480&amp;ssl=1 480w, https:\\\/\\\/i0.wp.com\\\/blogs.nmz.de\\\/badblog\\\/files\\\/2025\\\/04\\\/a1681233-b810-4e84-9d65-756c2554bc29-scaled.jpg?resize=1024%2C1024&amp;ssl=1 1024w, https:\\\/\\\/i0.wp.com\\\/blogs.nmz.de\\\/badblog\\\/files\\\/2025\\\/04\\\/a1681233-b810-4e84-9d65-756c2554bc29-scaled.jpg?resize=150%2C150&amp;ssl=1 150w, https:\\\/\\\/i0.wp.com\\\/blogs.nmz.de\\\/badblog\\\/files\\\/2025\\\/04\\\/a1681233-b810-4e84-9d65-756c2554bc29-scaled.jpg?resize=768%2C768&amp;ssl=1 768w, https:\\\/\\\/i0.wp.com\\\/blogs.nmz.de\\\/badblog\\\/files\\\/2025\\\/04\\\/a1681233-b810-4e84-9d65-756c2554bc29-scaled.jpg?resize=1536%2C1536&amp;ssl=1 1536w, https:\\\/\\\/i0.wp.com\\\/blogs.nmz.de\\\/badblog\\\/files\\\/2025\\\/04\\\/a1681233-b810-4e84-9d65-756c2554bc29-scaled.jpg?resize=2048%2C2048&amp;ssl=1 2048w, https:\\\/\\\/i0.wp.com\\\/blogs.nmz.de\\\/badblog\\\/files\\\/2025\\\/04\\\/a1681233-b810-4e84-9d65-756c2554bc29-scaled.jpg?resize=70%2C70&amp;ssl=1 70w, https:\\\/\\\/i0.wp.com\\\/blogs.nmz.de\\\/badblog\\\/files\\\/2025\\\/04\\\/a1681233-b810-4e84-9d65-756c2554bc29-scaled.jpg?resize=80%2C80&amp;ssl=1 80w, https:\\\/\\\/i0.wp.com\\\/blogs.nmz.de\\\/badblog\\\/files\\\/2025\\\/04\\\/a1681233-b810-4e84-9d65-756c2554bc29-scaled.jpg?resize=320%2C320&amp;ssl=1 320w, https:\\\/\\\/i0.wp.com\\\/blogs.nmz.de\\\/badblog\\\/files\\\/2025\\\/04\\\/a1681233-b810-4e84-9d65-756c2554bc29-scaled.jpg?resize=1320%2C1320&amp;ssl=1 1320w&quot;,&quot;fratio&quot;:1},&quot;ppe-9587-4&quot;:{&quot;title&quot;:&quot;254 &#8211; Interview with Dieter Mack&quot;,&quot;description&quot;:&quot;&lt;p&gt;composer&lt;\\\/p&gt;\\n&lt;p&gt;Dieter Mack tells us about his musical life, his exciting trips to Bali, his way into Gamelan music and also about his teaching as a composition professor. He speaks about real life experience and how spending time abroad changes you and how important it is to speak the language of the country you live in.&lt;\\\/p&gt;\\n&lt;p&gt;&lt;a href=\\&quot;https:\\\/\\\/www.dieter-mack.de\\&quot;&gt;https:\\\/\\\/www.dieter-mack.de&lt;\\\/a&gt;&lt;\\\/p&gt;\\n&lt;p&gt;&lt;a href=\\&quot;http:\\\/\\\/www.irenekurka.de\\&quot;&gt;www.irenekurka.de&lt;\\\/a&gt;&lt;\\\/p&gt;\\n&lt;p&gt;Support and follow me on patreon:&lt;\\\/p&gt;\\n&lt;p&gt;&lt;a href=\\&quot;https:\\\/\\\/www.patreon.com\\\/c\\\/user\\\/shop?u=112648747\\&quot;&gt;https:\\\/\\\/www.patreon.com\\\/c\\\/user\\\/shop?u=112648747&lt;\\\/a&gt;&lt;\\\/p&gt;\\n&lt;p&gt;cooparting with nmw &#8211; Neue Musikzeitung&lt;\\\/p&gt;\\n&lt;p&gt;&lt;a href=\\&quot;http:\\\/\\\/www.nmz.de\\&quot;&gt;www.nmz.de&lt;\\\/a&gt;&lt;\\\/p&gt;\\n&lt;p&gt;Kows Radio Summit &#8222;Live your music and live your live&#8220; with Irene Kurka:&lt;\\\/p&gt;\\n&lt;p&gt;&lt;a href=\\&quot;https:\\\/\\\/kows92-5.org\\\/kows-shows\\\/show\\\/radio-summit\\\/\\&quot;&gt;https:\\\/\\\/kows92-5.org\\\/kows-shows\\\/show\\\/radio-summit\\\/&lt;\\\/a&gt;&lt;\\\/p&gt;\\n&quot;,&quot;author&quot;:&quot;Kurka&quot;,&quot;date&quot;:&quot;1. April 2025&quot;,&quot;link&quot;:&quot;https:\\\/\\\/neuemusikleben.podigee.io\\\/255-neue-episode&quot;,&quot;src&quot;:&quot;https:\\\/\\\/audio.podigee-cdn.net\\\/1748881-m-50dc4b2414902d10f65154567b426ffa.mp3?source=feed&quot;,&quot;featured&quot;:&quot;https:\\\/\\\/i0.wp.com\\\/blogs.nmz.de\\\/badblog\\\/files\\\/2025\\\/04\\\/9c580082-aed2-4294-a6ca-72810c386034-scaled.jpg?fit=768%2C768&#038;ssl=1&quot;,&quot;featured_id&quot;:29887,&quot;mediatype&quot;:&quot;audio&quot;,&quot;season&quot;:0,&quot;categories&quot;:[],&quot;duration&quot;:&quot;01:05:15&quot;,&quot;episodetype&quot;:&quot;full&quot;,&quot;timestamp&quot;:1743482700,&quot;key&quot;:&quot;247baab4c3585d34270b926a4abc84e2&quot;,&quot;fset&quot;:&quot;https:\\\/\\\/i0.wp.com\\\/blogs.nmz.de\\\/badblog\\\/files\\\/2025\\\/04\\\/9c580082-aed2-4294-a6ca-72810c386034-scaled.jpg?w=2560&amp;ssl=1 2560w, https:\\\/\\\/i0.wp.com\\\/blogs.nmz.de\\\/badblog\\\/files\\\/2025\\\/04\\\/9c580082-aed2-4294-a6ca-72810c386034-scaled.jpg?resize=480%2C480&amp;ssl=1 480w, https:\\\/\\\/i0.wp.com\\\/blogs.nmz.de\\\/badblog\\\/files\\\/2025\\\/04\\\/9c580082-aed2-4294-a6ca-72810c386034-scaled.jpg?resize=1024%2C1024&amp;ssl=1 1024w, https:\\\/\\\/i0.wp.com\\\/blogs.nmz.de\\\/badblog\\\/files\\\/2025\\\/04\\\/9c580082-aed2-4294-a6ca-72810c386034-scaled.jpg?resize=150%2C150&amp;ssl=1 150w, https:\\\/\\\/i0.wp.com\\\/blogs.nmz.de\\\/badblog\\\/files\\\/2025\\\/04\\\/9c580082-aed2-4294-a6ca-72810c386034-scaled.jpg?resize=768%2C768&amp;ssl=1 768w, https:\\\/\\\/i0.wp.com\\\/blogs.nmz.de\\\/badblog\\\/files\\\/2025\\\/04\\\/9c580082-aed2-4294-a6ca-72810c386034-scaled.jpg?resize=1536%2C1536&amp;ssl=1 1536w, https:\\\/\\\/i0.wp.com\\\/blogs.nmz.de\\\/badblog\\\/files\\\/2025\\\/04\\\/9c580082-aed2-4294-a6ca-72810c386034-scaled.jpg?resize=2048%2C2048&amp;ssl=1 2048w, https:\\\/\\\/i0.wp.com\\\/blogs.nmz.de\\\/badblog\\\/files\\\/2025\\\/04\\\/9c580082-aed2-4294-a6ca-72810c386034-scaled.jpg?resize=70%2C70&amp;ssl=1 70w, https:\\\/\\\/i0.wp.com\\\/blogs.nmz.de\\\/badblog\\\/files\\\/2025\\\/04\\\/9c580082-aed2-4294-a6ca-72810c386034-scaled.jpg?resize=80%2C80&amp;ssl=1 80w, https:\\\/\\\/i0.wp.com\\\/blogs.nmz.de\\\/badblog\\\/files\\\/2025\\\/04\\\/9c580082-aed2-4294-a6ca-72810c386034-scaled.jpg?resize=320%2C320&amp;ssl=1 320w, https:\\\/\\\/i0.wp.com\\\/blogs.nmz.de\\\/badblog\\\/files\\\/2025\\\/04\\\/9c580082-aed2-4294-a6ca-72810c386034-scaled.jpg?resize=1320%2C1320&amp;ssl=1 1320w&quot;,&quot;fratio&quot;:1},&quot;ppe-9587-5&quot;:{&quot;title&quot;:&quot;253 &#8211; Interview mit Michael Denhoff&quot;,&quot;description&quot;:&quot;&lt;p&gt;Komponist, Cellist, Kurator&lt;\\\/p&gt;\\n&lt;p&gt;Michael Denhoff spricht \\u00fcber seinen Weg zur neuen Musik und welche verschiedenen Prozesse des Komponierens er ausprobiert hat und was er darin entdeckt hat. Er erz\\u00e4hlt \\u00fcber von ihm kuratierte Konzertreihen und der Magie des Aufh\\u00f6rens. &lt;\\\/p&gt;\\n&lt;p&gt;&lt;a href=\\&quot;https:\\\/\\\/www.denhoff.de\\&quot;&gt;https:\\\/\\\/www.denhoff.de&lt;\\\/a&gt;&lt;\\\/p&gt;\\n&lt;p&gt;&lt;a href=\\&quot;http:\\\/\\\/www.irenekurka.de\\&quot;&gt;www.irenekurka.de&lt;\\\/a&gt;&lt;\\\/p&gt;\\n&lt;p&gt;Support and follow me on patreon:&lt;\\\/p&gt;\\n&lt;p&gt;&lt;a href=\\&quot;https:\\\/\\\/www.patreon.com\\\/c\\\/user\\\/shop?u=112648747\\&quot;&gt;https:\\\/\\\/www.patreon.com\\\/c\\\/user\\\/shop?u=112648747&lt;\\\/a&gt;&lt;\\\/p&gt;\\n&lt;p&gt;cooparting with nmw &#8211; Neue Musikzeitung&lt;\\\/p&gt;\\n&lt;p&gt;&lt;a href=\\&quot;http:\\\/\\\/www.nmz.de\\&quot;&gt;www.nmz.de&lt;\\\/a&gt;&lt;\\\/p&gt;\\n&quot;,&quot;author&quot;:&quot;Kurka&quot;,&quot;date&quot;:&quot;18. M\\u00e4rz 2025&quot;,&quot;link&quot;:&quot;https:\\\/\\\/neuemusikleben.podigee.io\\\/257-neue-episode&quot;,&quot;src&quot;:&quot;https:\\\/\\\/audio.podigee-cdn.net\\\/1748883-m-3dc966f8943046e18a18dc083c768f5c.mp3?source=feed&quot;,&quot;featured&quot;:&quot;https:\\\/\\\/i0.wp.com\\\/blogs.nmz.de\\\/badblog\\\/files\\\/2025\\\/03\\\/d6bec117-184b-40f3-9174-c79133c364fc-scaled.jpg?fit=768%2C768&#038;ssl=1&quot;,&quot;featured_id&quot;:29809,&quot;mediatype&quot;:&quot;audio&quot;,&quot;season&quot;:0,&quot;categories&quot;:[],&quot;duration&quot;:&quot;01:02:57&quot;,&quot;episodetype&quot;:&quot;full&quot;,&quot;timestamp&quot;:1742276100,&quot;key&quot;:&quot;07a45e720d8f7399fb80336d51205783&quot;,&quot;fset&quot;:&quot;https:\\\/\\\/i0.wp.com\\\/blogs.nmz.de\\\/badblog\\\/files\\\/2025\\\/03\\\/d6bec117-184b-40f3-9174-c79133c364fc-scaled.jpg?w=2560&amp;ssl=1 2560w, https:\\\/\\\/i0.wp.com\\\/blogs.nmz.de\\\/badblog\\\/files\\\/2025\\\/03\\\/d6bec117-184b-40f3-9174-c79133c364fc-scaled.jpg?resize=480%2C480&amp;ssl=1 480w, https:\\\/\\\/i0.wp.com\\\/blogs.nmz.de\\\/badblog\\\/files\\\/2025\\\/03\\\/d6bec117-184b-40f3-9174-c79133c364fc-scaled.jpg?resize=1024%2C1024&amp;ssl=1 1024w, https:\\\/\\\/i0.wp.com\\\/blogs.nmz.de\\\/badblog\\\/files\\\/2025\\\/03\\\/d6bec117-184b-40f3-9174-c79133c364fc-scaled.jpg?resize=150%2C150&amp;ssl=1 150w, https:\\\/\\\/i0.wp.com\\\/blogs.nmz.de\\\/badblog\\\/files\\\/2025\\\/03\\\/d6bec117-184b-40f3-9174-c79133c364fc-scaled.jpg?resize=768%2C768&amp;ssl=1 768w, https:\\\/\\\/i0.wp.com\\\/blogs.nmz.de\\\/badblog\\\/files\\\/2025\\\/03\\\/d6bec117-184b-40f3-9174-c79133c364fc-scaled.jpg?resize=1536%2C1536&amp;ssl=1 1536w, https:\\\/\\\/i0.wp.com\\\/blogs.nmz.de\\\/badblog\\\/files\\\/2025\\\/03\\\/d6bec117-184b-40f3-9174-c79133c364fc-scaled.jpg?resize=2048%2C2048&amp;ssl=1 2048w, https:\\\/\\\/i0.wp.com\\\/blogs.nmz.de\\\/badblog\\\/files\\\/2025\\\/03\\\/d6bec117-184b-40f3-9174-c79133c364fc-scaled.jpg?resize=70%2C70&amp;ssl=1 70w, https:\\\/\\\/i0.wp.com\\\/blogs.nmz.de\\\/badblog\\\/files\\\/2025\\\/03\\\/d6bec117-184b-40f3-9174-c79133c364fc-scaled.jpg?resize=80%2C80&amp;ssl=1 80w, https:\\\/\\\/i0.wp.com\\\/blogs.nmz.de\\\/badblog\\\/files\\\/2025\\\/03\\\/d6bec117-184b-40f3-9174-c79133c364fc-scaled.jpg?resize=320%2C320&amp;ssl=1 320w, https:\\\/\\\/i0.wp.com\\\/blogs.nmz.de\\\/badblog\\\/files\\\/2025\\\/03\\\/d6bec117-184b-40f3-9174-c79133c364fc-scaled.jpg?resize=1320%2C1320&amp;ssl=1 1320w&quot;,&quot;fratio&quot;:1},&quot;ppe-9587-6&quot;:{&quot;title&quot;:&quot;252 &#8211; Interview with Irene Galindo Quero&quot;,&quot;description&quot;:&quot;&lt;p&gt;composer and professor&lt;\\\/p&gt;\\n&lt;p&gt;Irene Quero talks about so many things and how life composition, music and being a woman is so intertwined. Enjoy this inspiring interview!&lt;\\\/p&gt;\\n&lt;p&gt;&lt;a href=\\&quot;https:\\\/\\\/irenegalindoquero.wordpress.com\\\/\\&quot;&gt;https:\\\/\\\/irenegalindoquero.wordpress.com\\\/&lt;\\\/a&gt;&lt;\\\/p&gt;\\n&lt;p&gt;cooparting with nmz&lt;\\\/p&gt;\\n&lt;p&gt;&lt;a href=\\&quot;http:\\\/\\\/www.nmz.de\\&quot;&gt;www.nmz.de&lt;\\\/a&gt;&lt;\\\/p&gt;\\n&lt;p&gt;&lt;a href=\\&quot;http:\\\/\\\/www.irenekurka.de\\&quot;&gt;www.irenekurka.de&lt;\\\/a&gt;&lt;\\\/p&gt;\\n&lt;p&gt;follow and support me on patreon:&lt;\\\/p&gt;\\n&lt;p&gt;&lt;a href=\\&quot;https:\\\/\\\/www.patreon.com\\\/c\\\/user\\\/shop?u=112648747\\&quot;&gt;https:\\\/\\\/www.patreon.com\\\/c\\\/user\\\/shop?u=112648747&lt;\\\/a&gt;&lt;\\\/p&gt;\\n&quot;,&quot;author&quot;:&quot;Kurka&quot;,&quot;date&quot;:&quot;4. M\\u00e4rz 2025&quot;,&quot;link&quot;:&quot;https:\\\/\\\/neuemusikleben.podigee.io\\\/253-neue-episode&quot;,&quot;src&quot;:&quot;https:\\\/\\\/audio.podigee-cdn.net\\\/1748879-m-d07486f51988e9f763770d7dba4e4ad5.mp3?source=feed&quot;,&quot;featured&quot;:&quot;https:\\\/\\\/i0.wp.com\\\/blogs.nmz.de\\\/badblog\\\/files\\\/2025\\\/03\\\/a62c5b1a-7fd1-42f6-8490-5ae2ef06b319-scaled.jpg?fit=768%2C768&#038;ssl=1&quot;,&quot;featured_id&quot;:29771,&quot;mediatype&quot;:&quot;audio&quot;,&quot;season&quot;:0,&quot;categories&quot;:[],&quot;duration&quot;:&quot;01:01:05&quot;,&quot;episodetype&quot;:&quot;full&quot;,&quot;timestamp&quot;:1741064400,&quot;key&quot;:&quot;d2c67ffededc54598a7cecc168129a10&quot;,&quot;fset&quot;:&quot;https:\\\/\\\/i0.wp.com\\\/blogs.nmz.de\\\/badblog\\\/files\\\/2025\\\/03\\\/a62c5b1a-7fd1-42f6-8490-5ae2ef06b319-scaled.jpg?w=2560&amp;ssl=1 2560w, https:\\\/\\\/i0.wp.com\\\/blogs.nmz.de\\\/badblog\\\/files\\\/2025\\\/03\\\/a62c5b1a-7fd1-42f6-8490-5ae2ef06b319-scaled.jpg?resize=480%2C480&amp;ssl=1 480w, https:\\\/\\\/i0.wp.com\\\/blogs.nmz.de\\\/badblog\\\/files\\\/2025\\\/03\\\/a62c5b1a-7fd1-42f6-8490-5ae2ef06b319-scaled.jpg?resize=1024%2C1024&amp;ssl=1 1024w, https:\\\/\\\/i0.wp.com\\\/blogs.nmz.de\\\/badblog\\\/files\\\/2025\\\/03\\\/a62c5b1a-7fd1-42f6-8490-5ae2ef06b319-scaled.jpg?resize=150%2C150&amp;ssl=1 150w, https:\\\/\\\/i0.wp.com\\\/blogs.nmz.de\\\/badblog\\\/files\\\/2025\\\/03\\\/a62c5b1a-7fd1-42f6-8490-5ae2ef06b319-scaled.jpg?resize=768%2C768&amp;ssl=1 768w, https:\\\/\\\/i0.wp.com\\\/blogs.nmz.de\\\/badblog\\\/files\\\/2025\\\/03\\\/a62c5b1a-7fd1-42f6-8490-5ae2ef06b319-scaled.jpg?resize=1536%2C1536&amp;ssl=1 1536w, https:\\\/\\\/i0.wp.com\\\/blogs.nmz.de\\\/badblog\\\/files\\\/2025\\\/03\\\/a62c5b1a-7fd1-42f6-8490-5ae2ef06b319-scaled.jpg?resize=2048%2C2048&amp;ssl=1 2048w, https:\\\/\\\/i0.wp.com\\\/blogs.nmz.de\\\/badblog\\\/files\\\/2025\\\/03\\\/a62c5b1a-7fd1-42f6-8490-5ae2ef06b319-scaled.jpg?resize=70%2C70&amp;ssl=1 70w, https:\\\/\\\/i0.wp.com\\\/blogs.nmz.de\\\/badblog\\\/files\\\/2025\\\/03\\\/a62c5b1a-7fd1-42f6-8490-5ae2ef06b319-scaled.jpg?resize=80%2C80&amp;ssl=1 80w, https:\\\/\\\/i0.wp.com\\\/blogs.nmz.de\\\/badblog\\\/files\\\/2025\\\/03\\\/a62c5b1a-7fd1-42f6-8490-5ae2ef06b319-scaled.jpg?resize=320%2C320&amp;ssl=1 320w, https:\\\/\\\/i0.wp.com\\\/blogs.nmz.de\\\/badblog\\\/files\\\/2025\\\/03\\\/a62c5b1a-7fd1-42f6-8490-5ae2ef06b319-scaled.jpg?resize=1320%2C1320&amp;ssl=1 1320w&quot;,&quot;fratio&quot;:1},&quot;ppe-9587-7&quot;:{&quot;title&quot;:&quot;251 &#8211; Stress, Ma\\u00dfhalten, Ruhe, Solofolge&quot;,&quot;description&quot;:&quot;&lt;p&gt;Solofolge mit Irene Kurka&lt;\\\/p&gt;\\n&lt;p&gt;Die Sopranistin und Performerin Irene Kurka spricht diesmal \\u00fcber Stress, Hirnfunktionen, Hormon Cocktails, Ma\\u00dfhalten, Impulse, Ruhe, Meditation, Stimme, Angst und Aktionismus.&lt;\\\/p&gt;\\n&lt;p&gt;Kopperationspartner der nmz.&lt;\\\/p&gt;\\n&lt;p&gt;&lt;a href=\\&quot;http:\\\/\\\/www.nmz.de\\&quot;&gt;www.nmz.de&lt;\\\/a&gt;&lt;\\\/p&gt;\\n&lt;p&gt;&lt;a href=\\&quot;http:\\\/\\\/www.irenekurka.de\\&quot;&gt;www.irenekurka.de&lt;\\\/a&gt;&lt;\\\/p&gt;\\n&lt;p&gt;DEEP DIVE hier:&lt;\\\/p&gt;\\n&lt;p&gt;&lt;a href=\\&quot;https:\\\/\\\/www.patreon.com\\\/c\\\/user\\\/shop?u=112648747\\&quot;&gt;https:\\\/\\\/www.patreon.com\\\/c\\\/user\\\/shop?u=112648747&lt;\\\/a&gt;&lt;\\\/p&gt;\\n&quot;,&quot;author&quot;:&quot;Kurka&quot;,&quot;date&quot;:&quot;18. Februar 2025&quot;,&quot;link&quot;:&quot;https:\\\/\\\/neuemusikleben.podigee.io\\\/252-new-episode&quot;,&quot;src&quot;:&quot;https:\\\/\\\/audio.podigee-cdn.net\\\/1738495-m-7d911b6626a1d401f05a7722a8004c75.mp3?source=feed&quot;,&quot;featured&quot;:&quot;https:\\\/\\\/i0.wp.com\\\/blogs.nmz.de\\\/badblog\\\/files\\\/2025\\\/02\\\/f371a495-ff41-437c-9b24-4a92ba16429f-scaled.jpg?fit=768%2C768&#038;ssl=1&quot;,&quot;featured_id&quot;:29713,&quot;mediatype&quot;:&quot;audio&quot;,&quot;season&quot;:0,&quot;categories&quot;:[],&quot;duration&quot;:&quot;28:06&quot;,&quot;episodetype&quot;:&quot;full&quot;,&quot;timestamp&quot;:1739856600,&quot;key&quot;:&quot;0b703d04e6944802e18d65f22f820cce&quot;,&quot;fset&quot;:&quot;https:\\\/\\\/i0.wp.com\\\/blogs.nmz.de\\\/badblog\\\/files\\\/2025\\\/02\\\/f371a495-ff41-437c-9b24-4a92ba16429f-scaled.jpg?w=2560&amp;ssl=1 2560w, https:\\\/\\\/i0.wp.com\\\/blogs.nmz.de\\\/badblog\\\/files\\\/2025\\\/02\\\/f371a495-ff41-437c-9b24-4a92ba16429f-scaled.jpg?resize=480%2C480&amp;ssl=1 480w, https:\\\/\\\/i0.wp.com\\\/blogs.nmz.de\\\/badblog\\\/files\\\/2025\\\/02\\\/f371a495-ff41-437c-9b24-4a92ba16429f-scaled.jpg?resize=1024%2C1024&amp;ssl=1 1024w, https:\\\/\\\/i0.wp.com\\\/blogs.nmz.de\\\/badblog\\\/files\\\/2025\\\/02\\\/f371a495-ff41-437c-9b24-4a92ba16429f-scaled.jpg?resize=150%2C150&amp;ssl=1 150w, https:\\\/\\\/i0.wp.com\\\/blogs.nmz.de\\\/badblog\\\/files\\\/2025\\\/02\\\/f371a495-ff41-437c-9b24-4a92ba16429f-scaled.jpg?resize=768%2C768&amp;ssl=1 768w, https:\\\/\\\/i0.wp.com\\\/blogs.nmz.de\\\/badblog\\\/files\\\/2025\\\/02\\\/f371a495-ff41-437c-9b24-4a92ba16429f-scaled.jpg?resize=1536%2C1536&amp;ssl=1 1536w, https:\\\/\\\/i0.wp.com\\\/blogs.nmz.de\\\/badblog\\\/files\\\/2025\\\/02\\\/f371a495-ff41-437c-9b24-4a92ba16429f-scaled.jpg?resize=2048%2C2048&amp;ssl=1 2048w, https:\\\/\\\/i0.wp.com\\\/blogs.nmz.de\\\/badblog\\\/files\\\/2025\\\/02\\\/f371a495-ff41-437c-9b24-4a92ba16429f-scaled.jpg?resize=70%2C70&amp;ssl=1 70w, https:\\\/\\\/i0.wp.com\\\/blogs.nmz.de\\\/badblog\\\/files\\\/2025\\\/02\\\/f371a495-ff41-437c-9b24-4a92ba16429f-scaled.jpg?resize=80%2C80&amp;ssl=1 80w, https:\\\/\\\/i0.wp.com\\\/blogs.nmz.de\\\/badblog\\\/files\\\/2025\\\/02\\\/f371a495-ff41-437c-9b24-4a92ba16429f-scaled.jpg?resize=320%2C320&amp;ssl=1 320w, https:\\\/\\\/i0.wp.com\\\/blogs.nmz.de\\\/badblog\\\/files\\\/2025\\\/02\\\/f371a495-ff41-437c-9b24-4a92ba16429f-scaled.jpg?resize=1320%2C1320&amp;ssl=1 1320w&quot;,&quot;fratio&quot;:1},&quot;ppe-9587-8&quot;:{&quot;title&quot;:&quot;250 &#8211; Interview with Helena Canovas Pares&quot;,&quot;description&quot;:&quot;&lt;p&gt;composer&lt;\\\/p&gt;\\n&lt;p&gt;Helena Canovas Pares talks about her education in Spain and Cologne and how she developed as a composer. She shares her thoughts about voice, singing, inspiration and collaborations.&lt;\\\/p&gt;\\n&lt;p&gt;&lt;a href=\\&quot;https:\\\/\\\/www.hcanovaspares.com\\\/\\&quot;&gt;https:\\\/\\\/www.hcanovaspares.com\\\/&lt;\\\/a&gt;&lt;\\\/p&gt;\\n&lt;p&gt;cooperating with nmz&lt;\\\/p&gt;\\n&lt;p&gt;&lt;a href=\\&quot;http:\\\/\\\/www.nmz.de\\&quot;&gt;www.nmz.de&lt;\\\/a&gt;&lt;\\\/p&gt;\\n&lt;p&gt;&lt;a href=\\&quot;http:\\\/\\\/www.irenekurka.de\\&quot;&gt;www.irenekurka.de&lt;\\\/a&gt;&lt;\\\/p&gt;\\n&lt;p&gt;&lt;a href=\\&quot;mailto:&#x6d;ail&#064;&#105;&#114;&#101;&#110;&#101;&#107;&#x75;r&#x6b;a&#046;&#100;&#x65;\\&quot;&gt;&#x6d;&#097;&#x69;&#108;&#x40;&#x69;&#114;&#101;&#x6e;&#x65;&#x6b;&#x75;&#114;&#x6b;&#x61;&#046;&#100;&#x65;&lt;\\\/a&gt;&lt;\\\/p&gt;\\n&quot;,&quot;author&quot;:&quot;Kurka&quot;,&quot;date&quot;:&quot;4. Februar 2025&quot;,&quot;link&quot;:&quot;https:\\\/\\\/neuemusikleben.podigee.io\\\/251-neue-episode&quot;,&quot;src&quot;:&quot;https:\\\/\\\/audio.podigee-cdn.net\\\/1700746-m-74cf541302ab46e4601bca07b1697ce5.mp3?source=feed&quot;,&quot;featured&quot;:&quot;https:\\\/\\\/i0.wp.com\\\/blogs.nmz.de\\\/badblog\\\/files\\\/2025\\\/02\\\/35a21e7f-d41e-4f12-ba61-0a0329aa6a69-scaled.jpg?fit=768%2C768&#038;ssl=1&quot;,&quot;featured_id&quot;:29690,&quot;mediatype&quot;:&quot;audio&quot;,&quot;season&quot;:0,&quot;categories&quot;:[],&quot;duration&quot;:&quot;43:35&quot;,&quot;episodetype&quot;:&quot;full&quot;,&quot;timestamp&quot;:1738637700,&quot;key&quot;:&quot;9507465a428af26120796ff6f07330d7&quot;,&quot;fset&quot;:&quot;https:\\\/\\\/i0.wp.com\\\/blogs.nmz.de\\\/badblog\\\/files\\\/2025\\\/02\\\/35a21e7f-d41e-4f12-ba61-0a0329aa6a69-scaled.jpg?w=2560&amp;ssl=1 2560w, https:\\\/\\\/i0.wp.com\\\/blogs.nmz.de\\\/badblog\\\/files\\\/2025\\\/02\\\/35a21e7f-d41e-4f12-ba61-0a0329aa6a69-scaled.jpg?resize=480%2C480&amp;ssl=1 480w, https:\\\/\\\/i0.wp.com\\\/blogs.nmz.de\\\/badblog\\\/files\\\/2025\\\/02\\\/35a21e7f-d41e-4f12-ba61-0a0329aa6a69-scaled.jpg?resize=1024%2C1024&amp;ssl=1 1024w, https:\\\/\\\/i0.wp.com\\\/blogs.nmz.de\\\/badblog\\\/files\\\/2025\\\/02\\\/35a21e7f-d41e-4f12-ba61-0a0329aa6a69-scaled.jpg?resize=150%2C150&amp;ssl=1 150w, https:\\\/\\\/i0.wp.com\\\/blogs.nmz.de\\\/badblog\\\/files\\\/2025\\\/02\\\/35a21e7f-d41e-4f12-ba61-0a0329aa6a69-scaled.jpg?resize=768%2C768&amp;ssl=1 768w, https:\\\/\\\/i0.wp.com\\\/blogs.nmz.de\\\/badblog\\\/files\\\/2025\\\/02\\\/35a21e7f-d41e-4f12-ba61-0a0329aa6a69-scaled.jpg?resize=1536%2C1536&amp;ssl=1 1536w, https:\\\/\\\/i0.wp.com\\\/blogs.nmz.de\\\/badblog\\\/files\\\/2025\\\/02\\\/35a21e7f-d41e-4f12-ba61-0a0329aa6a69-scaled.jpg?resize=2048%2C2048&amp;ssl=1 2048w, https:\\\/\\\/i0.wp.com\\\/blogs.nmz.de\\\/badblog\\\/files\\\/2025\\\/02\\\/35a21e7f-d41e-4f12-ba61-0a0329aa6a69-scaled.jpg?resize=70%2C70&amp;ssl=1 70w, https:\\\/\\\/i0.wp.com\\\/blogs.nmz.de\\\/badblog\\\/files\\\/2025\\\/02\\\/35a21e7f-d41e-4f12-ba61-0a0329aa6a69-scaled.jpg?resize=80%2C80&amp;ssl=1 80w, https:\\\/\\\/i0.wp.com\\\/blogs.nmz.de\\\/badblog\\\/files\\\/2025\\\/02\\\/35a21e7f-d41e-4f12-ba61-0a0329aa6a69-scaled.jpg?resize=320%2C320&amp;ssl=1 320w, https:\\\/\\\/i0.wp.com\\\/blogs.nmz.de\\\/badblog\\\/files\\\/2025\\\/02\\\/35a21e7f-d41e-4f12-ba61-0a0329aa6a69-scaled.jpg?resize=1320%2C1320&amp;ssl=1 1320w&quot;,&quot;fratio&quot;:1},&quot;ppe-9587-9&quot;:{&quot;title&quot;:&quot;249 &#8211; Interview mit Reiko F\\u00fcting&quot;,&quot;description&quot;:&quot;&lt;p&gt;Komponist und Professor f\\u00fcr Komposition&lt;\\\/p&gt;\\n&lt;p&gt;Reiko F\\u00fcting spricht \\u00fcber seinen Weg in die neue Musik und wie es ihn in die USA verschlagen hat, wo er seit vielen Jahren Professor f\\u00fcr Komposition an der Manhattan School of Music ist. Er spricht \\u00fcber die M\\u00f6glichkeiten und Unterschiede zwischen Deutschland und den USA und vieles mehr.&lt;\\\/p&gt;\\n&lt;p&gt;&lt;a href=\\&quot;http:\\\/\\\/www.reikofueting.com\\&quot;&gt;www.reikofueting.com&lt;\\\/a&gt;&lt;\\\/p&gt;\\n&lt;p&gt;&lt;a href=\\&quot;http:\\\/\\\/www.irenekurka.de\\&quot;&gt;www.irenekurka.de&lt;\\\/a&gt;&lt;\\\/p&gt;\\n&lt;p&gt;Kooperationspartnerin der nmz&lt;\\\/p&gt;\\n&lt;p&gt;&lt;a href=\\&quot;http:\\\/\\\/www.nmz.de\\&quot;&gt;www.nmz.de&lt;\\\/a&gt;&lt;\\\/p&gt;\\n&quot;,&quot;author&quot;:&quot;Kurka&quot;,&quot;date&quot;:&quot;21. Januar 2025&quot;,&quot;link&quot;:&quot;https:\\\/\\\/neuemusikleben.podigee.io\\\/245-neue-episode&quot;,&quot;src&quot;:&quot;https:\\\/\\\/audio.podigee-cdn.net\\\/1634314-m-25208e2c1dfe968bfe27e93127ae8231.mp3?source=feed&quot;,&quot;featured&quot;:&quot;https:\\\/\\\/i0.wp.com\\\/blogs.nmz.de\\\/badblog\\\/files\\\/2025\\\/01\\\/b44fdbd8-8fc2-499e-8ef3-26433cac3dd1-scaled.jpg?fit=768%2C768&#038;ssl=1&quot;,&quot;featured_id&quot;:29665,&quot;mediatype&quot;:&quot;audio&quot;,&quot;season&quot;:0,&quot;categories&quot;:[],&quot;duration&quot;:&quot;45:45&quot;,&quot;episodetype&quot;:&quot;full&quot;,&quot;timestamp&quot;:1737433500,&quot;key&quot;:&quot;bb139921e6a9da0dde0bda2755460739&quot;,&quot;fset&quot;:&quot;https:\\\/\\\/i0.wp.com\\\/blogs.nmz.de\\\/badblog\\\/files\\\/2025\\\/01\\\/b44fdbd8-8fc2-499e-8ef3-26433cac3dd1-scaled.jpg?w=2560&amp;ssl=1 2560w, https:\\\/\\\/i0.wp.com\\\/blogs.nmz.de\\\/badblog\\\/files\\\/2025\\\/01\\\/b44fdbd8-8fc2-499e-8ef3-26433cac3dd1-scaled.jpg?resize=480%2C480&amp;ssl=1 480w, https:\\\/\\\/i0.wp.com\\\/blogs.nmz.de\\\/badblog\\\/files\\\/2025\\\/01\\\/b44fdbd8-8fc2-499e-8ef3-26433cac3dd1-scaled.jpg?resize=1024%2C1024&amp;ssl=1 1024w, https:\\\/\\\/i0.wp.com\\\/blogs.nmz.de\\\/badblog\\\/files\\\/2025\\\/01\\\/b44fdbd8-8fc2-499e-8ef3-26433cac3dd1-scaled.jpg?resize=150%2C150&amp;ssl=1 150w, https:\\\/\\\/i0.wp.com\\\/blogs.nmz.de\\\/badblog\\\/files\\\/2025\\\/01\\\/b44fdbd8-8fc2-499e-8ef3-26433cac3dd1-scaled.jpg?resize=768%2C768&amp;ssl=1 768w, https:\\\/\\\/i0.wp.com\\\/blogs.nmz.de\\\/badblog\\\/files\\\/2025\\\/01\\\/b44fdbd8-8fc2-499e-8ef3-26433cac3dd1-scaled.jpg?resize=1536%2C1536&amp;ssl=1 1536w, https:\\\/\\\/i0.wp.com\\\/blogs.nmz.de\\\/badblog\\\/files\\\/2025\\\/01\\\/b44fdbd8-8fc2-499e-8ef3-26433cac3dd1-scaled.jpg?resize=2048%2C2048&amp;ssl=1 2048w, https:\\\/\\\/i0.wp.com\\\/blogs.nmz.de\\\/badblog\\\/files\\\/2025\\\/01\\\/b44fdbd8-8fc2-499e-8ef3-26433cac3dd1-scaled.jpg?resize=70%2C70&amp;ssl=1 70w, https:\\\/\\\/i0.wp.com\\\/blogs.nmz.de\\\/badblog\\\/files\\\/2025\\\/01\\\/b44fdbd8-8fc2-499e-8ef3-26433cac3dd1-scaled.jpg?resize=80%2C80&amp;ssl=1 80w, https:\\\/\\\/i0.wp.com\\\/blogs.nmz.de\\\/badblog\\\/files\\\/2025\\\/01\\\/b44fdbd8-8fc2-499e-8ef3-26433cac3dd1-scaled.jpg?resize=320%2C320&amp;ssl=1 320w, https:\\\/\\\/i0.wp.com\\\/blogs.nmz.de\\\/badblog\\\/files\\\/2025\\\/01\\\/b44fdbd8-8fc2-499e-8ef3-26433cac3dd1-scaled.jpg?resize=1320%2C1320&amp;ssl=1 1320w&quot;,&quot;fratio&quot;:1},&quot;ppe-9587-10&quot;:{&quot;title&quot;:&quot;248 -Interview with Johannes Kreidler&quot;,&quot;description&quot;:&quot;&lt;p&gt;composer and professor&lt;\\\/p&gt;\\n&lt;p&gt;Johannes Kreidler talks about his way into contemporary music and how he became a conceptual composer. He speaks about teaching in Basel and what happened in and since the pandemic in his artistic life. He also shares his creative process with us.&lt;\\\/p&gt;\\n&lt;p&gt;&lt;a href=\\&quot;http:\\\/\\\/www.kreidler-net.de\\&quot;&gt;www.kreidler-net.de&lt;\\\/a&gt;&lt;\\\/p&gt;\\n&lt;p&gt;&lt;a href=\\&quot;http:\\\/\\\/www.sheetmusic-kreidler.com\\&quot;&gt;www.sheetmusic-kreidler.com&lt;\\\/a&gt;&lt;\\\/p&gt;\\n&lt;p&gt;cooperating with nmw&lt;br \\\/&gt;\\nNeue Musikzeitung&lt;\\\/p&gt;\\n&lt;p&gt;&lt;a href=\\&quot;http:\\\/\\\/www.nmz.de\\&quot;&gt;www.nmz.de&lt;\\\/a&gt;&lt;\\\/p&gt;\\n&lt;p&gt;&lt;a href=\\&quot;http:\\\/\\\/www.irenekurka.de\\&quot;&gt;www.irenekurka.de&lt;\\\/a&gt;&lt;\\\/p&gt;\\n&lt;p&gt;&lt;a href=\\&quot;https:\\\/\\\/www.patreon.com\\\/c\\\/user?u=112648747\\&quot;&gt;https:\\\/\\\/www.patreon.com\\\/c\\\/user?u=112648747&lt;\\\/a&gt;&lt;\\\/p&gt;\\n&quot;,&quot;author&quot;:&quot;Irene Kurka&quot;,&quot;date&quot;:&quot;7. Januar 2025&quot;,&quot;link&quot;:&quot;https:\\\/\\\/neuemusikleben.podigee.io\\\/244-neue-episode&quot;,&quot;src&quot;:&quot;https:\\\/\\\/audio.podigee-cdn.net\\\/1634313-m-5fa541f71974759d97480af6cc66480f.mp3?source=feed&quot;,&quot;featured&quot;:&quot;https:\\\/\\\/i0.wp.com\\\/blogs.nmz.de\\\/badblog\\\/files\\\/2025\\\/01\\\/32d0e254-2bf2-4922-b90f-9cce1b3fa111-scaled.jpg?fit=768%2C768&#038;ssl=1&quot;,&quot;featured_id&quot;:29630,&quot;mediatype&quot;:&quot;audio&quot;,&quot;season&quot;:0,&quot;categories&quot;:[],&quot;duration&quot;:&quot;50:57&quot;,&quot;episodetype&quot;:&quot;full&quot;,&quot;timestamp&quot;:1736225400,&quot;key&quot;:&quot;8c972b3de6ead710b9b226ad3fe20277&quot;,&quot;fset&quot;:&quot;https:\\\/\\\/i0.wp.com\\\/blogs.nmz.de\\\/badblog\\\/files\\\/2025\\\/01\\\/32d0e254-2bf2-4922-b90f-9cce1b3fa111-scaled.jpg?w=2560&amp;ssl=1 2560w, https:\\\/\\\/i0.wp.com\\\/blogs.nmz.de\\\/badblog\\\/files\\\/2025\\\/01\\\/32d0e254-2bf2-4922-b90f-9cce1b3fa111-scaled.jpg?resize=480%2C480&amp;ssl=1 480w, https:\\\/\\\/i0.wp.com\\\/blogs.nmz.de\\\/badblog\\\/files\\\/2025\\\/01\\\/32d0e254-2bf2-4922-b90f-9cce1b3fa111-scaled.jpg?resize=1024%2C1024&amp;ssl=1 1024w, https:\\\/\\\/i0.wp.com\\\/blogs.nmz.de\\\/badblog\\\/files\\\/2025\\\/01\\\/32d0e254-2bf2-4922-b90f-9cce1b3fa111-scaled.jpg?resize=150%2C150&amp;ssl=1 150w, https:\\\/\\\/i0.wp.com\\\/blogs.nmz.de\\\/badblog\\\/files\\\/2025\\\/01\\\/32d0e254-2bf2-4922-b90f-9cce1b3fa111-scaled.jpg?resize=768%2C768&amp;ssl=1 768w, https:\\\/\\\/i0.wp.com\\\/blogs.nmz.de\\\/badblog\\\/files\\\/2025\\\/01\\\/32d0e254-2bf2-4922-b90f-9cce1b3fa111-scaled.jpg?resize=1536%2C1536&amp;ssl=1 1536w, https:\\\/\\\/i0.wp.com\\\/blogs.nmz.de\\\/badblog\\\/files\\\/2025\\\/01\\\/32d0e254-2bf2-4922-b90f-9cce1b3fa111-scaled.jpg?resize=2048%2C2048&amp;ssl=1 2048w, https:\\\/\\\/i0.wp.com\\\/blogs.nmz.de\\\/badblog\\\/files\\\/2025\\\/01\\\/32d0e254-2bf2-4922-b90f-9cce1b3fa111-scaled.jpg?resize=70%2C70&amp;ssl=1 70w, https:\\\/\\\/i0.wp.com\\\/blogs.nmz.de\\\/badblog\\\/files\\\/2025\\\/01\\\/32d0e254-2bf2-4922-b90f-9cce1b3fa111-scaled.jpg?resize=80%2C80&amp;ssl=1 80w, https:\\\/\\\/i0.wp.com\\\/blogs.nmz.de\\\/badblog\\\/files\\\/2025\\\/01\\\/32d0e254-2bf2-4922-b90f-9cce1b3fa111-scaled.jpg?resize=320%2C320&amp;ssl=1 320w, https:\\\/\\\/i0.wp.com\\\/blogs.nmz.de\\\/badblog\\\/files\\\/2025\\\/01\\\/32d0e254-2bf2-4922-b90f-9cce1b3fa111-scaled.jpg?resize=1320%2C1320&amp;ssl=1 1320w&quot;,&quot;fratio&quot;:1},&quot;ppe-9587-11&quot;:{&quot;title&quot;:&quot;247 &#8211; Learnings and review 2024&quot;,&quot;description&quot;:&quot;&lt;p&gt;solo episode with soprano Irene Kurka&lt;\\\/p&gt;\\n&lt;p&gt;Irene Kurka is reflecting on 2024. This a personal episode.&lt;\\\/p&gt;\\n&lt;p&gt;Thank you for listening!&lt;\\\/p&gt;\\n&lt;p&gt;Merry Christmas and a happy new year!!!&lt;\\\/p&gt;\\n&lt;p&gt;Fr\\u00f6hliche Weihnachten und ein gl\\u00fcckliches 2025!&lt;\\\/p&gt;\\n&lt;p&gt;Danke f\\u00fcrs Zuh\\u00f6ren, Einschalten und eure Treue!&lt;\\\/p&gt;\\n&lt;p&gt;&lt;a href=\\&quot;http:\\\/\\\/www.irenekurka.de\\&quot;&gt;www.irenekurka.de&lt;\\\/a&gt;&lt;\\\/p&gt;\\n&lt;p&gt;&lt;a href=\\&quot;https:\\\/\\\/irenekurka.de\\\/book-me\\\/coaching\\&quot;&gt;https:\\\/\\\/irenekurka.de\\\/book-me\\\/coaching&lt;\\\/a&gt;&lt;\\\/p&gt;\\n&lt;p&gt;&lt;a href=\\&quot;https:\\\/\\\/www.patreon.com\\\/c\\\/user\\\/shop?u=112648747\\&quot;&gt;https:\\\/\\\/www.patreon.com\\\/c\\\/user\\\/shop?u=112648747&lt;\\\/a&gt;&lt;\\\/p&gt;\\n&lt;p&gt;Kooperationspartnerin der nmz&lt;\\\/p&gt;\\n&lt;p&gt;&lt;a href=\\&quot;http:\\\/\\\/www.nmz.de\\&quot;&gt;www.nmz.de&lt;\\\/a&gt;&lt;\\\/p&gt;\\n&quot;,&quot;author&quot;:&quot;Kurka&quot;,&quot;date&quot;:&quot;18. Dezember 2024&quot;,&quot;link&quot;:&quot;https:\\\/\\\/neuemusikleben.podigee.io\\\/250-neue-episode&quot;,&quot;src&quot;:&quot;https:\\\/\\\/audio.podigee-cdn.net\\\/1695503-m-bbffd740d9c5a525cc6b30b08eb4f6f6.mp3?source=feed&quot;,&quot;featured&quot;:&quot;https:\\\/\\\/i0.wp.com\\\/blogs.nmz.de\\\/badblog\\\/files\\\/2024\\\/12\\\/bd3843bd-e368-4ccc-97f6-a15df74b881b-scaled.jpg?fit=768%2C768&#038;ssl=1&quot;,&quot;featured_id&quot;:29572,&quot;mediatype&quot;:&quot;audio&quot;,&quot;season&quot;:0,&quot;categories&quot;:[],&quot;duration&quot;:&quot;19:44&quot;,&quot;episodetype&quot;:&quot;full&quot;,&quot;timestamp&quot;:1734504900,&quot;key&quot;:&quot;ed516215afef2d7f34c965b3c2d78d23&quot;,&quot;fset&quot;:&quot;https:\\\/\\\/i0.wp.com\\\/blogs.nmz.de\\\/badblog\\\/files\\\/2024\\\/12\\\/bd3843bd-e368-4ccc-97f6-a15df74b881b-scaled.jpg?w=2560&amp;ssl=1 2560w, https:\\\/\\\/i0.wp.com\\\/blogs.nmz.de\\\/badblog\\\/files\\\/2024\\\/12\\\/bd3843bd-e368-4ccc-97f6-a15df74b881b-scaled.jpg?resize=480%2C480&amp;ssl=1 480w, https:\\\/\\\/i0.wp.com\\\/blogs.nmz.de\\\/badblog\\\/files\\\/2024\\\/12\\\/bd3843bd-e368-4ccc-97f6-a15df74b881b-scaled.jpg?resize=1024%2C1024&amp;ssl=1 1024w, https:\\\/\\\/i0.wp.com\\\/blogs.nmz.de\\\/badblog\\\/files\\\/2024\\\/12\\\/bd3843bd-e368-4ccc-97f6-a15df74b881b-scaled.jpg?resize=150%2C150&amp;ssl=1 150w, https:\\\/\\\/i0.wp.com\\\/blogs.nmz.de\\\/badblog\\\/files\\\/2024\\\/12\\\/bd3843bd-e368-4ccc-97f6-a15df74b881b-scaled.jpg?resize=768%2C768&amp;ssl=1 768w, https:\\\/\\\/i0.wp.com\\\/blogs.nmz.de\\\/badblog\\\/files\\\/2024\\\/12\\\/bd3843bd-e368-4ccc-97f6-a15df74b881b-scaled.jpg?resize=1536%2C1536&amp;ssl=1 1536w, https:\\\/\\\/i0.wp.com\\\/blogs.nmz.de\\\/badblog\\\/files\\\/2024\\\/12\\\/bd3843bd-e368-4ccc-97f6-a15df74b881b-scaled.jpg?resize=2048%2C2048&amp;ssl=1 2048w, https:\\\/\\\/i0.wp.com\\\/blogs.nmz.de\\\/badblog\\\/files\\\/2024\\\/12\\\/bd3843bd-e368-4ccc-97f6-a15df74b881b-scaled.jpg?resize=70%2C70&amp;ssl=1 70w, https:\\\/\\\/i0.wp.com\\\/blogs.nmz.de\\\/badblog\\\/files\\\/2024\\\/12\\\/bd3843bd-e368-4ccc-97f6-a15df74b881b-scaled.jpg?resize=80%2C80&amp;ssl=1 80w, https:\\\/\\\/i0.wp.com\\\/blogs.nmz.de\\\/badblog\\\/files\\\/2024\\\/12\\\/bd3843bd-e368-4ccc-97f6-a15df74b881b-scaled.jpg?resize=320%2C320&amp;ssl=1 320w, https:\\\/\\\/i0.wp.com\\\/blogs.nmz.de\\\/badblog\\\/files\\\/2024\\\/12\\\/bd3843bd-e368-4ccc-97f6-a15df74b881b-scaled.jpg?resize=1320%2C1320&amp;ssl=1 1320w&quot;,&quot;fratio&quot;:1},&quot;ppe-9587-12&quot;:{&quot;title&quot;:&quot;246 &#8211; R\\u00fcckblick und Learnings 2024&quot;,&quot;description&quot;:&quot;&lt;p&gt;Solofolge mit Irene Kurka&lt;\\\/p&gt;\\n&lt;p&gt;Irene Kurka spricht \\u00fcber ihre Erfahrungen, Neuerungen und Erfolge rund um den Podcast, Konzerte in Braga, Luxembourg, Coaching, Human Design, Entspannung und Ruhe und vieles mehr.&lt;\\\/p&gt;\\n&lt;p&gt;Fr\\u00f6hliche Weihnachten und ein gl\\u00fcckliches 2025!&lt;\\\/p&gt;\\n&lt;p&gt;Danke f\\u00fcrs Zuh\\u00f6ren, Einschalten und eure Treue!&lt;\\\/p&gt;\\n&lt;p&gt;&lt;a href=\\&quot;http:\\\/\\\/www.irenekurka.de\\&quot;&gt;www.irenekurka.de&lt;\\\/a&gt;&lt;\\\/p&gt;\\n&lt;p&gt;&lt;a href=\\&quot;https:\\\/\\\/irenekurka.de\\\/book-me\\\/coaching\\&quot;&gt;https:\\\/\\\/irenekurka.de\\\/book-me\\\/coaching&lt;\\\/a&gt;&lt;\\\/p&gt;\\n&lt;p&gt;&lt;a href=\\&quot;https:\\\/\\\/www.patreon.com\\\/c\\\/user\\\/shop?u=112648747\\&quot;&gt;https:\\\/\\\/www.patreon.com\\\/c\\\/user\\\/shop?u=112648747&lt;\\\/a&gt;&lt;\\\/p&gt;\\n&lt;p&gt;Kooperationspartnerin der nmz&lt;\\\/p&gt;\\n&lt;p&gt;&lt;a href=\\&quot;http:\\\/\\\/www.nmz.de\\&quot;&gt;www.nmz.de&lt;\\\/a&gt;&lt;\\\/p&gt;\\n&quot;,&quot;author&quot;:&quot;Kurka&quot;,&quot;date&quot;:&quot;17. Dezember 2024&quot;,&quot;link&quot;:&quot;https:\\\/\\\/neuemusikleben.podigee.io\\\/243-neue-episode&quot;,&quot;src&quot;:&quot;https:\\\/\\\/audio.podigee-cdn.net\\\/1634311-m-283216d93c2923ac0ab6d02c249595d5.mp3?source=feed&quot;,&quot;featured&quot;:&quot;https:\\\/\\\/i0.wp.com\\\/blogs.nmz.de\\\/badblog\\\/files\\\/2024\\\/12\\\/ec8f2441-2d39-4d93-b90f-0430cfd1f7f5-scaled.jpg?fit=768%2C768&#038;ssl=1&quot;,&quot;featured_id&quot;:29571,&quot;mediatype&quot;:&quot;audio&quot;,&quot;season&quot;:0,&quot;categories&quot;:[],&quot;duration&quot;:&quot;28:09&quot;,&quot;episodetype&quot;:&quot;full&quot;,&quot;timestamp&quot;:1734412800,&quot;key&quot;:&quot;f5eed6f4084a738ed16e833610982a85&quot;,&quot;fset&quot;:&quot;https:\\\/\\\/i0.wp.com\\\/blogs.nmz.de\\\/badblog\\\/files\\\/2024\\\/12\\\/ec8f2441-2d39-4d93-b90f-0430cfd1f7f5-scaled.jpg?w=2560&amp;ssl=1 2560w, https:\\\/\\\/i0.wp.com\\\/blogs.nmz.de\\\/badblog\\\/files\\\/2024\\\/12\\\/ec8f2441-2d39-4d93-b90f-0430cfd1f7f5-scaled.jpg?resize=480%2C480&amp;ssl=1 480w, https:\\\/\\\/i0.wp.com\\\/blogs.nmz.de\\\/badblog\\\/files\\\/2024\\\/12\\\/ec8f2441-2d39-4d93-b90f-0430cfd1f7f5-scaled.jpg?resize=1024%2C1024&amp;ssl=1 1024w, https:\\\/\\\/i0.wp.com\\\/blogs.nmz.de\\\/badblog\\\/files\\\/2024\\\/12\\\/ec8f2441-2d39-4d93-b90f-0430cfd1f7f5-scaled.jpg?resize=150%2C150&amp;ssl=1 150w, https:\\\/\\\/i0.wp.com\\\/blogs.nmz.de\\\/badblog\\\/files\\\/2024\\\/12\\\/ec8f2441-2d39-4d93-b90f-0430cfd1f7f5-scaled.jpg?resize=768%2C768&amp;ssl=1 768w, https:\\\/\\\/i0.wp.com\\\/blogs.nmz.de\\\/badblog\\\/files\\\/2024\\\/12\\\/ec8f2441-2d39-4d93-b90f-0430cfd1f7f5-scaled.jpg?resize=1536%2C1536&amp;ssl=1 1536w, https:\\\/\\\/i0.wp.com\\\/blogs.nmz.de\\\/badblog\\\/files\\\/2024\\\/12\\\/ec8f2441-2d39-4d93-b90f-0430cfd1f7f5-scaled.jpg?resize=2048%2C2048&amp;ssl=1 2048w, https:\\\/\\\/i0.wp.com\\\/blogs.nmz.de\\\/badblog\\\/files\\\/2024\\\/12\\\/ec8f2441-2d39-4d93-b90f-0430cfd1f7f5-scaled.jpg?resize=70%2C70&amp;ssl=1 70w, https:\\\/\\\/i0.wp.com\\\/blogs.nmz.de\\\/badblog\\\/files\\\/2024\\\/12\\\/ec8f2441-2d39-4d93-b90f-0430cfd1f7f5-scaled.jpg?resize=80%2C80&amp;ssl=1 80w, https:\\\/\\\/i0.wp.com\\\/blogs.nmz.de\\\/badblog\\\/files\\\/2024\\\/12\\\/ec8f2441-2d39-4d93-b90f-0430cfd1f7f5-scaled.jpg?resize=320%2C320&amp;ssl=1 320w, https:\\\/\\\/i0.wp.com\\\/blogs.nmz.de\\\/badblog\\\/files\\\/2024\\\/12\\\/ec8f2441-2d39-4d93-b90f-0430cfd1f7f5-scaled.jpg?resize=1320%2C1320&amp;ssl=1 1320w&quot;,&quot;fratio&quot;:1},&quot;ppe-9587-13&quot;:{&quot;title&quot;:&quot;245 &#8211; Interview with Rosie Middleton &#8211; rainy days Luxembourg (4)&quot;,&quot;description&quot;:&quot;&lt;p&gt;mezzo-soprano&lt;\\\/p&gt;\\n&lt;p&gt;Rosie Middleton talks about her way into singing contemporary music and music theatre and how she enjoys exploring extreme situations for her voice and body. She shares her experience of 12 Hours at rainy day festival Luxembourg.This podcast is a cooperation with rainy days Philharmonie Luxembourg.&lt;\\\/p&gt;\\n&lt;p&gt;&lt;a href=\\&quot;https:\\\/\\\/rosiemiddleton.com\\\/\\&quot;&gt;https:\\\/\\\/rosiemiddleton.com\\\/&lt;\\\/a&gt;&lt;\\\/p&gt;\\n&lt;p&gt;&lt;a href=\\&quot;https:\\\/\\\/www.philharmonie.lu\\\/en\\\/programme\\\/2024-25\\\/festival-overview\\\/rainy-days-2024-0000013e00000470\\&quot;&gt;https:\\\/\\\/www.philharmonie.lu\\\/en\\\/programme\\\/2024-25\\\/festival-overview\\\/rainy-days-2024-0000013e00000470&lt;\\\/a&gt;&lt;\\\/p&gt;\\n&lt;p&gt;cooperating with Neue Musikzeitung &lt;a href=\\&quot;http:\\\/\\\/www.nmz.de\\&quot;&gt;www.nmz.de&lt;\\\/a&gt;&lt;\\\/p&gt;\\n&lt;p&gt;&lt;a href=\\&quot;http:\\\/\\\/www.irenekurka.de\\&quot;&gt;www.irenekurka.de&lt;\\\/a&gt;&lt;\\\/p&gt;\\n&quot;,&quot;author&quot;:&quot;Kurka&quot;,&quot;date&quot;:&quot;4. Dezember 2024&quot;,&quot;link&quot;:&quot;https:\\\/\\\/neuemusikleben.podigee.io\\\/249-neue-episode&quot;,&quot;src&quot;:&quot;https:\\\/\\\/audio.podigee-cdn.net\\\/1678089-m-0b3832e970f2426e81a62aff2ff7b34c.mp3?source=feed&quot;,&quot;featured&quot;:&quot;https:\\\/\\\/i0.wp.com\\\/blogs.nmz.de\\\/badblog\\\/files\\\/2024\\\/12\\\/dbdd6192-205d-471b-af05-6c8012544111-scaled.jpg?fit=768%2C768&#038;ssl=1&quot;,&quot;featured_id&quot;:29538,&quot;mediatype&quot;:&quot;audio&quot;,&quot;season&quot;:0,&quot;categories&quot;:[],&quot;duration&quot;:&quot;58:23&quot;,&quot;episodetype&quot;:&quot;full&quot;,&quot;timestamp&quot;:1733287800,&quot;key&quot;:&quot;59c06e5ee8c7948e85ffd5ce466e6121&quot;,&quot;fset&quot;:&quot;https:\\\/\\\/i0.wp.com\\\/blogs.nmz.de\\\/badblog\\\/files\\\/2024\\\/12\\\/dbdd6192-205d-471b-af05-6c8012544111-scaled.jpg?w=2560&amp;ssl=1 2560w, https:\\\/\\\/i0.wp.com\\\/blogs.nmz.de\\\/badblog\\\/files\\\/2024\\\/12\\\/dbdd6192-205d-471b-af05-6c8012544111-scaled.jpg?resize=480%2C480&amp;ssl=1 480w, https:\\\/\\\/i0.wp.com\\\/blogs.nmz.de\\\/badblog\\\/files\\\/2024\\\/12\\\/dbdd6192-205d-471b-af05-6c8012544111-scaled.jpg?resize=1024%2C1024&amp;ssl=1 1024w, https:\\\/\\\/i0.wp.com\\\/blogs.nmz.de\\\/badblog\\\/files\\\/2024\\\/12\\\/dbdd6192-205d-471b-af05-6c8012544111-scaled.jpg?resize=150%2C150&amp;ssl=1 150w, https:\\\/\\\/i0.wp.com\\\/blogs.nmz.de\\\/badblog\\\/files\\\/2024\\\/12\\\/dbdd6192-205d-471b-af05-6c8012544111-scaled.jpg?resize=768%2C768&amp;ssl=1 768w, https:\\\/\\\/i0.wp.com\\\/blogs.nmz.de\\\/badblog\\\/files\\\/2024\\\/12\\\/dbdd6192-205d-471b-af05-6c8012544111-scaled.jpg?resize=1536%2C1536&amp;ssl=1 1536w, https:\\\/\\\/i0.wp.com\\\/blogs.nmz.de\\\/badblog\\\/files\\\/2024\\\/12\\\/dbdd6192-205d-471b-af05-6c8012544111-scaled.jpg?resize=2048%2C2048&amp;ssl=1 2048w, https:\\\/\\\/i0.wp.com\\\/blogs.nmz.de\\\/badblog\\\/files\\\/2024\\\/12\\\/dbdd6192-205d-471b-af05-6c8012544111-scaled.jpg?resize=70%2C70&amp;ssl=1 70w, https:\\\/\\\/i0.wp.com\\\/blogs.nmz.de\\\/badblog\\\/files\\\/2024\\\/12\\\/dbdd6192-205d-471b-af05-6c8012544111-scaled.jpg?resize=80%2C80&amp;ssl=1 80w, https:\\\/\\\/i0.wp.com\\\/blogs.nmz.de\\\/badblog\\\/files\\\/2024\\\/12\\\/dbdd6192-205d-471b-af05-6c8012544111-scaled.jpg?resize=320%2C320&amp;ssl=1 320w, https:\\\/\\\/i0.wp.com\\\/blogs.nmz.de\\\/badblog\\\/files\\\/2024\\\/12\\\/dbdd6192-205d-471b-af05-6c8012544111-scaled.jpg?resize=1320%2C1320&amp;ssl=1 1320w&quot;,&quot;fratio&quot;:1},&quot;ppe-9587-14&quot;:{&quot;title&quot;:&quot;244 &#8211; Interview with Ana Sokolovic&quot;,&quot;description&quot;:&quot;&lt;p&gt;composer and professor&lt;\\\/p&gt;\\n&lt;p&gt;Ana Sokolovic talks about her way into new music and her big interest in vocal music and music theater. She shares with us what inspires her and she connects many different things in her works. &lt;\\\/p&gt;\\n&lt;p&gt;&lt;a href=\\&quot;https:\\\/\\\/www.anasokolovic.com\\\/en\\\/\\&quot;&gt;https:\\\/\\\/www.anasokolovic.com\\\/en\\\/&lt;\\\/a&gt;&lt;\\\/p&gt;\\n&lt;p&gt;&lt;a href=\\&quot;https:\\\/\\\/www.boosey.com\\\/composer\\\/Ana+Sokolovic\\&quot;&gt;https:\\\/\\\/www.boosey.com\\\/composer\\\/Ana+Sokolovic&lt;\\\/a&gt;&lt;\\\/p&gt;\\n&lt;p&gt;&lt;a href=\\&quot;https:\\\/\\\/creationopera.ca\\\/en\\\/\\&quot;&gt;https:\\\/\\\/creationopera.ca\\\/en\\\/&lt;\\\/a&gt;&lt;\\\/p&gt;\\n&lt;p&gt;Kooperationspartner der nmz&lt;br \\\/&gt;\\nder Neuen Musikzeitung&lt;br \\\/&gt;\\n&lt;a href=\\&quot;http:\\\/\\\/www.nmz.de\\&quot;&gt;www.nmz.de&lt;\\\/a&gt;&lt;\\\/p&gt;\\n&lt;p&gt;&lt;a href=\\&quot;http:\\\/\\\/www.irenekurka.de\\&quot;&gt;www.irenekurka.de&lt;\\\/a&gt;&lt;\\\/p&gt;\\n&lt;p&gt;&lt;a href=\\&quot;https:\\\/\\\/www.patreon.com\\\/c\\\/user?u=112648747\\&quot;&gt;https:\\\/\\\/www.patreon.com\\\/c\\\/user?u=112648747&lt;\\\/a&gt;&lt;\\\/p&gt;\\n&quot;,&quot;author&quot;:&quot;Kurka&quot;,&quot;date&quot;:&quot;3. Dezember 2024&quot;,&quot;link&quot;:&quot;https:\\\/\\\/neuemusikleben.podigee.io\\\/242-neue-episode&quot;,&quot;src&quot;:&quot;https:\\\/\\\/audio.podigee-cdn.net\\\/1548193-m-3d03dfb4b350d0be216ddc7bfa76b31d.mp3?source=feed&quot;,&quot;featured&quot;:&quot;https:\\\/\\\/i0.wp.com\\\/blogs.nmz.de\\\/badblog\\\/files\\\/2024\\\/12\\\/2bebc7e1-c78a-4b84-8576-33aa59bfeb8f-scaled.jpg?fit=768%2C768&#038;ssl=1&quot;,&quot;featured_id&quot;:29537,&quot;mediatype&quot;:&quot;audio&quot;,&quot;season&quot;:0,&quot;categories&quot;:[],&quot;duration&quot;:&quot;53:56&quot;,&quot;episodetype&quot;:&quot;full&quot;,&quot;timestamp&quot;:1733200500,&quot;key&quot;:&quot;5ef64a753bf8f14173397999c4b1239e&quot;,&quot;fset&quot;:&quot;https:\\\/\\\/i0.wp.com\\\/blogs.nmz.de\\\/badblog\\\/files\\\/2024\\\/12\\\/2bebc7e1-c78a-4b84-8576-33aa59bfeb8f-scaled.jpg?w=2560&amp;ssl=1 2560w, https:\\\/\\\/i0.wp.com\\\/blogs.nmz.de\\\/badblog\\\/files\\\/2024\\\/12\\\/2bebc7e1-c78a-4b84-8576-33aa59bfeb8f-scaled.jpg?resize=480%2C480&amp;ssl=1 480w, https:\\\/\\\/i0.wp.com\\\/blogs.nmz.de\\\/badblog\\\/files\\\/2024\\\/12\\\/2bebc7e1-c78a-4b84-8576-33aa59bfeb8f-scaled.jpg?resize=1024%2C1024&amp;ssl=1 1024w, https:\\\/\\\/i0.wp.com\\\/blogs.nmz.de\\\/badblog\\\/files\\\/2024\\\/12\\\/2bebc7e1-c78a-4b84-8576-33aa59bfeb8f-scaled.jpg?resize=150%2C150&amp;ssl=1 150w, https:\\\/\\\/i0.wp.com\\\/blogs.nmz.de\\\/badblog\\\/files\\\/2024\\\/12\\\/2bebc7e1-c78a-4b84-8576-33aa59bfeb8f-scaled.jpg?resize=768%2C768&amp;ssl=1 768w, https:\\\/\\\/i0.wp.com\\\/blogs.nmz.de\\\/badblog\\\/files\\\/2024\\\/12\\\/2bebc7e1-c78a-4b84-8576-33aa59bfeb8f-scaled.jpg?resize=1536%2C1536&amp;ssl=1 1536w, https:\\\/\\\/i0.wp.com\\\/blogs.nmz.de\\\/badblog\\\/files\\\/2024\\\/12\\\/2bebc7e1-c78a-4b84-8576-33aa59bfeb8f-scaled.jpg?resize=2048%2C2048&amp;ssl=1 2048w, https:\\\/\\\/i0.wp.com\\\/blogs.nmz.de\\\/badblog\\\/files\\\/2024\\\/12\\\/2bebc7e1-c78a-4b84-8576-33aa59bfeb8f-scaled.jpg?resize=70%2C70&amp;ssl=1 70w, https:\\\/\\\/i0.wp.com\\\/blogs.nmz.de\\\/badblog\\\/files\\\/2024\\\/12\\\/2bebc7e1-c78a-4b84-8576-33aa59bfeb8f-scaled.jpg?resize=80%2C80&amp;ssl=1 80w, https:\\\/\\\/i0.wp.com\\\/blogs.nmz.de\\\/badblog\\\/files\\\/2024\\\/12\\\/2bebc7e1-c78a-4b84-8576-33aa59bfeb8f-scaled.jpg?resize=320%2C320&amp;ssl=1 320w, https:\\\/\\\/i0.wp.com\\\/blogs.nmz.de\\\/badblog\\\/files\\\/2024\\\/12\\\/2bebc7e1-c78a-4b84-8576-33aa59bfeb8f-scaled.jpg?resize=1320%2C1320&amp;ssl=1 1320w&quot;,&quot;fratio&quot;:1},&quot;ppe-9587-15&quot;:{&quot;title&quot;:&quot;243 &#8211; Interview with the Arditti String Quartett &#8211; rainy days Luxembourg (3)&quot;,&quot;description&quot;:&quot;&lt;p&gt;Irvine Arditti, Ralf Ehlers and Ashot Sarkissjan&lt;\\\/p&gt;\\n&lt;p&gt;Irvine Arditti, Ralf Ehlers and Ashot Sarkissjan talk about 50 years Arditti Quartet &#8211; having performed a multitude of premieres and met so many different composers. They share thoughts about playing in a string quartet and how their different personalities melt into this wonderful ensemble form.&lt;\\\/p&gt;\\n&lt;p&gt;&lt;a href=\\&quot;https:\\\/\\\/ardittiquartet.com\\\/\\&quot;&gt;https:\\\/\\\/ardittiquartet.com\\\/&lt;\\\/a&gt;&lt;\\\/p&gt;\\n&lt;p&gt;This podcast is a cooperation with rainy days Philharmonie Luxembourg.&lt;\\\/p&gt;\\n&lt;p&gt;&lt;a href=\\&quot;https:\\\/\\\/www.philharmonie.lu\\\/en\\\/programme\\\/2024-25\\\/festival-overview\\\/rainy-days-2024-0000013e00000470\\&quot;&gt;https:\\\/\\\/www.philharmonie.lu\\\/en\\\/programme\\\/2024-25\\\/festival-overview\\\/rainy-days-2024-0000013e00000470&lt;\\\/a&gt;&lt;\\\/p&gt;\\n&lt;p&gt;cooperating with Neue Musikzeitung &lt;\\\/p&gt;\\n&lt;p&gt;&lt;a href=\\&quot;http:\\\/\\\/www.nmz.de\\&quot;&gt;www.nmz.de&lt;\\\/a&gt;&lt;\\\/p&gt;\\n&lt;p&gt;&lt;a href=\\&quot;http:\\\/\\\/www.irenekurka.de\\&quot;&gt;www.irenekurka.de&lt;\\\/a&gt;&lt;\\\/p&gt;\\n&quot;,&quot;author&quot;:&quot;Kurka&quot;,&quot;date&quot;:&quot;27. November 2024&quot;,&quot;link&quot;:&quot;https:\\\/\\\/neuemusikleben.podigee.io\\\/248-neue-episode&quot;,&quot;src&quot;:&quot;https:\\\/\\\/audio.podigee-cdn.net\\\/1678088-m-1351990eb384abca212dd654b87d9dd5.mp3?source=feed&quot;,&quot;featured&quot;:&quot;https:\\\/\\\/i0.wp.com\\\/blogs.nmz.de\\\/badblog\\\/files\\\/2024\\\/11\\\/55029de7-be2e-47bd-8b47-1cf16a6bd702-scaled.jpg?fit=768%2C768&#038;ssl=1&quot;,&quot;featured_id&quot;:29499,&quot;mediatype&quot;:&quot;audio&quot;,&quot;season&quot;:0,&quot;categories&quot;:[],&quot;duration&quot;:&quot;34:01&quot;,&quot;episodetype&quot;:&quot;full&quot;,&quot;timestamp&quot;:1732682700,&quot;key&quot;:&quot;75395fbb51b54f880353904a28418d41&quot;,&quot;fset&quot;:&quot;https:\\\/\\\/i0.wp.com\\\/blogs.nmz.de\\\/badblog\\\/files\\\/2024\\\/11\\\/55029de7-be2e-47bd-8b47-1cf16a6bd702-scaled.jpg?w=2560&amp;ssl=1 2560w, https:\\\/\\\/i0.wp.com\\\/blogs.nmz.de\\\/badblog\\\/files\\\/2024\\\/11\\\/55029de7-be2e-47bd-8b47-1cf16a6bd702-scaled.jpg?resize=480%2C480&amp;ssl=1 480w, https:\\\/\\\/i0.wp.com\\\/blogs.nmz.de\\\/badblog\\\/files\\\/2024\\\/11\\\/55029de7-be2e-47bd-8b47-1cf16a6bd702-scaled.jpg?resize=1024%2C1024&amp;ssl=1 1024w, https:\\\/\\\/i0.wp.com\\\/blogs.nmz.de\\\/badblog\\\/files\\\/2024\\\/11\\\/55029de7-be2e-47bd-8b47-1cf16a6bd702-scaled.jpg?resize=150%2C150&amp;ssl=1 150w, https:\\\/\\\/i0.wp.com\\\/blogs.nmz.de\\\/badblog\\\/files\\\/2024\\\/11\\\/55029de7-be2e-47bd-8b47-1cf16a6bd702-scaled.jpg?resize=768%2C768&amp;ssl=1 768w, https:\\\/\\\/i0.wp.com\\\/blogs.nmz.de\\\/badblog\\\/files\\\/2024\\\/11\\\/55029de7-be2e-47bd-8b47-1cf16a6bd702-scaled.jpg?resize=1536%2C1536&amp;ssl=1 1536w, https:\\\/\\\/i0.wp.com\\\/blogs.nmz.de\\\/badblog\\\/files\\\/2024\\\/11\\\/55029de7-be2e-47bd-8b47-1cf16a6bd702-scaled.jpg?resize=2048%2C2048&amp;ssl=1 2048w, https:\\\/\\\/i0.wp.com\\\/blogs.nmz.de\\\/badblog\\\/files\\\/2024\\\/11\\\/55029de7-be2e-47bd-8b47-1cf16a6bd702-scaled.jpg?resize=70%2C70&amp;ssl=1 70w, https:\\\/\\\/i0.wp.com\\\/blogs.nmz.de\\\/badblog\\\/files\\\/2024\\\/11\\\/55029de7-be2e-47bd-8b47-1cf16a6bd702-scaled.jpg?resize=80%2C80&amp;ssl=1 80w, https:\\\/\\\/i0.wp.com\\\/blogs.nmz.de\\\/badblog\\\/files\\\/2024\\\/11\\\/55029de7-be2e-47bd-8b47-1cf16a6bd702-scaled.jpg?resize=320%2C320&amp;ssl=1 320w, https:\\\/\\\/i0.wp.com\\\/blogs.nmz.de\\\/badblog\\\/files\\\/2024\\\/11\\\/55029de7-be2e-47bd-8b47-1cf16a6bd702-scaled.jpg?resize=1320%2C1320&amp;ssl=1 1320w&quot;,&quot;fratio&quot;:1},&quot;ppe-9587-16&quot;:{&quot;title&quot;:&quot;242 &#8211; Interview with Rhodri Davies rainy days Luxembourg (2)&quot;,&quot;description&quot;:&quot;&lt;p&gt;harpist, composer, performer&lt;\\\/p&gt;\\n&lt;p&gt;Rhodri Davies talks about his encounter with contemporary music, improvisation and his obsession with the harp. Harp is the center of his artistic life and has led to many projects and collaborations. He talks about special features of the harp that has inspired composers to write for instrument. Rhodri talks about his &#8218;extreme&#8216; program which he will play at rainy days.&lt;\\\/p&gt;\\n&lt;p&gt;&lt;a href=\\&quot;https:\\\/\\\/rhodridavies.bandcamp.com\\\/music\\&quot;&gt;https:\\\/\\\/rhodridavies.bandcamp.com\\\/music&lt;\\\/a&gt;&lt;\\\/p&gt;\\n&lt;p&gt;&lt;a href=\\&quot;https:\\\/\\\/rhodridavies.com\\\/\\&quot;&gt;https:\\\/\\\/rhodridavies.com\\\/&lt;\\\/a&gt;&lt;\\\/p&gt;\\n&lt;p&gt;This podcast is a cooperation with rainy days Philharmonie Luxembourg.&lt;\\\/p&gt;\\n&lt;p&gt;&lt;a href=\\&quot;https:\\\/\\\/www.philharmonie.lu\\\/en\\\/programme\\\/2024-25\\\/festival-overview\\\/rainy-days-2024-0000013e00000470\\&quot;&gt;https:\\\/\\\/www.philharmonie.lu\\\/en\\\/programme\\\/2024-25\\\/festival-overview\\\/rainy-days-2024-0000013e00000470&lt;\\\/a&gt;&lt;\\\/p&gt;\\n&lt;p&gt;cooperating with Neue Musikzeitung &lt;a href=\\&quot;http:\\\/\\\/www.nmz.de\\&quot;&gt;www.nmz.de&lt;\\\/a&gt;&lt;\\\/p&gt;\\n&lt;p&gt;&lt;a href=\\&quot;http:\\\/\\\/www.irenekurka.de\\&quot;&gt;www.irenekurka.de&lt;\\\/a&gt;&lt;\\\/p&gt;\\n&quot;,&quot;author&quot;:&quot;Kurka&quot;,&quot;date&quot;:&quot;20. November 2024&quot;,&quot;link&quot;:&quot;https:\\\/\\\/neuemusikleben.podigee.io\\\/247-neue-episode&quot;,&quot;src&quot;:&quot;https:\\\/\\\/audio.podigee-cdn.net\\\/1677643-m-f071505543c5aab6db9854d7713f0b00.mp3?source=feed&quot;,&quot;featured&quot;:&quot;https:\\\/\\\/i0.wp.com\\\/blogs.nmz.de\\\/badblog\\\/files\\\/2024\\\/11\\\/3bf95f93-8676-42fe-a5eb-6c10d3426c7e-scaled.jpg?fit=768%2C768&#038;ssl=1&quot;,&quot;featured_id&quot;:29490,&quot;mediatype&quot;:&quot;audio&quot;,&quot;season&quot;:0,&quot;categories&quot;:[],&quot;duration&quot;:&quot;48:18&quot;,&quot;episodetype&quot;:&quot;full&quot;,&quot;timestamp&quot;:1732077600,&quot;key&quot;:&quot;1e9dfa9e007232f277f60c467a41e5e1&quot;,&quot;fset&quot;:&quot;https:\\\/\\\/i0.wp.com\\\/blogs.nmz.de\\\/badblog\\\/files\\\/2024\\\/11\\\/3bf95f93-8676-42fe-a5eb-6c10d3426c7e-scaled.jpg?w=2560&amp;ssl=1 2560w, https:\\\/\\\/i0.wp.com\\\/blogs.nmz.de\\\/badblog\\\/files\\\/2024\\\/11\\\/3bf95f93-8676-42fe-a5eb-6c10d3426c7e-scaled.jpg?resize=480%2C480&amp;ssl=1 480w, https:\\\/\\\/i0.wp.com\\\/blogs.nmz.de\\\/badblog\\\/files\\\/2024\\\/11\\\/3bf95f93-8676-42fe-a5eb-6c10d3426c7e-scaled.jpg?resize=1024%2C1024&amp;ssl=1 1024w, https:\\\/\\\/i0.wp.com\\\/blogs.nmz.de\\\/badblog\\\/files\\\/2024\\\/11\\\/3bf95f93-8676-42fe-a5eb-6c10d3426c7e-scaled.jpg?resize=150%2C150&amp;ssl=1 150w, https:\\\/\\\/i0.wp.com\\\/blogs.nmz.de\\\/badblog\\\/files\\\/2024\\\/11\\\/3bf95f93-8676-42fe-a5eb-6c10d3426c7e-scaled.jpg?resize=768%2C768&amp;ssl=1 768w, https:\\\/\\\/i0.wp.com\\\/blogs.nmz.de\\\/badblog\\\/files\\\/2024\\\/11\\\/3bf95f93-8676-42fe-a5eb-6c10d3426c7e-scaled.jpg?resize=1536%2C1536&amp;ssl=1 1536w, https:\\\/\\\/i0.wp.com\\\/blogs.nmz.de\\\/badblog\\\/files\\\/2024\\\/11\\\/3bf95f93-8676-42fe-a5eb-6c10d3426c7e-scaled.jpg?resize=2048%2C2048&amp;ssl=1 2048w, https:\\\/\\\/i0.wp.com\\\/blogs.nmz.de\\\/badblog\\\/files\\\/2024\\\/11\\\/3bf95f93-8676-42fe-a5eb-6c10d3426c7e-scaled.jpg?resize=70%2C70&amp;ssl=1 70w, https:\\\/\\\/i0.wp.com\\\/blogs.nmz.de\\\/badblog\\\/files\\\/2024\\\/11\\\/3bf95f93-8676-42fe-a5eb-6c10d3426c7e-scaled.jpg?resize=80%2C80&amp;ssl=1 80w, https:\\\/\\\/i0.wp.com\\\/blogs.nmz.de\\\/badblog\\\/files\\\/2024\\\/11\\\/3bf95f93-8676-42fe-a5eb-6c10d3426c7e-scaled.jpg?resize=320%2C320&amp;ssl=1 320w, https:\\\/\\\/i0.wp.com\\\/blogs.nmz.de\\\/badblog\\\/files\\\/2024\\\/11\\\/3bf95f93-8676-42fe-a5eb-6c10d3426c7e-scaled.jpg?resize=1320%2C1320&amp;ssl=1 1320w&quot;,&quot;fratio&quot;:1},&quot;ppe-9587-17&quot;:{&quot;title&quot;:&quot;241 &#8211; Interview mit Sabine Bergk&quot;,&quot;description&quot;:&quot;&lt;p&gt;Lyrikerin, Regisseurin, Podcasterin&lt;\\\/p&gt;\\n&lt;p&gt;Sabine Bergk betreibt erfolgreich den Podcast \\u201eLieder k\\u00f6nnen fliegen\\u201c. Sie erz\\u00e4hlt von ihrem k\\u00fcnstlerischen Werdegang, wie sie als Regisseurin, Autorin, Lyrikerin gearbeitet hat und welche wunderbaren Projekte ihres Weges gekommen sind. Sie spricht \\u00fcber ihre Liebe zum Kunstlied und ihre Kooperationen mit Komponist:innen und vieles mehr.&lt;\\\/p&gt;\\n&lt;p&gt;&lt;a href=\\&quot;http:\\\/\\\/www.sabinebergk.de\\&quot;&gt;www.sabinebergk.de&lt;\\\/a&gt;&lt;\\\/p&gt;\\n&quot;,&quot;author&quot;:&quot;Kurka&quot;,&quot;date&quot;:&quot;19. November 2024&quot;,&quot;link&quot;:&quot;https:\\\/\\\/neuemusikleben.podigee.io\\\/241-neue-episode&quot;,&quot;src&quot;:&quot;https:\\\/\\\/audio.podigee-cdn.net\\\/1548192-m-a6c1dff2cf426cad8f951f9ba94b093d.mp3?source=feed&quot;,&quot;featured&quot;:&quot;https:\\\/\\\/i0.wp.com\\\/blogs.nmz.de\\\/badblog\\\/files\\\/2024\\\/11\\\/1cfd00bd-9efa-42b0-9c08-b02828ff984a-scaled.jpg?fit=768%2C768&#038;ssl=1&quot;,&quot;featured_id&quot;:29489,&quot;mediatype&quot;:&quot;audio&quot;,&quot;season&quot;:0,&quot;categories&quot;:[],&quot;duration&quot;:&quot;49:00&quot;,&quot;episodetype&quot;:&quot;full&quot;,&quot;timestamp&quot;:1731991800,&quot;key&quot;:&quot;b196c384dbc8c49a944a0ef427ea223c&quot;,&quot;fset&quot;:&quot;https:\\\/\\\/i0.wp.com\\\/blogs.nmz.de\\\/badblog\\\/files\\\/2024\\\/11\\\/1cfd00bd-9efa-42b0-9c08-b02828ff984a-scaled.jpg?w=2560&amp;ssl=1 2560w, https:\\\/\\\/i0.wp.com\\\/blogs.nmz.de\\\/badblog\\\/files\\\/2024\\\/11\\\/1cfd00bd-9efa-42b0-9c08-b02828ff984a-scaled.jpg?resize=480%2C480&amp;ssl=1 480w, https:\\\/\\\/i0.wp.com\\\/blogs.nmz.de\\\/badblog\\\/files\\\/2024\\\/11\\\/1cfd00bd-9efa-42b0-9c08-b02828ff984a-scaled.jpg?resize=1024%2C1024&amp;ssl=1 1024w, https:\\\/\\\/i0.wp.com\\\/blogs.nmz.de\\\/badblog\\\/files\\\/2024\\\/11\\\/1cfd00bd-9efa-42b0-9c08-b02828ff984a-scaled.jpg?resize=150%2C150&amp;ssl=1 150w, https:\\\/\\\/i0.wp.com\\\/blogs.nmz.de\\\/badblog\\\/files\\\/2024\\\/11\\\/1cfd00bd-9efa-42b0-9c08-b02828ff984a-scaled.jpg?resize=768%2C768&amp;ssl=1 768w, https:\\\/\\\/i0.wp.com\\\/blogs.nmz.de\\\/badblog\\\/files\\\/2024\\\/11\\\/1cfd00bd-9efa-42b0-9c08-b02828ff984a-scaled.jpg?resize=1536%2C1536&amp;ssl=1 1536w, https:\\\/\\\/i0.wp.com\\\/blogs.nmz.de\\\/badblog\\\/files\\\/2024\\\/11\\\/1cfd00bd-9efa-42b0-9c08-b02828ff984a-scaled.jpg?resize=2048%2C2048&amp;ssl=1 2048w, https:\\\/\\\/i0.wp.com\\\/blogs.nmz.de\\\/badblog\\\/files\\\/2024\\\/11\\\/1cfd00bd-9efa-42b0-9c08-b02828ff984a-scaled.jpg?resize=70%2C70&amp;ssl=1 70w, https:\\\/\\\/i0.wp.com\\\/blogs.nmz.de\\\/badblog\\\/files\\\/2024\\\/11\\\/1cfd00bd-9efa-42b0-9c08-b02828ff984a-scaled.jpg?resize=80%2C80&amp;ssl=1 80w, https:\\\/\\\/i0.wp.com\\\/blogs.nmz.de\\\/badblog\\\/files\\\/2024\\\/11\\\/1cfd00bd-9efa-42b0-9c08-b02828ff984a-scaled.jpg?resize=320%2C320&amp;ssl=1 320w, https:\\\/\\\/i0.wp.com\\\/blogs.nmz.de\\\/badblog\\\/files\\\/2024\\\/11\\\/1cfd00bd-9efa-42b0-9c08-b02828ff984a-scaled.jpg?resize=1320%2C1320&amp;ssl=1 1320w&quot;,&quot;fratio&quot;:1},&quot;ppe-9587-18&quot;:{&quot;title&quot;:&quot;240 &#8211; Interview with Catherine Kontz \\u2013 rainy days Luxembourg (1)&quot;,&quot;description&quot;:&quot;&lt;p&gt;Artistic director rainy days Festival in Luxembourg&lt;\\\/p&gt;\\n&lt;p&gt;The composer Catherine Kontz is the artistic director of rainy days Luxembourg since 2022. She talks about how she curates, how she brings the audience to the festival and everything that is unique at rainy days.&lt;\\\/p&gt;\\n&lt;p&gt;This podcast is a cooperation with rainy days Philharmonie Luxembourg.&lt;\\\/p&gt;\\n&lt;p&gt;&lt;a href=\\&quot;https:\\\/\\\/www.philharmonie.lu\\\/en\\\/programme\\\/2024-25\\\/festival-overview\\\/rainy-days-2024-0000013e00000470\\&quot;&gt;https:\\\/\\\/www.philharmonie.lu\\\/en\\\/programme\\\/2024-25\\\/festival-overview\\\/rainy-days-2024-0000013e00000470&lt;\\\/a&gt;&lt;\\\/p&gt;\\n&lt;p&gt;cooperating with Neue Musikzeitung&lt;br \\\/&gt;\\n&lt;a href=\\&quot;http:\\\/\\\/www.nmz.de\\&quot;&gt;www.nmz.de&lt;\\\/a&gt;&lt;\\\/p&gt;\\n&lt;p&gt;&lt;a href=\\&quot;http:\\\/\\\/www.irenekurka.de\\&quot;&gt;www.irenekurka.de&lt;\\\/a&gt;&lt;\\\/p&gt;\\n&quot;,&quot;author&quot;:&quot;Kurka&quot;,&quot;date&quot;:&quot;13. November 2024&quot;,&quot;link&quot;:&quot;https:\\\/\\\/neuemusikleben.podigee.io\\\/246-neue-episode&quot;,&quot;src&quot;:&quot;https:\\\/\\\/audio.podigee-cdn.net\\\/1670789-m-5701a704a956ba62714c5cc8629dac51.mp3?source=feed&quot;,&quot;featured&quot;:&quot;https:\\\/\\\/i0.wp.com\\\/blogs.nmz.de\\\/badblog\\\/files\\\/2024\\\/11\\\/a120212f-9882-4a1b-a65c-5f55486c5d27-scaled.jpg?fit=768%2C768&#038;ssl=1&quot;,&quot;featured_id&quot;:29481,&quot;mediatype&quot;:&quot;audio&quot;,&quot;season&quot;:0,&quot;categories&quot;:[],&quot;duration&quot;:&quot;59:08&quot;,&quot;episodetype&quot;:&quot;full&quot;,&quot;timestamp&quot;:1731467100,&quot;key&quot;:&quot;1a755cf009d498a5e39606532078df34&quot;,&quot;fset&quot;:&quot;https:\\\/\\\/i0.wp.com\\\/blogs.nmz.de\\\/badblog\\\/files\\\/2024\\\/11\\\/a120212f-9882-4a1b-a65c-5f55486c5d27-scaled.jpg?w=2560&amp;ssl=1 2560w, https:\\\/\\\/i0.wp.com\\\/blogs.nmz.de\\\/badblog\\\/files\\\/2024\\\/11\\\/a120212f-9882-4a1b-a65c-5f55486c5d27-scaled.jpg?resize=480%2C480&amp;ssl=1 480w, https:\\\/\\\/i0.wp.com\\\/blogs.nmz.de\\\/badblog\\\/files\\\/2024\\\/11\\\/a120212f-9882-4a1b-a65c-5f55486c5d27-scaled.jpg?resize=1024%2C1024&amp;ssl=1 1024w, https:\\\/\\\/i0.wp.com\\\/blogs.nmz.de\\\/badblog\\\/files\\\/2024\\\/11\\\/a120212f-9882-4a1b-a65c-5f55486c5d27-scaled.jpg?resize=150%2C150&amp;ssl=1 150w, https:\\\/\\\/i0.wp.com\\\/blogs.nmz.de\\\/badblog\\\/files\\\/2024\\\/11\\\/a120212f-9882-4a1b-a65c-5f55486c5d27-scaled.jpg?resize=768%2C768&amp;ssl=1 768w, https:\\\/\\\/i0.wp.com\\\/blogs.nmz.de\\\/badblog\\\/files\\\/2024\\\/11\\\/a120212f-9882-4a1b-a65c-5f55486c5d27-scaled.jpg?resize=1536%2C1536&amp;ssl=1 1536w, https:\\\/\\\/i0.wp.com\\\/blogs.nmz.de\\\/badblog\\\/files\\\/2024\\\/11\\\/a120212f-9882-4a1b-a65c-5f55486c5d27-scaled.jpg?resize=2048%2C2048&amp;ssl=1 2048w, https:\\\/\\\/i0.wp.com\\\/blogs.nmz.de\\\/badblog\\\/files\\\/2024\\\/11\\\/a120212f-9882-4a1b-a65c-5f55486c5d27-scaled.jpg?resize=70%2C70&amp;ssl=1 70w, https:\\\/\\\/i0.wp.com\\\/blogs.nmz.de\\\/badblog\\\/files\\\/2024\\\/11\\\/a120212f-9882-4a1b-a65c-5f55486c5d27-scaled.jpg?resize=80%2C80&amp;ssl=1 80w, https:\\\/\\\/i0.wp.com\\\/blogs.nmz.de\\\/badblog\\\/files\\\/2024\\\/11\\\/a120212f-9882-4a1b-a65c-5f55486c5d27-scaled.jpg?resize=320%2C320&amp;ssl=1 320w, https:\\\/\\\/i0.wp.com\\\/blogs.nmz.de\\\/badblog\\\/files\\\/2024\\\/11\\\/a120212f-9882-4a1b-a65c-5f55486c5d27-scaled.jpg?resize=1320%2C1320&amp;ssl=1 1320w&quot;,&quot;fratio&quot;:1},&quot;ppe-9587-19&quot;:{&quot;title&quot;:&quot;239 &#8211; Interview mit Valentin Ruckebier&quot;,&quot;description&quot;:&quot;&lt;p&gt;S\\u00e4nger und Komponist&lt;\\\/p&gt;\\n&lt;p&gt;Valentin Ruckebier spricht \\u00fcber die Balance zwischen Kopfarbeit als Komponist und K\\u00f6rperarbeit als S\\u00e4nger, und dar\\u00fcber, wie er Zeit zum Komponieren findet und gleichzeitig im festen Ensemble der Deutschen Oper am Rhein arbeitet. Er spricht \\u00fcber spezifische Situationen auf der Opernb\\u00fchne und auch, was es hei\\u00dft eine zeitgen\\u00f6ssische Oper zu komponieren. Als Komponist ist der den Kolleg:innen am Opernhaus eine Unterst\\u00fctzung bei modernen Werken, umgekehrt kann er auch gute Tipps f\\u00fcr Komponisten von Opern geben.&lt;\\\/p&gt;\\n&lt;p&gt;Dieses Interview wurde am 6.9.2024 live in der Zentralbibliothek D\\u00fcsseldorf aufgenommen. Vielen Dank an Thomas Kalk und sein Team!&lt;\\\/p&gt;\\n&lt;p&gt;&lt;a href=\\&quot;https:\\\/\\\/youtube.com\\\/@valentinruckebier4890?si=0kJ6MYLgJGrzY-t-\\&quot;&gt;https:\\\/\\\/youtube.com\\\/@valentinruckebier4890?si=0kJ6MYLgJGrzY-t-&lt;\\\/a&gt;&lt;\\\/p&gt;\\n&lt;p&gt;&lt;a href=\\&quot;https:\\\/\\\/www.instagram.com\\\/valentin_ruckebier\\\/profilecard\\\/?igsh=MTc1N2k5cWVnd3N1dg==\\&quot;&gt;https:\\\/\\\/www.instagram.com\\\/valentin_ruckebier\\\/profilecard\\\/?igsh=MTc1N2k5cWVnd3N1dg==&lt;\\\/a&gt;&lt;\\\/p&gt;\\n&quot;,&quot;author&quot;:&quot;Kurka&quot;,&quot;date&quot;:&quot;12. November 2024&quot;,&quot;link&quot;:&quot;https:\\\/\\\/neuemusikleben.podigee.io\\\/240-neue-episode&quot;,&quot;src&quot;:&quot;https:\\\/\\\/audio.podigee-cdn.net\\\/1548191-m-73d458fcdcca60dea15de7ea6f381474.mp3?source=feed&quot;,&quot;featured&quot;:&quot;https:\\\/\\\/i0.wp.com\\\/blogs.nmz.de\\\/badblog\\\/files\\\/2025\\\/09\\\/575c9792-8c57-4266-a193-16321ee0bd36-scaled.jpg?fit=768%2C768&#038;ssl=1&quot;,&quot;featured_id&quot;:30480,&quot;mediatype&quot;:&quot;audio&quot;,&quot;season&quot;:0,&quot;categories&quot;:[],&quot;duration&quot;:&quot;34:16&quot;,&quot;episodetype&quot;:&quot;full&quot;,&quot;timestamp&quot;:1731390300,&quot;key&quot;:&quot;915e859dc0eb954824674df4f61bce92&quot;,&quot;fset&quot;:&quot;https:\\\/\\\/i0.wp.com\\\/blogs.nmz.de\\\/badblog\\\/files\\\/2025\\\/09\\\/575c9792-8c57-4266-a193-16321ee0bd36-scaled.jpg?w=2560&amp;ssl=1 2560w, https:\\\/\\\/i0.wp.com\\\/blogs.nmz.de\\\/badblog\\\/files\\\/2025\\\/09\\\/575c9792-8c57-4266-a193-16321ee0bd36-scaled.jpg?resize=480%2C480&amp;ssl=1 480w, https:\\\/\\\/i0.wp.com\\\/blogs.nmz.de\\\/badblog\\\/files\\\/2025\\\/09\\\/575c9792-8c57-4266-a193-16321ee0bd36-scaled.jpg?resize=1024%2C1024&amp;ssl=1 1024w, https:\\\/\\\/i0.wp.com\\\/blogs.nmz.de\\\/badblog\\\/files\\\/2025\\\/09\\\/575c9792-8c57-4266-a193-16321ee0bd36-scaled.jpg?resize=150%2C150&amp;ssl=1 150w, https:\\\/\\\/i0.wp.com\\\/blogs.nmz.de\\\/badblog\\\/files\\\/2025\\\/09\\\/575c9792-8c57-4266-a193-16321ee0bd36-scaled.jpg?resize=768%2C768&amp;ssl=1 768w, https:\\\/\\\/i0.wp.com\\\/blogs.nmz.de\\\/badblog\\\/files\\\/2025\\\/09\\\/575c9792-8c57-4266-a193-16321ee0bd36-scaled.jpg?resize=1536%2C1536&amp;ssl=1 1536w, https:\\\/\\\/i0.wp.com\\\/blogs.nmz.de\\\/badblog\\\/files\\\/2025\\\/09\\\/575c9792-8c57-4266-a193-16321ee0bd36-scaled.jpg?resize=2048%2C2048&amp;ssl=1 2048w, https:\\\/\\\/i0.wp.com\\\/blogs.nmz.de\\\/badblog\\\/files\\\/2025\\\/09\\\/575c9792-8c57-4266-a193-16321ee0bd36-scaled.jpg?resize=70%2C70&amp;ssl=1 70w, https:\\\/\\\/i0.wp.com\\\/blogs.nmz.de\\\/badblog\\\/files\\\/2025\\\/09\\\/575c9792-8c57-4266-a193-16321ee0bd36-scaled.jpg?resize=80%2C80&amp;ssl=1 80w, https:\\\/\\\/i0.wp.com\\\/blogs.nmz.de\\\/badblog\\\/files\\\/2025\\\/09\\\/575c9792-8c57-4266-a193-16321ee0bd36-scaled.jpg?resize=320%2C320&amp;ssl=1 320w, https:\\\/\\\/i0.wp.com\\\/blogs.nmz.de\\\/badblog\\\/files\\\/2025\\\/09\\\/575c9792-8c57-4266-a193-16321ee0bd36-scaled.jpg?resize=1320%2C1320&amp;ssl=1 1320w&quot;,&quot;fratio&quot;:1},&quot;ppe-9587-20&quot;:{&quot;title&quot;:&quot;238 &#8211; Interview with Iris Seesj\\u00e4rvi&quot;,&quot;description&quot;:&quot;&lt;p&gt;singer, teacher, coach, doctoral researcher, author (in English)&lt;\\\/p&gt;\\n&lt;p&gt;Iris Seesj\\u00e4rvi tells us how she became interested in vocal shame and what lies behind it. She wrote her master\\u2019s thesis on the subject and published the book \\u201cNot Good Enough? Vocal Shame Among Finnish Classical Singers.\\u201d In this episode, we discuss everything related to vocal shame and how you can deal with it.&lt;\\\/p&gt;\\n&lt;p&gt;Books:&lt;\\\/p&gt;\\n&lt;pre&gt;&lt;code&gt;Ren\\u00e9e Fleming: \\u201cThe Inner Voice\\u201d\\nIris Seesj\\u00e4rvi: \\u201cNot Good Enough? Vocal Shame Among Finnish Singers\\u201d\\nKarita Mattila: \\u201cKorkealta ja kovaa\\u201d (\\u201cHigh and Loud\\u201d)\\n&lt;\\\/code&gt;&lt;\\\/pre&gt;\\n&lt;p&gt;&lt;a href=\\&quot;https:\\\/\\\/www.amazon.de\\\/dp\\\/9529487711\\&quot;&gt;https:\\\/\\\/www.amazon.de\\\/dp\\\/9529487711&lt;\\\/a&gt;&lt;\\\/p&gt;\\n&lt;p&gt;&lt;a href=\\&quot;http:\\\/\\\/www.vocalshame.com\\\/en\\&quot;&gt;www.vocalshame.com\\\/en&lt;\\\/a&gt;&lt;\\\/p&gt;\\n&lt;p&gt;&lt;a href=\\&quot;http:\\\/\\\/www.irisseesjarvi.com\\&quot;&gt;www.irisseesjarvi.com&lt;\\\/a&gt;&lt;\\\/p&gt;\\n&lt;p&gt;&lt;a href=\\&quot;https:\\\/\\\/www.youtube.com\\\/channel\\\/UCCe-UVdiTzrQBf67wyIRbLA\\&quot;&gt;https:\\\/\\\/www.youtube.com\\\/channel\\\/UCCe-UVdiTzrQBf67wyIRbLA&lt;\\\/a&gt; &lt;\\\/p&gt;\\n&lt;p&gt;&lt;a href=\\&quot;https:\\\/\\\/www.facebook.com\\\/61556202281714\\&quot;&gt;https:\\\/\\\/www.facebook.com\\\/61556202281714&lt;\\\/a&gt;&lt;\\\/p&gt;\\n&lt;p&gt;&lt;a href=\\&quot;https:\\\/\\\/www.instagram.com\\\/vocalshame\\\/\\&quot;&gt;https:\\\/\\\/www.instagram.com\\\/vocalshame\\\/&lt;\\\/a&gt;&lt;\\\/p&gt;\\n&lt;p&gt;&lt;a href=\\&quot;https:\\\/\\\/www.instagram.com\\\/irisseesjarvi\\\/\\&quot;&gt;https:\\\/\\\/www.instagram.com\\\/irisseesjarvi\\\/&lt;\\\/a&gt;&lt;\\\/p&gt;\\n&lt;p&gt;der Podcast ist Kooperationspartner der nmz.&lt;\\\/p&gt;\\n&lt;p&gt;&lt;a href=\\&quot;http:\\\/\\\/www.nmz.de\\&quot;&gt;www.nmz.de&lt;\\\/a&gt;&lt;\\\/p&gt;\\n&lt;p&gt;&lt;a href=\\&quot;http:\\\/\\\/www.irenekurka.de\\&quot;&gt;www.irenekurka.de&lt;\\\/a&gt;&lt;\\\/p&gt;\\n&lt;p&gt;NEU: Exklusiver neue musik leben DEEP DIVE mit viel Mehrwert mit Moritz Eggert, Silke Aichhorn, Holger Falk und mir. Danke f\\u00fcr euere Unterst\\u00fctzung!&lt;\\\/p&gt;\\n&lt;p&gt;Mit Moritz Eggert spreche dar\\u00fcber wie Kompositionsunterricht abl\\u00e4uft, wie unterschiedlich er Studierende unterst\\u00fctzt und was sein knallharter Faktencheck ist.&lt;br \\\/&gt;\\nMit Silke Aichhorn spreche ich \\u00fcber die Sch\\u00f6nheit und Komplexit\\u00e4t der Harfe. Ein Muss f\\u00fcr Komponierende die f\\u00fcr Harfe schreiben wollen!&lt;br \\\/&gt;\\nDie Folge mit dem Bariton Holger Falk ist magisch. Es geht um Polarit\\u00e4t, Bewusstsein, Nichtwissen und alles, hilft das Singen tiefer zu verstehen und auf ein next level zu bringen.&lt;br \\\/&gt;\\nMeine pers\\u00f6nlichste Folge ist Empathische auch Sensible Menschen im Musikbussiness. Ich spreche \\u00fcber meine Herausforderungen und welche Strategien ich entwickelt habe.&lt;br \\\/&gt;\\nHier findest du alle Folgen:&lt;\\\/p&gt;\\n&lt;p&gt;&lt;a href=\\&quot;https:\\\/\\\/www.patreon.com\\\/user\\\/shop?u=112648747\\&quot;&gt;https:\\\/\\\/www.patreon.com\\\/user\\\/shop?u=112648747&lt;\\\/a&gt;&lt;\\\/p&gt;\\n&quot;,&quot;author&quot;:&quot;Kurka&quot;,&quot;date&quot;:&quot;5. November 2024&quot;,&quot;link&quot;:&quot;https:\\\/\\\/neuemusikleben.podigee.io\\\/239-neue-episode&quot;,&quot;src&quot;:&quot;https:\\\/\\\/audio.podigee-cdn.net\\\/1548189-m-1a5dac1b72148a9c6b6e8c198eee72af.mp3?source=feed&quot;,&quot;featured&quot;:&quot;https:\\\/\\\/i0.wp.com\\\/blogs.nmz.de\\\/badblog\\\/files\\\/2025\\\/09\\\/72df1460-cc9d-4a9e-917e-1e08fbaf50dd-scaled.jpg?fit=768%2C768&#038;ssl=1&quot;,&quot;featured_id&quot;:30481,&quot;mediatype&quot;:&quot;audio&quot;,&quot;season&quot;:0,&quot;categories&quot;:[],&quot;duration&quot;:&quot;01:01:26&quot;,&quot;episodetype&quot;:&quot;full&quot;,&quot;timestamp&quot;:1730777700,&quot;key&quot;:&quot;1a7807062223e25ac18b317cf497ce3a&quot;,&quot;fset&quot;:&quot;https:\\\/\\\/i0.wp.com\\\/blogs.nmz.de\\\/badblog\\\/files\\\/2025\\\/09\\\/72df1460-cc9d-4a9e-917e-1e08fbaf50dd-scaled.jpg?w=2560&amp;ssl=1 2560w, https:\\\/\\\/i0.wp.com\\\/blogs.nmz.de\\\/badblog\\\/files\\\/2025\\\/09\\\/72df1460-cc9d-4a9e-917e-1e08fbaf50dd-scaled.jpg?resize=480%2C480&amp;ssl=1 480w, https:\\\/\\\/i0.wp.com\\\/blogs.nmz.de\\\/badblog\\\/files\\\/2025\\\/09\\\/72df1460-cc9d-4a9e-917e-1e08fbaf50dd-scaled.jpg?resize=1024%2C1024&amp;ssl=1 1024w, https:\\\/\\\/i0.wp.com\\\/blogs.nmz.de\\\/badblog\\\/files\\\/2025\\\/09\\\/72df1460-cc9d-4a9e-917e-1e08fbaf50dd-scaled.jpg?resize=150%2C150&amp;ssl=1 150w, https:\\\/\\\/i0.wp.com\\\/blogs.nmz.de\\\/badblog\\\/files\\\/2025\\\/09\\\/72df1460-cc9d-4a9e-917e-1e08fbaf50dd-scaled.jpg?resize=768%2C768&amp;ssl=1 768w, https:\\\/\\\/i0.wp.com\\\/blogs.nmz.de\\\/badblog\\\/files\\\/2025\\\/09\\\/72df1460-cc9d-4a9e-917e-1e08fbaf50dd-scaled.jpg?resize=1536%2C1536&amp;ssl=1 1536w, https:\\\/\\\/i0.wp.com\\\/blogs.nmz.de\\\/badblog\\\/files\\\/2025\\\/09\\\/72df1460-cc9d-4a9e-917e-1e08fbaf50dd-scaled.jpg?resize=2048%2C2048&amp;ssl=1 2048w, https:\\\/\\\/i0.wp.com\\\/blogs.nmz.de\\\/badblog\\\/files\\\/2025\\\/09\\\/72df1460-cc9d-4a9e-917e-1e08fbaf50dd-scaled.jpg?resize=70%2C70&amp;ssl=1 70w, https:\\\/\\\/i0.wp.com\\\/blogs.nmz.de\\\/badblog\\\/files\\\/2025\\\/09\\\/72df1460-cc9d-4a9e-917e-1e08fbaf50dd-scaled.jpg?resize=80%2C80&amp;ssl=1 80w, https:\\\/\\\/i0.wp.com\\\/blogs.nmz.de\\\/badblog\\\/files\\\/2025\\\/09\\\/72df1460-cc9d-4a9e-917e-1e08fbaf50dd-scaled.jpg?resize=320%2C320&amp;ssl=1 320w, https:\\\/\\\/i0.wp.com\\\/blogs.nmz.de\\\/badblog\\\/files\\\/2025\\\/09\\\/72df1460-cc9d-4a9e-917e-1e08fbaf50dd-scaled.jpg?resize=1320%2C1320&amp;ssl=1 1320w&quot;,&quot;fratio&quot;:1},&quot;load_info&quot;:{&quot;loaded&quot;:20,&quot;displayed&quot;:10,&quot;offset&quot;:0,&quot;maxItems&quot;:257,&quot;src&quot;:&quot;7d30e49c840a25546815d75f50feffff&quot;,&quot;step&quot;:10,&quot;sortby&quot;:&quot;sort_date_desc&quot;,&quot;filterby&quot;:&quot;&quot;,&quot;fixed&quot;:&quot;&quot;,&quot;args&quot;:{&quot;imgurl&quot;:&quot;https:\\\/\\\/images.podigee-cdn.net\\\/0x,seQcRmkbcn_qVuSaYh0N5xAaCJ-dlQSvTunw8t6ytVqk=\\\/https:\\\/\\\/main.podigee-cdn.net\\\/uploads\\\/u2040\\\/442d63b0-d536-4607-b0ba-6a7833ce6dd2.jpg&quot;,&quot;imgset&quot;:&quot;&quot;,&quot;display&quot;:&quot;&quot;,&quot;hddesc&quot;:0,&quot;hdfeat&quot;:0,&quot;oricov&quot;:&quot;https:\\\/\\\/images.podigee-cdn.net\\\/0x,seQcRmkbcn_qVuSaYh0N5xAaCJ-dlQSvTunw8t6ytVqk=\\\/https:\\\/\\\/main.podigee-cdn.net\\\/uploads\\\/u2040\\\/442d63b0-d536-4607-b0ba-6a7833ce6dd2.jpg&quot;,&quot;elength&quot;:25}},&quot;rdata&quot;:{&quot;permalink&quot;:&quot;https:\\\/\\\/blogs.nmz.de\\\/badblog\\\/wp-json\\\/wp\\\/v2\\\/posts\\\/24250&quot;,&quot;fprint&quot;:&quot;7d30e49c840a25546815d75f50feffff&quot;,&quot;from&quot;:&quot;feedurl&quot;,&quot;elen&quot;:25,&quot;eunit&quot;:&quot;&quot;,&quot;teaser&quot;:&quot;&quot;,&quot;title&quot;:&quot;neue musik leben&quot;,&quot;autoplay&quot;:&quot;&quot;}}\"><div class=\"pp-podcast__wrapper\"><div class=\"pp-podcast__info pod-info\"><div class=\"pod-info__header pod-header\"><div class=\"pod-header__image\"><div class=\"pod-header__image-wrapper\"><img data-recalc-dims=\"1\" decoding=\"async\" class=\"podcast-cover-image\" src=\"https:\/\/i0.wp.com\/images.podigee-cdn.net\/0x%2CseQcRmkbcn_qVuSaYh0N5xAaCJ-dlQSvTunw8t6ytVqk%3D\/https%3A\/\/main.podigee-cdn.net\/uploads\/u2040\/442d63b0-d536-4607-b0ba-6a7833ce6dd2.jpg?ssl=1\" srcset=\"\" sizes=\"(max-width: 640px) 100vw, 25vw\" alt=\"neue musik leben\"><\/div><span class=\"pod-header__image-style\" style=\"display: block; width: 100%; padding-top: 100%\"><\/div><div class=\"pod-header__items pod-items\"><div class=\"pod-items__title\">neue musik leben<\/div><div class=\"pod-items__desc\"><p>Zeitgen\u00f6ssische Musik ist stets aktuell und facettenreich. Als innovativer Bestandteil der Musikwelt nimmt neue Musik einen wichtigen Platz ein. Die Sopranistin Irene Kurka gibt in diesem Podcast ihre \u00fcber Jahre gewonnene Expertise weiter. Sie erkl\u00e4rt, wie die verschiedenen neuen Spieltechniken, Musikstile und Kompositionstechniken zusammenh\u00e4ngen und funktionieren und welche gro\u00dfartigen M\u00f6glichkeiten sie bieten. Irene Kurka zeigt anhand von Analysen, Tipps und Interviews mit erfolgreichen und interessanten Pers\u00f6nlichkeiten aus dem Bereich der zeitgen\u00f6ssischen Musik, wie du als K\u00fcnstlerIn in der neuen Musik authentisch und erfolgreich sein kannst. Dieser Podcast soll dazu beitragen, die zeitgen\u00f6ssische Musik bekannter zu machen.<br \/>\nDieser Podcast erscheint alle 14 Tage am Dienstag. Mittlerweile sind 3 B\u00fccher zum Podcast bei ARE erschienen. <\/p>\n<p>Deep Dive Folgen mit Moritz Eggert, Silke Aichhorn, Holger Falk u.a. auf Patreon:<\/p>\n<p>https:\/\/www.patreon.com\/user\/shop?u=112648747<\/p>\n<p>Mit freundlicher Unterst\u00fctzung der \u201eneuen musikzeitung\u201c, dem Kooperationspartner von \u201eneue musik leben\u201c.<br \/>\nwww.nmz.de<\/p>\n<p>Intro und Outro: Improvisationen von Irene Kurka, Frederike M\u00f6ller, Marko Kassl, Burkart Zeller<br \/>\nCover: Carina Brinkmann, Foto: Tanja de Maan<\/p>\n<\/div><\/div><\/div><\/div><div class=\"pp-podcast__content pod-content\"><div class=\"pp-podcast__single\"><div class=\"pp-podcast__player\"><div class=\"pp-player-episode\"><audio id=\"pp-podcast-9587-player\" preload=\"none\" class=\"pp-podcast-episode\" style=\"width: 100%;\" controls=\"controls\"><source type=\"audio\/mpeg\" src=\"https:\/\/audio.podigee-cdn.net\/1830304-m-9e3ea1d64c412885c83c2d71ff52ea09.mp3?source=feed\" \/><\/audio><\/div><\/div><div class=\"pod-content__episode episode-single\"><button class=\"episode-single__close\" aria-expanded=\"false\" aria-label=\"Close Single Episode\"><span class=\"btn-icon-wrap\"><svg class=\"icon icon-pp-x\" aria-hidden=\"true\" role=\"img\" focusable=\"false\"><use href=\"#icon-pp-x\" xlink:href=\"#icon-pp-x\"><\/use><\/svg><\/span><\/button><div class=\"episode-single__wrapper\"><div class=\"episode-single__header\"><div class=\"episode-single__title\">257 &#8211; Eva Z\u00f6llner interviews Cara Stacey about contemporary music in South Africa<\/div><div class=\"episode-single__author\"><span class=\"byname\">by<\/span><span class=\"single-author\">Kurka<\/span><\/div><\/div><div class=\"episode-single__description\"><p>composer and performer (in English)<\/p><p>Videos of the 8 new South African accordion pieces that were premiered by Eva Z\u00f6llner during Sterkfontein Composers Meeting 2024 <\/p><p>https:\/\/youtube.com\/playlist?list=PL4KU0BHw3d-CP21BPt7VNNmqzJR18GXQe&amp;si=xvVVMCbK48oF1tvV<\/p><p>Her residency was kindly supported by Nirox Foundation, the Goethe Institute and the Ministry for Education, Science, Youth and Culture (Rheinland-Pfalz)<\/p><p>www.carastacey.com\/<\/p><p>www.eva-zoellner.de <\/p><p>Sterkfontein Composers Meeting: <\/p><p>https:\/\/sterkfonteincomposersmeeting.weebly.com\/<\/p><p>Clare Loveday: https:\/\/clareloveday.co.za\/<\/p><p>Neo Muyanga: <\/p><p>https:\/\/www.neosong.net\/<\/p><p>Njabulo Phungula: <\/p><p>https:\/\/www.njabulophungula.com\/<\/p><p>Galina Juritz: <\/p><p>https:\/\/www.galinajuritz.com\/<\/p><p>Matthijs van Dijk: <\/p><p>https:\/\/mattvandijk.com\/<\/p><p>Andile Khumalo: <\/p><p>https:\/\/www.newfocusrecordings.com\/catalogue\/andile-khumalo-tracing-hollow-traces\/<\/p><p>Bongani Ndodana-Breen: <\/p><p>https:\/\/www.ndodanabreen.com\/<\/p><p>Arthur Feder: <\/p><p>https:\/\/www.instagram.com\/arthurfeder\/<\/p><p>Lise Morrison: <\/p><p>https:\/\/lisemorrison.com\/<br \/>Amy Crankshaw: <\/p><p>https:\/\/www.amycrankshaw.com\/<\/p><p>Michael Blake: <\/p><p>https:\/\/aoinstitute.ac.za\/project\/michael-blake\/<\/p><p>NewMusicSA: <\/p><p>https:\/\/www.newmusicsa.org.za\/<\/p><p>South African Composers Archive new album (just out): <\/p><p>https:\/\/thesouthafricancomposersarchive.bandcamp.com\/album\/for-the-duration-of-this-cloud<\/p><p>South African Composers Archive podcast (hosted and produced by Matthijs van Dijk): <\/p><p>https:\/\/soundcloud.com\/user-368144305<\/p><p>Kukutana Ensemble project: <\/p><p>https:\/\/www.kukutana.co.za\/<\/p><hr \/><p>www.irenekurka.de<\/p><p>Support and follow me on patreon:<\/p><p>https:\/\/www.patreon.com\/c\/user\/shop?u=112648747<\/p><p>cooparting with nmw &#8211; Neue Musikzeitung<\/p><p>www.nmz.de<\/p><p>Kows Radio Summit &#8222;Live your music and live your live&#8220; with Irene Kurka:<\/p><p>https:\/\/kows92-5.org\/kows-shows\/show\/radio-summit\/<\/p><\/div><\/div><div class=\"ppjs__img-wrapper \"><div class=\"ppjs__img-btn-cover\"><img decoding=\"async\" class=\"ppjs__img-btn\" src=\"https:\/\/i0.wp.com\/blogs.nmz.de\/badblog\/files\/2025\/05\/8b6e14a9-2a6d-49d8-8c76-4b352bb38f60-scaled.jpg?fit=768%2C768&#038;ssl=1\" srcset=\"https:\/\/i0.wp.com\/blogs.nmz.de\/badblog\/files\/2025\/05\/8b6e14a9-2a6d-49d8-8c76-4b352bb38f60-scaled.jpg?w=2560&amp;ssl=1 2560w, https:\/\/i0.wp.com\/blogs.nmz.de\/badblog\/files\/2025\/05\/8b6e14a9-2a6d-49d8-8c76-4b352bb38f60-scaled.jpg?resize=480%2C480&amp;ssl=1 480w, https:\/\/i0.wp.com\/blogs.nmz.de\/badblog\/files\/2025\/05\/8b6e14a9-2a6d-49d8-8c76-4b352bb38f60-scaled.jpg?resize=1024%2C1024&amp;ssl=1 1024w, https:\/\/i0.wp.com\/blogs.nmz.de\/badblog\/files\/2025\/05\/8b6e14a9-2a6d-49d8-8c76-4b352bb38f60-scaled.jpg?resize=150%2C150&amp;ssl=1 150w, https:\/\/i0.wp.com\/blogs.nmz.de\/badblog\/files\/2025\/05\/8b6e14a9-2a6d-49d8-8c76-4b352bb38f60-scaled.jpg?resize=768%2C768&amp;ssl=1 768w, https:\/\/i0.wp.com\/blogs.nmz.de\/badblog\/files\/2025\/05\/8b6e14a9-2a6d-49d8-8c76-4b352bb38f60-scaled.jpg?resize=1536%2C1536&amp;ssl=1 1536w, https:\/\/i0.wp.com\/blogs.nmz.de\/badblog\/files\/2025\/05\/8b6e14a9-2a6d-49d8-8c76-4b352bb38f60-scaled.jpg?resize=2048%2C2048&amp;ssl=1 2048w, https:\/\/i0.wp.com\/blogs.nmz.de\/badblog\/files\/2025\/05\/8b6e14a9-2a6d-49d8-8c76-4b352bb38f60-scaled.jpg?resize=70%2C70&amp;ssl=1 70w, https:\/\/i0.wp.com\/blogs.nmz.de\/badblog\/files\/2025\/05\/8b6e14a9-2a6d-49d8-8c76-4b352bb38f60-scaled.jpg?resize=80%2C80&amp;ssl=1 80w, https:\/\/i0.wp.com\/blogs.nmz.de\/badblog\/files\/2025\/05\/8b6e14a9-2a6d-49d8-8c76-4b352bb38f60-scaled.jpg?resize=320%2C320&amp;ssl=1 320w, https:\/\/i0.wp.com\/blogs.nmz.de\/badblog\/files\/2025\/05\/8b6e14a9-2a6d-49d8-8c76-4b352bb38f60-scaled.jpg?resize=1320%2C1320&amp;ssl=1 1320w\" sizes=\"(max-width: 640px) 100vw, 300px\" alt=\"257 &#8211; Eva Z\u00f6llner interviews Cara Stacey about contemporary music in South Africa\"><\/div><div><span class=\"ppjs__img-btn-style\" style=\"display: block; width: 100%; padding-top: 100%\"><\/div><\/div><\/div><\/div><div class=\"pod-content__list episode-list\"><div class=\"episode-list__filters\"><div class=\"episode-list__search\"><label class=\"label-episode-search\"><span class=\"ppjs__offscreen\">Search Episodes<\/span><input type=\"text\" placeholder=\"Search Episodes\" title=\"Search Podcast Episodes\"\/><\/label><span class=\"episode-list__search-icon\"><svg class=\"icon icon-pp-search\" aria-hidden=\"true\" role=\"img\" focusable=\"false\"><use href=\"#icon-pp-search\" xlink:href=\"#icon-pp-search\"><\/use><\/svg><\/span><\/div><button class=\"episode-list__clear-search pod-button\"><svg class=\"icon icon-pp-x\" aria-hidden=\"true\" role=\"img\" focusable=\"false\"><use href=\"#icon-pp-x\" xlink:href=\"#icon-pp-x\"><\/use><\/svg><span class=\"ppjs__offscreen\">Clear Search<\/span><\/button><\/div><div class=\"episode-list__wrapper\">\n<div id=\"ppe-9587-1\" class=\"episode-list__entry pod-entry\" data-search-term=\"257 &#8211; eva z\u00f6llner interviews cara stacey about contemporary music in south africa\" data-cats=\"\">\n\t<div class=\"pod-entry__wrapper\">\n\t\t<div class=\"pod-entry__content\">\n\t\t\t<div class=\"pod-entry__title\">\n\t\t\t\t<a href=\"https:\/\/neuemusikleben.podigee.io\/258-neue-episode\">257 &#8211; Eva Z\u00f6llner interviews Cara Stacey about contemporary music in South Africa<\/a>\n\t\t\t<\/div>\n\t\t\t<div class=\"pod-entry__date\">13. Mai 2025<\/div>\n\t\t\t\t\t\t\t<div class=\"pod-entry__author\">Kurka<\/div>\n\t\t\t\t\t<\/div>\n\t<\/div>\n<\/div>\n\n<div id=\"ppe-9587-2\" class=\"episode-list__entry pod-entry\" data-search-term=\"256 &#8211; interview mit daniel posdziech\" data-cats=\"\">\n\t<div class=\"pod-entry__wrapper\">\n\t\t<div class=\"pod-entry__content\">\n\t\t\t<div class=\"pod-entry__title\">\n\t\t\t\t<a href=\"https:\/\/neuemusikleben.podigee.io\/254-neue-episode\">256 &#8211; Interview mit Daniel Posdziech<\/a>\n\t\t\t<\/div>\n\t\t\t<div class=\"pod-entry__date\">29. April 2025<\/div>\n\t\t\t\t\t\t\t<div class=\"pod-entry__author\">Kurka<\/div>\n\t\t\t\t\t<\/div>\n\t<\/div>\n<\/div>\n\n<div id=\"ppe-9587-3\" class=\"episode-list__entry pod-entry\" data-search-term=\"255 &#8211; slow-motion multitasking &#8211; 7 years podcast neue musik leben (in english)\" data-cats=\"\">\n\t<div class=\"pod-entry__wrapper\">\n\t\t<div class=\"pod-entry__content\">\n\t\t\t<div class=\"pod-entry__title\">\n\t\t\t\t<a href=\"https:\/\/neuemusikleben.podigee.io\/256-neue-episode\">255 &#8211; Slow-Motion Multitasking &#8211; 7 Years podcast neue musik leben (in english)<\/a>\n\t\t\t<\/div>\n\t\t\t<div class=\"pod-entry__date\">10. April 2025<\/div>\n\t\t\t\t\t\t\t<div class=\"pod-entry__author\">Kurka<\/div>\n\t\t\t\t\t<\/div>\n\t<\/div>\n<\/div>\n\n<div id=\"ppe-9587-4\" class=\"episode-list__entry pod-entry\" data-search-term=\"254 &#8211; interview with dieter mack\" data-cats=\"\">\n\t<div class=\"pod-entry__wrapper\">\n\t\t<div class=\"pod-entry__content\">\n\t\t\t<div class=\"pod-entry__title\">\n\t\t\t\t<a href=\"https:\/\/neuemusikleben.podigee.io\/255-neue-episode\">254 &#8211; Interview with Dieter Mack<\/a>\n\t\t\t<\/div>\n\t\t\t<div class=\"pod-entry__date\">1. April 2025<\/div>\n\t\t\t\t\t\t\t<div class=\"pod-entry__author\">Kurka<\/div>\n\t\t\t\t\t<\/div>\n\t<\/div>\n<\/div>\n\n<div id=\"ppe-9587-5\" class=\"episode-list__entry pod-entry\" data-search-term=\"253 &#8211; interview mit michael denhoff\" data-cats=\"\">\n\t<div class=\"pod-entry__wrapper\">\n\t\t<div class=\"pod-entry__content\">\n\t\t\t<div class=\"pod-entry__title\">\n\t\t\t\t<a href=\"https:\/\/neuemusikleben.podigee.io\/257-neue-episode\">253 &#8211; Interview mit Michael Denhoff<\/a>\n\t\t\t<\/div>\n\t\t\t<div class=\"pod-entry__date\">18. M\u00e4rz 2025<\/div>\n\t\t\t\t\t\t\t<div class=\"pod-entry__author\">Kurka<\/div>\n\t\t\t\t\t<\/div>\n\t<\/div>\n<\/div>\n\n<div id=\"ppe-9587-6\" class=\"episode-list__entry pod-entry\" data-search-term=\"252 &#8211; interview with irene galindo quero\" data-cats=\"\">\n\t<div class=\"pod-entry__wrapper\">\n\t\t<div class=\"pod-entry__content\">\n\t\t\t<div class=\"pod-entry__title\">\n\t\t\t\t<a href=\"https:\/\/neuemusikleben.podigee.io\/253-neue-episode\">252 &#8211; Interview with Irene Galindo Quero<\/a>\n\t\t\t<\/div>\n\t\t\t<div class=\"pod-entry__date\">4. M\u00e4rz 2025<\/div>\n\t\t\t\t\t\t\t<div class=\"pod-entry__author\">Kurka<\/div>\n\t\t\t\t\t<\/div>\n\t<\/div>\n<\/div>\n\n<div id=\"ppe-9587-7\" class=\"episode-list__entry pod-entry\" data-search-term=\"251 &#8211; stress, ma\u00dfhalten, ruhe, solofolge\" data-cats=\"\">\n\t<div class=\"pod-entry__wrapper\">\n\t\t<div class=\"pod-entry__content\">\n\t\t\t<div class=\"pod-entry__title\">\n\t\t\t\t<a href=\"https:\/\/neuemusikleben.podigee.io\/252-new-episode\">251 &#8211; Stress, Ma\u00dfhalten, Ruhe, Solofolge<\/a>\n\t\t\t<\/div>\n\t\t\t<div class=\"pod-entry__date\">18. Februar 2025<\/div>\n\t\t\t\t\t\t\t<div class=\"pod-entry__author\">Kurka<\/div>\n\t\t\t\t\t<\/div>\n\t<\/div>\n<\/div>\n\n<div id=\"ppe-9587-8\" class=\"episode-list__entry pod-entry\" data-search-term=\"250 &#8211; interview with helena canovas pares\" data-cats=\"\">\n\t<div class=\"pod-entry__wrapper\">\n\t\t<div class=\"pod-entry__content\">\n\t\t\t<div class=\"pod-entry__title\">\n\t\t\t\t<a href=\"https:\/\/neuemusikleben.podigee.io\/251-neue-episode\">250 &#8211; Interview with Helena Canovas Pares<\/a>\n\t\t\t<\/div>\n\t\t\t<div class=\"pod-entry__date\">4. Februar 2025<\/div>\n\t\t\t\t\t\t\t<div class=\"pod-entry__author\">Kurka<\/div>\n\t\t\t\t\t<\/div>\n\t<\/div>\n<\/div>\n\n<div id=\"ppe-9587-9\" class=\"episode-list__entry pod-entry\" data-search-term=\"249 &#8211; interview mit reiko f\u00fcting\" data-cats=\"\">\n\t<div class=\"pod-entry__wrapper\">\n\t\t<div class=\"pod-entry__content\">\n\t\t\t<div class=\"pod-entry__title\">\n\t\t\t\t<a href=\"https:\/\/neuemusikleben.podigee.io\/245-neue-episode\">249 &#8211; Interview mit Reiko F\u00fcting<\/a>\n\t\t\t<\/div>\n\t\t\t<div class=\"pod-entry__date\">21. Januar 2025<\/div>\n\t\t\t\t\t\t\t<div class=\"pod-entry__author\">Kurka<\/div>\n\t\t\t\t\t<\/div>\n\t<\/div>\n<\/div>\n\n<div id=\"ppe-9587-10\" class=\"episode-list__entry pod-entry\" data-search-term=\"248 -interview with johannes kreidler\" data-cats=\"\">\n\t<div class=\"pod-entry__wrapper\">\n\t\t<div class=\"pod-entry__content\">\n\t\t\t<div class=\"pod-entry__title\">\n\t\t\t\t<a href=\"https:\/\/neuemusikleben.podigee.io\/244-neue-episode\">248 -Interview with Johannes Kreidler<\/a>\n\t\t\t<\/div>\n\t\t\t<div class=\"pod-entry__date\">7. Januar 2025<\/div>\n\t\t\t\t\t\t\t<div class=\"pod-entry__author\">Irene Kurka<\/div>\n\t\t\t\t\t<\/div>\n\t<\/div>\n<\/div>\n<div class=\"lm-button-wrapper\"><button class=\"episode-list__load-more\"><span>Load More<\/span><\/button><\/div><div class=\"episode-list__search-results episode-search\"><span class=\"ppjs__offscreen\">Search Results placeholder<\/span><\/div><\/div><\/div><div class=\"ppjs__list-reveal\"><div class=\"ppjs__button\"><button class=\"pp-prev-btn\"><span class=\"ppjs__offscreen\">Previous Episode<\/span><span class=\"btn-icon-wrap\"><svg class=\"icon icon-pp-previous\" aria-hidden=\"true\" role=\"img\" focusable=\"false\"><use href=\"#icon-pp-previous\" xlink:href=\"#icon-pp-previous\"><\/use><\/svg><\/span><\/button><\/div><div class=\"ppjs__button\"><button class=\"pp-list-btn\"><span class=\"ppjs__offscreen\">Show Episodes List<\/span><span class=\"btn-icon-wrap\"><svg class=\"icon icon-pp-show-list\" aria-hidden=\"true\" role=\"img\" focusable=\"false\"><use href=\"#icon-pp-show-list\" xlink:href=\"#icon-pp-show-list\"><\/use><\/svg><svg class=\"icon icon-pp-hide-list\" aria-hidden=\"true\" role=\"img\" focusable=\"false\"><use href=\"#icon-pp-hide-list\" xlink:href=\"#icon-pp-hide-list\"><\/use><\/svg><\/span><\/button><\/div><div class=\"ppjs__button\"><button class=\"pp-next-btn\"><span class=\"ppjs__offscreen\">Next Episode<\/span><span class=\"btn-icon-wrap\"><svg class=\"icon icon-pp-next\" aria-hidden=\"true\" role=\"img\" focusable=\"false\"><use href=\"#icon-pp-next\" xlink:href=\"#icon-pp-next\"><\/use><\/svg><\/span><\/button><\/div><\/div><\/div><\/div><div class=\"pod-content__launcher pod-launch\"><button class=\"pod-launch__button pod-launch__info pod-button\" aria-expanded=\"false\"><span class=\"ppjs__offscreen\">Show Podcast Information<\/span><span class=\"btn-icon-wrap\"><svg class=\"icon icon-pp-podcast\" aria-hidden=\"true\" role=\"img\" focusable=\"false\"><use href=\"#icon-pp-podcast\" xlink:href=\"#icon-pp-podcast\"><\/use><\/svg><svg class=\"icon icon-pp-x\" aria-hidden=\"true\" role=\"img\" focusable=\"false\"><use href=\"#icon-pp-x\" xlink:href=\"#icon-pp-x\"><\/use><\/svg><\/span><\/button><\/div><\/div>\n<hr \/>\n<h2>mo \u2013 10.05.2021<\/h2>\n<hr \/>\n<p>23:00 bis 00:00 | rbbKultur<br \/>\n<strong>MUSIK DER GEGENWART<\/strong><\/p>\n<p>23:03 bis 00:00 | SWR 2<br \/>\n<strong>SWR2 JetztMusik: Auf der Tonspur \u2013 Neue Musik und Film<\/strong><\/p>\n<p style=\"padding-left: 40px;\">Von Thomas Groetz. W&#228;hrend Camille Saint-Sa\u00ebns schon 1908 eine Filmmusik schrieb, nahmen viele Komponist*innen sich des neuen Mediums erst mit dem Aufkommen des Tonfilms an. Hanns Eislers Musik f&#252;r \u201eKuhle Wampe\u201c (1931) war etwa mit der Aussicht verbunden, f&#252;r Gesellschaftskritik ein Forum abseits der Konzerts&#228;le zu finden. Obwohl Filmmusik lange im Ruch blo&#223;er Unterhaltung stand, bot sie zum Beispiel in der Sowjetunion mehr k&#252;nstlerischen Freiraum als der staatliche Musikbetrieb. Zugleich ergaben sich seit den 1920er-Jahren im Kontext der Avantgarde-Bewegungen zahlreiche fruchtbare Begegnungen f&#252;r beide Seiten.<\/p>\n<p>23:03 \u2013 24:00 | &#214;1<br \/>\n<strong>Stetiges Engagement f&#252;r das Neue: Klaus Ager zum 75. Geburtstag<\/strong><\/p>\n<p style=\"padding-left: 40px;\">Der Salzburger Komponist und Dirigent Klaus Ager geh&#246;rt zu den pr&#228;genden Pers&#246;nlichkeiten der zeitgen&#246;ssischen Musikszene &#214;sterreichs. &#220;ber viele Jahre hatte er Kompositions-Professuren in Bregenz und Salzburg inne \u2013 an der Universit&#228;t Mozarteum amtierte er zwischen 1995 und 2000 auch als Rektor. 1975 gr&#252;ndete Ager das &#214;sterreichische Ensemble f&#252;r Neue Musik und 1977 das Musikfestival Aspekte Salzburg. Unter seinen Kompositionen finden sich Instrumental- und Vokalwerke. Auch mit Elektronik und Computermusik besch&#228;ftigte sich Ager intensiv.<\/p>\n<p style=\"padding-left: 40px;\">F&#252;r die Neue Musik engagierte sich Ager weit &#252;ber &#214;sterreich hinaus. So war er unter anderem Pr&#228;sident der Europ&#228;ischen Konferenz der Veranstalter Neuer Musik, und Pr&#228;sident des Europ&#228;ischen Komponistenverbandes ECF, dem European Composers\u2019 Forum in Br&#252;ssel. Von 2004 bis 2014 stand er als Pr&#228;sident dem &#214;sterreichischen Komponistenbund vor.<\/p>\n<p style=\"padding-left: 40px;\">Anl&#228;sslich des 75. Geburtstags von Klaus Ager am Montag, 10. Mai 2021 bringt \u201eZeit-Ton\u201c verschiedene Aufnahmen aus dem &#214;1 Archiv mit Werken des Jubilars.Gestaltung: Philipp Weismann<\/p>\n<hr \/>\n<h2>di \u2013 11.05.2021<\/h2>\n<hr \/>\n<p>00:05 bis 01:00 | Deutschlandfunk Kultur<br \/>\n<strong>Neue Musik: Beuys 100 \u2013 Ja ja ja \u2013 Nee nee nee \u2013 Die Klangwelt des Joseph Beuys<\/strong><\/p>\n<p style=\"padding-left: 40px;\">Von Stefan Fricke. Im OEuvre des K&#252;nstlers Joseph Beuys (1921-1986) gibt es viele Bez&#252;ge zur Musik: als Wort und Tat, als h&#246;rbare Manifestationen.<\/p>\n<p>00:10 bis 02:00 | Bayern 2<br \/>\n<strong>Concerto bavarese: Bayerische Komponisten<\/strong><\/p>\n<p style=\"padding-left: 40px;\"><strong>Kay Westermann<\/strong>: \u201eWuthering Heights\u201c (Moritz Eggert, Klavier; Barbara Kink, Violine; Sebastian Hess, Violoncello); <strong>Konstantia Gourzi<\/strong>: \u201ePerseus &amp; Androm\u00e9da\u201c, op. 78 (Staatsphilharmonie N&#252;rnberg: Joana Mallwitz); <strong>J&#246;rg Widmann<\/strong>: \u201eJagdquartett\u201c (Minguet Quartett); Wilfried Hiller: Aus \u201eBuch der Sterne\u201c (Silke Avenhaus, Klavier); <strong>Eva Sindichakis<\/strong>: \u201eAmbivalenz\u201c (Julia Rebekka Mai, Viola; Arno Waschk, Klavier); <strong>Minas Borboudakis<\/strong>: \u201eChorochronos I\u201c (Minas Borboudakis, Andreas Skouras, Klavier; Peter Sadlo, Jens Hilse, Schlagzeug)<\/p>\n<p>21:00 bis 22:00 | NDR Kultur<br \/>\n<strong>neue musik: Beuys h&#246;ren? Zum 100. Geburtstag<\/strong><\/p>\n<p style=\"padding-left: 40px;\">Von Margarete Zander. Ein Kunstraum gestaltet mit Gips, Bienenwachs, Filz, Stahlst&#228;be, Fett und vielem mehr \u2013 wie kann das klingen? Matthias Pintscher hat Joseph Beuys Raumplastik \u201eDernier espace avec introspecteur\u201c zu Werk f&#252;r Akkordeon und Violoncello inspiriert. Zu Beuys 100. Geburtstag komponiert Heiner Goebbels f&#252;r das Ensemble Modern Orchestra \u201ea house of call. my imaginary notebook\u201c, (u.a. Elbphilharmonie). Wie war das Verh&#228;ltnis von Joseph Beuys zur Musik?<\/p>\n<p>22:05 bis 23:00 | BR-KLASSIK<br \/>\n<strong>Horizonte: Sounddramaturgien \u2013 Musikproduktion: F&#252;r wen spielen (S)ie eigentlich?<\/strong><\/p>\n<p style=\"padding-left: 40px;\">Eine Kopfh&#246;rersendung von Julian K&#228;mper und Felix Kruis. Kopfh&#246;rer sind heute Standard, wenn es um das H&#246;ren von Musik geht. Technisch versetzen sie Musikproduzent*innen in die Lage, dreidimensionale Klangsph&#228;ren f&#252;r die Massen zu produzieren und mit Klangarrangements zu experimentieren. Youtube-Ph&#228;nomene wie 8D oder ASMR belegen den Bedarf f&#252;r ein Millionenpublikum. Wer 3D-Audiotechniken einsetzt, thematisiert bewusst den Raum und definiert die r&#228;umliche Relation der H&#246;rer*innen zur Klangquelle: Werden wir virtuell vor einem oder in die Mitte eines Ensembles platziert \u2013 und wie wird das dramaturgisch begr&#252;ndet? Oder wo denken die Studiomusiker*innen befinden wir uns als H&#246;rerinnen und H&#246;rer, wenn sie f&#252;r uns spielen? In Studioproduktionen popul&#228;rer Musik werden solche r&#228;umlichen Konstellationen gezielt als Narrativ zur Imagebildung genutzt \u2013 und sie sind auch musikalisch-kompositorisch relevant. Davon ausgehend vergleichen wir raumspezifische Produktionsverfahren aus den Bereichen Klassik, Neue Musik und Popularmusik und diskutieren die unendlichen Spielm&#246;glichkeiten, die sich im &#252;blichen Stereopanorama nicht abbilden lassen. Stets mit der Frage: Welchen Platz nehmen wir als H&#246;rerinnen und H&#246;rer in Zukunft eigentlich ein?<\/p>\n<p>23:00 bis 00:00 | rbbKultur<br \/>\n<strong>MUSIK DER GEGENWART<\/strong><\/p>\n<p>23:03 \u2013 24:00 | &#214;1<br \/>\n<strong>Wie unterrichtet man Komponieren? Mehr als Notenschreiben: Komponieren lernen<\/strong><\/p>\n<p style=\"padding-left: 40px;\">Unter dem Begriff Komponieren versteht man heute viel mehr, als noch vor hundert Jahren, denn der Arbeitsprozess, der zu einem neuen Musikst&#252;ck f&#252;hrt, kann sehr unterschiedliche Wege beschreiten: Digitale Programme unterst&#252;tzen bei der Notation, beim Generieren von Kl&#228;ngen, beim Berechnen von Algorithmen und gleichzeitig werden Skizzen und Detailausf&#252;hrungen von einigen Komponierenden nach wie vor handschriftlich fixiert. Ein Neben- und Miteinander von Herangehensweisen, die sich in den vergangenen Jahrhunderten entwickelt haben oder ganz neu entstanden sind.<\/p>\n<p style=\"padding-left: 40px;\">Was ist nun die Voraussetzung daf&#252;r, selbst Musik erschaffen zu k&#246;nnen? Wieviel Musiktheorie ist notwendig? Was sollte man daf&#252;r erlernen und vor allem: wie?<\/p>\n<p style=\"padding-left: 40px;\">Helmut Lachenmann hielt &#252;ber das Komponieren fest, dass es hei&#223;e, &#252;ber die Mittel nachzudenken, ein Instrument zu bauen. Also eine Reflexion der Mittel und eine Auseinandersetzung mit der Entstehung des Klangs, und wie das Erdachte umgesetzt werden kann.<\/p>\n<p style=\"padding-left: 40px;\">Komponieren wird an wenigen Musikschulen und an Musikuniversit&#228;ten unterrichtet. Das didaktische Handwerkszeug daf&#252;r wird in Kompositionsp&#228;dagogik, wie etwa an der Kunstuniversit&#228;t Graz, weitergegeben. Diese Ausbildung widmet sich auch dem ganz niederschwelligen, oft im schulischen Musikunterricht eingesetzten \u201eMusik erfinden\u201c.<\/p>\n<p style=\"padding-left: 40px;\">Lehrende und Studierende berichten &#252;ber ihre Methoden und Zug&#228;nge, das Komponieren zur vermitteln und zu erlernen. Gestaltung: Marie-Therese Rudolph<\/p>\n<hr \/>\n<h2>mi \u2013 12.05.2021<\/h2>\n<hr \/>\n<p>00:10 bis 02:00 | Bayern 2<br \/>\n<strong>Concerto bavarese. <\/strong><strong>Fr&#228;nkische Komponisten<\/strong><\/p>\n<p style=\"padding-left: 40px;\"><strong>Christof Johannes Wei&#223;<\/strong>: \u201eGespr&#228;ch unter Freunden\u201c (Iris Trio); <strong>Tobias Klaus Giesen<\/strong>: \u201e&#8230; denkt er an Schumann &#8230;\u201c (H\u00e1ba Quartett Frankfurt); <strong>Karola Oberm&#252;ller<\/strong>: \u201eNichts Fettes nichts S&#252;&#223;es\u201c (Ensemble Phorminx); <strong>Andr\u00e1s Hamary<\/strong>: \u201eHommage \u00e0 Jan\u00e1cek\u201c (Ensemble Kontraste); <strong>Katrin Klose<\/strong>: \u201eAccord \u2013 Hommage \u00e0 Grisey\u201c (Tiroler Kammerorchester InnStrumenti: Gerhard Sammer); <strong>Volker Blumenthaler<\/strong>: \u201eet homo factus est \u2013 Hommage \u00e0 Josquin Desprez\u201c (Ensemble Phorminx); <strong>Horst Lohse<\/strong>: \u201eBrahms-Metamorphosen\u201c (Genberg-Trio); <strong>Werner Heider<\/strong>: \u201eVarianten einer Variante von Mozart\u201c (N&#252;rnberger Akkordeon Ensemble: Marco R&#246;ttig)<\/p>\n<p>20:04 bis 21:00 | hr2-kultur<br \/>\n<strong>Kaisers Kl&#228;nge \u2013 Musikalische Entdeckungsreisen : Wenn du mal gro&#223; bist \u2013 Eltern singen f&#252;r ihre Kinder<\/strong><\/p>\n<p style=\"padding-left: 40px;\">Muttertag und Vatertag in einer Woche, da haben Kinder diesmal viel auszuhalten! Umso sch&#246;ner, wenn sich die Eltern da auch einmal musikalisch ihres Nachwuchses annehmen!<\/p>\n<p style=\"padding-left: 40px;\">\u201eDu wirst geliebt!\u201c, singt Nina Hagen und Countertenor Andreas Scholl seufzt ein sanftes Lullaby f&#252;r seine Kleinen. Bach und Debussy komponieren extra kindgerechte Tastenst&#252;cke. Und Meret Becker und G&#246;tz Alsmann spielen sogar im Duett mit ihren Spr&#246;sslingen. Ein Hoch auf solche Eltern!<\/p>\n<p>23:03 bis 00:00 | SWR 2<br \/>\n<strong>SWR2 JetztMusik: Donaueschinger Musiktage 2020 \u2013 Nicolas Hodges (Klavier)<\/strong><\/p>\n<p style=\"padding-left: 40px;\"><strong>Rebecca Saunders<\/strong>: to an utterance \u2013 study (2020) | <strong>James Clarke<\/strong>: Piano Sonata No. 2 (Kompositionsauftrag des SWR 2019) | <strong>Andr\u00e9 Boucourechliev<\/strong>: Archipel 5D (1970) | <strong>Rolf Riehm<\/strong>: Ciao, carissimo Claudio oder Die Steel Drums von San Marco f&#252;r Klavier und Zuspielungen (2017)<\/p>\n<p style=\"padding-left: 40px;\">Als Skizze und Nebenweg des neuen Klavierkonzerts von Rebecca Saunders entstand die Studie \u201eto an utterance\u201c f&#252;r Klavier solo. Dabei beschreitet sie gemeinsam mit dem Pianisten Nicolas Hodges neue Wege des Instruments. James Clarke wiederum sucht in seinem neuen St&#252;ck nach neuen M&#246;glichkeiten der Sonate. Erg&#228;nzt wird die Sendung um zwei Werke von Rolf Riehm und eine offene Form des bulgarisch-anarchistischen Komponisten Andr\u00e9 Boucourechliev. Nicolas Hodges hat das Programm, das urspr&#252;nglich f&#252;r die Donaueschinger Musiktage 2020 gedacht war, im Studio des SWR eingespielt.<\/p>\n<p>23:03 \u2013 24:00 | &#214;1<br \/>\n<strong>R&#252;ckblick, Vorschau und aktuelle Ver&#246;ffentlichungen \u2013 Zeit-Ton Magazin <\/strong><\/p>\n<p style=\"padding-left: 40px;\">Jeden Mittwoch pr&#228;sentieren wir Ihnen ausgesuchte Veranstaltungstipps f&#252;r die kommenden sieben Tage und die spannendsten Neuver&#246;ffentlichungen. Mit u.a. einer neuen Folge der \u201eZeit-Ton\u201c-Reihe \u201eDie Klien-Br&#252;der \u2013 Neue Musik im H&#228;rtetest\u201c (Gestaltung: Rainer Elstner und Andreas Maurer). Diese Serie gibt es auch als &#214;1 Podcast.Gestaltung: Heinrich Deisl<\/p>\n<hr \/>\n<h2>do \u2013 13.05.2021<\/h2>\n<hr \/>\n<p>00:05 bis 01:00 | Deutschlandfunk Kultur<br \/>\n<strong>Neue Musik: Festival Eclat<\/strong><\/p>\n<p style=\"padding-left: 40px;\">Theaterhaus Stuttgart. Aufzeichnung vom 06.02.2021. <strong>Kristine Tj\u00f8gersen<\/strong>: \u201eBioluminescence\u201c, Fassung f&#252;r Kammerorchester (Urauff&#252;hrung) | <strong>Zeynep Gedizlio&#196;?lu<\/strong>: \u201eNotes from the silent one\u201c f&#252;r Streichorchester | <strong>Franck Bedrossian<\/strong>: \u201eDon Quixote Concerto\u201c f&#252;r Klavier und Kammerorchester (Urauff&#252;hrung). Christoph Grund, Klavier; SWR Symphonieorchester; Leitung: Pablo Rus Broseta<\/p>\n<p>00:10 bis 02:00 | Bayern 2<br \/>\n<strong>Concerto bavarese: Bayerische Komponisten<\/strong><\/p>\n<p style=\"padding-left: 40px;\"><strong>Rupert Riederer<\/strong>: \u201eKantate vom Leben\u201c (Marianne Schech, Sopran; Anton Gruber-Bauer, Bariton; Chorgemeinschaft Rudolf Lamy; M&#252;nchner Philharmoniker: Kurt Striegler); <strong>Philipp Mohler<\/strong>: \u201eSpanische Szenen\u201c (Chor des Bayerischen Rundfunks; M&#252;nchner Rundfunkorchester: Alexander Brezina); <strong>Roland Leistner-Mayer<\/strong>: Sonate, op. 70 (Reiner Ginzel, Violoncello; Michael Schneidt, Klavier); <strong>Aldo Kezic<\/strong>: \u201eMozartella\u201c (Eusebius Trio)<\/p>\n<p>19:05 bis 20:00 | BR-KLASSIK<br \/>\n<strong>KlassikPlus: Richard Wagner und der Humor<\/strong><\/p>\n<p style=\"padding-left: 40px;\">Ist Wagner witzig? Dar&#252;ber gehen die Meinungen auseinander. Nicht jeder findet es lustig, wenn Beckmesser in den \u201eMeistersingern von N&#252;rnberg\u201c sich zum Gesp&#246;tt der Leute macht, weil er den Sinn eines Liedes missversteht und es grob verunstaltet, als er es singt. Oder lachen wir wirklich &#252;ber den Zwerg Alberich, der sich tollpatschig an die Rheint&#246;chter heranmacht? Wagners Werke und der Komponist selbst sind jedoch in anderer Hinsicht durchaus ein Quell f&#252;r Humor. Sie boten und bieten Karikaturisten jede Menge Stoff f&#252;r eine witzelnde Auseinandersetzung. Aber Wagner selbst konnte dem Vernehmen nach durchaus witzig sein, er besa&#223; angeblich jede Menge Humor und Selbstironie. So liebte er etwa Verkleidungen, kletterte auf B&#228;ume oder vollzog akrobatische Kunstst&#252;cke, um seine Besucher zu erschrecken. \u201eKlassikPlus\u201c begibt sich auf die Spurensuche nach Wagners Humor. Eine Sendung von Robert Jungwirth<\/p>\n<p>20:00 bis 22:00 | Bremen Zwei<br \/>\n<strong>Klassikwelt in concert<\/strong><\/p>\n<p style=\"padding-left: 40px;\">Der Auftritt des kanadischen Pianisten Marc-Andr\u00e9 Hamelin war ein Highlight beim Musikfest Bremen 2018. Der 1961 in Montr\u00e9al geborene K&#252;nstler geh&#246;rt zu den bedeutendsten Pianisten unserer Zeit, doch erst in den letzten Jahren ist er vom Geheimtipp zum Weltstar geworden.<\/p>\n<p>20:04 bis 21:30 | SR2 KulturRadio<br \/>\n<strong>Mouvement: Psalmen \u2013 Vertonungen aus dem 20. und 21. Jahrhundert<\/strong><\/p>\n<p style=\"padding-left: 40px;\"><strong>Arnold Sch&#246;nberg<\/strong>: De profundis \u2013 Deutscher Kammerchor \/ Michael Alber | <strong>Krzysztof Penderecki<\/strong>: Aus den Psalmen Davids \u2013 Chor und Orchester der Nationalphilharmonie Warschau \/ Krzysztof Penderecki | <strong>Alexander Knaifel<\/strong>: Psalm 51 \u2013 Mstislaw Rostropowitsch, Violoncello | <strong>Heinz Holliger<\/strong>: Psalm \u2013 SWR Vokalensemble Stuttgart \/ Marcus Creed | <strong>Peter E&#246;tvos<\/strong>: Psalm 151 in memoriam Frank Zappa \u2013 Schlagquartett K&#246;ln | <strong>Bernd Franke<\/strong>: And why? (Psalm 116) \u2013 Calmus Ensemble <strong>| Arnold Sch&#246;nberg<\/strong>: Psalm 130 \u2013 BBC Singers \/ Pierre Boulez<\/p>\n<p>22:05 bis 23:00 | BR-KLASSIK<br \/>\n<strong>Horizonte: \u201eOne Woman Band\u201c \u2013 Die K&#252;nstlerin Dorrit Bauerecker<\/strong><\/p>\n<p style=\"padding-left: 40px;\"><strong>Julia Wolfe<\/strong>: \u201eEast Broadway\u201c; Oxana Omelchuk: \u201egf&#228;tterle\u201c; <strong>Niklas Seidl<\/strong>: \u201eGichtgriffel &amp; Achterbeene\u201c; <strong>Moritz Eggert<\/strong>: Aus \u201eH&#228;mmerklavier\u201c (Moritz Eggert, Klavier,Toypiano,Gesang,Bongo); <strong>Stephen Montague<\/strong>: \u201eMirabella\u201c<\/p>\n<hr \/>\n<h2>fr \u2013 14.05.2021<\/h2>\n<hr \/>\n<p>00:05 bis 01:00 | Deutschlandfunk Kultur<br \/>\n<strong>Klangkunst: Voice Affairs<\/strong><\/p>\n<p style=\"padding-left: 40px;\">Von Aya Metwalli, Youmna Saba, Cynthia Zaven, D\u00e1niel P\u00e9ter Bir\u00f3, Samir Odeh-Tamimi, Manolis Manousakis und Raed Yassin<\/p>\n<p style=\"padding-left: 40px;\">Mit: Neue Vocalsolisten Stuttgart \u2013 Johanna Vargas, Susanne Leitz-Lorey, Truike van der Poel, Martin Nagy, Guillermo Anzorena und Andreas Fischer<\/p>\n<p style=\"padding-left: 40px;\">Produktion: Deutschlandfunk Kultur \/ Akademie der K&#252;nste Berlin 2021. L&#228;nge: 54\u201930. (Ursendung)<\/p>\n<p style=\"padding-left: 40px;\">Im Libanon ist die experimentelle Musik besonders vielseitig: divers, pulsierend, global gut vernetzt. Sieben Vertreterinnen der dortigen Szene haben Werke f&#252;r Stimme geschrieben.<\/p>\n<p style=\"padding-left: 40px;\">Sieben K&#252;nstlerinnen und Komponisten aus dem Libanon befassen sich mit der Stimme, die in der Musik des Mittelmeerraums eine besondere Rolle spielt. Nun treten sie in Dialog mit der zeitgen&#246;ssischen europ&#228;ischen Musik. Gemeinsam mit den Neuen Vocalsolisten interpretieren sie ihre eigenen Werke, reflektieren dabei Sehns&#252;chte, politische Themen, musikalische Traditionen und Tonsysteme.<\/p>\n<p style=\"padding-left: 40px;\">Aufgezeichnet im Rahmen von \u201eMemories in Music. Festival zeitgen&#246;ssischer Musik\u201c der Akademie der K&#252;nste, Berlin.<\/p>\n<p>19:05 bis 20:00 | BR-KLASSIK<br \/>\n<strong>Das Musik-Feature: \u201eVerachtet und verehrt\u201c \u2013 Napoleon Bonaparte und die Musik<\/strong><\/p>\n<p style=\"padding-left: 40px;\">Von Almut Ochsmann. Napoleon war ein gro&#223;er Stratege und machtbesessener Herrscher. Napoleon gilt aber auch als gro&#223;er Musikliebhaber, der wusste, wie man mit Kultur Menschen beeinflusst. Schon zu seinen Lebzeiten \u2013 und bis heute \u2013 polarisierte er: Beethoven bedachte ihn mit einer Widmung (und strich sie wieder), Johann Strau&#223; komponierte einen Napoleon-Marsch und Arnold Sch&#246;nberg eine Napoleon-Ode. Welche Rolle spielte Musik im Leben Napoleon Bonapartes, und wie haben sich sein Leben und Wirken in der Musik niedergeschlagen? Dieser Frage geht Almut Ochsmann nach.<\/p>\n<p>20:04 bis 22:00 | WDR 3<br \/>\n<strong>WDR 3 Konzert live: Musik der Zeit [9] Kino im Kopf<\/strong><\/p>\n<p style=\"padding-left: 40px;\"><strong>Kristine Tj\u00f8gersen<\/strong>: Bioluminescence, Version f&#252;r Kammerorchester | <strong>Arnold Sch&#246;nberg<\/strong>: Begleitmusik zu einer Lichtspielscene f&#252;r Kammerorchester | <strong>Helena Tulve<\/strong>: Anastatica f&#252;r Kammerorchester | <strong>Mauricio Kagel<\/strong>: Finale \u2013 mit Kammerorchester.<\/p>\n<p style=\"padding-left: 40px;\">WDR Sinfonieorchester, Leitung: Cristian Macelaru. &#220;bertragung aus dem K&#246;lner Funkhaus. Parallele Ausstrahlung in Dolby Digital 5.1 Surround-Sound<\/p>\n<p style=\"padding-left: 40px;\">Der letzte macht das Licht aus. Was Mauricio Kagel makaber in seinem \u201eFinale mit Kammerorchester\u201c in Szene setzt, hat Arnold Sch&#246;nberg nie gek&#252;mmert. Seine Musik zu einer Lichtspielscene \u201ebegleitet\u201c einen Film, der nie gedreht wurde und folglich kein Licht brauchte.<\/p>\n<p style=\"padding-left: 40px;\">Ganz im Dunkeln beginnt \u201eBioluminescence\u201c von Kristine Tj\u00f8gersen. Die Norwegerin ist fasziniert von Gl&#252;hw&#252;rmchen, wie sie tausendfach \u201ealle in unterschiedlichen Mustern\u201c blinken und zugleich \u201espezifische Flug-Choreografien\u201c ausf&#252;hren. Die Muster und Bewegungen der Insekten bilden das Material f&#252;r die melodischen wie rhythmischen Figuren ihres St&#252;ckes.<\/p>\n<p style=\"padding-left: 40px;\">Grelles W&#252;stenlicht dagegen verbreitet Helena Tulve in \u201eAnastatica\u201c. Ihr Werk hat die estnische Komponistin nach dem gleichnamigen Gew&#228;chs benannt: die sogenannte Auferstehungspflanze, die Rose von Jericho. Zu finden ist sie vor allem in den W&#252;stengebieten von Nordafrika und Vorderasien. Nachdem die Bl&#228;tter abgefallen sind, biegt sie sich zu einem kugeligen Gebilde zusammen. Sinnbild f&#252;r den z&#228;hen &#220;berlebenskampf in unwirtlicher Umgebung.<\/p>\n<p>21:05 bis 22:30 | Bayern 2<br \/>\n<strong>H&#246;rspiel: h&#246;r!spiel!art.mix: \u201eDie dritte Arbeitskraft, mein Geld\u201c von M. Stauffer<\/strong><\/p>\n<p style=\"padding-left: 40px;\">Mit Mona Petri, Lutz Wengorz, Nils Althaus, Michael Stauffer, Anne Sauvageot und Mark Ginzler. Musik: Michael Stauffer\/Hanspeter Pfammatter\/Andr\u00e9 Pfammater\/Kevin Chesham\/Julian Sartorius. Regie: Mark Ginzler\/Michael Stauffer. SRF 2019<\/p>\n<p style=\"padding-left: 40px;\">Eine Anleitung zum Geldvermehren? Zumindest ein spielerisches Pl&#228;doyer f&#252;r das angstfreie Jonglieren mit Aktien und anderen verp&#246;nten B&#246;rseninstrumenten. Eine Art Lehrst&#252;ck gegen die selbstverschuldete Unm&#252;ndigkeit in Finanzfragen. Michael Stauffer und ein illustres Team aus Experten, Laien und Betroffenen gehen der Frage nach, warum das Geldanlegen in Aktien nicht des Teufels ist und warum auch die B&#246;rse per se nicht b&#246;se ist. Sie l&#246;sen sich allm&#228;hlich von klischierten Vorstellungen und werden aktiv, lassen ihr \u2212 wie auch immer erworbenes \u2212 Verm&#246;gen f&#252;r sich arbeiten. Eine Reise zu einem bewussteren, angstfreien Umgang mit Geld und dessen Wertsch&#246;pfung, entstanden aus Interviewtranskriptionen, Tagebucheintr&#228;gen, einem Briefwechsel mit der Steuerbeh&#246;rde und mit \u201eechten\u201c Experten aus der Finanzwelt. Ausgezeichnet mit dem Publikumspreis der ARD H&#246;rspieltage 2019.<\/p>\n<p style=\"padding-left: 40px;\">Michael Stauffer, geb. 1972, Schweizer Autor. Weitere H&#246;rspiele u.a. Gartenproletarier (DRS 2001), Bancomat (DRS 2006), Die Frau mit der Bankenkrise (WDR 2010), Du musst gewinnen (SRF 2016).<\/p>\n<p>22:03 bis 23:00 | Deutschlandfunk Kultur<br \/>\n<strong>Musikfeuilleton: Vernetzt \u2013 Komponieren im und mit dem Internet<\/strong><\/p>\n<p style=\"padding-left: 40px;\">Von Leonie Reineke. Komponieren bedeutet heutzutage l&#228;ngst nicht mehr, sich ausschlie&#223;lich am Schreibtisch mit Notenpapier und Bleistift zu besch&#228;ftigen. Immer mehr Musik entsteht auf der Basis von Interaktion, von digitaler Vernetzung. Das Internet greift nicht nur massiv in unsere Alltagsgestaltung ein, es ver&#228;ndert auch die Vorstellungen davon, was Musiksch&#246;pfen und Musikmachen hei&#223;en kann.<\/p>\n<p>23:03 \u2013 24:00 | &#214;1<br \/>\n<strong>Wenn Kinder komponieren \u2013 Junge Menschen komponieren. Die Konfrontationen im Rahmen des ORF musikprotokoll im steirischen herbst<\/strong><\/p>\n<p style=\"padding-left: 40px;\">Der Zugang von Kindern und Jugendlichen zu zeitgen&#246;ssischer Musik ist in vielen F&#228;llen ein ganz ungezwungener, unbelasteter. Wenn sie selbst kompositorisch kreativ werden k&#246;nnen, tun sie das mit gro&#223;er Ernsthaftigkeit. Das zeigt das Projekt Konfrontationen seit mehreren Jahren. Bereits acht Mal hat es im Rahmen des ORF musikprotokoll im steirischen herbst stattgefunden. Junge Menschen werden bei den Konfrontationen im Rahmen des Schulunterrichts angeleitet, Musikst&#252;cke selbst zu entwickeln \u2013 unter Anleitung von Profi-Musiker\/innen und Komponist\/innen. Die Ergebnisse werden dann jeweils dem musikprotokoll-Publikum in einem Konzert auf gro&#223;er B&#252;hne pr&#228;sentiert. Initiator und Organisator ist Klaus Dorfegger, Komponist, Fachinspektor f&#252;r Musik sowie Obmann des Vereins Conto Musicale. Wir bringen in dieser Sendung einen Querschnitt aus einigen dieser vielf&#228;ltigen Kompositionen junger Menschen \u2013 und ein paar entwaffnend erfrischende Interviews &#252;ber neue Spieltechniken. Gestaltung: Rainer Elstner<\/p>\n<hr \/>\n<h2>sa \u2013 15.05.2021<\/h2>\n<hr \/>\n<p>14:05 bis 15:00 | BR-KLASSIK<br \/>\n<strong>Das Musik-Feature: \u201eVerachtet und verehrt\u201c \u2013 Napoleon Bonaparte und die Musik<\/strong><\/p>\n<p style=\"padding-left: 40px;\">Von Almut Ochsmann. Napoleon war ein gro&#223;er Stratege und machtbesessener Herrscher. Napoleon gilt aber auch als gro&#223;er Musikliebhaber, der wusste, wie man mit Kultur Menschen beeinflusst. Schon zu seinen Lebzeiten \u2013 und bis heute \u2013 polarisierte er: Beethoven bedachte ihn mit einer Widmung (und strich sie wieder), Johann Strauss komponierte einen Napoleon-Marsch und Arnold Sch&#246;nberg eine Napoleon-Ode. Welche Rolle spielte Musik im Leben Napoleon Bonapartes, und wie haben sich sein Leben und Wirken in der Musik niedergeschlagen? Dieser Frage geht Almut Ochsmann nach.<\/p>\n<p>22:04 bis 00:00 | WDR 3<br \/>\n<strong>WDR 3 Open Sounds: Studio Elektronische Musik \u2013 Stromlinie reloaded [11] Gert-Jan Prins und Cor Fuhler<\/strong><\/p>\n<p style=\"padding-left: 40px;\"><strong>the Cortet<\/strong>: CH, aus \u201eHHHH\u201c f&#252;r Klavier, Synthesizer, Harfe und Saxofon; Cor Fuhler, Klavier und Pr&#228;parationen; Thomas Lehn, Analogsynthesizer; Rhodri Davies, Harfe und Pr&#228;parationen; John Butcher, Tenor- und Sopransaxofon | <strong>Cor Fuhler \/ Gert-Jan Prins<\/strong>: Tulip Creek \/ High Pass Tipped Red, aus \u201eThe Flirts\u201c, Elektronische Musik; Cor Fuhler, EMS Synthi AKS, Turntables und Mbiras; Gert-Jan Prins, Elektronik, FM-Modulationen und Radio | <strong>Gert-Jan Prins<\/strong>: Risk, Elektronische Musik; Gert-Jan Prins, Elektronik und Radio. Terre Thaemlitz | <strong>Terre Thaemlitz<\/strong>: 2am on a silo, aus \u201etranquilizer\u201c, Elektroakustische Komposition \/ subjective loss, day 83, aus \u201esoil\u201c, Elektroakustische Komposition \/ Ausschnitt aus \u201eLove For Sale \u2013 Taking Stock In Our Pride\u201c, Elektroakustische Komposition | <strong>Devo \/ Terre Thaemlitz<\/strong>: Whip It f&#252;r Klavier und Elektronik; Terre Thaemlitz, Klavier | <strong>Terre Thaemlitz<\/strong>: Between Empathy and Sympathy Is Time (Apartheid), aus \u201eLovebomb\u201c, Elektroakustische Komposition. Dieter Kovacic | <strong>Dieb 13<\/strong>: Witten Playback f&#252;r Schallplattenspieler; Dieb 13 | <strong>efzeg: grain<\/strong>, Live-elektronische Improvisation; Boris Hauf, Saxofon; Martin Siewert, Gitarre und Elektronik; Burkhard Stangl, Gitarre; Dieb 13, Schallplattenspieler | <strong>Dieter Kovacic<\/strong>: dun, Remix | <strong>Werner Dafeldecker \/ Christof Kurzmann \/ Kevin Drumm \/ Dieb 13 \/ J\u00e9r\u00f4me Noetinger<\/strong>: berlin 3, Live-elektronische Improvisation; Werner Dafeldecker, Bass und Elektronik; Christof Kurzmann, Klarinette und Computer; Kevin Drumm, Synthesizer; Dieb 13, Schallplattenspieler; J\u00e9r\u00f4me Noetinger, Elektronik | <strong>Dieb 13<\/strong>: restructuring f&#252;r Schallplattenspieler; Dieb 13<\/p>\n<p>22:05 bis 22:50 | Deutschlandfunk<br \/>\n<strong>Atelier neuer Musik: Im Zentrum steht das Unvorhersehbare \u2013 Die Medienk&#252;nstlerin Claudia Robles-Angel<\/strong><\/p>\n<p style=\"padding-left: 40px;\">Von Egbert Hiller. Aufgewachsen in Bogot\u00e1, angesiedelt in K&#246;ln, weltweit aktiv \u2013 und stets auf Gratwanderung zwischen Kl&#228;ngen und Bildern. Audiovisuelle Kunst und neue Medien bestimmen ihre Arbeiten. Der Fokus des sch&#246;pferischen Denkens von Claudia Robles-Angel liegt auf der Beziehung zwischen Mensch und Technik. Die 1967 in Kolumbien geborene K&#252;nstlerin hat in Bogot\u00e1, Mailand, Genf und Essen studiert. Das Schweben zwischen den Kulturen und eine k&#252;nstlerische Multidimensionalit&#228;t sind bei ihr nicht zu trennen. Als Artist in Residence hat sie das im Zentrum f&#252;r Kunst und Medientechnologie Karlsruhe demonstriert \u2013 ebenso in Z&#252;rich, im mexikanischen Morelia oder an der Kunsthochschule f&#252;r Medien in K&#246;ln. Installationen und Performances, auch biomedizinische Experimente in klanglichen Zusammenh&#228;ngen, sind Claudia Robles-Angels bevorzugte Arbeitsfelder. Forschung und Gestaltung gehen dabei Hand in Hand.<\/p>\n<p>23:00 bis 00:00 | hr2-kultur<br \/>\n<strong>The Artist\u2019s Corner | L\u2019heure alors s\u2019incline \u2013 Die elektroakustische Musik von Christine Groult (* 1950)<\/strong><\/p>\n<p style=\"padding-left: 40px;\">Die franz&#246;sische Elektroakustikerin Christine Groult kreiert H&#246;rfilme, Arbeiten f&#252;r das \u201eCin\u00e9ma pour L\u2019oreille\u201c, das \u201eOhren-Kino\u201c.<\/p>\n<p style=\"padding-left: 40px;\">Am Mikrofon: Christian Schr&#246;der. Beeinflusst von der \u201emusique concr\u00e8te\u201c Pierre Schaeffers und Pierre Henrys sowie von der &#196;sthetik des sp&#228;ten Luigi Nono interessiert Christine Groult sich besonders f&#252;r das poetische Potenzial von Kl&#228;ngen. Groults Kompositionsprozess beginnt mit der Mikrofonaufnahme: Sie fixiert die N&#228;he des gefundenen Klanges, zoomt so nah wie m&#246;glich an diesen heran, erheischt seine sonore Intimit&#228;t. Dann transformiert sie die Aufnahmen und verwebt sie zu organischen Einheiten, zu kontemplativen Kompositionen. Christine Groult lehrt elektroakustische Komposition in Pantin, einem Vorort von Paris.<\/p>\n<p>23:05 bis 00:00 | BR-KLASSIK<br \/>\n<strong>Musik der Welt: \u201eGebt uns das Banjo zur&#252;ck\u201c \u2013 Black Banjo Revival<\/strong><\/p>\n<p style=\"padding-left: 40px;\">Urspr&#252;nglich kam das Banjo aus Afrika in die neue Welt und galt lange als Symbol der afroamerikanischen Musikkultur im S&#252;den der USA. Die ersten wei&#223;en Banjospieler malen sich ihre Gesichter noch schwarz an. In sogenannten Minstrelshows zeichnen sie auf oftmals rassistische Art das Bild eines sorglosen lustigen Lebens auf den Plantagen. Nach dem Banjocraze der Jahrhundertwende, einer ersten Plattenindustrie, die das Banjo zum Instrument der armen wei&#223;en Hillbillies macht und der Great Migration, w&#228;hrend der Millionen Afroamerikaner nach Norden ziehen, ist die schwarze Geschichte des Banjo in Vergessenheit geraten. Am Ende all dieser Transformationsprozesse ist das Banjo in den 50er Jahren zum Markenzeichen einer rein wei&#223;en Bluegrassmusik geworden, in der sich in den S&#252;dstaaten eine Nostalgie f&#252;r die \u201egute alte Zeit\u201c bewahrt hat. Erst heute legt eine junge Generation afroamerikanischer Musikerinnen und Musiker &#252;ber das Banjo ihre eigene Geschichte wieder frei. Das Banjo wird zum Kronzeugen einer neuen afroamerikanischen Geschichtsschreibung, die bislang meist aus der Perspektive des wei&#223;en Amerikas geschrieben wurde. Mit Bill Monroe, Earl Scruggs, Carolina Chocolate Drops, Roscoe Holcomb, Bela Fleck, Rhiannon Giddens, Dom Flemons, Jake Blount, Out Native Daughters und vielen mehr. Eine Sendung von Jay Rutledge<\/p>\n<hr \/>\n<h2>so \u2013 16.05.2021<\/h2>\n<hr \/>\n<p>13:04 bis 14:00 | hr2-kultur<br \/>\n<strong>Kaisers Kl&#228;nge \u2013 Musikalische Entdeckungsreisen \u2013 \u201eEr malt sogar die Stimme selbst!\u201c \u2013 Albrecht D&#252;rer und die Musik<\/strong><\/p>\n<p style=\"padding-left: 40px;\">\u201eWas malt er nicht alles \u2013 sogar die Stimme selbst!\u201c So schw&#228;rmte Erasmus von Rotterdam &#252;ber Albrecht D&#252;rer. Im &#220;bergang vom Mittelalter zur Renaissance setzte der N&#252;rnberger Maler mit seinen Bildern neue Ma&#223;st&#228;be.<\/p>\n<p style=\"padding-left: 40px;\">Zum 550. Geburtstag versetzen Kaisers Kl&#228;nge sich musikalisch in die D&#252;rer-Zeit zur&#252;ck. Gleichzeitig zeigen die Vertonungen von D&#252;rers Bildern, wie uns sein Werk bis in die Gegenwart hinein besch&#228;ftigt.<\/p>\n<p>22:00 bis 00:00 | Bremen Zwei<br \/>\n<strong>Klassikwelt in concert<\/strong><\/p>\n<p style=\"padding-left: 40px;\">Das Amaryllis Quartett geh&#246;rt zu den f&#252;hrenden Streichquartetten in Deutschland und hat schon seit einigen Jahren eine eigene Konzertserie im f&#252;r seine hervorragende Akustik ber&#252;hmten Sendesaal Bremen. Ein Mitschnitt mit Werken von Ludwig van Beethoven, Franz Liszt und Helmut Lachenmann.<\/p>\n<p>22:08 \u2013 23:00 | &#214;1<br \/>\n<strong>Der sanfte, amerikanische Musikrevolution&#228;r Alvin Lucier<\/strong><\/p>\n<p style=\"padding-left: 40px;\">Der amerikanische Komponist Alvin Lucier feiert seinen 90. Geburtstag. Er entwarf &#252;ber Jahrzehnte radikal experimentelle wie zugleich sensibel und behutsame Kompositionsvorgaben, mit Hilfe derer oftmals die Schallwellen und deren Eigenleben \u2013 und nicht ein expressiver Wille des Komponisten \u2013 zu den Hauptakteuren der Musik werden. Alvin Lucier war auch mehrmals zu &#246;sterreichischen Festivals geladen, zum ORF musikprotokoll ebenso wie zu den Salzburger Festspielen. Als Geburtstagsgratulation sind in Zeit-Ton extended Ausschnitte aus diesen Konzerten zu h&#246;ren und auch eine Grazer Lecture von Alvin Lucier aus 2016. Gestaltung: Christian Scheib<\/p>\n<p>23:03 bis 00:00 | WDR 3<br \/>\n<strong>WDR 3 Studio Neue Musik: Sounding Beuys<\/strong><\/p>\n<p style=\"padding-left: 40px;\"><strong>Erik Satie<\/strong>: Vexations f&#252;r Klavier | <strong>John Cage<\/strong>: Music Walk for one or more pianists, at a single piano, using also radio and\/or recordings | <strong>Nam June Paik<\/strong>: Hommage \u00e0 Cage | Joseph Beuys \/ Henning Christiansen: Celtic (Kinloch Rannoch), Schottische Symphonie | <strong>Joseph Beuys \/ Nam June Paik<\/strong>: Coyote III \/ Pianovariation | <strong>Dieter Schnebel<\/strong>: Bagatelle Nr. 6 \u201eTrauermarsch f&#252;r Joseph Beuys\u201c; Marianne Schroeder, Klavier | <strong>Richard Rijnvos<\/strong>: Block Beuys f&#252;r Ensemble und Zuspielungen; Ives Ensemble | <strong>Matthias Pintscher<\/strong>: dernier espace avec introspecteur, Betrachtung einer Raumplastik von Joseph Beuys f&#252;r Akkordeon und Violoncello; Teodoro Anzellotti, Akkordeon; Rohan de Saram, Violoncello<\/p>\n<p style=\"padding-left: 40px;\">Mit seinen Ideen einer \u201eSozialen Skulptur\u201c oder eines \u201eerweiterten Kunstbegriffs\u201c bewegte Joseph Beuys im Kunstbetrieb der Nachkriegszeit Welten. Geistesverwandte fand der Mann mit Hut und Anglerweste vor allem in der Musik.<\/p>\n<p style=\"padding-left: 40px;\">Filz und Fett, Hase und Honig \u2013 Joseph Beuys beschr&#228;nkte sich nicht auf die g&#228;ngigen Materialien eines Bildhauers und Malers. Allt&#228;gliches Material diente ihm, die Grenzen zwischen Kunst und Leben niederzurei&#223;en. Kunst sollte die Gesellschaft ver&#228;ndern \u2013 und \u201ejeder Mensch ist ein K&#252;nstler\u201c, so sein Postulat. Bei John Cage traf er auf einen Musikbegriff, der seiner eigenen Kunstvision entsprach. Was die beiden zudem verband: Ihre Bewunderung des Komponisten Erik Satie, der bereits Ende des 19. Jahrhunderts f&#252;r die Synthese der K&#252;nste und die Verschmelzung von Kunst und Alltag warb. Die Fluxus-Bewegung &#246;ffnete Beuys die T&#252;r zu einer Kunst, die sich weg von reinen Objekten hin zu Aktionen entwickelte. Henning Christiansen sowie Cage-Sch&#252;ler Nam June Paik, die Fluxus in Deutschland mitpr&#228;gten, wurden f&#252;r Beuys zu wichtigen Partnern \u2013 und Klang und Musik zu selbstverst&#228;ndlichen Bestandteilen seiner Kunst.<\/p>\n<p style=\"padding-left: 40px;\">Spuren, die Beuys wiederum in der Musikwelt hinterlassen hat, reichen weit &#252;ber seinen Tod hinaus und tauchen bei Komponisten wie Dieter Schnebel, Richard Rijnvos und Matthias Pintscher auf.<\/p>\n<div class=\"shariff shariff-align-left shariff-widget-align-left\" style=\"display:none\"><div class=\"ShariffHeadline\"> <\/div><ul class=\"shariff-buttons theme-default orientation-horizontal buttonsize-small\"><li class=\"shariff-button mastodon shariff-nocustomcolor\" style=\"background-color:#563ACC\"><a href=\"https:\/\/s2f.kytta.dev\/?text=Neue%20Musik%20%2F%20Musikfeature%20%2F%20SoundArt%3A%20Die%20Radiowoche%20vom%2010.05.%20bis%2016.05.2021 https%3A%2F%2Fblogs.nmz.de%2Fbadblog%2F2021%2F05%2F08%2Fneue-musik-musikfeature-soundart-die-radiowoche-vom-10-05-bis-16-05-2021%2F\" title=\"Bei Mastodon teilen\" aria-label=\"Bei Mastodon teilen\" role=\"button\" rel=\"noopener nofollow\" class=\"shariff-link\" style=\"; background-color:#6364FF; color:#fff\" target=\"_blank\"><span class=\"shariff-icon\" style=\"\"><svg width=\"75\" height=\"79\" viewBox=\"0 0 75 79\" fill=\"none\" xmlns=\"http:\/\/www.w3.org\/2000\/svg\"><path d=\"M37.813-.025C32.462-.058 27.114.13 21.79.598c-8.544.621-17.214 5.58-20.203 13.931C-1.12 23.318.408 32.622.465 41.65c.375 7.316.943 14.78 3.392 21.73 4.365 9.465 14.781 14.537 24.782 15.385 7.64.698 15.761-.213 22.517-4.026a54.1 54.1 0 0 0 .01-6.232c-6.855 1.316-14.101 2.609-21.049 1.074-3.883-.88-6.876-4.237-7.25-8.215-1.53-3.988 3.78-.43 5.584-.883 9.048 1.224 18.282.776 27.303-.462 7.044-.837 14.26-4.788 16.65-11.833 2.263-6.135 1.215-12.79 1.698-19.177.06-3.84.09-7.692-.262-11.52C72.596 7.844 63.223.981 53.834.684a219.453 219.453 0 0 0-16.022-.71zm11.294 12.882c5.5-.067 10.801 4.143 11.67 9.653.338 1.48.471 3 .471 4.515v21.088h-8.357c-.07-7.588.153-15.182-.131-22.765-.587-4.368-7.04-5.747-9.672-2.397-2.422 3.04-1.47 7.155-1.67 10.735v6.392h-8.307c-.146-4.996.359-10.045-.404-15.002-1.108-4.218-7.809-5.565-10.094-1.666-1.685 3.046-.712 6.634-.976 9.936v14.767h-8.354c.109-8.165-.238-16.344.215-24.5.674-5.346 5.095-10.389 10.676-10.627 4.902-.739 10.103 2.038 12.053 6.631.375 1.435 1.76 1.932 1.994.084 1.844-3.704 5.501-6.739 9.785-6.771.367-.044.735-.068 1.101-.073z\"\/><defs><linearGradient id=\"paint0_linear_549_34\" x1=\"37.0692\" y1=\"0\" x2=\"37.0692\" y2=\"79\" gradientUnits=\"userSpaceOnUse\"><stop stop-color=\"#6364FF\"\/><stop offset=\"1\" stop-color=\"#563ACC\"\/><\/linearGradient><\/defs><\/svg><\/span><span class=\"shariff-text\">teilen<\/span>&nbsp;<\/a><\/li><li class=\"shariff-button bluesky shariff-nocustomcolor\" style=\"background-color:#84c4ff\"><a href=\"https:\/\/bsky.app\/intent\/compose?text=Neue%20Musik%20%2F%20Musikfeature%20%2F%20SoundArt%3A%20Die%20Radiowoche%20vom%2010.05.%20bis%2016.05.2021 https%3A%2F%2Fblogs.nmz.de%2Fbadblog%2F2021%2F05%2F08%2Fneue-musik-musikfeature-soundart-die-radiowoche-vom-10-05-bis-16-05-2021%2F \" title=\"Bei Bluesky teilen\" aria-label=\"Bei Bluesky teilen\" role=\"button\" rel=\"noopener nofollow\" class=\"shariff-link\" style=\"; background-color:#0085ff; color:#fff\" target=\"_blank\"><span class=\"shariff-icon\" style=\"\"><svg width=\"20\" height=\"20\" version=\"1.1\" xmlns=\"http:\/\/www.w3.org\/2000\/svg\" viewBox=\"0 0 20 20\"><path class=\"st0\" d=\"M4.89,3.12c2.07,1.55,4.3,4.71,5.11,6.4.82-1.69,3.04-4.84,5.11-6.4,1.49-1.12,3.91-1.99,3.91.77,0,.55-.32,4.63-.5,5.3-.64,2.3-2.99,2.89-5.08,2.54,3.65.62,4.58,2.68,2.57,4.74-3.81,3.91-5.48-.98-5.9-2.23-.08-.23-.11-.34-.12-.25,0-.09-.04.02-.12.25-.43,1.25-2.09,6.14-5.9,2.23-2.01-2.06-1.08-4.12,2.57-4.74-2.09.36-4.44-.23-5.08-2.54-.19-.66-.5-4.74-.5-5.3,0-2.76,2.42-1.89,3.91-.77h0Z\"\/><\/svg><\/span><span class=\"shariff-text\">teilen<\/span>&nbsp;<\/a><\/li><li class=\"shariff-button facebook shariff-nocustomcolor\" style=\"background-color:#4273c8\"><a href=\"https:\/\/www.facebook.com\/sharer\/sharer.php?u=https%3A%2F%2Fblogs.nmz.de%2Fbadblog%2F2021%2F05%2F08%2Fneue-musik-musikfeature-soundart-die-radiowoche-vom-10-05-bis-16-05-2021%2F\" title=\"Bei Facebook teilen\" aria-label=\"Bei Facebook teilen\" role=\"button\" rel=\"nofollow\" class=\"shariff-link\" style=\"; background-color:#3b5998; color:#fff\" target=\"_blank\"><span class=\"shariff-icon\" style=\"\"><svg width=\"32px\" height=\"20px\" xmlns=\"http:\/\/www.w3.org\/2000\/svg\" viewBox=\"0 0 18 32\"><path fill=\"#3b5998\" d=\"M17.1 0.2v4.7h-2.8q-1.5 0-2.1 0.6t-0.5 1.9v3.4h5.2l-0.7 5.3h-4.5v13.6h-5.5v-13.6h-4.5v-5.3h4.5v-3.9q0-3.3 1.9-5.2t5-1.8q2.6 0 4.1 0.2z\"\/><\/svg><\/span><span class=\"shariff-text\">teilen<\/span>&nbsp;<\/a><\/li><li class=\"shariff-button threema shariff-nocustomcolor shariff-mobile\" style=\"background-color:#4fbc24\"><a href=\"threema:\/\/compose?text=Neue%20Musik%20%2F%20Musikfeature%20%2F%20SoundArt%3A%20Die%20Radiowoche%20vom%2010.05.%20bis%2016.05.2021%20https%3A%2F%2Fblogs.nmz.de%2Fbadblog%2F2021%2F05%2F08%2Fneue-musik-musikfeature-soundart-die-radiowoche-vom-10-05-bis-16-05-2021%2F\" title=\"Bei Threema teilen\" aria-label=\"Bei Threema teilen\" role=\"button\" rel=\"noopener nofollow\" class=\"shariff-link\" style=\"; background-color:#1f1f1f; color:#fff\" target=\"_blank\"><span class=\"shariff-icon\" style=\"\"><svg width=\"32px\" height=\"20px\" xmlns=\"http:\/\/www.w3.org\/2000\/svg\" viewBox=\"0 0 32 32\"><path fill=\"#1f1f1f\" d=\"M30.8 10.9c-0.3-1.4-0.9-2.6-1.8-3.8-2-2.6-5.5-4.5-9.4-5.2-1.3-0.2-1.9-0.3-3.5-0.3s-2.2 0-3.5 0.3c-4 0.7-7.4 2.6-9.4 5.2-0.9 1.2-1.5 2.4-1.8 3.8-0.1 0.5-0.2 1.2-0.2 1.6 0 0.4 0.1 1.1 0.2 1.6 0.4 1.9 1.3 3.4 2.9 5 0.8 0.8 0.8 0.8 0.7 1.3 0 0.6-0.5 1.6-1.7 3.6-0.3 0.5-0.5 0.9-0.5 0.9 0 0.1 0.1 0.1 0.5 0 0.8-0.2 2.3-0.6 5.6-1.6 1.1-0.3 1.3-0.4 2.3-0.4 0.8 0 1.1 0 2.3 0.2 1.5 0.2 3.5 0.2 4.9 0 5.1-0.6 9.3-2.9 11.4-6.3 0.5-0.9 0.9-1.8 1.1-2.8 0.1-0.5 0.2-1.1 0.2-1.6 0-0.7-0.1-1.1-0.2-1.6-0.3-1.4 0.1 0.5 0 0zM20.6 17.3c0 0.4-0.4 0.8-0.8 0.8h-7.7c-0.4 0-0.8-0.4-0.8-0.8v-4.6c0-0.4 0.4-0.8 0.8-0.8h0.2l0-1.6c0-0.9 0-1.8 0.1-2 0.1-0.6 0.6-1.2 1.1-1.7s1.1-0.7 1.9-0.8c1.8-0.3 3.7 0.7 4.2 2.2 0.1 0.3 0.1 0.7 0.1 2.1v0 1.7h0.1c0.4 0 0.8 0.4 0.8 0.8v4.6zM15.6 7.3c-0.5 0.1-0.8 0.3-1.2 0.6s-0.6 0.8-0.7 1.3c0 0.2 0 0.8 0 1.5l0 1.2h4.6v-1.3c0-1 0-1.4-0.1-1.6-0.3-1.1-1.5-1.9-2.6-1.7zM25.8 28.2c0 1.2-1 2.2-2.1 2.2s-2.1-1-2.1-2.1c0-1.2 1-2.1 2.2-2.1s2.2 1 2.2 2.2zM18.1 28.2c0 1.2-1 2.2-2.1 2.2s-2.1-1-2.1-2.1c0-1.2 1-2.1 2.2-2.1s2.2 1 2.2 2.2zM10.4 28.2c0 1.2-1 2.2-2.1 2.2s-2.1-1-2.1-2.1c0-1.2 1-2.1 2.2-2.1s2.2 1 2.2 2.2z\"\/><\/svg><\/span><span class=\"shariff-text\">teilen<\/span>&nbsp;<\/a><\/li><li class=\"shariff-button linkedin shariff-nocustomcolor\" style=\"background-color:#1488bf\"><a href=\"https:\/\/www.linkedin.com\/sharing\/share-offsite\/?url=https%3A%2F%2Fblogs.nmz.de%2Fbadblog%2F2021%2F05%2F08%2Fneue-musik-musikfeature-soundart-die-radiowoche-vom-10-05-bis-16-05-2021%2F\" title=\"Bei LinkedIn teilen\" aria-label=\"Bei LinkedIn teilen\" role=\"button\" rel=\"noopener nofollow\" class=\"shariff-link\" style=\"; background-color:#0077b5; color:#fff\" target=\"_blank\"><span class=\"shariff-icon\" style=\"\"><svg width=\"32px\" height=\"20px\" xmlns=\"http:\/\/www.w3.org\/2000\/svg\" viewBox=\"0 0 27 32\"><path fill=\"#0077b5\" d=\"M6.2 11.2v17.7h-5.9v-17.7h5.9zM6.6 5.7q0 1.3-0.9 2.2t-2.4 0.9h0q-1.5 0-2.4-0.9t-0.9-2.2 0.9-2.2 2.4-0.9 2.4 0.9 0.9 2.2zM27.4 18.7v10.1h-5.9v-9.5q0-1.9-0.7-2.9t-2.3-1.1q-1.1 0-1.9 0.6t-1.2 1.5q-0.2 0.5-0.2 1.4v9.9h-5.9q0-7.1 0-11.6t0-5.3l0-0.9h5.9v2.6h0q0.4-0.6 0.7-1t1-0.9 1.6-0.8 2-0.3q3 0 4.9 2t1.9 6z\"\/><\/svg><\/span><span class=\"shariff-text\">teilen<\/span>&nbsp;<\/a><\/li><li class=\"shariff-button info shariff-nocustomcolor\" style=\"background-color:#eee\"><a href=\"http:\/\/ct.de\/-2467514\" title=\"Weitere Informationen\" aria-label=\"Weitere Informationen\" role=\"button\" rel=\"noopener \" class=\"shariff-link\" style=\"; background-color:#fff; color:#fff\" target=\"_blank\"><span class=\"shariff-icon\" style=\"\"><svg width=\"32px\" height=\"20px\" xmlns=\"http:\/\/www.w3.org\/2000\/svg\" viewBox=\"0 0 11 32\"><path fill=\"#999\" d=\"M11.4 24v2.3q0 0.5-0.3 0.8t-0.8 0.4h-9.1q-0.5 0-0.8-0.4t-0.4-0.8v-2.3q0-0.5 0.4-0.8t0.8-0.4h1.1v-6.8h-1.1q-0.5 0-0.8-0.4t-0.4-0.8v-2.3q0-0.5 0.4-0.8t0.8-0.4h6.8q0.5 0 0.8 0.4t0.4 0.8v10.3h1.1q0.5 0 0.8 0.4t0.3 0.8zM9.2 3.4v3.4q0 0.5-0.4 0.8t-0.8 0.4h-4.6q-0.4 0-0.8-0.4t-0.4-0.8v-3.4q0-0.4 0.4-0.8t0.8-0.4h4.6q0.5 0 0.8 0.4t0.4 0.8z\"\/><\/svg><\/span><\/a><\/li><\/ul><\/div>","protected":false},"excerpt":{"rendered":"<p>Neue Musik und Musikfeatures in der Kalenderwoche 19. Besonders zu empfehlen: Am 15. Mai 2021 \u2013 23:00 bis 00:00 | hr2-kultur: The Artist\u2019s Corner | L\u2019heure alors s\u2019incline \u2013 Die elektroakustische Musik von Christine Groult (* 1950) Alle bekannten Stream-, Web- und RSS-Adressen deutscher Sender finden sich bei Stefan Hetzel.&#46;&#46;&#46;<\/p>\n<div class=\"shariff shariff-align-left shariff-widget-align-left\" style=\"display:none\"><div class=\"ShariffHeadline\"> <\/div><ul class=\"shariff-buttons theme-default orientation-horizontal buttonsize-small\"><li class=\"shariff-button mastodon shariff-nocustomcolor\" style=\"background-color:#563ACC\"><a href=\"https:\/\/s2f.kytta.dev\/?text=Neue%20Musik%20%2F%20Musikfeature%20%2F%20SoundArt%3A%20Die%20Radiowoche%20vom%2010.05.%20bis%2016.05.2021 https%3A%2F%2Fblogs.nmz.de%2Fbadblog%2F2021%2F05%2F08%2Fneue-musik-musikfeature-soundart-die-radiowoche-vom-10-05-bis-16-05-2021%2F\" title=\"Bei Mastodon teilen\" aria-label=\"Bei Mastodon teilen\" role=\"button\" rel=\"noopener nofollow\" class=\"shariff-link\" style=\"; background-color:#6364FF; color:#fff\" target=\"_blank\"><span class=\"shariff-icon\" style=\"\"><svg width=\"75\" height=\"79\" viewBox=\"0 0 75 79\" fill=\"none\" xmlns=\"http:\/\/www.w3.org\/2000\/svg\"><path d=\"M37.813-.025C32.462-.058 27.114.13 21.79.598c-8.544.621-17.214 5.58-20.203 13.931C-1.12 23.318.408 32.622.465 41.65c.375 7.316.943 14.78 3.392 21.73 4.365 9.465 14.781 14.537 24.782 15.385 7.64.698 15.761-.213 22.517-4.026a54.1 54.1 0 0 0 .01-6.232c-6.855 1.316-14.101 2.609-21.049 1.074-3.883-.88-6.876-4.237-7.25-8.215-1.53-3.988 3.78-.43 5.584-.883 9.048 1.224 18.282.776 27.303-.462 7.044-.837 14.26-4.788 16.65-11.833 2.263-6.135 1.215-12.79 1.698-19.177.06-3.84.09-7.692-.262-11.52C72.596 7.844 63.223.981 53.834.684a219.453 219.453 0 0 0-16.022-.71zm11.294 12.882c5.5-.067 10.801 4.143 11.67 9.653.338 1.48.471 3 .471 4.515v21.088h-8.357c-.07-7.588.153-15.182-.131-22.765-.587-4.368-7.04-5.747-9.672-2.397-2.422 3.04-1.47 7.155-1.67 10.735v6.392h-8.307c-.146-4.996.359-10.045-.404-15.002-1.108-4.218-7.809-5.565-10.094-1.666-1.685 3.046-.712 6.634-.976 9.936v14.767h-8.354c.109-8.165-.238-16.344.215-24.5.674-5.346 5.095-10.389 10.676-10.627 4.902-.739 10.103 2.038 12.053 6.631.375 1.435 1.76 1.932 1.994.084 1.844-3.704 5.501-6.739 9.785-6.771.367-.044.735-.068 1.101-.073z\"\/><defs><linearGradient id=\"paint0_linear_549_34\" x1=\"37.0692\" y1=\"0\" x2=\"37.0692\" y2=\"79\" gradientUnits=\"userSpaceOnUse\"><stop stop-color=\"#6364FF\"\/><stop offset=\"1\" stop-color=\"#563ACC\"\/><\/linearGradient><\/defs><\/svg><\/span><span class=\"shariff-text\">teilen<\/span>&nbsp;<\/a><\/li><li class=\"shariff-button bluesky shariff-nocustomcolor\" style=\"background-color:#84c4ff\"><a href=\"https:\/\/bsky.app\/intent\/compose?text=Neue%20Musik%20%2F%20Musikfeature%20%2F%20SoundArt%3A%20Die%20Radiowoche%20vom%2010.05.%20bis%2016.05.2021 https%3A%2F%2Fblogs.nmz.de%2Fbadblog%2F2021%2F05%2F08%2Fneue-musik-musikfeature-soundart-die-radiowoche-vom-10-05-bis-16-05-2021%2F \" title=\"Bei Bluesky teilen\" aria-label=\"Bei Bluesky teilen\" role=\"button\" rel=\"noopener nofollow\" class=\"shariff-link\" style=\"; background-color:#0085ff; color:#fff\" target=\"_blank\"><span class=\"shariff-icon\" style=\"\"><svg width=\"20\" height=\"20\" version=\"1.1\" xmlns=\"http:\/\/www.w3.org\/2000\/svg\" viewBox=\"0 0 20 20\"><path class=\"st0\" d=\"M4.89,3.12c2.07,1.55,4.3,4.71,5.11,6.4.82-1.69,3.04-4.84,5.11-6.4,1.49-1.12,3.91-1.99,3.91.77,0,.55-.32,4.63-.5,5.3-.64,2.3-2.99,2.89-5.08,2.54,3.65.62,4.58,2.68,2.57,4.74-3.81,3.91-5.48-.98-5.9-2.23-.08-.23-.11-.34-.12-.25,0-.09-.04.02-.12.25-.43,1.25-2.09,6.14-5.9,2.23-2.01-2.06-1.08-4.12,2.57-4.74-2.09.36-4.44-.23-5.08-2.54-.19-.66-.5-4.74-.5-5.3,0-2.76,2.42-1.89,3.91-.77h0Z\"\/><\/svg><\/span><span class=\"shariff-text\">teilen<\/span>&nbsp;<\/a><\/li><li class=\"shariff-button facebook shariff-nocustomcolor\" style=\"background-color:#4273c8\"><a href=\"https:\/\/www.facebook.com\/sharer\/sharer.php?u=https%3A%2F%2Fblogs.nmz.de%2Fbadblog%2F2021%2F05%2F08%2Fneue-musik-musikfeature-soundart-die-radiowoche-vom-10-05-bis-16-05-2021%2F\" title=\"Bei Facebook teilen\" aria-label=\"Bei Facebook teilen\" role=\"button\" rel=\"nofollow\" class=\"shariff-link\" style=\"; background-color:#3b5998; color:#fff\" target=\"_blank\"><span class=\"shariff-icon\" style=\"\"><svg width=\"32px\" height=\"20px\" xmlns=\"http:\/\/www.w3.org\/2000\/svg\" viewBox=\"0 0 18 32\"><path fill=\"#3b5998\" d=\"M17.1 0.2v4.7h-2.8q-1.5 0-2.1 0.6t-0.5 1.9v3.4h5.2l-0.7 5.3h-4.5v13.6h-5.5v-13.6h-4.5v-5.3h4.5v-3.9q0-3.3 1.9-5.2t5-1.8q2.6 0 4.1 0.2z\"\/><\/svg><\/span><span class=\"shariff-text\">teilen<\/span>&nbsp;<\/a><\/li><li class=\"shariff-button threema shariff-nocustomcolor shariff-mobile\" style=\"background-color:#4fbc24\"><a href=\"threema:\/\/compose?text=Neue%20Musik%20%2F%20Musikfeature%20%2F%20SoundArt%3A%20Die%20Radiowoche%20vom%2010.05.%20bis%2016.05.2021%20https%3A%2F%2Fblogs.nmz.de%2Fbadblog%2F2021%2F05%2F08%2Fneue-musik-musikfeature-soundart-die-radiowoche-vom-10-05-bis-16-05-2021%2F\" title=\"Bei Threema teilen\" aria-label=\"Bei Threema teilen\" role=\"button\" rel=\"noopener nofollow\" class=\"shariff-link\" style=\"; background-color:#1f1f1f; color:#fff\" target=\"_blank\"><span class=\"shariff-icon\" style=\"\"><svg width=\"32px\" height=\"20px\" xmlns=\"http:\/\/www.w3.org\/2000\/svg\" viewBox=\"0 0 32 32\"><path fill=\"#1f1f1f\" d=\"M30.8 10.9c-0.3-1.4-0.9-2.6-1.8-3.8-2-2.6-5.5-4.5-9.4-5.2-1.3-0.2-1.9-0.3-3.5-0.3s-2.2 0-3.5 0.3c-4 0.7-7.4 2.6-9.4 5.2-0.9 1.2-1.5 2.4-1.8 3.8-0.1 0.5-0.2 1.2-0.2 1.6 0 0.4 0.1 1.1 0.2 1.6 0.4 1.9 1.3 3.4 2.9 5 0.8 0.8 0.8 0.8 0.7 1.3 0 0.6-0.5 1.6-1.7 3.6-0.3 0.5-0.5 0.9-0.5 0.9 0 0.1 0.1 0.1 0.5 0 0.8-0.2 2.3-0.6 5.6-1.6 1.1-0.3 1.3-0.4 2.3-0.4 0.8 0 1.1 0 2.3 0.2 1.5 0.2 3.5 0.2 4.9 0 5.1-0.6 9.3-2.9 11.4-6.3 0.5-0.9 0.9-1.8 1.1-2.8 0.1-0.5 0.2-1.1 0.2-1.6 0-0.7-0.1-1.1-0.2-1.6-0.3-1.4 0.1 0.5 0 0zM20.6 17.3c0 0.4-0.4 0.8-0.8 0.8h-7.7c-0.4 0-0.8-0.4-0.8-0.8v-4.6c0-0.4 0.4-0.8 0.8-0.8h0.2l0-1.6c0-0.9 0-1.8 0.1-2 0.1-0.6 0.6-1.2 1.1-1.7s1.1-0.7 1.9-0.8c1.8-0.3 3.7 0.7 4.2 2.2 0.1 0.3 0.1 0.7 0.1 2.1v0 1.7h0.1c0.4 0 0.8 0.4 0.8 0.8v4.6zM15.6 7.3c-0.5 0.1-0.8 0.3-1.2 0.6s-0.6 0.8-0.7 1.3c0 0.2 0 0.8 0 1.5l0 1.2h4.6v-1.3c0-1 0-1.4-0.1-1.6-0.3-1.1-1.5-1.9-2.6-1.7zM25.8 28.2c0 1.2-1 2.2-2.1 2.2s-2.1-1-2.1-2.1c0-1.2 1-2.1 2.2-2.1s2.2 1 2.2 2.2zM18.1 28.2c0 1.2-1 2.2-2.1 2.2s-2.1-1-2.1-2.1c0-1.2 1-2.1 2.2-2.1s2.2 1 2.2 2.2zM10.4 28.2c0 1.2-1 2.2-2.1 2.2s-2.1-1-2.1-2.1c0-1.2 1-2.1 2.2-2.1s2.2 1 2.2 2.2z\"\/><\/svg><\/span><span class=\"shariff-text\">teilen<\/span>&nbsp;<\/a><\/li><li class=\"shariff-button linkedin shariff-nocustomcolor\" style=\"background-color:#1488bf\"><a href=\"https:\/\/www.linkedin.com\/sharing\/share-offsite\/?url=https%3A%2F%2Fblogs.nmz.de%2Fbadblog%2F2021%2F05%2F08%2Fneue-musik-musikfeature-soundart-die-radiowoche-vom-10-05-bis-16-05-2021%2F\" title=\"Bei LinkedIn teilen\" aria-label=\"Bei LinkedIn teilen\" role=\"button\" rel=\"noopener nofollow\" class=\"shariff-link\" style=\"; background-color:#0077b5; color:#fff\" target=\"_blank\"><span class=\"shariff-icon\" style=\"\"><svg width=\"32px\" height=\"20px\" xmlns=\"http:\/\/www.w3.org\/2000\/svg\" viewBox=\"0 0 27 32\"><path fill=\"#0077b5\" d=\"M6.2 11.2v17.7h-5.9v-17.7h5.9zM6.6 5.7q0 1.3-0.9 2.2t-2.4 0.9h0q-1.5 0-2.4-0.9t-0.9-2.2 0.9-2.2 2.4-0.9 2.4 0.9 0.9 2.2zM27.4 18.7v10.1h-5.9v-9.5q0-1.9-0.7-2.9t-2.3-1.1q-1.1 0-1.9 0.6t-1.2 1.5q-0.2 0.5-0.2 1.4v9.9h-5.9q0-7.1 0-11.6t0-5.3l0-0.9h5.9v2.6h0q0.4-0.6 0.7-1t1-0.9 1.6-0.8 2-0.3q3 0 4.9 2t1.9 6z\"\/><\/svg><\/span><span class=\"shariff-text\">teilen<\/span>&nbsp;<\/a><\/li><li class=\"shariff-button info shariff-nocustomcolor\" style=\"background-color:#eee\"><a href=\"http:\/\/ct.de\/-2467514\" title=\"Weitere Informationen\" aria-label=\"Weitere Informationen\" role=\"button\" rel=\"noopener \" class=\"shariff-link\" style=\"; background-color:#fff; color:#fff\" target=\"_blank\"><span class=\"shariff-icon\" style=\"\"><svg width=\"32px\" height=\"20px\" xmlns=\"http:\/\/www.w3.org\/2000\/svg\" viewBox=\"0 0 11 32\"><path fill=\"#999\" d=\"M11.4 24v2.3q0 0.5-0.3 0.8t-0.8 0.4h-9.1q-0.5 0-0.8-0.4t-0.4-0.8v-2.3q0-0.5 0.4-0.8t0.8-0.4h1.1v-6.8h-1.1q-0.5 0-0.8-0.4t-0.4-0.8v-2.3q0-0.5 0.4-0.8t0.8-0.4h6.8q0.5 0 0.8 0.4t0.4 0.8v10.3h1.1q0.5 0 0.8 0.4t0.3 0.8zM9.2 3.4v3.4q0 0.5-0.4 0.8t-0.8 0.4h-4.6q-0.4 0-0.8-0.4t-0.4-0.8v-3.4q0-0.4 0.4-0.8t0.8-0.4h4.6q0.5 0 0.8 0.4t0.4 0.8z\"\/><\/svg><\/span><\/a><\/li><\/ul><\/div>","protected":false},"author":590,"featured_media":14800,"comment_status":"open","ping_status":"open","sticky":false,"template":"","format":"standard","meta":{"jetpack_post_was_ever_published":false,"_jetpack_newsletter_access":"","_jetpack_dont_email_post_to_subs":false,"_jetpack_newsletter_tier_id":0,"_jetpack_memberships_contains_paywalled_content":false,"_jetpack_memberships_contains_paid_content":false,"footnotes":""},"categories":[2892,14853],"tags":[14876],"class_list":["post-24250","post","type-post","status-publish","format-standard","has-post-thumbnail","hentry","category-deutsch","category-radiomedien","tag-neue-musik-im-radio"],"yoast_head":"<!-- This site is optimized with the Yoast SEO plugin v27.5 - https:\/\/yoast.com\/product\/yoast-seo-wordpress\/ -->\n<title>Neue Musik \/ Musikfeature \/ SoundArt: Die Radiowoche vom 10.05. bis 16.05.2021 &#8211; Bad Blog Of Musick - nmz Klassik-Blog<\/title>\n<meta name=\"description\" content=\"Bad Blog Of Musick \u2013 Ein Klassik-Blog und das wahrscheinlich bedeutendste Musik-Blog zur zeitgen\u00f6ssischen und klassischen Musikkultur\" \/>\n<meta name=\"robots\" content=\"index, follow, max-snippet:-1, max-image-preview:large, max-video-preview:-1\" \/>\n<link rel=\"canonical\" href=\"https:\/\/blogs.nmz.de\/badblog\/2021\/05\/08\/neue-musik-musikfeature-soundart-die-radiowoche-vom-10-05-bis-16-05-2021\/\" \/>\n<meta property=\"og:locale\" content=\"de_DE\" \/>\n<meta property=\"og:type\" content=\"article\" \/>\n<meta property=\"og:title\" content=\"Neue Musik \/ Musikfeature \/ SoundArt: Die Radiowoche vom 10.05. bis 16.05.2021 &#8211; Bad Blog Of Musick - nmz Klassik-Blog\" \/>\n<meta property=\"og:description\" content=\"Bad Blog Of Musick \u2013 Ein Klassik-Blog und das wahrscheinlich bedeutendste Musik-Blog zur zeitgen\u00f6ssischen und klassischen Musikkultur\" \/>\n<meta property=\"og:url\" content=\"https:\/\/blogs.nmz.de\/badblog\/2021\/05\/08\/neue-musik-musikfeature-soundart-die-radiowoche-vom-10-05-bis-16-05-2021\/\" \/>\n<meta property=\"og:site_name\" content=\"Bad Blog Of Musick\" \/>\n<meta property=\"article:publisher\" content=\"https:\/\/www.facebook.com\/musikzeitung\" \/>\n<meta property=\"article:published_time\" content=\"2021-05-08T06:15:42+00:00\" \/>\n<meta property=\"og:image\" content=\"https:\/\/blogs.nmz.de\/badblog\/files\/2017\/02\/huf-np-radio-musik-final.jpg\" \/>\n\t<meta property=\"og:image:width\" content=\"2048\" \/>\n\t<meta property=\"og:image:height\" content=\"1536\" \/>\n\t<meta property=\"og:image:type\" content=\"image\/jpeg\" \/>\n<meta name=\"author\" content=\"Der Radiofrau\" \/>\n<meta name=\"twitter:card\" content=\"summary_large_image\" \/>\n<meta name=\"twitter:creator\" content=\"@musikzeitung\" \/>\n<meta name=\"twitter:site\" content=\"@musikzeitung\" \/>\n<meta name=\"twitter:label1\" content=\"Verfasst von\" \/>\n\t<meta name=\"twitter:data1\" content=\"Der Radiofrau\" \/>\n\t<meta name=\"twitter:label2\" content=\"Gesch\u00e4tzte Lesezeit\" \/>\n\t<meta name=\"twitter:data2\" content=\"18\u00a0Minuten\" \/>\n<script type=\"application\/ld+json\" class=\"yoast-schema-graph\">{\"@context\":\"https:\\\/\\\/schema.org\",\"@graph\":[{\"@type\":\"Article\",\"@id\":\"https:\\\/\\\/blogs.nmz.de\\\/badblog\\\/2021\\\/05\\\/08\\\/neue-musik-musikfeature-soundart-die-radiowoche-vom-10-05-bis-16-05-2021\\\/#article\",\"isPartOf\":{\"@id\":\"https:\\\/\\\/blogs.nmz.de\\\/badblog\\\/2021\\\/05\\\/08\\\/neue-musik-musikfeature-soundart-die-radiowoche-vom-10-05-bis-16-05-2021\\\/\"},\"author\":{\"name\":\"Der Radiofrau\",\"@id\":\"https:\\\/\\\/blogs.nmz.de\\\/badblog\\\/#\\\/schema\\\/person\\\/f40fa3b57b0ad5fd0e139d3aca42c60f\"},\"headline\":\"Neue Musik \\\/ Musikfeature \\\/ SoundArt: Die Radiowoche vom 10.05. bis 16.05.2021\",\"datePublished\":\"2021-05-08T06:15:42+00:00\",\"mainEntityOfPage\":{\"@id\":\"https:\\\/\\\/blogs.nmz.de\\\/badblog\\\/2021\\\/05\\\/08\\\/neue-musik-musikfeature-soundart-die-radiowoche-vom-10-05-bis-16-05-2021\\\/\"},\"wordCount\":3986,\"commentCount\":0,\"publisher\":{\"@id\":\"https:\\\/\\\/blogs.nmz.de\\\/badblog\\\/#organization\"},\"image\":{\"@id\":\"https:\\\/\\\/blogs.nmz.de\\\/badblog\\\/2021\\\/05\\\/08\\\/neue-musik-musikfeature-soundart-die-radiowoche-vom-10-05-bis-16-05-2021\\\/#primaryimage\"},\"thumbnailUrl\":\"https:\\\/\\\/i0.wp.com\\\/blogs.nmz.de\\\/badblog\\\/files\\\/2017\\\/02\\\/huf-np-radio-musik-final.jpg?fit=2048%2C1536&ssl=1\",\"keywords\":[\"Neue Musik im Radio\"],\"articleSection\":[\"Deutsch\",\"Radio\\\/Medien\"],\"inLanguage\":\"de\",\"potentialAction\":[{\"@type\":\"CommentAction\",\"name\":\"Comment\",\"target\":[\"https:\\\/\\\/blogs.nmz.de\\\/badblog\\\/2021\\\/05\\\/08\\\/neue-musik-musikfeature-soundart-die-radiowoche-vom-10-05-bis-16-05-2021\\\/#respond\"]}]},{\"@type\":\"WebPage\",\"@id\":\"https:\\\/\\\/blogs.nmz.de\\\/badblog\\\/2021\\\/05\\\/08\\\/neue-musik-musikfeature-soundart-die-radiowoche-vom-10-05-bis-16-05-2021\\\/\",\"url\":\"https:\\\/\\\/blogs.nmz.de\\\/badblog\\\/2021\\\/05\\\/08\\\/neue-musik-musikfeature-soundart-die-radiowoche-vom-10-05-bis-16-05-2021\\\/\",\"name\":\"Neue Musik \\\/ Musikfeature \\\/ SoundArt: Die Radiowoche vom 10.05. bis 16.05.2021 &#8211; Bad Blog Of Musick - nmz Klassik-Blog\",\"isPartOf\":{\"@id\":\"https:\\\/\\\/blogs.nmz.de\\\/badblog\\\/#website\"},\"primaryImageOfPage\":{\"@id\":\"https:\\\/\\\/blogs.nmz.de\\\/badblog\\\/2021\\\/05\\\/08\\\/neue-musik-musikfeature-soundart-die-radiowoche-vom-10-05-bis-16-05-2021\\\/#primaryimage\"},\"image\":{\"@id\":\"https:\\\/\\\/blogs.nmz.de\\\/badblog\\\/2021\\\/05\\\/08\\\/neue-musik-musikfeature-soundart-die-radiowoche-vom-10-05-bis-16-05-2021\\\/#primaryimage\"},\"thumbnailUrl\":\"https:\\\/\\\/i0.wp.com\\\/blogs.nmz.de\\\/badblog\\\/files\\\/2017\\\/02\\\/huf-np-radio-musik-final.jpg?fit=2048%2C1536&ssl=1\",\"datePublished\":\"2021-05-08T06:15:42+00:00\",\"description\":\"Bad Blog Of Musick \u2013 Ein Klassik-Blog und das wahrscheinlich bedeutendste Musik-Blog zur zeitgen\u00f6ssischen und klassischen Musikkultur\",\"breadcrumb\":{\"@id\":\"https:\\\/\\\/blogs.nmz.de\\\/badblog\\\/2021\\\/05\\\/08\\\/neue-musik-musikfeature-soundart-die-radiowoche-vom-10-05-bis-16-05-2021\\\/#breadcrumb\"},\"inLanguage\":\"de\",\"potentialAction\":[{\"@type\":\"ReadAction\",\"target\":[\"https:\\\/\\\/blogs.nmz.de\\\/badblog\\\/2021\\\/05\\\/08\\\/neue-musik-musikfeature-soundart-die-radiowoche-vom-10-05-bis-16-05-2021\\\/\"]}]},{\"@type\":\"ImageObject\",\"inLanguage\":\"de\",\"@id\":\"https:\\\/\\\/blogs.nmz.de\\\/badblog\\\/2021\\\/05\\\/08\\\/neue-musik-musikfeature-soundart-die-radiowoche-vom-10-05-bis-16-05-2021\\\/#primaryimage\",\"url\":\"https:\\\/\\\/i0.wp.com\\\/blogs.nmz.de\\\/badblog\\\/files\\\/2017\\\/02\\\/huf-np-radio-musik-final.jpg?fit=2048%2C1536&ssl=1\",\"contentUrl\":\"https:\\\/\\\/i0.wp.com\\\/blogs.nmz.de\\\/badblog\\\/files\\\/2017\\\/02\\\/huf-np-radio-musik-final.jpg?fit=2048%2C1536&ssl=1\",\"width\":2048,\"height\":1536,\"caption\":\"Radio Neue Musik. Montage: Hufner\"},{\"@type\":\"BreadcrumbList\",\"@id\":\"https:\\\/\\\/blogs.nmz.de\\\/badblog\\\/2021\\\/05\\\/08\\\/neue-musik-musikfeature-soundart-die-radiowoche-vom-10-05-bis-16-05-2021\\\/#breadcrumb\",\"itemListElement\":[{\"@type\":\"ListItem\",\"position\":1,\"name\":\"Startseite\",\"item\":\"https:\\\/\\\/blogs.nmz.de\\\/badblog\\\/\"},{\"@type\":\"ListItem\",\"position\":2,\"name\":\"Neue Musik \\\/ Musikfeature \\\/ SoundArt: Die Radiowoche vom 10.05. bis 16.05.2021\"}]},{\"@type\":\"WebSite\",\"@id\":\"https:\\\/\\\/blogs.nmz.de\\\/badblog\\\/#website\",\"url\":\"https:\\\/\\\/blogs.nmz.de\\\/badblog\\\/\",\"name\":\"Bad Blog Of Musick\",\"description\":\"Das bedeutendste Blog zur zeitgen\u00f6ssischen Musikkultur\",\"publisher\":{\"@id\":\"https:\\\/\\\/blogs.nmz.de\\\/badblog\\\/#organization\"},\"potentialAction\":[{\"@type\":\"SearchAction\",\"target\":{\"@type\":\"EntryPoint\",\"urlTemplate\":\"https:\\\/\\\/blogs.nmz.de\\\/badblog\\\/?s={search_term_string}\"},\"query-input\":{\"@type\":\"PropertyValueSpecification\",\"valueRequired\":true,\"valueName\":\"search_term_string\"}}],\"inLanguage\":\"de\"},{\"@type\":\"Organization\",\"@id\":\"https:\\\/\\\/blogs.nmz.de\\\/badblog\\\/#organization\",\"name\":\"neue musikzeitung | Bad Blog Of Musick\",\"url\":\"https:\\\/\\\/blogs.nmz.de\\\/badblog\\\/\",\"logo\":{\"@type\":\"ImageObject\",\"inLanguage\":\"de\",\"@id\":\"https:\\\/\\\/blogs.nmz.de\\\/badblog\\\/#\\\/schema\\\/logo\\\/image\\\/\",\"url\":\"https:\\\/\\\/i0.wp.com\\\/blogs.nmz.de\\\/badblog\\\/files\\\/2016\\\/10\\\/badblog-logo1.png?fit=512%2C512&ssl=1\",\"contentUrl\":\"https:\\\/\\\/i0.wp.com\\\/blogs.nmz.de\\\/badblog\\\/files\\\/2016\\\/10\\\/badblog-logo1.png?fit=512%2C512&ssl=1\",\"width\":512,\"height\":512,\"caption\":\"neue musikzeitung | Bad Blog Of Musick\"},\"image\":{\"@id\":\"https:\\\/\\\/blogs.nmz.de\\\/badblog\\\/#\\\/schema\\\/logo\\\/image\\\/\"},\"sameAs\":[\"https:\\\/\\\/www.facebook.com\\\/musikzeitung\",\"https:\\\/\\\/x.com\\\/musikzeitung\"]},{\"@type\":\"Person\",\"@id\":\"https:\\\/\\\/blogs.nmz.de\\\/badblog\\\/#\\\/schema\\\/person\\\/f40fa3b57b0ad5fd0e139d3aca42c60f\",\"name\":\"Der Radiofrau\",\"description\":\"radiofreak der alten schule. transistor, diode, spule, kondensator. ehemals manipulator:in mehrerer rundfunksendungen.\",\"sameAs\":[\"https:\\\/\\\/musikunrat.de\"],\"url\":\"https:\\\/\\\/blogs.nmz.de\\\/badblog\\\/author\\\/hufidufi\\\/\"}]}<\/script>\n<!-- \/ Yoast SEO plugin. -->","yoast_head_json":{"title":"Neue Musik \/ Musikfeature \/ SoundArt: Die Radiowoche vom 10.05. bis 16.05.2021 &#8211; Bad Blog Of Musick - nmz Klassik-Blog","description":"Bad Blog Of Musick \u2013 Ein Klassik-Blog und das wahrscheinlich bedeutendste Musik-Blog zur zeitgen\u00f6ssischen und klassischen Musikkultur","robots":{"index":"index","follow":"follow","max-snippet":"max-snippet:-1","max-image-preview":"max-image-preview:large","max-video-preview":"max-video-preview:-1"},"canonical":"https:\/\/blogs.nmz.de\/badblog\/2021\/05\/08\/neue-musik-musikfeature-soundart-die-radiowoche-vom-10-05-bis-16-05-2021\/","og_locale":"de_DE","og_type":"article","og_title":"Neue Musik \/ Musikfeature \/ SoundArt: Die Radiowoche vom 10.05. bis 16.05.2021 &#8211; Bad Blog Of Musick - nmz Klassik-Blog","og_description":"Bad Blog Of Musick \u2013 Ein Klassik-Blog und das wahrscheinlich bedeutendste Musik-Blog zur zeitgen\u00f6ssischen und klassischen Musikkultur","og_url":"https:\/\/blogs.nmz.de\/badblog\/2021\/05\/08\/neue-musik-musikfeature-soundart-die-radiowoche-vom-10-05-bis-16-05-2021\/","og_site_name":"Bad Blog Of Musick","article_publisher":"https:\/\/www.facebook.com\/musikzeitung","article_published_time":"2021-05-08T06:15:42+00:00","og_image":[{"width":2048,"height":1536,"url":"https:\/\/blogs.nmz.de\/badblog\/files\/2017\/02\/huf-np-radio-musik-final.jpg","type":"image\/jpeg"}],"author":"Der Radiofrau","twitter_card":"summary_large_image","twitter_creator":"@musikzeitung","twitter_site":"@musikzeitung","twitter_misc":{"Verfasst von":"Der Radiofrau","Gesch\u00e4tzte Lesezeit":"18\u00a0Minuten"},"schema":{"@context":"https:\/\/schema.org","@graph":[{"@type":"Article","@id":"https:\/\/blogs.nmz.de\/badblog\/2021\/05\/08\/neue-musik-musikfeature-soundart-die-radiowoche-vom-10-05-bis-16-05-2021\/#article","isPartOf":{"@id":"https:\/\/blogs.nmz.de\/badblog\/2021\/05\/08\/neue-musik-musikfeature-soundart-die-radiowoche-vom-10-05-bis-16-05-2021\/"},"author":{"name":"Der Radiofrau","@id":"https:\/\/blogs.nmz.de\/badblog\/#\/schema\/person\/f40fa3b57b0ad5fd0e139d3aca42c60f"},"headline":"Neue Musik \/ Musikfeature \/ SoundArt: Die Radiowoche vom 10.05. bis 16.05.2021","datePublished":"2021-05-08T06:15:42+00:00","mainEntityOfPage":{"@id":"https:\/\/blogs.nmz.de\/badblog\/2021\/05\/08\/neue-musik-musikfeature-soundart-die-radiowoche-vom-10-05-bis-16-05-2021\/"},"wordCount":3986,"commentCount":0,"publisher":{"@id":"https:\/\/blogs.nmz.de\/badblog\/#organization"},"image":{"@id":"https:\/\/blogs.nmz.de\/badblog\/2021\/05\/08\/neue-musik-musikfeature-soundart-die-radiowoche-vom-10-05-bis-16-05-2021\/#primaryimage"},"thumbnailUrl":"https:\/\/i0.wp.com\/blogs.nmz.de\/badblog\/files\/2017\/02\/huf-np-radio-musik-final.jpg?fit=2048%2C1536&ssl=1","keywords":["Neue Musik im Radio"],"articleSection":["Deutsch","Radio\/Medien"],"inLanguage":"de","potentialAction":[{"@type":"CommentAction","name":"Comment","target":["https:\/\/blogs.nmz.de\/badblog\/2021\/05\/08\/neue-musik-musikfeature-soundart-die-radiowoche-vom-10-05-bis-16-05-2021\/#respond"]}]},{"@type":"WebPage","@id":"https:\/\/blogs.nmz.de\/badblog\/2021\/05\/08\/neue-musik-musikfeature-soundart-die-radiowoche-vom-10-05-bis-16-05-2021\/","url":"https:\/\/blogs.nmz.de\/badblog\/2021\/05\/08\/neue-musik-musikfeature-soundart-die-radiowoche-vom-10-05-bis-16-05-2021\/","name":"Neue Musik \/ Musikfeature \/ SoundArt: Die Radiowoche vom 10.05. bis 16.05.2021 &#8211; Bad Blog Of Musick - nmz Klassik-Blog","isPartOf":{"@id":"https:\/\/blogs.nmz.de\/badblog\/#website"},"primaryImageOfPage":{"@id":"https:\/\/blogs.nmz.de\/badblog\/2021\/05\/08\/neue-musik-musikfeature-soundart-die-radiowoche-vom-10-05-bis-16-05-2021\/#primaryimage"},"image":{"@id":"https:\/\/blogs.nmz.de\/badblog\/2021\/05\/08\/neue-musik-musikfeature-soundart-die-radiowoche-vom-10-05-bis-16-05-2021\/#primaryimage"},"thumbnailUrl":"https:\/\/i0.wp.com\/blogs.nmz.de\/badblog\/files\/2017\/02\/huf-np-radio-musik-final.jpg?fit=2048%2C1536&ssl=1","datePublished":"2021-05-08T06:15:42+00:00","description":"Bad Blog Of Musick \u2013 Ein Klassik-Blog und das wahrscheinlich bedeutendste Musik-Blog zur zeitgen\u00f6ssischen und klassischen Musikkultur","breadcrumb":{"@id":"https:\/\/blogs.nmz.de\/badblog\/2021\/05\/08\/neue-musik-musikfeature-soundart-die-radiowoche-vom-10-05-bis-16-05-2021\/#breadcrumb"},"inLanguage":"de","potentialAction":[{"@type":"ReadAction","target":["https:\/\/blogs.nmz.de\/badblog\/2021\/05\/08\/neue-musik-musikfeature-soundart-die-radiowoche-vom-10-05-bis-16-05-2021\/"]}]},{"@type":"ImageObject","inLanguage":"de","@id":"https:\/\/blogs.nmz.de\/badblog\/2021\/05\/08\/neue-musik-musikfeature-soundart-die-radiowoche-vom-10-05-bis-16-05-2021\/#primaryimage","url":"https:\/\/i0.wp.com\/blogs.nmz.de\/badblog\/files\/2017\/02\/huf-np-radio-musik-final.jpg?fit=2048%2C1536&ssl=1","contentUrl":"https:\/\/i0.wp.com\/blogs.nmz.de\/badblog\/files\/2017\/02\/huf-np-radio-musik-final.jpg?fit=2048%2C1536&ssl=1","width":2048,"height":1536,"caption":"Radio Neue Musik. Montage: Hufner"},{"@type":"BreadcrumbList","@id":"https:\/\/blogs.nmz.de\/badblog\/2021\/05\/08\/neue-musik-musikfeature-soundart-die-radiowoche-vom-10-05-bis-16-05-2021\/#breadcrumb","itemListElement":[{"@type":"ListItem","position":1,"name":"Startseite","item":"https:\/\/blogs.nmz.de\/badblog\/"},{"@type":"ListItem","position":2,"name":"Neue Musik \/ Musikfeature \/ SoundArt: Die Radiowoche vom 10.05. bis 16.05.2021"}]},{"@type":"WebSite","@id":"https:\/\/blogs.nmz.de\/badblog\/#website","url":"https:\/\/blogs.nmz.de\/badblog\/","name":"Bad Blog Of Musick","description":"Das bedeutendste Blog zur zeitgen\u00f6ssischen Musikkultur","publisher":{"@id":"https:\/\/blogs.nmz.de\/badblog\/#organization"},"potentialAction":[{"@type":"SearchAction","target":{"@type":"EntryPoint","urlTemplate":"https:\/\/blogs.nmz.de\/badblog\/?s={search_term_string}"},"query-input":{"@type":"PropertyValueSpecification","valueRequired":true,"valueName":"search_term_string"}}],"inLanguage":"de"},{"@type":"Organization","@id":"https:\/\/blogs.nmz.de\/badblog\/#organization","name":"neue musikzeitung | Bad Blog Of Musick","url":"https:\/\/blogs.nmz.de\/badblog\/","logo":{"@type":"ImageObject","inLanguage":"de","@id":"https:\/\/blogs.nmz.de\/badblog\/#\/schema\/logo\/image\/","url":"https:\/\/i0.wp.com\/blogs.nmz.de\/badblog\/files\/2016\/10\/badblog-logo1.png?fit=512%2C512&ssl=1","contentUrl":"https:\/\/i0.wp.com\/blogs.nmz.de\/badblog\/files\/2016\/10\/badblog-logo1.png?fit=512%2C512&ssl=1","width":512,"height":512,"caption":"neue musikzeitung | Bad Blog Of Musick"},"image":{"@id":"https:\/\/blogs.nmz.de\/badblog\/#\/schema\/logo\/image\/"},"sameAs":["https:\/\/www.facebook.com\/musikzeitung","https:\/\/x.com\/musikzeitung"]},{"@type":"Person","@id":"https:\/\/blogs.nmz.de\/badblog\/#\/schema\/person\/f40fa3b57b0ad5fd0e139d3aca42c60f","name":"Der Radiofrau","description":"radiofreak der alten schule. transistor, diode, spule, kondensator. ehemals manipulator:in mehrerer rundfunksendungen.","sameAs":["https:\/\/musikunrat.de"],"url":"https:\/\/blogs.nmz.de\/badblog\/author\/hufidufi\/"}]}},"wp-worthy-pixel":{"ignored":true,"public":null,"server":null,"url":null},"wp-worthy-type":"normal","jetpack_featured_media_url":"https:\/\/i0.wp.com\/blogs.nmz.de\/badblog\/files\/2017\/02\/huf-np-radio-musik-final.jpg?fit=2048%2C1536&ssl=1","jetpack-related-posts":[],"jetpack_sharing_enabled":true,"_links":{"self":[{"href":"https:\/\/blogs.nmz.de\/badblog\/wp-json\/wp\/v2\/posts\/24250","targetHints":{"allow":["GET"]}}],"collection":[{"href":"https:\/\/blogs.nmz.de\/badblog\/wp-json\/wp\/v2\/posts"}],"about":[{"href":"https:\/\/blogs.nmz.de\/badblog\/wp-json\/wp\/v2\/types\/post"}],"author":[{"embeddable":true,"href":"https:\/\/blogs.nmz.de\/badblog\/wp-json\/wp\/v2\/users\/590"}],"replies":[{"embeddable":true,"href":"https:\/\/blogs.nmz.de\/badblog\/wp-json\/wp\/v2\/comments?post=24250"}],"version-history":[{"count":1,"href":"https:\/\/blogs.nmz.de\/badblog\/wp-json\/wp\/v2\/posts\/24250\/revisions"}],"predecessor-version":[{"id":24251,"href":"https:\/\/blogs.nmz.de\/badblog\/wp-json\/wp\/v2\/posts\/24250\/revisions\/24251"}],"wp:featuredmedia":[{"embeddable":true,"href":"https:\/\/blogs.nmz.de\/badblog\/wp-json\/wp\/v2\/media\/14800"}],"wp:attachment":[{"href":"https:\/\/blogs.nmz.de\/badblog\/wp-json\/wp\/v2\/media?parent=24250"}],"wp:term":[{"taxonomy":"category","embeddable":true,"href":"https:\/\/blogs.nmz.de\/badblog\/wp-json\/wp\/v2\/categories?post=24250"},{"taxonomy":"post_tag","embeddable":true,"href":"https:\/\/blogs.nmz.de\/badblog\/wp-json\/wp\/v2\/tags?post=24250"}],"curies":[{"name":"wp","href":"https:\/\/api.w.org\/{rel}","templated":true}]}}