{"id":24108,"date":"2021-04-17T18:00:26","date_gmt":"2021-04-17T16:00:26","guid":{"rendered":"https:\/\/blogs.nmz.de\/badblog\/?p=24108"},"modified":"2021-04-13T20:37:01","modified_gmt":"2021-04-13T18:37:01","slug":"neue-musik-musikfeature-soundart-die-radiowoche-vom-19-04-bis-25-04-2021","status":"publish","type":"post","link":"https:\/\/blogs.nmz.de\/badblog\/2021\/04\/17\/neue-musik-musikfeature-soundart-die-radiowoche-vom-19-04-bis-25-04-2021\/","title":{"rendered":"Neue Musik \/ Musikfeature \/ SoundArt: Die Radiowoche vom 19.04. bis 25.04.2021"},"content":{"rendered":"<p>Neue Musik und Musikfeatures in der Kalenderwoche 16. Besonders zu empfehlen: Am Wochenende: Witten 2021 auf WDR3.<\/p>\n<p>Alle bekannten Stream-, Web- und RSS-Adressen deutscher Sender finden sich <a href=\"https:\/\/stefanhetzel.wordpress.com\/kunstmusikoeffentlich-rechtlicher-rundfunk\/\">bei Stefan Hetzel<\/a>.<\/p>\n<ul>\n<li><a href=\"https:\/\/service.conbrio.de\/service\/download\/155\/\">Download dieser &#220;bersicht als PDF<\/a>.<\/li>\n<li><a href=\"https:\/\/www.irenekurka.de\/podcast\/podcast.html\">nmz-Podcastpartnerin Irene Kurka<\/a><\/li>\n<li>Alle Angaben ohne Gew&#228;hr. &#196;nderungen vorbehalten.<\/li>\n<\/ul>\n<hr \/>\n<h2>nmz-Podcastpartnerin Irene Kurka ::: neue musik leben<\/h2>\n\t\t\t<style type=\"text\/css\"><\/style>\n\t\t\t<div id=\"pp-podcast-2493\" class=\"pp-podcast has-header header-hidden has-featured playerview media-audio\"  data-teaser=\"\" data-elength=\"25\" data-eunit=\"\" data-ppsdata=\"{&quot;ppe-2493-1&quot;:{&quot;title&quot;:&quot;257 &#8211; Eva Z\\u00f6llner interviews Cara Stacey about contemporary music in South Africa&quot;,&quot;description&quot;:&quot;&lt;p&gt;composer and performer (in English)&lt;\\\/p&gt;\\n&lt;p&gt;Videos of the 8 new South African accordion pieces that were premiered by Eva Z\\u00f6llner during Sterkfontein Composers Meeting 2024 &lt;\\\/p&gt;\\n&lt;p&gt;https:\\\/\\\/youtube.com\\\/playlist?list=PL4KU0BHw3d-CP21BPt7VNNmqzJR18GXQe&amp;si=xvVVMCbK48oF1tvV&lt;\\\/p&gt;\\n&lt;p&gt;Her residency was kindly supported by Nirox Foundation, the Goethe Institute and the Ministry for Education, Science, Youth and Culture (Rheinland-Pfalz)&lt;\\\/p&gt;\\n&lt;p&gt;www.carastacey.com\\\/&lt;\\\/p&gt;\\n&lt;p&gt;www.eva-zoellner.de &lt;\\\/p&gt;\\n&lt;p&gt;Sterkfontein Composers Meeting: &lt;\\\/p&gt;\\n&lt;p&gt;https:\\\/\\\/sterkfonteincomposersmeeting.weebly.com\\\/&lt;\\\/p&gt;\\n&lt;p&gt;Clare Loveday: https:\\\/\\\/clareloveday.co.za\\\/&lt;\\\/p&gt;\\n&lt;p&gt;Neo Muyanga: &lt;\\\/p&gt;\\n&lt;p&gt;https:\\\/\\\/www.neosong.net\\\/&lt;\\\/p&gt;\\n&lt;p&gt;Njabulo Phungula: &lt;\\\/p&gt;\\n&lt;p&gt;https:\\\/\\\/www.njabulophungula.com\\\/&lt;\\\/p&gt;\\n&lt;p&gt;Galina Juritz: &lt;\\\/p&gt;\\n&lt;p&gt;https:\\\/\\\/www.galinajuritz.com\\\/&lt;\\\/p&gt;\\n&lt;p&gt;Matthijs van Dijk: &lt;\\\/p&gt;\\n&lt;p&gt;https:\\\/\\\/mattvandijk.com\\\/&lt;\\\/p&gt;\\n&lt;p&gt;Andile Khumalo: &lt;\\\/p&gt;\\n&lt;p&gt;https:\\\/\\\/www.newfocusrecordings.com\\\/catalogue\\\/andile-khumalo-tracing-hollow-traces\\\/&lt;\\\/p&gt;\\n&lt;p&gt;Bongani Ndodana-Breen: &lt;\\\/p&gt;\\n&lt;p&gt;https:\\\/\\\/www.ndodanabreen.com\\\/&lt;\\\/p&gt;\\n&lt;p&gt;Arthur Feder: &lt;\\\/p&gt;\\n&lt;p&gt;https:\\\/\\\/www.instagram.com\\\/arthurfeder\\\/&lt;\\\/p&gt;\\n&lt;p&gt;Lise Morrison: &lt;\\\/p&gt;\\n&lt;p&gt;https:\\\/\\\/lisemorrison.com\\\/&lt;br \\\/&gt;\\nAmy Crankshaw: &lt;\\\/p&gt;\\n&lt;p&gt;https:\\\/\\\/www.amycrankshaw.com\\\/&lt;\\\/p&gt;\\n&lt;p&gt;Michael Blake: &lt;\\\/p&gt;\\n&lt;p&gt;https:\\\/\\\/aoinstitute.ac.za\\\/project\\\/michael-blake\\\/&lt;\\\/p&gt;\\n&lt;p&gt;NewMusicSA: &lt;\\\/p&gt;\\n&lt;p&gt;https:\\\/\\\/www.newmusicsa.org.za\\\/&lt;\\\/p&gt;\\n&lt;p&gt;South African Composers Archive new album (just out): &lt;\\\/p&gt;\\n&lt;p&gt;https:\\\/\\\/thesouthafricancomposersarchive.bandcamp.com\\\/album\\\/for-the-duration-of-this-cloud&lt;\\\/p&gt;\\n&lt;p&gt;South African Composers Archive podcast (hosted and produced by Matthijs van Dijk): &lt;\\\/p&gt;\\n&lt;p&gt;https:\\\/\\\/soundcloud.com\\\/user-368144305&lt;\\\/p&gt;\\n&lt;p&gt;Kukutana Ensemble project: &lt;\\\/p&gt;\\n&lt;p&gt;https:\\\/\\\/www.kukutana.co.za\\\/&lt;\\\/p&gt;\\n&lt;hr \\\/&gt;\\n&lt;p&gt;www.irenekurka.de&lt;\\\/p&gt;\\n&lt;p&gt;Support and follow me on patreon:&lt;\\\/p&gt;\\n&lt;p&gt;https:\\\/\\\/www.patreon.com\\\/c\\\/user\\\/shop?u=112648747&lt;\\\/p&gt;\\n&lt;p&gt;cooparting with nmw &#8211; Neue Musikzeitung&lt;\\\/p&gt;\\n&lt;p&gt;www.nmz.de&lt;\\\/p&gt;\\n&lt;p&gt;Kows Radio Summit &#8222;Live your music and live your live&#8220; with Irene Kurka:&lt;\\\/p&gt;\\n&lt;p&gt;https:\\\/\\\/kows92-5.org\\\/kows-shows\\\/show\\\/radio-summit\\\/&lt;\\\/p&gt;\\n&quot;,&quot;author&quot;:&quot;Kurka&quot;,&quot;date&quot;:&quot;13. Mai 2025&quot;,&quot;link&quot;:&quot;https:\\\/\\\/neuemusikleben.podigee.io\\\/258-neue-episode&quot;,&quot;src&quot;:&quot;https:\\\/\\\/audio.podigee-cdn.net\\\/1830304-m-9e3ea1d64c412885c83c2d71ff52ea09.mp3?source=feed&quot;,&quot;featured&quot;:&quot;https:\\\/\\\/i0.wp.com\\\/blogs.nmz.de\\\/badblog\\\/files\\\/2025\\\/05\\\/8b6e14a9-2a6d-49d8-8c76-4b352bb38f60-scaled.jpg?fit=768%2C768&#038;ssl=1&quot;,&quot;featured_id&quot;:30157,&quot;mediatype&quot;:&quot;audio&quot;,&quot;season&quot;:0,&quot;categories&quot;:[],&quot;duration&quot;:&quot;45:54&quot;,&quot;episodetype&quot;:&quot;full&quot;,&quot;timestamp&quot;:1747110600,&quot;key&quot;:&quot;961e5e1ea194dcf34c954947b1394375&quot;,&quot;fset&quot;:&quot;https:\\\/\\\/i0.wp.com\\\/blogs.nmz.de\\\/badblog\\\/files\\\/2025\\\/05\\\/8b6e14a9-2a6d-49d8-8c76-4b352bb38f60-scaled.jpg?w=2560&amp;ssl=1 2560w, https:\\\/\\\/i0.wp.com\\\/blogs.nmz.de\\\/badblog\\\/files\\\/2025\\\/05\\\/8b6e14a9-2a6d-49d8-8c76-4b352bb38f60-scaled.jpg?resize=480%2C480&amp;ssl=1 480w, https:\\\/\\\/i0.wp.com\\\/blogs.nmz.de\\\/badblog\\\/files\\\/2025\\\/05\\\/8b6e14a9-2a6d-49d8-8c76-4b352bb38f60-scaled.jpg?resize=1024%2C1024&amp;ssl=1 1024w, https:\\\/\\\/i0.wp.com\\\/blogs.nmz.de\\\/badblog\\\/files\\\/2025\\\/05\\\/8b6e14a9-2a6d-49d8-8c76-4b352bb38f60-scaled.jpg?resize=150%2C150&amp;ssl=1 150w, https:\\\/\\\/i0.wp.com\\\/blogs.nmz.de\\\/badblog\\\/files\\\/2025\\\/05\\\/8b6e14a9-2a6d-49d8-8c76-4b352bb38f60-scaled.jpg?resize=768%2C768&amp;ssl=1 768w, https:\\\/\\\/i0.wp.com\\\/blogs.nmz.de\\\/badblog\\\/files\\\/2025\\\/05\\\/8b6e14a9-2a6d-49d8-8c76-4b352bb38f60-scaled.jpg?resize=1536%2C1536&amp;ssl=1 1536w, https:\\\/\\\/i0.wp.com\\\/blogs.nmz.de\\\/badblog\\\/files\\\/2025\\\/05\\\/8b6e14a9-2a6d-49d8-8c76-4b352bb38f60-scaled.jpg?resize=2048%2C2048&amp;ssl=1 2048w, https:\\\/\\\/i0.wp.com\\\/blogs.nmz.de\\\/badblog\\\/files\\\/2025\\\/05\\\/8b6e14a9-2a6d-49d8-8c76-4b352bb38f60-scaled.jpg?resize=70%2C70&amp;ssl=1 70w, https:\\\/\\\/i0.wp.com\\\/blogs.nmz.de\\\/badblog\\\/files\\\/2025\\\/05\\\/8b6e14a9-2a6d-49d8-8c76-4b352bb38f60-scaled.jpg?resize=80%2C80&amp;ssl=1 80w, https:\\\/\\\/i0.wp.com\\\/blogs.nmz.de\\\/badblog\\\/files\\\/2025\\\/05\\\/8b6e14a9-2a6d-49d8-8c76-4b352bb38f60-scaled.jpg?resize=320%2C320&amp;ssl=1 320w, https:\\\/\\\/i0.wp.com\\\/blogs.nmz.de\\\/badblog\\\/files\\\/2025\\\/05\\\/8b6e14a9-2a6d-49d8-8c76-4b352bb38f60-scaled.jpg?resize=1320%2C1320&amp;ssl=1 1320w&quot;,&quot;fratio&quot;:1},&quot;ppe-2493-2&quot;:{&quot;title&quot;:&quot;256 &#8211; Interview mit Daniel Posdziech&quot;,&quot;description&quot;:&quot;&lt;p&gt;Musiker und Chorp\\u00e4dagoge&lt;\\\/p&gt;\\n&lt;p&gt;Daniel Posdziech spricht \\u00fcber seien Arbeit mit jungen Stimmen, Ch\\u00f6ren, Improvisation und den Einsatz von neuer Musik. Er erforscht oder Zusammenh\\u00e4nge von Stimme, jungen Pers\\u00f6nlichkeiten und effektiven Chorproben und erz\\u00e4hlt auch von seiner Zeit beim Windsbacher Knabenchor. Einen Schwerpunkt seiner ist, wie Nachwuchsgewinnung f\\u00fcr Ch\\u00f6re funktioniert, was sich ver\\u00e4ndert hat und welche Faktoren zu beachten sind.&lt;\\\/p&gt;\\n&lt;p&gt;Sch\\u00f6nberg Text:&lt;\\\/p&gt;\\n&lt;p&gt;&lt;a href=\\&quot;https:\\\/\\\/mickindex.sakura.ne.jp\\\/schonberg\\\/schb_VzT_gm.html\\&quot;&gt;https:\\\/\\\/mickindex.sakura.ne.jp\\\/schonberg\\\/schb_VzT_gm.html&lt;\\\/a&gt;&lt;\\\/p&gt;\\n&lt;p&gt;&lt;a href=\\&quot;http:\\\/\\\/www.irenekurka.de\\&quot;&gt;www.irenekurka.de&lt;\\\/a&gt;&lt;\\\/p&gt;\\n&lt;p&gt;Support and follow me on patreon:&lt;\\\/p&gt;\\n&lt;p&gt;&lt;a href=\\&quot;https:\\\/\\\/www.patreon.com\\\/c\\\/user\\\/shop?u=112648747\\&quot;&gt;https:\\\/\\\/www.patreon.com\\\/c\\\/user\\\/shop?u=112648747&lt;\\\/a&gt;&lt;\\\/p&gt;\\n&lt;p&gt;cooparting with nmw &#8211; Neue Musikzeitung&lt;\\\/p&gt;\\n&lt;p&gt;&lt;a href=\\&quot;http:\\\/\\\/www.nmz.de\\&quot;&gt;www.nmz.de&lt;\\\/a&gt;&lt;\\\/p&gt;\\n&lt;p&gt;Kows Radio Summit &#8222;Live your music and live your live&#8220; with Irene Kurka:&lt;\\\/p&gt;\\n&lt;p&gt;&lt;a href=\\&quot;https:\\\/\\\/kows92-5.org\\\/kows-shows\\\/show\\\/radio-summit\\\/\\&quot;&gt;https:\\\/\\\/kows92-5.org\\\/kows-shows\\\/show\\\/radio-summit\\\/&lt;\\\/a&gt;&lt;\\\/p&gt;\\n&quot;,&quot;author&quot;:&quot;Kurka&quot;,&quot;date&quot;:&quot;29. April 2025&quot;,&quot;link&quot;:&quot;https:\\\/\\\/neuemusikleben.podigee.io\\\/254-neue-episode&quot;,&quot;src&quot;:&quot;https:\\\/\\\/audio.podigee-cdn.net\\\/1748880-m-b1160addb0c123c9aaba3345429ff64f.mp3?source=feed&quot;,&quot;featured&quot;:&quot;https:\\\/\\\/i0.wp.com\\\/blogs.nmz.de\\\/badblog\\\/files\\\/2025\\\/04\\\/54f96c1c-03d3-42fd-8eff-27deeab3ad1f-scaled.jpg?fit=768%2C768&#038;ssl=1&quot;,&quot;featured_id&quot;:30053,&quot;mediatype&quot;:&quot;audio&quot;,&quot;season&quot;:0,&quot;categories&quot;:[],&quot;duration&quot;:&quot;56:59&quot;,&quot;episodetype&quot;:&quot;full&quot;,&quot;timestamp&quot;:1745900700,&quot;key&quot;:&quot;3f82444d91ba47c903855c733bd22983&quot;,&quot;fset&quot;:&quot;https:\\\/\\\/i0.wp.com\\\/blogs.nmz.de\\\/badblog\\\/files\\\/2025\\\/04\\\/54f96c1c-03d3-42fd-8eff-27deeab3ad1f-scaled.jpg?w=2560&amp;ssl=1 2560w, https:\\\/\\\/i0.wp.com\\\/blogs.nmz.de\\\/badblog\\\/files\\\/2025\\\/04\\\/54f96c1c-03d3-42fd-8eff-27deeab3ad1f-scaled.jpg?resize=480%2C480&amp;ssl=1 480w, https:\\\/\\\/i0.wp.com\\\/blogs.nmz.de\\\/badblog\\\/files\\\/2025\\\/04\\\/54f96c1c-03d3-42fd-8eff-27deeab3ad1f-scaled.jpg?resize=1024%2C1024&amp;ssl=1 1024w, https:\\\/\\\/i0.wp.com\\\/blogs.nmz.de\\\/badblog\\\/files\\\/2025\\\/04\\\/54f96c1c-03d3-42fd-8eff-27deeab3ad1f-scaled.jpg?resize=150%2C150&amp;ssl=1 150w, https:\\\/\\\/i0.wp.com\\\/blogs.nmz.de\\\/badblog\\\/files\\\/2025\\\/04\\\/54f96c1c-03d3-42fd-8eff-27deeab3ad1f-scaled.jpg?resize=768%2C768&amp;ssl=1 768w, https:\\\/\\\/i0.wp.com\\\/blogs.nmz.de\\\/badblog\\\/files\\\/2025\\\/04\\\/54f96c1c-03d3-42fd-8eff-27deeab3ad1f-scaled.jpg?resize=1536%2C1536&amp;ssl=1 1536w, https:\\\/\\\/i0.wp.com\\\/blogs.nmz.de\\\/badblog\\\/files\\\/2025\\\/04\\\/54f96c1c-03d3-42fd-8eff-27deeab3ad1f-scaled.jpg?resize=2048%2C2048&amp;ssl=1 2048w, https:\\\/\\\/i0.wp.com\\\/blogs.nmz.de\\\/badblog\\\/files\\\/2025\\\/04\\\/54f96c1c-03d3-42fd-8eff-27deeab3ad1f-scaled.jpg?resize=70%2C70&amp;ssl=1 70w, https:\\\/\\\/i0.wp.com\\\/blogs.nmz.de\\\/badblog\\\/files\\\/2025\\\/04\\\/54f96c1c-03d3-42fd-8eff-27deeab3ad1f-scaled.jpg?resize=80%2C80&amp;ssl=1 80w, https:\\\/\\\/i0.wp.com\\\/blogs.nmz.de\\\/badblog\\\/files\\\/2025\\\/04\\\/54f96c1c-03d3-42fd-8eff-27deeab3ad1f-scaled.jpg?resize=320%2C320&amp;ssl=1 320w, https:\\\/\\\/i0.wp.com\\\/blogs.nmz.de\\\/badblog\\\/files\\\/2025\\\/04\\\/54f96c1c-03d3-42fd-8eff-27deeab3ad1f-scaled.jpg?resize=1320%2C1320&amp;ssl=1 1320w&quot;,&quot;fratio&quot;:1},&quot;ppe-2493-3&quot;:{&quot;title&quot;:&quot;255 &#8211; Slow-Motion Multitasking &#8211; 7 Years podcast neue musik leben (in english)&quot;,&quot;description&quot;:&quot;&lt;p&gt;with soprano Irene Kurka&lt;\\\/p&gt;\\n&lt;p&gt;Thank you so much for listening to this podcast and following my singign, concerts, books, etc! In this episode I talk about one of favorite topics. 7 years neue musik leben!!!!! &lt;\\\/p&gt;\\n&lt;p&gt;&lt;a href=\\&quot;http:\\\/\\\/www.irenekurka.de\\&quot;&gt;www.irenekurka.de&lt;\\\/a&gt;&lt;\\\/p&gt;\\n&lt;p&gt;Support and follow me on patreon:&lt;\\\/p&gt;\\n&lt;p&gt;&lt;a href=\\&quot;https:\\\/\\\/www.patreon.com\\\/c\\\/user\\\/shop?u=112648747\\&quot;&gt;https:\\\/\\\/www.patreon.com\\\/c\\\/user\\\/shop?u=112648747&lt;\\\/a&gt;&lt;\\\/p&gt;\\n&lt;p&gt;cooparting with nmw &#8211; Neue Musikzeitung&lt;\\\/p&gt;\\n&lt;p&gt;&lt;a href=\\&quot;http:\\\/\\\/www.nmz.de\\&quot;&gt;www.nmz.de&lt;\\\/a&gt;&lt;\\\/p&gt;\\n&lt;p&gt;Kows Radio Summit &#8222;Live your music and live your live&#8220; with Irene Kurka:&lt;\\\/p&gt;\\n&lt;p&gt;&lt;a href=\\&quot;https:\\\/\\\/kows92-5.org\\\/kows-shows\\\/show\\\/radio-summit\\\/\\&quot;&gt;https:\\\/\\\/kows92-5.org\\\/kows-shows\\\/show\\\/radio-summit\\\/&lt;\\\/a&gt;&lt;\\\/p&gt;\\n&quot;,&quot;author&quot;:&quot;Kurka&quot;,&quot;date&quot;:&quot;10. April 2025&quot;,&quot;link&quot;:&quot;https:\\\/\\\/neuemusikleben.podigee.io\\\/256-neue-episode&quot;,&quot;src&quot;:&quot;https:\\\/\\\/audio.podigee-cdn.net\\\/1748882-m-c6995f9ab0740ee799f90c9f063d1451.mp3?source=feed&quot;,&quot;featured&quot;:&quot;https:\\\/\\\/i0.wp.com\\\/blogs.nmz.de\\\/badblog\\\/files\\\/2025\\\/04\\\/a1681233-b810-4e84-9d65-756c2554bc29-scaled.jpg?fit=768%2C768&#038;ssl=1&quot;,&quot;featured_id&quot;:29916,&quot;mediatype&quot;:&quot;audio&quot;,&quot;season&quot;:0,&quot;categories&quot;:[],&quot;duration&quot;:&quot;21:18&quot;,&quot;episodetype&quot;:&quot;full&quot;,&quot;timestamp&quot;:1744254000,&quot;key&quot;:&quot;701f40c77455936bf9a7af477a7aea66&quot;,&quot;fset&quot;:&quot;https:\\\/\\\/i0.wp.com\\\/blogs.nmz.de\\\/badblog\\\/files\\\/2025\\\/04\\\/a1681233-b810-4e84-9d65-756c2554bc29-scaled.jpg?w=2560&amp;ssl=1 2560w, https:\\\/\\\/i0.wp.com\\\/blogs.nmz.de\\\/badblog\\\/files\\\/2025\\\/04\\\/a1681233-b810-4e84-9d65-756c2554bc29-scaled.jpg?resize=480%2C480&amp;ssl=1 480w, https:\\\/\\\/i0.wp.com\\\/blogs.nmz.de\\\/badblog\\\/files\\\/2025\\\/04\\\/a1681233-b810-4e84-9d65-756c2554bc29-scaled.jpg?resize=1024%2C1024&amp;ssl=1 1024w, https:\\\/\\\/i0.wp.com\\\/blogs.nmz.de\\\/badblog\\\/files\\\/2025\\\/04\\\/a1681233-b810-4e84-9d65-756c2554bc29-scaled.jpg?resize=150%2C150&amp;ssl=1 150w, https:\\\/\\\/i0.wp.com\\\/blogs.nmz.de\\\/badblog\\\/files\\\/2025\\\/04\\\/a1681233-b810-4e84-9d65-756c2554bc29-scaled.jpg?resize=768%2C768&amp;ssl=1 768w, https:\\\/\\\/i0.wp.com\\\/blogs.nmz.de\\\/badblog\\\/files\\\/2025\\\/04\\\/a1681233-b810-4e84-9d65-756c2554bc29-scaled.jpg?resize=1536%2C1536&amp;ssl=1 1536w, https:\\\/\\\/i0.wp.com\\\/blogs.nmz.de\\\/badblog\\\/files\\\/2025\\\/04\\\/a1681233-b810-4e84-9d65-756c2554bc29-scaled.jpg?resize=2048%2C2048&amp;ssl=1 2048w, https:\\\/\\\/i0.wp.com\\\/blogs.nmz.de\\\/badblog\\\/files\\\/2025\\\/04\\\/a1681233-b810-4e84-9d65-756c2554bc29-scaled.jpg?resize=70%2C70&amp;ssl=1 70w, https:\\\/\\\/i0.wp.com\\\/blogs.nmz.de\\\/badblog\\\/files\\\/2025\\\/04\\\/a1681233-b810-4e84-9d65-756c2554bc29-scaled.jpg?resize=80%2C80&amp;ssl=1 80w, https:\\\/\\\/i0.wp.com\\\/blogs.nmz.de\\\/badblog\\\/files\\\/2025\\\/04\\\/a1681233-b810-4e84-9d65-756c2554bc29-scaled.jpg?resize=320%2C320&amp;ssl=1 320w, https:\\\/\\\/i0.wp.com\\\/blogs.nmz.de\\\/badblog\\\/files\\\/2025\\\/04\\\/a1681233-b810-4e84-9d65-756c2554bc29-scaled.jpg?resize=1320%2C1320&amp;ssl=1 1320w&quot;,&quot;fratio&quot;:1},&quot;ppe-2493-4&quot;:{&quot;title&quot;:&quot;254 &#8211; Interview with Dieter Mack&quot;,&quot;description&quot;:&quot;&lt;p&gt;composer&lt;\\\/p&gt;\\n&lt;p&gt;Dieter Mack tells us about his musical life, his exciting trips to Bali, his way into Gamelan music and also about his teaching as a composition professor. He speaks about real life experience and how spending time abroad changes you and how important it is to speak the language of the country you live in.&lt;\\\/p&gt;\\n&lt;p&gt;&lt;a href=\\&quot;https:\\\/\\\/www.dieter-mack.de\\&quot;&gt;https:\\\/\\\/www.dieter-mack.de&lt;\\\/a&gt;&lt;\\\/p&gt;\\n&lt;p&gt;&lt;a href=\\&quot;http:\\\/\\\/www.irenekurka.de\\&quot;&gt;www.irenekurka.de&lt;\\\/a&gt;&lt;\\\/p&gt;\\n&lt;p&gt;Support and follow me on patreon:&lt;\\\/p&gt;\\n&lt;p&gt;&lt;a href=\\&quot;https:\\\/\\\/www.patreon.com\\\/c\\\/user\\\/shop?u=112648747\\&quot;&gt;https:\\\/\\\/www.patreon.com\\\/c\\\/user\\\/shop?u=112648747&lt;\\\/a&gt;&lt;\\\/p&gt;\\n&lt;p&gt;cooparting with nmw &#8211; Neue Musikzeitung&lt;\\\/p&gt;\\n&lt;p&gt;&lt;a href=\\&quot;http:\\\/\\\/www.nmz.de\\&quot;&gt;www.nmz.de&lt;\\\/a&gt;&lt;\\\/p&gt;\\n&lt;p&gt;Kows Radio Summit &#8222;Live your music and live your live&#8220; with Irene Kurka:&lt;\\\/p&gt;\\n&lt;p&gt;&lt;a href=\\&quot;https:\\\/\\\/kows92-5.org\\\/kows-shows\\\/show\\\/radio-summit\\\/\\&quot;&gt;https:\\\/\\\/kows92-5.org\\\/kows-shows\\\/show\\\/radio-summit\\\/&lt;\\\/a&gt;&lt;\\\/p&gt;\\n&quot;,&quot;author&quot;:&quot;Kurka&quot;,&quot;date&quot;:&quot;1. April 2025&quot;,&quot;link&quot;:&quot;https:\\\/\\\/neuemusikleben.podigee.io\\\/255-neue-episode&quot;,&quot;src&quot;:&quot;https:\\\/\\\/audio.podigee-cdn.net\\\/1748881-m-50dc4b2414902d10f65154567b426ffa.mp3?source=feed&quot;,&quot;featured&quot;:&quot;https:\\\/\\\/i0.wp.com\\\/blogs.nmz.de\\\/badblog\\\/files\\\/2025\\\/04\\\/9c580082-aed2-4294-a6ca-72810c386034-scaled.jpg?fit=768%2C768&#038;ssl=1&quot;,&quot;featured_id&quot;:29887,&quot;mediatype&quot;:&quot;audio&quot;,&quot;season&quot;:0,&quot;categories&quot;:[],&quot;duration&quot;:&quot;01:05:15&quot;,&quot;episodetype&quot;:&quot;full&quot;,&quot;timestamp&quot;:1743482700,&quot;key&quot;:&quot;247baab4c3585d34270b926a4abc84e2&quot;,&quot;fset&quot;:&quot;https:\\\/\\\/i0.wp.com\\\/blogs.nmz.de\\\/badblog\\\/files\\\/2025\\\/04\\\/9c580082-aed2-4294-a6ca-72810c386034-scaled.jpg?w=2560&amp;ssl=1 2560w, https:\\\/\\\/i0.wp.com\\\/blogs.nmz.de\\\/badblog\\\/files\\\/2025\\\/04\\\/9c580082-aed2-4294-a6ca-72810c386034-scaled.jpg?resize=480%2C480&amp;ssl=1 480w, https:\\\/\\\/i0.wp.com\\\/blogs.nmz.de\\\/badblog\\\/files\\\/2025\\\/04\\\/9c580082-aed2-4294-a6ca-72810c386034-scaled.jpg?resize=1024%2C1024&amp;ssl=1 1024w, https:\\\/\\\/i0.wp.com\\\/blogs.nmz.de\\\/badblog\\\/files\\\/2025\\\/04\\\/9c580082-aed2-4294-a6ca-72810c386034-scaled.jpg?resize=150%2C150&amp;ssl=1 150w, https:\\\/\\\/i0.wp.com\\\/blogs.nmz.de\\\/badblog\\\/files\\\/2025\\\/04\\\/9c580082-aed2-4294-a6ca-72810c386034-scaled.jpg?resize=768%2C768&amp;ssl=1 768w, https:\\\/\\\/i0.wp.com\\\/blogs.nmz.de\\\/badblog\\\/files\\\/2025\\\/04\\\/9c580082-aed2-4294-a6ca-72810c386034-scaled.jpg?resize=1536%2C1536&amp;ssl=1 1536w, https:\\\/\\\/i0.wp.com\\\/blogs.nmz.de\\\/badblog\\\/files\\\/2025\\\/04\\\/9c580082-aed2-4294-a6ca-72810c386034-scaled.jpg?resize=2048%2C2048&amp;ssl=1 2048w, https:\\\/\\\/i0.wp.com\\\/blogs.nmz.de\\\/badblog\\\/files\\\/2025\\\/04\\\/9c580082-aed2-4294-a6ca-72810c386034-scaled.jpg?resize=70%2C70&amp;ssl=1 70w, https:\\\/\\\/i0.wp.com\\\/blogs.nmz.de\\\/badblog\\\/files\\\/2025\\\/04\\\/9c580082-aed2-4294-a6ca-72810c386034-scaled.jpg?resize=80%2C80&amp;ssl=1 80w, https:\\\/\\\/i0.wp.com\\\/blogs.nmz.de\\\/badblog\\\/files\\\/2025\\\/04\\\/9c580082-aed2-4294-a6ca-72810c386034-scaled.jpg?resize=320%2C320&amp;ssl=1 320w, https:\\\/\\\/i0.wp.com\\\/blogs.nmz.de\\\/badblog\\\/files\\\/2025\\\/04\\\/9c580082-aed2-4294-a6ca-72810c386034-scaled.jpg?resize=1320%2C1320&amp;ssl=1 1320w&quot;,&quot;fratio&quot;:1},&quot;ppe-2493-5&quot;:{&quot;title&quot;:&quot;253 &#8211; Interview mit Michael Denhoff&quot;,&quot;description&quot;:&quot;&lt;p&gt;Komponist, Cellist, Kurator&lt;\\\/p&gt;\\n&lt;p&gt;Michael Denhoff spricht \\u00fcber seinen Weg zur neuen Musik und welche verschiedenen Prozesse des Komponierens er ausprobiert hat und was er darin entdeckt hat. Er erz\\u00e4hlt \\u00fcber von ihm kuratierte Konzertreihen und der Magie des Aufh\\u00f6rens. &lt;\\\/p&gt;\\n&lt;p&gt;&lt;a href=\\&quot;https:\\\/\\\/www.denhoff.de\\&quot;&gt;https:\\\/\\\/www.denhoff.de&lt;\\\/a&gt;&lt;\\\/p&gt;\\n&lt;p&gt;&lt;a href=\\&quot;http:\\\/\\\/www.irenekurka.de\\&quot;&gt;www.irenekurka.de&lt;\\\/a&gt;&lt;\\\/p&gt;\\n&lt;p&gt;Support and follow me on patreon:&lt;\\\/p&gt;\\n&lt;p&gt;&lt;a href=\\&quot;https:\\\/\\\/www.patreon.com\\\/c\\\/user\\\/shop?u=112648747\\&quot;&gt;https:\\\/\\\/www.patreon.com\\\/c\\\/user\\\/shop?u=112648747&lt;\\\/a&gt;&lt;\\\/p&gt;\\n&lt;p&gt;cooparting with nmw &#8211; Neue Musikzeitung&lt;\\\/p&gt;\\n&lt;p&gt;&lt;a href=\\&quot;http:\\\/\\\/www.nmz.de\\&quot;&gt;www.nmz.de&lt;\\\/a&gt;&lt;\\\/p&gt;\\n&quot;,&quot;author&quot;:&quot;Kurka&quot;,&quot;date&quot;:&quot;18. M\\u00e4rz 2025&quot;,&quot;link&quot;:&quot;https:\\\/\\\/neuemusikleben.podigee.io\\\/257-neue-episode&quot;,&quot;src&quot;:&quot;https:\\\/\\\/audio.podigee-cdn.net\\\/1748883-m-3dc966f8943046e18a18dc083c768f5c.mp3?source=feed&quot;,&quot;featured&quot;:&quot;https:\\\/\\\/i0.wp.com\\\/blogs.nmz.de\\\/badblog\\\/files\\\/2025\\\/03\\\/d6bec117-184b-40f3-9174-c79133c364fc-scaled.jpg?fit=768%2C768&#038;ssl=1&quot;,&quot;featured_id&quot;:29809,&quot;mediatype&quot;:&quot;audio&quot;,&quot;season&quot;:0,&quot;categories&quot;:[],&quot;duration&quot;:&quot;01:02:57&quot;,&quot;episodetype&quot;:&quot;full&quot;,&quot;timestamp&quot;:1742276100,&quot;key&quot;:&quot;07a45e720d8f7399fb80336d51205783&quot;,&quot;fset&quot;:&quot;https:\\\/\\\/i0.wp.com\\\/blogs.nmz.de\\\/badblog\\\/files\\\/2025\\\/03\\\/d6bec117-184b-40f3-9174-c79133c364fc-scaled.jpg?w=2560&amp;ssl=1 2560w, https:\\\/\\\/i0.wp.com\\\/blogs.nmz.de\\\/badblog\\\/files\\\/2025\\\/03\\\/d6bec117-184b-40f3-9174-c79133c364fc-scaled.jpg?resize=480%2C480&amp;ssl=1 480w, https:\\\/\\\/i0.wp.com\\\/blogs.nmz.de\\\/badblog\\\/files\\\/2025\\\/03\\\/d6bec117-184b-40f3-9174-c79133c364fc-scaled.jpg?resize=1024%2C1024&amp;ssl=1 1024w, https:\\\/\\\/i0.wp.com\\\/blogs.nmz.de\\\/badblog\\\/files\\\/2025\\\/03\\\/d6bec117-184b-40f3-9174-c79133c364fc-scaled.jpg?resize=150%2C150&amp;ssl=1 150w, https:\\\/\\\/i0.wp.com\\\/blogs.nmz.de\\\/badblog\\\/files\\\/2025\\\/03\\\/d6bec117-184b-40f3-9174-c79133c364fc-scaled.jpg?resize=768%2C768&amp;ssl=1 768w, https:\\\/\\\/i0.wp.com\\\/blogs.nmz.de\\\/badblog\\\/files\\\/2025\\\/03\\\/d6bec117-184b-40f3-9174-c79133c364fc-scaled.jpg?resize=1536%2C1536&amp;ssl=1 1536w, https:\\\/\\\/i0.wp.com\\\/blogs.nmz.de\\\/badblog\\\/files\\\/2025\\\/03\\\/d6bec117-184b-40f3-9174-c79133c364fc-scaled.jpg?resize=2048%2C2048&amp;ssl=1 2048w, https:\\\/\\\/i0.wp.com\\\/blogs.nmz.de\\\/badblog\\\/files\\\/2025\\\/03\\\/d6bec117-184b-40f3-9174-c79133c364fc-scaled.jpg?resize=70%2C70&amp;ssl=1 70w, https:\\\/\\\/i0.wp.com\\\/blogs.nmz.de\\\/badblog\\\/files\\\/2025\\\/03\\\/d6bec117-184b-40f3-9174-c79133c364fc-scaled.jpg?resize=80%2C80&amp;ssl=1 80w, https:\\\/\\\/i0.wp.com\\\/blogs.nmz.de\\\/badblog\\\/files\\\/2025\\\/03\\\/d6bec117-184b-40f3-9174-c79133c364fc-scaled.jpg?resize=320%2C320&amp;ssl=1 320w, https:\\\/\\\/i0.wp.com\\\/blogs.nmz.de\\\/badblog\\\/files\\\/2025\\\/03\\\/d6bec117-184b-40f3-9174-c79133c364fc-scaled.jpg?resize=1320%2C1320&amp;ssl=1 1320w&quot;,&quot;fratio&quot;:1},&quot;ppe-2493-6&quot;:{&quot;title&quot;:&quot;252 &#8211; Interview with Irene Galindo Quero&quot;,&quot;description&quot;:&quot;&lt;p&gt;composer and professor&lt;\\\/p&gt;\\n&lt;p&gt;Irene Quero talks about so many things and how life composition, music and being a woman is so intertwined. Enjoy this inspiring interview!&lt;\\\/p&gt;\\n&lt;p&gt;&lt;a href=\\&quot;https:\\\/\\\/irenegalindoquero.wordpress.com\\\/\\&quot;&gt;https:\\\/\\\/irenegalindoquero.wordpress.com\\\/&lt;\\\/a&gt;&lt;\\\/p&gt;\\n&lt;p&gt;cooparting with nmz&lt;\\\/p&gt;\\n&lt;p&gt;&lt;a href=\\&quot;http:\\\/\\\/www.nmz.de\\&quot;&gt;www.nmz.de&lt;\\\/a&gt;&lt;\\\/p&gt;\\n&lt;p&gt;&lt;a href=\\&quot;http:\\\/\\\/www.irenekurka.de\\&quot;&gt;www.irenekurka.de&lt;\\\/a&gt;&lt;\\\/p&gt;\\n&lt;p&gt;follow and support me on patreon:&lt;\\\/p&gt;\\n&lt;p&gt;&lt;a href=\\&quot;https:\\\/\\\/www.patreon.com\\\/c\\\/user\\\/shop?u=112648747\\&quot;&gt;https:\\\/\\\/www.patreon.com\\\/c\\\/user\\\/shop?u=112648747&lt;\\\/a&gt;&lt;\\\/p&gt;\\n&quot;,&quot;author&quot;:&quot;Kurka&quot;,&quot;date&quot;:&quot;4. M\\u00e4rz 2025&quot;,&quot;link&quot;:&quot;https:\\\/\\\/neuemusikleben.podigee.io\\\/253-neue-episode&quot;,&quot;src&quot;:&quot;https:\\\/\\\/audio.podigee-cdn.net\\\/1748879-m-d07486f51988e9f763770d7dba4e4ad5.mp3?source=feed&quot;,&quot;featured&quot;:&quot;https:\\\/\\\/i0.wp.com\\\/blogs.nmz.de\\\/badblog\\\/files\\\/2025\\\/03\\\/a62c5b1a-7fd1-42f6-8490-5ae2ef06b319-scaled.jpg?fit=768%2C768&#038;ssl=1&quot;,&quot;featured_id&quot;:29771,&quot;mediatype&quot;:&quot;audio&quot;,&quot;season&quot;:0,&quot;categories&quot;:[],&quot;duration&quot;:&quot;01:01:05&quot;,&quot;episodetype&quot;:&quot;full&quot;,&quot;timestamp&quot;:1741064400,&quot;key&quot;:&quot;d2c67ffededc54598a7cecc168129a10&quot;,&quot;fset&quot;:&quot;https:\\\/\\\/i0.wp.com\\\/blogs.nmz.de\\\/badblog\\\/files\\\/2025\\\/03\\\/a62c5b1a-7fd1-42f6-8490-5ae2ef06b319-scaled.jpg?w=2560&amp;ssl=1 2560w, https:\\\/\\\/i0.wp.com\\\/blogs.nmz.de\\\/badblog\\\/files\\\/2025\\\/03\\\/a62c5b1a-7fd1-42f6-8490-5ae2ef06b319-scaled.jpg?resize=480%2C480&amp;ssl=1 480w, https:\\\/\\\/i0.wp.com\\\/blogs.nmz.de\\\/badblog\\\/files\\\/2025\\\/03\\\/a62c5b1a-7fd1-42f6-8490-5ae2ef06b319-scaled.jpg?resize=1024%2C1024&amp;ssl=1 1024w, https:\\\/\\\/i0.wp.com\\\/blogs.nmz.de\\\/badblog\\\/files\\\/2025\\\/03\\\/a62c5b1a-7fd1-42f6-8490-5ae2ef06b319-scaled.jpg?resize=150%2C150&amp;ssl=1 150w, https:\\\/\\\/i0.wp.com\\\/blogs.nmz.de\\\/badblog\\\/files\\\/2025\\\/03\\\/a62c5b1a-7fd1-42f6-8490-5ae2ef06b319-scaled.jpg?resize=768%2C768&amp;ssl=1 768w, https:\\\/\\\/i0.wp.com\\\/blogs.nmz.de\\\/badblog\\\/files\\\/2025\\\/03\\\/a62c5b1a-7fd1-42f6-8490-5ae2ef06b319-scaled.jpg?resize=1536%2C1536&amp;ssl=1 1536w, https:\\\/\\\/i0.wp.com\\\/blogs.nmz.de\\\/badblog\\\/files\\\/2025\\\/03\\\/a62c5b1a-7fd1-42f6-8490-5ae2ef06b319-scaled.jpg?resize=2048%2C2048&amp;ssl=1 2048w, https:\\\/\\\/i0.wp.com\\\/blogs.nmz.de\\\/badblog\\\/files\\\/2025\\\/03\\\/a62c5b1a-7fd1-42f6-8490-5ae2ef06b319-scaled.jpg?resize=70%2C70&amp;ssl=1 70w, https:\\\/\\\/i0.wp.com\\\/blogs.nmz.de\\\/badblog\\\/files\\\/2025\\\/03\\\/a62c5b1a-7fd1-42f6-8490-5ae2ef06b319-scaled.jpg?resize=80%2C80&amp;ssl=1 80w, https:\\\/\\\/i0.wp.com\\\/blogs.nmz.de\\\/badblog\\\/files\\\/2025\\\/03\\\/a62c5b1a-7fd1-42f6-8490-5ae2ef06b319-scaled.jpg?resize=320%2C320&amp;ssl=1 320w, https:\\\/\\\/i0.wp.com\\\/blogs.nmz.de\\\/badblog\\\/files\\\/2025\\\/03\\\/a62c5b1a-7fd1-42f6-8490-5ae2ef06b319-scaled.jpg?resize=1320%2C1320&amp;ssl=1 1320w&quot;,&quot;fratio&quot;:1},&quot;ppe-2493-7&quot;:{&quot;title&quot;:&quot;251 &#8211; Stress, Ma\\u00dfhalten, Ruhe, Solofolge&quot;,&quot;description&quot;:&quot;&lt;p&gt;Solofolge mit Irene Kurka&lt;\\\/p&gt;\\n&lt;p&gt;Die Sopranistin und Performerin Irene Kurka spricht diesmal \\u00fcber Stress, Hirnfunktionen, Hormon Cocktails, Ma\\u00dfhalten, Impulse, Ruhe, Meditation, Stimme, Angst und Aktionismus.&lt;\\\/p&gt;\\n&lt;p&gt;Kopperationspartner der nmz.&lt;\\\/p&gt;\\n&lt;p&gt;&lt;a href=\\&quot;http:\\\/\\\/www.nmz.de\\&quot;&gt;www.nmz.de&lt;\\\/a&gt;&lt;\\\/p&gt;\\n&lt;p&gt;&lt;a href=\\&quot;http:\\\/\\\/www.irenekurka.de\\&quot;&gt;www.irenekurka.de&lt;\\\/a&gt;&lt;\\\/p&gt;\\n&lt;p&gt;DEEP DIVE hier:&lt;\\\/p&gt;\\n&lt;p&gt;&lt;a href=\\&quot;https:\\\/\\\/www.patreon.com\\\/c\\\/user\\\/shop?u=112648747\\&quot;&gt;https:\\\/\\\/www.patreon.com\\\/c\\\/user\\\/shop?u=112648747&lt;\\\/a&gt;&lt;\\\/p&gt;\\n&quot;,&quot;author&quot;:&quot;Kurka&quot;,&quot;date&quot;:&quot;18. Februar 2025&quot;,&quot;link&quot;:&quot;https:\\\/\\\/neuemusikleben.podigee.io\\\/252-new-episode&quot;,&quot;src&quot;:&quot;https:\\\/\\\/audio.podigee-cdn.net\\\/1738495-m-7d911b6626a1d401f05a7722a8004c75.mp3?source=feed&quot;,&quot;featured&quot;:&quot;https:\\\/\\\/i0.wp.com\\\/blogs.nmz.de\\\/badblog\\\/files\\\/2025\\\/02\\\/f371a495-ff41-437c-9b24-4a92ba16429f-scaled.jpg?fit=768%2C768&#038;ssl=1&quot;,&quot;featured_id&quot;:29713,&quot;mediatype&quot;:&quot;audio&quot;,&quot;season&quot;:0,&quot;categories&quot;:[],&quot;duration&quot;:&quot;28:06&quot;,&quot;episodetype&quot;:&quot;full&quot;,&quot;timestamp&quot;:1739856600,&quot;key&quot;:&quot;0b703d04e6944802e18d65f22f820cce&quot;,&quot;fset&quot;:&quot;https:\\\/\\\/i0.wp.com\\\/blogs.nmz.de\\\/badblog\\\/files\\\/2025\\\/02\\\/f371a495-ff41-437c-9b24-4a92ba16429f-scaled.jpg?w=2560&amp;ssl=1 2560w, https:\\\/\\\/i0.wp.com\\\/blogs.nmz.de\\\/badblog\\\/files\\\/2025\\\/02\\\/f371a495-ff41-437c-9b24-4a92ba16429f-scaled.jpg?resize=480%2C480&amp;ssl=1 480w, https:\\\/\\\/i0.wp.com\\\/blogs.nmz.de\\\/badblog\\\/files\\\/2025\\\/02\\\/f371a495-ff41-437c-9b24-4a92ba16429f-scaled.jpg?resize=1024%2C1024&amp;ssl=1 1024w, https:\\\/\\\/i0.wp.com\\\/blogs.nmz.de\\\/badblog\\\/files\\\/2025\\\/02\\\/f371a495-ff41-437c-9b24-4a92ba16429f-scaled.jpg?resize=150%2C150&amp;ssl=1 150w, https:\\\/\\\/i0.wp.com\\\/blogs.nmz.de\\\/badblog\\\/files\\\/2025\\\/02\\\/f371a495-ff41-437c-9b24-4a92ba16429f-scaled.jpg?resize=768%2C768&amp;ssl=1 768w, https:\\\/\\\/i0.wp.com\\\/blogs.nmz.de\\\/badblog\\\/files\\\/2025\\\/02\\\/f371a495-ff41-437c-9b24-4a92ba16429f-scaled.jpg?resize=1536%2C1536&amp;ssl=1 1536w, https:\\\/\\\/i0.wp.com\\\/blogs.nmz.de\\\/badblog\\\/files\\\/2025\\\/02\\\/f371a495-ff41-437c-9b24-4a92ba16429f-scaled.jpg?resize=2048%2C2048&amp;ssl=1 2048w, https:\\\/\\\/i0.wp.com\\\/blogs.nmz.de\\\/badblog\\\/files\\\/2025\\\/02\\\/f371a495-ff41-437c-9b24-4a92ba16429f-scaled.jpg?resize=70%2C70&amp;ssl=1 70w, https:\\\/\\\/i0.wp.com\\\/blogs.nmz.de\\\/badblog\\\/files\\\/2025\\\/02\\\/f371a495-ff41-437c-9b24-4a92ba16429f-scaled.jpg?resize=80%2C80&amp;ssl=1 80w, https:\\\/\\\/i0.wp.com\\\/blogs.nmz.de\\\/badblog\\\/files\\\/2025\\\/02\\\/f371a495-ff41-437c-9b24-4a92ba16429f-scaled.jpg?resize=320%2C320&amp;ssl=1 320w, https:\\\/\\\/i0.wp.com\\\/blogs.nmz.de\\\/badblog\\\/files\\\/2025\\\/02\\\/f371a495-ff41-437c-9b24-4a92ba16429f-scaled.jpg?resize=1320%2C1320&amp;ssl=1 1320w&quot;,&quot;fratio&quot;:1},&quot;ppe-2493-8&quot;:{&quot;title&quot;:&quot;250 &#8211; Interview with Helena Canovas Pares&quot;,&quot;description&quot;:&quot;&lt;p&gt;composer&lt;\\\/p&gt;\\n&lt;p&gt;Helena Canovas Pares talks about her education in Spain and Cologne and how she developed as a composer. She shares her thoughts about voice, singing, inspiration and collaborations.&lt;\\\/p&gt;\\n&lt;p&gt;&lt;a href=\\&quot;https:\\\/\\\/www.hcanovaspares.com\\\/\\&quot;&gt;https:\\\/\\\/www.hcanovaspares.com\\\/&lt;\\\/a&gt;&lt;\\\/p&gt;\\n&lt;p&gt;cooperating with nmz&lt;\\\/p&gt;\\n&lt;p&gt;&lt;a href=\\&quot;http:\\\/\\\/www.nmz.de\\&quot;&gt;www.nmz.de&lt;\\\/a&gt;&lt;\\\/p&gt;\\n&lt;p&gt;&lt;a href=\\&quot;http:\\\/\\\/www.irenekurka.de\\&quot;&gt;www.irenekurka.de&lt;\\\/a&gt;&lt;\\\/p&gt;\\n&lt;p&gt;&lt;a href=\\&quot;mailto:&#x6d;ail&#064;&#105;&#114;&#101;&#110;&#101;&#107;&#x75;r&#x6b;a&#046;&#100;&#x65;\\&quot;&gt;&#x6d;&#097;&#x69;&#108;&#x40;&#x69;&#114;&#101;&#x6e;&#x65;&#x6b;&#x75;&#114;&#x6b;&#x61;&#046;&#100;&#x65;&lt;\\\/a&gt;&lt;\\\/p&gt;\\n&quot;,&quot;author&quot;:&quot;Kurka&quot;,&quot;date&quot;:&quot;4. Februar 2025&quot;,&quot;link&quot;:&quot;https:\\\/\\\/neuemusikleben.podigee.io\\\/251-neue-episode&quot;,&quot;src&quot;:&quot;https:\\\/\\\/audio.podigee-cdn.net\\\/1700746-m-74cf541302ab46e4601bca07b1697ce5.mp3?source=feed&quot;,&quot;featured&quot;:&quot;https:\\\/\\\/i0.wp.com\\\/blogs.nmz.de\\\/badblog\\\/files\\\/2025\\\/02\\\/35a21e7f-d41e-4f12-ba61-0a0329aa6a69-scaled.jpg?fit=768%2C768&#038;ssl=1&quot;,&quot;featured_id&quot;:29690,&quot;mediatype&quot;:&quot;audio&quot;,&quot;season&quot;:0,&quot;categories&quot;:[],&quot;duration&quot;:&quot;43:35&quot;,&quot;episodetype&quot;:&quot;full&quot;,&quot;timestamp&quot;:1738637700,&quot;key&quot;:&quot;9507465a428af26120796ff6f07330d7&quot;,&quot;fset&quot;:&quot;https:\\\/\\\/i0.wp.com\\\/blogs.nmz.de\\\/badblog\\\/files\\\/2025\\\/02\\\/35a21e7f-d41e-4f12-ba61-0a0329aa6a69-scaled.jpg?w=2560&amp;ssl=1 2560w, https:\\\/\\\/i0.wp.com\\\/blogs.nmz.de\\\/badblog\\\/files\\\/2025\\\/02\\\/35a21e7f-d41e-4f12-ba61-0a0329aa6a69-scaled.jpg?resize=480%2C480&amp;ssl=1 480w, https:\\\/\\\/i0.wp.com\\\/blogs.nmz.de\\\/badblog\\\/files\\\/2025\\\/02\\\/35a21e7f-d41e-4f12-ba61-0a0329aa6a69-scaled.jpg?resize=1024%2C1024&amp;ssl=1 1024w, https:\\\/\\\/i0.wp.com\\\/blogs.nmz.de\\\/badblog\\\/files\\\/2025\\\/02\\\/35a21e7f-d41e-4f12-ba61-0a0329aa6a69-scaled.jpg?resize=150%2C150&amp;ssl=1 150w, https:\\\/\\\/i0.wp.com\\\/blogs.nmz.de\\\/badblog\\\/files\\\/2025\\\/02\\\/35a21e7f-d41e-4f12-ba61-0a0329aa6a69-scaled.jpg?resize=768%2C768&amp;ssl=1 768w, https:\\\/\\\/i0.wp.com\\\/blogs.nmz.de\\\/badblog\\\/files\\\/2025\\\/02\\\/35a21e7f-d41e-4f12-ba61-0a0329aa6a69-scaled.jpg?resize=1536%2C1536&amp;ssl=1 1536w, https:\\\/\\\/i0.wp.com\\\/blogs.nmz.de\\\/badblog\\\/files\\\/2025\\\/02\\\/35a21e7f-d41e-4f12-ba61-0a0329aa6a69-scaled.jpg?resize=2048%2C2048&amp;ssl=1 2048w, https:\\\/\\\/i0.wp.com\\\/blogs.nmz.de\\\/badblog\\\/files\\\/2025\\\/02\\\/35a21e7f-d41e-4f12-ba61-0a0329aa6a69-scaled.jpg?resize=70%2C70&amp;ssl=1 70w, https:\\\/\\\/i0.wp.com\\\/blogs.nmz.de\\\/badblog\\\/files\\\/2025\\\/02\\\/35a21e7f-d41e-4f12-ba61-0a0329aa6a69-scaled.jpg?resize=80%2C80&amp;ssl=1 80w, https:\\\/\\\/i0.wp.com\\\/blogs.nmz.de\\\/badblog\\\/files\\\/2025\\\/02\\\/35a21e7f-d41e-4f12-ba61-0a0329aa6a69-scaled.jpg?resize=320%2C320&amp;ssl=1 320w, https:\\\/\\\/i0.wp.com\\\/blogs.nmz.de\\\/badblog\\\/files\\\/2025\\\/02\\\/35a21e7f-d41e-4f12-ba61-0a0329aa6a69-scaled.jpg?resize=1320%2C1320&amp;ssl=1 1320w&quot;,&quot;fratio&quot;:1},&quot;ppe-2493-9&quot;:{&quot;title&quot;:&quot;249 &#8211; Interview mit Reiko F\\u00fcting&quot;,&quot;description&quot;:&quot;&lt;p&gt;Komponist und Professor f\\u00fcr Komposition&lt;\\\/p&gt;\\n&lt;p&gt;Reiko F\\u00fcting spricht \\u00fcber seinen Weg in die neue Musik und wie es ihn in die USA verschlagen hat, wo er seit vielen Jahren Professor f\\u00fcr Komposition an der Manhattan School of Music ist. Er spricht \\u00fcber die M\\u00f6glichkeiten und Unterschiede zwischen Deutschland und den USA und vieles mehr.&lt;\\\/p&gt;\\n&lt;p&gt;&lt;a href=\\&quot;http:\\\/\\\/www.reikofueting.com\\&quot;&gt;www.reikofueting.com&lt;\\\/a&gt;&lt;\\\/p&gt;\\n&lt;p&gt;&lt;a href=\\&quot;http:\\\/\\\/www.irenekurka.de\\&quot;&gt;www.irenekurka.de&lt;\\\/a&gt;&lt;\\\/p&gt;\\n&lt;p&gt;Kooperationspartnerin der nmz&lt;\\\/p&gt;\\n&lt;p&gt;&lt;a href=\\&quot;http:\\\/\\\/www.nmz.de\\&quot;&gt;www.nmz.de&lt;\\\/a&gt;&lt;\\\/p&gt;\\n&quot;,&quot;author&quot;:&quot;Kurka&quot;,&quot;date&quot;:&quot;21. Januar 2025&quot;,&quot;link&quot;:&quot;https:\\\/\\\/neuemusikleben.podigee.io\\\/245-neue-episode&quot;,&quot;src&quot;:&quot;https:\\\/\\\/audio.podigee-cdn.net\\\/1634314-m-25208e2c1dfe968bfe27e93127ae8231.mp3?source=feed&quot;,&quot;featured&quot;:&quot;https:\\\/\\\/i0.wp.com\\\/blogs.nmz.de\\\/badblog\\\/files\\\/2025\\\/01\\\/b44fdbd8-8fc2-499e-8ef3-26433cac3dd1-scaled.jpg?fit=768%2C768&#038;ssl=1&quot;,&quot;featured_id&quot;:29665,&quot;mediatype&quot;:&quot;audio&quot;,&quot;season&quot;:0,&quot;categories&quot;:[],&quot;duration&quot;:&quot;45:45&quot;,&quot;episodetype&quot;:&quot;full&quot;,&quot;timestamp&quot;:1737433500,&quot;key&quot;:&quot;bb139921e6a9da0dde0bda2755460739&quot;,&quot;fset&quot;:&quot;https:\\\/\\\/i0.wp.com\\\/blogs.nmz.de\\\/badblog\\\/files\\\/2025\\\/01\\\/b44fdbd8-8fc2-499e-8ef3-26433cac3dd1-scaled.jpg?w=2560&amp;ssl=1 2560w, https:\\\/\\\/i0.wp.com\\\/blogs.nmz.de\\\/badblog\\\/files\\\/2025\\\/01\\\/b44fdbd8-8fc2-499e-8ef3-26433cac3dd1-scaled.jpg?resize=480%2C480&amp;ssl=1 480w, https:\\\/\\\/i0.wp.com\\\/blogs.nmz.de\\\/badblog\\\/files\\\/2025\\\/01\\\/b44fdbd8-8fc2-499e-8ef3-26433cac3dd1-scaled.jpg?resize=1024%2C1024&amp;ssl=1 1024w, https:\\\/\\\/i0.wp.com\\\/blogs.nmz.de\\\/badblog\\\/files\\\/2025\\\/01\\\/b44fdbd8-8fc2-499e-8ef3-26433cac3dd1-scaled.jpg?resize=150%2C150&amp;ssl=1 150w, https:\\\/\\\/i0.wp.com\\\/blogs.nmz.de\\\/badblog\\\/files\\\/2025\\\/01\\\/b44fdbd8-8fc2-499e-8ef3-26433cac3dd1-scaled.jpg?resize=768%2C768&amp;ssl=1 768w, https:\\\/\\\/i0.wp.com\\\/blogs.nmz.de\\\/badblog\\\/files\\\/2025\\\/01\\\/b44fdbd8-8fc2-499e-8ef3-26433cac3dd1-scaled.jpg?resize=1536%2C1536&amp;ssl=1 1536w, https:\\\/\\\/i0.wp.com\\\/blogs.nmz.de\\\/badblog\\\/files\\\/2025\\\/01\\\/b44fdbd8-8fc2-499e-8ef3-26433cac3dd1-scaled.jpg?resize=2048%2C2048&amp;ssl=1 2048w, https:\\\/\\\/i0.wp.com\\\/blogs.nmz.de\\\/badblog\\\/files\\\/2025\\\/01\\\/b44fdbd8-8fc2-499e-8ef3-26433cac3dd1-scaled.jpg?resize=70%2C70&amp;ssl=1 70w, https:\\\/\\\/i0.wp.com\\\/blogs.nmz.de\\\/badblog\\\/files\\\/2025\\\/01\\\/b44fdbd8-8fc2-499e-8ef3-26433cac3dd1-scaled.jpg?resize=80%2C80&amp;ssl=1 80w, https:\\\/\\\/i0.wp.com\\\/blogs.nmz.de\\\/badblog\\\/files\\\/2025\\\/01\\\/b44fdbd8-8fc2-499e-8ef3-26433cac3dd1-scaled.jpg?resize=320%2C320&amp;ssl=1 320w, https:\\\/\\\/i0.wp.com\\\/blogs.nmz.de\\\/badblog\\\/files\\\/2025\\\/01\\\/b44fdbd8-8fc2-499e-8ef3-26433cac3dd1-scaled.jpg?resize=1320%2C1320&amp;ssl=1 1320w&quot;,&quot;fratio&quot;:1},&quot;ppe-2493-10&quot;:{&quot;title&quot;:&quot;248 -Interview with Johannes Kreidler&quot;,&quot;description&quot;:&quot;&lt;p&gt;composer and professor&lt;\\\/p&gt;\\n&lt;p&gt;Johannes Kreidler talks about his way into contemporary music and how he became a conceptual composer. He speaks about teaching in Basel and what happened in and since the pandemic in his artistic life. He also shares his creative process with us.&lt;\\\/p&gt;\\n&lt;p&gt;&lt;a href=\\&quot;http:\\\/\\\/www.kreidler-net.de\\&quot;&gt;www.kreidler-net.de&lt;\\\/a&gt;&lt;\\\/p&gt;\\n&lt;p&gt;&lt;a href=\\&quot;http:\\\/\\\/www.sheetmusic-kreidler.com\\&quot;&gt;www.sheetmusic-kreidler.com&lt;\\\/a&gt;&lt;\\\/p&gt;\\n&lt;p&gt;cooperating with nmw&lt;br \\\/&gt;\\nNeue Musikzeitung&lt;\\\/p&gt;\\n&lt;p&gt;&lt;a href=\\&quot;http:\\\/\\\/www.nmz.de\\&quot;&gt;www.nmz.de&lt;\\\/a&gt;&lt;\\\/p&gt;\\n&lt;p&gt;&lt;a href=\\&quot;http:\\\/\\\/www.irenekurka.de\\&quot;&gt;www.irenekurka.de&lt;\\\/a&gt;&lt;\\\/p&gt;\\n&lt;p&gt;&lt;a href=\\&quot;https:\\\/\\\/www.patreon.com\\\/c\\\/user?u=112648747\\&quot;&gt;https:\\\/\\\/www.patreon.com\\\/c\\\/user?u=112648747&lt;\\\/a&gt;&lt;\\\/p&gt;\\n&quot;,&quot;author&quot;:&quot;Irene Kurka&quot;,&quot;date&quot;:&quot;7. Januar 2025&quot;,&quot;link&quot;:&quot;https:\\\/\\\/neuemusikleben.podigee.io\\\/244-neue-episode&quot;,&quot;src&quot;:&quot;https:\\\/\\\/audio.podigee-cdn.net\\\/1634313-m-5fa541f71974759d97480af6cc66480f.mp3?source=feed&quot;,&quot;featured&quot;:&quot;https:\\\/\\\/i0.wp.com\\\/blogs.nmz.de\\\/badblog\\\/files\\\/2025\\\/01\\\/32d0e254-2bf2-4922-b90f-9cce1b3fa111-scaled.jpg?fit=768%2C768&#038;ssl=1&quot;,&quot;featured_id&quot;:29630,&quot;mediatype&quot;:&quot;audio&quot;,&quot;season&quot;:0,&quot;categories&quot;:[],&quot;duration&quot;:&quot;50:57&quot;,&quot;episodetype&quot;:&quot;full&quot;,&quot;timestamp&quot;:1736225400,&quot;key&quot;:&quot;8c972b3de6ead710b9b226ad3fe20277&quot;,&quot;fset&quot;:&quot;https:\\\/\\\/i0.wp.com\\\/blogs.nmz.de\\\/badblog\\\/files\\\/2025\\\/01\\\/32d0e254-2bf2-4922-b90f-9cce1b3fa111-scaled.jpg?w=2560&amp;ssl=1 2560w, https:\\\/\\\/i0.wp.com\\\/blogs.nmz.de\\\/badblog\\\/files\\\/2025\\\/01\\\/32d0e254-2bf2-4922-b90f-9cce1b3fa111-scaled.jpg?resize=480%2C480&amp;ssl=1 480w, https:\\\/\\\/i0.wp.com\\\/blogs.nmz.de\\\/badblog\\\/files\\\/2025\\\/01\\\/32d0e254-2bf2-4922-b90f-9cce1b3fa111-scaled.jpg?resize=1024%2C1024&amp;ssl=1 1024w, https:\\\/\\\/i0.wp.com\\\/blogs.nmz.de\\\/badblog\\\/files\\\/2025\\\/01\\\/32d0e254-2bf2-4922-b90f-9cce1b3fa111-scaled.jpg?resize=150%2C150&amp;ssl=1 150w, https:\\\/\\\/i0.wp.com\\\/blogs.nmz.de\\\/badblog\\\/files\\\/2025\\\/01\\\/32d0e254-2bf2-4922-b90f-9cce1b3fa111-scaled.jpg?resize=768%2C768&amp;ssl=1 768w, https:\\\/\\\/i0.wp.com\\\/blogs.nmz.de\\\/badblog\\\/files\\\/2025\\\/01\\\/32d0e254-2bf2-4922-b90f-9cce1b3fa111-scaled.jpg?resize=1536%2C1536&amp;ssl=1 1536w, https:\\\/\\\/i0.wp.com\\\/blogs.nmz.de\\\/badblog\\\/files\\\/2025\\\/01\\\/32d0e254-2bf2-4922-b90f-9cce1b3fa111-scaled.jpg?resize=2048%2C2048&amp;ssl=1 2048w, https:\\\/\\\/i0.wp.com\\\/blogs.nmz.de\\\/badblog\\\/files\\\/2025\\\/01\\\/32d0e254-2bf2-4922-b90f-9cce1b3fa111-scaled.jpg?resize=70%2C70&amp;ssl=1 70w, https:\\\/\\\/i0.wp.com\\\/blogs.nmz.de\\\/badblog\\\/files\\\/2025\\\/01\\\/32d0e254-2bf2-4922-b90f-9cce1b3fa111-scaled.jpg?resize=80%2C80&amp;ssl=1 80w, https:\\\/\\\/i0.wp.com\\\/blogs.nmz.de\\\/badblog\\\/files\\\/2025\\\/01\\\/32d0e254-2bf2-4922-b90f-9cce1b3fa111-scaled.jpg?resize=320%2C320&amp;ssl=1 320w, https:\\\/\\\/i0.wp.com\\\/blogs.nmz.de\\\/badblog\\\/files\\\/2025\\\/01\\\/32d0e254-2bf2-4922-b90f-9cce1b3fa111-scaled.jpg?resize=1320%2C1320&amp;ssl=1 1320w&quot;,&quot;fratio&quot;:1},&quot;ppe-2493-11&quot;:{&quot;title&quot;:&quot;247 &#8211; Learnings and review 2024&quot;,&quot;description&quot;:&quot;&lt;p&gt;solo episode with soprano Irene Kurka&lt;\\\/p&gt;\\n&lt;p&gt;Irene Kurka is reflecting on 2024. This a personal episode.&lt;\\\/p&gt;\\n&lt;p&gt;Thank you for listening!&lt;\\\/p&gt;\\n&lt;p&gt;Merry Christmas and a happy new year!!!&lt;\\\/p&gt;\\n&lt;p&gt;Fr\\u00f6hliche Weihnachten und ein gl\\u00fcckliches 2025!&lt;\\\/p&gt;\\n&lt;p&gt;Danke f\\u00fcrs Zuh\\u00f6ren, Einschalten und eure Treue!&lt;\\\/p&gt;\\n&lt;p&gt;&lt;a href=\\&quot;http:\\\/\\\/www.irenekurka.de\\&quot;&gt;www.irenekurka.de&lt;\\\/a&gt;&lt;\\\/p&gt;\\n&lt;p&gt;&lt;a href=\\&quot;https:\\\/\\\/irenekurka.de\\\/book-me\\\/coaching\\&quot;&gt;https:\\\/\\\/irenekurka.de\\\/book-me\\\/coaching&lt;\\\/a&gt;&lt;\\\/p&gt;\\n&lt;p&gt;&lt;a href=\\&quot;https:\\\/\\\/www.patreon.com\\\/c\\\/user\\\/shop?u=112648747\\&quot;&gt;https:\\\/\\\/www.patreon.com\\\/c\\\/user\\\/shop?u=112648747&lt;\\\/a&gt;&lt;\\\/p&gt;\\n&lt;p&gt;Kooperationspartnerin der nmz&lt;\\\/p&gt;\\n&lt;p&gt;&lt;a href=\\&quot;http:\\\/\\\/www.nmz.de\\&quot;&gt;www.nmz.de&lt;\\\/a&gt;&lt;\\\/p&gt;\\n&quot;,&quot;author&quot;:&quot;Kurka&quot;,&quot;date&quot;:&quot;18. Dezember 2024&quot;,&quot;link&quot;:&quot;https:\\\/\\\/neuemusikleben.podigee.io\\\/250-neue-episode&quot;,&quot;src&quot;:&quot;https:\\\/\\\/audio.podigee-cdn.net\\\/1695503-m-bbffd740d9c5a525cc6b30b08eb4f6f6.mp3?source=feed&quot;,&quot;featured&quot;:&quot;https:\\\/\\\/i0.wp.com\\\/blogs.nmz.de\\\/badblog\\\/files\\\/2024\\\/12\\\/bd3843bd-e368-4ccc-97f6-a15df74b881b-scaled.jpg?fit=768%2C768&#038;ssl=1&quot;,&quot;featured_id&quot;:29572,&quot;mediatype&quot;:&quot;audio&quot;,&quot;season&quot;:0,&quot;categories&quot;:[],&quot;duration&quot;:&quot;19:44&quot;,&quot;episodetype&quot;:&quot;full&quot;,&quot;timestamp&quot;:1734504900,&quot;key&quot;:&quot;ed516215afef2d7f34c965b3c2d78d23&quot;,&quot;fset&quot;:&quot;https:\\\/\\\/i0.wp.com\\\/blogs.nmz.de\\\/badblog\\\/files\\\/2024\\\/12\\\/bd3843bd-e368-4ccc-97f6-a15df74b881b-scaled.jpg?w=2560&amp;ssl=1 2560w, https:\\\/\\\/i0.wp.com\\\/blogs.nmz.de\\\/badblog\\\/files\\\/2024\\\/12\\\/bd3843bd-e368-4ccc-97f6-a15df74b881b-scaled.jpg?resize=480%2C480&amp;ssl=1 480w, https:\\\/\\\/i0.wp.com\\\/blogs.nmz.de\\\/badblog\\\/files\\\/2024\\\/12\\\/bd3843bd-e368-4ccc-97f6-a15df74b881b-scaled.jpg?resize=1024%2C1024&amp;ssl=1 1024w, https:\\\/\\\/i0.wp.com\\\/blogs.nmz.de\\\/badblog\\\/files\\\/2024\\\/12\\\/bd3843bd-e368-4ccc-97f6-a15df74b881b-scaled.jpg?resize=150%2C150&amp;ssl=1 150w, https:\\\/\\\/i0.wp.com\\\/blogs.nmz.de\\\/badblog\\\/files\\\/2024\\\/12\\\/bd3843bd-e368-4ccc-97f6-a15df74b881b-scaled.jpg?resize=768%2C768&amp;ssl=1 768w, https:\\\/\\\/i0.wp.com\\\/blogs.nmz.de\\\/badblog\\\/files\\\/2024\\\/12\\\/bd3843bd-e368-4ccc-97f6-a15df74b881b-scaled.jpg?resize=1536%2C1536&amp;ssl=1 1536w, https:\\\/\\\/i0.wp.com\\\/blogs.nmz.de\\\/badblog\\\/files\\\/2024\\\/12\\\/bd3843bd-e368-4ccc-97f6-a15df74b881b-scaled.jpg?resize=2048%2C2048&amp;ssl=1 2048w, https:\\\/\\\/i0.wp.com\\\/blogs.nmz.de\\\/badblog\\\/files\\\/2024\\\/12\\\/bd3843bd-e368-4ccc-97f6-a15df74b881b-scaled.jpg?resize=70%2C70&amp;ssl=1 70w, https:\\\/\\\/i0.wp.com\\\/blogs.nmz.de\\\/badblog\\\/files\\\/2024\\\/12\\\/bd3843bd-e368-4ccc-97f6-a15df74b881b-scaled.jpg?resize=80%2C80&amp;ssl=1 80w, https:\\\/\\\/i0.wp.com\\\/blogs.nmz.de\\\/badblog\\\/files\\\/2024\\\/12\\\/bd3843bd-e368-4ccc-97f6-a15df74b881b-scaled.jpg?resize=320%2C320&amp;ssl=1 320w, https:\\\/\\\/i0.wp.com\\\/blogs.nmz.de\\\/badblog\\\/files\\\/2024\\\/12\\\/bd3843bd-e368-4ccc-97f6-a15df74b881b-scaled.jpg?resize=1320%2C1320&amp;ssl=1 1320w&quot;,&quot;fratio&quot;:1},&quot;ppe-2493-12&quot;:{&quot;title&quot;:&quot;246 &#8211; R\\u00fcckblick und Learnings 2024&quot;,&quot;description&quot;:&quot;&lt;p&gt;Solofolge mit Irene Kurka&lt;\\\/p&gt;\\n&lt;p&gt;Irene Kurka spricht \\u00fcber ihre Erfahrungen, Neuerungen und Erfolge rund um den Podcast, Konzerte in Braga, Luxembourg, Coaching, Human Design, Entspannung und Ruhe und vieles mehr.&lt;\\\/p&gt;\\n&lt;p&gt;Fr\\u00f6hliche Weihnachten und ein gl\\u00fcckliches 2025!&lt;\\\/p&gt;\\n&lt;p&gt;Danke f\\u00fcrs Zuh\\u00f6ren, Einschalten und eure Treue!&lt;\\\/p&gt;\\n&lt;p&gt;&lt;a href=\\&quot;http:\\\/\\\/www.irenekurka.de\\&quot;&gt;www.irenekurka.de&lt;\\\/a&gt;&lt;\\\/p&gt;\\n&lt;p&gt;&lt;a href=\\&quot;https:\\\/\\\/irenekurka.de\\\/book-me\\\/coaching\\&quot;&gt;https:\\\/\\\/irenekurka.de\\\/book-me\\\/coaching&lt;\\\/a&gt;&lt;\\\/p&gt;\\n&lt;p&gt;&lt;a href=\\&quot;https:\\\/\\\/www.patreon.com\\\/c\\\/user\\\/shop?u=112648747\\&quot;&gt;https:\\\/\\\/www.patreon.com\\\/c\\\/user\\\/shop?u=112648747&lt;\\\/a&gt;&lt;\\\/p&gt;\\n&lt;p&gt;Kooperationspartnerin der nmz&lt;\\\/p&gt;\\n&lt;p&gt;&lt;a href=\\&quot;http:\\\/\\\/www.nmz.de\\&quot;&gt;www.nmz.de&lt;\\\/a&gt;&lt;\\\/p&gt;\\n&quot;,&quot;author&quot;:&quot;Kurka&quot;,&quot;date&quot;:&quot;17. Dezember 2024&quot;,&quot;link&quot;:&quot;https:\\\/\\\/neuemusikleben.podigee.io\\\/243-neue-episode&quot;,&quot;src&quot;:&quot;https:\\\/\\\/audio.podigee-cdn.net\\\/1634311-m-283216d93c2923ac0ab6d02c249595d5.mp3?source=feed&quot;,&quot;featured&quot;:&quot;https:\\\/\\\/i0.wp.com\\\/blogs.nmz.de\\\/badblog\\\/files\\\/2024\\\/12\\\/ec8f2441-2d39-4d93-b90f-0430cfd1f7f5-scaled.jpg?fit=768%2C768&#038;ssl=1&quot;,&quot;featured_id&quot;:29571,&quot;mediatype&quot;:&quot;audio&quot;,&quot;season&quot;:0,&quot;categories&quot;:[],&quot;duration&quot;:&quot;28:09&quot;,&quot;episodetype&quot;:&quot;full&quot;,&quot;timestamp&quot;:1734412800,&quot;key&quot;:&quot;f5eed6f4084a738ed16e833610982a85&quot;,&quot;fset&quot;:&quot;https:\\\/\\\/i0.wp.com\\\/blogs.nmz.de\\\/badblog\\\/files\\\/2024\\\/12\\\/ec8f2441-2d39-4d93-b90f-0430cfd1f7f5-scaled.jpg?w=2560&amp;ssl=1 2560w, https:\\\/\\\/i0.wp.com\\\/blogs.nmz.de\\\/badblog\\\/files\\\/2024\\\/12\\\/ec8f2441-2d39-4d93-b90f-0430cfd1f7f5-scaled.jpg?resize=480%2C480&amp;ssl=1 480w, https:\\\/\\\/i0.wp.com\\\/blogs.nmz.de\\\/badblog\\\/files\\\/2024\\\/12\\\/ec8f2441-2d39-4d93-b90f-0430cfd1f7f5-scaled.jpg?resize=1024%2C1024&amp;ssl=1 1024w, https:\\\/\\\/i0.wp.com\\\/blogs.nmz.de\\\/badblog\\\/files\\\/2024\\\/12\\\/ec8f2441-2d39-4d93-b90f-0430cfd1f7f5-scaled.jpg?resize=150%2C150&amp;ssl=1 150w, https:\\\/\\\/i0.wp.com\\\/blogs.nmz.de\\\/badblog\\\/files\\\/2024\\\/12\\\/ec8f2441-2d39-4d93-b90f-0430cfd1f7f5-scaled.jpg?resize=768%2C768&amp;ssl=1 768w, https:\\\/\\\/i0.wp.com\\\/blogs.nmz.de\\\/badblog\\\/files\\\/2024\\\/12\\\/ec8f2441-2d39-4d93-b90f-0430cfd1f7f5-scaled.jpg?resize=1536%2C1536&amp;ssl=1 1536w, https:\\\/\\\/i0.wp.com\\\/blogs.nmz.de\\\/badblog\\\/files\\\/2024\\\/12\\\/ec8f2441-2d39-4d93-b90f-0430cfd1f7f5-scaled.jpg?resize=2048%2C2048&amp;ssl=1 2048w, https:\\\/\\\/i0.wp.com\\\/blogs.nmz.de\\\/badblog\\\/files\\\/2024\\\/12\\\/ec8f2441-2d39-4d93-b90f-0430cfd1f7f5-scaled.jpg?resize=70%2C70&amp;ssl=1 70w, https:\\\/\\\/i0.wp.com\\\/blogs.nmz.de\\\/badblog\\\/files\\\/2024\\\/12\\\/ec8f2441-2d39-4d93-b90f-0430cfd1f7f5-scaled.jpg?resize=80%2C80&amp;ssl=1 80w, https:\\\/\\\/i0.wp.com\\\/blogs.nmz.de\\\/badblog\\\/files\\\/2024\\\/12\\\/ec8f2441-2d39-4d93-b90f-0430cfd1f7f5-scaled.jpg?resize=320%2C320&amp;ssl=1 320w, https:\\\/\\\/i0.wp.com\\\/blogs.nmz.de\\\/badblog\\\/files\\\/2024\\\/12\\\/ec8f2441-2d39-4d93-b90f-0430cfd1f7f5-scaled.jpg?resize=1320%2C1320&amp;ssl=1 1320w&quot;,&quot;fratio&quot;:1},&quot;ppe-2493-13&quot;:{&quot;title&quot;:&quot;245 &#8211; Interview with Rosie Middleton &#8211; rainy days Luxembourg (4)&quot;,&quot;description&quot;:&quot;&lt;p&gt;mezzo-soprano&lt;\\\/p&gt;\\n&lt;p&gt;Rosie Middleton talks about her way into singing contemporary music and music theatre and how she enjoys exploring extreme situations for her voice and body. She shares her experience of 12 Hours at rainy day festival Luxembourg.This podcast is a cooperation with rainy days Philharmonie Luxembourg.&lt;\\\/p&gt;\\n&lt;p&gt;&lt;a href=\\&quot;https:\\\/\\\/rosiemiddleton.com\\\/\\&quot;&gt;https:\\\/\\\/rosiemiddleton.com\\\/&lt;\\\/a&gt;&lt;\\\/p&gt;\\n&lt;p&gt;&lt;a href=\\&quot;https:\\\/\\\/www.philharmonie.lu\\\/en\\\/programme\\\/2024-25\\\/festival-overview\\\/rainy-days-2024-0000013e00000470\\&quot;&gt;https:\\\/\\\/www.philharmonie.lu\\\/en\\\/programme\\\/2024-25\\\/festival-overview\\\/rainy-days-2024-0000013e00000470&lt;\\\/a&gt;&lt;\\\/p&gt;\\n&lt;p&gt;cooperating with Neue Musikzeitung &lt;a href=\\&quot;http:\\\/\\\/www.nmz.de\\&quot;&gt;www.nmz.de&lt;\\\/a&gt;&lt;\\\/p&gt;\\n&lt;p&gt;&lt;a href=\\&quot;http:\\\/\\\/www.irenekurka.de\\&quot;&gt;www.irenekurka.de&lt;\\\/a&gt;&lt;\\\/p&gt;\\n&quot;,&quot;author&quot;:&quot;Kurka&quot;,&quot;date&quot;:&quot;4. Dezember 2024&quot;,&quot;link&quot;:&quot;https:\\\/\\\/neuemusikleben.podigee.io\\\/249-neue-episode&quot;,&quot;src&quot;:&quot;https:\\\/\\\/audio.podigee-cdn.net\\\/1678089-m-0b3832e970f2426e81a62aff2ff7b34c.mp3?source=feed&quot;,&quot;featured&quot;:&quot;https:\\\/\\\/i0.wp.com\\\/blogs.nmz.de\\\/badblog\\\/files\\\/2024\\\/12\\\/dbdd6192-205d-471b-af05-6c8012544111-scaled.jpg?fit=768%2C768&#038;ssl=1&quot;,&quot;featured_id&quot;:29538,&quot;mediatype&quot;:&quot;audio&quot;,&quot;season&quot;:0,&quot;categories&quot;:[],&quot;duration&quot;:&quot;58:23&quot;,&quot;episodetype&quot;:&quot;full&quot;,&quot;timestamp&quot;:1733287800,&quot;key&quot;:&quot;59c06e5ee8c7948e85ffd5ce466e6121&quot;,&quot;fset&quot;:&quot;https:\\\/\\\/i0.wp.com\\\/blogs.nmz.de\\\/badblog\\\/files\\\/2024\\\/12\\\/dbdd6192-205d-471b-af05-6c8012544111-scaled.jpg?w=2560&amp;ssl=1 2560w, https:\\\/\\\/i0.wp.com\\\/blogs.nmz.de\\\/badblog\\\/files\\\/2024\\\/12\\\/dbdd6192-205d-471b-af05-6c8012544111-scaled.jpg?resize=480%2C480&amp;ssl=1 480w, https:\\\/\\\/i0.wp.com\\\/blogs.nmz.de\\\/badblog\\\/files\\\/2024\\\/12\\\/dbdd6192-205d-471b-af05-6c8012544111-scaled.jpg?resize=1024%2C1024&amp;ssl=1 1024w, https:\\\/\\\/i0.wp.com\\\/blogs.nmz.de\\\/badblog\\\/files\\\/2024\\\/12\\\/dbdd6192-205d-471b-af05-6c8012544111-scaled.jpg?resize=150%2C150&amp;ssl=1 150w, https:\\\/\\\/i0.wp.com\\\/blogs.nmz.de\\\/badblog\\\/files\\\/2024\\\/12\\\/dbdd6192-205d-471b-af05-6c8012544111-scaled.jpg?resize=768%2C768&amp;ssl=1 768w, https:\\\/\\\/i0.wp.com\\\/blogs.nmz.de\\\/badblog\\\/files\\\/2024\\\/12\\\/dbdd6192-205d-471b-af05-6c8012544111-scaled.jpg?resize=1536%2C1536&amp;ssl=1 1536w, https:\\\/\\\/i0.wp.com\\\/blogs.nmz.de\\\/badblog\\\/files\\\/2024\\\/12\\\/dbdd6192-205d-471b-af05-6c8012544111-scaled.jpg?resize=2048%2C2048&amp;ssl=1 2048w, https:\\\/\\\/i0.wp.com\\\/blogs.nmz.de\\\/badblog\\\/files\\\/2024\\\/12\\\/dbdd6192-205d-471b-af05-6c8012544111-scaled.jpg?resize=70%2C70&amp;ssl=1 70w, https:\\\/\\\/i0.wp.com\\\/blogs.nmz.de\\\/badblog\\\/files\\\/2024\\\/12\\\/dbdd6192-205d-471b-af05-6c8012544111-scaled.jpg?resize=80%2C80&amp;ssl=1 80w, https:\\\/\\\/i0.wp.com\\\/blogs.nmz.de\\\/badblog\\\/files\\\/2024\\\/12\\\/dbdd6192-205d-471b-af05-6c8012544111-scaled.jpg?resize=320%2C320&amp;ssl=1 320w, https:\\\/\\\/i0.wp.com\\\/blogs.nmz.de\\\/badblog\\\/files\\\/2024\\\/12\\\/dbdd6192-205d-471b-af05-6c8012544111-scaled.jpg?resize=1320%2C1320&amp;ssl=1 1320w&quot;,&quot;fratio&quot;:1},&quot;ppe-2493-14&quot;:{&quot;title&quot;:&quot;244 &#8211; Interview with Ana Sokolovic&quot;,&quot;description&quot;:&quot;&lt;p&gt;composer and professor&lt;\\\/p&gt;\\n&lt;p&gt;Ana Sokolovic talks about her way into new music and her big interest in vocal music and music theater. She shares with us what inspires her and she connects many different things in her works. &lt;\\\/p&gt;\\n&lt;p&gt;&lt;a href=\\&quot;https:\\\/\\\/www.anasokolovic.com\\\/en\\\/\\&quot;&gt;https:\\\/\\\/www.anasokolovic.com\\\/en\\\/&lt;\\\/a&gt;&lt;\\\/p&gt;\\n&lt;p&gt;&lt;a href=\\&quot;https:\\\/\\\/www.boosey.com\\\/composer\\\/Ana+Sokolovic\\&quot;&gt;https:\\\/\\\/www.boosey.com\\\/composer\\\/Ana+Sokolovic&lt;\\\/a&gt;&lt;\\\/p&gt;\\n&lt;p&gt;&lt;a href=\\&quot;https:\\\/\\\/creationopera.ca\\\/en\\\/\\&quot;&gt;https:\\\/\\\/creationopera.ca\\\/en\\\/&lt;\\\/a&gt;&lt;\\\/p&gt;\\n&lt;p&gt;Kooperationspartner der nmz&lt;br \\\/&gt;\\nder Neuen Musikzeitung&lt;br \\\/&gt;\\n&lt;a href=\\&quot;http:\\\/\\\/www.nmz.de\\&quot;&gt;www.nmz.de&lt;\\\/a&gt;&lt;\\\/p&gt;\\n&lt;p&gt;&lt;a href=\\&quot;http:\\\/\\\/www.irenekurka.de\\&quot;&gt;www.irenekurka.de&lt;\\\/a&gt;&lt;\\\/p&gt;\\n&lt;p&gt;&lt;a href=\\&quot;https:\\\/\\\/www.patreon.com\\\/c\\\/user?u=112648747\\&quot;&gt;https:\\\/\\\/www.patreon.com\\\/c\\\/user?u=112648747&lt;\\\/a&gt;&lt;\\\/p&gt;\\n&quot;,&quot;author&quot;:&quot;Kurka&quot;,&quot;date&quot;:&quot;3. Dezember 2024&quot;,&quot;link&quot;:&quot;https:\\\/\\\/neuemusikleben.podigee.io\\\/242-neue-episode&quot;,&quot;src&quot;:&quot;https:\\\/\\\/audio.podigee-cdn.net\\\/1548193-m-3d03dfb4b350d0be216ddc7bfa76b31d.mp3?source=feed&quot;,&quot;featured&quot;:&quot;https:\\\/\\\/i0.wp.com\\\/blogs.nmz.de\\\/badblog\\\/files\\\/2024\\\/12\\\/2bebc7e1-c78a-4b84-8576-33aa59bfeb8f-scaled.jpg?fit=768%2C768&#038;ssl=1&quot;,&quot;featured_id&quot;:29537,&quot;mediatype&quot;:&quot;audio&quot;,&quot;season&quot;:0,&quot;categories&quot;:[],&quot;duration&quot;:&quot;53:56&quot;,&quot;episodetype&quot;:&quot;full&quot;,&quot;timestamp&quot;:1733200500,&quot;key&quot;:&quot;5ef64a753bf8f14173397999c4b1239e&quot;,&quot;fset&quot;:&quot;https:\\\/\\\/i0.wp.com\\\/blogs.nmz.de\\\/badblog\\\/files\\\/2024\\\/12\\\/2bebc7e1-c78a-4b84-8576-33aa59bfeb8f-scaled.jpg?w=2560&amp;ssl=1 2560w, https:\\\/\\\/i0.wp.com\\\/blogs.nmz.de\\\/badblog\\\/files\\\/2024\\\/12\\\/2bebc7e1-c78a-4b84-8576-33aa59bfeb8f-scaled.jpg?resize=480%2C480&amp;ssl=1 480w, https:\\\/\\\/i0.wp.com\\\/blogs.nmz.de\\\/badblog\\\/files\\\/2024\\\/12\\\/2bebc7e1-c78a-4b84-8576-33aa59bfeb8f-scaled.jpg?resize=1024%2C1024&amp;ssl=1 1024w, https:\\\/\\\/i0.wp.com\\\/blogs.nmz.de\\\/badblog\\\/files\\\/2024\\\/12\\\/2bebc7e1-c78a-4b84-8576-33aa59bfeb8f-scaled.jpg?resize=150%2C150&amp;ssl=1 150w, https:\\\/\\\/i0.wp.com\\\/blogs.nmz.de\\\/badblog\\\/files\\\/2024\\\/12\\\/2bebc7e1-c78a-4b84-8576-33aa59bfeb8f-scaled.jpg?resize=768%2C768&amp;ssl=1 768w, https:\\\/\\\/i0.wp.com\\\/blogs.nmz.de\\\/badblog\\\/files\\\/2024\\\/12\\\/2bebc7e1-c78a-4b84-8576-33aa59bfeb8f-scaled.jpg?resize=1536%2C1536&amp;ssl=1 1536w, https:\\\/\\\/i0.wp.com\\\/blogs.nmz.de\\\/badblog\\\/files\\\/2024\\\/12\\\/2bebc7e1-c78a-4b84-8576-33aa59bfeb8f-scaled.jpg?resize=2048%2C2048&amp;ssl=1 2048w, https:\\\/\\\/i0.wp.com\\\/blogs.nmz.de\\\/badblog\\\/files\\\/2024\\\/12\\\/2bebc7e1-c78a-4b84-8576-33aa59bfeb8f-scaled.jpg?resize=70%2C70&amp;ssl=1 70w, https:\\\/\\\/i0.wp.com\\\/blogs.nmz.de\\\/badblog\\\/files\\\/2024\\\/12\\\/2bebc7e1-c78a-4b84-8576-33aa59bfeb8f-scaled.jpg?resize=80%2C80&amp;ssl=1 80w, https:\\\/\\\/i0.wp.com\\\/blogs.nmz.de\\\/badblog\\\/files\\\/2024\\\/12\\\/2bebc7e1-c78a-4b84-8576-33aa59bfeb8f-scaled.jpg?resize=320%2C320&amp;ssl=1 320w, https:\\\/\\\/i0.wp.com\\\/blogs.nmz.de\\\/badblog\\\/files\\\/2024\\\/12\\\/2bebc7e1-c78a-4b84-8576-33aa59bfeb8f-scaled.jpg?resize=1320%2C1320&amp;ssl=1 1320w&quot;,&quot;fratio&quot;:1},&quot;ppe-2493-15&quot;:{&quot;title&quot;:&quot;243 &#8211; Interview with the Arditti String Quartett &#8211; rainy days Luxembourg (3)&quot;,&quot;description&quot;:&quot;&lt;p&gt;Irvine Arditti, Ralf Ehlers and Ashot Sarkissjan&lt;\\\/p&gt;\\n&lt;p&gt;Irvine Arditti, Ralf Ehlers and Ashot Sarkissjan talk about 50 years Arditti Quartet &#8211; having performed a multitude of premieres and met so many different composers. They share thoughts about playing in a string quartet and how their different personalities melt into this wonderful ensemble form.&lt;\\\/p&gt;\\n&lt;p&gt;&lt;a href=\\&quot;https:\\\/\\\/ardittiquartet.com\\\/\\&quot;&gt;https:\\\/\\\/ardittiquartet.com\\\/&lt;\\\/a&gt;&lt;\\\/p&gt;\\n&lt;p&gt;This podcast is a cooperation with rainy days Philharmonie Luxembourg.&lt;\\\/p&gt;\\n&lt;p&gt;&lt;a href=\\&quot;https:\\\/\\\/www.philharmonie.lu\\\/en\\\/programme\\\/2024-25\\\/festival-overview\\\/rainy-days-2024-0000013e00000470\\&quot;&gt;https:\\\/\\\/www.philharmonie.lu\\\/en\\\/programme\\\/2024-25\\\/festival-overview\\\/rainy-days-2024-0000013e00000470&lt;\\\/a&gt;&lt;\\\/p&gt;\\n&lt;p&gt;cooperating with Neue Musikzeitung &lt;\\\/p&gt;\\n&lt;p&gt;&lt;a href=\\&quot;http:\\\/\\\/www.nmz.de\\&quot;&gt;www.nmz.de&lt;\\\/a&gt;&lt;\\\/p&gt;\\n&lt;p&gt;&lt;a href=\\&quot;http:\\\/\\\/www.irenekurka.de\\&quot;&gt;www.irenekurka.de&lt;\\\/a&gt;&lt;\\\/p&gt;\\n&quot;,&quot;author&quot;:&quot;Kurka&quot;,&quot;date&quot;:&quot;27. November 2024&quot;,&quot;link&quot;:&quot;https:\\\/\\\/neuemusikleben.podigee.io\\\/248-neue-episode&quot;,&quot;src&quot;:&quot;https:\\\/\\\/audio.podigee-cdn.net\\\/1678088-m-1351990eb384abca212dd654b87d9dd5.mp3?source=feed&quot;,&quot;featured&quot;:&quot;https:\\\/\\\/i0.wp.com\\\/blogs.nmz.de\\\/badblog\\\/files\\\/2024\\\/11\\\/55029de7-be2e-47bd-8b47-1cf16a6bd702-scaled.jpg?fit=768%2C768&#038;ssl=1&quot;,&quot;featured_id&quot;:29499,&quot;mediatype&quot;:&quot;audio&quot;,&quot;season&quot;:0,&quot;categories&quot;:[],&quot;duration&quot;:&quot;34:01&quot;,&quot;episodetype&quot;:&quot;full&quot;,&quot;timestamp&quot;:1732682700,&quot;key&quot;:&quot;75395fbb51b54f880353904a28418d41&quot;,&quot;fset&quot;:&quot;https:\\\/\\\/i0.wp.com\\\/blogs.nmz.de\\\/badblog\\\/files\\\/2024\\\/11\\\/55029de7-be2e-47bd-8b47-1cf16a6bd702-scaled.jpg?w=2560&amp;ssl=1 2560w, https:\\\/\\\/i0.wp.com\\\/blogs.nmz.de\\\/badblog\\\/files\\\/2024\\\/11\\\/55029de7-be2e-47bd-8b47-1cf16a6bd702-scaled.jpg?resize=480%2C480&amp;ssl=1 480w, https:\\\/\\\/i0.wp.com\\\/blogs.nmz.de\\\/badblog\\\/files\\\/2024\\\/11\\\/55029de7-be2e-47bd-8b47-1cf16a6bd702-scaled.jpg?resize=1024%2C1024&amp;ssl=1 1024w, https:\\\/\\\/i0.wp.com\\\/blogs.nmz.de\\\/badblog\\\/files\\\/2024\\\/11\\\/55029de7-be2e-47bd-8b47-1cf16a6bd702-scaled.jpg?resize=150%2C150&amp;ssl=1 150w, https:\\\/\\\/i0.wp.com\\\/blogs.nmz.de\\\/badblog\\\/files\\\/2024\\\/11\\\/55029de7-be2e-47bd-8b47-1cf16a6bd702-scaled.jpg?resize=768%2C768&amp;ssl=1 768w, https:\\\/\\\/i0.wp.com\\\/blogs.nmz.de\\\/badblog\\\/files\\\/2024\\\/11\\\/55029de7-be2e-47bd-8b47-1cf16a6bd702-scaled.jpg?resize=1536%2C1536&amp;ssl=1 1536w, https:\\\/\\\/i0.wp.com\\\/blogs.nmz.de\\\/badblog\\\/files\\\/2024\\\/11\\\/55029de7-be2e-47bd-8b47-1cf16a6bd702-scaled.jpg?resize=2048%2C2048&amp;ssl=1 2048w, https:\\\/\\\/i0.wp.com\\\/blogs.nmz.de\\\/badblog\\\/files\\\/2024\\\/11\\\/55029de7-be2e-47bd-8b47-1cf16a6bd702-scaled.jpg?resize=70%2C70&amp;ssl=1 70w, https:\\\/\\\/i0.wp.com\\\/blogs.nmz.de\\\/badblog\\\/files\\\/2024\\\/11\\\/55029de7-be2e-47bd-8b47-1cf16a6bd702-scaled.jpg?resize=80%2C80&amp;ssl=1 80w, https:\\\/\\\/i0.wp.com\\\/blogs.nmz.de\\\/badblog\\\/files\\\/2024\\\/11\\\/55029de7-be2e-47bd-8b47-1cf16a6bd702-scaled.jpg?resize=320%2C320&amp;ssl=1 320w, https:\\\/\\\/i0.wp.com\\\/blogs.nmz.de\\\/badblog\\\/files\\\/2024\\\/11\\\/55029de7-be2e-47bd-8b47-1cf16a6bd702-scaled.jpg?resize=1320%2C1320&amp;ssl=1 1320w&quot;,&quot;fratio&quot;:1},&quot;ppe-2493-16&quot;:{&quot;title&quot;:&quot;242 &#8211; Interview with Rhodri Davies rainy days Luxembourg (2)&quot;,&quot;description&quot;:&quot;&lt;p&gt;harpist, composer, performer&lt;\\\/p&gt;\\n&lt;p&gt;Rhodri Davies talks about his encounter with contemporary music, improvisation and his obsession with the harp. Harp is the center of his artistic life and has led to many projects and collaborations. He talks about special features of the harp that has inspired composers to write for instrument. Rhodri talks about his &#8218;extreme&#8216; program which he will play at rainy days.&lt;\\\/p&gt;\\n&lt;p&gt;&lt;a href=\\&quot;https:\\\/\\\/rhodridavies.bandcamp.com\\\/music\\&quot;&gt;https:\\\/\\\/rhodridavies.bandcamp.com\\\/music&lt;\\\/a&gt;&lt;\\\/p&gt;\\n&lt;p&gt;&lt;a href=\\&quot;https:\\\/\\\/rhodridavies.com\\\/\\&quot;&gt;https:\\\/\\\/rhodridavies.com\\\/&lt;\\\/a&gt;&lt;\\\/p&gt;\\n&lt;p&gt;This podcast is a cooperation with rainy days Philharmonie Luxembourg.&lt;\\\/p&gt;\\n&lt;p&gt;&lt;a href=\\&quot;https:\\\/\\\/www.philharmonie.lu\\\/en\\\/programme\\\/2024-25\\\/festival-overview\\\/rainy-days-2024-0000013e00000470\\&quot;&gt;https:\\\/\\\/www.philharmonie.lu\\\/en\\\/programme\\\/2024-25\\\/festival-overview\\\/rainy-days-2024-0000013e00000470&lt;\\\/a&gt;&lt;\\\/p&gt;\\n&lt;p&gt;cooperating with Neue Musikzeitung &lt;a href=\\&quot;http:\\\/\\\/www.nmz.de\\&quot;&gt;www.nmz.de&lt;\\\/a&gt;&lt;\\\/p&gt;\\n&lt;p&gt;&lt;a href=\\&quot;http:\\\/\\\/www.irenekurka.de\\&quot;&gt;www.irenekurka.de&lt;\\\/a&gt;&lt;\\\/p&gt;\\n&quot;,&quot;author&quot;:&quot;Kurka&quot;,&quot;date&quot;:&quot;20. November 2024&quot;,&quot;link&quot;:&quot;https:\\\/\\\/neuemusikleben.podigee.io\\\/247-neue-episode&quot;,&quot;src&quot;:&quot;https:\\\/\\\/audio.podigee-cdn.net\\\/1677643-m-f071505543c5aab6db9854d7713f0b00.mp3?source=feed&quot;,&quot;featured&quot;:&quot;https:\\\/\\\/i0.wp.com\\\/blogs.nmz.de\\\/badblog\\\/files\\\/2024\\\/11\\\/3bf95f93-8676-42fe-a5eb-6c10d3426c7e-scaled.jpg?fit=768%2C768&#038;ssl=1&quot;,&quot;featured_id&quot;:29490,&quot;mediatype&quot;:&quot;audio&quot;,&quot;season&quot;:0,&quot;categories&quot;:[],&quot;duration&quot;:&quot;48:18&quot;,&quot;episodetype&quot;:&quot;full&quot;,&quot;timestamp&quot;:1732077600,&quot;key&quot;:&quot;1e9dfa9e007232f277f60c467a41e5e1&quot;,&quot;fset&quot;:&quot;https:\\\/\\\/i0.wp.com\\\/blogs.nmz.de\\\/badblog\\\/files\\\/2024\\\/11\\\/3bf95f93-8676-42fe-a5eb-6c10d3426c7e-scaled.jpg?w=2560&amp;ssl=1 2560w, https:\\\/\\\/i0.wp.com\\\/blogs.nmz.de\\\/badblog\\\/files\\\/2024\\\/11\\\/3bf95f93-8676-42fe-a5eb-6c10d3426c7e-scaled.jpg?resize=480%2C480&amp;ssl=1 480w, https:\\\/\\\/i0.wp.com\\\/blogs.nmz.de\\\/badblog\\\/files\\\/2024\\\/11\\\/3bf95f93-8676-42fe-a5eb-6c10d3426c7e-scaled.jpg?resize=1024%2C1024&amp;ssl=1 1024w, https:\\\/\\\/i0.wp.com\\\/blogs.nmz.de\\\/badblog\\\/files\\\/2024\\\/11\\\/3bf95f93-8676-42fe-a5eb-6c10d3426c7e-scaled.jpg?resize=150%2C150&amp;ssl=1 150w, https:\\\/\\\/i0.wp.com\\\/blogs.nmz.de\\\/badblog\\\/files\\\/2024\\\/11\\\/3bf95f93-8676-42fe-a5eb-6c10d3426c7e-scaled.jpg?resize=768%2C768&amp;ssl=1 768w, https:\\\/\\\/i0.wp.com\\\/blogs.nmz.de\\\/badblog\\\/files\\\/2024\\\/11\\\/3bf95f93-8676-42fe-a5eb-6c10d3426c7e-scaled.jpg?resize=1536%2C1536&amp;ssl=1 1536w, https:\\\/\\\/i0.wp.com\\\/blogs.nmz.de\\\/badblog\\\/files\\\/2024\\\/11\\\/3bf95f93-8676-42fe-a5eb-6c10d3426c7e-scaled.jpg?resize=2048%2C2048&amp;ssl=1 2048w, https:\\\/\\\/i0.wp.com\\\/blogs.nmz.de\\\/badblog\\\/files\\\/2024\\\/11\\\/3bf95f93-8676-42fe-a5eb-6c10d3426c7e-scaled.jpg?resize=70%2C70&amp;ssl=1 70w, https:\\\/\\\/i0.wp.com\\\/blogs.nmz.de\\\/badblog\\\/files\\\/2024\\\/11\\\/3bf95f93-8676-42fe-a5eb-6c10d3426c7e-scaled.jpg?resize=80%2C80&amp;ssl=1 80w, https:\\\/\\\/i0.wp.com\\\/blogs.nmz.de\\\/badblog\\\/files\\\/2024\\\/11\\\/3bf95f93-8676-42fe-a5eb-6c10d3426c7e-scaled.jpg?resize=320%2C320&amp;ssl=1 320w, https:\\\/\\\/i0.wp.com\\\/blogs.nmz.de\\\/badblog\\\/files\\\/2024\\\/11\\\/3bf95f93-8676-42fe-a5eb-6c10d3426c7e-scaled.jpg?resize=1320%2C1320&amp;ssl=1 1320w&quot;,&quot;fratio&quot;:1},&quot;ppe-2493-17&quot;:{&quot;title&quot;:&quot;241 &#8211; Interview mit Sabine Bergk&quot;,&quot;description&quot;:&quot;&lt;p&gt;Lyrikerin, Regisseurin, Podcasterin&lt;\\\/p&gt;\\n&lt;p&gt;Sabine Bergk betreibt erfolgreich den Podcast \\u201eLieder k\\u00f6nnen fliegen\\u201c. Sie erz\\u00e4hlt von ihrem k\\u00fcnstlerischen Werdegang, wie sie als Regisseurin, Autorin, Lyrikerin gearbeitet hat und welche wunderbaren Projekte ihres Weges gekommen sind. Sie spricht \\u00fcber ihre Liebe zum Kunstlied und ihre Kooperationen mit Komponist:innen und vieles mehr.&lt;\\\/p&gt;\\n&lt;p&gt;&lt;a href=\\&quot;http:\\\/\\\/www.sabinebergk.de\\&quot;&gt;www.sabinebergk.de&lt;\\\/a&gt;&lt;\\\/p&gt;\\n&quot;,&quot;author&quot;:&quot;Kurka&quot;,&quot;date&quot;:&quot;19. November 2024&quot;,&quot;link&quot;:&quot;https:\\\/\\\/neuemusikleben.podigee.io\\\/241-neue-episode&quot;,&quot;src&quot;:&quot;https:\\\/\\\/audio.podigee-cdn.net\\\/1548192-m-a6c1dff2cf426cad8f951f9ba94b093d.mp3?source=feed&quot;,&quot;featured&quot;:&quot;https:\\\/\\\/i0.wp.com\\\/blogs.nmz.de\\\/badblog\\\/files\\\/2024\\\/11\\\/1cfd00bd-9efa-42b0-9c08-b02828ff984a-scaled.jpg?fit=768%2C768&#038;ssl=1&quot;,&quot;featured_id&quot;:29489,&quot;mediatype&quot;:&quot;audio&quot;,&quot;season&quot;:0,&quot;categories&quot;:[],&quot;duration&quot;:&quot;49:00&quot;,&quot;episodetype&quot;:&quot;full&quot;,&quot;timestamp&quot;:1731991800,&quot;key&quot;:&quot;b196c384dbc8c49a944a0ef427ea223c&quot;,&quot;fset&quot;:&quot;https:\\\/\\\/i0.wp.com\\\/blogs.nmz.de\\\/badblog\\\/files\\\/2024\\\/11\\\/1cfd00bd-9efa-42b0-9c08-b02828ff984a-scaled.jpg?w=2560&amp;ssl=1 2560w, https:\\\/\\\/i0.wp.com\\\/blogs.nmz.de\\\/badblog\\\/files\\\/2024\\\/11\\\/1cfd00bd-9efa-42b0-9c08-b02828ff984a-scaled.jpg?resize=480%2C480&amp;ssl=1 480w, https:\\\/\\\/i0.wp.com\\\/blogs.nmz.de\\\/badblog\\\/files\\\/2024\\\/11\\\/1cfd00bd-9efa-42b0-9c08-b02828ff984a-scaled.jpg?resize=1024%2C1024&amp;ssl=1 1024w, https:\\\/\\\/i0.wp.com\\\/blogs.nmz.de\\\/badblog\\\/files\\\/2024\\\/11\\\/1cfd00bd-9efa-42b0-9c08-b02828ff984a-scaled.jpg?resize=150%2C150&amp;ssl=1 150w, https:\\\/\\\/i0.wp.com\\\/blogs.nmz.de\\\/badblog\\\/files\\\/2024\\\/11\\\/1cfd00bd-9efa-42b0-9c08-b02828ff984a-scaled.jpg?resize=768%2C768&amp;ssl=1 768w, https:\\\/\\\/i0.wp.com\\\/blogs.nmz.de\\\/badblog\\\/files\\\/2024\\\/11\\\/1cfd00bd-9efa-42b0-9c08-b02828ff984a-scaled.jpg?resize=1536%2C1536&amp;ssl=1 1536w, https:\\\/\\\/i0.wp.com\\\/blogs.nmz.de\\\/badblog\\\/files\\\/2024\\\/11\\\/1cfd00bd-9efa-42b0-9c08-b02828ff984a-scaled.jpg?resize=2048%2C2048&amp;ssl=1 2048w, https:\\\/\\\/i0.wp.com\\\/blogs.nmz.de\\\/badblog\\\/files\\\/2024\\\/11\\\/1cfd00bd-9efa-42b0-9c08-b02828ff984a-scaled.jpg?resize=70%2C70&amp;ssl=1 70w, https:\\\/\\\/i0.wp.com\\\/blogs.nmz.de\\\/badblog\\\/files\\\/2024\\\/11\\\/1cfd00bd-9efa-42b0-9c08-b02828ff984a-scaled.jpg?resize=80%2C80&amp;ssl=1 80w, https:\\\/\\\/i0.wp.com\\\/blogs.nmz.de\\\/badblog\\\/files\\\/2024\\\/11\\\/1cfd00bd-9efa-42b0-9c08-b02828ff984a-scaled.jpg?resize=320%2C320&amp;ssl=1 320w, https:\\\/\\\/i0.wp.com\\\/blogs.nmz.de\\\/badblog\\\/files\\\/2024\\\/11\\\/1cfd00bd-9efa-42b0-9c08-b02828ff984a-scaled.jpg?resize=1320%2C1320&amp;ssl=1 1320w&quot;,&quot;fratio&quot;:1},&quot;ppe-2493-18&quot;:{&quot;title&quot;:&quot;240 &#8211; Interview with Catherine Kontz \\u2013 rainy days Luxembourg (1)&quot;,&quot;description&quot;:&quot;&lt;p&gt;Artistic director rainy days Festival in Luxembourg&lt;\\\/p&gt;\\n&lt;p&gt;The composer Catherine Kontz is the artistic director of rainy days Luxembourg since 2022. She talks about how she curates, how she brings the audience to the festival and everything that is unique at rainy days.&lt;\\\/p&gt;\\n&lt;p&gt;This podcast is a cooperation with rainy days Philharmonie Luxembourg.&lt;\\\/p&gt;\\n&lt;p&gt;&lt;a href=\\&quot;https:\\\/\\\/www.philharmonie.lu\\\/en\\\/programme\\\/2024-25\\\/festival-overview\\\/rainy-days-2024-0000013e00000470\\&quot;&gt;https:\\\/\\\/www.philharmonie.lu\\\/en\\\/programme\\\/2024-25\\\/festival-overview\\\/rainy-days-2024-0000013e00000470&lt;\\\/a&gt;&lt;\\\/p&gt;\\n&lt;p&gt;cooperating with Neue Musikzeitung&lt;br \\\/&gt;\\n&lt;a href=\\&quot;http:\\\/\\\/www.nmz.de\\&quot;&gt;www.nmz.de&lt;\\\/a&gt;&lt;\\\/p&gt;\\n&lt;p&gt;&lt;a href=\\&quot;http:\\\/\\\/www.irenekurka.de\\&quot;&gt;www.irenekurka.de&lt;\\\/a&gt;&lt;\\\/p&gt;\\n&quot;,&quot;author&quot;:&quot;Kurka&quot;,&quot;date&quot;:&quot;13. November 2024&quot;,&quot;link&quot;:&quot;https:\\\/\\\/neuemusikleben.podigee.io\\\/246-neue-episode&quot;,&quot;src&quot;:&quot;https:\\\/\\\/audio.podigee-cdn.net\\\/1670789-m-5701a704a956ba62714c5cc8629dac51.mp3?source=feed&quot;,&quot;featured&quot;:&quot;https:\\\/\\\/i0.wp.com\\\/blogs.nmz.de\\\/badblog\\\/files\\\/2024\\\/11\\\/a120212f-9882-4a1b-a65c-5f55486c5d27-scaled.jpg?fit=768%2C768&#038;ssl=1&quot;,&quot;featured_id&quot;:29481,&quot;mediatype&quot;:&quot;audio&quot;,&quot;season&quot;:0,&quot;categories&quot;:[],&quot;duration&quot;:&quot;59:08&quot;,&quot;episodetype&quot;:&quot;full&quot;,&quot;timestamp&quot;:1731467100,&quot;key&quot;:&quot;1a755cf009d498a5e39606532078df34&quot;,&quot;fset&quot;:&quot;https:\\\/\\\/i0.wp.com\\\/blogs.nmz.de\\\/badblog\\\/files\\\/2024\\\/11\\\/a120212f-9882-4a1b-a65c-5f55486c5d27-scaled.jpg?w=2560&amp;ssl=1 2560w, https:\\\/\\\/i0.wp.com\\\/blogs.nmz.de\\\/badblog\\\/files\\\/2024\\\/11\\\/a120212f-9882-4a1b-a65c-5f55486c5d27-scaled.jpg?resize=480%2C480&amp;ssl=1 480w, https:\\\/\\\/i0.wp.com\\\/blogs.nmz.de\\\/badblog\\\/files\\\/2024\\\/11\\\/a120212f-9882-4a1b-a65c-5f55486c5d27-scaled.jpg?resize=1024%2C1024&amp;ssl=1 1024w, https:\\\/\\\/i0.wp.com\\\/blogs.nmz.de\\\/badblog\\\/files\\\/2024\\\/11\\\/a120212f-9882-4a1b-a65c-5f55486c5d27-scaled.jpg?resize=150%2C150&amp;ssl=1 150w, https:\\\/\\\/i0.wp.com\\\/blogs.nmz.de\\\/badblog\\\/files\\\/2024\\\/11\\\/a120212f-9882-4a1b-a65c-5f55486c5d27-scaled.jpg?resize=768%2C768&amp;ssl=1 768w, https:\\\/\\\/i0.wp.com\\\/blogs.nmz.de\\\/badblog\\\/files\\\/2024\\\/11\\\/a120212f-9882-4a1b-a65c-5f55486c5d27-scaled.jpg?resize=1536%2C1536&amp;ssl=1 1536w, https:\\\/\\\/i0.wp.com\\\/blogs.nmz.de\\\/badblog\\\/files\\\/2024\\\/11\\\/a120212f-9882-4a1b-a65c-5f55486c5d27-scaled.jpg?resize=2048%2C2048&amp;ssl=1 2048w, https:\\\/\\\/i0.wp.com\\\/blogs.nmz.de\\\/badblog\\\/files\\\/2024\\\/11\\\/a120212f-9882-4a1b-a65c-5f55486c5d27-scaled.jpg?resize=70%2C70&amp;ssl=1 70w, https:\\\/\\\/i0.wp.com\\\/blogs.nmz.de\\\/badblog\\\/files\\\/2024\\\/11\\\/a120212f-9882-4a1b-a65c-5f55486c5d27-scaled.jpg?resize=80%2C80&amp;ssl=1 80w, https:\\\/\\\/i0.wp.com\\\/blogs.nmz.de\\\/badblog\\\/files\\\/2024\\\/11\\\/a120212f-9882-4a1b-a65c-5f55486c5d27-scaled.jpg?resize=320%2C320&amp;ssl=1 320w, https:\\\/\\\/i0.wp.com\\\/blogs.nmz.de\\\/badblog\\\/files\\\/2024\\\/11\\\/a120212f-9882-4a1b-a65c-5f55486c5d27-scaled.jpg?resize=1320%2C1320&amp;ssl=1 1320w&quot;,&quot;fratio&quot;:1},&quot;ppe-2493-19&quot;:{&quot;title&quot;:&quot;239 &#8211; Interview mit Valentin Ruckebier&quot;,&quot;description&quot;:&quot;&lt;p&gt;S\\u00e4nger und Komponist&lt;\\\/p&gt;\\n&lt;p&gt;Valentin Ruckebier spricht \\u00fcber die Balance zwischen Kopfarbeit als Komponist und K\\u00f6rperarbeit als S\\u00e4nger, und dar\\u00fcber, wie er Zeit zum Komponieren findet und gleichzeitig im festen Ensemble der Deutschen Oper am Rhein arbeitet. Er spricht \\u00fcber spezifische Situationen auf der Opernb\\u00fchne und auch, was es hei\\u00dft eine zeitgen\\u00f6ssische Oper zu komponieren. Als Komponist ist der den Kolleg:innen am Opernhaus eine Unterst\\u00fctzung bei modernen Werken, umgekehrt kann er auch gute Tipps f\\u00fcr Komponisten von Opern geben.&lt;\\\/p&gt;\\n&lt;p&gt;Dieses Interview wurde am 6.9.2024 live in der Zentralbibliothek D\\u00fcsseldorf aufgenommen. Vielen Dank an Thomas Kalk und sein Team!&lt;\\\/p&gt;\\n&lt;p&gt;&lt;a href=\\&quot;https:\\\/\\\/youtube.com\\\/@valentinruckebier4890?si=0kJ6MYLgJGrzY-t-\\&quot;&gt;https:\\\/\\\/youtube.com\\\/@valentinruckebier4890?si=0kJ6MYLgJGrzY-t-&lt;\\\/a&gt;&lt;\\\/p&gt;\\n&lt;p&gt;&lt;a href=\\&quot;https:\\\/\\\/www.instagram.com\\\/valentin_ruckebier\\\/profilecard\\\/?igsh=MTc1N2k5cWVnd3N1dg==\\&quot;&gt;https:\\\/\\\/www.instagram.com\\\/valentin_ruckebier\\\/profilecard\\\/?igsh=MTc1N2k5cWVnd3N1dg==&lt;\\\/a&gt;&lt;\\\/p&gt;\\n&quot;,&quot;author&quot;:&quot;Kurka&quot;,&quot;date&quot;:&quot;12. November 2024&quot;,&quot;link&quot;:&quot;https:\\\/\\\/neuemusikleben.podigee.io\\\/240-neue-episode&quot;,&quot;src&quot;:&quot;https:\\\/\\\/audio.podigee-cdn.net\\\/1548191-m-73d458fcdcca60dea15de7ea6f381474.mp3?source=feed&quot;,&quot;featured&quot;:&quot;https:\\\/\\\/i0.wp.com\\\/blogs.nmz.de\\\/badblog\\\/files\\\/2025\\\/09\\\/575c9792-8c57-4266-a193-16321ee0bd36-scaled.jpg?fit=768%2C768&#038;ssl=1&quot;,&quot;featured_id&quot;:30480,&quot;mediatype&quot;:&quot;audio&quot;,&quot;season&quot;:0,&quot;categories&quot;:[],&quot;duration&quot;:&quot;34:16&quot;,&quot;episodetype&quot;:&quot;full&quot;,&quot;timestamp&quot;:1731390300,&quot;key&quot;:&quot;915e859dc0eb954824674df4f61bce92&quot;,&quot;fset&quot;:&quot;https:\\\/\\\/i0.wp.com\\\/blogs.nmz.de\\\/badblog\\\/files\\\/2025\\\/09\\\/575c9792-8c57-4266-a193-16321ee0bd36-scaled.jpg?w=2560&amp;ssl=1 2560w, https:\\\/\\\/i0.wp.com\\\/blogs.nmz.de\\\/badblog\\\/files\\\/2025\\\/09\\\/575c9792-8c57-4266-a193-16321ee0bd36-scaled.jpg?resize=480%2C480&amp;ssl=1 480w, https:\\\/\\\/i0.wp.com\\\/blogs.nmz.de\\\/badblog\\\/files\\\/2025\\\/09\\\/575c9792-8c57-4266-a193-16321ee0bd36-scaled.jpg?resize=1024%2C1024&amp;ssl=1 1024w, https:\\\/\\\/i0.wp.com\\\/blogs.nmz.de\\\/badblog\\\/files\\\/2025\\\/09\\\/575c9792-8c57-4266-a193-16321ee0bd36-scaled.jpg?resize=150%2C150&amp;ssl=1 150w, https:\\\/\\\/i0.wp.com\\\/blogs.nmz.de\\\/badblog\\\/files\\\/2025\\\/09\\\/575c9792-8c57-4266-a193-16321ee0bd36-scaled.jpg?resize=768%2C768&amp;ssl=1 768w, https:\\\/\\\/i0.wp.com\\\/blogs.nmz.de\\\/badblog\\\/files\\\/2025\\\/09\\\/575c9792-8c57-4266-a193-16321ee0bd36-scaled.jpg?resize=1536%2C1536&amp;ssl=1 1536w, https:\\\/\\\/i0.wp.com\\\/blogs.nmz.de\\\/badblog\\\/files\\\/2025\\\/09\\\/575c9792-8c57-4266-a193-16321ee0bd36-scaled.jpg?resize=2048%2C2048&amp;ssl=1 2048w, https:\\\/\\\/i0.wp.com\\\/blogs.nmz.de\\\/badblog\\\/files\\\/2025\\\/09\\\/575c9792-8c57-4266-a193-16321ee0bd36-scaled.jpg?resize=70%2C70&amp;ssl=1 70w, https:\\\/\\\/i0.wp.com\\\/blogs.nmz.de\\\/badblog\\\/files\\\/2025\\\/09\\\/575c9792-8c57-4266-a193-16321ee0bd36-scaled.jpg?resize=80%2C80&amp;ssl=1 80w, https:\\\/\\\/i0.wp.com\\\/blogs.nmz.de\\\/badblog\\\/files\\\/2025\\\/09\\\/575c9792-8c57-4266-a193-16321ee0bd36-scaled.jpg?resize=320%2C320&amp;ssl=1 320w, https:\\\/\\\/i0.wp.com\\\/blogs.nmz.de\\\/badblog\\\/files\\\/2025\\\/09\\\/575c9792-8c57-4266-a193-16321ee0bd36-scaled.jpg?resize=1320%2C1320&amp;ssl=1 1320w&quot;,&quot;fratio&quot;:1},&quot;ppe-2493-20&quot;:{&quot;title&quot;:&quot;238 &#8211; Interview with Iris Seesj\\u00e4rvi&quot;,&quot;description&quot;:&quot;&lt;p&gt;singer, teacher, coach, doctoral researcher, author (in English)&lt;\\\/p&gt;\\n&lt;p&gt;Iris Seesj\\u00e4rvi tells us how she became interested in vocal shame and what lies behind it. She wrote her master\\u2019s thesis on the subject and published the book \\u201cNot Good Enough? Vocal Shame Among Finnish Classical Singers.\\u201d In this episode, we discuss everything related to vocal shame and how you can deal with it.&lt;\\\/p&gt;\\n&lt;p&gt;Books:&lt;\\\/p&gt;\\n&lt;pre&gt;&lt;code&gt;Ren\\u00e9e Fleming: \\u201cThe Inner Voice\\u201d\\nIris Seesj\\u00e4rvi: \\u201cNot Good Enough? Vocal Shame Among Finnish Singers\\u201d\\nKarita Mattila: \\u201cKorkealta ja kovaa\\u201d (\\u201cHigh and Loud\\u201d)\\n&lt;\\\/code&gt;&lt;\\\/pre&gt;\\n&lt;p&gt;&lt;a href=\\&quot;https:\\\/\\\/www.amazon.de\\\/dp\\\/9529487711\\&quot;&gt;https:\\\/\\\/www.amazon.de\\\/dp\\\/9529487711&lt;\\\/a&gt;&lt;\\\/p&gt;\\n&lt;p&gt;&lt;a href=\\&quot;http:\\\/\\\/www.vocalshame.com\\\/en\\&quot;&gt;www.vocalshame.com\\\/en&lt;\\\/a&gt;&lt;\\\/p&gt;\\n&lt;p&gt;&lt;a href=\\&quot;http:\\\/\\\/www.irisseesjarvi.com\\&quot;&gt;www.irisseesjarvi.com&lt;\\\/a&gt;&lt;\\\/p&gt;\\n&lt;p&gt;&lt;a href=\\&quot;https:\\\/\\\/www.youtube.com\\\/channel\\\/UCCe-UVdiTzrQBf67wyIRbLA\\&quot;&gt;https:\\\/\\\/www.youtube.com\\\/channel\\\/UCCe-UVdiTzrQBf67wyIRbLA&lt;\\\/a&gt; &lt;\\\/p&gt;\\n&lt;p&gt;&lt;a href=\\&quot;https:\\\/\\\/www.facebook.com\\\/61556202281714\\&quot;&gt;https:\\\/\\\/www.facebook.com\\\/61556202281714&lt;\\\/a&gt;&lt;\\\/p&gt;\\n&lt;p&gt;&lt;a href=\\&quot;https:\\\/\\\/www.instagram.com\\\/vocalshame\\\/\\&quot;&gt;https:\\\/\\\/www.instagram.com\\\/vocalshame\\\/&lt;\\\/a&gt;&lt;\\\/p&gt;\\n&lt;p&gt;&lt;a href=\\&quot;https:\\\/\\\/www.instagram.com\\\/irisseesjarvi\\\/\\&quot;&gt;https:\\\/\\\/www.instagram.com\\\/irisseesjarvi\\\/&lt;\\\/a&gt;&lt;\\\/p&gt;\\n&lt;p&gt;der Podcast ist Kooperationspartner der nmz.&lt;\\\/p&gt;\\n&lt;p&gt;&lt;a href=\\&quot;http:\\\/\\\/www.nmz.de\\&quot;&gt;www.nmz.de&lt;\\\/a&gt;&lt;\\\/p&gt;\\n&lt;p&gt;&lt;a href=\\&quot;http:\\\/\\\/www.irenekurka.de\\&quot;&gt;www.irenekurka.de&lt;\\\/a&gt;&lt;\\\/p&gt;\\n&lt;p&gt;NEU: Exklusiver neue musik leben DEEP DIVE mit viel Mehrwert mit Moritz Eggert, Silke Aichhorn, Holger Falk und mir. Danke f\\u00fcr euere Unterst\\u00fctzung!&lt;\\\/p&gt;\\n&lt;p&gt;Mit Moritz Eggert spreche dar\\u00fcber wie Kompositionsunterricht abl\\u00e4uft, wie unterschiedlich er Studierende unterst\\u00fctzt und was sein knallharter Faktencheck ist.&lt;br \\\/&gt;\\nMit Silke Aichhorn spreche ich \\u00fcber die Sch\\u00f6nheit und Komplexit\\u00e4t der Harfe. Ein Muss f\\u00fcr Komponierende die f\\u00fcr Harfe schreiben wollen!&lt;br \\\/&gt;\\nDie Folge mit dem Bariton Holger Falk ist magisch. Es geht um Polarit\\u00e4t, Bewusstsein, Nichtwissen und alles, hilft das Singen tiefer zu verstehen und auf ein next level zu bringen.&lt;br \\\/&gt;\\nMeine pers\\u00f6nlichste Folge ist Empathische auch Sensible Menschen im Musikbussiness. Ich spreche \\u00fcber meine Herausforderungen und welche Strategien ich entwickelt habe.&lt;br \\\/&gt;\\nHier findest du alle Folgen:&lt;\\\/p&gt;\\n&lt;p&gt;&lt;a href=\\&quot;https:\\\/\\\/www.patreon.com\\\/user\\\/shop?u=112648747\\&quot;&gt;https:\\\/\\\/www.patreon.com\\\/user\\\/shop?u=112648747&lt;\\\/a&gt;&lt;\\\/p&gt;\\n&quot;,&quot;author&quot;:&quot;Kurka&quot;,&quot;date&quot;:&quot;5. November 2024&quot;,&quot;link&quot;:&quot;https:\\\/\\\/neuemusikleben.podigee.io\\\/239-neue-episode&quot;,&quot;src&quot;:&quot;https:\\\/\\\/audio.podigee-cdn.net\\\/1548189-m-1a5dac1b72148a9c6b6e8c198eee72af.mp3?source=feed&quot;,&quot;featured&quot;:&quot;https:\\\/\\\/i0.wp.com\\\/blogs.nmz.de\\\/badblog\\\/files\\\/2025\\\/09\\\/72df1460-cc9d-4a9e-917e-1e08fbaf50dd-scaled.jpg?fit=768%2C768&#038;ssl=1&quot;,&quot;featured_id&quot;:30481,&quot;mediatype&quot;:&quot;audio&quot;,&quot;season&quot;:0,&quot;categories&quot;:[],&quot;duration&quot;:&quot;01:01:26&quot;,&quot;episodetype&quot;:&quot;full&quot;,&quot;timestamp&quot;:1730777700,&quot;key&quot;:&quot;1a7807062223e25ac18b317cf497ce3a&quot;,&quot;fset&quot;:&quot;https:\\\/\\\/i0.wp.com\\\/blogs.nmz.de\\\/badblog\\\/files\\\/2025\\\/09\\\/72df1460-cc9d-4a9e-917e-1e08fbaf50dd-scaled.jpg?w=2560&amp;ssl=1 2560w, https:\\\/\\\/i0.wp.com\\\/blogs.nmz.de\\\/badblog\\\/files\\\/2025\\\/09\\\/72df1460-cc9d-4a9e-917e-1e08fbaf50dd-scaled.jpg?resize=480%2C480&amp;ssl=1 480w, https:\\\/\\\/i0.wp.com\\\/blogs.nmz.de\\\/badblog\\\/files\\\/2025\\\/09\\\/72df1460-cc9d-4a9e-917e-1e08fbaf50dd-scaled.jpg?resize=1024%2C1024&amp;ssl=1 1024w, https:\\\/\\\/i0.wp.com\\\/blogs.nmz.de\\\/badblog\\\/files\\\/2025\\\/09\\\/72df1460-cc9d-4a9e-917e-1e08fbaf50dd-scaled.jpg?resize=150%2C150&amp;ssl=1 150w, https:\\\/\\\/i0.wp.com\\\/blogs.nmz.de\\\/badblog\\\/files\\\/2025\\\/09\\\/72df1460-cc9d-4a9e-917e-1e08fbaf50dd-scaled.jpg?resize=768%2C768&amp;ssl=1 768w, https:\\\/\\\/i0.wp.com\\\/blogs.nmz.de\\\/badblog\\\/files\\\/2025\\\/09\\\/72df1460-cc9d-4a9e-917e-1e08fbaf50dd-scaled.jpg?resize=1536%2C1536&amp;ssl=1 1536w, https:\\\/\\\/i0.wp.com\\\/blogs.nmz.de\\\/badblog\\\/files\\\/2025\\\/09\\\/72df1460-cc9d-4a9e-917e-1e08fbaf50dd-scaled.jpg?resize=2048%2C2048&amp;ssl=1 2048w, https:\\\/\\\/i0.wp.com\\\/blogs.nmz.de\\\/badblog\\\/files\\\/2025\\\/09\\\/72df1460-cc9d-4a9e-917e-1e08fbaf50dd-scaled.jpg?resize=70%2C70&amp;ssl=1 70w, https:\\\/\\\/i0.wp.com\\\/blogs.nmz.de\\\/badblog\\\/files\\\/2025\\\/09\\\/72df1460-cc9d-4a9e-917e-1e08fbaf50dd-scaled.jpg?resize=80%2C80&amp;ssl=1 80w, https:\\\/\\\/i0.wp.com\\\/blogs.nmz.de\\\/badblog\\\/files\\\/2025\\\/09\\\/72df1460-cc9d-4a9e-917e-1e08fbaf50dd-scaled.jpg?resize=320%2C320&amp;ssl=1 320w, https:\\\/\\\/i0.wp.com\\\/blogs.nmz.de\\\/badblog\\\/files\\\/2025\\\/09\\\/72df1460-cc9d-4a9e-917e-1e08fbaf50dd-scaled.jpg?resize=1320%2C1320&amp;ssl=1 1320w&quot;,&quot;fratio&quot;:1},&quot;load_info&quot;:{&quot;loaded&quot;:20,&quot;displayed&quot;:10,&quot;offset&quot;:0,&quot;maxItems&quot;:257,&quot;src&quot;:&quot;7d30e49c840a25546815d75f50feffff&quot;,&quot;step&quot;:10,&quot;sortby&quot;:&quot;sort_date_desc&quot;,&quot;filterby&quot;:&quot;&quot;,&quot;fixed&quot;:&quot;&quot;,&quot;args&quot;:{&quot;imgurl&quot;:&quot;https:\\\/\\\/images.podigee-cdn.net\\\/0x,seQcRmkbcn_qVuSaYh0N5xAaCJ-dlQSvTunw8t6ytVqk=\\\/https:\\\/\\\/main.podigee-cdn.net\\\/uploads\\\/u2040\\\/442d63b0-d536-4607-b0ba-6a7833ce6dd2.jpg&quot;,&quot;imgset&quot;:&quot;&quot;,&quot;display&quot;:&quot;&quot;,&quot;hddesc&quot;:0,&quot;hdfeat&quot;:0,&quot;oricov&quot;:&quot;https:\\\/\\\/images.podigee-cdn.net\\\/0x,seQcRmkbcn_qVuSaYh0N5xAaCJ-dlQSvTunw8t6ytVqk=\\\/https:\\\/\\\/main.podigee-cdn.net\\\/uploads\\\/u2040\\\/442d63b0-d536-4607-b0ba-6a7833ce6dd2.jpg&quot;,&quot;elength&quot;:25}},&quot;rdata&quot;:{&quot;permalink&quot;:&quot;https:\\\/\\\/blogs.nmz.de\\\/badblog\\\/wp-json\\\/wp\\\/v2\\\/posts\\\/24108&quot;,&quot;fprint&quot;:&quot;7d30e49c840a25546815d75f50feffff&quot;,&quot;from&quot;:&quot;feedurl&quot;,&quot;elen&quot;:25,&quot;eunit&quot;:&quot;&quot;,&quot;teaser&quot;:&quot;&quot;,&quot;title&quot;:&quot;neue musik leben&quot;,&quot;autoplay&quot;:&quot;&quot;}}\"><div class=\"pp-podcast__wrapper\"><div class=\"pp-podcast__info pod-info\"><div class=\"pod-info__header pod-header\"><div class=\"pod-header__image\"><div class=\"pod-header__image-wrapper\"><img data-recalc-dims=\"1\" decoding=\"async\" class=\"podcast-cover-image\" src=\"https:\/\/i0.wp.com\/images.podigee-cdn.net\/0x%2CseQcRmkbcn_qVuSaYh0N5xAaCJ-dlQSvTunw8t6ytVqk%3D\/https%3A\/\/main.podigee-cdn.net\/uploads\/u2040\/442d63b0-d536-4607-b0ba-6a7833ce6dd2.jpg?ssl=1\" srcset=\"\" sizes=\"(max-width: 640px) 100vw, 25vw\" alt=\"neue musik leben\"><\/div><span class=\"pod-header__image-style\" style=\"display: block; width: 100%; padding-top: 100%\"><\/div><div class=\"pod-header__items pod-items\"><div class=\"pod-items__title\">neue musik leben<\/div><div class=\"pod-items__desc\"><p>Zeitgen\u00f6ssische Musik ist stets aktuell und facettenreich. Als innovativer Bestandteil der Musikwelt nimmt neue Musik einen wichtigen Platz ein. Die Sopranistin Irene Kurka gibt in diesem Podcast ihre \u00fcber Jahre gewonnene Expertise weiter. Sie erkl\u00e4rt, wie die verschiedenen neuen Spieltechniken, Musikstile und Kompositionstechniken zusammenh\u00e4ngen und funktionieren und welche gro\u00dfartigen M\u00f6glichkeiten sie bieten. Irene Kurka zeigt anhand von Analysen, Tipps und Interviews mit erfolgreichen und interessanten Pers\u00f6nlichkeiten aus dem Bereich der zeitgen\u00f6ssischen Musik, wie du als K\u00fcnstlerIn in der neuen Musik authentisch und erfolgreich sein kannst. Dieser Podcast soll dazu beitragen, die zeitgen\u00f6ssische Musik bekannter zu machen.<br \/>\nDieser Podcast erscheint alle 14 Tage am Dienstag. Mittlerweile sind 3 B\u00fccher zum Podcast bei ARE erschienen. <\/p>\n<p>Deep Dive Folgen mit Moritz Eggert, Silke Aichhorn, Holger Falk u.a. auf Patreon:<\/p>\n<p>https:\/\/www.patreon.com\/user\/shop?u=112648747<\/p>\n<p>Mit freundlicher Unterst\u00fctzung der \u201eneuen musikzeitung\u201c, dem Kooperationspartner von \u201eneue musik leben\u201c.<br \/>\nwww.nmz.de<\/p>\n<p>Intro und Outro: Improvisationen von Irene Kurka, Frederike M\u00f6ller, Marko Kassl, Burkart Zeller<br \/>\nCover: Carina Brinkmann, Foto: Tanja de Maan<\/p>\n<\/div><\/div><\/div><\/div><div class=\"pp-podcast__content pod-content\"><div class=\"pp-podcast__single\"><div class=\"pp-podcast__player\"><div class=\"pp-player-episode\"><audio id=\"pp-podcast-2493-player\" preload=\"none\" class=\"pp-podcast-episode\" style=\"width: 100%;\" controls=\"controls\"><source type=\"audio\/mpeg\" src=\"https:\/\/audio.podigee-cdn.net\/1830304-m-9e3ea1d64c412885c83c2d71ff52ea09.mp3?source=feed\" \/><\/audio><\/div><\/div><div class=\"pod-content__episode episode-single\"><button class=\"episode-single__close\" aria-expanded=\"false\" aria-label=\"Close Single Episode\"><span class=\"btn-icon-wrap\"><svg class=\"icon icon-pp-x\" aria-hidden=\"true\" role=\"img\" focusable=\"false\"><use href=\"#icon-pp-x\" xlink:href=\"#icon-pp-x\"><\/use><\/svg><\/span><\/button><div class=\"episode-single__wrapper\"><div class=\"episode-single__header\"><div class=\"episode-single__title\">257 &#8211; Eva Z\u00f6llner interviews Cara Stacey about contemporary music in South Africa<\/div><div class=\"episode-single__author\"><span class=\"byname\">by<\/span><span class=\"single-author\">Kurka<\/span><\/div><\/div><div class=\"episode-single__description\"><p>composer and performer (in English)<\/p><p>Videos of the 8 new South African accordion pieces that were premiered by Eva Z\u00f6llner during Sterkfontein Composers Meeting 2024 <\/p><p>https:\/\/youtube.com\/playlist?list=PL4KU0BHw3d-CP21BPt7VNNmqzJR18GXQe&amp;si=xvVVMCbK48oF1tvV<\/p><p>Her residency was kindly supported by Nirox Foundation, the Goethe Institute and the Ministry for Education, Science, Youth and Culture (Rheinland-Pfalz)<\/p><p>www.carastacey.com\/<\/p><p>www.eva-zoellner.de <\/p><p>Sterkfontein Composers Meeting: <\/p><p>https:\/\/sterkfonteincomposersmeeting.weebly.com\/<\/p><p>Clare Loveday: https:\/\/clareloveday.co.za\/<\/p><p>Neo Muyanga: <\/p><p>https:\/\/www.neosong.net\/<\/p><p>Njabulo Phungula: <\/p><p>https:\/\/www.njabulophungula.com\/<\/p><p>Galina Juritz: <\/p><p>https:\/\/www.galinajuritz.com\/<\/p><p>Matthijs van Dijk: <\/p><p>https:\/\/mattvandijk.com\/<\/p><p>Andile Khumalo: <\/p><p>https:\/\/www.newfocusrecordings.com\/catalogue\/andile-khumalo-tracing-hollow-traces\/<\/p><p>Bongani Ndodana-Breen: <\/p><p>https:\/\/www.ndodanabreen.com\/<\/p><p>Arthur Feder: <\/p><p>https:\/\/www.instagram.com\/arthurfeder\/<\/p><p>Lise Morrison: <\/p><p>https:\/\/lisemorrison.com\/<br \/>Amy Crankshaw: <\/p><p>https:\/\/www.amycrankshaw.com\/<\/p><p>Michael Blake: <\/p><p>https:\/\/aoinstitute.ac.za\/project\/michael-blake\/<\/p><p>NewMusicSA: <\/p><p>https:\/\/www.newmusicsa.org.za\/<\/p><p>South African Composers Archive new album (just out): <\/p><p>https:\/\/thesouthafricancomposersarchive.bandcamp.com\/album\/for-the-duration-of-this-cloud<\/p><p>South African Composers Archive podcast (hosted and produced by Matthijs van Dijk): <\/p><p>https:\/\/soundcloud.com\/user-368144305<\/p><p>Kukutana Ensemble project: <\/p><p>https:\/\/www.kukutana.co.za\/<\/p><hr \/><p>www.irenekurka.de<\/p><p>Support and follow me on patreon:<\/p><p>https:\/\/www.patreon.com\/c\/user\/shop?u=112648747<\/p><p>cooparting with nmw &#8211; Neue Musikzeitung<\/p><p>www.nmz.de<\/p><p>Kows Radio Summit &#8222;Live your music and live your live&#8220; with Irene Kurka:<\/p><p>https:\/\/kows92-5.org\/kows-shows\/show\/radio-summit\/<\/p><\/div><\/div><div class=\"ppjs__img-wrapper \"><div class=\"ppjs__img-btn-cover\"><img decoding=\"async\" class=\"ppjs__img-btn\" src=\"https:\/\/i0.wp.com\/blogs.nmz.de\/badblog\/files\/2025\/05\/8b6e14a9-2a6d-49d8-8c76-4b352bb38f60-scaled.jpg?fit=768%2C768&#038;ssl=1\" srcset=\"https:\/\/i0.wp.com\/blogs.nmz.de\/badblog\/files\/2025\/05\/8b6e14a9-2a6d-49d8-8c76-4b352bb38f60-scaled.jpg?w=2560&amp;ssl=1 2560w, https:\/\/i0.wp.com\/blogs.nmz.de\/badblog\/files\/2025\/05\/8b6e14a9-2a6d-49d8-8c76-4b352bb38f60-scaled.jpg?resize=480%2C480&amp;ssl=1 480w, https:\/\/i0.wp.com\/blogs.nmz.de\/badblog\/files\/2025\/05\/8b6e14a9-2a6d-49d8-8c76-4b352bb38f60-scaled.jpg?resize=1024%2C1024&amp;ssl=1 1024w, https:\/\/i0.wp.com\/blogs.nmz.de\/badblog\/files\/2025\/05\/8b6e14a9-2a6d-49d8-8c76-4b352bb38f60-scaled.jpg?resize=150%2C150&amp;ssl=1 150w, https:\/\/i0.wp.com\/blogs.nmz.de\/badblog\/files\/2025\/05\/8b6e14a9-2a6d-49d8-8c76-4b352bb38f60-scaled.jpg?resize=768%2C768&amp;ssl=1 768w, https:\/\/i0.wp.com\/blogs.nmz.de\/badblog\/files\/2025\/05\/8b6e14a9-2a6d-49d8-8c76-4b352bb38f60-scaled.jpg?resize=1536%2C1536&amp;ssl=1 1536w, https:\/\/i0.wp.com\/blogs.nmz.de\/badblog\/files\/2025\/05\/8b6e14a9-2a6d-49d8-8c76-4b352bb38f60-scaled.jpg?resize=2048%2C2048&amp;ssl=1 2048w, https:\/\/i0.wp.com\/blogs.nmz.de\/badblog\/files\/2025\/05\/8b6e14a9-2a6d-49d8-8c76-4b352bb38f60-scaled.jpg?resize=70%2C70&amp;ssl=1 70w, https:\/\/i0.wp.com\/blogs.nmz.de\/badblog\/files\/2025\/05\/8b6e14a9-2a6d-49d8-8c76-4b352bb38f60-scaled.jpg?resize=80%2C80&amp;ssl=1 80w, https:\/\/i0.wp.com\/blogs.nmz.de\/badblog\/files\/2025\/05\/8b6e14a9-2a6d-49d8-8c76-4b352bb38f60-scaled.jpg?resize=320%2C320&amp;ssl=1 320w, https:\/\/i0.wp.com\/blogs.nmz.de\/badblog\/files\/2025\/05\/8b6e14a9-2a6d-49d8-8c76-4b352bb38f60-scaled.jpg?resize=1320%2C1320&amp;ssl=1 1320w\" sizes=\"(max-width: 640px) 100vw, 300px\" alt=\"257 &#8211; Eva Z\u00f6llner interviews Cara Stacey about contemporary music in South Africa\"><\/div><div><span class=\"ppjs__img-btn-style\" style=\"display: block; width: 100%; padding-top: 100%\"><\/div><\/div><\/div><\/div><div class=\"pod-content__list episode-list\"><div class=\"episode-list__filters\"><div class=\"episode-list__search\"><label class=\"label-episode-search\"><span class=\"ppjs__offscreen\">Search Episodes<\/span><input type=\"text\" placeholder=\"Search Episodes\" title=\"Search Podcast Episodes\"\/><\/label><span class=\"episode-list__search-icon\"><svg class=\"icon icon-pp-search\" aria-hidden=\"true\" role=\"img\" focusable=\"false\"><use href=\"#icon-pp-search\" xlink:href=\"#icon-pp-search\"><\/use><\/svg><\/span><\/div><button class=\"episode-list__clear-search pod-button\"><svg class=\"icon icon-pp-x\" aria-hidden=\"true\" role=\"img\" focusable=\"false\"><use href=\"#icon-pp-x\" xlink:href=\"#icon-pp-x\"><\/use><\/svg><span class=\"ppjs__offscreen\">Clear Search<\/span><\/button><\/div><div class=\"episode-list__wrapper\">\n<div id=\"ppe-2493-1\" class=\"episode-list__entry pod-entry\" data-search-term=\"257 &#8211; eva z\u00f6llner interviews cara stacey about contemporary music in south africa\" data-cats=\"\">\n\t<div class=\"pod-entry__wrapper\">\n\t\t<div class=\"pod-entry__content\">\n\t\t\t<div class=\"pod-entry__title\">\n\t\t\t\t<a href=\"https:\/\/neuemusikleben.podigee.io\/258-neue-episode\">257 &#8211; Eva Z\u00f6llner interviews Cara Stacey about contemporary music in South Africa<\/a>\n\t\t\t<\/div>\n\t\t\t<div class=\"pod-entry__date\">13. Mai 2025<\/div>\n\t\t\t\t\t\t\t<div class=\"pod-entry__author\">Kurka<\/div>\n\t\t\t\t\t<\/div>\n\t<\/div>\n<\/div>\n\n<div id=\"ppe-2493-2\" class=\"episode-list__entry pod-entry\" data-search-term=\"256 &#8211; interview mit daniel posdziech\" data-cats=\"\">\n\t<div class=\"pod-entry__wrapper\">\n\t\t<div class=\"pod-entry__content\">\n\t\t\t<div class=\"pod-entry__title\">\n\t\t\t\t<a href=\"https:\/\/neuemusikleben.podigee.io\/254-neue-episode\">256 &#8211; Interview mit Daniel Posdziech<\/a>\n\t\t\t<\/div>\n\t\t\t<div class=\"pod-entry__date\">29. April 2025<\/div>\n\t\t\t\t\t\t\t<div class=\"pod-entry__author\">Kurka<\/div>\n\t\t\t\t\t<\/div>\n\t<\/div>\n<\/div>\n\n<div id=\"ppe-2493-3\" class=\"episode-list__entry pod-entry\" data-search-term=\"255 &#8211; slow-motion multitasking &#8211; 7 years podcast neue musik leben (in english)\" data-cats=\"\">\n\t<div class=\"pod-entry__wrapper\">\n\t\t<div class=\"pod-entry__content\">\n\t\t\t<div class=\"pod-entry__title\">\n\t\t\t\t<a href=\"https:\/\/neuemusikleben.podigee.io\/256-neue-episode\">255 &#8211; Slow-Motion Multitasking &#8211; 7 Years podcast neue musik leben (in english)<\/a>\n\t\t\t<\/div>\n\t\t\t<div class=\"pod-entry__date\">10. April 2025<\/div>\n\t\t\t\t\t\t\t<div class=\"pod-entry__author\">Kurka<\/div>\n\t\t\t\t\t<\/div>\n\t<\/div>\n<\/div>\n\n<div id=\"ppe-2493-4\" class=\"episode-list__entry pod-entry\" data-search-term=\"254 &#8211; interview with dieter mack\" data-cats=\"\">\n\t<div class=\"pod-entry__wrapper\">\n\t\t<div class=\"pod-entry__content\">\n\t\t\t<div class=\"pod-entry__title\">\n\t\t\t\t<a href=\"https:\/\/neuemusikleben.podigee.io\/255-neue-episode\">254 &#8211; Interview with Dieter Mack<\/a>\n\t\t\t<\/div>\n\t\t\t<div class=\"pod-entry__date\">1. April 2025<\/div>\n\t\t\t\t\t\t\t<div class=\"pod-entry__author\">Kurka<\/div>\n\t\t\t\t\t<\/div>\n\t<\/div>\n<\/div>\n\n<div id=\"ppe-2493-5\" class=\"episode-list__entry pod-entry\" data-search-term=\"253 &#8211; interview mit michael denhoff\" data-cats=\"\">\n\t<div class=\"pod-entry__wrapper\">\n\t\t<div class=\"pod-entry__content\">\n\t\t\t<div class=\"pod-entry__title\">\n\t\t\t\t<a href=\"https:\/\/neuemusikleben.podigee.io\/257-neue-episode\">253 &#8211; Interview mit Michael Denhoff<\/a>\n\t\t\t<\/div>\n\t\t\t<div class=\"pod-entry__date\">18. M\u00e4rz 2025<\/div>\n\t\t\t\t\t\t\t<div class=\"pod-entry__author\">Kurka<\/div>\n\t\t\t\t\t<\/div>\n\t<\/div>\n<\/div>\n\n<div id=\"ppe-2493-6\" class=\"episode-list__entry pod-entry\" data-search-term=\"252 &#8211; interview with irene galindo quero\" data-cats=\"\">\n\t<div class=\"pod-entry__wrapper\">\n\t\t<div class=\"pod-entry__content\">\n\t\t\t<div class=\"pod-entry__title\">\n\t\t\t\t<a href=\"https:\/\/neuemusikleben.podigee.io\/253-neue-episode\">252 &#8211; Interview with Irene Galindo Quero<\/a>\n\t\t\t<\/div>\n\t\t\t<div class=\"pod-entry__date\">4. M\u00e4rz 2025<\/div>\n\t\t\t\t\t\t\t<div class=\"pod-entry__author\">Kurka<\/div>\n\t\t\t\t\t<\/div>\n\t<\/div>\n<\/div>\n\n<div id=\"ppe-2493-7\" class=\"episode-list__entry pod-entry\" data-search-term=\"251 &#8211; stress, ma\u00dfhalten, ruhe, solofolge\" data-cats=\"\">\n\t<div class=\"pod-entry__wrapper\">\n\t\t<div class=\"pod-entry__content\">\n\t\t\t<div class=\"pod-entry__title\">\n\t\t\t\t<a href=\"https:\/\/neuemusikleben.podigee.io\/252-new-episode\">251 &#8211; Stress, Ma\u00dfhalten, Ruhe, Solofolge<\/a>\n\t\t\t<\/div>\n\t\t\t<div class=\"pod-entry__date\">18. Februar 2025<\/div>\n\t\t\t\t\t\t\t<div class=\"pod-entry__author\">Kurka<\/div>\n\t\t\t\t\t<\/div>\n\t<\/div>\n<\/div>\n\n<div id=\"ppe-2493-8\" class=\"episode-list__entry pod-entry\" data-search-term=\"250 &#8211; interview with helena canovas pares\" data-cats=\"\">\n\t<div class=\"pod-entry__wrapper\">\n\t\t<div class=\"pod-entry__content\">\n\t\t\t<div class=\"pod-entry__title\">\n\t\t\t\t<a href=\"https:\/\/neuemusikleben.podigee.io\/251-neue-episode\">250 &#8211; Interview with Helena Canovas Pares<\/a>\n\t\t\t<\/div>\n\t\t\t<div class=\"pod-entry__date\">4. Februar 2025<\/div>\n\t\t\t\t\t\t\t<div class=\"pod-entry__author\">Kurka<\/div>\n\t\t\t\t\t<\/div>\n\t<\/div>\n<\/div>\n\n<div id=\"ppe-2493-9\" class=\"episode-list__entry pod-entry\" data-search-term=\"249 &#8211; interview mit reiko f\u00fcting\" data-cats=\"\">\n\t<div class=\"pod-entry__wrapper\">\n\t\t<div class=\"pod-entry__content\">\n\t\t\t<div class=\"pod-entry__title\">\n\t\t\t\t<a href=\"https:\/\/neuemusikleben.podigee.io\/245-neue-episode\">249 &#8211; Interview mit Reiko F\u00fcting<\/a>\n\t\t\t<\/div>\n\t\t\t<div class=\"pod-entry__date\">21. Januar 2025<\/div>\n\t\t\t\t\t\t\t<div class=\"pod-entry__author\">Kurka<\/div>\n\t\t\t\t\t<\/div>\n\t<\/div>\n<\/div>\n\n<div id=\"ppe-2493-10\" class=\"episode-list__entry pod-entry\" data-search-term=\"248 -interview with johannes kreidler\" data-cats=\"\">\n\t<div class=\"pod-entry__wrapper\">\n\t\t<div class=\"pod-entry__content\">\n\t\t\t<div class=\"pod-entry__title\">\n\t\t\t\t<a href=\"https:\/\/neuemusikleben.podigee.io\/244-neue-episode\">248 -Interview with Johannes Kreidler<\/a>\n\t\t\t<\/div>\n\t\t\t<div class=\"pod-entry__date\">7. Januar 2025<\/div>\n\t\t\t\t\t\t\t<div class=\"pod-entry__author\">Irene Kurka<\/div>\n\t\t\t\t\t<\/div>\n\t<\/div>\n<\/div>\n<div class=\"lm-button-wrapper\"><button class=\"episode-list__load-more\"><span>Load More<\/span><\/button><\/div><div class=\"episode-list__search-results episode-search\"><span class=\"ppjs__offscreen\">Search Results placeholder<\/span><\/div><\/div><\/div><div class=\"ppjs__list-reveal\"><div class=\"ppjs__button\"><button class=\"pp-prev-btn\"><span class=\"ppjs__offscreen\">Previous Episode<\/span><span class=\"btn-icon-wrap\"><svg class=\"icon icon-pp-previous\" aria-hidden=\"true\" role=\"img\" focusable=\"false\"><use href=\"#icon-pp-previous\" xlink:href=\"#icon-pp-previous\"><\/use><\/svg><\/span><\/button><\/div><div class=\"ppjs__button\"><button class=\"pp-list-btn\"><span class=\"ppjs__offscreen\">Show Episodes List<\/span><span class=\"btn-icon-wrap\"><svg class=\"icon icon-pp-show-list\" aria-hidden=\"true\" role=\"img\" focusable=\"false\"><use href=\"#icon-pp-show-list\" xlink:href=\"#icon-pp-show-list\"><\/use><\/svg><svg class=\"icon icon-pp-hide-list\" aria-hidden=\"true\" role=\"img\" focusable=\"false\"><use href=\"#icon-pp-hide-list\" xlink:href=\"#icon-pp-hide-list\"><\/use><\/svg><\/span><\/button><\/div><div class=\"ppjs__button\"><button class=\"pp-next-btn\"><span class=\"ppjs__offscreen\">Next Episode<\/span><span class=\"btn-icon-wrap\"><svg class=\"icon icon-pp-next\" aria-hidden=\"true\" role=\"img\" focusable=\"false\"><use href=\"#icon-pp-next\" xlink:href=\"#icon-pp-next\"><\/use><\/svg><\/span><\/button><\/div><\/div><\/div><\/div><div class=\"pod-content__launcher pod-launch\"><button class=\"pod-launch__button pod-launch__info pod-button\" aria-expanded=\"false\"><span class=\"ppjs__offscreen\">Show Podcast Information<\/span><span class=\"btn-icon-wrap\"><svg class=\"icon icon-pp-podcast\" aria-hidden=\"true\" role=\"img\" focusable=\"false\"><use href=\"#icon-pp-podcast\" xlink:href=\"#icon-pp-podcast\"><\/use><\/svg><svg class=\"icon icon-pp-x\" aria-hidden=\"true\" role=\"img\" focusable=\"false\"><use href=\"#icon-pp-x\" xlink:href=\"#icon-pp-x\"><\/use><\/svg><\/span><\/button><\/div><\/div>\n<hr \/>\n<h2>mo \u2013 19.04.2021<\/h2>\n<p>23:00 bis 00:00 | rbbKultur<br \/>\n<strong>MUSIK DER GEGENWART: Die Komponistin Lisa Streich<\/strong><\/p>\n<p style=\"padding-left: 40px;\">Mit Andreas G&#246;bel. Ihre Musik ist von existenziellen Fragen ebenso gepr&#228;gt wie von allt&#228;glichen Beobachtungen. Die klanglichen Resultate bewegen sich zwischen Ernst und Verspieltheit, Zartheit und Kraft.<\/p>\n<p>23:03 bis 00:00 | SWR 2<br \/>\n<strong>SWR2 JetztMusik: Das Fremde im Eigenen \u2013 Arabische und persische Einfl&#252;sse in der Neuen Musik<\/strong><\/p>\n<p style=\"padding-left: 40px;\">Von Florian Heurich. Werke f&#252;r arabische Instrumente, Vertonungen persischer Lyrik, Kombination von westlicher Kompositionstechnik und &#246;stlichen Tonsystemen \u2013 auf unterschiedliche Art und Weise setzen sich Komponisten Neuer Musik mit der Musik, der Kunst und der Literatur des Nahen Ostens auseinander. Ein Dialog der Kulturen? Eine Suche im Fremden, wenn das Eigene nicht mehr ausreicht? Florian Heurich geht den arabischen und persischen Einfl&#252;ssen in der Neuen Musik nach.<\/p>\n<p>23:03 \u2013 24:00 | &#214;1<br \/>\n<strong>Neues vom \u201eallerletzten Gro&#223;komponisten\u201c \u2013 Wolfgang Rihm und sein \u201eStabat Mater\u201c mit Christian Gerhaher und Tabea Zimmermann<\/strong><\/p>\n<p style=\"padding-left: 40px;\">Eine Singstimme und ein Instrument, mehr ist nicht n&#246;tig. Blo&#223; f&#252;r Bariton und Viola ist Wolfgang Rihms \u201eStabat Mater\u201c komponiert, das im September 2020 in Berlin uraufgef&#252;hrt wurde: durch Widmungstr&#228;ger von hervorragendem Rang, n&#228;mlich Tabea Zimmermann und Christian Gerhaher. Wenige Tage sp&#228;ter haben die beiden das Werk in M&#252;nchen nachgespielt, nachgesungen, neu durchlebt \u2013 immerhin behandelt die mittelalterliche und seither durch alle Epochen immer wieder vertonte Dichtung den Schmerz Mariens unter dem Kreuz. Der BR-Mitschnitt von der Saisoner&#246;ffnung der traditionsreichen Reihe \u201emusica viva\u201c im Prinzregententheater (vor einem Publikum, das pandemiebedingt nur ein F&#252;nftel der Pl&#228;tze f&#252;llen durfte) steht im Zentrum einer Sendung, die Schlaglichter auf Rihms j&#252;ngeres Schaffen wirft.<\/p>\n<p style=\"padding-left: 40px;\">Schon vor zwanzig Jahren wurde er als der \u201eallerletzte Gro&#223;komponist\u201c bezeichnet: Wolfgang Rihm tr&#228;gt es sowohl mit Fassung wie auch mit dem ihm eigenen Format, dieses bedenkenswerte Etikett, das ihm damals der bedeutende Musikpublizist Hans-Klaus Jungheinrich zugedacht hat \u2013 womit er den geb&#252;rtigen Karlsruher &#252;brigens in die Nachfolge von Hans-Werner Henze einreihte. \u201eF&#252;r mich ist Kunst eine andere Form von Atmung, von Hingabe, von Erschrecken und Umarmung und Sch&#246;nheit und Furcht, von Erhabenem und Niedrigem in unaufl&#246;slicher Mischung\u201c, stellte Rihm einmal fest. Jahrgang 1952, wurde der Sch&#252;ler von Fortner, Stockhausen und Klaus Huber Anfang der 1970er zum auff&#228;lligsten Vertreter einer jungen Generation, die gegen die Vorgaben der seriellen und postseriellen Schule aufbegehrte: \u201eUns muss es sch&#252;tteln vor Energie, oder wir m&#252;ssen lautlos sein vor Leere, dann sind wir Komponisten\u201c, schrieb er emphatisch.<\/p>\n<p style=\"padding-left: 40px;\">In Misskredit geratenen Kategorien wie \u201eGef&#252;hl\u201c und \u201eInnerlichkeit\u201c half der ebenso wortgewaltige wie flei&#223;ige Rihm in der Folge mit einer intuitiv-emotional wirkenden Tonsprache wieder auf die Spr&#252;nge, die mit besonderer R&#252;cksicht auch auf die &#228;ltere Musikgeschichte formuliert war. Etikettierungen wie \u201eNeue Ausdrucksmusik\u201c oder \u201eNeoromantik\u201c tat er freilich stets ab. Anders als Pierre Boulez, in dessen Schaffen verschiedene Werkfassungen zu einem Ideal als Ziel fortschreiten, generieren bei Rihm &#228;ltere Werke und Werkteile immer wieder neue, gleichberechtigte \u201eZust&#228;nde\u201c, in denen Fr&#252;heres partiell \u201e&#252;berschrieben\u201c und in neue expressive Zusammenh&#228;nge verwoben wird. Gestaltung: Walter Weidringer<\/p>\n<hr \/>\n<h2>di \u2013 20.04.2021<\/h2>\n<hr \/>\n<p>00:05 bis 01:00 | Deutschlandfunk Kultur<br \/>\n<strong>Neue Musik: Impuls \u2013 Sinus \u2013 Rauschen (2\/3)<\/strong><\/p>\n<p style=\"padding-left: 40px;\">Zwischen St&#246;rgr&#246;&#223;e und Naturph&#228;nomen. Das Rauschen in der zeitgen&#246;ssischen Musik. Von Hubert Steins (Teil 3 am 15.06.2021)<\/p>\n<p>00:10 bis 02:00 | Bayern 2<br \/>\n<strong>Concerto bavarese: Bayerische Komponisten<\/strong><\/p>\n<p style=\"padding-left: 40px;\"><strong>Max Becksch&#228;fer<\/strong>: \u201eMeeresgespr&#228;che 1\u201c, F&#252;nf Lieder (Franz Vitzthum, Countertenor); <strong>Paul Engel<\/strong>: \u201eCalliopes descent from Olympus\u201c (Alfons Kontarsky, Klavier; Christos Kanettis, Violine; Reinhard Latzko, Violoncello); <strong>Wilfried Hiller<\/strong>: \u201eKatalog III\u201c (Schlagzeug-Ensemble Shalaby); <strong>Dorothee Eberhardt<\/strong>: \u201eXenon Phi\u201c (M&#252;nchner Fl&#246;tentrio); <strong>Heinz Winbeck<\/strong>: Symphonie Nr. 1 \u2013 \u201eTu solus\u201c (Symphonieorchester des Bayerischen Rundfunks: Muhai Tang)<\/p>\n<p>21:00 bis 22:00 | NDR Kultur<br \/>\n<strong>neue musik: Das Atmen lernen \u2013 \u201eCoincidentia oppositorum\u201c und mehr von Claus-Steffen Mahnkopf<\/strong><\/p>\n<p style=\"padding-left: 40px;\">Von Margarete Zander. Er hat &#252;ber Sch&#246;nberg promoviert, beim Meister der Komplexit&#228;t Brian Ferneyhough studiert, Vorlesungen von J&#252;rgen Habermas besucht und zitiert gern Adorno. Dabei liebt er besonders die Musik von Josquin Desprez, Claudio Monteverdi, Johann Sebastian Bach und Alban Berg. Wie komponiert Claus-Steffen Mahnkopf? Im Gespr&#228;ch &#252;ber die Aufnahmen der eigenen CD-Edition innerhalb des Labels Neos gibt der Komponist Auskunft.<\/p>\n<p>22:30 bis 23:00 | BR-KLASSIK<br \/>\n<strong>Horizonte: Zum 251. Geburtstag von H&#246;lderlin<\/strong><\/p>\n<p style=\"padding-left: 40px;\"><strong>Dieter Acker<\/strong>: \u201eH&#246;lderlin-Sonate\u201c (Michael Schneidt, Klavier); <strong>Robert-Alexander Bohnke<\/strong>: Reflexionen &#252;ber H&#246;lderlins Gedicht \u201eDie K&#252;rze\u201c (Robert-Alexander Bohnke, Klavier); <strong>Wolfgang Rihm<\/strong>: \u201eAbbitte\u201c und \u201eAn Zimmern\u201c (Moica Erdmann, Sopran; Axel Bauni, Klavier)<\/p>\n<p>23:00 bis 00:00 | rbbKultur<br \/>\n<strong>MUSIK DER GEGENWART: Aktuelles von der elektronischen Musik<\/strong><\/p>\n<p style=\"padding-left: 40px;\">Mit Margarete Zander. Die Fortschritte im Bereich der Elektronik, der Klangverarbeitung und der Digitalisierung haben weite Bereiche der zeitgen&#246;ssischen Musik geradezu revolutioniert. Ein &#220;berblick &#252;ber Entwicklungen und Trends in der elektronischen Musik.<\/p>\n<p>23:03 \u2013 24:00 | &#214;1<br \/>\n<strong>Dieter Kaufmann. Ein Komponist zwischen Elektroakustik, Musiktheater und Multimedia-Produktionen wird 80<\/strong><\/p>\n<p style=\"padding-left: 40px;\">Dieter Kaufmanns Werk dreht sich nicht nur um die Musik, es verbindet gesellschaftliche Probleme und Ereignisse in unnachahmlicher Art und Weise mit der Vielfalt seiner musikalischen M&#246;glichkeiten. Pr&#228;gend f&#252;r seine Entwicklung waren die Studienjahre in Paris (1967 \u2013 1979), die ihm die Welt der elektroakustischen Kl&#228;nge und der \u201eMusique concr\u00e8te\u201c er&#246;ffneten, und ihn als Komponist, aber auch als Dirigent und Regisseur beeinflussten.<\/p>\n<p style=\"padding-left: 40px;\">Unz&#228;hlige Werke sind im Laufe der Jahrzehnte entstanden, immer mit neuen thematischen Schwerpunkten, um die sich Musik, Texte oder auch Ger&#228;usche ranken, in denen kritische Betrachtungen, Erinnerungen oder Ereignisse zu einem Gesamtkunstwerk zusammengef&#252;gt werden. Dabei bedient sich Dieter Kaufmann bis heute auch schon Bestehendem, das er neu verbindet, erg&#228;nzt und erweitert, immer seine unterschiedlichen Zug&#228;nge im Auge, die elektroakustische, orchestrale oder vokale sowie neue multimediale Ausdrucksformen bieten. Am Donnerstag, 22. April 2021 feiert Dieter Kaufmann 80. Geburtstag. Gestaltung: Angelika Benke<\/p>\n<hr \/>\n<h2>mi \u2013 21.04.2021<\/h2>\n<hr \/>\n<p>00:10 bis 02:00 | Bayern 2<br \/>\n<strong>Concerto bavarese: Fr&#228;nkische Komponisten. Zum 25. Todestag des Komponisten Hermann M&#252;llich<\/strong><\/p>\n<p style=\"padding-left: 40px;\"><strong>Hermann M&#252;llich<\/strong>: \u201eDualismen\u201c (Bayerisches Landesjugendorchester: Werner Andreas Albert); Drei Kontroversen (Peter Hollfelder, Klavier); Horst Lohse: \u201eBamberg Symphony\u201c (Bamberger Symphoniker: Horst Stein); Vivienne Olive: \u201eAnother Silly Love Song\u201c (Werner Taube, Violoncello; Ars Nova Ensemble N&#252;rnberg: Werner Heider); <strong>Rainer Pezolt<\/strong>: \u201eElegia metallica\u201c (Antje Gerlof, Fl&#246;te; Anne-Kathrein Jordan, Klavier); <strong>J&#252;rgen Schmitt<\/strong>: \u201eVil Sturm &amp; linde Zeit\u201c (Toscana Ensemble f&#252;r Neue Musik); <strong>Bertold Hummel<\/strong>: Concertino, op. 27 b (Sergio Azzolini, Fagott; il capriccio: Friedemann Wezel)<\/p>\n<p style=\"padding-left: 40px;\">Im \u201eConcerto bavarese\u201c erinnert BR Franken an den Komponisten Hermann M&#252;llich, der vor 25 Jahren, am 16. April 1996, verstorben ist. M&#252;llich wurde 1943 in Bamberg geboren. Er studierte an der Musikhochschule in M&#252;nchen Komposition, Dirigieren und Schulmusik. Sein Kompositionslehrer war Harald Genzmer. Anschlie&#223;end nahm er an der Universit&#228;t Erlangen-N&#252;rnberg ein Studium der Musikwissenschaft, P&#228;dagogik und Psychologie auf. 1983 wurde er zum Professor und Leiter des Fachgebietes Musikp&#228;dagogik an der Universit&#228;t Erlangen-N&#252;rnberg ernannt. In den 70er Jahren produzierte der Bayerische Rundfunk einige Werke M&#252;llichs, darunter die \u201eDualismen\u201c f&#252;r Streicher mit dem Bayerischen Landesjugendorchester unter der Leitung von Werner Andreas Albert und die \u201eDrei Kontroversen\u201c mit dem Pianisten Peter Hollfelder. Au&#223;erdem h&#246;ren Sie im \u201eConcerto bavarese\u201c Werke von Horst Lohse, Vivienne Olive, Rainer Pezolt, J&#252;rgen Schmitt und Bertold Hummel.<\/p>\n<p>20:04 bis 21:00 | hr2-kultur<br \/>\n<strong>Kaisers Kl&#228;nge \u2013 Musikalische Entdeckungsreisen: Sehnsuchtsvogel und Friedensbringer \u2013 Vom Gurren der Tauben<\/strong><\/p>\n<p style=\"padding-left: 40px;\">Die meisten Gro&#223;st&#228;dter und Balkonbesitzer sind von ihr genervt, musikalisch aber ist sie wohl gelitten: die Taube.<\/p>\n<p style=\"padding-left: 40px;\">Bei Schubert bringt sie die Post, im DDR-Kinderlied den Frieden und in diversen Noah-Kantaten tr&#228;gt sie gurrend den rettungbringenden &#214;lzweig im Schnabel. Kaum ein Vogel ist musikalisch so gut beleumundet wie die Taube. Kaisers Kl&#228;nge erweisen ihr heute die Ehre.<\/p>\n<p>23:03 bis 00:00 | SWR 2<br \/>\n<strong>SWR2 JetztMusik: #Zusammenspielen \u2013 Heimstudio \u2013 Andreas Eduardo Frank<\/strong><\/p>\n<p style=\"padding-left: 40px;\">Die Aktion #Zusammenspielen von SWR2 richtete sich an Musikerinnen und Musiker in Zeiten abgesagter Konzerte: Es entstanden kurzfristig 60 Studioproduktionen mit interessantem Repertoire aus verschiedensten Genres. Mit #Zusammenspielen \u2013 Heimstudio erweitern wir das Projekt auf die k&#252;nstlerische T&#228;tigkeit von Komponisten und Komponistinnen. In Zusammenarbeit mit SWR2 Musik entstehen Klangst&#252;cke als neue Eigenproduktionen \u201e@home\u201c, die wir auf unserem Konzertsendeplatz bei SWR2 JetztMusik pr&#228;sentieren.<\/p>\n<p>23:03 \u2013 24:00 | &#214;1<br \/>\n<strong>R&#252;ckblick, Vorschau und aktuelle Ver&#246;ffentlichungen \u2013 Zeit-Ton Magazin <\/strong><\/p>\n<p style=\"padding-left: 40px;\">Jeden Mittwoch pr&#228;sentieren wir Ihnen ausgesuchte Veranstaltungstipps f&#252;r die kommenden sieben Tage und die spannendsten Neuver&#246;ffentlichungen. Gestaltung: Marlene Schnedl<\/p>\n<hr \/>\n<h2>do \u2013 22.04.2021<\/h2>\n<hr \/>\n<p>00:05 bis 01:00 | Deutschlandfunk Kultur<br \/>\n<strong>Neue Musik: Vor 50 Jahren \u2013 Bruno Maderna<\/strong><\/p>\n<p style=\"padding-left: 40px;\">\u201eFreizeit\u201c (1971). Elektroakustische Komposition. Produktion: SR April 1971. Eine Person \u2013 er oder sie hat Lust und freie Zeit dazu \u2013 betritt einen mit Audioger&#228;t und Lautsprechern best&#252;ckten Raum. Die Besucherin setzt sich vielleicht auf einen Stuhl und \u201eFreizeit\u201c beginnt, eine elektroakustische Arbeit des italienischen Komponisten und Dirigenten Bruno Maderna (1920 -1973). Realisiert hat sie der einflussreiche Akteur der Darmst&#228;dter Ferienkurse in den Jahren 1970\/71, u.a. \u2013 die Finalfassung \u2013 in den Studios des Saarl&#228;ndischen Rundfunks, dessen Sinfonieorchester Maderna oft dirigierte. Seine komponierte \u201eFreizeit\u201c oder \u201eTempo libero\u201c versteht er als \u201eStimulanz zur inneren Entspannung\u201c, deren Auff&#252;hrungsdauer \u201emehrere Millionen Jahre\u201c betragen kann. Ein Audio-Environment, das beginnt, wenn man Lust darauf hat, und endet, wenn sie schwindet. Eine Collage mit Fragmenten aus eigenen Werken und vielen Kl&#228;ngen aus dem ganz normalen Leben, mit der Maderna bei den Zuh&#246;rern den Wunsch wecken m&#246;chte, k&#252;nftig und wenn sie freie Zeit dazu haben, doch selbst zu komponieren \u2013 mit den eigenen Materialien.<\/p>\n<p>00:10 bis 02:00 | Bayern 2<br \/>\n<strong>Concerto bavarese: Bayerische Komponisten<\/strong><\/p>\n<p style=\"padding-left: 40px;\"><strong>Stefan Schulzki<\/strong>: \u201eDer Sommer meines Lebens\u201c (Jane Berger, Agnes Malich, Violine; Verena W&#252;rtele, Viola; Johannes Gutfleisch, Violoncello; Andreas Kirpal, Klavier; Stefan Schulzki, Audiozuspielung); <strong>Helmut Scheck<\/strong>: \u201eRieser Kalenderbl&#228;tter\u201c (Liederkranz N&#246;rdlingen; Ein Instrumentalensemble: Klaus Meinzolt); <strong>Russell Smith<\/strong>: Symphonie C-Dur (Symphonieorchester des Bayerischen Rundfunks: Werner Andreas Alberth); <strong>Carlos Heinrich Veerhoff<\/strong>: Sonate, op. 47 (Gottfried Schneider, Violine; Gerhard Oppitz, Klavier)<\/p>\n<p>20:04 bis 21:30 | hr2-kultur<br \/>\n<strong>Das Ensemble Modern in Frankfurt: \u201eAfter Brexit \u2013 Welcome in Great Britain!\u201c<\/strong><\/p>\n<p style=\"padding-left: 40px;\">Zu seinem Konzert in Frankfurt hatte das Ensemble Modern ausschlie&#223;lich Werke von britischen Komponist*innen mitgebracht \u2013 von Harrison Birtwistle bis George Benjamin.<\/p>\n<p style=\"padding-left: 40px;\">Am Mikrofon: Ursula B&#246;hmer. Hermann Kretzschmar, Klavier. Ueli Wiget, Cembalo. Ensemble Modern. Dirigent: Jonathan Stockhammer. Dirigent: Felix Schauren (Grime: Piano Concerto)<\/p>\n<p style=\"padding-left: 40px;\"><strong>Harrison Birtwistle<\/strong> (* 1934): \u201eCarmen Arcadiae Mechanicae Perpetuum\u201c (1977\/78) f&#252;r Ensemble | <strong>Helen Grime<\/strong> (* 1981): Piano Concerto (2017) | <strong>Laurence Osborn<\/strong> (* 1989): \u201eAutomaton\u201c (2019) f&#252;r Cembalo und Ensemble | <strong>Oliver Knussen<\/strong> (1952-2018): \u201eSongs without Voices\u201c (1992). Vier St&#252;cke f&#252;r acht Musiker | <strong>George Benjamin<\/strong> (* 1960): \u201eThree Inventions\u201c (1994) f&#252;r Kammerorchester<\/p>\n<p style=\"padding-left: 40px;\">(Aufnahme vom 14. M&#228;rz 2021 aus hr-Sendesaal in Frankfurt). Die energetischen \u201eThree Inventions\u201c von George Benjamin kombinierte das Ensemble Modern mit dem mechanischen Instrumentaltheater \u201eCarmen Arcadiae Mechanicae Perpetuum\u201c von Harrison Birtwistle \u2013 und den stimmenlosen \u201eSongs without Voices\u201c des 2018 gestorbenen, schottischen Composer-Conductor Oliver Knussen. Zudem kamen mit Helen Grime und Laurence Osborn zwei preisgekr&#246;nte \u201eYoungster\u201c zu Wort, die bereits fest in der britischen Neue-Musik-Szene verankert sind. Grimes Klavierkonzert steht hier Osborns Cembalokonzert gegen&#252;ber, das mit seinem Titel \u201eAutomaton\u201c den Rockmusiker Marilyn Manson herbeizitiert und das spannungsvolle Miteinander von Mensch und Maschine thematisiert.<\/p>\n<p>20:04 bis 21:30 | SR2 KulturRadio<br \/>\n<strong>Mouvement: Mirlitonnades \u2013 Tr&#246;tent&#246;ne<\/strong><\/p>\n<p style=\"padding-left: 40px;\">Sprach-Klang-Fantasie mit Dietmar Wiesner (Fl&#246;te) und Wolfgang Korb (Sprecher). Direkt&#252;bertragung aus dem KuBa Kulturzentrum am Eurobahnhof<\/p>\n<p>21:30 bis 22:30 | hr2-kultur<br \/>\n<strong>Sie war fast &#252;berall die erste \u2013 Die Komponistin Y. Pagh-Paan<\/strong><\/p>\n<p style=\"padding-left: 40px;\">Portr&#228;tiert von Martina Seeber. 1994 wurde Younghi Pagh-Paan als erste Frau Professorin f&#252;r Komposition an einer deutschen Musikhochschule. 1980 war sie, die seit 1974 in der Bundesrepublik lebt, die erste Komponistin, die f&#252;r die Donaueschinger Musiktage ein Orchesterwerk schreiben durfte.<\/p>\n<p style=\"padding-left: 40px;\">Ohne dass sie es jemals darauf angelegt hat, war Younghi Pagh-Paan, 1945 in S&#252;dkorea geboren, im Musikbetrieb eine Pionierin. Zugleich fragt sie sich damals: \u201eWoher nehme ich \u2013 eine koreanische Frau \u2013 den Antrieb zu sch&#246;pferischer T&#228;tigkeit?\u201c Vielleicht, weil bei ihr Humor, Seelenst&#228;rke, Spiritualit&#228;t, Bescheidenheit und Kampfgeist eine ungew&#246;hnliche Verbindung eingehen. Ihr Charakter ist polyphon wie ihr Name. Weil der Nachname Pagh in Korea so h&#228;ufig vorkommt, hat sie den Zusatz \u201ePaan\u201c angeh&#228;ngt. \u201ePa\u201c wie das koreanische Wort f&#252;r das Musikalische und \u201eAn\u201c wie die \u201ePlanende\u201c, zusammen also die Musikplanerin. Zusammen bedeuten die beiden Silben aber auch so viel wie \u201ein lautes Gel&#228;chter ausbrechen\u201c.<\/p>\n<p>22:05 bis 23:00 | SWR 2<br \/>\n<strong>SWR2 H&#246;rspiel-Studio: Rauschunterdr&#252;ckung. Ein Aufnahmezustand<\/strong><\/p>\n<p style=\"padding-left: 40px;\">Von Ulrich Bassenge. Musik und Regie: Ulrich Bassenge. (Produktion: WDR \/ SRF 2018). Vier Musiker k&#228;mpfen mit sich und den Gesetzen des Marktes. Sieben Jahre nach ihrem ersten Auftritt wagt die Band ohne Namen ein Comeback: gegen die Fliehkr&#228;fte des Alters, die prek&#228;ren Arbeitsbedingungen und die &#196;sthetik des Mainstreams. Die Band mit Gitarre, Bass, Schlagzeug und Gesang will ihre alten Songs in marktf&#228;hige Hits verwandeln. Schaffen Sie das oder brechen die alten Konflikte wieder auf? Als die Influencerin Mona als Agentin der Plattenfirma das Studio betritt, &#252;berst&#252;rzen sich die Ereignisse. Ausgezeichnet mit dem Grand Prix Nova 2019 und dem BBC Audio Drama Award 2020.<\/p>\n<p>22:05 bis 23:00 | BR-KLASSIK<br \/>\n<strong>Horizonte: Zum 85. Geburtstag des Komponisten G&#252;nter Neubert<\/strong><\/p>\n<p style=\"padding-left: 40px;\"><strong>G&#252;nter Neubert<\/strong>: \u201eLaudate Ninive\u201c, Zwei Motetten (Chor des Bayerischen Rundfunks: Gustav Sj&#246;kvist); \u201eSchlagspieldialog\u201c (Claudia Sgarbi, Schlagzeug); \u201eVon menschlichen Schw&#228;chen\u201c (Peter Sch&#246;ne, Bariton; M&#252;nchner Rundfunkorchester: Ulf Schirmer); \u201eVier Impressionen nach Barlach\u201c, Passacaglia und Ricercar (Dorian Keilhack, Klavier)<\/p>\n<p>23:03 \u2013 24:00 | &#214;1<br \/>\n<strong>Auf der Suche nach dem Dahinter \u2013 Die Komponistin und Klangk&#252;nstlerin Natalia Dom\u00ednguez Rangel im Portrait<\/strong><\/p>\n<p style=\"padding-left: 40px;\">Amsterdam und Wien sind die St&#228;dte zwischen denen sich die aus Kolumbien geb&#252;rtige Komponistin Natalia Dom\u00ednguez Rangel seit 2017 bewegt. In Amsterdam hat sie studiert und sich auf Klanginstallationen und elektroakustische Komposition spezialisiert. Werke f&#252;r akustische Besetzungen finden aber genauso Platz in ihrem Portfolio. F&#252;r Wien hat sie ein Aufenthaltsstipendium erhalten und am Leben hier Gefallen gefunden.<\/p>\n<p style=\"padding-left: 40px;\">Die Verbindung zwischen Architektur und Klang, zwischen dem, was ein Ort zu erz&#228;hlen hat und wie sich das anh&#246;ren k&#246;nnte, fasziniert und inspiriert sie. Die Zeit des ersten Lock Down im Fr&#252;hjahr des vergangenen Jahres hat die akustische Pr&#228;gung unserer Umgebung massiv beeinflusst, zumeist hin zu mehr Stille. Natalia Dom\u00ednguez Rangel machte unz&#228;hlige Audio-Aufnahmen von bestimmten Pl&#228;tzen in der Stadt: Von ber&#252;hmten Geb&#228;uden wie der Wiener Staatsoper und dem Stephansdom genauso wie von Stra&#223;en und Parks. Eine akustische Kartographie der Stadt. Nun startete sie einen Aufruf an die Online-Community und bat um weitere Audiofiles aus der ganzen Welt. Daraus will sie eine Klanginstallation inmitten der Natur machen, damit diese unwiederbringlichen H&#246;reindr&#252;cke f&#252;r die &#214;ffentlichkeit erlebbar werden.<\/p>\n<p style=\"padding-left: 40px;\">In diesem Zeit-Ton-Portr&#228;t stellt die Komponistin ihre k&#252;nstlerischen Zug&#228;nge vor und gibt Einblick in ihre aktuelle Arbeit. Gestaltung: Marie-Therese Rudolph<\/p>\n<hr \/>\n<h2>fr \u2013 23.04.2021<\/h2>\n<hr \/>\n<p>00:05 bis 01:00 | Deutschlandfunk Kultur<br \/>\n<strong>Klangkunst: theVoicePartyOperaBotFarm \u2013 [my Muse Is My Fury]<\/strong><\/p>\n<p style=\"padding-left: 40px;\">Von Lore Lixenberg. Produktion: Deutschlandfunk Kultur \/ ORF \/ CTM 2020. L&#228;nge:54\u201930. (Ursendung)<\/p>\n<p style=\"padding-left: 40px;\">Die Voice-Partei hat einen Twitterbot freigelassen. Wann immer Boris Johnson twittert, ert&#246;nt eine Vielzahl von Stimmen \u2013 fies, ineffizient, anz&#252;glich, beratend. Opernhaftes Medley der besten Tweets.<\/p>\n<p style=\"padding-left: 40px;\">Aus dem Trauma des Brexit entstand die Voice-Partei. 2019 trat sie bei der Parlamentswahl in Gro&#223;britannien an, konnte aber nur eine kleine W&#228;hlerschaft &#252;berzeugen. Doch sie gibt nicht auf. Sobald sie an die Macht kommt, wird sie das gesamte politische System umstrukturieren, wird es am Sound, seinen sch&#246;nen, aufrichtigen und harmonischen Gesetzm&#228;&#223;igkeiten ausrichten.<\/p>\n<p style=\"padding-left: 40px;\">Das selbsternannte Bildungsministerium der Voice-Partei hat einen Twitterbot programmiert. Dieser erinnert an einen Chor des antiken Dramas: Er antwortet, streitet, beleidigt und ber&#228;t populistische Regierungen. Im Moment ist eine ganze Botfarm auf Boris Johnson geeicht. Wann immer dieser twittert, ert&#246;nt eine Vielzahl von Stimmen \u2013 fies, ineffizient, anz&#252;glich, beratend.<\/p>\n<p style=\"padding-left: 40px;\">Lore Lixenberg ist als experimentelle Stimmk&#252;nstlerin, Mezzosopranistin und Opernmacherin bekannt f&#252;r ihre erweiterten Vokaltechniken. Gemeinsam mit dem Komponisten Frederic Acquaviva unterh&#228;lt sie den avantgardistischen Kunstraum \u201eLa Plaque Tournante\u201c in Berlin.<\/p>\n<p>00:10 bis 02:00 | Bayern 2<br \/>\n<strong>Concerto bavarese: Bayerische Komponisten<\/strong><\/p>\n<p style=\"padding-left: 40px;\"><strong>Peter Wittrich<\/strong>: \u201ePax\u201c (Bernhard Buttmann, Orgel); <strong>Taras Yachshenko<\/strong>: \u201eSuite nostalgique\u201c (Markus Sch&#246;n, Klarinette; Taras Yachshenko, Klavier); <strong>Hans WInterberg<\/strong>: \u201eBallade um Pandora\u201c (M&#252;nchner Philharmoniker: Rudolf Alberth); <strong>Walter T&#246;lle<\/strong>: Streichquartett a-Moll (Herchenhan Quartett); <strong>Johann Paul Zehetbauer<\/strong>: \u201eDeutsches Ordinarium\u201c, Agnus Dei (Chor der Himmelfahrtskirche; Ein Instrumentalensemble: Heinz Schnauffer)<\/p>\n<p>19:05 bis 20:00 | BR-KLASSIK<br \/>\n<strong>Das Musik-Feature: Von Auerhahn bis Zebrafink \u2013 Ein Streifzug durch die musikalische Vogelwelt<\/strong><\/p>\n<p style=\"padding-left: 40px;\">Von Felicia Englmann. Der Klang des Fr&#252;hlings: Das ist ein morgendliches Vogelkonzert. Singv&#246;gel haben Musiker und Komponisten von jeher inspiriert. Ihre Lieder klingen in Opern und Symphonien. V&#246;gel sind in der Musik fr&#246;hliche Fr&#252;hlingsboten ebenso wie Symboltiere: der Schwan steht f&#252;r Anmut, die Eule f&#252;r Zauberei und finstere N&#228;chte, der Auerhahn f&#252;r &#252;berbordende Liebeslust. In diesem Musik-Feature erz&#228;hlen unter anderen der Blockfl&#246;ten-Virtuose Stefan Temmingh und die T&#228;nzerin Marta Navarrete Villalba von ihren Vogel-Interpretationen. Vogelkundige erkl&#228;ren, warum V&#246;gel eigentlich singen und wie sie es lernen. Sie berichten, dass schwarze Schw&#228;ne manchmal eigensinnig sind, welche Kl&#228;nge eine Eule unwiderstehlich findet und welcher Papagei die sch&#246;nsten Arien singt.<\/p>\n<p>20:04 bis 21:30 | WDR 3<br \/>\n<strong>WDR 3 Konzert: Witten 2021 [1] haunted places<\/strong><\/p>\n<p style=\"padding-left: 40px;\"><strong>Mauro Lanza<\/strong>: Aether is a haunted place f&#252;r Streichquartett und Elektronik, Urauff&#252;hrung | <strong>C\u00e9line Steiner<\/strong>: 4 Perlenzeichen im Gold f&#252;r Streichquartett, Urauff&#252;hrung | <strong>Sasha J. Blondeau<\/strong>: Des mondes possibles f&#252;r Streichquartett und Elektronik, Urauff&#252;hrung<\/p>\n<p style=\"padding-left: 40px;\"><strong>Quatuor Diotima<\/strong>; IRCAM. Parallele Ausstrahlung in Dolby Digital 5.1 Surround-Sound<\/p>\n<p style=\"padding-left: 40px;\">Gleich mehrere Arten, Streichquartette zu schreiben, sind im Er&#246;ffnungskonzert zu erleben: virtuos, versponnen, zukunftsweisend oder raumgreifend. Mauro Lanza und Sasha Blondeau erweitern die Streicher, w&#228;hrend C\u00e9line Steiner ganz ohne Elektronik auskommt.<\/p>\n<p style=\"padding-left: 40px;\">Mauro Lanza ist fasziniert von elektromagnetischen und &#252;bersinnlichen Kr&#228;ften, wie sie von Beginn an zum Mythos Radio geh&#246;ren. Sein Zyklus \u201eAether is a haunted place\u201c ist eine Hommage an alte Technologien und deren Pioniere, aber auch an die Nutzung von Funk und Radio f&#252;r Raumfahrt oder Spionage. Lanza verwendet dazu Signale verlorener Kosmonauten und andere Klangspuren aus dem All. \u201eDiese Zukunft scheint unwiderruflich verloren zu sein, aber ihr Geist verfolgt uns\u201c.<\/p>\n<p style=\"padding-left: 40px;\">Sasha Blondeau verbindet in seinem Quartett Orte, die sich in der physischen Welt nie ber&#252;hren w&#252;rden. Eine H&#246;rerfahrung, die komplexe Erlebnisse, Farbenreichtum und Sinnlichkeit vereint. Kompakt gestaltet ist das Quartett von C\u00e9line Steiner. Ausgehend von einem Anagramm von Unica Z&#252;rn entfacht sie einen virtuosen Strudel. Ein Accelerando, das in einem \u201eabsoluten und zugleich schwebenden\u201c Ruhepunkt m&#252;ndet.<\/p>\n<p>21:05 bis 22:30 | Bayern 2<br \/>\n<strong>H&#246;rspiel: h&#246;r!spiel!art.mix: \u201eAusbreitungszone\u201c von Mariette Navarro<\/strong><\/p>\n<p style=\"padding-left: 40px;\">Mit Meike R&#246;tzer, Dorothee Metz, Sylvana Seddig, Bettina Kurth, Tony de Maeyer, Cornelius Schwalm und Matthias Rheinheimer. Komposition: Bo Wiget. Regie: Leopold von Verschuer. DKultur 2020<\/p>\n<p style=\"padding-left: 40px;\">\u201eEs ist Zeit sein Zuhause zu verlassen. Es ist Zeit zu leben.\u201c Ausbreitungszone erz&#228;hlt von Ausbrechern aus der \u201eordentlichen Stadt\u201c mit ihren \u201eBiol&#228;den als Naturersatz\u201c, von Ausbrechern aus dem Lichtbad im Scheine des Computerbildschirms und aus den Verirrungen der t&#228;glichen H&#246;flichkeitsfloskeln. Mariette Navarro skizziert auf poetische Weise die Entfremdung der Gro&#223;stadtmenschen, die nun im Wald Vieles lernen: \u201eMan wird mit dem allen wieder von vorne anfangen m&#252;ssen. Dem Jagen, dem Sammeln, dem B&#228;umehochklettern, dem H&#252;ttenbauen.\u201c Doch m&#246;chte der Wald sie &#252;berhaupt aufnehmen? Navarros Ausbreitungszone sp&#252;rt der Verwandlung der Menschen nach, die mehr und mehr in diesen Wald gesogen werden und die die Zivilisation hinter sich gelassen haben. Was zun&#228;chst an die Waldbesetzer des Hambacher Forsts erinnert, ist die hymnische Utopie einer Gegengesellschaft, in der sich schlie&#223;lich wie in Shakespeares Sommernachtstraum die Grenze zwischen Wald und Stadt aufzul&#246;sen beginnt.<\/p>\n<p style=\"padding-left: 40px;\">Mariette Navarro, geb. 1980, franz&#246;sische Schriftstellerin und Dramaturgin. Werke u.a. Le bal d\u2019 Emma (2013), Wir Wellen (2014).<\/p>\n<p>21:30 bis 22:30 | WDR 3<br \/>\n<strong>WDR 3 Konzert: Witten 2021: Schwesternparkmusik 1<\/strong><\/p>\n<p style=\"padding-left: 40px;\">Neue Werke von<strong> Peter Ablinger, Thomas Taxus Beck, Lilian Beidler, Farzia Fallah, Hanna Hartman, Mauro Hertig, Georg Klein, Georgia Koumar\u00e1, Dariya Maminova, Andrea Neumann, Daniel Ott <\/strong>und <strong>Kirsten Reese<\/strong><\/p>\n<p style=\"padding-left: 40px;\">Rie Watanabe, Schlagzeug; Paul H&#252;bner, Trompete; Lilian Beidler, Stimme; Ensemble Garage; Studierende der Musikakademie Basel und der Folkwang Uni Essen. Aufnahmen aus dem Schwesternpark<\/p>\n<p style=\"padding-left: 40px;\">Alle zwei Jahre gehen die Kammermusiktage mit Klangkunstarbeiten auf Ortserkundung. 2021 f&#252;hrt ein Parcours durch den Schwesternpark im Stadtzentrum. Das urbane Schmuckst&#252;ck z&#228;hlt zu den sch&#246;nsten Gr&#252;nanlagen der Stadt Witten. Der Park wurde vor rund 100 Jahren entworfen und liebevoll in Kleinlandschaften nach \u201eThemen\u201c gestaltet.<\/p>\n<p style=\"padding-left: 40px;\">Zw&#246;lf Klangk&#252;nstler*innen reflektieren mit ihren Arbeiten Fauna und Flora der Anlage und reagieren zugleich auf die besondere Akustik, in der sich Vogelrufe und Verkehrsger&#228;usche mischen. Dabei geht es um grundlegende Momente des Parks: um die Idee des Labyrinths und der &#220;berraschung, aber auch um das \u201eGro&#223;e im Kleinen\u201c. Motiviert durch die aktuellen Ereignisse der letzten Monate, nat&#252;rlich auch um die Rolle der Schwestern und Pfleger \u2013 ein Thema, das dank Corona eine unerwartete Brisanz bekommen hat.<\/p>\n<p style=\"padding-left: 40px;\">Das Ganze versteht sich als Klanggarten, der keinem festen Parcours folgt, sondern frei schweifend zu erkunden ist: Der Spaziergang als Raumkomposition. Die Formen und Formate changieren zwischen Klangkunst und Kammermusik, Improvisation und Elektronik werden einbezogen, Tanz und Theater wie auch Elemente des H&#246;rspiels.<\/p>\n<p>22:03 bis 23:00 | Deutschlandfunk Kultur<br \/>\n<strong>Musikfeuilleton: Projekte, Projekte? \u2013 Wie kommt die freie Musikszene aus dem Corona-Loch?<\/strong><\/p>\n<p style=\"padding-left: 40px;\">Von Matthias N&#246;ther. Freie Musikerinnen und Musiker scheinen in der Pandemie vom Staat umsorgt zu werden: Soforthilfe, Novemberhilfe, Neustarthilfe f&#252;r Soloselbstst&#228;ndige \u2013 solche Namen tragen die Hilfspakete der Bundesregierung, die die mangelnden Verdienstm&#246;glichkeiten von professionellen K&#252;nstler im Shutdown der Konzert- und Opernh&#228;user entsch&#228;digen sollen. Doch die Ma&#223;nahmen greifen nicht \u2013 29 Prozent der freien Musikerinnen in Berlin etwa haben in einer Umfrage angegeben, ihren Beruf stattdessen aufzugeben. Woran liegt das? Es ist eine Situation, die auf eine tiefere Krise der freien Musikszene in Deutschland hindeutet. K&#252;nstler, Musikverb&#228;nde und die Kulturpolitik geben darauf z&#246;gerlich, aber immer konturierter Antworten. Nach dem Lockdown jedenfalls wird mit der Musik hierzulande l&#228;ngst nicht mehr alles so sein wie zuvor.<\/p>\n<p>22:30 bis 00:00 | WDR 3<br \/>\n<strong>WDR 3 Konzert: Witten 2021 [2] Vertigo \u2013 <\/strong><\/p>\n<p style=\"padding-left: 40px;\"><strong>Brice Pauset \/ Arotin &amp; Serghei<\/strong>: Vertigo \/ Infinite Screen, eine intermediale Komposition nach Alfred Hitchcocks \u201eVertigo\u201c f&#252;r Ensemble in 6 Gruppen, 18 Bild-Module und Elektronik, Urauff&#252;hrung<\/p>\n<p style=\"padding-left: 40px;\">Klangforum Wien, Leitung: Titus Engel; IRCAM. Parallele Ausstrahlung in Dolby Digital 5.1 Surround-Sound<\/p>\n<p style=\"padding-left: 40px;\">\u201eVertigo\u201c hei&#223;t das neue Multimedia-Werk von Brice Pauset. Nicht nur f&#252;r den Titel hat Alfred Hitchcock Pate gestanden. Dessen legend&#228;rer Film aus dem Jahre 1958 bildet in mehrfacher Hinsicht die Vorlage f&#252;r dieses ambitionierte Projekt.<\/p>\n<p style=\"padding-left: 40px;\">F&#252;r Brice Pauset repr&#228;sentiert Hitchcocks Vertigo \u201edie Quintessenz dessen, was das Kino der Psychoanalyse verdankt, indem es diese Beziehung in eine intensive Parabel der Erkenntnis verwandelt\u201c. Sein Werk folgt in vielen Details dem Film: \u201eDie Scheinhandlung, der Pygmalioneffekt, die Besessenheit der Wiederholung, die regressive Faszination der Legende und der Sturz\u201c. All dies spiegelt sich auch in der Musik wieder. Selbst die f&#252;r den Film zentrale Farben-Symbolik findet eine Entsprechung in der r&#228;umlichen Aufteilung des Ensembles, das aus f&#252;nf farbig besetzten Trios und einem sogenannten Choral-Quartett besteht mit exotischen Instrumenten wie Baritonoboe und Basswagnertuba.<\/p>\n<p style=\"padding-left: 40px;\">Mit Hitchcocks Themen wie Schwindelgef&#252;hl, H&#246;henangst, aber auch T&#228;uschung, L&#252;ge und Fake spielt in dieser Raummusik auch die Elektronik. Zuvor aufgenommene Kl&#228;nge l&#246;sen sich von den Instrumenten und werden elektronisch verarbeitet in den Saal projiziert. Den Raum, in dem sie sich bewegen, gestalten die Videok&#252;nstler Arotin &amp; Serghei mithilfe von \u201eSequenzen, Objekten und Farbflecken\u201c aus dem Film.<\/p>\n<p>23:03 \u2013 24:00 | &#214;1<br \/>\n<strong>Bernhard Lang. GAME 2 4 5: The Mirror Stage \u2013 Bernhard Lang Personale beim Festival Transit in Leuven <\/strong><\/p>\n<p style=\"padding-left: 40px;\">Nach \u201eDifferenz und Wiederholung\u201c und \u201eMonadologien\u201c hat Bernhard Lang 2016 mit einer weiteren umfassenden Werkreihe begonnen. Mit seiner \u201eGame\u201c-Serie kn&#252;pft Bernhard Lang einerseits an Roman Haubenstock-Ramatis Konzeption des Mobiles und andererseits an Christian Wolffes Idee der semiimprovisatorischen, offenen Komposition an. Ein variierendes Regelwerk definiert den Rahmen des jeweiligen Spiels. Dabei wird der musikalische Handlungsspielraum der beteiligten Instrumentalist\/innen radikal erweitert.<\/p>\n<p style=\"padding-left: 40px;\">Im Rahmen des Festivals Transit in Leuven fand im vergangenen November die Urauff&#252;hrung von \u201eGAME 2 4 5: The Mirror Stage\u201c f&#252;r vier Stimmen, E-Gitarre und Ambisonic Loops statt, \u2013 mit dem Vokalensemble HYOID und Kobe Van Cauwenberghe (E-Gitarre). F&#252;r die Spatialisierung der Loops im Raum zeichneten Robin Meier und Sylvain Cadars vom IRCAM verantwortlich. Inspiration lieferten Lacans &#220;berlegungen zum \u201eSpiegelstadium\u201c, jener Phase der menschlichen Entwicklung, in der wir uns unserer selbst bewusst werden. Gestaltung: Susanna Niedermayr<\/p>\n<hr \/>\n<h2>sa \u2013 24.04.2021<\/h2>\n<hr \/>\n<p>14:05 bis 15:00 | BR-KLASSIK<br \/>\n<strong>Das Musik-Feature: Von Auerhahn bis Zebrafink \u2013 Ein Streifzug durch die musikalische Vogelwelt<\/strong><\/p>\n<p style=\"padding-left: 40px;\">Von Felicia Englmann. Der Klang des Fr&#252;hlings: Das ist ein morgendliches Vogelkonzert. Singv&#246;gel haben Musiker und Komponisten von jeher inspiriert. Ihre Lieder klingen in Opern und Symphonien. V&#246;gel sind in der Musik fr&#246;hliche Fr&#252;hlingsboten ebenso wie Symboltiere: der Schwan steht f&#252;r Anmut, die Eule f&#252;r Zauberei und finstere N&#228;chte, der Auerhahn f&#252;r &#252;berbordende Liebeslust. In diesem Musik-Feature erz&#228;hlen unter anderen der Blockfl&#246;ten-Virtuose Stefan Temmingh und die T&#228;nzerin Marta Navarrete Villalba von ihren Vogel-Interpretationen. Vogelkundige erkl&#228;ren, warum V&#246;gel eigentlich singen und wie sie es lernen. Sie berichten, dass schwarze Schw&#228;ne manchmal eigensinnig sind, welche Kl&#228;nge eine Eule unwiderstehlich findet und welcher Papagei die sch&#246;nsten Arien singt.<\/p>\n<p>18:04 bis 19:00 | WDR 3<br \/>\n<strong>WDR 3 Konzert: Witten 2021 [3] Sonic Leak<\/strong><\/p>\n<p style=\"padding-left: 40px;\"><strong>Huihui Cheng<\/strong>: Sonic Leak f&#252;r E-Gitarre, Saxofon, Klavier, Schlagzeug und Elektronik, Urauff&#252;hrung | <strong>Hugues Dufourt<\/strong>: L\u2019Atelier rouge d\u2019apr\u00e8s Matisse f&#252;r E-Gitarre, Saxofon, Klavier und Schlagzeug, Deutsche Erstauff&#252;hrung | <strong>Christian Winther Christensen<\/strong>: In Touch f&#252;r 5 Musiker, Urauff&#252;hrung | <strong>Mirela Ivicevic<\/strong>: Subsonically Yours f&#252;r Ensemble, Urauff&#252;hrung<\/p>\n<p style=\"padding-left: 40px;\">Ensemble Nikel; Klangforum Wien. Aufnahme aus dem Saalbau Witten, Festsaal<\/p>\n<p style=\"padding-left: 40px;\">In diesem Konzert treffen zwei au&#223;ergew&#246;hnliche und zugleich hochrangige Ensembles auf vier Komponist*innen, deren Begegnung &#220;berraschungen und Vielfalt verspricht.<\/p>\n<p style=\"padding-left: 40px;\">Stimmt es, dass die Wahrheit am Ende ans Licht kommt? Die Komponistin Huihui Cheng liefert darauf keine letzte Antwort. Sie inszeniert das D&#228;mpfen, Stopfen, Verfremden und Unterdr&#252;cken als akustisches Spiel. Nicht nur zum Spa&#223;, obgleich auch die Lust nicht zu kurz kommt.<\/p>\n<p style=\"padding-left: 40px;\">Hugues Dufourt entwirft das klingende Echo eines Stillebens von Henri Matisse. Gem&#228;lde sind f&#252;r Dufourt eine unersch&#246;pfliche Inspirationsquelle. \u201eL\u2019Atelier rouge d\u2019apr\u00e8s Matisse\u201c ist seine musikalische Phantasie &#252;ber eine Werkstatt, die der Maler selbst ganz in Rott&#246;ne tauchte.<\/p>\n<p style=\"padding-left: 40px;\">Christian Winther Christensen setzt hingegen auf ironische Irritation. Warum sein Klavierquartett mehr als vier Musiker verlangt, wird sich beim H&#246;ren kl&#228;ren. Eine Mogelpackung ist es jedenfalls nicht, es verspricht ganz im Gegenteil Extra-&#220;berraschungen. Die h&#228;lt auch die Musik von Mirela Ivicevic bereit. Die Kroatin verbindet die Faszination f&#252;r Alltagskl&#228;nge mit ungehemmter \u201eLust am Pluralismus\u201c. Doch das bedeutet nicht, sich in Belanglosigkeiten zu verlieren: \u201eF&#252;r mich hei&#223;t Musik nicht Flucht vor, sondern Interaktion mit der Welt. Wenn n&#246;tig, auch Kampf.\u201c<\/p>\n<p>19:00 bis 20:00 | WDR 3<br \/>\n<strong>WDR 3 Konzert: Witten 2021: Dialog. Portrait<\/strong><\/p>\n<p style=\"padding-left: 40px;\"><strong>Brice Pauset<\/strong>: \u00c9tudes pour Piano \/ Pr\u00e9ludes f&#252;r Cembalo \/ Minutes f&#252;r Hammerfl&#252;gel, Urauff&#252;hrung. Brice Pauset, Cembalo und Hammerfl&#252;gel; Nicolas Hodges, Klavier<\/p>\n<p style=\"padding-left: 40px;\">Brice Pauset im Gespr&#228;ch mit Martina Seeber. Aufnahme aus dem M&#228;rkischen Museum.<\/p>\n<p style=\"padding-left: 40px;\">Im Fokus des Wittener Festivals steht in diesem Jahr der 1965 im franz&#246;sischen Besan\u00e7on geborene Brice Pauset. Im Gespr&#228;chskonzert gibt er Einblick in die Facetten seiner vielschichtigen Arbeit als Komponist, Pianist und Instrumentenbauer.<\/p>\n<p style=\"padding-left: 40px;\">Brice Pauset baut Cembali, auf denen er Musik von Couperin oder Rameau spielt. Auf Hammerklavieren widmet er sich klassisch-romantischem Repertoire, komponiert f&#252;r die historischen Instrumente aber auch eigene, neue Werke. Sein aktuelles work in progress ist die Werkreihe der \u201eMinutes\u201c f&#252;r Hammerklavier, das auf 60 Miniaturen anwachsen soll. Teile aus diesem Kompendium von Einmin&#252;tern sowie aus seinen \u201e\u00c9tudes\u201c f&#252;r Klavier und \u201ePr\u00e9ludes\u201c f&#252;r Cembalo wird Brice Pauset im Rahmen des Gespr&#228;chskonzerts im Wechsel mit dem Pianisten Nicolas Hodges vorstellen. Darin geht es nicht nur um den klanglichen Reichtum der Instrumentenfamilie, sondern auch um bauliche Besonderheiten und Details jeder Epoche und jedes Einzelst&#252;cks, die allein eine Entdeckung wert sind.<\/p>\n<p>21:00 bis 22:00 | WDR 3<br \/>\n<strong>WDR 3 Konzert: Witten 2021: Schwesternparkmusik 2<\/strong><\/p>\n<p style=\"padding-left: 40px;\">Neue Werke von <strong>Peter Ablinger, Thomas Taxus Beck, Lilian Beidler, Farzia Fallah, Hanna Hartman, Mauro Hertig, Georg Klein, Georgia Koumar\u00e1, Dariya Maminova, Andrea Neumann, Daniel Ott<\/strong> und <strong>Kirsten Reese<\/strong><\/p>\n<p style=\"padding-left: 40px;\">Rie Watanabe, Schlagzeug; Paul H&#252;bner, Trompete; Lilian Beidler, Stimme; Ensemble Garage; Studierende der Musikakademie Basel und der Folkwang Uni Essen<\/p>\n<p style=\"padding-left: 40px;\">Aufnahmen aus dem Schwesternpark<\/p>\n<p style=\"padding-left: 40px;\">Alle zwei Jahre gehen die Kammermusiktage mit Klangkunstarbeiten auf Ortserkundung. 2021 f&#252;hrt ein Parcours durch den Schwesternpark im Stadtzentrum. Das urbane Schmuckst&#252;ck z&#228;hlt zu den sch&#246;nsten Gr&#252;nanlagen der Stadt Witten. Der Park wurde vor rund 100 Jahren entworfen und liebevoll in Kleinlandschaften nach \u201eThemen\u201c gestaltet.<\/p>\n<p style=\"padding-left: 40px;\">Zw&#246;lf Klangk&#252;nstler*innen reflektieren mit ihren Arbeiten Fauna und Flora der Anlage und reagieren zugleich auf die besondere Akustik, in der sich Vogelrufe und Verkehrsger&#228;usche mischen. Dabei geht es um grundlegende Momente des Parks: um die Idee des Labyrinths und der &#220;berraschung, aber auch um das \u201eGro&#223;e im Kleinen\u201c und, motiviert durch die aktuellen Ereignisse der letzten Monate, nat&#252;rlich auch um die Rolle der Schwestern und Pfleger \u2013 ein Thema, das dank Corona eine unerwartete Brisanz bekommen hat.<\/p>\n<p style=\"padding-left: 40px;\">Das Ganze versteht sich als Klanggarten, der keinem festen Parcours folgt, sondern frei schweifend zu erkunden ist: der Spaziergang als Raumkomposition. Die Formen und Formate changieren zwischen Klangkunst und Kammermusik, Improvisation und Elektronik werden einbezogen, Tanz und Theater wie auch Elemente des H&#246;rspiels.<\/p>\n<p>22:04 bis 00:00 | WDR 3<br \/>\n<strong>WDR 3 Open Sounds_ Generation Pol-Pop Sound Politics heute<\/strong><\/p>\n<p style=\"padding-left: 40px;\">Stars, die Wahlempfehlungen geben, &#246;kologische, feministische, anti-rassistische oder LGBTQI+ -Anliegen vertreten, gibt es nicht nur im Sport oder in Hollywood. Auch der (Mainstream-)Pop politisiert sich. Die Popstars von heute mischen sich &#246;fter ein und aktivieren dadurch ihre Fangemeinde. Das geschieht in Songs und Tracks, aber nicht zuletzt jenseits von B&#252;hnen und Studios: Seit einigen Jahren haben sich Popstars geschult, um sich auf verschiedenen digitalen Plattformen und Kan&#228;len als authentische Aktivist:Innen mit Expertise zu pr&#228;sentieren. Ariana Grande, Selena Gomez, Beyonc\u00e9 Knowles, Taylor Swift und Miley Cyrus geh&#246;ren z.B. zu den zwanzig reichweitenst&#228;rksten Personen auf Instagram. Der direkte Austausch mit den Fans verlangt von den Stars auch ein anderes Kommunikationsverhalten. Vor allem aber erm&#246;glichen die social Media Plattformen etwas, was Musikproduktion selten gelingt: eine unmittelbare Reaktion auf aktuelle (politische) Ereignisse.<\/p>\n<p style=\"padding-left: 40px;\">Andere Rahmenbedingungen f&#252;r Musik und Politik fanden sich im Kontext der Revolutionsbestrebungen in der arabischen Welt. Dort nahm der sogenannte Arabische Fr&#252;hling gro&#223;en und unmittelbaren Einfluss auf die Musik. Musizieren, z.B. gemeinsames Singen \u2013 wurde zu einem neuen Modus des Politisch-Seins.<\/p>\n<p style=\"padding-left: 40px;\">Und wo ist Germany\u2019s next Role Model? Gibt es zeitgen&#246;ssische Musiker:innen, die (in W&#252;rde) ein Erbe von Ton Steine Scherben und Wolf Biermann angetreten haben? Ilka Geyer erz&#228;hlt in WDR 3 open sounds vom neuen politischen Engagement in der Musikszene.<\/p>\n<p>22:05 bis 22:50 | Deutschlandfunk<br \/>\n<strong>Atelier neuer Musik: Zukunftsdiskurs \u2013 Zu Bernhard K&#246;nigs Initiative \u201eMusik und Klima\u201c<\/strong><\/p>\n<p style=\"padding-left: 40px;\">Von Gisela Nauck. Bernhard K&#246;nig, Jahrgang 1967, Kompositionssch&#252;ler von Mauricio Kagel, ist f&#252;r ungew&#246;hnliche Projekte bekannt. Er arbeitet vorwiegend im Bereich experimenteller Gebrauchsmusik und dabei oft mit Laien. Inspiriert werden diese Projekte von au&#223;ermusikalischen Anl&#228;ssen, angesiedelt an den R&#228;ndern des Lebensalltags. Die Initiative \u201eMusik und Klima\u201c ist eine Reaktion auf die \u201eFridays for Future\u201c-Bewegung \u2013 K&#246;nig besch&#228;ftigt die Thematik aber schon l&#228;nger. Einen ersten wichtigen Akzent setzte er 2019 mit dem Aufsatz \u201eMonteverdi und der Klimawandel\u201c, Fortsetzung fand sie 2020 mit drei multikulturell angelegten Zukunftswerkst&#228;tten. Angesichts der sich krisenhaft ver&#228;ndernden Umwelt wirft Bernhard K&#246;nig grunds&#228;tzliche Fragen nach Sinn und Auff&#252;hrungspraktiken im heutigen Musikschaffen auf. Wie kann speziell zeitgen&#246;ssische Musik Einfluss nehmen auf einen notwendigen Bewusstseinswandel? In Gisela Naucks Sendung erl&#228;utert K&#246;nig seine Vision einer neuen musikalischen Epochenthematik, deren Grundlage die Neujustierung des Wertefundaments unserer Kultur ist.<\/p>\n<p>23:00 bis 00:00 | hr2-kultur<br \/>\n<strong>Artist\u2019s Corner | Surprise! H&#246;rspiel-Premiere<\/strong><\/p>\n<p style=\"padding-left: 40px;\">Artist\u2019s Corner H&#246;rspiel, der Sendeplatz f&#252;r Klangkunst und Experimentelles widmet sich in diesem Quartal der Reihe DRAMAjetzt!. W&#228;hrend wir Ihnen unsere H&#246;rspiele &#252;ber den Sender oder &#252;ber hr2.de oder die ARD Audiothek zum H&#246;ren anbieten k&#246;nnen, sind die Theater in Zeiten der Pandemie arg gebeutelt und m&#252;ssen auf ihr Publikum verzichten.<\/p>\n<p style=\"padding-left: 40px;\">Damit das nicht so bleibt, haben wir Kooperationen mit hessischen Theatern verabredet, um H&#246;rspielversionen der geplanten B&#252;hneninszenierungen als H&#246;rspiele aufzunehmen und Ihnen so zumindest den akustischen Theaterbesuch zu erm&#246;glichen.<\/p>\n<p style=\"padding-left: 40px;\">In unserem H&#246;rspiel-Podcastangebot auf hr2.de und in der ARD Audithek finden Sie die folgenden DRAMAjetzt!-Produktionen: Sklaven leben | Kein Schafspelz, kein Wolf | Im Dickicht der Einzelheiten | Lou Reed in Offenbach | Zerstreuung &#252;berall | Vom Gauner pers&#246;nlich | Bauernkriegspanorama<\/p>\n<p style=\"padding-left: 40px;\">Da wir noch nicht genau wissen, welche St&#252;cke wann fertiggestellt sind, bleibt es spannend, was im Einzelnen zu h&#246;ren sein wird. Lassen Sie sich &#252;berraschen: Surprise, surprise\u2026<\/p>\n<p style=\"padding-left: 40px;\">Sendung: hr2-kultur, \u201eThe Artist\u2019s Corner\u201c, 24.04.2021, 23:00 Uhr.<\/p>\n<hr \/>\n<h2>so \u2013 25.04.2021<\/h2>\n<hr \/>\n<p>13:04 bis 14:00 | hr2-kultur<br \/>\n<strong>Kaisers Kl&#228;nge \u2013 Musikalische Entdeckungsreisen \u2013 Im Berliner Tempo \u2013 Die Chansons von Walter Mehring<\/strong><\/p>\n<p style=\"padding-left: 40px;\">Walter Mehring z&#228;hlte zu den wichtigsten satirischen Autoren der Weimarer Republik. Seine Gedichte wurden zu Chansons und Schlagern in den Berliner Revuen und Kabaretts.<\/p>\n<p style=\"padding-left: 40px;\">Friedrich Hollaender, Kurt Weill und Werner Heymann vertonten sie. Trude Hesterberg, die Comedian Harmonists und Hans Albers geh&#246;ren zu ihren Interpreten. Zum 125. Geburtstag begeben sich Kaisers Kl&#228;nge auf die musikalischen Spuren Walter Mehrings.<\/p>\n<p>20:04 bis 21:15 | WDR 3<br \/>\n<strong>WDR 3 Konzert: Witten 2021 [5] polychrom<\/strong><\/p>\n<p style=\"padding-left: 40px;\"><strong>Zaneta Rydzewska<\/strong>: Zauberw&#252;rfel f&#252;r 5 Blechbl&#228;ser, Urauff&#252;hrung | <strong>Bernhard Gander<\/strong>: Messing 5 f&#252;r Blechbl&#228;ser, Urauff&#252;hrung | <strong>Zeynep Gedizlioglu<\/strong>: Eksik \u2013 Entzug f&#252;r Ensemble, Urauff&#252;hrung | <strong>Michael Pelzel<\/strong>: Telestos Dark Rituals f&#252;r Ensemble, Urauff&#252;hrung<\/p>\n<p style=\"padding-left: 40px;\">ensemble ascolta; Ensemble Schwerpunkt. Aufnahmen aus dem Saalbau Witten, Festsaal<\/p>\n<p style=\"padding-left: 40px;\">Gemischt oder monochrom? Im f&#252;nften Konzert trifft ein Blechbl&#228;serquintett auf das ungew&#246;hnlich besetzte Ensemble ascolta, die insgesamt vier neue Werke vorstellen.<\/p>\n<p style=\"padding-left: 40px;\">Zeynep Gedizlioglu geht es in \u201eEksik \u2013 Entzug\u201c um die Haltung der Weigerung, aber auch um den \u201eAbstand, durch den die Komposition sich von der Struktur des Lebens\u201c abhebt. Ihre polnische Kollegin Zaneta Rydzewska l&#228;sst sich vom Zauberw&#252;rfel inspirieren. Weniger vom Gegenstand an sich als von \u201edem Prozess des L&#246;sens\u201c und den Verhaltensweisen, die der Mensch bei der Suche nach der L&#246;sung entwickelt.<\/p>\n<p style=\"padding-left: 40px;\">Bernhard Gander, der eine Vorliebe f&#252;r Heavy Metal pflegt, ist auch ohne Strom ganz in seinem Element. Sein Quintett hei&#223;t \u201eMessing\u201c, nach jener Kupfer-Zink-Legierung, aus der Blechblasinstrumente hergestellt werden. Auch Michael Pelzel schafft Bez&#252;ge zur Popkultur. Sein neues Werk, getragen von starken Kontrasten zwischen d&#252;ster ruhigen und glei&#223;end hellen Momenten, reflektiert die Stimmung des Pink Floyd-Albums \u201eThe Dark Side of the Moon\u201c.<\/p>\n<p>21:15 bis 22:15 | WDR 3<br \/>\n<strong>WDR 3 Konzert: Witten 2021 [6] Konzertkammer<\/strong><\/p>\n<p style=\"padding-left: 40px;\"><strong>Birke Bertelsmeier<\/strong>: Frischzellenkur f&#252;r Kammerorchester, Urauff&#252;hrung | <strong>In\u00e9s Badalo<\/strong>: Entrop\u00eda f&#252;r Kammerorchester, Deutsche Erstauff&#252;hrung | <strong>Brice Pauset<\/strong>: Konzertkammer f&#252;r Klavier und Kammerorchester, Urauff&#252;hrung<\/p>\n<p style=\"padding-left: 40px;\">Jean-Pierre Collot, Klavier; WDR Sinfonieorchester, Leitung: Michael Wendeberg. Aufnahme aus K&#246;ln. Parallele Ausstrahlung in Dolby Digital 5.1 Surround-Sound<\/p>\n<p style=\"padding-left: 40px;\">Ein Orchester in der Kammer. Was nach Enge und Bedr&#228;ngnis klingt, verspricht in Wirklichkeit eine Befreiung. In seinem Klavierkonzert stellt Brice Pauset die vertrauten Verh&#228;ltnisse auf den Kopf und am Ende doch wieder auf die F&#252;&#223;e. Birke Bertelsmeier setzt auf Zellerneuerung, verspricht eine Frischzellenkur. Und auch In\u00e9s Baldalo befragt das Orchester auf ihrer Suche nach einem \u201egeordneten Chaos\u201c.<\/p>\n<p style=\"padding-left: 40px;\">Das Konzert wurde von Witten nach K&#246;ln verlegt und findet ohne Publikum statt.<\/p>\n<p>22:00 bis 00:00 | Bremen Zwei<br \/>\n<strong>Klassikwelt in concert<\/strong><\/p>\n<p style=\"padding-left: 40px;\">Das <strong>Alsfelder Vokalensemble<\/strong> feiert in diesem Jahr sein 50-j&#228;hriges Bestehen. Wir senden einen Mitschnitt der \u201eMarienvesper\u201c, die das Ensemble im Jahr 2011 spielte.<\/p>\n<p>22:08 \u2013 23:00 | &#214;1<br \/>\n<strong>Jet Lag All Stars Radio Show: Radio aus den Parkl&#252;cken der Aufmerksamkeit<\/strong><\/p>\n<p style=\"padding-left: 40px;\">Gedankenspr&#252;nge aus dem Musterbuch des Jetlags. Dort, wo Heiliges und Alltag, Ekstase und To-do-Liste zusammentreffen, pr&#228;sentieren die Jet Lag All Stars Musik, Gespr&#228;che, Reportagen und Essays vom &#228;u&#223;ersten Rand der Woche. Die Jet Lag All Star Radio Show ist die B&#252;gelfalte des Kunstsonntags. Gestaltung: Robert Czepel, Rainer Elstner, Alexander Ach Schuh, Thomas Tesar, Elke Tschaikner, Christian Scheib und Klaus Wienerroither<\/p>\n<p>22:15 bis 23:00 | WDR 3<br \/>\n<strong>WDR 3 Konzert: Witten 2021: Schwesternparkmusik 3<\/strong><\/p>\n<p style=\"padding-left: 40px;\">Neue Werke von <strong>Peter Ablinger, Thomas Taxus Beck, Lilian Beidler, Farzia Fallah, Hanna Hartman, Mauro Hertig, Georg Klein, Georgia Koumar\u00e1, Dariya Maminova, Andrea Neumann, Daniel Ott<\/strong> und <strong>Kirsten Reese<\/strong><\/p>\n<p style=\"padding-left: 40px;\">Rie Watanabe, Schlagzeug; Paul H&#252;bner, Trompete; Lilian Beidler, Stimme; Ensemble Garage; Studierende der Musikakademie Basel und der Folkwang Uni Essen. Aufnahmen aus dem Schwesternpark<\/p>\n<p style=\"padding-left: 40px;\">Alle zwei Jahre gehen die Kammermusiktage mit Klangkunstarbeiten auf Ortserkundung. 2021 f&#252;hrt ein Parcours durch den Schwesternpark im Stadtzentrum. Das urbane Schmuckst&#252;ck z&#228;hlt zu den sch&#246;nsten Gr&#252;nanlagen der Stadt Witten. Der Park wurde vor rund 100 Jahren entworfen und liebevoll in Kleinlandschaften nach \u201eThemen\u201c gestaltet.<\/p>\n<p style=\"padding-left: 40px;\">Zw&#246;lf Klangk&#252;nstler*innen reflektieren mit ihren Arbeiten Fauna und Flora der Anlage und reagieren zugleich auf die besondere Akustik, in der sich Vogelrufe und Verkehrsger&#228;usche mischen. Dabei geht es um grundlegende Momente des Parks: um die Idee des Labyrinths und der &#220;berraschung, aber auch um das \u201eGro&#223;e im Kleinen\u201c und, motiviert durch die aktuellen Ereignisse der letzten Monate, nat&#252;rlich auch um die Rolle der Schwestern und Pfleger \u2013 ein Thema, das dank Corona eine unerwartete Brisanz bekommen hat.<\/p>\n<p style=\"padding-left: 40px;\">Das Ganze versteht sich als Klanggarten, der keinem festen Parcours folgt, sondern frei schweifend zu erkunden ist: Der Spaziergang als Raumkomposition. Die Formen und Formate changieren zwischen Klangkunst und Kammermusik, Improvisation und Elektronik werden einbezogen, Tanz und Theater wie auch Elemente des H&#246;rspiels.<\/p>\n<p>23:00 bis 00:00 | WDR 3<br \/>\n<strong>WDR 3 Konzert: Witten 2021: Newcomer Konzert<\/strong><\/p>\n<p style=\"padding-left: 40px;\"><strong>Kathrin Denner<\/strong>: Vertical Loop Task II f&#252;r Ensemble, Deutsche Erstauff&#252;hrung | <strong>Ziteng Ye<\/strong>: Resonanz f&#252;r Ensemble, Urauff&#252;hrung | <strong>Selim G&#246;nc&#252;<\/strong>: dimINNUENDO f&#252;r Ensemble, Deutsche Erstauff&#252;hrung | <strong>Dilay Doganay<\/strong>: Antirrihinum f&#252;r Ensemble, Deutsche Erstauff&#252;hrung | <strong>Carlo Praderio<\/strong>: indurre f&#252;r Ensemble, Urauff&#252;hrung<\/p>\n<p style=\"padding-left: 40px;\"><strong>IEMA Ensemble 2020\/21<\/strong>. Aufnahme aus dem M&#228;rkischen Museum<\/p>\n<p style=\"padding-left: 40px;\">Der Auftakt in Witten geh&#246;rt seit 2012 dem Nachwuchs \u2013 und der meldet sich aus allen Teilen der Welt. Der neueste Jahrgang der Nachwuchs-Formation des Ensemble Modern (IEMA), deren Mitglieder als Masterstudierende im Fach Neue Musik schon jetzt echte Spezialisten sind, bringt die Werke auf die B&#252;hne.<\/p>\n<p style=\"padding-left: 40px;\">&#220;ber die Auswahl entscheidet das Reading Panel, in dem Brigitta Muntendorf (Hochschule f&#252;r Musik und Tanz K&#246;ln), G&#252;nter Steinke (Folkwang Universit&#228;t der K&#252;nste), Paul Cannon und Megumi Kasakawa (Internationale Ensemble Modern Akademie) und Harry Vogt (WDR) beteiligt sind.<\/p>\n<p style=\"padding-left: 40px;\">Das Newcomer Konzert ist Teil des Labors, das bei den Wittener Tagen f&#252;r neue Kammermusik gemeinsam mit der Musikhochschule K&#246;ln und der Essener Folkwang Universit&#228;t durchgef&#252;hrt wird. Das 2007 gegr&#252;ndete Labor richtet sich mit Probenbesuchen, Vortr&#228;gen und Workshops an Studierende vor allem des Fachs Komposition.<\/p>\n<p>23:05 bis 00:00 | BR-KLASSIK<br \/>\n<strong>Musik der Welt: Gl&#252;cksfall \u201eZigeunermusik\u201c \u2013 Die Tonsprache von Sinti und Roma als Vorbild<\/strong><\/p>\n<p style=\"padding-left: 40px;\">Die musikalische Entwicklung wird ab dem 18. Jahrhundert immer st&#228;rker durch einen umfassenden Kulturaustausch gepr&#228;gt. K&#252;nstler reisen, nehmen Impulse auf, geben Ideen weiter. Durch keine Bev&#246;lkerungsgruppe wird diese Wechselwirkung besser sichtbar als durch die Roma und Sinti \u2013 die damals noch als Zigeuner bezeichnet wurden. Sie reisen viel, sie musizieren viel, und sie beeinflussten dadurch gro&#223;e Teile der klassischen Musikkultur und der Unterhaltungsmusik: Von der fetzigen ungarischen Tanzkapelle bis zum komplexen und anspruchsvollen Violinst&#252;ck bei Ravel, von Telemann &#252;ber Liszt bis zur Operette, vom Jazz-Gitarristen Django Reinhard bis zu den Gipsy-Kings. Die Sinti und Roma brachten Schmelz, Virtuosit&#228;t, Improvisation und eine gute Portion Exotik in die etablierte Klassikszene. Eine Sendung von Stefan Evertz<\/p>\n<p>&nbsp;<\/p>\n<p>&nbsp;<\/p>\n<div class=\"shariff shariff-align-left shariff-widget-align-left\" style=\"display:none\"><div class=\"ShariffHeadline\"> <\/div><ul class=\"shariff-buttons theme-default orientation-horizontal buttonsize-small\"><li class=\"shariff-button mastodon shariff-nocustomcolor\" style=\"background-color:#563ACC\"><a href=\"https:\/\/s2f.kytta.dev\/?text=Neue%20Musik%20%2F%20Musikfeature%20%2F%20SoundArt%3A%20Die%20Radiowoche%20vom%2019.04.%20bis%2025.04.2021 https%3A%2F%2Fblogs.nmz.de%2Fbadblog%2F2021%2F04%2F17%2Fneue-musik-musikfeature-soundart-die-radiowoche-vom-19-04-bis-25-04-2021%2F\" title=\"Bei Mastodon teilen\" aria-label=\"Bei Mastodon teilen\" role=\"button\" rel=\"noopener nofollow\" class=\"shariff-link\" style=\"; background-color:#6364FF; color:#fff\" target=\"_blank\"><span class=\"shariff-icon\" style=\"\"><svg width=\"75\" height=\"79\" viewBox=\"0 0 75 79\" fill=\"none\" xmlns=\"http:\/\/www.w3.org\/2000\/svg\"><path d=\"M37.813-.025C32.462-.058 27.114.13 21.79.598c-8.544.621-17.214 5.58-20.203 13.931C-1.12 23.318.408 32.622.465 41.65c.375 7.316.943 14.78 3.392 21.73 4.365 9.465 14.781 14.537 24.782 15.385 7.64.698 15.761-.213 22.517-4.026a54.1 54.1 0 0 0 .01-6.232c-6.855 1.316-14.101 2.609-21.049 1.074-3.883-.88-6.876-4.237-7.25-8.215-1.53-3.988 3.78-.43 5.584-.883 9.048 1.224 18.282.776 27.303-.462 7.044-.837 14.26-4.788 16.65-11.833 2.263-6.135 1.215-12.79 1.698-19.177.06-3.84.09-7.692-.262-11.52C72.596 7.844 63.223.981 53.834.684a219.453 219.453 0 0 0-16.022-.71zm11.294 12.882c5.5-.067 10.801 4.143 11.67 9.653.338 1.48.471 3 .471 4.515v21.088h-8.357c-.07-7.588.153-15.182-.131-22.765-.587-4.368-7.04-5.747-9.672-2.397-2.422 3.04-1.47 7.155-1.67 10.735v6.392h-8.307c-.146-4.996.359-10.045-.404-15.002-1.108-4.218-7.809-5.565-10.094-1.666-1.685 3.046-.712 6.634-.976 9.936v14.767h-8.354c.109-8.165-.238-16.344.215-24.5.674-5.346 5.095-10.389 10.676-10.627 4.902-.739 10.103 2.038 12.053 6.631.375 1.435 1.76 1.932 1.994.084 1.844-3.704 5.501-6.739 9.785-6.771.367-.044.735-.068 1.101-.073z\"\/><defs><linearGradient id=\"paint0_linear_549_34\" x1=\"37.0692\" y1=\"0\" x2=\"37.0692\" y2=\"79\" gradientUnits=\"userSpaceOnUse\"><stop stop-color=\"#6364FF\"\/><stop offset=\"1\" stop-color=\"#563ACC\"\/><\/linearGradient><\/defs><\/svg><\/span><span class=\"shariff-text\">teilen<\/span>&nbsp;<\/a><\/li><li class=\"shariff-button bluesky shariff-nocustomcolor\" style=\"background-color:#84c4ff\"><a href=\"https:\/\/bsky.app\/intent\/compose?text=Neue%20Musik%20%2F%20Musikfeature%20%2F%20SoundArt%3A%20Die%20Radiowoche%20vom%2019.04.%20bis%2025.04.2021 https%3A%2F%2Fblogs.nmz.de%2Fbadblog%2F2021%2F04%2F17%2Fneue-musik-musikfeature-soundart-die-radiowoche-vom-19-04-bis-25-04-2021%2F \" title=\"Bei Bluesky teilen\" aria-label=\"Bei Bluesky teilen\" role=\"button\" rel=\"noopener nofollow\" class=\"shariff-link\" style=\"; background-color:#0085ff; color:#fff\" target=\"_blank\"><span class=\"shariff-icon\" style=\"\"><svg width=\"20\" height=\"20\" version=\"1.1\" xmlns=\"http:\/\/www.w3.org\/2000\/svg\" viewBox=\"0 0 20 20\"><path class=\"st0\" d=\"M4.89,3.12c2.07,1.55,4.3,4.71,5.11,6.4.82-1.69,3.04-4.84,5.11-6.4,1.49-1.12,3.91-1.99,3.91.77,0,.55-.32,4.63-.5,5.3-.64,2.3-2.99,2.89-5.08,2.54,3.65.62,4.58,2.68,2.57,4.74-3.81,3.91-5.48-.98-5.9-2.23-.08-.23-.11-.34-.12-.25,0-.09-.04.02-.12.25-.43,1.25-2.09,6.14-5.9,2.23-2.01-2.06-1.08-4.12,2.57-4.74-2.09.36-4.44-.23-5.08-2.54-.19-.66-.5-4.74-.5-5.3,0-2.76,2.42-1.89,3.91-.77h0Z\"\/><\/svg><\/span><span class=\"shariff-text\">teilen<\/span>&nbsp;<\/a><\/li><li class=\"shariff-button facebook shariff-nocustomcolor\" style=\"background-color:#4273c8\"><a href=\"https:\/\/www.facebook.com\/sharer\/sharer.php?u=https%3A%2F%2Fblogs.nmz.de%2Fbadblog%2F2021%2F04%2F17%2Fneue-musik-musikfeature-soundart-die-radiowoche-vom-19-04-bis-25-04-2021%2F\" title=\"Bei Facebook teilen\" aria-label=\"Bei Facebook teilen\" role=\"button\" rel=\"nofollow\" class=\"shariff-link\" style=\"; background-color:#3b5998; color:#fff\" target=\"_blank\"><span class=\"shariff-icon\" style=\"\"><svg width=\"32px\" height=\"20px\" xmlns=\"http:\/\/www.w3.org\/2000\/svg\" viewBox=\"0 0 18 32\"><path fill=\"#3b5998\" d=\"M17.1 0.2v4.7h-2.8q-1.5 0-2.1 0.6t-0.5 1.9v3.4h5.2l-0.7 5.3h-4.5v13.6h-5.5v-13.6h-4.5v-5.3h4.5v-3.9q0-3.3 1.9-5.2t5-1.8q2.6 0 4.1 0.2z\"\/><\/svg><\/span><span class=\"shariff-text\">teilen<\/span>&nbsp;<\/a><\/li><li class=\"shariff-button threema shariff-nocustomcolor shariff-mobile\" style=\"background-color:#4fbc24\"><a href=\"threema:\/\/compose?text=Neue%20Musik%20%2F%20Musikfeature%20%2F%20SoundArt%3A%20Die%20Radiowoche%20vom%2019.04.%20bis%2025.04.2021%20https%3A%2F%2Fblogs.nmz.de%2Fbadblog%2F2021%2F04%2F17%2Fneue-musik-musikfeature-soundart-die-radiowoche-vom-19-04-bis-25-04-2021%2F\" title=\"Bei Threema teilen\" aria-label=\"Bei Threema teilen\" role=\"button\" rel=\"noopener nofollow\" class=\"shariff-link\" style=\"; background-color:#1f1f1f; color:#fff\" target=\"_blank\"><span class=\"shariff-icon\" style=\"\"><svg width=\"32px\" height=\"20px\" xmlns=\"http:\/\/www.w3.org\/2000\/svg\" viewBox=\"0 0 32 32\"><path fill=\"#1f1f1f\" d=\"M30.8 10.9c-0.3-1.4-0.9-2.6-1.8-3.8-2-2.6-5.5-4.5-9.4-5.2-1.3-0.2-1.9-0.3-3.5-0.3s-2.2 0-3.5 0.3c-4 0.7-7.4 2.6-9.4 5.2-0.9 1.2-1.5 2.4-1.8 3.8-0.1 0.5-0.2 1.2-0.2 1.6 0 0.4 0.1 1.1 0.2 1.6 0.4 1.9 1.3 3.4 2.9 5 0.8 0.8 0.8 0.8 0.7 1.3 0 0.6-0.5 1.6-1.7 3.6-0.3 0.5-0.5 0.9-0.5 0.9 0 0.1 0.1 0.1 0.5 0 0.8-0.2 2.3-0.6 5.6-1.6 1.1-0.3 1.3-0.4 2.3-0.4 0.8 0 1.1 0 2.3 0.2 1.5 0.2 3.5 0.2 4.9 0 5.1-0.6 9.3-2.9 11.4-6.3 0.5-0.9 0.9-1.8 1.1-2.8 0.1-0.5 0.2-1.1 0.2-1.6 0-0.7-0.1-1.1-0.2-1.6-0.3-1.4 0.1 0.5 0 0zM20.6 17.3c0 0.4-0.4 0.8-0.8 0.8h-7.7c-0.4 0-0.8-0.4-0.8-0.8v-4.6c0-0.4 0.4-0.8 0.8-0.8h0.2l0-1.6c0-0.9 0-1.8 0.1-2 0.1-0.6 0.6-1.2 1.1-1.7s1.1-0.7 1.9-0.8c1.8-0.3 3.7 0.7 4.2 2.2 0.1 0.3 0.1 0.7 0.1 2.1v0 1.7h0.1c0.4 0 0.8 0.4 0.8 0.8v4.6zM15.6 7.3c-0.5 0.1-0.8 0.3-1.2 0.6s-0.6 0.8-0.7 1.3c0 0.2 0 0.8 0 1.5l0 1.2h4.6v-1.3c0-1 0-1.4-0.1-1.6-0.3-1.1-1.5-1.9-2.6-1.7zM25.8 28.2c0 1.2-1 2.2-2.1 2.2s-2.1-1-2.1-2.1c0-1.2 1-2.1 2.2-2.1s2.2 1 2.2 2.2zM18.1 28.2c0 1.2-1 2.2-2.1 2.2s-2.1-1-2.1-2.1c0-1.2 1-2.1 2.2-2.1s2.2 1 2.2 2.2zM10.4 28.2c0 1.2-1 2.2-2.1 2.2s-2.1-1-2.1-2.1c0-1.2 1-2.1 2.2-2.1s2.2 1 2.2 2.2z\"\/><\/svg><\/span><span class=\"shariff-text\">teilen<\/span>&nbsp;<\/a><\/li><li class=\"shariff-button linkedin shariff-nocustomcolor\" style=\"background-color:#1488bf\"><a href=\"https:\/\/www.linkedin.com\/sharing\/share-offsite\/?url=https%3A%2F%2Fblogs.nmz.de%2Fbadblog%2F2021%2F04%2F17%2Fneue-musik-musikfeature-soundart-die-radiowoche-vom-19-04-bis-25-04-2021%2F\" title=\"Bei LinkedIn teilen\" aria-label=\"Bei LinkedIn teilen\" role=\"button\" rel=\"noopener nofollow\" class=\"shariff-link\" style=\"; background-color:#0077b5; color:#fff\" target=\"_blank\"><span class=\"shariff-icon\" style=\"\"><svg width=\"32px\" height=\"20px\" xmlns=\"http:\/\/www.w3.org\/2000\/svg\" viewBox=\"0 0 27 32\"><path fill=\"#0077b5\" d=\"M6.2 11.2v17.7h-5.9v-17.7h5.9zM6.6 5.7q0 1.3-0.9 2.2t-2.4 0.9h0q-1.5 0-2.4-0.9t-0.9-2.2 0.9-2.2 2.4-0.9 2.4 0.9 0.9 2.2zM27.4 18.7v10.1h-5.9v-9.5q0-1.9-0.7-2.9t-2.3-1.1q-1.1 0-1.9 0.6t-1.2 1.5q-0.2 0.5-0.2 1.4v9.9h-5.9q0-7.1 0-11.6t0-5.3l0-0.9h5.9v2.6h0q0.4-0.6 0.7-1t1-0.9 1.6-0.8 2-0.3q3 0 4.9 2t1.9 6z\"\/><\/svg><\/span><span class=\"shariff-text\">teilen<\/span>&nbsp;<\/a><\/li><li class=\"shariff-button info shariff-nocustomcolor\" style=\"background-color:#eee\"><a href=\"http:\/\/ct.de\/-2467514\" title=\"Weitere Informationen\" aria-label=\"Weitere Informationen\" role=\"button\" rel=\"noopener \" class=\"shariff-link\" style=\"; background-color:#fff; color:#fff\" target=\"_blank\"><span class=\"shariff-icon\" style=\"\"><svg width=\"32px\" height=\"20px\" xmlns=\"http:\/\/www.w3.org\/2000\/svg\" viewBox=\"0 0 11 32\"><path fill=\"#999\" d=\"M11.4 24v2.3q0 0.5-0.3 0.8t-0.8 0.4h-9.1q-0.5 0-0.8-0.4t-0.4-0.8v-2.3q0-0.5 0.4-0.8t0.8-0.4h1.1v-6.8h-1.1q-0.5 0-0.8-0.4t-0.4-0.8v-2.3q0-0.5 0.4-0.8t0.8-0.4h6.8q0.5 0 0.8 0.4t0.4 0.8v10.3h1.1q0.5 0 0.8 0.4t0.3 0.8zM9.2 3.4v3.4q0 0.5-0.4 0.8t-0.8 0.4h-4.6q-0.4 0-0.8-0.4t-0.4-0.8v-3.4q0-0.4 0.4-0.8t0.8-0.4h4.6q0.5 0 0.8 0.4t0.4 0.8z\"\/><\/svg><\/span><\/a><\/li><\/ul><\/div>","protected":false},"excerpt":{"rendered":"<p>Neue Musik und Musikfeatures in der Kalenderwoche 16. Besonders zu empfehlen: Am Wochenende: Witten 2021 auf WDR3. Alle bekannten Stream-, Web- und RSS-Adressen deutscher Sender finden sich bei Stefan Hetzel. Download dieser &#220;bersicht als PDF. nmz-Podcastpartnerin Irene Kurka Alle Angaben ohne Gew&#228;hr. &#196;nderungen vorbehalten. nmz-Podcastpartnerin Irene Kurka ::: neue musik&#46;&#46;&#46;<\/p>\n<div class=\"shariff shariff-align-left shariff-widget-align-left\" style=\"display:none\"><div class=\"ShariffHeadline\"> <\/div><ul class=\"shariff-buttons theme-default orientation-horizontal buttonsize-small\"><li class=\"shariff-button mastodon shariff-nocustomcolor\" style=\"background-color:#563ACC\"><a href=\"https:\/\/s2f.kytta.dev\/?text=Neue%20Musik%20%2F%20Musikfeature%20%2F%20SoundArt%3A%20Die%20Radiowoche%20vom%2019.04.%20bis%2025.04.2021 https%3A%2F%2Fblogs.nmz.de%2Fbadblog%2F2021%2F04%2F17%2Fneue-musik-musikfeature-soundart-die-radiowoche-vom-19-04-bis-25-04-2021%2F\" title=\"Bei Mastodon teilen\" aria-label=\"Bei Mastodon teilen\" role=\"button\" rel=\"noopener nofollow\" class=\"shariff-link\" style=\"; background-color:#6364FF; color:#fff\" target=\"_blank\"><span class=\"shariff-icon\" style=\"\"><svg width=\"75\" height=\"79\" viewBox=\"0 0 75 79\" fill=\"none\" xmlns=\"http:\/\/www.w3.org\/2000\/svg\"><path d=\"M37.813-.025C32.462-.058 27.114.13 21.79.598c-8.544.621-17.214 5.58-20.203 13.931C-1.12 23.318.408 32.622.465 41.65c.375 7.316.943 14.78 3.392 21.73 4.365 9.465 14.781 14.537 24.782 15.385 7.64.698 15.761-.213 22.517-4.026a54.1 54.1 0 0 0 .01-6.232c-6.855 1.316-14.101 2.609-21.049 1.074-3.883-.88-6.876-4.237-7.25-8.215-1.53-3.988 3.78-.43 5.584-.883 9.048 1.224 18.282.776 27.303-.462 7.044-.837 14.26-4.788 16.65-11.833 2.263-6.135 1.215-12.79 1.698-19.177.06-3.84.09-7.692-.262-11.52C72.596 7.844 63.223.981 53.834.684a219.453 219.453 0 0 0-16.022-.71zm11.294 12.882c5.5-.067 10.801 4.143 11.67 9.653.338 1.48.471 3 .471 4.515v21.088h-8.357c-.07-7.588.153-15.182-.131-22.765-.587-4.368-7.04-5.747-9.672-2.397-2.422 3.04-1.47 7.155-1.67 10.735v6.392h-8.307c-.146-4.996.359-10.045-.404-15.002-1.108-4.218-7.809-5.565-10.094-1.666-1.685 3.046-.712 6.634-.976 9.936v14.767h-8.354c.109-8.165-.238-16.344.215-24.5.674-5.346 5.095-10.389 10.676-10.627 4.902-.739 10.103 2.038 12.053 6.631.375 1.435 1.76 1.932 1.994.084 1.844-3.704 5.501-6.739 9.785-6.771.367-.044.735-.068 1.101-.073z\"\/><defs><linearGradient id=\"paint0_linear_549_34\" x1=\"37.0692\" y1=\"0\" x2=\"37.0692\" y2=\"79\" gradientUnits=\"userSpaceOnUse\"><stop stop-color=\"#6364FF\"\/><stop offset=\"1\" stop-color=\"#563ACC\"\/><\/linearGradient><\/defs><\/svg><\/span><span class=\"shariff-text\">teilen<\/span>&nbsp;<\/a><\/li><li class=\"shariff-button bluesky shariff-nocustomcolor\" style=\"background-color:#84c4ff\"><a href=\"https:\/\/bsky.app\/intent\/compose?text=Neue%20Musik%20%2F%20Musikfeature%20%2F%20SoundArt%3A%20Die%20Radiowoche%20vom%2019.04.%20bis%2025.04.2021 https%3A%2F%2Fblogs.nmz.de%2Fbadblog%2F2021%2F04%2F17%2Fneue-musik-musikfeature-soundart-die-radiowoche-vom-19-04-bis-25-04-2021%2F \" title=\"Bei Bluesky teilen\" aria-label=\"Bei Bluesky teilen\" role=\"button\" rel=\"noopener nofollow\" class=\"shariff-link\" style=\"; background-color:#0085ff; color:#fff\" target=\"_blank\"><span class=\"shariff-icon\" style=\"\"><svg width=\"20\" height=\"20\" version=\"1.1\" xmlns=\"http:\/\/www.w3.org\/2000\/svg\" viewBox=\"0 0 20 20\"><path class=\"st0\" d=\"M4.89,3.12c2.07,1.55,4.3,4.71,5.11,6.4.82-1.69,3.04-4.84,5.11-6.4,1.49-1.12,3.91-1.99,3.91.77,0,.55-.32,4.63-.5,5.3-.64,2.3-2.99,2.89-5.08,2.54,3.65.62,4.58,2.68,2.57,4.74-3.81,3.91-5.48-.98-5.9-2.23-.08-.23-.11-.34-.12-.25,0-.09-.04.02-.12.25-.43,1.25-2.09,6.14-5.9,2.23-2.01-2.06-1.08-4.12,2.57-4.74-2.09.36-4.44-.23-5.08-2.54-.19-.66-.5-4.74-.5-5.3,0-2.76,2.42-1.89,3.91-.77h0Z\"\/><\/svg><\/span><span class=\"shariff-text\">teilen<\/span>&nbsp;<\/a><\/li><li class=\"shariff-button facebook shariff-nocustomcolor\" style=\"background-color:#4273c8\"><a href=\"https:\/\/www.facebook.com\/sharer\/sharer.php?u=https%3A%2F%2Fblogs.nmz.de%2Fbadblog%2F2021%2F04%2F17%2Fneue-musik-musikfeature-soundart-die-radiowoche-vom-19-04-bis-25-04-2021%2F\" title=\"Bei Facebook teilen\" aria-label=\"Bei Facebook teilen\" role=\"button\" rel=\"nofollow\" class=\"shariff-link\" style=\"; background-color:#3b5998; color:#fff\" target=\"_blank\"><span class=\"shariff-icon\" style=\"\"><svg width=\"32px\" height=\"20px\" xmlns=\"http:\/\/www.w3.org\/2000\/svg\" viewBox=\"0 0 18 32\"><path fill=\"#3b5998\" d=\"M17.1 0.2v4.7h-2.8q-1.5 0-2.1 0.6t-0.5 1.9v3.4h5.2l-0.7 5.3h-4.5v13.6h-5.5v-13.6h-4.5v-5.3h4.5v-3.9q0-3.3 1.9-5.2t5-1.8q2.6 0 4.1 0.2z\"\/><\/svg><\/span><span class=\"shariff-text\">teilen<\/span>&nbsp;<\/a><\/li><li class=\"shariff-button threema shariff-nocustomcolor shariff-mobile\" style=\"background-color:#4fbc24\"><a href=\"threema:\/\/compose?text=Neue%20Musik%20%2F%20Musikfeature%20%2F%20SoundArt%3A%20Die%20Radiowoche%20vom%2019.04.%20bis%2025.04.2021%20https%3A%2F%2Fblogs.nmz.de%2Fbadblog%2F2021%2F04%2F17%2Fneue-musik-musikfeature-soundart-die-radiowoche-vom-19-04-bis-25-04-2021%2F\" title=\"Bei Threema teilen\" aria-label=\"Bei Threema teilen\" role=\"button\" rel=\"noopener nofollow\" class=\"shariff-link\" style=\"; background-color:#1f1f1f; color:#fff\" target=\"_blank\"><span class=\"shariff-icon\" style=\"\"><svg width=\"32px\" height=\"20px\" xmlns=\"http:\/\/www.w3.org\/2000\/svg\" viewBox=\"0 0 32 32\"><path fill=\"#1f1f1f\" d=\"M30.8 10.9c-0.3-1.4-0.9-2.6-1.8-3.8-2-2.6-5.5-4.5-9.4-5.2-1.3-0.2-1.9-0.3-3.5-0.3s-2.2 0-3.5 0.3c-4 0.7-7.4 2.6-9.4 5.2-0.9 1.2-1.5 2.4-1.8 3.8-0.1 0.5-0.2 1.2-0.2 1.6 0 0.4 0.1 1.1 0.2 1.6 0.4 1.9 1.3 3.4 2.9 5 0.8 0.8 0.8 0.8 0.7 1.3 0 0.6-0.5 1.6-1.7 3.6-0.3 0.5-0.5 0.9-0.5 0.9 0 0.1 0.1 0.1 0.5 0 0.8-0.2 2.3-0.6 5.6-1.6 1.1-0.3 1.3-0.4 2.3-0.4 0.8 0 1.1 0 2.3 0.2 1.5 0.2 3.5 0.2 4.9 0 5.1-0.6 9.3-2.9 11.4-6.3 0.5-0.9 0.9-1.8 1.1-2.8 0.1-0.5 0.2-1.1 0.2-1.6 0-0.7-0.1-1.1-0.2-1.6-0.3-1.4 0.1 0.5 0 0zM20.6 17.3c0 0.4-0.4 0.8-0.8 0.8h-7.7c-0.4 0-0.8-0.4-0.8-0.8v-4.6c0-0.4 0.4-0.8 0.8-0.8h0.2l0-1.6c0-0.9 0-1.8 0.1-2 0.1-0.6 0.6-1.2 1.1-1.7s1.1-0.7 1.9-0.8c1.8-0.3 3.7 0.7 4.2 2.2 0.1 0.3 0.1 0.7 0.1 2.1v0 1.7h0.1c0.4 0 0.8 0.4 0.8 0.8v4.6zM15.6 7.3c-0.5 0.1-0.8 0.3-1.2 0.6s-0.6 0.8-0.7 1.3c0 0.2 0 0.8 0 1.5l0 1.2h4.6v-1.3c0-1 0-1.4-0.1-1.6-0.3-1.1-1.5-1.9-2.6-1.7zM25.8 28.2c0 1.2-1 2.2-2.1 2.2s-2.1-1-2.1-2.1c0-1.2 1-2.1 2.2-2.1s2.2 1 2.2 2.2zM18.1 28.2c0 1.2-1 2.2-2.1 2.2s-2.1-1-2.1-2.1c0-1.2 1-2.1 2.2-2.1s2.2 1 2.2 2.2zM10.4 28.2c0 1.2-1 2.2-2.1 2.2s-2.1-1-2.1-2.1c0-1.2 1-2.1 2.2-2.1s2.2 1 2.2 2.2z\"\/><\/svg><\/span><span class=\"shariff-text\">teilen<\/span>&nbsp;<\/a><\/li><li class=\"shariff-button linkedin shariff-nocustomcolor\" style=\"background-color:#1488bf\"><a href=\"https:\/\/www.linkedin.com\/sharing\/share-offsite\/?url=https%3A%2F%2Fblogs.nmz.de%2Fbadblog%2F2021%2F04%2F17%2Fneue-musik-musikfeature-soundart-die-radiowoche-vom-19-04-bis-25-04-2021%2F\" title=\"Bei LinkedIn teilen\" aria-label=\"Bei LinkedIn teilen\" role=\"button\" rel=\"noopener nofollow\" class=\"shariff-link\" style=\"; background-color:#0077b5; color:#fff\" target=\"_blank\"><span class=\"shariff-icon\" style=\"\"><svg width=\"32px\" height=\"20px\" xmlns=\"http:\/\/www.w3.org\/2000\/svg\" viewBox=\"0 0 27 32\"><path fill=\"#0077b5\" d=\"M6.2 11.2v17.7h-5.9v-17.7h5.9zM6.6 5.7q0 1.3-0.9 2.2t-2.4 0.9h0q-1.5 0-2.4-0.9t-0.9-2.2 0.9-2.2 2.4-0.9 2.4 0.9 0.9 2.2zM27.4 18.7v10.1h-5.9v-9.5q0-1.9-0.7-2.9t-2.3-1.1q-1.1 0-1.9 0.6t-1.2 1.5q-0.2 0.5-0.2 1.4v9.9h-5.9q0-7.1 0-11.6t0-5.3l0-0.9h5.9v2.6h0q0.4-0.6 0.7-1t1-0.9 1.6-0.8 2-0.3q3 0 4.9 2t1.9 6z\"\/><\/svg><\/span><span class=\"shariff-text\">teilen<\/span>&nbsp;<\/a><\/li><li class=\"shariff-button info shariff-nocustomcolor\" style=\"background-color:#eee\"><a href=\"http:\/\/ct.de\/-2467514\" title=\"Weitere Informationen\" aria-label=\"Weitere Informationen\" role=\"button\" rel=\"noopener \" class=\"shariff-link\" style=\"; background-color:#fff; color:#fff\" target=\"_blank\"><span class=\"shariff-icon\" style=\"\"><svg width=\"32px\" height=\"20px\" xmlns=\"http:\/\/www.w3.org\/2000\/svg\" viewBox=\"0 0 11 32\"><path fill=\"#999\" d=\"M11.4 24v2.3q0 0.5-0.3 0.8t-0.8 0.4h-9.1q-0.5 0-0.8-0.4t-0.4-0.8v-2.3q0-0.5 0.4-0.8t0.8-0.4h1.1v-6.8h-1.1q-0.5 0-0.8-0.4t-0.4-0.8v-2.3q0-0.5 0.4-0.8t0.8-0.4h6.8q0.5 0 0.8 0.4t0.4 0.8v10.3h1.1q0.5 0 0.8 0.4t0.3 0.8zM9.2 3.4v3.4q0 0.5-0.4 0.8t-0.8 0.4h-4.6q-0.4 0-0.8-0.4t-0.4-0.8v-3.4q0-0.4 0.4-0.8t0.8-0.4h4.6q0.5 0 0.8 0.4t0.4 0.8z\"\/><\/svg><\/span><\/a><\/li><\/ul><\/div>","protected":false},"author":590,"featured_media":14800,"comment_status":"open","ping_status":"open","sticky":false,"template":"","format":"standard","meta":{"jetpack_post_was_ever_published":false,"_jetpack_newsletter_access":"","_jetpack_dont_email_post_to_subs":false,"_jetpack_newsletter_tier_id":0,"_jetpack_memberships_contains_paywalled_content":false,"_jetpack_memberships_contains_paid_content":false,"footnotes":""},"categories":[2892,14853],"tags":[14876],"class_list":["post-24108","post","type-post","status-publish","format-standard","has-post-thumbnail","hentry","category-deutsch","category-radiomedien","tag-neue-musik-im-radio"],"yoast_head":"<!-- This site is optimized with the Yoast SEO plugin v27.4 - https:\/\/yoast.com\/product\/yoast-seo-wordpress\/ -->\n<title>Neue Musik \/ Musikfeature \/ SoundArt: Die Radiowoche vom 19.04. bis 25.04.2021 &#8211; Bad Blog Of Musick<\/title>\n<meta name=\"description\" content=\"Bad Blog Of Musick \u2013 Ein Klassik-Blog und das wahrscheinlich bedeutendste Musik-Blog zur zeitgen\u00f6ssischen und klassischen Musikkultur\" \/>\n<meta name=\"robots\" content=\"index, follow, max-snippet:-1, max-image-preview:large, max-video-preview:-1\" \/>\n<link rel=\"canonical\" href=\"https:\/\/blogs.nmz.de\/badblog\/2021\/04\/17\/neue-musik-musikfeature-soundart-die-radiowoche-vom-19-04-bis-25-04-2021\/\" \/>\n<meta property=\"og:locale\" content=\"de_DE\" \/>\n<meta property=\"og:type\" content=\"article\" \/>\n<meta property=\"og:title\" content=\"Neue Musik \/ Musikfeature \/ SoundArt: Die Radiowoche vom 19.04. bis 25.04.2021 &#8211; Bad Blog Of Musick\" \/>\n<meta property=\"og:description\" content=\"Bad Blog Of Musick \u2013 Ein Klassik-Blog und das wahrscheinlich bedeutendste Musik-Blog zur zeitgen\u00f6ssischen und klassischen Musikkultur\" \/>\n<meta property=\"og:url\" content=\"https:\/\/blogs.nmz.de\/badblog\/2021\/04\/17\/neue-musik-musikfeature-soundart-die-radiowoche-vom-19-04-bis-25-04-2021\/\" \/>\n<meta property=\"og:site_name\" content=\"Bad Blog Of Musick\" \/>\n<meta property=\"article:publisher\" content=\"https:\/\/www.facebook.com\/musikzeitung\" \/>\n<meta property=\"article:published_time\" content=\"2021-04-17T16:00:26+00:00\" \/>\n<meta property=\"og:image\" content=\"https:\/\/blogs.nmz.de\/badblog\/files\/2017\/02\/huf-np-radio-musik-final.jpg\" \/>\n\t<meta property=\"og:image:width\" content=\"2048\" \/>\n\t<meta property=\"og:image:height\" content=\"1536\" \/>\n\t<meta property=\"og:image:type\" content=\"image\/jpeg\" \/>\n<meta name=\"author\" content=\"Der Radiofrau\" \/>\n<meta name=\"twitter:card\" content=\"summary_large_image\" \/>\n<meta name=\"twitter:creator\" content=\"@musikzeitung\" \/>\n<meta name=\"twitter:site\" content=\"@musikzeitung\" \/>\n<meta name=\"twitter:label1\" content=\"Verfasst von\" \/>\n\t<meta name=\"twitter:data1\" content=\"Der Radiofrau\" \/>\n\t<meta name=\"twitter:label2\" content=\"Gesch\u00e4tzte Lesezeit\" \/>\n\t<meta name=\"twitter:data2\" content=\"28\u00a0Minuten\" \/>\n<script type=\"application\/ld+json\" class=\"yoast-schema-graph\">{\"@context\":\"https:\\\/\\\/schema.org\",\"@graph\":[{\"@type\":\"Article\",\"@id\":\"https:\\\/\\\/blogs.nmz.de\\\/badblog\\\/2021\\\/04\\\/17\\\/neue-musik-musikfeature-soundart-die-radiowoche-vom-19-04-bis-25-04-2021\\\/#article\",\"isPartOf\":{\"@id\":\"https:\\\/\\\/blogs.nmz.de\\\/badblog\\\/2021\\\/04\\\/17\\\/neue-musik-musikfeature-soundart-die-radiowoche-vom-19-04-bis-25-04-2021\\\/\"},\"author\":{\"name\":\"Der Radiofrau\",\"@id\":\"https:\\\/\\\/blogs.nmz.de\\\/badblog\\\/#\\\/schema\\\/person\\\/f40fa3b57b0ad5fd0e139d3aca42c60f\"},\"headline\":\"Neue Musik \\\/ Musikfeature \\\/ SoundArt: Die Radiowoche vom 19.04. bis 25.04.2021\",\"datePublished\":\"2021-04-17T16:00:26+00:00\",\"mainEntityOfPage\":{\"@id\":\"https:\\\/\\\/blogs.nmz.de\\\/badblog\\\/2021\\\/04\\\/17\\\/neue-musik-musikfeature-soundart-die-radiowoche-vom-19-04-bis-25-04-2021\\\/\"},\"wordCount\":6475,\"commentCount\":0,\"publisher\":{\"@id\":\"https:\\\/\\\/blogs.nmz.de\\\/badblog\\\/#organization\"},\"image\":{\"@id\":\"https:\\\/\\\/blogs.nmz.de\\\/badblog\\\/2021\\\/04\\\/17\\\/neue-musik-musikfeature-soundart-die-radiowoche-vom-19-04-bis-25-04-2021\\\/#primaryimage\"},\"thumbnailUrl\":\"https:\\\/\\\/i0.wp.com\\\/blogs.nmz.de\\\/badblog\\\/files\\\/2017\\\/02\\\/huf-np-radio-musik-final.jpg?fit=2048%2C1536&ssl=1\",\"keywords\":[\"Neue Musik im Radio\"],\"articleSection\":[\"Deutsch\",\"Radio\\\/Medien\"],\"inLanguage\":\"de\",\"potentialAction\":[{\"@type\":\"CommentAction\",\"name\":\"Comment\",\"target\":[\"https:\\\/\\\/blogs.nmz.de\\\/badblog\\\/2021\\\/04\\\/17\\\/neue-musik-musikfeature-soundart-die-radiowoche-vom-19-04-bis-25-04-2021\\\/#respond\"]}]},{\"@type\":\"WebPage\",\"@id\":\"https:\\\/\\\/blogs.nmz.de\\\/badblog\\\/2021\\\/04\\\/17\\\/neue-musik-musikfeature-soundart-die-radiowoche-vom-19-04-bis-25-04-2021\\\/\",\"url\":\"https:\\\/\\\/blogs.nmz.de\\\/badblog\\\/2021\\\/04\\\/17\\\/neue-musik-musikfeature-soundart-die-radiowoche-vom-19-04-bis-25-04-2021\\\/\",\"name\":\"Neue Musik \\\/ Musikfeature \\\/ SoundArt: Die Radiowoche vom 19.04. bis 25.04.2021 &#8211; Bad Blog Of Musick\",\"isPartOf\":{\"@id\":\"https:\\\/\\\/blogs.nmz.de\\\/badblog\\\/#website\"},\"primaryImageOfPage\":{\"@id\":\"https:\\\/\\\/blogs.nmz.de\\\/badblog\\\/2021\\\/04\\\/17\\\/neue-musik-musikfeature-soundart-die-radiowoche-vom-19-04-bis-25-04-2021\\\/#primaryimage\"},\"image\":{\"@id\":\"https:\\\/\\\/blogs.nmz.de\\\/badblog\\\/2021\\\/04\\\/17\\\/neue-musik-musikfeature-soundart-die-radiowoche-vom-19-04-bis-25-04-2021\\\/#primaryimage\"},\"thumbnailUrl\":\"https:\\\/\\\/i0.wp.com\\\/blogs.nmz.de\\\/badblog\\\/files\\\/2017\\\/02\\\/huf-np-radio-musik-final.jpg?fit=2048%2C1536&ssl=1\",\"datePublished\":\"2021-04-17T16:00:26+00:00\",\"description\":\"Bad Blog Of Musick \u2013 Ein Klassik-Blog und das wahrscheinlich bedeutendste Musik-Blog zur zeitgen\u00f6ssischen und klassischen Musikkultur\",\"breadcrumb\":{\"@id\":\"https:\\\/\\\/blogs.nmz.de\\\/badblog\\\/2021\\\/04\\\/17\\\/neue-musik-musikfeature-soundart-die-radiowoche-vom-19-04-bis-25-04-2021\\\/#breadcrumb\"},\"inLanguage\":\"de\",\"potentialAction\":[{\"@type\":\"ReadAction\",\"target\":[\"https:\\\/\\\/blogs.nmz.de\\\/badblog\\\/2021\\\/04\\\/17\\\/neue-musik-musikfeature-soundart-die-radiowoche-vom-19-04-bis-25-04-2021\\\/\"]}]},{\"@type\":\"ImageObject\",\"inLanguage\":\"de\",\"@id\":\"https:\\\/\\\/blogs.nmz.de\\\/badblog\\\/2021\\\/04\\\/17\\\/neue-musik-musikfeature-soundart-die-radiowoche-vom-19-04-bis-25-04-2021\\\/#primaryimage\",\"url\":\"https:\\\/\\\/i0.wp.com\\\/blogs.nmz.de\\\/badblog\\\/files\\\/2017\\\/02\\\/huf-np-radio-musik-final.jpg?fit=2048%2C1536&ssl=1\",\"contentUrl\":\"https:\\\/\\\/i0.wp.com\\\/blogs.nmz.de\\\/badblog\\\/files\\\/2017\\\/02\\\/huf-np-radio-musik-final.jpg?fit=2048%2C1536&ssl=1\",\"width\":2048,\"height\":1536,\"caption\":\"Radio Neue Musik. Montage: Hufner\"},{\"@type\":\"BreadcrumbList\",\"@id\":\"https:\\\/\\\/blogs.nmz.de\\\/badblog\\\/2021\\\/04\\\/17\\\/neue-musik-musikfeature-soundart-die-radiowoche-vom-19-04-bis-25-04-2021\\\/#breadcrumb\",\"itemListElement\":[{\"@type\":\"ListItem\",\"position\":1,\"name\":\"Startseite\",\"item\":\"https:\\\/\\\/blogs.nmz.de\\\/badblog\\\/\"},{\"@type\":\"ListItem\",\"position\":2,\"name\":\"Neue Musik \\\/ Musikfeature \\\/ SoundArt: Die Radiowoche vom 19.04. bis 25.04.2021\"}]},{\"@type\":\"WebSite\",\"@id\":\"https:\\\/\\\/blogs.nmz.de\\\/badblog\\\/#website\",\"url\":\"https:\\\/\\\/blogs.nmz.de\\\/badblog\\\/\",\"name\":\"Bad Blog Of Musick\",\"description\":\"Das bedeutendste Blog zur zeitgen\u00f6ssischen Musikkultur\",\"publisher\":{\"@id\":\"https:\\\/\\\/blogs.nmz.de\\\/badblog\\\/#organization\"},\"potentialAction\":[{\"@type\":\"SearchAction\",\"target\":{\"@type\":\"EntryPoint\",\"urlTemplate\":\"https:\\\/\\\/blogs.nmz.de\\\/badblog\\\/?s={search_term_string}\"},\"query-input\":{\"@type\":\"PropertyValueSpecification\",\"valueRequired\":true,\"valueName\":\"search_term_string\"}}],\"inLanguage\":\"de\"},{\"@type\":\"Organization\",\"@id\":\"https:\\\/\\\/blogs.nmz.de\\\/badblog\\\/#organization\",\"name\":\"neue musikzeitung | Bad Blog Of Musick\",\"url\":\"https:\\\/\\\/blogs.nmz.de\\\/badblog\\\/\",\"logo\":{\"@type\":\"ImageObject\",\"inLanguage\":\"de\",\"@id\":\"https:\\\/\\\/blogs.nmz.de\\\/badblog\\\/#\\\/schema\\\/logo\\\/image\\\/\",\"url\":\"https:\\\/\\\/i0.wp.com\\\/blogs.nmz.de\\\/badblog\\\/files\\\/2016\\\/10\\\/badblog-logo1.png?fit=512%2C512&ssl=1\",\"contentUrl\":\"https:\\\/\\\/i0.wp.com\\\/blogs.nmz.de\\\/badblog\\\/files\\\/2016\\\/10\\\/badblog-logo1.png?fit=512%2C512&ssl=1\",\"width\":512,\"height\":512,\"caption\":\"neue musikzeitung | Bad Blog Of Musick\"},\"image\":{\"@id\":\"https:\\\/\\\/blogs.nmz.de\\\/badblog\\\/#\\\/schema\\\/logo\\\/image\\\/\"},\"sameAs\":[\"https:\\\/\\\/www.facebook.com\\\/musikzeitung\",\"https:\\\/\\\/x.com\\\/musikzeitung\"]},{\"@type\":\"Person\",\"@id\":\"https:\\\/\\\/blogs.nmz.de\\\/badblog\\\/#\\\/schema\\\/person\\\/f40fa3b57b0ad5fd0e139d3aca42c60f\",\"name\":\"Der Radiofrau\",\"description\":\"radiofreak der alten schule. transistor, diode, spule, kondensator. ehemals manipulator:in mehrerer rundfunksendungen.\",\"sameAs\":[\"https:\\\/\\\/musikunrat.de\"],\"url\":\"https:\\\/\\\/blogs.nmz.de\\\/badblog\\\/author\\\/hufidufi\\\/\"}]}<\/script>\n<!-- \/ Yoast SEO plugin. -->","yoast_head_json":{"title":"Neue Musik \/ Musikfeature \/ SoundArt: Die Radiowoche vom 19.04. bis 25.04.2021 &#8211; Bad Blog Of Musick","description":"Bad Blog Of Musick \u2013 Ein Klassik-Blog und das wahrscheinlich bedeutendste Musik-Blog zur zeitgen\u00f6ssischen und klassischen Musikkultur","robots":{"index":"index","follow":"follow","max-snippet":"max-snippet:-1","max-image-preview":"max-image-preview:large","max-video-preview":"max-video-preview:-1"},"canonical":"https:\/\/blogs.nmz.de\/badblog\/2021\/04\/17\/neue-musik-musikfeature-soundart-die-radiowoche-vom-19-04-bis-25-04-2021\/","og_locale":"de_DE","og_type":"article","og_title":"Neue Musik \/ Musikfeature \/ SoundArt: Die Radiowoche vom 19.04. bis 25.04.2021 &#8211; Bad Blog Of Musick","og_description":"Bad Blog Of Musick \u2013 Ein Klassik-Blog und das wahrscheinlich bedeutendste Musik-Blog zur zeitgen\u00f6ssischen und klassischen Musikkultur","og_url":"https:\/\/blogs.nmz.de\/badblog\/2021\/04\/17\/neue-musik-musikfeature-soundart-die-radiowoche-vom-19-04-bis-25-04-2021\/","og_site_name":"Bad Blog Of Musick","article_publisher":"https:\/\/www.facebook.com\/musikzeitung","article_published_time":"2021-04-17T16:00:26+00:00","og_image":[{"width":2048,"height":1536,"url":"https:\/\/blogs.nmz.de\/badblog\/files\/2017\/02\/huf-np-radio-musik-final.jpg","type":"image\/jpeg"}],"author":"Der Radiofrau","twitter_card":"summary_large_image","twitter_creator":"@musikzeitung","twitter_site":"@musikzeitung","twitter_misc":{"Verfasst von":"Der Radiofrau","Gesch\u00e4tzte Lesezeit":"28\u00a0Minuten"},"schema":{"@context":"https:\/\/schema.org","@graph":[{"@type":"Article","@id":"https:\/\/blogs.nmz.de\/badblog\/2021\/04\/17\/neue-musik-musikfeature-soundart-die-radiowoche-vom-19-04-bis-25-04-2021\/#article","isPartOf":{"@id":"https:\/\/blogs.nmz.de\/badblog\/2021\/04\/17\/neue-musik-musikfeature-soundart-die-radiowoche-vom-19-04-bis-25-04-2021\/"},"author":{"name":"Der Radiofrau","@id":"https:\/\/blogs.nmz.de\/badblog\/#\/schema\/person\/f40fa3b57b0ad5fd0e139d3aca42c60f"},"headline":"Neue Musik \/ Musikfeature \/ SoundArt: Die Radiowoche vom 19.04. bis 25.04.2021","datePublished":"2021-04-17T16:00:26+00:00","mainEntityOfPage":{"@id":"https:\/\/blogs.nmz.de\/badblog\/2021\/04\/17\/neue-musik-musikfeature-soundart-die-radiowoche-vom-19-04-bis-25-04-2021\/"},"wordCount":6475,"commentCount":0,"publisher":{"@id":"https:\/\/blogs.nmz.de\/badblog\/#organization"},"image":{"@id":"https:\/\/blogs.nmz.de\/badblog\/2021\/04\/17\/neue-musik-musikfeature-soundart-die-radiowoche-vom-19-04-bis-25-04-2021\/#primaryimage"},"thumbnailUrl":"https:\/\/i0.wp.com\/blogs.nmz.de\/badblog\/files\/2017\/02\/huf-np-radio-musik-final.jpg?fit=2048%2C1536&ssl=1","keywords":["Neue Musik im Radio"],"articleSection":["Deutsch","Radio\/Medien"],"inLanguage":"de","potentialAction":[{"@type":"CommentAction","name":"Comment","target":["https:\/\/blogs.nmz.de\/badblog\/2021\/04\/17\/neue-musik-musikfeature-soundart-die-radiowoche-vom-19-04-bis-25-04-2021\/#respond"]}]},{"@type":"WebPage","@id":"https:\/\/blogs.nmz.de\/badblog\/2021\/04\/17\/neue-musik-musikfeature-soundart-die-radiowoche-vom-19-04-bis-25-04-2021\/","url":"https:\/\/blogs.nmz.de\/badblog\/2021\/04\/17\/neue-musik-musikfeature-soundart-die-radiowoche-vom-19-04-bis-25-04-2021\/","name":"Neue Musik \/ Musikfeature \/ SoundArt: Die Radiowoche vom 19.04. bis 25.04.2021 &#8211; Bad Blog Of Musick","isPartOf":{"@id":"https:\/\/blogs.nmz.de\/badblog\/#website"},"primaryImageOfPage":{"@id":"https:\/\/blogs.nmz.de\/badblog\/2021\/04\/17\/neue-musik-musikfeature-soundart-die-radiowoche-vom-19-04-bis-25-04-2021\/#primaryimage"},"image":{"@id":"https:\/\/blogs.nmz.de\/badblog\/2021\/04\/17\/neue-musik-musikfeature-soundart-die-radiowoche-vom-19-04-bis-25-04-2021\/#primaryimage"},"thumbnailUrl":"https:\/\/i0.wp.com\/blogs.nmz.de\/badblog\/files\/2017\/02\/huf-np-radio-musik-final.jpg?fit=2048%2C1536&ssl=1","datePublished":"2021-04-17T16:00:26+00:00","description":"Bad Blog Of Musick \u2013 Ein Klassik-Blog und das wahrscheinlich bedeutendste Musik-Blog zur zeitgen\u00f6ssischen und klassischen Musikkultur","breadcrumb":{"@id":"https:\/\/blogs.nmz.de\/badblog\/2021\/04\/17\/neue-musik-musikfeature-soundart-die-radiowoche-vom-19-04-bis-25-04-2021\/#breadcrumb"},"inLanguage":"de","potentialAction":[{"@type":"ReadAction","target":["https:\/\/blogs.nmz.de\/badblog\/2021\/04\/17\/neue-musik-musikfeature-soundart-die-radiowoche-vom-19-04-bis-25-04-2021\/"]}]},{"@type":"ImageObject","inLanguage":"de","@id":"https:\/\/blogs.nmz.de\/badblog\/2021\/04\/17\/neue-musik-musikfeature-soundart-die-radiowoche-vom-19-04-bis-25-04-2021\/#primaryimage","url":"https:\/\/i0.wp.com\/blogs.nmz.de\/badblog\/files\/2017\/02\/huf-np-radio-musik-final.jpg?fit=2048%2C1536&ssl=1","contentUrl":"https:\/\/i0.wp.com\/blogs.nmz.de\/badblog\/files\/2017\/02\/huf-np-radio-musik-final.jpg?fit=2048%2C1536&ssl=1","width":2048,"height":1536,"caption":"Radio Neue Musik. Montage: Hufner"},{"@type":"BreadcrumbList","@id":"https:\/\/blogs.nmz.de\/badblog\/2021\/04\/17\/neue-musik-musikfeature-soundart-die-radiowoche-vom-19-04-bis-25-04-2021\/#breadcrumb","itemListElement":[{"@type":"ListItem","position":1,"name":"Startseite","item":"https:\/\/blogs.nmz.de\/badblog\/"},{"@type":"ListItem","position":2,"name":"Neue Musik \/ Musikfeature \/ SoundArt: Die Radiowoche vom 19.04. bis 25.04.2021"}]},{"@type":"WebSite","@id":"https:\/\/blogs.nmz.de\/badblog\/#website","url":"https:\/\/blogs.nmz.de\/badblog\/","name":"Bad Blog Of Musick","description":"Das bedeutendste Blog zur zeitgen\u00f6ssischen Musikkultur","publisher":{"@id":"https:\/\/blogs.nmz.de\/badblog\/#organization"},"potentialAction":[{"@type":"SearchAction","target":{"@type":"EntryPoint","urlTemplate":"https:\/\/blogs.nmz.de\/badblog\/?s={search_term_string}"},"query-input":{"@type":"PropertyValueSpecification","valueRequired":true,"valueName":"search_term_string"}}],"inLanguage":"de"},{"@type":"Organization","@id":"https:\/\/blogs.nmz.de\/badblog\/#organization","name":"neue musikzeitung | Bad Blog Of Musick","url":"https:\/\/blogs.nmz.de\/badblog\/","logo":{"@type":"ImageObject","inLanguage":"de","@id":"https:\/\/blogs.nmz.de\/badblog\/#\/schema\/logo\/image\/","url":"https:\/\/i0.wp.com\/blogs.nmz.de\/badblog\/files\/2016\/10\/badblog-logo1.png?fit=512%2C512&ssl=1","contentUrl":"https:\/\/i0.wp.com\/blogs.nmz.de\/badblog\/files\/2016\/10\/badblog-logo1.png?fit=512%2C512&ssl=1","width":512,"height":512,"caption":"neue musikzeitung | Bad Blog Of Musick"},"image":{"@id":"https:\/\/blogs.nmz.de\/badblog\/#\/schema\/logo\/image\/"},"sameAs":["https:\/\/www.facebook.com\/musikzeitung","https:\/\/x.com\/musikzeitung"]},{"@type":"Person","@id":"https:\/\/blogs.nmz.de\/badblog\/#\/schema\/person\/f40fa3b57b0ad5fd0e139d3aca42c60f","name":"Der Radiofrau","description":"radiofreak der alten schule. transistor, diode, spule, kondensator. ehemals manipulator:in mehrerer rundfunksendungen.","sameAs":["https:\/\/musikunrat.de"],"url":"https:\/\/blogs.nmz.de\/badblog\/author\/hufidufi\/"}]}},"wp-worthy-pixel":{"ignored":true,"public":null,"server":null,"url":null},"wp-worthy-type":"normal","jetpack_featured_media_url":"https:\/\/i0.wp.com\/blogs.nmz.de\/badblog\/files\/2017\/02\/huf-np-radio-musik-final.jpg?fit=2048%2C1536&ssl=1","jetpack-related-posts":[],"jetpack_sharing_enabled":true,"_links":{"self":[{"href":"https:\/\/blogs.nmz.de\/badblog\/wp-json\/wp\/v2\/posts\/24108","targetHints":{"allow":["GET"]}}],"collection":[{"href":"https:\/\/blogs.nmz.de\/badblog\/wp-json\/wp\/v2\/posts"}],"about":[{"href":"https:\/\/blogs.nmz.de\/badblog\/wp-json\/wp\/v2\/types\/post"}],"author":[{"embeddable":true,"href":"https:\/\/blogs.nmz.de\/badblog\/wp-json\/wp\/v2\/users\/590"}],"replies":[{"embeddable":true,"href":"https:\/\/blogs.nmz.de\/badblog\/wp-json\/wp\/v2\/comments?post=24108"}],"version-history":[{"count":1,"href":"https:\/\/blogs.nmz.de\/badblog\/wp-json\/wp\/v2\/posts\/24108\/revisions"}],"predecessor-version":[{"id":24109,"href":"https:\/\/blogs.nmz.de\/badblog\/wp-json\/wp\/v2\/posts\/24108\/revisions\/24109"}],"wp:featuredmedia":[{"embeddable":true,"href":"https:\/\/blogs.nmz.de\/badblog\/wp-json\/wp\/v2\/media\/14800"}],"wp:attachment":[{"href":"https:\/\/blogs.nmz.de\/badblog\/wp-json\/wp\/v2\/media?parent=24108"}],"wp:term":[{"taxonomy":"category","embeddable":true,"href":"https:\/\/blogs.nmz.de\/badblog\/wp-json\/wp\/v2\/categories?post=24108"},{"taxonomy":"post_tag","embeddable":true,"href":"https:\/\/blogs.nmz.de\/badblog\/wp-json\/wp\/v2\/tags?post=24108"}],"curies":[{"name":"wp","href":"https:\/\/api.w.org\/{rel}","templated":true}]}}