{"id":23842,"date":"2021-02-25T12:40:00","date_gmt":"2021-02-25T11:40:00","guid":{"rendered":"https:\/\/blogs.nmz.de\/badblog\/?p=23842"},"modified":"2021-03-03T16:36:07","modified_gmt":"2021-03-03T15:36:07","slug":"standhaftigkeit-oder-aufstehen-offener-brief-an-aufstehen-fuer-die-kunst","status":"publish","type":"post","link":"https:\/\/blogs.nmz.de\/badblog\/2021\/02\/25\/standhaftigkeit-oder-aufstehen-offener-brief-an-aufstehen-fuer-die-kunst\/","title":{"rendered":"Standhaftigkeit oder &#8222;Aufstehen&#8220;? Offener Brief an &#8222;Aufstehen f&#252;r die Kunst&#8220;"},"content":{"rendered":"<p>Lieber\u00a0Wolfgang Ablinger-Sperrhacke, Hansj&#246;rg Albrecht, Kevin Conners und Christian Gerhaher,<\/p>\n<p>Ich hoffe, es geht Ihnen gut und Sie sind gesund!<\/p>\n<p>Ich schreibe Ihnen, weil ich mit gro&#223;er Verwunderung in der letzten Rundmail von \u201eAufstehen f&#252;r die Kunst\u201c lesen muss, dass \u201e<em>die \u201e<\/em><strong><em>Bayerische Akademie der Sch&#246;nen K&#252;nste <\/em><\/strong><em>(in Vertretung f&#252;r alle (sic!) <strong>Pr&#228;sident Prof. Winfried Nerdinger<\/strong>)\u201c<\/em> sich hinter Ihre Initiative stellt.<\/p>\n<p>&nbsp;<\/p>\n<p>Das ist unrichtig.<\/p>\n<p>&nbsp;<\/p>\n<p>Wir wurden zwar als Mitglieder angeschrieben, ob wir uns anschlie&#223;en wollen, aber viele (zum Beispiel ich) haben das aus den unterschiedlichsten Gr&#252;nden nicht getan. Es fand auch keinerlei Abstimmung dar&#252;ber statt, man kann also keineswegs von einem demokratischen Vorgang sprechen, sondern von einem Alleingang unseres Pr&#228;sidenten und einiger Mitglieder. Dass einige diese Initiative unterst&#252;tzen, ist deren freie Entscheidung, aber man muss auch die Entscheidung treffen k&#246;nnen, sie nicht zu unterst&#252;tzen. Die Akademie kann hier nicht so dargestellt werden, als k&#246;nne sie f&#252;r alle Mitglieder sprechen, das h&#228;tte genau wie eine Satzungs&#228;nderung einer demokratischen Abstimmung bedurft. Der Satz, dass die Bayerische Akademie Sie in G&#228;nze unterst&#252;tzt, ist also sachlich falsch.<\/p>\n<p><em>(Anmerkung vom 3.3.2021: inzwischen weist mich die Bayerische Akademie der Sch&#246;nen K&#252;nste vehement &#8211; also mit unverhohlener Androhung von rechtlichen Schritten &#8211; darauf hin, dass diese Darstellung nicht intendiert war. Das habe ich aber auch nie behauptet, sondern die Darstellung von &#8222;Aufstehen f&#252;r die Kunst&#8220; kritisiert, von denen ja auch der Newsletter war. Siehe aber auch Fu&#223;note unten)<\/em><\/p>\n<p>&nbsp;<\/p>\n<p>Wie Sie sch&#228;tze ich die Kunst und die Musik au&#223;erordentlich, und w&#252;rde mich auch freuen, wenn diese schwierige Zeit vorbei ist und wir endlich wieder ein unbeschwertes Kulturleben haben. \u201eAufstehen f&#252;r die Kunst\u201c klingt ja auch erst einmal gut, und ich wei&#223;, dass manche daher auch leichtfertig und ohne genauer nachzulesen unterschrieben haben. Einige bereuen es vielleicht auch schon wieder, aber klar, wir Kulturschaffenden sind nat&#252;rlich nicht gegen Kultur, damit kann man viele mobilisieren. Gerade weil ich aber Kultur liebe, liebe ich auch die Errungenschaften der Bildung, erkenne die Wissenschaften an, unterst&#252;tze Demokratie und einen Staat, der versucht, seine B&#252;rgerinnen und B&#252;rger zu sch&#252;tzen. Ich verstehe, warum man f&#252;r die Kunst \u201eAufstehen\u201c sollte, und m&#246;chte das auch, aber lieber nach der Pandemie, wenn wir alle mit zu erwartenden extremen K&#252;rzungsma&#223;nahmen und Sparzw&#228;ngen zu tun haben werden. Dann wird Aufstehen f&#252;r die Kunst sehr, sehr wichtig sein.<\/p>\n<p>&nbsp;<\/p>\n<p>Aber zum jetzigen Zeitpunkt, sehe ich wenig Sinn darin, Kampagnen und teure Gerichtsprozesse (f&#252;r die man dann auch noch f&#252;r Spenden betteln muss) daf&#252;r anzustrengen, Konzerts&#228;le fr&#252;her als alles andere zu &#246;ffnen. Ich halte das f&#252;r ein sehr schlechtes Aush&#228;ngeschild f&#252;r die Kunst, die sich dann als allein auf sich selbst bezogen und au&#223;erhalb der Gesellschaft stehend pr&#228;sentiert. Damit machen wir uns als K&#252;nstler*innen schwach und angreifbar.<\/p>\n<p>&nbsp;<\/p>\n<p>Da Sie sich allein auf die Infektionsm&#246;glichkeiten in einer Konzertsituation konzentrieren (deren Geringf&#252;gigkeit ich genauso wie Sie sehe), blenden Sie aus, dass Kultur in einem Gesamtkontext stattfindet. <em>Wenn wir die Konzerts&#228;le &#246;ffnen, m&#252;ssen wir n&#228;mlich letztlich alles &#246;ffnen, das ist das Problem<\/em>. Mit exakt denselben Argumenten wie den Ihren k&#246;nnte man auch eine Kampagne \u201eAufstehen f&#252;r die Yoga-Studios\u201c machen, und auch da h&#228;tte man Recht mit der geringen Ansteckungsgefahr, da man da nicht so schwitzt wie in einem Fitnessstudio. Dann aber auch bitte die Pilates-Studios und auch die EMS-Sport-Studios &#246;ffnen, denn da sind die Abstandsregeln auch sehr leicht einzuhalten. Dann k&#228;me aber nat&#252;rlich auch das kleine Bistro an der Ecke und argumentiert ebenso korrekt, dass da ja nur 10 Leute reinpassen und es dort noch nie eine Infektion gab. Dann k&#228;me der kleine Antiquit&#228;tenladen daneben, und auch bei dem m&#252;sste man eingestehen, dass die Infektionsgefahr gering ist. Und dann k&#228;me der Blumenladen gegen&#252;ber, der Spielwarenladen am Ende der Stra&#223;e, der Buchladen, der Massagesalon, sogar das Bordell, alle mit tollen Hygienekonzepten. Und wenn dann eh schon alles \u201eaufgestanden\u201c ist, k&#228;men auch die Boutiquen, Ein-Euro-Shops und die Modelleisenbahnl&#228;den usw., bis man dann auch wieder die Fu&#223;ballstadien &#246;ffnen kann und eigentlich &#252;berhaupt alles, und wir k&#246;nnten dann einfach als ganzes Land kollektiv so tun, als g&#228;be es keine Pandemie. Das w&#228;re nat&#252;rlich fatal, und ich kann mir nicht vorstellen, dass Sie das wollen. Das w&#228;re aber die Konsequenz eines Erfolges von \u201eAufstehen f&#252;r die Kunst\u201c: man m&#252;sste ALLES &#246;ffnen, sofort. W&#228;re ja auch sch&#246;n.<\/p>\n<p>&nbsp;<\/p>\n<p>Nun ist die Pandemie leider noch nicht vorbei. Aber es gibt Anzeichen daf&#252;r, dass wir es bald dank internationaler Anstrengungen und Impfungen hinbekommen, das Ganze in den Griff zu bekommen. Dazu braucht es noch ein wenig Geduld, aber die Zeit der &#214;ffnungen liegt inzwischen nicht mehr in einer fernen ungewissen Zukunft, sondern ist greifbar nahe. Dieses bisschen Geduld auf den letzten Metern m&#252;ssen und k&#246;nnen wir aufbringen, solidarisch mit den vielen hart arbeitenden Menschen in unseren Krankenh&#228;usern, den Pflegeheimen, dem Rettungsdienst, den vielen Familien, die geliebte Menschen verloren haben, den vielen Menschen, die mit den Nachwirkungen dieser t&#252;ckischen Krankheit zu tun haben, den vielen Wissenschaftlern und Experten und auch Politikern, die diese Situation immer wieder aufs Neue einzusch&#228;tzen versuchen und ihr Bestes geben, irgendeine Strategie dagegen zu finden. Dass keine dieser Strategien je perfekt sein kann, liegt in der Natur der Sache. Dass es Ungerechtigkeiten und Widerspr&#252;che geben wird, ist unvermeidbar.<\/p>\n<p>&nbsp;<\/p>\n<p>Es ist sehr leicht, Einzelaspekte unserer Ma&#223;nahmen gegen Corona zu kritisieren, blo&#223;zustellen und l&#228;cherlich zu machen. Jede und jeder kann sich als Zentrum eines eigenen Kosmos sehen und gegen irgendetwas \u201eAufstehen\u201c. Besser als st&#228;ndiges \u201eAufstehen\u201c ist aber, standfest und standhaft zu sein, und genau dies leistet gerade der Gro&#223;teil der Bundesb&#252;rgerinnen und -b&#252;rger, die die f&#252;r alle harten Ma&#223;nahmen gemeinsam tragen und sie auch vern&#252;nftig finden, mit gro&#223;en pers&#246;nlichen Opfern. Die meisten dieser Menschen machen kein gro&#223;es Aufheben darum, starten keine Kampagnen und hupen nicht in Autokorsos, sie unterrichten stattdessen z.B. ihre Kinder zuhause und versuchen ihnen so gut es geht Geborgenheit zu geben. Diese standhaften Menschen verhalten sich still vern&#252;nftig, bringen Geduld auf und sind so unterst&#252;tzend und nett wie m&#246;glich zu den Leuten in ihrer direkten Umgebung. Es wird nicht genug &#252;ber diese Menschen geschrieben, da sie sich nicht ins Rampenlicht stellen und \u201ehier\u201c schreien, aber sie sind es, die uns wirklich durch diese Pandemie bringen. Jeden Tag, im Stillen. Das kann man auch als K&#252;nstlerin \u2013 eine ber&#252;hmte Kollegin erz&#228;hlte mir gerade, dass sie jeden Tag die T&#252;r &#246;ffnet und Hauskonzerte f&#252;r ihre Nachbarn veranstaltet, &#252;brigens ohne diese zu streamen oder sich irgendwie medial in Szene zu setzen. Das geht auch, und sie leistet etwas Wichtiges in ihrem direkten Umfeld, genauso wie es unsere Freundin tut, die Krankenschwester ist und auf der Corona-Intensivstation arbeitet, die Musik und Kunst liebt und die Konzerte ebenso vermisst wie wir Musiker, aber eben auch in den letzten Monaten so viele Tode auf ihrer Station erlebt hat, wie noch nie in ihrer gesamten beruflichen Laufbahn. Die muss gar nicht erst ank&#252;ndigen, \u201eaufzustehen\u201c, sondern tut dies jeden Tag, zu jeder Tages- und Nachtzeit, um m&#246;glichst viele Leben zu retten.<\/p>\n<p>&nbsp;<\/p>\n<p>Wie schwer und unm&#246;glich es ist, angesichts einer ungewissen und sich t&#228;glich z.B. wegen der Mutationen &#228;ndernden Situation f&#252;r alle gerechte Entscheidungen zu treffen als z.B. Politiker*in, kann ich absolut nachvollziehen. Das Letzte, was man dann in so einem Moment brauchen kann, sind sinnlose Gerichtsprozesse, die auf eine &#214;ffnung dr&#228;ngen, wo doch eh jeder diese so fr&#252;h wie m&#246;glich will und diese auch sicher bald kommen werden, sobald es vertretbar ist. Kein Politiker geilt sich heimlich und sich dabei ins F&#228;ustchen lachend daran auf, die Opernh&#228;user, Kinos und Museen geschlossen zu halten. Aber eins wei&#223; ich: viele von denen, die gerade ebenso lautstark wie Sie dringend auf \u201e&#214;ffnungen\u201c pochen, aber sich eher am rechten Rand bewegen, m&#246;chten unsere Gesellschaft auf eine Weise umwandeln, die unsere \u201eGrundrechte\u201c und die Kultur wesentlich mehr einschr&#228;nken w&#252;rden, als es eine Pandemie je vermag. Von diesen m&#246;chte ich mich aber so weit wie m&#246;glich fernhalten.<\/p>\n<p>&nbsp;<\/p>\n<p>Die Vorstellung, dass unsere jetzige Regierung es speziell auf die Kultur abgesehen hat, ist absurd. Das unterstellt aber Ihre Kampagne, ob Sie es wollen oder nicht, denn sie macht ja den Vorwurf, die Kultur w&#252;rde besonders ungerecht behandelt und es g&#228;be daher einen Grund f&#252;r den Rechtsweg. Aber was ist dann mit dem Gastrogewerbe, der Hotelbranche, den Reiseveranstaltern, den Fluggesellschaften? Die hat es wesentlich h&#228;rter getroffen als uns, da gab es wesentlich mehr Kurzarbeit, K&#252;ndigungen, schlimmste menschliche Schicksale. Angesichts dessen ist f&#252;r mich die Vorstellung, dass es jetzt wichtiger ist, dass Christian Gerhaher jetzt m&#246;glichst bald wieder Opern singen kann, ein bisschen geschmacklos, wen ich ehrlich bin. Denn lieber fordere ich, dass arme und eben nicht weltber&#252;hmte freischaffende Musikerinnen und Musiker gen&#252;gend Corona Hilfen bekommen.<\/p>\n<p>Argumentiert denn irgendjemand ernsthaft damit, dass man es auf die Restaurants dieses Landes abgesehen hat und diese endg&#252;ltig abschaffen will, nur weil diese auch schwer betroffen sind? Viele davon werden nach Corona nicht mehr &#246;ffnen, die Bayerische Staatsoper dagegen schon.<\/p>\n<p>&nbsp;<\/p>\n<p>Es ist halt leider kein Zuckerschlecken, so eine Pandemie. Als Entscheidungstr&#228;ger hat man oft zwei Entscheidungen \u2013 die eine hat schlechte Auswirkungen, die andere noch schlechtere. Das macht keinem Spa&#223;, und immer ist irgendjemand beleidigt. Es bringt uns aber nicht weiter, st&#228;ndig beleidigt zu sein. Standhaft in unseren Ma&#223;nahmen gegen Covid-19 sein dagegen schon, denn dann ist die ganze Chose wenigstens schneller vorbei, als wenn wir st&#228;ndig zu fr&#252;h irgendwas &#246;ffnen. Wir haben das in greifbarer N&#228;he, ganz ohne \u201eAufstehen f&#252;r die Kunst\u201c. An diese grunds&#228;tzliche Standhaftigkeit der Bev&#246;lkerung und angeblichen \u201eSchlafschafe\u201c, die nicht auf Populismus, Panik, Verschw&#246;rungsmythen und ideologische Blasen hereinfielen, wird man sich sp&#228;ter erinnern, nicht daran, dass bestimmte K&#252;nstler*innen das alles irgendwie nicht toll fanden und eine Klage anstrebten.<\/p>\n<p>&nbsp;<\/p>\n<p>Noch im Dezember wollten mir einzelne Vertreter von \u201eAufstehen f&#252;r die Kunst\u201c weismachen, dass die Pandemie ja eindeutig vorbei sei und die \u201eZahlen runtergehen\u201c. Dies wurde mit den &#252;blichen aus dem Zusammenhang gerissenen Statistiken, Grafiken und YouTube-Videos von Bhakdi und Konsorten \u201ewissenschaftlich\u201c untermauert. Damit meine ich nicht Sie pers&#246;nlich, aber viele, die Ihre Aufrufe teilen und zum Teil sehr aggressiv auf diejenigen zugehen, die nicht derselben Meinung sind. Von diesen Mitwirkenden hat sich \u201eAufstehen f&#252;r die Kunst\u201c leider nie gen&#252;gend distanziert.<\/p>\n<p>&nbsp;<\/p>\n<p>Was dann im Winter folgte, weltweit, haben wir dann alle gesehen, die h&#246;chsten Sterbezahlen jemals und Infektionsrekorde in ganz Europa. Ich muss also zugeben, dass ich langsam m&#252;de werde, wenn immer voreilig jemand kommt und behauptet, das alles sei ja schon vorbei oder man k&#246;nnte jetzt das und das machen. Oder anders gesagt: Wenn ich eine realistische Einsch&#228;tzung von Infektionsgeschehen und virologischen Erkenntnissen w&#228;hrend einer Pandemie will, frage ich nicht Senta Berger oder Alfred Brendel (mit denen Sie z.B. als Unterst&#252;tzer werben).<\/p>\n<p>&nbsp;<\/p>\n<p>Ich denke also, dass das bisschen Geduld uns allen guttun w&#252;rde. Und dann gehe ich gerne mit Ihnen auf die Stra&#223;e und demonstriere gegen die Schlie&#223;ung von Opernh&#228;usern und Orchestern, gegen Kulturk&#252;rzungen und Sparma&#223;nahmen. Aber immer auch im Sinne humanistischer Ideale: F&#220;R die Menschen aber auch MIT den Menschen, weder &#252;ber noch unter ihnen stehend, sondern <em>in der Mitte der Gesellschaft.<\/em> Dieses Selbstbewusstsein habe ich als K&#252;nstler, dazu brauche ich keine PR und keine Gerichtsprozesse.<\/p>\n<p>&nbsp;<\/p>\n<p>Ich bitte Sie also herzlich, in Zukunft bei Ihren Rundmails den Satz mit der Bayerischen Akademie so zu korrigieren, dass dort steht, dass Sie nur die<\/p>\n<p>&nbsp;<\/p>\n<p>\u201eBayerische Akademie der Sch&#246;nen K&#252;nste, <strong>allerdings ausgenommen Moritz Eggert<\/strong>\u201c<\/p>\n<p>&nbsp;<\/p>\n<p>unterst&#252;tzt. Vielleicht kommen noch ein paar Namen hinzu, denn ich werde mir erlauben, dieses Schreiben &#246;ffentlich zu machen.<\/p>\n<p>&nbsp;<\/p>\n<p>Denn das letzte, was wir jetzt brauchen, ist noch ein weiteres Gerichtsverfahren (wegen ungewollter Werbung ohne Zustimmung der Beteiligten).<\/p>\n<p>&nbsp;<\/p>\n<p>Mit den besten W&#252;nschen,<\/p>\n<p>&nbsp;<\/p>\n<p>Ihr<\/p>\n<p><em>Moritz Eggert<\/em><\/p>\n<p><em>Aktualisierung 3.3.2021<\/em><\/p>\n<p><em>Bis gestern (2.3.2021) gab es auf der Seite von &#8222;Aufstehen f&#252;r die Kunst&#8220; eine Kategorie &#8222;Akademien&#8220; unter den Unterst&#252;tzern. Auch unter dieser wurde Winfried Nerdinger als &#8222;Pr&#228;sident der Bayerischen Akademie der Sch&#246;nen K&#252;nste&#8220; genannt, Bernhard Sinkel als Leiter der Abteilung Film und Medien, sowie Dieter Dorn als Leiter der Abteilung Darstellende K&#252;nste und Katja Sch&#228;fer als Generalsekret&#228;rin der BADSK. Auch hier wird f&#228;lschlich der Eindruck erweckt, als st&#252;nde die Bayerische Akademie mittels dieser Namen g&#228;nzlich hinter der Kampagne &#8222;Aufstehen f&#252;r die Kunst&#8220;, ansonsten erg&#228;be die Kategorie &#8222;Akademien&#8220; keinen Sinn.<\/em><\/p>\n<p><em>Inzwischen ist die Kategorie in &#8222;Akademien und Akademiemitglieder&#8220; umbenannt worden (wahrscheinlich weil man auch den Bad Blog liest), stiftet aber immer noch Verwirrung, denn Katja Sch&#228;fer ist kein Akademiemitglied sondern Generalsekret&#228;rin der Akademie und Leiterin eines Liedfestivals. Warum ber&#252;hmte Namen wie Dieter Dorn (Regisseur) und Bernhard Sinkel (Filmregisseur) nicht einfach unter ihrem eigentlichen Metier als Unterst&#252;tzer auftauchen k&#246;nnen, bleibt unerkl&#228;rlich. Dass sich vielleicht jetzt nicht massenhaft Architekturhistoriker (Winfried Nerdinger) als Unterst&#252;tzer finden lie&#223;en, um einen eigenen Eintrag zu rechtfertigen, mag wiederum verst&#228;ndlich sein. Zudem sind fast alle der ansonsten auf der Seite genannten prominenten Unterst&#252;tzer Mitglieder von Akademien, meistens sogar von mehreren. Mit derselben Begr&#252;ndung k&#246;nnte man also unter &#8222;Akademiemitglieder&#8220; K&#252;nstler*innen wie J&#246;rg Widmann oder Olga Neuwirth auff&#252;hren, aber die sind anscheinend nicht &#8222;akademisch&#8220; genug. Aber dennoch: wenn unser Pr&#228;sident der Bayerischen Akademie jetzt auf jeden Fall als Einzelunterst&#252;tzer wahrgenommen werden soll, warum ist es dann so wichtig, ihn unter &#8222;Akademien und Akademiemitglieder&#8220; zu nennen? Wobei ich ihm das nicht als b&#246;se Absicht unterstellen will, denn schlie&#223;lich entscheidet &#8222;Aufstehen f&#252;r die Kunst&#8220;, wie ihre Unterzeichner dargestellt werden, um gr&#246;&#223;tm&#246;gliche Seriosit&#228;t zu erzeugen&#8230;was aufgrund von &#8222;am rechten steirischen Bordsteinrand&#8220; (<a href=\"https:\/\/crescendo.de\/klassikwoche9-2021-gerhaher-petrenko-netrebko-1000065276\/\">Zitat Axel Br&#252;ggemann, Crescendo-Newsletter<\/a>) sich tummelnden Unterst&#252;tzern wie G&#252;nther Groissb&#246;ck wahrscheinlich auch dringend notwendig ist.<\/em><\/p>\n<p><em>Inzwischen erreichten mich zahlreiche Nachrichten von Personen, die sich sehr wundern, dass sie ungefragt auf der Seite von &#8222;Aufstehen f&#252;r die Kunst&#8220; als Teil von Institutionen wie z.B. dem &#8222;Forum Musikfestivals&#8220; genannt werden. Das gibt einem zu Denken, ob nicht vielleicht eine Kampagne <strong>&#8222;Richtig fragen und erst einmal kl&#228;ren, ob man &#252;berhaupt f&#252;r die Kunst aufstehen will&#8220;<\/strong> wichtiger w&#228;re.<\/em><\/p>\n<div id=\"attachment_23843\" style=\"width: 370px\" class=\"wp-caption alignnone\"><img data-recalc-dims=\"1\" loading=\"lazy\" decoding=\"async\" aria-describedby=\"caption-attachment-23843\" data-attachment-id=\"23843\" data-permalink=\"https:\/\/blogs.nmz.de\/badblog\/2021\/02\/25\/standhaftigkeit-oder-aufstehen-offener-brief-an-aufstehen-fuer-die-kunst\/img_3714\/\" data-orig-file=\"https:\/\/i0.wp.com\/blogs.nmz.de\/badblog\/files\/2021\/02\/IMG_3714-scaled.jpg?fit=1920%2C2560&amp;ssl=1\" data-orig-size=\"1920,2560\" data-comments-opened=\"1\" data-image-meta=\"{&quot;aperture&quot;:&quot;2.2&quot;,&quot;credit&quot;:&quot;&quot;,&quot;camera&quot;:&quot;iPhone 12 Pro&quot;,&quot;caption&quot;:&quot;&quot;,&quot;created_timestamp&quot;:&quot;1614255496&quot;,&quot;copyright&quot;:&quot;&quot;,&quot;focal_length&quot;:&quot;2.71&quot;,&quot;iso&quot;:&quot;400&quot;,&quot;shutter_speed&quot;:&quot;0.04&quot;,&quot;title&quot;:&quot;&quot;,&quot;orientation&quot;:&quot;1&quot;}\" data-image-title=\"IMG_3714\" data-image-description=\"\" data-image-caption=\"&lt;p&gt;Was erst los sein wird,  wenn die Friseursalons wieder \u00f6ffnen,(dringend ben\u00f6tigt, siehe Bild), Christian Gerhaher aber immer noch nicht in der Staatsoper singen darf?&lt;\/p&gt;\n\" data-large-file=\"https:\/\/i0.wp.com\/blogs.nmz.de\/badblog\/files\/2021\/02\/IMG_3714-scaled.jpg?fit=768%2C1024&amp;ssl=1\" class=\"size-medium wp-image-23843\" src=\"https:\/\/i0.wp.com\/blogs.nmz.de\/badblog\/files\/2021\/02\/IMG_3714.jpg?resize=360%2C480&#038;ssl=1\" alt=\"\" width=\"360\" height=\"480\" srcset=\"https:\/\/i0.wp.com\/blogs.nmz.de\/badblog\/files\/2021\/02\/IMG_3714-scaled.jpg?resize=360%2C480&amp;ssl=1 360w, https:\/\/i0.wp.com\/blogs.nmz.de\/badblog\/files\/2021\/02\/IMG_3714-scaled.jpg?resize=768%2C1024&amp;ssl=1 768w, https:\/\/i0.wp.com\/blogs.nmz.de\/badblog\/files\/2021\/02\/IMG_3714-scaled.jpg?resize=600%2C800&amp;ssl=1 600w, https:\/\/i0.wp.com\/blogs.nmz.de\/badblog\/files\/2021\/02\/IMG_3714-scaled.jpg?resize=1152%2C1536&amp;ssl=1 1152w, https:\/\/i0.wp.com\/blogs.nmz.de\/badblog\/files\/2021\/02\/IMG_3714-scaled.jpg?resize=1536%2C2048&amp;ssl=1 1536w, https:\/\/i0.wp.com\/blogs.nmz.de\/badblog\/files\/2021\/02\/IMG_3714-scaled.jpg?w=1920&amp;ssl=1 1920w\" sizes=\"auto, (max-width: 360px) 100vw, 360px\" \/><p id=\"caption-attachment-23843\" class=\"wp-caption-text\">Was erst los sein wird, wenn die Friseursalons wieder &#246;ffnen (dringend ben&#246;tigt, siehe Bild), Christian Gerhaher aber <strong>immer noch nicht<\/strong> in der Staatsoper singen darf? Volksaufstand!!!<\/p><\/div>\n<div class=\"shariff shariff-align-left shariff-widget-align-left\" style=\"display:none\"><div class=\"ShariffHeadline\"> <\/div><ul class=\"shariff-buttons theme-default orientation-horizontal buttonsize-small\"><li class=\"shariff-button mastodon shariff-nocustomcolor\" style=\"background-color:#563ACC\"><a href=\"https:\/\/s2f.kytta.dev\/?text=Standhaftigkeit%20oder%20%E2%80%9EAufstehen%E2%80%9C%3F%20Offener%20Brief%20an%20%E2%80%9EAufstehen%20f%C3%BCr%20die%20Kunst%E2%80%9C https%3A%2F%2Fblogs.nmz.de%2Fbadblog%2F2021%2F02%2F25%2Fstandhaftigkeit-oder-aufstehen-offener-brief-an-aufstehen-fuer-die-kunst%2F\" title=\"Bei Mastodon teilen\" aria-label=\"Bei Mastodon teilen\" role=\"button\" rel=\"noopener nofollow\" class=\"shariff-link\" style=\"; background-color:#6364FF; color:#fff\" target=\"_blank\"><span class=\"shariff-icon\" style=\"\"><svg width=\"75\" height=\"79\" viewBox=\"0 0 75 79\" fill=\"none\" xmlns=\"http:\/\/www.w3.org\/2000\/svg\"><path d=\"M37.813-.025C32.462-.058 27.114.13 21.79.598c-8.544.621-17.214 5.58-20.203 13.931C-1.12 23.318.408 32.622.465 41.65c.375 7.316.943 14.78 3.392 21.73 4.365 9.465 14.781 14.537 24.782 15.385 7.64.698 15.761-.213 22.517-4.026a54.1 54.1 0 0 0 .01-6.232c-6.855 1.316-14.101 2.609-21.049 1.074-3.883-.88-6.876-4.237-7.25-8.215-1.53-3.988 3.78-.43 5.584-.883 9.048 1.224 18.282.776 27.303-.462 7.044-.837 14.26-4.788 16.65-11.833 2.263-6.135 1.215-12.79 1.698-19.177.06-3.84.09-7.692-.262-11.52C72.596 7.844 63.223.981 53.834.684a219.453 219.453 0 0 0-16.022-.71zm11.294 12.882c5.5-.067 10.801 4.143 11.67 9.653.338 1.48.471 3 .471 4.515v21.088h-8.357c-.07-7.588.153-15.182-.131-22.765-.587-4.368-7.04-5.747-9.672-2.397-2.422 3.04-1.47 7.155-1.67 10.735v6.392h-8.307c-.146-4.996.359-10.045-.404-15.002-1.108-4.218-7.809-5.565-10.094-1.666-1.685 3.046-.712 6.634-.976 9.936v14.767h-8.354c.109-8.165-.238-16.344.215-24.5.674-5.346 5.095-10.389 10.676-10.627 4.902-.739 10.103 2.038 12.053 6.631.375 1.435 1.76 1.932 1.994.084 1.844-3.704 5.501-6.739 9.785-6.771.367-.044.735-.068 1.101-.073z\"\/><defs><linearGradient id=\"paint0_linear_549_34\" x1=\"37.0692\" y1=\"0\" x2=\"37.0692\" y2=\"79\" gradientUnits=\"userSpaceOnUse\"><stop stop-color=\"#6364FF\"\/><stop offset=\"1\" stop-color=\"#563ACC\"\/><\/linearGradient><\/defs><\/svg><\/span><span class=\"shariff-text\">teilen<\/span>&nbsp;<\/a><\/li><li class=\"shariff-button bluesky shariff-nocustomcolor\" style=\"background-color:#84c4ff\"><a href=\"https:\/\/bsky.app\/intent\/compose?text=Standhaftigkeit%20oder%20%E2%80%9EAufstehen%E2%80%9C%3F%20Offener%20Brief%20an%20%E2%80%9EAufstehen%20f%C3%BCr%20die%20Kunst%E2%80%9C https%3A%2F%2Fblogs.nmz.de%2Fbadblog%2F2021%2F02%2F25%2Fstandhaftigkeit-oder-aufstehen-offener-brief-an-aufstehen-fuer-die-kunst%2F \" title=\"Bei Bluesky teilen\" aria-label=\"Bei Bluesky teilen\" role=\"button\" rel=\"noopener nofollow\" class=\"shariff-link\" style=\"; background-color:#0085ff; color:#fff\" target=\"_blank\"><span class=\"shariff-icon\" style=\"\"><svg width=\"20\" height=\"20\" version=\"1.1\" xmlns=\"http:\/\/www.w3.org\/2000\/svg\" viewBox=\"0 0 20 20\"><path class=\"st0\" d=\"M4.89,3.12c2.07,1.55,4.3,4.71,5.11,6.4.82-1.69,3.04-4.84,5.11-6.4,1.49-1.12,3.91-1.99,3.91.77,0,.55-.32,4.63-.5,5.3-.64,2.3-2.99,2.89-5.08,2.54,3.65.62,4.58,2.68,2.57,4.74-3.81,3.91-5.48-.98-5.9-2.23-.08-.23-.11-.34-.12-.25,0-.09-.04.02-.12.25-.43,1.25-2.09,6.14-5.9,2.23-2.01-2.06-1.08-4.12,2.57-4.74-2.09.36-4.44-.23-5.08-2.54-.19-.66-.5-4.74-.5-5.3,0-2.76,2.42-1.89,3.91-.77h0Z\"\/><\/svg><\/span><span class=\"shariff-text\">teilen<\/span>&nbsp;<\/a><\/li><li class=\"shariff-button facebook shariff-nocustomcolor\" style=\"background-color:#4273c8\"><a href=\"https:\/\/www.facebook.com\/sharer\/sharer.php?u=https%3A%2F%2Fblogs.nmz.de%2Fbadblog%2F2021%2F02%2F25%2Fstandhaftigkeit-oder-aufstehen-offener-brief-an-aufstehen-fuer-die-kunst%2F\" title=\"Bei Facebook teilen\" aria-label=\"Bei Facebook teilen\" role=\"button\" rel=\"nofollow\" class=\"shariff-link\" style=\"; background-color:#3b5998; color:#fff\" target=\"_blank\"><span class=\"shariff-icon\" style=\"\"><svg width=\"32px\" height=\"20px\" xmlns=\"http:\/\/www.w3.org\/2000\/svg\" viewBox=\"0 0 18 32\"><path fill=\"#3b5998\" d=\"M17.1 0.2v4.7h-2.8q-1.5 0-2.1 0.6t-0.5 1.9v3.4h5.2l-0.7 5.3h-4.5v13.6h-5.5v-13.6h-4.5v-5.3h4.5v-3.9q0-3.3 1.9-5.2t5-1.8q2.6 0 4.1 0.2z\"\/><\/svg><\/span><span class=\"shariff-text\">teilen<\/span>&nbsp;<\/a><\/li><li class=\"shariff-button threema shariff-nocustomcolor shariff-mobile\" style=\"background-color:#4fbc24\"><a href=\"threema:\/\/compose?text=Standhaftigkeit%20oder%20%E2%80%9EAufstehen%E2%80%9C%3F%20Offener%20Brief%20an%20%E2%80%9EAufstehen%20f%C3%BCr%20die%20Kunst%E2%80%9C%20https%3A%2F%2Fblogs.nmz.de%2Fbadblog%2F2021%2F02%2F25%2Fstandhaftigkeit-oder-aufstehen-offener-brief-an-aufstehen-fuer-die-kunst%2F\" title=\"Bei Threema teilen\" aria-label=\"Bei Threema teilen\" role=\"button\" rel=\"noopener nofollow\" class=\"shariff-link\" style=\"; background-color:#1f1f1f; color:#fff\" target=\"_blank\"><span class=\"shariff-icon\" style=\"\"><svg width=\"32px\" height=\"20px\" xmlns=\"http:\/\/www.w3.org\/2000\/svg\" viewBox=\"0 0 32 32\"><path fill=\"#1f1f1f\" d=\"M30.8 10.9c-0.3-1.4-0.9-2.6-1.8-3.8-2-2.6-5.5-4.5-9.4-5.2-1.3-0.2-1.9-0.3-3.5-0.3s-2.2 0-3.5 0.3c-4 0.7-7.4 2.6-9.4 5.2-0.9 1.2-1.5 2.4-1.8 3.8-0.1 0.5-0.2 1.2-0.2 1.6 0 0.4 0.1 1.1 0.2 1.6 0.4 1.9 1.3 3.4 2.9 5 0.8 0.8 0.8 0.8 0.7 1.3 0 0.6-0.5 1.6-1.7 3.6-0.3 0.5-0.5 0.9-0.5 0.9 0 0.1 0.1 0.1 0.5 0 0.8-0.2 2.3-0.6 5.6-1.6 1.1-0.3 1.3-0.4 2.3-0.4 0.8 0 1.1 0 2.3 0.2 1.5 0.2 3.5 0.2 4.9 0 5.1-0.6 9.3-2.9 11.4-6.3 0.5-0.9 0.9-1.8 1.1-2.8 0.1-0.5 0.2-1.1 0.2-1.6 0-0.7-0.1-1.1-0.2-1.6-0.3-1.4 0.1 0.5 0 0zM20.6 17.3c0 0.4-0.4 0.8-0.8 0.8h-7.7c-0.4 0-0.8-0.4-0.8-0.8v-4.6c0-0.4 0.4-0.8 0.8-0.8h0.2l0-1.6c0-0.9 0-1.8 0.1-2 0.1-0.6 0.6-1.2 1.1-1.7s1.1-0.7 1.9-0.8c1.8-0.3 3.7 0.7 4.2 2.2 0.1 0.3 0.1 0.7 0.1 2.1v0 1.7h0.1c0.4 0 0.8 0.4 0.8 0.8v4.6zM15.6 7.3c-0.5 0.1-0.8 0.3-1.2 0.6s-0.6 0.8-0.7 1.3c0 0.2 0 0.8 0 1.5l0 1.2h4.6v-1.3c0-1 0-1.4-0.1-1.6-0.3-1.1-1.5-1.9-2.6-1.7zM25.8 28.2c0 1.2-1 2.2-2.1 2.2s-2.1-1-2.1-2.1c0-1.2 1-2.1 2.2-2.1s2.2 1 2.2 2.2zM18.1 28.2c0 1.2-1 2.2-2.1 2.2s-2.1-1-2.1-2.1c0-1.2 1-2.1 2.2-2.1s2.2 1 2.2 2.2zM10.4 28.2c0 1.2-1 2.2-2.1 2.2s-2.1-1-2.1-2.1c0-1.2 1-2.1 2.2-2.1s2.2 1 2.2 2.2z\"\/><\/svg><\/span><span class=\"shariff-text\">teilen<\/span>&nbsp;<\/a><\/li><li class=\"shariff-button linkedin shariff-nocustomcolor\" style=\"background-color:#1488bf\"><a href=\"https:\/\/www.linkedin.com\/sharing\/share-offsite\/?url=https%3A%2F%2Fblogs.nmz.de%2Fbadblog%2F2021%2F02%2F25%2Fstandhaftigkeit-oder-aufstehen-offener-brief-an-aufstehen-fuer-die-kunst%2F\" title=\"Bei LinkedIn teilen\" aria-label=\"Bei LinkedIn teilen\" role=\"button\" rel=\"noopener nofollow\" class=\"shariff-link\" style=\"; background-color:#0077b5; color:#fff\" target=\"_blank\"><span class=\"shariff-icon\" style=\"\"><svg width=\"32px\" height=\"20px\" xmlns=\"http:\/\/www.w3.org\/2000\/svg\" viewBox=\"0 0 27 32\"><path fill=\"#0077b5\" d=\"M6.2 11.2v17.7h-5.9v-17.7h5.9zM6.6 5.7q0 1.3-0.9 2.2t-2.4 0.9h0q-1.5 0-2.4-0.9t-0.9-2.2 0.9-2.2 2.4-0.9 2.4 0.9 0.9 2.2zM27.4 18.7v10.1h-5.9v-9.5q0-1.9-0.7-2.9t-2.3-1.1q-1.1 0-1.9 0.6t-1.2 1.5q-0.2 0.5-0.2 1.4v9.9h-5.9q0-7.1 0-11.6t0-5.3l0-0.9h5.9v2.6h0q0.4-0.6 0.7-1t1-0.9 1.6-0.8 2-0.3q3 0 4.9 2t1.9 6z\"\/><\/svg><\/span><span class=\"shariff-text\">teilen<\/span>&nbsp;<\/a><\/li><li class=\"shariff-button info shariff-nocustomcolor\" style=\"background-color:#eee\"><a href=\"http:\/\/ct.de\/-2467514\" title=\"Weitere Informationen\" aria-label=\"Weitere Informationen\" role=\"button\" rel=\"noopener \" class=\"shariff-link\" style=\"; background-color:#fff; color:#fff\" target=\"_blank\"><span class=\"shariff-icon\" style=\"\"><svg width=\"32px\" height=\"20px\" xmlns=\"http:\/\/www.w3.org\/2000\/svg\" viewBox=\"0 0 11 32\"><path fill=\"#999\" d=\"M11.4 24v2.3q0 0.5-0.3 0.8t-0.8 0.4h-9.1q-0.5 0-0.8-0.4t-0.4-0.8v-2.3q0-0.5 0.4-0.8t0.8-0.4h1.1v-6.8h-1.1q-0.5 0-0.8-0.4t-0.4-0.8v-2.3q0-0.5 0.4-0.8t0.8-0.4h6.8q0.5 0 0.8 0.4t0.4 0.8v10.3h1.1q0.5 0 0.8 0.4t0.3 0.8zM9.2 3.4v3.4q0 0.5-0.4 0.8t-0.8 0.4h-4.6q-0.4 0-0.8-0.4t-0.4-0.8v-3.4q0-0.4 0.4-0.8t0.8-0.4h4.6q0.5 0 0.8 0.4t0.4 0.8z\"\/><\/svg><\/span><\/a><\/li><\/ul><\/div>","protected":false},"excerpt":{"rendered":"<p>&#8222;Und wenn dann eh schon alles \u201eaufgestanden\u201c ist, k&#228;men auch die Boutiquen, Ein-Euro-Shops und die Modelleisenbahnl&#228;den usw., bis man dann auch wieder die Fu&#223;ballstadien &#246;ffnen kann und eigentlich &#252;berhaupt alles, und wir k&#246;nnten dann einfach als ganzes Land kollektiv so tun, als g&#228;be es keine Pandemie&#8220;<\/p>\n<div class=\"shariff shariff-align-left shariff-widget-align-left\" style=\"display:none\"><div class=\"ShariffHeadline\"> <\/div><ul class=\"shariff-buttons theme-default orientation-horizontal buttonsize-small\"><li class=\"shariff-button mastodon shariff-nocustomcolor\" style=\"background-color:#563ACC\"><a href=\"https:\/\/s2f.kytta.dev\/?text=Standhaftigkeit%20oder%20%E2%80%9EAufstehen%E2%80%9C%3F%20Offener%20Brief%20an%20%E2%80%9EAufstehen%20f%C3%BCr%20die%20Kunst%E2%80%9C https%3A%2F%2Fblogs.nmz.de%2Fbadblog%2F2021%2F02%2F25%2Fstandhaftigkeit-oder-aufstehen-offener-brief-an-aufstehen-fuer-die-kunst%2F\" title=\"Bei Mastodon teilen\" aria-label=\"Bei Mastodon teilen\" role=\"button\" rel=\"noopener nofollow\" class=\"shariff-link\" style=\"; background-color:#6364FF; color:#fff\" target=\"_blank\"><span class=\"shariff-icon\" style=\"\"><svg width=\"75\" height=\"79\" viewBox=\"0 0 75 79\" fill=\"none\" xmlns=\"http:\/\/www.w3.org\/2000\/svg\"><path d=\"M37.813-.025C32.462-.058 27.114.13 21.79.598c-8.544.621-17.214 5.58-20.203 13.931C-1.12 23.318.408 32.622.465 41.65c.375 7.316.943 14.78 3.392 21.73 4.365 9.465 14.781 14.537 24.782 15.385 7.64.698 15.761-.213 22.517-4.026a54.1 54.1 0 0 0 .01-6.232c-6.855 1.316-14.101 2.609-21.049 1.074-3.883-.88-6.876-4.237-7.25-8.215-1.53-3.988 3.78-.43 5.584-.883 9.048 1.224 18.282.776 27.303-.462 7.044-.837 14.26-4.788 16.65-11.833 2.263-6.135 1.215-12.79 1.698-19.177.06-3.84.09-7.692-.262-11.52C72.596 7.844 63.223.981 53.834.684a219.453 219.453 0 0 0-16.022-.71zm11.294 12.882c5.5-.067 10.801 4.143 11.67 9.653.338 1.48.471 3 .471 4.515v21.088h-8.357c-.07-7.588.153-15.182-.131-22.765-.587-4.368-7.04-5.747-9.672-2.397-2.422 3.04-1.47 7.155-1.67 10.735v6.392h-8.307c-.146-4.996.359-10.045-.404-15.002-1.108-4.218-7.809-5.565-10.094-1.666-1.685 3.046-.712 6.634-.976 9.936v14.767h-8.354c.109-8.165-.238-16.344.215-24.5.674-5.346 5.095-10.389 10.676-10.627 4.902-.739 10.103 2.038 12.053 6.631.375 1.435 1.76 1.932 1.994.084 1.844-3.704 5.501-6.739 9.785-6.771.367-.044.735-.068 1.101-.073z\"\/><defs><linearGradient id=\"paint0_linear_549_34\" x1=\"37.0692\" y1=\"0\" x2=\"37.0692\" y2=\"79\" gradientUnits=\"userSpaceOnUse\"><stop stop-color=\"#6364FF\"\/><stop offset=\"1\" stop-color=\"#563ACC\"\/><\/linearGradient><\/defs><\/svg><\/span><span class=\"shariff-text\">teilen<\/span>&nbsp;<\/a><\/li><li class=\"shariff-button bluesky shariff-nocustomcolor\" style=\"background-color:#84c4ff\"><a href=\"https:\/\/bsky.app\/intent\/compose?text=Standhaftigkeit%20oder%20%E2%80%9EAufstehen%E2%80%9C%3F%20Offener%20Brief%20an%20%E2%80%9EAufstehen%20f%C3%BCr%20die%20Kunst%E2%80%9C https%3A%2F%2Fblogs.nmz.de%2Fbadblog%2F2021%2F02%2F25%2Fstandhaftigkeit-oder-aufstehen-offener-brief-an-aufstehen-fuer-die-kunst%2F \" title=\"Bei Bluesky teilen\" aria-label=\"Bei Bluesky teilen\" role=\"button\" rel=\"noopener nofollow\" class=\"shariff-link\" style=\"; background-color:#0085ff; color:#fff\" target=\"_blank\"><span class=\"shariff-icon\" style=\"\"><svg width=\"20\" height=\"20\" version=\"1.1\" xmlns=\"http:\/\/www.w3.org\/2000\/svg\" viewBox=\"0 0 20 20\"><path class=\"st0\" d=\"M4.89,3.12c2.07,1.55,4.3,4.71,5.11,6.4.82-1.69,3.04-4.84,5.11-6.4,1.49-1.12,3.91-1.99,3.91.77,0,.55-.32,4.63-.5,5.3-.64,2.3-2.99,2.89-5.08,2.54,3.65.62,4.58,2.68,2.57,4.74-3.81,3.91-5.48-.98-5.9-2.23-.08-.23-.11-.34-.12-.25,0-.09-.04.02-.12.25-.43,1.25-2.09,6.14-5.9,2.23-2.01-2.06-1.08-4.12,2.57-4.74-2.09.36-4.44-.23-5.08-2.54-.19-.66-.5-4.74-.5-5.3,0-2.76,2.42-1.89,3.91-.77h0Z\"\/><\/svg><\/span><span class=\"shariff-text\">teilen<\/span>&nbsp;<\/a><\/li><li class=\"shariff-button facebook shariff-nocustomcolor\" style=\"background-color:#4273c8\"><a href=\"https:\/\/www.facebook.com\/sharer\/sharer.php?u=https%3A%2F%2Fblogs.nmz.de%2Fbadblog%2F2021%2F02%2F25%2Fstandhaftigkeit-oder-aufstehen-offener-brief-an-aufstehen-fuer-die-kunst%2F\" title=\"Bei Facebook teilen\" aria-label=\"Bei Facebook teilen\" role=\"button\" rel=\"nofollow\" class=\"shariff-link\" style=\"; background-color:#3b5998; color:#fff\" target=\"_blank\"><span class=\"shariff-icon\" style=\"\"><svg width=\"32px\" height=\"20px\" xmlns=\"http:\/\/www.w3.org\/2000\/svg\" viewBox=\"0 0 18 32\"><path fill=\"#3b5998\" d=\"M17.1 0.2v4.7h-2.8q-1.5 0-2.1 0.6t-0.5 1.9v3.4h5.2l-0.7 5.3h-4.5v13.6h-5.5v-13.6h-4.5v-5.3h4.5v-3.9q0-3.3 1.9-5.2t5-1.8q2.6 0 4.1 0.2z\"\/><\/svg><\/span><span class=\"shariff-text\">teilen<\/span>&nbsp;<\/a><\/li><li class=\"shariff-button threema shariff-nocustomcolor shariff-mobile\" style=\"background-color:#4fbc24\"><a href=\"threema:\/\/compose?text=Standhaftigkeit%20oder%20%E2%80%9EAufstehen%E2%80%9C%3F%20Offener%20Brief%20an%20%E2%80%9EAufstehen%20f%C3%BCr%20die%20Kunst%E2%80%9C%20https%3A%2F%2Fblogs.nmz.de%2Fbadblog%2F2021%2F02%2F25%2Fstandhaftigkeit-oder-aufstehen-offener-brief-an-aufstehen-fuer-die-kunst%2F\" title=\"Bei Threema teilen\" aria-label=\"Bei Threema teilen\" role=\"button\" rel=\"noopener nofollow\" class=\"shariff-link\" style=\"; background-color:#1f1f1f; color:#fff\" target=\"_blank\"><span class=\"shariff-icon\" style=\"\"><svg width=\"32px\" height=\"20px\" xmlns=\"http:\/\/www.w3.org\/2000\/svg\" viewBox=\"0 0 32 32\"><path fill=\"#1f1f1f\" d=\"M30.8 10.9c-0.3-1.4-0.9-2.6-1.8-3.8-2-2.6-5.5-4.5-9.4-5.2-1.3-0.2-1.9-0.3-3.5-0.3s-2.2 0-3.5 0.3c-4 0.7-7.4 2.6-9.4 5.2-0.9 1.2-1.5 2.4-1.8 3.8-0.1 0.5-0.2 1.2-0.2 1.6 0 0.4 0.1 1.1 0.2 1.6 0.4 1.9 1.3 3.4 2.9 5 0.8 0.8 0.8 0.8 0.7 1.3 0 0.6-0.5 1.6-1.7 3.6-0.3 0.5-0.5 0.9-0.5 0.9 0 0.1 0.1 0.1 0.5 0 0.8-0.2 2.3-0.6 5.6-1.6 1.1-0.3 1.3-0.4 2.3-0.4 0.8 0 1.1 0 2.3 0.2 1.5 0.2 3.5 0.2 4.9 0 5.1-0.6 9.3-2.9 11.4-6.3 0.5-0.9 0.9-1.8 1.1-2.8 0.1-0.5 0.2-1.1 0.2-1.6 0-0.7-0.1-1.1-0.2-1.6-0.3-1.4 0.1 0.5 0 0zM20.6 17.3c0 0.4-0.4 0.8-0.8 0.8h-7.7c-0.4 0-0.8-0.4-0.8-0.8v-4.6c0-0.4 0.4-0.8 0.8-0.8h0.2l0-1.6c0-0.9 0-1.8 0.1-2 0.1-0.6 0.6-1.2 1.1-1.7s1.1-0.7 1.9-0.8c1.8-0.3 3.7 0.7 4.2 2.2 0.1 0.3 0.1 0.7 0.1 2.1v0 1.7h0.1c0.4 0 0.8 0.4 0.8 0.8v4.6zM15.6 7.3c-0.5 0.1-0.8 0.3-1.2 0.6s-0.6 0.8-0.7 1.3c0 0.2 0 0.8 0 1.5l0 1.2h4.6v-1.3c0-1 0-1.4-0.1-1.6-0.3-1.1-1.5-1.9-2.6-1.7zM25.8 28.2c0 1.2-1 2.2-2.1 2.2s-2.1-1-2.1-2.1c0-1.2 1-2.1 2.2-2.1s2.2 1 2.2 2.2zM18.1 28.2c0 1.2-1 2.2-2.1 2.2s-2.1-1-2.1-2.1c0-1.2 1-2.1 2.2-2.1s2.2 1 2.2 2.2zM10.4 28.2c0 1.2-1 2.2-2.1 2.2s-2.1-1-2.1-2.1c0-1.2 1-2.1 2.2-2.1s2.2 1 2.2 2.2z\"\/><\/svg><\/span><span class=\"shariff-text\">teilen<\/span>&nbsp;<\/a><\/li><li class=\"shariff-button linkedin shariff-nocustomcolor\" style=\"background-color:#1488bf\"><a href=\"https:\/\/www.linkedin.com\/sharing\/share-offsite\/?url=https%3A%2F%2Fblogs.nmz.de%2Fbadblog%2F2021%2F02%2F25%2Fstandhaftigkeit-oder-aufstehen-offener-brief-an-aufstehen-fuer-die-kunst%2F\" title=\"Bei LinkedIn teilen\" aria-label=\"Bei LinkedIn teilen\" role=\"button\" rel=\"noopener nofollow\" class=\"shariff-link\" style=\"; background-color:#0077b5; color:#fff\" target=\"_blank\"><span class=\"shariff-icon\" style=\"\"><svg width=\"32px\" height=\"20px\" xmlns=\"http:\/\/www.w3.org\/2000\/svg\" viewBox=\"0 0 27 32\"><path fill=\"#0077b5\" d=\"M6.2 11.2v17.7h-5.9v-17.7h5.9zM6.6 5.7q0 1.3-0.9 2.2t-2.4 0.9h0q-1.5 0-2.4-0.9t-0.9-2.2 0.9-2.2 2.4-0.9 2.4 0.9 0.9 2.2zM27.4 18.7v10.1h-5.9v-9.5q0-1.9-0.7-2.9t-2.3-1.1q-1.1 0-1.9 0.6t-1.2 1.5q-0.2 0.5-0.2 1.4v9.9h-5.9q0-7.1 0-11.6t0-5.3l0-0.9h5.9v2.6h0q0.4-0.6 0.7-1t1-0.9 1.6-0.8 2-0.3q3 0 4.9 2t1.9 6z\"\/><\/svg><\/span><span class=\"shariff-text\">teilen<\/span>&nbsp;<\/a><\/li><li class=\"shariff-button info shariff-nocustomcolor\" style=\"background-color:#eee\"><a href=\"http:\/\/ct.de\/-2467514\" title=\"Weitere Informationen\" aria-label=\"Weitere Informationen\" role=\"button\" rel=\"noopener \" class=\"shariff-link\" style=\"; background-color:#fff; color:#fff\" target=\"_blank\"><span class=\"shariff-icon\" style=\"\"><svg width=\"32px\" height=\"20px\" xmlns=\"http:\/\/www.w3.org\/2000\/svg\" viewBox=\"0 0 11 32\"><path fill=\"#999\" d=\"M11.4 24v2.3q0 0.5-0.3 0.8t-0.8 0.4h-9.1q-0.5 0-0.8-0.4t-0.4-0.8v-2.3q0-0.5 0.4-0.8t0.8-0.4h1.1v-6.8h-1.1q-0.5 0-0.8-0.4t-0.4-0.8v-2.3q0-0.5 0.4-0.8t0.8-0.4h6.8q0.5 0 0.8 0.4t0.4 0.8v10.3h1.1q0.5 0 0.8 0.4t0.3 0.8zM9.2 3.4v3.4q0 0.5-0.4 0.8t-0.8 0.4h-4.6q-0.4 0-0.8-0.4t-0.4-0.8v-3.4q0-0.4 0.4-0.8t0.8-0.4h4.6q0.5 0 0.8 0.4t0.4 0.8z\"\/><\/svg><\/span><\/a><\/li><\/ul><\/div>","protected":false},"author":8,"featured_media":23843,"comment_status":"open","ping_status":"open","sticky":false,"template":"","format":"standard","meta":{"jetpack_post_was_ever_published":false,"_jetpack_newsletter_access":"","_jetpack_dont_email_post_to_subs":false,"_jetpack_newsletter_tier_id":0,"_jetpack_memberships_contains_paywalled_content":false,"_jetpack_memberships_contains_paid_content":false,"footnotes":""},"categories":[11372,385,266,14294,14853],"tags":[8746,23844,8173,23679,23904,23403,23903,23560,23842,23897,23901,23650,23899,23902,23898,23900,23850,23843],"class_list":["post-23842","post","type-post","status-publish","format-standard","has-post-thumbnail","hentry","category-featured","category-kultur","category-kulturpolitik","category-musick","category-radiomedien","tag-alfred-brendel","tag-aufstehen-fuer-die-kunst","tag-bayerische-akademie-der-schonen-kunste","tag-bhakdi","tag-brot-backen-fuer-die-kunst","tag-christian-gerhaher","tag-coona","tag-covid-19","tag-hansjoerg-albrecht","tag-hinsetzen-fuer-die-kunst","tag-kevin-conners","tag-pandemie","tag-pinkeln-fuer-die-kunst","tag-senta-berger","tag-sitzenbleiben-fuer-die-kunst","tag-stullen-essen-fuer-die-kunst","tag-winfried-nerdinger","tag-wolfgang-ablinger-sperrhacke"],"yoast_head":"<!-- This site is optimized with the Yoast SEO plugin v27.4 - https:\/\/yoast.com\/product\/yoast-seo-wordpress\/ -->\n<title>Standhaftigkeit oder &quot;Aufstehen&quot;? Offener Brief an &quot;Aufstehen f\u00fcr die Kunst&quot; &#8211; Bad Blog Of Musick - nmz Klassik-Blog<\/title>\n<meta name=\"description\" content=\"Bad Blog Of Musick \u2013 Ein Klassik-Blog und das wahrscheinlich bedeutendste Musik-Blog zur zeitgen\u00f6ssischen und klassischen Musikkultur\" \/>\n<meta name=\"robots\" content=\"index, follow, max-snippet:-1, max-image-preview:large, max-video-preview:-1\" \/>\n<link rel=\"canonical\" href=\"https:\/\/blogs.nmz.de\/badblog\/2021\/02\/25\/standhaftigkeit-oder-aufstehen-offener-brief-an-aufstehen-fuer-die-kunst\/\" \/>\n<meta property=\"og:locale\" content=\"de_DE\" \/>\n<meta property=\"og:type\" content=\"article\" \/>\n<meta property=\"og:title\" content=\"Standhaftigkeit oder &quot;Aufstehen&quot;? Offener Brief an &quot;Aufstehen f\u00fcr die Kunst&quot; &#8211; Bad Blog Of Musick - nmz Klassik-Blog\" \/>\n<meta property=\"og:description\" content=\"Bad Blog Of Musick \u2013 Ein Klassik-Blog und das wahrscheinlich bedeutendste Musik-Blog zur zeitgen\u00f6ssischen und klassischen Musikkultur\" \/>\n<meta property=\"og:url\" content=\"https:\/\/blogs.nmz.de\/badblog\/2021\/02\/25\/standhaftigkeit-oder-aufstehen-offener-brief-an-aufstehen-fuer-die-kunst\/\" \/>\n<meta property=\"og:site_name\" content=\"Bad Blog Of Musick\" \/>\n<meta property=\"article:publisher\" content=\"https:\/\/www.facebook.com\/musikzeitung\" \/>\n<meta property=\"article:author\" content=\"moritz.eggert.79\" \/>\n<meta property=\"article:published_time\" content=\"2021-02-25T11:40:00+00:00\" \/>\n<meta property=\"article:modified_time\" content=\"2021-03-03T15:36:07+00:00\" \/>\n<meta property=\"og:image\" content=\"https:\/\/blogs.nmz.de\/badblog\/files\/2021\/02\/IMG_3714-scaled.jpg\" \/>\n\t<meta property=\"og:image:width\" content=\"1920\" \/>\n\t<meta property=\"og:image:height\" content=\"2560\" \/>\n\t<meta property=\"og:image:type\" content=\"image\/jpeg\" \/>\n<meta name=\"author\" content=\"Moritz Eggert\" \/>\n<meta name=\"twitter:card\" content=\"summary_large_image\" \/>\n<meta name=\"twitter:creator\" content=\"@MoritzEggert\" \/>\n<meta name=\"twitter:site\" content=\"@musikzeitung\" \/>\n<meta name=\"twitter:label1\" content=\"Verfasst von\" \/>\n\t<meta name=\"twitter:data1\" content=\"Moritz Eggert\" \/>\n\t<meta name=\"twitter:label2\" content=\"Gesch\u00e4tzte Lesezeit\" \/>\n\t<meta name=\"twitter:data2\" content=\"11\u00a0Minuten\" \/>\n<script type=\"application\/ld+json\" class=\"yoast-schema-graph\">{\"@context\":\"https:\\\/\\\/schema.org\",\"@graph\":[{\"@type\":\"Article\",\"@id\":\"https:\\\/\\\/blogs.nmz.de\\\/badblog\\\/2021\\\/02\\\/25\\\/standhaftigkeit-oder-aufstehen-offener-brief-an-aufstehen-fuer-die-kunst\\\/#article\",\"isPartOf\":{\"@id\":\"https:\\\/\\\/blogs.nmz.de\\\/badblog\\\/2021\\\/02\\\/25\\\/standhaftigkeit-oder-aufstehen-offener-brief-an-aufstehen-fuer-die-kunst\\\/\"},\"author\":{\"name\":\"Moritz Eggert\",\"@id\":\"https:\\\/\\\/blogs.nmz.de\\\/badblog\\\/#\\\/schema\\\/person\\\/ce88a756dea34f64ceab78df990e3dd4\"},\"headline\":\"Standhaftigkeit oder &#8222;Aufstehen&#8220;? Offener Brief an &#8222;Aufstehen f&#252;r die Kunst&#8220;\",\"datePublished\":\"2021-02-25T11:40:00+00:00\",\"dateModified\":\"2021-03-03T15:36:07+00:00\",\"mainEntityOfPage\":{\"@id\":\"https:\\\/\\\/blogs.nmz.de\\\/badblog\\\/2021\\\/02\\\/25\\\/standhaftigkeit-oder-aufstehen-offener-brief-an-aufstehen-fuer-die-kunst\\\/\"},\"wordCount\":2515,\"commentCount\":8,\"publisher\":{\"@id\":\"https:\\\/\\\/blogs.nmz.de\\\/badblog\\\/#organization\"},\"image\":{\"@id\":\"https:\\\/\\\/blogs.nmz.de\\\/badblog\\\/2021\\\/02\\\/25\\\/standhaftigkeit-oder-aufstehen-offener-brief-an-aufstehen-fuer-die-kunst\\\/#primaryimage\"},\"thumbnailUrl\":\"https:\\\/\\\/i0.wp.com\\\/blogs.nmz.de\\\/badblog\\\/files\\\/2021\\\/02\\\/IMG_3714-scaled.jpg?fit=1920%2C2560&ssl=1\",\"keywords\":[\"Alfred Brendel\",\"Aufstehen f\u00fcr die Kunst\",\"Bayerische Akademie der Sch\u00f6nen K\u00fcnste\",\"Bhakdi\",\"Brot backen f\u00fcr die Kunst\",\"Christian Gerhaher\",\"Coona\",\"COVID-19\",\"Hansj\u00f6rg Albrecht\",\"Hinsetzen f\u00fcr die Kunst\",\"Kevin Conners\",\"Pandemie\",\"Pinkeln f\u00fcr die Kunst\",\"Senta Berger\",\"Sitzenbleiben f\u00fcr die Kunst\",\"Stullen Essen f\u00fcr die Kunst\",\"Winfried Nerdinger\",\"Wolfgang Ablinger-Sperrhacke\"],\"articleSection\":[\"Featured\",\"Kultur\",\"kulturpolitik\",\"Musick\",\"Radio\\\/Medien\"],\"inLanguage\":\"de\",\"potentialAction\":[{\"@type\":\"CommentAction\",\"name\":\"Comment\",\"target\":[\"https:\\\/\\\/blogs.nmz.de\\\/badblog\\\/2021\\\/02\\\/25\\\/standhaftigkeit-oder-aufstehen-offener-brief-an-aufstehen-fuer-die-kunst\\\/#respond\"]}]},{\"@type\":\"WebPage\",\"@id\":\"https:\\\/\\\/blogs.nmz.de\\\/badblog\\\/2021\\\/02\\\/25\\\/standhaftigkeit-oder-aufstehen-offener-brief-an-aufstehen-fuer-die-kunst\\\/\",\"url\":\"https:\\\/\\\/blogs.nmz.de\\\/badblog\\\/2021\\\/02\\\/25\\\/standhaftigkeit-oder-aufstehen-offener-brief-an-aufstehen-fuer-die-kunst\\\/\",\"name\":\"Standhaftigkeit oder \\\"Aufstehen\\\"? Offener Brief an \\\"Aufstehen f\u00fcr die Kunst\\\" &#8211; Bad Blog Of Musick - nmz Klassik-Blog\",\"isPartOf\":{\"@id\":\"https:\\\/\\\/blogs.nmz.de\\\/badblog\\\/#website\"},\"primaryImageOfPage\":{\"@id\":\"https:\\\/\\\/blogs.nmz.de\\\/badblog\\\/2021\\\/02\\\/25\\\/standhaftigkeit-oder-aufstehen-offener-brief-an-aufstehen-fuer-die-kunst\\\/#primaryimage\"},\"image\":{\"@id\":\"https:\\\/\\\/blogs.nmz.de\\\/badblog\\\/2021\\\/02\\\/25\\\/standhaftigkeit-oder-aufstehen-offener-brief-an-aufstehen-fuer-die-kunst\\\/#primaryimage\"},\"thumbnailUrl\":\"https:\\\/\\\/i0.wp.com\\\/blogs.nmz.de\\\/badblog\\\/files\\\/2021\\\/02\\\/IMG_3714-scaled.jpg?fit=1920%2C2560&ssl=1\",\"datePublished\":\"2021-02-25T11:40:00+00:00\",\"dateModified\":\"2021-03-03T15:36:07+00:00\",\"description\":\"Bad Blog Of Musick \u2013 Ein Klassik-Blog und das wahrscheinlich bedeutendste Musik-Blog zur zeitgen\u00f6ssischen und klassischen Musikkultur\",\"breadcrumb\":{\"@id\":\"https:\\\/\\\/blogs.nmz.de\\\/badblog\\\/2021\\\/02\\\/25\\\/standhaftigkeit-oder-aufstehen-offener-brief-an-aufstehen-fuer-die-kunst\\\/#breadcrumb\"},\"inLanguage\":\"de\",\"potentialAction\":[{\"@type\":\"ReadAction\",\"target\":[\"https:\\\/\\\/blogs.nmz.de\\\/badblog\\\/2021\\\/02\\\/25\\\/standhaftigkeit-oder-aufstehen-offener-brief-an-aufstehen-fuer-die-kunst\\\/\"]}]},{\"@type\":\"ImageObject\",\"inLanguage\":\"de\",\"@id\":\"https:\\\/\\\/blogs.nmz.de\\\/badblog\\\/2021\\\/02\\\/25\\\/standhaftigkeit-oder-aufstehen-offener-brief-an-aufstehen-fuer-die-kunst\\\/#primaryimage\",\"url\":\"https:\\\/\\\/i0.wp.com\\\/blogs.nmz.de\\\/badblog\\\/files\\\/2021\\\/02\\\/IMG_3714-scaled.jpg?fit=1920%2C2560&ssl=1\",\"contentUrl\":\"https:\\\/\\\/i0.wp.com\\\/blogs.nmz.de\\\/badblog\\\/files\\\/2021\\\/02\\\/IMG_3714-scaled.jpg?fit=1920%2C2560&ssl=1\",\"width\":1920,\"height\":2560,\"caption\":\"Was erst los sein wird, wenn die Friseursalons wieder \u00f6ffnen,(dringend ben\u00f6tigt, siehe Bild), Christian Gerhaher aber immer noch nicht in der Staatsoper singen darf?\"},{\"@type\":\"BreadcrumbList\",\"@id\":\"https:\\\/\\\/blogs.nmz.de\\\/badblog\\\/2021\\\/02\\\/25\\\/standhaftigkeit-oder-aufstehen-offener-brief-an-aufstehen-fuer-die-kunst\\\/#breadcrumb\",\"itemListElement\":[{\"@type\":\"ListItem\",\"position\":1,\"name\":\"Startseite\",\"item\":\"https:\\\/\\\/blogs.nmz.de\\\/badblog\\\/\"},{\"@type\":\"ListItem\",\"position\":2,\"name\":\"Standhaftigkeit oder &#8222;Aufstehen&#8220;? Offener Brief an &#8222;Aufstehen f&#252;r die Kunst&#8220;\"}]},{\"@type\":\"WebSite\",\"@id\":\"https:\\\/\\\/blogs.nmz.de\\\/badblog\\\/#website\",\"url\":\"https:\\\/\\\/blogs.nmz.de\\\/badblog\\\/\",\"name\":\"Bad Blog Of Musick\",\"description\":\"Das bedeutendste Blog zur zeitgen\u00f6ssischen Musikkultur\",\"publisher\":{\"@id\":\"https:\\\/\\\/blogs.nmz.de\\\/badblog\\\/#organization\"},\"potentialAction\":[{\"@type\":\"SearchAction\",\"target\":{\"@type\":\"EntryPoint\",\"urlTemplate\":\"https:\\\/\\\/blogs.nmz.de\\\/badblog\\\/?s={search_term_string}\"},\"query-input\":{\"@type\":\"PropertyValueSpecification\",\"valueRequired\":true,\"valueName\":\"search_term_string\"}}],\"inLanguage\":\"de\"},{\"@type\":\"Organization\",\"@id\":\"https:\\\/\\\/blogs.nmz.de\\\/badblog\\\/#organization\",\"name\":\"neue musikzeitung | Bad Blog Of Musick\",\"url\":\"https:\\\/\\\/blogs.nmz.de\\\/badblog\\\/\",\"logo\":{\"@type\":\"ImageObject\",\"inLanguage\":\"de\",\"@id\":\"https:\\\/\\\/blogs.nmz.de\\\/badblog\\\/#\\\/schema\\\/logo\\\/image\\\/\",\"url\":\"https:\\\/\\\/i0.wp.com\\\/blogs.nmz.de\\\/badblog\\\/files\\\/2016\\\/10\\\/badblog-logo1.png?fit=512%2C512&ssl=1\",\"contentUrl\":\"https:\\\/\\\/i0.wp.com\\\/blogs.nmz.de\\\/badblog\\\/files\\\/2016\\\/10\\\/badblog-logo1.png?fit=512%2C512&ssl=1\",\"width\":512,\"height\":512,\"caption\":\"neue musikzeitung | Bad Blog Of Musick\"},\"image\":{\"@id\":\"https:\\\/\\\/blogs.nmz.de\\\/badblog\\\/#\\\/schema\\\/logo\\\/image\\\/\"},\"sameAs\":[\"https:\\\/\\\/www.facebook.com\\\/musikzeitung\",\"https:\\\/\\\/x.com\\\/musikzeitung\"]},{\"@type\":\"Person\",\"@id\":\"https:\\\/\\\/blogs.nmz.de\\\/badblog\\\/#\\\/schema\\\/person\\\/ce88a756dea34f64ceab78df990e3dd4\",\"name\":\"Moritz Eggert\",\"description\":\"Komponist\",\"sameAs\":[\"http:\\\/\\\/www.moritz-eggert.de\",\"moritz.eggert.79\",\"https:\\\/\\\/x.com\\\/MoritzEggert\"],\"url\":\"https:\\\/\\\/blogs.nmz.de\\\/badblog\\\/author\\\/moritzeggert\\\/\"}]}<\/script>\n<!-- \/ Yoast SEO plugin. -->","yoast_head_json":{"title":"Standhaftigkeit oder \"Aufstehen\"? Offener Brief an \"Aufstehen f\u00fcr die Kunst\" &#8211; Bad Blog Of Musick - nmz Klassik-Blog","description":"Bad Blog Of Musick \u2013 Ein Klassik-Blog und das wahrscheinlich bedeutendste Musik-Blog zur zeitgen\u00f6ssischen und klassischen Musikkultur","robots":{"index":"index","follow":"follow","max-snippet":"max-snippet:-1","max-image-preview":"max-image-preview:large","max-video-preview":"max-video-preview:-1"},"canonical":"https:\/\/blogs.nmz.de\/badblog\/2021\/02\/25\/standhaftigkeit-oder-aufstehen-offener-brief-an-aufstehen-fuer-die-kunst\/","og_locale":"de_DE","og_type":"article","og_title":"Standhaftigkeit oder \"Aufstehen\"? Offener Brief an \"Aufstehen f\u00fcr die Kunst\" &#8211; Bad Blog Of Musick - nmz Klassik-Blog","og_description":"Bad Blog Of Musick \u2013 Ein Klassik-Blog und das wahrscheinlich bedeutendste Musik-Blog zur zeitgen\u00f6ssischen und klassischen Musikkultur","og_url":"https:\/\/blogs.nmz.de\/badblog\/2021\/02\/25\/standhaftigkeit-oder-aufstehen-offener-brief-an-aufstehen-fuer-die-kunst\/","og_site_name":"Bad Blog Of Musick","article_publisher":"https:\/\/www.facebook.com\/musikzeitung","article_author":"moritz.eggert.79","article_published_time":"2021-02-25T11:40:00+00:00","article_modified_time":"2021-03-03T15:36:07+00:00","og_image":[{"width":1920,"height":2560,"url":"https:\/\/blogs.nmz.de\/badblog\/files\/2021\/02\/IMG_3714-scaled.jpg","type":"image\/jpeg"}],"author":"Moritz Eggert","twitter_card":"summary_large_image","twitter_creator":"@MoritzEggert","twitter_site":"@musikzeitung","twitter_misc":{"Verfasst von":"Moritz Eggert","Gesch\u00e4tzte Lesezeit":"11\u00a0Minuten"},"schema":{"@context":"https:\/\/schema.org","@graph":[{"@type":"Article","@id":"https:\/\/blogs.nmz.de\/badblog\/2021\/02\/25\/standhaftigkeit-oder-aufstehen-offener-brief-an-aufstehen-fuer-die-kunst\/#article","isPartOf":{"@id":"https:\/\/blogs.nmz.de\/badblog\/2021\/02\/25\/standhaftigkeit-oder-aufstehen-offener-brief-an-aufstehen-fuer-die-kunst\/"},"author":{"name":"Moritz Eggert","@id":"https:\/\/blogs.nmz.de\/badblog\/#\/schema\/person\/ce88a756dea34f64ceab78df990e3dd4"},"headline":"Standhaftigkeit oder &#8222;Aufstehen&#8220;? Offener Brief an &#8222;Aufstehen f&#252;r die Kunst&#8220;","datePublished":"2021-02-25T11:40:00+00:00","dateModified":"2021-03-03T15:36:07+00:00","mainEntityOfPage":{"@id":"https:\/\/blogs.nmz.de\/badblog\/2021\/02\/25\/standhaftigkeit-oder-aufstehen-offener-brief-an-aufstehen-fuer-die-kunst\/"},"wordCount":2515,"commentCount":8,"publisher":{"@id":"https:\/\/blogs.nmz.de\/badblog\/#organization"},"image":{"@id":"https:\/\/blogs.nmz.de\/badblog\/2021\/02\/25\/standhaftigkeit-oder-aufstehen-offener-brief-an-aufstehen-fuer-die-kunst\/#primaryimage"},"thumbnailUrl":"https:\/\/i0.wp.com\/blogs.nmz.de\/badblog\/files\/2021\/02\/IMG_3714-scaled.jpg?fit=1920%2C2560&ssl=1","keywords":["Alfred Brendel","Aufstehen f\u00fcr die Kunst","Bayerische Akademie der Sch\u00f6nen K\u00fcnste","Bhakdi","Brot backen f\u00fcr die Kunst","Christian Gerhaher","Coona","COVID-19","Hansj\u00f6rg Albrecht","Hinsetzen f\u00fcr die Kunst","Kevin Conners","Pandemie","Pinkeln f\u00fcr die Kunst","Senta Berger","Sitzenbleiben f\u00fcr die Kunst","Stullen Essen f\u00fcr die Kunst","Winfried Nerdinger","Wolfgang Ablinger-Sperrhacke"],"articleSection":["Featured","Kultur","kulturpolitik","Musick","Radio\/Medien"],"inLanguage":"de","potentialAction":[{"@type":"CommentAction","name":"Comment","target":["https:\/\/blogs.nmz.de\/badblog\/2021\/02\/25\/standhaftigkeit-oder-aufstehen-offener-brief-an-aufstehen-fuer-die-kunst\/#respond"]}]},{"@type":"WebPage","@id":"https:\/\/blogs.nmz.de\/badblog\/2021\/02\/25\/standhaftigkeit-oder-aufstehen-offener-brief-an-aufstehen-fuer-die-kunst\/","url":"https:\/\/blogs.nmz.de\/badblog\/2021\/02\/25\/standhaftigkeit-oder-aufstehen-offener-brief-an-aufstehen-fuer-die-kunst\/","name":"Standhaftigkeit oder \"Aufstehen\"? Offener Brief an \"Aufstehen f\u00fcr die Kunst\" &#8211; Bad Blog Of Musick - nmz Klassik-Blog","isPartOf":{"@id":"https:\/\/blogs.nmz.de\/badblog\/#website"},"primaryImageOfPage":{"@id":"https:\/\/blogs.nmz.de\/badblog\/2021\/02\/25\/standhaftigkeit-oder-aufstehen-offener-brief-an-aufstehen-fuer-die-kunst\/#primaryimage"},"image":{"@id":"https:\/\/blogs.nmz.de\/badblog\/2021\/02\/25\/standhaftigkeit-oder-aufstehen-offener-brief-an-aufstehen-fuer-die-kunst\/#primaryimage"},"thumbnailUrl":"https:\/\/i0.wp.com\/blogs.nmz.de\/badblog\/files\/2021\/02\/IMG_3714-scaled.jpg?fit=1920%2C2560&ssl=1","datePublished":"2021-02-25T11:40:00+00:00","dateModified":"2021-03-03T15:36:07+00:00","description":"Bad Blog Of Musick \u2013 Ein Klassik-Blog und das wahrscheinlich bedeutendste Musik-Blog zur zeitgen\u00f6ssischen und klassischen Musikkultur","breadcrumb":{"@id":"https:\/\/blogs.nmz.de\/badblog\/2021\/02\/25\/standhaftigkeit-oder-aufstehen-offener-brief-an-aufstehen-fuer-die-kunst\/#breadcrumb"},"inLanguage":"de","potentialAction":[{"@type":"ReadAction","target":["https:\/\/blogs.nmz.de\/badblog\/2021\/02\/25\/standhaftigkeit-oder-aufstehen-offener-brief-an-aufstehen-fuer-die-kunst\/"]}]},{"@type":"ImageObject","inLanguage":"de","@id":"https:\/\/blogs.nmz.de\/badblog\/2021\/02\/25\/standhaftigkeit-oder-aufstehen-offener-brief-an-aufstehen-fuer-die-kunst\/#primaryimage","url":"https:\/\/i0.wp.com\/blogs.nmz.de\/badblog\/files\/2021\/02\/IMG_3714-scaled.jpg?fit=1920%2C2560&ssl=1","contentUrl":"https:\/\/i0.wp.com\/blogs.nmz.de\/badblog\/files\/2021\/02\/IMG_3714-scaled.jpg?fit=1920%2C2560&ssl=1","width":1920,"height":2560,"caption":"Was erst los sein wird, wenn die Friseursalons wieder \u00f6ffnen,(dringend ben\u00f6tigt, siehe Bild), Christian Gerhaher aber immer noch nicht in der Staatsoper singen darf?"},{"@type":"BreadcrumbList","@id":"https:\/\/blogs.nmz.de\/badblog\/2021\/02\/25\/standhaftigkeit-oder-aufstehen-offener-brief-an-aufstehen-fuer-die-kunst\/#breadcrumb","itemListElement":[{"@type":"ListItem","position":1,"name":"Startseite","item":"https:\/\/blogs.nmz.de\/badblog\/"},{"@type":"ListItem","position":2,"name":"Standhaftigkeit oder &#8222;Aufstehen&#8220;? Offener Brief an &#8222;Aufstehen f&#252;r die Kunst&#8220;"}]},{"@type":"WebSite","@id":"https:\/\/blogs.nmz.de\/badblog\/#website","url":"https:\/\/blogs.nmz.de\/badblog\/","name":"Bad Blog Of Musick","description":"Das bedeutendste Blog zur zeitgen\u00f6ssischen Musikkultur","publisher":{"@id":"https:\/\/blogs.nmz.de\/badblog\/#organization"},"potentialAction":[{"@type":"SearchAction","target":{"@type":"EntryPoint","urlTemplate":"https:\/\/blogs.nmz.de\/badblog\/?s={search_term_string}"},"query-input":{"@type":"PropertyValueSpecification","valueRequired":true,"valueName":"search_term_string"}}],"inLanguage":"de"},{"@type":"Organization","@id":"https:\/\/blogs.nmz.de\/badblog\/#organization","name":"neue musikzeitung | Bad Blog Of Musick","url":"https:\/\/blogs.nmz.de\/badblog\/","logo":{"@type":"ImageObject","inLanguage":"de","@id":"https:\/\/blogs.nmz.de\/badblog\/#\/schema\/logo\/image\/","url":"https:\/\/i0.wp.com\/blogs.nmz.de\/badblog\/files\/2016\/10\/badblog-logo1.png?fit=512%2C512&ssl=1","contentUrl":"https:\/\/i0.wp.com\/blogs.nmz.de\/badblog\/files\/2016\/10\/badblog-logo1.png?fit=512%2C512&ssl=1","width":512,"height":512,"caption":"neue musikzeitung | Bad Blog Of Musick"},"image":{"@id":"https:\/\/blogs.nmz.de\/badblog\/#\/schema\/logo\/image\/"},"sameAs":["https:\/\/www.facebook.com\/musikzeitung","https:\/\/x.com\/musikzeitung"]},{"@type":"Person","@id":"https:\/\/blogs.nmz.de\/badblog\/#\/schema\/person\/ce88a756dea34f64ceab78df990e3dd4","name":"Moritz Eggert","description":"Komponist","sameAs":["http:\/\/www.moritz-eggert.de","moritz.eggert.79","https:\/\/x.com\/MoritzEggert"],"url":"https:\/\/blogs.nmz.de\/badblog\/author\/moritzeggert\/"}]}},"wp-worthy-pixel":{"ignored":false,"public":"aea2d51b7c84425287d9eb11c6e2c6aa","server":"vg05.met.vgwort.de","url":"https:\/\/vg05.met.vgwort.de\/na\/aea2d51b7c84425287d9eb11c6e2c6aa"},"wp-worthy-type":"normal","jetpack_featured_media_url":"https:\/\/i0.wp.com\/blogs.nmz.de\/badblog\/files\/2021\/02\/IMG_3714-scaled.jpg?fit=1920%2C2560&ssl=1","jetpack-related-posts":[],"jetpack_sharing_enabled":true,"_links":{"self":[{"href":"https:\/\/blogs.nmz.de\/badblog\/wp-json\/wp\/v2\/posts\/23842","targetHints":{"allow":["GET"]}}],"collection":[{"href":"https:\/\/blogs.nmz.de\/badblog\/wp-json\/wp\/v2\/posts"}],"about":[{"href":"https:\/\/blogs.nmz.de\/badblog\/wp-json\/wp\/v2\/types\/post"}],"author":[{"embeddable":true,"href":"https:\/\/blogs.nmz.de\/badblog\/wp-json\/wp\/v2\/users\/8"}],"replies":[{"embeddable":true,"href":"https:\/\/blogs.nmz.de\/badblog\/wp-json\/wp\/v2\/comments?post=23842"}],"version-history":[{"count":7,"href":"https:\/\/blogs.nmz.de\/badblog\/wp-json\/wp\/v2\/posts\/23842\/revisions"}],"predecessor-version":[{"id":23880,"href":"https:\/\/blogs.nmz.de\/badblog\/wp-json\/wp\/v2\/posts\/23842\/revisions\/23880"}],"wp:featuredmedia":[{"embeddable":true,"href":"https:\/\/blogs.nmz.de\/badblog\/wp-json\/wp\/v2\/media\/23843"}],"wp:attachment":[{"href":"https:\/\/blogs.nmz.de\/badblog\/wp-json\/wp\/v2\/media?parent=23842"}],"wp:term":[{"taxonomy":"category","embeddable":true,"href":"https:\/\/blogs.nmz.de\/badblog\/wp-json\/wp\/v2\/categories?post=23842"},{"taxonomy":"post_tag","embeddable":true,"href":"https:\/\/blogs.nmz.de\/badblog\/wp-json\/wp\/v2\/tags?post=23842"}],"curies":[{"name":"wp","href":"https:\/\/api.w.org\/{rel}","templated":true}]}}