{"id":23777,"date":"2021-02-13T18:00:00","date_gmt":"2021-02-13T17:00:00","guid":{"rendered":"https:\/\/blogs.nmz.de\/badblog\/?p=23777"},"modified":"2021-02-08T13:04:16","modified_gmt":"2021-02-08T12:04:16","slug":"neue-musik-musikfeature-soundart-die-radiowoche-vom-15-02-bis-21-02-2021","status":"publish","type":"post","link":"https:\/\/blogs.nmz.de\/badblog\/2021\/02\/13\/neue-musik-musikfeature-soundart-die-radiowoche-vom-15-02-bis-21-02-2021\/","title":{"rendered":"Neue Musik \/ Musikfeature \/ SoundArt: Die Radiowoche vom 15.02. bis 21.02.2021"},"content":{"rendered":"<p>Neue Musik und Musikfeatures in der Kalenderwoche 7. Besonders zu empfehlen: Donnerstag, 18.2.2021 \u2013 <strong>21:30 bis 22:30 | hr2-kultur \u2013 Neue Musik | Ring und Rage: Der Komponist Philippe Manoury vorgestellt von Patrick Hahn<\/strong><\/p>\n<p>Alle bekannten Stream-, Web- und RSS-Adressen deutscher Sender finden sich <a href=\"https:\/\/stefanhetzel.wordpress.com\/kunstmusikoeffentlich-rechtlicher-rundfunk\/\">bei Stefan Hetzel<\/a>.<\/p>\n<ul>\n<li><a href=\"https:\/\/service.conbrio.de\/service\/download\/155\/\">Download dieser &#220;bersicht als PDF<\/a>.<\/li>\n<li><a href=\"https:\/\/www.irenekurka.de\/podcast\/podcast.html\">nmz-Podcastpartnerin Irene Kurka<\/a><\/li>\n<li>Alle Angaben ohne Gew&#228;hr. &#196;nderungen vorbehalten.<\/li>\n<\/ul>\n<hr \/>\n<h2>nmz-Podcastpartnerin Irene Kurka ::: neue musik leben<\/h2>\n\t\t\t<style type=\"text\/css\"><\/style>\n\t\t\t<div id=\"pp-podcast-8338\" class=\"pp-podcast has-header header-hidden has-featured playerview media-audio\"  data-teaser=\"\" data-elength=\"25\" data-eunit=\"\" data-ppsdata=\"{&quot;ppe-8338-1&quot;:{&quot;title&quot;:&quot;257 &#8211; Eva Z\\u00f6llner interviews Cara Stacey about contemporary music in South Africa&quot;,&quot;description&quot;:&quot;&lt;p&gt;composer and performer (in English)&lt;\\\/p&gt;\\n&lt;p&gt;Videos of the 8 new South African accordion pieces that were premiered by Eva Z\\u00f6llner during Sterkfontein Composers Meeting 2024 &lt;\\\/p&gt;\\n&lt;p&gt;https:\\\/\\\/youtube.com\\\/playlist?list=PL4KU0BHw3d-CP21BPt7VNNmqzJR18GXQe&amp;si=xvVVMCbK48oF1tvV&lt;\\\/p&gt;\\n&lt;p&gt;Her residency was kindly supported by Nirox Foundation, the Goethe Institute and the Ministry for Education, Science, Youth and Culture (Rheinland-Pfalz)&lt;\\\/p&gt;\\n&lt;p&gt;www.carastacey.com\\\/&lt;\\\/p&gt;\\n&lt;p&gt;www.eva-zoellner.de &lt;\\\/p&gt;\\n&lt;p&gt;Sterkfontein Composers Meeting: &lt;\\\/p&gt;\\n&lt;p&gt;https:\\\/\\\/sterkfonteincomposersmeeting.weebly.com\\\/&lt;\\\/p&gt;\\n&lt;p&gt;Clare Loveday: https:\\\/\\\/clareloveday.co.za\\\/&lt;\\\/p&gt;\\n&lt;p&gt;Neo Muyanga: &lt;\\\/p&gt;\\n&lt;p&gt;https:\\\/\\\/www.neosong.net\\\/&lt;\\\/p&gt;\\n&lt;p&gt;Njabulo Phungula: &lt;\\\/p&gt;\\n&lt;p&gt;https:\\\/\\\/www.njabulophungula.com\\\/&lt;\\\/p&gt;\\n&lt;p&gt;Galina Juritz: &lt;\\\/p&gt;\\n&lt;p&gt;https:\\\/\\\/www.galinajuritz.com\\\/&lt;\\\/p&gt;\\n&lt;p&gt;Matthijs van Dijk: &lt;\\\/p&gt;\\n&lt;p&gt;https:\\\/\\\/mattvandijk.com\\\/&lt;\\\/p&gt;\\n&lt;p&gt;Andile Khumalo: &lt;\\\/p&gt;\\n&lt;p&gt;https:\\\/\\\/www.newfocusrecordings.com\\\/catalogue\\\/andile-khumalo-tracing-hollow-traces\\\/&lt;\\\/p&gt;\\n&lt;p&gt;Bongani Ndodana-Breen: &lt;\\\/p&gt;\\n&lt;p&gt;https:\\\/\\\/www.ndodanabreen.com\\\/&lt;\\\/p&gt;\\n&lt;p&gt;Arthur Feder: &lt;\\\/p&gt;\\n&lt;p&gt;https:\\\/\\\/www.instagram.com\\\/arthurfeder\\\/&lt;\\\/p&gt;\\n&lt;p&gt;Lise Morrison: &lt;\\\/p&gt;\\n&lt;p&gt;https:\\\/\\\/lisemorrison.com\\\/&lt;br \\\/&gt;\\nAmy Crankshaw: &lt;\\\/p&gt;\\n&lt;p&gt;https:\\\/\\\/www.amycrankshaw.com\\\/&lt;\\\/p&gt;\\n&lt;p&gt;Michael Blake: &lt;\\\/p&gt;\\n&lt;p&gt;https:\\\/\\\/aoinstitute.ac.za\\\/project\\\/michael-blake\\\/&lt;\\\/p&gt;\\n&lt;p&gt;NewMusicSA: &lt;\\\/p&gt;\\n&lt;p&gt;https:\\\/\\\/www.newmusicsa.org.za\\\/&lt;\\\/p&gt;\\n&lt;p&gt;South African Composers Archive new album (just out): &lt;\\\/p&gt;\\n&lt;p&gt;https:\\\/\\\/thesouthafricancomposersarchive.bandcamp.com\\\/album\\\/for-the-duration-of-this-cloud&lt;\\\/p&gt;\\n&lt;p&gt;South African Composers Archive podcast (hosted and produced by Matthijs van Dijk): &lt;\\\/p&gt;\\n&lt;p&gt;https:\\\/\\\/soundcloud.com\\\/user-368144305&lt;\\\/p&gt;\\n&lt;p&gt;Kukutana Ensemble project: &lt;\\\/p&gt;\\n&lt;p&gt;https:\\\/\\\/www.kukutana.co.za\\\/&lt;\\\/p&gt;\\n&lt;hr \\\/&gt;\\n&lt;p&gt;www.irenekurka.de&lt;\\\/p&gt;\\n&lt;p&gt;Support and follow me on patreon:&lt;\\\/p&gt;\\n&lt;p&gt;https:\\\/\\\/www.patreon.com\\\/c\\\/user\\\/shop?u=112648747&lt;\\\/p&gt;\\n&lt;p&gt;cooparting with nmw &#8211; Neue Musikzeitung&lt;\\\/p&gt;\\n&lt;p&gt;www.nmz.de&lt;\\\/p&gt;\\n&lt;p&gt;Kows Radio Summit &#8222;Live your music and live your live&#8220; with Irene Kurka:&lt;\\\/p&gt;\\n&lt;p&gt;https:\\\/\\\/kows92-5.org\\\/kows-shows\\\/show\\\/radio-summit\\\/&lt;\\\/p&gt;\\n&quot;,&quot;author&quot;:&quot;Kurka&quot;,&quot;date&quot;:&quot;13. Mai 2025&quot;,&quot;link&quot;:&quot;https:\\\/\\\/neuemusikleben.podigee.io\\\/258-neue-episode&quot;,&quot;src&quot;:&quot;https:\\\/\\\/audio.podigee-cdn.net\\\/1830304-m-9e3ea1d64c412885c83c2d71ff52ea09.mp3?source=feed&quot;,&quot;featured&quot;:&quot;https:\\\/\\\/i0.wp.com\\\/blogs.nmz.de\\\/badblog\\\/files\\\/2025\\\/05\\\/8b6e14a9-2a6d-49d8-8c76-4b352bb38f60-scaled.jpg?fit=768%2C768&#038;ssl=1&quot;,&quot;featured_id&quot;:30157,&quot;mediatype&quot;:&quot;audio&quot;,&quot;season&quot;:0,&quot;categories&quot;:[],&quot;duration&quot;:&quot;45:54&quot;,&quot;episodetype&quot;:&quot;full&quot;,&quot;timestamp&quot;:1747110600,&quot;key&quot;:&quot;961e5e1ea194dcf34c954947b1394375&quot;,&quot;fset&quot;:&quot;https:\\\/\\\/i0.wp.com\\\/blogs.nmz.de\\\/badblog\\\/files\\\/2025\\\/05\\\/8b6e14a9-2a6d-49d8-8c76-4b352bb38f60-scaled.jpg?w=2560&amp;ssl=1 2560w, https:\\\/\\\/i0.wp.com\\\/blogs.nmz.de\\\/badblog\\\/files\\\/2025\\\/05\\\/8b6e14a9-2a6d-49d8-8c76-4b352bb38f60-scaled.jpg?resize=480%2C480&amp;ssl=1 480w, https:\\\/\\\/i0.wp.com\\\/blogs.nmz.de\\\/badblog\\\/files\\\/2025\\\/05\\\/8b6e14a9-2a6d-49d8-8c76-4b352bb38f60-scaled.jpg?resize=1024%2C1024&amp;ssl=1 1024w, https:\\\/\\\/i0.wp.com\\\/blogs.nmz.de\\\/badblog\\\/files\\\/2025\\\/05\\\/8b6e14a9-2a6d-49d8-8c76-4b352bb38f60-scaled.jpg?resize=150%2C150&amp;ssl=1 150w, https:\\\/\\\/i0.wp.com\\\/blogs.nmz.de\\\/badblog\\\/files\\\/2025\\\/05\\\/8b6e14a9-2a6d-49d8-8c76-4b352bb38f60-scaled.jpg?resize=768%2C768&amp;ssl=1 768w, https:\\\/\\\/i0.wp.com\\\/blogs.nmz.de\\\/badblog\\\/files\\\/2025\\\/05\\\/8b6e14a9-2a6d-49d8-8c76-4b352bb38f60-scaled.jpg?resize=1536%2C1536&amp;ssl=1 1536w, https:\\\/\\\/i0.wp.com\\\/blogs.nmz.de\\\/badblog\\\/files\\\/2025\\\/05\\\/8b6e14a9-2a6d-49d8-8c76-4b352bb38f60-scaled.jpg?resize=2048%2C2048&amp;ssl=1 2048w, https:\\\/\\\/i0.wp.com\\\/blogs.nmz.de\\\/badblog\\\/files\\\/2025\\\/05\\\/8b6e14a9-2a6d-49d8-8c76-4b352bb38f60-scaled.jpg?resize=70%2C70&amp;ssl=1 70w, https:\\\/\\\/i0.wp.com\\\/blogs.nmz.de\\\/badblog\\\/files\\\/2025\\\/05\\\/8b6e14a9-2a6d-49d8-8c76-4b352bb38f60-scaled.jpg?resize=80%2C80&amp;ssl=1 80w, https:\\\/\\\/i0.wp.com\\\/blogs.nmz.de\\\/badblog\\\/files\\\/2025\\\/05\\\/8b6e14a9-2a6d-49d8-8c76-4b352bb38f60-scaled.jpg?resize=320%2C320&amp;ssl=1 320w, https:\\\/\\\/i0.wp.com\\\/blogs.nmz.de\\\/badblog\\\/files\\\/2025\\\/05\\\/8b6e14a9-2a6d-49d8-8c76-4b352bb38f60-scaled.jpg?resize=1320%2C1320&amp;ssl=1 1320w&quot;,&quot;fratio&quot;:1},&quot;ppe-8338-2&quot;:{&quot;title&quot;:&quot;256 &#8211; Interview mit Daniel Posdziech&quot;,&quot;description&quot;:&quot;&lt;p&gt;Musiker und Chorp\\u00e4dagoge&lt;\\\/p&gt;\\n&lt;p&gt;Daniel Posdziech spricht \\u00fcber seien Arbeit mit jungen Stimmen, Ch\\u00f6ren, Improvisation und den Einsatz von neuer Musik. Er erforscht oder Zusammenh\\u00e4nge von Stimme, jungen Pers\\u00f6nlichkeiten und effektiven Chorproben und erz\\u00e4hlt auch von seiner Zeit beim Windsbacher Knabenchor. Einen Schwerpunkt seiner ist, wie Nachwuchsgewinnung f\\u00fcr Ch\\u00f6re funktioniert, was sich ver\\u00e4ndert hat und welche Faktoren zu beachten sind.&lt;\\\/p&gt;\\n&lt;p&gt;Sch\\u00f6nberg Text:&lt;\\\/p&gt;\\n&lt;p&gt;&lt;a href=\\&quot;https:\\\/\\\/mickindex.sakura.ne.jp\\\/schonberg\\\/schb_VzT_gm.html\\&quot;&gt;https:\\\/\\\/mickindex.sakura.ne.jp\\\/schonberg\\\/schb_VzT_gm.html&lt;\\\/a&gt;&lt;\\\/p&gt;\\n&lt;p&gt;&lt;a href=\\&quot;http:\\\/\\\/www.irenekurka.de\\&quot;&gt;www.irenekurka.de&lt;\\\/a&gt;&lt;\\\/p&gt;\\n&lt;p&gt;Support and follow me on patreon:&lt;\\\/p&gt;\\n&lt;p&gt;&lt;a href=\\&quot;https:\\\/\\\/www.patreon.com\\\/c\\\/user\\\/shop?u=112648747\\&quot;&gt;https:\\\/\\\/www.patreon.com\\\/c\\\/user\\\/shop?u=112648747&lt;\\\/a&gt;&lt;\\\/p&gt;\\n&lt;p&gt;cooparting with nmw &#8211; Neue Musikzeitung&lt;\\\/p&gt;\\n&lt;p&gt;&lt;a href=\\&quot;http:\\\/\\\/www.nmz.de\\&quot;&gt;www.nmz.de&lt;\\\/a&gt;&lt;\\\/p&gt;\\n&lt;p&gt;Kows Radio Summit &#8222;Live your music and live your live&#8220; with Irene Kurka:&lt;\\\/p&gt;\\n&lt;p&gt;&lt;a href=\\&quot;https:\\\/\\\/kows92-5.org\\\/kows-shows\\\/show\\\/radio-summit\\\/\\&quot;&gt;https:\\\/\\\/kows92-5.org\\\/kows-shows\\\/show\\\/radio-summit\\\/&lt;\\\/a&gt;&lt;\\\/p&gt;\\n&quot;,&quot;author&quot;:&quot;Kurka&quot;,&quot;date&quot;:&quot;29. April 2025&quot;,&quot;link&quot;:&quot;https:\\\/\\\/neuemusikleben.podigee.io\\\/254-neue-episode&quot;,&quot;src&quot;:&quot;https:\\\/\\\/audio.podigee-cdn.net\\\/1748880-m-b1160addb0c123c9aaba3345429ff64f.mp3?source=feed&quot;,&quot;featured&quot;:&quot;https:\\\/\\\/i0.wp.com\\\/blogs.nmz.de\\\/badblog\\\/files\\\/2025\\\/04\\\/54f96c1c-03d3-42fd-8eff-27deeab3ad1f-scaled.jpg?fit=768%2C768&#038;ssl=1&quot;,&quot;featured_id&quot;:30053,&quot;mediatype&quot;:&quot;audio&quot;,&quot;season&quot;:0,&quot;categories&quot;:[],&quot;duration&quot;:&quot;56:59&quot;,&quot;episodetype&quot;:&quot;full&quot;,&quot;timestamp&quot;:1745900700,&quot;key&quot;:&quot;3f82444d91ba47c903855c733bd22983&quot;,&quot;fset&quot;:&quot;https:\\\/\\\/i0.wp.com\\\/blogs.nmz.de\\\/badblog\\\/files\\\/2025\\\/04\\\/54f96c1c-03d3-42fd-8eff-27deeab3ad1f-scaled.jpg?w=2560&amp;ssl=1 2560w, https:\\\/\\\/i0.wp.com\\\/blogs.nmz.de\\\/badblog\\\/files\\\/2025\\\/04\\\/54f96c1c-03d3-42fd-8eff-27deeab3ad1f-scaled.jpg?resize=480%2C480&amp;ssl=1 480w, https:\\\/\\\/i0.wp.com\\\/blogs.nmz.de\\\/badblog\\\/files\\\/2025\\\/04\\\/54f96c1c-03d3-42fd-8eff-27deeab3ad1f-scaled.jpg?resize=1024%2C1024&amp;ssl=1 1024w, https:\\\/\\\/i0.wp.com\\\/blogs.nmz.de\\\/badblog\\\/files\\\/2025\\\/04\\\/54f96c1c-03d3-42fd-8eff-27deeab3ad1f-scaled.jpg?resize=150%2C150&amp;ssl=1 150w, https:\\\/\\\/i0.wp.com\\\/blogs.nmz.de\\\/badblog\\\/files\\\/2025\\\/04\\\/54f96c1c-03d3-42fd-8eff-27deeab3ad1f-scaled.jpg?resize=768%2C768&amp;ssl=1 768w, https:\\\/\\\/i0.wp.com\\\/blogs.nmz.de\\\/badblog\\\/files\\\/2025\\\/04\\\/54f96c1c-03d3-42fd-8eff-27deeab3ad1f-scaled.jpg?resize=1536%2C1536&amp;ssl=1 1536w, https:\\\/\\\/i0.wp.com\\\/blogs.nmz.de\\\/badblog\\\/files\\\/2025\\\/04\\\/54f96c1c-03d3-42fd-8eff-27deeab3ad1f-scaled.jpg?resize=2048%2C2048&amp;ssl=1 2048w, https:\\\/\\\/i0.wp.com\\\/blogs.nmz.de\\\/badblog\\\/files\\\/2025\\\/04\\\/54f96c1c-03d3-42fd-8eff-27deeab3ad1f-scaled.jpg?resize=70%2C70&amp;ssl=1 70w, https:\\\/\\\/i0.wp.com\\\/blogs.nmz.de\\\/badblog\\\/files\\\/2025\\\/04\\\/54f96c1c-03d3-42fd-8eff-27deeab3ad1f-scaled.jpg?resize=80%2C80&amp;ssl=1 80w, https:\\\/\\\/i0.wp.com\\\/blogs.nmz.de\\\/badblog\\\/files\\\/2025\\\/04\\\/54f96c1c-03d3-42fd-8eff-27deeab3ad1f-scaled.jpg?resize=320%2C320&amp;ssl=1 320w, https:\\\/\\\/i0.wp.com\\\/blogs.nmz.de\\\/badblog\\\/files\\\/2025\\\/04\\\/54f96c1c-03d3-42fd-8eff-27deeab3ad1f-scaled.jpg?resize=1320%2C1320&amp;ssl=1 1320w&quot;,&quot;fratio&quot;:1},&quot;ppe-8338-3&quot;:{&quot;title&quot;:&quot;255 &#8211; Slow-Motion Multitasking &#8211; 7 Years podcast neue musik leben (in english)&quot;,&quot;description&quot;:&quot;&lt;p&gt;with soprano Irene Kurka&lt;\\\/p&gt;\\n&lt;p&gt;Thank you so much for listening to this podcast and following my singign, concerts, books, etc! In this episode I talk about one of favorite topics. 7 years neue musik leben!!!!! &lt;\\\/p&gt;\\n&lt;p&gt;&lt;a href=\\&quot;http:\\\/\\\/www.irenekurka.de\\&quot;&gt;www.irenekurka.de&lt;\\\/a&gt;&lt;\\\/p&gt;\\n&lt;p&gt;Support and follow me on patreon:&lt;\\\/p&gt;\\n&lt;p&gt;&lt;a href=\\&quot;https:\\\/\\\/www.patreon.com\\\/c\\\/user\\\/shop?u=112648747\\&quot;&gt;https:\\\/\\\/www.patreon.com\\\/c\\\/user\\\/shop?u=112648747&lt;\\\/a&gt;&lt;\\\/p&gt;\\n&lt;p&gt;cooparting with nmw &#8211; Neue Musikzeitung&lt;\\\/p&gt;\\n&lt;p&gt;&lt;a href=\\&quot;http:\\\/\\\/www.nmz.de\\&quot;&gt;www.nmz.de&lt;\\\/a&gt;&lt;\\\/p&gt;\\n&lt;p&gt;Kows Radio Summit &#8222;Live your music and live your live&#8220; with Irene Kurka:&lt;\\\/p&gt;\\n&lt;p&gt;&lt;a href=\\&quot;https:\\\/\\\/kows92-5.org\\\/kows-shows\\\/show\\\/radio-summit\\\/\\&quot;&gt;https:\\\/\\\/kows92-5.org\\\/kows-shows\\\/show\\\/radio-summit\\\/&lt;\\\/a&gt;&lt;\\\/p&gt;\\n&quot;,&quot;author&quot;:&quot;Kurka&quot;,&quot;date&quot;:&quot;10. April 2025&quot;,&quot;link&quot;:&quot;https:\\\/\\\/neuemusikleben.podigee.io\\\/256-neue-episode&quot;,&quot;src&quot;:&quot;https:\\\/\\\/audio.podigee-cdn.net\\\/1748882-m-c6995f9ab0740ee799f90c9f063d1451.mp3?source=feed&quot;,&quot;featured&quot;:&quot;https:\\\/\\\/i0.wp.com\\\/blogs.nmz.de\\\/badblog\\\/files\\\/2025\\\/04\\\/a1681233-b810-4e84-9d65-756c2554bc29-scaled.jpg?fit=768%2C768&#038;ssl=1&quot;,&quot;featured_id&quot;:29916,&quot;mediatype&quot;:&quot;audio&quot;,&quot;season&quot;:0,&quot;categories&quot;:[],&quot;duration&quot;:&quot;21:18&quot;,&quot;episodetype&quot;:&quot;full&quot;,&quot;timestamp&quot;:1744254000,&quot;key&quot;:&quot;701f40c77455936bf9a7af477a7aea66&quot;,&quot;fset&quot;:&quot;https:\\\/\\\/i0.wp.com\\\/blogs.nmz.de\\\/badblog\\\/files\\\/2025\\\/04\\\/a1681233-b810-4e84-9d65-756c2554bc29-scaled.jpg?w=2560&amp;ssl=1 2560w, https:\\\/\\\/i0.wp.com\\\/blogs.nmz.de\\\/badblog\\\/files\\\/2025\\\/04\\\/a1681233-b810-4e84-9d65-756c2554bc29-scaled.jpg?resize=480%2C480&amp;ssl=1 480w, https:\\\/\\\/i0.wp.com\\\/blogs.nmz.de\\\/badblog\\\/files\\\/2025\\\/04\\\/a1681233-b810-4e84-9d65-756c2554bc29-scaled.jpg?resize=1024%2C1024&amp;ssl=1 1024w, https:\\\/\\\/i0.wp.com\\\/blogs.nmz.de\\\/badblog\\\/files\\\/2025\\\/04\\\/a1681233-b810-4e84-9d65-756c2554bc29-scaled.jpg?resize=150%2C150&amp;ssl=1 150w, https:\\\/\\\/i0.wp.com\\\/blogs.nmz.de\\\/badblog\\\/files\\\/2025\\\/04\\\/a1681233-b810-4e84-9d65-756c2554bc29-scaled.jpg?resize=768%2C768&amp;ssl=1 768w, https:\\\/\\\/i0.wp.com\\\/blogs.nmz.de\\\/badblog\\\/files\\\/2025\\\/04\\\/a1681233-b810-4e84-9d65-756c2554bc29-scaled.jpg?resize=1536%2C1536&amp;ssl=1 1536w, https:\\\/\\\/i0.wp.com\\\/blogs.nmz.de\\\/badblog\\\/files\\\/2025\\\/04\\\/a1681233-b810-4e84-9d65-756c2554bc29-scaled.jpg?resize=2048%2C2048&amp;ssl=1 2048w, https:\\\/\\\/i0.wp.com\\\/blogs.nmz.de\\\/badblog\\\/files\\\/2025\\\/04\\\/a1681233-b810-4e84-9d65-756c2554bc29-scaled.jpg?resize=70%2C70&amp;ssl=1 70w, https:\\\/\\\/i0.wp.com\\\/blogs.nmz.de\\\/badblog\\\/files\\\/2025\\\/04\\\/a1681233-b810-4e84-9d65-756c2554bc29-scaled.jpg?resize=80%2C80&amp;ssl=1 80w, https:\\\/\\\/i0.wp.com\\\/blogs.nmz.de\\\/badblog\\\/files\\\/2025\\\/04\\\/a1681233-b810-4e84-9d65-756c2554bc29-scaled.jpg?resize=320%2C320&amp;ssl=1 320w, https:\\\/\\\/i0.wp.com\\\/blogs.nmz.de\\\/badblog\\\/files\\\/2025\\\/04\\\/a1681233-b810-4e84-9d65-756c2554bc29-scaled.jpg?resize=1320%2C1320&amp;ssl=1 1320w&quot;,&quot;fratio&quot;:1},&quot;ppe-8338-4&quot;:{&quot;title&quot;:&quot;254 &#8211; Interview with Dieter Mack&quot;,&quot;description&quot;:&quot;&lt;p&gt;composer&lt;\\\/p&gt;\\n&lt;p&gt;Dieter Mack tells us about his musical life, his exciting trips to Bali, his way into Gamelan music and also about his teaching as a composition professor. He speaks about real life experience and how spending time abroad changes you and how important it is to speak the language of the country you live in.&lt;\\\/p&gt;\\n&lt;p&gt;&lt;a href=\\&quot;https:\\\/\\\/www.dieter-mack.de\\&quot;&gt;https:\\\/\\\/www.dieter-mack.de&lt;\\\/a&gt;&lt;\\\/p&gt;\\n&lt;p&gt;&lt;a href=\\&quot;http:\\\/\\\/www.irenekurka.de\\&quot;&gt;www.irenekurka.de&lt;\\\/a&gt;&lt;\\\/p&gt;\\n&lt;p&gt;Support and follow me on patreon:&lt;\\\/p&gt;\\n&lt;p&gt;&lt;a href=\\&quot;https:\\\/\\\/www.patreon.com\\\/c\\\/user\\\/shop?u=112648747\\&quot;&gt;https:\\\/\\\/www.patreon.com\\\/c\\\/user\\\/shop?u=112648747&lt;\\\/a&gt;&lt;\\\/p&gt;\\n&lt;p&gt;cooparting with nmw &#8211; Neue Musikzeitung&lt;\\\/p&gt;\\n&lt;p&gt;&lt;a href=\\&quot;http:\\\/\\\/www.nmz.de\\&quot;&gt;www.nmz.de&lt;\\\/a&gt;&lt;\\\/p&gt;\\n&lt;p&gt;Kows Radio Summit &#8222;Live your music and live your live&#8220; with Irene Kurka:&lt;\\\/p&gt;\\n&lt;p&gt;&lt;a href=\\&quot;https:\\\/\\\/kows92-5.org\\\/kows-shows\\\/show\\\/radio-summit\\\/\\&quot;&gt;https:\\\/\\\/kows92-5.org\\\/kows-shows\\\/show\\\/radio-summit\\\/&lt;\\\/a&gt;&lt;\\\/p&gt;\\n&quot;,&quot;author&quot;:&quot;Kurka&quot;,&quot;date&quot;:&quot;1. April 2025&quot;,&quot;link&quot;:&quot;https:\\\/\\\/neuemusikleben.podigee.io\\\/255-neue-episode&quot;,&quot;src&quot;:&quot;https:\\\/\\\/audio.podigee-cdn.net\\\/1748881-m-50dc4b2414902d10f65154567b426ffa.mp3?source=feed&quot;,&quot;featured&quot;:&quot;https:\\\/\\\/i0.wp.com\\\/blogs.nmz.de\\\/badblog\\\/files\\\/2025\\\/04\\\/9c580082-aed2-4294-a6ca-72810c386034-scaled.jpg?fit=768%2C768&#038;ssl=1&quot;,&quot;featured_id&quot;:29887,&quot;mediatype&quot;:&quot;audio&quot;,&quot;season&quot;:0,&quot;categories&quot;:[],&quot;duration&quot;:&quot;01:05:15&quot;,&quot;episodetype&quot;:&quot;full&quot;,&quot;timestamp&quot;:1743482700,&quot;key&quot;:&quot;247baab4c3585d34270b926a4abc84e2&quot;,&quot;fset&quot;:&quot;https:\\\/\\\/i0.wp.com\\\/blogs.nmz.de\\\/badblog\\\/files\\\/2025\\\/04\\\/9c580082-aed2-4294-a6ca-72810c386034-scaled.jpg?w=2560&amp;ssl=1 2560w, https:\\\/\\\/i0.wp.com\\\/blogs.nmz.de\\\/badblog\\\/files\\\/2025\\\/04\\\/9c580082-aed2-4294-a6ca-72810c386034-scaled.jpg?resize=480%2C480&amp;ssl=1 480w, https:\\\/\\\/i0.wp.com\\\/blogs.nmz.de\\\/badblog\\\/files\\\/2025\\\/04\\\/9c580082-aed2-4294-a6ca-72810c386034-scaled.jpg?resize=1024%2C1024&amp;ssl=1 1024w, https:\\\/\\\/i0.wp.com\\\/blogs.nmz.de\\\/badblog\\\/files\\\/2025\\\/04\\\/9c580082-aed2-4294-a6ca-72810c386034-scaled.jpg?resize=150%2C150&amp;ssl=1 150w, https:\\\/\\\/i0.wp.com\\\/blogs.nmz.de\\\/badblog\\\/files\\\/2025\\\/04\\\/9c580082-aed2-4294-a6ca-72810c386034-scaled.jpg?resize=768%2C768&amp;ssl=1 768w, https:\\\/\\\/i0.wp.com\\\/blogs.nmz.de\\\/badblog\\\/files\\\/2025\\\/04\\\/9c580082-aed2-4294-a6ca-72810c386034-scaled.jpg?resize=1536%2C1536&amp;ssl=1 1536w, https:\\\/\\\/i0.wp.com\\\/blogs.nmz.de\\\/badblog\\\/files\\\/2025\\\/04\\\/9c580082-aed2-4294-a6ca-72810c386034-scaled.jpg?resize=2048%2C2048&amp;ssl=1 2048w, https:\\\/\\\/i0.wp.com\\\/blogs.nmz.de\\\/badblog\\\/files\\\/2025\\\/04\\\/9c580082-aed2-4294-a6ca-72810c386034-scaled.jpg?resize=70%2C70&amp;ssl=1 70w, https:\\\/\\\/i0.wp.com\\\/blogs.nmz.de\\\/badblog\\\/files\\\/2025\\\/04\\\/9c580082-aed2-4294-a6ca-72810c386034-scaled.jpg?resize=80%2C80&amp;ssl=1 80w, https:\\\/\\\/i0.wp.com\\\/blogs.nmz.de\\\/badblog\\\/files\\\/2025\\\/04\\\/9c580082-aed2-4294-a6ca-72810c386034-scaled.jpg?resize=320%2C320&amp;ssl=1 320w, https:\\\/\\\/i0.wp.com\\\/blogs.nmz.de\\\/badblog\\\/files\\\/2025\\\/04\\\/9c580082-aed2-4294-a6ca-72810c386034-scaled.jpg?resize=1320%2C1320&amp;ssl=1 1320w&quot;,&quot;fratio&quot;:1},&quot;ppe-8338-5&quot;:{&quot;title&quot;:&quot;253 &#8211; Interview mit Michael Denhoff&quot;,&quot;description&quot;:&quot;&lt;p&gt;Komponist, Cellist, Kurator&lt;\\\/p&gt;\\n&lt;p&gt;Michael Denhoff spricht \\u00fcber seinen Weg zur neuen Musik und welche verschiedenen Prozesse des Komponierens er ausprobiert hat und was er darin entdeckt hat. Er erz\\u00e4hlt \\u00fcber von ihm kuratierte Konzertreihen und der Magie des Aufh\\u00f6rens. &lt;\\\/p&gt;\\n&lt;p&gt;&lt;a href=\\&quot;https:\\\/\\\/www.denhoff.de\\&quot;&gt;https:\\\/\\\/www.denhoff.de&lt;\\\/a&gt;&lt;\\\/p&gt;\\n&lt;p&gt;&lt;a href=\\&quot;http:\\\/\\\/www.irenekurka.de\\&quot;&gt;www.irenekurka.de&lt;\\\/a&gt;&lt;\\\/p&gt;\\n&lt;p&gt;Support and follow me on patreon:&lt;\\\/p&gt;\\n&lt;p&gt;&lt;a href=\\&quot;https:\\\/\\\/www.patreon.com\\\/c\\\/user\\\/shop?u=112648747\\&quot;&gt;https:\\\/\\\/www.patreon.com\\\/c\\\/user\\\/shop?u=112648747&lt;\\\/a&gt;&lt;\\\/p&gt;\\n&lt;p&gt;cooparting with nmw &#8211; Neue Musikzeitung&lt;\\\/p&gt;\\n&lt;p&gt;&lt;a href=\\&quot;http:\\\/\\\/www.nmz.de\\&quot;&gt;www.nmz.de&lt;\\\/a&gt;&lt;\\\/p&gt;\\n&quot;,&quot;author&quot;:&quot;Kurka&quot;,&quot;date&quot;:&quot;18. M\\u00e4rz 2025&quot;,&quot;link&quot;:&quot;https:\\\/\\\/neuemusikleben.podigee.io\\\/257-neue-episode&quot;,&quot;src&quot;:&quot;https:\\\/\\\/audio.podigee-cdn.net\\\/1748883-m-3dc966f8943046e18a18dc083c768f5c.mp3?source=feed&quot;,&quot;featured&quot;:&quot;https:\\\/\\\/i0.wp.com\\\/blogs.nmz.de\\\/badblog\\\/files\\\/2025\\\/03\\\/d6bec117-184b-40f3-9174-c79133c364fc-scaled.jpg?fit=768%2C768&#038;ssl=1&quot;,&quot;featured_id&quot;:29809,&quot;mediatype&quot;:&quot;audio&quot;,&quot;season&quot;:0,&quot;categories&quot;:[],&quot;duration&quot;:&quot;01:02:57&quot;,&quot;episodetype&quot;:&quot;full&quot;,&quot;timestamp&quot;:1742276100,&quot;key&quot;:&quot;07a45e720d8f7399fb80336d51205783&quot;,&quot;fset&quot;:&quot;https:\\\/\\\/i0.wp.com\\\/blogs.nmz.de\\\/badblog\\\/files\\\/2025\\\/03\\\/d6bec117-184b-40f3-9174-c79133c364fc-scaled.jpg?w=2560&amp;ssl=1 2560w, https:\\\/\\\/i0.wp.com\\\/blogs.nmz.de\\\/badblog\\\/files\\\/2025\\\/03\\\/d6bec117-184b-40f3-9174-c79133c364fc-scaled.jpg?resize=480%2C480&amp;ssl=1 480w, https:\\\/\\\/i0.wp.com\\\/blogs.nmz.de\\\/badblog\\\/files\\\/2025\\\/03\\\/d6bec117-184b-40f3-9174-c79133c364fc-scaled.jpg?resize=1024%2C1024&amp;ssl=1 1024w, https:\\\/\\\/i0.wp.com\\\/blogs.nmz.de\\\/badblog\\\/files\\\/2025\\\/03\\\/d6bec117-184b-40f3-9174-c79133c364fc-scaled.jpg?resize=150%2C150&amp;ssl=1 150w, https:\\\/\\\/i0.wp.com\\\/blogs.nmz.de\\\/badblog\\\/files\\\/2025\\\/03\\\/d6bec117-184b-40f3-9174-c79133c364fc-scaled.jpg?resize=768%2C768&amp;ssl=1 768w, https:\\\/\\\/i0.wp.com\\\/blogs.nmz.de\\\/badblog\\\/files\\\/2025\\\/03\\\/d6bec117-184b-40f3-9174-c79133c364fc-scaled.jpg?resize=1536%2C1536&amp;ssl=1 1536w, https:\\\/\\\/i0.wp.com\\\/blogs.nmz.de\\\/badblog\\\/files\\\/2025\\\/03\\\/d6bec117-184b-40f3-9174-c79133c364fc-scaled.jpg?resize=2048%2C2048&amp;ssl=1 2048w, https:\\\/\\\/i0.wp.com\\\/blogs.nmz.de\\\/badblog\\\/files\\\/2025\\\/03\\\/d6bec117-184b-40f3-9174-c79133c364fc-scaled.jpg?resize=70%2C70&amp;ssl=1 70w, https:\\\/\\\/i0.wp.com\\\/blogs.nmz.de\\\/badblog\\\/files\\\/2025\\\/03\\\/d6bec117-184b-40f3-9174-c79133c364fc-scaled.jpg?resize=80%2C80&amp;ssl=1 80w, https:\\\/\\\/i0.wp.com\\\/blogs.nmz.de\\\/badblog\\\/files\\\/2025\\\/03\\\/d6bec117-184b-40f3-9174-c79133c364fc-scaled.jpg?resize=320%2C320&amp;ssl=1 320w, https:\\\/\\\/i0.wp.com\\\/blogs.nmz.de\\\/badblog\\\/files\\\/2025\\\/03\\\/d6bec117-184b-40f3-9174-c79133c364fc-scaled.jpg?resize=1320%2C1320&amp;ssl=1 1320w&quot;,&quot;fratio&quot;:1},&quot;ppe-8338-6&quot;:{&quot;title&quot;:&quot;252 &#8211; Interview with Irene Galindo Quero&quot;,&quot;description&quot;:&quot;&lt;p&gt;composer and professor&lt;\\\/p&gt;\\n&lt;p&gt;Irene Quero talks about so many things and how life composition, music and being a woman is so intertwined. Enjoy this inspiring interview!&lt;\\\/p&gt;\\n&lt;p&gt;&lt;a href=\\&quot;https:\\\/\\\/irenegalindoquero.wordpress.com\\\/\\&quot;&gt;https:\\\/\\\/irenegalindoquero.wordpress.com\\\/&lt;\\\/a&gt;&lt;\\\/p&gt;\\n&lt;p&gt;cooparting with nmz&lt;\\\/p&gt;\\n&lt;p&gt;&lt;a href=\\&quot;http:\\\/\\\/www.nmz.de\\&quot;&gt;www.nmz.de&lt;\\\/a&gt;&lt;\\\/p&gt;\\n&lt;p&gt;&lt;a href=\\&quot;http:\\\/\\\/www.irenekurka.de\\&quot;&gt;www.irenekurka.de&lt;\\\/a&gt;&lt;\\\/p&gt;\\n&lt;p&gt;follow and support me on patreon:&lt;\\\/p&gt;\\n&lt;p&gt;&lt;a href=\\&quot;https:\\\/\\\/www.patreon.com\\\/c\\\/user\\\/shop?u=112648747\\&quot;&gt;https:\\\/\\\/www.patreon.com\\\/c\\\/user\\\/shop?u=112648747&lt;\\\/a&gt;&lt;\\\/p&gt;\\n&quot;,&quot;author&quot;:&quot;Kurka&quot;,&quot;date&quot;:&quot;4. M\\u00e4rz 2025&quot;,&quot;link&quot;:&quot;https:\\\/\\\/neuemusikleben.podigee.io\\\/253-neue-episode&quot;,&quot;src&quot;:&quot;https:\\\/\\\/audio.podigee-cdn.net\\\/1748879-m-d07486f51988e9f763770d7dba4e4ad5.mp3?source=feed&quot;,&quot;featured&quot;:&quot;https:\\\/\\\/i0.wp.com\\\/blogs.nmz.de\\\/badblog\\\/files\\\/2025\\\/03\\\/a62c5b1a-7fd1-42f6-8490-5ae2ef06b319-scaled.jpg?fit=768%2C768&#038;ssl=1&quot;,&quot;featured_id&quot;:29771,&quot;mediatype&quot;:&quot;audio&quot;,&quot;season&quot;:0,&quot;categories&quot;:[],&quot;duration&quot;:&quot;01:01:05&quot;,&quot;episodetype&quot;:&quot;full&quot;,&quot;timestamp&quot;:1741064400,&quot;key&quot;:&quot;d2c67ffededc54598a7cecc168129a10&quot;,&quot;fset&quot;:&quot;https:\\\/\\\/i0.wp.com\\\/blogs.nmz.de\\\/badblog\\\/files\\\/2025\\\/03\\\/a62c5b1a-7fd1-42f6-8490-5ae2ef06b319-scaled.jpg?w=2560&amp;ssl=1 2560w, https:\\\/\\\/i0.wp.com\\\/blogs.nmz.de\\\/badblog\\\/files\\\/2025\\\/03\\\/a62c5b1a-7fd1-42f6-8490-5ae2ef06b319-scaled.jpg?resize=480%2C480&amp;ssl=1 480w, https:\\\/\\\/i0.wp.com\\\/blogs.nmz.de\\\/badblog\\\/files\\\/2025\\\/03\\\/a62c5b1a-7fd1-42f6-8490-5ae2ef06b319-scaled.jpg?resize=1024%2C1024&amp;ssl=1 1024w, https:\\\/\\\/i0.wp.com\\\/blogs.nmz.de\\\/badblog\\\/files\\\/2025\\\/03\\\/a62c5b1a-7fd1-42f6-8490-5ae2ef06b319-scaled.jpg?resize=150%2C150&amp;ssl=1 150w, https:\\\/\\\/i0.wp.com\\\/blogs.nmz.de\\\/badblog\\\/files\\\/2025\\\/03\\\/a62c5b1a-7fd1-42f6-8490-5ae2ef06b319-scaled.jpg?resize=768%2C768&amp;ssl=1 768w, https:\\\/\\\/i0.wp.com\\\/blogs.nmz.de\\\/badblog\\\/files\\\/2025\\\/03\\\/a62c5b1a-7fd1-42f6-8490-5ae2ef06b319-scaled.jpg?resize=1536%2C1536&amp;ssl=1 1536w, https:\\\/\\\/i0.wp.com\\\/blogs.nmz.de\\\/badblog\\\/files\\\/2025\\\/03\\\/a62c5b1a-7fd1-42f6-8490-5ae2ef06b319-scaled.jpg?resize=2048%2C2048&amp;ssl=1 2048w, https:\\\/\\\/i0.wp.com\\\/blogs.nmz.de\\\/badblog\\\/files\\\/2025\\\/03\\\/a62c5b1a-7fd1-42f6-8490-5ae2ef06b319-scaled.jpg?resize=70%2C70&amp;ssl=1 70w, https:\\\/\\\/i0.wp.com\\\/blogs.nmz.de\\\/badblog\\\/files\\\/2025\\\/03\\\/a62c5b1a-7fd1-42f6-8490-5ae2ef06b319-scaled.jpg?resize=80%2C80&amp;ssl=1 80w, https:\\\/\\\/i0.wp.com\\\/blogs.nmz.de\\\/badblog\\\/files\\\/2025\\\/03\\\/a62c5b1a-7fd1-42f6-8490-5ae2ef06b319-scaled.jpg?resize=320%2C320&amp;ssl=1 320w, https:\\\/\\\/i0.wp.com\\\/blogs.nmz.de\\\/badblog\\\/files\\\/2025\\\/03\\\/a62c5b1a-7fd1-42f6-8490-5ae2ef06b319-scaled.jpg?resize=1320%2C1320&amp;ssl=1 1320w&quot;,&quot;fratio&quot;:1},&quot;ppe-8338-7&quot;:{&quot;title&quot;:&quot;251 &#8211; Stress, Ma\\u00dfhalten, Ruhe, Solofolge&quot;,&quot;description&quot;:&quot;&lt;p&gt;Solofolge mit Irene Kurka&lt;\\\/p&gt;\\n&lt;p&gt;Die Sopranistin und Performerin Irene Kurka spricht diesmal \\u00fcber Stress, Hirnfunktionen, Hormon Cocktails, Ma\\u00dfhalten, Impulse, Ruhe, Meditation, Stimme, Angst und Aktionismus.&lt;\\\/p&gt;\\n&lt;p&gt;Kopperationspartner der nmz.&lt;\\\/p&gt;\\n&lt;p&gt;&lt;a href=\\&quot;http:\\\/\\\/www.nmz.de\\&quot;&gt;www.nmz.de&lt;\\\/a&gt;&lt;\\\/p&gt;\\n&lt;p&gt;&lt;a href=\\&quot;http:\\\/\\\/www.irenekurka.de\\&quot;&gt;www.irenekurka.de&lt;\\\/a&gt;&lt;\\\/p&gt;\\n&lt;p&gt;DEEP DIVE hier:&lt;\\\/p&gt;\\n&lt;p&gt;&lt;a href=\\&quot;https:\\\/\\\/www.patreon.com\\\/c\\\/user\\\/shop?u=112648747\\&quot;&gt;https:\\\/\\\/www.patreon.com\\\/c\\\/user\\\/shop?u=112648747&lt;\\\/a&gt;&lt;\\\/p&gt;\\n&quot;,&quot;author&quot;:&quot;Kurka&quot;,&quot;date&quot;:&quot;18. Februar 2025&quot;,&quot;link&quot;:&quot;https:\\\/\\\/neuemusikleben.podigee.io\\\/252-new-episode&quot;,&quot;src&quot;:&quot;https:\\\/\\\/audio.podigee-cdn.net\\\/1738495-m-7d911b6626a1d401f05a7722a8004c75.mp3?source=feed&quot;,&quot;featured&quot;:&quot;https:\\\/\\\/i0.wp.com\\\/blogs.nmz.de\\\/badblog\\\/files\\\/2025\\\/02\\\/f371a495-ff41-437c-9b24-4a92ba16429f-scaled.jpg?fit=768%2C768&#038;ssl=1&quot;,&quot;featured_id&quot;:29713,&quot;mediatype&quot;:&quot;audio&quot;,&quot;season&quot;:0,&quot;categories&quot;:[],&quot;duration&quot;:&quot;28:06&quot;,&quot;episodetype&quot;:&quot;full&quot;,&quot;timestamp&quot;:1739856600,&quot;key&quot;:&quot;0b703d04e6944802e18d65f22f820cce&quot;,&quot;fset&quot;:&quot;https:\\\/\\\/i0.wp.com\\\/blogs.nmz.de\\\/badblog\\\/files\\\/2025\\\/02\\\/f371a495-ff41-437c-9b24-4a92ba16429f-scaled.jpg?w=2560&amp;ssl=1 2560w, https:\\\/\\\/i0.wp.com\\\/blogs.nmz.de\\\/badblog\\\/files\\\/2025\\\/02\\\/f371a495-ff41-437c-9b24-4a92ba16429f-scaled.jpg?resize=480%2C480&amp;ssl=1 480w, https:\\\/\\\/i0.wp.com\\\/blogs.nmz.de\\\/badblog\\\/files\\\/2025\\\/02\\\/f371a495-ff41-437c-9b24-4a92ba16429f-scaled.jpg?resize=1024%2C1024&amp;ssl=1 1024w, https:\\\/\\\/i0.wp.com\\\/blogs.nmz.de\\\/badblog\\\/files\\\/2025\\\/02\\\/f371a495-ff41-437c-9b24-4a92ba16429f-scaled.jpg?resize=150%2C150&amp;ssl=1 150w, https:\\\/\\\/i0.wp.com\\\/blogs.nmz.de\\\/badblog\\\/files\\\/2025\\\/02\\\/f371a495-ff41-437c-9b24-4a92ba16429f-scaled.jpg?resize=768%2C768&amp;ssl=1 768w, https:\\\/\\\/i0.wp.com\\\/blogs.nmz.de\\\/badblog\\\/files\\\/2025\\\/02\\\/f371a495-ff41-437c-9b24-4a92ba16429f-scaled.jpg?resize=1536%2C1536&amp;ssl=1 1536w, https:\\\/\\\/i0.wp.com\\\/blogs.nmz.de\\\/badblog\\\/files\\\/2025\\\/02\\\/f371a495-ff41-437c-9b24-4a92ba16429f-scaled.jpg?resize=2048%2C2048&amp;ssl=1 2048w, https:\\\/\\\/i0.wp.com\\\/blogs.nmz.de\\\/badblog\\\/files\\\/2025\\\/02\\\/f371a495-ff41-437c-9b24-4a92ba16429f-scaled.jpg?resize=70%2C70&amp;ssl=1 70w, https:\\\/\\\/i0.wp.com\\\/blogs.nmz.de\\\/badblog\\\/files\\\/2025\\\/02\\\/f371a495-ff41-437c-9b24-4a92ba16429f-scaled.jpg?resize=80%2C80&amp;ssl=1 80w, https:\\\/\\\/i0.wp.com\\\/blogs.nmz.de\\\/badblog\\\/files\\\/2025\\\/02\\\/f371a495-ff41-437c-9b24-4a92ba16429f-scaled.jpg?resize=320%2C320&amp;ssl=1 320w, https:\\\/\\\/i0.wp.com\\\/blogs.nmz.de\\\/badblog\\\/files\\\/2025\\\/02\\\/f371a495-ff41-437c-9b24-4a92ba16429f-scaled.jpg?resize=1320%2C1320&amp;ssl=1 1320w&quot;,&quot;fratio&quot;:1},&quot;ppe-8338-8&quot;:{&quot;title&quot;:&quot;250 &#8211; Interview with Helena Canovas Pares&quot;,&quot;description&quot;:&quot;&lt;p&gt;composer&lt;\\\/p&gt;\\n&lt;p&gt;Helena Canovas Pares talks about her education in Spain and Cologne and how she developed as a composer. She shares her thoughts about voice, singing, inspiration and collaborations.&lt;\\\/p&gt;\\n&lt;p&gt;&lt;a href=\\&quot;https:\\\/\\\/www.hcanovaspares.com\\\/\\&quot;&gt;https:\\\/\\\/www.hcanovaspares.com\\\/&lt;\\\/a&gt;&lt;\\\/p&gt;\\n&lt;p&gt;cooperating with nmz&lt;\\\/p&gt;\\n&lt;p&gt;&lt;a href=\\&quot;http:\\\/\\\/www.nmz.de\\&quot;&gt;www.nmz.de&lt;\\\/a&gt;&lt;\\\/p&gt;\\n&lt;p&gt;&lt;a href=\\&quot;http:\\\/\\\/www.irenekurka.de\\&quot;&gt;www.irenekurka.de&lt;\\\/a&gt;&lt;\\\/p&gt;\\n&lt;p&gt;&lt;a href=\\&quot;mailto:&#x6d;ail&#064;&#105;&#114;&#101;&#110;&#101;&#107;&#x75;r&#x6b;a&#046;&#100;&#x65;\\&quot;&gt;&#x6d;&#097;&#x69;&#108;&#x40;&#x69;&#114;&#101;&#x6e;&#x65;&#x6b;&#x75;&#114;&#x6b;&#x61;&#046;&#100;&#x65;&lt;\\\/a&gt;&lt;\\\/p&gt;\\n&quot;,&quot;author&quot;:&quot;Kurka&quot;,&quot;date&quot;:&quot;4. Februar 2025&quot;,&quot;link&quot;:&quot;https:\\\/\\\/neuemusikleben.podigee.io\\\/251-neue-episode&quot;,&quot;src&quot;:&quot;https:\\\/\\\/audio.podigee-cdn.net\\\/1700746-m-74cf541302ab46e4601bca07b1697ce5.mp3?source=feed&quot;,&quot;featured&quot;:&quot;https:\\\/\\\/i0.wp.com\\\/blogs.nmz.de\\\/badblog\\\/files\\\/2025\\\/02\\\/35a21e7f-d41e-4f12-ba61-0a0329aa6a69-scaled.jpg?fit=768%2C768&#038;ssl=1&quot;,&quot;featured_id&quot;:29690,&quot;mediatype&quot;:&quot;audio&quot;,&quot;season&quot;:0,&quot;categories&quot;:[],&quot;duration&quot;:&quot;43:35&quot;,&quot;episodetype&quot;:&quot;full&quot;,&quot;timestamp&quot;:1738637700,&quot;key&quot;:&quot;9507465a428af26120796ff6f07330d7&quot;,&quot;fset&quot;:&quot;https:\\\/\\\/i0.wp.com\\\/blogs.nmz.de\\\/badblog\\\/files\\\/2025\\\/02\\\/35a21e7f-d41e-4f12-ba61-0a0329aa6a69-scaled.jpg?w=2560&amp;ssl=1 2560w, https:\\\/\\\/i0.wp.com\\\/blogs.nmz.de\\\/badblog\\\/files\\\/2025\\\/02\\\/35a21e7f-d41e-4f12-ba61-0a0329aa6a69-scaled.jpg?resize=480%2C480&amp;ssl=1 480w, https:\\\/\\\/i0.wp.com\\\/blogs.nmz.de\\\/badblog\\\/files\\\/2025\\\/02\\\/35a21e7f-d41e-4f12-ba61-0a0329aa6a69-scaled.jpg?resize=1024%2C1024&amp;ssl=1 1024w, https:\\\/\\\/i0.wp.com\\\/blogs.nmz.de\\\/badblog\\\/files\\\/2025\\\/02\\\/35a21e7f-d41e-4f12-ba61-0a0329aa6a69-scaled.jpg?resize=150%2C150&amp;ssl=1 150w, https:\\\/\\\/i0.wp.com\\\/blogs.nmz.de\\\/badblog\\\/files\\\/2025\\\/02\\\/35a21e7f-d41e-4f12-ba61-0a0329aa6a69-scaled.jpg?resize=768%2C768&amp;ssl=1 768w, https:\\\/\\\/i0.wp.com\\\/blogs.nmz.de\\\/badblog\\\/files\\\/2025\\\/02\\\/35a21e7f-d41e-4f12-ba61-0a0329aa6a69-scaled.jpg?resize=1536%2C1536&amp;ssl=1 1536w, https:\\\/\\\/i0.wp.com\\\/blogs.nmz.de\\\/badblog\\\/files\\\/2025\\\/02\\\/35a21e7f-d41e-4f12-ba61-0a0329aa6a69-scaled.jpg?resize=2048%2C2048&amp;ssl=1 2048w, https:\\\/\\\/i0.wp.com\\\/blogs.nmz.de\\\/badblog\\\/files\\\/2025\\\/02\\\/35a21e7f-d41e-4f12-ba61-0a0329aa6a69-scaled.jpg?resize=70%2C70&amp;ssl=1 70w, https:\\\/\\\/i0.wp.com\\\/blogs.nmz.de\\\/badblog\\\/files\\\/2025\\\/02\\\/35a21e7f-d41e-4f12-ba61-0a0329aa6a69-scaled.jpg?resize=80%2C80&amp;ssl=1 80w, https:\\\/\\\/i0.wp.com\\\/blogs.nmz.de\\\/badblog\\\/files\\\/2025\\\/02\\\/35a21e7f-d41e-4f12-ba61-0a0329aa6a69-scaled.jpg?resize=320%2C320&amp;ssl=1 320w, https:\\\/\\\/i0.wp.com\\\/blogs.nmz.de\\\/badblog\\\/files\\\/2025\\\/02\\\/35a21e7f-d41e-4f12-ba61-0a0329aa6a69-scaled.jpg?resize=1320%2C1320&amp;ssl=1 1320w&quot;,&quot;fratio&quot;:1},&quot;ppe-8338-9&quot;:{&quot;title&quot;:&quot;249 &#8211; Interview mit Reiko F\\u00fcting&quot;,&quot;description&quot;:&quot;&lt;p&gt;Komponist und Professor f\\u00fcr Komposition&lt;\\\/p&gt;\\n&lt;p&gt;Reiko F\\u00fcting spricht \\u00fcber seinen Weg in die neue Musik und wie es ihn in die USA verschlagen hat, wo er seit vielen Jahren Professor f\\u00fcr Komposition an der Manhattan School of Music ist. Er spricht \\u00fcber die M\\u00f6glichkeiten und Unterschiede zwischen Deutschland und den USA und vieles mehr.&lt;\\\/p&gt;\\n&lt;p&gt;&lt;a href=\\&quot;http:\\\/\\\/www.reikofueting.com\\&quot;&gt;www.reikofueting.com&lt;\\\/a&gt;&lt;\\\/p&gt;\\n&lt;p&gt;&lt;a href=\\&quot;http:\\\/\\\/www.irenekurka.de\\&quot;&gt;www.irenekurka.de&lt;\\\/a&gt;&lt;\\\/p&gt;\\n&lt;p&gt;Kooperationspartnerin der nmz&lt;\\\/p&gt;\\n&lt;p&gt;&lt;a href=\\&quot;http:\\\/\\\/www.nmz.de\\&quot;&gt;www.nmz.de&lt;\\\/a&gt;&lt;\\\/p&gt;\\n&quot;,&quot;author&quot;:&quot;Kurka&quot;,&quot;date&quot;:&quot;21. Januar 2025&quot;,&quot;link&quot;:&quot;https:\\\/\\\/neuemusikleben.podigee.io\\\/245-neue-episode&quot;,&quot;src&quot;:&quot;https:\\\/\\\/audio.podigee-cdn.net\\\/1634314-m-25208e2c1dfe968bfe27e93127ae8231.mp3?source=feed&quot;,&quot;featured&quot;:&quot;https:\\\/\\\/i0.wp.com\\\/blogs.nmz.de\\\/badblog\\\/files\\\/2025\\\/01\\\/b44fdbd8-8fc2-499e-8ef3-26433cac3dd1-scaled.jpg?fit=768%2C768&#038;ssl=1&quot;,&quot;featured_id&quot;:29665,&quot;mediatype&quot;:&quot;audio&quot;,&quot;season&quot;:0,&quot;categories&quot;:[],&quot;duration&quot;:&quot;45:45&quot;,&quot;episodetype&quot;:&quot;full&quot;,&quot;timestamp&quot;:1737433500,&quot;key&quot;:&quot;bb139921e6a9da0dde0bda2755460739&quot;,&quot;fset&quot;:&quot;https:\\\/\\\/i0.wp.com\\\/blogs.nmz.de\\\/badblog\\\/files\\\/2025\\\/01\\\/b44fdbd8-8fc2-499e-8ef3-26433cac3dd1-scaled.jpg?w=2560&amp;ssl=1 2560w, https:\\\/\\\/i0.wp.com\\\/blogs.nmz.de\\\/badblog\\\/files\\\/2025\\\/01\\\/b44fdbd8-8fc2-499e-8ef3-26433cac3dd1-scaled.jpg?resize=480%2C480&amp;ssl=1 480w, https:\\\/\\\/i0.wp.com\\\/blogs.nmz.de\\\/badblog\\\/files\\\/2025\\\/01\\\/b44fdbd8-8fc2-499e-8ef3-26433cac3dd1-scaled.jpg?resize=1024%2C1024&amp;ssl=1 1024w, https:\\\/\\\/i0.wp.com\\\/blogs.nmz.de\\\/badblog\\\/files\\\/2025\\\/01\\\/b44fdbd8-8fc2-499e-8ef3-26433cac3dd1-scaled.jpg?resize=150%2C150&amp;ssl=1 150w, https:\\\/\\\/i0.wp.com\\\/blogs.nmz.de\\\/badblog\\\/files\\\/2025\\\/01\\\/b44fdbd8-8fc2-499e-8ef3-26433cac3dd1-scaled.jpg?resize=768%2C768&amp;ssl=1 768w, https:\\\/\\\/i0.wp.com\\\/blogs.nmz.de\\\/badblog\\\/files\\\/2025\\\/01\\\/b44fdbd8-8fc2-499e-8ef3-26433cac3dd1-scaled.jpg?resize=1536%2C1536&amp;ssl=1 1536w, https:\\\/\\\/i0.wp.com\\\/blogs.nmz.de\\\/badblog\\\/files\\\/2025\\\/01\\\/b44fdbd8-8fc2-499e-8ef3-26433cac3dd1-scaled.jpg?resize=2048%2C2048&amp;ssl=1 2048w, https:\\\/\\\/i0.wp.com\\\/blogs.nmz.de\\\/badblog\\\/files\\\/2025\\\/01\\\/b44fdbd8-8fc2-499e-8ef3-26433cac3dd1-scaled.jpg?resize=70%2C70&amp;ssl=1 70w, https:\\\/\\\/i0.wp.com\\\/blogs.nmz.de\\\/badblog\\\/files\\\/2025\\\/01\\\/b44fdbd8-8fc2-499e-8ef3-26433cac3dd1-scaled.jpg?resize=80%2C80&amp;ssl=1 80w, https:\\\/\\\/i0.wp.com\\\/blogs.nmz.de\\\/badblog\\\/files\\\/2025\\\/01\\\/b44fdbd8-8fc2-499e-8ef3-26433cac3dd1-scaled.jpg?resize=320%2C320&amp;ssl=1 320w, https:\\\/\\\/i0.wp.com\\\/blogs.nmz.de\\\/badblog\\\/files\\\/2025\\\/01\\\/b44fdbd8-8fc2-499e-8ef3-26433cac3dd1-scaled.jpg?resize=1320%2C1320&amp;ssl=1 1320w&quot;,&quot;fratio&quot;:1},&quot;ppe-8338-10&quot;:{&quot;title&quot;:&quot;248 -Interview with Johannes Kreidler&quot;,&quot;description&quot;:&quot;&lt;p&gt;composer and professor&lt;\\\/p&gt;\\n&lt;p&gt;Johannes Kreidler talks about his way into contemporary music and how he became a conceptual composer. He speaks about teaching in Basel and what happened in and since the pandemic in his artistic life. He also shares his creative process with us.&lt;\\\/p&gt;\\n&lt;p&gt;&lt;a href=\\&quot;http:\\\/\\\/www.kreidler-net.de\\&quot;&gt;www.kreidler-net.de&lt;\\\/a&gt;&lt;\\\/p&gt;\\n&lt;p&gt;&lt;a href=\\&quot;http:\\\/\\\/www.sheetmusic-kreidler.com\\&quot;&gt;www.sheetmusic-kreidler.com&lt;\\\/a&gt;&lt;\\\/p&gt;\\n&lt;p&gt;cooperating with nmw&lt;br \\\/&gt;\\nNeue Musikzeitung&lt;\\\/p&gt;\\n&lt;p&gt;&lt;a href=\\&quot;http:\\\/\\\/www.nmz.de\\&quot;&gt;www.nmz.de&lt;\\\/a&gt;&lt;\\\/p&gt;\\n&lt;p&gt;&lt;a href=\\&quot;http:\\\/\\\/www.irenekurka.de\\&quot;&gt;www.irenekurka.de&lt;\\\/a&gt;&lt;\\\/p&gt;\\n&lt;p&gt;&lt;a href=\\&quot;https:\\\/\\\/www.patreon.com\\\/c\\\/user?u=112648747\\&quot;&gt;https:\\\/\\\/www.patreon.com\\\/c\\\/user?u=112648747&lt;\\\/a&gt;&lt;\\\/p&gt;\\n&quot;,&quot;author&quot;:&quot;Irene Kurka&quot;,&quot;date&quot;:&quot;7. Januar 2025&quot;,&quot;link&quot;:&quot;https:\\\/\\\/neuemusikleben.podigee.io\\\/244-neue-episode&quot;,&quot;src&quot;:&quot;https:\\\/\\\/audio.podigee-cdn.net\\\/1634313-m-5fa541f71974759d97480af6cc66480f.mp3?source=feed&quot;,&quot;featured&quot;:&quot;https:\\\/\\\/i0.wp.com\\\/blogs.nmz.de\\\/badblog\\\/files\\\/2025\\\/01\\\/32d0e254-2bf2-4922-b90f-9cce1b3fa111-scaled.jpg?fit=768%2C768&#038;ssl=1&quot;,&quot;featured_id&quot;:29630,&quot;mediatype&quot;:&quot;audio&quot;,&quot;season&quot;:0,&quot;categories&quot;:[],&quot;duration&quot;:&quot;50:57&quot;,&quot;episodetype&quot;:&quot;full&quot;,&quot;timestamp&quot;:1736225400,&quot;key&quot;:&quot;8c972b3de6ead710b9b226ad3fe20277&quot;,&quot;fset&quot;:&quot;https:\\\/\\\/i0.wp.com\\\/blogs.nmz.de\\\/badblog\\\/files\\\/2025\\\/01\\\/32d0e254-2bf2-4922-b90f-9cce1b3fa111-scaled.jpg?w=2560&amp;ssl=1 2560w, https:\\\/\\\/i0.wp.com\\\/blogs.nmz.de\\\/badblog\\\/files\\\/2025\\\/01\\\/32d0e254-2bf2-4922-b90f-9cce1b3fa111-scaled.jpg?resize=480%2C480&amp;ssl=1 480w, https:\\\/\\\/i0.wp.com\\\/blogs.nmz.de\\\/badblog\\\/files\\\/2025\\\/01\\\/32d0e254-2bf2-4922-b90f-9cce1b3fa111-scaled.jpg?resize=1024%2C1024&amp;ssl=1 1024w, https:\\\/\\\/i0.wp.com\\\/blogs.nmz.de\\\/badblog\\\/files\\\/2025\\\/01\\\/32d0e254-2bf2-4922-b90f-9cce1b3fa111-scaled.jpg?resize=150%2C150&amp;ssl=1 150w, https:\\\/\\\/i0.wp.com\\\/blogs.nmz.de\\\/badblog\\\/files\\\/2025\\\/01\\\/32d0e254-2bf2-4922-b90f-9cce1b3fa111-scaled.jpg?resize=768%2C768&amp;ssl=1 768w, https:\\\/\\\/i0.wp.com\\\/blogs.nmz.de\\\/badblog\\\/files\\\/2025\\\/01\\\/32d0e254-2bf2-4922-b90f-9cce1b3fa111-scaled.jpg?resize=1536%2C1536&amp;ssl=1 1536w, https:\\\/\\\/i0.wp.com\\\/blogs.nmz.de\\\/badblog\\\/files\\\/2025\\\/01\\\/32d0e254-2bf2-4922-b90f-9cce1b3fa111-scaled.jpg?resize=2048%2C2048&amp;ssl=1 2048w, https:\\\/\\\/i0.wp.com\\\/blogs.nmz.de\\\/badblog\\\/files\\\/2025\\\/01\\\/32d0e254-2bf2-4922-b90f-9cce1b3fa111-scaled.jpg?resize=70%2C70&amp;ssl=1 70w, https:\\\/\\\/i0.wp.com\\\/blogs.nmz.de\\\/badblog\\\/files\\\/2025\\\/01\\\/32d0e254-2bf2-4922-b90f-9cce1b3fa111-scaled.jpg?resize=80%2C80&amp;ssl=1 80w, https:\\\/\\\/i0.wp.com\\\/blogs.nmz.de\\\/badblog\\\/files\\\/2025\\\/01\\\/32d0e254-2bf2-4922-b90f-9cce1b3fa111-scaled.jpg?resize=320%2C320&amp;ssl=1 320w, https:\\\/\\\/i0.wp.com\\\/blogs.nmz.de\\\/badblog\\\/files\\\/2025\\\/01\\\/32d0e254-2bf2-4922-b90f-9cce1b3fa111-scaled.jpg?resize=1320%2C1320&amp;ssl=1 1320w&quot;,&quot;fratio&quot;:1},&quot;ppe-8338-11&quot;:{&quot;title&quot;:&quot;247 &#8211; Learnings and review 2024&quot;,&quot;description&quot;:&quot;&lt;p&gt;solo episode with soprano Irene Kurka&lt;\\\/p&gt;\\n&lt;p&gt;Irene Kurka is reflecting on 2024. This a personal episode.&lt;\\\/p&gt;\\n&lt;p&gt;Thank you for listening!&lt;\\\/p&gt;\\n&lt;p&gt;Merry Christmas and a happy new year!!!&lt;\\\/p&gt;\\n&lt;p&gt;Fr\\u00f6hliche Weihnachten und ein gl\\u00fcckliches 2025!&lt;\\\/p&gt;\\n&lt;p&gt;Danke f\\u00fcrs Zuh\\u00f6ren, Einschalten und eure Treue!&lt;\\\/p&gt;\\n&lt;p&gt;&lt;a href=\\&quot;http:\\\/\\\/www.irenekurka.de\\&quot;&gt;www.irenekurka.de&lt;\\\/a&gt;&lt;\\\/p&gt;\\n&lt;p&gt;&lt;a href=\\&quot;https:\\\/\\\/irenekurka.de\\\/book-me\\\/coaching\\&quot;&gt;https:\\\/\\\/irenekurka.de\\\/book-me\\\/coaching&lt;\\\/a&gt;&lt;\\\/p&gt;\\n&lt;p&gt;&lt;a href=\\&quot;https:\\\/\\\/www.patreon.com\\\/c\\\/user\\\/shop?u=112648747\\&quot;&gt;https:\\\/\\\/www.patreon.com\\\/c\\\/user\\\/shop?u=112648747&lt;\\\/a&gt;&lt;\\\/p&gt;\\n&lt;p&gt;Kooperationspartnerin der nmz&lt;\\\/p&gt;\\n&lt;p&gt;&lt;a href=\\&quot;http:\\\/\\\/www.nmz.de\\&quot;&gt;www.nmz.de&lt;\\\/a&gt;&lt;\\\/p&gt;\\n&quot;,&quot;author&quot;:&quot;Kurka&quot;,&quot;date&quot;:&quot;18. Dezember 2024&quot;,&quot;link&quot;:&quot;https:\\\/\\\/neuemusikleben.podigee.io\\\/250-neue-episode&quot;,&quot;src&quot;:&quot;https:\\\/\\\/audio.podigee-cdn.net\\\/1695503-m-bbffd740d9c5a525cc6b30b08eb4f6f6.mp3?source=feed&quot;,&quot;featured&quot;:&quot;https:\\\/\\\/i0.wp.com\\\/blogs.nmz.de\\\/badblog\\\/files\\\/2024\\\/12\\\/bd3843bd-e368-4ccc-97f6-a15df74b881b-scaled.jpg?fit=768%2C768&#038;ssl=1&quot;,&quot;featured_id&quot;:29572,&quot;mediatype&quot;:&quot;audio&quot;,&quot;season&quot;:0,&quot;categories&quot;:[],&quot;duration&quot;:&quot;19:44&quot;,&quot;episodetype&quot;:&quot;full&quot;,&quot;timestamp&quot;:1734504900,&quot;key&quot;:&quot;ed516215afef2d7f34c965b3c2d78d23&quot;,&quot;fset&quot;:&quot;https:\\\/\\\/i0.wp.com\\\/blogs.nmz.de\\\/badblog\\\/files\\\/2024\\\/12\\\/bd3843bd-e368-4ccc-97f6-a15df74b881b-scaled.jpg?w=2560&amp;ssl=1 2560w, https:\\\/\\\/i0.wp.com\\\/blogs.nmz.de\\\/badblog\\\/files\\\/2024\\\/12\\\/bd3843bd-e368-4ccc-97f6-a15df74b881b-scaled.jpg?resize=480%2C480&amp;ssl=1 480w, https:\\\/\\\/i0.wp.com\\\/blogs.nmz.de\\\/badblog\\\/files\\\/2024\\\/12\\\/bd3843bd-e368-4ccc-97f6-a15df74b881b-scaled.jpg?resize=1024%2C1024&amp;ssl=1 1024w, https:\\\/\\\/i0.wp.com\\\/blogs.nmz.de\\\/badblog\\\/files\\\/2024\\\/12\\\/bd3843bd-e368-4ccc-97f6-a15df74b881b-scaled.jpg?resize=150%2C150&amp;ssl=1 150w, https:\\\/\\\/i0.wp.com\\\/blogs.nmz.de\\\/badblog\\\/files\\\/2024\\\/12\\\/bd3843bd-e368-4ccc-97f6-a15df74b881b-scaled.jpg?resize=768%2C768&amp;ssl=1 768w, https:\\\/\\\/i0.wp.com\\\/blogs.nmz.de\\\/badblog\\\/files\\\/2024\\\/12\\\/bd3843bd-e368-4ccc-97f6-a15df74b881b-scaled.jpg?resize=1536%2C1536&amp;ssl=1 1536w, https:\\\/\\\/i0.wp.com\\\/blogs.nmz.de\\\/badblog\\\/files\\\/2024\\\/12\\\/bd3843bd-e368-4ccc-97f6-a15df74b881b-scaled.jpg?resize=2048%2C2048&amp;ssl=1 2048w, https:\\\/\\\/i0.wp.com\\\/blogs.nmz.de\\\/badblog\\\/files\\\/2024\\\/12\\\/bd3843bd-e368-4ccc-97f6-a15df74b881b-scaled.jpg?resize=70%2C70&amp;ssl=1 70w, https:\\\/\\\/i0.wp.com\\\/blogs.nmz.de\\\/badblog\\\/files\\\/2024\\\/12\\\/bd3843bd-e368-4ccc-97f6-a15df74b881b-scaled.jpg?resize=80%2C80&amp;ssl=1 80w, https:\\\/\\\/i0.wp.com\\\/blogs.nmz.de\\\/badblog\\\/files\\\/2024\\\/12\\\/bd3843bd-e368-4ccc-97f6-a15df74b881b-scaled.jpg?resize=320%2C320&amp;ssl=1 320w, https:\\\/\\\/i0.wp.com\\\/blogs.nmz.de\\\/badblog\\\/files\\\/2024\\\/12\\\/bd3843bd-e368-4ccc-97f6-a15df74b881b-scaled.jpg?resize=1320%2C1320&amp;ssl=1 1320w&quot;,&quot;fratio&quot;:1},&quot;ppe-8338-12&quot;:{&quot;title&quot;:&quot;246 &#8211; R\\u00fcckblick und Learnings 2024&quot;,&quot;description&quot;:&quot;&lt;p&gt;Solofolge mit Irene Kurka&lt;\\\/p&gt;\\n&lt;p&gt;Irene Kurka spricht \\u00fcber ihre Erfahrungen, Neuerungen und Erfolge rund um den Podcast, Konzerte in Braga, Luxembourg, Coaching, Human Design, Entspannung und Ruhe und vieles mehr.&lt;\\\/p&gt;\\n&lt;p&gt;Fr\\u00f6hliche Weihnachten und ein gl\\u00fcckliches 2025!&lt;\\\/p&gt;\\n&lt;p&gt;Danke f\\u00fcrs Zuh\\u00f6ren, Einschalten und eure Treue!&lt;\\\/p&gt;\\n&lt;p&gt;&lt;a href=\\&quot;http:\\\/\\\/www.irenekurka.de\\&quot;&gt;www.irenekurka.de&lt;\\\/a&gt;&lt;\\\/p&gt;\\n&lt;p&gt;&lt;a href=\\&quot;https:\\\/\\\/irenekurka.de\\\/book-me\\\/coaching\\&quot;&gt;https:\\\/\\\/irenekurka.de\\\/book-me\\\/coaching&lt;\\\/a&gt;&lt;\\\/p&gt;\\n&lt;p&gt;&lt;a href=\\&quot;https:\\\/\\\/www.patreon.com\\\/c\\\/user\\\/shop?u=112648747\\&quot;&gt;https:\\\/\\\/www.patreon.com\\\/c\\\/user\\\/shop?u=112648747&lt;\\\/a&gt;&lt;\\\/p&gt;\\n&lt;p&gt;Kooperationspartnerin der nmz&lt;\\\/p&gt;\\n&lt;p&gt;&lt;a href=\\&quot;http:\\\/\\\/www.nmz.de\\&quot;&gt;www.nmz.de&lt;\\\/a&gt;&lt;\\\/p&gt;\\n&quot;,&quot;author&quot;:&quot;Kurka&quot;,&quot;date&quot;:&quot;17. Dezember 2024&quot;,&quot;link&quot;:&quot;https:\\\/\\\/neuemusikleben.podigee.io\\\/243-neue-episode&quot;,&quot;src&quot;:&quot;https:\\\/\\\/audio.podigee-cdn.net\\\/1634311-m-283216d93c2923ac0ab6d02c249595d5.mp3?source=feed&quot;,&quot;featured&quot;:&quot;https:\\\/\\\/i0.wp.com\\\/blogs.nmz.de\\\/badblog\\\/files\\\/2024\\\/12\\\/ec8f2441-2d39-4d93-b90f-0430cfd1f7f5-scaled.jpg?fit=768%2C768&#038;ssl=1&quot;,&quot;featured_id&quot;:29571,&quot;mediatype&quot;:&quot;audio&quot;,&quot;season&quot;:0,&quot;categories&quot;:[],&quot;duration&quot;:&quot;28:09&quot;,&quot;episodetype&quot;:&quot;full&quot;,&quot;timestamp&quot;:1734412800,&quot;key&quot;:&quot;f5eed6f4084a738ed16e833610982a85&quot;,&quot;fset&quot;:&quot;https:\\\/\\\/i0.wp.com\\\/blogs.nmz.de\\\/badblog\\\/files\\\/2024\\\/12\\\/ec8f2441-2d39-4d93-b90f-0430cfd1f7f5-scaled.jpg?w=2560&amp;ssl=1 2560w, https:\\\/\\\/i0.wp.com\\\/blogs.nmz.de\\\/badblog\\\/files\\\/2024\\\/12\\\/ec8f2441-2d39-4d93-b90f-0430cfd1f7f5-scaled.jpg?resize=480%2C480&amp;ssl=1 480w, https:\\\/\\\/i0.wp.com\\\/blogs.nmz.de\\\/badblog\\\/files\\\/2024\\\/12\\\/ec8f2441-2d39-4d93-b90f-0430cfd1f7f5-scaled.jpg?resize=1024%2C1024&amp;ssl=1 1024w, https:\\\/\\\/i0.wp.com\\\/blogs.nmz.de\\\/badblog\\\/files\\\/2024\\\/12\\\/ec8f2441-2d39-4d93-b90f-0430cfd1f7f5-scaled.jpg?resize=150%2C150&amp;ssl=1 150w, https:\\\/\\\/i0.wp.com\\\/blogs.nmz.de\\\/badblog\\\/files\\\/2024\\\/12\\\/ec8f2441-2d39-4d93-b90f-0430cfd1f7f5-scaled.jpg?resize=768%2C768&amp;ssl=1 768w, https:\\\/\\\/i0.wp.com\\\/blogs.nmz.de\\\/badblog\\\/files\\\/2024\\\/12\\\/ec8f2441-2d39-4d93-b90f-0430cfd1f7f5-scaled.jpg?resize=1536%2C1536&amp;ssl=1 1536w, https:\\\/\\\/i0.wp.com\\\/blogs.nmz.de\\\/badblog\\\/files\\\/2024\\\/12\\\/ec8f2441-2d39-4d93-b90f-0430cfd1f7f5-scaled.jpg?resize=2048%2C2048&amp;ssl=1 2048w, https:\\\/\\\/i0.wp.com\\\/blogs.nmz.de\\\/badblog\\\/files\\\/2024\\\/12\\\/ec8f2441-2d39-4d93-b90f-0430cfd1f7f5-scaled.jpg?resize=70%2C70&amp;ssl=1 70w, https:\\\/\\\/i0.wp.com\\\/blogs.nmz.de\\\/badblog\\\/files\\\/2024\\\/12\\\/ec8f2441-2d39-4d93-b90f-0430cfd1f7f5-scaled.jpg?resize=80%2C80&amp;ssl=1 80w, https:\\\/\\\/i0.wp.com\\\/blogs.nmz.de\\\/badblog\\\/files\\\/2024\\\/12\\\/ec8f2441-2d39-4d93-b90f-0430cfd1f7f5-scaled.jpg?resize=320%2C320&amp;ssl=1 320w, https:\\\/\\\/i0.wp.com\\\/blogs.nmz.de\\\/badblog\\\/files\\\/2024\\\/12\\\/ec8f2441-2d39-4d93-b90f-0430cfd1f7f5-scaled.jpg?resize=1320%2C1320&amp;ssl=1 1320w&quot;,&quot;fratio&quot;:1},&quot;ppe-8338-13&quot;:{&quot;title&quot;:&quot;245 &#8211; Interview with Rosie Middleton &#8211; rainy days Luxembourg (4)&quot;,&quot;description&quot;:&quot;&lt;p&gt;mezzo-soprano&lt;\\\/p&gt;\\n&lt;p&gt;Rosie Middleton talks about her way into singing contemporary music and music theatre and how she enjoys exploring extreme situations for her voice and body. She shares her experience of 12 Hours at rainy day festival Luxembourg.This podcast is a cooperation with rainy days Philharmonie Luxembourg.&lt;\\\/p&gt;\\n&lt;p&gt;&lt;a href=\\&quot;https:\\\/\\\/rosiemiddleton.com\\\/\\&quot;&gt;https:\\\/\\\/rosiemiddleton.com\\\/&lt;\\\/a&gt;&lt;\\\/p&gt;\\n&lt;p&gt;&lt;a href=\\&quot;https:\\\/\\\/www.philharmonie.lu\\\/en\\\/programme\\\/2024-25\\\/festival-overview\\\/rainy-days-2024-0000013e00000470\\&quot;&gt;https:\\\/\\\/www.philharmonie.lu\\\/en\\\/programme\\\/2024-25\\\/festival-overview\\\/rainy-days-2024-0000013e00000470&lt;\\\/a&gt;&lt;\\\/p&gt;\\n&lt;p&gt;cooperating with Neue Musikzeitung &lt;a href=\\&quot;http:\\\/\\\/www.nmz.de\\&quot;&gt;www.nmz.de&lt;\\\/a&gt;&lt;\\\/p&gt;\\n&lt;p&gt;&lt;a href=\\&quot;http:\\\/\\\/www.irenekurka.de\\&quot;&gt;www.irenekurka.de&lt;\\\/a&gt;&lt;\\\/p&gt;\\n&quot;,&quot;author&quot;:&quot;Kurka&quot;,&quot;date&quot;:&quot;4. Dezember 2024&quot;,&quot;link&quot;:&quot;https:\\\/\\\/neuemusikleben.podigee.io\\\/249-neue-episode&quot;,&quot;src&quot;:&quot;https:\\\/\\\/audio.podigee-cdn.net\\\/1678089-m-0b3832e970f2426e81a62aff2ff7b34c.mp3?source=feed&quot;,&quot;featured&quot;:&quot;https:\\\/\\\/i0.wp.com\\\/blogs.nmz.de\\\/badblog\\\/files\\\/2024\\\/12\\\/dbdd6192-205d-471b-af05-6c8012544111-scaled.jpg?fit=768%2C768&#038;ssl=1&quot;,&quot;featured_id&quot;:29538,&quot;mediatype&quot;:&quot;audio&quot;,&quot;season&quot;:0,&quot;categories&quot;:[],&quot;duration&quot;:&quot;58:23&quot;,&quot;episodetype&quot;:&quot;full&quot;,&quot;timestamp&quot;:1733287800,&quot;key&quot;:&quot;59c06e5ee8c7948e85ffd5ce466e6121&quot;,&quot;fset&quot;:&quot;https:\\\/\\\/i0.wp.com\\\/blogs.nmz.de\\\/badblog\\\/files\\\/2024\\\/12\\\/dbdd6192-205d-471b-af05-6c8012544111-scaled.jpg?w=2560&amp;ssl=1 2560w, https:\\\/\\\/i0.wp.com\\\/blogs.nmz.de\\\/badblog\\\/files\\\/2024\\\/12\\\/dbdd6192-205d-471b-af05-6c8012544111-scaled.jpg?resize=480%2C480&amp;ssl=1 480w, https:\\\/\\\/i0.wp.com\\\/blogs.nmz.de\\\/badblog\\\/files\\\/2024\\\/12\\\/dbdd6192-205d-471b-af05-6c8012544111-scaled.jpg?resize=1024%2C1024&amp;ssl=1 1024w, https:\\\/\\\/i0.wp.com\\\/blogs.nmz.de\\\/badblog\\\/files\\\/2024\\\/12\\\/dbdd6192-205d-471b-af05-6c8012544111-scaled.jpg?resize=150%2C150&amp;ssl=1 150w, https:\\\/\\\/i0.wp.com\\\/blogs.nmz.de\\\/badblog\\\/files\\\/2024\\\/12\\\/dbdd6192-205d-471b-af05-6c8012544111-scaled.jpg?resize=768%2C768&amp;ssl=1 768w, https:\\\/\\\/i0.wp.com\\\/blogs.nmz.de\\\/badblog\\\/files\\\/2024\\\/12\\\/dbdd6192-205d-471b-af05-6c8012544111-scaled.jpg?resize=1536%2C1536&amp;ssl=1 1536w, https:\\\/\\\/i0.wp.com\\\/blogs.nmz.de\\\/badblog\\\/files\\\/2024\\\/12\\\/dbdd6192-205d-471b-af05-6c8012544111-scaled.jpg?resize=2048%2C2048&amp;ssl=1 2048w, https:\\\/\\\/i0.wp.com\\\/blogs.nmz.de\\\/badblog\\\/files\\\/2024\\\/12\\\/dbdd6192-205d-471b-af05-6c8012544111-scaled.jpg?resize=70%2C70&amp;ssl=1 70w, https:\\\/\\\/i0.wp.com\\\/blogs.nmz.de\\\/badblog\\\/files\\\/2024\\\/12\\\/dbdd6192-205d-471b-af05-6c8012544111-scaled.jpg?resize=80%2C80&amp;ssl=1 80w, https:\\\/\\\/i0.wp.com\\\/blogs.nmz.de\\\/badblog\\\/files\\\/2024\\\/12\\\/dbdd6192-205d-471b-af05-6c8012544111-scaled.jpg?resize=320%2C320&amp;ssl=1 320w, https:\\\/\\\/i0.wp.com\\\/blogs.nmz.de\\\/badblog\\\/files\\\/2024\\\/12\\\/dbdd6192-205d-471b-af05-6c8012544111-scaled.jpg?resize=1320%2C1320&amp;ssl=1 1320w&quot;,&quot;fratio&quot;:1},&quot;ppe-8338-14&quot;:{&quot;title&quot;:&quot;244 &#8211; Interview with Ana Sokolovic&quot;,&quot;description&quot;:&quot;&lt;p&gt;composer and professor&lt;\\\/p&gt;\\n&lt;p&gt;Ana Sokolovic talks about her way into new music and her big interest in vocal music and music theater. She shares with us what inspires her and she connects many different things in her works. &lt;\\\/p&gt;\\n&lt;p&gt;&lt;a href=\\&quot;https:\\\/\\\/www.anasokolovic.com\\\/en\\\/\\&quot;&gt;https:\\\/\\\/www.anasokolovic.com\\\/en\\\/&lt;\\\/a&gt;&lt;\\\/p&gt;\\n&lt;p&gt;&lt;a href=\\&quot;https:\\\/\\\/www.boosey.com\\\/composer\\\/Ana+Sokolovic\\&quot;&gt;https:\\\/\\\/www.boosey.com\\\/composer\\\/Ana+Sokolovic&lt;\\\/a&gt;&lt;\\\/p&gt;\\n&lt;p&gt;&lt;a href=\\&quot;https:\\\/\\\/creationopera.ca\\\/en\\\/\\&quot;&gt;https:\\\/\\\/creationopera.ca\\\/en\\\/&lt;\\\/a&gt;&lt;\\\/p&gt;\\n&lt;p&gt;Kooperationspartner der nmz&lt;br \\\/&gt;\\nder Neuen Musikzeitung&lt;br \\\/&gt;\\n&lt;a href=\\&quot;http:\\\/\\\/www.nmz.de\\&quot;&gt;www.nmz.de&lt;\\\/a&gt;&lt;\\\/p&gt;\\n&lt;p&gt;&lt;a href=\\&quot;http:\\\/\\\/www.irenekurka.de\\&quot;&gt;www.irenekurka.de&lt;\\\/a&gt;&lt;\\\/p&gt;\\n&lt;p&gt;&lt;a href=\\&quot;https:\\\/\\\/www.patreon.com\\\/c\\\/user?u=112648747\\&quot;&gt;https:\\\/\\\/www.patreon.com\\\/c\\\/user?u=112648747&lt;\\\/a&gt;&lt;\\\/p&gt;\\n&quot;,&quot;author&quot;:&quot;Kurka&quot;,&quot;date&quot;:&quot;3. Dezember 2024&quot;,&quot;link&quot;:&quot;https:\\\/\\\/neuemusikleben.podigee.io\\\/242-neue-episode&quot;,&quot;src&quot;:&quot;https:\\\/\\\/audio.podigee-cdn.net\\\/1548193-m-3d03dfb4b350d0be216ddc7bfa76b31d.mp3?source=feed&quot;,&quot;featured&quot;:&quot;https:\\\/\\\/i0.wp.com\\\/blogs.nmz.de\\\/badblog\\\/files\\\/2024\\\/12\\\/2bebc7e1-c78a-4b84-8576-33aa59bfeb8f-scaled.jpg?fit=768%2C768&#038;ssl=1&quot;,&quot;featured_id&quot;:29537,&quot;mediatype&quot;:&quot;audio&quot;,&quot;season&quot;:0,&quot;categories&quot;:[],&quot;duration&quot;:&quot;53:56&quot;,&quot;episodetype&quot;:&quot;full&quot;,&quot;timestamp&quot;:1733200500,&quot;key&quot;:&quot;5ef64a753bf8f14173397999c4b1239e&quot;,&quot;fset&quot;:&quot;https:\\\/\\\/i0.wp.com\\\/blogs.nmz.de\\\/badblog\\\/files\\\/2024\\\/12\\\/2bebc7e1-c78a-4b84-8576-33aa59bfeb8f-scaled.jpg?w=2560&amp;ssl=1 2560w, https:\\\/\\\/i0.wp.com\\\/blogs.nmz.de\\\/badblog\\\/files\\\/2024\\\/12\\\/2bebc7e1-c78a-4b84-8576-33aa59bfeb8f-scaled.jpg?resize=480%2C480&amp;ssl=1 480w, https:\\\/\\\/i0.wp.com\\\/blogs.nmz.de\\\/badblog\\\/files\\\/2024\\\/12\\\/2bebc7e1-c78a-4b84-8576-33aa59bfeb8f-scaled.jpg?resize=1024%2C1024&amp;ssl=1 1024w, https:\\\/\\\/i0.wp.com\\\/blogs.nmz.de\\\/badblog\\\/files\\\/2024\\\/12\\\/2bebc7e1-c78a-4b84-8576-33aa59bfeb8f-scaled.jpg?resize=150%2C150&amp;ssl=1 150w, https:\\\/\\\/i0.wp.com\\\/blogs.nmz.de\\\/badblog\\\/files\\\/2024\\\/12\\\/2bebc7e1-c78a-4b84-8576-33aa59bfeb8f-scaled.jpg?resize=768%2C768&amp;ssl=1 768w, https:\\\/\\\/i0.wp.com\\\/blogs.nmz.de\\\/badblog\\\/files\\\/2024\\\/12\\\/2bebc7e1-c78a-4b84-8576-33aa59bfeb8f-scaled.jpg?resize=1536%2C1536&amp;ssl=1 1536w, https:\\\/\\\/i0.wp.com\\\/blogs.nmz.de\\\/badblog\\\/files\\\/2024\\\/12\\\/2bebc7e1-c78a-4b84-8576-33aa59bfeb8f-scaled.jpg?resize=2048%2C2048&amp;ssl=1 2048w, https:\\\/\\\/i0.wp.com\\\/blogs.nmz.de\\\/badblog\\\/files\\\/2024\\\/12\\\/2bebc7e1-c78a-4b84-8576-33aa59bfeb8f-scaled.jpg?resize=70%2C70&amp;ssl=1 70w, https:\\\/\\\/i0.wp.com\\\/blogs.nmz.de\\\/badblog\\\/files\\\/2024\\\/12\\\/2bebc7e1-c78a-4b84-8576-33aa59bfeb8f-scaled.jpg?resize=80%2C80&amp;ssl=1 80w, https:\\\/\\\/i0.wp.com\\\/blogs.nmz.de\\\/badblog\\\/files\\\/2024\\\/12\\\/2bebc7e1-c78a-4b84-8576-33aa59bfeb8f-scaled.jpg?resize=320%2C320&amp;ssl=1 320w, https:\\\/\\\/i0.wp.com\\\/blogs.nmz.de\\\/badblog\\\/files\\\/2024\\\/12\\\/2bebc7e1-c78a-4b84-8576-33aa59bfeb8f-scaled.jpg?resize=1320%2C1320&amp;ssl=1 1320w&quot;,&quot;fratio&quot;:1},&quot;ppe-8338-15&quot;:{&quot;title&quot;:&quot;243 &#8211; Interview with the Arditti String Quartett &#8211; rainy days Luxembourg (3)&quot;,&quot;description&quot;:&quot;&lt;p&gt;Irvine Arditti, Ralf Ehlers and Ashot Sarkissjan&lt;\\\/p&gt;\\n&lt;p&gt;Irvine Arditti, Ralf Ehlers and Ashot Sarkissjan talk about 50 years Arditti Quartet &#8211; having performed a multitude of premieres and met so many different composers. They share thoughts about playing in a string quartet and how their different personalities melt into this wonderful ensemble form.&lt;\\\/p&gt;\\n&lt;p&gt;&lt;a href=\\&quot;https:\\\/\\\/ardittiquartet.com\\\/\\&quot;&gt;https:\\\/\\\/ardittiquartet.com\\\/&lt;\\\/a&gt;&lt;\\\/p&gt;\\n&lt;p&gt;This podcast is a cooperation with rainy days Philharmonie Luxembourg.&lt;\\\/p&gt;\\n&lt;p&gt;&lt;a href=\\&quot;https:\\\/\\\/www.philharmonie.lu\\\/en\\\/programme\\\/2024-25\\\/festival-overview\\\/rainy-days-2024-0000013e00000470\\&quot;&gt;https:\\\/\\\/www.philharmonie.lu\\\/en\\\/programme\\\/2024-25\\\/festival-overview\\\/rainy-days-2024-0000013e00000470&lt;\\\/a&gt;&lt;\\\/p&gt;\\n&lt;p&gt;cooperating with Neue Musikzeitung &lt;\\\/p&gt;\\n&lt;p&gt;&lt;a href=\\&quot;http:\\\/\\\/www.nmz.de\\&quot;&gt;www.nmz.de&lt;\\\/a&gt;&lt;\\\/p&gt;\\n&lt;p&gt;&lt;a href=\\&quot;http:\\\/\\\/www.irenekurka.de\\&quot;&gt;www.irenekurka.de&lt;\\\/a&gt;&lt;\\\/p&gt;\\n&quot;,&quot;author&quot;:&quot;Kurka&quot;,&quot;date&quot;:&quot;27. November 2024&quot;,&quot;link&quot;:&quot;https:\\\/\\\/neuemusikleben.podigee.io\\\/248-neue-episode&quot;,&quot;src&quot;:&quot;https:\\\/\\\/audio.podigee-cdn.net\\\/1678088-m-1351990eb384abca212dd654b87d9dd5.mp3?source=feed&quot;,&quot;featured&quot;:&quot;https:\\\/\\\/i0.wp.com\\\/blogs.nmz.de\\\/badblog\\\/files\\\/2024\\\/11\\\/55029de7-be2e-47bd-8b47-1cf16a6bd702-scaled.jpg?fit=768%2C768&#038;ssl=1&quot;,&quot;featured_id&quot;:29499,&quot;mediatype&quot;:&quot;audio&quot;,&quot;season&quot;:0,&quot;categories&quot;:[],&quot;duration&quot;:&quot;34:01&quot;,&quot;episodetype&quot;:&quot;full&quot;,&quot;timestamp&quot;:1732682700,&quot;key&quot;:&quot;75395fbb51b54f880353904a28418d41&quot;,&quot;fset&quot;:&quot;https:\\\/\\\/i0.wp.com\\\/blogs.nmz.de\\\/badblog\\\/files\\\/2024\\\/11\\\/55029de7-be2e-47bd-8b47-1cf16a6bd702-scaled.jpg?w=2560&amp;ssl=1 2560w, https:\\\/\\\/i0.wp.com\\\/blogs.nmz.de\\\/badblog\\\/files\\\/2024\\\/11\\\/55029de7-be2e-47bd-8b47-1cf16a6bd702-scaled.jpg?resize=480%2C480&amp;ssl=1 480w, https:\\\/\\\/i0.wp.com\\\/blogs.nmz.de\\\/badblog\\\/files\\\/2024\\\/11\\\/55029de7-be2e-47bd-8b47-1cf16a6bd702-scaled.jpg?resize=1024%2C1024&amp;ssl=1 1024w, https:\\\/\\\/i0.wp.com\\\/blogs.nmz.de\\\/badblog\\\/files\\\/2024\\\/11\\\/55029de7-be2e-47bd-8b47-1cf16a6bd702-scaled.jpg?resize=150%2C150&amp;ssl=1 150w, https:\\\/\\\/i0.wp.com\\\/blogs.nmz.de\\\/badblog\\\/files\\\/2024\\\/11\\\/55029de7-be2e-47bd-8b47-1cf16a6bd702-scaled.jpg?resize=768%2C768&amp;ssl=1 768w, https:\\\/\\\/i0.wp.com\\\/blogs.nmz.de\\\/badblog\\\/files\\\/2024\\\/11\\\/55029de7-be2e-47bd-8b47-1cf16a6bd702-scaled.jpg?resize=1536%2C1536&amp;ssl=1 1536w, https:\\\/\\\/i0.wp.com\\\/blogs.nmz.de\\\/badblog\\\/files\\\/2024\\\/11\\\/55029de7-be2e-47bd-8b47-1cf16a6bd702-scaled.jpg?resize=2048%2C2048&amp;ssl=1 2048w, https:\\\/\\\/i0.wp.com\\\/blogs.nmz.de\\\/badblog\\\/files\\\/2024\\\/11\\\/55029de7-be2e-47bd-8b47-1cf16a6bd702-scaled.jpg?resize=70%2C70&amp;ssl=1 70w, https:\\\/\\\/i0.wp.com\\\/blogs.nmz.de\\\/badblog\\\/files\\\/2024\\\/11\\\/55029de7-be2e-47bd-8b47-1cf16a6bd702-scaled.jpg?resize=80%2C80&amp;ssl=1 80w, https:\\\/\\\/i0.wp.com\\\/blogs.nmz.de\\\/badblog\\\/files\\\/2024\\\/11\\\/55029de7-be2e-47bd-8b47-1cf16a6bd702-scaled.jpg?resize=320%2C320&amp;ssl=1 320w, https:\\\/\\\/i0.wp.com\\\/blogs.nmz.de\\\/badblog\\\/files\\\/2024\\\/11\\\/55029de7-be2e-47bd-8b47-1cf16a6bd702-scaled.jpg?resize=1320%2C1320&amp;ssl=1 1320w&quot;,&quot;fratio&quot;:1},&quot;ppe-8338-16&quot;:{&quot;title&quot;:&quot;242 &#8211; Interview with Rhodri Davies rainy days Luxembourg (2)&quot;,&quot;description&quot;:&quot;&lt;p&gt;harpist, composer, performer&lt;\\\/p&gt;\\n&lt;p&gt;Rhodri Davies talks about his encounter with contemporary music, improvisation and his obsession with the harp. Harp is the center of his artistic life and has led to many projects and collaborations. He talks about special features of the harp that has inspired composers to write for instrument. Rhodri talks about his &#8218;extreme&#8216; program which he will play at rainy days.&lt;\\\/p&gt;\\n&lt;p&gt;&lt;a href=\\&quot;https:\\\/\\\/rhodridavies.bandcamp.com\\\/music\\&quot;&gt;https:\\\/\\\/rhodridavies.bandcamp.com\\\/music&lt;\\\/a&gt;&lt;\\\/p&gt;\\n&lt;p&gt;&lt;a href=\\&quot;https:\\\/\\\/rhodridavies.com\\\/\\&quot;&gt;https:\\\/\\\/rhodridavies.com\\\/&lt;\\\/a&gt;&lt;\\\/p&gt;\\n&lt;p&gt;This podcast is a cooperation with rainy days Philharmonie Luxembourg.&lt;\\\/p&gt;\\n&lt;p&gt;&lt;a href=\\&quot;https:\\\/\\\/www.philharmonie.lu\\\/en\\\/programme\\\/2024-25\\\/festival-overview\\\/rainy-days-2024-0000013e00000470\\&quot;&gt;https:\\\/\\\/www.philharmonie.lu\\\/en\\\/programme\\\/2024-25\\\/festival-overview\\\/rainy-days-2024-0000013e00000470&lt;\\\/a&gt;&lt;\\\/p&gt;\\n&lt;p&gt;cooperating with Neue Musikzeitung &lt;a href=\\&quot;http:\\\/\\\/www.nmz.de\\&quot;&gt;www.nmz.de&lt;\\\/a&gt;&lt;\\\/p&gt;\\n&lt;p&gt;&lt;a href=\\&quot;http:\\\/\\\/www.irenekurka.de\\&quot;&gt;www.irenekurka.de&lt;\\\/a&gt;&lt;\\\/p&gt;\\n&quot;,&quot;author&quot;:&quot;Kurka&quot;,&quot;date&quot;:&quot;20. November 2024&quot;,&quot;link&quot;:&quot;https:\\\/\\\/neuemusikleben.podigee.io\\\/247-neue-episode&quot;,&quot;src&quot;:&quot;https:\\\/\\\/audio.podigee-cdn.net\\\/1677643-m-f071505543c5aab6db9854d7713f0b00.mp3?source=feed&quot;,&quot;featured&quot;:&quot;https:\\\/\\\/i0.wp.com\\\/blogs.nmz.de\\\/badblog\\\/files\\\/2024\\\/11\\\/3bf95f93-8676-42fe-a5eb-6c10d3426c7e-scaled.jpg?fit=768%2C768&#038;ssl=1&quot;,&quot;featured_id&quot;:29490,&quot;mediatype&quot;:&quot;audio&quot;,&quot;season&quot;:0,&quot;categories&quot;:[],&quot;duration&quot;:&quot;48:18&quot;,&quot;episodetype&quot;:&quot;full&quot;,&quot;timestamp&quot;:1732077600,&quot;key&quot;:&quot;1e9dfa9e007232f277f60c467a41e5e1&quot;,&quot;fset&quot;:&quot;https:\\\/\\\/i0.wp.com\\\/blogs.nmz.de\\\/badblog\\\/files\\\/2024\\\/11\\\/3bf95f93-8676-42fe-a5eb-6c10d3426c7e-scaled.jpg?w=2560&amp;ssl=1 2560w, https:\\\/\\\/i0.wp.com\\\/blogs.nmz.de\\\/badblog\\\/files\\\/2024\\\/11\\\/3bf95f93-8676-42fe-a5eb-6c10d3426c7e-scaled.jpg?resize=480%2C480&amp;ssl=1 480w, https:\\\/\\\/i0.wp.com\\\/blogs.nmz.de\\\/badblog\\\/files\\\/2024\\\/11\\\/3bf95f93-8676-42fe-a5eb-6c10d3426c7e-scaled.jpg?resize=1024%2C1024&amp;ssl=1 1024w, https:\\\/\\\/i0.wp.com\\\/blogs.nmz.de\\\/badblog\\\/files\\\/2024\\\/11\\\/3bf95f93-8676-42fe-a5eb-6c10d3426c7e-scaled.jpg?resize=150%2C150&amp;ssl=1 150w, https:\\\/\\\/i0.wp.com\\\/blogs.nmz.de\\\/badblog\\\/files\\\/2024\\\/11\\\/3bf95f93-8676-42fe-a5eb-6c10d3426c7e-scaled.jpg?resize=768%2C768&amp;ssl=1 768w, https:\\\/\\\/i0.wp.com\\\/blogs.nmz.de\\\/badblog\\\/files\\\/2024\\\/11\\\/3bf95f93-8676-42fe-a5eb-6c10d3426c7e-scaled.jpg?resize=1536%2C1536&amp;ssl=1 1536w, https:\\\/\\\/i0.wp.com\\\/blogs.nmz.de\\\/badblog\\\/files\\\/2024\\\/11\\\/3bf95f93-8676-42fe-a5eb-6c10d3426c7e-scaled.jpg?resize=2048%2C2048&amp;ssl=1 2048w, https:\\\/\\\/i0.wp.com\\\/blogs.nmz.de\\\/badblog\\\/files\\\/2024\\\/11\\\/3bf95f93-8676-42fe-a5eb-6c10d3426c7e-scaled.jpg?resize=70%2C70&amp;ssl=1 70w, https:\\\/\\\/i0.wp.com\\\/blogs.nmz.de\\\/badblog\\\/files\\\/2024\\\/11\\\/3bf95f93-8676-42fe-a5eb-6c10d3426c7e-scaled.jpg?resize=80%2C80&amp;ssl=1 80w, https:\\\/\\\/i0.wp.com\\\/blogs.nmz.de\\\/badblog\\\/files\\\/2024\\\/11\\\/3bf95f93-8676-42fe-a5eb-6c10d3426c7e-scaled.jpg?resize=320%2C320&amp;ssl=1 320w, https:\\\/\\\/i0.wp.com\\\/blogs.nmz.de\\\/badblog\\\/files\\\/2024\\\/11\\\/3bf95f93-8676-42fe-a5eb-6c10d3426c7e-scaled.jpg?resize=1320%2C1320&amp;ssl=1 1320w&quot;,&quot;fratio&quot;:1},&quot;ppe-8338-17&quot;:{&quot;title&quot;:&quot;241 &#8211; Interview mit Sabine Bergk&quot;,&quot;description&quot;:&quot;&lt;p&gt;Lyrikerin, Regisseurin, Podcasterin&lt;\\\/p&gt;\\n&lt;p&gt;Sabine Bergk betreibt erfolgreich den Podcast \\u201eLieder k\\u00f6nnen fliegen\\u201c. Sie erz\\u00e4hlt von ihrem k\\u00fcnstlerischen Werdegang, wie sie als Regisseurin, Autorin, Lyrikerin gearbeitet hat und welche wunderbaren Projekte ihres Weges gekommen sind. Sie spricht \\u00fcber ihre Liebe zum Kunstlied und ihre Kooperationen mit Komponist:innen und vieles mehr.&lt;\\\/p&gt;\\n&lt;p&gt;&lt;a href=\\&quot;http:\\\/\\\/www.sabinebergk.de\\&quot;&gt;www.sabinebergk.de&lt;\\\/a&gt;&lt;\\\/p&gt;\\n&quot;,&quot;author&quot;:&quot;Kurka&quot;,&quot;date&quot;:&quot;19. November 2024&quot;,&quot;link&quot;:&quot;https:\\\/\\\/neuemusikleben.podigee.io\\\/241-neue-episode&quot;,&quot;src&quot;:&quot;https:\\\/\\\/audio.podigee-cdn.net\\\/1548192-m-a6c1dff2cf426cad8f951f9ba94b093d.mp3?source=feed&quot;,&quot;featured&quot;:&quot;https:\\\/\\\/i0.wp.com\\\/blogs.nmz.de\\\/badblog\\\/files\\\/2024\\\/11\\\/1cfd00bd-9efa-42b0-9c08-b02828ff984a-scaled.jpg?fit=768%2C768&#038;ssl=1&quot;,&quot;featured_id&quot;:29489,&quot;mediatype&quot;:&quot;audio&quot;,&quot;season&quot;:0,&quot;categories&quot;:[],&quot;duration&quot;:&quot;49:00&quot;,&quot;episodetype&quot;:&quot;full&quot;,&quot;timestamp&quot;:1731991800,&quot;key&quot;:&quot;b196c384dbc8c49a944a0ef427ea223c&quot;,&quot;fset&quot;:&quot;https:\\\/\\\/i0.wp.com\\\/blogs.nmz.de\\\/badblog\\\/files\\\/2024\\\/11\\\/1cfd00bd-9efa-42b0-9c08-b02828ff984a-scaled.jpg?w=2560&amp;ssl=1 2560w, https:\\\/\\\/i0.wp.com\\\/blogs.nmz.de\\\/badblog\\\/files\\\/2024\\\/11\\\/1cfd00bd-9efa-42b0-9c08-b02828ff984a-scaled.jpg?resize=480%2C480&amp;ssl=1 480w, https:\\\/\\\/i0.wp.com\\\/blogs.nmz.de\\\/badblog\\\/files\\\/2024\\\/11\\\/1cfd00bd-9efa-42b0-9c08-b02828ff984a-scaled.jpg?resize=1024%2C1024&amp;ssl=1 1024w, https:\\\/\\\/i0.wp.com\\\/blogs.nmz.de\\\/badblog\\\/files\\\/2024\\\/11\\\/1cfd00bd-9efa-42b0-9c08-b02828ff984a-scaled.jpg?resize=150%2C150&amp;ssl=1 150w, https:\\\/\\\/i0.wp.com\\\/blogs.nmz.de\\\/badblog\\\/files\\\/2024\\\/11\\\/1cfd00bd-9efa-42b0-9c08-b02828ff984a-scaled.jpg?resize=768%2C768&amp;ssl=1 768w, https:\\\/\\\/i0.wp.com\\\/blogs.nmz.de\\\/badblog\\\/files\\\/2024\\\/11\\\/1cfd00bd-9efa-42b0-9c08-b02828ff984a-scaled.jpg?resize=1536%2C1536&amp;ssl=1 1536w, https:\\\/\\\/i0.wp.com\\\/blogs.nmz.de\\\/badblog\\\/files\\\/2024\\\/11\\\/1cfd00bd-9efa-42b0-9c08-b02828ff984a-scaled.jpg?resize=2048%2C2048&amp;ssl=1 2048w, https:\\\/\\\/i0.wp.com\\\/blogs.nmz.de\\\/badblog\\\/files\\\/2024\\\/11\\\/1cfd00bd-9efa-42b0-9c08-b02828ff984a-scaled.jpg?resize=70%2C70&amp;ssl=1 70w, https:\\\/\\\/i0.wp.com\\\/blogs.nmz.de\\\/badblog\\\/files\\\/2024\\\/11\\\/1cfd00bd-9efa-42b0-9c08-b02828ff984a-scaled.jpg?resize=80%2C80&amp;ssl=1 80w, https:\\\/\\\/i0.wp.com\\\/blogs.nmz.de\\\/badblog\\\/files\\\/2024\\\/11\\\/1cfd00bd-9efa-42b0-9c08-b02828ff984a-scaled.jpg?resize=320%2C320&amp;ssl=1 320w, https:\\\/\\\/i0.wp.com\\\/blogs.nmz.de\\\/badblog\\\/files\\\/2024\\\/11\\\/1cfd00bd-9efa-42b0-9c08-b02828ff984a-scaled.jpg?resize=1320%2C1320&amp;ssl=1 1320w&quot;,&quot;fratio&quot;:1},&quot;ppe-8338-18&quot;:{&quot;title&quot;:&quot;240 &#8211; Interview with Catherine Kontz \\u2013 rainy days Luxembourg (1)&quot;,&quot;description&quot;:&quot;&lt;p&gt;Artistic director rainy days Festival in Luxembourg&lt;\\\/p&gt;\\n&lt;p&gt;The composer Catherine Kontz is the artistic director of rainy days Luxembourg since 2022. She talks about how she curates, how she brings the audience to the festival and everything that is unique at rainy days.&lt;\\\/p&gt;\\n&lt;p&gt;This podcast is a cooperation with rainy days Philharmonie Luxembourg.&lt;\\\/p&gt;\\n&lt;p&gt;&lt;a href=\\&quot;https:\\\/\\\/www.philharmonie.lu\\\/en\\\/programme\\\/2024-25\\\/festival-overview\\\/rainy-days-2024-0000013e00000470\\&quot;&gt;https:\\\/\\\/www.philharmonie.lu\\\/en\\\/programme\\\/2024-25\\\/festival-overview\\\/rainy-days-2024-0000013e00000470&lt;\\\/a&gt;&lt;\\\/p&gt;\\n&lt;p&gt;cooperating with Neue Musikzeitung&lt;br \\\/&gt;\\n&lt;a href=\\&quot;http:\\\/\\\/www.nmz.de\\&quot;&gt;www.nmz.de&lt;\\\/a&gt;&lt;\\\/p&gt;\\n&lt;p&gt;&lt;a href=\\&quot;http:\\\/\\\/www.irenekurka.de\\&quot;&gt;www.irenekurka.de&lt;\\\/a&gt;&lt;\\\/p&gt;\\n&quot;,&quot;author&quot;:&quot;Kurka&quot;,&quot;date&quot;:&quot;13. November 2024&quot;,&quot;link&quot;:&quot;https:\\\/\\\/neuemusikleben.podigee.io\\\/246-neue-episode&quot;,&quot;src&quot;:&quot;https:\\\/\\\/audio.podigee-cdn.net\\\/1670789-m-5701a704a956ba62714c5cc8629dac51.mp3?source=feed&quot;,&quot;featured&quot;:&quot;https:\\\/\\\/i0.wp.com\\\/blogs.nmz.de\\\/badblog\\\/files\\\/2024\\\/11\\\/a120212f-9882-4a1b-a65c-5f55486c5d27-scaled.jpg?fit=768%2C768&#038;ssl=1&quot;,&quot;featured_id&quot;:29481,&quot;mediatype&quot;:&quot;audio&quot;,&quot;season&quot;:0,&quot;categories&quot;:[],&quot;duration&quot;:&quot;59:08&quot;,&quot;episodetype&quot;:&quot;full&quot;,&quot;timestamp&quot;:1731467100,&quot;key&quot;:&quot;1a755cf009d498a5e39606532078df34&quot;,&quot;fset&quot;:&quot;https:\\\/\\\/i0.wp.com\\\/blogs.nmz.de\\\/badblog\\\/files\\\/2024\\\/11\\\/a120212f-9882-4a1b-a65c-5f55486c5d27-scaled.jpg?w=2560&amp;ssl=1 2560w, https:\\\/\\\/i0.wp.com\\\/blogs.nmz.de\\\/badblog\\\/files\\\/2024\\\/11\\\/a120212f-9882-4a1b-a65c-5f55486c5d27-scaled.jpg?resize=480%2C480&amp;ssl=1 480w, https:\\\/\\\/i0.wp.com\\\/blogs.nmz.de\\\/badblog\\\/files\\\/2024\\\/11\\\/a120212f-9882-4a1b-a65c-5f55486c5d27-scaled.jpg?resize=1024%2C1024&amp;ssl=1 1024w, https:\\\/\\\/i0.wp.com\\\/blogs.nmz.de\\\/badblog\\\/files\\\/2024\\\/11\\\/a120212f-9882-4a1b-a65c-5f55486c5d27-scaled.jpg?resize=150%2C150&amp;ssl=1 150w, https:\\\/\\\/i0.wp.com\\\/blogs.nmz.de\\\/badblog\\\/files\\\/2024\\\/11\\\/a120212f-9882-4a1b-a65c-5f55486c5d27-scaled.jpg?resize=768%2C768&amp;ssl=1 768w, https:\\\/\\\/i0.wp.com\\\/blogs.nmz.de\\\/badblog\\\/files\\\/2024\\\/11\\\/a120212f-9882-4a1b-a65c-5f55486c5d27-scaled.jpg?resize=1536%2C1536&amp;ssl=1 1536w, https:\\\/\\\/i0.wp.com\\\/blogs.nmz.de\\\/badblog\\\/files\\\/2024\\\/11\\\/a120212f-9882-4a1b-a65c-5f55486c5d27-scaled.jpg?resize=2048%2C2048&amp;ssl=1 2048w, https:\\\/\\\/i0.wp.com\\\/blogs.nmz.de\\\/badblog\\\/files\\\/2024\\\/11\\\/a120212f-9882-4a1b-a65c-5f55486c5d27-scaled.jpg?resize=70%2C70&amp;ssl=1 70w, https:\\\/\\\/i0.wp.com\\\/blogs.nmz.de\\\/badblog\\\/files\\\/2024\\\/11\\\/a120212f-9882-4a1b-a65c-5f55486c5d27-scaled.jpg?resize=80%2C80&amp;ssl=1 80w, https:\\\/\\\/i0.wp.com\\\/blogs.nmz.de\\\/badblog\\\/files\\\/2024\\\/11\\\/a120212f-9882-4a1b-a65c-5f55486c5d27-scaled.jpg?resize=320%2C320&amp;ssl=1 320w, https:\\\/\\\/i0.wp.com\\\/blogs.nmz.de\\\/badblog\\\/files\\\/2024\\\/11\\\/a120212f-9882-4a1b-a65c-5f55486c5d27-scaled.jpg?resize=1320%2C1320&amp;ssl=1 1320w&quot;,&quot;fratio&quot;:1},&quot;ppe-8338-19&quot;:{&quot;title&quot;:&quot;239 &#8211; Interview mit Valentin Ruckebier&quot;,&quot;description&quot;:&quot;&lt;p&gt;S\\u00e4nger und Komponist&lt;\\\/p&gt;\\n&lt;p&gt;Valentin Ruckebier spricht \\u00fcber die Balance zwischen Kopfarbeit als Komponist und K\\u00f6rperarbeit als S\\u00e4nger, und dar\\u00fcber, wie er Zeit zum Komponieren findet und gleichzeitig im festen Ensemble der Deutschen Oper am Rhein arbeitet. Er spricht \\u00fcber spezifische Situationen auf der Opernb\\u00fchne und auch, was es hei\\u00dft eine zeitgen\\u00f6ssische Oper zu komponieren. Als Komponist ist der den Kolleg:innen am Opernhaus eine Unterst\\u00fctzung bei modernen Werken, umgekehrt kann er auch gute Tipps f\\u00fcr Komponisten von Opern geben.&lt;\\\/p&gt;\\n&lt;p&gt;Dieses Interview wurde am 6.9.2024 live in der Zentralbibliothek D\\u00fcsseldorf aufgenommen. Vielen Dank an Thomas Kalk und sein Team!&lt;\\\/p&gt;\\n&lt;p&gt;&lt;a href=\\&quot;https:\\\/\\\/youtube.com\\\/@valentinruckebier4890?si=0kJ6MYLgJGrzY-t-\\&quot;&gt;https:\\\/\\\/youtube.com\\\/@valentinruckebier4890?si=0kJ6MYLgJGrzY-t-&lt;\\\/a&gt;&lt;\\\/p&gt;\\n&lt;p&gt;&lt;a href=\\&quot;https:\\\/\\\/www.instagram.com\\\/valentin_ruckebier\\\/profilecard\\\/?igsh=MTc1N2k5cWVnd3N1dg==\\&quot;&gt;https:\\\/\\\/www.instagram.com\\\/valentin_ruckebier\\\/profilecard\\\/?igsh=MTc1N2k5cWVnd3N1dg==&lt;\\\/a&gt;&lt;\\\/p&gt;\\n&quot;,&quot;author&quot;:&quot;Kurka&quot;,&quot;date&quot;:&quot;12. November 2024&quot;,&quot;link&quot;:&quot;https:\\\/\\\/neuemusikleben.podigee.io\\\/240-neue-episode&quot;,&quot;src&quot;:&quot;https:\\\/\\\/audio.podigee-cdn.net\\\/1548191-m-73d458fcdcca60dea15de7ea6f381474.mp3?source=feed&quot;,&quot;featured&quot;:&quot;https:\\\/\\\/i0.wp.com\\\/blogs.nmz.de\\\/badblog\\\/files\\\/2025\\\/09\\\/575c9792-8c57-4266-a193-16321ee0bd36-scaled.jpg?fit=768%2C768&#038;ssl=1&quot;,&quot;featured_id&quot;:30480,&quot;mediatype&quot;:&quot;audio&quot;,&quot;season&quot;:0,&quot;categories&quot;:[],&quot;duration&quot;:&quot;34:16&quot;,&quot;episodetype&quot;:&quot;full&quot;,&quot;timestamp&quot;:1731390300,&quot;key&quot;:&quot;915e859dc0eb954824674df4f61bce92&quot;,&quot;fset&quot;:&quot;https:\\\/\\\/i0.wp.com\\\/blogs.nmz.de\\\/badblog\\\/files\\\/2025\\\/09\\\/575c9792-8c57-4266-a193-16321ee0bd36-scaled.jpg?w=2560&amp;ssl=1 2560w, https:\\\/\\\/i0.wp.com\\\/blogs.nmz.de\\\/badblog\\\/files\\\/2025\\\/09\\\/575c9792-8c57-4266-a193-16321ee0bd36-scaled.jpg?resize=480%2C480&amp;ssl=1 480w, https:\\\/\\\/i0.wp.com\\\/blogs.nmz.de\\\/badblog\\\/files\\\/2025\\\/09\\\/575c9792-8c57-4266-a193-16321ee0bd36-scaled.jpg?resize=1024%2C1024&amp;ssl=1 1024w, https:\\\/\\\/i0.wp.com\\\/blogs.nmz.de\\\/badblog\\\/files\\\/2025\\\/09\\\/575c9792-8c57-4266-a193-16321ee0bd36-scaled.jpg?resize=150%2C150&amp;ssl=1 150w, https:\\\/\\\/i0.wp.com\\\/blogs.nmz.de\\\/badblog\\\/files\\\/2025\\\/09\\\/575c9792-8c57-4266-a193-16321ee0bd36-scaled.jpg?resize=768%2C768&amp;ssl=1 768w, https:\\\/\\\/i0.wp.com\\\/blogs.nmz.de\\\/badblog\\\/files\\\/2025\\\/09\\\/575c9792-8c57-4266-a193-16321ee0bd36-scaled.jpg?resize=1536%2C1536&amp;ssl=1 1536w, https:\\\/\\\/i0.wp.com\\\/blogs.nmz.de\\\/badblog\\\/files\\\/2025\\\/09\\\/575c9792-8c57-4266-a193-16321ee0bd36-scaled.jpg?resize=2048%2C2048&amp;ssl=1 2048w, https:\\\/\\\/i0.wp.com\\\/blogs.nmz.de\\\/badblog\\\/files\\\/2025\\\/09\\\/575c9792-8c57-4266-a193-16321ee0bd36-scaled.jpg?resize=70%2C70&amp;ssl=1 70w, https:\\\/\\\/i0.wp.com\\\/blogs.nmz.de\\\/badblog\\\/files\\\/2025\\\/09\\\/575c9792-8c57-4266-a193-16321ee0bd36-scaled.jpg?resize=80%2C80&amp;ssl=1 80w, https:\\\/\\\/i0.wp.com\\\/blogs.nmz.de\\\/badblog\\\/files\\\/2025\\\/09\\\/575c9792-8c57-4266-a193-16321ee0bd36-scaled.jpg?resize=320%2C320&amp;ssl=1 320w, https:\\\/\\\/i0.wp.com\\\/blogs.nmz.de\\\/badblog\\\/files\\\/2025\\\/09\\\/575c9792-8c57-4266-a193-16321ee0bd36-scaled.jpg?resize=1320%2C1320&amp;ssl=1 1320w&quot;,&quot;fratio&quot;:1},&quot;ppe-8338-20&quot;:{&quot;title&quot;:&quot;238 &#8211; Interview with Iris Seesj\\u00e4rvi&quot;,&quot;description&quot;:&quot;&lt;p&gt;singer, teacher, coach, doctoral researcher, author (in English)&lt;\\\/p&gt;\\n&lt;p&gt;Iris Seesj\\u00e4rvi tells us how she became interested in vocal shame and what lies behind it. She wrote her master\\u2019s thesis on the subject and published the book \\u201cNot Good Enough? Vocal Shame Among Finnish Classical Singers.\\u201d In this episode, we discuss everything related to vocal shame and how you can deal with it.&lt;\\\/p&gt;\\n&lt;p&gt;Books:&lt;\\\/p&gt;\\n&lt;pre&gt;&lt;code&gt;Ren\\u00e9e Fleming: \\u201cThe Inner Voice\\u201d\\nIris Seesj\\u00e4rvi: \\u201cNot Good Enough? Vocal Shame Among Finnish Singers\\u201d\\nKarita Mattila: \\u201cKorkealta ja kovaa\\u201d (\\u201cHigh and Loud\\u201d)\\n&lt;\\\/code&gt;&lt;\\\/pre&gt;\\n&lt;p&gt;&lt;a href=\\&quot;https:\\\/\\\/www.amazon.de\\\/dp\\\/9529487711\\&quot;&gt;https:\\\/\\\/www.amazon.de\\\/dp\\\/9529487711&lt;\\\/a&gt;&lt;\\\/p&gt;\\n&lt;p&gt;&lt;a href=\\&quot;http:\\\/\\\/www.vocalshame.com\\\/en\\&quot;&gt;www.vocalshame.com\\\/en&lt;\\\/a&gt;&lt;\\\/p&gt;\\n&lt;p&gt;&lt;a href=\\&quot;http:\\\/\\\/www.irisseesjarvi.com\\&quot;&gt;www.irisseesjarvi.com&lt;\\\/a&gt;&lt;\\\/p&gt;\\n&lt;p&gt;&lt;a href=\\&quot;https:\\\/\\\/www.youtube.com\\\/channel\\\/UCCe-UVdiTzrQBf67wyIRbLA\\&quot;&gt;https:\\\/\\\/www.youtube.com\\\/channel\\\/UCCe-UVdiTzrQBf67wyIRbLA&lt;\\\/a&gt; &lt;\\\/p&gt;\\n&lt;p&gt;&lt;a href=\\&quot;https:\\\/\\\/www.facebook.com\\\/61556202281714\\&quot;&gt;https:\\\/\\\/www.facebook.com\\\/61556202281714&lt;\\\/a&gt;&lt;\\\/p&gt;\\n&lt;p&gt;&lt;a href=\\&quot;https:\\\/\\\/www.instagram.com\\\/vocalshame\\\/\\&quot;&gt;https:\\\/\\\/www.instagram.com\\\/vocalshame\\\/&lt;\\\/a&gt;&lt;\\\/p&gt;\\n&lt;p&gt;&lt;a href=\\&quot;https:\\\/\\\/www.instagram.com\\\/irisseesjarvi\\\/\\&quot;&gt;https:\\\/\\\/www.instagram.com\\\/irisseesjarvi\\\/&lt;\\\/a&gt;&lt;\\\/p&gt;\\n&lt;p&gt;der Podcast ist Kooperationspartner der nmz.&lt;\\\/p&gt;\\n&lt;p&gt;&lt;a href=\\&quot;http:\\\/\\\/www.nmz.de\\&quot;&gt;www.nmz.de&lt;\\\/a&gt;&lt;\\\/p&gt;\\n&lt;p&gt;&lt;a href=\\&quot;http:\\\/\\\/www.irenekurka.de\\&quot;&gt;www.irenekurka.de&lt;\\\/a&gt;&lt;\\\/p&gt;\\n&lt;p&gt;NEU: Exklusiver neue musik leben DEEP DIVE mit viel Mehrwert mit Moritz Eggert, Silke Aichhorn, Holger Falk und mir. Danke f\\u00fcr euere Unterst\\u00fctzung!&lt;\\\/p&gt;\\n&lt;p&gt;Mit Moritz Eggert spreche dar\\u00fcber wie Kompositionsunterricht abl\\u00e4uft, wie unterschiedlich er Studierende unterst\\u00fctzt und was sein knallharter Faktencheck ist.&lt;br \\\/&gt;\\nMit Silke Aichhorn spreche ich \\u00fcber die Sch\\u00f6nheit und Komplexit\\u00e4t der Harfe. Ein Muss f\\u00fcr Komponierende die f\\u00fcr Harfe schreiben wollen!&lt;br \\\/&gt;\\nDie Folge mit dem Bariton Holger Falk ist magisch. Es geht um Polarit\\u00e4t, Bewusstsein, Nichtwissen und alles, hilft das Singen tiefer zu verstehen und auf ein next level zu bringen.&lt;br \\\/&gt;\\nMeine pers\\u00f6nlichste Folge ist Empathische auch Sensible Menschen im Musikbussiness. Ich spreche \\u00fcber meine Herausforderungen und welche Strategien ich entwickelt habe.&lt;br \\\/&gt;\\nHier findest du alle Folgen:&lt;\\\/p&gt;\\n&lt;p&gt;&lt;a href=\\&quot;https:\\\/\\\/www.patreon.com\\\/user\\\/shop?u=112648747\\&quot;&gt;https:\\\/\\\/www.patreon.com\\\/user\\\/shop?u=112648747&lt;\\\/a&gt;&lt;\\\/p&gt;\\n&quot;,&quot;author&quot;:&quot;Kurka&quot;,&quot;date&quot;:&quot;5. November 2024&quot;,&quot;link&quot;:&quot;https:\\\/\\\/neuemusikleben.podigee.io\\\/239-neue-episode&quot;,&quot;src&quot;:&quot;https:\\\/\\\/audio.podigee-cdn.net\\\/1548189-m-1a5dac1b72148a9c6b6e8c198eee72af.mp3?source=feed&quot;,&quot;featured&quot;:&quot;https:\\\/\\\/i0.wp.com\\\/blogs.nmz.de\\\/badblog\\\/files\\\/2025\\\/09\\\/72df1460-cc9d-4a9e-917e-1e08fbaf50dd-scaled.jpg?fit=768%2C768&#038;ssl=1&quot;,&quot;featured_id&quot;:30481,&quot;mediatype&quot;:&quot;audio&quot;,&quot;season&quot;:0,&quot;categories&quot;:[],&quot;duration&quot;:&quot;01:01:26&quot;,&quot;episodetype&quot;:&quot;full&quot;,&quot;timestamp&quot;:1730777700,&quot;key&quot;:&quot;1a7807062223e25ac18b317cf497ce3a&quot;,&quot;fset&quot;:&quot;https:\\\/\\\/i0.wp.com\\\/blogs.nmz.de\\\/badblog\\\/files\\\/2025\\\/09\\\/72df1460-cc9d-4a9e-917e-1e08fbaf50dd-scaled.jpg?w=2560&amp;ssl=1 2560w, https:\\\/\\\/i0.wp.com\\\/blogs.nmz.de\\\/badblog\\\/files\\\/2025\\\/09\\\/72df1460-cc9d-4a9e-917e-1e08fbaf50dd-scaled.jpg?resize=480%2C480&amp;ssl=1 480w, https:\\\/\\\/i0.wp.com\\\/blogs.nmz.de\\\/badblog\\\/files\\\/2025\\\/09\\\/72df1460-cc9d-4a9e-917e-1e08fbaf50dd-scaled.jpg?resize=1024%2C1024&amp;ssl=1 1024w, https:\\\/\\\/i0.wp.com\\\/blogs.nmz.de\\\/badblog\\\/files\\\/2025\\\/09\\\/72df1460-cc9d-4a9e-917e-1e08fbaf50dd-scaled.jpg?resize=150%2C150&amp;ssl=1 150w, https:\\\/\\\/i0.wp.com\\\/blogs.nmz.de\\\/badblog\\\/files\\\/2025\\\/09\\\/72df1460-cc9d-4a9e-917e-1e08fbaf50dd-scaled.jpg?resize=768%2C768&amp;ssl=1 768w, https:\\\/\\\/i0.wp.com\\\/blogs.nmz.de\\\/badblog\\\/files\\\/2025\\\/09\\\/72df1460-cc9d-4a9e-917e-1e08fbaf50dd-scaled.jpg?resize=1536%2C1536&amp;ssl=1 1536w, https:\\\/\\\/i0.wp.com\\\/blogs.nmz.de\\\/badblog\\\/files\\\/2025\\\/09\\\/72df1460-cc9d-4a9e-917e-1e08fbaf50dd-scaled.jpg?resize=2048%2C2048&amp;ssl=1 2048w, https:\\\/\\\/i0.wp.com\\\/blogs.nmz.de\\\/badblog\\\/files\\\/2025\\\/09\\\/72df1460-cc9d-4a9e-917e-1e08fbaf50dd-scaled.jpg?resize=70%2C70&amp;ssl=1 70w, https:\\\/\\\/i0.wp.com\\\/blogs.nmz.de\\\/badblog\\\/files\\\/2025\\\/09\\\/72df1460-cc9d-4a9e-917e-1e08fbaf50dd-scaled.jpg?resize=80%2C80&amp;ssl=1 80w, https:\\\/\\\/i0.wp.com\\\/blogs.nmz.de\\\/badblog\\\/files\\\/2025\\\/09\\\/72df1460-cc9d-4a9e-917e-1e08fbaf50dd-scaled.jpg?resize=320%2C320&amp;ssl=1 320w, https:\\\/\\\/i0.wp.com\\\/blogs.nmz.de\\\/badblog\\\/files\\\/2025\\\/09\\\/72df1460-cc9d-4a9e-917e-1e08fbaf50dd-scaled.jpg?resize=1320%2C1320&amp;ssl=1 1320w&quot;,&quot;fratio&quot;:1},&quot;load_info&quot;:{&quot;loaded&quot;:20,&quot;displayed&quot;:10,&quot;offset&quot;:0,&quot;maxItems&quot;:257,&quot;src&quot;:&quot;7d30e49c840a25546815d75f50feffff&quot;,&quot;step&quot;:10,&quot;sortby&quot;:&quot;sort_date_desc&quot;,&quot;filterby&quot;:&quot;&quot;,&quot;fixed&quot;:&quot;&quot;,&quot;args&quot;:{&quot;imgurl&quot;:&quot;https:\\\/\\\/images.podigee-cdn.net\\\/0x,seQcRmkbcn_qVuSaYh0N5xAaCJ-dlQSvTunw8t6ytVqk=\\\/https:\\\/\\\/main.podigee-cdn.net\\\/uploads\\\/u2040\\\/442d63b0-d536-4607-b0ba-6a7833ce6dd2.jpg&quot;,&quot;imgset&quot;:&quot;&quot;,&quot;display&quot;:&quot;&quot;,&quot;hddesc&quot;:0,&quot;hdfeat&quot;:0,&quot;oricov&quot;:&quot;https:\\\/\\\/images.podigee-cdn.net\\\/0x,seQcRmkbcn_qVuSaYh0N5xAaCJ-dlQSvTunw8t6ytVqk=\\\/https:\\\/\\\/main.podigee-cdn.net\\\/uploads\\\/u2040\\\/442d63b0-d536-4607-b0ba-6a7833ce6dd2.jpg&quot;,&quot;elength&quot;:25}},&quot;rdata&quot;:{&quot;permalink&quot;:&quot;https:\\\/\\\/blogs.nmz.de\\\/badblog\\\/wp-json\\\/wp\\\/v2\\\/posts\\\/23777&quot;,&quot;fprint&quot;:&quot;7d30e49c840a25546815d75f50feffff&quot;,&quot;from&quot;:&quot;feedurl&quot;,&quot;elen&quot;:25,&quot;eunit&quot;:&quot;&quot;,&quot;teaser&quot;:&quot;&quot;,&quot;title&quot;:&quot;neue musik leben&quot;,&quot;autoplay&quot;:&quot;&quot;}}\"><div class=\"pp-podcast__wrapper\"><div class=\"pp-podcast__info pod-info\"><div class=\"pod-info__header pod-header\"><div class=\"pod-header__image\"><div class=\"pod-header__image-wrapper\"><img data-recalc-dims=\"1\" decoding=\"async\" class=\"podcast-cover-image\" src=\"https:\/\/i0.wp.com\/images.podigee-cdn.net\/0x%2CseQcRmkbcn_qVuSaYh0N5xAaCJ-dlQSvTunw8t6ytVqk%3D\/https%3A\/\/main.podigee-cdn.net\/uploads\/u2040\/442d63b0-d536-4607-b0ba-6a7833ce6dd2.jpg?ssl=1\" srcset=\"\" sizes=\"(max-width: 640px) 100vw, 25vw\" alt=\"neue musik leben\"><\/div><span class=\"pod-header__image-style\" style=\"display: block; width: 100%; padding-top: 100%\"><\/div><div class=\"pod-header__items pod-items\"><div class=\"pod-items__title\">neue musik leben<\/div><div class=\"pod-items__desc\"><p>Zeitgen\u00f6ssische Musik ist stets aktuell und facettenreich. Als innovativer Bestandteil der Musikwelt nimmt neue Musik einen wichtigen Platz ein. Die Sopranistin Irene Kurka gibt in diesem Podcast ihre \u00fcber Jahre gewonnene Expertise weiter. Sie erkl\u00e4rt, wie die verschiedenen neuen Spieltechniken, Musikstile und Kompositionstechniken zusammenh\u00e4ngen und funktionieren und welche gro\u00dfartigen M\u00f6glichkeiten sie bieten. Irene Kurka zeigt anhand von Analysen, Tipps und Interviews mit erfolgreichen und interessanten Pers\u00f6nlichkeiten aus dem Bereich der zeitgen\u00f6ssischen Musik, wie du als K\u00fcnstlerIn in der neuen Musik authentisch und erfolgreich sein kannst. Dieser Podcast soll dazu beitragen, die zeitgen\u00f6ssische Musik bekannter zu machen.<br \/>\nDieser Podcast erscheint alle 14 Tage am Dienstag. Mittlerweile sind 3 B\u00fccher zum Podcast bei ARE erschienen. <\/p>\n<p>Deep Dive Folgen mit Moritz Eggert, Silke Aichhorn, Holger Falk u.a. auf Patreon:<\/p>\n<p>https:\/\/www.patreon.com\/user\/shop?u=112648747<\/p>\n<p>Mit freundlicher Unterst\u00fctzung der \u201eneuen musikzeitung\u201c, dem Kooperationspartner von \u201eneue musik leben\u201c.<br \/>\nwww.nmz.de<\/p>\n<p>Intro und Outro: Improvisationen von Irene Kurka, Frederike M\u00f6ller, Marko Kassl, Burkart Zeller<br \/>\nCover: Carina Brinkmann, Foto: Tanja de Maan<\/p>\n<\/div><\/div><\/div><\/div><div class=\"pp-podcast__content pod-content\"><div class=\"pp-podcast__single\"><div class=\"pp-podcast__player\"><div class=\"pp-player-episode\"><audio id=\"pp-podcast-8338-player\" preload=\"none\" class=\"pp-podcast-episode\" style=\"width: 100%;\" controls=\"controls\"><source type=\"audio\/mpeg\" src=\"https:\/\/audio.podigee-cdn.net\/1830304-m-9e3ea1d64c412885c83c2d71ff52ea09.mp3?source=feed\" \/><\/audio><\/div><\/div><div class=\"pod-content__episode episode-single\"><button class=\"episode-single__close\" aria-expanded=\"false\" aria-label=\"Close Single Episode\"><span class=\"btn-icon-wrap\"><svg class=\"icon icon-pp-x\" aria-hidden=\"true\" role=\"img\" focusable=\"false\"><use href=\"#icon-pp-x\" xlink:href=\"#icon-pp-x\"><\/use><\/svg><\/span><\/button><div class=\"episode-single__wrapper\"><div class=\"episode-single__header\"><div class=\"episode-single__title\">257 &#8211; Eva Z\u00f6llner interviews Cara Stacey about contemporary music in South Africa<\/div><div class=\"episode-single__author\"><span class=\"byname\">by<\/span><span class=\"single-author\">Kurka<\/span><\/div><\/div><div class=\"episode-single__description\"><p>composer and performer (in English)<\/p><p>Videos of the 8 new South African accordion pieces that were premiered by Eva Z\u00f6llner during Sterkfontein Composers Meeting 2024 <\/p><p>https:\/\/youtube.com\/playlist?list=PL4KU0BHw3d-CP21BPt7VNNmqzJR18GXQe&amp;si=xvVVMCbK48oF1tvV<\/p><p>Her residency was kindly supported by Nirox Foundation, the Goethe Institute and the Ministry for Education, Science, Youth and Culture (Rheinland-Pfalz)<\/p><p>www.carastacey.com\/<\/p><p>www.eva-zoellner.de <\/p><p>Sterkfontein Composers Meeting: <\/p><p>https:\/\/sterkfonteincomposersmeeting.weebly.com\/<\/p><p>Clare Loveday: https:\/\/clareloveday.co.za\/<\/p><p>Neo Muyanga: <\/p><p>https:\/\/www.neosong.net\/<\/p><p>Njabulo Phungula: <\/p><p>https:\/\/www.njabulophungula.com\/<\/p><p>Galina Juritz: <\/p><p>https:\/\/www.galinajuritz.com\/<\/p><p>Matthijs van Dijk: <\/p><p>https:\/\/mattvandijk.com\/<\/p><p>Andile Khumalo: <\/p><p>https:\/\/www.newfocusrecordings.com\/catalogue\/andile-khumalo-tracing-hollow-traces\/<\/p><p>Bongani Ndodana-Breen: <\/p><p>https:\/\/www.ndodanabreen.com\/<\/p><p>Arthur Feder: <\/p><p>https:\/\/www.instagram.com\/arthurfeder\/<\/p><p>Lise Morrison: <\/p><p>https:\/\/lisemorrison.com\/<br \/>Amy Crankshaw: <\/p><p>https:\/\/www.amycrankshaw.com\/<\/p><p>Michael Blake: <\/p><p>https:\/\/aoinstitute.ac.za\/project\/michael-blake\/<\/p><p>NewMusicSA: <\/p><p>https:\/\/www.newmusicsa.org.za\/<\/p><p>South African Composers Archive new album (just out): <\/p><p>https:\/\/thesouthafricancomposersarchive.bandcamp.com\/album\/for-the-duration-of-this-cloud<\/p><p>South African Composers Archive podcast (hosted and produced by Matthijs van Dijk): <\/p><p>https:\/\/soundcloud.com\/user-368144305<\/p><p>Kukutana Ensemble project: <\/p><p>https:\/\/www.kukutana.co.za\/<\/p><hr \/><p>www.irenekurka.de<\/p><p>Support and follow me on patreon:<\/p><p>https:\/\/www.patreon.com\/c\/user\/shop?u=112648747<\/p><p>cooparting with nmw &#8211; Neue Musikzeitung<\/p><p>www.nmz.de<\/p><p>Kows Radio Summit &#8222;Live your music and live your live&#8220; with Irene Kurka:<\/p><p>https:\/\/kows92-5.org\/kows-shows\/show\/radio-summit\/<\/p><\/div><\/div><div class=\"ppjs__img-wrapper \"><div class=\"ppjs__img-btn-cover\"><img decoding=\"async\" class=\"ppjs__img-btn\" src=\"https:\/\/i0.wp.com\/blogs.nmz.de\/badblog\/files\/2025\/05\/8b6e14a9-2a6d-49d8-8c76-4b352bb38f60-scaled.jpg?fit=768%2C768&#038;ssl=1\" srcset=\"https:\/\/i0.wp.com\/blogs.nmz.de\/badblog\/files\/2025\/05\/8b6e14a9-2a6d-49d8-8c76-4b352bb38f60-scaled.jpg?w=2560&amp;ssl=1 2560w, https:\/\/i0.wp.com\/blogs.nmz.de\/badblog\/files\/2025\/05\/8b6e14a9-2a6d-49d8-8c76-4b352bb38f60-scaled.jpg?resize=480%2C480&amp;ssl=1 480w, https:\/\/i0.wp.com\/blogs.nmz.de\/badblog\/files\/2025\/05\/8b6e14a9-2a6d-49d8-8c76-4b352bb38f60-scaled.jpg?resize=1024%2C1024&amp;ssl=1 1024w, https:\/\/i0.wp.com\/blogs.nmz.de\/badblog\/files\/2025\/05\/8b6e14a9-2a6d-49d8-8c76-4b352bb38f60-scaled.jpg?resize=150%2C150&amp;ssl=1 150w, https:\/\/i0.wp.com\/blogs.nmz.de\/badblog\/files\/2025\/05\/8b6e14a9-2a6d-49d8-8c76-4b352bb38f60-scaled.jpg?resize=768%2C768&amp;ssl=1 768w, https:\/\/i0.wp.com\/blogs.nmz.de\/badblog\/files\/2025\/05\/8b6e14a9-2a6d-49d8-8c76-4b352bb38f60-scaled.jpg?resize=1536%2C1536&amp;ssl=1 1536w, https:\/\/i0.wp.com\/blogs.nmz.de\/badblog\/files\/2025\/05\/8b6e14a9-2a6d-49d8-8c76-4b352bb38f60-scaled.jpg?resize=2048%2C2048&amp;ssl=1 2048w, https:\/\/i0.wp.com\/blogs.nmz.de\/badblog\/files\/2025\/05\/8b6e14a9-2a6d-49d8-8c76-4b352bb38f60-scaled.jpg?resize=70%2C70&amp;ssl=1 70w, https:\/\/i0.wp.com\/blogs.nmz.de\/badblog\/files\/2025\/05\/8b6e14a9-2a6d-49d8-8c76-4b352bb38f60-scaled.jpg?resize=80%2C80&amp;ssl=1 80w, https:\/\/i0.wp.com\/blogs.nmz.de\/badblog\/files\/2025\/05\/8b6e14a9-2a6d-49d8-8c76-4b352bb38f60-scaled.jpg?resize=320%2C320&amp;ssl=1 320w, https:\/\/i0.wp.com\/blogs.nmz.de\/badblog\/files\/2025\/05\/8b6e14a9-2a6d-49d8-8c76-4b352bb38f60-scaled.jpg?resize=1320%2C1320&amp;ssl=1 1320w\" sizes=\"(max-width: 640px) 100vw, 300px\" alt=\"257 &#8211; Eva Z\u00f6llner interviews Cara Stacey about contemporary music in South Africa\"><\/div><div><span class=\"ppjs__img-btn-style\" style=\"display: block; width: 100%; padding-top: 100%\"><\/div><\/div><\/div><\/div><div class=\"pod-content__list episode-list\"><div class=\"episode-list__filters\"><div class=\"episode-list__search\"><label class=\"label-episode-search\"><span class=\"ppjs__offscreen\">Search Episodes<\/span><input type=\"text\" placeholder=\"Search Episodes\" title=\"Search Podcast Episodes\"\/><\/label><span class=\"episode-list__search-icon\"><svg class=\"icon icon-pp-search\" aria-hidden=\"true\" role=\"img\" focusable=\"false\"><use href=\"#icon-pp-search\" xlink:href=\"#icon-pp-search\"><\/use><\/svg><\/span><\/div><button class=\"episode-list__clear-search pod-button\"><svg class=\"icon icon-pp-x\" aria-hidden=\"true\" role=\"img\" focusable=\"false\"><use href=\"#icon-pp-x\" xlink:href=\"#icon-pp-x\"><\/use><\/svg><span class=\"ppjs__offscreen\">Clear Search<\/span><\/button><\/div><div class=\"episode-list__wrapper\">\n<div id=\"ppe-8338-1\" class=\"episode-list__entry pod-entry\" data-search-term=\"257 &#8211; eva z\u00f6llner interviews cara stacey about contemporary music in south africa\" data-cats=\"\">\n\t<div class=\"pod-entry__wrapper\">\n\t\t<div class=\"pod-entry__content\">\n\t\t\t<div class=\"pod-entry__title\">\n\t\t\t\t<a href=\"https:\/\/neuemusikleben.podigee.io\/258-neue-episode\">257 &#8211; Eva Z\u00f6llner interviews Cara Stacey about contemporary music in South Africa<\/a>\n\t\t\t<\/div>\n\t\t\t<div class=\"pod-entry__date\">13. Mai 2025<\/div>\n\t\t\t\t\t\t\t<div class=\"pod-entry__author\">Kurka<\/div>\n\t\t\t\t\t<\/div>\n\t<\/div>\n<\/div>\n\n<div id=\"ppe-8338-2\" class=\"episode-list__entry pod-entry\" data-search-term=\"256 &#8211; interview mit daniel posdziech\" data-cats=\"\">\n\t<div class=\"pod-entry__wrapper\">\n\t\t<div class=\"pod-entry__content\">\n\t\t\t<div class=\"pod-entry__title\">\n\t\t\t\t<a href=\"https:\/\/neuemusikleben.podigee.io\/254-neue-episode\">256 &#8211; Interview mit Daniel Posdziech<\/a>\n\t\t\t<\/div>\n\t\t\t<div class=\"pod-entry__date\">29. April 2025<\/div>\n\t\t\t\t\t\t\t<div class=\"pod-entry__author\">Kurka<\/div>\n\t\t\t\t\t<\/div>\n\t<\/div>\n<\/div>\n\n<div id=\"ppe-8338-3\" class=\"episode-list__entry pod-entry\" data-search-term=\"255 &#8211; slow-motion multitasking &#8211; 7 years podcast neue musik leben (in english)\" data-cats=\"\">\n\t<div class=\"pod-entry__wrapper\">\n\t\t<div class=\"pod-entry__content\">\n\t\t\t<div class=\"pod-entry__title\">\n\t\t\t\t<a href=\"https:\/\/neuemusikleben.podigee.io\/256-neue-episode\">255 &#8211; Slow-Motion Multitasking &#8211; 7 Years podcast neue musik leben (in english)<\/a>\n\t\t\t<\/div>\n\t\t\t<div class=\"pod-entry__date\">10. April 2025<\/div>\n\t\t\t\t\t\t\t<div class=\"pod-entry__author\">Kurka<\/div>\n\t\t\t\t\t<\/div>\n\t<\/div>\n<\/div>\n\n<div id=\"ppe-8338-4\" class=\"episode-list__entry pod-entry\" data-search-term=\"254 &#8211; interview with dieter mack\" data-cats=\"\">\n\t<div class=\"pod-entry__wrapper\">\n\t\t<div class=\"pod-entry__content\">\n\t\t\t<div class=\"pod-entry__title\">\n\t\t\t\t<a href=\"https:\/\/neuemusikleben.podigee.io\/255-neue-episode\">254 &#8211; Interview with Dieter Mack<\/a>\n\t\t\t<\/div>\n\t\t\t<div class=\"pod-entry__date\">1. April 2025<\/div>\n\t\t\t\t\t\t\t<div class=\"pod-entry__author\">Kurka<\/div>\n\t\t\t\t\t<\/div>\n\t<\/div>\n<\/div>\n\n<div id=\"ppe-8338-5\" class=\"episode-list__entry pod-entry\" data-search-term=\"253 &#8211; interview mit michael denhoff\" data-cats=\"\">\n\t<div class=\"pod-entry__wrapper\">\n\t\t<div class=\"pod-entry__content\">\n\t\t\t<div class=\"pod-entry__title\">\n\t\t\t\t<a href=\"https:\/\/neuemusikleben.podigee.io\/257-neue-episode\">253 &#8211; Interview mit Michael Denhoff<\/a>\n\t\t\t<\/div>\n\t\t\t<div class=\"pod-entry__date\">18. M\u00e4rz 2025<\/div>\n\t\t\t\t\t\t\t<div class=\"pod-entry__author\">Kurka<\/div>\n\t\t\t\t\t<\/div>\n\t<\/div>\n<\/div>\n\n<div id=\"ppe-8338-6\" class=\"episode-list__entry pod-entry\" data-search-term=\"252 &#8211; interview with irene galindo quero\" data-cats=\"\">\n\t<div class=\"pod-entry__wrapper\">\n\t\t<div class=\"pod-entry__content\">\n\t\t\t<div class=\"pod-entry__title\">\n\t\t\t\t<a href=\"https:\/\/neuemusikleben.podigee.io\/253-neue-episode\">252 &#8211; Interview with Irene Galindo Quero<\/a>\n\t\t\t<\/div>\n\t\t\t<div class=\"pod-entry__date\">4. M\u00e4rz 2025<\/div>\n\t\t\t\t\t\t\t<div class=\"pod-entry__author\">Kurka<\/div>\n\t\t\t\t\t<\/div>\n\t<\/div>\n<\/div>\n\n<div id=\"ppe-8338-7\" class=\"episode-list__entry pod-entry\" data-search-term=\"251 &#8211; stress, ma\u00dfhalten, ruhe, solofolge\" data-cats=\"\">\n\t<div class=\"pod-entry__wrapper\">\n\t\t<div class=\"pod-entry__content\">\n\t\t\t<div class=\"pod-entry__title\">\n\t\t\t\t<a href=\"https:\/\/neuemusikleben.podigee.io\/252-new-episode\">251 &#8211; Stress, Ma\u00dfhalten, Ruhe, Solofolge<\/a>\n\t\t\t<\/div>\n\t\t\t<div class=\"pod-entry__date\">18. Februar 2025<\/div>\n\t\t\t\t\t\t\t<div class=\"pod-entry__author\">Kurka<\/div>\n\t\t\t\t\t<\/div>\n\t<\/div>\n<\/div>\n\n<div id=\"ppe-8338-8\" class=\"episode-list__entry pod-entry\" data-search-term=\"250 &#8211; interview with helena canovas pares\" data-cats=\"\">\n\t<div class=\"pod-entry__wrapper\">\n\t\t<div class=\"pod-entry__content\">\n\t\t\t<div class=\"pod-entry__title\">\n\t\t\t\t<a href=\"https:\/\/neuemusikleben.podigee.io\/251-neue-episode\">250 &#8211; Interview with Helena Canovas Pares<\/a>\n\t\t\t<\/div>\n\t\t\t<div class=\"pod-entry__date\">4. Februar 2025<\/div>\n\t\t\t\t\t\t\t<div class=\"pod-entry__author\">Kurka<\/div>\n\t\t\t\t\t<\/div>\n\t<\/div>\n<\/div>\n\n<div id=\"ppe-8338-9\" class=\"episode-list__entry pod-entry\" data-search-term=\"249 &#8211; interview mit reiko f\u00fcting\" data-cats=\"\">\n\t<div class=\"pod-entry__wrapper\">\n\t\t<div class=\"pod-entry__content\">\n\t\t\t<div class=\"pod-entry__title\">\n\t\t\t\t<a href=\"https:\/\/neuemusikleben.podigee.io\/245-neue-episode\">249 &#8211; Interview mit Reiko F\u00fcting<\/a>\n\t\t\t<\/div>\n\t\t\t<div class=\"pod-entry__date\">21. Januar 2025<\/div>\n\t\t\t\t\t\t\t<div class=\"pod-entry__author\">Kurka<\/div>\n\t\t\t\t\t<\/div>\n\t<\/div>\n<\/div>\n\n<div id=\"ppe-8338-10\" class=\"episode-list__entry pod-entry\" data-search-term=\"248 -interview with johannes kreidler\" data-cats=\"\">\n\t<div class=\"pod-entry__wrapper\">\n\t\t<div class=\"pod-entry__content\">\n\t\t\t<div class=\"pod-entry__title\">\n\t\t\t\t<a href=\"https:\/\/neuemusikleben.podigee.io\/244-neue-episode\">248 -Interview with Johannes Kreidler<\/a>\n\t\t\t<\/div>\n\t\t\t<div class=\"pod-entry__date\">7. Januar 2025<\/div>\n\t\t\t\t\t\t\t<div class=\"pod-entry__author\">Irene Kurka<\/div>\n\t\t\t\t\t<\/div>\n\t<\/div>\n<\/div>\n<div class=\"lm-button-wrapper\"><button class=\"episode-list__load-more\"><span>Load More<\/span><\/button><\/div><div class=\"episode-list__search-results episode-search\"><span class=\"ppjs__offscreen\">Search Results placeholder<\/span><\/div><\/div><\/div><div class=\"ppjs__list-reveal\"><div class=\"ppjs__button\"><button class=\"pp-prev-btn\"><span class=\"ppjs__offscreen\">Previous Episode<\/span><span class=\"btn-icon-wrap\"><svg class=\"icon icon-pp-previous\" aria-hidden=\"true\" role=\"img\" focusable=\"false\"><use href=\"#icon-pp-previous\" xlink:href=\"#icon-pp-previous\"><\/use><\/svg><\/span><\/button><\/div><div class=\"ppjs__button\"><button class=\"pp-list-btn\"><span class=\"ppjs__offscreen\">Show Episodes List<\/span><span class=\"btn-icon-wrap\"><svg class=\"icon icon-pp-show-list\" aria-hidden=\"true\" role=\"img\" focusable=\"false\"><use href=\"#icon-pp-show-list\" xlink:href=\"#icon-pp-show-list\"><\/use><\/svg><svg class=\"icon icon-pp-hide-list\" aria-hidden=\"true\" role=\"img\" focusable=\"false\"><use href=\"#icon-pp-hide-list\" xlink:href=\"#icon-pp-hide-list\"><\/use><\/svg><\/span><\/button><\/div><div class=\"ppjs__button\"><button class=\"pp-next-btn\"><span class=\"ppjs__offscreen\">Next Episode<\/span><span class=\"btn-icon-wrap\"><svg class=\"icon icon-pp-next\" aria-hidden=\"true\" role=\"img\" focusable=\"false\"><use href=\"#icon-pp-next\" xlink:href=\"#icon-pp-next\"><\/use><\/svg><\/span><\/button><\/div><\/div><\/div><\/div><div class=\"pod-content__launcher pod-launch\"><button class=\"pod-launch__button pod-launch__info pod-button\" aria-expanded=\"false\"><span class=\"ppjs__offscreen\">Show Podcast Information<\/span><span class=\"btn-icon-wrap\"><svg class=\"icon icon-pp-podcast\" aria-hidden=\"true\" role=\"img\" focusable=\"false\"><use href=\"#icon-pp-podcast\" xlink:href=\"#icon-pp-podcast\"><\/use><\/svg><svg class=\"icon icon-pp-x\" aria-hidden=\"true\" role=\"img\" focusable=\"false\"><use href=\"#icon-pp-x\" xlink:href=\"#icon-pp-x\"><\/use><\/svg><\/span><\/button><\/div><\/div>\n<hr \/>\n<h2>mo \u2013 15.02.2021<\/h2>\n<hr \/>\n<p>23:00 bis 00:00 | rbbKultur<br \/>\n<strong>MUSIK DER GEGENWART: Die Klangwerkstatt Berlin<\/strong><\/p>\n<p style=\"padding-left: 40px;\">Mit Andreas G&#246;bel. Traditionell findet die Klangwerkstatt Berlin im November jeden Jahres statt. Aufgrund des Teil-Lockdowns war diesmal kein Publikum zugelassen, so dass die vorgesehenen Veranstaltungen aufgenommen, gefilmt und produziert wurden und jetzt im Februar als Online-Klangwerkstatt-Festival im Netz pr&#228;sentiert werden. Ausgew&#228;hlte Aufnahmen k&#246;nnen Sie bereits heute Abend in der \u201eMusik der Gegenwart\u201c h&#246;ren.<\/p>\n<p>23:03 bis 00:00 | SWR 2<br \/>\n<strong>SWR2 JetztMusik: Die Lust am Unvorhersehbaren \u2013 Das Erleben von (Neuer) Musik als wissenschaftliches Forschungsfeld<\/strong><\/p>\n<p style=\"padding-left: 40px;\">Von Leonie Reineke. Was ber&#252;hrt uns an Musik? Was regt uns k&#246;rperlich an? Und was fasziniert uns an unerwarteten Kl&#228;ngen? All diesen Fragen widmet sich ein Team von Forschern des Max-Planck-Instituts f&#252;r empirische &#196;sthetik in Frankfurt am Main. Hier untersuchen Musikwissenschaftler gemeinsam mit Psychologen, Soziologen, Neurowissenschaftlern und Linguisten unterschiedliche Aspekte des subjektiven Erlebens von Musik: von der Frage, wann sich beim Musikh&#246;ren G&#228;nsehaut einstellt oder was unter \u201esch&#246;nen Stellen\u201c verstanden wird bis hin zur Thematik der \u201eTanzbarkeit\u201c oder dem Reiz des Unvorhersehbaren. (SWR 2018)<\/p>\n<p>23:03 \u2013 24:00 | &#214;1<br \/>\n<strong>Der Bariton Wolfgang Holzmair singt \u201eMinnelieder\u201c zu Cerhas 95. Geburtstag<\/strong><\/p>\n<p style=\"padding-left: 40px;\">Vergangenen Sommer wurden im ORF RadioKulturhaus einige Kompositionen von Friedrich Cerha anl&#228;sslich seines 95. Geburtstags, den er am 17. Februar 2021 begeht, erstmals aufgenommen. Darunter waren auch das fr&#252;he Werk \u201eEin Buch von der Minne\u201c (1946-1964) und der sp&#228;te Liederzyklus nach Texten von Ilija Jovanovi&#196;? (2014).<\/p>\n<p style=\"padding-left: 40px;\">Seine 14 Minnelieder auf Texte der drei Minnes&#228;nger Mechthild von Magdeburg, Der von K&#252;renberg und Hesso von Reinach sowie weiteren ohne eindeutige Zuordnung, beschreibt Friedrich Cerha selbst als \u201eein Dokument, das Wesentliches am zugrundeliegenden stilistischen Wollen belegt\u201c. Er schloss \u201ebewusst an &#228;ltere Liedformen an\u201c, \u201eParallelen zu von Satie ber&#252;hrten mittelalterlichen Techniken\u201c finden sich daran lange vor seiner Auseinandersetzung mit dessen Musik. Cerha widmete diese Lied-Sammlung seiner Frau Gertrud, die er 1951, kurz nach der Urauff&#252;hrung eines ersten Teils, geheiratet hat. Darin finden sich Lieder wie \u201eNur eine kann mir Freude geben\u201c, \u201eFrau, du Sch&#246;ne, nun fahre mit mir\u201c oder das bekannte Liebeslied \u201eDu bist mein, ich bin dein\u201c.<\/p>\n<p style=\"padding-left: 40px;\">Friedrich Cerha entdeckte die Gedichte des aus Serbien stammenden, ab 1970 &#214;sterreich lebenden Dichters Ilija Jovanovi&#196;? (1947-2010) in der Zeitschrift \u201eZwischenwelt\u201c, die sich dem Thema Widerstand und Exil widmet. Die Lebensgeschichte des Rom ging ihm sehr nahe und er w&#228;hlte zw&#246;lf seiner Gedichte aus, die eine tiefe Sehnsucht nach Heimat pr&#228;gen, um diese zu vertonen: \u201eWas hinter seinen Versen steht, ist das Sich-fremd-F&#252;hlen in der Welt, in der er lebt \u2014 isoliert und allein. Ich fand darin f&#252;r mich sehr Vertrautes, war ich doch einen wesentlichen Teil meines Lebens von anderen Prinzipien getragen, als die des gr&#246;&#223;ten Teils der Gesellschaft, die mich umgab.\u201c<\/p>\n<p style=\"padding-left: 40px;\">Cerha beschreibt die musikalische Sprache, die er f&#252;r diesen Zyklus gefunden hat, als \u201elapidar, plastisch, fast wie in Stein gehauen \u2026 Sie ist extrem textbezogen und nimmt kaum mehr Raum ein als die Gedichte selbst\u201c.<\/p>\n<p style=\"padding-left: 40px;\">Der Bariton Wolfgang Holzmair gilt als ausgewiesener Kenner von Cerhas Liedern und als textdeutlicher und -deutender Interpret. Gemeinsam mit Florian M&#252;ller, dem langj&#228;hrigen Pianisten im Klangforum Wien, hat er diese beiden Zyklen aufgenommen. Der S&#228;nger gibt Auskunft &#252;ber seinen Zugang zu Cerhas Musik und wie er sich dieser angen&#228;hert hat. Gestaltung: Marie-Therese Rudolph<\/p>\n<hr \/>\n<h2>di \u2013 16.02.2021<\/h2>\n<hr \/>\n<p>00:05 bis 01:00 | Deutschlandfunk Kultur<br \/>\n<strong>Neue Musik: Zeitstr&#246;mungen h&#246;rbar machen \u2013 20 Jahre Mondrian Ensemble<\/strong><\/p>\n<p style=\"padding-left: 40px;\">Von Friederike Kenneweg. Das Schweizer Mondrian Ensemble sucht nach Querverbindungen zwischen alter und neuer Musik.<\/p>\n<p>00:10 bis 02:00 | Bayern 2<br \/>\n<strong>Concerto bavarese im Fasching: Bayerische Komponisten<\/strong><\/p>\n<p style=\"padding-left: 40px;\"><strong>Nikolaj Rimskij-Korsakow\/Rudi Spring<\/strong>: \u201eHummelflug\u201c (Salome Kammer, Gesang; Bettina Fuchs, Fl&#246;te; Maria Reiter, Akkordeon; Rudi Spring, Klavier); <strong>John Lennon\/Paul McCartney\/Rudi Spring<\/strong>: \u201eI\u2019m happy just to dance with you\u201c (Cos\u00ec fan Tango); <strong>Moritz Eggert<\/strong>: \u201eVerlorene Ges&#228;nge\u201c (S&#252;ddeutsches Saxophon-Kammerorchester: Linda Bangs); <strong>Wilfried Hiller<\/strong>: \u201eTomi Ungerer-Polka\u201c; <strong>Carl Friedrich Zelter\/Wilfried Hiller<\/strong>: \u201eDer Kuckuck und der Esel\u201c (Rik Demeuricy, Schlagzeug; M&#252;nchner Petersturmmusik: Wilfried Hiller); <strong>Peter Stangel<\/strong>: \u201eCabaret Voltaire\u201c, Suite (Die Taschenphilharmonie: Peter Stangel); <strong>Rudi Spring<\/strong>: \u201eMusette jusqu\u2019 \u00e0 l\u2019infini\u201c, op. 59 a, Nr. 3; <strong>Dmitrij Schostakowitsch\/Rudi Spring<\/strong>: Polka (Cos\u00ec fan Tango); <strong>J&#246;rg Widmann<\/strong>: \u201eDubairische T&#228;nze\u201c (Junge Deutsche Philharmonie: J&#246;rg Widmann); <strong>Moritz Eggert<\/strong>: \u201eOhrwurm\u201c (Irene Kurka, Sopran; Martin Tchiba, Klavier); <strong>Wilfried Hiller<\/strong>: Aus \u201eBestiarium\u201c (K&#246;lner Cellisten); <strong>Rudi Spring<\/strong>: Tango V, op. 67 (Maria Reiter, Akkordeion; Elisabeth Seitz, Hackbrett; Rudi Spring, Klavier); \u201eF&#252;nf Galgenlieder\u201c (Martina Koppelstetter, Mezzosopran; Rudi Spring, Klavier); <strong>Peter Stangel<\/strong>: \u201eDribbling\u201c (Henry Raudales, Violine; Die Taschenphilharmonie: Peter Stangel); <strong>Wilfried Hiller<\/strong>: \u201eNotenb&#252;chlein f&#252;r Tamino\u201c (M&#252;nchner Fl&#246;tenensemble); <strong>Moritz Eggert<\/strong>: \u201eHump and Circumstances\u201c (MGNM Festivalensemble: Peter Hirsch)<\/p>\n<p>21:00 bis 22:00 | NDR Kultur<br \/>\n<strong>neue musik: Ohrenknacker \u2013 Trio Catch<\/strong><\/p>\n<p style=\"padding-left: 40px;\">Von Margarete Zander. Die drei Musikerinnen lassen jedes Komponistinnenherz und Komponistenherz h&#246;her schlagen, weil sie die Werke so lange studieren und mit ihnen leben, bis sie eine Lebensader darin entdeckt haben. Und diese Lebensader zeigt sich im Konzert mit Publikum immer wieder in anderen Nuancen. Und damit das jeder nachvollziehen kann, haben Bogl\u00e1rka Pecze (Klarinette), Eva Boesch (Violoncello) und Sun-Young Nam (Klavier) eine besondere Pr&#228;sentationsform gefunden: Ohrknacker.<\/p>\n<p>22:05 bis 23:00 | BR-KLASSIK<br \/>\n<strong>Horizonte: Faszination Neue Musik \u2013 Bent S\u00f8rensen: \u201eRosenbad\u201c<\/strong><\/p>\n<p>23:00 bis 00:00 | rbbKultur<br \/>\n<strong>MUSIK DER GEGENWART: Ultraschall Berlin \u2013 Festival f&#252;r neue Musik 2021<\/strong><\/p>\n<p style=\"padding-left: 40px;\">Mit Eckhard Weber. Die Kombination aus Sopran und Klarinette, also aus Singstimme und Melodieinstrument, ergibt ein Duo, dessen Intensit&#228;t &#252;berraschen l&#228;sst, dass es nicht bereits h&#228;ufiger von Komponisten mit Werken bedacht worden ist. Mit Sarah Maria Sun und Nina Jan&#223;en-Deinzer pr&#228;sentierten bei Ultraschall Berlin zwei absolute Virtuosinnen (nicht nur) der zeitgen&#246;ssischen Musik die M&#246;glichkeiten dieses Zusammenwirkens. Konzertaufnahme vom 22. Januar im Heimathafen Neuk&#246;lln.<\/p>\n<p>23:03 \u2013 24:00 | &#214;1<br \/>\n<strong>Lange Nacht des Friedrich Cerha \u2013 Der Doyen der Neuen Musik: Immer offen f&#252;r Neues. Zum 95. Geburtstag von Friedrich Cerha<\/strong><\/p>\n<p style=\"padding-left: 40px;\">Am 17. Februar 2021 wird der Doyen der Neuen Musik in &#214;sterreich 95. Der Komponist hat stilistisch immer wieder neue Wege eingeschlagen. Das Spektrum reicht von der Auseinandersetzung mit Folklore, wie z. B. mit dem Wiener Idiom bis hin zu Klangfl&#228;chenkompositionen, die v&#246;llig frei von traditionellen musikalischen Formulierungen sind. \u201eIch war immer ein neugieriger Mensch und habe stets meine Arbeit reflektiert. Wenn eine Komposition fertig war, wollte ich mir bewusst machen, was in dem Werk eigentlich vor sich gegangen ist. Das hat mich auch f&#252;r neue Einfl&#252;sse offen gemacht.\u201c<\/p>\n<p style=\"padding-left: 40px;\">Cerha hat ein ausgesprochen umfangreiches Oeuvre geschaffen, in dem kein Genre fehlt. Alles ist vorhanden: Oper, Ballett, Orchester- und Kammermusik sowie elektronische Musik. Und was bemerkenswert ist und keineswegs selbstverst&#228;ndlich: Der Komponist ist nach wie vor produktiv. In dieser \u201eLangen Nacht\u201c unternehmen wir einen Streifzug durch das Schaffen des Jubilars. Gestaltung: Ursula Strubinsky<\/p>\n<hr \/>\n<h2>mi \u2013 17.02.2021<\/h2>\n<hr \/>\n<p>00:10 bis 02:00 | Bayern 2<br \/>\n<strong>Concerto bavarese: Fr&#228;nkische Komponisten<\/strong><\/p>\n<p style=\"padding-left: 40px;\"><strong>Toni V&#246;lker<\/strong>: \u201eEsposizione \u2013 nero e bianco\u201c (Polarity Percussion-Ensemble); <strong>Stefan Johannes Walter<\/strong>: \u201eHohelied auf die Gesellschaft \u2013 Betrachtungen des Zusammenlebens\u201c (Judith Arens, Sopran; Ensemble f&#252;r Neue Musik \u2013 Hochschule f&#252;r Musik W&#252;rzburg: Andr\u00e1s Hamary); <strong>Viera Jan\u00e1rcekov\u00e1<\/strong>: Streichquartett Nr. 5 (Kairos Quartett); <strong>Karola Oberm&#252;ller<\/strong>: \u201eDuo variabile\u201c (Jeremias Schwarzer, Blockfl&#246;te; Carine Levine, Fl&#246;te); <strong>Jeff Beer\/J&#252;rgen Schmitt<\/strong>: \u201eGed&#246;rrt in Frostlicht, scheu w&#228;chst die D&#228;mmerblume alten Verschl&#228;gen davon\u201c (J&#252;rgen Schmitt, Klavier; Jeff Beer, Schlagzeug)<\/p>\n<p>20:04 bis 21:00 | hr2-kultur<br \/>\n<strong>Kaisers Kl&#228;nge \u2013 Musikalische Entdeckungsreise \u2013 Karneval der Ungeheuer \u2013 Eine zoologische Musik-Phantasie<\/strong><\/p>\n<p style=\"padding-left: 40px;\">Die Bestien feiern Karneval: Eine Giftschlange tanzt durch den Dschungel, gespenstisch schallen Walges&#228;nge durchs Wasser, ein Panther setzt gewandt zum Sprung an, Ratten wuseln in den Stra&#223;en.<\/p>\n<p style=\"padding-left: 40px;\">Und das alles in den gruseligsten musikalischen Klangkost&#252;men. Dagegen ist der \u201eKarneval der Tiere\u201c von Camille Saint-Sa\u00ebns der reinste Kinderfasching.<\/p>\n<p>21:35 bis 22:00 | NDR Kultur<br \/>\n<strong>Chormusik: \u2026wo die Zitronen bl&#252;hn<\/strong><\/p>\n<p style=\"padding-left: 40px;\">Von Marcus St&#228;bler. Lieder f&#252;r Chor und Klavier \u2013 figure humaine kammerchor: Werke von Gabriel Faur\u00e9, Clara Schumann u. a.<\/p>\n<p style=\"padding-left: 40px;\">Teil II \u2013 Julia Kammerlander &amp; Katharina Schlenker, Klavier. Miriam Zimmermann, Tz-Shiuan You und Eveline Balz, Horn \/ Hannah Gries, Sopran. Ltg.: Denis Rouger<\/p>\n<p>23:03 bis 00:00 | SWR 2<br \/>\n<strong>SWR2 JetztMusik: ECLAT \u2013 Ensemble Resonanz<\/strong><\/p>\n<p style=\"padding-left: 40px;\">Mit Werken von Iris ter Schiphorst, Enno Poppe und Alexander Schubert. Vom 3. bis zum 7. Februar ist im Stuttgarter Theaterhaus das ECLAT-Festival geplant. In diesem Jahr widmet sich das Festival f&#252;r die Musik der Gegenwart vor allem den kammermusikalischen Formaten.<\/p>\n<p>23:03 \u2013 24:00 | &#214;1<br \/>\n<strong>R&#252;ckblick, Vorschau und aktuelle Ver&#246;ffentlichungen \u2013 Zeit-Ton Magazin <\/strong><\/p>\n<p style=\"padding-left: 40px;\">Jeden Mittwoch pr&#228;sentieren wir Ihnen ausgesuchte Veranstaltungstipps f&#252;r die kommenden sieben Tage und die spannendsten Neuver&#246;ffentlichungen. Gestaltung: Philipp Weismann<\/p>\n<hr \/>\n<h2>do \u2013 18.02.2021<\/h2>\n<hr \/>\n<p>00:05 bis 01:00 | Deutschlandfunk Kultur<br \/>\n<strong>Neue Musik: Joseph Andrew Lake \u2013 <\/strong><\/p>\n<p style=\"padding-left: 40px;\">\u201eVyssan Lull\u201c f&#252;r Klarinette, Schlagzeug und Kontrabass (2014); Ensemble Etc. \u201eEpiphanous, Dim\u201c f&#252;r Violine, Violoncello und Klavier (2019) \u2013 Hannah Weirich, Violine; Dirk Wiethger, Violoncello; Ulrich L&#246;ffler, Klavier<\/p>\n<p>00:10 bis 02:00 | Bayern 2<br \/>\n<strong>Concerto bavarese: Bayerische Komponisten<\/strong><\/p>\n<p style=\"padding-left: 40px;\"><strong>Wolfgang Jacobi<\/strong>: Sonate Nr. 3 (Armin Fuchs, Klavier); <strong>Hans Kammeier<\/strong>: \u201eWanderschaft\u201c (Franz Kelch, Bariton; Hans Kammeier, Klavier); <strong>David Llywelyn<\/strong>: \u201eApokalypse\u201c, Toccata (Karl Maureen, Orgel); <strong>Frank Michael<\/strong>: Trio, op. 58 (Frank Michael, Fl&#246;te; Susanne M&#252;ller-Hornbach, Violoncello; Daniel Kr&#252;erke, Klavier); <strong>Christoph Reiserer<\/strong>: \u201ehere we are\u201c (Christoph Reiserer, Saxofon; Gunnar Geisse, E-Gitarre; Stefan Blum, Schlagzeug); <strong>Anton Ruppert<\/strong>: \u201eMusik nach einer Katastrophe\u201c (ars nova ensemble n&#252;rnberg: Werner Heider)<\/p>\n<p>20:04 bis 21:30 | hr2-kultur<br \/>\n<strong>\u201eWelt aus dem eigenen Ich\u201c \u2013 Mahlers F&#252;nfte f&#252;r Klavier<\/strong><\/p>\n<p style=\"padding-left: 40px;\">\u201eDie F&#252;nfte ist ein verfluchtes Werk. Niemand capiert sie.\u201c Das vertraute Gustav Mahler 1905 seinem Tagebuch an, ein Jahr nach der von ihm selbst dirigierten Urauff&#252;hrung der Sinfonie im K&#246;lner G&#252;rzenich. <strong>Gustav Mahler<\/strong> (1860-1911): 5. Sinfonie cis-Moll (1901-04) \u2013 Fassung f&#252;r Klavier vierh&#228;ndig von Otto Singer (1863-1931). Piano Duo Trenkner-Speidel. (Aufnahme vom Juli 2018, Konzerthaus der Abtei Marienm&#252;nster durch Musikproduktion Darbringhaus und Grimm). <strong>Dieter Schnebel<\/strong>: \u201eMahler-Moment\u201c (1986) f&#252;r Streicher \u2013 hr-Sinfonieorchester; Leitung: Zolt\u00e1n Pesk\u00f3. (Aufnahme vom 16. Juni 1989 aus dem hr-Sendesaal).<\/p>\n<p style=\"padding-left: 40px;\">Heute z&#228;hlt die 5. Sinfonie Gustav Mahlers zu seinen beliebtesten Werken und erklingt oft in den internationalen Konzerts&#228;len. Sehr selten zu h&#246;ren ist aber die von dem Komponisten Otto Singer angefertigte Bearbeitung f&#252;r Klavier vierh&#228;ndig, die dieser f&#252;r den Leipziger Verlag Peters herstellte \u2013 unter Mahlers kritischer Mitwirkung. Zwei Monate vor der K&#246;lner Urauff&#252;hrung war die autorisierte Piano-Version fertig und wurde gedruckt. Solche Reduktionsfassungen f&#252;rs Klavier gro&#223;besetzter Orchesterwerke waren vor &#252;ber hundert Jahren durchaus &#252;blich, um die Verbreitung sinfonischer Kompositionen zu f&#246;rdern. Schlie&#223;lich gab es weder Schallplatten noch den Rundfunk. Wer Musik au&#223;erhalb der Konzerts&#228;le und Salons h&#246;ren wollte, musste selber spielen (lassen). Und vielfach besitzen diese Arrangements eine ganz eigene Klang&#228;sthetik, die andere Dimensionen und verborgene Details des Originals erhellen.<\/p>\n<p>20:04 bis 21:30 | SR2 KulturRadio<br \/>\n<strong>Mouvement: Zeichen, Spiele und Botschaften \u2013 Gy&#246;rgy Kurt\u00e1g zum 95. Geburtstag (am 19. Februar)<\/strong><\/p>\n<p style=\"padding-left: 40px;\">mit den Kompositionen \u201eArioso\u201c, \u201eQuasi una fantasia\u201c, \u201eOffizium breve in memoriam Andreae Szerv\u00e1nszky\u201c, \u201eIn nomine \u2013 all\u2019ongharese\u201c, \u201eSk\u00e1lk\u00e1k\u201c und \u201epas \u00e0 pas \u2013 nulle part &#8230; Po\u00e8mes de Samuel Beckett et Maximes de S\u00e9bastien de Chamfort\u201c<\/p>\n<p>20:04 bis 22:00 | WDR 3<br \/>\n<strong>WDR 3 Konzert: ACHT BR&#220;CKEN Trio Catch \u2013 Eine Reise durch das Weltall<\/strong><\/p>\n<p style=\"padding-left: 40px;\"><strong>John Williams<\/strong>: Main Title aus \u201eStar Wars\u201c | <strong>Beat Furrer<\/strong>: Aer f&#252;r Klavier, Klarinette und Violoncello | <strong>Karlheinz Stockhausen<\/strong>: Nr. 3 \u201eAries\u201c, Widder \/ Nr. 12 \u201eCapricorn\u201c, Steinbock \/ Nr. 7 \u201eLeo\u201c, L&#246;we, aus \u201eTierkreis\u201c Nr. 41 1\/2 | <strong>Mirela Ivicevic<\/strong>: Car f&#252;r Bassklarinette, Violoncello und Klavier | <strong>Mikel Urquiza<\/strong>: Cercle \/ Glace \/ D\u00e9gel, aus \u201ePi\u00e8ges de neige\u201c | <strong>John Bull \/ M\u00e1rton Ill\u00e9s<\/strong>: In Nomine VI, Bearbeitung f&#252;r Klarinette, Violoncello und Klavier<\/p>\n<p style=\"padding-left: 40px;\">Trio Catch. Aufnahme aus der Kunst-Station Sankt Peter, K&#246;ln. Das Trio Catch geht auf Sternenreise durch die unendlichen Weiten der Neuen Musik. Gleich zu Beginn beschw&#246;rt das Trio Catch in seinem Konzert in der Kunst-Station Sankt Peter die Macht. Das ist jene geheimnisvolle kosmische Energie, die jeden durchstr&#246;mt, der John Williams\u2019 Filmmusik zur Weltraum-Saga \u201eStar Wars\u201c h&#246;rt. Und wie wir vom kleinen gr&#252;nen Jedi-Meister Yoda wissen: \u201eAlles im Gleichgewicht sie h&#228;lt, die Macht\u201c. Auch im Programm des Trio Catch \u2013 Luftiges von Beat Furrer, Sterndeutungen von Karlheinz Stockhausen, Magisches von Mirela Ivicevic, Gef&#228;hrliches von Mikel Urquiza, Altes und Neues von John Bull und M\u00e1rton Ill\u00e9s. Eines ist sicher: Von diesem Weltraumabenteuer werden wir mit neuen Entdeckungen auf unseren Heimatplaneten zur&#252;ckkehren.<\/p>\n<p>21:30 bis 22:30 | hr2-kultur<br \/>\n<strong>Neue Musik | Ring und Rage: Der Komponist Philippe Manoury vorgestellt von Patrick Hahn<\/strong><\/p>\n<p style=\"padding-left: 40px;\">Philippe Manoury liebt das Sinfonieorchester: \u201eEs ist der sch&#246;nste Klang der Welt!\u201c Von vielen Komponisten inzwischen als \u201ealtmodisches Medium\u201c betrachtet, arbeitet der in Strasbourg lebende Philippe Manoury (*1952) intensiv an der Zukunft dieses au&#223;ergew&#246;hnlichen Klangk&#246;rpers.<\/p>\n<p style=\"padding-left: 40px;\">Das Erfinden neuer Formen und Auff&#252;hrungsm&#246;glichkeiten f&#252;r das Sinfonieorchester kennzeichnet das Schaffen von Manoury, der seine k&#252;nstlerische Entwicklung als Autodidakt begonnen hat und zun&#228;chst als Pionier der Live-Elektronik bekannt geworden ist. Die Sendung zeichnet das Bild eines der bedeutendsten franz&#246;sischen Komponisten unserer Zeit, dessen rauschende Klangwelt mit ihrem orgiastischen Furor die Synapsen zum Tanzen bringt.<\/p>\n<p>22:05 bis 23:00 | SWR 2<br \/>\n<strong>SWR2 H&#246;rspiel-Studio: Keine Ahnung<\/strong><\/p>\n<p style=\"padding-left: 40px;\">Von Nele Stuhler. Mit: Sophie Rois, Sarah Gailer u. a. Regie: Nele Stuhler. (Produktion: Deutschlandfunk Kultur 2020)<\/p>\n<p style=\"padding-left: 40px;\">Dieses H&#246;rspiel der jungen, bereits vielfach ausgezeichneten Berliner Dramatikerin Nele Stuhler wurde als H&#246;rspiel des Monats August 2020 ausgezeichnet. Hier nehmen zwei gewitzte und kluge Frauen den ber&#252;hmten Satz von Sokrates \u201eIch wei&#223;, dass ich nichts wei&#223;.\u201c ernst. Sie hinterfragen unterhaltsam wie erkenntnisreich Mythen und Geisteshaltungen, die von der biblischen Sch&#246;pfungsgeschichte, Museumsp&#228;dagogik bis zur Vereinbarkeit von Kunst und Mutterschaft reichen. Der Frauen ironisches Credo: Wir haben zwar keine Ahnung, aber das ist gut so, um Erkenntnisse zu gewinnen.<\/p>\n<p>22:05 bis 23:00 | BR-KLASSIK<br \/>\n<strong>Horizonte: Studio f&#252;r Musik<\/strong><\/p>\n<p style=\"padding-left: 40px;\"><strong>Gy&#246;rgy Kurt\u00e1g<\/strong>: \u201eWhat is the Word\u201c (Ildik\u00f3 Mony\u00f3k, Alt; M\u00e1rta F\u00e1bi\u00e1n, Cimbalon; Csaba Kir\u00e1ly, Klavier; Symphonieorchester des Bayerischen Rundfunks: Kwarm\u00e9 Ryan); \u201eQuasi una fantasia\u201c (Tamara Stefanovitch, Klavier; Asko\/Sch&#246;nberg Ensemble: Reinbert de Leeuw); <strong>T\u014dru Takemitsu<\/strong>: \u201eRain Coming\u201c (Symphonieorchester des Bayerischen Rundfunks: Jukka-Pekka Saraste); \u201eToward the Sea\u201c (Angela Schneidt-Stone, Fl&#246;te; Siegbert Remberger, Gitarre); \u201eRain Tree Sketch\u201c (Masako Ohta, Klavier)<\/p>\n<p>23:03 \u2013 24:00 | &#214;1<br \/>\n<strong>Groove x Noise: Innode<\/strong><\/p>\n<p style=\"padding-left: 40px;\">\u201eSyn\u201c ist das zweite Album der Band Innode rund um dem Wiener Synthesizermusiker Stefan N\u00e9meth. Als Solo-Projekt begonnen, steuerten f&#252;r das Deb&#252;talbum \u201eGridshifter\u201c (2013) die Schlagzeuger Bernhard Breuer und Steven Hess St&#252;cke bei. F&#252;r \u201eSyn\u201c, das ebenfalls auf Editions Mego herausgekommen ist, wurde Innode zum Trio. W&#228;hrend auf dem ersten Album Abstraktion, Reduktion und polyrhythmische Texturen etabliert wurden, geht es bei \u201eSyn\u201c nun um die Live-Interaktionen dieser Elemente zwischen elektronischer Avantgarde und Club-Musik.<\/p>\n<p style=\"padding-left: 40px;\">Nachdem Stefan N\u00e9meth in den sp&#228;ten 1990er Jahren das Experimentalrock-Trio Radian mitgegr&#252;ndet und dann in der Band Lokai gespielt hatte, konzentrierte er sich auf eigene Projekte und gr&#252;ndete daf&#252;r u.a. Innode und die Plattform Sonotrope. Bernhard Breuer spielt u.a. in den Bands Tumido und Elektro Guzzi, und der in Chicago lebende Schlagzeuger und Klangk&#252;nstler Steven Hess ist in Bands wie Pan American und Locrian. Zwei Musiker also, die zwischen freier Improvisation, Electronica und gerne auch dem Dancefloor hin- und herpendeln.<\/p>\n<p style=\"padding-left: 40px;\">\u201eGridshifter\u201c bestach durch seine willentliche kompositorische Strenge, durch massive Soundw&#228;lle und ausgefeilte, praktisch durchgehend programmierte Rhythmusteile. Zahlreiche Festivalauftritte folgten, etwa beim Innsbrucker Heart of Noise und dem Grazer musikprotokoll.<\/p>\n<p style=\"padding-left: 40px;\">Auf \u201eSyn\u201c wurden die Perspektiven insofern gewechselt, als hier live eingespielte akustische und elektronische Drums dominieren. \u201eSyn\u201c ist ein Album, das Kl&#228;nge und Rhythmen maximal verdichtet und ihnen gleichzeitig viel offenen Raum gibt, gleicherma&#223;en Groove wie Noise ist. Im Zeit-Ton Portr&#228;t erz&#228;hlen Stefan N\u00e9meth und Bernhard Breuer davon. Gestaltung: Heinrich Deisl<\/p>\n<hr \/>\n<h2>fr \u2013 19.02.2021<\/h2>\n<hr \/>\n<p>00:05 bis 01:00 | Deutschlandfunk Kultur<br \/>\n<strong>Klangkunst: Schwerpunkt: Hier is woanders \u2013 Untraining the Ear \u2013 Listening into Placelessness<\/strong><\/p>\n<p style=\"padding-left: 40px;\">Mit H&#246;rst&#252;cken von Shanti Suki Osman und von Martyna Poznanska unter Mitwirkung von Peter Cusack. Produktion: SAVVY \/ Deutschlandfunk Kultur \/ CTM Festival 2021. L&#228;nge: 54\u201930. (Ursendung)<\/p>\n<p style=\"padding-left: 40px;\">Die Reihe hinterfragt H&#246;rgewohnheiten. Diesmal mit einer Klangkomposition zu Identit&#228;t und Privilegien, Mikroaggressionen und Wut \u2013 und einer imagin&#228;ren Soundscape zwischen B&#252;schen, Blumen und &#196;sten.<\/p>\n<p style=\"padding-left: 40px;\">Die Reihe \u201eUntraining the Ear\u201c des Berliner Kunstlabors und Veranstaltungsortes SAVVY Contemporary hinterfragt seit 2017 H&#246;rgewohnheiten. In Zeiten von Corona verlegt sie ihr Programm ins Radio und ins Internet. Der Mensch muss keine Orte mehr aufsuchen, er selbst wird zur H&#246;rstation. Wie wirkt sich das auf sein H&#246;ren aus?<\/p>\n<p style=\"padding-left: 40px;\">\u201eEher platziert als suchend, eher stationiert, vermuten wir, dass wir mehr Aufmerksamkeit f&#252;r die unbekannten Dinge haben, die ein jeder Ort besitzt.\u201c (Programmtext SAVVY)<\/p>\n<p style=\"padding-left: 40px;\">\u201eA Perfect Fit\u201c von Shanti Suki Osman: Aus marginalisierter Perspektive stellt die Musikerin Fragen zu Macht und ihrer Verteilung, problematisiert den Ansatz einer Universall&#246;sung f&#252;r Inklusion (\u201eone-size inclusion fits all\u201c) und legt den Fokus auf Stimmen, die sich in R&#228;umen erheben, in denen sie nicht gewollt sind.<\/p>\n<p style=\"padding-left: 40px;\">\u201etca tca tca tca there here\u201c von Martyna Poznanska, unter Mitwirkung von Peter Cusack: Es beginnt im Unterholz. H&#246;rbar werden die Bewegungen der kleinsten Erdbewohner*innen. Von dort aus bewegt sich die imagin&#228;re Sounderz&#228;hlung zu den B&#252;schen, den Blumen und &#196;sten, wo Trillionen von Begegnungen zwischen Insekten und V&#246;geln stattfinden. Zur&#252;ck zum Boden: Texturen verschiedener Moose, akustische Zust&#228;nde verschiedener K&#246;rper.<\/p>\n<p style=\"padding-left: 40px;\">Shanti Suki Osman lebt und arbeitet als Musikp&#228;dagogin und K&#252;nstlerin in Berlin. In Songs, Sounds und Radiost&#252;cken befasst sie sich mit den Themenkomplexen Identit&#228;t und Privilegien, Anti-Rassismus, Aktivismus und Feminismus aus postkolonialer und marginalisierter Perspektive. Sie ist Wissenschaftliche Mitarbeiterin an der Humboldt-Universit&#228;t zu Berlin im Bereich Musikwissenschaft und Doktorandin f&#252;r Musikp&#228;dagogik an der Carl von Ossietzky Universit&#228;t in Oldenburg.<\/p>\n<p style=\"padding-left: 40px;\">Martyna Poznanska lebt in Berlin, BiaIystok und London. Ihre transdisziplin&#228;ren Multimedia-Installationen befassen sich mit Transformations- und Verfallsprozessen und den symbiotischen Verbindungen zwischen menschlichem und nicht-menschlichem Leben. Studium f&#252;r Spanische Philologie an der Jagiellonen-Universit&#228;t in Krakow und Studium f&#252;r Klangkunst an der University of the Arts in London und der Universit&#228;t der K&#252;nste Berlin. Zahlreiche Ausstellungen.<\/p>\n<p style=\"padding-left: 40px;\">Peter Cusack, geboren 1948 in London, ist Klangk&#252;nstler, Musiker und \u201efield recordist\u201c. Seit vielem Jahren besch&#228;ftigt er sich mit Soundumgebungen. 1998 initiierte er das \u201eFavourite Sounds Project\u201c um festzustellen, wie Menschen mit den Sounds in ihrer Umgebung interagieren. Das Projekt wurde seither in zahlreichen St&#228;dten ausgestellt, darunter Peking, Prag, Manchester, Tarent, Kingston upon Hull und Berlin. 2011\/12 war er Gast des Berliner K&#252;nstlerprogramms des DAAD.<\/p>\n<p>00:10 bis 02:00 | Bayern 2<br \/>\n<strong>Concerto bavarese: Fr&#228;nkische Komponisten<\/strong><\/p>\n<p style=\"padding-left: 40px;\"><strong>Eberhard Klemmstein<\/strong>: Klavierquintett (Oda Schmidt, Klavier; Holger Grohs, Alexander Klemmstein, Violine; Eberhard Klemmstein, Viola; Tilmann Stiehler, Violoncello); <strong>Waldram Hollfelder<\/strong>: \u201eReflexionen\u201c (Lilo Kraus, Harfe); <strong>Holmer Becker<\/strong>: Pastorale (Gundel Huschka, Fl&#246;te; Florian Kaplick, Klavier); <strong>Elke Tober-Vogt<\/strong>: \u201eLabyrinth\u201c (camerata 21); <strong>Hermann Seidl<\/strong>: Vier S&#228;tze (Barbara Seeliger, Violoncello); <strong>G&#252;nter Thim<\/strong>: Klaviertrio (G&#252;nter Thim, Klavier; Werner Jahns, Violine; Reiner Faupel, Violoncello); <strong>Matthias Schmitt<\/strong>: Drei Skizzen (Katarzyna M\u00fdcka, Franz Bach, Marimba); <strong>Siegfried Fink<\/strong>: \u201eHarlekinade\u201c, op. 92 a (Toscana Ensemble f&#252;r Neue Musik); <strong>Ludger Hofmann-Engl<\/strong>: Zweite symphonische Arbeit (Nationales Symphonie-Orchester des Polnischen Rundfunks: Szymon Kawalla)<\/p>\n<p>19:05 bis 20:00 | BR-KLASSIK<br \/>\n<strong>Das Musik-Feature: Kein Himmel voller Geigen \u2013 Musikerausbildung mit Fragezeichen<\/strong><\/p>\n<p style=\"padding-left: 40px;\">Von Michaela Fridrich. F&#252;r den Beruf braucht es viel Begabung, noch mehr eiserne Disziplin und eine Ausbildung, die bereits in der Kindheit beginnt und wenig Freiraum f&#252;r andere Hobbies oder Interessen l&#228;sst. Dabei sind die Aussichten auf Erfolg und auf ein sicheres Einkommen eher gering. Wer sich f&#252;r die berufliche Laufbahn als Musiker entscheidet, sollte eine gro&#223;e Leidenschaft f&#252;r sein Fachgebiet sowie eine hohe Frustrationstoleranz mitbringen. Denn nur etwa zwei von zehn Absolventen eines k&#252;nstlerischen Hochschulstudiums k&#246;nnen sp&#228;ter auf eine Festanstellung hoffen. Da fragt man sich schon, ob nicht ein Fehler im System liegt und ob nicht bedarfsorientiert oder schlichtweg zu viele Musiker ausgebildet werden. In Pandemie-Zeiten zeigt sich jedenfalls, dass die Situation der Freiberufler in der Musikszene noch dramatischer ist als in den meisten anderen Branchen. Michaela Fridrich spricht mit Insidern und Betroffenen &#252;ber die aktuelle Situation f&#252;r Berufsanf&#228;nger und &#252;ber die Zukunft der Musikerausbildung.<\/p>\n<p>22:03 bis 23:00 | Deutschlandfunk Kultur<br \/>\n<strong>Musikfeuilleton; Wesensverwandte \u2013 Die Freundschaft zwischen Arnold Sch&#246;nberg und Wassily Kandinsky<\/strong><\/p>\n<p style=\"padding-left: 40px;\">Von Elisabeth Hahn. 1911 lernt der Maler Wassily Kandinsky die Musik von Arnold Sch&#246;nberg kennen. Seine Begeisterung inspiriert ihn zu einem Bild: \u201eImpression III (Konzert)\u201c. Bald lernen sich beide K&#252;nstler pers&#246;nlich kennen und sehen im jeweils anderen einen Wesensverwandten. Briefe bezeugen die langj&#228;hrige Freundschaft. Kandinsky erm&#246;glicht Sch&#246;nberg auch die Ausstellung einiger seiner Gem&#228;lde beim \u201eBlauen Reiter\u201c. Doch im Sommer 1923 kommt es zum Bruch.<\/p>\n<p>23:03 \u2013 24:00 | &#214;1<br \/>\n<strong>Meister der kleinsten Formen wird 95 \u2013 Spielen \u2013 Klingen. Zum 95. Geburtstag von Gy&#246;gy Kurt\u00e1g<\/strong><\/p>\n<p style=\"padding-left: 40px;\">Er ist der Meister der kleinsten Formen, als Interpret an Intensit&#228;t kaum zu &#252;bertreffen, und dabei findet sich eine Leichtigkeit in seinem Werk, die keine R&#252;ckschl&#252;sse auf die oft jahrzehntelangen Entstehungsprozesse zul&#228;sst: Gy&#246;rgy Kurt\u00e1g. Geboren am 19. Februar vor 95 Jahren hat er die Musikentwicklung seit dem zweiten Weltkrieg gepr&#228;gt. Gemeinsam mit seiner Frau M\u00e1rta vierh&#228;ndig am Klavier hat er Menschen jeden Alters f&#252;r seine Musik, seine pers&#246;nliche Sichtweise von Kunst begeistert. Und als 2018 auch noch eine abendf&#252;llende Oper von ihm uraufgef&#252;hrt wurde, schien der damals 92j&#228;hrige sagen zu wollen: Ich habe noch etwa zu sagen. Gerhard Krammer pr&#228;sentiert Streiflichter durch das Schaffen von Gy&#246;rgy Kurt\u00e1g. Gestaltung: Gerhard Krammer<\/p>\n<hr \/>\n<h2>sa \u2013 20.02.2021<\/h2>\n<hr \/>\n<p>14:05 bis 15:00 | BR-KLASSIK<br \/>\n<strong>Das Musik-Feature: Kein Himmel voller Geigen \u2013 Musikerausbildung mit Fragezeichen<\/strong><\/p>\n<p style=\"padding-left: 40px;\">Von Michaela Fridrich. F&#252;r den Beruf braucht es viel Begabung, noch mehr eiserne Disziplin und eine Ausbildung, die bereits in der Kindheit beginnt und wenig Freiraum f&#252;r andere Hobbies oder Interessen l&#228;sst. Dabei sind die Aussichten auf Erfolg und auf ein sicheres Einkommen eher gering. Wer sich f&#252;r die berufliche Laufbahn als Musiker entscheidet, sollte eine gro&#223;e Leidenschaft f&#252;r sein Fachgebiet sowie eine hohe Frustrationstoleranz mitbringen. Denn nur etwa zwei von zehn Absolventen eines k&#252;nstlerischen Hochschulstudiums k&#246;nnen sp&#228;ter auf eine Festanstellung hoffen. Da fragt man sich schon, ob nicht ein Fehler im System liegt und ob nicht bedarfsorientiert oder schlichtweg zu viele Musiker ausgebildet werden. In Pandemie-Zeiten zeigt sich jedenfalls, dass die Situation der Freiberufler in der Musikszene noch dramatischer ist als in den meisten anderen Branchen. Michaela Fridrich spricht mit Insidern und Betroffenen &#252;ber die aktuelle Situation f&#252;r Berufsanf&#228;nger und &#252;ber die Zukunft der Musikerausbildung.<\/p>\n<p>22:04 bis 00:00 | WDR 3<br \/>\n<strong>WDR 3 Open Sounds: Studio Elektronische Musik: Stromlinie reloaded [9]<\/strong><\/p>\n<p style=\"padding-left: 40px;\"><strong>Kim Cascone<\/strong>: cubeQuadratische\/Herniated Mix #1 \/ layeral intersect #3: orthogonal \/ Anti-Correlation \/ Zephirum Scan \/ Pulsar Studies | <strong>Throbbing Gristle<\/strong>: The First Annual Report \/ The Second Annual Report \/ The Third and Final Report | <strong>Negativland<\/strong>: Negativland \/ A Big 10-8 Place \/ Escape from Noise \/ Death Sentences of the Polished and Structurally Weak<\/p>\n<hr \/>\n<h2>so \u2013 21.02.2021<\/h2>\n<hr \/>\n<p>13:04 bis 14:00 | hr2-kultur<br \/>\n<strong>Kaisers Kl&#228;nge \u2013 Musikalische Entdeckungsreisen \u2013 Farbige Felder \u2013 Musik zu den Bildern von Mark Rothko<\/strong><\/p>\n<p style=\"padding-left: 40px;\">Kaum ein bildender K&#252;nstler des 20. Jahrhunderts inspirierte so viele verschiedene Komponisten zu so unterschiedlichen Musikwerken wie Mark Rothko. Die Kunstwelt beeindruckte Rothko mit Bildern, die aus gro&#223;formatigen Farbfl&#228;chen bestehen.<\/p>\n<p style=\"padding-left: 40px;\">Die Tate Gallery widmete ihm einen eigenen Raum, in Houston wurde sogar eine ganze Kapelle f&#252;r ihn errichtet. Die Vertonungen seiner Farbfeldmalereien reichen von Neuer Musik bis hin zu Jazz und Pop.<\/p>\n<p>22:00 bis 00:00 | Bremen Zwei<br \/>\n<strong>Klassikwelt in concert<\/strong><\/p>\n<p style=\"padding-left: 40px;\">Der norwegische Komponist und Posaunist Ole Edvard Antonsen gastierte beim WDR Funkhausorchester, das sich in der Auswahl seines Repertoires vom Sinfonieorchester des WDR unterscheidet.<\/p>\n<p>22:08 \u2013 22:55 | &#214;1<br \/>\n<strong>Das Ehepaar Kurt\u00e1g spielt Klavier \u2013 Die intim expressive Musik des Gy&#246;rgy Kurt\u00e1g live in Wien<\/strong><\/p>\n<p style=\"padding-left: 40px;\">Am 19. Februar 2021 hat Gy&#246;rgy Kurt\u00e1g seinen 95. Geburtstag gefeiert, 2019 verstarb seine nur um ein Jahr j&#252;ngere Frau Martha Kurt\u00e1g. F&#252;r Jahrzehnte bildeten diese beiden K&#252;nstler ein eng verbundenes und auf vielen Ebenen bemerkenswert eingespieltes Team. Als 2018 nach einem Schaffensprozess von vielen Jahren Kurt\u00e1gs Oper \u201eFin de partie\u201c nach Samuel Beckett Premiere feierte, merkten nicht wenige Beobachter an, ob man nicht eher von einem Werk von Gy&#246;rgy und Martha Kurt\u00e1g sprechen sollte.<\/p>\n<p style=\"padding-left: 40px;\">Am unmissverst&#228;ndlichsten aber zeigte sich diese Verbundenheit in ihren &#252;ber viele Jahrzehnte gepflegten Auftritten als vierh&#228;ndig spielendes Klavierduo. Martha und Gy&#246;rgy Kurt\u00e1g spielten aber nicht an einem gro&#223;en Fl&#252;gel, sondern ausgerechnet auf einem Pianino, also einem \u201eUpright Piano\u201c. Allerdings auf einem besonderen Pianino, gespielt mit D&#228;mpfer, \u201ePianino con supersordino\u201c hei&#223;t das dann als Instrumentalangabe. Und das Klavier steht so auf der B&#252;hne, dass man Marta und Gy&#246;rgy Kurt\u00e1g von hinten spielen sieht, sie dem Publikum also ihre R&#252;cken zuweisen. Und diese St&#252;cke sind oft so komponiert beziehungsweise arrangiert, dass man einander durch verschr&#228;nkte Armkonfigurationen sehr nahe kommen muss beim Spielen, st&#228;ndig muss man sich &#252;ber die H&#228;nde seiner Partnerin beugen, um die vertrackten Klaviers&#228;tze Kurt\u00e1gs Anweisungen folgend spielen kann. Und das ist dann auch wieder fast ein Bild von der Liebe, so wie die Beiden Das machen. Und dann spielen sie nicht nur Musik von Kurt\u00e1g selbst, sondern dazwischen auch Musik von B\u00e9la Bart\u00f3k und Johann Sebastian Bach. Vor allem Letzteres, die Chor&#228;le Bachs in Kurt\u00e1gs Arrangement sind Legende. Viel sch&#246;ner kann Musik nicht werden, als in diesen wie endlos schwebenden, nonverbalen Chor&#228;len, hie&#223; es oft. Und am 17. November 2006, im Wiener Konzerthaus im Mozartsaal, war es wieder einmal soweit und &#214;1 hat das Konzert aufgenommen. Eine Erinnerung an diesen Abend. Gestaltung: Christian Scheib<\/p>\n<p>23:03 bis 00:00 | WDR 3<br \/>\n<strong>WDR 3 Studio Neue Musik. J&#252;dische Chronik<\/strong><\/p>\n<p style=\"padding-left: 40px;\"><strong>Arnold Sch&#246;nberg<\/strong>: Kol Nidre, op. 39 f&#252;r Sprecher, Chor und Orchester; Hans-Herbert Fiedler; WDR Rundfunkchor; WDR Sinfonieorchester, Leitung: Hans Rosbaud | <strong>Paul Dessau \/ Hans Werner Henze<\/strong>: Aufstand, aus \u201eJ&#252;dische Chronik\u201c f&#252;r Alt, Bariton, Sprecher, Chor und Orchester; Kerstin Meyer, Alt; Hans G&#252;nter N&#246;cker, Bariton; Michael Heltau und Hans Neubert, Sprecher; WDR Rundfunkchor; WDR Sinfonieorchester, Leitung: Christoph von Dohn\u00e1nyi | <strong>Gy&#246;rgy Ligeti \/ Mauricio Kagel<\/strong>: Nah und fern zugleich \u2013 Gespr&#228;ch &#252;ber j&#252;dische Identit&#228;t | <strong>Gy&#246;rgy Ligeti<\/strong>: Violinkonzert; Saschko Gawriloff; WDR Sinfonieorchester, Leitung: Gary Bertini | <strong>Mauricio Kagel<\/strong>: Liturgien f&#252;r Tenor, Bariton, Bass, 2 Ch&#246;re und Orchester; Ian Caley, Tenor; Roland Hermann, Bariton; Boris Carmeli, Bass; SWR Vokalensemble Stuttgart; WDR Rundfunkchor; WDR Sinfonieorchester, Leitung: Gary Bertini<\/p>\n<p style=\"padding-left: 40px;\">J&#252;dische Kultur und Geschichte wurde seit 1951 immer wieder in Konzerten der K&#246;lner Reihe Musik der Zeit reflektiert. Wichtige Werke von Sch&#246;nberg, Ligeti und Kagel sowie die deutsch-deutsche Kollektivkomposition J&#252;dische Chronik erlebten hier vielbeachtete Erstauff&#252;hrungen.<\/p>\n<p style=\"padding-left: 40px;\">Arnold Sch&#246;nberg, der im Exil zum j&#252;dischen Glauben zur&#252;ckgekehrt war, schrieb 1933 seine Version des Kol Nidre. Wichtig war ihm dabei, \u201edie Cello-Sentimentalit&#228;t\u201c, wie Max Bruch sie gestaltete, \u201ewegzuvitriolisieren und diesem Dekret die W&#252;rde eines Gesetzes, eines Erlasses zu verleihen\u201c. Das Werk erklang 1954 mit der K&#246;lner Auff&#252;hrung erstmals in Europa.<\/p>\n<p style=\"padding-left: 40px;\">Antisemitische Aktivit&#228;ten, u.a. in K&#246;ln, waren Ende der 1950er Jahre Ausl&#246;ser f&#252;r ein deutsch-deutsches Kollektivwerk, an dem sich Komponisten aus der damaligen DDR und der BRD beteiligten. Darunter Paul Dessau und Hans Werner Henze, die den Abschnitt Aufstand gemeinsam schrieben. Die Urauff&#252;hrung dieses Oratoriums war f&#252;r Oktober 1961 vorgesehen, musste aber wegen des Mauerbaus verschoben werden, lief schlie&#223;lich 1966 \u2013 parallel in K&#246;ln und Leipzig.<\/p>\n<p style=\"padding-left: 40px;\">Begegnung der Diaspora mit Israel. Im Rahmen dieser Veranstaltung diskutierten 1991 Mauricio Kagel und Gy&#246;rgy Ligeti &#252;ber j&#252;dische Identit&#228;t. Und steuerten zwei wichtige neue Werke bei: Ligeti sein Violinkonzert, Kagel seine Liturgien \u2013 als &#246;kumenisch polyglottes Statement gegen religi&#246;sen Un-Frieden.<\/p>\n<p>&nbsp;<\/p>\n<p>&nbsp;<\/p>\n<div class=\"shariff shariff-align-left shariff-widget-align-left\" style=\"display:none\"><div class=\"ShariffHeadline\"> <\/div><ul class=\"shariff-buttons theme-default orientation-horizontal buttonsize-small\"><li class=\"shariff-button mastodon shariff-nocustomcolor\" style=\"background-color:#563ACC\"><a href=\"https:\/\/s2f.kytta.dev\/?text=Neue%20Musik%20%2F%20Musikfeature%20%2F%20SoundArt%3A%20Die%20Radiowoche%20vom%2015.02.%20bis%2021.02.2021 https%3A%2F%2Fblogs.nmz.de%2Fbadblog%2F2021%2F02%2F13%2Fneue-musik-musikfeature-soundart-die-radiowoche-vom-15-02-bis-21-02-2021%2F\" title=\"Bei Mastodon teilen\" aria-label=\"Bei Mastodon teilen\" role=\"button\" rel=\"noopener nofollow\" class=\"shariff-link\" style=\"; background-color:#6364FF; color:#fff\" target=\"_blank\"><span class=\"shariff-icon\" style=\"\"><svg width=\"75\" height=\"79\" viewBox=\"0 0 75 79\" fill=\"none\" xmlns=\"http:\/\/www.w3.org\/2000\/svg\"><path d=\"M37.813-.025C32.462-.058 27.114.13 21.79.598c-8.544.621-17.214 5.58-20.203 13.931C-1.12 23.318.408 32.622.465 41.65c.375 7.316.943 14.78 3.392 21.73 4.365 9.465 14.781 14.537 24.782 15.385 7.64.698 15.761-.213 22.517-4.026a54.1 54.1 0 0 0 .01-6.232c-6.855 1.316-14.101 2.609-21.049 1.074-3.883-.88-6.876-4.237-7.25-8.215-1.53-3.988 3.78-.43 5.584-.883 9.048 1.224 18.282.776 27.303-.462 7.044-.837 14.26-4.788 16.65-11.833 2.263-6.135 1.215-12.79 1.698-19.177.06-3.84.09-7.692-.262-11.52C72.596 7.844 63.223.981 53.834.684a219.453 219.453 0 0 0-16.022-.71zm11.294 12.882c5.5-.067 10.801 4.143 11.67 9.653.338 1.48.471 3 .471 4.515v21.088h-8.357c-.07-7.588.153-15.182-.131-22.765-.587-4.368-7.04-5.747-9.672-2.397-2.422 3.04-1.47 7.155-1.67 10.735v6.392h-8.307c-.146-4.996.359-10.045-.404-15.002-1.108-4.218-7.809-5.565-10.094-1.666-1.685 3.046-.712 6.634-.976 9.936v14.767h-8.354c.109-8.165-.238-16.344.215-24.5.674-5.346 5.095-10.389 10.676-10.627 4.902-.739 10.103 2.038 12.053 6.631.375 1.435 1.76 1.932 1.994.084 1.844-3.704 5.501-6.739 9.785-6.771.367-.044.735-.068 1.101-.073z\"\/><defs><linearGradient id=\"paint0_linear_549_34\" x1=\"37.0692\" y1=\"0\" x2=\"37.0692\" y2=\"79\" gradientUnits=\"userSpaceOnUse\"><stop stop-color=\"#6364FF\"\/><stop offset=\"1\" stop-color=\"#563ACC\"\/><\/linearGradient><\/defs><\/svg><\/span><span class=\"shariff-text\">teilen<\/span>&nbsp;<\/a><\/li><li class=\"shariff-button bluesky shariff-nocustomcolor\" style=\"background-color:#84c4ff\"><a href=\"https:\/\/bsky.app\/intent\/compose?text=Neue%20Musik%20%2F%20Musikfeature%20%2F%20SoundArt%3A%20Die%20Radiowoche%20vom%2015.02.%20bis%2021.02.2021 https%3A%2F%2Fblogs.nmz.de%2Fbadblog%2F2021%2F02%2F13%2Fneue-musik-musikfeature-soundart-die-radiowoche-vom-15-02-bis-21-02-2021%2F \" title=\"Bei Bluesky teilen\" aria-label=\"Bei Bluesky teilen\" role=\"button\" rel=\"noopener nofollow\" class=\"shariff-link\" style=\"; background-color:#0085ff; color:#fff\" target=\"_blank\"><span class=\"shariff-icon\" style=\"\"><svg width=\"20\" height=\"20\" version=\"1.1\" xmlns=\"http:\/\/www.w3.org\/2000\/svg\" viewBox=\"0 0 20 20\"><path class=\"st0\" d=\"M4.89,3.12c2.07,1.55,4.3,4.71,5.11,6.4.82-1.69,3.04-4.84,5.11-6.4,1.49-1.12,3.91-1.99,3.91.77,0,.55-.32,4.63-.5,5.3-.64,2.3-2.99,2.89-5.08,2.54,3.65.62,4.58,2.68,2.57,4.74-3.81,3.91-5.48-.98-5.9-2.23-.08-.23-.11-.34-.12-.25,0-.09-.04.02-.12.25-.43,1.25-2.09,6.14-5.9,2.23-2.01-2.06-1.08-4.12,2.57-4.74-2.09.36-4.44-.23-5.08-2.54-.19-.66-.5-4.74-.5-5.3,0-2.76,2.42-1.89,3.91-.77h0Z\"\/><\/svg><\/span><span class=\"shariff-text\">teilen<\/span>&nbsp;<\/a><\/li><li class=\"shariff-button facebook shariff-nocustomcolor\" style=\"background-color:#4273c8\"><a href=\"https:\/\/www.facebook.com\/sharer\/sharer.php?u=https%3A%2F%2Fblogs.nmz.de%2Fbadblog%2F2021%2F02%2F13%2Fneue-musik-musikfeature-soundart-die-radiowoche-vom-15-02-bis-21-02-2021%2F\" title=\"Bei Facebook teilen\" aria-label=\"Bei Facebook teilen\" role=\"button\" rel=\"nofollow\" class=\"shariff-link\" style=\"; background-color:#3b5998; color:#fff\" target=\"_blank\"><span class=\"shariff-icon\" style=\"\"><svg width=\"32px\" height=\"20px\" xmlns=\"http:\/\/www.w3.org\/2000\/svg\" viewBox=\"0 0 18 32\"><path fill=\"#3b5998\" d=\"M17.1 0.2v4.7h-2.8q-1.5 0-2.1 0.6t-0.5 1.9v3.4h5.2l-0.7 5.3h-4.5v13.6h-5.5v-13.6h-4.5v-5.3h4.5v-3.9q0-3.3 1.9-5.2t5-1.8q2.6 0 4.1 0.2z\"\/><\/svg><\/span><span class=\"shariff-text\">teilen<\/span>&nbsp;<\/a><\/li><li class=\"shariff-button threema shariff-nocustomcolor shariff-mobile\" style=\"background-color:#4fbc24\"><a href=\"threema:\/\/compose?text=Neue%20Musik%20%2F%20Musikfeature%20%2F%20SoundArt%3A%20Die%20Radiowoche%20vom%2015.02.%20bis%2021.02.2021%20https%3A%2F%2Fblogs.nmz.de%2Fbadblog%2F2021%2F02%2F13%2Fneue-musik-musikfeature-soundart-die-radiowoche-vom-15-02-bis-21-02-2021%2F\" title=\"Bei Threema teilen\" aria-label=\"Bei Threema teilen\" role=\"button\" rel=\"noopener nofollow\" class=\"shariff-link\" style=\"; background-color:#1f1f1f; color:#fff\" target=\"_blank\"><span class=\"shariff-icon\" style=\"\"><svg width=\"32px\" height=\"20px\" xmlns=\"http:\/\/www.w3.org\/2000\/svg\" viewBox=\"0 0 32 32\"><path fill=\"#1f1f1f\" d=\"M30.8 10.9c-0.3-1.4-0.9-2.6-1.8-3.8-2-2.6-5.5-4.5-9.4-5.2-1.3-0.2-1.9-0.3-3.5-0.3s-2.2 0-3.5 0.3c-4 0.7-7.4 2.6-9.4 5.2-0.9 1.2-1.5 2.4-1.8 3.8-0.1 0.5-0.2 1.2-0.2 1.6 0 0.4 0.1 1.1 0.2 1.6 0.4 1.9 1.3 3.4 2.9 5 0.8 0.8 0.8 0.8 0.7 1.3 0 0.6-0.5 1.6-1.7 3.6-0.3 0.5-0.5 0.9-0.5 0.9 0 0.1 0.1 0.1 0.5 0 0.8-0.2 2.3-0.6 5.6-1.6 1.1-0.3 1.3-0.4 2.3-0.4 0.8 0 1.1 0 2.3 0.2 1.5 0.2 3.5 0.2 4.9 0 5.1-0.6 9.3-2.9 11.4-6.3 0.5-0.9 0.9-1.8 1.1-2.8 0.1-0.5 0.2-1.1 0.2-1.6 0-0.7-0.1-1.1-0.2-1.6-0.3-1.4 0.1 0.5 0 0zM20.6 17.3c0 0.4-0.4 0.8-0.8 0.8h-7.7c-0.4 0-0.8-0.4-0.8-0.8v-4.6c0-0.4 0.4-0.8 0.8-0.8h0.2l0-1.6c0-0.9 0-1.8 0.1-2 0.1-0.6 0.6-1.2 1.1-1.7s1.1-0.7 1.9-0.8c1.8-0.3 3.7 0.7 4.2 2.2 0.1 0.3 0.1 0.7 0.1 2.1v0 1.7h0.1c0.4 0 0.8 0.4 0.8 0.8v4.6zM15.6 7.3c-0.5 0.1-0.8 0.3-1.2 0.6s-0.6 0.8-0.7 1.3c0 0.2 0 0.8 0 1.5l0 1.2h4.6v-1.3c0-1 0-1.4-0.1-1.6-0.3-1.1-1.5-1.9-2.6-1.7zM25.8 28.2c0 1.2-1 2.2-2.1 2.2s-2.1-1-2.1-2.1c0-1.2 1-2.1 2.2-2.1s2.2 1 2.2 2.2zM18.1 28.2c0 1.2-1 2.2-2.1 2.2s-2.1-1-2.1-2.1c0-1.2 1-2.1 2.2-2.1s2.2 1 2.2 2.2zM10.4 28.2c0 1.2-1 2.2-2.1 2.2s-2.1-1-2.1-2.1c0-1.2 1-2.1 2.2-2.1s2.2 1 2.2 2.2z\"\/><\/svg><\/span><span class=\"shariff-text\">teilen<\/span>&nbsp;<\/a><\/li><li class=\"shariff-button linkedin shariff-nocustomcolor\" style=\"background-color:#1488bf\"><a href=\"https:\/\/www.linkedin.com\/sharing\/share-offsite\/?url=https%3A%2F%2Fblogs.nmz.de%2Fbadblog%2F2021%2F02%2F13%2Fneue-musik-musikfeature-soundart-die-radiowoche-vom-15-02-bis-21-02-2021%2F\" title=\"Bei LinkedIn teilen\" aria-label=\"Bei LinkedIn teilen\" role=\"button\" rel=\"noopener nofollow\" class=\"shariff-link\" style=\"; background-color:#0077b5; color:#fff\" target=\"_blank\"><span class=\"shariff-icon\" style=\"\"><svg width=\"32px\" height=\"20px\" xmlns=\"http:\/\/www.w3.org\/2000\/svg\" viewBox=\"0 0 27 32\"><path fill=\"#0077b5\" d=\"M6.2 11.2v17.7h-5.9v-17.7h5.9zM6.6 5.7q0 1.3-0.9 2.2t-2.4 0.9h0q-1.5 0-2.4-0.9t-0.9-2.2 0.9-2.2 2.4-0.9 2.4 0.9 0.9 2.2zM27.4 18.7v10.1h-5.9v-9.5q0-1.9-0.7-2.9t-2.3-1.1q-1.1 0-1.9 0.6t-1.2 1.5q-0.2 0.5-0.2 1.4v9.9h-5.9q0-7.1 0-11.6t0-5.3l0-0.9h5.9v2.6h0q0.4-0.6 0.7-1t1-0.9 1.6-0.8 2-0.3q3 0 4.9 2t1.9 6z\"\/><\/svg><\/span><span class=\"shariff-text\">teilen<\/span>&nbsp;<\/a><\/li><li class=\"shariff-button info shariff-nocustomcolor\" style=\"background-color:#eee\"><a href=\"http:\/\/ct.de\/-2467514\" title=\"Weitere Informationen\" aria-label=\"Weitere Informationen\" role=\"button\" rel=\"noopener \" class=\"shariff-link\" style=\"; background-color:#fff; color:#fff\" target=\"_blank\"><span class=\"shariff-icon\" style=\"\"><svg width=\"32px\" height=\"20px\" xmlns=\"http:\/\/www.w3.org\/2000\/svg\" viewBox=\"0 0 11 32\"><path fill=\"#999\" d=\"M11.4 24v2.3q0 0.5-0.3 0.8t-0.8 0.4h-9.1q-0.5 0-0.8-0.4t-0.4-0.8v-2.3q0-0.5 0.4-0.8t0.8-0.4h1.1v-6.8h-1.1q-0.5 0-0.8-0.4t-0.4-0.8v-2.3q0-0.5 0.4-0.8t0.8-0.4h6.8q0.5 0 0.8 0.4t0.4 0.8v10.3h1.1q0.5 0 0.8 0.4t0.3 0.8zM9.2 3.4v3.4q0 0.5-0.4 0.8t-0.8 0.4h-4.6q-0.4 0-0.8-0.4t-0.4-0.8v-3.4q0-0.4 0.4-0.8t0.8-0.4h4.6q0.5 0 0.8 0.4t0.4 0.8z\"\/><\/svg><\/span><\/a><\/li><\/ul><\/div>","protected":false},"excerpt":{"rendered":"<p>Neue Musik und Musikfeatures in der Kalenderwoche 7. Besonders zu empfehlen: Donnerstag, 18.2.2021 \u2013 21:30 bis 22:30 | hr2-kultur \u2013 Neue Musik | Ring und Rage: Der Komponist Philippe Manoury vorgestellt von Patrick Hahn Alle bekannten Stream-, Web- und RSS-Adressen deutscher Sender finden sich bei Stefan Hetzel. Download dieser &#220;bersicht&#46;&#46;&#46;<\/p>\n<div class=\"shariff shariff-align-left shariff-widget-align-left\" style=\"display:none\"><div class=\"ShariffHeadline\"> <\/div><ul class=\"shariff-buttons theme-default orientation-horizontal buttonsize-small\"><li class=\"shariff-button mastodon shariff-nocustomcolor\" style=\"background-color:#563ACC\"><a href=\"https:\/\/s2f.kytta.dev\/?text=Neue%20Musik%20%2F%20Musikfeature%20%2F%20SoundArt%3A%20Die%20Radiowoche%20vom%2015.02.%20bis%2021.02.2021 https%3A%2F%2Fblogs.nmz.de%2Fbadblog%2F2021%2F02%2F13%2Fneue-musik-musikfeature-soundart-die-radiowoche-vom-15-02-bis-21-02-2021%2F\" title=\"Bei Mastodon teilen\" aria-label=\"Bei Mastodon teilen\" role=\"button\" rel=\"noopener nofollow\" class=\"shariff-link\" style=\"; background-color:#6364FF; color:#fff\" target=\"_blank\"><span class=\"shariff-icon\" style=\"\"><svg width=\"75\" height=\"79\" viewBox=\"0 0 75 79\" fill=\"none\" xmlns=\"http:\/\/www.w3.org\/2000\/svg\"><path d=\"M37.813-.025C32.462-.058 27.114.13 21.79.598c-8.544.621-17.214 5.58-20.203 13.931C-1.12 23.318.408 32.622.465 41.65c.375 7.316.943 14.78 3.392 21.73 4.365 9.465 14.781 14.537 24.782 15.385 7.64.698 15.761-.213 22.517-4.026a54.1 54.1 0 0 0 .01-6.232c-6.855 1.316-14.101 2.609-21.049 1.074-3.883-.88-6.876-4.237-7.25-8.215-1.53-3.988 3.78-.43 5.584-.883 9.048 1.224 18.282.776 27.303-.462 7.044-.837 14.26-4.788 16.65-11.833 2.263-6.135 1.215-12.79 1.698-19.177.06-3.84.09-7.692-.262-11.52C72.596 7.844 63.223.981 53.834.684a219.453 219.453 0 0 0-16.022-.71zm11.294 12.882c5.5-.067 10.801 4.143 11.67 9.653.338 1.48.471 3 .471 4.515v21.088h-8.357c-.07-7.588.153-15.182-.131-22.765-.587-4.368-7.04-5.747-9.672-2.397-2.422 3.04-1.47 7.155-1.67 10.735v6.392h-8.307c-.146-4.996.359-10.045-.404-15.002-1.108-4.218-7.809-5.565-10.094-1.666-1.685 3.046-.712 6.634-.976 9.936v14.767h-8.354c.109-8.165-.238-16.344.215-24.5.674-5.346 5.095-10.389 10.676-10.627 4.902-.739 10.103 2.038 12.053 6.631.375 1.435 1.76 1.932 1.994.084 1.844-3.704 5.501-6.739 9.785-6.771.367-.044.735-.068 1.101-.073z\"\/><defs><linearGradient id=\"paint0_linear_549_34\" x1=\"37.0692\" y1=\"0\" x2=\"37.0692\" y2=\"79\" gradientUnits=\"userSpaceOnUse\"><stop stop-color=\"#6364FF\"\/><stop offset=\"1\" stop-color=\"#563ACC\"\/><\/linearGradient><\/defs><\/svg><\/span><span class=\"shariff-text\">teilen<\/span>&nbsp;<\/a><\/li><li class=\"shariff-button bluesky shariff-nocustomcolor\" style=\"background-color:#84c4ff\"><a href=\"https:\/\/bsky.app\/intent\/compose?text=Neue%20Musik%20%2F%20Musikfeature%20%2F%20SoundArt%3A%20Die%20Radiowoche%20vom%2015.02.%20bis%2021.02.2021 https%3A%2F%2Fblogs.nmz.de%2Fbadblog%2F2021%2F02%2F13%2Fneue-musik-musikfeature-soundart-die-radiowoche-vom-15-02-bis-21-02-2021%2F \" title=\"Bei Bluesky teilen\" aria-label=\"Bei Bluesky teilen\" role=\"button\" rel=\"noopener nofollow\" class=\"shariff-link\" style=\"; background-color:#0085ff; color:#fff\" target=\"_blank\"><span class=\"shariff-icon\" style=\"\"><svg width=\"20\" height=\"20\" version=\"1.1\" xmlns=\"http:\/\/www.w3.org\/2000\/svg\" viewBox=\"0 0 20 20\"><path class=\"st0\" d=\"M4.89,3.12c2.07,1.55,4.3,4.71,5.11,6.4.82-1.69,3.04-4.84,5.11-6.4,1.49-1.12,3.91-1.99,3.91.77,0,.55-.32,4.63-.5,5.3-.64,2.3-2.99,2.89-5.08,2.54,3.65.62,4.58,2.68,2.57,4.74-3.81,3.91-5.48-.98-5.9-2.23-.08-.23-.11-.34-.12-.25,0-.09-.04.02-.12.25-.43,1.25-2.09,6.14-5.9,2.23-2.01-2.06-1.08-4.12,2.57-4.74-2.09.36-4.44-.23-5.08-2.54-.19-.66-.5-4.74-.5-5.3,0-2.76,2.42-1.89,3.91-.77h0Z\"\/><\/svg><\/span><span class=\"shariff-text\">teilen<\/span>&nbsp;<\/a><\/li><li class=\"shariff-button facebook shariff-nocustomcolor\" style=\"background-color:#4273c8\"><a href=\"https:\/\/www.facebook.com\/sharer\/sharer.php?u=https%3A%2F%2Fblogs.nmz.de%2Fbadblog%2F2021%2F02%2F13%2Fneue-musik-musikfeature-soundart-die-radiowoche-vom-15-02-bis-21-02-2021%2F\" title=\"Bei Facebook teilen\" aria-label=\"Bei Facebook teilen\" role=\"button\" rel=\"nofollow\" class=\"shariff-link\" style=\"; background-color:#3b5998; color:#fff\" target=\"_blank\"><span class=\"shariff-icon\" style=\"\"><svg width=\"32px\" height=\"20px\" xmlns=\"http:\/\/www.w3.org\/2000\/svg\" viewBox=\"0 0 18 32\"><path fill=\"#3b5998\" d=\"M17.1 0.2v4.7h-2.8q-1.5 0-2.1 0.6t-0.5 1.9v3.4h5.2l-0.7 5.3h-4.5v13.6h-5.5v-13.6h-4.5v-5.3h4.5v-3.9q0-3.3 1.9-5.2t5-1.8q2.6 0 4.1 0.2z\"\/><\/svg><\/span><span class=\"shariff-text\">teilen<\/span>&nbsp;<\/a><\/li><li class=\"shariff-button threema shariff-nocustomcolor shariff-mobile\" style=\"background-color:#4fbc24\"><a href=\"threema:\/\/compose?text=Neue%20Musik%20%2F%20Musikfeature%20%2F%20SoundArt%3A%20Die%20Radiowoche%20vom%2015.02.%20bis%2021.02.2021%20https%3A%2F%2Fblogs.nmz.de%2Fbadblog%2F2021%2F02%2F13%2Fneue-musik-musikfeature-soundart-die-radiowoche-vom-15-02-bis-21-02-2021%2F\" title=\"Bei Threema teilen\" aria-label=\"Bei Threema teilen\" role=\"button\" rel=\"noopener nofollow\" class=\"shariff-link\" style=\"; background-color:#1f1f1f; color:#fff\" target=\"_blank\"><span class=\"shariff-icon\" style=\"\"><svg width=\"32px\" height=\"20px\" xmlns=\"http:\/\/www.w3.org\/2000\/svg\" viewBox=\"0 0 32 32\"><path fill=\"#1f1f1f\" d=\"M30.8 10.9c-0.3-1.4-0.9-2.6-1.8-3.8-2-2.6-5.5-4.5-9.4-5.2-1.3-0.2-1.9-0.3-3.5-0.3s-2.2 0-3.5 0.3c-4 0.7-7.4 2.6-9.4 5.2-0.9 1.2-1.5 2.4-1.8 3.8-0.1 0.5-0.2 1.2-0.2 1.6 0 0.4 0.1 1.1 0.2 1.6 0.4 1.9 1.3 3.4 2.9 5 0.8 0.8 0.8 0.8 0.7 1.3 0 0.6-0.5 1.6-1.7 3.6-0.3 0.5-0.5 0.9-0.5 0.9 0 0.1 0.1 0.1 0.5 0 0.8-0.2 2.3-0.6 5.6-1.6 1.1-0.3 1.3-0.4 2.3-0.4 0.8 0 1.1 0 2.3 0.2 1.5 0.2 3.5 0.2 4.9 0 5.1-0.6 9.3-2.9 11.4-6.3 0.5-0.9 0.9-1.8 1.1-2.8 0.1-0.5 0.2-1.1 0.2-1.6 0-0.7-0.1-1.1-0.2-1.6-0.3-1.4 0.1 0.5 0 0zM20.6 17.3c0 0.4-0.4 0.8-0.8 0.8h-7.7c-0.4 0-0.8-0.4-0.8-0.8v-4.6c0-0.4 0.4-0.8 0.8-0.8h0.2l0-1.6c0-0.9 0-1.8 0.1-2 0.1-0.6 0.6-1.2 1.1-1.7s1.1-0.7 1.9-0.8c1.8-0.3 3.7 0.7 4.2 2.2 0.1 0.3 0.1 0.7 0.1 2.1v0 1.7h0.1c0.4 0 0.8 0.4 0.8 0.8v4.6zM15.6 7.3c-0.5 0.1-0.8 0.3-1.2 0.6s-0.6 0.8-0.7 1.3c0 0.2 0 0.8 0 1.5l0 1.2h4.6v-1.3c0-1 0-1.4-0.1-1.6-0.3-1.1-1.5-1.9-2.6-1.7zM25.8 28.2c0 1.2-1 2.2-2.1 2.2s-2.1-1-2.1-2.1c0-1.2 1-2.1 2.2-2.1s2.2 1 2.2 2.2zM18.1 28.2c0 1.2-1 2.2-2.1 2.2s-2.1-1-2.1-2.1c0-1.2 1-2.1 2.2-2.1s2.2 1 2.2 2.2zM10.4 28.2c0 1.2-1 2.2-2.1 2.2s-2.1-1-2.1-2.1c0-1.2 1-2.1 2.2-2.1s2.2 1 2.2 2.2z\"\/><\/svg><\/span><span class=\"shariff-text\">teilen<\/span>&nbsp;<\/a><\/li><li class=\"shariff-button linkedin shariff-nocustomcolor\" style=\"background-color:#1488bf\"><a href=\"https:\/\/www.linkedin.com\/sharing\/share-offsite\/?url=https%3A%2F%2Fblogs.nmz.de%2Fbadblog%2F2021%2F02%2F13%2Fneue-musik-musikfeature-soundart-die-radiowoche-vom-15-02-bis-21-02-2021%2F\" title=\"Bei LinkedIn teilen\" aria-label=\"Bei LinkedIn teilen\" role=\"button\" rel=\"noopener nofollow\" class=\"shariff-link\" style=\"; background-color:#0077b5; color:#fff\" target=\"_blank\"><span class=\"shariff-icon\" style=\"\"><svg width=\"32px\" height=\"20px\" xmlns=\"http:\/\/www.w3.org\/2000\/svg\" viewBox=\"0 0 27 32\"><path fill=\"#0077b5\" d=\"M6.2 11.2v17.7h-5.9v-17.7h5.9zM6.6 5.7q0 1.3-0.9 2.2t-2.4 0.9h0q-1.5 0-2.4-0.9t-0.9-2.2 0.9-2.2 2.4-0.9 2.4 0.9 0.9 2.2zM27.4 18.7v10.1h-5.9v-9.5q0-1.9-0.7-2.9t-2.3-1.1q-1.1 0-1.9 0.6t-1.2 1.5q-0.2 0.5-0.2 1.4v9.9h-5.9q0-7.1 0-11.6t0-5.3l0-0.9h5.9v2.6h0q0.4-0.6 0.7-1t1-0.9 1.6-0.8 2-0.3q3 0 4.9 2t1.9 6z\"\/><\/svg><\/span><span class=\"shariff-text\">teilen<\/span>&nbsp;<\/a><\/li><li class=\"shariff-button info shariff-nocustomcolor\" style=\"background-color:#eee\"><a href=\"http:\/\/ct.de\/-2467514\" title=\"Weitere Informationen\" aria-label=\"Weitere Informationen\" role=\"button\" rel=\"noopener \" class=\"shariff-link\" style=\"; background-color:#fff; color:#fff\" target=\"_blank\"><span class=\"shariff-icon\" style=\"\"><svg width=\"32px\" height=\"20px\" xmlns=\"http:\/\/www.w3.org\/2000\/svg\" viewBox=\"0 0 11 32\"><path fill=\"#999\" d=\"M11.4 24v2.3q0 0.5-0.3 0.8t-0.8 0.4h-9.1q-0.5 0-0.8-0.4t-0.4-0.8v-2.3q0-0.5 0.4-0.8t0.8-0.4h1.1v-6.8h-1.1q-0.5 0-0.8-0.4t-0.4-0.8v-2.3q0-0.5 0.4-0.8t0.8-0.4h6.8q0.5 0 0.8 0.4t0.4 0.8v10.3h1.1q0.5 0 0.8 0.4t0.3 0.8zM9.2 3.4v3.4q0 0.5-0.4 0.8t-0.8 0.4h-4.6q-0.4 0-0.8-0.4t-0.4-0.8v-3.4q0-0.4 0.4-0.8t0.8-0.4h4.6q0.5 0 0.8 0.4t0.4 0.8z\"\/><\/svg><\/span><\/a><\/li><\/ul><\/div>","protected":false},"author":590,"featured_media":14800,"comment_status":"open","ping_status":"open","sticky":false,"template":"","format":"standard","meta":{"jetpack_post_was_ever_published":false,"_jetpack_newsletter_access":"","_jetpack_dont_email_post_to_subs":false,"_jetpack_newsletter_tier_id":0,"_jetpack_memberships_contains_paywalled_content":false,"_jetpack_memberships_contains_paid_content":false,"footnotes":""},"categories":[2892,14853],"tags":[14876],"class_list":["post-23777","post","type-post","status-publish","format-standard","has-post-thumbnail","hentry","category-deutsch","category-radiomedien","tag-neue-musik-im-radio"],"yoast_head":"<!-- This site is optimized with the Yoast SEO plugin v27.4 - https:\/\/yoast.com\/product\/yoast-seo-wordpress\/ -->\n<title>Neue Musik \/ Musikfeature \/ SoundArt: Die Radiowoche vom 15.02. bis 21.02.2021 &#8211; Bad Blog Of Musick - nmz Klassik-Blog<\/title>\n<meta name=\"description\" content=\"Bad Blog Of Musick \u2013 Ein Klassik-Blog und das wahrscheinlich bedeutendste Musik-Blog zur zeitgen\u00f6ssischen und klassischen Musikkultur\" \/>\n<meta name=\"robots\" content=\"index, follow, max-snippet:-1, max-image-preview:large, max-video-preview:-1\" \/>\n<link rel=\"canonical\" href=\"https:\/\/blogs.nmz.de\/badblog\/2021\/02\/13\/neue-musik-musikfeature-soundart-die-radiowoche-vom-15-02-bis-21-02-2021\/\" \/>\n<meta property=\"og:locale\" content=\"de_DE\" \/>\n<meta property=\"og:type\" content=\"article\" \/>\n<meta property=\"og:title\" content=\"Neue Musik \/ Musikfeature \/ SoundArt: Die Radiowoche vom 15.02. bis 21.02.2021 &#8211; Bad Blog Of Musick - nmz Klassik-Blog\" \/>\n<meta property=\"og:description\" content=\"Bad Blog Of Musick \u2013 Ein Klassik-Blog und das wahrscheinlich bedeutendste Musik-Blog zur zeitgen\u00f6ssischen und klassischen Musikkultur\" \/>\n<meta property=\"og:url\" content=\"https:\/\/blogs.nmz.de\/badblog\/2021\/02\/13\/neue-musik-musikfeature-soundart-die-radiowoche-vom-15-02-bis-21-02-2021\/\" \/>\n<meta property=\"og:site_name\" content=\"Bad Blog Of Musick\" \/>\n<meta property=\"article:publisher\" content=\"https:\/\/www.facebook.com\/musikzeitung\" \/>\n<meta property=\"article:published_time\" content=\"2021-02-13T17:00:00+00:00\" \/>\n<meta property=\"og:image\" content=\"https:\/\/blogs.nmz.de\/badblog\/files\/2017\/02\/huf-np-radio-musik-final.jpg\" \/>\n\t<meta property=\"og:image:width\" content=\"2048\" \/>\n\t<meta property=\"og:image:height\" content=\"1536\" \/>\n\t<meta property=\"og:image:type\" content=\"image\/jpeg\" \/>\n<meta name=\"author\" content=\"Der Radiofrau\" \/>\n<meta name=\"twitter:card\" content=\"summary_large_image\" \/>\n<meta name=\"twitter:creator\" content=\"@musikzeitung\" \/>\n<meta name=\"twitter:site\" content=\"@musikzeitung\" \/>\n<meta name=\"twitter:label1\" content=\"Verfasst von\" \/>\n\t<meta name=\"twitter:data1\" content=\"Der Radiofrau\" \/>\n\t<meta name=\"twitter:label2\" content=\"Gesch\u00e4tzte Lesezeit\" \/>\n\t<meta name=\"twitter:data2\" content=\"20\u00a0Minuten\" \/>\n<script type=\"application\/ld+json\" class=\"yoast-schema-graph\">{\"@context\":\"https:\\\/\\\/schema.org\",\"@graph\":[{\"@type\":\"Article\",\"@id\":\"https:\\\/\\\/blogs.nmz.de\\\/badblog\\\/2021\\\/02\\\/13\\\/neue-musik-musikfeature-soundart-die-radiowoche-vom-15-02-bis-21-02-2021\\\/#article\",\"isPartOf\":{\"@id\":\"https:\\\/\\\/blogs.nmz.de\\\/badblog\\\/2021\\\/02\\\/13\\\/neue-musik-musikfeature-soundart-die-radiowoche-vom-15-02-bis-21-02-2021\\\/\"},\"author\":{\"name\":\"Der Radiofrau\",\"@id\":\"https:\\\/\\\/blogs.nmz.de\\\/badblog\\\/#\\\/schema\\\/person\\\/f40fa3b57b0ad5fd0e139d3aca42c60f\"},\"headline\":\"Neue Musik \\\/ Musikfeature \\\/ SoundArt: Die Radiowoche vom 15.02. bis 21.02.2021\",\"datePublished\":\"2021-02-13T17:00:00+00:00\",\"mainEntityOfPage\":{\"@id\":\"https:\\\/\\\/blogs.nmz.de\\\/badblog\\\/2021\\\/02\\\/13\\\/neue-musik-musikfeature-soundart-die-radiowoche-vom-15-02-bis-21-02-2021\\\/\"},\"wordCount\":4561,\"commentCount\":0,\"publisher\":{\"@id\":\"https:\\\/\\\/blogs.nmz.de\\\/badblog\\\/#organization\"},\"image\":{\"@id\":\"https:\\\/\\\/blogs.nmz.de\\\/badblog\\\/2021\\\/02\\\/13\\\/neue-musik-musikfeature-soundart-die-radiowoche-vom-15-02-bis-21-02-2021\\\/#primaryimage\"},\"thumbnailUrl\":\"https:\\\/\\\/i0.wp.com\\\/blogs.nmz.de\\\/badblog\\\/files\\\/2017\\\/02\\\/huf-np-radio-musik-final.jpg?fit=2048%2C1536&ssl=1\",\"keywords\":[\"Neue Musik im Radio\"],\"articleSection\":[\"Deutsch\",\"Radio\\\/Medien\"],\"inLanguage\":\"de\",\"potentialAction\":[{\"@type\":\"CommentAction\",\"name\":\"Comment\",\"target\":[\"https:\\\/\\\/blogs.nmz.de\\\/badblog\\\/2021\\\/02\\\/13\\\/neue-musik-musikfeature-soundart-die-radiowoche-vom-15-02-bis-21-02-2021\\\/#respond\"]}]},{\"@type\":\"WebPage\",\"@id\":\"https:\\\/\\\/blogs.nmz.de\\\/badblog\\\/2021\\\/02\\\/13\\\/neue-musik-musikfeature-soundart-die-radiowoche-vom-15-02-bis-21-02-2021\\\/\",\"url\":\"https:\\\/\\\/blogs.nmz.de\\\/badblog\\\/2021\\\/02\\\/13\\\/neue-musik-musikfeature-soundart-die-radiowoche-vom-15-02-bis-21-02-2021\\\/\",\"name\":\"Neue Musik \\\/ Musikfeature \\\/ SoundArt: Die Radiowoche vom 15.02. bis 21.02.2021 &#8211; Bad Blog Of Musick - nmz Klassik-Blog\",\"isPartOf\":{\"@id\":\"https:\\\/\\\/blogs.nmz.de\\\/badblog\\\/#website\"},\"primaryImageOfPage\":{\"@id\":\"https:\\\/\\\/blogs.nmz.de\\\/badblog\\\/2021\\\/02\\\/13\\\/neue-musik-musikfeature-soundart-die-radiowoche-vom-15-02-bis-21-02-2021\\\/#primaryimage\"},\"image\":{\"@id\":\"https:\\\/\\\/blogs.nmz.de\\\/badblog\\\/2021\\\/02\\\/13\\\/neue-musik-musikfeature-soundart-die-radiowoche-vom-15-02-bis-21-02-2021\\\/#primaryimage\"},\"thumbnailUrl\":\"https:\\\/\\\/i0.wp.com\\\/blogs.nmz.de\\\/badblog\\\/files\\\/2017\\\/02\\\/huf-np-radio-musik-final.jpg?fit=2048%2C1536&ssl=1\",\"datePublished\":\"2021-02-13T17:00:00+00:00\",\"description\":\"Bad Blog Of Musick \u2013 Ein Klassik-Blog und das wahrscheinlich bedeutendste Musik-Blog zur zeitgen\u00f6ssischen und klassischen Musikkultur\",\"breadcrumb\":{\"@id\":\"https:\\\/\\\/blogs.nmz.de\\\/badblog\\\/2021\\\/02\\\/13\\\/neue-musik-musikfeature-soundart-die-radiowoche-vom-15-02-bis-21-02-2021\\\/#breadcrumb\"},\"inLanguage\":\"de\",\"potentialAction\":[{\"@type\":\"ReadAction\",\"target\":[\"https:\\\/\\\/blogs.nmz.de\\\/badblog\\\/2021\\\/02\\\/13\\\/neue-musik-musikfeature-soundart-die-radiowoche-vom-15-02-bis-21-02-2021\\\/\"]}]},{\"@type\":\"ImageObject\",\"inLanguage\":\"de\",\"@id\":\"https:\\\/\\\/blogs.nmz.de\\\/badblog\\\/2021\\\/02\\\/13\\\/neue-musik-musikfeature-soundart-die-radiowoche-vom-15-02-bis-21-02-2021\\\/#primaryimage\",\"url\":\"https:\\\/\\\/i0.wp.com\\\/blogs.nmz.de\\\/badblog\\\/files\\\/2017\\\/02\\\/huf-np-radio-musik-final.jpg?fit=2048%2C1536&ssl=1\",\"contentUrl\":\"https:\\\/\\\/i0.wp.com\\\/blogs.nmz.de\\\/badblog\\\/files\\\/2017\\\/02\\\/huf-np-radio-musik-final.jpg?fit=2048%2C1536&ssl=1\",\"width\":2048,\"height\":1536,\"caption\":\"Radio Neue Musik. Montage: Hufner\"},{\"@type\":\"BreadcrumbList\",\"@id\":\"https:\\\/\\\/blogs.nmz.de\\\/badblog\\\/2021\\\/02\\\/13\\\/neue-musik-musikfeature-soundart-die-radiowoche-vom-15-02-bis-21-02-2021\\\/#breadcrumb\",\"itemListElement\":[{\"@type\":\"ListItem\",\"position\":1,\"name\":\"Startseite\",\"item\":\"https:\\\/\\\/blogs.nmz.de\\\/badblog\\\/\"},{\"@type\":\"ListItem\",\"position\":2,\"name\":\"Neue Musik \\\/ Musikfeature \\\/ SoundArt: Die Radiowoche vom 15.02. bis 21.02.2021\"}]},{\"@type\":\"WebSite\",\"@id\":\"https:\\\/\\\/blogs.nmz.de\\\/badblog\\\/#website\",\"url\":\"https:\\\/\\\/blogs.nmz.de\\\/badblog\\\/\",\"name\":\"Bad Blog Of Musick\",\"description\":\"Das bedeutendste Blog zur zeitgen\u00f6ssischen Musikkultur\",\"publisher\":{\"@id\":\"https:\\\/\\\/blogs.nmz.de\\\/badblog\\\/#organization\"},\"potentialAction\":[{\"@type\":\"SearchAction\",\"target\":{\"@type\":\"EntryPoint\",\"urlTemplate\":\"https:\\\/\\\/blogs.nmz.de\\\/badblog\\\/?s={search_term_string}\"},\"query-input\":{\"@type\":\"PropertyValueSpecification\",\"valueRequired\":true,\"valueName\":\"search_term_string\"}}],\"inLanguage\":\"de\"},{\"@type\":\"Organization\",\"@id\":\"https:\\\/\\\/blogs.nmz.de\\\/badblog\\\/#organization\",\"name\":\"neue musikzeitung | Bad Blog Of Musick\",\"url\":\"https:\\\/\\\/blogs.nmz.de\\\/badblog\\\/\",\"logo\":{\"@type\":\"ImageObject\",\"inLanguage\":\"de\",\"@id\":\"https:\\\/\\\/blogs.nmz.de\\\/badblog\\\/#\\\/schema\\\/logo\\\/image\\\/\",\"url\":\"https:\\\/\\\/i0.wp.com\\\/blogs.nmz.de\\\/badblog\\\/files\\\/2016\\\/10\\\/badblog-logo1.png?fit=512%2C512&ssl=1\",\"contentUrl\":\"https:\\\/\\\/i0.wp.com\\\/blogs.nmz.de\\\/badblog\\\/files\\\/2016\\\/10\\\/badblog-logo1.png?fit=512%2C512&ssl=1\",\"width\":512,\"height\":512,\"caption\":\"neue musikzeitung | Bad Blog Of Musick\"},\"image\":{\"@id\":\"https:\\\/\\\/blogs.nmz.de\\\/badblog\\\/#\\\/schema\\\/logo\\\/image\\\/\"},\"sameAs\":[\"https:\\\/\\\/www.facebook.com\\\/musikzeitung\",\"https:\\\/\\\/x.com\\\/musikzeitung\"]},{\"@type\":\"Person\",\"@id\":\"https:\\\/\\\/blogs.nmz.de\\\/badblog\\\/#\\\/schema\\\/person\\\/f40fa3b57b0ad5fd0e139d3aca42c60f\",\"name\":\"Der Radiofrau\",\"description\":\"radiofreak der alten schule. transistor, diode, spule, kondensator. ehemals manipulator:in mehrerer rundfunksendungen.\",\"sameAs\":[\"https:\\\/\\\/musikunrat.de\"],\"url\":\"https:\\\/\\\/blogs.nmz.de\\\/badblog\\\/author\\\/hufidufi\\\/\"}]}<\/script>\n<!-- \/ Yoast SEO plugin. -->","yoast_head_json":{"title":"Neue Musik \/ Musikfeature \/ SoundArt: Die Radiowoche vom 15.02. bis 21.02.2021 &#8211; Bad Blog Of Musick - nmz Klassik-Blog","description":"Bad Blog Of Musick \u2013 Ein Klassik-Blog und das wahrscheinlich bedeutendste Musik-Blog zur zeitgen\u00f6ssischen und klassischen Musikkultur","robots":{"index":"index","follow":"follow","max-snippet":"max-snippet:-1","max-image-preview":"max-image-preview:large","max-video-preview":"max-video-preview:-1"},"canonical":"https:\/\/blogs.nmz.de\/badblog\/2021\/02\/13\/neue-musik-musikfeature-soundart-die-radiowoche-vom-15-02-bis-21-02-2021\/","og_locale":"de_DE","og_type":"article","og_title":"Neue Musik \/ Musikfeature \/ SoundArt: Die Radiowoche vom 15.02. bis 21.02.2021 &#8211; Bad Blog Of Musick - nmz Klassik-Blog","og_description":"Bad Blog Of Musick \u2013 Ein Klassik-Blog und das wahrscheinlich bedeutendste Musik-Blog zur zeitgen\u00f6ssischen und klassischen Musikkultur","og_url":"https:\/\/blogs.nmz.de\/badblog\/2021\/02\/13\/neue-musik-musikfeature-soundart-die-radiowoche-vom-15-02-bis-21-02-2021\/","og_site_name":"Bad Blog Of Musick","article_publisher":"https:\/\/www.facebook.com\/musikzeitung","article_published_time":"2021-02-13T17:00:00+00:00","og_image":[{"width":2048,"height":1536,"url":"https:\/\/blogs.nmz.de\/badblog\/files\/2017\/02\/huf-np-radio-musik-final.jpg","type":"image\/jpeg"}],"author":"Der Radiofrau","twitter_card":"summary_large_image","twitter_creator":"@musikzeitung","twitter_site":"@musikzeitung","twitter_misc":{"Verfasst von":"Der Radiofrau","Gesch\u00e4tzte Lesezeit":"20\u00a0Minuten"},"schema":{"@context":"https:\/\/schema.org","@graph":[{"@type":"Article","@id":"https:\/\/blogs.nmz.de\/badblog\/2021\/02\/13\/neue-musik-musikfeature-soundart-die-radiowoche-vom-15-02-bis-21-02-2021\/#article","isPartOf":{"@id":"https:\/\/blogs.nmz.de\/badblog\/2021\/02\/13\/neue-musik-musikfeature-soundart-die-radiowoche-vom-15-02-bis-21-02-2021\/"},"author":{"name":"Der Radiofrau","@id":"https:\/\/blogs.nmz.de\/badblog\/#\/schema\/person\/f40fa3b57b0ad5fd0e139d3aca42c60f"},"headline":"Neue Musik \/ Musikfeature \/ SoundArt: Die Radiowoche vom 15.02. bis 21.02.2021","datePublished":"2021-02-13T17:00:00+00:00","mainEntityOfPage":{"@id":"https:\/\/blogs.nmz.de\/badblog\/2021\/02\/13\/neue-musik-musikfeature-soundart-die-radiowoche-vom-15-02-bis-21-02-2021\/"},"wordCount":4561,"commentCount":0,"publisher":{"@id":"https:\/\/blogs.nmz.de\/badblog\/#organization"},"image":{"@id":"https:\/\/blogs.nmz.de\/badblog\/2021\/02\/13\/neue-musik-musikfeature-soundart-die-radiowoche-vom-15-02-bis-21-02-2021\/#primaryimage"},"thumbnailUrl":"https:\/\/i0.wp.com\/blogs.nmz.de\/badblog\/files\/2017\/02\/huf-np-radio-musik-final.jpg?fit=2048%2C1536&ssl=1","keywords":["Neue Musik im Radio"],"articleSection":["Deutsch","Radio\/Medien"],"inLanguage":"de","potentialAction":[{"@type":"CommentAction","name":"Comment","target":["https:\/\/blogs.nmz.de\/badblog\/2021\/02\/13\/neue-musik-musikfeature-soundart-die-radiowoche-vom-15-02-bis-21-02-2021\/#respond"]}]},{"@type":"WebPage","@id":"https:\/\/blogs.nmz.de\/badblog\/2021\/02\/13\/neue-musik-musikfeature-soundart-die-radiowoche-vom-15-02-bis-21-02-2021\/","url":"https:\/\/blogs.nmz.de\/badblog\/2021\/02\/13\/neue-musik-musikfeature-soundart-die-radiowoche-vom-15-02-bis-21-02-2021\/","name":"Neue Musik \/ Musikfeature \/ SoundArt: Die Radiowoche vom 15.02. bis 21.02.2021 &#8211; Bad Blog Of Musick - nmz Klassik-Blog","isPartOf":{"@id":"https:\/\/blogs.nmz.de\/badblog\/#website"},"primaryImageOfPage":{"@id":"https:\/\/blogs.nmz.de\/badblog\/2021\/02\/13\/neue-musik-musikfeature-soundart-die-radiowoche-vom-15-02-bis-21-02-2021\/#primaryimage"},"image":{"@id":"https:\/\/blogs.nmz.de\/badblog\/2021\/02\/13\/neue-musik-musikfeature-soundart-die-radiowoche-vom-15-02-bis-21-02-2021\/#primaryimage"},"thumbnailUrl":"https:\/\/i0.wp.com\/blogs.nmz.de\/badblog\/files\/2017\/02\/huf-np-radio-musik-final.jpg?fit=2048%2C1536&ssl=1","datePublished":"2021-02-13T17:00:00+00:00","description":"Bad Blog Of Musick \u2013 Ein Klassik-Blog und das wahrscheinlich bedeutendste Musik-Blog zur zeitgen\u00f6ssischen und klassischen Musikkultur","breadcrumb":{"@id":"https:\/\/blogs.nmz.de\/badblog\/2021\/02\/13\/neue-musik-musikfeature-soundart-die-radiowoche-vom-15-02-bis-21-02-2021\/#breadcrumb"},"inLanguage":"de","potentialAction":[{"@type":"ReadAction","target":["https:\/\/blogs.nmz.de\/badblog\/2021\/02\/13\/neue-musik-musikfeature-soundart-die-radiowoche-vom-15-02-bis-21-02-2021\/"]}]},{"@type":"ImageObject","inLanguage":"de","@id":"https:\/\/blogs.nmz.de\/badblog\/2021\/02\/13\/neue-musik-musikfeature-soundart-die-radiowoche-vom-15-02-bis-21-02-2021\/#primaryimage","url":"https:\/\/i0.wp.com\/blogs.nmz.de\/badblog\/files\/2017\/02\/huf-np-radio-musik-final.jpg?fit=2048%2C1536&ssl=1","contentUrl":"https:\/\/i0.wp.com\/blogs.nmz.de\/badblog\/files\/2017\/02\/huf-np-radio-musik-final.jpg?fit=2048%2C1536&ssl=1","width":2048,"height":1536,"caption":"Radio Neue Musik. Montage: Hufner"},{"@type":"BreadcrumbList","@id":"https:\/\/blogs.nmz.de\/badblog\/2021\/02\/13\/neue-musik-musikfeature-soundart-die-radiowoche-vom-15-02-bis-21-02-2021\/#breadcrumb","itemListElement":[{"@type":"ListItem","position":1,"name":"Startseite","item":"https:\/\/blogs.nmz.de\/badblog\/"},{"@type":"ListItem","position":2,"name":"Neue Musik \/ Musikfeature \/ SoundArt: Die Radiowoche vom 15.02. bis 21.02.2021"}]},{"@type":"WebSite","@id":"https:\/\/blogs.nmz.de\/badblog\/#website","url":"https:\/\/blogs.nmz.de\/badblog\/","name":"Bad Blog Of Musick","description":"Das bedeutendste Blog zur zeitgen\u00f6ssischen Musikkultur","publisher":{"@id":"https:\/\/blogs.nmz.de\/badblog\/#organization"},"potentialAction":[{"@type":"SearchAction","target":{"@type":"EntryPoint","urlTemplate":"https:\/\/blogs.nmz.de\/badblog\/?s={search_term_string}"},"query-input":{"@type":"PropertyValueSpecification","valueRequired":true,"valueName":"search_term_string"}}],"inLanguage":"de"},{"@type":"Organization","@id":"https:\/\/blogs.nmz.de\/badblog\/#organization","name":"neue musikzeitung | Bad Blog Of Musick","url":"https:\/\/blogs.nmz.de\/badblog\/","logo":{"@type":"ImageObject","inLanguage":"de","@id":"https:\/\/blogs.nmz.de\/badblog\/#\/schema\/logo\/image\/","url":"https:\/\/i0.wp.com\/blogs.nmz.de\/badblog\/files\/2016\/10\/badblog-logo1.png?fit=512%2C512&ssl=1","contentUrl":"https:\/\/i0.wp.com\/blogs.nmz.de\/badblog\/files\/2016\/10\/badblog-logo1.png?fit=512%2C512&ssl=1","width":512,"height":512,"caption":"neue musikzeitung | Bad Blog Of Musick"},"image":{"@id":"https:\/\/blogs.nmz.de\/badblog\/#\/schema\/logo\/image\/"},"sameAs":["https:\/\/www.facebook.com\/musikzeitung","https:\/\/x.com\/musikzeitung"]},{"@type":"Person","@id":"https:\/\/blogs.nmz.de\/badblog\/#\/schema\/person\/f40fa3b57b0ad5fd0e139d3aca42c60f","name":"Der Radiofrau","description":"radiofreak der alten schule. transistor, diode, spule, kondensator. ehemals manipulator:in mehrerer rundfunksendungen.","sameAs":["https:\/\/musikunrat.de"],"url":"https:\/\/blogs.nmz.de\/badblog\/author\/hufidufi\/"}]}},"wp-worthy-pixel":{"ignored":true,"public":null,"server":null,"url":null},"wp-worthy-type":"normal","jetpack_featured_media_url":"https:\/\/i0.wp.com\/blogs.nmz.de\/badblog\/files\/2017\/02\/huf-np-radio-musik-final.jpg?fit=2048%2C1536&ssl=1","jetpack-related-posts":[],"jetpack_sharing_enabled":true,"_links":{"self":[{"href":"https:\/\/blogs.nmz.de\/badblog\/wp-json\/wp\/v2\/posts\/23777","targetHints":{"allow":["GET"]}}],"collection":[{"href":"https:\/\/blogs.nmz.de\/badblog\/wp-json\/wp\/v2\/posts"}],"about":[{"href":"https:\/\/blogs.nmz.de\/badblog\/wp-json\/wp\/v2\/types\/post"}],"author":[{"embeddable":true,"href":"https:\/\/blogs.nmz.de\/badblog\/wp-json\/wp\/v2\/users\/590"}],"replies":[{"embeddable":true,"href":"https:\/\/blogs.nmz.de\/badblog\/wp-json\/wp\/v2\/comments?post=23777"}],"version-history":[{"count":2,"href":"https:\/\/blogs.nmz.de\/badblog\/wp-json\/wp\/v2\/posts\/23777\/revisions"}],"predecessor-version":[{"id":23779,"href":"https:\/\/blogs.nmz.de\/badblog\/wp-json\/wp\/v2\/posts\/23777\/revisions\/23779"}],"wp:featuredmedia":[{"embeddable":true,"href":"https:\/\/blogs.nmz.de\/badblog\/wp-json\/wp\/v2\/media\/14800"}],"wp:attachment":[{"href":"https:\/\/blogs.nmz.de\/badblog\/wp-json\/wp\/v2\/media?parent=23777"}],"wp:term":[{"taxonomy":"category","embeddable":true,"href":"https:\/\/blogs.nmz.de\/badblog\/wp-json\/wp\/v2\/categories?post=23777"},{"taxonomy":"post_tag","embeddable":true,"href":"https:\/\/blogs.nmz.de\/badblog\/wp-json\/wp\/v2\/tags?post=23777"}],"curies":[{"name":"wp","href":"https:\/\/api.w.org\/{rel}","templated":true}]}}