{"id":23481,"date":"2021-01-09T18:00:10","date_gmt":"2021-01-09T17:00:10","guid":{"rendered":"https:\/\/blogs.nmz.de\/badblog\/?p=23481"},"modified":"2021-01-10T13:01:17","modified_gmt":"2021-01-10T12:01:17","slug":"neue-musik-musikfeature-soundart-der-radio-restmonat-vom-11-01-bis-17-01-2021","status":"publish","type":"post","link":"https:\/\/blogs.nmz.de\/badblog\/2021\/01\/09\/neue-musik-musikfeature-soundart-der-radio-restmonat-vom-11-01-bis-17-01-2021\/","title":{"rendered":"Neue Musik \/ Musikfeature \/ SoundArt: Die Radiowoche vom 11.01. bis 17.01.2021"},"content":{"rendered":"<p>Neue Musik und Musikfeatures in der Kalenderwoche 2. Die ARD-Suchmaschine wurde wieder in Betrieb genommen. Vielleicht haben doch die Proteste etwas bewirkt \u2013 oder es ist heimlich passiert &#x1f609;<\/p>\n<ul>\n<li>Alle bekannten Stream-, Web- und RSS-Adressen deutscher Sender finden sich <a href=\"https:\/\/stefanhetzel.wordpress.com\/kunstmusikoeffentlich-rechtlicher-rundfunk\/\">bei Stefan Hetzel<\/a>.<\/li>\n<li><a href=\"https:\/\/service.conbrio.de\/service\/download\/155\/\">Download dieser &#220;bersicht als PDF<\/a>.<\/li>\n<li><a href=\"https:\/\/www.irenekurka.de\/podcast\/podcast.html\">nmz-Podcastpartnerin Irene Kurka<\/a><\/li>\n<li>Alle Angaben ohne Gew&#228;hr. &#196;nderungen vorbehalten.<\/li>\n<\/ul>\n<hr \/>\n<h2>nmz-Podcastpartnerin Irene Kurka ::: neue musik leben<\/h2>\n\t\t\t<style type=\"text\/css\"><\/style>\n\t\t\t<div id=\"pp-podcast-3272\" class=\"pp-podcast has-header header-hidden has-featured playerview media-audio\"  data-teaser=\"\" data-elength=\"25\" data-eunit=\"\" data-ppsdata=\"{&quot;ppe-3272-1&quot;:{&quot;title&quot;:&quot;257 &#8211; Eva Z\\u00f6llner interviews Cara Stacey about contemporary music in South Africa&quot;,&quot;description&quot;:&quot;&lt;p&gt;composer and performer (in English)&lt;\\\/p&gt;\\n&lt;p&gt;Videos of the 8 new South African accordion pieces that were premiered by Eva Z\\u00f6llner during Sterkfontein Composers Meeting 2024 &lt;\\\/p&gt;\\n&lt;p&gt;https:\\\/\\\/youtube.com\\\/playlist?list=PL4KU0BHw3d-CP21BPt7VNNmqzJR18GXQe&amp;si=xvVVMCbK48oF1tvV&lt;\\\/p&gt;\\n&lt;p&gt;Her residency was kindly supported by Nirox Foundation, the Goethe Institute and the Ministry for Education, Science, Youth and Culture (Rheinland-Pfalz)&lt;\\\/p&gt;\\n&lt;p&gt;www.carastacey.com\\\/&lt;\\\/p&gt;\\n&lt;p&gt;www.eva-zoellner.de &lt;\\\/p&gt;\\n&lt;p&gt;Sterkfontein Composers Meeting: &lt;\\\/p&gt;\\n&lt;p&gt;https:\\\/\\\/sterkfonteincomposersmeeting.weebly.com\\\/&lt;\\\/p&gt;\\n&lt;p&gt;Clare Loveday: https:\\\/\\\/clareloveday.co.za\\\/&lt;\\\/p&gt;\\n&lt;p&gt;Neo Muyanga: &lt;\\\/p&gt;\\n&lt;p&gt;https:\\\/\\\/www.neosong.net\\\/&lt;\\\/p&gt;\\n&lt;p&gt;Njabulo Phungula: &lt;\\\/p&gt;\\n&lt;p&gt;https:\\\/\\\/www.njabulophungula.com\\\/&lt;\\\/p&gt;\\n&lt;p&gt;Galina Juritz: &lt;\\\/p&gt;\\n&lt;p&gt;https:\\\/\\\/www.galinajuritz.com\\\/&lt;\\\/p&gt;\\n&lt;p&gt;Matthijs van Dijk: &lt;\\\/p&gt;\\n&lt;p&gt;https:\\\/\\\/mattvandijk.com\\\/&lt;\\\/p&gt;\\n&lt;p&gt;Andile Khumalo: &lt;\\\/p&gt;\\n&lt;p&gt;https:\\\/\\\/www.newfocusrecordings.com\\\/catalogue\\\/andile-khumalo-tracing-hollow-traces\\\/&lt;\\\/p&gt;\\n&lt;p&gt;Bongani Ndodana-Breen: &lt;\\\/p&gt;\\n&lt;p&gt;https:\\\/\\\/www.ndodanabreen.com\\\/&lt;\\\/p&gt;\\n&lt;p&gt;Arthur Feder: &lt;\\\/p&gt;\\n&lt;p&gt;https:\\\/\\\/www.instagram.com\\\/arthurfeder\\\/&lt;\\\/p&gt;\\n&lt;p&gt;Lise Morrison: &lt;\\\/p&gt;\\n&lt;p&gt;https:\\\/\\\/lisemorrison.com\\\/&lt;br \\\/&gt;\\nAmy Crankshaw: &lt;\\\/p&gt;\\n&lt;p&gt;https:\\\/\\\/www.amycrankshaw.com\\\/&lt;\\\/p&gt;\\n&lt;p&gt;Michael Blake: &lt;\\\/p&gt;\\n&lt;p&gt;https:\\\/\\\/aoinstitute.ac.za\\\/project\\\/michael-blake\\\/&lt;\\\/p&gt;\\n&lt;p&gt;NewMusicSA: &lt;\\\/p&gt;\\n&lt;p&gt;https:\\\/\\\/www.newmusicsa.org.za\\\/&lt;\\\/p&gt;\\n&lt;p&gt;South African Composers Archive new album (just out): &lt;\\\/p&gt;\\n&lt;p&gt;https:\\\/\\\/thesouthafricancomposersarchive.bandcamp.com\\\/album\\\/for-the-duration-of-this-cloud&lt;\\\/p&gt;\\n&lt;p&gt;South African Composers Archive podcast (hosted and produced by Matthijs van Dijk): &lt;\\\/p&gt;\\n&lt;p&gt;https:\\\/\\\/soundcloud.com\\\/user-368144305&lt;\\\/p&gt;\\n&lt;p&gt;Kukutana Ensemble project: &lt;\\\/p&gt;\\n&lt;p&gt;https:\\\/\\\/www.kukutana.co.za\\\/&lt;\\\/p&gt;\\n&lt;hr \\\/&gt;\\n&lt;p&gt;www.irenekurka.de&lt;\\\/p&gt;\\n&lt;p&gt;Support and follow me on patreon:&lt;\\\/p&gt;\\n&lt;p&gt;https:\\\/\\\/www.patreon.com\\\/c\\\/user\\\/shop?u=112648747&lt;\\\/p&gt;\\n&lt;p&gt;cooparting with nmw &#8211; Neue Musikzeitung&lt;\\\/p&gt;\\n&lt;p&gt;www.nmz.de&lt;\\\/p&gt;\\n&lt;p&gt;Kows Radio Summit &#8222;Live your music and live your live&#8220; with Irene Kurka:&lt;\\\/p&gt;\\n&lt;p&gt;https:\\\/\\\/kows92-5.org\\\/kows-shows\\\/show\\\/radio-summit\\\/&lt;\\\/p&gt;\\n&quot;,&quot;author&quot;:&quot;Kurka&quot;,&quot;date&quot;:&quot;13. Mai 2025&quot;,&quot;link&quot;:&quot;https:\\\/\\\/neuemusikleben.podigee.io\\\/258-neue-episode&quot;,&quot;src&quot;:&quot;https:\\\/\\\/audio.podigee-cdn.net\\\/1830304-m-9e3ea1d64c412885c83c2d71ff52ea09.mp3?source=feed&quot;,&quot;featured&quot;:&quot;https:\\\/\\\/i0.wp.com\\\/blogs.nmz.de\\\/badblog\\\/files\\\/2025\\\/05\\\/8b6e14a9-2a6d-49d8-8c76-4b352bb38f60-scaled.jpg?fit=768%2C768&#038;ssl=1&quot;,&quot;featured_id&quot;:30157,&quot;mediatype&quot;:&quot;audio&quot;,&quot;season&quot;:0,&quot;categories&quot;:[],&quot;duration&quot;:&quot;45:54&quot;,&quot;episodetype&quot;:&quot;full&quot;,&quot;timestamp&quot;:1747110600,&quot;key&quot;:&quot;961e5e1ea194dcf34c954947b1394375&quot;,&quot;fset&quot;:&quot;https:\\\/\\\/i0.wp.com\\\/blogs.nmz.de\\\/badblog\\\/files\\\/2025\\\/05\\\/8b6e14a9-2a6d-49d8-8c76-4b352bb38f60-scaled.jpg?w=2560&amp;ssl=1 2560w, https:\\\/\\\/i0.wp.com\\\/blogs.nmz.de\\\/badblog\\\/files\\\/2025\\\/05\\\/8b6e14a9-2a6d-49d8-8c76-4b352bb38f60-scaled.jpg?resize=480%2C480&amp;ssl=1 480w, https:\\\/\\\/i0.wp.com\\\/blogs.nmz.de\\\/badblog\\\/files\\\/2025\\\/05\\\/8b6e14a9-2a6d-49d8-8c76-4b352bb38f60-scaled.jpg?resize=1024%2C1024&amp;ssl=1 1024w, https:\\\/\\\/i0.wp.com\\\/blogs.nmz.de\\\/badblog\\\/files\\\/2025\\\/05\\\/8b6e14a9-2a6d-49d8-8c76-4b352bb38f60-scaled.jpg?resize=150%2C150&amp;ssl=1 150w, https:\\\/\\\/i0.wp.com\\\/blogs.nmz.de\\\/badblog\\\/files\\\/2025\\\/05\\\/8b6e14a9-2a6d-49d8-8c76-4b352bb38f60-scaled.jpg?resize=768%2C768&amp;ssl=1 768w, https:\\\/\\\/i0.wp.com\\\/blogs.nmz.de\\\/badblog\\\/files\\\/2025\\\/05\\\/8b6e14a9-2a6d-49d8-8c76-4b352bb38f60-scaled.jpg?resize=1536%2C1536&amp;ssl=1 1536w, https:\\\/\\\/i0.wp.com\\\/blogs.nmz.de\\\/badblog\\\/files\\\/2025\\\/05\\\/8b6e14a9-2a6d-49d8-8c76-4b352bb38f60-scaled.jpg?resize=2048%2C2048&amp;ssl=1 2048w, https:\\\/\\\/i0.wp.com\\\/blogs.nmz.de\\\/badblog\\\/files\\\/2025\\\/05\\\/8b6e14a9-2a6d-49d8-8c76-4b352bb38f60-scaled.jpg?resize=70%2C70&amp;ssl=1 70w, https:\\\/\\\/i0.wp.com\\\/blogs.nmz.de\\\/badblog\\\/files\\\/2025\\\/05\\\/8b6e14a9-2a6d-49d8-8c76-4b352bb38f60-scaled.jpg?resize=80%2C80&amp;ssl=1 80w, https:\\\/\\\/i0.wp.com\\\/blogs.nmz.de\\\/badblog\\\/files\\\/2025\\\/05\\\/8b6e14a9-2a6d-49d8-8c76-4b352bb38f60-scaled.jpg?resize=320%2C320&amp;ssl=1 320w, https:\\\/\\\/i0.wp.com\\\/blogs.nmz.de\\\/badblog\\\/files\\\/2025\\\/05\\\/8b6e14a9-2a6d-49d8-8c76-4b352bb38f60-scaled.jpg?resize=1320%2C1320&amp;ssl=1 1320w&quot;,&quot;fratio&quot;:1},&quot;ppe-3272-2&quot;:{&quot;title&quot;:&quot;256 &#8211; Interview mit Daniel Posdziech&quot;,&quot;description&quot;:&quot;&lt;p&gt;Musiker und Chorp\\u00e4dagoge&lt;\\\/p&gt;\\n&lt;p&gt;Daniel Posdziech spricht \\u00fcber seien Arbeit mit jungen Stimmen, Ch\\u00f6ren, Improvisation und den Einsatz von neuer Musik. Er erforscht oder Zusammenh\\u00e4nge von Stimme, jungen Pers\\u00f6nlichkeiten und effektiven Chorproben und erz\\u00e4hlt auch von seiner Zeit beim Windsbacher Knabenchor. Einen Schwerpunkt seiner ist, wie Nachwuchsgewinnung f\\u00fcr Ch\\u00f6re funktioniert, was sich ver\\u00e4ndert hat und welche Faktoren zu beachten sind.&lt;\\\/p&gt;\\n&lt;p&gt;Sch\\u00f6nberg Text:&lt;\\\/p&gt;\\n&lt;p&gt;&lt;a href=\\&quot;https:\\\/\\\/mickindex.sakura.ne.jp\\\/schonberg\\\/schb_VzT_gm.html\\&quot;&gt;https:\\\/\\\/mickindex.sakura.ne.jp\\\/schonberg\\\/schb_VzT_gm.html&lt;\\\/a&gt;&lt;\\\/p&gt;\\n&lt;p&gt;&lt;a href=\\&quot;http:\\\/\\\/www.irenekurka.de\\&quot;&gt;www.irenekurka.de&lt;\\\/a&gt;&lt;\\\/p&gt;\\n&lt;p&gt;Support and follow me on patreon:&lt;\\\/p&gt;\\n&lt;p&gt;&lt;a href=\\&quot;https:\\\/\\\/www.patreon.com\\\/c\\\/user\\\/shop?u=112648747\\&quot;&gt;https:\\\/\\\/www.patreon.com\\\/c\\\/user\\\/shop?u=112648747&lt;\\\/a&gt;&lt;\\\/p&gt;\\n&lt;p&gt;cooparting with nmw &#8211; Neue Musikzeitung&lt;\\\/p&gt;\\n&lt;p&gt;&lt;a href=\\&quot;http:\\\/\\\/www.nmz.de\\&quot;&gt;www.nmz.de&lt;\\\/a&gt;&lt;\\\/p&gt;\\n&lt;p&gt;Kows Radio Summit &#8222;Live your music and live your live&#8220; with Irene Kurka:&lt;\\\/p&gt;\\n&lt;p&gt;&lt;a href=\\&quot;https:\\\/\\\/kows92-5.org\\\/kows-shows\\\/show\\\/radio-summit\\\/\\&quot;&gt;https:\\\/\\\/kows92-5.org\\\/kows-shows\\\/show\\\/radio-summit\\\/&lt;\\\/a&gt;&lt;\\\/p&gt;\\n&quot;,&quot;author&quot;:&quot;Kurka&quot;,&quot;date&quot;:&quot;29. April 2025&quot;,&quot;link&quot;:&quot;https:\\\/\\\/neuemusikleben.podigee.io\\\/254-neue-episode&quot;,&quot;src&quot;:&quot;https:\\\/\\\/audio.podigee-cdn.net\\\/1748880-m-b1160addb0c123c9aaba3345429ff64f.mp3?source=feed&quot;,&quot;featured&quot;:&quot;https:\\\/\\\/i0.wp.com\\\/blogs.nmz.de\\\/badblog\\\/files\\\/2025\\\/04\\\/54f96c1c-03d3-42fd-8eff-27deeab3ad1f-scaled.jpg?fit=768%2C768&#038;ssl=1&quot;,&quot;featured_id&quot;:30053,&quot;mediatype&quot;:&quot;audio&quot;,&quot;season&quot;:0,&quot;categories&quot;:[],&quot;duration&quot;:&quot;56:59&quot;,&quot;episodetype&quot;:&quot;full&quot;,&quot;timestamp&quot;:1745900700,&quot;key&quot;:&quot;3f82444d91ba47c903855c733bd22983&quot;,&quot;fset&quot;:&quot;https:\\\/\\\/i0.wp.com\\\/blogs.nmz.de\\\/badblog\\\/files\\\/2025\\\/04\\\/54f96c1c-03d3-42fd-8eff-27deeab3ad1f-scaled.jpg?w=2560&amp;ssl=1 2560w, https:\\\/\\\/i0.wp.com\\\/blogs.nmz.de\\\/badblog\\\/files\\\/2025\\\/04\\\/54f96c1c-03d3-42fd-8eff-27deeab3ad1f-scaled.jpg?resize=480%2C480&amp;ssl=1 480w, https:\\\/\\\/i0.wp.com\\\/blogs.nmz.de\\\/badblog\\\/files\\\/2025\\\/04\\\/54f96c1c-03d3-42fd-8eff-27deeab3ad1f-scaled.jpg?resize=1024%2C1024&amp;ssl=1 1024w, https:\\\/\\\/i0.wp.com\\\/blogs.nmz.de\\\/badblog\\\/files\\\/2025\\\/04\\\/54f96c1c-03d3-42fd-8eff-27deeab3ad1f-scaled.jpg?resize=150%2C150&amp;ssl=1 150w, https:\\\/\\\/i0.wp.com\\\/blogs.nmz.de\\\/badblog\\\/files\\\/2025\\\/04\\\/54f96c1c-03d3-42fd-8eff-27deeab3ad1f-scaled.jpg?resize=768%2C768&amp;ssl=1 768w, https:\\\/\\\/i0.wp.com\\\/blogs.nmz.de\\\/badblog\\\/files\\\/2025\\\/04\\\/54f96c1c-03d3-42fd-8eff-27deeab3ad1f-scaled.jpg?resize=1536%2C1536&amp;ssl=1 1536w, https:\\\/\\\/i0.wp.com\\\/blogs.nmz.de\\\/badblog\\\/files\\\/2025\\\/04\\\/54f96c1c-03d3-42fd-8eff-27deeab3ad1f-scaled.jpg?resize=2048%2C2048&amp;ssl=1 2048w, https:\\\/\\\/i0.wp.com\\\/blogs.nmz.de\\\/badblog\\\/files\\\/2025\\\/04\\\/54f96c1c-03d3-42fd-8eff-27deeab3ad1f-scaled.jpg?resize=70%2C70&amp;ssl=1 70w, https:\\\/\\\/i0.wp.com\\\/blogs.nmz.de\\\/badblog\\\/files\\\/2025\\\/04\\\/54f96c1c-03d3-42fd-8eff-27deeab3ad1f-scaled.jpg?resize=80%2C80&amp;ssl=1 80w, https:\\\/\\\/i0.wp.com\\\/blogs.nmz.de\\\/badblog\\\/files\\\/2025\\\/04\\\/54f96c1c-03d3-42fd-8eff-27deeab3ad1f-scaled.jpg?resize=320%2C320&amp;ssl=1 320w, https:\\\/\\\/i0.wp.com\\\/blogs.nmz.de\\\/badblog\\\/files\\\/2025\\\/04\\\/54f96c1c-03d3-42fd-8eff-27deeab3ad1f-scaled.jpg?resize=1320%2C1320&amp;ssl=1 1320w&quot;,&quot;fratio&quot;:1},&quot;ppe-3272-3&quot;:{&quot;title&quot;:&quot;255 &#8211; Slow-Motion Multitasking &#8211; 7 Years podcast neue musik leben (in english)&quot;,&quot;description&quot;:&quot;&lt;p&gt;with soprano Irene Kurka&lt;\\\/p&gt;\\n&lt;p&gt;Thank you so much for listening to this podcast and following my singign, concerts, books, etc! In this episode I talk about one of favorite topics. 7 years neue musik leben!!!!! &lt;\\\/p&gt;\\n&lt;p&gt;&lt;a href=\\&quot;http:\\\/\\\/www.irenekurka.de\\&quot;&gt;www.irenekurka.de&lt;\\\/a&gt;&lt;\\\/p&gt;\\n&lt;p&gt;Support and follow me on patreon:&lt;\\\/p&gt;\\n&lt;p&gt;&lt;a href=\\&quot;https:\\\/\\\/www.patreon.com\\\/c\\\/user\\\/shop?u=112648747\\&quot;&gt;https:\\\/\\\/www.patreon.com\\\/c\\\/user\\\/shop?u=112648747&lt;\\\/a&gt;&lt;\\\/p&gt;\\n&lt;p&gt;cooparting with nmw &#8211; Neue Musikzeitung&lt;\\\/p&gt;\\n&lt;p&gt;&lt;a href=\\&quot;http:\\\/\\\/www.nmz.de\\&quot;&gt;www.nmz.de&lt;\\\/a&gt;&lt;\\\/p&gt;\\n&lt;p&gt;Kows Radio Summit &#8222;Live your music and live your live&#8220; with Irene Kurka:&lt;\\\/p&gt;\\n&lt;p&gt;&lt;a href=\\&quot;https:\\\/\\\/kows92-5.org\\\/kows-shows\\\/show\\\/radio-summit\\\/\\&quot;&gt;https:\\\/\\\/kows92-5.org\\\/kows-shows\\\/show\\\/radio-summit\\\/&lt;\\\/a&gt;&lt;\\\/p&gt;\\n&quot;,&quot;author&quot;:&quot;Kurka&quot;,&quot;date&quot;:&quot;10. April 2025&quot;,&quot;link&quot;:&quot;https:\\\/\\\/neuemusikleben.podigee.io\\\/256-neue-episode&quot;,&quot;src&quot;:&quot;https:\\\/\\\/audio.podigee-cdn.net\\\/1748882-m-c6995f9ab0740ee799f90c9f063d1451.mp3?source=feed&quot;,&quot;featured&quot;:&quot;https:\\\/\\\/i0.wp.com\\\/blogs.nmz.de\\\/badblog\\\/files\\\/2025\\\/04\\\/a1681233-b810-4e84-9d65-756c2554bc29-scaled.jpg?fit=768%2C768&#038;ssl=1&quot;,&quot;featured_id&quot;:29916,&quot;mediatype&quot;:&quot;audio&quot;,&quot;season&quot;:0,&quot;categories&quot;:[],&quot;duration&quot;:&quot;21:18&quot;,&quot;episodetype&quot;:&quot;full&quot;,&quot;timestamp&quot;:1744254000,&quot;key&quot;:&quot;701f40c77455936bf9a7af477a7aea66&quot;,&quot;fset&quot;:&quot;https:\\\/\\\/i0.wp.com\\\/blogs.nmz.de\\\/badblog\\\/files\\\/2025\\\/04\\\/a1681233-b810-4e84-9d65-756c2554bc29-scaled.jpg?w=2560&amp;ssl=1 2560w, https:\\\/\\\/i0.wp.com\\\/blogs.nmz.de\\\/badblog\\\/files\\\/2025\\\/04\\\/a1681233-b810-4e84-9d65-756c2554bc29-scaled.jpg?resize=480%2C480&amp;ssl=1 480w, https:\\\/\\\/i0.wp.com\\\/blogs.nmz.de\\\/badblog\\\/files\\\/2025\\\/04\\\/a1681233-b810-4e84-9d65-756c2554bc29-scaled.jpg?resize=1024%2C1024&amp;ssl=1 1024w, https:\\\/\\\/i0.wp.com\\\/blogs.nmz.de\\\/badblog\\\/files\\\/2025\\\/04\\\/a1681233-b810-4e84-9d65-756c2554bc29-scaled.jpg?resize=150%2C150&amp;ssl=1 150w, https:\\\/\\\/i0.wp.com\\\/blogs.nmz.de\\\/badblog\\\/files\\\/2025\\\/04\\\/a1681233-b810-4e84-9d65-756c2554bc29-scaled.jpg?resize=768%2C768&amp;ssl=1 768w, https:\\\/\\\/i0.wp.com\\\/blogs.nmz.de\\\/badblog\\\/files\\\/2025\\\/04\\\/a1681233-b810-4e84-9d65-756c2554bc29-scaled.jpg?resize=1536%2C1536&amp;ssl=1 1536w, https:\\\/\\\/i0.wp.com\\\/blogs.nmz.de\\\/badblog\\\/files\\\/2025\\\/04\\\/a1681233-b810-4e84-9d65-756c2554bc29-scaled.jpg?resize=2048%2C2048&amp;ssl=1 2048w, https:\\\/\\\/i0.wp.com\\\/blogs.nmz.de\\\/badblog\\\/files\\\/2025\\\/04\\\/a1681233-b810-4e84-9d65-756c2554bc29-scaled.jpg?resize=70%2C70&amp;ssl=1 70w, https:\\\/\\\/i0.wp.com\\\/blogs.nmz.de\\\/badblog\\\/files\\\/2025\\\/04\\\/a1681233-b810-4e84-9d65-756c2554bc29-scaled.jpg?resize=80%2C80&amp;ssl=1 80w, https:\\\/\\\/i0.wp.com\\\/blogs.nmz.de\\\/badblog\\\/files\\\/2025\\\/04\\\/a1681233-b810-4e84-9d65-756c2554bc29-scaled.jpg?resize=320%2C320&amp;ssl=1 320w, https:\\\/\\\/i0.wp.com\\\/blogs.nmz.de\\\/badblog\\\/files\\\/2025\\\/04\\\/a1681233-b810-4e84-9d65-756c2554bc29-scaled.jpg?resize=1320%2C1320&amp;ssl=1 1320w&quot;,&quot;fratio&quot;:1},&quot;ppe-3272-4&quot;:{&quot;title&quot;:&quot;254 &#8211; Interview with Dieter Mack&quot;,&quot;description&quot;:&quot;&lt;p&gt;composer&lt;\\\/p&gt;\\n&lt;p&gt;Dieter Mack tells us about his musical life, his exciting trips to Bali, his way into Gamelan music and also about his teaching as a composition professor. He speaks about real life experience and how spending time abroad changes you and how important it is to speak the language of the country you live in.&lt;\\\/p&gt;\\n&lt;p&gt;&lt;a href=\\&quot;https:\\\/\\\/www.dieter-mack.de\\&quot;&gt;https:\\\/\\\/www.dieter-mack.de&lt;\\\/a&gt;&lt;\\\/p&gt;\\n&lt;p&gt;&lt;a href=\\&quot;http:\\\/\\\/www.irenekurka.de\\&quot;&gt;www.irenekurka.de&lt;\\\/a&gt;&lt;\\\/p&gt;\\n&lt;p&gt;Support and follow me on patreon:&lt;\\\/p&gt;\\n&lt;p&gt;&lt;a href=\\&quot;https:\\\/\\\/www.patreon.com\\\/c\\\/user\\\/shop?u=112648747\\&quot;&gt;https:\\\/\\\/www.patreon.com\\\/c\\\/user\\\/shop?u=112648747&lt;\\\/a&gt;&lt;\\\/p&gt;\\n&lt;p&gt;cooparting with nmw &#8211; Neue Musikzeitung&lt;\\\/p&gt;\\n&lt;p&gt;&lt;a href=\\&quot;http:\\\/\\\/www.nmz.de\\&quot;&gt;www.nmz.de&lt;\\\/a&gt;&lt;\\\/p&gt;\\n&lt;p&gt;Kows Radio Summit &#8222;Live your music and live your live&#8220; with Irene Kurka:&lt;\\\/p&gt;\\n&lt;p&gt;&lt;a href=\\&quot;https:\\\/\\\/kows92-5.org\\\/kows-shows\\\/show\\\/radio-summit\\\/\\&quot;&gt;https:\\\/\\\/kows92-5.org\\\/kows-shows\\\/show\\\/radio-summit\\\/&lt;\\\/a&gt;&lt;\\\/p&gt;\\n&quot;,&quot;author&quot;:&quot;Kurka&quot;,&quot;date&quot;:&quot;1. April 2025&quot;,&quot;link&quot;:&quot;https:\\\/\\\/neuemusikleben.podigee.io\\\/255-neue-episode&quot;,&quot;src&quot;:&quot;https:\\\/\\\/audio.podigee-cdn.net\\\/1748881-m-50dc4b2414902d10f65154567b426ffa.mp3?source=feed&quot;,&quot;featured&quot;:&quot;https:\\\/\\\/i0.wp.com\\\/blogs.nmz.de\\\/badblog\\\/files\\\/2025\\\/04\\\/9c580082-aed2-4294-a6ca-72810c386034-scaled.jpg?fit=768%2C768&#038;ssl=1&quot;,&quot;featured_id&quot;:29887,&quot;mediatype&quot;:&quot;audio&quot;,&quot;season&quot;:0,&quot;categories&quot;:[],&quot;duration&quot;:&quot;01:05:15&quot;,&quot;episodetype&quot;:&quot;full&quot;,&quot;timestamp&quot;:1743482700,&quot;key&quot;:&quot;247baab4c3585d34270b926a4abc84e2&quot;,&quot;fset&quot;:&quot;https:\\\/\\\/i0.wp.com\\\/blogs.nmz.de\\\/badblog\\\/files\\\/2025\\\/04\\\/9c580082-aed2-4294-a6ca-72810c386034-scaled.jpg?w=2560&amp;ssl=1 2560w, https:\\\/\\\/i0.wp.com\\\/blogs.nmz.de\\\/badblog\\\/files\\\/2025\\\/04\\\/9c580082-aed2-4294-a6ca-72810c386034-scaled.jpg?resize=480%2C480&amp;ssl=1 480w, https:\\\/\\\/i0.wp.com\\\/blogs.nmz.de\\\/badblog\\\/files\\\/2025\\\/04\\\/9c580082-aed2-4294-a6ca-72810c386034-scaled.jpg?resize=1024%2C1024&amp;ssl=1 1024w, https:\\\/\\\/i0.wp.com\\\/blogs.nmz.de\\\/badblog\\\/files\\\/2025\\\/04\\\/9c580082-aed2-4294-a6ca-72810c386034-scaled.jpg?resize=150%2C150&amp;ssl=1 150w, https:\\\/\\\/i0.wp.com\\\/blogs.nmz.de\\\/badblog\\\/files\\\/2025\\\/04\\\/9c580082-aed2-4294-a6ca-72810c386034-scaled.jpg?resize=768%2C768&amp;ssl=1 768w, https:\\\/\\\/i0.wp.com\\\/blogs.nmz.de\\\/badblog\\\/files\\\/2025\\\/04\\\/9c580082-aed2-4294-a6ca-72810c386034-scaled.jpg?resize=1536%2C1536&amp;ssl=1 1536w, https:\\\/\\\/i0.wp.com\\\/blogs.nmz.de\\\/badblog\\\/files\\\/2025\\\/04\\\/9c580082-aed2-4294-a6ca-72810c386034-scaled.jpg?resize=2048%2C2048&amp;ssl=1 2048w, https:\\\/\\\/i0.wp.com\\\/blogs.nmz.de\\\/badblog\\\/files\\\/2025\\\/04\\\/9c580082-aed2-4294-a6ca-72810c386034-scaled.jpg?resize=70%2C70&amp;ssl=1 70w, https:\\\/\\\/i0.wp.com\\\/blogs.nmz.de\\\/badblog\\\/files\\\/2025\\\/04\\\/9c580082-aed2-4294-a6ca-72810c386034-scaled.jpg?resize=80%2C80&amp;ssl=1 80w, https:\\\/\\\/i0.wp.com\\\/blogs.nmz.de\\\/badblog\\\/files\\\/2025\\\/04\\\/9c580082-aed2-4294-a6ca-72810c386034-scaled.jpg?resize=320%2C320&amp;ssl=1 320w, https:\\\/\\\/i0.wp.com\\\/blogs.nmz.de\\\/badblog\\\/files\\\/2025\\\/04\\\/9c580082-aed2-4294-a6ca-72810c386034-scaled.jpg?resize=1320%2C1320&amp;ssl=1 1320w&quot;,&quot;fratio&quot;:1},&quot;ppe-3272-5&quot;:{&quot;title&quot;:&quot;253 &#8211; Interview mit Michael Denhoff&quot;,&quot;description&quot;:&quot;&lt;p&gt;Komponist, Cellist, Kurator&lt;\\\/p&gt;\\n&lt;p&gt;Michael Denhoff spricht \\u00fcber seinen Weg zur neuen Musik und welche verschiedenen Prozesse des Komponierens er ausprobiert hat und was er darin entdeckt hat. Er erz\\u00e4hlt \\u00fcber von ihm kuratierte Konzertreihen und der Magie des Aufh\\u00f6rens. &lt;\\\/p&gt;\\n&lt;p&gt;&lt;a href=\\&quot;https:\\\/\\\/www.denhoff.de\\&quot;&gt;https:\\\/\\\/www.denhoff.de&lt;\\\/a&gt;&lt;\\\/p&gt;\\n&lt;p&gt;&lt;a href=\\&quot;http:\\\/\\\/www.irenekurka.de\\&quot;&gt;www.irenekurka.de&lt;\\\/a&gt;&lt;\\\/p&gt;\\n&lt;p&gt;Support and follow me on patreon:&lt;\\\/p&gt;\\n&lt;p&gt;&lt;a href=\\&quot;https:\\\/\\\/www.patreon.com\\\/c\\\/user\\\/shop?u=112648747\\&quot;&gt;https:\\\/\\\/www.patreon.com\\\/c\\\/user\\\/shop?u=112648747&lt;\\\/a&gt;&lt;\\\/p&gt;\\n&lt;p&gt;cooparting with nmw &#8211; Neue Musikzeitung&lt;\\\/p&gt;\\n&lt;p&gt;&lt;a href=\\&quot;http:\\\/\\\/www.nmz.de\\&quot;&gt;www.nmz.de&lt;\\\/a&gt;&lt;\\\/p&gt;\\n&quot;,&quot;author&quot;:&quot;Kurka&quot;,&quot;date&quot;:&quot;18. M\\u00e4rz 2025&quot;,&quot;link&quot;:&quot;https:\\\/\\\/neuemusikleben.podigee.io\\\/257-neue-episode&quot;,&quot;src&quot;:&quot;https:\\\/\\\/audio.podigee-cdn.net\\\/1748883-m-3dc966f8943046e18a18dc083c768f5c.mp3?source=feed&quot;,&quot;featured&quot;:&quot;https:\\\/\\\/i0.wp.com\\\/blogs.nmz.de\\\/badblog\\\/files\\\/2025\\\/03\\\/d6bec117-184b-40f3-9174-c79133c364fc-scaled.jpg?fit=768%2C768&#038;ssl=1&quot;,&quot;featured_id&quot;:29809,&quot;mediatype&quot;:&quot;audio&quot;,&quot;season&quot;:0,&quot;categories&quot;:[],&quot;duration&quot;:&quot;01:02:57&quot;,&quot;episodetype&quot;:&quot;full&quot;,&quot;timestamp&quot;:1742276100,&quot;key&quot;:&quot;07a45e720d8f7399fb80336d51205783&quot;,&quot;fset&quot;:&quot;https:\\\/\\\/i0.wp.com\\\/blogs.nmz.de\\\/badblog\\\/files\\\/2025\\\/03\\\/d6bec117-184b-40f3-9174-c79133c364fc-scaled.jpg?w=2560&amp;ssl=1 2560w, https:\\\/\\\/i0.wp.com\\\/blogs.nmz.de\\\/badblog\\\/files\\\/2025\\\/03\\\/d6bec117-184b-40f3-9174-c79133c364fc-scaled.jpg?resize=480%2C480&amp;ssl=1 480w, https:\\\/\\\/i0.wp.com\\\/blogs.nmz.de\\\/badblog\\\/files\\\/2025\\\/03\\\/d6bec117-184b-40f3-9174-c79133c364fc-scaled.jpg?resize=1024%2C1024&amp;ssl=1 1024w, https:\\\/\\\/i0.wp.com\\\/blogs.nmz.de\\\/badblog\\\/files\\\/2025\\\/03\\\/d6bec117-184b-40f3-9174-c79133c364fc-scaled.jpg?resize=150%2C150&amp;ssl=1 150w, https:\\\/\\\/i0.wp.com\\\/blogs.nmz.de\\\/badblog\\\/files\\\/2025\\\/03\\\/d6bec117-184b-40f3-9174-c79133c364fc-scaled.jpg?resize=768%2C768&amp;ssl=1 768w, https:\\\/\\\/i0.wp.com\\\/blogs.nmz.de\\\/badblog\\\/files\\\/2025\\\/03\\\/d6bec117-184b-40f3-9174-c79133c364fc-scaled.jpg?resize=1536%2C1536&amp;ssl=1 1536w, https:\\\/\\\/i0.wp.com\\\/blogs.nmz.de\\\/badblog\\\/files\\\/2025\\\/03\\\/d6bec117-184b-40f3-9174-c79133c364fc-scaled.jpg?resize=2048%2C2048&amp;ssl=1 2048w, https:\\\/\\\/i0.wp.com\\\/blogs.nmz.de\\\/badblog\\\/files\\\/2025\\\/03\\\/d6bec117-184b-40f3-9174-c79133c364fc-scaled.jpg?resize=70%2C70&amp;ssl=1 70w, https:\\\/\\\/i0.wp.com\\\/blogs.nmz.de\\\/badblog\\\/files\\\/2025\\\/03\\\/d6bec117-184b-40f3-9174-c79133c364fc-scaled.jpg?resize=80%2C80&amp;ssl=1 80w, https:\\\/\\\/i0.wp.com\\\/blogs.nmz.de\\\/badblog\\\/files\\\/2025\\\/03\\\/d6bec117-184b-40f3-9174-c79133c364fc-scaled.jpg?resize=320%2C320&amp;ssl=1 320w, https:\\\/\\\/i0.wp.com\\\/blogs.nmz.de\\\/badblog\\\/files\\\/2025\\\/03\\\/d6bec117-184b-40f3-9174-c79133c364fc-scaled.jpg?resize=1320%2C1320&amp;ssl=1 1320w&quot;,&quot;fratio&quot;:1},&quot;ppe-3272-6&quot;:{&quot;title&quot;:&quot;252 &#8211; Interview with Irene Galindo Quero&quot;,&quot;description&quot;:&quot;&lt;p&gt;composer and professor&lt;\\\/p&gt;\\n&lt;p&gt;Irene Quero talks about so many things and how life composition, music and being a woman is so intertwined. Enjoy this inspiring interview!&lt;\\\/p&gt;\\n&lt;p&gt;&lt;a href=\\&quot;https:\\\/\\\/irenegalindoquero.wordpress.com\\\/\\&quot;&gt;https:\\\/\\\/irenegalindoquero.wordpress.com\\\/&lt;\\\/a&gt;&lt;\\\/p&gt;\\n&lt;p&gt;cooparting with nmz&lt;\\\/p&gt;\\n&lt;p&gt;&lt;a href=\\&quot;http:\\\/\\\/www.nmz.de\\&quot;&gt;www.nmz.de&lt;\\\/a&gt;&lt;\\\/p&gt;\\n&lt;p&gt;&lt;a href=\\&quot;http:\\\/\\\/www.irenekurka.de\\&quot;&gt;www.irenekurka.de&lt;\\\/a&gt;&lt;\\\/p&gt;\\n&lt;p&gt;follow and support me on patreon:&lt;\\\/p&gt;\\n&lt;p&gt;&lt;a href=\\&quot;https:\\\/\\\/www.patreon.com\\\/c\\\/user\\\/shop?u=112648747\\&quot;&gt;https:\\\/\\\/www.patreon.com\\\/c\\\/user\\\/shop?u=112648747&lt;\\\/a&gt;&lt;\\\/p&gt;\\n&quot;,&quot;author&quot;:&quot;Kurka&quot;,&quot;date&quot;:&quot;4. M\\u00e4rz 2025&quot;,&quot;link&quot;:&quot;https:\\\/\\\/neuemusikleben.podigee.io\\\/253-neue-episode&quot;,&quot;src&quot;:&quot;https:\\\/\\\/audio.podigee-cdn.net\\\/1748879-m-d07486f51988e9f763770d7dba4e4ad5.mp3?source=feed&quot;,&quot;featured&quot;:&quot;https:\\\/\\\/i0.wp.com\\\/blogs.nmz.de\\\/badblog\\\/files\\\/2025\\\/03\\\/a62c5b1a-7fd1-42f6-8490-5ae2ef06b319-scaled.jpg?fit=768%2C768&#038;ssl=1&quot;,&quot;featured_id&quot;:29771,&quot;mediatype&quot;:&quot;audio&quot;,&quot;season&quot;:0,&quot;categories&quot;:[],&quot;duration&quot;:&quot;01:01:05&quot;,&quot;episodetype&quot;:&quot;full&quot;,&quot;timestamp&quot;:1741064400,&quot;key&quot;:&quot;d2c67ffededc54598a7cecc168129a10&quot;,&quot;fset&quot;:&quot;https:\\\/\\\/i0.wp.com\\\/blogs.nmz.de\\\/badblog\\\/files\\\/2025\\\/03\\\/a62c5b1a-7fd1-42f6-8490-5ae2ef06b319-scaled.jpg?w=2560&amp;ssl=1 2560w, https:\\\/\\\/i0.wp.com\\\/blogs.nmz.de\\\/badblog\\\/files\\\/2025\\\/03\\\/a62c5b1a-7fd1-42f6-8490-5ae2ef06b319-scaled.jpg?resize=480%2C480&amp;ssl=1 480w, https:\\\/\\\/i0.wp.com\\\/blogs.nmz.de\\\/badblog\\\/files\\\/2025\\\/03\\\/a62c5b1a-7fd1-42f6-8490-5ae2ef06b319-scaled.jpg?resize=1024%2C1024&amp;ssl=1 1024w, https:\\\/\\\/i0.wp.com\\\/blogs.nmz.de\\\/badblog\\\/files\\\/2025\\\/03\\\/a62c5b1a-7fd1-42f6-8490-5ae2ef06b319-scaled.jpg?resize=150%2C150&amp;ssl=1 150w, https:\\\/\\\/i0.wp.com\\\/blogs.nmz.de\\\/badblog\\\/files\\\/2025\\\/03\\\/a62c5b1a-7fd1-42f6-8490-5ae2ef06b319-scaled.jpg?resize=768%2C768&amp;ssl=1 768w, https:\\\/\\\/i0.wp.com\\\/blogs.nmz.de\\\/badblog\\\/files\\\/2025\\\/03\\\/a62c5b1a-7fd1-42f6-8490-5ae2ef06b319-scaled.jpg?resize=1536%2C1536&amp;ssl=1 1536w, https:\\\/\\\/i0.wp.com\\\/blogs.nmz.de\\\/badblog\\\/files\\\/2025\\\/03\\\/a62c5b1a-7fd1-42f6-8490-5ae2ef06b319-scaled.jpg?resize=2048%2C2048&amp;ssl=1 2048w, https:\\\/\\\/i0.wp.com\\\/blogs.nmz.de\\\/badblog\\\/files\\\/2025\\\/03\\\/a62c5b1a-7fd1-42f6-8490-5ae2ef06b319-scaled.jpg?resize=70%2C70&amp;ssl=1 70w, https:\\\/\\\/i0.wp.com\\\/blogs.nmz.de\\\/badblog\\\/files\\\/2025\\\/03\\\/a62c5b1a-7fd1-42f6-8490-5ae2ef06b319-scaled.jpg?resize=80%2C80&amp;ssl=1 80w, https:\\\/\\\/i0.wp.com\\\/blogs.nmz.de\\\/badblog\\\/files\\\/2025\\\/03\\\/a62c5b1a-7fd1-42f6-8490-5ae2ef06b319-scaled.jpg?resize=320%2C320&amp;ssl=1 320w, https:\\\/\\\/i0.wp.com\\\/blogs.nmz.de\\\/badblog\\\/files\\\/2025\\\/03\\\/a62c5b1a-7fd1-42f6-8490-5ae2ef06b319-scaled.jpg?resize=1320%2C1320&amp;ssl=1 1320w&quot;,&quot;fratio&quot;:1},&quot;ppe-3272-7&quot;:{&quot;title&quot;:&quot;251 &#8211; Stress, Ma\\u00dfhalten, Ruhe, Solofolge&quot;,&quot;description&quot;:&quot;&lt;p&gt;Solofolge mit Irene Kurka&lt;\\\/p&gt;\\n&lt;p&gt;Die Sopranistin und Performerin Irene Kurka spricht diesmal \\u00fcber Stress, Hirnfunktionen, Hormon Cocktails, Ma\\u00dfhalten, Impulse, Ruhe, Meditation, Stimme, Angst und Aktionismus.&lt;\\\/p&gt;\\n&lt;p&gt;Kopperationspartner der nmz.&lt;\\\/p&gt;\\n&lt;p&gt;&lt;a href=\\&quot;http:\\\/\\\/www.nmz.de\\&quot;&gt;www.nmz.de&lt;\\\/a&gt;&lt;\\\/p&gt;\\n&lt;p&gt;&lt;a href=\\&quot;http:\\\/\\\/www.irenekurka.de\\&quot;&gt;www.irenekurka.de&lt;\\\/a&gt;&lt;\\\/p&gt;\\n&lt;p&gt;DEEP DIVE hier:&lt;\\\/p&gt;\\n&lt;p&gt;&lt;a href=\\&quot;https:\\\/\\\/www.patreon.com\\\/c\\\/user\\\/shop?u=112648747\\&quot;&gt;https:\\\/\\\/www.patreon.com\\\/c\\\/user\\\/shop?u=112648747&lt;\\\/a&gt;&lt;\\\/p&gt;\\n&quot;,&quot;author&quot;:&quot;Kurka&quot;,&quot;date&quot;:&quot;18. Februar 2025&quot;,&quot;link&quot;:&quot;https:\\\/\\\/neuemusikleben.podigee.io\\\/252-new-episode&quot;,&quot;src&quot;:&quot;https:\\\/\\\/audio.podigee-cdn.net\\\/1738495-m-7d911b6626a1d401f05a7722a8004c75.mp3?source=feed&quot;,&quot;featured&quot;:&quot;https:\\\/\\\/i0.wp.com\\\/blogs.nmz.de\\\/badblog\\\/files\\\/2025\\\/02\\\/f371a495-ff41-437c-9b24-4a92ba16429f-scaled.jpg?fit=768%2C768&#038;ssl=1&quot;,&quot;featured_id&quot;:29713,&quot;mediatype&quot;:&quot;audio&quot;,&quot;season&quot;:0,&quot;categories&quot;:[],&quot;duration&quot;:&quot;28:06&quot;,&quot;episodetype&quot;:&quot;full&quot;,&quot;timestamp&quot;:1739856600,&quot;key&quot;:&quot;0b703d04e6944802e18d65f22f820cce&quot;,&quot;fset&quot;:&quot;https:\\\/\\\/i0.wp.com\\\/blogs.nmz.de\\\/badblog\\\/files\\\/2025\\\/02\\\/f371a495-ff41-437c-9b24-4a92ba16429f-scaled.jpg?w=2560&amp;ssl=1 2560w, https:\\\/\\\/i0.wp.com\\\/blogs.nmz.de\\\/badblog\\\/files\\\/2025\\\/02\\\/f371a495-ff41-437c-9b24-4a92ba16429f-scaled.jpg?resize=480%2C480&amp;ssl=1 480w, https:\\\/\\\/i0.wp.com\\\/blogs.nmz.de\\\/badblog\\\/files\\\/2025\\\/02\\\/f371a495-ff41-437c-9b24-4a92ba16429f-scaled.jpg?resize=1024%2C1024&amp;ssl=1 1024w, https:\\\/\\\/i0.wp.com\\\/blogs.nmz.de\\\/badblog\\\/files\\\/2025\\\/02\\\/f371a495-ff41-437c-9b24-4a92ba16429f-scaled.jpg?resize=150%2C150&amp;ssl=1 150w, https:\\\/\\\/i0.wp.com\\\/blogs.nmz.de\\\/badblog\\\/files\\\/2025\\\/02\\\/f371a495-ff41-437c-9b24-4a92ba16429f-scaled.jpg?resize=768%2C768&amp;ssl=1 768w, https:\\\/\\\/i0.wp.com\\\/blogs.nmz.de\\\/badblog\\\/files\\\/2025\\\/02\\\/f371a495-ff41-437c-9b24-4a92ba16429f-scaled.jpg?resize=1536%2C1536&amp;ssl=1 1536w, https:\\\/\\\/i0.wp.com\\\/blogs.nmz.de\\\/badblog\\\/files\\\/2025\\\/02\\\/f371a495-ff41-437c-9b24-4a92ba16429f-scaled.jpg?resize=2048%2C2048&amp;ssl=1 2048w, https:\\\/\\\/i0.wp.com\\\/blogs.nmz.de\\\/badblog\\\/files\\\/2025\\\/02\\\/f371a495-ff41-437c-9b24-4a92ba16429f-scaled.jpg?resize=70%2C70&amp;ssl=1 70w, https:\\\/\\\/i0.wp.com\\\/blogs.nmz.de\\\/badblog\\\/files\\\/2025\\\/02\\\/f371a495-ff41-437c-9b24-4a92ba16429f-scaled.jpg?resize=80%2C80&amp;ssl=1 80w, https:\\\/\\\/i0.wp.com\\\/blogs.nmz.de\\\/badblog\\\/files\\\/2025\\\/02\\\/f371a495-ff41-437c-9b24-4a92ba16429f-scaled.jpg?resize=320%2C320&amp;ssl=1 320w, https:\\\/\\\/i0.wp.com\\\/blogs.nmz.de\\\/badblog\\\/files\\\/2025\\\/02\\\/f371a495-ff41-437c-9b24-4a92ba16429f-scaled.jpg?resize=1320%2C1320&amp;ssl=1 1320w&quot;,&quot;fratio&quot;:1},&quot;ppe-3272-8&quot;:{&quot;title&quot;:&quot;250 &#8211; Interview with Helena Canovas Pares&quot;,&quot;description&quot;:&quot;&lt;p&gt;composer&lt;\\\/p&gt;\\n&lt;p&gt;Helena Canovas Pares talks about her education in Spain and Cologne and how she developed as a composer. She shares her thoughts about voice, singing, inspiration and collaborations.&lt;\\\/p&gt;\\n&lt;p&gt;&lt;a href=\\&quot;https:\\\/\\\/www.hcanovaspares.com\\\/\\&quot;&gt;https:\\\/\\\/www.hcanovaspares.com\\\/&lt;\\\/a&gt;&lt;\\\/p&gt;\\n&lt;p&gt;cooperating with nmz&lt;\\\/p&gt;\\n&lt;p&gt;&lt;a href=\\&quot;http:\\\/\\\/www.nmz.de\\&quot;&gt;www.nmz.de&lt;\\\/a&gt;&lt;\\\/p&gt;\\n&lt;p&gt;&lt;a href=\\&quot;http:\\\/\\\/www.irenekurka.de\\&quot;&gt;www.irenekurka.de&lt;\\\/a&gt;&lt;\\\/p&gt;\\n&lt;p&gt;&lt;a href=\\&quot;mailto:&#x6d;ail&#064;&#105;&#114;&#101;&#110;&#101;&#107;&#x75;r&#x6b;a&#046;&#100;&#x65;\\&quot;&gt;&#x6d;&#097;&#x69;&#108;&#x40;&#x69;&#114;&#101;&#x6e;&#x65;&#x6b;&#x75;&#114;&#x6b;&#x61;&#046;&#100;&#x65;&lt;\\\/a&gt;&lt;\\\/p&gt;\\n&quot;,&quot;author&quot;:&quot;Kurka&quot;,&quot;date&quot;:&quot;4. Februar 2025&quot;,&quot;link&quot;:&quot;https:\\\/\\\/neuemusikleben.podigee.io\\\/251-neue-episode&quot;,&quot;src&quot;:&quot;https:\\\/\\\/audio.podigee-cdn.net\\\/1700746-m-74cf541302ab46e4601bca07b1697ce5.mp3?source=feed&quot;,&quot;featured&quot;:&quot;https:\\\/\\\/i0.wp.com\\\/blogs.nmz.de\\\/badblog\\\/files\\\/2025\\\/02\\\/35a21e7f-d41e-4f12-ba61-0a0329aa6a69-scaled.jpg?fit=768%2C768&#038;ssl=1&quot;,&quot;featured_id&quot;:29690,&quot;mediatype&quot;:&quot;audio&quot;,&quot;season&quot;:0,&quot;categories&quot;:[],&quot;duration&quot;:&quot;43:35&quot;,&quot;episodetype&quot;:&quot;full&quot;,&quot;timestamp&quot;:1738637700,&quot;key&quot;:&quot;9507465a428af26120796ff6f07330d7&quot;,&quot;fset&quot;:&quot;https:\\\/\\\/i0.wp.com\\\/blogs.nmz.de\\\/badblog\\\/files\\\/2025\\\/02\\\/35a21e7f-d41e-4f12-ba61-0a0329aa6a69-scaled.jpg?w=2560&amp;ssl=1 2560w, https:\\\/\\\/i0.wp.com\\\/blogs.nmz.de\\\/badblog\\\/files\\\/2025\\\/02\\\/35a21e7f-d41e-4f12-ba61-0a0329aa6a69-scaled.jpg?resize=480%2C480&amp;ssl=1 480w, https:\\\/\\\/i0.wp.com\\\/blogs.nmz.de\\\/badblog\\\/files\\\/2025\\\/02\\\/35a21e7f-d41e-4f12-ba61-0a0329aa6a69-scaled.jpg?resize=1024%2C1024&amp;ssl=1 1024w, https:\\\/\\\/i0.wp.com\\\/blogs.nmz.de\\\/badblog\\\/files\\\/2025\\\/02\\\/35a21e7f-d41e-4f12-ba61-0a0329aa6a69-scaled.jpg?resize=150%2C150&amp;ssl=1 150w, https:\\\/\\\/i0.wp.com\\\/blogs.nmz.de\\\/badblog\\\/files\\\/2025\\\/02\\\/35a21e7f-d41e-4f12-ba61-0a0329aa6a69-scaled.jpg?resize=768%2C768&amp;ssl=1 768w, https:\\\/\\\/i0.wp.com\\\/blogs.nmz.de\\\/badblog\\\/files\\\/2025\\\/02\\\/35a21e7f-d41e-4f12-ba61-0a0329aa6a69-scaled.jpg?resize=1536%2C1536&amp;ssl=1 1536w, https:\\\/\\\/i0.wp.com\\\/blogs.nmz.de\\\/badblog\\\/files\\\/2025\\\/02\\\/35a21e7f-d41e-4f12-ba61-0a0329aa6a69-scaled.jpg?resize=2048%2C2048&amp;ssl=1 2048w, https:\\\/\\\/i0.wp.com\\\/blogs.nmz.de\\\/badblog\\\/files\\\/2025\\\/02\\\/35a21e7f-d41e-4f12-ba61-0a0329aa6a69-scaled.jpg?resize=70%2C70&amp;ssl=1 70w, https:\\\/\\\/i0.wp.com\\\/blogs.nmz.de\\\/badblog\\\/files\\\/2025\\\/02\\\/35a21e7f-d41e-4f12-ba61-0a0329aa6a69-scaled.jpg?resize=80%2C80&amp;ssl=1 80w, https:\\\/\\\/i0.wp.com\\\/blogs.nmz.de\\\/badblog\\\/files\\\/2025\\\/02\\\/35a21e7f-d41e-4f12-ba61-0a0329aa6a69-scaled.jpg?resize=320%2C320&amp;ssl=1 320w, https:\\\/\\\/i0.wp.com\\\/blogs.nmz.de\\\/badblog\\\/files\\\/2025\\\/02\\\/35a21e7f-d41e-4f12-ba61-0a0329aa6a69-scaled.jpg?resize=1320%2C1320&amp;ssl=1 1320w&quot;,&quot;fratio&quot;:1},&quot;ppe-3272-9&quot;:{&quot;title&quot;:&quot;249 &#8211; Interview mit Reiko F\\u00fcting&quot;,&quot;description&quot;:&quot;&lt;p&gt;Komponist und Professor f\\u00fcr Komposition&lt;\\\/p&gt;\\n&lt;p&gt;Reiko F\\u00fcting spricht \\u00fcber seinen Weg in die neue Musik und wie es ihn in die USA verschlagen hat, wo er seit vielen Jahren Professor f\\u00fcr Komposition an der Manhattan School of Music ist. Er spricht \\u00fcber die M\\u00f6glichkeiten und Unterschiede zwischen Deutschland und den USA und vieles mehr.&lt;\\\/p&gt;\\n&lt;p&gt;&lt;a href=\\&quot;http:\\\/\\\/www.reikofueting.com\\&quot;&gt;www.reikofueting.com&lt;\\\/a&gt;&lt;\\\/p&gt;\\n&lt;p&gt;&lt;a href=\\&quot;http:\\\/\\\/www.irenekurka.de\\&quot;&gt;www.irenekurka.de&lt;\\\/a&gt;&lt;\\\/p&gt;\\n&lt;p&gt;Kooperationspartnerin der nmz&lt;\\\/p&gt;\\n&lt;p&gt;&lt;a href=\\&quot;http:\\\/\\\/www.nmz.de\\&quot;&gt;www.nmz.de&lt;\\\/a&gt;&lt;\\\/p&gt;\\n&quot;,&quot;author&quot;:&quot;Kurka&quot;,&quot;date&quot;:&quot;21. Januar 2025&quot;,&quot;link&quot;:&quot;https:\\\/\\\/neuemusikleben.podigee.io\\\/245-neue-episode&quot;,&quot;src&quot;:&quot;https:\\\/\\\/audio.podigee-cdn.net\\\/1634314-m-25208e2c1dfe968bfe27e93127ae8231.mp3?source=feed&quot;,&quot;featured&quot;:&quot;https:\\\/\\\/i0.wp.com\\\/blogs.nmz.de\\\/badblog\\\/files\\\/2025\\\/01\\\/b44fdbd8-8fc2-499e-8ef3-26433cac3dd1-scaled.jpg?fit=768%2C768&#038;ssl=1&quot;,&quot;featured_id&quot;:29665,&quot;mediatype&quot;:&quot;audio&quot;,&quot;season&quot;:0,&quot;categories&quot;:[],&quot;duration&quot;:&quot;45:45&quot;,&quot;episodetype&quot;:&quot;full&quot;,&quot;timestamp&quot;:1737433500,&quot;key&quot;:&quot;bb139921e6a9da0dde0bda2755460739&quot;,&quot;fset&quot;:&quot;https:\\\/\\\/i0.wp.com\\\/blogs.nmz.de\\\/badblog\\\/files\\\/2025\\\/01\\\/b44fdbd8-8fc2-499e-8ef3-26433cac3dd1-scaled.jpg?w=2560&amp;ssl=1 2560w, https:\\\/\\\/i0.wp.com\\\/blogs.nmz.de\\\/badblog\\\/files\\\/2025\\\/01\\\/b44fdbd8-8fc2-499e-8ef3-26433cac3dd1-scaled.jpg?resize=480%2C480&amp;ssl=1 480w, https:\\\/\\\/i0.wp.com\\\/blogs.nmz.de\\\/badblog\\\/files\\\/2025\\\/01\\\/b44fdbd8-8fc2-499e-8ef3-26433cac3dd1-scaled.jpg?resize=1024%2C1024&amp;ssl=1 1024w, https:\\\/\\\/i0.wp.com\\\/blogs.nmz.de\\\/badblog\\\/files\\\/2025\\\/01\\\/b44fdbd8-8fc2-499e-8ef3-26433cac3dd1-scaled.jpg?resize=150%2C150&amp;ssl=1 150w, https:\\\/\\\/i0.wp.com\\\/blogs.nmz.de\\\/badblog\\\/files\\\/2025\\\/01\\\/b44fdbd8-8fc2-499e-8ef3-26433cac3dd1-scaled.jpg?resize=768%2C768&amp;ssl=1 768w, https:\\\/\\\/i0.wp.com\\\/blogs.nmz.de\\\/badblog\\\/files\\\/2025\\\/01\\\/b44fdbd8-8fc2-499e-8ef3-26433cac3dd1-scaled.jpg?resize=1536%2C1536&amp;ssl=1 1536w, https:\\\/\\\/i0.wp.com\\\/blogs.nmz.de\\\/badblog\\\/files\\\/2025\\\/01\\\/b44fdbd8-8fc2-499e-8ef3-26433cac3dd1-scaled.jpg?resize=2048%2C2048&amp;ssl=1 2048w, https:\\\/\\\/i0.wp.com\\\/blogs.nmz.de\\\/badblog\\\/files\\\/2025\\\/01\\\/b44fdbd8-8fc2-499e-8ef3-26433cac3dd1-scaled.jpg?resize=70%2C70&amp;ssl=1 70w, https:\\\/\\\/i0.wp.com\\\/blogs.nmz.de\\\/badblog\\\/files\\\/2025\\\/01\\\/b44fdbd8-8fc2-499e-8ef3-26433cac3dd1-scaled.jpg?resize=80%2C80&amp;ssl=1 80w, https:\\\/\\\/i0.wp.com\\\/blogs.nmz.de\\\/badblog\\\/files\\\/2025\\\/01\\\/b44fdbd8-8fc2-499e-8ef3-26433cac3dd1-scaled.jpg?resize=320%2C320&amp;ssl=1 320w, https:\\\/\\\/i0.wp.com\\\/blogs.nmz.de\\\/badblog\\\/files\\\/2025\\\/01\\\/b44fdbd8-8fc2-499e-8ef3-26433cac3dd1-scaled.jpg?resize=1320%2C1320&amp;ssl=1 1320w&quot;,&quot;fratio&quot;:1},&quot;ppe-3272-10&quot;:{&quot;title&quot;:&quot;248 -Interview with Johannes Kreidler&quot;,&quot;description&quot;:&quot;&lt;p&gt;composer and professor&lt;\\\/p&gt;\\n&lt;p&gt;Johannes Kreidler talks about his way into contemporary music and how he became a conceptual composer. He speaks about teaching in Basel and what happened in and since the pandemic in his artistic life. He also shares his creative process with us.&lt;\\\/p&gt;\\n&lt;p&gt;&lt;a href=\\&quot;http:\\\/\\\/www.kreidler-net.de\\&quot;&gt;www.kreidler-net.de&lt;\\\/a&gt;&lt;\\\/p&gt;\\n&lt;p&gt;&lt;a href=\\&quot;http:\\\/\\\/www.sheetmusic-kreidler.com\\&quot;&gt;www.sheetmusic-kreidler.com&lt;\\\/a&gt;&lt;\\\/p&gt;\\n&lt;p&gt;cooperating with nmw&lt;br \\\/&gt;\\nNeue Musikzeitung&lt;\\\/p&gt;\\n&lt;p&gt;&lt;a href=\\&quot;http:\\\/\\\/www.nmz.de\\&quot;&gt;www.nmz.de&lt;\\\/a&gt;&lt;\\\/p&gt;\\n&lt;p&gt;&lt;a href=\\&quot;http:\\\/\\\/www.irenekurka.de\\&quot;&gt;www.irenekurka.de&lt;\\\/a&gt;&lt;\\\/p&gt;\\n&lt;p&gt;&lt;a href=\\&quot;https:\\\/\\\/www.patreon.com\\\/c\\\/user?u=112648747\\&quot;&gt;https:\\\/\\\/www.patreon.com\\\/c\\\/user?u=112648747&lt;\\\/a&gt;&lt;\\\/p&gt;\\n&quot;,&quot;author&quot;:&quot;Irene Kurka&quot;,&quot;date&quot;:&quot;7. Januar 2025&quot;,&quot;link&quot;:&quot;https:\\\/\\\/neuemusikleben.podigee.io\\\/244-neue-episode&quot;,&quot;src&quot;:&quot;https:\\\/\\\/audio.podigee-cdn.net\\\/1634313-m-5fa541f71974759d97480af6cc66480f.mp3?source=feed&quot;,&quot;featured&quot;:&quot;https:\\\/\\\/i0.wp.com\\\/blogs.nmz.de\\\/badblog\\\/files\\\/2025\\\/01\\\/32d0e254-2bf2-4922-b90f-9cce1b3fa111-scaled.jpg?fit=768%2C768&#038;ssl=1&quot;,&quot;featured_id&quot;:29630,&quot;mediatype&quot;:&quot;audio&quot;,&quot;season&quot;:0,&quot;categories&quot;:[],&quot;duration&quot;:&quot;50:57&quot;,&quot;episodetype&quot;:&quot;full&quot;,&quot;timestamp&quot;:1736225400,&quot;key&quot;:&quot;8c972b3de6ead710b9b226ad3fe20277&quot;,&quot;fset&quot;:&quot;https:\\\/\\\/i0.wp.com\\\/blogs.nmz.de\\\/badblog\\\/files\\\/2025\\\/01\\\/32d0e254-2bf2-4922-b90f-9cce1b3fa111-scaled.jpg?w=2560&amp;ssl=1 2560w, https:\\\/\\\/i0.wp.com\\\/blogs.nmz.de\\\/badblog\\\/files\\\/2025\\\/01\\\/32d0e254-2bf2-4922-b90f-9cce1b3fa111-scaled.jpg?resize=480%2C480&amp;ssl=1 480w, https:\\\/\\\/i0.wp.com\\\/blogs.nmz.de\\\/badblog\\\/files\\\/2025\\\/01\\\/32d0e254-2bf2-4922-b90f-9cce1b3fa111-scaled.jpg?resize=1024%2C1024&amp;ssl=1 1024w, https:\\\/\\\/i0.wp.com\\\/blogs.nmz.de\\\/badblog\\\/files\\\/2025\\\/01\\\/32d0e254-2bf2-4922-b90f-9cce1b3fa111-scaled.jpg?resize=150%2C150&amp;ssl=1 150w, https:\\\/\\\/i0.wp.com\\\/blogs.nmz.de\\\/badblog\\\/files\\\/2025\\\/01\\\/32d0e254-2bf2-4922-b90f-9cce1b3fa111-scaled.jpg?resize=768%2C768&amp;ssl=1 768w, https:\\\/\\\/i0.wp.com\\\/blogs.nmz.de\\\/badblog\\\/files\\\/2025\\\/01\\\/32d0e254-2bf2-4922-b90f-9cce1b3fa111-scaled.jpg?resize=1536%2C1536&amp;ssl=1 1536w, https:\\\/\\\/i0.wp.com\\\/blogs.nmz.de\\\/badblog\\\/files\\\/2025\\\/01\\\/32d0e254-2bf2-4922-b90f-9cce1b3fa111-scaled.jpg?resize=2048%2C2048&amp;ssl=1 2048w, https:\\\/\\\/i0.wp.com\\\/blogs.nmz.de\\\/badblog\\\/files\\\/2025\\\/01\\\/32d0e254-2bf2-4922-b90f-9cce1b3fa111-scaled.jpg?resize=70%2C70&amp;ssl=1 70w, https:\\\/\\\/i0.wp.com\\\/blogs.nmz.de\\\/badblog\\\/files\\\/2025\\\/01\\\/32d0e254-2bf2-4922-b90f-9cce1b3fa111-scaled.jpg?resize=80%2C80&amp;ssl=1 80w, https:\\\/\\\/i0.wp.com\\\/blogs.nmz.de\\\/badblog\\\/files\\\/2025\\\/01\\\/32d0e254-2bf2-4922-b90f-9cce1b3fa111-scaled.jpg?resize=320%2C320&amp;ssl=1 320w, https:\\\/\\\/i0.wp.com\\\/blogs.nmz.de\\\/badblog\\\/files\\\/2025\\\/01\\\/32d0e254-2bf2-4922-b90f-9cce1b3fa111-scaled.jpg?resize=1320%2C1320&amp;ssl=1 1320w&quot;,&quot;fratio&quot;:1},&quot;ppe-3272-11&quot;:{&quot;title&quot;:&quot;247 &#8211; Learnings and review 2024&quot;,&quot;description&quot;:&quot;&lt;p&gt;solo episode with soprano Irene Kurka&lt;\\\/p&gt;\\n&lt;p&gt;Irene Kurka is reflecting on 2024. This a personal episode.&lt;\\\/p&gt;\\n&lt;p&gt;Thank you for listening!&lt;\\\/p&gt;\\n&lt;p&gt;Merry Christmas and a happy new year!!!&lt;\\\/p&gt;\\n&lt;p&gt;Fr\\u00f6hliche Weihnachten und ein gl\\u00fcckliches 2025!&lt;\\\/p&gt;\\n&lt;p&gt;Danke f\\u00fcrs Zuh\\u00f6ren, Einschalten und eure Treue!&lt;\\\/p&gt;\\n&lt;p&gt;&lt;a href=\\&quot;http:\\\/\\\/www.irenekurka.de\\&quot;&gt;www.irenekurka.de&lt;\\\/a&gt;&lt;\\\/p&gt;\\n&lt;p&gt;&lt;a href=\\&quot;https:\\\/\\\/irenekurka.de\\\/book-me\\\/coaching\\&quot;&gt;https:\\\/\\\/irenekurka.de\\\/book-me\\\/coaching&lt;\\\/a&gt;&lt;\\\/p&gt;\\n&lt;p&gt;&lt;a href=\\&quot;https:\\\/\\\/www.patreon.com\\\/c\\\/user\\\/shop?u=112648747\\&quot;&gt;https:\\\/\\\/www.patreon.com\\\/c\\\/user\\\/shop?u=112648747&lt;\\\/a&gt;&lt;\\\/p&gt;\\n&lt;p&gt;Kooperationspartnerin der nmz&lt;\\\/p&gt;\\n&lt;p&gt;&lt;a href=\\&quot;http:\\\/\\\/www.nmz.de\\&quot;&gt;www.nmz.de&lt;\\\/a&gt;&lt;\\\/p&gt;\\n&quot;,&quot;author&quot;:&quot;Kurka&quot;,&quot;date&quot;:&quot;18. Dezember 2024&quot;,&quot;link&quot;:&quot;https:\\\/\\\/neuemusikleben.podigee.io\\\/250-neue-episode&quot;,&quot;src&quot;:&quot;https:\\\/\\\/audio.podigee-cdn.net\\\/1695503-m-bbffd740d9c5a525cc6b30b08eb4f6f6.mp3?source=feed&quot;,&quot;featured&quot;:&quot;https:\\\/\\\/i0.wp.com\\\/blogs.nmz.de\\\/badblog\\\/files\\\/2024\\\/12\\\/bd3843bd-e368-4ccc-97f6-a15df74b881b-scaled.jpg?fit=768%2C768&#038;ssl=1&quot;,&quot;featured_id&quot;:29572,&quot;mediatype&quot;:&quot;audio&quot;,&quot;season&quot;:0,&quot;categories&quot;:[],&quot;duration&quot;:&quot;19:44&quot;,&quot;episodetype&quot;:&quot;full&quot;,&quot;timestamp&quot;:1734504900,&quot;key&quot;:&quot;ed516215afef2d7f34c965b3c2d78d23&quot;,&quot;fset&quot;:&quot;https:\\\/\\\/i0.wp.com\\\/blogs.nmz.de\\\/badblog\\\/files\\\/2024\\\/12\\\/bd3843bd-e368-4ccc-97f6-a15df74b881b-scaled.jpg?w=2560&amp;ssl=1 2560w, https:\\\/\\\/i0.wp.com\\\/blogs.nmz.de\\\/badblog\\\/files\\\/2024\\\/12\\\/bd3843bd-e368-4ccc-97f6-a15df74b881b-scaled.jpg?resize=480%2C480&amp;ssl=1 480w, https:\\\/\\\/i0.wp.com\\\/blogs.nmz.de\\\/badblog\\\/files\\\/2024\\\/12\\\/bd3843bd-e368-4ccc-97f6-a15df74b881b-scaled.jpg?resize=1024%2C1024&amp;ssl=1 1024w, https:\\\/\\\/i0.wp.com\\\/blogs.nmz.de\\\/badblog\\\/files\\\/2024\\\/12\\\/bd3843bd-e368-4ccc-97f6-a15df74b881b-scaled.jpg?resize=150%2C150&amp;ssl=1 150w, https:\\\/\\\/i0.wp.com\\\/blogs.nmz.de\\\/badblog\\\/files\\\/2024\\\/12\\\/bd3843bd-e368-4ccc-97f6-a15df74b881b-scaled.jpg?resize=768%2C768&amp;ssl=1 768w, https:\\\/\\\/i0.wp.com\\\/blogs.nmz.de\\\/badblog\\\/files\\\/2024\\\/12\\\/bd3843bd-e368-4ccc-97f6-a15df74b881b-scaled.jpg?resize=1536%2C1536&amp;ssl=1 1536w, https:\\\/\\\/i0.wp.com\\\/blogs.nmz.de\\\/badblog\\\/files\\\/2024\\\/12\\\/bd3843bd-e368-4ccc-97f6-a15df74b881b-scaled.jpg?resize=2048%2C2048&amp;ssl=1 2048w, https:\\\/\\\/i0.wp.com\\\/blogs.nmz.de\\\/badblog\\\/files\\\/2024\\\/12\\\/bd3843bd-e368-4ccc-97f6-a15df74b881b-scaled.jpg?resize=70%2C70&amp;ssl=1 70w, https:\\\/\\\/i0.wp.com\\\/blogs.nmz.de\\\/badblog\\\/files\\\/2024\\\/12\\\/bd3843bd-e368-4ccc-97f6-a15df74b881b-scaled.jpg?resize=80%2C80&amp;ssl=1 80w, https:\\\/\\\/i0.wp.com\\\/blogs.nmz.de\\\/badblog\\\/files\\\/2024\\\/12\\\/bd3843bd-e368-4ccc-97f6-a15df74b881b-scaled.jpg?resize=320%2C320&amp;ssl=1 320w, https:\\\/\\\/i0.wp.com\\\/blogs.nmz.de\\\/badblog\\\/files\\\/2024\\\/12\\\/bd3843bd-e368-4ccc-97f6-a15df74b881b-scaled.jpg?resize=1320%2C1320&amp;ssl=1 1320w&quot;,&quot;fratio&quot;:1},&quot;ppe-3272-12&quot;:{&quot;title&quot;:&quot;246 &#8211; R\\u00fcckblick und Learnings 2024&quot;,&quot;description&quot;:&quot;&lt;p&gt;Solofolge mit Irene Kurka&lt;\\\/p&gt;\\n&lt;p&gt;Irene Kurka spricht \\u00fcber ihre Erfahrungen, Neuerungen und Erfolge rund um den Podcast, Konzerte in Braga, Luxembourg, Coaching, Human Design, Entspannung und Ruhe und vieles mehr.&lt;\\\/p&gt;\\n&lt;p&gt;Fr\\u00f6hliche Weihnachten und ein gl\\u00fcckliches 2025!&lt;\\\/p&gt;\\n&lt;p&gt;Danke f\\u00fcrs Zuh\\u00f6ren, Einschalten und eure Treue!&lt;\\\/p&gt;\\n&lt;p&gt;&lt;a href=\\&quot;http:\\\/\\\/www.irenekurka.de\\&quot;&gt;www.irenekurka.de&lt;\\\/a&gt;&lt;\\\/p&gt;\\n&lt;p&gt;&lt;a href=\\&quot;https:\\\/\\\/irenekurka.de\\\/book-me\\\/coaching\\&quot;&gt;https:\\\/\\\/irenekurka.de\\\/book-me\\\/coaching&lt;\\\/a&gt;&lt;\\\/p&gt;\\n&lt;p&gt;&lt;a href=\\&quot;https:\\\/\\\/www.patreon.com\\\/c\\\/user\\\/shop?u=112648747\\&quot;&gt;https:\\\/\\\/www.patreon.com\\\/c\\\/user\\\/shop?u=112648747&lt;\\\/a&gt;&lt;\\\/p&gt;\\n&lt;p&gt;Kooperationspartnerin der nmz&lt;\\\/p&gt;\\n&lt;p&gt;&lt;a href=\\&quot;http:\\\/\\\/www.nmz.de\\&quot;&gt;www.nmz.de&lt;\\\/a&gt;&lt;\\\/p&gt;\\n&quot;,&quot;author&quot;:&quot;Kurka&quot;,&quot;date&quot;:&quot;17. Dezember 2024&quot;,&quot;link&quot;:&quot;https:\\\/\\\/neuemusikleben.podigee.io\\\/243-neue-episode&quot;,&quot;src&quot;:&quot;https:\\\/\\\/audio.podigee-cdn.net\\\/1634311-m-283216d93c2923ac0ab6d02c249595d5.mp3?source=feed&quot;,&quot;featured&quot;:&quot;https:\\\/\\\/i0.wp.com\\\/blogs.nmz.de\\\/badblog\\\/files\\\/2024\\\/12\\\/ec8f2441-2d39-4d93-b90f-0430cfd1f7f5-scaled.jpg?fit=768%2C768&#038;ssl=1&quot;,&quot;featured_id&quot;:29571,&quot;mediatype&quot;:&quot;audio&quot;,&quot;season&quot;:0,&quot;categories&quot;:[],&quot;duration&quot;:&quot;28:09&quot;,&quot;episodetype&quot;:&quot;full&quot;,&quot;timestamp&quot;:1734412800,&quot;key&quot;:&quot;f5eed6f4084a738ed16e833610982a85&quot;,&quot;fset&quot;:&quot;https:\\\/\\\/i0.wp.com\\\/blogs.nmz.de\\\/badblog\\\/files\\\/2024\\\/12\\\/ec8f2441-2d39-4d93-b90f-0430cfd1f7f5-scaled.jpg?w=2560&amp;ssl=1 2560w, https:\\\/\\\/i0.wp.com\\\/blogs.nmz.de\\\/badblog\\\/files\\\/2024\\\/12\\\/ec8f2441-2d39-4d93-b90f-0430cfd1f7f5-scaled.jpg?resize=480%2C480&amp;ssl=1 480w, https:\\\/\\\/i0.wp.com\\\/blogs.nmz.de\\\/badblog\\\/files\\\/2024\\\/12\\\/ec8f2441-2d39-4d93-b90f-0430cfd1f7f5-scaled.jpg?resize=1024%2C1024&amp;ssl=1 1024w, https:\\\/\\\/i0.wp.com\\\/blogs.nmz.de\\\/badblog\\\/files\\\/2024\\\/12\\\/ec8f2441-2d39-4d93-b90f-0430cfd1f7f5-scaled.jpg?resize=150%2C150&amp;ssl=1 150w, https:\\\/\\\/i0.wp.com\\\/blogs.nmz.de\\\/badblog\\\/files\\\/2024\\\/12\\\/ec8f2441-2d39-4d93-b90f-0430cfd1f7f5-scaled.jpg?resize=768%2C768&amp;ssl=1 768w, https:\\\/\\\/i0.wp.com\\\/blogs.nmz.de\\\/badblog\\\/files\\\/2024\\\/12\\\/ec8f2441-2d39-4d93-b90f-0430cfd1f7f5-scaled.jpg?resize=1536%2C1536&amp;ssl=1 1536w, https:\\\/\\\/i0.wp.com\\\/blogs.nmz.de\\\/badblog\\\/files\\\/2024\\\/12\\\/ec8f2441-2d39-4d93-b90f-0430cfd1f7f5-scaled.jpg?resize=2048%2C2048&amp;ssl=1 2048w, https:\\\/\\\/i0.wp.com\\\/blogs.nmz.de\\\/badblog\\\/files\\\/2024\\\/12\\\/ec8f2441-2d39-4d93-b90f-0430cfd1f7f5-scaled.jpg?resize=70%2C70&amp;ssl=1 70w, https:\\\/\\\/i0.wp.com\\\/blogs.nmz.de\\\/badblog\\\/files\\\/2024\\\/12\\\/ec8f2441-2d39-4d93-b90f-0430cfd1f7f5-scaled.jpg?resize=80%2C80&amp;ssl=1 80w, https:\\\/\\\/i0.wp.com\\\/blogs.nmz.de\\\/badblog\\\/files\\\/2024\\\/12\\\/ec8f2441-2d39-4d93-b90f-0430cfd1f7f5-scaled.jpg?resize=320%2C320&amp;ssl=1 320w, https:\\\/\\\/i0.wp.com\\\/blogs.nmz.de\\\/badblog\\\/files\\\/2024\\\/12\\\/ec8f2441-2d39-4d93-b90f-0430cfd1f7f5-scaled.jpg?resize=1320%2C1320&amp;ssl=1 1320w&quot;,&quot;fratio&quot;:1},&quot;ppe-3272-13&quot;:{&quot;title&quot;:&quot;245 &#8211; Interview with Rosie Middleton &#8211; rainy days Luxembourg (4)&quot;,&quot;description&quot;:&quot;&lt;p&gt;mezzo-soprano&lt;\\\/p&gt;\\n&lt;p&gt;Rosie Middleton talks about her way into singing contemporary music and music theatre and how she enjoys exploring extreme situations for her voice and body. She shares her experience of 12 Hours at rainy day festival Luxembourg.This podcast is a cooperation with rainy days Philharmonie Luxembourg.&lt;\\\/p&gt;\\n&lt;p&gt;&lt;a href=\\&quot;https:\\\/\\\/rosiemiddleton.com\\\/\\&quot;&gt;https:\\\/\\\/rosiemiddleton.com\\\/&lt;\\\/a&gt;&lt;\\\/p&gt;\\n&lt;p&gt;&lt;a href=\\&quot;https:\\\/\\\/www.philharmonie.lu\\\/en\\\/programme\\\/2024-25\\\/festival-overview\\\/rainy-days-2024-0000013e00000470\\&quot;&gt;https:\\\/\\\/www.philharmonie.lu\\\/en\\\/programme\\\/2024-25\\\/festival-overview\\\/rainy-days-2024-0000013e00000470&lt;\\\/a&gt;&lt;\\\/p&gt;\\n&lt;p&gt;cooperating with Neue Musikzeitung &lt;a href=\\&quot;http:\\\/\\\/www.nmz.de\\&quot;&gt;www.nmz.de&lt;\\\/a&gt;&lt;\\\/p&gt;\\n&lt;p&gt;&lt;a href=\\&quot;http:\\\/\\\/www.irenekurka.de\\&quot;&gt;www.irenekurka.de&lt;\\\/a&gt;&lt;\\\/p&gt;\\n&quot;,&quot;author&quot;:&quot;Kurka&quot;,&quot;date&quot;:&quot;4. Dezember 2024&quot;,&quot;link&quot;:&quot;https:\\\/\\\/neuemusikleben.podigee.io\\\/249-neue-episode&quot;,&quot;src&quot;:&quot;https:\\\/\\\/audio.podigee-cdn.net\\\/1678089-m-0b3832e970f2426e81a62aff2ff7b34c.mp3?source=feed&quot;,&quot;featured&quot;:&quot;https:\\\/\\\/i0.wp.com\\\/blogs.nmz.de\\\/badblog\\\/files\\\/2024\\\/12\\\/dbdd6192-205d-471b-af05-6c8012544111-scaled.jpg?fit=768%2C768&#038;ssl=1&quot;,&quot;featured_id&quot;:29538,&quot;mediatype&quot;:&quot;audio&quot;,&quot;season&quot;:0,&quot;categories&quot;:[],&quot;duration&quot;:&quot;58:23&quot;,&quot;episodetype&quot;:&quot;full&quot;,&quot;timestamp&quot;:1733287800,&quot;key&quot;:&quot;59c06e5ee8c7948e85ffd5ce466e6121&quot;,&quot;fset&quot;:&quot;https:\\\/\\\/i0.wp.com\\\/blogs.nmz.de\\\/badblog\\\/files\\\/2024\\\/12\\\/dbdd6192-205d-471b-af05-6c8012544111-scaled.jpg?w=2560&amp;ssl=1 2560w, https:\\\/\\\/i0.wp.com\\\/blogs.nmz.de\\\/badblog\\\/files\\\/2024\\\/12\\\/dbdd6192-205d-471b-af05-6c8012544111-scaled.jpg?resize=480%2C480&amp;ssl=1 480w, https:\\\/\\\/i0.wp.com\\\/blogs.nmz.de\\\/badblog\\\/files\\\/2024\\\/12\\\/dbdd6192-205d-471b-af05-6c8012544111-scaled.jpg?resize=1024%2C1024&amp;ssl=1 1024w, https:\\\/\\\/i0.wp.com\\\/blogs.nmz.de\\\/badblog\\\/files\\\/2024\\\/12\\\/dbdd6192-205d-471b-af05-6c8012544111-scaled.jpg?resize=150%2C150&amp;ssl=1 150w, https:\\\/\\\/i0.wp.com\\\/blogs.nmz.de\\\/badblog\\\/files\\\/2024\\\/12\\\/dbdd6192-205d-471b-af05-6c8012544111-scaled.jpg?resize=768%2C768&amp;ssl=1 768w, https:\\\/\\\/i0.wp.com\\\/blogs.nmz.de\\\/badblog\\\/files\\\/2024\\\/12\\\/dbdd6192-205d-471b-af05-6c8012544111-scaled.jpg?resize=1536%2C1536&amp;ssl=1 1536w, https:\\\/\\\/i0.wp.com\\\/blogs.nmz.de\\\/badblog\\\/files\\\/2024\\\/12\\\/dbdd6192-205d-471b-af05-6c8012544111-scaled.jpg?resize=2048%2C2048&amp;ssl=1 2048w, https:\\\/\\\/i0.wp.com\\\/blogs.nmz.de\\\/badblog\\\/files\\\/2024\\\/12\\\/dbdd6192-205d-471b-af05-6c8012544111-scaled.jpg?resize=70%2C70&amp;ssl=1 70w, https:\\\/\\\/i0.wp.com\\\/blogs.nmz.de\\\/badblog\\\/files\\\/2024\\\/12\\\/dbdd6192-205d-471b-af05-6c8012544111-scaled.jpg?resize=80%2C80&amp;ssl=1 80w, https:\\\/\\\/i0.wp.com\\\/blogs.nmz.de\\\/badblog\\\/files\\\/2024\\\/12\\\/dbdd6192-205d-471b-af05-6c8012544111-scaled.jpg?resize=320%2C320&amp;ssl=1 320w, https:\\\/\\\/i0.wp.com\\\/blogs.nmz.de\\\/badblog\\\/files\\\/2024\\\/12\\\/dbdd6192-205d-471b-af05-6c8012544111-scaled.jpg?resize=1320%2C1320&amp;ssl=1 1320w&quot;,&quot;fratio&quot;:1},&quot;ppe-3272-14&quot;:{&quot;title&quot;:&quot;244 &#8211; Interview with Ana Sokolovic&quot;,&quot;description&quot;:&quot;&lt;p&gt;composer and professor&lt;\\\/p&gt;\\n&lt;p&gt;Ana Sokolovic talks about her way into new music and her big interest in vocal music and music theater. She shares with us what inspires her and she connects many different things in her works. &lt;\\\/p&gt;\\n&lt;p&gt;&lt;a href=\\&quot;https:\\\/\\\/www.anasokolovic.com\\\/en\\\/\\&quot;&gt;https:\\\/\\\/www.anasokolovic.com\\\/en\\\/&lt;\\\/a&gt;&lt;\\\/p&gt;\\n&lt;p&gt;&lt;a href=\\&quot;https:\\\/\\\/www.boosey.com\\\/composer\\\/Ana+Sokolovic\\&quot;&gt;https:\\\/\\\/www.boosey.com\\\/composer\\\/Ana+Sokolovic&lt;\\\/a&gt;&lt;\\\/p&gt;\\n&lt;p&gt;&lt;a href=\\&quot;https:\\\/\\\/creationopera.ca\\\/en\\\/\\&quot;&gt;https:\\\/\\\/creationopera.ca\\\/en\\\/&lt;\\\/a&gt;&lt;\\\/p&gt;\\n&lt;p&gt;Kooperationspartner der nmz&lt;br \\\/&gt;\\nder Neuen Musikzeitung&lt;br \\\/&gt;\\n&lt;a href=\\&quot;http:\\\/\\\/www.nmz.de\\&quot;&gt;www.nmz.de&lt;\\\/a&gt;&lt;\\\/p&gt;\\n&lt;p&gt;&lt;a href=\\&quot;http:\\\/\\\/www.irenekurka.de\\&quot;&gt;www.irenekurka.de&lt;\\\/a&gt;&lt;\\\/p&gt;\\n&lt;p&gt;&lt;a href=\\&quot;https:\\\/\\\/www.patreon.com\\\/c\\\/user?u=112648747\\&quot;&gt;https:\\\/\\\/www.patreon.com\\\/c\\\/user?u=112648747&lt;\\\/a&gt;&lt;\\\/p&gt;\\n&quot;,&quot;author&quot;:&quot;Kurka&quot;,&quot;date&quot;:&quot;3. Dezember 2024&quot;,&quot;link&quot;:&quot;https:\\\/\\\/neuemusikleben.podigee.io\\\/242-neue-episode&quot;,&quot;src&quot;:&quot;https:\\\/\\\/audio.podigee-cdn.net\\\/1548193-m-3d03dfb4b350d0be216ddc7bfa76b31d.mp3?source=feed&quot;,&quot;featured&quot;:&quot;https:\\\/\\\/i0.wp.com\\\/blogs.nmz.de\\\/badblog\\\/files\\\/2024\\\/12\\\/2bebc7e1-c78a-4b84-8576-33aa59bfeb8f-scaled.jpg?fit=768%2C768&#038;ssl=1&quot;,&quot;featured_id&quot;:29537,&quot;mediatype&quot;:&quot;audio&quot;,&quot;season&quot;:0,&quot;categories&quot;:[],&quot;duration&quot;:&quot;53:56&quot;,&quot;episodetype&quot;:&quot;full&quot;,&quot;timestamp&quot;:1733200500,&quot;key&quot;:&quot;5ef64a753bf8f14173397999c4b1239e&quot;,&quot;fset&quot;:&quot;https:\\\/\\\/i0.wp.com\\\/blogs.nmz.de\\\/badblog\\\/files\\\/2024\\\/12\\\/2bebc7e1-c78a-4b84-8576-33aa59bfeb8f-scaled.jpg?w=2560&amp;ssl=1 2560w, https:\\\/\\\/i0.wp.com\\\/blogs.nmz.de\\\/badblog\\\/files\\\/2024\\\/12\\\/2bebc7e1-c78a-4b84-8576-33aa59bfeb8f-scaled.jpg?resize=480%2C480&amp;ssl=1 480w, https:\\\/\\\/i0.wp.com\\\/blogs.nmz.de\\\/badblog\\\/files\\\/2024\\\/12\\\/2bebc7e1-c78a-4b84-8576-33aa59bfeb8f-scaled.jpg?resize=1024%2C1024&amp;ssl=1 1024w, https:\\\/\\\/i0.wp.com\\\/blogs.nmz.de\\\/badblog\\\/files\\\/2024\\\/12\\\/2bebc7e1-c78a-4b84-8576-33aa59bfeb8f-scaled.jpg?resize=150%2C150&amp;ssl=1 150w, https:\\\/\\\/i0.wp.com\\\/blogs.nmz.de\\\/badblog\\\/files\\\/2024\\\/12\\\/2bebc7e1-c78a-4b84-8576-33aa59bfeb8f-scaled.jpg?resize=768%2C768&amp;ssl=1 768w, https:\\\/\\\/i0.wp.com\\\/blogs.nmz.de\\\/badblog\\\/files\\\/2024\\\/12\\\/2bebc7e1-c78a-4b84-8576-33aa59bfeb8f-scaled.jpg?resize=1536%2C1536&amp;ssl=1 1536w, https:\\\/\\\/i0.wp.com\\\/blogs.nmz.de\\\/badblog\\\/files\\\/2024\\\/12\\\/2bebc7e1-c78a-4b84-8576-33aa59bfeb8f-scaled.jpg?resize=2048%2C2048&amp;ssl=1 2048w, https:\\\/\\\/i0.wp.com\\\/blogs.nmz.de\\\/badblog\\\/files\\\/2024\\\/12\\\/2bebc7e1-c78a-4b84-8576-33aa59bfeb8f-scaled.jpg?resize=70%2C70&amp;ssl=1 70w, https:\\\/\\\/i0.wp.com\\\/blogs.nmz.de\\\/badblog\\\/files\\\/2024\\\/12\\\/2bebc7e1-c78a-4b84-8576-33aa59bfeb8f-scaled.jpg?resize=80%2C80&amp;ssl=1 80w, https:\\\/\\\/i0.wp.com\\\/blogs.nmz.de\\\/badblog\\\/files\\\/2024\\\/12\\\/2bebc7e1-c78a-4b84-8576-33aa59bfeb8f-scaled.jpg?resize=320%2C320&amp;ssl=1 320w, https:\\\/\\\/i0.wp.com\\\/blogs.nmz.de\\\/badblog\\\/files\\\/2024\\\/12\\\/2bebc7e1-c78a-4b84-8576-33aa59bfeb8f-scaled.jpg?resize=1320%2C1320&amp;ssl=1 1320w&quot;,&quot;fratio&quot;:1},&quot;ppe-3272-15&quot;:{&quot;title&quot;:&quot;243 &#8211; Interview with the Arditti String Quartett &#8211; rainy days Luxembourg (3)&quot;,&quot;description&quot;:&quot;&lt;p&gt;Irvine Arditti, Ralf Ehlers and Ashot Sarkissjan&lt;\\\/p&gt;\\n&lt;p&gt;Irvine Arditti, Ralf Ehlers and Ashot Sarkissjan talk about 50 years Arditti Quartet &#8211; having performed a multitude of premieres and met so many different composers. They share thoughts about playing in a string quartet and how their different personalities melt into this wonderful ensemble form.&lt;\\\/p&gt;\\n&lt;p&gt;&lt;a href=\\&quot;https:\\\/\\\/ardittiquartet.com\\\/\\&quot;&gt;https:\\\/\\\/ardittiquartet.com\\\/&lt;\\\/a&gt;&lt;\\\/p&gt;\\n&lt;p&gt;This podcast is a cooperation with rainy days Philharmonie Luxembourg.&lt;\\\/p&gt;\\n&lt;p&gt;&lt;a href=\\&quot;https:\\\/\\\/www.philharmonie.lu\\\/en\\\/programme\\\/2024-25\\\/festival-overview\\\/rainy-days-2024-0000013e00000470\\&quot;&gt;https:\\\/\\\/www.philharmonie.lu\\\/en\\\/programme\\\/2024-25\\\/festival-overview\\\/rainy-days-2024-0000013e00000470&lt;\\\/a&gt;&lt;\\\/p&gt;\\n&lt;p&gt;cooperating with Neue Musikzeitung &lt;\\\/p&gt;\\n&lt;p&gt;&lt;a href=\\&quot;http:\\\/\\\/www.nmz.de\\&quot;&gt;www.nmz.de&lt;\\\/a&gt;&lt;\\\/p&gt;\\n&lt;p&gt;&lt;a href=\\&quot;http:\\\/\\\/www.irenekurka.de\\&quot;&gt;www.irenekurka.de&lt;\\\/a&gt;&lt;\\\/p&gt;\\n&quot;,&quot;author&quot;:&quot;Kurka&quot;,&quot;date&quot;:&quot;27. November 2024&quot;,&quot;link&quot;:&quot;https:\\\/\\\/neuemusikleben.podigee.io\\\/248-neue-episode&quot;,&quot;src&quot;:&quot;https:\\\/\\\/audio.podigee-cdn.net\\\/1678088-m-1351990eb384abca212dd654b87d9dd5.mp3?source=feed&quot;,&quot;featured&quot;:&quot;https:\\\/\\\/i0.wp.com\\\/blogs.nmz.de\\\/badblog\\\/files\\\/2024\\\/11\\\/55029de7-be2e-47bd-8b47-1cf16a6bd702-scaled.jpg?fit=768%2C768&#038;ssl=1&quot;,&quot;featured_id&quot;:29499,&quot;mediatype&quot;:&quot;audio&quot;,&quot;season&quot;:0,&quot;categories&quot;:[],&quot;duration&quot;:&quot;34:01&quot;,&quot;episodetype&quot;:&quot;full&quot;,&quot;timestamp&quot;:1732682700,&quot;key&quot;:&quot;75395fbb51b54f880353904a28418d41&quot;,&quot;fset&quot;:&quot;https:\\\/\\\/i0.wp.com\\\/blogs.nmz.de\\\/badblog\\\/files\\\/2024\\\/11\\\/55029de7-be2e-47bd-8b47-1cf16a6bd702-scaled.jpg?w=2560&amp;ssl=1 2560w, https:\\\/\\\/i0.wp.com\\\/blogs.nmz.de\\\/badblog\\\/files\\\/2024\\\/11\\\/55029de7-be2e-47bd-8b47-1cf16a6bd702-scaled.jpg?resize=480%2C480&amp;ssl=1 480w, https:\\\/\\\/i0.wp.com\\\/blogs.nmz.de\\\/badblog\\\/files\\\/2024\\\/11\\\/55029de7-be2e-47bd-8b47-1cf16a6bd702-scaled.jpg?resize=1024%2C1024&amp;ssl=1 1024w, https:\\\/\\\/i0.wp.com\\\/blogs.nmz.de\\\/badblog\\\/files\\\/2024\\\/11\\\/55029de7-be2e-47bd-8b47-1cf16a6bd702-scaled.jpg?resize=150%2C150&amp;ssl=1 150w, https:\\\/\\\/i0.wp.com\\\/blogs.nmz.de\\\/badblog\\\/files\\\/2024\\\/11\\\/55029de7-be2e-47bd-8b47-1cf16a6bd702-scaled.jpg?resize=768%2C768&amp;ssl=1 768w, https:\\\/\\\/i0.wp.com\\\/blogs.nmz.de\\\/badblog\\\/files\\\/2024\\\/11\\\/55029de7-be2e-47bd-8b47-1cf16a6bd702-scaled.jpg?resize=1536%2C1536&amp;ssl=1 1536w, https:\\\/\\\/i0.wp.com\\\/blogs.nmz.de\\\/badblog\\\/files\\\/2024\\\/11\\\/55029de7-be2e-47bd-8b47-1cf16a6bd702-scaled.jpg?resize=2048%2C2048&amp;ssl=1 2048w, https:\\\/\\\/i0.wp.com\\\/blogs.nmz.de\\\/badblog\\\/files\\\/2024\\\/11\\\/55029de7-be2e-47bd-8b47-1cf16a6bd702-scaled.jpg?resize=70%2C70&amp;ssl=1 70w, https:\\\/\\\/i0.wp.com\\\/blogs.nmz.de\\\/badblog\\\/files\\\/2024\\\/11\\\/55029de7-be2e-47bd-8b47-1cf16a6bd702-scaled.jpg?resize=80%2C80&amp;ssl=1 80w, https:\\\/\\\/i0.wp.com\\\/blogs.nmz.de\\\/badblog\\\/files\\\/2024\\\/11\\\/55029de7-be2e-47bd-8b47-1cf16a6bd702-scaled.jpg?resize=320%2C320&amp;ssl=1 320w, https:\\\/\\\/i0.wp.com\\\/blogs.nmz.de\\\/badblog\\\/files\\\/2024\\\/11\\\/55029de7-be2e-47bd-8b47-1cf16a6bd702-scaled.jpg?resize=1320%2C1320&amp;ssl=1 1320w&quot;,&quot;fratio&quot;:1},&quot;ppe-3272-16&quot;:{&quot;title&quot;:&quot;242 &#8211; Interview with Rhodri Davies rainy days Luxembourg (2)&quot;,&quot;description&quot;:&quot;&lt;p&gt;harpist, composer, performer&lt;\\\/p&gt;\\n&lt;p&gt;Rhodri Davies talks about his encounter with contemporary music, improvisation and his obsession with the harp. Harp is the center of his artistic life and has led to many projects and collaborations. He talks about special features of the harp that has inspired composers to write for instrument. Rhodri talks about his &#8218;extreme&#8216; program which he will play at rainy days.&lt;\\\/p&gt;\\n&lt;p&gt;&lt;a href=\\&quot;https:\\\/\\\/rhodridavies.bandcamp.com\\\/music\\&quot;&gt;https:\\\/\\\/rhodridavies.bandcamp.com\\\/music&lt;\\\/a&gt;&lt;\\\/p&gt;\\n&lt;p&gt;&lt;a href=\\&quot;https:\\\/\\\/rhodridavies.com\\\/\\&quot;&gt;https:\\\/\\\/rhodridavies.com\\\/&lt;\\\/a&gt;&lt;\\\/p&gt;\\n&lt;p&gt;This podcast is a cooperation with rainy days Philharmonie Luxembourg.&lt;\\\/p&gt;\\n&lt;p&gt;&lt;a href=\\&quot;https:\\\/\\\/www.philharmonie.lu\\\/en\\\/programme\\\/2024-25\\\/festival-overview\\\/rainy-days-2024-0000013e00000470\\&quot;&gt;https:\\\/\\\/www.philharmonie.lu\\\/en\\\/programme\\\/2024-25\\\/festival-overview\\\/rainy-days-2024-0000013e00000470&lt;\\\/a&gt;&lt;\\\/p&gt;\\n&lt;p&gt;cooperating with Neue Musikzeitung &lt;a href=\\&quot;http:\\\/\\\/www.nmz.de\\&quot;&gt;www.nmz.de&lt;\\\/a&gt;&lt;\\\/p&gt;\\n&lt;p&gt;&lt;a href=\\&quot;http:\\\/\\\/www.irenekurka.de\\&quot;&gt;www.irenekurka.de&lt;\\\/a&gt;&lt;\\\/p&gt;\\n&quot;,&quot;author&quot;:&quot;Kurka&quot;,&quot;date&quot;:&quot;20. November 2024&quot;,&quot;link&quot;:&quot;https:\\\/\\\/neuemusikleben.podigee.io\\\/247-neue-episode&quot;,&quot;src&quot;:&quot;https:\\\/\\\/audio.podigee-cdn.net\\\/1677643-m-f071505543c5aab6db9854d7713f0b00.mp3?source=feed&quot;,&quot;featured&quot;:&quot;https:\\\/\\\/i0.wp.com\\\/blogs.nmz.de\\\/badblog\\\/files\\\/2024\\\/11\\\/3bf95f93-8676-42fe-a5eb-6c10d3426c7e-scaled.jpg?fit=768%2C768&#038;ssl=1&quot;,&quot;featured_id&quot;:29490,&quot;mediatype&quot;:&quot;audio&quot;,&quot;season&quot;:0,&quot;categories&quot;:[],&quot;duration&quot;:&quot;48:18&quot;,&quot;episodetype&quot;:&quot;full&quot;,&quot;timestamp&quot;:1732077600,&quot;key&quot;:&quot;1e9dfa9e007232f277f60c467a41e5e1&quot;,&quot;fset&quot;:&quot;https:\\\/\\\/i0.wp.com\\\/blogs.nmz.de\\\/badblog\\\/files\\\/2024\\\/11\\\/3bf95f93-8676-42fe-a5eb-6c10d3426c7e-scaled.jpg?w=2560&amp;ssl=1 2560w, https:\\\/\\\/i0.wp.com\\\/blogs.nmz.de\\\/badblog\\\/files\\\/2024\\\/11\\\/3bf95f93-8676-42fe-a5eb-6c10d3426c7e-scaled.jpg?resize=480%2C480&amp;ssl=1 480w, https:\\\/\\\/i0.wp.com\\\/blogs.nmz.de\\\/badblog\\\/files\\\/2024\\\/11\\\/3bf95f93-8676-42fe-a5eb-6c10d3426c7e-scaled.jpg?resize=1024%2C1024&amp;ssl=1 1024w, https:\\\/\\\/i0.wp.com\\\/blogs.nmz.de\\\/badblog\\\/files\\\/2024\\\/11\\\/3bf95f93-8676-42fe-a5eb-6c10d3426c7e-scaled.jpg?resize=150%2C150&amp;ssl=1 150w, https:\\\/\\\/i0.wp.com\\\/blogs.nmz.de\\\/badblog\\\/files\\\/2024\\\/11\\\/3bf95f93-8676-42fe-a5eb-6c10d3426c7e-scaled.jpg?resize=768%2C768&amp;ssl=1 768w, https:\\\/\\\/i0.wp.com\\\/blogs.nmz.de\\\/badblog\\\/files\\\/2024\\\/11\\\/3bf95f93-8676-42fe-a5eb-6c10d3426c7e-scaled.jpg?resize=1536%2C1536&amp;ssl=1 1536w, https:\\\/\\\/i0.wp.com\\\/blogs.nmz.de\\\/badblog\\\/files\\\/2024\\\/11\\\/3bf95f93-8676-42fe-a5eb-6c10d3426c7e-scaled.jpg?resize=2048%2C2048&amp;ssl=1 2048w, https:\\\/\\\/i0.wp.com\\\/blogs.nmz.de\\\/badblog\\\/files\\\/2024\\\/11\\\/3bf95f93-8676-42fe-a5eb-6c10d3426c7e-scaled.jpg?resize=70%2C70&amp;ssl=1 70w, https:\\\/\\\/i0.wp.com\\\/blogs.nmz.de\\\/badblog\\\/files\\\/2024\\\/11\\\/3bf95f93-8676-42fe-a5eb-6c10d3426c7e-scaled.jpg?resize=80%2C80&amp;ssl=1 80w, https:\\\/\\\/i0.wp.com\\\/blogs.nmz.de\\\/badblog\\\/files\\\/2024\\\/11\\\/3bf95f93-8676-42fe-a5eb-6c10d3426c7e-scaled.jpg?resize=320%2C320&amp;ssl=1 320w, https:\\\/\\\/i0.wp.com\\\/blogs.nmz.de\\\/badblog\\\/files\\\/2024\\\/11\\\/3bf95f93-8676-42fe-a5eb-6c10d3426c7e-scaled.jpg?resize=1320%2C1320&amp;ssl=1 1320w&quot;,&quot;fratio&quot;:1},&quot;ppe-3272-17&quot;:{&quot;title&quot;:&quot;241 &#8211; Interview mit Sabine Bergk&quot;,&quot;description&quot;:&quot;&lt;p&gt;Lyrikerin, Regisseurin, Podcasterin&lt;\\\/p&gt;\\n&lt;p&gt;Sabine Bergk betreibt erfolgreich den Podcast \\u201eLieder k\\u00f6nnen fliegen\\u201c. Sie erz\\u00e4hlt von ihrem k\\u00fcnstlerischen Werdegang, wie sie als Regisseurin, Autorin, Lyrikerin gearbeitet hat und welche wunderbaren Projekte ihres Weges gekommen sind. Sie spricht \\u00fcber ihre Liebe zum Kunstlied und ihre Kooperationen mit Komponist:innen und vieles mehr.&lt;\\\/p&gt;\\n&lt;p&gt;&lt;a href=\\&quot;http:\\\/\\\/www.sabinebergk.de\\&quot;&gt;www.sabinebergk.de&lt;\\\/a&gt;&lt;\\\/p&gt;\\n&quot;,&quot;author&quot;:&quot;Kurka&quot;,&quot;date&quot;:&quot;19. November 2024&quot;,&quot;link&quot;:&quot;https:\\\/\\\/neuemusikleben.podigee.io\\\/241-neue-episode&quot;,&quot;src&quot;:&quot;https:\\\/\\\/audio.podigee-cdn.net\\\/1548192-m-a6c1dff2cf426cad8f951f9ba94b093d.mp3?source=feed&quot;,&quot;featured&quot;:&quot;https:\\\/\\\/i0.wp.com\\\/blogs.nmz.de\\\/badblog\\\/files\\\/2024\\\/11\\\/1cfd00bd-9efa-42b0-9c08-b02828ff984a-scaled.jpg?fit=768%2C768&#038;ssl=1&quot;,&quot;featured_id&quot;:29489,&quot;mediatype&quot;:&quot;audio&quot;,&quot;season&quot;:0,&quot;categories&quot;:[],&quot;duration&quot;:&quot;49:00&quot;,&quot;episodetype&quot;:&quot;full&quot;,&quot;timestamp&quot;:1731991800,&quot;key&quot;:&quot;b196c384dbc8c49a944a0ef427ea223c&quot;,&quot;fset&quot;:&quot;https:\\\/\\\/i0.wp.com\\\/blogs.nmz.de\\\/badblog\\\/files\\\/2024\\\/11\\\/1cfd00bd-9efa-42b0-9c08-b02828ff984a-scaled.jpg?w=2560&amp;ssl=1 2560w, https:\\\/\\\/i0.wp.com\\\/blogs.nmz.de\\\/badblog\\\/files\\\/2024\\\/11\\\/1cfd00bd-9efa-42b0-9c08-b02828ff984a-scaled.jpg?resize=480%2C480&amp;ssl=1 480w, https:\\\/\\\/i0.wp.com\\\/blogs.nmz.de\\\/badblog\\\/files\\\/2024\\\/11\\\/1cfd00bd-9efa-42b0-9c08-b02828ff984a-scaled.jpg?resize=1024%2C1024&amp;ssl=1 1024w, https:\\\/\\\/i0.wp.com\\\/blogs.nmz.de\\\/badblog\\\/files\\\/2024\\\/11\\\/1cfd00bd-9efa-42b0-9c08-b02828ff984a-scaled.jpg?resize=150%2C150&amp;ssl=1 150w, https:\\\/\\\/i0.wp.com\\\/blogs.nmz.de\\\/badblog\\\/files\\\/2024\\\/11\\\/1cfd00bd-9efa-42b0-9c08-b02828ff984a-scaled.jpg?resize=768%2C768&amp;ssl=1 768w, https:\\\/\\\/i0.wp.com\\\/blogs.nmz.de\\\/badblog\\\/files\\\/2024\\\/11\\\/1cfd00bd-9efa-42b0-9c08-b02828ff984a-scaled.jpg?resize=1536%2C1536&amp;ssl=1 1536w, https:\\\/\\\/i0.wp.com\\\/blogs.nmz.de\\\/badblog\\\/files\\\/2024\\\/11\\\/1cfd00bd-9efa-42b0-9c08-b02828ff984a-scaled.jpg?resize=2048%2C2048&amp;ssl=1 2048w, https:\\\/\\\/i0.wp.com\\\/blogs.nmz.de\\\/badblog\\\/files\\\/2024\\\/11\\\/1cfd00bd-9efa-42b0-9c08-b02828ff984a-scaled.jpg?resize=70%2C70&amp;ssl=1 70w, https:\\\/\\\/i0.wp.com\\\/blogs.nmz.de\\\/badblog\\\/files\\\/2024\\\/11\\\/1cfd00bd-9efa-42b0-9c08-b02828ff984a-scaled.jpg?resize=80%2C80&amp;ssl=1 80w, https:\\\/\\\/i0.wp.com\\\/blogs.nmz.de\\\/badblog\\\/files\\\/2024\\\/11\\\/1cfd00bd-9efa-42b0-9c08-b02828ff984a-scaled.jpg?resize=320%2C320&amp;ssl=1 320w, https:\\\/\\\/i0.wp.com\\\/blogs.nmz.de\\\/badblog\\\/files\\\/2024\\\/11\\\/1cfd00bd-9efa-42b0-9c08-b02828ff984a-scaled.jpg?resize=1320%2C1320&amp;ssl=1 1320w&quot;,&quot;fratio&quot;:1},&quot;ppe-3272-18&quot;:{&quot;title&quot;:&quot;240 &#8211; Interview with Catherine Kontz \\u2013 rainy days Luxembourg (1)&quot;,&quot;description&quot;:&quot;&lt;p&gt;Artistic director rainy days Festival in Luxembourg&lt;\\\/p&gt;\\n&lt;p&gt;The composer Catherine Kontz is the artistic director of rainy days Luxembourg since 2022. She talks about how she curates, how she brings the audience to the festival and everything that is unique at rainy days.&lt;\\\/p&gt;\\n&lt;p&gt;This podcast is a cooperation with rainy days Philharmonie Luxembourg.&lt;\\\/p&gt;\\n&lt;p&gt;&lt;a href=\\&quot;https:\\\/\\\/www.philharmonie.lu\\\/en\\\/programme\\\/2024-25\\\/festival-overview\\\/rainy-days-2024-0000013e00000470\\&quot;&gt;https:\\\/\\\/www.philharmonie.lu\\\/en\\\/programme\\\/2024-25\\\/festival-overview\\\/rainy-days-2024-0000013e00000470&lt;\\\/a&gt;&lt;\\\/p&gt;\\n&lt;p&gt;cooperating with Neue Musikzeitung&lt;br \\\/&gt;\\n&lt;a href=\\&quot;http:\\\/\\\/www.nmz.de\\&quot;&gt;www.nmz.de&lt;\\\/a&gt;&lt;\\\/p&gt;\\n&lt;p&gt;&lt;a href=\\&quot;http:\\\/\\\/www.irenekurka.de\\&quot;&gt;www.irenekurka.de&lt;\\\/a&gt;&lt;\\\/p&gt;\\n&quot;,&quot;author&quot;:&quot;Kurka&quot;,&quot;date&quot;:&quot;13. November 2024&quot;,&quot;link&quot;:&quot;https:\\\/\\\/neuemusikleben.podigee.io\\\/246-neue-episode&quot;,&quot;src&quot;:&quot;https:\\\/\\\/audio.podigee-cdn.net\\\/1670789-m-5701a704a956ba62714c5cc8629dac51.mp3?source=feed&quot;,&quot;featured&quot;:&quot;https:\\\/\\\/i0.wp.com\\\/blogs.nmz.de\\\/badblog\\\/files\\\/2024\\\/11\\\/a120212f-9882-4a1b-a65c-5f55486c5d27-scaled.jpg?fit=768%2C768&#038;ssl=1&quot;,&quot;featured_id&quot;:29481,&quot;mediatype&quot;:&quot;audio&quot;,&quot;season&quot;:0,&quot;categories&quot;:[],&quot;duration&quot;:&quot;59:08&quot;,&quot;episodetype&quot;:&quot;full&quot;,&quot;timestamp&quot;:1731467100,&quot;key&quot;:&quot;1a755cf009d498a5e39606532078df34&quot;,&quot;fset&quot;:&quot;https:\\\/\\\/i0.wp.com\\\/blogs.nmz.de\\\/badblog\\\/files\\\/2024\\\/11\\\/a120212f-9882-4a1b-a65c-5f55486c5d27-scaled.jpg?w=2560&amp;ssl=1 2560w, https:\\\/\\\/i0.wp.com\\\/blogs.nmz.de\\\/badblog\\\/files\\\/2024\\\/11\\\/a120212f-9882-4a1b-a65c-5f55486c5d27-scaled.jpg?resize=480%2C480&amp;ssl=1 480w, https:\\\/\\\/i0.wp.com\\\/blogs.nmz.de\\\/badblog\\\/files\\\/2024\\\/11\\\/a120212f-9882-4a1b-a65c-5f55486c5d27-scaled.jpg?resize=1024%2C1024&amp;ssl=1 1024w, https:\\\/\\\/i0.wp.com\\\/blogs.nmz.de\\\/badblog\\\/files\\\/2024\\\/11\\\/a120212f-9882-4a1b-a65c-5f55486c5d27-scaled.jpg?resize=150%2C150&amp;ssl=1 150w, https:\\\/\\\/i0.wp.com\\\/blogs.nmz.de\\\/badblog\\\/files\\\/2024\\\/11\\\/a120212f-9882-4a1b-a65c-5f55486c5d27-scaled.jpg?resize=768%2C768&amp;ssl=1 768w, https:\\\/\\\/i0.wp.com\\\/blogs.nmz.de\\\/badblog\\\/files\\\/2024\\\/11\\\/a120212f-9882-4a1b-a65c-5f55486c5d27-scaled.jpg?resize=1536%2C1536&amp;ssl=1 1536w, https:\\\/\\\/i0.wp.com\\\/blogs.nmz.de\\\/badblog\\\/files\\\/2024\\\/11\\\/a120212f-9882-4a1b-a65c-5f55486c5d27-scaled.jpg?resize=2048%2C2048&amp;ssl=1 2048w, https:\\\/\\\/i0.wp.com\\\/blogs.nmz.de\\\/badblog\\\/files\\\/2024\\\/11\\\/a120212f-9882-4a1b-a65c-5f55486c5d27-scaled.jpg?resize=70%2C70&amp;ssl=1 70w, https:\\\/\\\/i0.wp.com\\\/blogs.nmz.de\\\/badblog\\\/files\\\/2024\\\/11\\\/a120212f-9882-4a1b-a65c-5f55486c5d27-scaled.jpg?resize=80%2C80&amp;ssl=1 80w, https:\\\/\\\/i0.wp.com\\\/blogs.nmz.de\\\/badblog\\\/files\\\/2024\\\/11\\\/a120212f-9882-4a1b-a65c-5f55486c5d27-scaled.jpg?resize=320%2C320&amp;ssl=1 320w, https:\\\/\\\/i0.wp.com\\\/blogs.nmz.de\\\/badblog\\\/files\\\/2024\\\/11\\\/a120212f-9882-4a1b-a65c-5f55486c5d27-scaled.jpg?resize=1320%2C1320&amp;ssl=1 1320w&quot;,&quot;fratio&quot;:1},&quot;ppe-3272-19&quot;:{&quot;title&quot;:&quot;239 &#8211; Interview mit Valentin Ruckebier&quot;,&quot;description&quot;:&quot;&lt;p&gt;S\\u00e4nger und Komponist&lt;\\\/p&gt;\\n&lt;p&gt;Valentin Ruckebier spricht \\u00fcber die Balance zwischen Kopfarbeit als Komponist und K\\u00f6rperarbeit als S\\u00e4nger, und dar\\u00fcber, wie er Zeit zum Komponieren findet und gleichzeitig im festen Ensemble der Deutschen Oper am Rhein arbeitet. Er spricht \\u00fcber spezifische Situationen auf der Opernb\\u00fchne und auch, was es hei\\u00dft eine zeitgen\\u00f6ssische Oper zu komponieren. Als Komponist ist der den Kolleg:innen am Opernhaus eine Unterst\\u00fctzung bei modernen Werken, umgekehrt kann er auch gute Tipps f\\u00fcr Komponisten von Opern geben.&lt;\\\/p&gt;\\n&lt;p&gt;Dieses Interview wurde am 6.9.2024 live in der Zentralbibliothek D\\u00fcsseldorf aufgenommen. Vielen Dank an Thomas Kalk und sein Team!&lt;\\\/p&gt;\\n&lt;p&gt;&lt;a href=\\&quot;https:\\\/\\\/youtube.com\\\/@valentinruckebier4890?si=0kJ6MYLgJGrzY-t-\\&quot;&gt;https:\\\/\\\/youtube.com\\\/@valentinruckebier4890?si=0kJ6MYLgJGrzY-t-&lt;\\\/a&gt;&lt;\\\/p&gt;\\n&lt;p&gt;&lt;a href=\\&quot;https:\\\/\\\/www.instagram.com\\\/valentin_ruckebier\\\/profilecard\\\/?igsh=MTc1N2k5cWVnd3N1dg==\\&quot;&gt;https:\\\/\\\/www.instagram.com\\\/valentin_ruckebier\\\/profilecard\\\/?igsh=MTc1N2k5cWVnd3N1dg==&lt;\\\/a&gt;&lt;\\\/p&gt;\\n&quot;,&quot;author&quot;:&quot;Kurka&quot;,&quot;date&quot;:&quot;12. November 2024&quot;,&quot;link&quot;:&quot;https:\\\/\\\/neuemusikleben.podigee.io\\\/240-neue-episode&quot;,&quot;src&quot;:&quot;https:\\\/\\\/audio.podigee-cdn.net\\\/1548191-m-73d458fcdcca60dea15de7ea6f381474.mp3?source=feed&quot;,&quot;featured&quot;:&quot;https:\\\/\\\/i0.wp.com\\\/blogs.nmz.de\\\/badblog\\\/files\\\/2025\\\/09\\\/575c9792-8c57-4266-a193-16321ee0bd36-scaled.jpg?fit=768%2C768&#038;ssl=1&quot;,&quot;featured_id&quot;:30480,&quot;mediatype&quot;:&quot;audio&quot;,&quot;season&quot;:0,&quot;categories&quot;:[],&quot;duration&quot;:&quot;34:16&quot;,&quot;episodetype&quot;:&quot;full&quot;,&quot;timestamp&quot;:1731390300,&quot;key&quot;:&quot;915e859dc0eb954824674df4f61bce92&quot;,&quot;fset&quot;:&quot;https:\\\/\\\/i0.wp.com\\\/blogs.nmz.de\\\/badblog\\\/files\\\/2025\\\/09\\\/575c9792-8c57-4266-a193-16321ee0bd36-scaled.jpg?w=2560&amp;ssl=1 2560w, https:\\\/\\\/i0.wp.com\\\/blogs.nmz.de\\\/badblog\\\/files\\\/2025\\\/09\\\/575c9792-8c57-4266-a193-16321ee0bd36-scaled.jpg?resize=480%2C480&amp;ssl=1 480w, https:\\\/\\\/i0.wp.com\\\/blogs.nmz.de\\\/badblog\\\/files\\\/2025\\\/09\\\/575c9792-8c57-4266-a193-16321ee0bd36-scaled.jpg?resize=1024%2C1024&amp;ssl=1 1024w, https:\\\/\\\/i0.wp.com\\\/blogs.nmz.de\\\/badblog\\\/files\\\/2025\\\/09\\\/575c9792-8c57-4266-a193-16321ee0bd36-scaled.jpg?resize=150%2C150&amp;ssl=1 150w, https:\\\/\\\/i0.wp.com\\\/blogs.nmz.de\\\/badblog\\\/files\\\/2025\\\/09\\\/575c9792-8c57-4266-a193-16321ee0bd36-scaled.jpg?resize=768%2C768&amp;ssl=1 768w, https:\\\/\\\/i0.wp.com\\\/blogs.nmz.de\\\/badblog\\\/files\\\/2025\\\/09\\\/575c9792-8c57-4266-a193-16321ee0bd36-scaled.jpg?resize=1536%2C1536&amp;ssl=1 1536w, https:\\\/\\\/i0.wp.com\\\/blogs.nmz.de\\\/badblog\\\/files\\\/2025\\\/09\\\/575c9792-8c57-4266-a193-16321ee0bd36-scaled.jpg?resize=2048%2C2048&amp;ssl=1 2048w, https:\\\/\\\/i0.wp.com\\\/blogs.nmz.de\\\/badblog\\\/files\\\/2025\\\/09\\\/575c9792-8c57-4266-a193-16321ee0bd36-scaled.jpg?resize=70%2C70&amp;ssl=1 70w, https:\\\/\\\/i0.wp.com\\\/blogs.nmz.de\\\/badblog\\\/files\\\/2025\\\/09\\\/575c9792-8c57-4266-a193-16321ee0bd36-scaled.jpg?resize=80%2C80&amp;ssl=1 80w, https:\\\/\\\/i0.wp.com\\\/blogs.nmz.de\\\/badblog\\\/files\\\/2025\\\/09\\\/575c9792-8c57-4266-a193-16321ee0bd36-scaled.jpg?resize=320%2C320&amp;ssl=1 320w, https:\\\/\\\/i0.wp.com\\\/blogs.nmz.de\\\/badblog\\\/files\\\/2025\\\/09\\\/575c9792-8c57-4266-a193-16321ee0bd36-scaled.jpg?resize=1320%2C1320&amp;ssl=1 1320w&quot;,&quot;fratio&quot;:1},&quot;ppe-3272-20&quot;:{&quot;title&quot;:&quot;238 &#8211; Interview with Iris Seesj\\u00e4rvi&quot;,&quot;description&quot;:&quot;&lt;p&gt;singer, teacher, coach, doctoral researcher, author (in English)&lt;\\\/p&gt;\\n&lt;p&gt;Iris Seesj\\u00e4rvi tells us how she became interested in vocal shame and what lies behind it. She wrote her master\\u2019s thesis on the subject and published the book \\u201cNot Good Enough? Vocal Shame Among Finnish Classical Singers.\\u201d In this episode, we discuss everything related to vocal shame and how you can deal with it.&lt;\\\/p&gt;\\n&lt;p&gt;Books:&lt;\\\/p&gt;\\n&lt;pre&gt;&lt;code&gt;Ren\\u00e9e Fleming: \\u201cThe Inner Voice\\u201d\\nIris Seesj\\u00e4rvi: \\u201cNot Good Enough? Vocal Shame Among Finnish Singers\\u201d\\nKarita Mattila: \\u201cKorkealta ja kovaa\\u201d (\\u201cHigh and Loud\\u201d)\\n&lt;\\\/code&gt;&lt;\\\/pre&gt;\\n&lt;p&gt;&lt;a href=\\&quot;https:\\\/\\\/www.amazon.de\\\/dp\\\/9529487711\\&quot;&gt;https:\\\/\\\/www.amazon.de\\\/dp\\\/9529487711&lt;\\\/a&gt;&lt;\\\/p&gt;\\n&lt;p&gt;&lt;a href=\\&quot;http:\\\/\\\/www.vocalshame.com\\\/en\\&quot;&gt;www.vocalshame.com\\\/en&lt;\\\/a&gt;&lt;\\\/p&gt;\\n&lt;p&gt;&lt;a href=\\&quot;http:\\\/\\\/www.irisseesjarvi.com\\&quot;&gt;www.irisseesjarvi.com&lt;\\\/a&gt;&lt;\\\/p&gt;\\n&lt;p&gt;&lt;a href=\\&quot;https:\\\/\\\/www.youtube.com\\\/channel\\\/UCCe-UVdiTzrQBf67wyIRbLA\\&quot;&gt;https:\\\/\\\/www.youtube.com\\\/channel\\\/UCCe-UVdiTzrQBf67wyIRbLA&lt;\\\/a&gt; &lt;\\\/p&gt;\\n&lt;p&gt;&lt;a href=\\&quot;https:\\\/\\\/www.facebook.com\\\/61556202281714\\&quot;&gt;https:\\\/\\\/www.facebook.com\\\/61556202281714&lt;\\\/a&gt;&lt;\\\/p&gt;\\n&lt;p&gt;&lt;a href=\\&quot;https:\\\/\\\/www.instagram.com\\\/vocalshame\\\/\\&quot;&gt;https:\\\/\\\/www.instagram.com\\\/vocalshame\\\/&lt;\\\/a&gt;&lt;\\\/p&gt;\\n&lt;p&gt;&lt;a href=\\&quot;https:\\\/\\\/www.instagram.com\\\/irisseesjarvi\\\/\\&quot;&gt;https:\\\/\\\/www.instagram.com\\\/irisseesjarvi\\\/&lt;\\\/a&gt;&lt;\\\/p&gt;\\n&lt;p&gt;der Podcast ist Kooperationspartner der nmz.&lt;\\\/p&gt;\\n&lt;p&gt;&lt;a href=\\&quot;http:\\\/\\\/www.nmz.de\\&quot;&gt;www.nmz.de&lt;\\\/a&gt;&lt;\\\/p&gt;\\n&lt;p&gt;&lt;a href=\\&quot;http:\\\/\\\/www.irenekurka.de\\&quot;&gt;www.irenekurka.de&lt;\\\/a&gt;&lt;\\\/p&gt;\\n&lt;p&gt;NEU: Exklusiver neue musik leben DEEP DIVE mit viel Mehrwert mit Moritz Eggert, Silke Aichhorn, Holger Falk und mir. Danke f\\u00fcr euere Unterst\\u00fctzung!&lt;\\\/p&gt;\\n&lt;p&gt;Mit Moritz Eggert spreche dar\\u00fcber wie Kompositionsunterricht abl\\u00e4uft, wie unterschiedlich er Studierende unterst\\u00fctzt und was sein knallharter Faktencheck ist.&lt;br \\\/&gt;\\nMit Silke Aichhorn spreche ich \\u00fcber die Sch\\u00f6nheit und Komplexit\\u00e4t der Harfe. Ein Muss f\\u00fcr Komponierende die f\\u00fcr Harfe schreiben wollen!&lt;br \\\/&gt;\\nDie Folge mit dem Bariton Holger Falk ist magisch. Es geht um Polarit\\u00e4t, Bewusstsein, Nichtwissen und alles, hilft das Singen tiefer zu verstehen und auf ein next level zu bringen.&lt;br \\\/&gt;\\nMeine pers\\u00f6nlichste Folge ist Empathische auch Sensible Menschen im Musikbussiness. Ich spreche \\u00fcber meine Herausforderungen und welche Strategien ich entwickelt habe.&lt;br \\\/&gt;\\nHier findest du alle Folgen:&lt;\\\/p&gt;\\n&lt;p&gt;&lt;a href=\\&quot;https:\\\/\\\/www.patreon.com\\\/user\\\/shop?u=112648747\\&quot;&gt;https:\\\/\\\/www.patreon.com\\\/user\\\/shop?u=112648747&lt;\\\/a&gt;&lt;\\\/p&gt;\\n&quot;,&quot;author&quot;:&quot;Kurka&quot;,&quot;date&quot;:&quot;5. November 2024&quot;,&quot;link&quot;:&quot;https:\\\/\\\/neuemusikleben.podigee.io\\\/239-neue-episode&quot;,&quot;src&quot;:&quot;https:\\\/\\\/audio.podigee-cdn.net\\\/1548189-m-1a5dac1b72148a9c6b6e8c198eee72af.mp3?source=feed&quot;,&quot;featured&quot;:&quot;https:\\\/\\\/i0.wp.com\\\/blogs.nmz.de\\\/badblog\\\/files\\\/2025\\\/09\\\/72df1460-cc9d-4a9e-917e-1e08fbaf50dd-scaled.jpg?fit=768%2C768&#038;ssl=1&quot;,&quot;featured_id&quot;:30481,&quot;mediatype&quot;:&quot;audio&quot;,&quot;season&quot;:0,&quot;categories&quot;:[],&quot;duration&quot;:&quot;01:01:26&quot;,&quot;episodetype&quot;:&quot;full&quot;,&quot;timestamp&quot;:1730777700,&quot;key&quot;:&quot;1a7807062223e25ac18b317cf497ce3a&quot;,&quot;fset&quot;:&quot;https:\\\/\\\/i0.wp.com\\\/blogs.nmz.de\\\/badblog\\\/files\\\/2025\\\/09\\\/72df1460-cc9d-4a9e-917e-1e08fbaf50dd-scaled.jpg?w=2560&amp;ssl=1 2560w, https:\\\/\\\/i0.wp.com\\\/blogs.nmz.de\\\/badblog\\\/files\\\/2025\\\/09\\\/72df1460-cc9d-4a9e-917e-1e08fbaf50dd-scaled.jpg?resize=480%2C480&amp;ssl=1 480w, https:\\\/\\\/i0.wp.com\\\/blogs.nmz.de\\\/badblog\\\/files\\\/2025\\\/09\\\/72df1460-cc9d-4a9e-917e-1e08fbaf50dd-scaled.jpg?resize=1024%2C1024&amp;ssl=1 1024w, https:\\\/\\\/i0.wp.com\\\/blogs.nmz.de\\\/badblog\\\/files\\\/2025\\\/09\\\/72df1460-cc9d-4a9e-917e-1e08fbaf50dd-scaled.jpg?resize=150%2C150&amp;ssl=1 150w, https:\\\/\\\/i0.wp.com\\\/blogs.nmz.de\\\/badblog\\\/files\\\/2025\\\/09\\\/72df1460-cc9d-4a9e-917e-1e08fbaf50dd-scaled.jpg?resize=768%2C768&amp;ssl=1 768w, https:\\\/\\\/i0.wp.com\\\/blogs.nmz.de\\\/badblog\\\/files\\\/2025\\\/09\\\/72df1460-cc9d-4a9e-917e-1e08fbaf50dd-scaled.jpg?resize=1536%2C1536&amp;ssl=1 1536w, https:\\\/\\\/i0.wp.com\\\/blogs.nmz.de\\\/badblog\\\/files\\\/2025\\\/09\\\/72df1460-cc9d-4a9e-917e-1e08fbaf50dd-scaled.jpg?resize=2048%2C2048&amp;ssl=1 2048w, https:\\\/\\\/i0.wp.com\\\/blogs.nmz.de\\\/badblog\\\/files\\\/2025\\\/09\\\/72df1460-cc9d-4a9e-917e-1e08fbaf50dd-scaled.jpg?resize=70%2C70&amp;ssl=1 70w, https:\\\/\\\/i0.wp.com\\\/blogs.nmz.de\\\/badblog\\\/files\\\/2025\\\/09\\\/72df1460-cc9d-4a9e-917e-1e08fbaf50dd-scaled.jpg?resize=80%2C80&amp;ssl=1 80w, https:\\\/\\\/i0.wp.com\\\/blogs.nmz.de\\\/badblog\\\/files\\\/2025\\\/09\\\/72df1460-cc9d-4a9e-917e-1e08fbaf50dd-scaled.jpg?resize=320%2C320&amp;ssl=1 320w, https:\\\/\\\/i0.wp.com\\\/blogs.nmz.de\\\/badblog\\\/files\\\/2025\\\/09\\\/72df1460-cc9d-4a9e-917e-1e08fbaf50dd-scaled.jpg?resize=1320%2C1320&amp;ssl=1 1320w&quot;,&quot;fratio&quot;:1},&quot;load_info&quot;:{&quot;loaded&quot;:20,&quot;displayed&quot;:10,&quot;offset&quot;:0,&quot;maxItems&quot;:257,&quot;src&quot;:&quot;7d30e49c840a25546815d75f50feffff&quot;,&quot;step&quot;:10,&quot;sortby&quot;:&quot;sort_date_desc&quot;,&quot;filterby&quot;:&quot;&quot;,&quot;fixed&quot;:&quot;&quot;,&quot;args&quot;:{&quot;imgurl&quot;:&quot;https:\\\/\\\/images.podigee-cdn.net\\\/0x,seQcRmkbcn_qVuSaYh0N5xAaCJ-dlQSvTunw8t6ytVqk=\\\/https:\\\/\\\/main.podigee-cdn.net\\\/uploads\\\/u2040\\\/442d63b0-d536-4607-b0ba-6a7833ce6dd2.jpg&quot;,&quot;imgset&quot;:&quot;&quot;,&quot;display&quot;:&quot;&quot;,&quot;hddesc&quot;:0,&quot;hdfeat&quot;:0,&quot;oricov&quot;:&quot;https:\\\/\\\/images.podigee-cdn.net\\\/0x,seQcRmkbcn_qVuSaYh0N5xAaCJ-dlQSvTunw8t6ytVqk=\\\/https:\\\/\\\/main.podigee-cdn.net\\\/uploads\\\/u2040\\\/442d63b0-d536-4607-b0ba-6a7833ce6dd2.jpg&quot;,&quot;elength&quot;:25}},&quot;rdata&quot;:{&quot;permalink&quot;:&quot;https:\\\/\\\/blogs.nmz.de\\\/badblog\\\/wp-json\\\/wp\\\/v2\\\/posts\\\/23481&quot;,&quot;fprint&quot;:&quot;7d30e49c840a25546815d75f50feffff&quot;,&quot;from&quot;:&quot;feedurl&quot;,&quot;elen&quot;:25,&quot;eunit&quot;:&quot;&quot;,&quot;teaser&quot;:&quot;&quot;,&quot;title&quot;:&quot;neue musik leben&quot;,&quot;autoplay&quot;:&quot;&quot;}}\"><div class=\"pp-podcast__wrapper\"><div class=\"pp-podcast__info pod-info\"><div class=\"pod-info__header pod-header\"><div class=\"pod-header__image\"><div class=\"pod-header__image-wrapper\"><img data-recalc-dims=\"1\" decoding=\"async\" class=\"podcast-cover-image\" src=\"https:\/\/i0.wp.com\/images.podigee-cdn.net\/0x%2CseQcRmkbcn_qVuSaYh0N5xAaCJ-dlQSvTunw8t6ytVqk%3D\/https%3A\/\/main.podigee-cdn.net\/uploads\/u2040\/442d63b0-d536-4607-b0ba-6a7833ce6dd2.jpg?ssl=1\" srcset=\"\" sizes=\"(max-width: 640px) 100vw, 25vw\" alt=\"neue musik leben\"><\/div><span class=\"pod-header__image-style\" style=\"display: block; width: 100%; padding-top: 100%\"><\/div><div class=\"pod-header__items pod-items\"><div class=\"pod-items__title\">neue musik leben<\/div><div class=\"pod-items__desc\"><p>Zeitgen\u00f6ssische Musik ist stets aktuell und facettenreich. Als innovativer Bestandteil der Musikwelt nimmt neue Musik einen wichtigen Platz ein. Die Sopranistin Irene Kurka gibt in diesem Podcast ihre \u00fcber Jahre gewonnene Expertise weiter. Sie erkl\u00e4rt, wie die verschiedenen neuen Spieltechniken, Musikstile und Kompositionstechniken zusammenh\u00e4ngen und funktionieren und welche gro\u00dfartigen M\u00f6glichkeiten sie bieten. Irene Kurka zeigt anhand von Analysen, Tipps und Interviews mit erfolgreichen und interessanten Pers\u00f6nlichkeiten aus dem Bereich der zeitgen\u00f6ssischen Musik, wie du als K\u00fcnstlerIn in der neuen Musik authentisch und erfolgreich sein kannst. Dieser Podcast soll dazu beitragen, die zeitgen\u00f6ssische Musik bekannter zu machen.<br \/>\nDieser Podcast erscheint alle 14 Tage am Dienstag. Mittlerweile sind 3 B\u00fccher zum Podcast bei ARE erschienen. <\/p>\n<p>Deep Dive Folgen mit Moritz Eggert, Silke Aichhorn, Holger Falk u.a. auf Patreon:<\/p>\n<p>https:\/\/www.patreon.com\/user\/shop?u=112648747<\/p>\n<p>Mit freundlicher Unterst\u00fctzung der \u201eneuen musikzeitung\u201c, dem Kooperationspartner von \u201eneue musik leben\u201c.<br \/>\nwww.nmz.de<\/p>\n<p>Intro und Outro: Improvisationen von Irene Kurka, Frederike M\u00f6ller, Marko Kassl, Burkart Zeller<br \/>\nCover: Carina Brinkmann, Foto: Tanja de Maan<\/p>\n<\/div><\/div><\/div><\/div><div class=\"pp-podcast__content pod-content\"><div class=\"pp-podcast__single\"><div class=\"pp-podcast__player\"><div class=\"pp-player-episode\"><audio id=\"pp-podcast-3272-player\" preload=\"none\" class=\"pp-podcast-episode\" style=\"width: 100%;\" controls=\"controls\"><source type=\"audio\/mpeg\" src=\"https:\/\/audio.podigee-cdn.net\/1830304-m-9e3ea1d64c412885c83c2d71ff52ea09.mp3?source=feed\" \/><\/audio><\/div><\/div><div class=\"pod-content__episode episode-single\"><button class=\"episode-single__close\" aria-expanded=\"false\" aria-label=\"Close Single Episode\"><span class=\"btn-icon-wrap\"><svg class=\"icon icon-pp-x\" aria-hidden=\"true\" role=\"img\" focusable=\"false\"><use href=\"#icon-pp-x\" xlink:href=\"#icon-pp-x\"><\/use><\/svg><\/span><\/button><div class=\"episode-single__wrapper\"><div class=\"episode-single__header\"><div class=\"episode-single__title\">257 &#8211; Eva Z\u00f6llner interviews Cara Stacey about contemporary music in South Africa<\/div><div class=\"episode-single__author\"><span class=\"byname\">by<\/span><span class=\"single-author\">Kurka<\/span><\/div><\/div><div class=\"episode-single__description\"><p>composer and performer (in English)<\/p><p>Videos of the 8 new South African accordion pieces that were premiered by Eva Z\u00f6llner during Sterkfontein Composers Meeting 2024 <\/p><p>https:\/\/youtube.com\/playlist?list=PL4KU0BHw3d-CP21BPt7VNNmqzJR18GXQe&amp;si=xvVVMCbK48oF1tvV<\/p><p>Her residency was kindly supported by Nirox Foundation, the Goethe Institute and the Ministry for Education, Science, Youth and Culture (Rheinland-Pfalz)<\/p><p>www.carastacey.com\/<\/p><p>www.eva-zoellner.de <\/p><p>Sterkfontein Composers Meeting: <\/p><p>https:\/\/sterkfonteincomposersmeeting.weebly.com\/<\/p><p>Clare Loveday: https:\/\/clareloveday.co.za\/<\/p><p>Neo Muyanga: <\/p><p>https:\/\/www.neosong.net\/<\/p><p>Njabulo Phungula: <\/p><p>https:\/\/www.njabulophungula.com\/<\/p><p>Galina Juritz: <\/p><p>https:\/\/www.galinajuritz.com\/<\/p><p>Matthijs van Dijk: <\/p><p>https:\/\/mattvandijk.com\/<\/p><p>Andile Khumalo: <\/p><p>https:\/\/www.newfocusrecordings.com\/catalogue\/andile-khumalo-tracing-hollow-traces\/<\/p><p>Bongani Ndodana-Breen: <\/p><p>https:\/\/www.ndodanabreen.com\/<\/p><p>Arthur Feder: <\/p><p>https:\/\/www.instagram.com\/arthurfeder\/<\/p><p>Lise Morrison: <\/p><p>https:\/\/lisemorrison.com\/<br \/>Amy Crankshaw: <\/p><p>https:\/\/www.amycrankshaw.com\/<\/p><p>Michael Blake: <\/p><p>https:\/\/aoinstitute.ac.za\/project\/michael-blake\/<\/p><p>NewMusicSA: <\/p><p>https:\/\/www.newmusicsa.org.za\/<\/p><p>South African Composers Archive new album (just out): <\/p><p>https:\/\/thesouthafricancomposersarchive.bandcamp.com\/album\/for-the-duration-of-this-cloud<\/p><p>South African Composers Archive podcast (hosted and produced by Matthijs van Dijk): <\/p><p>https:\/\/soundcloud.com\/user-368144305<\/p><p>Kukutana Ensemble project: <\/p><p>https:\/\/www.kukutana.co.za\/<\/p><hr \/><p>www.irenekurka.de<\/p><p>Support and follow me on patreon:<\/p><p>https:\/\/www.patreon.com\/c\/user\/shop?u=112648747<\/p><p>cooparting with nmw &#8211; Neue Musikzeitung<\/p><p>www.nmz.de<\/p><p>Kows Radio Summit &#8222;Live your music and live your live&#8220; with Irene Kurka:<\/p><p>https:\/\/kows92-5.org\/kows-shows\/show\/radio-summit\/<\/p><\/div><\/div><div class=\"ppjs__img-wrapper \"><div class=\"ppjs__img-btn-cover\"><img decoding=\"async\" class=\"ppjs__img-btn\" src=\"https:\/\/i0.wp.com\/blogs.nmz.de\/badblog\/files\/2025\/05\/8b6e14a9-2a6d-49d8-8c76-4b352bb38f60-scaled.jpg?fit=768%2C768&#038;ssl=1\" srcset=\"https:\/\/i0.wp.com\/blogs.nmz.de\/badblog\/files\/2025\/05\/8b6e14a9-2a6d-49d8-8c76-4b352bb38f60-scaled.jpg?w=2560&amp;ssl=1 2560w, https:\/\/i0.wp.com\/blogs.nmz.de\/badblog\/files\/2025\/05\/8b6e14a9-2a6d-49d8-8c76-4b352bb38f60-scaled.jpg?resize=480%2C480&amp;ssl=1 480w, https:\/\/i0.wp.com\/blogs.nmz.de\/badblog\/files\/2025\/05\/8b6e14a9-2a6d-49d8-8c76-4b352bb38f60-scaled.jpg?resize=1024%2C1024&amp;ssl=1 1024w, https:\/\/i0.wp.com\/blogs.nmz.de\/badblog\/files\/2025\/05\/8b6e14a9-2a6d-49d8-8c76-4b352bb38f60-scaled.jpg?resize=150%2C150&amp;ssl=1 150w, https:\/\/i0.wp.com\/blogs.nmz.de\/badblog\/files\/2025\/05\/8b6e14a9-2a6d-49d8-8c76-4b352bb38f60-scaled.jpg?resize=768%2C768&amp;ssl=1 768w, https:\/\/i0.wp.com\/blogs.nmz.de\/badblog\/files\/2025\/05\/8b6e14a9-2a6d-49d8-8c76-4b352bb38f60-scaled.jpg?resize=1536%2C1536&amp;ssl=1 1536w, https:\/\/i0.wp.com\/blogs.nmz.de\/badblog\/files\/2025\/05\/8b6e14a9-2a6d-49d8-8c76-4b352bb38f60-scaled.jpg?resize=2048%2C2048&amp;ssl=1 2048w, https:\/\/i0.wp.com\/blogs.nmz.de\/badblog\/files\/2025\/05\/8b6e14a9-2a6d-49d8-8c76-4b352bb38f60-scaled.jpg?resize=70%2C70&amp;ssl=1 70w, https:\/\/i0.wp.com\/blogs.nmz.de\/badblog\/files\/2025\/05\/8b6e14a9-2a6d-49d8-8c76-4b352bb38f60-scaled.jpg?resize=80%2C80&amp;ssl=1 80w, https:\/\/i0.wp.com\/blogs.nmz.de\/badblog\/files\/2025\/05\/8b6e14a9-2a6d-49d8-8c76-4b352bb38f60-scaled.jpg?resize=320%2C320&amp;ssl=1 320w, https:\/\/i0.wp.com\/blogs.nmz.de\/badblog\/files\/2025\/05\/8b6e14a9-2a6d-49d8-8c76-4b352bb38f60-scaled.jpg?resize=1320%2C1320&amp;ssl=1 1320w\" sizes=\"(max-width: 640px) 100vw, 300px\" alt=\"257 &#8211; Eva Z\u00f6llner interviews Cara Stacey about contemporary music in South Africa\"><\/div><div><span class=\"ppjs__img-btn-style\" style=\"display: block; width: 100%; padding-top: 100%\"><\/div><\/div><\/div><\/div><div class=\"pod-content__list episode-list\"><div class=\"episode-list__filters\"><div class=\"episode-list__search\"><label class=\"label-episode-search\"><span class=\"ppjs__offscreen\">Search Episodes<\/span><input type=\"text\" placeholder=\"Search Episodes\" title=\"Search Podcast Episodes\"\/><\/label><span class=\"episode-list__search-icon\"><svg class=\"icon icon-pp-search\" aria-hidden=\"true\" role=\"img\" focusable=\"false\"><use href=\"#icon-pp-search\" xlink:href=\"#icon-pp-search\"><\/use><\/svg><\/span><\/div><button class=\"episode-list__clear-search pod-button\"><svg class=\"icon icon-pp-x\" aria-hidden=\"true\" role=\"img\" focusable=\"false\"><use href=\"#icon-pp-x\" xlink:href=\"#icon-pp-x\"><\/use><\/svg><span class=\"ppjs__offscreen\">Clear Search<\/span><\/button><\/div><div class=\"episode-list__wrapper\">\n<div id=\"ppe-3272-1\" class=\"episode-list__entry pod-entry\" data-search-term=\"257 &#8211; eva z\u00f6llner interviews cara stacey about contemporary music in south africa\" data-cats=\"\">\n\t<div class=\"pod-entry__wrapper\">\n\t\t<div class=\"pod-entry__content\">\n\t\t\t<div class=\"pod-entry__title\">\n\t\t\t\t<a href=\"https:\/\/neuemusikleben.podigee.io\/258-neue-episode\">257 &#8211; Eva Z\u00f6llner interviews Cara Stacey about contemporary music in South Africa<\/a>\n\t\t\t<\/div>\n\t\t\t<div class=\"pod-entry__date\">13. Mai 2025<\/div>\n\t\t\t\t\t\t\t<div class=\"pod-entry__author\">Kurka<\/div>\n\t\t\t\t\t<\/div>\n\t<\/div>\n<\/div>\n\n<div id=\"ppe-3272-2\" class=\"episode-list__entry pod-entry\" data-search-term=\"256 &#8211; interview mit daniel posdziech\" data-cats=\"\">\n\t<div class=\"pod-entry__wrapper\">\n\t\t<div class=\"pod-entry__content\">\n\t\t\t<div class=\"pod-entry__title\">\n\t\t\t\t<a href=\"https:\/\/neuemusikleben.podigee.io\/254-neue-episode\">256 &#8211; Interview mit Daniel Posdziech<\/a>\n\t\t\t<\/div>\n\t\t\t<div class=\"pod-entry__date\">29. April 2025<\/div>\n\t\t\t\t\t\t\t<div class=\"pod-entry__author\">Kurka<\/div>\n\t\t\t\t\t<\/div>\n\t<\/div>\n<\/div>\n\n<div id=\"ppe-3272-3\" class=\"episode-list__entry pod-entry\" data-search-term=\"255 &#8211; slow-motion multitasking &#8211; 7 years podcast neue musik leben (in english)\" data-cats=\"\">\n\t<div class=\"pod-entry__wrapper\">\n\t\t<div class=\"pod-entry__content\">\n\t\t\t<div class=\"pod-entry__title\">\n\t\t\t\t<a href=\"https:\/\/neuemusikleben.podigee.io\/256-neue-episode\">255 &#8211; Slow-Motion Multitasking &#8211; 7 Years podcast neue musik leben (in english)<\/a>\n\t\t\t<\/div>\n\t\t\t<div class=\"pod-entry__date\">10. April 2025<\/div>\n\t\t\t\t\t\t\t<div class=\"pod-entry__author\">Kurka<\/div>\n\t\t\t\t\t<\/div>\n\t<\/div>\n<\/div>\n\n<div id=\"ppe-3272-4\" class=\"episode-list__entry pod-entry\" data-search-term=\"254 &#8211; interview with dieter mack\" data-cats=\"\">\n\t<div class=\"pod-entry__wrapper\">\n\t\t<div class=\"pod-entry__content\">\n\t\t\t<div class=\"pod-entry__title\">\n\t\t\t\t<a href=\"https:\/\/neuemusikleben.podigee.io\/255-neue-episode\">254 &#8211; Interview with Dieter Mack<\/a>\n\t\t\t<\/div>\n\t\t\t<div class=\"pod-entry__date\">1. April 2025<\/div>\n\t\t\t\t\t\t\t<div class=\"pod-entry__author\">Kurka<\/div>\n\t\t\t\t\t<\/div>\n\t<\/div>\n<\/div>\n\n<div id=\"ppe-3272-5\" class=\"episode-list__entry pod-entry\" data-search-term=\"253 &#8211; interview mit michael denhoff\" data-cats=\"\">\n\t<div class=\"pod-entry__wrapper\">\n\t\t<div class=\"pod-entry__content\">\n\t\t\t<div class=\"pod-entry__title\">\n\t\t\t\t<a href=\"https:\/\/neuemusikleben.podigee.io\/257-neue-episode\">253 &#8211; Interview mit Michael Denhoff<\/a>\n\t\t\t<\/div>\n\t\t\t<div class=\"pod-entry__date\">18. M\u00e4rz 2025<\/div>\n\t\t\t\t\t\t\t<div class=\"pod-entry__author\">Kurka<\/div>\n\t\t\t\t\t<\/div>\n\t<\/div>\n<\/div>\n\n<div id=\"ppe-3272-6\" class=\"episode-list__entry pod-entry\" data-search-term=\"252 &#8211; interview with irene galindo quero\" data-cats=\"\">\n\t<div class=\"pod-entry__wrapper\">\n\t\t<div class=\"pod-entry__content\">\n\t\t\t<div class=\"pod-entry__title\">\n\t\t\t\t<a href=\"https:\/\/neuemusikleben.podigee.io\/253-neue-episode\">252 &#8211; Interview with Irene Galindo Quero<\/a>\n\t\t\t<\/div>\n\t\t\t<div class=\"pod-entry__date\">4. M\u00e4rz 2025<\/div>\n\t\t\t\t\t\t\t<div class=\"pod-entry__author\">Kurka<\/div>\n\t\t\t\t\t<\/div>\n\t<\/div>\n<\/div>\n\n<div id=\"ppe-3272-7\" class=\"episode-list__entry pod-entry\" data-search-term=\"251 &#8211; stress, ma\u00dfhalten, ruhe, solofolge\" data-cats=\"\">\n\t<div class=\"pod-entry__wrapper\">\n\t\t<div class=\"pod-entry__content\">\n\t\t\t<div class=\"pod-entry__title\">\n\t\t\t\t<a href=\"https:\/\/neuemusikleben.podigee.io\/252-new-episode\">251 &#8211; Stress, Ma\u00dfhalten, Ruhe, Solofolge<\/a>\n\t\t\t<\/div>\n\t\t\t<div class=\"pod-entry__date\">18. Februar 2025<\/div>\n\t\t\t\t\t\t\t<div class=\"pod-entry__author\">Kurka<\/div>\n\t\t\t\t\t<\/div>\n\t<\/div>\n<\/div>\n\n<div id=\"ppe-3272-8\" class=\"episode-list__entry pod-entry\" data-search-term=\"250 &#8211; interview with helena canovas pares\" data-cats=\"\">\n\t<div class=\"pod-entry__wrapper\">\n\t\t<div class=\"pod-entry__content\">\n\t\t\t<div class=\"pod-entry__title\">\n\t\t\t\t<a href=\"https:\/\/neuemusikleben.podigee.io\/251-neue-episode\">250 &#8211; Interview with Helena Canovas Pares<\/a>\n\t\t\t<\/div>\n\t\t\t<div class=\"pod-entry__date\">4. Februar 2025<\/div>\n\t\t\t\t\t\t\t<div class=\"pod-entry__author\">Kurka<\/div>\n\t\t\t\t\t<\/div>\n\t<\/div>\n<\/div>\n\n<div id=\"ppe-3272-9\" class=\"episode-list__entry pod-entry\" data-search-term=\"249 &#8211; interview mit reiko f\u00fcting\" data-cats=\"\">\n\t<div class=\"pod-entry__wrapper\">\n\t\t<div class=\"pod-entry__content\">\n\t\t\t<div class=\"pod-entry__title\">\n\t\t\t\t<a href=\"https:\/\/neuemusikleben.podigee.io\/245-neue-episode\">249 &#8211; Interview mit Reiko F\u00fcting<\/a>\n\t\t\t<\/div>\n\t\t\t<div class=\"pod-entry__date\">21. Januar 2025<\/div>\n\t\t\t\t\t\t\t<div class=\"pod-entry__author\">Kurka<\/div>\n\t\t\t\t\t<\/div>\n\t<\/div>\n<\/div>\n\n<div id=\"ppe-3272-10\" class=\"episode-list__entry pod-entry\" data-search-term=\"248 -interview with johannes kreidler\" data-cats=\"\">\n\t<div class=\"pod-entry__wrapper\">\n\t\t<div class=\"pod-entry__content\">\n\t\t\t<div class=\"pod-entry__title\">\n\t\t\t\t<a href=\"https:\/\/neuemusikleben.podigee.io\/244-neue-episode\">248 -Interview with Johannes Kreidler<\/a>\n\t\t\t<\/div>\n\t\t\t<div class=\"pod-entry__date\">7. Januar 2025<\/div>\n\t\t\t\t\t\t\t<div class=\"pod-entry__author\">Irene Kurka<\/div>\n\t\t\t\t\t<\/div>\n\t<\/div>\n<\/div>\n<div class=\"lm-button-wrapper\"><button class=\"episode-list__load-more\"><span>Load More<\/span><\/button><\/div><div class=\"episode-list__search-results episode-search\"><span class=\"ppjs__offscreen\">Search Results placeholder<\/span><\/div><\/div><\/div><div class=\"ppjs__list-reveal\"><div class=\"ppjs__button\"><button class=\"pp-prev-btn\"><span class=\"ppjs__offscreen\">Previous Episode<\/span><span class=\"btn-icon-wrap\"><svg class=\"icon icon-pp-previous\" aria-hidden=\"true\" role=\"img\" focusable=\"false\"><use href=\"#icon-pp-previous\" xlink:href=\"#icon-pp-previous\"><\/use><\/svg><\/span><\/button><\/div><div class=\"ppjs__button\"><button class=\"pp-list-btn\"><span class=\"ppjs__offscreen\">Show Episodes List<\/span><span class=\"btn-icon-wrap\"><svg class=\"icon icon-pp-show-list\" aria-hidden=\"true\" role=\"img\" focusable=\"false\"><use href=\"#icon-pp-show-list\" xlink:href=\"#icon-pp-show-list\"><\/use><\/svg><svg class=\"icon icon-pp-hide-list\" aria-hidden=\"true\" role=\"img\" focusable=\"false\"><use href=\"#icon-pp-hide-list\" xlink:href=\"#icon-pp-hide-list\"><\/use><\/svg><\/span><\/button><\/div><div class=\"ppjs__button\"><button class=\"pp-next-btn\"><span class=\"ppjs__offscreen\">Next Episode<\/span><span class=\"btn-icon-wrap\"><svg class=\"icon icon-pp-next\" aria-hidden=\"true\" role=\"img\" focusable=\"false\"><use href=\"#icon-pp-next\" xlink:href=\"#icon-pp-next\"><\/use><\/svg><\/span><\/button><\/div><\/div><\/div><\/div><div class=\"pod-content__launcher pod-launch\"><button class=\"pod-launch__button pod-launch__info pod-button\" aria-expanded=\"false\"><span class=\"ppjs__offscreen\">Show Podcast Information<\/span><span class=\"btn-icon-wrap\"><svg class=\"icon icon-pp-podcast\" aria-hidden=\"true\" role=\"img\" focusable=\"false\"><use href=\"#icon-pp-podcast\" xlink:href=\"#icon-pp-podcast\"><\/use><\/svg><svg class=\"icon icon-pp-x\" aria-hidden=\"true\" role=\"img\" focusable=\"false\"><use href=\"#icon-pp-x\" xlink:href=\"#icon-pp-x\"><\/use><\/svg><\/span><\/button><\/div><\/div>\n<hr \/>\n<h2>11.01.2021<\/h2>\n<hr \/>\n<p>20:00 bis 22:00 | NDR Kultur<br \/>\n<strong>Das Konzert: Tango Argentino meets Tango Finlandia<\/strong><\/p>\n<p style=\"padding-left: 40px;\"><strong>A. Piazzolla \/ L. Desyatnikov<\/strong>: The Four Seasons of Buenos Aires | <strong>T. Forsstr&#246;m \/ J. Toivianinen<\/strong>: Soittakaa Lujempaa, Bearbeitung | <strong>O. Virta \/ O. Kalevi<\/strong>: Punatukkaiselle Tyt&#246;lleni \/ S&#228; et kkyynelt&#228; n&#228;&#228;, Bearbeitungen | <strong>Astor Piazzolla<\/strong>: Histoire du Tango (Ausz&#252;ge) | <strong>Unto Mononen<\/strong>: Satumaa | <strong>Kalle Elkomaa<\/strong>: J&#228;&#228;kyyneleet | <strong>J. Linkola \/ M. Sares<\/strong>: Onnen Hetki \/ Tango Concertante, Bearbeitungen | <strong>Arturo M\u00e1rquez<\/strong>: Danz\u00f3n No. 2 | <strong>A. Piazzolla \/ E. Marturet<\/strong>: Oblivion. Pentti Hietanen, Gesang \/ Juraj Cizmarovic, Violine, WDR Radio Orchester K&#246;ln, Ltg.: Tuomas Hannikainen<\/p>\n<p style=\"padding-left: 40px;\">Aufzeichnung des WDR vom 24. September 2013 im Klaus-von-Bismarck-Saal in K&#246;ln<\/p>\n<p>23:00 bis 00:00 | rbbKultur<br \/>\n<strong>MUSIK DER GEGENWART: Das Notos Quartett<\/strong><\/p>\n<p style=\"padding-left: 40px;\">Mit Andreas G&#246;bel. Das Notos Quartett hat sich als feste Klavierquartett-Formation auf die Fahnen geschrieben, mehr neue Werke zeitgen&#246;ssischer Komponisten f&#252;r diese Besetzung zu spielen und zu beauftragen. Am 21. Januar ist das Notos Quartett beim Festival Ultraschall Berlin zu Gast.<\/p>\n<p>23:03 bis 00:00 | SWR 2<br \/>\n<strong>SWR2 JetztMusik: Klang K&#246;rper &amp; Co: Henri Chopin<\/strong><\/p>\n<p style=\"padding-left: 40px;\">Von Paul Paulun. In den 50er-Jahren experimentierte der radikale franz&#246;sische Dichter und Grafikdesigner Henri Chopin mit den M&#246;glichkeiten des Tonbandger&#228;ts \u2013 und entdeckte dabei seinen K&#246;rper als Musikinstrument. Seine zwischen 1964 und &#8217;74 erschienene Publikation Revue Ou verschaffte visueller Poesie ein Forum und brachte Arbeiten aus Konkreter Poesie, Lettrismus und Cut-up auf beigelegten Schallplatten zu Geh&#246;r. William Burroughs sah Chopin als inner space explorer \u2013 seine k&#252;nstlerische Zusammenarbeit reicht vom Dadaisten Raoul Hausmann bis zum Karl-Sczuka-Preistr&#228;ger 2020 Fr\u00e9d\u00e9ric Acquaviva.<\/p>\n<p>23:03 \u2013 24:00 | &#214;1<br \/>\n<strong>Beeinflussung \u2013 St&#246;rung \u2013 &#220;berlagerung. Das Schallfeld Ensemble und sein Projekt im Grazer Theater im Palais<\/strong><\/p>\n<p style=\"padding-left: 40px;\">Es sind die besondere Art der Gestaltung von Programmen und die innovativen Konzert-Inszenierungen (vor allem mit Schwerpunkt auf Werken von jungen Komponistinnen und Komponisten), die die Projekte des Schallfeld Ensembles auszeichnen. Eine der j&#252;ngsten Realisierungen des international renommierten Neue-Musik-Ensembles, das aus Absolventinnen und Absolventen des Studiums \u201ePerformance Practice in Contemporary Music\u201c an der Grazer Kunstuniversit&#228;t besteht, f&#252;hrt Kompositionen zusammen, die sich auf verschiedenste Art und Weise dem Themenkreis \u201eInterferenzen \u2013 Beeinflussung \u2013 &#220;berlagerung\u201c n&#228;hern. &#196;hnlich multinational wie das Ensemble pr&#228;sentiert sich auch die Gruppe der Komponierenden, die im Programm zusammengef&#252;hrt sind: Davide Gagliardi, Francesca Verunelli, Sylvain Marty und Diego Jim\u00e9nez Tamame. Eine &#214;1 Aufnahme aus dem Theater im Palais vom Oktober 2020. Gestaltung: Franz Josef Kerstinger \u2013 Steiermark<\/p>\n<hr \/>\n<h2>12.01.2021<\/h2>\n<hr \/>\n<p>00:05 bis 01:00 | Deutschlandfunk Kultur<br \/>\n<strong>Neue Musik: Wie klingt das Anthropoz&#228;n? Der britische Klangk&#252;nstler und Musiker Peter Cusack (*1948)<\/strong><\/p>\n<p style=\"padding-left: 40px;\">Von Thomas Groetz. Mit klanglichen Mitteln sp&#252;rt Peter Cusack den menschlichen Eingriffen in &#246;kologische und gesellschaftliche Systeme nach.<\/p>\n<p>00:10 bis 02:00 | Bayern 2<br \/>\n<strong>Concerto bavarese: Bayerische Komponisten<\/strong><\/p>\n<p style=\"padding-left: 40px;\"><strong>Moritz Eggert<\/strong>: \u201eDrei Seelen\u201c (Adrian Iliescu, Violine; Moritz Eggert, Klavier); <strong>Rodion Schtschedrin<\/strong>: \u201eDie Fresken des Dionysios\u201c (Ensemble Zeitsprung: Markus Elsner); <strong>Volker Nickel<\/strong>: Drei kurze Szenen (Xsemble M&#252;nchen); <strong>Johannes X. Schachtner<\/strong>: \u201eTransForm\u201c (Jugendensemble f&#252;r Neue Musik Bayern: Johannes X. Schachtner); <strong>Christoph Reiserer<\/strong>: \u201eVier Quartette \u2013 eins\u201c (Xsemble M&#252;nchen); <strong>Eva Sindichakis<\/strong>: \u201eTohuwabohu\u201c (via-nova-Chor M&#252;nchen; M&#252;nchner Rundfunkorchester: Anu Tali)<\/p>\n<p>21:00 bis 22:00 | NDR Kultur<br \/>\n<strong>neue musik: Lost \u2013 and found?<\/strong><\/p>\n<p style=\"padding-left: 40px;\">Von Margarete Zander. \u201eLost\u201c ist das Jugendwort des Jahres 2020. Komponistinnen und Komponisten arbeiten im Hier und Jetzt und loten den Weg in die Zukunft aus. Findet sich in Ihren aktuellen Werken ein Gef&#252;hl von \u201eLost\u201c, und haben sie Ideen, die einen Weg in die Zukunft zeigen? Wie k&#246;nnte das Wort des Jahres 2021 f&#252;r Komponistinnen und Komponisten lauten? Wir h&#246;ren uns in der Szene um.<\/p>\n<p>22:05 bis 23:00 | BR-KLASSIK<br \/>\n<strong>Horizonte: Gleichberechtigt, gleichzeitig, gleichgestellt \u2013 Der Komponist Ole H&#252;bner und sein kollektives Arbeiten<\/strong><\/p>\n<p style=\"padding-left: 40px;\">Von Kristin Amme. Erst das Libretto, dann die Musik. Und am Ende noch die Inszenierung. So entsteht eine Oper, f&#252;r gew&#246;hnlich. Es muss auch anders, es muss auch abseits dieses hierarchisch-institutionalisierten Nacheinanders gehen, findet Ole H&#252;bner. Gemeinsam mit seiner paranormal \u03d5eer group fr&#228;st der junge Komponist kollektivdenkend, kollektivarbeitend Wege frei: hin zu einem H&#246;rtheater, das pluralistisch, demokratisch, gleichberechtigt entsteht. Das F&#252;r und (auch ein bisschen) Wider immer im Kopf, zwischen kollektivem Bewusstsein und individueller Entfaltung, uneitel, und am Ende lieber gemeinsam als allein.<\/p>\n<p>23:00 bis 00:00 | rbbKultur<br \/>\n<strong>MUSIK DER GEGENWART: Das Trio Catch<\/strong><\/p>\n<p style=\"padding-left: 40px;\">Mit Andreas G&#246;bel. Das Trio Catch mit Bogl\u00e1rka Pecze (Klarinette), Eva Boesch (Violoncello) und Sun-Young Nam (Klavier) ist eines der f&#252;hrenden Kammermusik-Ensembles im Bereich der zeitgen&#246;ssischen Musik. Am 22. Januar ist das Trio Catch beim Festival Ultraschall Berlin zu Gast.<\/p>\n<p>23:03 \u2013 24:00 | &#214;1<br \/>\n<strong>Ilya Gringolts als Solist in neuen Violinkonzerten von Beat Furrer und Bernhard Lang<\/strong><\/p>\n<p style=\"padding-left: 40px;\">\u201eSprechend\u201c, \u201efl&#252;sternd\u201c, \u201esingend\u201c: Es sind solche Spielanweisungen und Ausdrucksgesten in Beat Furrers neuem Violinkonzert, die dessen Solopart passagenweise in die N&#228;he der menschlichen Stimme r&#252;cken. Ein Werk der Gattung hat Furrer schon vorgelegt, \u201eandere stimmen\u201c \u2013 und es &#252;berrascht nicht, dass in diese Komposition Material seiner Oper \u201eInvocation\u201c verwandelt eingeflossen ist. Wie verh&#228;lt sich das Melodische, Gesangliche zur Harmonik? So lautete eine der Hauptfragen, denen der sanfte, aber zugleich unnachgiebige Gr&#252;bler und Lauscher Beat Furrer hier auf den Grund gehen wollte, wobei dem Akkordeon beinah die Rolle eines Co-Solisten zuf&#228;llt. Virtuose Funken spr&#252;hen freilich trotzdem \u2013 genau wie auch in Bernhard Langs \u201eRedux\u201c f&#252;r Violine und Orchester, die aus Pandemiegr&#252;nden geschaffene Kammerbesetzung seiner \u201eMonadologie XXXIX\u201c. Lang ist von Motivzellen und Taktabschnitten fasziniert, l&#228;sst sie in Loops wuchern und spinnt sie fort: In diesem Fall holt er sich sein Material aus Violinkonzerten von Bach bis Ligeti. Das Werk sei, so verr&#228;t der Komponist, \u201eeine Reise durch die Entwicklungsgeschichte des virtuosen Violinspiels, wobei das concertare ganz unterschiedlich inszeniert ist: der H&#246;hepunkt in der Cadenza f&#252;hrt letztlich zur freien Improvisation zur&#252;ck. Die Harmonik des St&#252;cks f&#252;hrt die Differenztonharmonik der vorhergehenden Konzerte fort, wobei die inh&#228;rente Mikrotonalit&#228;t durch eine Vierteltonorgel im Orchester gest&#252;tzt wird.\u201c Bindeglied dieser beiden Urauff&#252;hrungsmitschnitte aus M&#252;nchen vom Herbst 2020 mit dem M&#252;nchener Kammerorchester unter Clemens Schuldt und dem Symphonieorchester des Bayerischen Rundfunks unter Johannes Kalitzke ist der Solist, der russische Geiger Ilya Gringolts: Vor einigen Jahren hat er bei den Salzburger Festspielen die Capricci von Paganini und Sciarrino mit atemberaubender Intensit&#228;t und zugleich aufs Sch&#246;nste und Kl&#252;gste miteinander verbunden. \u201eGringolts, Jahrgang 1982, ist ein kleiner, b&#228;rtiger und ruhiger Mann mit dem Hang zum Extremen \u2026 Ohne exaltierte Bewegungen, aber innerlich gl&#252;hend und furios schmettert Gringolts rasante Tonkaskaden in den Raum.\u201c (S&#252;ddeutsche Zeitung) Gestaltung: Walter Weidringer<\/p>\n<hr \/>\n<h2>13.01.2021<\/h2>\n<hr \/>\n<p>00:10 bis 02:00 | Bayern 2<br \/>\n<strong>Concerto bavarese: Fr&#228;nkische Komponisten<\/strong><\/p>\n<p style=\"padding-left: 40px;\"><strong>Roland Schmidt<\/strong>: \u201eDer Gaukler\u201c (Hiro Sato, Trompete; Wilfried Kr&#252;ger, Horn; Anton Laubenbacher, Posaune); <strong>Cornelius Hummel<\/strong>: Acht Musiken f&#252;r neun Streicher (il capriccio: Friedemann Wezel); Vivienne Olive: \u201eThe Dream Gardens\u201c (Annie Gicquel, Klavier); <strong>Tobias PM Schneid<\/strong>: \u201esacred landscapes\u201c (Hanno Simons, Violoncello; ensemble trioLog m&#252;nchen); <strong>Zsolt G\u00e1rdonyi<\/strong>: Divertimento &#252;ber Tanzweisen aus Siebenb&#252;rgen (Elisabeth Fuchs, Fl&#246;te; Angelika Ruhland, Oboe; Iwan Linnenbank, Klarinette; Sabine M&#252;ller, Fagott; Stefan W&#252;rger, Horn); <strong>Horst Lohse<\/strong>: \u201eLa morte d&#8217;Orfeo\u201c (Julius Berger, Violoncello; Roland Schmidt, Martin Homann, Schlagzeug; N&#252;rnberger Symphoniker: Klauspeter Seibel); <strong>Dieter Buwen<\/strong>: \u201eNachtgedanken\u201c (Akademie Quartett)<\/p>\n<p>20:04 bis 21:00 | hr2-kultur<br \/>\n<strong>Kaisers Kl&#228;nge \u2013 Musikalische Entdeckungsreisen: David Bowie \u2013 Mann der leisen T&#246;ne<\/strong><\/p>\n<p style=\"padding-left: 40px;\">War David Bowie eine Pop-Ikone und ein Rock-Rebell? Vielleicht \u2013 aber nicht nur. Sein eigentliches Instrument war die akustische Gitarre.<\/p>\n<p style=\"padding-left: 40px;\">Und mit der gab er auch immer wieder sanfte Balladen zum Besten, sang stille und intime Songs oder sogar Chansons von Jacques Brel. Zum f&#252;nften Todestag feiern Kaisers Kl&#228;nge David Bowie heute einmal als Mann der leisen T&#246;ne.<\/p>\n<p>21:00 bis 22:00 | NDR Kultur<br \/>\n<strong>Chormusik: Neue Aufnahmen mit dem NDR Chor<\/strong><\/p>\n<p style=\"padding-left: 40px;\">Von Chantal Nastasi. <strong>Arvo P&#228;rt<\/strong>: Summa \/ I am the true vine | <strong>Raffaella Aleotti<\/strong>: Ego flos campi | <strong>Arvo P&#228;rt<\/strong>: Solfeggio | <strong>Francesco Guerrero<\/strong>: Ego flos campi | <strong>Arvo P&#228;rt<\/strong>: The Deer&#8217;s cry. NDR Chor \/ Ltg.: Nils Schweckendiek<\/p>\n<p>23:03 bis 00:00 | SWR 2<br \/>\n<strong>SWR2 JetztMusik: 100 Jahre Donaueschinger Musiktage: Spot Klangkunst<\/strong><\/p>\n<p style=\"padding-left: 40px;\">Von Michael Rebhahn. 100 Jahre alt werden die Donaueschinger Musiktage. Die JetztMusik er&#246;ffnet das Jubil&#228;umsjahr mit R&#252;ckblicken auf spannende und kontroverse Entwicklungen des Festivals. Michael Rebhahn unternimmt einen Gang durch die zahllosen Installationen, R&#228;ume und Performances der Klangkunst, die seit Anfang der 1990er-Jahre fester Bestandteil der Musiktage sind.<\/p>\n<p>23:03 \u2013 24:00 | &#214;1<br \/>\n<strong>R&#252;ckblick, Vorschau und aktuelle Ver&#246;ffentlichungen \u2013 Zeit-Ton Magazin <\/strong><\/p>\n<p style=\"padding-left: 40px;\">Jeden Mittwoch pr&#228;sentieren wir Ihnen ausgesuchte Veranstaltungstipps f&#252;r die kommenden sieben Tage und die spannendsten Neuver&#246;ffentlichungen. Gestaltung: Susanna Niedermayr<\/p>\n<hr \/>\n<h2>14.01.2021<\/h2>\n<hr \/>\n<p>00:05 bis 01:00 | Deutschlandfunk Kultur<br \/>\n<strong>Neue Musik: Annesley Black<\/strong><\/p>\n<p style=\"padding-left: 40px;\">\u201eaorko\u201c f&#252;r Viola und Live-Elektronik \u2013 Jessica Rona, Viola; Annesley Black, Live-Elektronik | \u201escissors\u201c f&#252;r Posaune solo \u2013 Andrew Digby, Posaune | \u201eMoment \u2013 Curitiba \u2013 Vorspiel\u201c f&#252;r Fl&#252;gelhorn, Eufonium, Violoncello, Gitarre, Klavier und Schlagzeug \u2013 Ensemble Ascolta |\u201c4238 De Bullion\u201c f&#252;r Klavier und Live-Elektronik \u2013 Rei Nakamura, Klavier; Annesley Black, Live-Elektronik<\/p>\n<p>00:10 bis 02:00 | Bayern 2<br \/>\n<strong>Concerto bavarese: Bayerische Komponisten<\/strong><\/p>\n<p style=\"padding-left: 40px;\"><strong><a href=\"https:\/\/blogs.nmz.de\/badblog\/2020\/12\/12\/fuer-ein-ende-des-schweigens\/\">Hans-J&#252;rgen<\/a> <a href=\"https:\/\/blogs.nmz.de\/badblog\/2020\/12\/17\/anmerkungen-zum-urteil-im-fall-bose-ich-hoffe-sie-kommt-darueber-hinweg\/\">von Bose<\/a><\/strong>: Streichquartett Nr. 3 (Mandelring Quartett); <strong>Walter Faith<\/strong>: \u201eRevanche\u201c (Symphonieorchester des Bayerischen Rundfunks: Walter Faith); <strong>Gustav Geierhaas<\/strong>: Streichquartett G-Dur (Seitz Quartett)<\/p>\n<p>19:05 bis 20:00 | BR-KLASSIK<br \/>\n<strong>KlassikPlus: Musik aus der Luft \u2013 das Theremin<\/strong><\/p>\n<p style=\"padding-left: 40px;\">Ein geisterhaftes Instrument: Man spielt es, ohne es zu ber&#252;hren. Kein Wunder, dass das Theremin mit seinem fremdartigen Sound vor allem in Grusel- und Science-Fiction-Filmen erfolgreich war. Um 1920 entwickelte der russische Ingenieur Lew Sergejewitsch Termen mit dem Theremin das erste elektronische Musikinstrument der Welt: Ein Holzkasten mit zwei Antennen, die ein elektromagnetisches Feld erzeugen. Leicht zu lernen ist das Instrument nicht. Das Spiel in der Luft bietet keinerlei Anhaltspunkte, wo sich die T&#246;ne befinden. Die Thereministin Carolina Eyck hat darum eine neue Spielweise entwickelt, die mit acht Handpositionen das treffsichere Spiel vereinfacht. Auch mit Erweiterungen wie Effektger&#228;ten, Controllern und Computern f&#252;hrt sie das alte Instrument in eine neue Zeit. Eine Sendung von Antonia Morin<\/p>\n<p>20:04 bis 21:30 | hr2-kultur<br \/>\n<strong>YES \u2013 Kompositionen von und mit Matthias Kaul<\/strong><\/p>\n<p style=\"padding-left: 40px;\">Mit der Musik, den Klangexperimenten, den Radiost&#252;cken von Matthias Kaul, dem beh&#228;nden Schlagzeuger und neugierigen Komponisten, h&#246;ren wir die Welt vielleicht nicht unbedingt besser, aber anders: offener, heiterer und poetischer.<\/p>\n<p style=\"padding-left: 40px;\">Nahaufnahme Schlagzeug. Matthias Kaul (1949-2020): \u201eTimpani Ride\u201c (1977). Sph&#228;rische Szenen f&#252;r Fahrrad und Pauken | \u201eKutunga\u201c (1994) f&#252;r zwei Rahmentrommeln und Stimme | \u201eRoma\u201c (1995) f&#252;r Cymbalon, Gopichand und Zuspielband | \u201eHendrix\u201c (1997) f&#252;r elektrifizierte Pauken | \u201eFever\u201c (1999) f&#252;r Trommeln und Perkussionsinstrumente | \u201eRevolver\u201c (1999) f&#252;r Drehleier und Stimme. Matthias Kaul, Instrumente\/Stimme (Aufnahme vom 30. April 1999 im Theaterhaus Frankfurt durch den Hessischen Rundfunk)<\/p>\n<p style=\"padding-left: 40px;\">Mathias Kaul: \u201eAmerican o Miracle\u201c (2005) f&#252;r Perkussionsinstrumente, Sitar und Stimme \u2013 Matthias Kaul, Instrumente\/Stimme. (Aufnahme vom Juni 2005 im hr-Sendesaal, Frankfurt, Studioproduktion des Hessischen Rundfunks)<\/p>\n<p style=\"padding-left: 40px;\">Rock- und Jazzschlagzeuger war Matthias Kaul (1949-2020) schon, als er an der Hamburger Musikhochschule das klassische Schlagzeug-Studium begann, das er mit dem Solistenexamen abschloss. Es folgten T&#228;tigkeiten in den Sinfonieorchestern Norddeutschlands, das Wirken in der Gruppe \u201eHinz &amp; Kunst\u201c und viele Kooperationen mit Komponisten wie Hans Werner Henze, Mauricio Kagel oder Vinko Globokar und Ausnahmemusikern wie John Zohn, David Moss oder Carla Bley. 1983 gr&#252;ndete er u.a. mit der Fl&#246;tistin Astrid Schmeling in Winsen an der Luhe das Ensemble \u201eL&#8217;Art pour L&#8217;Art\u201c sowie eine umtriebige Kinderkompositionsschule. Der Performer und Komponist Matthias Kaul arbeitete oft mit dem Hessischen Rundfunk zusammen und realisierte f&#252;r diesen u.a. einige H&#246;rst&#252;cke.<\/p>\n<p>20:04 bis 21:30 | SR2 KulturRadio<br \/>\n<strong>Mouvement: \u201eDas Orchester ist mein Lieblingsinstrument\u201c \u2013 Die belgische Komponistin Jacqueline Fontyn<\/strong><\/p>\n<p style=\"padding-left: 40px;\">(nachtr&#228;glich zum 90. Geb. am 27. Dezember). Jacqueline Fontyn: In the green shade \u2013 Rundfunk-Sinfonieorchester Saarbr&#252;cken \/ Peter Hirsch | Rivages solitaires, Konzert f&#252;r Klavier und Orchester \u2013 Kolja Lessing\/Rundfunk-Sinfonieorchester Saarbr&#252;cken \/ Peter Hirsch | Quatre sites \u2013 Rundfunk-Sinfonieorchester Saarbr&#252;cken \/ Ingo Metzmacher<\/p>\n<p>21:30 bis 22:30 | hr2-kultur<br \/>\n<strong>Neue Musik | Werkzeuge der Neuen Musik \u2013 Das Ensemble<\/strong><\/p>\n<p style=\"padding-left: 40px;\">Teil 1 von 4. Von Leonie Reineke. Zwar hat sie vereinzelt auch Konzepte einer nur denkbaren oder einer blo&#223; sichtbaren Musik hervorgebracht, doch nach wie vor sind die allermeisten Partituren des 20.\/21. Jahrhunderts emphatisch dem Klang verpflichtet. Dazu bedarf es wie eh und je spezieller Werkzeuge. Neben den Stimmen von Frau, Mann und Kind sind das die klassischen Orchester-Instrumente, zudem viele andere: Wiederentdeckungen aus Renaissance und Barock, etwa Blockfl&#246;te und Cembalo, Erfindungen wie das Pr&#228;parierte Klavier, die Doppeltrichter-Trompete, den Synthesizer oder die Glissando-Fl&#246;te, Neuentdeckungen wie die japanische Sho, zahlloses Schlagwerk aus aller Welt und aus dem Alltag sowie endlich in die ernste Kunst integrierte Instrumente aus der eigenen Volksmusik, darunter Akkordeon, Mandoline und Zither. In einer mehrteiligen Sendereihe begeben sich viele hr2-Autorinnen und -Autoren auf Spurensuche, sprechen mit exzellenten Interpreten &#252;ber ihr Klangwerkzeug, mit Instrumentenbauern &#252;ber neue Anforderungen, mit Komponisten &#252;ber das Wie und Warum der erweiterten Spielm&#246;glichkeiten und pr&#228;sentieren die wichtigsten Werke, teils h&#246;chst au&#223;ergew&#246;hnliche Musikst&#252;cke.<\/p>\n<p>22:03 bis 23:00 | SWR 2<br \/>\n<strong>SWR2 H&#246;rspiel-Studio: Der Irre \u2013 Nach der gleichnamigen Novelle von Georg Heym<\/strong><\/p>\n<p style=\"padding-left: 40px;\">In der Fassung von Iris Dr&#246;gekamp und Manfred Hess. Mit: Christian Redl u. a. Regie: Iris Dr&#246;gekamp (Produktion: SWR 2012 \u2013 Ursendung). Das H&#246;rspiel steht 7 Tage zum Download bereit<\/p>\n<p style=\"padding-left: 40px;\">Der expressionistische Dichter und Erz&#228;hler Georg Heym erz&#228;hlt in dieser 1911 geschriebenen, postum 1913 ver&#246;ffentlichten Novelle vom letzten Tag im Leben eines Irren. Dabei schildert er ihn als pathologischen Fall in all seiner schonungslosen Brutalit&#228;t \u2013 von der verr&#252;ckten Gnadenlosigkeit seiner Handlungen bis zur gnadenlosen Antwort der Gesellschaft. Heym nutzt dabei ohne Wertung immer wieder die Innen-Perspektive als Darstellungsmittel, um die Ph&#228;nomene des H&#228;sslichen, Irrationalen, Asozialen, Subjektiven und Unmoralischen faszinierend wie schockierend zum Ausdruck zu bringen.<\/p>\n<p>22:05 bis 23:00 | BR-KLASSIK<br \/>\n<strong>Horizonte: Zum 95. Geburtstag von Morton Feldman<\/strong><\/p>\n<p style=\"padding-left: 40px;\">Morton Feldman: \u201ePiano Pieces 1955-1956\u201c (Sabine Liebner, Klavier); \u201eDurations II\u201c (David Soyer, Violoncello; David Tudor, Klavier); \u201eRothko Chapel\u201c (Masako Goda, Sopran; Mareike Braun, Alt; Klaus-Peter Werani, Viola; Lukas Maria Kuen, Celesta; Christian Pilz, Schlagzeug; Chor des Bayerischen Rundfunks: Peter Dijkstra); \u201eThe viola in my life\u201c (Marek Konstantynowicz, Viola; Cikada Ensemble)<\/p>\n<p>23:03 \u2013 24:00 | &#214;1<br \/>\n<strong>Stimmen mit Elektronik verwoben: Martina Claussen im Zeit-Ton-Portr&#228;t. <\/strong><\/p>\n<p style=\"padding-left: 40px;\">Zum einen ist das Ausdrucksmedium der in Wien lebenden Mezzosopranistin Martina Claussen die Stimme, zum anderen be- und verarbeitet sie diese in ihren elektroakustischen Kompositionen. Ihr unl&#228;ngst erschienenes Deb&#252;talbum \u201eVerwoben\u201c pr&#228;sentiert eine Musik, bei der Stimme und Elektronik sich gegenseitig bedingen. Anl&#228;sslich von \u201eVerwoben\u201c widmet der Zeit-Ton Martina Claussen ein Portr&#228;t.<\/p>\n<p style=\"padding-left: 40px;\">Martina Claussen ist klassisch ausgebildete S&#228;ngerin und seit 2009 unterrichtet sie als Professorin Gesang an der Universit&#228;t f&#252;r Musik und darstellende Kunst Wien. Au&#223;erdem studierte sie Komposition an der Linzer Bruckner-Universit&#228;t.<\/p>\n<p style=\"padding-left: 40px;\">Vor rund zehn Jahren begann sie, sich mit elektroakustischer und akusmatischer Musik zu besch&#228;ftigen und seitdem erforscht sie &#220;berg&#228;nge und Schnittpunkte zwischen menschlicher Stimme und technisch vermittelter Elektronik. Diese Beziehungen werden mit Feldaufnahmen sowie analogen und digitalen Mitteln ausgelotet, f&#252;r die Claussen durch ihren musikalisch-kompositorischen Hintergrund bislang ungeh&#246;rte Zusammenh&#228;nge schafft.<\/p>\n<p style=\"padding-left: 40px;\">Claussen arbeitete u.a. mit Franz Koglmann, Dieter Schnebel und Patricia Enigl aka Irradiation und sie ist Mitglied von Thomas Gorbachs The Acousmatic Project, mit dem sie etwa bei der Ars Electronica 2019 vertreten war. Weitere Festivalauftritte waren das Futura (Crest) und das New York City Electroacoustic Music Festival. 2020 wurde Martina Claussen mit dem Publicity Preis der SKE ausgezeichnet.<\/p>\n<p style=\"padding-left: 40px;\">Ihr Solo-Deb&#252;talbum \u201eVerwoben\u201c kam im Herbst 2020 auf dem Label Forwind heraus und die Pr&#228;sentation fand im November bei wienmodern statt. Im Zeit-Ton-Portr&#228;t erz&#228;hlt Martina Claussen von \u201eVerwoben\u201c und weiteren aktuellen Arbeiten.\u00a0 Gestaltung: Heinrich Deisl<\/p>\n<hr \/>\n<h2>15.01.2021<\/h2>\n<hr \/>\n<p>00:05 bis 01:00 | Deutschlandfunk Kultur<br \/>\n<strong>Klangkunst: Kurzstrecke 105 \u2013 \u00a0Feature, H&#246;rspiel, Klangkunst \u2013 Die Sendung f&#252;r H&#246;rst&#252;cke aus der freien Szene<\/strong><\/p>\n<p style=\"padding-left: 40px;\">Zusammenstellung: Julia Gabel, Marcus Gammel, Ingo Kottkamp und Johann Mittmann. Produktion: Autor*innen \/ Deutschlandfunk Kultur 2020<\/p>\n<p style=\"padding-left: 40px;\">Ungew&#246;hnlich und nicht l&#228;nger als 20 Minuten: Wir stellen regelm&#228;&#223;ig innovative, zeitgem&#228;&#223;e, radiophone H&#246;rst&#252;cke vor.<\/p>\n<p style=\"padding-left: 40px;\">Au&#223;erdem: Neues aus der \u201eWurfsendung\u201c mit Julia Tieke. Neue H&#246;rkunst aus der freien Szene. Heute unter anderem mit einem St&#252;ck, das nur aus Namen besteht. Was sagt uns das? Erstaunlich viel!<\/p>\n<p>00:10 bis 02:00 | Bayern 2<br \/>\n<strong>Concerto bavarese: Bayerische Komponisten<\/strong><\/p>\n<p style=\"padding-left: 40px;\"><strong>Enjott Schneider<\/strong>: \u201eAugustinus\u201c (Julia Sophie Wagner, Sopran; Bernhard Berchthold, Tenor; Daniel Ochoa, Bariton; M&#252;nchener Bach-Orchester: Hansj&#246;rg Albrecht); <strong>Nikolaus Brass<\/strong>: \u201eVoid II\u201c; Wolf Rosenberg: \u201eSweepsteaks Nr. 1 \u2013 Version A\u201c (Studio f&#252;r elektronische Musik der Universit&#228;t Utrecht); <strong>Jan Koetsier<\/strong>: Bl&#228;sersymphonie, Allegro, op. 80 (Philip Jones Brass Ensemble)<\/p>\n<p>19:05 bis 20:00 | BR-KLASSIK<br \/>\n<strong>Das Musik-Feature: \u201eEin weites Feld &#8230;\u201c \u2013 Wie Musiker die Freiheit in der Solokadenz nutzen<\/strong><\/p>\n<p style=\"padding-left: 40px;\">Von Elgin Heuerding. Wenn das Orchester in der Komposition eine Pause einlegt und auf einem Quartsextakkord anh&#228;lt \u2013 dann ist Showtime f&#252;r den Solisten. Die Kadenz beginnt. Meist dauert sie nicht l&#228;nger als zwei bis vier Minuten. Doch k&#246;nnen die Solisten in dieser kurzen Zeit den gesamten Kompositionskosmos reflektieren. Entweder getreu den Noten, die der Komponist aufgeschrieben hat \u2013 oder als inspiriert Improvisierende. Wie also nehmen Musiker heute die Kadenzen von Mozart, Beethoven oder Brahms? Eigensinnig? Notengetreu? Wie gehen sie mit diesem besonderen Moment der Kadenz um? In ihrer Sendung spricht die Autorin Elgin Heuerding mit den Pianisten Janina Fialkowska, Dejan Lazic und Till Fellner, der Geigerin Patricia Kopatchinskaja, dem Cellisten Maximilian Hornung und der Klarinettistin Sharon Kam.<\/p>\n<p>21:05 bis 22:30 | Bayern 2<br \/>\n<strong>H&#246;rspiel: h&#246;r!spiel!art.mix: \u201eDie Gl&#252;cklichen und die Traurigen\u201c von J. Nolte<\/strong><\/p>\n<p style=\"padding-left: 40px;\">Mit Sarah Gailer, Moritz Grove, Jonas Grundner-Culemann, Lisa Heinrici, Bettina Hoppe, Lisa Hrdina, Fabian Raabe, Marie Rathscheck, Karla Sengteller, Catherine Stoyan, Irina Sulaver, Mehmet S&#246;zer, Aram Tafreshian, Patrick Wengenroth und J&#252;rgen Wink<\/p>\n<p style=\"padding-left: 40px;\">Komposition: Moritz L&#246;we. Regie: Jakob Nolte. BR 2020. Ursendung. Als Podcast verf&#252;gbar im H&#246;rspiel Pool<\/p>\n<p style=\"padding-left: 40px;\">Die &#246;kologischen Fehlentscheidungen eines Autokonzerns drohen Niedersachsen in den Ruin zu st&#252;rzen. Um einen Bankrott des Bundeslandes abzuwehren, wird ein kleines St&#228;dtchen am Deister an eine anonyme Investorin verkauft, die es in etwa 19.000 Containern inklusive Bev&#246;lkerung auf ein Frachtschiff l&#228;dt, um es als Freizeitpark an einem noch unbekannten Ort wieder aufbauen zu lassen. In komischen, poetischen, traurigen, philosophischen Gespr&#228;chsfetzen erz&#228;hlt Die Gl&#252;cklichen und die Traurigen von Menschen, die zu Ware geworden sind und von ihrer Irrfahrt. Jakob Nolte zeichnet das Groteske mit Leichtigkeit, um es dann unerwartet mit politischem Gewicht zu beschweren. Und so plaudern die Einwohner*innen des kleinen St&#228;dtchens an Deck des Frachtschiffs verloren und munter vor sich hin. Uferlos, abgr&#252;ndig, aber doch so herrlich absurd, dass zu w&#252;nschen w&#228;re, diese Reise w&#252;rde niemals enden.<\/p>\n<p style=\"padding-left: 40px;\">\u201eIch wollte ein Bild finden, das beschreibt, was es bedeutet, aufgrund von &#228;u&#223;eren Umst&#228;nden nicht mehr &#252;ber sich selbst verf&#252;gen zu k&#246;nnen. Au&#223;erdem fasziniert es mich, dass Teile europ&#228;ischer Architektur in China und anderen Teilen der Welt, wiederaufgebaut werden, so zum Beispiel ein Teil von Hannover in Changde. Andersherum geh&#246;ren gro&#223;e Teile europ&#228;ischer Innenst&#228;dte internationalen Investmentb&#252;ros. Selbst Privatpersonen k&#246;nnen sich mittlerweile gesamte St&#228;dte leisten. Schon f&#252;r knappe einhunderttausend Euro bekommt man ein verlassenes D&#246;rfchen in Spanien oder Frankreich. Also dachte ich: wie w&#228;re es, wenn das Dorf, in dem ich gro&#223; geworden bin, verkauft werden w&#252;rde \u2013 blo&#223; halt mitsamt der Bev&#246;lkerung?\u201c (Jakob Nolte)<\/p>\n<p style=\"padding-left: 40px;\">Jakob Nolte, geb. 1988, Kindheit und Jugend in Barsinghausen am Deister, Autor mehrfach preisgekr&#246;nter Theaterst&#252;cke, die in verschiedene Sprachen &#252;bersetzt wurden, Co-Kurator des Web Labels Tegel Media (mit Leif Randt), Romane u.a. ALFF (2015), Schreckliche Gewalten (2017). H&#246;rspiel u.a. Das Tierreich (zusammen mit Michel Decar, 2017), Unbekannte Meister 4 \u2013 eine Einf&#252;hrung in das Werk von Klara Khalil (BR 2018).<\/p>\n<p>22:03 bis 23:00 | Deutschlandfunk Kultur<br \/>\n<strong>Musikfeuilleton: Sp&#228;te Heimkehr \u2013 Auf den Spuren des Komponisten Ignace Strasfogel<\/strong><\/p>\n<p style=\"padding-left: 40px;\">Von Werner Gr&#252;nzweig. Geboren in Warschau im Jahr 1909, wurde Ignace Strasfogel bereits als 13-J&#228;hriger in die Berliner Hochschule f&#252;r Musik aufgenommen. Mit seiner 2. Klaviersonate gewann er 1926 den Mendelssohn-Staatspreis f&#252;r Komposition. Er war Begleiter der Geiger Joseph Szigeti und Carl Flesch sowie des S&#228;ngers Lauritz Melchior, schrieb B&#252;hnenmusiken f&#252;r Max Reinhardt und assistierte dem Dirigenten Leo Blech an der Staatsoper Unter den Linden. 1933 emigrierte Strasfogel in die Vereinigten Staaten und lie&#223; sich in New York nieder, wo er unter Arturo Toscanini Pianist der New Yorker Philharmoniker wurde. Sp&#228;ter wirkte Strasfogel als Korrepetitor und Kapellmeister an der Metropolitan Opera. Erst in seinen letzten Lebensjahren begann Strasfogel wieder zu komponieren. Heute lebt seine Enkelin, die Geigerin Daniella Strasfogel wieder in Berlin.<\/p>\n<p>23:03 \u2013 24:00 | &#214;1<br \/>\n<strong>Spielr&#228;ume Nachtausgabe: Frische Konzerte aus Melk \u2013 Alma, Martin Spengler, Thomas Gansch und Co<\/strong><\/p>\n<p style=\"padding-left: 40px;\">Als im vergangenen Herbst das Konzertleben wieder zum Stillstand kam, wurde die \u201eTischlerei Melk Kulturwerkstatt\u201c initiativ. Der Veranstalter wollte &#246;sterreichischen Musikschaffenden trotzdem eine B&#252;hne und dem Publikum via Internet Konzerte bieten. Drei der so entstandenen Konzertaufnahmen pr&#228;sentiert &#214;1 in dieser Spielr&#228;ume Nachtausgabe. Martin Spengler &amp; die foischn Wiener, die Formation Wieder, Gansch, Paul und die Band Alma mit ihren aktuellen Programmen aufgenommen in der Tischlerei Melk. Gestaltung: Klaus Wienerroither<\/p>\n<hr \/>\n<h2>16.01.2021<\/h2>\n<hr \/>\n<p>14:05 bis 15:00 | BR-KLASSIK<br \/>\n<strong>Das Musik-Feature: \u201eEin weites Feld &#8230;\u201c \u2013 Wie Musiker die Freiheit in der Solokadenz nutzen<\/strong><\/p>\n<p style=\"padding-left: 40px;\">Von Elgin Heuerding. Wenn das Orchester in der Komposition eine Pause einlegt und auf einem Quartsextakkord anh&#228;lt \u2013 dann ist Showtime f&#252;r den Solisten. Die Kadenz beginnt. Meist dauert sie nicht l&#228;nger als zwei bis vier Minuten. Doch k&#246;nnen die Solisten in dieser kurzen Zeit den gesamten Kompositionskosmos reflektieren. Entweder getreu den Noten, die der Komponist aufgeschrieben hat \u2013 oder als inspiriert Improvisierende. Wie also nehmen Musiker heute die Kadenzen von Mozart, Beethoven oder Brahms? Eigensinnig? Notengetreu? Wie gehen sie mit diesem besonderen Moment der Kadenz um? In ihrer Sendung spricht die Autorin Elgin Heuerding mit den Pianisten Janina Fialkowska, Dejan Lazic und Till Fellner, der Geigerin Patricia Kopatchinskaja, dem Violoncellisten Maximilian Hornung und der Klarinettistin Sharon Kam.<\/p>\n<p>22:04 bis 00:00 | WDR 3<br \/>\n<strong>WDR 3 Open Sounds: Inter artes et naturam Tierstimmen zwischen Instrumentalklang und Maschinenmusik<\/strong><\/p>\n<p style=\"padding-left: 40px;\">Oiseaux d&#8217;artifice \u2013 une nature morte \u2013 Von Harald Muenz. Produktion: WDR 2018. | Cetacea \u2013 Von Michael Fahres; Mit Doudou N\u00b4Diaye Rose, Drums. Produktion: WDR 2006<\/p>\n<p>22:05 bis 22:50 | Deutschlandfunk<br \/>\n<strong>Atelier neuer Musik: Sound und Positionieren \u2013 Das Elektronische Orchester Charlottenburg<\/strong><\/p>\n<p style=\"padding-left: 40px;\">Von Julian K&#228;mper. Die Verr&#228;umlichung von Kl&#228;ngen und Klanggruppen erfolgt beim Elektronischen Orchester Charlottenburg (EOC) live. Sie basiert auf der Annahme, dass jedem Klang eine spezifische Bewegung inh&#228;rent sei. Die elektronischen Instrumente der Orchestermitglieder werden dazu zu einem komplexen technischen Setup verschaltet. Die erzeugten Kl&#228;nge werden &#252;ber Lautsprecherkreise oder Schallfeldsynthese-Systeme wiedergegeben und dabei durch den Raum und um das Publikum herum bewegt. Das Kollektiv wurde 2017 von Henrik von Coler Am Elektronischen Studio der TU Berlin aus der Taufe gehoben. Von Anfang an gehen technische und k&#252;nstlerische Interessen Hand in Hand, musikalische Komposition und technische Konfiguration stehen in gegenseitiger Abh&#228;ngigkeit. Inzwischen verf&#252;gt das EOC &#252;ber ein breites Repertoire. In jedem St&#252;ck wird aufs Neue erprobt, wie gr&#246;&#223;ere Lautsprechersysteme angesteuert und bespielt werden, nach welchen Strategien die Klangkomplexe im Raum positioniert sind und nach welchen Spielregeln und in welcher Spielhaltung die Orchestermitglieder mit dem technischen System interagieren.<\/p>\n<p>23:00 bis 00:00 | hr2-kultur<br \/>\n<strong>The Artist&#8217;s Corner | Hessen h&#246;ren 20: Das Gel&#228;ut von Greifenstein | Von Bernd Leukert<\/strong><\/p>\n<p style=\"padding-left: 40px;\">Im Jahr 1160, als Friedrich I. Barbarossa den Volksaufstand in Mainz niederschlagen lie&#223;, wurde die Burg Greifenstein, im heutigen Lahn-Dill-Kreis gelegen, erstmals urkundlich erw&#228;hnt. In ihren Kasematten beherbergt sie ein ber&#252;hmtes Glockenmuseum mit der bedeutendsten Glockensammlung Deutschlands.<\/p>\n<p style=\"padding-left: 40px;\">Die Glockensammlung und die Siedlung Greifenstein im Landkreis Wetzlar, die sich erst durch die Gebietsreform von 1977 zur heutigen Gemeinde Greifenstein erweiterte, sind die Klangquellen, die der Frankfurter Akusmatiker Bernd Leukert (*1947) mit offenen Sinnen erlauscht und kunstvoll montiert hat. hr 2013 | 26 Min.<\/p>\n<hr \/>\n<h2>17.01.2021<\/h2>\n<hr \/>\n<p>13:04 bis 14:00 | hr2-kultur<br \/>\n<strong>Kaisers Kl&#228;nge \u2013 Musikalische Entdeckungsreisen \u2013 John F. Kennedy \u2013 Hoffnungstr&#228;ger und Musik-Ikone<\/strong><\/p>\n<p style=\"padding-left: 40px;\">Vor 60 Jahren wurde John F. Kennedy Pr&#228;sident der USA. Beliebt war der politische Hoffnungstr&#228;ger auch unter Musikern. Leonard Bernstein komponierte eigens eine Fanfare zur Amtseinf&#252;hrung und widmete ihm seine dritte Sinfonie.<\/p>\n<p style=\"padding-left: 40px;\">Als Geburtstagsst&#228;ndchen hauchte Marilyn Monroe ihr unwiderstehliches \u201eHappy Birthday, Mr. President\u201c. Und die musikalischen Trauerbekundungen nach Kennedys Ermordung reichen &#252;ber Elegien von Igor Strawinsky und Darius Milhaud bis zu Popsongs von Lou Reed.<\/p>\n<p>22:00 bis 00:00 | Bremen Zwei<br \/>\n<strong>Klassikwelt in concert<\/strong><\/p>\n<p style=\"padding-left: 40px;\">Mit zwei Konzertmitschnitten erinnert sich die BBC an Gastspiele des russischen Dirigenten Alexander Vedernikov, der Ende Oktober 2020 im Alter von nur 56 Jahren im Zusammenhang mit einer SARS-CoV-2 Infektion in Russland starb.<\/p>\n<p>23:03 bis 00:00 | WDR 3<br \/>\n<strong>WDR 3 Studio Neue Musik: My Favorite Choice [42] Carolin Widmann<\/strong><\/p>\n<p style=\"padding-left: 40px;\">Mit Ausschnitten aus <strong>Jonathan Harvey<\/strong>: Body Mandala f&#252;r Orchester; BBC Scottish Symphony Orchestra, Leitung: Ilan Volkov | <strong>George Benjamin<\/strong>: Palimpsests f&#252;r Ensemble; Ensemble Modern, Leitung: George Benjamin | <strong>Helmut Lachenmann<\/strong>: Pression f&#252;r Violoncello | <strong>Mark Andre<\/strong>: An f&#252;r Violine und Orchester; Carolin Widmann; WDR Sinfonieorchester, Leitung: Tito Ceccherini | <strong>Morton Feldman<\/strong>: Coptic Light f&#252;r Orchester; New World Symphony, Leitung: Michael Tilson Thomas | Sowie Ausschnitte aus Werken von <strong>Milica Djordjevic, Mithatcan &#214;cal und Anahita Abbasi<\/strong><\/p>\n<p>23:05 bis 00:00 | BR-KLASSIK<br \/>\n<strong>Musik der Welt: Fiddle, Tin Whistle und Uilleann Pipes \u2013 Traditionelle Musik von der Willie Clancy Summer School an der Westk&#252;ste Irlands<\/strong><\/p>\n<p>Allj&#228;hrlich im Juli ist der kleine Ort Miltown Malbay an der irischen Westk&#252;ste das Zentrum der traditionellen irischen Musik. Dann treffen Musiker aus beinahe allen Teilen der Welt an der Willie Clancy Summer School zusammen, um hier ihre Fertigkeiten auf Instrumenten wie Violine, Akkordeon, Fl&#246;te oder Banjo zu verbessern und um mit anderen Lernenden zusammen Musik zu machen. Eine Mischung aus Party, Schule und Konzert kennzeichnet diese alles andere als trockene Summer School \u2013 auch weil viele Konzerte und Sessions im Pub stattfinden. Gelehrt werden hier nicht nur Spieltechniken, sondern auch jede Menge Spielfreude, wie sie charakteristisch ist f&#252;r diese Art Musik. Eine Sendung von Robert Jungwirth<\/p>\n<hr \/>\n<p>10.1.2021 Update: Zwei Links erg&#228;nzt, Namen ausgeschrieben.<\/p>\n<p>&nbsp;<\/p>\n<div class=\"shariff shariff-align-left shariff-widget-align-left\" style=\"display:none\"><div class=\"ShariffHeadline\"> <\/div><ul class=\"shariff-buttons theme-default orientation-horizontal buttonsize-small\"><li class=\"shariff-button mastodon shariff-nocustomcolor\" style=\"background-color:#563ACC\"><a href=\"https:\/\/s2f.kytta.dev\/?text=Neue%20Musik%20%2F%20Musikfeature%20%2F%20SoundArt%3A%20Die%20Radiowoche%20vom%2011.01.%20bis%2017.01.2021 https%3A%2F%2Fblogs.nmz.de%2Fbadblog%2F2021%2F01%2F09%2Fneue-musik-musikfeature-soundart-der-radio-restmonat-vom-11-01-bis-17-01-2021%2F\" title=\"Bei Mastodon teilen\" aria-label=\"Bei Mastodon teilen\" role=\"button\" rel=\"noopener nofollow\" class=\"shariff-link\" style=\"; background-color:#6364FF; color:#fff\" target=\"_blank\"><span class=\"shariff-icon\" style=\"\"><svg width=\"75\" height=\"79\" viewBox=\"0 0 75 79\" fill=\"none\" xmlns=\"http:\/\/www.w3.org\/2000\/svg\"><path d=\"M37.813-.025C32.462-.058 27.114.13 21.79.598c-8.544.621-17.214 5.58-20.203 13.931C-1.12 23.318.408 32.622.465 41.65c.375 7.316.943 14.78 3.392 21.73 4.365 9.465 14.781 14.537 24.782 15.385 7.64.698 15.761-.213 22.517-4.026a54.1 54.1 0 0 0 .01-6.232c-6.855 1.316-14.101 2.609-21.049 1.074-3.883-.88-6.876-4.237-7.25-8.215-1.53-3.988 3.78-.43 5.584-.883 9.048 1.224 18.282.776 27.303-.462 7.044-.837 14.26-4.788 16.65-11.833 2.263-6.135 1.215-12.79 1.698-19.177.06-3.84.09-7.692-.262-11.52C72.596 7.844 63.223.981 53.834.684a219.453 219.453 0 0 0-16.022-.71zm11.294 12.882c5.5-.067 10.801 4.143 11.67 9.653.338 1.48.471 3 .471 4.515v21.088h-8.357c-.07-7.588.153-15.182-.131-22.765-.587-4.368-7.04-5.747-9.672-2.397-2.422 3.04-1.47 7.155-1.67 10.735v6.392h-8.307c-.146-4.996.359-10.045-.404-15.002-1.108-4.218-7.809-5.565-10.094-1.666-1.685 3.046-.712 6.634-.976 9.936v14.767h-8.354c.109-8.165-.238-16.344.215-24.5.674-5.346 5.095-10.389 10.676-10.627 4.902-.739 10.103 2.038 12.053 6.631.375 1.435 1.76 1.932 1.994.084 1.844-3.704 5.501-6.739 9.785-6.771.367-.044.735-.068 1.101-.073z\"\/><defs><linearGradient id=\"paint0_linear_549_34\" x1=\"37.0692\" y1=\"0\" x2=\"37.0692\" y2=\"79\" gradientUnits=\"userSpaceOnUse\"><stop stop-color=\"#6364FF\"\/><stop offset=\"1\" stop-color=\"#563ACC\"\/><\/linearGradient><\/defs><\/svg><\/span><span class=\"shariff-text\">teilen<\/span>&nbsp;<\/a><\/li><li class=\"shariff-button bluesky shariff-nocustomcolor\" style=\"background-color:#84c4ff\"><a href=\"https:\/\/bsky.app\/intent\/compose?text=Neue%20Musik%20%2F%20Musikfeature%20%2F%20SoundArt%3A%20Die%20Radiowoche%20vom%2011.01.%20bis%2017.01.2021 https%3A%2F%2Fblogs.nmz.de%2Fbadblog%2F2021%2F01%2F09%2Fneue-musik-musikfeature-soundart-der-radio-restmonat-vom-11-01-bis-17-01-2021%2F \" title=\"Bei Bluesky teilen\" aria-label=\"Bei Bluesky teilen\" role=\"button\" rel=\"noopener nofollow\" class=\"shariff-link\" style=\"; background-color:#0085ff; color:#fff\" target=\"_blank\"><span class=\"shariff-icon\" style=\"\"><svg width=\"20\" height=\"20\" version=\"1.1\" xmlns=\"http:\/\/www.w3.org\/2000\/svg\" viewBox=\"0 0 20 20\"><path class=\"st0\" d=\"M4.89,3.12c2.07,1.55,4.3,4.71,5.11,6.4.82-1.69,3.04-4.84,5.11-6.4,1.49-1.12,3.91-1.99,3.91.77,0,.55-.32,4.63-.5,5.3-.64,2.3-2.99,2.89-5.08,2.54,3.65.62,4.58,2.68,2.57,4.74-3.81,3.91-5.48-.98-5.9-2.23-.08-.23-.11-.34-.12-.25,0-.09-.04.02-.12.25-.43,1.25-2.09,6.14-5.9,2.23-2.01-2.06-1.08-4.12,2.57-4.74-2.09.36-4.44-.23-5.08-2.54-.19-.66-.5-4.74-.5-5.3,0-2.76,2.42-1.89,3.91-.77h0Z\"\/><\/svg><\/span><span class=\"shariff-text\">teilen<\/span>&nbsp;<\/a><\/li><li class=\"shariff-button facebook shariff-nocustomcolor\" style=\"background-color:#4273c8\"><a href=\"https:\/\/www.facebook.com\/sharer\/sharer.php?u=https%3A%2F%2Fblogs.nmz.de%2Fbadblog%2F2021%2F01%2F09%2Fneue-musik-musikfeature-soundart-der-radio-restmonat-vom-11-01-bis-17-01-2021%2F\" title=\"Bei Facebook teilen\" aria-label=\"Bei Facebook teilen\" role=\"button\" rel=\"nofollow\" class=\"shariff-link\" style=\"; background-color:#3b5998; color:#fff\" target=\"_blank\"><span class=\"shariff-icon\" style=\"\"><svg width=\"32px\" height=\"20px\" xmlns=\"http:\/\/www.w3.org\/2000\/svg\" viewBox=\"0 0 18 32\"><path fill=\"#3b5998\" d=\"M17.1 0.2v4.7h-2.8q-1.5 0-2.1 0.6t-0.5 1.9v3.4h5.2l-0.7 5.3h-4.5v13.6h-5.5v-13.6h-4.5v-5.3h4.5v-3.9q0-3.3 1.9-5.2t5-1.8q2.6 0 4.1 0.2z\"\/><\/svg><\/span><span class=\"shariff-text\">teilen<\/span>&nbsp;<\/a><\/li><li class=\"shariff-button threema shariff-nocustomcolor shariff-mobile\" style=\"background-color:#4fbc24\"><a href=\"threema:\/\/compose?text=Neue%20Musik%20%2F%20Musikfeature%20%2F%20SoundArt%3A%20Die%20Radiowoche%20vom%2011.01.%20bis%2017.01.2021%20https%3A%2F%2Fblogs.nmz.de%2Fbadblog%2F2021%2F01%2F09%2Fneue-musik-musikfeature-soundart-der-radio-restmonat-vom-11-01-bis-17-01-2021%2F\" title=\"Bei Threema teilen\" aria-label=\"Bei Threema teilen\" role=\"button\" rel=\"noopener nofollow\" class=\"shariff-link\" style=\"; background-color:#1f1f1f; color:#fff\" target=\"_blank\"><span class=\"shariff-icon\" style=\"\"><svg width=\"32px\" height=\"20px\" xmlns=\"http:\/\/www.w3.org\/2000\/svg\" viewBox=\"0 0 32 32\"><path fill=\"#1f1f1f\" d=\"M30.8 10.9c-0.3-1.4-0.9-2.6-1.8-3.8-2-2.6-5.5-4.5-9.4-5.2-1.3-0.2-1.9-0.3-3.5-0.3s-2.2 0-3.5 0.3c-4 0.7-7.4 2.6-9.4 5.2-0.9 1.2-1.5 2.4-1.8 3.8-0.1 0.5-0.2 1.2-0.2 1.6 0 0.4 0.1 1.1 0.2 1.6 0.4 1.9 1.3 3.4 2.9 5 0.8 0.8 0.8 0.8 0.7 1.3 0 0.6-0.5 1.6-1.7 3.6-0.3 0.5-0.5 0.9-0.5 0.9 0 0.1 0.1 0.1 0.5 0 0.8-0.2 2.3-0.6 5.6-1.6 1.1-0.3 1.3-0.4 2.3-0.4 0.8 0 1.1 0 2.3 0.2 1.5 0.2 3.5 0.2 4.9 0 5.1-0.6 9.3-2.9 11.4-6.3 0.5-0.9 0.9-1.8 1.1-2.8 0.1-0.5 0.2-1.1 0.2-1.6 0-0.7-0.1-1.1-0.2-1.6-0.3-1.4 0.1 0.5 0 0zM20.6 17.3c0 0.4-0.4 0.8-0.8 0.8h-7.7c-0.4 0-0.8-0.4-0.8-0.8v-4.6c0-0.4 0.4-0.8 0.8-0.8h0.2l0-1.6c0-0.9 0-1.8 0.1-2 0.1-0.6 0.6-1.2 1.1-1.7s1.1-0.7 1.9-0.8c1.8-0.3 3.7 0.7 4.2 2.2 0.1 0.3 0.1 0.7 0.1 2.1v0 1.7h0.1c0.4 0 0.8 0.4 0.8 0.8v4.6zM15.6 7.3c-0.5 0.1-0.8 0.3-1.2 0.6s-0.6 0.8-0.7 1.3c0 0.2 0 0.8 0 1.5l0 1.2h4.6v-1.3c0-1 0-1.4-0.1-1.6-0.3-1.1-1.5-1.9-2.6-1.7zM25.8 28.2c0 1.2-1 2.2-2.1 2.2s-2.1-1-2.1-2.1c0-1.2 1-2.1 2.2-2.1s2.2 1 2.2 2.2zM18.1 28.2c0 1.2-1 2.2-2.1 2.2s-2.1-1-2.1-2.1c0-1.2 1-2.1 2.2-2.1s2.2 1 2.2 2.2zM10.4 28.2c0 1.2-1 2.2-2.1 2.2s-2.1-1-2.1-2.1c0-1.2 1-2.1 2.2-2.1s2.2 1 2.2 2.2z\"\/><\/svg><\/span><span class=\"shariff-text\">teilen<\/span>&nbsp;<\/a><\/li><li class=\"shariff-button linkedin shariff-nocustomcolor\" style=\"background-color:#1488bf\"><a href=\"https:\/\/www.linkedin.com\/sharing\/share-offsite\/?url=https%3A%2F%2Fblogs.nmz.de%2Fbadblog%2F2021%2F01%2F09%2Fneue-musik-musikfeature-soundart-der-radio-restmonat-vom-11-01-bis-17-01-2021%2F\" title=\"Bei LinkedIn teilen\" aria-label=\"Bei LinkedIn teilen\" role=\"button\" rel=\"noopener nofollow\" class=\"shariff-link\" style=\"; background-color:#0077b5; color:#fff\" target=\"_blank\"><span class=\"shariff-icon\" style=\"\"><svg width=\"32px\" height=\"20px\" xmlns=\"http:\/\/www.w3.org\/2000\/svg\" viewBox=\"0 0 27 32\"><path fill=\"#0077b5\" d=\"M6.2 11.2v17.7h-5.9v-17.7h5.9zM6.6 5.7q0 1.3-0.9 2.2t-2.4 0.9h0q-1.5 0-2.4-0.9t-0.9-2.2 0.9-2.2 2.4-0.9 2.4 0.9 0.9 2.2zM27.4 18.7v10.1h-5.9v-9.5q0-1.9-0.7-2.9t-2.3-1.1q-1.1 0-1.9 0.6t-1.2 1.5q-0.2 0.5-0.2 1.4v9.9h-5.9q0-7.1 0-11.6t0-5.3l0-0.9h5.9v2.6h0q0.4-0.6 0.7-1t1-0.9 1.6-0.8 2-0.3q3 0 4.9 2t1.9 6z\"\/><\/svg><\/span><span class=\"shariff-text\">teilen<\/span>&nbsp;<\/a><\/li><li class=\"shariff-button info shariff-nocustomcolor\" style=\"background-color:#eee\"><a href=\"http:\/\/ct.de\/-2467514\" title=\"Weitere Informationen\" aria-label=\"Weitere Informationen\" role=\"button\" rel=\"noopener \" class=\"shariff-link\" style=\"; background-color:#fff; color:#fff\" target=\"_blank\"><span class=\"shariff-icon\" style=\"\"><svg width=\"32px\" height=\"20px\" xmlns=\"http:\/\/www.w3.org\/2000\/svg\" viewBox=\"0 0 11 32\"><path fill=\"#999\" d=\"M11.4 24v2.3q0 0.5-0.3 0.8t-0.8 0.4h-9.1q-0.5 0-0.8-0.4t-0.4-0.8v-2.3q0-0.5 0.4-0.8t0.8-0.4h1.1v-6.8h-1.1q-0.5 0-0.8-0.4t-0.4-0.8v-2.3q0-0.5 0.4-0.8t0.8-0.4h6.8q0.5 0 0.8 0.4t0.4 0.8v10.3h1.1q0.5 0 0.8 0.4t0.3 0.8zM9.2 3.4v3.4q0 0.5-0.4 0.8t-0.8 0.4h-4.6q-0.4 0-0.8-0.4t-0.4-0.8v-3.4q0-0.4 0.4-0.8t0.8-0.4h4.6q0.5 0 0.8 0.4t0.4 0.8z\"\/><\/svg><\/span><\/a><\/li><\/ul><\/div>","protected":false},"excerpt":{"rendered":"<p>Neue Musik und Musikfeatures in der Kalenderwoche 2. Die ARD-Suchmaschine wurde wieder in Betrieb genommen. Vielleicht haben doch die Proteste etwas bewirkt \u2013 oder es ist heimlich passiert &#x1f609; Alle bekannten Stream-, Web- und RSS-Adressen deutscher Sender finden sich bei Stefan Hetzel. Download dieser &#220;bersicht als PDF. nmz-Podcastpartnerin Irene Kurka&#46;&#46;&#46;<\/p>\n<div class=\"shariff shariff-align-left shariff-widget-align-left\" style=\"display:none\"><div class=\"ShariffHeadline\"> <\/div><ul class=\"shariff-buttons theme-default orientation-horizontal buttonsize-small\"><li class=\"shariff-button mastodon shariff-nocustomcolor\" style=\"background-color:#563ACC\"><a href=\"https:\/\/s2f.kytta.dev\/?text=Neue%20Musik%20%2F%20Musikfeature%20%2F%20SoundArt%3A%20Die%20Radiowoche%20vom%2011.01.%20bis%2017.01.2021 https%3A%2F%2Fblogs.nmz.de%2Fbadblog%2F2021%2F01%2F09%2Fneue-musik-musikfeature-soundart-der-radio-restmonat-vom-11-01-bis-17-01-2021%2F\" title=\"Bei Mastodon teilen\" aria-label=\"Bei Mastodon teilen\" role=\"button\" rel=\"noopener nofollow\" class=\"shariff-link\" style=\"; background-color:#6364FF; color:#fff\" target=\"_blank\"><span class=\"shariff-icon\" style=\"\"><svg width=\"75\" height=\"79\" viewBox=\"0 0 75 79\" fill=\"none\" xmlns=\"http:\/\/www.w3.org\/2000\/svg\"><path d=\"M37.813-.025C32.462-.058 27.114.13 21.79.598c-8.544.621-17.214 5.58-20.203 13.931C-1.12 23.318.408 32.622.465 41.65c.375 7.316.943 14.78 3.392 21.73 4.365 9.465 14.781 14.537 24.782 15.385 7.64.698 15.761-.213 22.517-4.026a54.1 54.1 0 0 0 .01-6.232c-6.855 1.316-14.101 2.609-21.049 1.074-3.883-.88-6.876-4.237-7.25-8.215-1.53-3.988 3.78-.43 5.584-.883 9.048 1.224 18.282.776 27.303-.462 7.044-.837 14.26-4.788 16.65-11.833 2.263-6.135 1.215-12.79 1.698-19.177.06-3.84.09-7.692-.262-11.52C72.596 7.844 63.223.981 53.834.684a219.453 219.453 0 0 0-16.022-.71zm11.294 12.882c5.5-.067 10.801 4.143 11.67 9.653.338 1.48.471 3 .471 4.515v21.088h-8.357c-.07-7.588.153-15.182-.131-22.765-.587-4.368-7.04-5.747-9.672-2.397-2.422 3.04-1.47 7.155-1.67 10.735v6.392h-8.307c-.146-4.996.359-10.045-.404-15.002-1.108-4.218-7.809-5.565-10.094-1.666-1.685 3.046-.712 6.634-.976 9.936v14.767h-8.354c.109-8.165-.238-16.344.215-24.5.674-5.346 5.095-10.389 10.676-10.627 4.902-.739 10.103 2.038 12.053 6.631.375 1.435 1.76 1.932 1.994.084 1.844-3.704 5.501-6.739 9.785-6.771.367-.044.735-.068 1.101-.073z\"\/><defs><linearGradient id=\"paint0_linear_549_34\" x1=\"37.0692\" y1=\"0\" x2=\"37.0692\" y2=\"79\" gradientUnits=\"userSpaceOnUse\"><stop stop-color=\"#6364FF\"\/><stop offset=\"1\" stop-color=\"#563ACC\"\/><\/linearGradient><\/defs><\/svg><\/span><span class=\"shariff-text\">teilen<\/span>&nbsp;<\/a><\/li><li class=\"shariff-button bluesky shariff-nocustomcolor\" style=\"background-color:#84c4ff\"><a href=\"https:\/\/bsky.app\/intent\/compose?text=Neue%20Musik%20%2F%20Musikfeature%20%2F%20SoundArt%3A%20Die%20Radiowoche%20vom%2011.01.%20bis%2017.01.2021 https%3A%2F%2Fblogs.nmz.de%2Fbadblog%2F2021%2F01%2F09%2Fneue-musik-musikfeature-soundart-der-radio-restmonat-vom-11-01-bis-17-01-2021%2F \" title=\"Bei Bluesky teilen\" aria-label=\"Bei Bluesky teilen\" role=\"button\" rel=\"noopener nofollow\" class=\"shariff-link\" style=\"; background-color:#0085ff; color:#fff\" target=\"_blank\"><span class=\"shariff-icon\" style=\"\"><svg width=\"20\" height=\"20\" version=\"1.1\" xmlns=\"http:\/\/www.w3.org\/2000\/svg\" viewBox=\"0 0 20 20\"><path class=\"st0\" d=\"M4.89,3.12c2.07,1.55,4.3,4.71,5.11,6.4.82-1.69,3.04-4.84,5.11-6.4,1.49-1.12,3.91-1.99,3.91.77,0,.55-.32,4.63-.5,5.3-.64,2.3-2.99,2.89-5.08,2.54,3.65.62,4.58,2.68,2.57,4.74-3.81,3.91-5.48-.98-5.9-2.23-.08-.23-.11-.34-.12-.25,0-.09-.04.02-.12.25-.43,1.25-2.09,6.14-5.9,2.23-2.01-2.06-1.08-4.12,2.57-4.74-2.09.36-4.44-.23-5.08-2.54-.19-.66-.5-4.74-.5-5.3,0-2.76,2.42-1.89,3.91-.77h0Z\"\/><\/svg><\/span><span class=\"shariff-text\">teilen<\/span>&nbsp;<\/a><\/li><li class=\"shariff-button facebook shariff-nocustomcolor\" style=\"background-color:#4273c8\"><a href=\"https:\/\/www.facebook.com\/sharer\/sharer.php?u=https%3A%2F%2Fblogs.nmz.de%2Fbadblog%2F2021%2F01%2F09%2Fneue-musik-musikfeature-soundart-der-radio-restmonat-vom-11-01-bis-17-01-2021%2F\" title=\"Bei Facebook teilen\" aria-label=\"Bei Facebook teilen\" role=\"button\" rel=\"nofollow\" class=\"shariff-link\" style=\"; background-color:#3b5998; color:#fff\" target=\"_blank\"><span class=\"shariff-icon\" style=\"\"><svg width=\"32px\" height=\"20px\" xmlns=\"http:\/\/www.w3.org\/2000\/svg\" viewBox=\"0 0 18 32\"><path fill=\"#3b5998\" d=\"M17.1 0.2v4.7h-2.8q-1.5 0-2.1 0.6t-0.5 1.9v3.4h5.2l-0.7 5.3h-4.5v13.6h-5.5v-13.6h-4.5v-5.3h4.5v-3.9q0-3.3 1.9-5.2t5-1.8q2.6 0 4.1 0.2z\"\/><\/svg><\/span><span class=\"shariff-text\">teilen<\/span>&nbsp;<\/a><\/li><li class=\"shariff-button threema shariff-nocustomcolor shariff-mobile\" style=\"background-color:#4fbc24\"><a href=\"threema:\/\/compose?text=Neue%20Musik%20%2F%20Musikfeature%20%2F%20SoundArt%3A%20Die%20Radiowoche%20vom%2011.01.%20bis%2017.01.2021%20https%3A%2F%2Fblogs.nmz.de%2Fbadblog%2F2021%2F01%2F09%2Fneue-musik-musikfeature-soundart-der-radio-restmonat-vom-11-01-bis-17-01-2021%2F\" title=\"Bei Threema teilen\" aria-label=\"Bei Threema teilen\" role=\"button\" rel=\"noopener nofollow\" class=\"shariff-link\" style=\"; background-color:#1f1f1f; color:#fff\" target=\"_blank\"><span class=\"shariff-icon\" style=\"\"><svg width=\"32px\" height=\"20px\" xmlns=\"http:\/\/www.w3.org\/2000\/svg\" viewBox=\"0 0 32 32\"><path fill=\"#1f1f1f\" d=\"M30.8 10.9c-0.3-1.4-0.9-2.6-1.8-3.8-2-2.6-5.5-4.5-9.4-5.2-1.3-0.2-1.9-0.3-3.5-0.3s-2.2 0-3.5 0.3c-4 0.7-7.4 2.6-9.4 5.2-0.9 1.2-1.5 2.4-1.8 3.8-0.1 0.5-0.2 1.2-0.2 1.6 0 0.4 0.1 1.1 0.2 1.6 0.4 1.9 1.3 3.4 2.9 5 0.8 0.8 0.8 0.8 0.7 1.3 0 0.6-0.5 1.6-1.7 3.6-0.3 0.5-0.5 0.9-0.5 0.9 0 0.1 0.1 0.1 0.5 0 0.8-0.2 2.3-0.6 5.6-1.6 1.1-0.3 1.3-0.4 2.3-0.4 0.8 0 1.1 0 2.3 0.2 1.5 0.2 3.5 0.2 4.9 0 5.1-0.6 9.3-2.9 11.4-6.3 0.5-0.9 0.9-1.8 1.1-2.8 0.1-0.5 0.2-1.1 0.2-1.6 0-0.7-0.1-1.1-0.2-1.6-0.3-1.4 0.1 0.5 0 0zM20.6 17.3c0 0.4-0.4 0.8-0.8 0.8h-7.7c-0.4 0-0.8-0.4-0.8-0.8v-4.6c0-0.4 0.4-0.8 0.8-0.8h0.2l0-1.6c0-0.9 0-1.8 0.1-2 0.1-0.6 0.6-1.2 1.1-1.7s1.1-0.7 1.9-0.8c1.8-0.3 3.7 0.7 4.2 2.2 0.1 0.3 0.1 0.7 0.1 2.1v0 1.7h0.1c0.4 0 0.8 0.4 0.8 0.8v4.6zM15.6 7.3c-0.5 0.1-0.8 0.3-1.2 0.6s-0.6 0.8-0.7 1.3c0 0.2 0 0.8 0 1.5l0 1.2h4.6v-1.3c0-1 0-1.4-0.1-1.6-0.3-1.1-1.5-1.9-2.6-1.7zM25.8 28.2c0 1.2-1 2.2-2.1 2.2s-2.1-1-2.1-2.1c0-1.2 1-2.1 2.2-2.1s2.2 1 2.2 2.2zM18.1 28.2c0 1.2-1 2.2-2.1 2.2s-2.1-1-2.1-2.1c0-1.2 1-2.1 2.2-2.1s2.2 1 2.2 2.2zM10.4 28.2c0 1.2-1 2.2-2.1 2.2s-2.1-1-2.1-2.1c0-1.2 1-2.1 2.2-2.1s2.2 1 2.2 2.2z\"\/><\/svg><\/span><span class=\"shariff-text\">teilen<\/span>&nbsp;<\/a><\/li><li class=\"shariff-button linkedin shariff-nocustomcolor\" style=\"background-color:#1488bf\"><a href=\"https:\/\/www.linkedin.com\/sharing\/share-offsite\/?url=https%3A%2F%2Fblogs.nmz.de%2Fbadblog%2F2021%2F01%2F09%2Fneue-musik-musikfeature-soundart-der-radio-restmonat-vom-11-01-bis-17-01-2021%2F\" title=\"Bei LinkedIn teilen\" aria-label=\"Bei LinkedIn teilen\" role=\"button\" rel=\"noopener nofollow\" class=\"shariff-link\" style=\"; background-color:#0077b5; color:#fff\" target=\"_blank\"><span class=\"shariff-icon\" style=\"\"><svg width=\"32px\" height=\"20px\" xmlns=\"http:\/\/www.w3.org\/2000\/svg\" viewBox=\"0 0 27 32\"><path fill=\"#0077b5\" d=\"M6.2 11.2v17.7h-5.9v-17.7h5.9zM6.6 5.7q0 1.3-0.9 2.2t-2.4 0.9h0q-1.5 0-2.4-0.9t-0.9-2.2 0.9-2.2 2.4-0.9 2.4 0.9 0.9 2.2zM27.4 18.7v10.1h-5.9v-9.5q0-1.9-0.7-2.9t-2.3-1.1q-1.1 0-1.9 0.6t-1.2 1.5q-0.2 0.5-0.2 1.4v9.9h-5.9q0-7.1 0-11.6t0-5.3l0-0.9h5.9v2.6h0q0.4-0.6 0.7-1t1-0.9 1.6-0.8 2-0.3q3 0 4.9 2t1.9 6z\"\/><\/svg><\/span><span class=\"shariff-text\">teilen<\/span>&nbsp;<\/a><\/li><li class=\"shariff-button info shariff-nocustomcolor\" style=\"background-color:#eee\"><a href=\"http:\/\/ct.de\/-2467514\" title=\"Weitere Informationen\" aria-label=\"Weitere Informationen\" role=\"button\" rel=\"noopener \" class=\"shariff-link\" style=\"; background-color:#fff; color:#fff\" target=\"_blank\"><span class=\"shariff-icon\" style=\"\"><svg width=\"32px\" height=\"20px\" xmlns=\"http:\/\/www.w3.org\/2000\/svg\" viewBox=\"0 0 11 32\"><path fill=\"#999\" d=\"M11.4 24v2.3q0 0.5-0.3 0.8t-0.8 0.4h-9.1q-0.5 0-0.8-0.4t-0.4-0.8v-2.3q0-0.5 0.4-0.8t0.8-0.4h1.1v-6.8h-1.1q-0.5 0-0.8-0.4t-0.4-0.8v-2.3q0-0.5 0.4-0.8t0.8-0.4h6.8q0.5 0 0.8 0.4t0.4 0.8v10.3h1.1q0.5 0 0.8 0.4t0.3 0.8zM9.2 3.4v3.4q0 0.5-0.4 0.8t-0.8 0.4h-4.6q-0.4 0-0.8-0.4t-0.4-0.8v-3.4q0-0.4 0.4-0.8t0.8-0.4h4.6q0.5 0 0.8 0.4t0.4 0.8z\"\/><\/svg><\/span><\/a><\/li><\/ul><\/div>","protected":false},"author":590,"featured_media":14800,"comment_status":"open","ping_status":"open","sticky":false,"template":"","format":"standard","meta":{"jetpack_post_was_ever_published":false,"_jetpack_newsletter_access":"","_jetpack_dont_email_post_to_subs":false,"_jetpack_newsletter_tier_id":0,"_jetpack_memberships_contains_paywalled_content":false,"_jetpack_memberships_contains_paid_content":false,"footnotes":""},"categories":[2892,14853],"tags":[14876],"class_list":["post-23481","post","type-post","status-publish","format-standard","has-post-thumbnail","hentry","category-deutsch","category-radiomedien","tag-neue-musik-im-radio"],"yoast_head":"<!-- This site is optimized with the Yoast SEO plugin v27.5 - https:\/\/yoast.com\/product\/yoast-seo-wordpress\/ -->\n<title>Neue Musik \/ Musikfeature \/ SoundArt: Die Radiowoche vom 11.01. bis 17.01.2021 &#8211; Bad Blog Of Musick - Das unabh\u00e4ngige Musikblog der nmz<\/title>\n<meta name=\"description\" content=\"Bad Blog Of Musick \u2013 Das wahrscheinlich bedeutendste Musik-Blog zur zeitgen\u00f6ssischen und klassischen Musikkultur\" \/>\n<meta name=\"robots\" content=\"index, follow, max-snippet:-1, max-image-preview:large, max-video-preview:-1\" \/>\n<link rel=\"canonical\" href=\"https:\/\/blogs.nmz.de\/badblog\/2021\/01\/09\/neue-musik-musikfeature-soundart-der-radio-restmonat-vom-11-01-bis-17-01-2021\/\" \/>\n<meta property=\"og:locale\" content=\"de_DE\" \/>\n<meta property=\"og:type\" content=\"article\" \/>\n<meta property=\"og:title\" content=\"Neue Musik \/ Musikfeature \/ SoundArt: Die Radiowoche vom 11.01. bis 17.01.2021 &#8211; Bad Blog Of Musick - Das unabh\u00e4ngige Musikblog der nmz\" \/>\n<meta property=\"og:description\" content=\"Bad Blog Of Musick \u2013 Das wahrscheinlich bedeutendste Musik-Blog zur zeitgen\u00f6ssischen und klassischen Musikkultur\" \/>\n<meta property=\"og:url\" content=\"https:\/\/blogs.nmz.de\/badblog\/2021\/01\/09\/neue-musik-musikfeature-soundart-der-radio-restmonat-vom-11-01-bis-17-01-2021\/\" \/>\n<meta property=\"og:site_name\" content=\"Bad Blog Of Musick\" \/>\n<meta property=\"article:publisher\" content=\"https:\/\/www.facebook.com\/musikzeitung\" \/>\n<meta property=\"article:published_time\" content=\"2021-01-09T17:00:10+00:00\" \/>\n<meta property=\"article:modified_time\" content=\"2021-01-10T12:01:17+00:00\" \/>\n<meta property=\"og:image\" content=\"https:\/\/blogs.nmz.de\/badblog\/files\/2017\/02\/huf-np-radio-musik-final.jpg\" \/>\n\t<meta property=\"og:image:width\" content=\"2048\" \/>\n\t<meta property=\"og:image:height\" content=\"1536\" \/>\n\t<meta property=\"og:image:type\" content=\"image\/jpeg\" \/>\n<meta name=\"author\" content=\"Der Radiofrau\" \/>\n<meta name=\"twitter:card\" content=\"summary_large_image\" \/>\n<meta name=\"twitter:creator\" content=\"@musikzeitung\" \/>\n<meta name=\"twitter:site\" content=\"@musikzeitung\" \/>\n<meta name=\"twitter:label1\" content=\"Verfasst von\" \/>\n\t<meta name=\"twitter:data1\" content=\"Der Radiofrau\" \/>\n\t<meta name=\"twitter:label2\" content=\"Gesch\u00e4tzte Lesezeit\" \/>\n\t<meta name=\"twitter:data2\" content=\"21\u00a0Minuten\" \/>\n<script type=\"application\/ld+json\" class=\"yoast-schema-graph\">{\"@context\":\"https:\\\/\\\/schema.org\",\"@graph\":[{\"@type\":\"Article\",\"@id\":\"https:\\\/\\\/blogs.nmz.de\\\/badblog\\\/2021\\\/01\\\/09\\\/neue-musik-musikfeature-soundart-der-radio-restmonat-vom-11-01-bis-17-01-2021\\\/#article\",\"isPartOf\":{\"@id\":\"https:\\\/\\\/blogs.nmz.de\\\/badblog\\\/2021\\\/01\\\/09\\\/neue-musik-musikfeature-soundart-der-radio-restmonat-vom-11-01-bis-17-01-2021\\\/\"},\"author\":{\"name\":\"Der Radiofrau\",\"@id\":\"https:\\\/\\\/blogs.nmz.de\\\/badblog\\\/#\\\/schema\\\/person\\\/f40fa3b57b0ad5fd0e139d3aca42c60f\"},\"headline\":\"Neue Musik \\\/ Musikfeature \\\/ SoundArt: Die Radiowoche vom 11.01. bis 17.01.2021\",\"datePublished\":\"2021-01-09T17:00:10+00:00\",\"dateModified\":\"2021-01-10T12:01:17+00:00\",\"mainEntityOfPage\":{\"@id\":\"https:\\\/\\\/blogs.nmz.de\\\/badblog\\\/2021\\\/01\\\/09\\\/neue-musik-musikfeature-soundart-der-radio-restmonat-vom-11-01-bis-17-01-2021\\\/\"},\"wordCount\":4232,\"commentCount\":2,\"publisher\":{\"@id\":\"https:\\\/\\\/blogs.nmz.de\\\/badblog\\\/#organization\"},\"image\":{\"@id\":\"https:\\\/\\\/blogs.nmz.de\\\/badblog\\\/2021\\\/01\\\/09\\\/neue-musik-musikfeature-soundart-der-radio-restmonat-vom-11-01-bis-17-01-2021\\\/#primaryimage\"},\"thumbnailUrl\":\"https:\\\/\\\/i0.wp.com\\\/blogs.nmz.de\\\/badblog\\\/files\\\/2017\\\/02\\\/huf-np-radio-musik-final.jpg?fit=2048%2C1536&ssl=1\",\"keywords\":[\"Neue Musik im Radio\"],\"articleSection\":[\"Deutsch\",\"Radio\\\/Medien\"],\"inLanguage\":\"de\",\"potentialAction\":[{\"@type\":\"CommentAction\",\"name\":\"Comment\",\"target\":[\"https:\\\/\\\/blogs.nmz.de\\\/badblog\\\/2021\\\/01\\\/09\\\/neue-musik-musikfeature-soundart-der-radio-restmonat-vom-11-01-bis-17-01-2021\\\/#respond\"]}]},{\"@type\":\"WebPage\",\"@id\":\"https:\\\/\\\/blogs.nmz.de\\\/badblog\\\/2021\\\/01\\\/09\\\/neue-musik-musikfeature-soundart-der-radio-restmonat-vom-11-01-bis-17-01-2021\\\/\",\"url\":\"https:\\\/\\\/blogs.nmz.de\\\/badblog\\\/2021\\\/01\\\/09\\\/neue-musik-musikfeature-soundart-der-radio-restmonat-vom-11-01-bis-17-01-2021\\\/\",\"name\":\"Neue Musik \\\/ Musikfeature \\\/ SoundArt: Die Radiowoche vom 11.01. bis 17.01.2021 &#8211; Bad Blog Of Musick - Das unabh\u00e4ngige Musikblog der nmz\",\"isPartOf\":{\"@id\":\"https:\\\/\\\/blogs.nmz.de\\\/badblog\\\/#website\"},\"primaryImageOfPage\":{\"@id\":\"https:\\\/\\\/blogs.nmz.de\\\/badblog\\\/2021\\\/01\\\/09\\\/neue-musik-musikfeature-soundart-der-radio-restmonat-vom-11-01-bis-17-01-2021\\\/#primaryimage\"},\"image\":{\"@id\":\"https:\\\/\\\/blogs.nmz.de\\\/badblog\\\/2021\\\/01\\\/09\\\/neue-musik-musikfeature-soundart-der-radio-restmonat-vom-11-01-bis-17-01-2021\\\/#primaryimage\"},\"thumbnailUrl\":\"https:\\\/\\\/i0.wp.com\\\/blogs.nmz.de\\\/badblog\\\/files\\\/2017\\\/02\\\/huf-np-radio-musik-final.jpg?fit=2048%2C1536&ssl=1\",\"datePublished\":\"2021-01-09T17:00:10+00:00\",\"dateModified\":\"2021-01-10T12:01:17+00:00\",\"description\":\"Bad Blog Of Musick \u2013 Das wahrscheinlich bedeutendste Musik-Blog zur zeitgen\u00f6ssischen und klassischen Musikkultur\",\"breadcrumb\":{\"@id\":\"https:\\\/\\\/blogs.nmz.de\\\/badblog\\\/2021\\\/01\\\/09\\\/neue-musik-musikfeature-soundart-der-radio-restmonat-vom-11-01-bis-17-01-2021\\\/#breadcrumb\"},\"inLanguage\":\"de\",\"potentialAction\":[{\"@type\":\"ReadAction\",\"target\":[\"https:\\\/\\\/blogs.nmz.de\\\/badblog\\\/2021\\\/01\\\/09\\\/neue-musik-musikfeature-soundart-der-radio-restmonat-vom-11-01-bis-17-01-2021\\\/\"]}]},{\"@type\":\"ImageObject\",\"inLanguage\":\"de\",\"@id\":\"https:\\\/\\\/blogs.nmz.de\\\/badblog\\\/2021\\\/01\\\/09\\\/neue-musik-musikfeature-soundart-der-radio-restmonat-vom-11-01-bis-17-01-2021\\\/#primaryimage\",\"url\":\"https:\\\/\\\/i0.wp.com\\\/blogs.nmz.de\\\/badblog\\\/files\\\/2017\\\/02\\\/huf-np-radio-musik-final.jpg?fit=2048%2C1536&ssl=1\",\"contentUrl\":\"https:\\\/\\\/i0.wp.com\\\/blogs.nmz.de\\\/badblog\\\/files\\\/2017\\\/02\\\/huf-np-radio-musik-final.jpg?fit=2048%2C1536&ssl=1\",\"width\":2048,\"height\":1536,\"caption\":\"Radio Neue Musik. Montage: Hufner\"},{\"@type\":\"BreadcrumbList\",\"@id\":\"https:\\\/\\\/blogs.nmz.de\\\/badblog\\\/2021\\\/01\\\/09\\\/neue-musik-musikfeature-soundart-der-radio-restmonat-vom-11-01-bis-17-01-2021\\\/#breadcrumb\",\"itemListElement\":[{\"@type\":\"ListItem\",\"position\":1,\"name\":\"Startseite\",\"item\":\"https:\\\/\\\/blogs.nmz.de\\\/badblog\\\/\"},{\"@type\":\"ListItem\",\"position\":2,\"name\":\"Neue Musik \\\/ Musikfeature \\\/ SoundArt: Die Radiowoche vom 11.01. bis 17.01.2021\"}]},{\"@type\":\"WebSite\",\"@id\":\"https:\\\/\\\/blogs.nmz.de\\\/badblog\\\/#website\",\"url\":\"https:\\\/\\\/blogs.nmz.de\\\/badblog\\\/\",\"name\":\"Bad Blog Of Musick\",\"description\":\"Das bedeutendste Blog zur zeitgen\u00f6ssischen Musikkultur\",\"publisher\":{\"@id\":\"https:\\\/\\\/blogs.nmz.de\\\/badblog\\\/#organization\"},\"potentialAction\":[{\"@type\":\"SearchAction\",\"target\":{\"@type\":\"EntryPoint\",\"urlTemplate\":\"https:\\\/\\\/blogs.nmz.de\\\/badblog\\\/?s={search_term_string}\"},\"query-input\":{\"@type\":\"PropertyValueSpecification\",\"valueRequired\":true,\"valueName\":\"search_term_string\"}}],\"inLanguage\":\"de\"},{\"@type\":\"Organization\",\"@id\":\"https:\\\/\\\/blogs.nmz.de\\\/badblog\\\/#organization\",\"name\":\"Bad Blog Of Musick\",\"alternateName\":\"Ein Klassik-Blog zur Musik\",\"url\":\"https:\\\/\\\/blogs.nmz.de\\\/badblog\\\/\",\"logo\":{\"@type\":\"ImageObject\",\"inLanguage\":\"de\",\"@id\":\"https:\\\/\\\/blogs.nmz.de\\\/badblog\\\/#\\\/schema\\\/logo\\\/image\\\/\",\"url\":\"https:\\\/\\\/i0.wp.com\\\/blogs.nmz.de\\\/badblog\\\/files\\\/2016\\\/10\\\/badblog-logo1.png?fit=512%2C512&ssl=1\",\"contentUrl\":\"https:\\\/\\\/i0.wp.com\\\/blogs.nmz.de\\\/badblog\\\/files\\\/2016\\\/10\\\/badblog-logo1.png?fit=512%2C512&ssl=1\",\"width\":512,\"height\":512,\"caption\":\"Bad Blog Of Musick\"},\"image\":{\"@id\":\"https:\\\/\\\/blogs.nmz.de\\\/badblog\\\/#\\\/schema\\\/logo\\\/image\\\/\"},\"sameAs\":[\"https:\\\/\\\/www.facebook.com\\\/musikzeitung\",\"https:\\\/\\\/x.com\\\/musikzeitung\"]},{\"@type\":\"Person\",\"@id\":\"https:\\\/\\\/blogs.nmz.de\\\/badblog\\\/#\\\/schema\\\/person\\\/f40fa3b57b0ad5fd0e139d3aca42c60f\",\"name\":\"Der Radiofrau\",\"description\":\"radiofreak der alten schule. transistor, diode, spule, kondensator. ehemals manipulator:in mehrerer rundfunksendungen.\",\"sameAs\":[\"https:\\\/\\\/musikunrat.de\"],\"url\":\"https:\\\/\\\/blogs.nmz.de\\\/badblog\\\/author\\\/hufidufi\\\/\"}]}<\/script>\n<!-- \/ Yoast SEO plugin. -->","yoast_head_json":{"title":"Neue Musik \/ Musikfeature \/ SoundArt: Die Radiowoche vom 11.01. bis 17.01.2021 &#8211; Bad Blog Of Musick - Das unabh\u00e4ngige Musikblog der nmz","description":"Bad Blog Of Musick \u2013 Das wahrscheinlich bedeutendste Musik-Blog zur zeitgen\u00f6ssischen und klassischen Musikkultur","robots":{"index":"index","follow":"follow","max-snippet":"max-snippet:-1","max-image-preview":"max-image-preview:large","max-video-preview":"max-video-preview:-1"},"canonical":"https:\/\/blogs.nmz.de\/badblog\/2021\/01\/09\/neue-musik-musikfeature-soundart-der-radio-restmonat-vom-11-01-bis-17-01-2021\/","og_locale":"de_DE","og_type":"article","og_title":"Neue Musik \/ Musikfeature \/ SoundArt: Die Radiowoche vom 11.01. bis 17.01.2021 &#8211; Bad Blog Of Musick - Das unabh\u00e4ngige Musikblog der nmz","og_description":"Bad Blog Of Musick \u2013 Das wahrscheinlich bedeutendste Musik-Blog zur zeitgen\u00f6ssischen und klassischen Musikkultur","og_url":"https:\/\/blogs.nmz.de\/badblog\/2021\/01\/09\/neue-musik-musikfeature-soundart-der-radio-restmonat-vom-11-01-bis-17-01-2021\/","og_site_name":"Bad Blog Of Musick","article_publisher":"https:\/\/www.facebook.com\/musikzeitung","article_published_time":"2021-01-09T17:00:10+00:00","article_modified_time":"2021-01-10T12:01:17+00:00","og_image":[{"width":2048,"height":1536,"url":"https:\/\/blogs.nmz.de\/badblog\/files\/2017\/02\/huf-np-radio-musik-final.jpg","type":"image\/jpeg"}],"author":"Der Radiofrau","twitter_card":"summary_large_image","twitter_creator":"@musikzeitung","twitter_site":"@musikzeitung","twitter_misc":{"Verfasst von":"Der Radiofrau","Gesch\u00e4tzte Lesezeit":"21\u00a0Minuten"},"schema":{"@context":"https:\/\/schema.org","@graph":[{"@type":"Article","@id":"https:\/\/blogs.nmz.de\/badblog\/2021\/01\/09\/neue-musik-musikfeature-soundart-der-radio-restmonat-vom-11-01-bis-17-01-2021\/#article","isPartOf":{"@id":"https:\/\/blogs.nmz.de\/badblog\/2021\/01\/09\/neue-musik-musikfeature-soundart-der-radio-restmonat-vom-11-01-bis-17-01-2021\/"},"author":{"name":"Der Radiofrau","@id":"https:\/\/blogs.nmz.de\/badblog\/#\/schema\/person\/f40fa3b57b0ad5fd0e139d3aca42c60f"},"headline":"Neue Musik \/ Musikfeature \/ SoundArt: Die Radiowoche vom 11.01. bis 17.01.2021","datePublished":"2021-01-09T17:00:10+00:00","dateModified":"2021-01-10T12:01:17+00:00","mainEntityOfPage":{"@id":"https:\/\/blogs.nmz.de\/badblog\/2021\/01\/09\/neue-musik-musikfeature-soundart-der-radio-restmonat-vom-11-01-bis-17-01-2021\/"},"wordCount":4232,"commentCount":2,"publisher":{"@id":"https:\/\/blogs.nmz.de\/badblog\/#organization"},"image":{"@id":"https:\/\/blogs.nmz.de\/badblog\/2021\/01\/09\/neue-musik-musikfeature-soundart-der-radio-restmonat-vom-11-01-bis-17-01-2021\/#primaryimage"},"thumbnailUrl":"https:\/\/i0.wp.com\/blogs.nmz.de\/badblog\/files\/2017\/02\/huf-np-radio-musik-final.jpg?fit=2048%2C1536&ssl=1","keywords":["Neue Musik im Radio"],"articleSection":["Deutsch","Radio\/Medien"],"inLanguage":"de","potentialAction":[{"@type":"CommentAction","name":"Comment","target":["https:\/\/blogs.nmz.de\/badblog\/2021\/01\/09\/neue-musik-musikfeature-soundart-der-radio-restmonat-vom-11-01-bis-17-01-2021\/#respond"]}]},{"@type":"WebPage","@id":"https:\/\/blogs.nmz.de\/badblog\/2021\/01\/09\/neue-musik-musikfeature-soundart-der-radio-restmonat-vom-11-01-bis-17-01-2021\/","url":"https:\/\/blogs.nmz.de\/badblog\/2021\/01\/09\/neue-musik-musikfeature-soundart-der-radio-restmonat-vom-11-01-bis-17-01-2021\/","name":"Neue Musik \/ Musikfeature \/ SoundArt: Die Radiowoche vom 11.01. bis 17.01.2021 &#8211; Bad Blog Of Musick - Das unabh\u00e4ngige Musikblog der nmz","isPartOf":{"@id":"https:\/\/blogs.nmz.de\/badblog\/#website"},"primaryImageOfPage":{"@id":"https:\/\/blogs.nmz.de\/badblog\/2021\/01\/09\/neue-musik-musikfeature-soundart-der-radio-restmonat-vom-11-01-bis-17-01-2021\/#primaryimage"},"image":{"@id":"https:\/\/blogs.nmz.de\/badblog\/2021\/01\/09\/neue-musik-musikfeature-soundart-der-radio-restmonat-vom-11-01-bis-17-01-2021\/#primaryimage"},"thumbnailUrl":"https:\/\/i0.wp.com\/blogs.nmz.de\/badblog\/files\/2017\/02\/huf-np-radio-musik-final.jpg?fit=2048%2C1536&ssl=1","datePublished":"2021-01-09T17:00:10+00:00","dateModified":"2021-01-10T12:01:17+00:00","description":"Bad Blog Of Musick \u2013 Das wahrscheinlich bedeutendste Musik-Blog zur zeitgen\u00f6ssischen und klassischen Musikkultur","breadcrumb":{"@id":"https:\/\/blogs.nmz.de\/badblog\/2021\/01\/09\/neue-musik-musikfeature-soundart-der-radio-restmonat-vom-11-01-bis-17-01-2021\/#breadcrumb"},"inLanguage":"de","potentialAction":[{"@type":"ReadAction","target":["https:\/\/blogs.nmz.de\/badblog\/2021\/01\/09\/neue-musik-musikfeature-soundart-der-radio-restmonat-vom-11-01-bis-17-01-2021\/"]}]},{"@type":"ImageObject","inLanguage":"de","@id":"https:\/\/blogs.nmz.de\/badblog\/2021\/01\/09\/neue-musik-musikfeature-soundart-der-radio-restmonat-vom-11-01-bis-17-01-2021\/#primaryimage","url":"https:\/\/i0.wp.com\/blogs.nmz.de\/badblog\/files\/2017\/02\/huf-np-radio-musik-final.jpg?fit=2048%2C1536&ssl=1","contentUrl":"https:\/\/i0.wp.com\/blogs.nmz.de\/badblog\/files\/2017\/02\/huf-np-radio-musik-final.jpg?fit=2048%2C1536&ssl=1","width":2048,"height":1536,"caption":"Radio Neue Musik. Montage: Hufner"},{"@type":"BreadcrumbList","@id":"https:\/\/blogs.nmz.de\/badblog\/2021\/01\/09\/neue-musik-musikfeature-soundart-der-radio-restmonat-vom-11-01-bis-17-01-2021\/#breadcrumb","itemListElement":[{"@type":"ListItem","position":1,"name":"Startseite","item":"https:\/\/blogs.nmz.de\/badblog\/"},{"@type":"ListItem","position":2,"name":"Neue Musik \/ Musikfeature \/ SoundArt: Die Radiowoche vom 11.01. bis 17.01.2021"}]},{"@type":"WebSite","@id":"https:\/\/blogs.nmz.de\/badblog\/#website","url":"https:\/\/blogs.nmz.de\/badblog\/","name":"Bad Blog Of Musick","description":"Das bedeutendste Blog zur zeitgen\u00f6ssischen Musikkultur","publisher":{"@id":"https:\/\/blogs.nmz.de\/badblog\/#organization"},"potentialAction":[{"@type":"SearchAction","target":{"@type":"EntryPoint","urlTemplate":"https:\/\/blogs.nmz.de\/badblog\/?s={search_term_string}"},"query-input":{"@type":"PropertyValueSpecification","valueRequired":true,"valueName":"search_term_string"}}],"inLanguage":"de"},{"@type":"Organization","@id":"https:\/\/blogs.nmz.de\/badblog\/#organization","name":"Bad Blog Of Musick","alternateName":"Ein Klassik-Blog zur Musik","url":"https:\/\/blogs.nmz.de\/badblog\/","logo":{"@type":"ImageObject","inLanguage":"de","@id":"https:\/\/blogs.nmz.de\/badblog\/#\/schema\/logo\/image\/","url":"https:\/\/i0.wp.com\/blogs.nmz.de\/badblog\/files\/2016\/10\/badblog-logo1.png?fit=512%2C512&ssl=1","contentUrl":"https:\/\/i0.wp.com\/blogs.nmz.de\/badblog\/files\/2016\/10\/badblog-logo1.png?fit=512%2C512&ssl=1","width":512,"height":512,"caption":"Bad Blog Of Musick"},"image":{"@id":"https:\/\/blogs.nmz.de\/badblog\/#\/schema\/logo\/image\/"},"sameAs":["https:\/\/www.facebook.com\/musikzeitung","https:\/\/x.com\/musikzeitung"]},{"@type":"Person","@id":"https:\/\/blogs.nmz.de\/badblog\/#\/schema\/person\/f40fa3b57b0ad5fd0e139d3aca42c60f","name":"Der Radiofrau","description":"radiofreak der alten schule. transistor, diode, spule, kondensator. ehemals manipulator:in mehrerer rundfunksendungen.","sameAs":["https:\/\/musikunrat.de"],"url":"https:\/\/blogs.nmz.de\/badblog\/author\/hufidufi\/"}]}},"wp-worthy-pixel":{"ignored":true,"public":null,"server":null,"url":null},"wp-worthy-type":"normal","jetpack_featured_media_url":"https:\/\/i0.wp.com\/blogs.nmz.de\/badblog\/files\/2017\/02\/huf-np-radio-musik-final.jpg?fit=2048%2C1536&ssl=1","jetpack-related-posts":[],"jetpack_sharing_enabled":true,"_links":{"self":[{"href":"https:\/\/blogs.nmz.de\/badblog\/wp-json\/wp\/v2\/posts\/23481","targetHints":{"allow":["GET"]}}],"collection":[{"href":"https:\/\/blogs.nmz.de\/badblog\/wp-json\/wp\/v2\/posts"}],"about":[{"href":"https:\/\/blogs.nmz.de\/badblog\/wp-json\/wp\/v2\/types\/post"}],"author":[{"embeddable":true,"href":"https:\/\/blogs.nmz.de\/badblog\/wp-json\/wp\/v2\/users\/590"}],"replies":[{"embeddable":true,"href":"https:\/\/blogs.nmz.de\/badblog\/wp-json\/wp\/v2\/comments?post=23481"}],"version-history":[{"count":6,"href":"https:\/\/blogs.nmz.de\/badblog\/wp-json\/wp\/v2\/posts\/23481\/revisions"}],"predecessor-version":[{"id":23554,"href":"https:\/\/blogs.nmz.de\/badblog\/wp-json\/wp\/v2\/posts\/23481\/revisions\/23554"}],"wp:featuredmedia":[{"embeddable":true,"href":"https:\/\/blogs.nmz.de\/badblog\/wp-json\/wp\/v2\/media\/14800"}],"wp:attachment":[{"href":"https:\/\/blogs.nmz.de\/badblog\/wp-json\/wp\/v2\/media?parent=23481"}],"wp:term":[{"taxonomy":"category","embeddable":true,"href":"https:\/\/blogs.nmz.de\/badblog\/wp-json\/wp\/v2\/categories?post=23481"},{"taxonomy":"post_tag","embeddable":true,"href":"https:\/\/blogs.nmz.de\/badblog\/wp-json\/wp\/v2\/tags?post=23481"}],"curies":[{"name":"wp","href":"https:\/\/api.w.org\/{rel}","templated":true}]}}