{"id":23224,"date":"2020-10-31T18:00:17","date_gmt":"2020-10-31T17:00:17","guid":{"rendered":"https:\/\/blogs.nmz.de\/badblog\/?p=23224"},"modified":"2020-10-27T19:36:31","modified_gmt":"2020-10-27T18:36:31","slug":"neue-musik-musikfeature-soundart-die-radio-woche-vom-02-11-bis-08-11-2020","status":"publish","type":"post","link":"https:\/\/blogs.nmz.de\/badblog\/2020\/10\/31\/neue-musik-musikfeature-soundart-die-radio-woche-vom-02-11-bis-08-11-2020\/","title":{"rendered":"Neue Musik \/ Musikfeature \/ SoundArt: Die Radio-Woche vom 02.11. bis 08.11.2020"},"content":{"rendered":"<p>Neue Musik und Musikfeatures in der Kalenderwoche 45. Patch Work Ensembles | Achse der Avantgarde der Musik nach Syrien | Zum 25. Todestag von Isang Yun | Allegro procrastinato | Pianist Walter Gieseking | 80. Geburtstag des Komponisten Dieter Acker | Luigi Nonos Streichquartett | Musikfest Berlin | Komponist und Theoretiker Herbert Br&#252;n | Donaueschinger Musiktage 2020: Klangkunst | Die Sheng in der neuen Musik | Neue Musik in der DDR \u2013 ein R&#252;ckblick | Peter Jakobers Oper \u201ePopulus\u201c | Salon Dilletantisme.<\/p>\n<ul>\n<li>Alle bekannten Stream-, Web- und RSS-Adressen deutscher Sender finden sich <a href=\"https:\/\/stefanhetzel.wordpress.com\/kunstmusikoeffentlich-rechtlicher-rundfunk\/\">bei Stefan Hetzel<\/a>.<\/li>\n<li><a href=\"https:\/\/service.conbrio.de\/service\/download\/155\/\">Download dieser &#220;bersicht als PDF<\/a>.<\/li>\n<li><a href=\"https:\/\/www.irenekurka.de\/podcast\/podcast.html\">nmz-Podcastpartnerin Irene Kurka<\/a><\/li>\n<li>Alle Angaben ohne Gew&#228;hr. &#196;nderungen vorbehalten.<\/li>\n<\/ul>\n<hr \/>\n<h2>nmz-Podcastpartnerin Irene Kurka ::: neue musik leben<\/h2>\n\t\t\t<style type=\"text\/css\"><\/style>\n\t\t\t<div id=\"pp-podcast-2999\" class=\"pp-podcast has-header header-hidden has-featured playerview media-audio\"  data-teaser=\"\" data-elength=\"25\" data-eunit=\"\" data-ppsdata=\"{&quot;ppe-2999-1&quot;:{&quot;title&quot;:&quot;257 &#8211; Eva Z\\u00f6llner interviews Cara Stacey about contemporary music in South Africa&quot;,&quot;description&quot;:&quot;&lt;p&gt;composer and performer (in English)&lt;\\\/p&gt;\\n&lt;p&gt;Videos of the 8 new South African accordion pieces that were premiered by Eva Z\\u00f6llner during Sterkfontein Composers Meeting 2024 &lt;\\\/p&gt;\\n&lt;p&gt;https:\\\/\\\/youtube.com\\\/playlist?list=PL4KU0BHw3d-CP21BPt7VNNmqzJR18GXQe&amp;si=xvVVMCbK48oF1tvV&lt;\\\/p&gt;\\n&lt;p&gt;Her residency was kindly supported by Nirox Foundation, the Goethe Institute and the Ministry for Education, Science, Youth and Culture (Rheinland-Pfalz)&lt;\\\/p&gt;\\n&lt;p&gt;www.carastacey.com\\\/&lt;\\\/p&gt;\\n&lt;p&gt;www.eva-zoellner.de &lt;\\\/p&gt;\\n&lt;p&gt;Sterkfontein Composers Meeting: &lt;\\\/p&gt;\\n&lt;p&gt;https:\\\/\\\/sterkfonteincomposersmeeting.weebly.com\\\/&lt;\\\/p&gt;\\n&lt;p&gt;Clare Loveday: https:\\\/\\\/clareloveday.co.za\\\/&lt;\\\/p&gt;\\n&lt;p&gt;Neo Muyanga: &lt;\\\/p&gt;\\n&lt;p&gt;https:\\\/\\\/www.neosong.net\\\/&lt;\\\/p&gt;\\n&lt;p&gt;Njabulo Phungula: &lt;\\\/p&gt;\\n&lt;p&gt;https:\\\/\\\/www.njabulophungula.com\\\/&lt;\\\/p&gt;\\n&lt;p&gt;Galina Juritz: &lt;\\\/p&gt;\\n&lt;p&gt;https:\\\/\\\/www.galinajuritz.com\\\/&lt;\\\/p&gt;\\n&lt;p&gt;Matthijs van Dijk: &lt;\\\/p&gt;\\n&lt;p&gt;https:\\\/\\\/mattvandijk.com\\\/&lt;\\\/p&gt;\\n&lt;p&gt;Andile Khumalo: &lt;\\\/p&gt;\\n&lt;p&gt;https:\\\/\\\/www.newfocusrecordings.com\\\/catalogue\\\/andile-khumalo-tracing-hollow-traces\\\/&lt;\\\/p&gt;\\n&lt;p&gt;Bongani Ndodana-Breen: &lt;\\\/p&gt;\\n&lt;p&gt;https:\\\/\\\/www.ndodanabreen.com\\\/&lt;\\\/p&gt;\\n&lt;p&gt;Arthur Feder: &lt;\\\/p&gt;\\n&lt;p&gt;https:\\\/\\\/www.instagram.com\\\/arthurfeder\\\/&lt;\\\/p&gt;\\n&lt;p&gt;Lise Morrison: &lt;\\\/p&gt;\\n&lt;p&gt;https:\\\/\\\/lisemorrison.com\\\/&lt;br \\\/&gt;\\nAmy Crankshaw: &lt;\\\/p&gt;\\n&lt;p&gt;https:\\\/\\\/www.amycrankshaw.com\\\/&lt;\\\/p&gt;\\n&lt;p&gt;Michael Blake: &lt;\\\/p&gt;\\n&lt;p&gt;https:\\\/\\\/aoinstitute.ac.za\\\/project\\\/michael-blake\\\/&lt;\\\/p&gt;\\n&lt;p&gt;NewMusicSA: &lt;\\\/p&gt;\\n&lt;p&gt;https:\\\/\\\/www.newmusicsa.org.za\\\/&lt;\\\/p&gt;\\n&lt;p&gt;South African Composers Archive new album (just out): &lt;\\\/p&gt;\\n&lt;p&gt;https:\\\/\\\/thesouthafricancomposersarchive.bandcamp.com\\\/album\\\/for-the-duration-of-this-cloud&lt;\\\/p&gt;\\n&lt;p&gt;South African Composers Archive podcast (hosted and produced by Matthijs van Dijk): &lt;\\\/p&gt;\\n&lt;p&gt;https:\\\/\\\/soundcloud.com\\\/user-368144305&lt;\\\/p&gt;\\n&lt;p&gt;Kukutana Ensemble project: &lt;\\\/p&gt;\\n&lt;p&gt;https:\\\/\\\/www.kukutana.co.za\\\/&lt;\\\/p&gt;\\n&lt;hr \\\/&gt;\\n&lt;p&gt;www.irenekurka.de&lt;\\\/p&gt;\\n&lt;p&gt;Support and follow me on patreon:&lt;\\\/p&gt;\\n&lt;p&gt;https:\\\/\\\/www.patreon.com\\\/c\\\/user\\\/shop?u=112648747&lt;\\\/p&gt;\\n&lt;p&gt;cooparting with nmw &#8211; Neue Musikzeitung&lt;\\\/p&gt;\\n&lt;p&gt;www.nmz.de&lt;\\\/p&gt;\\n&lt;p&gt;Kows Radio Summit &#8222;Live your music and live your live&#8220; with Irene Kurka:&lt;\\\/p&gt;\\n&lt;p&gt;https:\\\/\\\/kows92-5.org\\\/kows-shows\\\/show\\\/radio-summit\\\/&lt;\\\/p&gt;\\n&quot;,&quot;author&quot;:&quot;Kurka&quot;,&quot;date&quot;:&quot;13. Mai 2025&quot;,&quot;link&quot;:&quot;https:\\\/\\\/neuemusikleben.podigee.io\\\/258-neue-episode&quot;,&quot;src&quot;:&quot;https:\\\/\\\/audio.podigee-cdn.net\\\/1830304-m-9e3ea1d64c412885c83c2d71ff52ea09.mp3?source=feed&quot;,&quot;featured&quot;:&quot;https:\\\/\\\/i0.wp.com\\\/blogs.nmz.de\\\/badblog\\\/files\\\/2025\\\/05\\\/8b6e14a9-2a6d-49d8-8c76-4b352bb38f60-scaled.jpg?fit=768%2C768&#038;ssl=1&quot;,&quot;featured_id&quot;:30157,&quot;mediatype&quot;:&quot;audio&quot;,&quot;season&quot;:0,&quot;categories&quot;:[],&quot;duration&quot;:&quot;45:54&quot;,&quot;episodetype&quot;:&quot;full&quot;,&quot;timestamp&quot;:1747110600,&quot;key&quot;:&quot;961e5e1ea194dcf34c954947b1394375&quot;,&quot;fset&quot;:&quot;https:\\\/\\\/i0.wp.com\\\/blogs.nmz.de\\\/badblog\\\/files\\\/2025\\\/05\\\/8b6e14a9-2a6d-49d8-8c76-4b352bb38f60-scaled.jpg?w=2560&amp;ssl=1 2560w, https:\\\/\\\/i0.wp.com\\\/blogs.nmz.de\\\/badblog\\\/files\\\/2025\\\/05\\\/8b6e14a9-2a6d-49d8-8c76-4b352bb38f60-scaled.jpg?resize=480%2C480&amp;ssl=1 480w, https:\\\/\\\/i0.wp.com\\\/blogs.nmz.de\\\/badblog\\\/files\\\/2025\\\/05\\\/8b6e14a9-2a6d-49d8-8c76-4b352bb38f60-scaled.jpg?resize=1024%2C1024&amp;ssl=1 1024w, https:\\\/\\\/i0.wp.com\\\/blogs.nmz.de\\\/badblog\\\/files\\\/2025\\\/05\\\/8b6e14a9-2a6d-49d8-8c76-4b352bb38f60-scaled.jpg?resize=150%2C150&amp;ssl=1 150w, https:\\\/\\\/i0.wp.com\\\/blogs.nmz.de\\\/badblog\\\/files\\\/2025\\\/05\\\/8b6e14a9-2a6d-49d8-8c76-4b352bb38f60-scaled.jpg?resize=768%2C768&amp;ssl=1 768w, https:\\\/\\\/i0.wp.com\\\/blogs.nmz.de\\\/badblog\\\/files\\\/2025\\\/05\\\/8b6e14a9-2a6d-49d8-8c76-4b352bb38f60-scaled.jpg?resize=1536%2C1536&amp;ssl=1 1536w, https:\\\/\\\/i0.wp.com\\\/blogs.nmz.de\\\/badblog\\\/files\\\/2025\\\/05\\\/8b6e14a9-2a6d-49d8-8c76-4b352bb38f60-scaled.jpg?resize=2048%2C2048&amp;ssl=1 2048w, https:\\\/\\\/i0.wp.com\\\/blogs.nmz.de\\\/badblog\\\/files\\\/2025\\\/05\\\/8b6e14a9-2a6d-49d8-8c76-4b352bb38f60-scaled.jpg?resize=70%2C70&amp;ssl=1 70w, https:\\\/\\\/i0.wp.com\\\/blogs.nmz.de\\\/badblog\\\/files\\\/2025\\\/05\\\/8b6e14a9-2a6d-49d8-8c76-4b352bb38f60-scaled.jpg?resize=80%2C80&amp;ssl=1 80w, https:\\\/\\\/i0.wp.com\\\/blogs.nmz.de\\\/badblog\\\/files\\\/2025\\\/05\\\/8b6e14a9-2a6d-49d8-8c76-4b352bb38f60-scaled.jpg?resize=320%2C320&amp;ssl=1 320w, https:\\\/\\\/i0.wp.com\\\/blogs.nmz.de\\\/badblog\\\/files\\\/2025\\\/05\\\/8b6e14a9-2a6d-49d8-8c76-4b352bb38f60-scaled.jpg?resize=1320%2C1320&amp;ssl=1 1320w&quot;,&quot;fratio&quot;:1},&quot;ppe-2999-2&quot;:{&quot;title&quot;:&quot;256 &#8211; Interview mit Daniel Posdziech&quot;,&quot;description&quot;:&quot;&lt;p&gt;Musiker und Chorp\\u00e4dagoge&lt;\\\/p&gt;\\n&lt;p&gt;Daniel Posdziech spricht \\u00fcber seien Arbeit mit jungen Stimmen, Ch\\u00f6ren, Improvisation und den Einsatz von neuer Musik. Er erforscht oder Zusammenh\\u00e4nge von Stimme, jungen Pers\\u00f6nlichkeiten und effektiven Chorproben und erz\\u00e4hlt auch von seiner Zeit beim Windsbacher Knabenchor. Einen Schwerpunkt seiner ist, wie Nachwuchsgewinnung f\\u00fcr Ch\\u00f6re funktioniert, was sich ver\\u00e4ndert hat und welche Faktoren zu beachten sind.&lt;\\\/p&gt;\\n&lt;p&gt;Sch\\u00f6nberg Text:&lt;\\\/p&gt;\\n&lt;p&gt;&lt;a href=\\&quot;https:\\\/\\\/mickindex.sakura.ne.jp\\\/schonberg\\\/schb_VzT_gm.html\\&quot;&gt;https:\\\/\\\/mickindex.sakura.ne.jp\\\/schonberg\\\/schb_VzT_gm.html&lt;\\\/a&gt;&lt;\\\/p&gt;\\n&lt;p&gt;&lt;a href=\\&quot;http:\\\/\\\/www.irenekurka.de\\&quot;&gt;www.irenekurka.de&lt;\\\/a&gt;&lt;\\\/p&gt;\\n&lt;p&gt;Support and follow me on patreon:&lt;\\\/p&gt;\\n&lt;p&gt;&lt;a href=\\&quot;https:\\\/\\\/www.patreon.com\\\/c\\\/user\\\/shop?u=112648747\\&quot;&gt;https:\\\/\\\/www.patreon.com\\\/c\\\/user\\\/shop?u=112648747&lt;\\\/a&gt;&lt;\\\/p&gt;\\n&lt;p&gt;cooparting with nmw &#8211; Neue Musikzeitung&lt;\\\/p&gt;\\n&lt;p&gt;&lt;a href=\\&quot;http:\\\/\\\/www.nmz.de\\&quot;&gt;www.nmz.de&lt;\\\/a&gt;&lt;\\\/p&gt;\\n&lt;p&gt;Kows Radio Summit &#8222;Live your music and live your live&#8220; with Irene Kurka:&lt;\\\/p&gt;\\n&lt;p&gt;&lt;a href=\\&quot;https:\\\/\\\/kows92-5.org\\\/kows-shows\\\/show\\\/radio-summit\\\/\\&quot;&gt;https:\\\/\\\/kows92-5.org\\\/kows-shows\\\/show\\\/radio-summit\\\/&lt;\\\/a&gt;&lt;\\\/p&gt;\\n&quot;,&quot;author&quot;:&quot;Kurka&quot;,&quot;date&quot;:&quot;29. April 2025&quot;,&quot;link&quot;:&quot;https:\\\/\\\/neuemusikleben.podigee.io\\\/254-neue-episode&quot;,&quot;src&quot;:&quot;https:\\\/\\\/audio.podigee-cdn.net\\\/1748880-m-b1160addb0c123c9aaba3345429ff64f.mp3?source=feed&quot;,&quot;featured&quot;:&quot;https:\\\/\\\/i0.wp.com\\\/blogs.nmz.de\\\/badblog\\\/files\\\/2025\\\/04\\\/54f96c1c-03d3-42fd-8eff-27deeab3ad1f-scaled.jpg?fit=768%2C768&#038;ssl=1&quot;,&quot;featured_id&quot;:30053,&quot;mediatype&quot;:&quot;audio&quot;,&quot;season&quot;:0,&quot;categories&quot;:[],&quot;duration&quot;:&quot;56:59&quot;,&quot;episodetype&quot;:&quot;full&quot;,&quot;timestamp&quot;:1745900700,&quot;key&quot;:&quot;3f82444d91ba47c903855c733bd22983&quot;,&quot;fset&quot;:&quot;https:\\\/\\\/i0.wp.com\\\/blogs.nmz.de\\\/badblog\\\/files\\\/2025\\\/04\\\/54f96c1c-03d3-42fd-8eff-27deeab3ad1f-scaled.jpg?w=2560&amp;ssl=1 2560w, https:\\\/\\\/i0.wp.com\\\/blogs.nmz.de\\\/badblog\\\/files\\\/2025\\\/04\\\/54f96c1c-03d3-42fd-8eff-27deeab3ad1f-scaled.jpg?resize=480%2C480&amp;ssl=1 480w, https:\\\/\\\/i0.wp.com\\\/blogs.nmz.de\\\/badblog\\\/files\\\/2025\\\/04\\\/54f96c1c-03d3-42fd-8eff-27deeab3ad1f-scaled.jpg?resize=1024%2C1024&amp;ssl=1 1024w, https:\\\/\\\/i0.wp.com\\\/blogs.nmz.de\\\/badblog\\\/files\\\/2025\\\/04\\\/54f96c1c-03d3-42fd-8eff-27deeab3ad1f-scaled.jpg?resize=150%2C150&amp;ssl=1 150w, https:\\\/\\\/i0.wp.com\\\/blogs.nmz.de\\\/badblog\\\/files\\\/2025\\\/04\\\/54f96c1c-03d3-42fd-8eff-27deeab3ad1f-scaled.jpg?resize=768%2C768&amp;ssl=1 768w, https:\\\/\\\/i0.wp.com\\\/blogs.nmz.de\\\/badblog\\\/files\\\/2025\\\/04\\\/54f96c1c-03d3-42fd-8eff-27deeab3ad1f-scaled.jpg?resize=1536%2C1536&amp;ssl=1 1536w, https:\\\/\\\/i0.wp.com\\\/blogs.nmz.de\\\/badblog\\\/files\\\/2025\\\/04\\\/54f96c1c-03d3-42fd-8eff-27deeab3ad1f-scaled.jpg?resize=2048%2C2048&amp;ssl=1 2048w, https:\\\/\\\/i0.wp.com\\\/blogs.nmz.de\\\/badblog\\\/files\\\/2025\\\/04\\\/54f96c1c-03d3-42fd-8eff-27deeab3ad1f-scaled.jpg?resize=70%2C70&amp;ssl=1 70w, https:\\\/\\\/i0.wp.com\\\/blogs.nmz.de\\\/badblog\\\/files\\\/2025\\\/04\\\/54f96c1c-03d3-42fd-8eff-27deeab3ad1f-scaled.jpg?resize=80%2C80&amp;ssl=1 80w, https:\\\/\\\/i0.wp.com\\\/blogs.nmz.de\\\/badblog\\\/files\\\/2025\\\/04\\\/54f96c1c-03d3-42fd-8eff-27deeab3ad1f-scaled.jpg?resize=320%2C320&amp;ssl=1 320w, https:\\\/\\\/i0.wp.com\\\/blogs.nmz.de\\\/badblog\\\/files\\\/2025\\\/04\\\/54f96c1c-03d3-42fd-8eff-27deeab3ad1f-scaled.jpg?resize=1320%2C1320&amp;ssl=1 1320w&quot;,&quot;fratio&quot;:1},&quot;ppe-2999-3&quot;:{&quot;title&quot;:&quot;255 &#8211; Slow-Motion Multitasking &#8211; 7 Years podcast neue musik leben (in english)&quot;,&quot;description&quot;:&quot;&lt;p&gt;with soprano Irene Kurka&lt;\\\/p&gt;\\n&lt;p&gt;Thank you so much for listening to this podcast and following my singign, concerts, books, etc! In this episode I talk about one of favorite topics. 7 years neue musik leben!!!!! &lt;\\\/p&gt;\\n&lt;p&gt;&lt;a href=\\&quot;http:\\\/\\\/www.irenekurka.de\\&quot;&gt;www.irenekurka.de&lt;\\\/a&gt;&lt;\\\/p&gt;\\n&lt;p&gt;Support and follow me on patreon:&lt;\\\/p&gt;\\n&lt;p&gt;&lt;a href=\\&quot;https:\\\/\\\/www.patreon.com\\\/c\\\/user\\\/shop?u=112648747\\&quot;&gt;https:\\\/\\\/www.patreon.com\\\/c\\\/user\\\/shop?u=112648747&lt;\\\/a&gt;&lt;\\\/p&gt;\\n&lt;p&gt;cooparting with nmw &#8211; Neue Musikzeitung&lt;\\\/p&gt;\\n&lt;p&gt;&lt;a href=\\&quot;http:\\\/\\\/www.nmz.de\\&quot;&gt;www.nmz.de&lt;\\\/a&gt;&lt;\\\/p&gt;\\n&lt;p&gt;Kows Radio Summit &#8222;Live your music and live your live&#8220; with Irene Kurka:&lt;\\\/p&gt;\\n&lt;p&gt;&lt;a href=\\&quot;https:\\\/\\\/kows92-5.org\\\/kows-shows\\\/show\\\/radio-summit\\\/\\&quot;&gt;https:\\\/\\\/kows92-5.org\\\/kows-shows\\\/show\\\/radio-summit\\\/&lt;\\\/a&gt;&lt;\\\/p&gt;\\n&quot;,&quot;author&quot;:&quot;Kurka&quot;,&quot;date&quot;:&quot;10. April 2025&quot;,&quot;link&quot;:&quot;https:\\\/\\\/neuemusikleben.podigee.io\\\/256-neue-episode&quot;,&quot;src&quot;:&quot;https:\\\/\\\/audio.podigee-cdn.net\\\/1748882-m-c6995f9ab0740ee799f90c9f063d1451.mp3?source=feed&quot;,&quot;featured&quot;:&quot;https:\\\/\\\/i0.wp.com\\\/blogs.nmz.de\\\/badblog\\\/files\\\/2025\\\/04\\\/a1681233-b810-4e84-9d65-756c2554bc29-scaled.jpg?fit=768%2C768&#038;ssl=1&quot;,&quot;featured_id&quot;:29916,&quot;mediatype&quot;:&quot;audio&quot;,&quot;season&quot;:0,&quot;categories&quot;:[],&quot;duration&quot;:&quot;21:18&quot;,&quot;episodetype&quot;:&quot;full&quot;,&quot;timestamp&quot;:1744254000,&quot;key&quot;:&quot;701f40c77455936bf9a7af477a7aea66&quot;,&quot;fset&quot;:&quot;https:\\\/\\\/i0.wp.com\\\/blogs.nmz.de\\\/badblog\\\/files\\\/2025\\\/04\\\/a1681233-b810-4e84-9d65-756c2554bc29-scaled.jpg?w=2560&amp;ssl=1 2560w, https:\\\/\\\/i0.wp.com\\\/blogs.nmz.de\\\/badblog\\\/files\\\/2025\\\/04\\\/a1681233-b810-4e84-9d65-756c2554bc29-scaled.jpg?resize=480%2C480&amp;ssl=1 480w, https:\\\/\\\/i0.wp.com\\\/blogs.nmz.de\\\/badblog\\\/files\\\/2025\\\/04\\\/a1681233-b810-4e84-9d65-756c2554bc29-scaled.jpg?resize=1024%2C1024&amp;ssl=1 1024w, https:\\\/\\\/i0.wp.com\\\/blogs.nmz.de\\\/badblog\\\/files\\\/2025\\\/04\\\/a1681233-b810-4e84-9d65-756c2554bc29-scaled.jpg?resize=150%2C150&amp;ssl=1 150w, https:\\\/\\\/i0.wp.com\\\/blogs.nmz.de\\\/badblog\\\/files\\\/2025\\\/04\\\/a1681233-b810-4e84-9d65-756c2554bc29-scaled.jpg?resize=768%2C768&amp;ssl=1 768w, https:\\\/\\\/i0.wp.com\\\/blogs.nmz.de\\\/badblog\\\/files\\\/2025\\\/04\\\/a1681233-b810-4e84-9d65-756c2554bc29-scaled.jpg?resize=1536%2C1536&amp;ssl=1 1536w, https:\\\/\\\/i0.wp.com\\\/blogs.nmz.de\\\/badblog\\\/files\\\/2025\\\/04\\\/a1681233-b810-4e84-9d65-756c2554bc29-scaled.jpg?resize=2048%2C2048&amp;ssl=1 2048w, https:\\\/\\\/i0.wp.com\\\/blogs.nmz.de\\\/badblog\\\/files\\\/2025\\\/04\\\/a1681233-b810-4e84-9d65-756c2554bc29-scaled.jpg?resize=70%2C70&amp;ssl=1 70w, https:\\\/\\\/i0.wp.com\\\/blogs.nmz.de\\\/badblog\\\/files\\\/2025\\\/04\\\/a1681233-b810-4e84-9d65-756c2554bc29-scaled.jpg?resize=80%2C80&amp;ssl=1 80w, https:\\\/\\\/i0.wp.com\\\/blogs.nmz.de\\\/badblog\\\/files\\\/2025\\\/04\\\/a1681233-b810-4e84-9d65-756c2554bc29-scaled.jpg?resize=320%2C320&amp;ssl=1 320w, https:\\\/\\\/i0.wp.com\\\/blogs.nmz.de\\\/badblog\\\/files\\\/2025\\\/04\\\/a1681233-b810-4e84-9d65-756c2554bc29-scaled.jpg?resize=1320%2C1320&amp;ssl=1 1320w&quot;,&quot;fratio&quot;:1},&quot;ppe-2999-4&quot;:{&quot;title&quot;:&quot;254 &#8211; Interview with Dieter Mack&quot;,&quot;description&quot;:&quot;&lt;p&gt;composer&lt;\\\/p&gt;\\n&lt;p&gt;Dieter Mack tells us about his musical life, his exciting trips to Bali, his way into Gamelan music and also about his teaching as a composition professor. He speaks about real life experience and how spending time abroad changes you and how important it is to speak the language of the country you live in.&lt;\\\/p&gt;\\n&lt;p&gt;&lt;a href=\\&quot;https:\\\/\\\/www.dieter-mack.de\\&quot;&gt;https:\\\/\\\/www.dieter-mack.de&lt;\\\/a&gt;&lt;\\\/p&gt;\\n&lt;p&gt;&lt;a href=\\&quot;http:\\\/\\\/www.irenekurka.de\\&quot;&gt;www.irenekurka.de&lt;\\\/a&gt;&lt;\\\/p&gt;\\n&lt;p&gt;Support and follow me on patreon:&lt;\\\/p&gt;\\n&lt;p&gt;&lt;a href=\\&quot;https:\\\/\\\/www.patreon.com\\\/c\\\/user\\\/shop?u=112648747\\&quot;&gt;https:\\\/\\\/www.patreon.com\\\/c\\\/user\\\/shop?u=112648747&lt;\\\/a&gt;&lt;\\\/p&gt;\\n&lt;p&gt;cooparting with nmw &#8211; Neue Musikzeitung&lt;\\\/p&gt;\\n&lt;p&gt;&lt;a href=\\&quot;http:\\\/\\\/www.nmz.de\\&quot;&gt;www.nmz.de&lt;\\\/a&gt;&lt;\\\/p&gt;\\n&lt;p&gt;Kows Radio Summit &#8222;Live your music and live your live&#8220; with Irene Kurka:&lt;\\\/p&gt;\\n&lt;p&gt;&lt;a href=\\&quot;https:\\\/\\\/kows92-5.org\\\/kows-shows\\\/show\\\/radio-summit\\\/\\&quot;&gt;https:\\\/\\\/kows92-5.org\\\/kows-shows\\\/show\\\/radio-summit\\\/&lt;\\\/a&gt;&lt;\\\/p&gt;\\n&quot;,&quot;author&quot;:&quot;Kurka&quot;,&quot;date&quot;:&quot;1. April 2025&quot;,&quot;link&quot;:&quot;https:\\\/\\\/neuemusikleben.podigee.io\\\/255-neue-episode&quot;,&quot;src&quot;:&quot;https:\\\/\\\/audio.podigee-cdn.net\\\/1748881-m-50dc4b2414902d10f65154567b426ffa.mp3?source=feed&quot;,&quot;featured&quot;:&quot;https:\\\/\\\/i0.wp.com\\\/blogs.nmz.de\\\/badblog\\\/files\\\/2025\\\/04\\\/9c580082-aed2-4294-a6ca-72810c386034-scaled.jpg?fit=768%2C768&#038;ssl=1&quot;,&quot;featured_id&quot;:29887,&quot;mediatype&quot;:&quot;audio&quot;,&quot;season&quot;:0,&quot;categories&quot;:[],&quot;duration&quot;:&quot;01:05:15&quot;,&quot;episodetype&quot;:&quot;full&quot;,&quot;timestamp&quot;:1743482700,&quot;key&quot;:&quot;247baab4c3585d34270b926a4abc84e2&quot;,&quot;fset&quot;:&quot;https:\\\/\\\/i0.wp.com\\\/blogs.nmz.de\\\/badblog\\\/files\\\/2025\\\/04\\\/9c580082-aed2-4294-a6ca-72810c386034-scaled.jpg?w=2560&amp;ssl=1 2560w, https:\\\/\\\/i0.wp.com\\\/blogs.nmz.de\\\/badblog\\\/files\\\/2025\\\/04\\\/9c580082-aed2-4294-a6ca-72810c386034-scaled.jpg?resize=480%2C480&amp;ssl=1 480w, https:\\\/\\\/i0.wp.com\\\/blogs.nmz.de\\\/badblog\\\/files\\\/2025\\\/04\\\/9c580082-aed2-4294-a6ca-72810c386034-scaled.jpg?resize=1024%2C1024&amp;ssl=1 1024w, https:\\\/\\\/i0.wp.com\\\/blogs.nmz.de\\\/badblog\\\/files\\\/2025\\\/04\\\/9c580082-aed2-4294-a6ca-72810c386034-scaled.jpg?resize=150%2C150&amp;ssl=1 150w, https:\\\/\\\/i0.wp.com\\\/blogs.nmz.de\\\/badblog\\\/files\\\/2025\\\/04\\\/9c580082-aed2-4294-a6ca-72810c386034-scaled.jpg?resize=768%2C768&amp;ssl=1 768w, https:\\\/\\\/i0.wp.com\\\/blogs.nmz.de\\\/badblog\\\/files\\\/2025\\\/04\\\/9c580082-aed2-4294-a6ca-72810c386034-scaled.jpg?resize=1536%2C1536&amp;ssl=1 1536w, https:\\\/\\\/i0.wp.com\\\/blogs.nmz.de\\\/badblog\\\/files\\\/2025\\\/04\\\/9c580082-aed2-4294-a6ca-72810c386034-scaled.jpg?resize=2048%2C2048&amp;ssl=1 2048w, https:\\\/\\\/i0.wp.com\\\/blogs.nmz.de\\\/badblog\\\/files\\\/2025\\\/04\\\/9c580082-aed2-4294-a6ca-72810c386034-scaled.jpg?resize=70%2C70&amp;ssl=1 70w, https:\\\/\\\/i0.wp.com\\\/blogs.nmz.de\\\/badblog\\\/files\\\/2025\\\/04\\\/9c580082-aed2-4294-a6ca-72810c386034-scaled.jpg?resize=80%2C80&amp;ssl=1 80w, https:\\\/\\\/i0.wp.com\\\/blogs.nmz.de\\\/badblog\\\/files\\\/2025\\\/04\\\/9c580082-aed2-4294-a6ca-72810c386034-scaled.jpg?resize=320%2C320&amp;ssl=1 320w, https:\\\/\\\/i0.wp.com\\\/blogs.nmz.de\\\/badblog\\\/files\\\/2025\\\/04\\\/9c580082-aed2-4294-a6ca-72810c386034-scaled.jpg?resize=1320%2C1320&amp;ssl=1 1320w&quot;,&quot;fratio&quot;:1},&quot;ppe-2999-5&quot;:{&quot;title&quot;:&quot;253 &#8211; Interview mit Michael Denhoff&quot;,&quot;description&quot;:&quot;&lt;p&gt;Komponist, Cellist, Kurator&lt;\\\/p&gt;\\n&lt;p&gt;Michael Denhoff spricht \\u00fcber seinen Weg zur neuen Musik und welche verschiedenen Prozesse des Komponierens er ausprobiert hat und was er darin entdeckt hat. Er erz\\u00e4hlt \\u00fcber von ihm kuratierte Konzertreihen und der Magie des Aufh\\u00f6rens. &lt;\\\/p&gt;\\n&lt;p&gt;&lt;a href=\\&quot;https:\\\/\\\/www.denhoff.de\\&quot;&gt;https:\\\/\\\/www.denhoff.de&lt;\\\/a&gt;&lt;\\\/p&gt;\\n&lt;p&gt;&lt;a href=\\&quot;http:\\\/\\\/www.irenekurka.de\\&quot;&gt;www.irenekurka.de&lt;\\\/a&gt;&lt;\\\/p&gt;\\n&lt;p&gt;Support and follow me on patreon:&lt;\\\/p&gt;\\n&lt;p&gt;&lt;a href=\\&quot;https:\\\/\\\/www.patreon.com\\\/c\\\/user\\\/shop?u=112648747\\&quot;&gt;https:\\\/\\\/www.patreon.com\\\/c\\\/user\\\/shop?u=112648747&lt;\\\/a&gt;&lt;\\\/p&gt;\\n&lt;p&gt;cooparting with nmw &#8211; Neue Musikzeitung&lt;\\\/p&gt;\\n&lt;p&gt;&lt;a href=\\&quot;http:\\\/\\\/www.nmz.de\\&quot;&gt;www.nmz.de&lt;\\\/a&gt;&lt;\\\/p&gt;\\n&quot;,&quot;author&quot;:&quot;Kurka&quot;,&quot;date&quot;:&quot;18. M\\u00e4rz 2025&quot;,&quot;link&quot;:&quot;https:\\\/\\\/neuemusikleben.podigee.io\\\/257-neue-episode&quot;,&quot;src&quot;:&quot;https:\\\/\\\/audio.podigee-cdn.net\\\/1748883-m-3dc966f8943046e18a18dc083c768f5c.mp3?source=feed&quot;,&quot;featured&quot;:&quot;https:\\\/\\\/i0.wp.com\\\/blogs.nmz.de\\\/badblog\\\/files\\\/2025\\\/03\\\/d6bec117-184b-40f3-9174-c79133c364fc-scaled.jpg?fit=768%2C768&#038;ssl=1&quot;,&quot;featured_id&quot;:29809,&quot;mediatype&quot;:&quot;audio&quot;,&quot;season&quot;:0,&quot;categories&quot;:[],&quot;duration&quot;:&quot;01:02:57&quot;,&quot;episodetype&quot;:&quot;full&quot;,&quot;timestamp&quot;:1742276100,&quot;key&quot;:&quot;07a45e720d8f7399fb80336d51205783&quot;,&quot;fset&quot;:&quot;https:\\\/\\\/i0.wp.com\\\/blogs.nmz.de\\\/badblog\\\/files\\\/2025\\\/03\\\/d6bec117-184b-40f3-9174-c79133c364fc-scaled.jpg?w=2560&amp;ssl=1 2560w, https:\\\/\\\/i0.wp.com\\\/blogs.nmz.de\\\/badblog\\\/files\\\/2025\\\/03\\\/d6bec117-184b-40f3-9174-c79133c364fc-scaled.jpg?resize=480%2C480&amp;ssl=1 480w, https:\\\/\\\/i0.wp.com\\\/blogs.nmz.de\\\/badblog\\\/files\\\/2025\\\/03\\\/d6bec117-184b-40f3-9174-c79133c364fc-scaled.jpg?resize=1024%2C1024&amp;ssl=1 1024w, https:\\\/\\\/i0.wp.com\\\/blogs.nmz.de\\\/badblog\\\/files\\\/2025\\\/03\\\/d6bec117-184b-40f3-9174-c79133c364fc-scaled.jpg?resize=150%2C150&amp;ssl=1 150w, https:\\\/\\\/i0.wp.com\\\/blogs.nmz.de\\\/badblog\\\/files\\\/2025\\\/03\\\/d6bec117-184b-40f3-9174-c79133c364fc-scaled.jpg?resize=768%2C768&amp;ssl=1 768w, https:\\\/\\\/i0.wp.com\\\/blogs.nmz.de\\\/badblog\\\/files\\\/2025\\\/03\\\/d6bec117-184b-40f3-9174-c79133c364fc-scaled.jpg?resize=1536%2C1536&amp;ssl=1 1536w, https:\\\/\\\/i0.wp.com\\\/blogs.nmz.de\\\/badblog\\\/files\\\/2025\\\/03\\\/d6bec117-184b-40f3-9174-c79133c364fc-scaled.jpg?resize=2048%2C2048&amp;ssl=1 2048w, https:\\\/\\\/i0.wp.com\\\/blogs.nmz.de\\\/badblog\\\/files\\\/2025\\\/03\\\/d6bec117-184b-40f3-9174-c79133c364fc-scaled.jpg?resize=70%2C70&amp;ssl=1 70w, https:\\\/\\\/i0.wp.com\\\/blogs.nmz.de\\\/badblog\\\/files\\\/2025\\\/03\\\/d6bec117-184b-40f3-9174-c79133c364fc-scaled.jpg?resize=80%2C80&amp;ssl=1 80w, https:\\\/\\\/i0.wp.com\\\/blogs.nmz.de\\\/badblog\\\/files\\\/2025\\\/03\\\/d6bec117-184b-40f3-9174-c79133c364fc-scaled.jpg?resize=320%2C320&amp;ssl=1 320w, https:\\\/\\\/i0.wp.com\\\/blogs.nmz.de\\\/badblog\\\/files\\\/2025\\\/03\\\/d6bec117-184b-40f3-9174-c79133c364fc-scaled.jpg?resize=1320%2C1320&amp;ssl=1 1320w&quot;,&quot;fratio&quot;:1},&quot;ppe-2999-6&quot;:{&quot;title&quot;:&quot;252 &#8211; Interview with Irene Galindo Quero&quot;,&quot;description&quot;:&quot;&lt;p&gt;composer and professor&lt;\\\/p&gt;\\n&lt;p&gt;Irene Quero talks about so many things and how life composition, music and being a woman is so intertwined. Enjoy this inspiring interview!&lt;\\\/p&gt;\\n&lt;p&gt;&lt;a href=\\&quot;https:\\\/\\\/irenegalindoquero.wordpress.com\\\/\\&quot;&gt;https:\\\/\\\/irenegalindoquero.wordpress.com\\\/&lt;\\\/a&gt;&lt;\\\/p&gt;\\n&lt;p&gt;cooparting with nmz&lt;\\\/p&gt;\\n&lt;p&gt;&lt;a href=\\&quot;http:\\\/\\\/www.nmz.de\\&quot;&gt;www.nmz.de&lt;\\\/a&gt;&lt;\\\/p&gt;\\n&lt;p&gt;&lt;a href=\\&quot;http:\\\/\\\/www.irenekurka.de\\&quot;&gt;www.irenekurka.de&lt;\\\/a&gt;&lt;\\\/p&gt;\\n&lt;p&gt;follow and support me on patreon:&lt;\\\/p&gt;\\n&lt;p&gt;&lt;a href=\\&quot;https:\\\/\\\/www.patreon.com\\\/c\\\/user\\\/shop?u=112648747\\&quot;&gt;https:\\\/\\\/www.patreon.com\\\/c\\\/user\\\/shop?u=112648747&lt;\\\/a&gt;&lt;\\\/p&gt;\\n&quot;,&quot;author&quot;:&quot;Kurka&quot;,&quot;date&quot;:&quot;4. M\\u00e4rz 2025&quot;,&quot;link&quot;:&quot;https:\\\/\\\/neuemusikleben.podigee.io\\\/253-neue-episode&quot;,&quot;src&quot;:&quot;https:\\\/\\\/audio.podigee-cdn.net\\\/1748879-m-d07486f51988e9f763770d7dba4e4ad5.mp3?source=feed&quot;,&quot;featured&quot;:&quot;https:\\\/\\\/i0.wp.com\\\/blogs.nmz.de\\\/badblog\\\/files\\\/2025\\\/03\\\/a62c5b1a-7fd1-42f6-8490-5ae2ef06b319-scaled.jpg?fit=768%2C768&#038;ssl=1&quot;,&quot;featured_id&quot;:29771,&quot;mediatype&quot;:&quot;audio&quot;,&quot;season&quot;:0,&quot;categories&quot;:[],&quot;duration&quot;:&quot;01:01:05&quot;,&quot;episodetype&quot;:&quot;full&quot;,&quot;timestamp&quot;:1741064400,&quot;key&quot;:&quot;d2c67ffededc54598a7cecc168129a10&quot;,&quot;fset&quot;:&quot;https:\\\/\\\/i0.wp.com\\\/blogs.nmz.de\\\/badblog\\\/files\\\/2025\\\/03\\\/a62c5b1a-7fd1-42f6-8490-5ae2ef06b319-scaled.jpg?w=2560&amp;ssl=1 2560w, https:\\\/\\\/i0.wp.com\\\/blogs.nmz.de\\\/badblog\\\/files\\\/2025\\\/03\\\/a62c5b1a-7fd1-42f6-8490-5ae2ef06b319-scaled.jpg?resize=480%2C480&amp;ssl=1 480w, https:\\\/\\\/i0.wp.com\\\/blogs.nmz.de\\\/badblog\\\/files\\\/2025\\\/03\\\/a62c5b1a-7fd1-42f6-8490-5ae2ef06b319-scaled.jpg?resize=1024%2C1024&amp;ssl=1 1024w, https:\\\/\\\/i0.wp.com\\\/blogs.nmz.de\\\/badblog\\\/files\\\/2025\\\/03\\\/a62c5b1a-7fd1-42f6-8490-5ae2ef06b319-scaled.jpg?resize=150%2C150&amp;ssl=1 150w, https:\\\/\\\/i0.wp.com\\\/blogs.nmz.de\\\/badblog\\\/files\\\/2025\\\/03\\\/a62c5b1a-7fd1-42f6-8490-5ae2ef06b319-scaled.jpg?resize=768%2C768&amp;ssl=1 768w, https:\\\/\\\/i0.wp.com\\\/blogs.nmz.de\\\/badblog\\\/files\\\/2025\\\/03\\\/a62c5b1a-7fd1-42f6-8490-5ae2ef06b319-scaled.jpg?resize=1536%2C1536&amp;ssl=1 1536w, https:\\\/\\\/i0.wp.com\\\/blogs.nmz.de\\\/badblog\\\/files\\\/2025\\\/03\\\/a62c5b1a-7fd1-42f6-8490-5ae2ef06b319-scaled.jpg?resize=2048%2C2048&amp;ssl=1 2048w, https:\\\/\\\/i0.wp.com\\\/blogs.nmz.de\\\/badblog\\\/files\\\/2025\\\/03\\\/a62c5b1a-7fd1-42f6-8490-5ae2ef06b319-scaled.jpg?resize=70%2C70&amp;ssl=1 70w, https:\\\/\\\/i0.wp.com\\\/blogs.nmz.de\\\/badblog\\\/files\\\/2025\\\/03\\\/a62c5b1a-7fd1-42f6-8490-5ae2ef06b319-scaled.jpg?resize=80%2C80&amp;ssl=1 80w, https:\\\/\\\/i0.wp.com\\\/blogs.nmz.de\\\/badblog\\\/files\\\/2025\\\/03\\\/a62c5b1a-7fd1-42f6-8490-5ae2ef06b319-scaled.jpg?resize=320%2C320&amp;ssl=1 320w, https:\\\/\\\/i0.wp.com\\\/blogs.nmz.de\\\/badblog\\\/files\\\/2025\\\/03\\\/a62c5b1a-7fd1-42f6-8490-5ae2ef06b319-scaled.jpg?resize=1320%2C1320&amp;ssl=1 1320w&quot;,&quot;fratio&quot;:1},&quot;ppe-2999-7&quot;:{&quot;title&quot;:&quot;251 &#8211; Stress, Ma\\u00dfhalten, Ruhe, Solofolge&quot;,&quot;description&quot;:&quot;&lt;p&gt;Solofolge mit Irene Kurka&lt;\\\/p&gt;\\n&lt;p&gt;Die Sopranistin und Performerin Irene Kurka spricht diesmal \\u00fcber Stress, Hirnfunktionen, Hormon Cocktails, Ma\\u00dfhalten, Impulse, Ruhe, Meditation, Stimme, Angst und Aktionismus.&lt;\\\/p&gt;\\n&lt;p&gt;Kopperationspartner der nmz.&lt;\\\/p&gt;\\n&lt;p&gt;&lt;a href=\\&quot;http:\\\/\\\/www.nmz.de\\&quot;&gt;www.nmz.de&lt;\\\/a&gt;&lt;\\\/p&gt;\\n&lt;p&gt;&lt;a href=\\&quot;http:\\\/\\\/www.irenekurka.de\\&quot;&gt;www.irenekurka.de&lt;\\\/a&gt;&lt;\\\/p&gt;\\n&lt;p&gt;DEEP DIVE hier:&lt;\\\/p&gt;\\n&lt;p&gt;&lt;a href=\\&quot;https:\\\/\\\/www.patreon.com\\\/c\\\/user\\\/shop?u=112648747\\&quot;&gt;https:\\\/\\\/www.patreon.com\\\/c\\\/user\\\/shop?u=112648747&lt;\\\/a&gt;&lt;\\\/p&gt;\\n&quot;,&quot;author&quot;:&quot;Kurka&quot;,&quot;date&quot;:&quot;18. Februar 2025&quot;,&quot;link&quot;:&quot;https:\\\/\\\/neuemusikleben.podigee.io\\\/252-new-episode&quot;,&quot;src&quot;:&quot;https:\\\/\\\/audio.podigee-cdn.net\\\/1738495-m-7d911b6626a1d401f05a7722a8004c75.mp3?source=feed&quot;,&quot;featured&quot;:&quot;https:\\\/\\\/i0.wp.com\\\/blogs.nmz.de\\\/badblog\\\/files\\\/2025\\\/02\\\/f371a495-ff41-437c-9b24-4a92ba16429f-scaled.jpg?fit=768%2C768&#038;ssl=1&quot;,&quot;featured_id&quot;:29713,&quot;mediatype&quot;:&quot;audio&quot;,&quot;season&quot;:0,&quot;categories&quot;:[],&quot;duration&quot;:&quot;28:06&quot;,&quot;episodetype&quot;:&quot;full&quot;,&quot;timestamp&quot;:1739856600,&quot;key&quot;:&quot;0b703d04e6944802e18d65f22f820cce&quot;,&quot;fset&quot;:&quot;https:\\\/\\\/i0.wp.com\\\/blogs.nmz.de\\\/badblog\\\/files\\\/2025\\\/02\\\/f371a495-ff41-437c-9b24-4a92ba16429f-scaled.jpg?w=2560&amp;ssl=1 2560w, https:\\\/\\\/i0.wp.com\\\/blogs.nmz.de\\\/badblog\\\/files\\\/2025\\\/02\\\/f371a495-ff41-437c-9b24-4a92ba16429f-scaled.jpg?resize=480%2C480&amp;ssl=1 480w, https:\\\/\\\/i0.wp.com\\\/blogs.nmz.de\\\/badblog\\\/files\\\/2025\\\/02\\\/f371a495-ff41-437c-9b24-4a92ba16429f-scaled.jpg?resize=1024%2C1024&amp;ssl=1 1024w, https:\\\/\\\/i0.wp.com\\\/blogs.nmz.de\\\/badblog\\\/files\\\/2025\\\/02\\\/f371a495-ff41-437c-9b24-4a92ba16429f-scaled.jpg?resize=150%2C150&amp;ssl=1 150w, https:\\\/\\\/i0.wp.com\\\/blogs.nmz.de\\\/badblog\\\/files\\\/2025\\\/02\\\/f371a495-ff41-437c-9b24-4a92ba16429f-scaled.jpg?resize=768%2C768&amp;ssl=1 768w, https:\\\/\\\/i0.wp.com\\\/blogs.nmz.de\\\/badblog\\\/files\\\/2025\\\/02\\\/f371a495-ff41-437c-9b24-4a92ba16429f-scaled.jpg?resize=1536%2C1536&amp;ssl=1 1536w, https:\\\/\\\/i0.wp.com\\\/blogs.nmz.de\\\/badblog\\\/files\\\/2025\\\/02\\\/f371a495-ff41-437c-9b24-4a92ba16429f-scaled.jpg?resize=2048%2C2048&amp;ssl=1 2048w, https:\\\/\\\/i0.wp.com\\\/blogs.nmz.de\\\/badblog\\\/files\\\/2025\\\/02\\\/f371a495-ff41-437c-9b24-4a92ba16429f-scaled.jpg?resize=70%2C70&amp;ssl=1 70w, https:\\\/\\\/i0.wp.com\\\/blogs.nmz.de\\\/badblog\\\/files\\\/2025\\\/02\\\/f371a495-ff41-437c-9b24-4a92ba16429f-scaled.jpg?resize=80%2C80&amp;ssl=1 80w, https:\\\/\\\/i0.wp.com\\\/blogs.nmz.de\\\/badblog\\\/files\\\/2025\\\/02\\\/f371a495-ff41-437c-9b24-4a92ba16429f-scaled.jpg?resize=320%2C320&amp;ssl=1 320w, https:\\\/\\\/i0.wp.com\\\/blogs.nmz.de\\\/badblog\\\/files\\\/2025\\\/02\\\/f371a495-ff41-437c-9b24-4a92ba16429f-scaled.jpg?resize=1320%2C1320&amp;ssl=1 1320w&quot;,&quot;fratio&quot;:1},&quot;ppe-2999-8&quot;:{&quot;title&quot;:&quot;250 &#8211; Interview with Helena Canovas Pares&quot;,&quot;description&quot;:&quot;&lt;p&gt;composer&lt;\\\/p&gt;\\n&lt;p&gt;Helena Canovas Pares talks about her education in Spain and Cologne and how she developed as a composer. She shares her thoughts about voice, singing, inspiration and collaborations.&lt;\\\/p&gt;\\n&lt;p&gt;&lt;a href=\\&quot;https:\\\/\\\/www.hcanovaspares.com\\\/\\&quot;&gt;https:\\\/\\\/www.hcanovaspares.com\\\/&lt;\\\/a&gt;&lt;\\\/p&gt;\\n&lt;p&gt;cooperating with nmz&lt;\\\/p&gt;\\n&lt;p&gt;&lt;a href=\\&quot;http:\\\/\\\/www.nmz.de\\&quot;&gt;www.nmz.de&lt;\\\/a&gt;&lt;\\\/p&gt;\\n&lt;p&gt;&lt;a href=\\&quot;http:\\\/\\\/www.irenekurka.de\\&quot;&gt;www.irenekurka.de&lt;\\\/a&gt;&lt;\\\/p&gt;\\n&lt;p&gt;&lt;a href=\\&quot;mailto:&#x6d;ail&#064;&#105;&#114;&#101;&#110;&#101;&#107;&#x75;r&#x6b;a&#046;&#100;&#x65;\\&quot;&gt;&#x6d;&#097;&#x69;&#108;&#x40;&#x69;&#114;&#101;&#x6e;&#x65;&#x6b;&#x75;&#114;&#x6b;&#x61;&#046;&#100;&#x65;&lt;\\\/a&gt;&lt;\\\/p&gt;\\n&quot;,&quot;author&quot;:&quot;Kurka&quot;,&quot;date&quot;:&quot;4. Februar 2025&quot;,&quot;link&quot;:&quot;https:\\\/\\\/neuemusikleben.podigee.io\\\/251-neue-episode&quot;,&quot;src&quot;:&quot;https:\\\/\\\/audio.podigee-cdn.net\\\/1700746-m-74cf541302ab46e4601bca07b1697ce5.mp3?source=feed&quot;,&quot;featured&quot;:&quot;https:\\\/\\\/i0.wp.com\\\/blogs.nmz.de\\\/badblog\\\/files\\\/2025\\\/02\\\/35a21e7f-d41e-4f12-ba61-0a0329aa6a69-scaled.jpg?fit=768%2C768&#038;ssl=1&quot;,&quot;featured_id&quot;:29690,&quot;mediatype&quot;:&quot;audio&quot;,&quot;season&quot;:0,&quot;categories&quot;:[],&quot;duration&quot;:&quot;43:35&quot;,&quot;episodetype&quot;:&quot;full&quot;,&quot;timestamp&quot;:1738637700,&quot;key&quot;:&quot;9507465a428af26120796ff6f07330d7&quot;,&quot;fset&quot;:&quot;https:\\\/\\\/i0.wp.com\\\/blogs.nmz.de\\\/badblog\\\/files\\\/2025\\\/02\\\/35a21e7f-d41e-4f12-ba61-0a0329aa6a69-scaled.jpg?w=2560&amp;ssl=1 2560w, https:\\\/\\\/i0.wp.com\\\/blogs.nmz.de\\\/badblog\\\/files\\\/2025\\\/02\\\/35a21e7f-d41e-4f12-ba61-0a0329aa6a69-scaled.jpg?resize=480%2C480&amp;ssl=1 480w, https:\\\/\\\/i0.wp.com\\\/blogs.nmz.de\\\/badblog\\\/files\\\/2025\\\/02\\\/35a21e7f-d41e-4f12-ba61-0a0329aa6a69-scaled.jpg?resize=1024%2C1024&amp;ssl=1 1024w, https:\\\/\\\/i0.wp.com\\\/blogs.nmz.de\\\/badblog\\\/files\\\/2025\\\/02\\\/35a21e7f-d41e-4f12-ba61-0a0329aa6a69-scaled.jpg?resize=150%2C150&amp;ssl=1 150w, https:\\\/\\\/i0.wp.com\\\/blogs.nmz.de\\\/badblog\\\/files\\\/2025\\\/02\\\/35a21e7f-d41e-4f12-ba61-0a0329aa6a69-scaled.jpg?resize=768%2C768&amp;ssl=1 768w, https:\\\/\\\/i0.wp.com\\\/blogs.nmz.de\\\/badblog\\\/files\\\/2025\\\/02\\\/35a21e7f-d41e-4f12-ba61-0a0329aa6a69-scaled.jpg?resize=1536%2C1536&amp;ssl=1 1536w, https:\\\/\\\/i0.wp.com\\\/blogs.nmz.de\\\/badblog\\\/files\\\/2025\\\/02\\\/35a21e7f-d41e-4f12-ba61-0a0329aa6a69-scaled.jpg?resize=2048%2C2048&amp;ssl=1 2048w, https:\\\/\\\/i0.wp.com\\\/blogs.nmz.de\\\/badblog\\\/files\\\/2025\\\/02\\\/35a21e7f-d41e-4f12-ba61-0a0329aa6a69-scaled.jpg?resize=70%2C70&amp;ssl=1 70w, https:\\\/\\\/i0.wp.com\\\/blogs.nmz.de\\\/badblog\\\/files\\\/2025\\\/02\\\/35a21e7f-d41e-4f12-ba61-0a0329aa6a69-scaled.jpg?resize=80%2C80&amp;ssl=1 80w, https:\\\/\\\/i0.wp.com\\\/blogs.nmz.de\\\/badblog\\\/files\\\/2025\\\/02\\\/35a21e7f-d41e-4f12-ba61-0a0329aa6a69-scaled.jpg?resize=320%2C320&amp;ssl=1 320w, https:\\\/\\\/i0.wp.com\\\/blogs.nmz.de\\\/badblog\\\/files\\\/2025\\\/02\\\/35a21e7f-d41e-4f12-ba61-0a0329aa6a69-scaled.jpg?resize=1320%2C1320&amp;ssl=1 1320w&quot;,&quot;fratio&quot;:1},&quot;ppe-2999-9&quot;:{&quot;title&quot;:&quot;249 &#8211; Interview mit Reiko F\\u00fcting&quot;,&quot;description&quot;:&quot;&lt;p&gt;Komponist und Professor f\\u00fcr Komposition&lt;\\\/p&gt;\\n&lt;p&gt;Reiko F\\u00fcting spricht \\u00fcber seinen Weg in die neue Musik und wie es ihn in die USA verschlagen hat, wo er seit vielen Jahren Professor f\\u00fcr Komposition an der Manhattan School of Music ist. Er spricht \\u00fcber die M\\u00f6glichkeiten und Unterschiede zwischen Deutschland und den USA und vieles mehr.&lt;\\\/p&gt;\\n&lt;p&gt;&lt;a href=\\&quot;http:\\\/\\\/www.reikofueting.com\\&quot;&gt;www.reikofueting.com&lt;\\\/a&gt;&lt;\\\/p&gt;\\n&lt;p&gt;&lt;a href=\\&quot;http:\\\/\\\/www.irenekurka.de\\&quot;&gt;www.irenekurka.de&lt;\\\/a&gt;&lt;\\\/p&gt;\\n&lt;p&gt;Kooperationspartnerin der nmz&lt;\\\/p&gt;\\n&lt;p&gt;&lt;a href=\\&quot;http:\\\/\\\/www.nmz.de\\&quot;&gt;www.nmz.de&lt;\\\/a&gt;&lt;\\\/p&gt;\\n&quot;,&quot;author&quot;:&quot;Kurka&quot;,&quot;date&quot;:&quot;21. Januar 2025&quot;,&quot;link&quot;:&quot;https:\\\/\\\/neuemusikleben.podigee.io\\\/245-neue-episode&quot;,&quot;src&quot;:&quot;https:\\\/\\\/audio.podigee-cdn.net\\\/1634314-m-25208e2c1dfe968bfe27e93127ae8231.mp3?source=feed&quot;,&quot;featured&quot;:&quot;https:\\\/\\\/i0.wp.com\\\/blogs.nmz.de\\\/badblog\\\/files\\\/2025\\\/01\\\/b44fdbd8-8fc2-499e-8ef3-26433cac3dd1-scaled.jpg?fit=768%2C768&#038;ssl=1&quot;,&quot;featured_id&quot;:29665,&quot;mediatype&quot;:&quot;audio&quot;,&quot;season&quot;:0,&quot;categories&quot;:[],&quot;duration&quot;:&quot;45:45&quot;,&quot;episodetype&quot;:&quot;full&quot;,&quot;timestamp&quot;:1737433500,&quot;key&quot;:&quot;bb139921e6a9da0dde0bda2755460739&quot;,&quot;fset&quot;:&quot;https:\\\/\\\/i0.wp.com\\\/blogs.nmz.de\\\/badblog\\\/files\\\/2025\\\/01\\\/b44fdbd8-8fc2-499e-8ef3-26433cac3dd1-scaled.jpg?w=2560&amp;ssl=1 2560w, https:\\\/\\\/i0.wp.com\\\/blogs.nmz.de\\\/badblog\\\/files\\\/2025\\\/01\\\/b44fdbd8-8fc2-499e-8ef3-26433cac3dd1-scaled.jpg?resize=480%2C480&amp;ssl=1 480w, https:\\\/\\\/i0.wp.com\\\/blogs.nmz.de\\\/badblog\\\/files\\\/2025\\\/01\\\/b44fdbd8-8fc2-499e-8ef3-26433cac3dd1-scaled.jpg?resize=1024%2C1024&amp;ssl=1 1024w, https:\\\/\\\/i0.wp.com\\\/blogs.nmz.de\\\/badblog\\\/files\\\/2025\\\/01\\\/b44fdbd8-8fc2-499e-8ef3-26433cac3dd1-scaled.jpg?resize=150%2C150&amp;ssl=1 150w, https:\\\/\\\/i0.wp.com\\\/blogs.nmz.de\\\/badblog\\\/files\\\/2025\\\/01\\\/b44fdbd8-8fc2-499e-8ef3-26433cac3dd1-scaled.jpg?resize=768%2C768&amp;ssl=1 768w, https:\\\/\\\/i0.wp.com\\\/blogs.nmz.de\\\/badblog\\\/files\\\/2025\\\/01\\\/b44fdbd8-8fc2-499e-8ef3-26433cac3dd1-scaled.jpg?resize=1536%2C1536&amp;ssl=1 1536w, https:\\\/\\\/i0.wp.com\\\/blogs.nmz.de\\\/badblog\\\/files\\\/2025\\\/01\\\/b44fdbd8-8fc2-499e-8ef3-26433cac3dd1-scaled.jpg?resize=2048%2C2048&amp;ssl=1 2048w, https:\\\/\\\/i0.wp.com\\\/blogs.nmz.de\\\/badblog\\\/files\\\/2025\\\/01\\\/b44fdbd8-8fc2-499e-8ef3-26433cac3dd1-scaled.jpg?resize=70%2C70&amp;ssl=1 70w, https:\\\/\\\/i0.wp.com\\\/blogs.nmz.de\\\/badblog\\\/files\\\/2025\\\/01\\\/b44fdbd8-8fc2-499e-8ef3-26433cac3dd1-scaled.jpg?resize=80%2C80&amp;ssl=1 80w, https:\\\/\\\/i0.wp.com\\\/blogs.nmz.de\\\/badblog\\\/files\\\/2025\\\/01\\\/b44fdbd8-8fc2-499e-8ef3-26433cac3dd1-scaled.jpg?resize=320%2C320&amp;ssl=1 320w, https:\\\/\\\/i0.wp.com\\\/blogs.nmz.de\\\/badblog\\\/files\\\/2025\\\/01\\\/b44fdbd8-8fc2-499e-8ef3-26433cac3dd1-scaled.jpg?resize=1320%2C1320&amp;ssl=1 1320w&quot;,&quot;fratio&quot;:1},&quot;ppe-2999-10&quot;:{&quot;title&quot;:&quot;248 -Interview with Johannes Kreidler&quot;,&quot;description&quot;:&quot;&lt;p&gt;composer and professor&lt;\\\/p&gt;\\n&lt;p&gt;Johannes Kreidler talks about his way into contemporary music and how he became a conceptual composer. He speaks about teaching in Basel and what happened in and since the pandemic in his artistic life. He also shares his creative process with us.&lt;\\\/p&gt;\\n&lt;p&gt;&lt;a href=\\&quot;http:\\\/\\\/www.kreidler-net.de\\&quot;&gt;www.kreidler-net.de&lt;\\\/a&gt;&lt;\\\/p&gt;\\n&lt;p&gt;&lt;a href=\\&quot;http:\\\/\\\/www.sheetmusic-kreidler.com\\&quot;&gt;www.sheetmusic-kreidler.com&lt;\\\/a&gt;&lt;\\\/p&gt;\\n&lt;p&gt;cooperating with nmw&lt;br \\\/&gt;\\nNeue Musikzeitung&lt;\\\/p&gt;\\n&lt;p&gt;&lt;a href=\\&quot;http:\\\/\\\/www.nmz.de\\&quot;&gt;www.nmz.de&lt;\\\/a&gt;&lt;\\\/p&gt;\\n&lt;p&gt;&lt;a href=\\&quot;http:\\\/\\\/www.irenekurka.de\\&quot;&gt;www.irenekurka.de&lt;\\\/a&gt;&lt;\\\/p&gt;\\n&lt;p&gt;&lt;a href=\\&quot;https:\\\/\\\/www.patreon.com\\\/c\\\/user?u=112648747\\&quot;&gt;https:\\\/\\\/www.patreon.com\\\/c\\\/user?u=112648747&lt;\\\/a&gt;&lt;\\\/p&gt;\\n&quot;,&quot;author&quot;:&quot;Irene Kurka&quot;,&quot;date&quot;:&quot;7. Januar 2025&quot;,&quot;link&quot;:&quot;https:\\\/\\\/neuemusikleben.podigee.io\\\/244-neue-episode&quot;,&quot;src&quot;:&quot;https:\\\/\\\/audio.podigee-cdn.net\\\/1634313-m-5fa541f71974759d97480af6cc66480f.mp3?source=feed&quot;,&quot;featured&quot;:&quot;https:\\\/\\\/i0.wp.com\\\/blogs.nmz.de\\\/badblog\\\/files\\\/2025\\\/01\\\/32d0e254-2bf2-4922-b90f-9cce1b3fa111-scaled.jpg?fit=768%2C768&#038;ssl=1&quot;,&quot;featured_id&quot;:29630,&quot;mediatype&quot;:&quot;audio&quot;,&quot;season&quot;:0,&quot;categories&quot;:[],&quot;duration&quot;:&quot;50:57&quot;,&quot;episodetype&quot;:&quot;full&quot;,&quot;timestamp&quot;:1736225400,&quot;key&quot;:&quot;8c972b3de6ead710b9b226ad3fe20277&quot;,&quot;fset&quot;:&quot;https:\\\/\\\/i0.wp.com\\\/blogs.nmz.de\\\/badblog\\\/files\\\/2025\\\/01\\\/32d0e254-2bf2-4922-b90f-9cce1b3fa111-scaled.jpg?w=2560&amp;ssl=1 2560w, https:\\\/\\\/i0.wp.com\\\/blogs.nmz.de\\\/badblog\\\/files\\\/2025\\\/01\\\/32d0e254-2bf2-4922-b90f-9cce1b3fa111-scaled.jpg?resize=480%2C480&amp;ssl=1 480w, https:\\\/\\\/i0.wp.com\\\/blogs.nmz.de\\\/badblog\\\/files\\\/2025\\\/01\\\/32d0e254-2bf2-4922-b90f-9cce1b3fa111-scaled.jpg?resize=1024%2C1024&amp;ssl=1 1024w, https:\\\/\\\/i0.wp.com\\\/blogs.nmz.de\\\/badblog\\\/files\\\/2025\\\/01\\\/32d0e254-2bf2-4922-b90f-9cce1b3fa111-scaled.jpg?resize=150%2C150&amp;ssl=1 150w, https:\\\/\\\/i0.wp.com\\\/blogs.nmz.de\\\/badblog\\\/files\\\/2025\\\/01\\\/32d0e254-2bf2-4922-b90f-9cce1b3fa111-scaled.jpg?resize=768%2C768&amp;ssl=1 768w, https:\\\/\\\/i0.wp.com\\\/blogs.nmz.de\\\/badblog\\\/files\\\/2025\\\/01\\\/32d0e254-2bf2-4922-b90f-9cce1b3fa111-scaled.jpg?resize=1536%2C1536&amp;ssl=1 1536w, https:\\\/\\\/i0.wp.com\\\/blogs.nmz.de\\\/badblog\\\/files\\\/2025\\\/01\\\/32d0e254-2bf2-4922-b90f-9cce1b3fa111-scaled.jpg?resize=2048%2C2048&amp;ssl=1 2048w, https:\\\/\\\/i0.wp.com\\\/blogs.nmz.de\\\/badblog\\\/files\\\/2025\\\/01\\\/32d0e254-2bf2-4922-b90f-9cce1b3fa111-scaled.jpg?resize=70%2C70&amp;ssl=1 70w, https:\\\/\\\/i0.wp.com\\\/blogs.nmz.de\\\/badblog\\\/files\\\/2025\\\/01\\\/32d0e254-2bf2-4922-b90f-9cce1b3fa111-scaled.jpg?resize=80%2C80&amp;ssl=1 80w, https:\\\/\\\/i0.wp.com\\\/blogs.nmz.de\\\/badblog\\\/files\\\/2025\\\/01\\\/32d0e254-2bf2-4922-b90f-9cce1b3fa111-scaled.jpg?resize=320%2C320&amp;ssl=1 320w, https:\\\/\\\/i0.wp.com\\\/blogs.nmz.de\\\/badblog\\\/files\\\/2025\\\/01\\\/32d0e254-2bf2-4922-b90f-9cce1b3fa111-scaled.jpg?resize=1320%2C1320&amp;ssl=1 1320w&quot;,&quot;fratio&quot;:1},&quot;ppe-2999-11&quot;:{&quot;title&quot;:&quot;247 &#8211; Learnings and review 2024&quot;,&quot;description&quot;:&quot;&lt;p&gt;solo episode with soprano Irene Kurka&lt;\\\/p&gt;\\n&lt;p&gt;Irene Kurka is reflecting on 2024. This a personal episode.&lt;\\\/p&gt;\\n&lt;p&gt;Thank you for listening!&lt;\\\/p&gt;\\n&lt;p&gt;Merry Christmas and a happy new year!!!&lt;\\\/p&gt;\\n&lt;p&gt;Fr\\u00f6hliche Weihnachten und ein gl\\u00fcckliches 2025!&lt;\\\/p&gt;\\n&lt;p&gt;Danke f\\u00fcrs Zuh\\u00f6ren, Einschalten und eure Treue!&lt;\\\/p&gt;\\n&lt;p&gt;&lt;a href=\\&quot;http:\\\/\\\/www.irenekurka.de\\&quot;&gt;www.irenekurka.de&lt;\\\/a&gt;&lt;\\\/p&gt;\\n&lt;p&gt;&lt;a href=\\&quot;https:\\\/\\\/irenekurka.de\\\/book-me\\\/coaching\\&quot;&gt;https:\\\/\\\/irenekurka.de\\\/book-me\\\/coaching&lt;\\\/a&gt;&lt;\\\/p&gt;\\n&lt;p&gt;&lt;a href=\\&quot;https:\\\/\\\/www.patreon.com\\\/c\\\/user\\\/shop?u=112648747\\&quot;&gt;https:\\\/\\\/www.patreon.com\\\/c\\\/user\\\/shop?u=112648747&lt;\\\/a&gt;&lt;\\\/p&gt;\\n&lt;p&gt;Kooperationspartnerin der nmz&lt;\\\/p&gt;\\n&lt;p&gt;&lt;a href=\\&quot;http:\\\/\\\/www.nmz.de\\&quot;&gt;www.nmz.de&lt;\\\/a&gt;&lt;\\\/p&gt;\\n&quot;,&quot;author&quot;:&quot;Kurka&quot;,&quot;date&quot;:&quot;18. Dezember 2024&quot;,&quot;link&quot;:&quot;https:\\\/\\\/neuemusikleben.podigee.io\\\/250-neue-episode&quot;,&quot;src&quot;:&quot;https:\\\/\\\/audio.podigee-cdn.net\\\/1695503-m-bbffd740d9c5a525cc6b30b08eb4f6f6.mp3?source=feed&quot;,&quot;featured&quot;:&quot;https:\\\/\\\/i0.wp.com\\\/blogs.nmz.de\\\/badblog\\\/files\\\/2024\\\/12\\\/bd3843bd-e368-4ccc-97f6-a15df74b881b-scaled.jpg?fit=768%2C768&#038;ssl=1&quot;,&quot;featured_id&quot;:29572,&quot;mediatype&quot;:&quot;audio&quot;,&quot;season&quot;:0,&quot;categories&quot;:[],&quot;duration&quot;:&quot;19:44&quot;,&quot;episodetype&quot;:&quot;full&quot;,&quot;timestamp&quot;:1734504900,&quot;key&quot;:&quot;ed516215afef2d7f34c965b3c2d78d23&quot;,&quot;fset&quot;:&quot;https:\\\/\\\/i0.wp.com\\\/blogs.nmz.de\\\/badblog\\\/files\\\/2024\\\/12\\\/bd3843bd-e368-4ccc-97f6-a15df74b881b-scaled.jpg?w=2560&amp;ssl=1 2560w, https:\\\/\\\/i0.wp.com\\\/blogs.nmz.de\\\/badblog\\\/files\\\/2024\\\/12\\\/bd3843bd-e368-4ccc-97f6-a15df74b881b-scaled.jpg?resize=480%2C480&amp;ssl=1 480w, https:\\\/\\\/i0.wp.com\\\/blogs.nmz.de\\\/badblog\\\/files\\\/2024\\\/12\\\/bd3843bd-e368-4ccc-97f6-a15df74b881b-scaled.jpg?resize=1024%2C1024&amp;ssl=1 1024w, https:\\\/\\\/i0.wp.com\\\/blogs.nmz.de\\\/badblog\\\/files\\\/2024\\\/12\\\/bd3843bd-e368-4ccc-97f6-a15df74b881b-scaled.jpg?resize=150%2C150&amp;ssl=1 150w, https:\\\/\\\/i0.wp.com\\\/blogs.nmz.de\\\/badblog\\\/files\\\/2024\\\/12\\\/bd3843bd-e368-4ccc-97f6-a15df74b881b-scaled.jpg?resize=768%2C768&amp;ssl=1 768w, https:\\\/\\\/i0.wp.com\\\/blogs.nmz.de\\\/badblog\\\/files\\\/2024\\\/12\\\/bd3843bd-e368-4ccc-97f6-a15df74b881b-scaled.jpg?resize=1536%2C1536&amp;ssl=1 1536w, https:\\\/\\\/i0.wp.com\\\/blogs.nmz.de\\\/badblog\\\/files\\\/2024\\\/12\\\/bd3843bd-e368-4ccc-97f6-a15df74b881b-scaled.jpg?resize=2048%2C2048&amp;ssl=1 2048w, https:\\\/\\\/i0.wp.com\\\/blogs.nmz.de\\\/badblog\\\/files\\\/2024\\\/12\\\/bd3843bd-e368-4ccc-97f6-a15df74b881b-scaled.jpg?resize=70%2C70&amp;ssl=1 70w, https:\\\/\\\/i0.wp.com\\\/blogs.nmz.de\\\/badblog\\\/files\\\/2024\\\/12\\\/bd3843bd-e368-4ccc-97f6-a15df74b881b-scaled.jpg?resize=80%2C80&amp;ssl=1 80w, https:\\\/\\\/i0.wp.com\\\/blogs.nmz.de\\\/badblog\\\/files\\\/2024\\\/12\\\/bd3843bd-e368-4ccc-97f6-a15df74b881b-scaled.jpg?resize=320%2C320&amp;ssl=1 320w, https:\\\/\\\/i0.wp.com\\\/blogs.nmz.de\\\/badblog\\\/files\\\/2024\\\/12\\\/bd3843bd-e368-4ccc-97f6-a15df74b881b-scaled.jpg?resize=1320%2C1320&amp;ssl=1 1320w&quot;,&quot;fratio&quot;:1},&quot;ppe-2999-12&quot;:{&quot;title&quot;:&quot;246 &#8211; R\\u00fcckblick und Learnings 2024&quot;,&quot;description&quot;:&quot;&lt;p&gt;Solofolge mit Irene Kurka&lt;\\\/p&gt;\\n&lt;p&gt;Irene Kurka spricht \\u00fcber ihre Erfahrungen, Neuerungen und Erfolge rund um den Podcast, Konzerte in Braga, Luxembourg, Coaching, Human Design, Entspannung und Ruhe und vieles mehr.&lt;\\\/p&gt;\\n&lt;p&gt;Fr\\u00f6hliche Weihnachten und ein gl\\u00fcckliches 2025!&lt;\\\/p&gt;\\n&lt;p&gt;Danke f\\u00fcrs Zuh\\u00f6ren, Einschalten und eure Treue!&lt;\\\/p&gt;\\n&lt;p&gt;&lt;a href=\\&quot;http:\\\/\\\/www.irenekurka.de\\&quot;&gt;www.irenekurka.de&lt;\\\/a&gt;&lt;\\\/p&gt;\\n&lt;p&gt;&lt;a href=\\&quot;https:\\\/\\\/irenekurka.de\\\/book-me\\\/coaching\\&quot;&gt;https:\\\/\\\/irenekurka.de\\\/book-me\\\/coaching&lt;\\\/a&gt;&lt;\\\/p&gt;\\n&lt;p&gt;&lt;a href=\\&quot;https:\\\/\\\/www.patreon.com\\\/c\\\/user\\\/shop?u=112648747\\&quot;&gt;https:\\\/\\\/www.patreon.com\\\/c\\\/user\\\/shop?u=112648747&lt;\\\/a&gt;&lt;\\\/p&gt;\\n&lt;p&gt;Kooperationspartnerin der nmz&lt;\\\/p&gt;\\n&lt;p&gt;&lt;a href=\\&quot;http:\\\/\\\/www.nmz.de\\&quot;&gt;www.nmz.de&lt;\\\/a&gt;&lt;\\\/p&gt;\\n&quot;,&quot;author&quot;:&quot;Kurka&quot;,&quot;date&quot;:&quot;17. Dezember 2024&quot;,&quot;link&quot;:&quot;https:\\\/\\\/neuemusikleben.podigee.io\\\/243-neue-episode&quot;,&quot;src&quot;:&quot;https:\\\/\\\/audio.podigee-cdn.net\\\/1634311-m-283216d93c2923ac0ab6d02c249595d5.mp3?source=feed&quot;,&quot;featured&quot;:&quot;https:\\\/\\\/i0.wp.com\\\/blogs.nmz.de\\\/badblog\\\/files\\\/2024\\\/12\\\/ec8f2441-2d39-4d93-b90f-0430cfd1f7f5-scaled.jpg?fit=768%2C768&#038;ssl=1&quot;,&quot;featured_id&quot;:29571,&quot;mediatype&quot;:&quot;audio&quot;,&quot;season&quot;:0,&quot;categories&quot;:[],&quot;duration&quot;:&quot;28:09&quot;,&quot;episodetype&quot;:&quot;full&quot;,&quot;timestamp&quot;:1734412800,&quot;key&quot;:&quot;f5eed6f4084a738ed16e833610982a85&quot;,&quot;fset&quot;:&quot;https:\\\/\\\/i0.wp.com\\\/blogs.nmz.de\\\/badblog\\\/files\\\/2024\\\/12\\\/ec8f2441-2d39-4d93-b90f-0430cfd1f7f5-scaled.jpg?w=2560&amp;ssl=1 2560w, https:\\\/\\\/i0.wp.com\\\/blogs.nmz.de\\\/badblog\\\/files\\\/2024\\\/12\\\/ec8f2441-2d39-4d93-b90f-0430cfd1f7f5-scaled.jpg?resize=480%2C480&amp;ssl=1 480w, https:\\\/\\\/i0.wp.com\\\/blogs.nmz.de\\\/badblog\\\/files\\\/2024\\\/12\\\/ec8f2441-2d39-4d93-b90f-0430cfd1f7f5-scaled.jpg?resize=1024%2C1024&amp;ssl=1 1024w, https:\\\/\\\/i0.wp.com\\\/blogs.nmz.de\\\/badblog\\\/files\\\/2024\\\/12\\\/ec8f2441-2d39-4d93-b90f-0430cfd1f7f5-scaled.jpg?resize=150%2C150&amp;ssl=1 150w, https:\\\/\\\/i0.wp.com\\\/blogs.nmz.de\\\/badblog\\\/files\\\/2024\\\/12\\\/ec8f2441-2d39-4d93-b90f-0430cfd1f7f5-scaled.jpg?resize=768%2C768&amp;ssl=1 768w, https:\\\/\\\/i0.wp.com\\\/blogs.nmz.de\\\/badblog\\\/files\\\/2024\\\/12\\\/ec8f2441-2d39-4d93-b90f-0430cfd1f7f5-scaled.jpg?resize=1536%2C1536&amp;ssl=1 1536w, https:\\\/\\\/i0.wp.com\\\/blogs.nmz.de\\\/badblog\\\/files\\\/2024\\\/12\\\/ec8f2441-2d39-4d93-b90f-0430cfd1f7f5-scaled.jpg?resize=2048%2C2048&amp;ssl=1 2048w, https:\\\/\\\/i0.wp.com\\\/blogs.nmz.de\\\/badblog\\\/files\\\/2024\\\/12\\\/ec8f2441-2d39-4d93-b90f-0430cfd1f7f5-scaled.jpg?resize=70%2C70&amp;ssl=1 70w, https:\\\/\\\/i0.wp.com\\\/blogs.nmz.de\\\/badblog\\\/files\\\/2024\\\/12\\\/ec8f2441-2d39-4d93-b90f-0430cfd1f7f5-scaled.jpg?resize=80%2C80&amp;ssl=1 80w, https:\\\/\\\/i0.wp.com\\\/blogs.nmz.de\\\/badblog\\\/files\\\/2024\\\/12\\\/ec8f2441-2d39-4d93-b90f-0430cfd1f7f5-scaled.jpg?resize=320%2C320&amp;ssl=1 320w, https:\\\/\\\/i0.wp.com\\\/blogs.nmz.de\\\/badblog\\\/files\\\/2024\\\/12\\\/ec8f2441-2d39-4d93-b90f-0430cfd1f7f5-scaled.jpg?resize=1320%2C1320&amp;ssl=1 1320w&quot;,&quot;fratio&quot;:1},&quot;ppe-2999-13&quot;:{&quot;title&quot;:&quot;245 &#8211; Interview with Rosie Middleton &#8211; rainy days Luxembourg (4)&quot;,&quot;description&quot;:&quot;&lt;p&gt;mezzo-soprano&lt;\\\/p&gt;\\n&lt;p&gt;Rosie Middleton talks about her way into singing contemporary music and music theatre and how she enjoys exploring extreme situations for her voice and body. She shares her experience of 12 Hours at rainy day festival Luxembourg.This podcast is a cooperation with rainy days Philharmonie Luxembourg.&lt;\\\/p&gt;\\n&lt;p&gt;&lt;a href=\\&quot;https:\\\/\\\/rosiemiddleton.com\\\/\\&quot;&gt;https:\\\/\\\/rosiemiddleton.com\\\/&lt;\\\/a&gt;&lt;\\\/p&gt;\\n&lt;p&gt;&lt;a href=\\&quot;https:\\\/\\\/www.philharmonie.lu\\\/en\\\/programme\\\/2024-25\\\/festival-overview\\\/rainy-days-2024-0000013e00000470\\&quot;&gt;https:\\\/\\\/www.philharmonie.lu\\\/en\\\/programme\\\/2024-25\\\/festival-overview\\\/rainy-days-2024-0000013e00000470&lt;\\\/a&gt;&lt;\\\/p&gt;\\n&lt;p&gt;cooperating with Neue Musikzeitung &lt;a href=\\&quot;http:\\\/\\\/www.nmz.de\\&quot;&gt;www.nmz.de&lt;\\\/a&gt;&lt;\\\/p&gt;\\n&lt;p&gt;&lt;a href=\\&quot;http:\\\/\\\/www.irenekurka.de\\&quot;&gt;www.irenekurka.de&lt;\\\/a&gt;&lt;\\\/p&gt;\\n&quot;,&quot;author&quot;:&quot;Kurka&quot;,&quot;date&quot;:&quot;4. Dezember 2024&quot;,&quot;link&quot;:&quot;https:\\\/\\\/neuemusikleben.podigee.io\\\/249-neue-episode&quot;,&quot;src&quot;:&quot;https:\\\/\\\/audio.podigee-cdn.net\\\/1678089-m-0b3832e970f2426e81a62aff2ff7b34c.mp3?source=feed&quot;,&quot;featured&quot;:&quot;https:\\\/\\\/i0.wp.com\\\/blogs.nmz.de\\\/badblog\\\/files\\\/2024\\\/12\\\/dbdd6192-205d-471b-af05-6c8012544111-scaled.jpg?fit=768%2C768&#038;ssl=1&quot;,&quot;featured_id&quot;:29538,&quot;mediatype&quot;:&quot;audio&quot;,&quot;season&quot;:0,&quot;categories&quot;:[],&quot;duration&quot;:&quot;58:23&quot;,&quot;episodetype&quot;:&quot;full&quot;,&quot;timestamp&quot;:1733287800,&quot;key&quot;:&quot;59c06e5ee8c7948e85ffd5ce466e6121&quot;,&quot;fset&quot;:&quot;https:\\\/\\\/i0.wp.com\\\/blogs.nmz.de\\\/badblog\\\/files\\\/2024\\\/12\\\/dbdd6192-205d-471b-af05-6c8012544111-scaled.jpg?w=2560&amp;ssl=1 2560w, https:\\\/\\\/i0.wp.com\\\/blogs.nmz.de\\\/badblog\\\/files\\\/2024\\\/12\\\/dbdd6192-205d-471b-af05-6c8012544111-scaled.jpg?resize=480%2C480&amp;ssl=1 480w, https:\\\/\\\/i0.wp.com\\\/blogs.nmz.de\\\/badblog\\\/files\\\/2024\\\/12\\\/dbdd6192-205d-471b-af05-6c8012544111-scaled.jpg?resize=1024%2C1024&amp;ssl=1 1024w, https:\\\/\\\/i0.wp.com\\\/blogs.nmz.de\\\/badblog\\\/files\\\/2024\\\/12\\\/dbdd6192-205d-471b-af05-6c8012544111-scaled.jpg?resize=150%2C150&amp;ssl=1 150w, https:\\\/\\\/i0.wp.com\\\/blogs.nmz.de\\\/badblog\\\/files\\\/2024\\\/12\\\/dbdd6192-205d-471b-af05-6c8012544111-scaled.jpg?resize=768%2C768&amp;ssl=1 768w, https:\\\/\\\/i0.wp.com\\\/blogs.nmz.de\\\/badblog\\\/files\\\/2024\\\/12\\\/dbdd6192-205d-471b-af05-6c8012544111-scaled.jpg?resize=1536%2C1536&amp;ssl=1 1536w, https:\\\/\\\/i0.wp.com\\\/blogs.nmz.de\\\/badblog\\\/files\\\/2024\\\/12\\\/dbdd6192-205d-471b-af05-6c8012544111-scaled.jpg?resize=2048%2C2048&amp;ssl=1 2048w, https:\\\/\\\/i0.wp.com\\\/blogs.nmz.de\\\/badblog\\\/files\\\/2024\\\/12\\\/dbdd6192-205d-471b-af05-6c8012544111-scaled.jpg?resize=70%2C70&amp;ssl=1 70w, https:\\\/\\\/i0.wp.com\\\/blogs.nmz.de\\\/badblog\\\/files\\\/2024\\\/12\\\/dbdd6192-205d-471b-af05-6c8012544111-scaled.jpg?resize=80%2C80&amp;ssl=1 80w, https:\\\/\\\/i0.wp.com\\\/blogs.nmz.de\\\/badblog\\\/files\\\/2024\\\/12\\\/dbdd6192-205d-471b-af05-6c8012544111-scaled.jpg?resize=320%2C320&amp;ssl=1 320w, https:\\\/\\\/i0.wp.com\\\/blogs.nmz.de\\\/badblog\\\/files\\\/2024\\\/12\\\/dbdd6192-205d-471b-af05-6c8012544111-scaled.jpg?resize=1320%2C1320&amp;ssl=1 1320w&quot;,&quot;fratio&quot;:1},&quot;ppe-2999-14&quot;:{&quot;title&quot;:&quot;244 &#8211; Interview with Ana Sokolovic&quot;,&quot;description&quot;:&quot;&lt;p&gt;composer and professor&lt;\\\/p&gt;\\n&lt;p&gt;Ana Sokolovic talks about her way into new music and her big interest in vocal music and music theater. She shares with us what inspires her and she connects many different things in her works. &lt;\\\/p&gt;\\n&lt;p&gt;&lt;a href=\\&quot;https:\\\/\\\/www.anasokolovic.com\\\/en\\\/\\&quot;&gt;https:\\\/\\\/www.anasokolovic.com\\\/en\\\/&lt;\\\/a&gt;&lt;\\\/p&gt;\\n&lt;p&gt;&lt;a href=\\&quot;https:\\\/\\\/www.boosey.com\\\/composer\\\/Ana+Sokolovic\\&quot;&gt;https:\\\/\\\/www.boosey.com\\\/composer\\\/Ana+Sokolovic&lt;\\\/a&gt;&lt;\\\/p&gt;\\n&lt;p&gt;&lt;a href=\\&quot;https:\\\/\\\/creationopera.ca\\\/en\\\/\\&quot;&gt;https:\\\/\\\/creationopera.ca\\\/en\\\/&lt;\\\/a&gt;&lt;\\\/p&gt;\\n&lt;p&gt;Kooperationspartner der nmz&lt;br \\\/&gt;\\nder Neuen Musikzeitung&lt;br \\\/&gt;\\n&lt;a href=\\&quot;http:\\\/\\\/www.nmz.de\\&quot;&gt;www.nmz.de&lt;\\\/a&gt;&lt;\\\/p&gt;\\n&lt;p&gt;&lt;a href=\\&quot;http:\\\/\\\/www.irenekurka.de\\&quot;&gt;www.irenekurka.de&lt;\\\/a&gt;&lt;\\\/p&gt;\\n&lt;p&gt;&lt;a href=\\&quot;https:\\\/\\\/www.patreon.com\\\/c\\\/user?u=112648747\\&quot;&gt;https:\\\/\\\/www.patreon.com\\\/c\\\/user?u=112648747&lt;\\\/a&gt;&lt;\\\/p&gt;\\n&quot;,&quot;author&quot;:&quot;Kurka&quot;,&quot;date&quot;:&quot;3. Dezember 2024&quot;,&quot;link&quot;:&quot;https:\\\/\\\/neuemusikleben.podigee.io\\\/242-neue-episode&quot;,&quot;src&quot;:&quot;https:\\\/\\\/audio.podigee-cdn.net\\\/1548193-m-3d03dfb4b350d0be216ddc7bfa76b31d.mp3?source=feed&quot;,&quot;featured&quot;:&quot;https:\\\/\\\/i0.wp.com\\\/blogs.nmz.de\\\/badblog\\\/files\\\/2024\\\/12\\\/2bebc7e1-c78a-4b84-8576-33aa59bfeb8f-scaled.jpg?fit=768%2C768&#038;ssl=1&quot;,&quot;featured_id&quot;:29537,&quot;mediatype&quot;:&quot;audio&quot;,&quot;season&quot;:0,&quot;categories&quot;:[],&quot;duration&quot;:&quot;53:56&quot;,&quot;episodetype&quot;:&quot;full&quot;,&quot;timestamp&quot;:1733200500,&quot;key&quot;:&quot;5ef64a753bf8f14173397999c4b1239e&quot;,&quot;fset&quot;:&quot;https:\\\/\\\/i0.wp.com\\\/blogs.nmz.de\\\/badblog\\\/files\\\/2024\\\/12\\\/2bebc7e1-c78a-4b84-8576-33aa59bfeb8f-scaled.jpg?w=2560&amp;ssl=1 2560w, https:\\\/\\\/i0.wp.com\\\/blogs.nmz.de\\\/badblog\\\/files\\\/2024\\\/12\\\/2bebc7e1-c78a-4b84-8576-33aa59bfeb8f-scaled.jpg?resize=480%2C480&amp;ssl=1 480w, https:\\\/\\\/i0.wp.com\\\/blogs.nmz.de\\\/badblog\\\/files\\\/2024\\\/12\\\/2bebc7e1-c78a-4b84-8576-33aa59bfeb8f-scaled.jpg?resize=1024%2C1024&amp;ssl=1 1024w, https:\\\/\\\/i0.wp.com\\\/blogs.nmz.de\\\/badblog\\\/files\\\/2024\\\/12\\\/2bebc7e1-c78a-4b84-8576-33aa59bfeb8f-scaled.jpg?resize=150%2C150&amp;ssl=1 150w, https:\\\/\\\/i0.wp.com\\\/blogs.nmz.de\\\/badblog\\\/files\\\/2024\\\/12\\\/2bebc7e1-c78a-4b84-8576-33aa59bfeb8f-scaled.jpg?resize=768%2C768&amp;ssl=1 768w, https:\\\/\\\/i0.wp.com\\\/blogs.nmz.de\\\/badblog\\\/files\\\/2024\\\/12\\\/2bebc7e1-c78a-4b84-8576-33aa59bfeb8f-scaled.jpg?resize=1536%2C1536&amp;ssl=1 1536w, https:\\\/\\\/i0.wp.com\\\/blogs.nmz.de\\\/badblog\\\/files\\\/2024\\\/12\\\/2bebc7e1-c78a-4b84-8576-33aa59bfeb8f-scaled.jpg?resize=2048%2C2048&amp;ssl=1 2048w, https:\\\/\\\/i0.wp.com\\\/blogs.nmz.de\\\/badblog\\\/files\\\/2024\\\/12\\\/2bebc7e1-c78a-4b84-8576-33aa59bfeb8f-scaled.jpg?resize=70%2C70&amp;ssl=1 70w, https:\\\/\\\/i0.wp.com\\\/blogs.nmz.de\\\/badblog\\\/files\\\/2024\\\/12\\\/2bebc7e1-c78a-4b84-8576-33aa59bfeb8f-scaled.jpg?resize=80%2C80&amp;ssl=1 80w, https:\\\/\\\/i0.wp.com\\\/blogs.nmz.de\\\/badblog\\\/files\\\/2024\\\/12\\\/2bebc7e1-c78a-4b84-8576-33aa59bfeb8f-scaled.jpg?resize=320%2C320&amp;ssl=1 320w, https:\\\/\\\/i0.wp.com\\\/blogs.nmz.de\\\/badblog\\\/files\\\/2024\\\/12\\\/2bebc7e1-c78a-4b84-8576-33aa59bfeb8f-scaled.jpg?resize=1320%2C1320&amp;ssl=1 1320w&quot;,&quot;fratio&quot;:1},&quot;ppe-2999-15&quot;:{&quot;title&quot;:&quot;243 &#8211; Interview with the Arditti String Quartett &#8211; rainy days Luxembourg (3)&quot;,&quot;description&quot;:&quot;&lt;p&gt;Irvine Arditti, Ralf Ehlers and Ashot Sarkissjan&lt;\\\/p&gt;\\n&lt;p&gt;Irvine Arditti, Ralf Ehlers and Ashot Sarkissjan talk about 50 years Arditti Quartet &#8211; having performed a multitude of premieres and met so many different composers. They share thoughts about playing in a string quartet and how their different personalities melt into this wonderful ensemble form.&lt;\\\/p&gt;\\n&lt;p&gt;&lt;a href=\\&quot;https:\\\/\\\/ardittiquartet.com\\\/\\&quot;&gt;https:\\\/\\\/ardittiquartet.com\\\/&lt;\\\/a&gt;&lt;\\\/p&gt;\\n&lt;p&gt;This podcast is a cooperation with rainy days Philharmonie Luxembourg.&lt;\\\/p&gt;\\n&lt;p&gt;&lt;a href=\\&quot;https:\\\/\\\/www.philharmonie.lu\\\/en\\\/programme\\\/2024-25\\\/festival-overview\\\/rainy-days-2024-0000013e00000470\\&quot;&gt;https:\\\/\\\/www.philharmonie.lu\\\/en\\\/programme\\\/2024-25\\\/festival-overview\\\/rainy-days-2024-0000013e00000470&lt;\\\/a&gt;&lt;\\\/p&gt;\\n&lt;p&gt;cooperating with Neue Musikzeitung &lt;\\\/p&gt;\\n&lt;p&gt;&lt;a href=\\&quot;http:\\\/\\\/www.nmz.de\\&quot;&gt;www.nmz.de&lt;\\\/a&gt;&lt;\\\/p&gt;\\n&lt;p&gt;&lt;a href=\\&quot;http:\\\/\\\/www.irenekurka.de\\&quot;&gt;www.irenekurka.de&lt;\\\/a&gt;&lt;\\\/p&gt;\\n&quot;,&quot;author&quot;:&quot;Kurka&quot;,&quot;date&quot;:&quot;27. November 2024&quot;,&quot;link&quot;:&quot;https:\\\/\\\/neuemusikleben.podigee.io\\\/248-neue-episode&quot;,&quot;src&quot;:&quot;https:\\\/\\\/audio.podigee-cdn.net\\\/1678088-m-1351990eb384abca212dd654b87d9dd5.mp3?source=feed&quot;,&quot;featured&quot;:&quot;https:\\\/\\\/i0.wp.com\\\/blogs.nmz.de\\\/badblog\\\/files\\\/2024\\\/11\\\/55029de7-be2e-47bd-8b47-1cf16a6bd702-scaled.jpg?fit=768%2C768&#038;ssl=1&quot;,&quot;featured_id&quot;:29499,&quot;mediatype&quot;:&quot;audio&quot;,&quot;season&quot;:0,&quot;categories&quot;:[],&quot;duration&quot;:&quot;34:01&quot;,&quot;episodetype&quot;:&quot;full&quot;,&quot;timestamp&quot;:1732682700,&quot;key&quot;:&quot;75395fbb51b54f880353904a28418d41&quot;,&quot;fset&quot;:&quot;https:\\\/\\\/i0.wp.com\\\/blogs.nmz.de\\\/badblog\\\/files\\\/2024\\\/11\\\/55029de7-be2e-47bd-8b47-1cf16a6bd702-scaled.jpg?w=2560&amp;ssl=1 2560w, https:\\\/\\\/i0.wp.com\\\/blogs.nmz.de\\\/badblog\\\/files\\\/2024\\\/11\\\/55029de7-be2e-47bd-8b47-1cf16a6bd702-scaled.jpg?resize=480%2C480&amp;ssl=1 480w, https:\\\/\\\/i0.wp.com\\\/blogs.nmz.de\\\/badblog\\\/files\\\/2024\\\/11\\\/55029de7-be2e-47bd-8b47-1cf16a6bd702-scaled.jpg?resize=1024%2C1024&amp;ssl=1 1024w, https:\\\/\\\/i0.wp.com\\\/blogs.nmz.de\\\/badblog\\\/files\\\/2024\\\/11\\\/55029de7-be2e-47bd-8b47-1cf16a6bd702-scaled.jpg?resize=150%2C150&amp;ssl=1 150w, https:\\\/\\\/i0.wp.com\\\/blogs.nmz.de\\\/badblog\\\/files\\\/2024\\\/11\\\/55029de7-be2e-47bd-8b47-1cf16a6bd702-scaled.jpg?resize=768%2C768&amp;ssl=1 768w, https:\\\/\\\/i0.wp.com\\\/blogs.nmz.de\\\/badblog\\\/files\\\/2024\\\/11\\\/55029de7-be2e-47bd-8b47-1cf16a6bd702-scaled.jpg?resize=1536%2C1536&amp;ssl=1 1536w, https:\\\/\\\/i0.wp.com\\\/blogs.nmz.de\\\/badblog\\\/files\\\/2024\\\/11\\\/55029de7-be2e-47bd-8b47-1cf16a6bd702-scaled.jpg?resize=2048%2C2048&amp;ssl=1 2048w, https:\\\/\\\/i0.wp.com\\\/blogs.nmz.de\\\/badblog\\\/files\\\/2024\\\/11\\\/55029de7-be2e-47bd-8b47-1cf16a6bd702-scaled.jpg?resize=70%2C70&amp;ssl=1 70w, https:\\\/\\\/i0.wp.com\\\/blogs.nmz.de\\\/badblog\\\/files\\\/2024\\\/11\\\/55029de7-be2e-47bd-8b47-1cf16a6bd702-scaled.jpg?resize=80%2C80&amp;ssl=1 80w, https:\\\/\\\/i0.wp.com\\\/blogs.nmz.de\\\/badblog\\\/files\\\/2024\\\/11\\\/55029de7-be2e-47bd-8b47-1cf16a6bd702-scaled.jpg?resize=320%2C320&amp;ssl=1 320w, https:\\\/\\\/i0.wp.com\\\/blogs.nmz.de\\\/badblog\\\/files\\\/2024\\\/11\\\/55029de7-be2e-47bd-8b47-1cf16a6bd702-scaled.jpg?resize=1320%2C1320&amp;ssl=1 1320w&quot;,&quot;fratio&quot;:1},&quot;ppe-2999-16&quot;:{&quot;title&quot;:&quot;242 &#8211; Interview with Rhodri Davies rainy days Luxembourg (2)&quot;,&quot;description&quot;:&quot;&lt;p&gt;harpist, composer, performer&lt;\\\/p&gt;\\n&lt;p&gt;Rhodri Davies talks about his encounter with contemporary music, improvisation and his obsession with the harp. Harp is the center of his artistic life and has led to many projects and collaborations. He talks about special features of the harp that has inspired composers to write for instrument. Rhodri talks about his &#8218;extreme&#8216; program which he will play at rainy days.&lt;\\\/p&gt;\\n&lt;p&gt;&lt;a href=\\&quot;https:\\\/\\\/rhodridavies.bandcamp.com\\\/music\\&quot;&gt;https:\\\/\\\/rhodridavies.bandcamp.com\\\/music&lt;\\\/a&gt;&lt;\\\/p&gt;\\n&lt;p&gt;&lt;a href=\\&quot;https:\\\/\\\/rhodridavies.com\\\/\\&quot;&gt;https:\\\/\\\/rhodridavies.com\\\/&lt;\\\/a&gt;&lt;\\\/p&gt;\\n&lt;p&gt;This podcast is a cooperation with rainy days Philharmonie Luxembourg.&lt;\\\/p&gt;\\n&lt;p&gt;&lt;a href=\\&quot;https:\\\/\\\/www.philharmonie.lu\\\/en\\\/programme\\\/2024-25\\\/festival-overview\\\/rainy-days-2024-0000013e00000470\\&quot;&gt;https:\\\/\\\/www.philharmonie.lu\\\/en\\\/programme\\\/2024-25\\\/festival-overview\\\/rainy-days-2024-0000013e00000470&lt;\\\/a&gt;&lt;\\\/p&gt;\\n&lt;p&gt;cooperating with Neue Musikzeitung &lt;a href=\\&quot;http:\\\/\\\/www.nmz.de\\&quot;&gt;www.nmz.de&lt;\\\/a&gt;&lt;\\\/p&gt;\\n&lt;p&gt;&lt;a href=\\&quot;http:\\\/\\\/www.irenekurka.de\\&quot;&gt;www.irenekurka.de&lt;\\\/a&gt;&lt;\\\/p&gt;\\n&quot;,&quot;author&quot;:&quot;Kurka&quot;,&quot;date&quot;:&quot;20. November 2024&quot;,&quot;link&quot;:&quot;https:\\\/\\\/neuemusikleben.podigee.io\\\/247-neue-episode&quot;,&quot;src&quot;:&quot;https:\\\/\\\/audio.podigee-cdn.net\\\/1677643-m-f071505543c5aab6db9854d7713f0b00.mp3?source=feed&quot;,&quot;featured&quot;:&quot;https:\\\/\\\/i0.wp.com\\\/blogs.nmz.de\\\/badblog\\\/files\\\/2024\\\/11\\\/3bf95f93-8676-42fe-a5eb-6c10d3426c7e-scaled.jpg?fit=768%2C768&#038;ssl=1&quot;,&quot;featured_id&quot;:29490,&quot;mediatype&quot;:&quot;audio&quot;,&quot;season&quot;:0,&quot;categories&quot;:[],&quot;duration&quot;:&quot;48:18&quot;,&quot;episodetype&quot;:&quot;full&quot;,&quot;timestamp&quot;:1732077600,&quot;key&quot;:&quot;1e9dfa9e007232f277f60c467a41e5e1&quot;,&quot;fset&quot;:&quot;https:\\\/\\\/i0.wp.com\\\/blogs.nmz.de\\\/badblog\\\/files\\\/2024\\\/11\\\/3bf95f93-8676-42fe-a5eb-6c10d3426c7e-scaled.jpg?w=2560&amp;ssl=1 2560w, https:\\\/\\\/i0.wp.com\\\/blogs.nmz.de\\\/badblog\\\/files\\\/2024\\\/11\\\/3bf95f93-8676-42fe-a5eb-6c10d3426c7e-scaled.jpg?resize=480%2C480&amp;ssl=1 480w, https:\\\/\\\/i0.wp.com\\\/blogs.nmz.de\\\/badblog\\\/files\\\/2024\\\/11\\\/3bf95f93-8676-42fe-a5eb-6c10d3426c7e-scaled.jpg?resize=1024%2C1024&amp;ssl=1 1024w, https:\\\/\\\/i0.wp.com\\\/blogs.nmz.de\\\/badblog\\\/files\\\/2024\\\/11\\\/3bf95f93-8676-42fe-a5eb-6c10d3426c7e-scaled.jpg?resize=150%2C150&amp;ssl=1 150w, https:\\\/\\\/i0.wp.com\\\/blogs.nmz.de\\\/badblog\\\/files\\\/2024\\\/11\\\/3bf95f93-8676-42fe-a5eb-6c10d3426c7e-scaled.jpg?resize=768%2C768&amp;ssl=1 768w, https:\\\/\\\/i0.wp.com\\\/blogs.nmz.de\\\/badblog\\\/files\\\/2024\\\/11\\\/3bf95f93-8676-42fe-a5eb-6c10d3426c7e-scaled.jpg?resize=1536%2C1536&amp;ssl=1 1536w, https:\\\/\\\/i0.wp.com\\\/blogs.nmz.de\\\/badblog\\\/files\\\/2024\\\/11\\\/3bf95f93-8676-42fe-a5eb-6c10d3426c7e-scaled.jpg?resize=2048%2C2048&amp;ssl=1 2048w, https:\\\/\\\/i0.wp.com\\\/blogs.nmz.de\\\/badblog\\\/files\\\/2024\\\/11\\\/3bf95f93-8676-42fe-a5eb-6c10d3426c7e-scaled.jpg?resize=70%2C70&amp;ssl=1 70w, https:\\\/\\\/i0.wp.com\\\/blogs.nmz.de\\\/badblog\\\/files\\\/2024\\\/11\\\/3bf95f93-8676-42fe-a5eb-6c10d3426c7e-scaled.jpg?resize=80%2C80&amp;ssl=1 80w, https:\\\/\\\/i0.wp.com\\\/blogs.nmz.de\\\/badblog\\\/files\\\/2024\\\/11\\\/3bf95f93-8676-42fe-a5eb-6c10d3426c7e-scaled.jpg?resize=320%2C320&amp;ssl=1 320w, https:\\\/\\\/i0.wp.com\\\/blogs.nmz.de\\\/badblog\\\/files\\\/2024\\\/11\\\/3bf95f93-8676-42fe-a5eb-6c10d3426c7e-scaled.jpg?resize=1320%2C1320&amp;ssl=1 1320w&quot;,&quot;fratio&quot;:1},&quot;ppe-2999-17&quot;:{&quot;title&quot;:&quot;241 &#8211; Interview mit Sabine Bergk&quot;,&quot;description&quot;:&quot;&lt;p&gt;Lyrikerin, Regisseurin, Podcasterin&lt;\\\/p&gt;\\n&lt;p&gt;Sabine Bergk betreibt erfolgreich den Podcast \\u201eLieder k\\u00f6nnen fliegen\\u201c. Sie erz\\u00e4hlt von ihrem k\\u00fcnstlerischen Werdegang, wie sie als Regisseurin, Autorin, Lyrikerin gearbeitet hat und welche wunderbaren Projekte ihres Weges gekommen sind. Sie spricht \\u00fcber ihre Liebe zum Kunstlied und ihre Kooperationen mit Komponist:innen und vieles mehr.&lt;\\\/p&gt;\\n&lt;p&gt;&lt;a href=\\&quot;http:\\\/\\\/www.sabinebergk.de\\&quot;&gt;www.sabinebergk.de&lt;\\\/a&gt;&lt;\\\/p&gt;\\n&quot;,&quot;author&quot;:&quot;Kurka&quot;,&quot;date&quot;:&quot;19. November 2024&quot;,&quot;link&quot;:&quot;https:\\\/\\\/neuemusikleben.podigee.io\\\/241-neue-episode&quot;,&quot;src&quot;:&quot;https:\\\/\\\/audio.podigee-cdn.net\\\/1548192-m-a6c1dff2cf426cad8f951f9ba94b093d.mp3?source=feed&quot;,&quot;featured&quot;:&quot;https:\\\/\\\/i0.wp.com\\\/blogs.nmz.de\\\/badblog\\\/files\\\/2024\\\/11\\\/1cfd00bd-9efa-42b0-9c08-b02828ff984a-scaled.jpg?fit=768%2C768&#038;ssl=1&quot;,&quot;featured_id&quot;:29489,&quot;mediatype&quot;:&quot;audio&quot;,&quot;season&quot;:0,&quot;categories&quot;:[],&quot;duration&quot;:&quot;49:00&quot;,&quot;episodetype&quot;:&quot;full&quot;,&quot;timestamp&quot;:1731991800,&quot;key&quot;:&quot;b196c384dbc8c49a944a0ef427ea223c&quot;,&quot;fset&quot;:&quot;https:\\\/\\\/i0.wp.com\\\/blogs.nmz.de\\\/badblog\\\/files\\\/2024\\\/11\\\/1cfd00bd-9efa-42b0-9c08-b02828ff984a-scaled.jpg?w=2560&amp;ssl=1 2560w, https:\\\/\\\/i0.wp.com\\\/blogs.nmz.de\\\/badblog\\\/files\\\/2024\\\/11\\\/1cfd00bd-9efa-42b0-9c08-b02828ff984a-scaled.jpg?resize=480%2C480&amp;ssl=1 480w, https:\\\/\\\/i0.wp.com\\\/blogs.nmz.de\\\/badblog\\\/files\\\/2024\\\/11\\\/1cfd00bd-9efa-42b0-9c08-b02828ff984a-scaled.jpg?resize=1024%2C1024&amp;ssl=1 1024w, https:\\\/\\\/i0.wp.com\\\/blogs.nmz.de\\\/badblog\\\/files\\\/2024\\\/11\\\/1cfd00bd-9efa-42b0-9c08-b02828ff984a-scaled.jpg?resize=150%2C150&amp;ssl=1 150w, https:\\\/\\\/i0.wp.com\\\/blogs.nmz.de\\\/badblog\\\/files\\\/2024\\\/11\\\/1cfd00bd-9efa-42b0-9c08-b02828ff984a-scaled.jpg?resize=768%2C768&amp;ssl=1 768w, https:\\\/\\\/i0.wp.com\\\/blogs.nmz.de\\\/badblog\\\/files\\\/2024\\\/11\\\/1cfd00bd-9efa-42b0-9c08-b02828ff984a-scaled.jpg?resize=1536%2C1536&amp;ssl=1 1536w, https:\\\/\\\/i0.wp.com\\\/blogs.nmz.de\\\/badblog\\\/files\\\/2024\\\/11\\\/1cfd00bd-9efa-42b0-9c08-b02828ff984a-scaled.jpg?resize=2048%2C2048&amp;ssl=1 2048w, https:\\\/\\\/i0.wp.com\\\/blogs.nmz.de\\\/badblog\\\/files\\\/2024\\\/11\\\/1cfd00bd-9efa-42b0-9c08-b02828ff984a-scaled.jpg?resize=70%2C70&amp;ssl=1 70w, https:\\\/\\\/i0.wp.com\\\/blogs.nmz.de\\\/badblog\\\/files\\\/2024\\\/11\\\/1cfd00bd-9efa-42b0-9c08-b02828ff984a-scaled.jpg?resize=80%2C80&amp;ssl=1 80w, https:\\\/\\\/i0.wp.com\\\/blogs.nmz.de\\\/badblog\\\/files\\\/2024\\\/11\\\/1cfd00bd-9efa-42b0-9c08-b02828ff984a-scaled.jpg?resize=320%2C320&amp;ssl=1 320w, https:\\\/\\\/i0.wp.com\\\/blogs.nmz.de\\\/badblog\\\/files\\\/2024\\\/11\\\/1cfd00bd-9efa-42b0-9c08-b02828ff984a-scaled.jpg?resize=1320%2C1320&amp;ssl=1 1320w&quot;,&quot;fratio&quot;:1},&quot;ppe-2999-18&quot;:{&quot;title&quot;:&quot;240 &#8211; Interview with Catherine Kontz \\u2013 rainy days Luxembourg (1)&quot;,&quot;description&quot;:&quot;&lt;p&gt;Artistic director rainy days Festival in Luxembourg&lt;\\\/p&gt;\\n&lt;p&gt;The composer Catherine Kontz is the artistic director of rainy days Luxembourg since 2022. She talks about how she curates, how she brings the audience to the festival and everything that is unique at rainy days.&lt;\\\/p&gt;\\n&lt;p&gt;This podcast is a cooperation with rainy days Philharmonie Luxembourg.&lt;\\\/p&gt;\\n&lt;p&gt;&lt;a href=\\&quot;https:\\\/\\\/www.philharmonie.lu\\\/en\\\/programme\\\/2024-25\\\/festival-overview\\\/rainy-days-2024-0000013e00000470\\&quot;&gt;https:\\\/\\\/www.philharmonie.lu\\\/en\\\/programme\\\/2024-25\\\/festival-overview\\\/rainy-days-2024-0000013e00000470&lt;\\\/a&gt;&lt;\\\/p&gt;\\n&lt;p&gt;cooperating with Neue Musikzeitung&lt;br \\\/&gt;\\n&lt;a href=\\&quot;http:\\\/\\\/www.nmz.de\\&quot;&gt;www.nmz.de&lt;\\\/a&gt;&lt;\\\/p&gt;\\n&lt;p&gt;&lt;a href=\\&quot;http:\\\/\\\/www.irenekurka.de\\&quot;&gt;www.irenekurka.de&lt;\\\/a&gt;&lt;\\\/p&gt;\\n&quot;,&quot;author&quot;:&quot;Kurka&quot;,&quot;date&quot;:&quot;13. November 2024&quot;,&quot;link&quot;:&quot;https:\\\/\\\/neuemusikleben.podigee.io\\\/246-neue-episode&quot;,&quot;src&quot;:&quot;https:\\\/\\\/audio.podigee-cdn.net\\\/1670789-m-5701a704a956ba62714c5cc8629dac51.mp3?source=feed&quot;,&quot;featured&quot;:&quot;https:\\\/\\\/i0.wp.com\\\/blogs.nmz.de\\\/badblog\\\/files\\\/2024\\\/11\\\/a120212f-9882-4a1b-a65c-5f55486c5d27-scaled.jpg?fit=768%2C768&#038;ssl=1&quot;,&quot;featured_id&quot;:29481,&quot;mediatype&quot;:&quot;audio&quot;,&quot;season&quot;:0,&quot;categories&quot;:[],&quot;duration&quot;:&quot;59:08&quot;,&quot;episodetype&quot;:&quot;full&quot;,&quot;timestamp&quot;:1731467100,&quot;key&quot;:&quot;1a755cf009d498a5e39606532078df34&quot;,&quot;fset&quot;:&quot;https:\\\/\\\/i0.wp.com\\\/blogs.nmz.de\\\/badblog\\\/files\\\/2024\\\/11\\\/a120212f-9882-4a1b-a65c-5f55486c5d27-scaled.jpg?w=2560&amp;ssl=1 2560w, https:\\\/\\\/i0.wp.com\\\/blogs.nmz.de\\\/badblog\\\/files\\\/2024\\\/11\\\/a120212f-9882-4a1b-a65c-5f55486c5d27-scaled.jpg?resize=480%2C480&amp;ssl=1 480w, https:\\\/\\\/i0.wp.com\\\/blogs.nmz.de\\\/badblog\\\/files\\\/2024\\\/11\\\/a120212f-9882-4a1b-a65c-5f55486c5d27-scaled.jpg?resize=1024%2C1024&amp;ssl=1 1024w, https:\\\/\\\/i0.wp.com\\\/blogs.nmz.de\\\/badblog\\\/files\\\/2024\\\/11\\\/a120212f-9882-4a1b-a65c-5f55486c5d27-scaled.jpg?resize=150%2C150&amp;ssl=1 150w, https:\\\/\\\/i0.wp.com\\\/blogs.nmz.de\\\/badblog\\\/files\\\/2024\\\/11\\\/a120212f-9882-4a1b-a65c-5f55486c5d27-scaled.jpg?resize=768%2C768&amp;ssl=1 768w, https:\\\/\\\/i0.wp.com\\\/blogs.nmz.de\\\/badblog\\\/files\\\/2024\\\/11\\\/a120212f-9882-4a1b-a65c-5f55486c5d27-scaled.jpg?resize=1536%2C1536&amp;ssl=1 1536w, https:\\\/\\\/i0.wp.com\\\/blogs.nmz.de\\\/badblog\\\/files\\\/2024\\\/11\\\/a120212f-9882-4a1b-a65c-5f55486c5d27-scaled.jpg?resize=2048%2C2048&amp;ssl=1 2048w, https:\\\/\\\/i0.wp.com\\\/blogs.nmz.de\\\/badblog\\\/files\\\/2024\\\/11\\\/a120212f-9882-4a1b-a65c-5f55486c5d27-scaled.jpg?resize=70%2C70&amp;ssl=1 70w, https:\\\/\\\/i0.wp.com\\\/blogs.nmz.de\\\/badblog\\\/files\\\/2024\\\/11\\\/a120212f-9882-4a1b-a65c-5f55486c5d27-scaled.jpg?resize=80%2C80&amp;ssl=1 80w, https:\\\/\\\/i0.wp.com\\\/blogs.nmz.de\\\/badblog\\\/files\\\/2024\\\/11\\\/a120212f-9882-4a1b-a65c-5f55486c5d27-scaled.jpg?resize=320%2C320&amp;ssl=1 320w, https:\\\/\\\/i0.wp.com\\\/blogs.nmz.de\\\/badblog\\\/files\\\/2024\\\/11\\\/a120212f-9882-4a1b-a65c-5f55486c5d27-scaled.jpg?resize=1320%2C1320&amp;ssl=1 1320w&quot;,&quot;fratio&quot;:1},&quot;ppe-2999-19&quot;:{&quot;title&quot;:&quot;239 &#8211; Interview mit Valentin Ruckebier&quot;,&quot;description&quot;:&quot;&lt;p&gt;S\\u00e4nger und Komponist&lt;\\\/p&gt;\\n&lt;p&gt;Valentin Ruckebier spricht \\u00fcber die Balance zwischen Kopfarbeit als Komponist und K\\u00f6rperarbeit als S\\u00e4nger, und dar\\u00fcber, wie er Zeit zum Komponieren findet und gleichzeitig im festen Ensemble der Deutschen Oper am Rhein arbeitet. Er spricht \\u00fcber spezifische Situationen auf der Opernb\\u00fchne und auch, was es hei\\u00dft eine zeitgen\\u00f6ssische Oper zu komponieren. Als Komponist ist der den Kolleg:innen am Opernhaus eine Unterst\\u00fctzung bei modernen Werken, umgekehrt kann er auch gute Tipps f\\u00fcr Komponisten von Opern geben.&lt;\\\/p&gt;\\n&lt;p&gt;Dieses Interview wurde am 6.9.2024 live in der Zentralbibliothek D\\u00fcsseldorf aufgenommen. Vielen Dank an Thomas Kalk und sein Team!&lt;\\\/p&gt;\\n&lt;p&gt;&lt;a href=\\&quot;https:\\\/\\\/youtube.com\\\/@valentinruckebier4890?si=0kJ6MYLgJGrzY-t-\\&quot;&gt;https:\\\/\\\/youtube.com\\\/@valentinruckebier4890?si=0kJ6MYLgJGrzY-t-&lt;\\\/a&gt;&lt;\\\/p&gt;\\n&lt;p&gt;&lt;a href=\\&quot;https:\\\/\\\/www.instagram.com\\\/valentin_ruckebier\\\/profilecard\\\/?igsh=MTc1N2k5cWVnd3N1dg==\\&quot;&gt;https:\\\/\\\/www.instagram.com\\\/valentin_ruckebier\\\/profilecard\\\/?igsh=MTc1N2k5cWVnd3N1dg==&lt;\\\/a&gt;&lt;\\\/p&gt;\\n&quot;,&quot;author&quot;:&quot;Kurka&quot;,&quot;date&quot;:&quot;12. November 2024&quot;,&quot;link&quot;:&quot;https:\\\/\\\/neuemusikleben.podigee.io\\\/240-neue-episode&quot;,&quot;src&quot;:&quot;https:\\\/\\\/audio.podigee-cdn.net\\\/1548191-m-73d458fcdcca60dea15de7ea6f381474.mp3?source=feed&quot;,&quot;featured&quot;:&quot;https:\\\/\\\/i0.wp.com\\\/blogs.nmz.de\\\/badblog\\\/files\\\/2025\\\/09\\\/575c9792-8c57-4266-a193-16321ee0bd36-scaled.jpg?fit=768%2C768&#038;ssl=1&quot;,&quot;featured_id&quot;:30480,&quot;mediatype&quot;:&quot;audio&quot;,&quot;season&quot;:0,&quot;categories&quot;:[],&quot;duration&quot;:&quot;34:16&quot;,&quot;episodetype&quot;:&quot;full&quot;,&quot;timestamp&quot;:1731390300,&quot;key&quot;:&quot;915e859dc0eb954824674df4f61bce92&quot;,&quot;fset&quot;:&quot;https:\\\/\\\/i0.wp.com\\\/blogs.nmz.de\\\/badblog\\\/files\\\/2025\\\/09\\\/575c9792-8c57-4266-a193-16321ee0bd36-scaled.jpg?w=2560&amp;ssl=1 2560w, https:\\\/\\\/i0.wp.com\\\/blogs.nmz.de\\\/badblog\\\/files\\\/2025\\\/09\\\/575c9792-8c57-4266-a193-16321ee0bd36-scaled.jpg?resize=480%2C480&amp;ssl=1 480w, https:\\\/\\\/i0.wp.com\\\/blogs.nmz.de\\\/badblog\\\/files\\\/2025\\\/09\\\/575c9792-8c57-4266-a193-16321ee0bd36-scaled.jpg?resize=1024%2C1024&amp;ssl=1 1024w, https:\\\/\\\/i0.wp.com\\\/blogs.nmz.de\\\/badblog\\\/files\\\/2025\\\/09\\\/575c9792-8c57-4266-a193-16321ee0bd36-scaled.jpg?resize=150%2C150&amp;ssl=1 150w, https:\\\/\\\/i0.wp.com\\\/blogs.nmz.de\\\/badblog\\\/files\\\/2025\\\/09\\\/575c9792-8c57-4266-a193-16321ee0bd36-scaled.jpg?resize=768%2C768&amp;ssl=1 768w, https:\\\/\\\/i0.wp.com\\\/blogs.nmz.de\\\/badblog\\\/files\\\/2025\\\/09\\\/575c9792-8c57-4266-a193-16321ee0bd36-scaled.jpg?resize=1536%2C1536&amp;ssl=1 1536w, https:\\\/\\\/i0.wp.com\\\/blogs.nmz.de\\\/badblog\\\/files\\\/2025\\\/09\\\/575c9792-8c57-4266-a193-16321ee0bd36-scaled.jpg?resize=2048%2C2048&amp;ssl=1 2048w, https:\\\/\\\/i0.wp.com\\\/blogs.nmz.de\\\/badblog\\\/files\\\/2025\\\/09\\\/575c9792-8c57-4266-a193-16321ee0bd36-scaled.jpg?resize=70%2C70&amp;ssl=1 70w, https:\\\/\\\/i0.wp.com\\\/blogs.nmz.de\\\/badblog\\\/files\\\/2025\\\/09\\\/575c9792-8c57-4266-a193-16321ee0bd36-scaled.jpg?resize=80%2C80&amp;ssl=1 80w, https:\\\/\\\/i0.wp.com\\\/blogs.nmz.de\\\/badblog\\\/files\\\/2025\\\/09\\\/575c9792-8c57-4266-a193-16321ee0bd36-scaled.jpg?resize=320%2C320&amp;ssl=1 320w, https:\\\/\\\/i0.wp.com\\\/blogs.nmz.de\\\/badblog\\\/files\\\/2025\\\/09\\\/575c9792-8c57-4266-a193-16321ee0bd36-scaled.jpg?resize=1320%2C1320&amp;ssl=1 1320w&quot;,&quot;fratio&quot;:1},&quot;ppe-2999-20&quot;:{&quot;title&quot;:&quot;238 &#8211; Interview with Iris Seesj\\u00e4rvi&quot;,&quot;description&quot;:&quot;&lt;p&gt;singer, teacher, coach, doctoral researcher, author (in English)&lt;\\\/p&gt;\\n&lt;p&gt;Iris Seesj\\u00e4rvi tells us how she became interested in vocal shame and what lies behind it. She wrote her master\\u2019s thesis on the subject and published the book \\u201cNot Good Enough? Vocal Shame Among Finnish Classical Singers.\\u201d In this episode, we discuss everything related to vocal shame and how you can deal with it.&lt;\\\/p&gt;\\n&lt;p&gt;Books:&lt;\\\/p&gt;\\n&lt;pre&gt;&lt;code&gt;Ren\\u00e9e Fleming: \\u201cThe Inner Voice\\u201d\\nIris Seesj\\u00e4rvi: \\u201cNot Good Enough? Vocal Shame Among Finnish Singers\\u201d\\nKarita Mattila: \\u201cKorkealta ja kovaa\\u201d (\\u201cHigh and Loud\\u201d)\\n&lt;\\\/code&gt;&lt;\\\/pre&gt;\\n&lt;p&gt;&lt;a href=\\&quot;https:\\\/\\\/www.amazon.de\\\/dp\\\/9529487711\\&quot;&gt;https:\\\/\\\/www.amazon.de\\\/dp\\\/9529487711&lt;\\\/a&gt;&lt;\\\/p&gt;\\n&lt;p&gt;&lt;a href=\\&quot;http:\\\/\\\/www.vocalshame.com\\\/en\\&quot;&gt;www.vocalshame.com\\\/en&lt;\\\/a&gt;&lt;\\\/p&gt;\\n&lt;p&gt;&lt;a href=\\&quot;http:\\\/\\\/www.irisseesjarvi.com\\&quot;&gt;www.irisseesjarvi.com&lt;\\\/a&gt;&lt;\\\/p&gt;\\n&lt;p&gt;&lt;a href=\\&quot;https:\\\/\\\/www.youtube.com\\\/channel\\\/UCCe-UVdiTzrQBf67wyIRbLA\\&quot;&gt;https:\\\/\\\/www.youtube.com\\\/channel\\\/UCCe-UVdiTzrQBf67wyIRbLA&lt;\\\/a&gt; &lt;\\\/p&gt;\\n&lt;p&gt;&lt;a href=\\&quot;https:\\\/\\\/www.facebook.com\\\/61556202281714\\&quot;&gt;https:\\\/\\\/www.facebook.com\\\/61556202281714&lt;\\\/a&gt;&lt;\\\/p&gt;\\n&lt;p&gt;&lt;a href=\\&quot;https:\\\/\\\/www.instagram.com\\\/vocalshame\\\/\\&quot;&gt;https:\\\/\\\/www.instagram.com\\\/vocalshame\\\/&lt;\\\/a&gt;&lt;\\\/p&gt;\\n&lt;p&gt;&lt;a href=\\&quot;https:\\\/\\\/www.instagram.com\\\/irisseesjarvi\\\/\\&quot;&gt;https:\\\/\\\/www.instagram.com\\\/irisseesjarvi\\\/&lt;\\\/a&gt;&lt;\\\/p&gt;\\n&lt;p&gt;der Podcast ist Kooperationspartner der nmz.&lt;\\\/p&gt;\\n&lt;p&gt;&lt;a href=\\&quot;http:\\\/\\\/www.nmz.de\\&quot;&gt;www.nmz.de&lt;\\\/a&gt;&lt;\\\/p&gt;\\n&lt;p&gt;&lt;a href=\\&quot;http:\\\/\\\/www.irenekurka.de\\&quot;&gt;www.irenekurka.de&lt;\\\/a&gt;&lt;\\\/p&gt;\\n&lt;p&gt;NEU: Exklusiver neue musik leben DEEP DIVE mit viel Mehrwert mit Moritz Eggert, Silke Aichhorn, Holger Falk und mir. Danke f\\u00fcr euere Unterst\\u00fctzung!&lt;\\\/p&gt;\\n&lt;p&gt;Mit Moritz Eggert spreche dar\\u00fcber wie Kompositionsunterricht abl\\u00e4uft, wie unterschiedlich er Studierende unterst\\u00fctzt und was sein knallharter Faktencheck ist.&lt;br \\\/&gt;\\nMit Silke Aichhorn spreche ich \\u00fcber die Sch\\u00f6nheit und Komplexit\\u00e4t der Harfe. Ein Muss f\\u00fcr Komponierende die f\\u00fcr Harfe schreiben wollen!&lt;br \\\/&gt;\\nDie Folge mit dem Bariton Holger Falk ist magisch. Es geht um Polarit\\u00e4t, Bewusstsein, Nichtwissen und alles, hilft das Singen tiefer zu verstehen und auf ein next level zu bringen.&lt;br \\\/&gt;\\nMeine pers\\u00f6nlichste Folge ist Empathische auch Sensible Menschen im Musikbussiness. Ich spreche \\u00fcber meine Herausforderungen und welche Strategien ich entwickelt habe.&lt;br \\\/&gt;\\nHier findest du alle Folgen:&lt;\\\/p&gt;\\n&lt;p&gt;&lt;a href=\\&quot;https:\\\/\\\/www.patreon.com\\\/user\\\/shop?u=112648747\\&quot;&gt;https:\\\/\\\/www.patreon.com\\\/user\\\/shop?u=112648747&lt;\\\/a&gt;&lt;\\\/p&gt;\\n&quot;,&quot;author&quot;:&quot;Kurka&quot;,&quot;date&quot;:&quot;5. November 2024&quot;,&quot;link&quot;:&quot;https:\\\/\\\/neuemusikleben.podigee.io\\\/239-neue-episode&quot;,&quot;src&quot;:&quot;https:\\\/\\\/audio.podigee-cdn.net\\\/1548189-m-1a5dac1b72148a9c6b6e8c198eee72af.mp3?source=feed&quot;,&quot;featured&quot;:&quot;https:\\\/\\\/i0.wp.com\\\/blogs.nmz.de\\\/badblog\\\/files\\\/2025\\\/09\\\/72df1460-cc9d-4a9e-917e-1e08fbaf50dd-scaled.jpg?fit=768%2C768&#038;ssl=1&quot;,&quot;featured_id&quot;:30481,&quot;mediatype&quot;:&quot;audio&quot;,&quot;season&quot;:0,&quot;categories&quot;:[],&quot;duration&quot;:&quot;01:01:26&quot;,&quot;episodetype&quot;:&quot;full&quot;,&quot;timestamp&quot;:1730777700,&quot;key&quot;:&quot;1a7807062223e25ac18b317cf497ce3a&quot;,&quot;fset&quot;:&quot;https:\\\/\\\/i0.wp.com\\\/blogs.nmz.de\\\/badblog\\\/files\\\/2025\\\/09\\\/72df1460-cc9d-4a9e-917e-1e08fbaf50dd-scaled.jpg?w=2560&amp;ssl=1 2560w, https:\\\/\\\/i0.wp.com\\\/blogs.nmz.de\\\/badblog\\\/files\\\/2025\\\/09\\\/72df1460-cc9d-4a9e-917e-1e08fbaf50dd-scaled.jpg?resize=480%2C480&amp;ssl=1 480w, https:\\\/\\\/i0.wp.com\\\/blogs.nmz.de\\\/badblog\\\/files\\\/2025\\\/09\\\/72df1460-cc9d-4a9e-917e-1e08fbaf50dd-scaled.jpg?resize=1024%2C1024&amp;ssl=1 1024w, https:\\\/\\\/i0.wp.com\\\/blogs.nmz.de\\\/badblog\\\/files\\\/2025\\\/09\\\/72df1460-cc9d-4a9e-917e-1e08fbaf50dd-scaled.jpg?resize=150%2C150&amp;ssl=1 150w, https:\\\/\\\/i0.wp.com\\\/blogs.nmz.de\\\/badblog\\\/files\\\/2025\\\/09\\\/72df1460-cc9d-4a9e-917e-1e08fbaf50dd-scaled.jpg?resize=768%2C768&amp;ssl=1 768w, https:\\\/\\\/i0.wp.com\\\/blogs.nmz.de\\\/badblog\\\/files\\\/2025\\\/09\\\/72df1460-cc9d-4a9e-917e-1e08fbaf50dd-scaled.jpg?resize=1536%2C1536&amp;ssl=1 1536w, https:\\\/\\\/i0.wp.com\\\/blogs.nmz.de\\\/badblog\\\/files\\\/2025\\\/09\\\/72df1460-cc9d-4a9e-917e-1e08fbaf50dd-scaled.jpg?resize=2048%2C2048&amp;ssl=1 2048w, https:\\\/\\\/i0.wp.com\\\/blogs.nmz.de\\\/badblog\\\/files\\\/2025\\\/09\\\/72df1460-cc9d-4a9e-917e-1e08fbaf50dd-scaled.jpg?resize=70%2C70&amp;ssl=1 70w, https:\\\/\\\/i0.wp.com\\\/blogs.nmz.de\\\/badblog\\\/files\\\/2025\\\/09\\\/72df1460-cc9d-4a9e-917e-1e08fbaf50dd-scaled.jpg?resize=80%2C80&amp;ssl=1 80w, https:\\\/\\\/i0.wp.com\\\/blogs.nmz.de\\\/badblog\\\/files\\\/2025\\\/09\\\/72df1460-cc9d-4a9e-917e-1e08fbaf50dd-scaled.jpg?resize=320%2C320&amp;ssl=1 320w, https:\\\/\\\/i0.wp.com\\\/blogs.nmz.de\\\/badblog\\\/files\\\/2025\\\/09\\\/72df1460-cc9d-4a9e-917e-1e08fbaf50dd-scaled.jpg?resize=1320%2C1320&amp;ssl=1 1320w&quot;,&quot;fratio&quot;:1},&quot;load_info&quot;:{&quot;loaded&quot;:20,&quot;displayed&quot;:10,&quot;offset&quot;:0,&quot;maxItems&quot;:257,&quot;src&quot;:&quot;7d30e49c840a25546815d75f50feffff&quot;,&quot;step&quot;:10,&quot;sortby&quot;:&quot;sort_date_desc&quot;,&quot;filterby&quot;:&quot;&quot;,&quot;fixed&quot;:&quot;&quot;,&quot;args&quot;:{&quot;imgurl&quot;:&quot;https:\\\/\\\/images.podigee-cdn.net\\\/0x,seQcRmkbcn_qVuSaYh0N5xAaCJ-dlQSvTunw8t6ytVqk=\\\/https:\\\/\\\/main.podigee-cdn.net\\\/uploads\\\/u2040\\\/442d63b0-d536-4607-b0ba-6a7833ce6dd2.jpg&quot;,&quot;imgset&quot;:&quot;&quot;,&quot;display&quot;:&quot;&quot;,&quot;hddesc&quot;:0,&quot;hdfeat&quot;:0,&quot;oricov&quot;:&quot;https:\\\/\\\/images.podigee-cdn.net\\\/0x,seQcRmkbcn_qVuSaYh0N5xAaCJ-dlQSvTunw8t6ytVqk=\\\/https:\\\/\\\/main.podigee-cdn.net\\\/uploads\\\/u2040\\\/442d63b0-d536-4607-b0ba-6a7833ce6dd2.jpg&quot;,&quot;elength&quot;:25}},&quot;rdata&quot;:{&quot;permalink&quot;:&quot;https:\\\/\\\/blogs.nmz.de\\\/badblog\\\/wp-json\\\/wp\\\/v2\\\/posts\\\/23224&quot;,&quot;fprint&quot;:&quot;7d30e49c840a25546815d75f50feffff&quot;,&quot;from&quot;:&quot;feedurl&quot;,&quot;elen&quot;:25,&quot;eunit&quot;:&quot;&quot;,&quot;teaser&quot;:&quot;&quot;,&quot;title&quot;:&quot;neue musik leben&quot;,&quot;autoplay&quot;:&quot;&quot;}}\"><div class=\"pp-podcast__wrapper\"><div class=\"pp-podcast__info pod-info\"><div class=\"pod-info__header pod-header\"><div class=\"pod-header__image\"><div class=\"pod-header__image-wrapper\"><img data-recalc-dims=\"1\" decoding=\"async\" class=\"podcast-cover-image\" src=\"https:\/\/i0.wp.com\/images.podigee-cdn.net\/0x%2CseQcRmkbcn_qVuSaYh0N5xAaCJ-dlQSvTunw8t6ytVqk%3D\/https%3A\/\/main.podigee-cdn.net\/uploads\/u2040\/442d63b0-d536-4607-b0ba-6a7833ce6dd2.jpg?ssl=1\" srcset=\"\" sizes=\"(max-width: 640px) 100vw, 25vw\" alt=\"neue musik leben\"><\/div><span class=\"pod-header__image-style\" style=\"display: block; width: 100%; padding-top: 100%\"><\/div><div class=\"pod-header__items pod-items\"><div class=\"pod-items__title\">neue musik leben<\/div><div class=\"pod-items__desc\"><p>Zeitgen\u00f6ssische Musik ist stets aktuell und facettenreich. Als innovativer Bestandteil der Musikwelt nimmt neue Musik einen wichtigen Platz ein. Die Sopranistin Irene Kurka gibt in diesem Podcast ihre \u00fcber Jahre gewonnene Expertise weiter. Sie erkl\u00e4rt, wie die verschiedenen neuen Spieltechniken, Musikstile und Kompositionstechniken zusammenh\u00e4ngen und funktionieren und welche gro\u00dfartigen M\u00f6glichkeiten sie bieten. Irene Kurka zeigt anhand von Analysen, Tipps und Interviews mit erfolgreichen und interessanten Pers\u00f6nlichkeiten aus dem Bereich der zeitgen\u00f6ssischen Musik, wie du als K\u00fcnstlerIn in der neuen Musik authentisch und erfolgreich sein kannst. Dieser Podcast soll dazu beitragen, die zeitgen\u00f6ssische Musik bekannter zu machen.<br \/>\nDieser Podcast erscheint alle 14 Tage am Dienstag. Mittlerweile sind 3 B\u00fccher zum Podcast bei ARE erschienen. <\/p>\n<p>Deep Dive Folgen mit Moritz Eggert, Silke Aichhorn, Holger Falk u.a. auf Patreon:<\/p>\n<p>https:\/\/www.patreon.com\/user\/shop?u=112648747<\/p>\n<p>Mit freundlicher Unterst\u00fctzung der \u201eneuen musikzeitung\u201c, dem Kooperationspartner von \u201eneue musik leben\u201c.<br \/>\nwww.nmz.de<\/p>\n<p>Intro und Outro: Improvisationen von Irene Kurka, Frederike M\u00f6ller, Marko Kassl, Burkart Zeller<br \/>\nCover: Carina Brinkmann, Foto: Tanja de Maan<\/p>\n<\/div><\/div><\/div><\/div><div class=\"pp-podcast__content pod-content\"><div class=\"pp-podcast__single\"><div class=\"pp-podcast__player\"><div class=\"pp-player-episode\"><audio id=\"pp-podcast-2999-player\" preload=\"none\" class=\"pp-podcast-episode\" style=\"width: 100%;\" controls=\"controls\"><source type=\"audio\/mpeg\" src=\"https:\/\/audio.podigee-cdn.net\/1830304-m-9e3ea1d64c412885c83c2d71ff52ea09.mp3?source=feed\" \/><\/audio><\/div><\/div><div class=\"pod-content__episode episode-single\"><button class=\"episode-single__close\" aria-expanded=\"false\" aria-label=\"Close Single Episode\"><span class=\"btn-icon-wrap\"><svg class=\"icon icon-pp-x\" aria-hidden=\"true\" role=\"img\" focusable=\"false\"><use href=\"#icon-pp-x\" xlink:href=\"#icon-pp-x\"><\/use><\/svg><\/span><\/button><div class=\"episode-single__wrapper\"><div class=\"episode-single__header\"><div class=\"episode-single__title\">257 &#8211; Eva Z\u00f6llner interviews Cara Stacey about contemporary music in South Africa<\/div><div class=\"episode-single__author\"><span class=\"byname\">by<\/span><span class=\"single-author\">Kurka<\/span><\/div><\/div><div class=\"episode-single__description\"><p>composer and performer (in English)<\/p><p>Videos of the 8 new South African accordion pieces that were premiered by Eva Z\u00f6llner during Sterkfontein Composers Meeting 2024 <\/p><p>https:\/\/youtube.com\/playlist?list=PL4KU0BHw3d-CP21BPt7VNNmqzJR18GXQe&amp;si=xvVVMCbK48oF1tvV<\/p><p>Her residency was kindly supported by Nirox Foundation, the Goethe Institute and the Ministry for Education, Science, Youth and Culture (Rheinland-Pfalz)<\/p><p>www.carastacey.com\/<\/p><p>www.eva-zoellner.de <\/p><p>Sterkfontein Composers Meeting: <\/p><p>https:\/\/sterkfonteincomposersmeeting.weebly.com\/<\/p><p>Clare Loveday: https:\/\/clareloveday.co.za\/<\/p><p>Neo Muyanga: <\/p><p>https:\/\/www.neosong.net\/<\/p><p>Njabulo Phungula: <\/p><p>https:\/\/www.njabulophungula.com\/<\/p><p>Galina Juritz: <\/p><p>https:\/\/www.galinajuritz.com\/<\/p><p>Matthijs van Dijk: <\/p><p>https:\/\/mattvandijk.com\/<\/p><p>Andile Khumalo: <\/p><p>https:\/\/www.newfocusrecordings.com\/catalogue\/andile-khumalo-tracing-hollow-traces\/<\/p><p>Bongani Ndodana-Breen: <\/p><p>https:\/\/www.ndodanabreen.com\/<\/p><p>Arthur Feder: <\/p><p>https:\/\/www.instagram.com\/arthurfeder\/<\/p><p>Lise Morrison: <\/p><p>https:\/\/lisemorrison.com\/<br \/>Amy Crankshaw: <\/p><p>https:\/\/www.amycrankshaw.com\/<\/p><p>Michael Blake: <\/p><p>https:\/\/aoinstitute.ac.za\/project\/michael-blake\/<\/p><p>NewMusicSA: <\/p><p>https:\/\/www.newmusicsa.org.za\/<\/p><p>South African Composers Archive new album (just out): <\/p><p>https:\/\/thesouthafricancomposersarchive.bandcamp.com\/album\/for-the-duration-of-this-cloud<\/p><p>South African Composers Archive podcast (hosted and produced by Matthijs van Dijk): <\/p><p>https:\/\/soundcloud.com\/user-368144305<\/p><p>Kukutana Ensemble project: <\/p><p>https:\/\/www.kukutana.co.za\/<\/p><hr \/><p>www.irenekurka.de<\/p><p>Support and follow me on patreon:<\/p><p>https:\/\/www.patreon.com\/c\/user\/shop?u=112648747<\/p><p>cooparting with nmw &#8211; Neue Musikzeitung<\/p><p>www.nmz.de<\/p><p>Kows Radio Summit &#8222;Live your music and live your live&#8220; with Irene Kurka:<\/p><p>https:\/\/kows92-5.org\/kows-shows\/show\/radio-summit\/<\/p><\/div><\/div><div class=\"ppjs__img-wrapper \"><div class=\"ppjs__img-btn-cover\"><img decoding=\"async\" class=\"ppjs__img-btn\" src=\"https:\/\/i0.wp.com\/blogs.nmz.de\/badblog\/files\/2025\/05\/8b6e14a9-2a6d-49d8-8c76-4b352bb38f60-scaled.jpg?fit=768%2C768&#038;ssl=1\" srcset=\"https:\/\/i0.wp.com\/blogs.nmz.de\/badblog\/files\/2025\/05\/8b6e14a9-2a6d-49d8-8c76-4b352bb38f60-scaled.jpg?w=2560&amp;ssl=1 2560w, https:\/\/i0.wp.com\/blogs.nmz.de\/badblog\/files\/2025\/05\/8b6e14a9-2a6d-49d8-8c76-4b352bb38f60-scaled.jpg?resize=480%2C480&amp;ssl=1 480w, https:\/\/i0.wp.com\/blogs.nmz.de\/badblog\/files\/2025\/05\/8b6e14a9-2a6d-49d8-8c76-4b352bb38f60-scaled.jpg?resize=1024%2C1024&amp;ssl=1 1024w, https:\/\/i0.wp.com\/blogs.nmz.de\/badblog\/files\/2025\/05\/8b6e14a9-2a6d-49d8-8c76-4b352bb38f60-scaled.jpg?resize=150%2C150&amp;ssl=1 150w, https:\/\/i0.wp.com\/blogs.nmz.de\/badblog\/files\/2025\/05\/8b6e14a9-2a6d-49d8-8c76-4b352bb38f60-scaled.jpg?resize=768%2C768&amp;ssl=1 768w, https:\/\/i0.wp.com\/blogs.nmz.de\/badblog\/files\/2025\/05\/8b6e14a9-2a6d-49d8-8c76-4b352bb38f60-scaled.jpg?resize=1536%2C1536&amp;ssl=1 1536w, https:\/\/i0.wp.com\/blogs.nmz.de\/badblog\/files\/2025\/05\/8b6e14a9-2a6d-49d8-8c76-4b352bb38f60-scaled.jpg?resize=2048%2C2048&amp;ssl=1 2048w, https:\/\/i0.wp.com\/blogs.nmz.de\/badblog\/files\/2025\/05\/8b6e14a9-2a6d-49d8-8c76-4b352bb38f60-scaled.jpg?resize=70%2C70&amp;ssl=1 70w, https:\/\/i0.wp.com\/blogs.nmz.de\/badblog\/files\/2025\/05\/8b6e14a9-2a6d-49d8-8c76-4b352bb38f60-scaled.jpg?resize=80%2C80&amp;ssl=1 80w, https:\/\/i0.wp.com\/blogs.nmz.de\/badblog\/files\/2025\/05\/8b6e14a9-2a6d-49d8-8c76-4b352bb38f60-scaled.jpg?resize=320%2C320&amp;ssl=1 320w, https:\/\/i0.wp.com\/blogs.nmz.de\/badblog\/files\/2025\/05\/8b6e14a9-2a6d-49d8-8c76-4b352bb38f60-scaled.jpg?resize=1320%2C1320&amp;ssl=1 1320w\" sizes=\"(max-width: 640px) 100vw, 300px\" alt=\"257 &#8211; Eva Z\u00f6llner interviews Cara Stacey about contemporary music in South Africa\"><\/div><div><span class=\"ppjs__img-btn-style\" style=\"display: block; width: 100%; padding-top: 100%\"><\/div><\/div><\/div><\/div><div class=\"pod-content__list episode-list\"><div class=\"episode-list__filters\"><div class=\"episode-list__search\"><label class=\"label-episode-search\"><span class=\"ppjs__offscreen\">Search Episodes<\/span><input type=\"text\" placeholder=\"Search Episodes\" title=\"Search Podcast Episodes\"\/><\/label><span class=\"episode-list__search-icon\"><svg class=\"icon icon-pp-search\" aria-hidden=\"true\" role=\"img\" focusable=\"false\"><use href=\"#icon-pp-search\" xlink:href=\"#icon-pp-search\"><\/use><\/svg><\/span><\/div><button class=\"episode-list__clear-search pod-button\"><svg class=\"icon icon-pp-x\" aria-hidden=\"true\" role=\"img\" focusable=\"false\"><use href=\"#icon-pp-x\" xlink:href=\"#icon-pp-x\"><\/use><\/svg><span class=\"ppjs__offscreen\">Clear Search<\/span><\/button><\/div><div class=\"episode-list__wrapper\">\n<div id=\"ppe-2999-1\" class=\"episode-list__entry pod-entry\" data-search-term=\"257 &#8211; eva z\u00f6llner interviews cara stacey about contemporary music in south africa\" data-cats=\"\">\n\t<div class=\"pod-entry__wrapper\">\n\t\t<div class=\"pod-entry__content\">\n\t\t\t<div class=\"pod-entry__title\">\n\t\t\t\t<a href=\"https:\/\/neuemusikleben.podigee.io\/258-neue-episode\">257 &#8211; Eva Z\u00f6llner interviews Cara Stacey about contemporary music in South Africa<\/a>\n\t\t\t<\/div>\n\t\t\t<div class=\"pod-entry__date\">13. Mai 2025<\/div>\n\t\t\t\t\t\t\t<div class=\"pod-entry__author\">Kurka<\/div>\n\t\t\t\t\t<\/div>\n\t<\/div>\n<\/div>\n\n<div id=\"ppe-2999-2\" class=\"episode-list__entry pod-entry\" data-search-term=\"256 &#8211; interview mit daniel posdziech\" data-cats=\"\">\n\t<div class=\"pod-entry__wrapper\">\n\t\t<div class=\"pod-entry__content\">\n\t\t\t<div class=\"pod-entry__title\">\n\t\t\t\t<a href=\"https:\/\/neuemusikleben.podigee.io\/254-neue-episode\">256 &#8211; Interview mit Daniel Posdziech<\/a>\n\t\t\t<\/div>\n\t\t\t<div class=\"pod-entry__date\">29. April 2025<\/div>\n\t\t\t\t\t\t\t<div class=\"pod-entry__author\">Kurka<\/div>\n\t\t\t\t\t<\/div>\n\t<\/div>\n<\/div>\n\n<div id=\"ppe-2999-3\" class=\"episode-list__entry pod-entry\" data-search-term=\"255 &#8211; slow-motion multitasking &#8211; 7 years podcast neue musik leben (in english)\" data-cats=\"\">\n\t<div class=\"pod-entry__wrapper\">\n\t\t<div class=\"pod-entry__content\">\n\t\t\t<div class=\"pod-entry__title\">\n\t\t\t\t<a href=\"https:\/\/neuemusikleben.podigee.io\/256-neue-episode\">255 &#8211; Slow-Motion Multitasking &#8211; 7 Years podcast neue musik leben (in english)<\/a>\n\t\t\t<\/div>\n\t\t\t<div class=\"pod-entry__date\">10. April 2025<\/div>\n\t\t\t\t\t\t\t<div class=\"pod-entry__author\">Kurka<\/div>\n\t\t\t\t\t<\/div>\n\t<\/div>\n<\/div>\n\n<div id=\"ppe-2999-4\" class=\"episode-list__entry pod-entry\" data-search-term=\"254 &#8211; interview with dieter mack\" data-cats=\"\">\n\t<div class=\"pod-entry__wrapper\">\n\t\t<div class=\"pod-entry__content\">\n\t\t\t<div class=\"pod-entry__title\">\n\t\t\t\t<a href=\"https:\/\/neuemusikleben.podigee.io\/255-neue-episode\">254 &#8211; Interview with Dieter Mack<\/a>\n\t\t\t<\/div>\n\t\t\t<div class=\"pod-entry__date\">1. April 2025<\/div>\n\t\t\t\t\t\t\t<div class=\"pod-entry__author\">Kurka<\/div>\n\t\t\t\t\t<\/div>\n\t<\/div>\n<\/div>\n\n<div id=\"ppe-2999-5\" class=\"episode-list__entry pod-entry\" data-search-term=\"253 &#8211; interview mit michael denhoff\" data-cats=\"\">\n\t<div class=\"pod-entry__wrapper\">\n\t\t<div class=\"pod-entry__content\">\n\t\t\t<div class=\"pod-entry__title\">\n\t\t\t\t<a href=\"https:\/\/neuemusikleben.podigee.io\/257-neue-episode\">253 &#8211; Interview mit Michael Denhoff<\/a>\n\t\t\t<\/div>\n\t\t\t<div class=\"pod-entry__date\">18. M\u00e4rz 2025<\/div>\n\t\t\t\t\t\t\t<div class=\"pod-entry__author\">Kurka<\/div>\n\t\t\t\t\t<\/div>\n\t<\/div>\n<\/div>\n\n<div id=\"ppe-2999-6\" class=\"episode-list__entry pod-entry\" data-search-term=\"252 &#8211; interview with irene galindo quero\" data-cats=\"\">\n\t<div class=\"pod-entry__wrapper\">\n\t\t<div class=\"pod-entry__content\">\n\t\t\t<div class=\"pod-entry__title\">\n\t\t\t\t<a href=\"https:\/\/neuemusikleben.podigee.io\/253-neue-episode\">252 &#8211; Interview with Irene Galindo Quero<\/a>\n\t\t\t<\/div>\n\t\t\t<div class=\"pod-entry__date\">4. M\u00e4rz 2025<\/div>\n\t\t\t\t\t\t\t<div class=\"pod-entry__author\">Kurka<\/div>\n\t\t\t\t\t<\/div>\n\t<\/div>\n<\/div>\n\n<div id=\"ppe-2999-7\" class=\"episode-list__entry pod-entry\" data-search-term=\"251 &#8211; stress, ma\u00dfhalten, ruhe, solofolge\" data-cats=\"\">\n\t<div class=\"pod-entry__wrapper\">\n\t\t<div class=\"pod-entry__content\">\n\t\t\t<div class=\"pod-entry__title\">\n\t\t\t\t<a href=\"https:\/\/neuemusikleben.podigee.io\/252-new-episode\">251 &#8211; Stress, Ma\u00dfhalten, Ruhe, Solofolge<\/a>\n\t\t\t<\/div>\n\t\t\t<div class=\"pod-entry__date\">18. Februar 2025<\/div>\n\t\t\t\t\t\t\t<div class=\"pod-entry__author\">Kurka<\/div>\n\t\t\t\t\t<\/div>\n\t<\/div>\n<\/div>\n\n<div id=\"ppe-2999-8\" class=\"episode-list__entry pod-entry\" data-search-term=\"250 &#8211; interview with helena canovas pares\" data-cats=\"\">\n\t<div class=\"pod-entry__wrapper\">\n\t\t<div class=\"pod-entry__content\">\n\t\t\t<div class=\"pod-entry__title\">\n\t\t\t\t<a href=\"https:\/\/neuemusikleben.podigee.io\/251-neue-episode\">250 &#8211; Interview with Helena Canovas Pares<\/a>\n\t\t\t<\/div>\n\t\t\t<div class=\"pod-entry__date\">4. Februar 2025<\/div>\n\t\t\t\t\t\t\t<div class=\"pod-entry__author\">Kurka<\/div>\n\t\t\t\t\t<\/div>\n\t<\/div>\n<\/div>\n\n<div id=\"ppe-2999-9\" class=\"episode-list__entry pod-entry\" data-search-term=\"249 &#8211; interview mit reiko f\u00fcting\" data-cats=\"\">\n\t<div class=\"pod-entry__wrapper\">\n\t\t<div class=\"pod-entry__content\">\n\t\t\t<div class=\"pod-entry__title\">\n\t\t\t\t<a href=\"https:\/\/neuemusikleben.podigee.io\/245-neue-episode\">249 &#8211; Interview mit Reiko F\u00fcting<\/a>\n\t\t\t<\/div>\n\t\t\t<div class=\"pod-entry__date\">21. Januar 2025<\/div>\n\t\t\t\t\t\t\t<div class=\"pod-entry__author\">Kurka<\/div>\n\t\t\t\t\t<\/div>\n\t<\/div>\n<\/div>\n\n<div id=\"ppe-2999-10\" class=\"episode-list__entry pod-entry\" data-search-term=\"248 -interview with johannes kreidler\" data-cats=\"\">\n\t<div class=\"pod-entry__wrapper\">\n\t\t<div class=\"pod-entry__content\">\n\t\t\t<div class=\"pod-entry__title\">\n\t\t\t\t<a href=\"https:\/\/neuemusikleben.podigee.io\/244-neue-episode\">248 -Interview with Johannes Kreidler<\/a>\n\t\t\t<\/div>\n\t\t\t<div class=\"pod-entry__date\">7. Januar 2025<\/div>\n\t\t\t\t\t\t\t<div class=\"pod-entry__author\">Irene Kurka<\/div>\n\t\t\t\t\t<\/div>\n\t<\/div>\n<\/div>\n<div class=\"lm-button-wrapper\"><button class=\"episode-list__load-more\"><span>Load More<\/span><\/button><\/div><div class=\"episode-list__search-results episode-search\"><span class=\"ppjs__offscreen\">Search Results placeholder<\/span><\/div><\/div><\/div><div class=\"ppjs__list-reveal\"><div class=\"ppjs__button\"><button class=\"pp-prev-btn\"><span class=\"ppjs__offscreen\">Previous Episode<\/span><span class=\"btn-icon-wrap\"><svg class=\"icon icon-pp-previous\" aria-hidden=\"true\" role=\"img\" focusable=\"false\"><use href=\"#icon-pp-previous\" xlink:href=\"#icon-pp-previous\"><\/use><\/svg><\/span><\/button><\/div><div class=\"ppjs__button\"><button class=\"pp-list-btn\"><span class=\"ppjs__offscreen\">Show Episodes List<\/span><span class=\"btn-icon-wrap\"><svg class=\"icon icon-pp-show-list\" aria-hidden=\"true\" role=\"img\" focusable=\"false\"><use href=\"#icon-pp-show-list\" xlink:href=\"#icon-pp-show-list\"><\/use><\/svg><svg class=\"icon icon-pp-hide-list\" aria-hidden=\"true\" role=\"img\" focusable=\"false\"><use href=\"#icon-pp-hide-list\" xlink:href=\"#icon-pp-hide-list\"><\/use><\/svg><\/span><\/button><\/div><div class=\"ppjs__button\"><button class=\"pp-next-btn\"><span class=\"ppjs__offscreen\">Next Episode<\/span><span class=\"btn-icon-wrap\"><svg class=\"icon icon-pp-next\" aria-hidden=\"true\" role=\"img\" focusable=\"false\"><use href=\"#icon-pp-next\" xlink:href=\"#icon-pp-next\"><\/use><\/svg><\/span><\/button><\/div><\/div><\/div><\/div><div class=\"pod-content__launcher pod-launch\"><button class=\"pod-launch__button pod-launch__info pod-button\" aria-expanded=\"false\"><span class=\"ppjs__offscreen\">Show Podcast Information<\/span><span class=\"btn-icon-wrap\"><svg class=\"icon icon-pp-podcast\" aria-hidden=\"true\" role=\"img\" focusable=\"false\"><use href=\"#icon-pp-podcast\" xlink:href=\"#icon-pp-podcast\"><\/use><\/svg><svg class=\"icon icon-pp-x\" aria-hidden=\"true\" role=\"img\" focusable=\"false\"><use href=\"#icon-pp-x\" xlink:href=\"#icon-pp-x\"><\/use><\/svg><\/span><\/button><\/div><\/div>\n<hr \/>\n<h2>02.11.2020<\/h2>\n<hr \/>\n<p>20:04 bis 22:00 | WDR 3<br \/>\n<strong>WDR 3 Konzert | Musik der Zeit [3]: G&#228;nge<\/strong><\/p>\n<p style=\"padding-left: 40px;\"><strong>Alberto Posadas<\/strong>: Po\u00e9tica del camino f&#252;r Stimmen und Instrumente, Urauff&#252;hrung; Neue Vocalsolisten; ensemble recherche.<\/p>\n<p style=\"padding-left: 40px;\">Aufnahme aus dem K&#246;lner Funkhaus. Parallele Ausstrahlung in Dolby Digital 5.1 Surround-Sound<\/p>\n<p style=\"padding-left: 40px;\">Woher kommen und wohin gehen wir? In seinem neuen Zyklus wirft der spanische Komponist grundlegendende existentielle Fragen auf. Er schickt K&#246;rper und Geist auf Reisen, nicht auf die labyrinthischen Wege der Philosophie.<\/p>\n<p style=\"padding-left: 40px;\">Auch die Musik sucht nach Wegen durch den Raum. Dabei kann es sein, dass sie eine weitere zentrale Frage ber&#252;hrt. Wer bin ich, wer sind wir? Alberto Posadas wei&#223;, dass es keine Antworten gibt: \u201eIn der Poetik des Weges begeben sich Instrumente und Stimmen auf die Suche nach einer Identit&#228;t, die sie vermuten, erhoffen oder auch nur fl&#252;chtig ersp&#228;hen.\u201c<\/p>\n<p style=\"padding-left: 40px;\">Die Texte, die Alberto Posadas hier vertont, stammen von Antonio Machado, Jorge Manrique, Wilhelm M&#252;ller und Hermann Hesse. Sie alle befassen sich mit dem Thema Weg: als Symbol f&#252;r Inneres Exil, f&#252;r den &#220;bertritt in den Tod, f&#252;r die Verg&#228;nglichkeit und f&#252;r den Vorgang des ewigen Werdens.<\/p>\n<p>23:00 bis 00:00 | rbbKultur<br \/>\n<strong>MUSIK DER GEGENWART: Neue Musik aktuell \u2013 Mit Andreas G&#246;bel<\/strong><\/p>\n<p>23:03 bis 00:00 | SWR 2<br \/>\n<strong>SWR2 JetztMusik: Salon Dilletantisme<\/strong><\/p>\n<p style=\"padding-left: 40px;\">Von Mara Genschel. Ohne Zweifel hat die Coronakrise institutionskritische Qualit&#228;ten. Den Konzertbetrieb hat sie faktisch lahmgelegt. Der Sommer ist vorbei und mit ihm auch die letzten Open-Air Konzepte. Was viele Veranstalter*innen aber nicht wissen: in Ermangelung echter Konzerte, hat das Publikum l&#228;ngst angefangen, kanonisierte Highlights der Neuen Musik auf seinen Instrumenten zu Hause nachzubauen. Mit ihrem \u201eSalon Dilletantisme\u201c pr&#228;sentiert Mara Genschel einen welken Strau&#223; akustischer Stippvisiten \u2013 mitten aus den &#220;bezellen zahlreicher ausgew&#228;hlter Enthusiast*innen.<\/p>\n<p>23:03 \u2013 24:00 | &#214;1<br \/>\n<strong>Opernurauff&#252;hrung vom ORF musikprotokoll \u2013 musikprotokoll 2020. Peter Jakobers Oper \u201ePopulus\u201c<\/strong><\/p>\n<p style=\"padding-left: 40px;\">Das Siegerwerk des Johann-Joseph-Fux-Opernkompositionswettbewerbs des Landes Steiermark wird traditionsgem&#228;&#223; im Rahmen des ORF musikprotokoll uraufgef&#252;hrt. Das heurige Preistr&#228;gerwerk hat Peter Jakober auf ein Libretto von Ferdinand Schmatz komponiert. Das Publikum befand sich dabei in der Mitte des dystopischen Zirkus \u201eForum Populus\u201c, einer dynamischen Kreuzung aus Manege und offenem Forum mit diversen Inseln, auf denen gesprochen, gesungen und gehandelt wurde. Die politischen Inhalte des Werks wachsen aus einer kompositorischen Umstrukturierung der Welt und ihren Diskursen, die das Zusammenleben neu zu verorten und auszudr&#252;cken versucht. Die Musik bewegt sich zwischen klanglicher Entfremdung durch Vervielf&#228;ltigung, akusmatischen Prozessen und der &#220;berlagerung mehrerer scheinbar unabh&#228;ngiger und doch aufeinander bezogener Klang- und Temposchichten. Eine Produktion der Kunstuniversit&#228;t Graz (KUG) in Kooperation und dem ORF musikprotokoll mit Studierenden des \u201ePerformance Practice in Contemporary Music\u201c der KUG unter der Leitung von Dimitrios Polisoidis. Gestaltung: Rainer Elstner<\/p>\n<hr \/>\n<h2>03.11.2020<\/h2>\n<hr \/>\n<p>00:05 bis 01:00 | Deutschlandfunk Kultur<br \/>\n<strong>Neue Musik: Avantgarde unter anderen Voraussetzungen \u2013 Neue Musik in der DDR \u2013 ein R&#252;ckblick<\/strong><\/p>\n<p style=\"padding-left: 40px;\">Von Florian Neuner. In den sp&#228;ten Jahren der DDR konnte sich die neue Musik relativ unbehelligt entfalten. Was ist von diesem Aufbruch geblieben?<\/p>\n<p>00:12 bis 02:00 | Bayern 2<br \/>\n<strong>Concerto bavarese: Zum 80. <\/strong><strong>Geburtstag von Dieter Acker<\/strong><\/p>\n<p style=\"padding-left: 40px;\"><strong>Dieter Acker<\/strong>: \u201eZwischen Tag und Traum\u201c (Andr\u00e1s Adorj\u00e1n, Marianne Henkel, Fl&#246;te; Yumiko Urabe, Klavier); Violinkonzert Nr. 1 (Saschko Gawriloff, Violine; Symphonieorchester des Bayerischen Rundfunks: Georg Schm&#246;he); Sonate (Peter Roggenkamp, Klavier); Quintett (Eduard Brunner, Klarinette; Arcis Quartett); Musik (Martin-Albrecht Rohde, Viola; Han-An Liu, Harfe; Philharmonisches Kammerorchester M&#252;nchen: Michael Helmrath)<\/p>\n<p>21:00 bis 22:00 | NDR Kultur<br \/>\n<strong>neue musik: Er war wie ein Zen-Meister \u2013 Zum 25. Todestag von Isang Yun<\/strong><\/p>\n<p style=\"padding-left: 40px;\">Von Margarete Zander. \u201eEr war wie ein Zen-Meister\u201c, sagt Walter-Wolfgang Sparrer &#252;ber den koreanischen Komponisten. Der Musikwissenschaftler hat aktuell eine Bild-Monografie \u201eIsang Yun. Leben und Werk im Bild\u201c ver&#246;ffentlicht. Im Gespr&#228;ch erz&#228;hlt er von dem Meister, den er &#252;ber viele Jahre in Berlin als Autor seiner Schallplattentexte und anderer Ver&#246;ffentlichungen begleitet hat. Und er sensibilisiert uns f&#252;r die Bedeutung des Komponisten, der zu gern in eine zu enge Schublade gesteckt wird.<\/p>\n<p>22:05 bis 23:00 | BR-KLASSIK<br \/>\n<strong>Horizonte: Faszination Neue Musik<\/strong><\/p>\n<p style=\"padding-left: 40px;\"><strong>Isang Yun<\/strong>: \u201eKontraste\u201c. Von Kolja Lessing und Thorsten Preu&#223;<\/p>\n<p>23:00 bis 00:00 | rbbKultur<br \/>\n<strong>MUSIK DER GEGENWART: Die Sheng in der neuen Musik<\/strong><\/p>\n<p style=\"padding-left: 40px;\">Mit Margarete Zander. Die klangliche Neugier in der zeitgen&#246;ssischen Musik ist unbegrenzt und ungebrochen, und so finden auch immer mehr traditionelle au&#223;ereurop&#228;ische Instrumente ihren Weg in die musikalische Moderne. Eines von ihnen ist die chinesische Musikorgel Sheng. Der chinesische Sheng-Virtuose Wu Wei lebt seit langem in Berlin und spielt das Instrument sowohl in der traditionellen chinesischen als auch in der zeitgen&#246;ssischen Musik.<\/p>\n<p>23:03 bis 00:00 | SWR 2<br \/>\n<strong>SWR2 ars acustica: Palma Ars Acustica<\/strong><\/p>\n<p style=\"padding-left: 40px;\">Phnom Penh FM: Re \/ Disc \/ Over. H&#246;rst&#252;ck von Sopheak Sao. Mit: Chris Zippel, Jan Mueller und Nico Mesterharm. (Produktion: ORF Kunstradio 2019)<\/p>\n<p style=\"padding-left: 40px;\">ROR-BU: H&#246;rst&#252;ck von Veronika Svobodov\u00e1 (Produktion: Tschechischer Rundfunk 2019)<\/p>\n<p style=\"padding-left: 40px;\">Der Palma Ars Acustica ist der European Song Contest der Radiokunst: J&#228;hrlich zeichnen die Mitglieder der European Broadcasting Union ein experimentelles H&#246;rst&#252;ck aus. Bei der digitalen Jurysitzung im Mai 2020 gab es Stimmengleichheit f&#252;r zwei Gewinnerinnen.<\/p>\n<p>23:03 \u2013 24:00 | &#214;1<br \/>\n<strong>Musik f&#252;r zehn Klaviere bei Wien Modern \u2013 Wien Modern 2020. Edu Haubensak: Gro&#223;e Stimmung<\/strong><\/p>\n<p style=\"padding-left: 40px;\">Der Gro&#223;e Saal des Wiener Konzerthauses wurde f&#252;r ein au&#223;ergew&#246;hnliches Konzert im Rahmen von Wien Modern von den Parkettsesseln befreit. Platz gemacht wurde f&#252;r zehn Klaviere, jedes in einer eigenen Stimmung. Passend zum Generalthema \u201eStimmungen\u201c hat der Schweizer Komponist Edu Haubensak ein neues Werk f&#252;r diese gro&#223;e Besetzung geschrieben. Ein besonderer Konzertabend unter dem Motto \u201eGro&#223;e Stimmung\u201c. Gestaltung: Philipp Weismann<\/p>\n<hr \/>\n<h2>04.11.2020<\/h2>\n<hr \/>\n<p>00:12 bis 02:00 | Bayern 2<br \/>\n<strong>Concerto bavarese: Fr&#228;nkische Komponisten<\/strong><\/p>\n<p style=\"padding-left: 40px;\"><strong>Andreas Dohmen<\/strong>: \u201eMusik f&#252;r Gerhard Richter\u201c (SWR Sinfonieorchester Baden-Baden und Freiburg: Lothar Zagrosek); <strong>Andr\u00e1s Hamary<\/strong>: \u201eJelek\u201c (Keiko Matsuzaki, Klavier); <strong>Volker Blumenthaler<\/strong>: \u201ePo\u00e8mas del Otono\u201c (Westdeutsches Streichquartett); <strong>Rainer Pezolt<\/strong>: \u201e&#8230; das erste Gl&#252;ck\u201c (Antje Gerlof, Fl&#246;te); <strong>Claus K&#252;hnl<\/strong>: \u201eA mon seul d\u00e9sir\u201c, Vorspruch und Gesang des Einhorns (Michinori Bunya, Kontrabass; Rundfunk-Sinfonieorchester Saarbr&#252;cken: Claus K&#252;hnl)<\/p>\n<p>20:04 bis 21:00 | hr2-kultur<br \/>\n<strong>Kaisers Kl&#228;nge \u2013 Musikalische Entdeckungsreisen \u2013 Tanz ums Wei&#223;e Haus \u2013 Musik f&#252;r amerikanische Pr&#228;sidenten<\/strong><\/p>\n<p style=\"padding-left: 40px;\">Kaisers Kl&#228;nge wollen sich nicht in den US-Wahlkampf einmischen, das ist viel zu heikel. Aber eines steht fest: Die Pr&#228;sidenten der USA haben nicht nur Geschichte geschrieben, sondern auch Musikgeschichte.<\/p>\n<p style=\"padding-left: 40px;\">Es gibt Sinfonien f&#252;r Abraham Lincoln und Franklin D. Roosevelt. Richard Nixon und Lyndon B. Johnson wurden zu Opernhelden. Und George Washington schl&#228;gt seine Schlachten auch noch einmal im Konzertsaal. Die Musikgalerie im Wei&#223;en Haus reicht vom Thomas-Jefferson-Marsch bis zur Elegie f&#252;r John F. Kennedy.<\/p>\n<p>23:03 bis 00:00 | SWR 2<br \/>\n<strong>SWR2 JetztMusik: Donaueschinger Musiktage 2020: Klangkunst<\/strong><\/p>\n<p style=\"padding-left: 40px;\"><strong>Jan Jelinek<\/strong>: Hyperion Installation (2020, UA) | <strong>Mike Cooper<\/strong>: Playing With Water f&#252;r E-Gitarre und Elektronik (2020)<\/p>\n<p style=\"padding-left: 40px;\">In seiner Installation f&#252;r die Donaueschinger Musiktage widmet sich Jan Jelinek dem 250. Geburtstag von Friedrich H&#246;lderlin und dessen Roman \u201eHyperion\u201c. Mike Cooper widmet sich der Klimakatastrophe und dem steigenden Meeresspiegel, ein akustisches Mahnmal gegen die Umweltzerst&#246;rung.<\/p>\n<p>23:03 \u2013 24:00 | &#214;1<br \/>\n<strong>R&#252;ckblick, Vorschau und aktuelle Ver&#246;ffentlichungen \u2013 Zeit-Ton Magazin <\/strong><\/p>\n<p style=\"padding-left: 40px;\">Jeden Mittwoch pr&#228;sentieren wir Ihnen ausgesuchte Veranstaltungstipps f&#252;r die kommenden sieben Tage und die spannendsten Neuver&#246;ffentlichungen. Zudem portr&#228;tieren wir jeweils ein Mitglied des Klangforum Wien, das heuer seinen 35. Geburtstag feiert. Gestaltung: Marie-Therese Rudolph<\/p>\n<hr \/>\n<h2>05.11.2020<\/h2>\n<hr \/>\n<p>00:05 bis 01:00 | Deutschlandfunk Kultur<br \/>\n<strong>Neue Musik: Musik und Information \u2013 Der Komponist und Theoretiker Herbert Br&#252;n<\/strong><\/p>\n<p style=\"padding-left: 40px;\">Von Carolin Naujocks. (Wdh. v. 05.02.2008). Vor 20 Jahren starb Herbert Br&#252;n. Sein informationstheoretischer Ansatz entsprang der Suche nach objektivierbaren Gr&#246;&#223;en, um den &#228;sthetischen Wahrnehmungsprozess wissenschaftlich zu beschreiben.<\/p>\n<p>00:12 bis 02:00 | Bayern 2<br \/>\n<strong>Concerto bavarese: Bayerische Komponisten<\/strong><\/p>\n<p style=\"padding-left: 40px;\"><strong>Robert Brunner<\/strong>: Partita (Franz Lehrndorfer, Orgel); <strong>Hans Huyssen<\/strong>: \u201eConcerto for an African Cellist\u201c (Heleen du Plessis, Violoncello; OSM Camerata: Hans Huyssen); <strong>Ludwig Kusche<\/strong>: \u201eZirkusbilder\u201c (M&#252;nchner Bl&#228;serquartett); <strong>Horst Lohse<\/strong>: \u201eMahan\u201c (Trio Contraste)<\/p>\n<p>20:00 bis 22:00 | NDR Kultur<br \/>\n<strong>NDR Radiophilharmonie: Jazztrompeter Nils W&#252;lker stellt seine j&#252;ngste Aufnahme \u201eGO\u201c vor<\/strong><\/p>\n<p style=\"padding-left: 40px;\">Blow Up \/ Hidden Intentions \/ Conquering the Useless \/ Hybrid \/ The Frame \/ Wanderlust \/ Dawn \/ The You of Now \/ Distorting Time. Nils W&#252;lker, Trompete. NDR Radiophilharmonie \/ Ltg.: Hans Ek. Aufzeichnung vom 29.\/30. Oktober 2020 aus dem Gro&#223;en Sendesaal des NDR in Hannover<\/p>\n<p>20:04 bis 21:30 | SR2 KulturRadio<br \/>\n<strong>Mouvement: Aufnahmen vom Musikfest Berlin<\/strong><\/p>\n<p style=\"padding-left: 40px;\">Kompositionen von George Benjamin, Alfred Schnittke und Rebecca Saunders<\/p>\n<p>21:30 bis 22:30 | hr2-kultur<br \/>\n<strong>\u201eauch das Zarte, Private hat seine kollektive, politische Seite\u201c \u2013 Luigi Nonos Streichquartett \u201eFragmente \u2013 Stille, An Diotima\u201c<\/strong><\/p>\n<p style=\"padding-left: 40px;\">Bonn-Bad Godesberg, 2. Juni 1980. W&#228;hrend des 30. Beethoven-Festes spielt das LaSalle Quartett die Urauff&#252;hrung von Luigi Nonos Streichquartett \u201eFragmente \u2013 Stille, An Diotima\u201c. Darin Bez&#252;ge zu Friedrich H&#246;lderlin und Ludwig van Beethoven, zu Guiseppe Verdi und Johannes Ockeghem. Eine Sendung von Stefan Fricke<\/p>\n<p style=\"padding-left: 40px;\">Und danach ist die Musikwelt nicht mehr die, die sie zuvor gewesen ist. Das r&#228;tselhafte Quartett \u201eFragmente \u2013 Stille, An Diotima\u201c, das der venezianische Komponist Luigi Nono (1924-1990) in den Jahren 1979\/80 geschrieben hat, l&#246;st aus, was die Neue Musik wohl so noch nicht gekannt hat. Ein einzelnes Werk ver&#228;ndert einschneidend, grundlegend das europ&#228;ische Komponieren, das Reden, Denken und Schreiben in und &#252;ber Musik.<\/p>\n<p>22:05 bis 23:00 | BR-KLASSIK<br \/>\n<strong>Horizonte: Zum 80. Geburtstag des Komponisten Dieter Acker<\/strong><\/p>\n<p style=\"padding-left: 40px;\"><strong>Dieter Acker<\/strong>: Streichquartett Nr. 4 (Robert-Schumann-Quartett); \u201eNachtst&#252;cke\u201c (Andr\u00e1s Adorj\u00e1n, Marianne Henkel, Fl&#246;te); Fagottkonzert (Karl Kolbinger, Fagott; Symphonieorchester des Bayerischen Rundfunks: Hermann Michael); Sonate (Andreas Skouras, Cembalo)<\/p>\n<p>23:03 bis 00:00 | SWR 2<br \/>\n<strong>SWR2 H&#246;rspiel-Studio: Die Enden der Parabel \/ Gravity\u2019s Rainbow (8\/12) (bis 2 Uhr)<\/strong><\/p>\n<p>23:03 \u2013 24:00 | &#214;1<br \/>\n<strong>Rotating Sounds. Peter Kutins ROTO?. <\/strong><strong>musikprotokoll 2020. ROTO? von Peter Kutin. <\/strong><\/p>\n<p style=\"padding-left: 40px;\">Mit \u201eTORSO#1\u201c gewann Peter Kutin vergangenes Jahr als erster Einzelk&#252;nstler aus &#214;sterreich die Goldene Nica beim Prix Ars Electronica im Bereich \u201eDigital Musics and Sound Art\u201c. \u201eTORSO\u201c, ein Werk aus der Reihe \u201eRotating Sounds\u201c, ist gleichsam kinetische Skulptur wie optoakustisches Instrument, f&#252;r die beziehungsweise das der K&#252;nstleor ein eigenes St&#252;ck komponiert hat. Ausgangspunkt waren einige ausgediente Lautsprecher, die Kutin auf einem verlassenen Gel&#228;nde der &#214;BB fand. In seiner Gestalt erinnert \u201eTORSO\u201c an einen Klapotetz, wobei sich auf den vier Rotoren vier Lautsprecher drehen. An den Rotoren angebrachte LED-Leuchten machen die Bewegung des Klanges unmittelbar visuell erfahrbar. \u201eTORSO\u201c beschleunigt, bremst sich ein, beschleunigt erneut. Dabei scheint sich der Klang in den Geh&#246;rgang geradezu hineinzubohren, w&#228;hrend das flackernde und rotierende Licht, mit seinen Nachbildern, die es im dunklen Raum auf die Netzhaut zaubert, Sogwirkung entfaltet. \u201eROTO?\u201c schlie&#223;t an diese Arbeit an. Nach ihrer Premiere beim MUTEK Festival in Montreal 2019 wurde sie konsequent weiterentwickelt und feierte nun beim diesj&#228;hrigen ORF musikprotokoll im steirischen herbst eine weitere Urauff&#252;hrung. Durch die Einbindung von Videoprojektionen, die auf die Bewegung des Objektes abgestimmt sind, wird \u201eROTO?\u201c zum hologrammartigen \u201esonic body\u201c und er&#246;ffnet einen beschleunigten Assoziationskorridor. Weiters werden wir in diesem Zeit-Ton in Peter Kutins neues Album hineinh&#246;ren, das dieser Tage bei Ventil Records erscheint. Gestaltung: Susanna Niedermayr<\/p>\n<hr \/>\n<h2>06.11.2020<\/h2>\n<hr \/>\n<p>00:05 bis 01:00 | Deutschlandfunk Kultur<br \/>\n<strong>Klangkunst: Reihe: Here History Began<\/strong><\/p>\n<p style=\"padding-left: 40px;\">H&#246;rbrief an Halim El-Dabh \u2013 Von Kamila Metwaly. Mit: Aylin Esener, Aram Tafreshian, Kamila Metwaly, sowie Halim El-Dabh im O-Ton<\/p>\n<p style=\"padding-left: 40px;\">Produktion: Deutschlandfunk Kultur\/SAVVY Contemporary 2020. L&#228;nge: 47\u2019. (Ursendung)<\/p>\n<p style=\"padding-left: 40px;\">Der &#228;gyptisch-amerikanische Musiker Halim El-Dabh z&#228;hlt zu den gr&#246;&#223;ten Innovatoren der Musik im 20. Jahrhundert. Nie von ihm geh&#246;rt? Warum eigentlich? Eine Hommage und eine Spurensuche.<\/p>\n<p style=\"padding-left: 40px;\">Wer kennt Halim El-Dabh? In welchem Lehrbuch steht, dass der &#228;gyptisch-amerikanische Komponist die musique concr\u00e8te erfand \u2013 noch vor Pierre Schaeffer?! Wo sind die Rezensionen, Monografien und Festivals, die sein Gesamtwerk feiern \u2013 denn es geh&#246;rt zu den Meilensteinen der Musik des 20. Jahrhunderts?! Durch welche Mechanismen wurde Halim El-Dabh vom Kanon ausgeschlossen, und durch wen?<\/p>\n<p style=\"padding-left: 40px;\">In einem akustischen Brief an den 2017 verstorbenen Meister versucht die Kuratorin Kamila Metwaly, Zeit wider die westliche Musik-Avantgarde zu kr&#252;mmen und Geschichte zu remixen: vorspulen, pausieren, zur&#252;ckspulen, nochmal vor, und Stopp \u2013 als w&#252;rde man sich auf einem Plattenspieler durch Zeiten, akustische Methoden, Klanggeografien drehen, und dabei die Zeit aus dem Takt bringen.<\/p>\n<p style=\"padding-left: 40px;\">Grundlage der Sendung ist ein vierj&#228;hriges Rechercheprojekt im Berliner Kunstraum SAVVY Contemporary.<\/p>\n<p style=\"padding-left: 40px;\">Kamila Metwaly, 1984 in Warschau geboren, ist Musikjournalistin, elektronische Musikerin und Kuratorin in Berlin und Kairo. In &#196;gypten gr&#252;ndete sie eine unabh&#228;ngige Kunst- und Kulturpublikation, arbeitete f&#252;r verschiedene Radiosender, die freie Filmszene und war viele Jahre lang eine prominente Vertreterin der Kulturszene und Aktivistin. Seit 2017 arbeitet sie f&#252;r den Berliner Kunstraum SAVVY Contemporary.<\/p>\n<p>00:12 bis 02:00 | Bayern 2<br \/>\n<strong>Concerto bavarese: Bayerische Komponisten<\/strong><\/p>\n<p style=\"padding-left: 40px;\"><strong>Manfred Fleischmann<\/strong>: \u201eEntstehen \u2013 Ver&#228;ndern \u2013 Vergehen\u201c (M&#252;nchner Fl&#246;tentrio); Fritz Schieri: F&#252;nf Balladen auf Texte von Eduard M&#246;rike (Bettina Hausmaninger, Roswitha Schmelzl, Sopran; Guido Gorna, Tenor; Wolfgang Wirsching, Bariton; Fabio Romano, Klavier; Madrigalchor der Hochschule f&#252;r Musik: Max Frey); <strong>Carlos H. Veerhoff<\/strong>: Symphonie Nr. 6 \u2013 \u201eDesiderata\u201c (Elizabeth Hagedorn, Sopran; Andreas Scheibner, Bariton; Hermann Christian Polster, Bass; Boris Carmeli, Sprecher; MDR-Rundfunkchor; MDR-Sinfonieorchester: Leopold Hager); <strong>Johann Paul Zehetbauer<\/strong>: \u201eSendest du deinen Odem aus\u201c; \u201eMein Volk aber will ich n&#228;hren mit des Weizens Kraft\u201c; \u201eDas ist der Tag, den der Herr gemacht hat\u201c (Karl Maureen, Orgel; Mitglieder des Chors der Himmelfahrtskirche M&#252;nchen: Heinz Schnauffer)<\/p>\n<p>19:05 bis 20:00 | BR-KLASSIK<br \/>\n<strong>Das Musik-Feature: Allegro procrastinato \u2013 Vom Komponieren auf den letzten Dr&#252;cker<\/strong><\/p>\n<p style=\"padding-left: 40px;\">Von Johannes Jansen. Die Hauptproben haben stattgefunden, alles ist einstudiert, die Fieberkurve steigt. Nur wenige Stunden noch, bis sich der Vorhang hebt. Aber die alles entscheidende Nummer fehlt. Wo steckt der Komponist? Endlich wedelt jemand triumphierend mit den Noten, die Show ist gerettet, er hat es gerade noch rechtzeitig geschafft &#8230; Man kennt Szenen wie diese aus Revuefilmen und Musicals. Aber sie finden nicht nur in Hollywood oder am Broadway statt. Von Musikst&#252;cken, die in letzter Minute fertig wurden, und der in Komponistenkreisen besonders verbreiteten Krankheit der \u201eAufschieberitis\u201c handelt dieses Feature. Prokrastination lautet der Fachausdruck daf&#252;r, frei &#252;bersetzt: die Kunst, sich selbst und andere durch scheinbares Nichtstun zur Verzweiflung zu bringen. Auch Mozart und Beethoven waren darin gro&#223;e Meister.<\/p>\n<p>21:05 bis 22:30 | Bayern 2<br \/>\n<strong>H&#246;rspiel: h&#246;r!spiel!art.mix: \u201eAutopoiesis\u201c von Anne Lep\u00e8re<\/strong><\/p>\n<p style=\"padding-left: 40px;\">Mit Louise Chardon, Lisa Mellouki, Vincent Degrande und Michael Scoriels. Realisation: Anne Lep\u00e8re. FACR &amp; Atelier de Cr\u00e9ation Sonore Radio 2019<\/p>\n<p style=\"padding-left: 40px;\">H&#246;re deine Wunde. \u201eWie stark sind Ihre Schmerzen auf einer Skala von 1 bis 10?\u201c Ausgehend von einer realen Verletzung erkundet die Radiomacherin Anne Lep\u00e8re verschiedene M&#246;glichkeiten der Selbstheilung. In einem Operationssaal startet der Countdown f&#252;r die Bet&#228;ubung. Von hier aus betrachtet Anne Lep\u00e8re die Geschichte ihrer Verletzung und Heilung. Der Mythos vom verwundeten Zentaur Chiron begleitet sie auf einer Reise in den eigenen K&#246;rper. Unterwegs besucht sie eine Expertin f&#252;r die Zentrierung von K&#246;rper und Geist, eine Astrologin und eine Werkstatt f&#252;r Instrumentenbau. Die Klangkunstproduktion wurde ausgezeichnet mit dem Prix Palma Ars Acustica 2019 und dem Prix Phonurgia Nova 2019.<\/p>\n<p style=\"padding-left: 40px;\">Anne Lep\u00e8re, geb. 1985 in Charleroi, belgische Radiomacherin und Choreographin. Field Recordings, Sound Performances, Theatermusik, Radiokunst. Autopoiesis ist ihr H&#246;rspiel-Deb&#252;t.<\/p>\n<p>22:03 bis 23:00 | Deutschlandfunk Kultur<br \/>\n<strong>Musikfeuilleton: \u201eIch lernte nicht nach Plan oder System\u201c \u2013 Der Pianist Walter Gieseking<\/strong><\/p>\n<p style=\"padding-left: 40px;\">Von Richard Schroetter (Wdh. v. 29.10.2006). Das Klavierspiel des deutschen Pianisten Walter Gieseking unterschied sich recht deutlich von dem seiner gro&#223;en Landsleute und Generationsgenossen Edwin Fischer, Wilhelm Backhaus, Arthur Schnabel oder Wilhelm Kempff. Seine Musizierhaltung wurde von einem seiner Bewunderer, dem italienischen Essayisten Alberto Savinio, treffsicher auf den Punkt gebracht. Demnach war das Spiel Giesekings \u201ekeusch in den Gef&#252;hlen, n&#252;chtern in den Effekten\u201c.<\/p>\n<p>23:03 \u2013 24:00 | &#214;1<br \/>\n<strong>Spielr&#228;ume Nachtausgabe: Imagine John Lennon \u2013 John Lennon: Dichter, Zeichner, Feminist, Rock\u2019n\u2019Roll-S&#228;nger<\/strong><\/p>\n<p style=\"padding-left: 40px;\">Auf halbem Weg zwischen Geburtstag und Tod. Er war der rebellische Kopf der Beatles \u2013 mit denen er komplett brach. 1970 beginnt John Lennons zweites Leben. Nach Aufl&#246;sung der erfolgreichsten Popband aller Zeiten bringt ihn eine Psychotherapie an die Wurzeln seines kreativen Schaffens, es sind die Verluste der Kindheit. In peinsamen Liedern wie \u201eMother\u201c schreit Lennon sich tiefen Schmerz von Seele und Leib. Wenig sp&#228;ter entsteht \u201eImagine\u201c: ein Song wie eine Hymne, die in wenigen Worten die Vision der 1960er und 70er Jahre umfasst \u2013 von einer friedlichen Menschheit ohne Besitz und Religion, Staatsgrenzen und Krieg.<\/p>\n<p style=\"padding-left: 40px;\">In der Erinnerung vieler Menschen sind die Sch&#252;sse am 8. Dezember 1980 vor dem Dakota-Building in New York ein einschneidendes Ereignis. Der Tod kommt zu einem Zeitpunkt, als John Lennon nach f&#252;nfj&#228;hriger Pause Kraft gesch&#246;pft hat \u2013 drei Wochen davor ist das Album Double Fantasy erschienen, es wurde sein meistverkauftes \u2013 und sie beenden Lennons Post-Beatles-Jahrzehnt des Suchens und Experimentierens. Eine Periode, in der Unterschiedlichstes entstand: hedonistische Rock-\u2019n\u2019-Roll-Songs, das nachdenkliche \u201eJealous Guy\u201c, Liebeslieder an Yoko Ono und den gemeinsamen Sohn Sean, die bittere Analyse sozialer Klassen \u201eWorking Class Hero\u201c \u2013 aber auch der allj&#228;hrlich popul&#228;re Weihnachtssong \u201eHappy Xmas\u201c.<\/p>\n<p style=\"padding-left: 40px;\">John Lennons Wirkung ist mit seiner Ermordung nicht vorbei. In den 1980er Jahren singen Jugendliche in Prag, Warschau und Ost-Berlin \u201eGive Peace A Chance\u201c, die Worte stehen auf Ansteckern und Transparenten bei Friedensdemos im Westen und werden mit dem Kugelschreiber auf Schultaschen gemalt. Immer neue B&#252;cher und Filme besch&#228;ftigen sich posthum mit dem Ph&#228;nomen Lennon und seiner bewegten Biografie.<\/p>\n<p style=\"padding-left: 40px;\">Die Spielr&#228;ume \u2013 mit Ausz&#252;gen einer Nachtausgabe vor zehn Jahren \u2013 beleuchten zumindest manche der widerspr&#252;chlichen Seiten des Lebens und Werks von John Winston Ono Lennon, geboren am 9. Oktober 1940. Der Radiomacher Paul Catty erinnert sich an die Beatlemania der 1960er Jahre in England und liest aus Lennons literarischem Werk, die Autorin Anna-Maria K&#246;nig aus ihrem noch unver&#246;ffentlichten Roman &#252;ber John Lennon, und der \u201ef&#252;nfte Beatle\u201c Klaus Voormann erz&#228;hlt von seiner und Johns langj&#228;hriger Freundschaft. Gestaltung: Johann Kneihs<\/p>\n<hr \/>\n<h2>07.11.2020<\/h2>\n<hr \/>\n<p>14:05 bis 15:00 | BR-KLASSIK<br \/>\n<strong>Das Musik-Feature: Allegro procrastinato \u2013 Vom Komponieren auf den letzten Dr&#252;cker<\/strong><\/p>\n<p style=\"padding-left: 40px;\">Von Johannes Jansen. Die Hauptproben haben stattgefunden, alles ist einstudiert, die Fieberkurve steigt. Nur wenige Stunden noch, bis sich der Vorhang hebt. Aber die alles entscheidende Nummer fehlt. Wo steckt der Komponist? Endlich wedelt jemand triumphierend mit den Noten, die Show ist gerettet, er hat es gerade noch rechtzeitig geschafft &#8230; Man kennt Szenen wie diese aus Revuefilmen und Musicals. Aber sie finden nicht nur in Hollywood oder am Broadway statt. Von Musikst&#252;cken, die in letzter Minute fertig wurden, und der in Komponistenkreisen besonders verbreiteten Krankheit der \u201eAufschieberitis\u201c handelt dieses Feature. Prokrastination lautet der Fachausdruck daf&#252;r, frei &#252;bersetzt: die Kunst, sich selbst und andere durch scheinbares Nichtstun zur Verzweiflung zu bringen. Auch Mozart und Beethoven waren darin gro&#223;e Meister.<\/p>\n<p>22:05 bis 22:50 | Deutschlandfunk<br \/>\n<strong>Atelier neuer Musik: Ost-westlicher Br&#252;ckenbauer \u2013 Zum 25. Todestag von Isang Yun<\/strong><\/p>\n<p style=\"padding-left: 40px;\">Von Ingo Dorfm&#252;ller. Der einzelne Ton: seine Ausgestaltung, durch Dynamik, durch Artikulation, durch Umspielungen \u2013 das sei die Basis der traditionellen Musiken Ostasiens. Darauf hat der koreanische Komponist Isang Yun immer wieder insistiert. Gestaltet wird nicht eine dynamische Entwicklung, sondern der ganz mit Bewusstsein erf&#252;llte Augenblick. Andererseits hatte Yun in Europa, seit 1957 als Student in Westberlin, die wichtigsten Str&#246;mungen der westlichen Gegenwartsmusik, Neoklassizismus und Zw&#246;lftonmusik, kennengelernt. So wurde er zum Br&#252;ckenbauer zwischen Ost und West. Und das auch im politischen Sinne: als Friedensaktivist und K&#228;mpfer gegen die s&#252;dkoreanische Milit&#228;rdiktatur. Das hatte bittere Konsequenzen f&#252;r ihn: 1967 wurde Isang Yun vom s&#252;dkoreanischen Geheimdienst aus Berlin entf&#252;hrt und in Seoul zu lebenslanger Haft verurteilt. Weltweite Proteste, denen sich u.a. Igor Strawinsky, Karlheinz Stockhausen und selbst Herbert von Karajan anschlossen, erwirkten 1969 seine Freilassung. Sein politisches Engagement schlug sich auch in seinen Kompositionen nieder. Etwa in dem Orchesterwerk \u201eExemplum\u201c zum Gedenken an das Massaker von Kwangju im Mai 1980, mit dem die s&#252;dkoreanische Demokratiebewegung mundtot gemacht werden sollte.<\/p>\n<p>23:00 bis 00:00 | hr2-kultur<br \/>\n<strong>The Artist\u2019s Corner: Hessen h&#246;ren 43 | Richard H&#246;tter: Zaungast (K&#246;nigstein im Taunus)<\/strong><\/p>\n<p style=\"padding-left: 40px;\">In den dicht bewaldeten H&#228;ngen an den Ausl&#228;ufern des Feldbergs liegt der heilklimatische Luftkurort K&#246;nigstein im Taunus. Die Kleinstadt nimmt eine einzigartige Sonderstellung ein: Im Gr&#252;nen auf den seichten H&#252;geln die beschaulichen Wiesen der Stadt, blickt der Ort zugleich auf die pulsierende Mainmetropole Frankfurt herab.. hr 2020 \/ 33 Min. | Radiopremiere<\/p>\n<p style=\"padding-left: 40px;\">Als Vermittler zwischen zwei Polen ist der Ort weder Fisch noch Fleisch, weder beschauliches Taunusnest noch kosmopolitische Kleinstadt: ein Zaungast beider Welten. Abends genie&#223;en die B&#252;rger*innen dieser Kleinstadt in privater Ruhe die Annehmlichkeiten des L&#228;ndlichen, um tags&#252;ber in der Bankenhauptstadt f&#252;r die &#246;konomische Konkurrenzf&#228;higkeit des Landes zu sorgen. Das H&#246;rst&#252;ck \u201eZaungast\u201c des in K&#246;nigstein geborenen Musikers Richard H&#246;tter (*1992) portr&#228;tiert die Ambivalenz des Kurorts und erkundet seine intimsten Winkel. Eine Klangkomposition, die verschiedenste Aspekte zeigt, gegen&#252;berstellt und verfremdet.<\/p>\n<hr \/>\n<h2>08.11.2020<\/h2>\n<hr \/>\n<p>13:04 bis 14:00 | hr2-kultur<br \/>\n<strong>Kaisers Kl&#228;nge \u2013 Musikalische Entdeckungsreisen \u2013 Beethoven \u2013 Ein Genie und sein Gefolge (2)<\/strong><\/p>\n<p style=\"padding-left: 40px;\">Das Werk eines Meisters wie Beethoven bleibt nicht unver&#228;ndert. Seine Sinfonien werden f&#252;r den Hausgebrauch in Trios umgeschrieben, Streichquartette verwandeln sich in Klaviersonaten.<\/p>\n<p style=\"padding-left: 40px;\">Nie vollendete Werke werden von fremder Hand fertiggestellt und die Erfolgsst&#252;cke des Meisters inspirieren nachgeborene Komponisten zu ganz Neuem. Im Beethoven-Jubil&#228;umsjahr gibt es all das in klangfrischen Neuaufnahmen zu h&#246;ren. Dies ist die zweite Folge eines Streifzugs durch die Welt der Bearbeitungen, Vollendungen und Neusch&#246;pfungen von Beethovens Werk.<\/p>\n<p>22:00 bis 00:00 | Bremen Zwei<br \/>\n<strong>Klassikwelt in concert: Auf schwarzen und wei&#223;en Tasten \u2013 Beatrice Rana<\/strong><\/p>\n<p style=\"padding-left: 40px;\">Die Italienerin Beatrice Rana ist eine der herausragenden Pianistinnen ihrer Generation und im Moment die wohl erfolgreichste und prominenteste Klavierk&#252;nstlerin ihres Heimatlandes. Das erste Konzert des Jahres 2018 spielte sie im Sendesaal Bremen, beim Radio Bremen-Festival \u201eAuf schwarzen und wei&#223;en Tasten\u201c.<\/p>\n<p>22:08 \u2013 22:55 | &#214;1<br \/>\n<strong>Neue Musiksprachen aus Syrien \u2013 Achse der Avantgarde der Musik nach Syrien<\/strong><\/p>\n<p style=\"padding-left: 40px;\">Unterst&#252;tzt vom &#246;sterreichischen Au&#223;enministerium hat ein Verein rund um den Tontechniker David M&#252;llner gemeinsam mit &#246;sterreichischen Musikschaffenden wie Johanna Doderer und Gerald Resch eine Achse der Avantgarde der Musik errichtet. Der Krieg hat nicht nur die Kooperation beendet, sondern die meisten Musikschaffenden aus Syrien vertrieben.<\/p>\n<p style=\"padding-left: 40px;\">Die Begr&#252;ndung einer \u201earabischen Moderne\u201c, die &#214;ffnung der arabischen Musik hin zu einer experimentierfreudigen Musiksprache und die Errichtung eines Treffpunktes der arabischen Avantgarde an der Musikuniversit&#228;t Damaskus \u2013 all das ist unterbrochen, wenn nicht zerst&#246;rt.<\/p>\n<p style=\"padding-left: 40px;\">R&#252;ckblick auf die damalige Zusammenarbeit, die auch zu Benefizkonzerten f&#252;r Syrien f&#252;hrte, und Erkundung der Lebenswege in der Diaspora, zum Werk von Wassim Ibrahim, Taoufik Mirkhan und Hassan Taha. Gestaltung: Irene Suchy<\/p>\n<p>23:04 bis 00:00 | WDR 3<br \/>\n<strong>WDR 3 Studio Neue Musik: Patch Work Ensembles<\/strong><\/p>\n<p style=\"padding-left: 40px;\"><strong>Christophe Bertrand<\/strong>: Yet f&#252;r gro&#223;es Ensemble; Zafraan Ensemble; Ensemble KNM Berlin, Leitung: Victor Aviat | <strong>Chaya Czernowin<\/strong>: Slow Summer Stay III, Upstream f&#252;r Doppeloktett; Ensemble KNM Berlin, Leitung: Manuel Nawri; oenm. &#246;sterreichisches ensemble f&#252;r neue musik, Leitung: Johannes Kalitzke | <strong>Mark Barden<\/strong>: Monoliths VI-XV delta f&#252;r Ensemble; Ensemblekollektiv Berlin<\/p>\n<p style=\"padding-left: 40px;\">Abstand und Abgrenzung sch&#228;rft das Profil. Ensembles sind, was Ausrichtung und Repertoire betrifft, von Hause aus eher eigen, exklusiv oder sagen wir individuell veranlagt. Nur selten tun sie sich zusammen, um das, was allein nicht geht, in konzertierter Aktion zu stemmen.<\/p>\n<p style=\"padding-left: 40px;\">Gemeinsam agierende Gruppen bringen ganz unterschiedliche Musiziererfahrungen mit ein. Zugleich geht dabei der kammermusikalische Ansatz im quasi sinfonischen Spiel der Gro&#223;formation auf. So wie im Falle von Chaya Czernowins Slow Summer Stay: Ein Doppeldecker, bestehend aus zwei Oktetten, die \u2013 hier vom KNM Berlin und dem oenm aus Salzburg \u2013 simultan gespielt sich zu einer subtilen Raummusik vereinigen. F&#252;r Mark Bardens Monoliths VI-XV sind \u2013 mit Adapter, Apparat und Mosaik sowie dem Sonar Quartett \u2013 gleich vier Gruppen am Start, die sich ohne Anleitung durch einen Dirigenten zum Berliner Ensemblekollektiv verbinden.<\/p>\n<p style=\"padding-left: 40px;\">Ebenfalls um eine Berliner Bl&#252;te handelt es sich bei der Kooperation der Formationen Zafraan und KNM. Sie haben sich f&#252;r die Aufnahme von Christophe Bertrands fr&#252;hem Yet zusammengetan. Ein Ensemblest&#252;ck, das genau das antizipiert, was die Musik des fr&#252;h Verstorbenen so packend macht: schwindelerregende Virtuosit&#228;t, die sp&#228;ter zu seinem Markenzeichen werden sollte.<\/p>\n<p>23:05 bis 00:00 | BR-KLASSIK<br \/>\n<strong>Musik der Welt: Weltmusik in S&#252;dtirol \u2013 Max Castlunger und sein Instrumentenmuseum<\/strong><\/p>\n<p style=\"padding-left: 40px;\">Eigentlich stammt er aus dem Gadertal in den n&#246;rdlichen Dolomiten. Er ist von dort, wo man Ladinisch spricht und wo Musikkapellen noch echte Jugendtreffs sind. Er spielte elf Jahre lang in St. Martin im Gadertal die dritte Klarinette, bevor er zu S&#252;dtirols f&#252;hrendem Weltmusik-Percussionisten wurde. Seine beeindruckende Instrumenten-Ausstellung hat er im Gew&#246;lbe eines Terlaner Geh&#246;fts untergebracht. Zusammengetragen aus der ganzen Welt, sortiert nach der Hornbostel-Sachs-Klassifizierung und vor allem \u2013 er spielt auch selbst darauf. Mit Herbert Pixner und Manuel Randi ist er damit regelm&#228;&#223;ig unterwegs auf Tournee. Dabei wollte er urspr&#252;nglich nur eines: \u201eDurch die Musik konnte ich eben das &#220;bernat&#252;rliche erreichen. Irgendwie konnte ich mich durch Musik in Verbindung setzen mit dem, was mich nicht angreifen kann. Und da war jetzt mein Bruder auch Teil davon. Und immer wieder versuche ich das den Kindern, den Erwachsenen, jedem zu sagen, dass eigentlich Musik sehr, sehr viel bewirken kann, und f&#252;r jeden da ist, nicht nur f&#252;r die Auserw&#228;hlten. Musik ist ein Geschenk f&#252;r uns alle!\u201c. Das und vieles mehr erz&#228;hlt Max Castlunger im Interview. Mit dem \u201eHaydn-Orchester von Bozen und Trient\u201c f&#252;gte er erstmals seine neuartigen archaischen \u201eAlpentrommeln\u201c aus hohlen Baumst&#228;mmen und Hirschfell mit vielen anderen wunderbaren Kl&#228;ngen ins klassische Orchester ein. Die Komposition \u201eErdkl&#228;nge\u201c ist eine Aufnahme der RAI, f&#252;r \u201eMusik der Welt\u201c nun auch in BR-KLASSIK. Eine Sendung von Friederike Haupt<\/p>\n<p>&nbsp;<\/p>\n<div class=\"shariff shariff-align-left shariff-widget-align-left\" style=\"display:none\"><div class=\"ShariffHeadline\"> <\/div><ul class=\"shariff-buttons theme-default orientation-horizontal buttonsize-small\"><li class=\"shariff-button mastodon shariff-nocustomcolor\" style=\"background-color:#563ACC\"><a href=\"https:\/\/s2f.kytta.dev\/?text=Neue%20Musik%20%2F%20Musikfeature%20%2F%20SoundArt%3A%20Die%20Radio-Woche%20vom%2002.11.%20bis%2008.11.2020 https%3A%2F%2Fblogs.nmz.de%2Fbadblog%2F2020%2F10%2F31%2Fneue-musik-musikfeature-soundart-die-radio-woche-vom-02-11-bis-08-11-2020%2F\" title=\"Bei Mastodon teilen\" aria-label=\"Bei Mastodon teilen\" role=\"button\" rel=\"noopener nofollow\" class=\"shariff-link\" style=\"; background-color:#6364FF; color:#fff\" target=\"_blank\"><span class=\"shariff-icon\" style=\"\"><svg width=\"75\" height=\"79\" viewBox=\"0 0 75 79\" fill=\"none\" xmlns=\"http:\/\/www.w3.org\/2000\/svg\"><path d=\"M37.813-.025C32.462-.058 27.114.13 21.79.598c-8.544.621-17.214 5.58-20.203 13.931C-1.12 23.318.408 32.622.465 41.65c.375 7.316.943 14.78 3.392 21.73 4.365 9.465 14.781 14.537 24.782 15.385 7.64.698 15.761-.213 22.517-4.026a54.1 54.1 0 0 0 .01-6.232c-6.855 1.316-14.101 2.609-21.049 1.074-3.883-.88-6.876-4.237-7.25-8.215-1.53-3.988 3.78-.43 5.584-.883 9.048 1.224 18.282.776 27.303-.462 7.044-.837 14.26-4.788 16.65-11.833 2.263-6.135 1.215-12.79 1.698-19.177.06-3.84.09-7.692-.262-11.52C72.596 7.844 63.223.981 53.834.684a219.453 219.453 0 0 0-16.022-.71zm11.294 12.882c5.5-.067 10.801 4.143 11.67 9.653.338 1.48.471 3 .471 4.515v21.088h-8.357c-.07-7.588.153-15.182-.131-22.765-.587-4.368-7.04-5.747-9.672-2.397-2.422 3.04-1.47 7.155-1.67 10.735v6.392h-8.307c-.146-4.996.359-10.045-.404-15.002-1.108-4.218-7.809-5.565-10.094-1.666-1.685 3.046-.712 6.634-.976 9.936v14.767h-8.354c.109-8.165-.238-16.344.215-24.5.674-5.346 5.095-10.389 10.676-10.627 4.902-.739 10.103 2.038 12.053 6.631.375 1.435 1.76 1.932 1.994.084 1.844-3.704 5.501-6.739 9.785-6.771.367-.044.735-.068 1.101-.073z\"\/><defs><linearGradient id=\"paint0_linear_549_34\" x1=\"37.0692\" y1=\"0\" x2=\"37.0692\" y2=\"79\" gradientUnits=\"userSpaceOnUse\"><stop stop-color=\"#6364FF\"\/><stop offset=\"1\" stop-color=\"#563ACC\"\/><\/linearGradient><\/defs><\/svg><\/span><span class=\"shariff-text\">teilen<\/span>&nbsp;<\/a><\/li><li class=\"shariff-button bluesky shariff-nocustomcolor\" style=\"background-color:#84c4ff\"><a href=\"https:\/\/bsky.app\/intent\/compose?text=Neue%20Musik%20%2F%20Musikfeature%20%2F%20SoundArt%3A%20Die%20Radio-Woche%20vom%2002.11.%20bis%2008.11.2020 https%3A%2F%2Fblogs.nmz.de%2Fbadblog%2F2020%2F10%2F31%2Fneue-musik-musikfeature-soundart-die-radio-woche-vom-02-11-bis-08-11-2020%2F \" title=\"Bei Bluesky teilen\" aria-label=\"Bei Bluesky teilen\" role=\"button\" rel=\"noopener nofollow\" class=\"shariff-link\" style=\"; background-color:#0085ff; color:#fff\" target=\"_blank\"><span class=\"shariff-icon\" style=\"\"><svg width=\"20\" height=\"20\" version=\"1.1\" xmlns=\"http:\/\/www.w3.org\/2000\/svg\" viewBox=\"0 0 20 20\"><path class=\"st0\" d=\"M4.89,3.12c2.07,1.55,4.3,4.71,5.11,6.4.82-1.69,3.04-4.84,5.11-6.4,1.49-1.12,3.91-1.99,3.91.77,0,.55-.32,4.63-.5,5.3-.64,2.3-2.99,2.89-5.08,2.54,3.65.62,4.58,2.68,2.57,4.74-3.81,3.91-5.48-.98-5.9-2.23-.08-.23-.11-.34-.12-.25,0-.09-.04.02-.12.25-.43,1.25-2.09,6.14-5.9,2.23-2.01-2.06-1.08-4.12,2.57-4.74-2.09.36-4.44-.23-5.08-2.54-.19-.66-.5-4.74-.5-5.3,0-2.76,2.42-1.89,3.91-.77h0Z\"\/><\/svg><\/span><span class=\"shariff-text\">teilen<\/span>&nbsp;<\/a><\/li><li class=\"shariff-button facebook shariff-nocustomcolor\" style=\"background-color:#4273c8\"><a href=\"https:\/\/www.facebook.com\/sharer\/sharer.php?u=https%3A%2F%2Fblogs.nmz.de%2Fbadblog%2F2020%2F10%2F31%2Fneue-musik-musikfeature-soundart-die-radio-woche-vom-02-11-bis-08-11-2020%2F\" title=\"Bei Facebook teilen\" aria-label=\"Bei Facebook teilen\" role=\"button\" rel=\"nofollow\" class=\"shariff-link\" style=\"; background-color:#3b5998; color:#fff\" target=\"_blank\"><span class=\"shariff-icon\" style=\"\"><svg width=\"32px\" height=\"20px\" xmlns=\"http:\/\/www.w3.org\/2000\/svg\" viewBox=\"0 0 18 32\"><path fill=\"#3b5998\" d=\"M17.1 0.2v4.7h-2.8q-1.5 0-2.1 0.6t-0.5 1.9v3.4h5.2l-0.7 5.3h-4.5v13.6h-5.5v-13.6h-4.5v-5.3h4.5v-3.9q0-3.3 1.9-5.2t5-1.8q2.6 0 4.1 0.2z\"\/><\/svg><\/span><span class=\"shariff-text\">teilen<\/span>&nbsp;<\/a><\/li><li class=\"shariff-button threema shariff-nocustomcolor shariff-mobile\" style=\"background-color:#4fbc24\"><a href=\"threema:\/\/compose?text=Neue%20Musik%20%2F%20Musikfeature%20%2F%20SoundArt%3A%20Die%20Radio-Woche%20vom%2002.11.%20bis%2008.11.2020%20https%3A%2F%2Fblogs.nmz.de%2Fbadblog%2F2020%2F10%2F31%2Fneue-musik-musikfeature-soundart-die-radio-woche-vom-02-11-bis-08-11-2020%2F\" title=\"Bei Threema teilen\" aria-label=\"Bei Threema teilen\" role=\"button\" rel=\"noopener nofollow\" class=\"shariff-link\" style=\"; background-color:#1f1f1f; color:#fff\" target=\"_blank\"><span class=\"shariff-icon\" style=\"\"><svg width=\"32px\" height=\"20px\" xmlns=\"http:\/\/www.w3.org\/2000\/svg\" viewBox=\"0 0 32 32\"><path fill=\"#1f1f1f\" d=\"M30.8 10.9c-0.3-1.4-0.9-2.6-1.8-3.8-2-2.6-5.5-4.5-9.4-5.2-1.3-0.2-1.9-0.3-3.5-0.3s-2.2 0-3.5 0.3c-4 0.7-7.4 2.6-9.4 5.2-0.9 1.2-1.5 2.4-1.8 3.8-0.1 0.5-0.2 1.2-0.2 1.6 0 0.4 0.1 1.1 0.2 1.6 0.4 1.9 1.3 3.4 2.9 5 0.8 0.8 0.8 0.8 0.7 1.3 0 0.6-0.5 1.6-1.7 3.6-0.3 0.5-0.5 0.9-0.5 0.9 0 0.1 0.1 0.1 0.5 0 0.8-0.2 2.3-0.6 5.6-1.6 1.1-0.3 1.3-0.4 2.3-0.4 0.8 0 1.1 0 2.3 0.2 1.5 0.2 3.5 0.2 4.9 0 5.1-0.6 9.3-2.9 11.4-6.3 0.5-0.9 0.9-1.8 1.1-2.8 0.1-0.5 0.2-1.1 0.2-1.6 0-0.7-0.1-1.1-0.2-1.6-0.3-1.4 0.1 0.5 0 0zM20.6 17.3c0 0.4-0.4 0.8-0.8 0.8h-7.7c-0.4 0-0.8-0.4-0.8-0.8v-4.6c0-0.4 0.4-0.8 0.8-0.8h0.2l0-1.6c0-0.9 0-1.8 0.1-2 0.1-0.6 0.6-1.2 1.1-1.7s1.1-0.7 1.9-0.8c1.8-0.3 3.7 0.7 4.2 2.2 0.1 0.3 0.1 0.7 0.1 2.1v0 1.7h0.1c0.4 0 0.8 0.4 0.8 0.8v4.6zM15.6 7.3c-0.5 0.1-0.8 0.3-1.2 0.6s-0.6 0.8-0.7 1.3c0 0.2 0 0.8 0 1.5l0 1.2h4.6v-1.3c0-1 0-1.4-0.1-1.6-0.3-1.1-1.5-1.9-2.6-1.7zM25.8 28.2c0 1.2-1 2.2-2.1 2.2s-2.1-1-2.1-2.1c0-1.2 1-2.1 2.2-2.1s2.2 1 2.2 2.2zM18.1 28.2c0 1.2-1 2.2-2.1 2.2s-2.1-1-2.1-2.1c0-1.2 1-2.1 2.2-2.1s2.2 1 2.2 2.2zM10.4 28.2c0 1.2-1 2.2-2.1 2.2s-2.1-1-2.1-2.1c0-1.2 1-2.1 2.2-2.1s2.2 1 2.2 2.2z\"\/><\/svg><\/span><span class=\"shariff-text\">teilen<\/span>&nbsp;<\/a><\/li><li class=\"shariff-button linkedin shariff-nocustomcolor\" style=\"background-color:#1488bf\"><a href=\"https:\/\/www.linkedin.com\/sharing\/share-offsite\/?url=https%3A%2F%2Fblogs.nmz.de%2Fbadblog%2F2020%2F10%2F31%2Fneue-musik-musikfeature-soundart-die-radio-woche-vom-02-11-bis-08-11-2020%2F\" title=\"Bei LinkedIn teilen\" aria-label=\"Bei LinkedIn teilen\" role=\"button\" rel=\"noopener nofollow\" class=\"shariff-link\" style=\"; background-color:#0077b5; color:#fff\" target=\"_blank\"><span class=\"shariff-icon\" style=\"\"><svg width=\"32px\" height=\"20px\" xmlns=\"http:\/\/www.w3.org\/2000\/svg\" viewBox=\"0 0 27 32\"><path fill=\"#0077b5\" d=\"M6.2 11.2v17.7h-5.9v-17.7h5.9zM6.6 5.7q0 1.3-0.9 2.2t-2.4 0.9h0q-1.5 0-2.4-0.9t-0.9-2.2 0.9-2.2 2.4-0.9 2.4 0.9 0.9 2.2zM27.4 18.7v10.1h-5.9v-9.5q0-1.9-0.7-2.9t-2.3-1.1q-1.1 0-1.9 0.6t-1.2 1.5q-0.2 0.5-0.2 1.4v9.9h-5.9q0-7.1 0-11.6t0-5.3l0-0.9h5.9v2.6h0q0.4-0.6 0.7-1t1-0.9 1.6-0.8 2-0.3q3 0 4.9 2t1.9 6z\"\/><\/svg><\/span><span class=\"shariff-text\">teilen<\/span>&nbsp;<\/a><\/li><li class=\"shariff-button info shariff-nocustomcolor\" style=\"background-color:#eee\"><a href=\"http:\/\/ct.de\/-2467514\" title=\"Weitere Informationen\" aria-label=\"Weitere Informationen\" role=\"button\" rel=\"noopener \" class=\"shariff-link\" style=\"; background-color:#fff; color:#fff\" target=\"_blank\"><span class=\"shariff-icon\" style=\"\"><svg width=\"32px\" height=\"20px\" xmlns=\"http:\/\/www.w3.org\/2000\/svg\" viewBox=\"0 0 11 32\"><path fill=\"#999\" d=\"M11.4 24v2.3q0 0.5-0.3 0.8t-0.8 0.4h-9.1q-0.5 0-0.8-0.4t-0.4-0.8v-2.3q0-0.5 0.4-0.8t0.8-0.4h1.1v-6.8h-1.1q-0.5 0-0.8-0.4t-0.4-0.8v-2.3q0-0.5 0.4-0.8t0.8-0.4h6.8q0.5 0 0.8 0.4t0.4 0.8v10.3h1.1q0.5 0 0.8 0.4t0.3 0.8zM9.2 3.4v3.4q0 0.5-0.4 0.8t-0.8 0.4h-4.6q-0.4 0-0.8-0.4t-0.4-0.8v-3.4q0-0.4 0.4-0.8t0.8-0.4h4.6q0.5 0 0.8 0.4t0.4 0.8z\"\/><\/svg><\/span><\/a><\/li><\/ul><\/div>","protected":false},"excerpt":{"rendered":"<p>Neue Musik und Musikfeatures in der Kalenderwoche 45. Patch Work Ensembles | Achse der Avantgarde der Musik nach Syrien | Zum 25. Todestag von Isang Yun | Allegro procrastinato | Pianist Walter Gieseking | 80. Geburtstag des Komponisten Dieter Acker | Luigi Nonos Streichquartett | Musikfest Berlin | Komponist und&#46;&#46;&#46;<\/p>\n<div class=\"shariff shariff-align-left shariff-widget-align-left\" style=\"display:none\"><div class=\"ShariffHeadline\"> <\/div><ul class=\"shariff-buttons theme-default orientation-horizontal buttonsize-small\"><li class=\"shariff-button mastodon shariff-nocustomcolor\" style=\"background-color:#563ACC\"><a href=\"https:\/\/s2f.kytta.dev\/?text=Neue%20Musik%20%2F%20Musikfeature%20%2F%20SoundArt%3A%20Die%20Radio-Woche%20vom%2002.11.%20bis%2008.11.2020 https%3A%2F%2Fblogs.nmz.de%2Fbadblog%2F2020%2F10%2F31%2Fneue-musik-musikfeature-soundart-die-radio-woche-vom-02-11-bis-08-11-2020%2F\" title=\"Bei Mastodon teilen\" aria-label=\"Bei Mastodon teilen\" role=\"button\" rel=\"noopener nofollow\" class=\"shariff-link\" style=\"; background-color:#6364FF; color:#fff\" target=\"_blank\"><span class=\"shariff-icon\" style=\"\"><svg width=\"75\" height=\"79\" viewBox=\"0 0 75 79\" fill=\"none\" xmlns=\"http:\/\/www.w3.org\/2000\/svg\"><path d=\"M37.813-.025C32.462-.058 27.114.13 21.79.598c-8.544.621-17.214 5.58-20.203 13.931C-1.12 23.318.408 32.622.465 41.65c.375 7.316.943 14.78 3.392 21.73 4.365 9.465 14.781 14.537 24.782 15.385 7.64.698 15.761-.213 22.517-4.026a54.1 54.1 0 0 0 .01-6.232c-6.855 1.316-14.101 2.609-21.049 1.074-3.883-.88-6.876-4.237-7.25-8.215-1.53-3.988 3.78-.43 5.584-.883 9.048 1.224 18.282.776 27.303-.462 7.044-.837 14.26-4.788 16.65-11.833 2.263-6.135 1.215-12.79 1.698-19.177.06-3.84.09-7.692-.262-11.52C72.596 7.844 63.223.981 53.834.684a219.453 219.453 0 0 0-16.022-.71zm11.294 12.882c5.5-.067 10.801 4.143 11.67 9.653.338 1.48.471 3 .471 4.515v21.088h-8.357c-.07-7.588.153-15.182-.131-22.765-.587-4.368-7.04-5.747-9.672-2.397-2.422 3.04-1.47 7.155-1.67 10.735v6.392h-8.307c-.146-4.996.359-10.045-.404-15.002-1.108-4.218-7.809-5.565-10.094-1.666-1.685 3.046-.712 6.634-.976 9.936v14.767h-8.354c.109-8.165-.238-16.344.215-24.5.674-5.346 5.095-10.389 10.676-10.627 4.902-.739 10.103 2.038 12.053 6.631.375 1.435 1.76 1.932 1.994.084 1.844-3.704 5.501-6.739 9.785-6.771.367-.044.735-.068 1.101-.073z\"\/><defs><linearGradient id=\"paint0_linear_549_34\" x1=\"37.0692\" y1=\"0\" x2=\"37.0692\" y2=\"79\" gradientUnits=\"userSpaceOnUse\"><stop stop-color=\"#6364FF\"\/><stop offset=\"1\" stop-color=\"#563ACC\"\/><\/linearGradient><\/defs><\/svg><\/span><span class=\"shariff-text\">teilen<\/span>&nbsp;<\/a><\/li><li class=\"shariff-button bluesky shariff-nocustomcolor\" style=\"background-color:#84c4ff\"><a href=\"https:\/\/bsky.app\/intent\/compose?text=Neue%20Musik%20%2F%20Musikfeature%20%2F%20SoundArt%3A%20Die%20Radio-Woche%20vom%2002.11.%20bis%2008.11.2020 https%3A%2F%2Fblogs.nmz.de%2Fbadblog%2F2020%2F10%2F31%2Fneue-musik-musikfeature-soundart-die-radio-woche-vom-02-11-bis-08-11-2020%2F \" title=\"Bei Bluesky teilen\" aria-label=\"Bei Bluesky teilen\" role=\"button\" rel=\"noopener nofollow\" class=\"shariff-link\" style=\"; background-color:#0085ff; color:#fff\" target=\"_blank\"><span class=\"shariff-icon\" style=\"\"><svg width=\"20\" height=\"20\" version=\"1.1\" xmlns=\"http:\/\/www.w3.org\/2000\/svg\" viewBox=\"0 0 20 20\"><path class=\"st0\" d=\"M4.89,3.12c2.07,1.55,4.3,4.71,5.11,6.4.82-1.69,3.04-4.84,5.11-6.4,1.49-1.12,3.91-1.99,3.91.77,0,.55-.32,4.63-.5,5.3-.64,2.3-2.99,2.89-5.08,2.54,3.65.62,4.58,2.68,2.57,4.74-3.81,3.91-5.48-.98-5.9-2.23-.08-.23-.11-.34-.12-.25,0-.09-.04.02-.12.25-.43,1.25-2.09,6.14-5.9,2.23-2.01-2.06-1.08-4.12,2.57-4.74-2.09.36-4.44-.23-5.08-2.54-.19-.66-.5-4.74-.5-5.3,0-2.76,2.42-1.89,3.91-.77h0Z\"\/><\/svg><\/span><span class=\"shariff-text\">teilen<\/span>&nbsp;<\/a><\/li><li class=\"shariff-button facebook shariff-nocustomcolor\" style=\"background-color:#4273c8\"><a href=\"https:\/\/www.facebook.com\/sharer\/sharer.php?u=https%3A%2F%2Fblogs.nmz.de%2Fbadblog%2F2020%2F10%2F31%2Fneue-musik-musikfeature-soundart-die-radio-woche-vom-02-11-bis-08-11-2020%2F\" title=\"Bei Facebook teilen\" aria-label=\"Bei Facebook teilen\" role=\"button\" rel=\"nofollow\" class=\"shariff-link\" style=\"; background-color:#3b5998; color:#fff\" target=\"_blank\"><span class=\"shariff-icon\" style=\"\"><svg width=\"32px\" height=\"20px\" xmlns=\"http:\/\/www.w3.org\/2000\/svg\" viewBox=\"0 0 18 32\"><path fill=\"#3b5998\" d=\"M17.1 0.2v4.7h-2.8q-1.5 0-2.1 0.6t-0.5 1.9v3.4h5.2l-0.7 5.3h-4.5v13.6h-5.5v-13.6h-4.5v-5.3h4.5v-3.9q0-3.3 1.9-5.2t5-1.8q2.6 0 4.1 0.2z\"\/><\/svg><\/span><span class=\"shariff-text\">teilen<\/span>&nbsp;<\/a><\/li><li class=\"shariff-button threema shariff-nocustomcolor shariff-mobile\" style=\"background-color:#4fbc24\"><a href=\"threema:\/\/compose?text=Neue%20Musik%20%2F%20Musikfeature%20%2F%20SoundArt%3A%20Die%20Radio-Woche%20vom%2002.11.%20bis%2008.11.2020%20https%3A%2F%2Fblogs.nmz.de%2Fbadblog%2F2020%2F10%2F31%2Fneue-musik-musikfeature-soundart-die-radio-woche-vom-02-11-bis-08-11-2020%2F\" title=\"Bei Threema teilen\" aria-label=\"Bei Threema teilen\" role=\"button\" rel=\"noopener nofollow\" class=\"shariff-link\" style=\"; background-color:#1f1f1f; color:#fff\" target=\"_blank\"><span class=\"shariff-icon\" style=\"\"><svg width=\"32px\" height=\"20px\" xmlns=\"http:\/\/www.w3.org\/2000\/svg\" viewBox=\"0 0 32 32\"><path fill=\"#1f1f1f\" d=\"M30.8 10.9c-0.3-1.4-0.9-2.6-1.8-3.8-2-2.6-5.5-4.5-9.4-5.2-1.3-0.2-1.9-0.3-3.5-0.3s-2.2 0-3.5 0.3c-4 0.7-7.4 2.6-9.4 5.2-0.9 1.2-1.5 2.4-1.8 3.8-0.1 0.5-0.2 1.2-0.2 1.6 0 0.4 0.1 1.1 0.2 1.6 0.4 1.9 1.3 3.4 2.9 5 0.8 0.8 0.8 0.8 0.7 1.3 0 0.6-0.5 1.6-1.7 3.6-0.3 0.5-0.5 0.9-0.5 0.9 0 0.1 0.1 0.1 0.5 0 0.8-0.2 2.3-0.6 5.6-1.6 1.1-0.3 1.3-0.4 2.3-0.4 0.8 0 1.1 0 2.3 0.2 1.5 0.2 3.5 0.2 4.9 0 5.1-0.6 9.3-2.9 11.4-6.3 0.5-0.9 0.9-1.8 1.1-2.8 0.1-0.5 0.2-1.1 0.2-1.6 0-0.7-0.1-1.1-0.2-1.6-0.3-1.4 0.1 0.5 0 0zM20.6 17.3c0 0.4-0.4 0.8-0.8 0.8h-7.7c-0.4 0-0.8-0.4-0.8-0.8v-4.6c0-0.4 0.4-0.8 0.8-0.8h0.2l0-1.6c0-0.9 0-1.8 0.1-2 0.1-0.6 0.6-1.2 1.1-1.7s1.1-0.7 1.9-0.8c1.8-0.3 3.7 0.7 4.2 2.2 0.1 0.3 0.1 0.7 0.1 2.1v0 1.7h0.1c0.4 0 0.8 0.4 0.8 0.8v4.6zM15.6 7.3c-0.5 0.1-0.8 0.3-1.2 0.6s-0.6 0.8-0.7 1.3c0 0.2 0 0.8 0 1.5l0 1.2h4.6v-1.3c0-1 0-1.4-0.1-1.6-0.3-1.1-1.5-1.9-2.6-1.7zM25.8 28.2c0 1.2-1 2.2-2.1 2.2s-2.1-1-2.1-2.1c0-1.2 1-2.1 2.2-2.1s2.2 1 2.2 2.2zM18.1 28.2c0 1.2-1 2.2-2.1 2.2s-2.1-1-2.1-2.1c0-1.2 1-2.1 2.2-2.1s2.2 1 2.2 2.2zM10.4 28.2c0 1.2-1 2.2-2.1 2.2s-2.1-1-2.1-2.1c0-1.2 1-2.1 2.2-2.1s2.2 1 2.2 2.2z\"\/><\/svg><\/span><span class=\"shariff-text\">teilen<\/span>&nbsp;<\/a><\/li><li class=\"shariff-button linkedin shariff-nocustomcolor\" style=\"background-color:#1488bf\"><a href=\"https:\/\/www.linkedin.com\/sharing\/share-offsite\/?url=https%3A%2F%2Fblogs.nmz.de%2Fbadblog%2F2020%2F10%2F31%2Fneue-musik-musikfeature-soundart-die-radio-woche-vom-02-11-bis-08-11-2020%2F\" title=\"Bei LinkedIn teilen\" aria-label=\"Bei LinkedIn teilen\" role=\"button\" rel=\"noopener nofollow\" class=\"shariff-link\" style=\"; background-color:#0077b5; color:#fff\" target=\"_blank\"><span class=\"shariff-icon\" style=\"\"><svg width=\"32px\" height=\"20px\" xmlns=\"http:\/\/www.w3.org\/2000\/svg\" viewBox=\"0 0 27 32\"><path fill=\"#0077b5\" d=\"M6.2 11.2v17.7h-5.9v-17.7h5.9zM6.6 5.7q0 1.3-0.9 2.2t-2.4 0.9h0q-1.5 0-2.4-0.9t-0.9-2.2 0.9-2.2 2.4-0.9 2.4 0.9 0.9 2.2zM27.4 18.7v10.1h-5.9v-9.5q0-1.9-0.7-2.9t-2.3-1.1q-1.1 0-1.9 0.6t-1.2 1.5q-0.2 0.5-0.2 1.4v9.9h-5.9q0-7.1 0-11.6t0-5.3l0-0.9h5.9v2.6h0q0.4-0.6 0.7-1t1-0.9 1.6-0.8 2-0.3q3 0 4.9 2t1.9 6z\"\/><\/svg><\/span><span class=\"shariff-text\">teilen<\/span>&nbsp;<\/a><\/li><li class=\"shariff-button info shariff-nocustomcolor\" style=\"background-color:#eee\"><a href=\"http:\/\/ct.de\/-2467514\" title=\"Weitere Informationen\" aria-label=\"Weitere Informationen\" role=\"button\" rel=\"noopener \" class=\"shariff-link\" style=\"; background-color:#fff; color:#fff\" target=\"_blank\"><span class=\"shariff-icon\" style=\"\"><svg width=\"32px\" height=\"20px\" xmlns=\"http:\/\/www.w3.org\/2000\/svg\" viewBox=\"0 0 11 32\"><path fill=\"#999\" d=\"M11.4 24v2.3q0 0.5-0.3 0.8t-0.8 0.4h-9.1q-0.5 0-0.8-0.4t-0.4-0.8v-2.3q0-0.5 0.4-0.8t0.8-0.4h1.1v-6.8h-1.1q-0.5 0-0.8-0.4t-0.4-0.8v-2.3q0-0.5 0.4-0.8t0.8-0.4h6.8q0.5 0 0.8 0.4t0.4 0.8v10.3h1.1q0.5 0 0.8 0.4t0.3 0.8zM9.2 3.4v3.4q0 0.5-0.4 0.8t-0.8 0.4h-4.6q-0.4 0-0.8-0.4t-0.4-0.8v-3.4q0-0.4 0.4-0.8t0.8-0.4h4.6q0.5 0 0.8 0.4t0.4 0.8z\"\/><\/svg><\/span><\/a><\/li><\/ul><\/div>","protected":false},"author":1,"featured_media":14800,"comment_status":"open","ping_status":"open","sticky":false,"template":"","format":"standard","meta":{"jetpack_post_was_ever_published":false,"_jetpack_newsletter_access":"","_jetpack_dont_email_post_to_subs":false,"_jetpack_newsletter_tier_id":0,"_jetpack_memberships_contains_paywalled_content":false,"_jetpack_memberships_contains_paid_content":false,"footnotes":""},"categories":[2892,14853],"tags":[14876],"class_list":["post-23224","post","type-post","status-publish","format-standard","has-post-thumbnail","hentry","category-deutsch","category-radiomedien","tag-neue-musik-im-radio"],"yoast_head":"<!-- This site is optimized with the Yoast SEO plugin v27.5 - https:\/\/yoast.com\/product\/yoast-seo-wordpress\/ -->\n<title>Neue Musik \/ Musikfeature \/ SoundArt: Die Radio-Woche vom 02.11. bis 08.11.2020 &#8211; Bad Blog Of Musick - nmz Klassik-Blog<\/title>\n<meta name=\"description\" content=\"Bad Blog Of Musick \u2013 Ein Klassik-Blog und das wahrscheinlich bedeutendste Musik-Blog zur zeitgen\u00f6ssischen und klassischen Musikkultur\" \/>\n<meta name=\"robots\" content=\"index, follow, max-snippet:-1, max-image-preview:large, max-video-preview:-1\" \/>\n<link rel=\"canonical\" href=\"https:\/\/blogs.nmz.de\/badblog\/2020\/10\/31\/neue-musik-musikfeature-soundart-die-radio-woche-vom-02-11-bis-08-11-2020\/\" \/>\n<meta property=\"og:locale\" content=\"de_DE\" \/>\n<meta property=\"og:type\" content=\"article\" \/>\n<meta property=\"og:title\" content=\"Neue Musik \/ Musikfeature \/ SoundArt: Die Radio-Woche vom 02.11. bis 08.11.2020 &#8211; Bad Blog Of Musick - nmz Klassik-Blog\" \/>\n<meta property=\"og:description\" content=\"Bad Blog Of Musick \u2013 Ein Klassik-Blog und das wahrscheinlich bedeutendste Musik-Blog zur zeitgen\u00f6ssischen und klassischen Musikkultur\" \/>\n<meta property=\"og:url\" content=\"https:\/\/blogs.nmz.de\/badblog\/2020\/10\/31\/neue-musik-musikfeature-soundart-die-radio-woche-vom-02-11-bis-08-11-2020\/\" \/>\n<meta property=\"og:site_name\" content=\"Bad Blog Of Musick\" \/>\n<meta property=\"article:publisher\" content=\"https:\/\/www.facebook.com\/musikzeitung\" \/>\n<meta property=\"article:author\" content=\"http:\/\/www.facebook.com\/hufner\" \/>\n<meta property=\"article:published_time\" content=\"2020-10-31T17:00:17+00:00\" \/>\n<meta property=\"og:image\" content=\"https:\/\/blogs.nmz.de\/badblog\/files\/2017\/02\/huf-np-radio-musik-final.jpg\" \/>\n\t<meta property=\"og:image:width\" content=\"2048\" \/>\n\t<meta property=\"og:image:height\" content=\"1536\" \/>\n\t<meta property=\"og:image:type\" content=\"image\/jpeg\" \/>\n<meta name=\"author\" content=\"Martin Hufner\" \/>\n<meta name=\"twitter:card\" content=\"summary_large_image\" \/>\n<meta name=\"twitter:creator\" content=\"@huflaikhan\" \/>\n<meta name=\"twitter:site\" content=\"@musikzeitung\" \/>\n<meta name=\"twitter:label1\" content=\"Verfasst von\" \/>\n\t<meta name=\"twitter:data1\" content=\"Martin Hufner\" \/>\n\t<meta name=\"twitter:label2\" content=\"Gesch\u00e4tzte Lesezeit\" \/>\n\t<meta name=\"twitter:data2\" content=\"21\u00a0Minuten\" \/>\n<script type=\"application\/ld+json\" class=\"yoast-schema-graph\">{\"@context\":\"https:\\\/\\\/schema.org\",\"@graph\":[{\"@type\":\"Article\",\"@id\":\"https:\\\/\\\/blogs.nmz.de\\\/badblog\\\/2020\\\/10\\\/31\\\/neue-musik-musikfeature-soundart-die-radio-woche-vom-02-11-bis-08-11-2020\\\/#article\",\"isPartOf\":{\"@id\":\"https:\\\/\\\/blogs.nmz.de\\\/badblog\\\/2020\\\/10\\\/31\\\/neue-musik-musikfeature-soundart-die-radio-woche-vom-02-11-bis-08-11-2020\\\/\"},\"author\":{\"name\":\"Martin Hufner\",\"@id\":\"https:\\\/\\\/blogs.nmz.de\\\/badblog\\\/#\\\/schema\\\/person\\\/488a80049cf0bbc4cce99951ae91c3b9\"},\"headline\":\"Neue Musik \\\/ Musikfeature \\\/ SoundArt: Die Radio-Woche vom 02.11. bis 08.11.2020\",\"datePublished\":\"2020-10-31T17:00:17+00:00\",\"mainEntityOfPage\":{\"@id\":\"https:\\\/\\\/blogs.nmz.de\\\/badblog\\\/2020\\\/10\\\/31\\\/neue-musik-musikfeature-soundart-die-radio-woche-vom-02-11-bis-08-11-2020\\\/\"},\"wordCount\":4204,\"commentCount\":0,\"publisher\":{\"@id\":\"https:\\\/\\\/blogs.nmz.de\\\/badblog\\\/#organization\"},\"image\":{\"@id\":\"https:\\\/\\\/blogs.nmz.de\\\/badblog\\\/2020\\\/10\\\/31\\\/neue-musik-musikfeature-soundart-die-radio-woche-vom-02-11-bis-08-11-2020\\\/#primaryimage\"},\"thumbnailUrl\":\"https:\\\/\\\/i0.wp.com\\\/blogs.nmz.de\\\/badblog\\\/files\\\/2017\\\/02\\\/huf-np-radio-musik-final.jpg?fit=2048%2C1536&ssl=1\",\"keywords\":[\"Neue Musik im Radio\"],\"articleSection\":[\"Deutsch\",\"Radio\\\/Medien\"],\"inLanguage\":\"de\",\"potentialAction\":[{\"@type\":\"CommentAction\",\"name\":\"Comment\",\"target\":[\"https:\\\/\\\/blogs.nmz.de\\\/badblog\\\/2020\\\/10\\\/31\\\/neue-musik-musikfeature-soundart-die-radio-woche-vom-02-11-bis-08-11-2020\\\/#respond\"]}]},{\"@type\":\"WebPage\",\"@id\":\"https:\\\/\\\/blogs.nmz.de\\\/badblog\\\/2020\\\/10\\\/31\\\/neue-musik-musikfeature-soundart-die-radio-woche-vom-02-11-bis-08-11-2020\\\/\",\"url\":\"https:\\\/\\\/blogs.nmz.de\\\/badblog\\\/2020\\\/10\\\/31\\\/neue-musik-musikfeature-soundart-die-radio-woche-vom-02-11-bis-08-11-2020\\\/\",\"name\":\"Neue Musik \\\/ Musikfeature \\\/ SoundArt: Die Radio-Woche vom 02.11. bis 08.11.2020 &#8211; Bad Blog Of Musick - nmz Klassik-Blog\",\"isPartOf\":{\"@id\":\"https:\\\/\\\/blogs.nmz.de\\\/badblog\\\/#website\"},\"primaryImageOfPage\":{\"@id\":\"https:\\\/\\\/blogs.nmz.de\\\/badblog\\\/2020\\\/10\\\/31\\\/neue-musik-musikfeature-soundart-die-radio-woche-vom-02-11-bis-08-11-2020\\\/#primaryimage\"},\"image\":{\"@id\":\"https:\\\/\\\/blogs.nmz.de\\\/badblog\\\/2020\\\/10\\\/31\\\/neue-musik-musikfeature-soundart-die-radio-woche-vom-02-11-bis-08-11-2020\\\/#primaryimage\"},\"thumbnailUrl\":\"https:\\\/\\\/i0.wp.com\\\/blogs.nmz.de\\\/badblog\\\/files\\\/2017\\\/02\\\/huf-np-radio-musik-final.jpg?fit=2048%2C1536&ssl=1\",\"datePublished\":\"2020-10-31T17:00:17+00:00\",\"description\":\"Bad Blog Of Musick \u2013 Ein Klassik-Blog und das wahrscheinlich bedeutendste Musik-Blog zur zeitgen\u00f6ssischen und klassischen Musikkultur\",\"breadcrumb\":{\"@id\":\"https:\\\/\\\/blogs.nmz.de\\\/badblog\\\/2020\\\/10\\\/31\\\/neue-musik-musikfeature-soundart-die-radio-woche-vom-02-11-bis-08-11-2020\\\/#breadcrumb\"},\"inLanguage\":\"de\",\"potentialAction\":[{\"@type\":\"ReadAction\",\"target\":[\"https:\\\/\\\/blogs.nmz.de\\\/badblog\\\/2020\\\/10\\\/31\\\/neue-musik-musikfeature-soundart-die-radio-woche-vom-02-11-bis-08-11-2020\\\/\"]}]},{\"@type\":\"ImageObject\",\"inLanguage\":\"de\",\"@id\":\"https:\\\/\\\/blogs.nmz.de\\\/badblog\\\/2020\\\/10\\\/31\\\/neue-musik-musikfeature-soundart-die-radio-woche-vom-02-11-bis-08-11-2020\\\/#primaryimage\",\"url\":\"https:\\\/\\\/i0.wp.com\\\/blogs.nmz.de\\\/badblog\\\/files\\\/2017\\\/02\\\/huf-np-radio-musik-final.jpg?fit=2048%2C1536&ssl=1\",\"contentUrl\":\"https:\\\/\\\/i0.wp.com\\\/blogs.nmz.de\\\/badblog\\\/files\\\/2017\\\/02\\\/huf-np-radio-musik-final.jpg?fit=2048%2C1536&ssl=1\",\"width\":2048,\"height\":1536,\"caption\":\"Radio Neue Musik. Montage: Hufner\"},{\"@type\":\"BreadcrumbList\",\"@id\":\"https:\\\/\\\/blogs.nmz.de\\\/badblog\\\/2020\\\/10\\\/31\\\/neue-musik-musikfeature-soundart-die-radio-woche-vom-02-11-bis-08-11-2020\\\/#breadcrumb\",\"itemListElement\":[{\"@type\":\"ListItem\",\"position\":1,\"name\":\"Startseite\",\"item\":\"https:\\\/\\\/blogs.nmz.de\\\/badblog\\\/\"},{\"@type\":\"ListItem\",\"position\":2,\"name\":\"Neue Musik \\\/ Musikfeature \\\/ SoundArt: Die Radio-Woche vom 02.11. bis 08.11.2020\"}]},{\"@type\":\"WebSite\",\"@id\":\"https:\\\/\\\/blogs.nmz.de\\\/badblog\\\/#website\",\"url\":\"https:\\\/\\\/blogs.nmz.de\\\/badblog\\\/\",\"name\":\"Bad Blog Of Musick\",\"description\":\"Das bedeutendste Blog zur zeitgen\u00f6ssischen Musikkultur\",\"publisher\":{\"@id\":\"https:\\\/\\\/blogs.nmz.de\\\/badblog\\\/#organization\"},\"potentialAction\":[{\"@type\":\"SearchAction\",\"target\":{\"@type\":\"EntryPoint\",\"urlTemplate\":\"https:\\\/\\\/blogs.nmz.de\\\/badblog\\\/?s={search_term_string}\"},\"query-input\":{\"@type\":\"PropertyValueSpecification\",\"valueRequired\":true,\"valueName\":\"search_term_string\"}}],\"inLanguage\":\"de\"},{\"@type\":\"Organization\",\"@id\":\"https:\\\/\\\/blogs.nmz.de\\\/badblog\\\/#organization\",\"name\":\"Bad Blog Of Musick\",\"alternateName\":\"Ein Klassik-Blog zur Musik\",\"url\":\"https:\\\/\\\/blogs.nmz.de\\\/badblog\\\/\",\"logo\":{\"@type\":\"ImageObject\",\"inLanguage\":\"de\",\"@id\":\"https:\\\/\\\/blogs.nmz.de\\\/badblog\\\/#\\\/schema\\\/logo\\\/image\\\/\",\"url\":\"https:\\\/\\\/i0.wp.com\\\/blogs.nmz.de\\\/badblog\\\/files\\\/2016\\\/10\\\/badblog-logo1.png?fit=512%2C512&ssl=1\",\"contentUrl\":\"https:\\\/\\\/i0.wp.com\\\/blogs.nmz.de\\\/badblog\\\/files\\\/2016\\\/10\\\/badblog-logo1.png?fit=512%2C512&ssl=1\",\"width\":512,\"height\":512,\"caption\":\"Bad Blog Of Musick\"},\"image\":{\"@id\":\"https:\\\/\\\/blogs.nmz.de\\\/badblog\\\/#\\\/schema\\\/logo\\\/image\\\/\"},\"sameAs\":[\"https:\\\/\\\/www.facebook.com\\\/musikzeitung\",\"https:\\\/\\\/x.com\\\/musikzeitung\"]},{\"@type\":\"Person\",\"@id\":\"https:\\\/\\\/blogs.nmz.de\\\/badblog\\\/#\\\/schema\\\/person\\\/488a80049cf0bbc4cce99951ae91c3b9\",\"name\":\"Martin Hufner\",\"description\":\"seit 1997 chef\u00f6konom der kritischen masse und netzbabysitter der nmz.\",\"sameAs\":[\"https:\\\/\\\/www.musikkritik.org\",\"http:\\\/\\\/www.facebook.com\\\/hufner\",\"https:\\\/\\\/www.linkedin.com\\\/profile\\\/view?id=48050869&trk=spm_pic\",\"https:\\\/\\\/x.com\\\/huflaikhan\"],\"url\":\"https:\\\/\\\/blogs.nmz.de\\\/badblog\\\/author\\\/hufidufi\\\/\"}]}<\/script>\n<!-- \/ Yoast SEO plugin. -->","yoast_head_json":{"title":"Neue Musik \/ Musikfeature \/ SoundArt: Die Radio-Woche vom 02.11. bis 08.11.2020 &#8211; Bad Blog Of Musick - nmz Klassik-Blog","description":"Bad Blog Of Musick \u2013 Ein Klassik-Blog und das wahrscheinlich bedeutendste Musik-Blog zur zeitgen\u00f6ssischen und klassischen Musikkultur","robots":{"index":"index","follow":"follow","max-snippet":"max-snippet:-1","max-image-preview":"max-image-preview:large","max-video-preview":"max-video-preview:-1"},"canonical":"https:\/\/blogs.nmz.de\/badblog\/2020\/10\/31\/neue-musik-musikfeature-soundart-die-radio-woche-vom-02-11-bis-08-11-2020\/","og_locale":"de_DE","og_type":"article","og_title":"Neue Musik \/ Musikfeature \/ SoundArt: Die Radio-Woche vom 02.11. bis 08.11.2020 &#8211; Bad Blog Of Musick - nmz Klassik-Blog","og_description":"Bad Blog Of Musick \u2013 Ein Klassik-Blog und das wahrscheinlich bedeutendste Musik-Blog zur zeitgen\u00f6ssischen und klassischen Musikkultur","og_url":"https:\/\/blogs.nmz.de\/badblog\/2020\/10\/31\/neue-musik-musikfeature-soundart-die-radio-woche-vom-02-11-bis-08-11-2020\/","og_site_name":"Bad Blog Of Musick","article_publisher":"https:\/\/www.facebook.com\/musikzeitung","article_author":"http:\/\/www.facebook.com\/hufner","article_published_time":"2020-10-31T17:00:17+00:00","og_image":[{"width":2048,"height":1536,"url":"https:\/\/blogs.nmz.de\/badblog\/files\/2017\/02\/huf-np-radio-musik-final.jpg","type":"image\/jpeg"}],"author":"Martin Hufner","twitter_card":"summary_large_image","twitter_creator":"@huflaikhan","twitter_site":"@musikzeitung","twitter_misc":{"Verfasst von":"Martin Hufner","Gesch\u00e4tzte Lesezeit":"21\u00a0Minuten"},"schema":{"@context":"https:\/\/schema.org","@graph":[{"@type":"Article","@id":"https:\/\/blogs.nmz.de\/badblog\/2020\/10\/31\/neue-musik-musikfeature-soundart-die-radio-woche-vom-02-11-bis-08-11-2020\/#article","isPartOf":{"@id":"https:\/\/blogs.nmz.de\/badblog\/2020\/10\/31\/neue-musik-musikfeature-soundart-die-radio-woche-vom-02-11-bis-08-11-2020\/"},"author":{"name":"Martin Hufner","@id":"https:\/\/blogs.nmz.de\/badblog\/#\/schema\/person\/488a80049cf0bbc4cce99951ae91c3b9"},"headline":"Neue Musik \/ Musikfeature \/ SoundArt: Die Radio-Woche vom 02.11. bis 08.11.2020","datePublished":"2020-10-31T17:00:17+00:00","mainEntityOfPage":{"@id":"https:\/\/blogs.nmz.de\/badblog\/2020\/10\/31\/neue-musik-musikfeature-soundart-die-radio-woche-vom-02-11-bis-08-11-2020\/"},"wordCount":4204,"commentCount":0,"publisher":{"@id":"https:\/\/blogs.nmz.de\/badblog\/#organization"},"image":{"@id":"https:\/\/blogs.nmz.de\/badblog\/2020\/10\/31\/neue-musik-musikfeature-soundart-die-radio-woche-vom-02-11-bis-08-11-2020\/#primaryimage"},"thumbnailUrl":"https:\/\/i0.wp.com\/blogs.nmz.de\/badblog\/files\/2017\/02\/huf-np-radio-musik-final.jpg?fit=2048%2C1536&ssl=1","keywords":["Neue Musik im Radio"],"articleSection":["Deutsch","Radio\/Medien"],"inLanguage":"de","potentialAction":[{"@type":"CommentAction","name":"Comment","target":["https:\/\/blogs.nmz.de\/badblog\/2020\/10\/31\/neue-musik-musikfeature-soundart-die-radio-woche-vom-02-11-bis-08-11-2020\/#respond"]}]},{"@type":"WebPage","@id":"https:\/\/blogs.nmz.de\/badblog\/2020\/10\/31\/neue-musik-musikfeature-soundart-die-radio-woche-vom-02-11-bis-08-11-2020\/","url":"https:\/\/blogs.nmz.de\/badblog\/2020\/10\/31\/neue-musik-musikfeature-soundart-die-radio-woche-vom-02-11-bis-08-11-2020\/","name":"Neue Musik \/ Musikfeature \/ SoundArt: Die Radio-Woche vom 02.11. bis 08.11.2020 &#8211; Bad Blog Of Musick - nmz Klassik-Blog","isPartOf":{"@id":"https:\/\/blogs.nmz.de\/badblog\/#website"},"primaryImageOfPage":{"@id":"https:\/\/blogs.nmz.de\/badblog\/2020\/10\/31\/neue-musik-musikfeature-soundart-die-radio-woche-vom-02-11-bis-08-11-2020\/#primaryimage"},"image":{"@id":"https:\/\/blogs.nmz.de\/badblog\/2020\/10\/31\/neue-musik-musikfeature-soundart-die-radio-woche-vom-02-11-bis-08-11-2020\/#primaryimage"},"thumbnailUrl":"https:\/\/i0.wp.com\/blogs.nmz.de\/badblog\/files\/2017\/02\/huf-np-radio-musik-final.jpg?fit=2048%2C1536&ssl=1","datePublished":"2020-10-31T17:00:17+00:00","description":"Bad Blog Of Musick \u2013 Ein Klassik-Blog und das wahrscheinlich bedeutendste Musik-Blog zur zeitgen\u00f6ssischen und klassischen Musikkultur","breadcrumb":{"@id":"https:\/\/blogs.nmz.de\/badblog\/2020\/10\/31\/neue-musik-musikfeature-soundart-die-radio-woche-vom-02-11-bis-08-11-2020\/#breadcrumb"},"inLanguage":"de","potentialAction":[{"@type":"ReadAction","target":["https:\/\/blogs.nmz.de\/badblog\/2020\/10\/31\/neue-musik-musikfeature-soundart-die-radio-woche-vom-02-11-bis-08-11-2020\/"]}]},{"@type":"ImageObject","inLanguage":"de","@id":"https:\/\/blogs.nmz.de\/badblog\/2020\/10\/31\/neue-musik-musikfeature-soundart-die-radio-woche-vom-02-11-bis-08-11-2020\/#primaryimage","url":"https:\/\/i0.wp.com\/blogs.nmz.de\/badblog\/files\/2017\/02\/huf-np-radio-musik-final.jpg?fit=2048%2C1536&ssl=1","contentUrl":"https:\/\/i0.wp.com\/blogs.nmz.de\/badblog\/files\/2017\/02\/huf-np-radio-musik-final.jpg?fit=2048%2C1536&ssl=1","width":2048,"height":1536,"caption":"Radio Neue Musik. Montage: Hufner"},{"@type":"BreadcrumbList","@id":"https:\/\/blogs.nmz.de\/badblog\/2020\/10\/31\/neue-musik-musikfeature-soundart-die-radio-woche-vom-02-11-bis-08-11-2020\/#breadcrumb","itemListElement":[{"@type":"ListItem","position":1,"name":"Startseite","item":"https:\/\/blogs.nmz.de\/badblog\/"},{"@type":"ListItem","position":2,"name":"Neue Musik \/ Musikfeature \/ SoundArt: Die Radio-Woche vom 02.11. bis 08.11.2020"}]},{"@type":"WebSite","@id":"https:\/\/blogs.nmz.de\/badblog\/#website","url":"https:\/\/blogs.nmz.de\/badblog\/","name":"Bad Blog Of Musick","description":"Das bedeutendste Blog zur zeitgen\u00f6ssischen Musikkultur","publisher":{"@id":"https:\/\/blogs.nmz.de\/badblog\/#organization"},"potentialAction":[{"@type":"SearchAction","target":{"@type":"EntryPoint","urlTemplate":"https:\/\/blogs.nmz.de\/badblog\/?s={search_term_string}"},"query-input":{"@type":"PropertyValueSpecification","valueRequired":true,"valueName":"search_term_string"}}],"inLanguage":"de"},{"@type":"Organization","@id":"https:\/\/blogs.nmz.de\/badblog\/#organization","name":"Bad Blog Of Musick","alternateName":"Ein Klassik-Blog zur Musik","url":"https:\/\/blogs.nmz.de\/badblog\/","logo":{"@type":"ImageObject","inLanguage":"de","@id":"https:\/\/blogs.nmz.de\/badblog\/#\/schema\/logo\/image\/","url":"https:\/\/i0.wp.com\/blogs.nmz.de\/badblog\/files\/2016\/10\/badblog-logo1.png?fit=512%2C512&ssl=1","contentUrl":"https:\/\/i0.wp.com\/blogs.nmz.de\/badblog\/files\/2016\/10\/badblog-logo1.png?fit=512%2C512&ssl=1","width":512,"height":512,"caption":"Bad Blog Of Musick"},"image":{"@id":"https:\/\/blogs.nmz.de\/badblog\/#\/schema\/logo\/image\/"},"sameAs":["https:\/\/www.facebook.com\/musikzeitung","https:\/\/x.com\/musikzeitung"]},{"@type":"Person","@id":"https:\/\/blogs.nmz.de\/badblog\/#\/schema\/person\/488a80049cf0bbc4cce99951ae91c3b9","name":"Martin Hufner","description":"seit 1997 chef\u00f6konom der kritischen masse und netzbabysitter der nmz.","sameAs":["https:\/\/www.musikkritik.org","http:\/\/www.facebook.com\/hufner","https:\/\/www.linkedin.com\/profile\/view?id=48050869&trk=spm_pic","https:\/\/x.com\/huflaikhan"],"url":"https:\/\/blogs.nmz.de\/badblog\/author\/hufidufi\/"}]}},"wp-worthy-pixel":{"ignored":true,"public":null,"server":null,"url":null},"wp-worthy-type":"normal","jetpack_featured_media_url":"https:\/\/i0.wp.com\/blogs.nmz.de\/badblog\/files\/2017\/02\/huf-np-radio-musik-final.jpg?fit=2048%2C1536&ssl=1","jetpack-related-posts":[],"jetpack_sharing_enabled":true,"_links":{"self":[{"href":"https:\/\/blogs.nmz.de\/badblog\/wp-json\/wp\/v2\/posts\/23224","targetHints":{"allow":["GET"]}}],"collection":[{"href":"https:\/\/blogs.nmz.de\/badblog\/wp-json\/wp\/v2\/posts"}],"about":[{"href":"https:\/\/blogs.nmz.de\/badblog\/wp-json\/wp\/v2\/types\/post"}],"author":[{"embeddable":true,"href":"https:\/\/blogs.nmz.de\/badblog\/wp-json\/wp\/v2\/users\/1"}],"replies":[{"embeddable":true,"href":"https:\/\/blogs.nmz.de\/badblog\/wp-json\/wp\/v2\/comments?post=23224"}],"version-history":[{"count":1,"href":"https:\/\/blogs.nmz.de\/badblog\/wp-json\/wp\/v2\/posts\/23224\/revisions"}],"predecessor-version":[{"id":23225,"href":"https:\/\/blogs.nmz.de\/badblog\/wp-json\/wp\/v2\/posts\/23224\/revisions\/23225"}],"wp:featuredmedia":[{"embeddable":true,"href":"https:\/\/blogs.nmz.de\/badblog\/wp-json\/wp\/v2\/media\/14800"}],"wp:attachment":[{"href":"https:\/\/blogs.nmz.de\/badblog\/wp-json\/wp\/v2\/media?parent=23224"}],"wp:term":[{"taxonomy":"category","embeddable":true,"href":"https:\/\/blogs.nmz.de\/badblog\/wp-json\/wp\/v2\/categories?post=23224"},{"taxonomy":"post_tag","embeddable":true,"href":"https:\/\/blogs.nmz.de\/badblog\/wp-json\/wp\/v2\/tags?post=23224"}],"curies":[{"name":"wp","href":"https:\/\/api.w.org\/{rel}","templated":true}]}}