{"id":21163,"date":"2020-02-01T18:00:59","date_gmt":"2020-02-01T17:00:59","guid":{"rendered":"http:\/\/blogs.nmz.de\/badblog\/?p=21163"},"modified":"2020-01-28T18:45:37","modified_gmt":"2020-01-28T17:45:37","slug":"neue-musik-musikfeature-soundart-die-radio-woche-vom-03-02-bis-09-02-2020","status":"publish","type":"post","link":"https:\/\/blogs.nmz.de\/badblog\/2020\/02\/01\/neue-musik-musikfeature-soundart-die-radio-woche-vom-03-02-bis-09-02-2020\/","title":{"rendered":"Neue Musik \/ Musikfeature \/ SoundArt: Die Radio-Woche vom 03.02. bis 09.02.2020"},"content":{"rendered":"<p>Neue Musik und Musikfeatures in der Kalenderwoche 06. Themen: Meisterkurs Orchesterkomposition \u2013 \u201eKonflikt und Erf&#252;llung\u201c \u2013 Junge Komponierende und das Symphonieorchester | Erik O\u00f1a | Die K&#252;nstlerfreundschaft zwischen John Cage und Pierre Boulez | Ultraschall Berlin 2020 | Das Berliner Label \u201eTochnit Aleph\u201c | Neue Musik: Auf den Fl&#252;geln der Harfe | Albanien und seine Musik<\/p>\n<ul>\n<li>Alle bekannten Stream-, Web- und RSS-Adressen deutscher Sender finden sich <a href=\"https:\/\/stefanhetzel.wordpress.com\/kunstmusikoeffentlich-rechtlicher-rundfunk\/\">bei Stefan Hetzel<\/a>.<\/li>\n<li><a href=\"https:\/\/service.conbrio.de\/service\/download\/155\/\">Download dieser &#220;bersicht als PDF<\/a>.<\/li>\n<li>Alle Angaben ohne Gew&#228;hr. &#196;nderungen vorbehalten.<\/li>\n<\/ul>\n<hr \/>\n<h2>nmz-Podcastpartnerin Irene Kurka ::: neue musik leben<\/h2>\n<p style=\"padding-left: 40px;\"><a href=\"https:\/\/neuemusikleben.podigee.io\/64-neue-episode\">64 \u2013 Interview with Ryan Dohoney (in english)<\/a> \u2013 musicologist, writer, vocalist<\/p>\n<p style=\"padding-left: 40px;\">Ryan talks about friendship, generousity, focus between musicians and composers. Music is a essential part of our life. Ryan tells you how and what he found in meeting and being part of wandelweiser. He enjoys the qualitiy of presence of music and performers and when it all comes together. Ryan shares with you what motivates his work and writing and how it is intertwined with his personal life. He has written books on Morton Feldman. He also gives very practical advice on writing and what routines may help you. \u00a0[<a href=\"https:\/\/neuemusikleben.podigee.io\/64-neue-episode\">Zum Podcast<\/a>]<\/p>\n<p style=\"padding-left: 40px;\">Alle weiteren Folgen des Podcasts finden Sie unter: <a href=\"https:\/\/www.irenekurka.de\/podcast.html\">https:\/\/www.irenekurka.de\/podcast.html<\/a><\/p>\n<p>&nbsp;<\/p>\n<hr \/>\n<h2>03.02.2020<\/h2>\n<hr \/>\n<p>21:04 bis 22:00 | rbbKultur<br \/>\n<strong>MUSIK DER GEGENWART:Neue Musik aktuell \u2013 Mit Andreas G&#246;bel<\/strong><\/p>\n<p>23:03 bis 00:00 | SWR 2<br \/>\n<strong>SWR2 JetztMusik: Meisterkurs Orchesterkomposition \u2013 \u201eKonflikt und Erf&#252;llung\u201c \u2013 Junge Komponierende und das Symphonieorchester<\/strong><\/p>\n<p style=\"padding-left: 40px;\">Von Juana Zimmermann. Musik f&#252;r Symphonieorchester ist eine brisante Gattung in der Neuen Musik. Im November 2019 nehmen sechs junge Komponistinnen und Komponisten am Meisterkurs Orchesterkomposition des SWR Symphonieorchesters teil. Sie lernen und erfahren an ihren eigenen St&#252;cken. F&#252;r die Musikerinnen und Musiker des Orchesters wiederum sind diese Tage ein Eintauchen in die Musik der n&#228;chsten Generation \u2013 in die Welt der Komponisten von morgen. Darauf was es hei&#223;t, heute und vielleicht auch noch morgen Komponist zu sein, finden alle ihre eigenen, auch musikalischen, Antworten. Juana Zimmermann mit einem Bericht aus der Werkstatt.<\/p>\n<hr \/>\n<h2>04.02.2020<\/h2>\n<hr \/>\n<p>00:05 bis 01:00 | Deutschlandfunk Kultur<br \/>\n<strong>Neue Musik: Alle Sinne offen \u2013 Der argentinische Musiker Erik O\u00f1a<\/strong><\/p>\n<p style=\"padding-left: 40px;\">Von Egbert Hiller. Klangliche Schwebungen und Reizzust&#228;nde faszinierten ihn. Im September 2019 ist der Komponist, Dirigent und P&#228;dagoge Erik O\u00f1a verstorben.<\/p>\n<p>00:12 bis 02:00 | Bayern 2<br \/>\n<strong>Concerto bavarese: Bayerische Komponisten<\/strong><\/p>\n<p style=\"padding-left: 40px;\">Laurence Traiger: \u201eOde to Mandela\u201c, Rohihlahla (M&#252;nchner Rundfunkorchester: Howard Arman); \u201eEndless light\u201c (Chor des Bayerischen Rundfunks: Peter Dijkstra); Johannes Tonio Kreusch: \u201eEchoes of Thoughts\u201c (Johannes Tonio Kreusch, Gitarre); Tom Sora: \u201eWechselspiele\u201c (Sarah Maria Sun, Sopran; Tom Sora, Kurbelspieluhr, Bariton); Streichtrio Nr. 2 (TrioCoriolis); Peter Michael Hamel: \u201eOh Erde\u201c (via-nova-Chor M&#252;nchen: Kurt Suttner); Josef Anton Riedl: \u201ebschat, terschied\u201c; \u201eeuzeul&#228;s&#228;kutt\u201c (Karin Levine, Fl&#246;te; Jan Philip Schulze, Klavier, Klatschen, Stampfen); Gloria Coates: Symphonie Nr. 1 (Symphonieorchester des Bayerischen Rundfunks: Elgar Howarth); Johannes Tonio Kreusch: \u201eInspiraci\u00f3n\u201c (Johannes Tonio Kreusch, Gitarre)<\/p>\n<p>21:00 bis 22:00 | NDR Kultur<br \/>\n<strong>neue musik: Neue Musik f&#252;r Schlagzeug<\/strong><\/p>\n<p style=\"padding-left: 40px;\">Von Margarete Zander. Viele Schlagzeuger*innen sind leidenschaftliche Klang- bzw. Instrumentensammler. Es macht Spa&#223;, sich die Fundst&#252;cke anzusehen und anzuh&#246;ren und zu erleben, wie die Musiker*innen mit den Instrumenten tanzen, ihnen ihre eigenen charakteristischen Kl&#228;nge entlocken. Und was machen die Komponisten daraus? Wir finden verbl&#252;ffende Klangzaubereien!<\/p>\n<p>22:05 bis 23:00 | BR-KLASSIK<br \/>\n<strong>Horizonte: \u201eLieber Pierre \u2013 mein lieber John\u201c \u2013 Die K&#252;nstlerfreundschaft zwischen John Cage und Pierre Boulez<\/strong><\/p>\n<p style=\"padding-left: 40px;\">Von Robert Jungwirth. So sehr wie Pierre Boulez und John Cage haben keine anderen Komponisten die musikalische Nachkriegsmoderne gepr&#228;gt und beeinflusst. Beide K&#252;nstler einte der Wunsch nach einer tiefgreifenden Erneuerung des Komponierens. Selbst Sch&#246;nbergs Zw&#246;lftontechnik empfanden sie einer musikalischen Tradition angeh&#246;rig, die es zu &#252;berwinden galt. 1949 begegneten sich beide Musiker erstmals in Paris. Daraus entwickelte sich eine Freundschaft, die von gegenseitigem Respekt und Neugierde gepr&#228;gt war. Der von 1949 bis 1962 w&#228;hrende Briefwechsel spiegelt das eindrucksvoll wider. In ihm tauschten sich beide &#252;ber neue Kompositionsverfahren und musikphilosophische Gedanken aus. Auch wenn sie die gleichen Ziele hatten, entwickelten sie im Lauf der Zeit geradezu diametral entgegengesetzte Methoden, um diese zu erreichen. Cage entwickelte seine Zufallsoperationen, Boulez ging es um maximale Kontrolle &#252;ber die Form. Letztlich f&#252;hrten diese Gegens&#228;tze zum Bruch der Freundschaft.<\/p>\n<p style=\"padding-left: 40px;\">Der Briefwechsel zwischen Pierre Boulez und John Cage ist in Buchform bei der Europ&#228;ischen Verlagsanstalt erschienen.<\/p>\n<p>23:03 bis 00:00 | SWR 2<br \/>\n<strong>SWR2 ars acustica (bis 2 Uhr): Art\u2019s Birthday 2020<\/strong><\/p>\n<p style=\"padding-left: 40px;\">EBU Ars Acustica Special Evening aus dem E-Werk Freiburg mit Alabaster dePlume, Tomaga u. v. a. Senderegie: Frank Halbig. (Produktion: SWR\/E-Werk Freiburg 2020)<\/p>\n<p style=\"padding-left: 40px;\">Der SWR Art\u2019s Birthday feiert in Zusammenarbeit mit dem E-Werk Freiburg ein insgesamt siebenst&#252;ndiges Programm. International renommierte K&#252;nstler*innen bringen kontrastreiche Positionen auf die gro&#223;e B&#252;hne des E-Werks und ins Radio. Aber der Art\u2019s Birthday von SWR und dem E-Werk Freiburg ist nat&#252;rlich viel mehr \u2013 er ist ein kompaktes Festival mit umfangreichem Programm. Dieses bietet sowohl dem Nachwuchs als auch etablierten K&#252;nstler*innen im Bereich der performativen und elektronischen K&#252;nste aus der Oberrheinregion eine Plattform.<\/p>\n<p style=\"padding-left: 40px;\">H&#246;ren Sie das Best Of mit den Top Acts Alabaster dePlume und Tomaga als Mitschnitt vom 17. Januar.<\/p>\n<hr \/>\n<h2>05.02.2020<\/h2>\n<hr \/>\n<p>00:12 bis 02:00 | Bayern 2<br \/>\n<strong>Concerto bavarese: Fr&#228;nkische Komponisten \u2013 Zum 95. Geburtstag des Komponisten Franz M&#246;ckl<\/strong><\/p>\n<p style=\"padding-left: 40px;\">Franz M&#246;ckl: Sonata (Lichtenfelser Blechbl&#228;ser: Alfred F&#246;rner); \u201eWege und Stationen\u201c (Edgar Eichst&#228;dter, Klarinette; Johannes Donhauser, Fagott; Klaus Rohleder, Horn; Detleff Messerschmitt, Emil Kiss-Lazar, Violine; Martin Peetz, Viola; Burkhard Sauber, Violoncello; Reimund Seifert, Kontrabass); Klarinettenkonzert (Wolfgang Meyer, Klarinette; Hofer Symphoniker: Howard Golden); H. E. Erwin Walther: Sechs Lieder (Yvonne Friedli, Sopran; Frank Gutschmidt, Klavier); Hans Ludwig Schilling: \u201eRendezvous\u201c (Karl Schicker, Fl&#246;te; Hermann Schwander, Schlagzeug); G&#252;nther Thim: Toccata (Erich und Barbara Appel, Klavier); Werner Heider: \u201eIn der Stille der Zeit\u201c (Werner Jacob, Orgel)<\/p>\n<p style=\"padding-left: 40px;\">Er geh&#246;rte zu den aktivsten, produktivsten, verdientesten Musikerpers&#246;nlichkeiten in Franken: Franz M&#246;ckl \u2013 Musikp&#228;dagoge, Dozent f&#252;r Lehrer- und Chorleiterfortbildung, Volksliedforscher, Dirigent und Komponist. Am 2. Februar j&#228;hrte sich sein Geburtstag zum 95. Mal. Geboren wurde Franz M&#246;ckl also 1925, und zwar im westb&#246;hmischen Bernau. Sch&#246;n fr&#252;h sammelte er mannigfache praktische musikalische Erfahrungen, spielte Klarinette im Jugendorchester und studierte neben seiner Lehrerausbildung sp&#228;ter Violine und Musiktheorie. Nach Kriegsteilnahme als Marineoffizier und der Vertreibung aus dem Sudetenland kam Franz M&#246;ckl nach Franken. Er wirkte zun&#228;chst als Lehrer in Ottowind bei Coburg, sp&#228;ter in Niederf&#252;llbach, wo er bis ins hohe Alter den Singverein leitete und 2014 auch verstarb. 1955 gr&#252;ndete er den Weinberg-Singkreis, der seit 1966 unter dem Namen Fr&#228;nkischer Kammerchor auch international auftrat und unter M&#246;ckls Leitung zahlreiche Rundfunk- und Plattenaufnahmen einspielte. Zu den organisatorischen Leistungen des Musikers geh&#246;ren u.a. die Einf&#252;hrung von Jugendsymphoniekonzerten im Landestheater Coburg, die Gr&#252;ndung der Festivals Musische Wochen auf Schloss Schwanenberg und des Musiksommer Obermain. Als Mitglied des Musikausschusses des Fr&#228;nkischen S&#228;ngerbundes leitete Franz M&#246;ckl seit 1986 dessen Frauenchor. Der Volksliedforscher brachte 1962 sein Fr&#228;nkisches Liederbuch heraus. Als Komponist hat M&#246;ckl ein beachtliches \u008cuvre geschaffen. Es umfasst symphonische und konzertante Orchesterwerke, Kammermusik, Sing- und Spielmusiken sowie viele andere Vokalwerke, darunter Kantaten, Chorlieder und Chorzyklen. F&#252;r seine Verdienste wurde Franz M&#246;ckl 1983 mit dem Bundesverdienstkreuz am Band ausgezeichnet.<\/p>\n<p>20:04 bis 21:00 | hr2-kultur<br \/>\n<strong>Kaisers Kl&#228;nge: Neue Schubert-Kl&#228;nge: Winterreise pauschal, 2. Abteilung<\/strong><\/p>\n<p style=\"padding-left: 40px;\">Ber&#252;hmte Musikwerke rufen immer ihre Bearbeiter auf den Plan. So auch Schuberts \u201eWinterreise\u201c. Ob Orchestrierungen, Chorfassungen oder Kammermusik-Versionen: Aus dem urspr&#252;nglichen Liederzyklus f&#252;r M&#228;nnerstimme und Klavier l&#228;sst sich eine Menge machen.<\/p>\n<p style=\"padding-left: 40px;\">Selbst Schauspieler wie Barbara Sukowa und Josef Bierbichler singen die Lieder, genauso wie Popbarde Sting oder Liedermacher Ludwig Hirsch. Vom 30er-Jahre-Swing bis zum Tango Argentino geht die Fahrt durch die zweite Abteilung der Winterreise.<\/p>\n<p>21:04 bis 22:00 | rbbKultur<br \/>\n<strong>MUSIK DER GEGENWART: Ultraschall Berlin \u2013 Festival f&#252;r neue Musik 2020<\/strong><\/p>\n<p style=\"padding-left: 40px;\">Mit Eckhard Weber. Die Besetzung Saxofon, Klavier und Schlagzeug hat in den zweieinhalb Jahrzehnten, in denen das Trio Accanto inzwischen besteht, zahllose Komponist*innen angeregt und herausgefordert. Vier j&#252;ngere Werke trafen beim Konzert des Trios aufeinander, darunter zwei Urauff&#252;hrungen von Christian Wolff und Johannes Sch&#246;llhorn.. Konzertaufnahme vom 16.01.2020 im Heimathafen Neuk&#246;lln<\/p>\n<p>23:03 bis 00:00 | SWR 2<br \/>\n<strong>SWR2 JetztMusik: Arbeiten im SWR Experimentalstudio (1\/2) \u2013 Karlheinz Stockhausen \u201eMixtur\u201c<\/strong><\/p>\n<p style=\"padding-left: 40px;\">Von Lydia Jeschke. Stockhausen und Luther, zwei gro&#223;e Themen: Die beiden umfangreichen Produktionen aus j&#252;ngster Zeit geben Einblick in die Arbeit des SWR Experimentalstudios. In der neusten Realisation von Karlheinz Stockhausens \u201eMixtur\u201c (2018) waren die Klangregisseure als Interpreten und Mitwisser eines inzwischen verstorbenen Komponisten gefragt. Im Luther-Projekt (2017) kamen verschiedene Komponist*innen selbst ins Studio und forschten dort zusammen mit den Klangregisseuren an ihren Ideen. (Teil 2, \u201eDas Luther-Projekt 2017\u201c, Mittwoch, 12. Februar, 23.03 Uhr)<\/p>\n<hr \/>\n<h2>06.02.2020<\/h2>\n<hr \/>\n<p>00:05 bis 01:00 | Deutschlandfunk Kultur<br \/>\n<strong>Neue Musik<\/strong><\/p>\n<p style=\"padding-left: 40px;\">Edu Haubensak: \u201eCorno Sonoro\u201c (2015) f&#252;r Horn solo und Playback. Samuel Stoll, Horn | \u201ePonds\u201c (2017) f&#252;r zwei Vibrafone. Martin Lorenz, Schlagzeug \u2013 Sebastian Hofmann, Schlagzeug<\/p>\n<p>00:12 bis 02:00 | Bayern 2<br \/>\n<strong>Concerto bavarese: Bayerische Komponisten<\/strong><\/p>\n<p style=\"padding-left: 40px;\">Harald Behringer: \u201eMusic for four\u201c (Carina Mi&#223;linger, Yu-Mi Kim, David Simon, Michail Khwostikow, Fl&#246;te; Carmen Amrein, Johanna H&#246;bel, Tobias Vogel, Komale Akakpo, Hackbrett; Viktor Herzig, Michael Leopold, Jonas G&#246;bel, Moritz Knapp, Marimbaphon); Robert Maximilian Helmschrott: \u201eMetamorphose\u201c (Robert Maximilian Helmschrott, Orgel; Hermann Gschwendtner, Schlagzeug); Gerhard Dorda: Zwei Klavierst&#252;cke (Veronika Dorda-Kirschner, Klavier)<\/p>\n<p>20:04 bis 21:30 | SR2 KulturRadio<br \/>\n<strong>Mouvement: Neue CDs<\/strong><\/p>\n<p>21:30 bis 22:30 | hr2-kultur<br \/>\n<strong>Hier ruht in, pardon, ein Gott: &#220;ber das Ende und Nachleben von Berio, Boulez &amp; Co. (Teil 3 von 3)<\/strong><\/p>\n<p style=\"padding-left: 40px;\">Der Tod: Wie der eine noch kurz vorm Koma &#252;bers Honorar verhandelt, der andere nach dem Pedal einer imagin&#228;ren Harfe sucht und ein Dritter spricht \u201eJetzt f&#228;ngt eine neue Zeit an\u201c.<\/p>\n<p style=\"padding-left: 40px;\">Das Grab: unterm Hauptwerk, in der Luft, neben Udo J&#252;rgens. Die Kompositionen: welche sich halten und welche nicht. Posthume Spuren: von der Brezel bis zum Kleinplaneten. All das in einer dreiteiligen Sendung &#252;ber Luciano Berio, Pierre Boulez, Hans Werner Henze, Mauricio Kagel, Gy&#246;rgy Ligeti, Karlheinz Stockhausen; zum Totengedenken in den tr&#252;ben Monaten Januar und Februar (doch nicht ohne Heiterkeit).<\/p>\n<p style=\"padding-left: 40px;\">Eine dreiteilige Sendung von Werner Kl&#252;ppelholz. Eine Gemeinschaftsproduktion von SWR 2 und hr2-kultur. Redaktion: Stefan Fricke und Bernd K&#252;nzig<\/p>\n<p>22:03 bis 23:00 | SWR 2<br \/>\n<strong>SWR2 H&#246;rspiel-Studio: Die dritte Arbeitskraft, mein Geld \u2013 ARD Online Award 2019<\/strong><\/p>\n<p style=\"padding-left: 40px;\">Ein Pl&#228;doyer von und mit Michael Stauffer. Regie: Mark Ginzler und Michael Stauffer. (Produktion: SRF 2019)<\/p>\n<p style=\"padding-left: 40px;\">Aktien? Spekulieren? Aber klar! Die B&#246;rse ist nicht b&#246;se, wenn man sie gut findet. Aber das ist gar nicht so schwer. Man muss sich nur von Klischeevorstellungen l&#246;sen und etwas versuchen, was wenige tun: sich um sein Geld selbst k&#252;mmern. Bewusst und angstfrei mit ihm und seiner Wertsch&#246;pfung umgehen. Was keine Frage des Verm&#246;gens ist. Jedenfalls nicht des materiellen. Eher ist es eine Frage der Befreiung \u2013 aus der selbstverschuldeten Unm&#252;ndigkeit in Finanzfragen. Michael Stauffer und andere Geldamateure beweisen es. In einem umfassenden Selbstexperiment, bei dem sogar das Finanzamt mithilft.<\/p>\n<p>22:03 bis 23:00 | Deutschlandfunk Kultur<br \/>\n<strong>Klangkunst: DIE SINS<\/strong><\/p>\n<p style=\"padding-left: 40px;\">Idee, Realisation, Stimmen, Musik: KLANK (Reinhart Hammerschmidt, Christoph Ogiermann, Markus Markowski und Tim Schomacker). Chor: Vokalensemble Sinsheim. Produktion: Deutschlandfunk Kultur 2020. L&#228;nge: ca. 54\u201930. (Ursendung)<\/p>\n<p style=\"padding-left: 40px;\">Wie weit lassen sich digitale Transformationsprozesse eigentlich denken? Gewandet in ein fr&#246;hlich-phantastisches Videospiel fragt das Bremer Musikensemble KLANK nach den Un\/M&#246;glichkeiten sozialer Bewegtheit in der BRD des Jahres 2020.<\/p>\n<p style=\"padding-left: 40px;\">Ein Chor schafft sich ab. Alle k&#246;rperlichen Versammlungen werden aufgel&#246;st. Eine Ger&#228;terepublik entsteht. Eine Stadt leert sich. Und wird so zum real existierenden global village. Alle Macht den Dr&#228;hten. Weise Mischwesen tauchen auf. Und Steine denken &#252;ber die Zukunft der Menschheit nach. Wie weit lassen sich digitale Transformationsprozesse eigentlich denken? Gewandet in ein fr&#246;hlich-fantastisches Videospiel fragt das Bremer Musikensemble KLANK nach den Un\/M&#246;glichkeiten sozialer Bewegtheit in der BRD des Jahres 2020.<\/p>\n<p style=\"padding-left: 40px;\">KLANK, gegr&#252;ndet 2008, ist ein Bremer Musikensemble bestehend u.a. aus den Improvisationsmusikern Reinhart Hammerschmidt, Christoph Ogiermann, Markus Markowski, Tim Schomacker. Schwerpunkte sind die Aneignung von zun&#228;chst nichtmusikalischen Gegenst&#228;nden und Materialien als Instrument sowie die Sichtbarmachung der Klangerzeugung und der performativen Potenziale konzertanter Musik.<\/p>\n<p style=\"padding-left: 40px;\">Christoph Ogiermann, geboren 1967, ist Musiker und Komponist im Bereich Freie Improvisation und europ&#228;ische Kunstmusiken. Seit 2011 enge Zusammenarbeit mit den \u201eNeuen Vocalsolisten Stuttgart\u201c. Kunstpreis der Akademie der K&#252;nste Berlin im Bereich Musik 2012.<\/p>\n<p style=\"padding-left: 40px;\">Tim Schomacker, geboren 1973, lebt als Autor, Journalist, Radiomacher, Moderator, Klangperformer und Musiker in Bremen.<\/p>\n<p>22:05 bis 23:00 | BR-KLASSIK<br \/>\n<strong>Horizonte: hr-Sinfonieorchester \u2013 Christian Ofenbauer: Zwei Frankfurter Pr\u00e9ludes (Arturo Tamayo)<\/strong><\/p>\n<hr \/>\n<h2>07.02.2020<\/h2>\n<hr \/>\n<p>00:05 bis 01:00 | Deutschlandfunk Kultur<br \/>\n<strong>Klangkunst: ~NOWWWWWWWWWWWWWWWWWWWWWWWW~<\/strong><\/p>\n<p style=\"padding-left: 40px;\">Von Thomas Wagensommerer. Produktion: ORF \/ Deutschlandfunk Kultur \/ DISK-CTM 2020. L&#228;nge: ca. 54\u201930. (Ursendung)<\/p>\n<p style=\"padding-left: 40px;\">Das l&#228;ngste Jetzt der Welt: Der Komponist Thomas Wagensommerer dehnt das Wort \u201enow\u201c aus einem Popsong auf ein ganzes Jahr. Dabei schimmern immer wieder unterschiedliche Klangfarben durch. Die Gegenwart entpuppt sich als Kontinuum.<\/p>\n<p style=\"padding-left: 40px;\">Diese Radiokomposition dauert ein Jahr. Rund um die Uhr ist der Klangstrom online h&#246;rbar. Seine Keimzelle ist ein Sample von f&#252;nf Sekunden: Das Wort \u201anow\u2019 aus dem Popsong \u201aIt\u2019 s All Coming Back To Me Now\u2019 von Celine Dion. Dieses St&#252;ckchen Gegenwart zieht der Komponist Thomas Wagensommerer k&#252;nstlich in die L&#228;nge. Dabei h&#246;ren wir nicht nur die Mikrostrukturen des Klangs, sondern auch das Arbeiten des Rechners, der ihn abspielt.<\/p>\n<p style=\"padding-left: 40px;\">Dies ist die erste Ausgabe der neuen Reihe KONTINUUM von Deutschlandfunk Kultur, ORF und CTM-Festival. J&#228;hrlich entsteht daf&#252;r eine neue generative Komposition. Im Radioprogramm erscheint sie immer dann, wenn nach einer H&#246;rspiel- oder Featuresendung noch Sendezeit bleibt.<\/p>\n<p style=\"padding-left: 40px;\">Thomas Wagensommerer lebt und arbeitet in Wien. Er studierte Digitale Medien Technologie an der Fachhochschule in St. Poelten, Philosophie an der Universit&#228;t Wien (ohne Abschluss) und Transdisziplin&#228;re Kunst (TransArts) an der Universit&#228;t f&#252;r angewandte Kunst Wien.<\/p>\n<p style=\"padding-left: 40px;\">Wagensommerer arbeitet als Medienk&#252;nstler, Musiker und Theoretiker sowohl installativ als auch performativ. Er ist Junior Researcher der Forschungsgruppe Media Creation des Instituts f&#252;r Creative\\Media\/Technologies, Lektor f&#252;r Experimentelle Medien an der FH St. P&#246;lten und Lektor f&#252;r Theorie und Praxis der Medienkunst an der TU Wien.<\/p>\n<p>00:12 bis 02:00 | Bayern 2<br \/>\n<strong>Concerto bavarese: Fr&#228;nkische Komponisten<\/strong><\/p>\n<p style=\"padding-left: 40px;\">Klaus Treuheit: \u201eAbandoning Necessity\u201c (Charlotte Walterspiel, Gunter Pretzel, Viola; Klaus Treuheit, Klavier); Christof Johannes Wei&#223;: \u201eDrifting Colors\u201c (Symphonisches Blasorchester Unterpleichfeld: Mathias Wehr): Karola Oberm&#252;ller: \u201ePulstastung I \u2013 III\u201c (Emanuele Arciuli, Klavier); Katrin Klose: \u201eAccord \u2013 Hommage \u00e0 Grisey\u201c (Tiroler Kammerorchester InnStrumenti: Gerhard Sammer); Andr\u00e1s Hamary: \u201eHommage \u00e0 Jan\u00e1cek\u201c (Ensemble Kontraste); Herbert Hechtel: \u201eRelazione per due\u201c (Dirk und Vivienne Keilhack, Klavier; Bamberger Symphoniker: Georg Schm&#246;he)<\/p>\n<p>21:05 bis 22:30 | Bayern 2<br \/>\n<strong>h&#246;r!spiel!art.mix: \u201eDer K&#252;nstler als junger Hund. Peter Weibel Tribute Album\u201c<\/strong><\/p>\n<p style=\"padding-left: 40px;\">Der K&#252;nstler als junger Hund. Peter Weibel Tribute Album. Herausgegeben von Margit Rosen und Herbert Kapfer<\/p>\n<p style=\"padding-left: 40px;\">Mit Alexander Kluge, Marie Colbin, Constanze Ruhm, Florian R&#246;tzer, Elisabeth Bronfen, G&#252;nter Brus, Hans G Helms, Friederike Mayr&#246;cker, Peter Sloterdijk, F.S.K., Chicks on Speed, Woody Vasulka, FSK, Steina, Olafur Eliasson, Sven-\u00c5ke Johansson und Hotel Morphila Orchester<\/p>\n<p style=\"padding-left: 40px;\">Zusammenstellung: Christian L&#246;sch. BR\/intermedium rec. 2009. Als Podcast verf&#252;gbar im H&#246;rspiel Pool<\/p>\n<p style=\"padding-left: 40px;\">Eine Performance, die Kunstgeschichte schrieb: 1968 setzt Peter Weibel sein Gedicht mit dem Titel portrait of the artist as a young dog in Szene: Auf allen Vieren l&#228;sst er sich im eleganten dunklen Anzug von der K&#252;nstlerin Valie Export wie ein Hund am Halsband durch die Wiener Innenstadt f&#252;hren. Eine Provokation, die Geschlechterfragen &#252;berschreitet und den aufrechten Gang in der Gesellschaftsordnung als uneingel&#246;stes Versprechen vorf&#252;hrt. Als weltweit anerkannter Medienk&#252;nstler und Theoretiker mischt Weibel sich bis heute in gesellschaftliche, &#228;sthetische und technologische Diskurse ein. Das Peter Weibel Tribute pr&#228;sentiert Texte des jungen K&#252;nstlers und Theoretikers, gelesen von Autoren, K&#252;nstlern und Theoretikern, die sich ihm verbunden f&#252;hlen, Originalbeitr&#228;ge herausragender zeitgen&#246;ssischer Autoren und neu produzierte Tracks verschiedener Musiker und Bands, die mit Weibel in Zusammenhang stehen.<\/p>\n<p style=\"padding-left: 40px;\">Peter Weibel, geb. 1944 in Odessa, &#246;sterreichischer K&#252;nstler, Ausstellungskurator, Kunst- und Medientheoretiker, 1999 \u2013 2020 Vorstand und Leiter des Zentrums f&#252;r Kunst und Medientechnologie (ZKM) Karlsruhe, dort Gesamtschau respektive Peter Weibel (28.09.2019- 08.03.2020).<\/p>\n<p>22:03 bis 23:00 | Deutschlandfunk Kultur<br \/>\n<strong>Musikfeuilleton: Letzte Ruhe f&#252;r singende Seelen \u2013 Der Prominenten-Friedhof des Neujungfrauenklosters in Moskau<\/strong><\/p>\n<p style=\"padding-left: 40px;\">Von Julia Smilga. Wer in der russisch-sowjetischen Musikszene prominent war, liegt auf dem Nowodewitschi-Friedhof, der zum Neujungfrauenkloster in Moskau geh&#246;rt. Auf diesem Friedhof sind unweit von einander die Gr&#228;ber von Skrjabin, Schaljapin, Taneew, Prokofjew, Schostakowitsch, Gilels, Richter und Rostropowitsch zu finden. Ein virtueller Spaziergang &#252;ber den Friedhof.<\/p>\n<hr \/>\n<h2>08.02.2020<\/h2>\n<hr \/>\n<p>14:05 bis 15:00 | BR-KLASSIK<br \/>\n<strong>Das Musik-Feature: Die Angst vor der gef&#252;hlt letzten Symphonie \u2013 Beethovens Zehnte und Tschaikowskys F&#252;nfeinhalbte<\/strong><\/p>\n<p>20:00 bis 00:00 | Bremen Zwei<br \/>\n<strong>Klassikwelt in concert: Beethoven 2020 \u2013 Ein musikalischer \u201eFeier\u201c-Abend<\/strong><\/p>\n<p style=\"padding-left: 40px;\">Beethoven einmal anders! Unter diesem Thema treffen sich Klassik und Jazz zu einem gemeinsamen Konzert. Neben Originalwerken wird es auch Begegnungen des gro&#223;en Klassikers mit aktueller Musik geben. Die beiden Pianisten Artem Yasynskyy und Oliver Poppe kommen zwar aus verschiedenen Richtungen, werden aber das Wagnis von spontanen Improvisationen &#252;ber Beethoven-Themen eingehen. Das Ergebnis dieses Zusammentreffens ist offen, und man darf sich auf ein Konzertereignis der besonderen Art freuen.<\/p>\n<p>22:04 bis 00:00 | WDR 3<br \/>\n<strong>WDR 3 Open Sounds: Studio Elektronische Musik: Szene [63]: Das Berliner Label \u201eTochnit Aleph\u201c <\/strong><\/p>\n<p style=\"padding-left: 40px;\">Rudolf Eb.er: How to Die; Schimpfluch | Joke Lanz: Plays Sudden Infant; iDEAL Recordings | Dave Phillips: Sixth Mass Extinction \u2013 Things Falling Apart; Total Black | Daniel L&#246;wenbr&#252;ck aka Raionbashi: \u200eKollekte; Tochnit Aleph | Alice Kemp: Sometimes From The Mouth; Selbstver&#246;ffentlichung | Zeitkratzer: Grand Orchestra; Tochnit Aleph | Florian Hecker: Live @ WDR; Tochnit Aleph | Max E. Keller: Vier Politische Kompositionen f&#252;r Tonband 1976-79; Tochnit Aleph | Peter Rehberg \/ Zbigniew Karkowski: Product of Power; Tochnit Aleph | Dror Feiler: The Return of the Real; Tochnit Aleph | Henri Chopin: La Plaine Des Respirs; Tochnit Aleph<\/p>\n<p>22:05 bis 22:50 | Deutschlandfunk<br \/>\n<strong>Atelier neuer Musik: Neue Produktionen aus dem Deutschlandfunk Kammermusiksaal \u2013 Ruhelos in der Gro&#223;stadt \u2013 Augst &amp; Daemgens neue Lesart von Wilhelm M&#252;llers ,Winterreise\u2019<\/strong><\/p>\n<p style=\"padding-left: 40px;\">Von Klaus Gehrke. Wohl verst&#246;rten die einst ungew&#246;hnlichen Lieder der ,Winterreise\u2019 von Franz Schubert damalige Zeitgenossen, doch schnell avancierte der Zyklus zum Inbegriff der Romantik und in der &#196;ra der Tontr&#228;ger zum Klassik-Highlight. Ebenso reizte ,Die Winterreise\u2019 Komponierende am Ende des 20. Jahrhundert zu neuen Lesarten. 1993 erstellte so etwa Hans Zender eine Version, die den Klavierpart orchestriert und das Klangspektrum reizvoll erweitert. Reiner Bredemeyer hatte sich knapp zehn Jahre zuvor f&#252;r eine radikale Neukomposition entschieden. Arrangeur Marcel Daemgen und S&#228;nger Oliver Augst w&#228;hlen einen anderen Weg. Im Deutschlandfunk Kammermusiksaal spielten sie k&#252;rzlich ihre ,Winterreise\u2019 in einem schallarmen Studio ein und schufen einen ebenso faszinierenden wie beklemmenden elektronischen Kontext dazu.<\/p>\n<p>23:05 bis 00:00 | BR-KLASSIK<br \/>\n<strong>Musik der Welt: Der mit der Fl&#246;te spielt \u2013 Ein Portr&#228;t des schwedischen Folkmusikers Jonas Simonson<\/strong><\/p>\n<p style=\"padding-left: 40px;\">Die beachtliche Popularit&#228;t der skandinavischen Folkmusik in Deutschland nahm Mitte der Achtzigerjahre mit den ersten furiosen Auftritten der schwedischen Folkband Groupa ihren Anfang. Der Fl&#246;tist Jonas Simonson ist seit 35 Jahren nicht nur bei Groupa eine gro&#223;e Kreativkraft. Er gr&#252;ndete die Gruppen B&#228;sk, Crane Dance Trio, Den Fule sowie das neue schwedisch-finnische Fl&#246;tenseptett Tuultenpes&#228;. Au&#223;erdem leitet er an der Universit&#228;t seiner Heimatstadt G&#246;teborg den Weltmusikstudiengang. Eine Sendung von Jens-Peter M&#252;ller<\/p>\n<hr \/>\n<h2>09.02.2020<\/h2>\n<hr \/>\n<p>17:04 bis 18:00 | hr2-kultur<br \/>\n<strong>Kaisers Kl&#228;nge: \u201eMich wundert schon gar nichts mehr\u201c \u2013 Spottverse &#252;ber die Loreley<\/strong><\/p>\n<p style=\"padding-left: 40px;\">In der deutschen Romantik war sie stolze Heldin von Volksliedern, Opern oder Sinfonien. Sp&#228;ter wurde sie gerne auch mal aufs Korn genommen: die Lieder singende Felsblondine Loreley.<\/p>\n<p style=\"padding-left: 40px;\">Mit gold\u2019nem Kamme hockt sie auf ihrem Rheinfelsen, und das \u201ebei Regen, bei Schnee und bei Wind\u201c. Weshalb sie bei Karl Valentin nur bronchial verstimmt ihre Weisen kr&#228;chzt. Die sch&#246;nsten Spottlieder auf die Loreley erklingen heute in Kaisers Kl&#228;nge, frei nach dem Credo Erich K&#228;stners: \u201eMan stirbt nicht mehr beim Schiffen, blo&#223; weil ein blondes Weib sich dauernd k&#228;mmt.\u201c<\/p>\n<p>22:00 bis 00:00 | Bremen Zwei<br \/>\n<strong>Klassikwelt in concert: Musicadia 2019 (II): Eclipse<\/strong><\/p>\n<p style=\"padding-left: 40px;\">\u201eDie Geige im Wandel der Zeiten\u201c \u2013 so lautete die &#220;berschrift &#252;ber die Tage f&#252;r Alte Musik im Sendesaal Bremen, deren zweites Konzert einen Bogen &#252;ber 200 Jahr Musikgeschichte schlug. Angefangen mit dem Neapolitaner Giovanni Maria Trabaci ging es &#252;ber Claudio Monteverdi bis hin zu den beiden gro&#223;en Londoner Antipoden H&#228;ndel und Porpora. Interpreten sind: Wiebke Lehmkuhl, das Ensemble UrgentMusic und Veronika Skuplik<\/p>\n<p>23:04 bis 00:00 | WDR 3<br \/>\n<strong>WDR 3 Studio Neue Musik: Auf den Fl&#252;geln der Harfe (1)<\/strong><\/p>\n<p style=\"padding-left: 40px;\"><strong>Luciano Berio<\/strong>: Sequenza II f&#252;r Harfe; Andreas Mildner | <strong>Heinz Holliger<\/strong>: Praeludium, Arioso und Passacaglia f&#252;r Harfe; Andreas Mildner | <strong>Ernst Krenek<\/strong>: Sonate, op. 150 f&#252;r Harfe; Andreas Mildner | <strong>Benjamin Britten<\/strong>: Suite, op. 83 f&#252;r Harfe; Andreas Mildner | <strong>Luciano Berio<\/strong>: Chemins I (su Sequenza II) per arpa principale ed orchestra; Andreas Mildner, Harfe, WDR Sinfonieorchester, Leitung: Peter E&#246;tv&#246;s<\/p>\n<p style=\"padding-left: 40px;\">Die Harfe, auch wenn sie bei den Sinfonikern seit langem einen festen Platz hat, genie&#223;t noch immer Exotenstatus. Sie wird wohl im Ensemble oder Orchester, doch nur selten solistisch oder gar konzertant eingesetzt.<\/p>\n<p style=\"padding-left: 40px;\">Die Gr&#252;nde daf&#252;r liegen auf der Hand. Die f&#252;hrenden Virtuosen befassen sich lieber mit Bearbeitungen klassisch-romantischer Salonst&#252;cke als mit neuem Repertoire. Zu den Ausnahmen geh&#246;rt Andreas Mildner. Er ist, f&#252;r Orchestermusiker ungew&#246;hnlich genug, neugierig und offen, l&#228;sst sich immer wieder auf neue Kl&#228;nge und Techniken ein, ist so gesehen ein wichtiger Mittler und Motivator.<\/p>\n<p style=\"padding-left: 40px;\">Neben ganz neuen St&#252;cken hat Andreas Mildner f&#252;r den WDR auch Klassiker des modernen Harfenrepertoires eingespielt, darunter die ber&#252;hmte Sequenza I (1963), die Luciano Berio in Chemins I konzertant erweitert und dabei das Orchester in eine Riesen-Harfe verwandelt hat.<\/p>\n<p>23:05 bis 00:00 | BR-KLASSIK<br \/>\n<strong>Musik der Welt: Chronik in Stein und Klang \u2013 Albanien und seine Musik<\/strong><\/p>\n<p style=\"padding-left: 40px;\">In seinem Roman \u201eChronik in Stein\u201c zeichnet der Schriftsteller Ismail Kadare ein sehr pers&#246;nliches Bild von Albanien und der Geschichte des Landes. Er schildert, wie seine Heimatstadt Gjirokastra als Sinnbild f&#252;r ganz Albanien das Leid des Zweiten Weltkriegs &#252;bersteht und auf die kommunistische Diktatur zusteuert. Dabei hallen durch die Gassen dieser traditionellen, alten, schroffen Stadt die unterschiedlichsten Kl&#228;nge, und genauso vielf&#228;ltig wie das Land selbst, ist auch seine Musik. Auf den Spuren Kadares pr&#228;sentiert Florian Heurich auf seinem Streifzug durch die albanische Musik und Kultur epische Lieder aus Nordalbanien, in denen es um Freiheitskampf und eine mythisch verkl&#228;rte Vergangenheit geht, die typischen und sehr speziellen polyphonen Ges&#228;nge des S&#252;dens, die st&#228;dtische Folklore aus Tirana, Shkod\u00ebr oder Kor\u00e7\u00eb und auch Werke klassischer Komponisten. Dabei erz&#228;hlen die Musiker Alma und Eduard Civeja und der T&#228;nzer Ariel Merkuri &#252;ber ihr Land und seine Musik.<\/p>\n<div class=\"shariff shariff-align-left shariff-widget-align-left\" style=\"display:none\"><div class=\"ShariffHeadline\"> <\/div><ul class=\"shariff-buttons theme-default orientation-horizontal buttonsize-small\"><li class=\"shariff-button mastodon shariff-nocustomcolor\" style=\"background-color:#563ACC\"><a href=\"https:\/\/s2f.kytta.dev\/?text=Neue%20Musik%20%2F%20Musikfeature%20%2F%20SoundArt%3A%20Die%20Radio-Woche%20vom%2003.02.%20bis%2009.02.2020 https%3A%2F%2Fblogs.nmz.de%2Fbadblog%2F2020%2F02%2F01%2Fneue-musik-musikfeature-soundart-die-radio-woche-vom-03-02-bis-09-02-2020%2F\" title=\"Bei Mastodon teilen\" aria-label=\"Bei Mastodon teilen\" role=\"button\" rel=\"noopener nofollow\" class=\"shariff-link\" style=\"; background-color:#6364FF; color:#fff\" target=\"_blank\"><span class=\"shariff-icon\" style=\"\"><svg width=\"75\" height=\"79\" viewBox=\"0 0 75 79\" fill=\"none\" xmlns=\"http:\/\/www.w3.org\/2000\/svg\"><path d=\"M37.813-.025C32.462-.058 27.114.13 21.79.598c-8.544.621-17.214 5.58-20.203 13.931C-1.12 23.318.408 32.622.465 41.65c.375 7.316.943 14.78 3.392 21.73 4.365 9.465 14.781 14.537 24.782 15.385 7.64.698 15.761-.213 22.517-4.026a54.1 54.1 0 0 0 .01-6.232c-6.855 1.316-14.101 2.609-21.049 1.074-3.883-.88-6.876-4.237-7.25-8.215-1.53-3.988 3.78-.43 5.584-.883 9.048 1.224 18.282.776 27.303-.462 7.044-.837 14.26-4.788 16.65-11.833 2.263-6.135 1.215-12.79 1.698-19.177.06-3.84.09-7.692-.262-11.52C72.596 7.844 63.223.981 53.834.684a219.453 219.453 0 0 0-16.022-.71zm11.294 12.882c5.5-.067 10.801 4.143 11.67 9.653.338 1.48.471 3 .471 4.515v21.088h-8.357c-.07-7.588.153-15.182-.131-22.765-.587-4.368-7.04-5.747-9.672-2.397-2.422 3.04-1.47 7.155-1.67 10.735v6.392h-8.307c-.146-4.996.359-10.045-.404-15.002-1.108-4.218-7.809-5.565-10.094-1.666-1.685 3.046-.712 6.634-.976 9.936v14.767h-8.354c.109-8.165-.238-16.344.215-24.5.674-5.346 5.095-10.389 10.676-10.627 4.902-.739 10.103 2.038 12.053 6.631.375 1.435 1.76 1.932 1.994.084 1.844-3.704 5.501-6.739 9.785-6.771.367-.044.735-.068 1.101-.073z\"\/><defs><linearGradient id=\"paint0_linear_549_34\" x1=\"37.0692\" y1=\"0\" x2=\"37.0692\" y2=\"79\" gradientUnits=\"userSpaceOnUse\"><stop stop-color=\"#6364FF\"\/><stop offset=\"1\" stop-color=\"#563ACC\"\/><\/linearGradient><\/defs><\/svg><\/span><span class=\"shariff-text\">teilen<\/span>&nbsp;<\/a><\/li><li class=\"shariff-button bluesky shariff-nocustomcolor\" style=\"background-color:#84c4ff\"><a href=\"https:\/\/bsky.app\/intent\/compose?text=Neue%20Musik%20%2F%20Musikfeature%20%2F%20SoundArt%3A%20Die%20Radio-Woche%20vom%2003.02.%20bis%2009.02.2020 https%3A%2F%2Fblogs.nmz.de%2Fbadblog%2F2020%2F02%2F01%2Fneue-musik-musikfeature-soundart-die-radio-woche-vom-03-02-bis-09-02-2020%2F \" title=\"Bei Bluesky teilen\" aria-label=\"Bei Bluesky teilen\" role=\"button\" rel=\"noopener nofollow\" class=\"shariff-link\" style=\"; background-color:#0085ff; color:#fff\" target=\"_blank\"><span class=\"shariff-icon\" style=\"\"><svg width=\"20\" height=\"20\" version=\"1.1\" xmlns=\"http:\/\/www.w3.org\/2000\/svg\" viewBox=\"0 0 20 20\"><path class=\"st0\" d=\"M4.89,3.12c2.07,1.55,4.3,4.71,5.11,6.4.82-1.69,3.04-4.84,5.11-6.4,1.49-1.12,3.91-1.99,3.91.77,0,.55-.32,4.63-.5,5.3-.64,2.3-2.99,2.89-5.08,2.54,3.65.62,4.58,2.68,2.57,4.74-3.81,3.91-5.48-.98-5.9-2.23-.08-.23-.11-.34-.12-.25,0-.09-.04.02-.12.25-.43,1.25-2.09,6.14-5.9,2.23-2.01-2.06-1.08-4.12,2.57-4.74-2.09.36-4.44-.23-5.08-2.54-.19-.66-.5-4.74-.5-5.3,0-2.76,2.42-1.89,3.91-.77h0Z\"\/><\/svg><\/span><span class=\"shariff-text\">teilen<\/span>&nbsp;<\/a><\/li><li class=\"shariff-button facebook shariff-nocustomcolor\" style=\"background-color:#4273c8\"><a href=\"https:\/\/www.facebook.com\/sharer\/sharer.php?u=https%3A%2F%2Fblogs.nmz.de%2Fbadblog%2F2020%2F02%2F01%2Fneue-musik-musikfeature-soundart-die-radio-woche-vom-03-02-bis-09-02-2020%2F\" title=\"Bei Facebook teilen\" aria-label=\"Bei Facebook teilen\" role=\"button\" rel=\"nofollow\" class=\"shariff-link\" style=\"; background-color:#3b5998; color:#fff\" target=\"_blank\"><span class=\"shariff-icon\" style=\"\"><svg width=\"32px\" height=\"20px\" xmlns=\"http:\/\/www.w3.org\/2000\/svg\" viewBox=\"0 0 18 32\"><path fill=\"#3b5998\" d=\"M17.1 0.2v4.7h-2.8q-1.5 0-2.1 0.6t-0.5 1.9v3.4h5.2l-0.7 5.3h-4.5v13.6h-5.5v-13.6h-4.5v-5.3h4.5v-3.9q0-3.3 1.9-5.2t5-1.8q2.6 0 4.1 0.2z\"\/><\/svg><\/span><span class=\"shariff-text\">teilen<\/span>&nbsp;<\/a><\/li><li class=\"shariff-button threema shariff-nocustomcolor shariff-mobile\" style=\"background-color:#4fbc24\"><a href=\"threema:\/\/compose?text=Neue%20Musik%20%2F%20Musikfeature%20%2F%20SoundArt%3A%20Die%20Radio-Woche%20vom%2003.02.%20bis%2009.02.2020%20https%3A%2F%2Fblogs.nmz.de%2Fbadblog%2F2020%2F02%2F01%2Fneue-musik-musikfeature-soundart-die-radio-woche-vom-03-02-bis-09-02-2020%2F\" title=\"Bei Threema teilen\" aria-label=\"Bei Threema teilen\" role=\"button\" rel=\"noopener nofollow\" class=\"shariff-link\" style=\"; background-color:#1f1f1f; color:#fff\" target=\"_blank\"><span class=\"shariff-icon\" style=\"\"><svg width=\"32px\" height=\"20px\" xmlns=\"http:\/\/www.w3.org\/2000\/svg\" viewBox=\"0 0 32 32\"><path fill=\"#1f1f1f\" d=\"M30.8 10.9c-0.3-1.4-0.9-2.6-1.8-3.8-2-2.6-5.5-4.5-9.4-5.2-1.3-0.2-1.9-0.3-3.5-0.3s-2.2 0-3.5 0.3c-4 0.7-7.4 2.6-9.4 5.2-0.9 1.2-1.5 2.4-1.8 3.8-0.1 0.5-0.2 1.2-0.2 1.6 0 0.4 0.1 1.1 0.2 1.6 0.4 1.9 1.3 3.4 2.9 5 0.8 0.8 0.8 0.8 0.7 1.3 0 0.6-0.5 1.6-1.7 3.6-0.3 0.5-0.5 0.9-0.5 0.9 0 0.1 0.1 0.1 0.5 0 0.8-0.2 2.3-0.6 5.6-1.6 1.1-0.3 1.3-0.4 2.3-0.4 0.8 0 1.1 0 2.3 0.2 1.5 0.2 3.5 0.2 4.9 0 5.1-0.6 9.3-2.9 11.4-6.3 0.5-0.9 0.9-1.8 1.1-2.8 0.1-0.5 0.2-1.1 0.2-1.6 0-0.7-0.1-1.1-0.2-1.6-0.3-1.4 0.1 0.5 0 0zM20.6 17.3c0 0.4-0.4 0.8-0.8 0.8h-7.7c-0.4 0-0.8-0.4-0.8-0.8v-4.6c0-0.4 0.4-0.8 0.8-0.8h0.2l0-1.6c0-0.9 0-1.8 0.1-2 0.1-0.6 0.6-1.2 1.1-1.7s1.1-0.7 1.9-0.8c1.8-0.3 3.7 0.7 4.2 2.2 0.1 0.3 0.1 0.7 0.1 2.1v0 1.7h0.1c0.4 0 0.8 0.4 0.8 0.8v4.6zM15.6 7.3c-0.5 0.1-0.8 0.3-1.2 0.6s-0.6 0.8-0.7 1.3c0 0.2 0 0.8 0 1.5l0 1.2h4.6v-1.3c0-1 0-1.4-0.1-1.6-0.3-1.1-1.5-1.9-2.6-1.7zM25.8 28.2c0 1.2-1 2.2-2.1 2.2s-2.1-1-2.1-2.1c0-1.2 1-2.1 2.2-2.1s2.2 1 2.2 2.2zM18.1 28.2c0 1.2-1 2.2-2.1 2.2s-2.1-1-2.1-2.1c0-1.2 1-2.1 2.2-2.1s2.2 1 2.2 2.2zM10.4 28.2c0 1.2-1 2.2-2.1 2.2s-2.1-1-2.1-2.1c0-1.2 1-2.1 2.2-2.1s2.2 1 2.2 2.2z\"\/><\/svg><\/span><span class=\"shariff-text\">teilen<\/span>&nbsp;<\/a><\/li><li class=\"shariff-button linkedin shariff-nocustomcolor\" style=\"background-color:#1488bf\"><a href=\"https:\/\/www.linkedin.com\/sharing\/share-offsite\/?url=https%3A%2F%2Fblogs.nmz.de%2Fbadblog%2F2020%2F02%2F01%2Fneue-musik-musikfeature-soundart-die-radio-woche-vom-03-02-bis-09-02-2020%2F\" title=\"Bei LinkedIn teilen\" aria-label=\"Bei LinkedIn teilen\" role=\"button\" rel=\"noopener nofollow\" class=\"shariff-link\" style=\"; background-color:#0077b5; color:#fff\" target=\"_blank\"><span class=\"shariff-icon\" style=\"\"><svg width=\"32px\" height=\"20px\" xmlns=\"http:\/\/www.w3.org\/2000\/svg\" viewBox=\"0 0 27 32\"><path fill=\"#0077b5\" d=\"M6.2 11.2v17.7h-5.9v-17.7h5.9zM6.6 5.7q0 1.3-0.9 2.2t-2.4 0.9h0q-1.5 0-2.4-0.9t-0.9-2.2 0.9-2.2 2.4-0.9 2.4 0.9 0.9 2.2zM27.4 18.7v10.1h-5.9v-9.5q0-1.9-0.7-2.9t-2.3-1.1q-1.1 0-1.9 0.6t-1.2 1.5q-0.2 0.5-0.2 1.4v9.9h-5.9q0-7.1 0-11.6t0-5.3l0-0.9h5.9v2.6h0q0.4-0.6 0.7-1t1-0.9 1.6-0.8 2-0.3q3 0 4.9 2t1.9 6z\"\/><\/svg><\/span><span class=\"shariff-text\">teilen<\/span>&nbsp;<\/a><\/li><li class=\"shariff-button info shariff-nocustomcolor\" style=\"background-color:#eee\"><a href=\"http:\/\/ct.de\/-2467514\" title=\"Weitere Informationen\" aria-label=\"Weitere Informationen\" role=\"button\" rel=\"noopener \" class=\"shariff-link\" style=\"; background-color:#fff; color:#fff\" target=\"_blank\"><span class=\"shariff-icon\" style=\"\"><svg width=\"32px\" height=\"20px\" xmlns=\"http:\/\/www.w3.org\/2000\/svg\" viewBox=\"0 0 11 32\"><path fill=\"#999\" d=\"M11.4 24v2.3q0 0.5-0.3 0.8t-0.8 0.4h-9.1q-0.5 0-0.8-0.4t-0.4-0.8v-2.3q0-0.5 0.4-0.8t0.8-0.4h1.1v-6.8h-1.1q-0.5 0-0.8-0.4t-0.4-0.8v-2.3q0-0.5 0.4-0.8t0.8-0.4h6.8q0.5 0 0.8 0.4t0.4 0.8v10.3h1.1q0.5 0 0.8 0.4t0.3 0.8zM9.2 3.4v3.4q0 0.5-0.4 0.8t-0.8 0.4h-4.6q-0.4 0-0.8-0.4t-0.4-0.8v-3.4q0-0.4 0.4-0.8t0.8-0.4h4.6q0.5 0 0.8 0.4t0.4 0.8z\"\/><\/svg><\/span><\/a><\/li><\/ul><\/div>","protected":false},"excerpt":{"rendered":"<p>Neue Musik und Musikfeatures in der Kalenderwoche 06. Themen: Meisterkurs Orchesterkomposition \u2013 \u201eKonflikt und Erf&#252;llung\u201c \u2013 Junge Komponierende und das Symphonieorchester | Erik O\u00f1a | Die K&#252;nstlerfreundschaft zwischen John Cage und Pierre Boulez | Ultraschall Berlin 2020 | Das Berliner Label \u201eTochnit Aleph\u201c | Neue Musik: Auf den Fl&#252;geln der&#46;&#46;&#46;<\/p>\n<div class=\"shariff shariff-align-left shariff-widget-align-left\" style=\"display:none\"><div class=\"ShariffHeadline\"> <\/div><ul class=\"shariff-buttons theme-default orientation-horizontal buttonsize-small\"><li class=\"shariff-button mastodon shariff-nocustomcolor\" style=\"background-color:#563ACC\"><a href=\"https:\/\/s2f.kytta.dev\/?text=Neue%20Musik%20%2F%20Musikfeature%20%2F%20SoundArt%3A%20Die%20Radio-Woche%20vom%2003.02.%20bis%2009.02.2020 https%3A%2F%2Fblogs.nmz.de%2Fbadblog%2F2020%2F02%2F01%2Fneue-musik-musikfeature-soundart-die-radio-woche-vom-03-02-bis-09-02-2020%2F\" title=\"Bei Mastodon teilen\" aria-label=\"Bei Mastodon teilen\" role=\"button\" rel=\"noopener nofollow\" class=\"shariff-link\" style=\"; background-color:#6364FF; color:#fff\" target=\"_blank\"><span class=\"shariff-icon\" style=\"\"><svg width=\"75\" height=\"79\" viewBox=\"0 0 75 79\" fill=\"none\" xmlns=\"http:\/\/www.w3.org\/2000\/svg\"><path d=\"M37.813-.025C32.462-.058 27.114.13 21.79.598c-8.544.621-17.214 5.58-20.203 13.931C-1.12 23.318.408 32.622.465 41.65c.375 7.316.943 14.78 3.392 21.73 4.365 9.465 14.781 14.537 24.782 15.385 7.64.698 15.761-.213 22.517-4.026a54.1 54.1 0 0 0 .01-6.232c-6.855 1.316-14.101 2.609-21.049 1.074-3.883-.88-6.876-4.237-7.25-8.215-1.53-3.988 3.78-.43 5.584-.883 9.048 1.224 18.282.776 27.303-.462 7.044-.837 14.26-4.788 16.65-11.833 2.263-6.135 1.215-12.79 1.698-19.177.06-3.84.09-7.692-.262-11.52C72.596 7.844 63.223.981 53.834.684a219.453 219.453 0 0 0-16.022-.71zm11.294 12.882c5.5-.067 10.801 4.143 11.67 9.653.338 1.48.471 3 .471 4.515v21.088h-8.357c-.07-7.588.153-15.182-.131-22.765-.587-4.368-7.04-5.747-9.672-2.397-2.422 3.04-1.47 7.155-1.67 10.735v6.392h-8.307c-.146-4.996.359-10.045-.404-15.002-1.108-4.218-7.809-5.565-10.094-1.666-1.685 3.046-.712 6.634-.976 9.936v14.767h-8.354c.109-8.165-.238-16.344.215-24.5.674-5.346 5.095-10.389 10.676-10.627 4.902-.739 10.103 2.038 12.053 6.631.375 1.435 1.76 1.932 1.994.084 1.844-3.704 5.501-6.739 9.785-6.771.367-.044.735-.068 1.101-.073z\"\/><defs><linearGradient id=\"paint0_linear_549_34\" x1=\"37.0692\" y1=\"0\" x2=\"37.0692\" y2=\"79\" gradientUnits=\"userSpaceOnUse\"><stop stop-color=\"#6364FF\"\/><stop offset=\"1\" stop-color=\"#563ACC\"\/><\/linearGradient><\/defs><\/svg><\/span><span class=\"shariff-text\">teilen<\/span>&nbsp;<\/a><\/li><li class=\"shariff-button bluesky shariff-nocustomcolor\" style=\"background-color:#84c4ff\"><a href=\"https:\/\/bsky.app\/intent\/compose?text=Neue%20Musik%20%2F%20Musikfeature%20%2F%20SoundArt%3A%20Die%20Radio-Woche%20vom%2003.02.%20bis%2009.02.2020 https%3A%2F%2Fblogs.nmz.de%2Fbadblog%2F2020%2F02%2F01%2Fneue-musik-musikfeature-soundart-die-radio-woche-vom-03-02-bis-09-02-2020%2F \" title=\"Bei Bluesky teilen\" aria-label=\"Bei Bluesky teilen\" role=\"button\" rel=\"noopener nofollow\" class=\"shariff-link\" style=\"; background-color:#0085ff; color:#fff\" target=\"_blank\"><span class=\"shariff-icon\" style=\"\"><svg width=\"20\" height=\"20\" version=\"1.1\" xmlns=\"http:\/\/www.w3.org\/2000\/svg\" viewBox=\"0 0 20 20\"><path class=\"st0\" d=\"M4.89,3.12c2.07,1.55,4.3,4.71,5.11,6.4.82-1.69,3.04-4.84,5.11-6.4,1.49-1.12,3.91-1.99,3.91.77,0,.55-.32,4.63-.5,5.3-.64,2.3-2.99,2.89-5.08,2.54,3.65.62,4.58,2.68,2.57,4.74-3.81,3.91-5.48-.98-5.9-2.23-.08-.23-.11-.34-.12-.25,0-.09-.04.02-.12.25-.43,1.25-2.09,6.14-5.9,2.23-2.01-2.06-1.08-4.12,2.57-4.74-2.09.36-4.44-.23-5.08-2.54-.19-.66-.5-4.74-.5-5.3,0-2.76,2.42-1.89,3.91-.77h0Z\"\/><\/svg><\/span><span class=\"shariff-text\">teilen<\/span>&nbsp;<\/a><\/li><li class=\"shariff-button facebook shariff-nocustomcolor\" style=\"background-color:#4273c8\"><a href=\"https:\/\/www.facebook.com\/sharer\/sharer.php?u=https%3A%2F%2Fblogs.nmz.de%2Fbadblog%2F2020%2F02%2F01%2Fneue-musik-musikfeature-soundart-die-radio-woche-vom-03-02-bis-09-02-2020%2F\" title=\"Bei Facebook teilen\" aria-label=\"Bei Facebook teilen\" role=\"button\" rel=\"nofollow\" class=\"shariff-link\" style=\"; background-color:#3b5998; color:#fff\" target=\"_blank\"><span class=\"shariff-icon\" style=\"\"><svg width=\"32px\" height=\"20px\" xmlns=\"http:\/\/www.w3.org\/2000\/svg\" viewBox=\"0 0 18 32\"><path fill=\"#3b5998\" d=\"M17.1 0.2v4.7h-2.8q-1.5 0-2.1 0.6t-0.5 1.9v3.4h5.2l-0.7 5.3h-4.5v13.6h-5.5v-13.6h-4.5v-5.3h4.5v-3.9q0-3.3 1.9-5.2t5-1.8q2.6 0 4.1 0.2z\"\/><\/svg><\/span><span class=\"shariff-text\">teilen<\/span>&nbsp;<\/a><\/li><li class=\"shariff-button threema shariff-nocustomcolor shariff-mobile\" style=\"background-color:#4fbc24\"><a href=\"threema:\/\/compose?text=Neue%20Musik%20%2F%20Musikfeature%20%2F%20SoundArt%3A%20Die%20Radio-Woche%20vom%2003.02.%20bis%2009.02.2020%20https%3A%2F%2Fblogs.nmz.de%2Fbadblog%2F2020%2F02%2F01%2Fneue-musik-musikfeature-soundart-die-radio-woche-vom-03-02-bis-09-02-2020%2F\" title=\"Bei Threema teilen\" aria-label=\"Bei Threema teilen\" role=\"button\" rel=\"noopener nofollow\" class=\"shariff-link\" style=\"; background-color:#1f1f1f; color:#fff\" target=\"_blank\"><span class=\"shariff-icon\" style=\"\"><svg width=\"32px\" height=\"20px\" xmlns=\"http:\/\/www.w3.org\/2000\/svg\" viewBox=\"0 0 32 32\"><path fill=\"#1f1f1f\" d=\"M30.8 10.9c-0.3-1.4-0.9-2.6-1.8-3.8-2-2.6-5.5-4.5-9.4-5.2-1.3-0.2-1.9-0.3-3.5-0.3s-2.2 0-3.5 0.3c-4 0.7-7.4 2.6-9.4 5.2-0.9 1.2-1.5 2.4-1.8 3.8-0.1 0.5-0.2 1.2-0.2 1.6 0 0.4 0.1 1.1 0.2 1.6 0.4 1.9 1.3 3.4 2.9 5 0.8 0.8 0.8 0.8 0.7 1.3 0 0.6-0.5 1.6-1.7 3.6-0.3 0.5-0.5 0.9-0.5 0.9 0 0.1 0.1 0.1 0.5 0 0.8-0.2 2.3-0.6 5.6-1.6 1.1-0.3 1.3-0.4 2.3-0.4 0.8 0 1.1 0 2.3 0.2 1.5 0.2 3.5 0.2 4.9 0 5.1-0.6 9.3-2.9 11.4-6.3 0.5-0.9 0.9-1.8 1.1-2.8 0.1-0.5 0.2-1.1 0.2-1.6 0-0.7-0.1-1.1-0.2-1.6-0.3-1.4 0.1 0.5 0 0zM20.6 17.3c0 0.4-0.4 0.8-0.8 0.8h-7.7c-0.4 0-0.8-0.4-0.8-0.8v-4.6c0-0.4 0.4-0.8 0.8-0.8h0.2l0-1.6c0-0.9 0-1.8 0.1-2 0.1-0.6 0.6-1.2 1.1-1.7s1.1-0.7 1.9-0.8c1.8-0.3 3.7 0.7 4.2 2.2 0.1 0.3 0.1 0.7 0.1 2.1v0 1.7h0.1c0.4 0 0.8 0.4 0.8 0.8v4.6zM15.6 7.3c-0.5 0.1-0.8 0.3-1.2 0.6s-0.6 0.8-0.7 1.3c0 0.2 0 0.8 0 1.5l0 1.2h4.6v-1.3c0-1 0-1.4-0.1-1.6-0.3-1.1-1.5-1.9-2.6-1.7zM25.8 28.2c0 1.2-1 2.2-2.1 2.2s-2.1-1-2.1-2.1c0-1.2 1-2.1 2.2-2.1s2.2 1 2.2 2.2zM18.1 28.2c0 1.2-1 2.2-2.1 2.2s-2.1-1-2.1-2.1c0-1.2 1-2.1 2.2-2.1s2.2 1 2.2 2.2zM10.4 28.2c0 1.2-1 2.2-2.1 2.2s-2.1-1-2.1-2.1c0-1.2 1-2.1 2.2-2.1s2.2 1 2.2 2.2z\"\/><\/svg><\/span><span class=\"shariff-text\">teilen<\/span>&nbsp;<\/a><\/li><li class=\"shariff-button linkedin shariff-nocustomcolor\" style=\"background-color:#1488bf\"><a href=\"https:\/\/www.linkedin.com\/sharing\/share-offsite\/?url=https%3A%2F%2Fblogs.nmz.de%2Fbadblog%2F2020%2F02%2F01%2Fneue-musik-musikfeature-soundart-die-radio-woche-vom-03-02-bis-09-02-2020%2F\" title=\"Bei LinkedIn teilen\" aria-label=\"Bei LinkedIn teilen\" role=\"button\" rel=\"noopener nofollow\" class=\"shariff-link\" style=\"; background-color:#0077b5; color:#fff\" target=\"_blank\"><span class=\"shariff-icon\" style=\"\"><svg width=\"32px\" height=\"20px\" xmlns=\"http:\/\/www.w3.org\/2000\/svg\" viewBox=\"0 0 27 32\"><path fill=\"#0077b5\" d=\"M6.2 11.2v17.7h-5.9v-17.7h5.9zM6.6 5.7q0 1.3-0.9 2.2t-2.4 0.9h0q-1.5 0-2.4-0.9t-0.9-2.2 0.9-2.2 2.4-0.9 2.4 0.9 0.9 2.2zM27.4 18.7v10.1h-5.9v-9.5q0-1.9-0.7-2.9t-2.3-1.1q-1.1 0-1.9 0.6t-1.2 1.5q-0.2 0.5-0.2 1.4v9.9h-5.9q0-7.1 0-11.6t0-5.3l0-0.9h5.9v2.6h0q0.4-0.6 0.7-1t1-0.9 1.6-0.8 2-0.3q3 0 4.9 2t1.9 6z\"\/><\/svg><\/span><span class=\"shariff-text\">teilen<\/span>&nbsp;<\/a><\/li><li class=\"shariff-button info shariff-nocustomcolor\" style=\"background-color:#eee\"><a href=\"http:\/\/ct.de\/-2467514\" title=\"Weitere Informationen\" aria-label=\"Weitere Informationen\" role=\"button\" rel=\"noopener \" class=\"shariff-link\" style=\"; background-color:#fff; color:#fff\" target=\"_blank\"><span class=\"shariff-icon\" style=\"\"><svg width=\"32px\" height=\"20px\" xmlns=\"http:\/\/www.w3.org\/2000\/svg\" viewBox=\"0 0 11 32\"><path fill=\"#999\" d=\"M11.4 24v2.3q0 0.5-0.3 0.8t-0.8 0.4h-9.1q-0.5 0-0.8-0.4t-0.4-0.8v-2.3q0-0.5 0.4-0.8t0.8-0.4h1.1v-6.8h-1.1q-0.5 0-0.8-0.4t-0.4-0.8v-2.3q0-0.5 0.4-0.8t0.8-0.4h6.8q0.5 0 0.8 0.4t0.4 0.8v10.3h1.1q0.5 0 0.8 0.4t0.3 0.8zM9.2 3.4v3.4q0 0.5-0.4 0.8t-0.8 0.4h-4.6q-0.4 0-0.8-0.4t-0.4-0.8v-3.4q0-0.4 0.4-0.8t0.8-0.4h4.6q0.5 0 0.8 0.4t0.4 0.8z\"\/><\/svg><\/span><\/a><\/li><\/ul><\/div>","protected":false},"author":590,"featured_media":14800,"comment_status":"open","ping_status":"open","sticky":false,"template":"","format":"standard","meta":{"jetpack_post_was_ever_published":false,"_jetpack_newsletter_access":"","_jetpack_dont_email_post_to_subs":false,"_jetpack_newsletter_tier_id":0,"_jetpack_memberships_contains_paywalled_content":false,"_jetpack_memberships_contains_paid_content":false,"footnotes":""},"categories":[2892,14853],"tags":[14876],"class_list":["post-21163","post","type-post","status-publish","format-standard","has-post-thumbnail","hentry","category-deutsch","category-radiomedien","tag-neue-musik-im-radio"],"yoast_head":"<!-- This site is optimized with the Yoast SEO plugin v27.5 - https:\/\/yoast.com\/product\/yoast-seo-wordpress\/ -->\n<title>Neue Musik \/ Musikfeature \/ SoundArt: Die Radio-Woche vom 03.02. bis 09.02.2020 &#8211; Bad Blog Of Musick - nmz Klassik-Blog<\/title>\n<meta name=\"description\" content=\"Bad Blog Of Musick \u2013 Ein Klassik-Blog und das wahrscheinlich bedeutendste Musik-Blog zur zeitgen\u00f6ssischen und klassischen Musikkultur\" \/>\n<meta name=\"robots\" content=\"index, follow, max-snippet:-1, max-image-preview:large, max-video-preview:-1\" \/>\n<link rel=\"canonical\" href=\"https:\/\/blogs.nmz.de\/badblog\/2020\/02\/01\/neue-musik-musikfeature-soundart-die-radio-woche-vom-03-02-bis-09-02-2020\/\" \/>\n<meta property=\"og:locale\" content=\"de_DE\" \/>\n<meta property=\"og:type\" content=\"article\" \/>\n<meta property=\"og:title\" content=\"Neue Musik \/ Musikfeature \/ SoundArt: Die Radio-Woche vom 03.02. bis 09.02.2020 &#8211; Bad Blog Of Musick - nmz Klassik-Blog\" \/>\n<meta property=\"og:description\" content=\"Bad Blog Of Musick \u2013 Ein Klassik-Blog und das wahrscheinlich bedeutendste Musik-Blog zur zeitgen\u00f6ssischen und klassischen Musikkultur\" \/>\n<meta property=\"og:url\" content=\"https:\/\/blogs.nmz.de\/badblog\/2020\/02\/01\/neue-musik-musikfeature-soundart-die-radio-woche-vom-03-02-bis-09-02-2020\/\" \/>\n<meta property=\"og:site_name\" content=\"Bad Blog Of Musick\" \/>\n<meta property=\"article:publisher\" content=\"https:\/\/www.facebook.com\/musikzeitung\" \/>\n<meta property=\"article:published_time\" content=\"2020-02-01T17:00:59+00:00\" \/>\n<meta property=\"og:image\" content=\"https:\/\/i1.wp.com\/blogs.nmz.de\/badblog\/files\/2017\/02\/huf-np-radio-musik-final.jpg?fit=2048%2C1536&ssl=1\" \/>\n\t<meta property=\"og:image:width\" content=\"2048\" \/>\n\t<meta property=\"og:image:height\" content=\"1536\" \/>\n\t<meta property=\"og:image:type\" content=\"image\/jpeg\" \/>\n<meta name=\"author\" content=\"Der Radiofrau\" \/>\n<meta name=\"twitter:card\" content=\"summary_large_image\" \/>\n<meta name=\"twitter:creator\" content=\"@musikzeitung\" \/>\n<meta name=\"twitter:site\" content=\"@musikzeitung\" \/>\n<meta name=\"twitter:label1\" content=\"Verfasst von\" \/>\n\t<meta name=\"twitter:data1\" content=\"Der Radiofrau\" \/>\n\t<meta name=\"twitter:label2\" content=\"Gesch\u00e4tzte Lesezeit\" \/>\n\t<meta name=\"twitter:data2\" content=\"18\u00a0Minuten\" \/>\n<script type=\"application\/ld+json\" class=\"yoast-schema-graph\">{\"@context\":\"https:\\\/\\\/schema.org\",\"@graph\":[{\"@type\":\"Article\",\"@id\":\"https:\\\/\\\/blogs.nmz.de\\\/badblog\\\/2020\\\/02\\\/01\\\/neue-musik-musikfeature-soundart-die-radio-woche-vom-03-02-bis-09-02-2020\\\/#article\",\"isPartOf\":{\"@id\":\"https:\\\/\\\/blogs.nmz.de\\\/badblog\\\/2020\\\/02\\\/01\\\/neue-musik-musikfeature-soundart-die-radio-woche-vom-03-02-bis-09-02-2020\\\/\"},\"author\":{\"name\":\"Der Radiofrau\",\"@id\":\"https:\\\/\\\/blogs.nmz.de\\\/badblog\\\/#\\\/schema\\\/person\\\/f40fa3b57b0ad5fd0e139d3aca42c60f\"},\"headline\":\"Neue Musik \\\/ Musikfeature \\\/ SoundArt: Die Radio-Woche vom 03.02. bis 09.02.2020\",\"datePublished\":\"2020-02-01T17:00:59+00:00\",\"mainEntityOfPage\":{\"@id\":\"https:\\\/\\\/blogs.nmz.de\\\/badblog\\\/2020\\\/02\\\/01\\\/neue-musik-musikfeature-soundart-die-radio-woche-vom-03-02-bis-09-02-2020\\\/\"},\"wordCount\":3648,\"commentCount\":0,\"publisher\":{\"@id\":\"https:\\\/\\\/blogs.nmz.de\\\/badblog\\\/#organization\"},\"image\":{\"@id\":\"https:\\\/\\\/blogs.nmz.de\\\/badblog\\\/2020\\\/02\\\/01\\\/neue-musik-musikfeature-soundart-die-radio-woche-vom-03-02-bis-09-02-2020\\\/#primaryimage\"},\"thumbnailUrl\":\"https:\\\/\\\/i0.wp.com\\\/blogs.nmz.de\\\/badblog\\\/files\\\/2017\\\/02\\\/huf-np-radio-musik-final.jpg?fit=2048%2C1536&ssl=1\",\"keywords\":[\"Neue Musik im Radio\"],\"articleSection\":[\"Deutsch\",\"Radio\\\/Medien\"],\"inLanguage\":\"de\",\"potentialAction\":[{\"@type\":\"CommentAction\",\"name\":\"Comment\",\"target\":[\"https:\\\/\\\/blogs.nmz.de\\\/badblog\\\/2020\\\/02\\\/01\\\/neue-musik-musikfeature-soundart-die-radio-woche-vom-03-02-bis-09-02-2020\\\/#respond\"]}]},{\"@type\":\"WebPage\",\"@id\":\"https:\\\/\\\/blogs.nmz.de\\\/badblog\\\/2020\\\/02\\\/01\\\/neue-musik-musikfeature-soundart-die-radio-woche-vom-03-02-bis-09-02-2020\\\/\",\"url\":\"https:\\\/\\\/blogs.nmz.de\\\/badblog\\\/2020\\\/02\\\/01\\\/neue-musik-musikfeature-soundart-die-radio-woche-vom-03-02-bis-09-02-2020\\\/\",\"name\":\"Neue Musik \\\/ Musikfeature \\\/ SoundArt: Die Radio-Woche vom 03.02. bis 09.02.2020 &#8211; Bad Blog Of Musick - nmz Klassik-Blog\",\"isPartOf\":{\"@id\":\"https:\\\/\\\/blogs.nmz.de\\\/badblog\\\/#website\"},\"primaryImageOfPage\":{\"@id\":\"https:\\\/\\\/blogs.nmz.de\\\/badblog\\\/2020\\\/02\\\/01\\\/neue-musik-musikfeature-soundart-die-radio-woche-vom-03-02-bis-09-02-2020\\\/#primaryimage\"},\"image\":{\"@id\":\"https:\\\/\\\/blogs.nmz.de\\\/badblog\\\/2020\\\/02\\\/01\\\/neue-musik-musikfeature-soundart-die-radio-woche-vom-03-02-bis-09-02-2020\\\/#primaryimage\"},\"thumbnailUrl\":\"https:\\\/\\\/i0.wp.com\\\/blogs.nmz.de\\\/badblog\\\/files\\\/2017\\\/02\\\/huf-np-radio-musik-final.jpg?fit=2048%2C1536&ssl=1\",\"datePublished\":\"2020-02-01T17:00:59+00:00\",\"description\":\"Bad Blog Of Musick \u2013 Ein Klassik-Blog und das wahrscheinlich bedeutendste Musik-Blog zur zeitgen\u00f6ssischen und klassischen Musikkultur\",\"breadcrumb\":{\"@id\":\"https:\\\/\\\/blogs.nmz.de\\\/badblog\\\/2020\\\/02\\\/01\\\/neue-musik-musikfeature-soundart-die-radio-woche-vom-03-02-bis-09-02-2020\\\/#breadcrumb\"},\"inLanguage\":\"de\",\"potentialAction\":[{\"@type\":\"ReadAction\",\"target\":[\"https:\\\/\\\/blogs.nmz.de\\\/badblog\\\/2020\\\/02\\\/01\\\/neue-musik-musikfeature-soundart-die-radio-woche-vom-03-02-bis-09-02-2020\\\/\"]}]},{\"@type\":\"ImageObject\",\"inLanguage\":\"de\",\"@id\":\"https:\\\/\\\/blogs.nmz.de\\\/badblog\\\/2020\\\/02\\\/01\\\/neue-musik-musikfeature-soundart-die-radio-woche-vom-03-02-bis-09-02-2020\\\/#primaryimage\",\"url\":\"https:\\\/\\\/i0.wp.com\\\/blogs.nmz.de\\\/badblog\\\/files\\\/2017\\\/02\\\/huf-np-radio-musik-final.jpg?fit=2048%2C1536&ssl=1\",\"contentUrl\":\"https:\\\/\\\/i0.wp.com\\\/blogs.nmz.de\\\/badblog\\\/files\\\/2017\\\/02\\\/huf-np-radio-musik-final.jpg?fit=2048%2C1536&ssl=1\",\"width\":2048,\"height\":1536,\"caption\":\"Radio Neue Musik. Montage: Hufner\"},{\"@type\":\"BreadcrumbList\",\"@id\":\"https:\\\/\\\/blogs.nmz.de\\\/badblog\\\/2020\\\/02\\\/01\\\/neue-musik-musikfeature-soundart-die-radio-woche-vom-03-02-bis-09-02-2020\\\/#breadcrumb\",\"itemListElement\":[{\"@type\":\"ListItem\",\"position\":1,\"name\":\"Startseite\",\"item\":\"https:\\\/\\\/blogs.nmz.de\\\/badblog\\\/\"},{\"@type\":\"ListItem\",\"position\":2,\"name\":\"Neue Musik \\\/ Musikfeature \\\/ SoundArt: Die Radio-Woche vom 03.02. bis 09.02.2020\"}]},{\"@type\":\"WebSite\",\"@id\":\"https:\\\/\\\/blogs.nmz.de\\\/badblog\\\/#website\",\"url\":\"https:\\\/\\\/blogs.nmz.de\\\/badblog\\\/\",\"name\":\"Bad Blog Of Musick\",\"description\":\"Das bedeutendste Blog zur zeitgen\u00f6ssischen Musikkultur\",\"publisher\":{\"@id\":\"https:\\\/\\\/blogs.nmz.de\\\/badblog\\\/#organization\"},\"potentialAction\":[{\"@type\":\"SearchAction\",\"target\":{\"@type\":\"EntryPoint\",\"urlTemplate\":\"https:\\\/\\\/blogs.nmz.de\\\/badblog\\\/?s={search_term_string}\"},\"query-input\":{\"@type\":\"PropertyValueSpecification\",\"valueRequired\":true,\"valueName\":\"search_term_string\"}}],\"inLanguage\":\"de\"},{\"@type\":\"Organization\",\"@id\":\"https:\\\/\\\/blogs.nmz.de\\\/badblog\\\/#organization\",\"name\":\"Bad Blog Of Musick\",\"alternateName\":\"Ein Klassik-Blog zur Musik\",\"url\":\"https:\\\/\\\/blogs.nmz.de\\\/badblog\\\/\",\"logo\":{\"@type\":\"ImageObject\",\"inLanguage\":\"de\",\"@id\":\"https:\\\/\\\/blogs.nmz.de\\\/badblog\\\/#\\\/schema\\\/logo\\\/image\\\/\",\"url\":\"https:\\\/\\\/i0.wp.com\\\/blogs.nmz.de\\\/badblog\\\/files\\\/2016\\\/10\\\/badblog-logo1.png?fit=512%2C512&ssl=1\",\"contentUrl\":\"https:\\\/\\\/i0.wp.com\\\/blogs.nmz.de\\\/badblog\\\/files\\\/2016\\\/10\\\/badblog-logo1.png?fit=512%2C512&ssl=1\",\"width\":512,\"height\":512,\"caption\":\"Bad Blog Of Musick\"},\"image\":{\"@id\":\"https:\\\/\\\/blogs.nmz.de\\\/badblog\\\/#\\\/schema\\\/logo\\\/image\\\/\"},\"sameAs\":[\"https:\\\/\\\/www.facebook.com\\\/musikzeitung\",\"https:\\\/\\\/x.com\\\/musikzeitung\"]},{\"@type\":\"Person\",\"@id\":\"https:\\\/\\\/blogs.nmz.de\\\/badblog\\\/#\\\/schema\\\/person\\\/f40fa3b57b0ad5fd0e139d3aca42c60f\",\"name\":\"Der Radiofrau\",\"description\":\"radiofreak der alten schule. transistor, diode, spule, kondensator. ehemals manipulator:in mehrerer rundfunksendungen.\",\"sameAs\":[\"https:\\\/\\\/musikunrat.de\"],\"url\":\"https:\\\/\\\/blogs.nmz.de\\\/badblog\\\/author\\\/hufidufi\\\/\"}]}<\/script>\n<!-- \/ Yoast SEO plugin. -->","yoast_head_json":{"title":"Neue Musik \/ Musikfeature \/ SoundArt: Die Radio-Woche vom 03.02. bis 09.02.2020 &#8211; Bad Blog Of Musick - nmz Klassik-Blog","description":"Bad Blog Of Musick \u2013 Ein Klassik-Blog und das wahrscheinlich bedeutendste Musik-Blog zur zeitgen\u00f6ssischen und klassischen Musikkultur","robots":{"index":"index","follow":"follow","max-snippet":"max-snippet:-1","max-image-preview":"max-image-preview:large","max-video-preview":"max-video-preview:-1"},"canonical":"https:\/\/blogs.nmz.de\/badblog\/2020\/02\/01\/neue-musik-musikfeature-soundart-die-radio-woche-vom-03-02-bis-09-02-2020\/","og_locale":"de_DE","og_type":"article","og_title":"Neue Musik \/ Musikfeature \/ SoundArt: Die Radio-Woche vom 03.02. bis 09.02.2020 &#8211; Bad Blog Of Musick - nmz Klassik-Blog","og_description":"Bad Blog Of Musick \u2013 Ein Klassik-Blog und das wahrscheinlich bedeutendste Musik-Blog zur zeitgen\u00f6ssischen und klassischen Musikkultur","og_url":"https:\/\/blogs.nmz.de\/badblog\/2020\/02\/01\/neue-musik-musikfeature-soundart-die-radio-woche-vom-03-02-bis-09-02-2020\/","og_site_name":"Bad Blog Of Musick","article_publisher":"https:\/\/www.facebook.com\/musikzeitung","article_published_time":"2020-02-01T17:00:59+00:00","og_image":[{"width":2048,"height":1536,"url":"https:\/\/i1.wp.com\/blogs.nmz.de\/badblog\/files\/2017\/02\/huf-np-radio-musik-final.jpg?fit=2048%2C1536&ssl=1","type":"image\/jpeg"}],"author":"Der Radiofrau","twitter_card":"summary_large_image","twitter_creator":"@musikzeitung","twitter_site":"@musikzeitung","twitter_misc":{"Verfasst von":"Der Radiofrau","Gesch\u00e4tzte Lesezeit":"18\u00a0Minuten"},"schema":{"@context":"https:\/\/schema.org","@graph":[{"@type":"Article","@id":"https:\/\/blogs.nmz.de\/badblog\/2020\/02\/01\/neue-musik-musikfeature-soundart-die-radio-woche-vom-03-02-bis-09-02-2020\/#article","isPartOf":{"@id":"https:\/\/blogs.nmz.de\/badblog\/2020\/02\/01\/neue-musik-musikfeature-soundart-die-radio-woche-vom-03-02-bis-09-02-2020\/"},"author":{"name":"Der Radiofrau","@id":"https:\/\/blogs.nmz.de\/badblog\/#\/schema\/person\/f40fa3b57b0ad5fd0e139d3aca42c60f"},"headline":"Neue Musik \/ Musikfeature \/ SoundArt: Die Radio-Woche vom 03.02. bis 09.02.2020","datePublished":"2020-02-01T17:00:59+00:00","mainEntityOfPage":{"@id":"https:\/\/blogs.nmz.de\/badblog\/2020\/02\/01\/neue-musik-musikfeature-soundart-die-radio-woche-vom-03-02-bis-09-02-2020\/"},"wordCount":3648,"commentCount":0,"publisher":{"@id":"https:\/\/blogs.nmz.de\/badblog\/#organization"},"image":{"@id":"https:\/\/blogs.nmz.de\/badblog\/2020\/02\/01\/neue-musik-musikfeature-soundart-die-radio-woche-vom-03-02-bis-09-02-2020\/#primaryimage"},"thumbnailUrl":"https:\/\/i0.wp.com\/blogs.nmz.de\/badblog\/files\/2017\/02\/huf-np-radio-musik-final.jpg?fit=2048%2C1536&ssl=1","keywords":["Neue Musik im Radio"],"articleSection":["Deutsch","Radio\/Medien"],"inLanguage":"de","potentialAction":[{"@type":"CommentAction","name":"Comment","target":["https:\/\/blogs.nmz.de\/badblog\/2020\/02\/01\/neue-musik-musikfeature-soundart-die-radio-woche-vom-03-02-bis-09-02-2020\/#respond"]}]},{"@type":"WebPage","@id":"https:\/\/blogs.nmz.de\/badblog\/2020\/02\/01\/neue-musik-musikfeature-soundart-die-radio-woche-vom-03-02-bis-09-02-2020\/","url":"https:\/\/blogs.nmz.de\/badblog\/2020\/02\/01\/neue-musik-musikfeature-soundart-die-radio-woche-vom-03-02-bis-09-02-2020\/","name":"Neue Musik \/ Musikfeature \/ SoundArt: Die Radio-Woche vom 03.02. bis 09.02.2020 &#8211; Bad Blog Of Musick - nmz Klassik-Blog","isPartOf":{"@id":"https:\/\/blogs.nmz.de\/badblog\/#website"},"primaryImageOfPage":{"@id":"https:\/\/blogs.nmz.de\/badblog\/2020\/02\/01\/neue-musik-musikfeature-soundart-die-radio-woche-vom-03-02-bis-09-02-2020\/#primaryimage"},"image":{"@id":"https:\/\/blogs.nmz.de\/badblog\/2020\/02\/01\/neue-musik-musikfeature-soundart-die-radio-woche-vom-03-02-bis-09-02-2020\/#primaryimage"},"thumbnailUrl":"https:\/\/i0.wp.com\/blogs.nmz.de\/badblog\/files\/2017\/02\/huf-np-radio-musik-final.jpg?fit=2048%2C1536&ssl=1","datePublished":"2020-02-01T17:00:59+00:00","description":"Bad Blog Of Musick \u2013 Ein Klassik-Blog und das wahrscheinlich bedeutendste Musik-Blog zur zeitgen\u00f6ssischen und klassischen Musikkultur","breadcrumb":{"@id":"https:\/\/blogs.nmz.de\/badblog\/2020\/02\/01\/neue-musik-musikfeature-soundart-die-radio-woche-vom-03-02-bis-09-02-2020\/#breadcrumb"},"inLanguage":"de","potentialAction":[{"@type":"ReadAction","target":["https:\/\/blogs.nmz.de\/badblog\/2020\/02\/01\/neue-musik-musikfeature-soundart-die-radio-woche-vom-03-02-bis-09-02-2020\/"]}]},{"@type":"ImageObject","inLanguage":"de","@id":"https:\/\/blogs.nmz.de\/badblog\/2020\/02\/01\/neue-musik-musikfeature-soundart-die-radio-woche-vom-03-02-bis-09-02-2020\/#primaryimage","url":"https:\/\/i0.wp.com\/blogs.nmz.de\/badblog\/files\/2017\/02\/huf-np-radio-musik-final.jpg?fit=2048%2C1536&ssl=1","contentUrl":"https:\/\/i0.wp.com\/blogs.nmz.de\/badblog\/files\/2017\/02\/huf-np-radio-musik-final.jpg?fit=2048%2C1536&ssl=1","width":2048,"height":1536,"caption":"Radio Neue Musik. Montage: Hufner"},{"@type":"BreadcrumbList","@id":"https:\/\/blogs.nmz.de\/badblog\/2020\/02\/01\/neue-musik-musikfeature-soundart-die-radio-woche-vom-03-02-bis-09-02-2020\/#breadcrumb","itemListElement":[{"@type":"ListItem","position":1,"name":"Startseite","item":"https:\/\/blogs.nmz.de\/badblog\/"},{"@type":"ListItem","position":2,"name":"Neue Musik \/ Musikfeature \/ SoundArt: Die Radio-Woche vom 03.02. bis 09.02.2020"}]},{"@type":"WebSite","@id":"https:\/\/blogs.nmz.de\/badblog\/#website","url":"https:\/\/blogs.nmz.de\/badblog\/","name":"Bad Blog Of Musick","description":"Das bedeutendste Blog zur zeitgen\u00f6ssischen Musikkultur","publisher":{"@id":"https:\/\/blogs.nmz.de\/badblog\/#organization"},"potentialAction":[{"@type":"SearchAction","target":{"@type":"EntryPoint","urlTemplate":"https:\/\/blogs.nmz.de\/badblog\/?s={search_term_string}"},"query-input":{"@type":"PropertyValueSpecification","valueRequired":true,"valueName":"search_term_string"}}],"inLanguage":"de"},{"@type":"Organization","@id":"https:\/\/blogs.nmz.de\/badblog\/#organization","name":"Bad Blog Of Musick","alternateName":"Ein Klassik-Blog zur Musik","url":"https:\/\/blogs.nmz.de\/badblog\/","logo":{"@type":"ImageObject","inLanguage":"de","@id":"https:\/\/blogs.nmz.de\/badblog\/#\/schema\/logo\/image\/","url":"https:\/\/i0.wp.com\/blogs.nmz.de\/badblog\/files\/2016\/10\/badblog-logo1.png?fit=512%2C512&ssl=1","contentUrl":"https:\/\/i0.wp.com\/blogs.nmz.de\/badblog\/files\/2016\/10\/badblog-logo1.png?fit=512%2C512&ssl=1","width":512,"height":512,"caption":"Bad Blog Of Musick"},"image":{"@id":"https:\/\/blogs.nmz.de\/badblog\/#\/schema\/logo\/image\/"},"sameAs":["https:\/\/www.facebook.com\/musikzeitung","https:\/\/x.com\/musikzeitung"]},{"@type":"Person","@id":"https:\/\/blogs.nmz.de\/badblog\/#\/schema\/person\/f40fa3b57b0ad5fd0e139d3aca42c60f","name":"Der Radiofrau","description":"radiofreak der alten schule. transistor, diode, spule, kondensator. ehemals manipulator:in mehrerer rundfunksendungen.","sameAs":["https:\/\/musikunrat.de"],"url":"https:\/\/blogs.nmz.de\/badblog\/author\/hufidufi\/"}]}},"wp-worthy-pixel":{"ignored":false,"public":null,"server":null,"url":null},"wp-worthy-type":"normal","jetpack_featured_media_url":"https:\/\/i0.wp.com\/blogs.nmz.de\/badblog\/files\/2017\/02\/huf-np-radio-musik-final.jpg?fit=2048%2C1536&ssl=1","jetpack-related-posts":[],"jetpack_sharing_enabled":true,"_links":{"self":[{"href":"https:\/\/blogs.nmz.de\/badblog\/wp-json\/wp\/v2\/posts\/21163","targetHints":{"allow":["GET"]}}],"collection":[{"href":"https:\/\/blogs.nmz.de\/badblog\/wp-json\/wp\/v2\/posts"}],"about":[{"href":"https:\/\/blogs.nmz.de\/badblog\/wp-json\/wp\/v2\/types\/post"}],"author":[{"embeddable":true,"href":"https:\/\/blogs.nmz.de\/badblog\/wp-json\/wp\/v2\/users\/590"}],"replies":[{"embeddable":true,"href":"https:\/\/blogs.nmz.de\/badblog\/wp-json\/wp\/v2\/comments?post=21163"}],"version-history":[{"count":3,"href":"https:\/\/blogs.nmz.de\/badblog\/wp-json\/wp\/v2\/posts\/21163\/revisions"}],"predecessor-version":[{"id":21166,"href":"https:\/\/blogs.nmz.de\/badblog\/wp-json\/wp\/v2\/posts\/21163\/revisions\/21166"}],"wp:featuredmedia":[{"embeddable":true,"href":"https:\/\/blogs.nmz.de\/badblog\/wp-json\/wp\/v2\/media\/14800"}],"wp:attachment":[{"href":"https:\/\/blogs.nmz.de\/badblog\/wp-json\/wp\/v2\/media?parent=21163"}],"wp:term":[{"taxonomy":"category","embeddable":true,"href":"https:\/\/blogs.nmz.de\/badblog\/wp-json\/wp\/v2\/categories?post=21163"},{"taxonomy":"post_tag","embeddable":true,"href":"https:\/\/blogs.nmz.de\/badblog\/wp-json\/wp\/v2\/tags?post=21163"}],"curies":[{"name":"wp","href":"https:\/\/api.w.org\/{rel}","templated":true}]}}