{"id":18621,"date":"2019-01-12T18:00:11","date_gmt":"2019-01-12T17:00:11","guid":{"rendered":"http:\/\/blogs.nmz.de\/badblog\/?p=18621"},"modified":"2019-01-08T16:56:25","modified_gmt":"2019-01-08T15:56:25","slug":"neue-musik-musikfeature-soundart-die-radio-woche-vom-14-01-bis-20-01-2019","status":"publish","type":"post","link":"https:\/\/blogs.nmz.de\/badblog\/2019\/01\/12\/neue-musik-musikfeature-soundart-die-radio-woche-vom-14-01-bis-20-01-2019\/","title":{"rendered":"Neue Musik \/ Musikfeature \/ SoundArt: Die Radio-Woche vom 14.01. bis 20.01.2019"},"content":{"rendered":"<p>Neue Musik und Musikfeatures in der Kalenderwoche 03. Boulanger Trio | Ensemble Mixtura | Komponist Klaus Lang | Komponist Sebastian Claren | Barbara Strozzi | Gedanken an Friedhelm D&#246;hl | Neue, innovative Orgelbauten | Donaueschinger Musiktage | Art\u2019s Birthday 1 | Hackbrett als Welt-Klassikinstrument | Studio Elektronische Musik | Werkzeuge der Neuen Musik \u2013 Die Gitarre | Heroisches f&#252;r die Westentasche | Tiflis auf dem Weg zur Musikmetropole | Rameau Reflexe.<\/p>\n<ul>\n<li>Alle bekannten Stream-, Web- und RSS-Adressen deutscher Sender finden sich <a href=\"https:\/\/stefanhetzel.wordpress.com\/kunstmusikoeffentlich-rechtlicher-rundfunk\/\">bei Stefan Hetzel<\/a>.<\/li>\n<li><a href=\"https:\/\/service.conbrio.de\/service\/download\/155\/\">Download dieser &#220;bersicht als PDF<\/a>.<\/li>\n<li>Alle Angaben ohne Gew&#228;hr. &#196;nderungen vorbehalten.<\/li>\n<\/ul>\n<hr \/>\n<h2>Aktueller Podcast von Irene Kurka ::: neue musik leben<\/h2>\n<p><strong><a href=\"https:\/\/neuemusikleben.podigee.io\/23-neue-episode\">23 \u2013 Interview mit Christof P&#252;lsch<\/a><\/strong><\/p>\n<p style=\"padding-left: 30px;\">Christof P&#252;lsch zeigt anhand seines im Januar zum dritten Mal stattfindenden Festivals FRAKZIONEN, wie er die Neue Musik den Menschen n&#228;herbringt und welche Wege er geht. Indem er die Personen hinter dem Interpreten zug&#228;nglich macht, schafft er Begegnungen in seinen Konzerten in Bielefeld. Er spricht offen dar&#252;ber, wer ihn besonders gepr&#228;gt hat, mit welchen Menschen er gerne zusammenarbeitet und wer ihn inspiriert.<\/p>\n<p style=\"padding-left: 30px;\"><a href=\"https:\/\/www.irenekurka.de\/podcast.html\">https:\/\/www.irenekurka.de\/podcast.html<\/a><\/p>\n<hr \/>\n<h2>14.01.2019<\/h2>\n<hr \/>\n<p>21:04 bis 22:00 | kulturradio<br \/>\n<strong>MUSIK DER GEGENWART: Das Boulanger Trio<\/strong><\/p>\n<p style=\"padding-left: 30px;\">Mit Andreas G&#246;bel. Seit seiner Gr&#252;ndung vor zw&#246;lf Jahren widmet sich das Boulanger Trio einem breiten Repertoire, bei dem die zeitgen&#246;ssische Musik einen wichtigen Schwerpunkt bildet. Bei Ultraschall Berlin sind die drei Musikerinnen am 19. Januar im Heimathafen Neuk&#246;lln mit einem Doppelportr&#228;t der Komponisten Olga Neuwirth und Beat Furrer vertreten. Karla Haltenwanger, Pianistin des Boulanger Trio, ist zu Gast im Studio.<\/p>\n<p>23:03 bis 00:00 | SWR 2<br \/>\n<strong>SWR2 JetztMusik: Musik leicht wie Federn: Der Komponist Klaus Lang<\/strong><\/p>\n<p style=\"padding-left: 30px;\">Von Torsten M&#246;ller. Klaus Lang sagt, er pr&#228;sentiere dem Musiker seine Kl&#228;nge \u201ewie Federn, die auf seiner Hand liegen und nur vorsichtig bewegt werden d&#252;rfen\u201c. Hinter der sch&#246;nen Metapher steckt eine Achtung vor Klangsch&#246;nheiten, auch ein ausgesprochen kontrollierter Umgang mit Materialien, Strukturen und musikalischen Parametern. Solch objektiv-reflektierender Ansatz sowie eine beeindruckend umfassende Bildung f&#252;hren zu tiefgr&#252;ndigen, oft leisen Werken.<\/p>\n<hr \/>\n<h2>15.01.2019<\/h2>\n<hr \/>\n<p>00:05 bis 01:00 | Deutschlandfunk Kultur<br \/>\n<strong>Neue Musik: Den Geist von heute in die Ordnung der Gotik bringen \u2013 Neue, innovative Orgelbauten in &#214;sterreich und Deutschland<\/strong><\/p>\n<p style=\"padding-left: 30px;\">Von Florian Neuner. F&#252;r Zeitgen&#246;ssisches konzipiert ist die neue Orgel von St. Martin in Kassel, w&#228;hrend in Enns ein Orgelprospekt Aufsehen erregt.<\/p>\n<p>00:12 bis 02:00 | Bayern 2<br \/>\n<strong>Concerto bavarese: Bayerische Komponistinnen<\/strong><\/p>\n<p style=\"padding-left: 30px;\"><strong>Wilhelm Killmayer<\/strong>: Acht Bagatellen (Nicolas Altstaedt, Violoncello; Jos\u00e9 Gallardo, Klavier); <strong>Hans Werner Henze<\/strong>: \u201eRoyal Winter Music I\u201c (Stephan Stiens, Gitarre); <strong>Werner Egk<\/strong>: \u201eDie Nachtigall\u201c (Harald Christian, Ludwig Hornung, Violine; Ludwig Schmalhofer, Viola; Hartmut Tr&#246;ndle, Violoncello); <strong>G&#252;nter Bialas<\/strong>: Lamento, vier Intermezzi und Marsch (Siegfried Mauser, Klavier); <strong>Harald Genzmer<\/strong>: Bl&#228;serquintett (Hindemith Quintett)<\/p>\n<p>21:00 bis 22:00 | NDR Kultur<br \/>\n<strong>neue musik: Vom Tanz zur Winterreise \u2013 Gedanken an Friedhelm D&#246;hl<\/strong><\/p>\n<p style=\"padding-left: 30px;\">Von Margarete Zander. Der Komponist Friedhelm D&#246;hl hat das Musikleben und das Profil der Musikhochschule L&#252;beck &#252;ber viele Jahre stark gepr&#228;gt. Der studierte Pianist, Musik-, Literatur- und Kunstwissenschaftler war mit zahlreichen Musikern, Komponisten, bildenden K&#252;nstlern und Schriftstellern befreundet und sprach selbst gerne in Bildern: Das Nadel&#246;hr Webern, \u2013 ich begriff es auf dem Klavier (Weberns Variationen op. 27). Wir erinnern an einige seiner wegweisenden Arbeiten und Zitate.<\/p>\n<hr \/>\n<h2>16.01.2019<\/h2>\n<hr \/>\n<p>00:12 bis 02:00 | Bayern 2<br \/>\n<strong>Concerto bavarese: Fr&#228;nkische Komponistinnen<\/strong><\/p>\n<p style=\"padding-left: 30px;\"><strong>Heinrich Hartl<\/strong>: \u201eLina und Strano\u201c, Suite (N&#252;rnberger Akkordeonorchester Willi M&#252;nch: Stefan Hippe); <strong>Gerald Eckert<\/strong>: \u201eIn die Nebelleere\u201c (Teodoro Anzellotti, Akkordeon); <strong>Stefan Hippe<\/strong>: Nachtmusik Nr. 1 (Kolja Lessing, Violine; N&#252;rnberger Akkordeonorchester: Stefan Hippe); <strong>Viera Jan\u00e1rcekov\u00e1<\/strong>: \u201eDreifenster-Duo\u201c (Bianca Breitfeld, Violoncello; Stefanie Schumacher, Akkordeon); <strong>Horst Lohse<\/strong>: \u201eTurm der Winde\u201c (N&#252;rnberger Akkordeonorchester: Stefan Hippe); <strong>Klaus Hinrich Stahmer<\/strong>: \u201eMing\u201c (Wu Wei, Sheng; Wen-Sinn Yang, Violoncello; Stefan Hussong, Akkordeon)<\/p>\n<p>20:04 bis 21:00 | hr2-kultur<br \/>\n<strong>Kaisers Kl&#228;nge: Bach reloaded \u2013 Neues vom alten Meister<\/strong><\/p>\n<p style=\"padding-left: 30px;\">Kaum etwas ist &#252;ber die Jahrhunderte so inspirierend f&#252;r Komponisten und Musiker gewesen wie die Musik von Johann Sebastian Bach. Immer wieder wurde sie neu erfunden.<\/p>\n<p style=\"padding-left: 30px;\">Ob die \u201eGoldberg-Variationen\u201c im Orchestersound erklingen, Geigenpartiten von der Drehleiher gespielt werden oder die Suiten f&#252;r Violoncello solo von einem ganzen Cello-Ensemble: Wenn es um Bach geht, ist alles m&#246;glich. \u201eKaisers Kl&#228;nge\u201c pr&#228;sentieren heute die neuesten Kreationen aus den Werkst&#228;tten der Bach-Bearbeiter.<\/p>\n<p>21:04 bis 22:00 | kulturradio<br \/>\n<strong>MUSIK DER GEGENWART: Das Ensemble Mixtura<\/strong><\/p>\n<p style=\"padding-left: 30px;\">Mit Andreas G&#246;bel. Im Ensemble Mixtura treffen mit Katharina B&#228;uml (Schalmei) und Margit Kern (Akkordeon) zwei Musikerinnen aufeinander, deren Instrumente keinerlei historische Bezugspunkte haben. Das Akkordeon wurde in seiner heutigen Gestalt erst erfunden, als die Schalmei schon l&#228;ngst aus der Mode gekommen war. Daf&#252;r ist diese Kombination ein grandioses Experimentierfeld f&#252;r die Neue Musik. Bei Ultraschall Berlin trifft Mixtura auf die Altistin Hildegard R&#252;tzel, und gemeinsam pr&#228;sentieren sie am 17. Januar im Heimathafen Neuk&#246;lln Urauff&#252;hrungen von u. a. D\u00e1niel P\u00e9ter Bir\u00f3 und Eres Holz.<\/p>\n<p>21:06 bis 22:00 | NDR Kultur<br \/>\n<strong>Chormusik: La virtuosissima cantatrice \u2013 Zum 400. Geburtstag von Barbara Strozzi<\/strong><\/p>\n<p style=\"padding-left: 30px;\">Barbara Strozzi: Madrigale und Kantaten. Musica Secreta (Emanuela Galli, Sopran \/ Orlando di Lasso Ensemble) | La Risonanza (Consort Baroque Laurentia; Flavio Ferri-Benedetti, Countertenor \/ Musica Fiorita)<\/p>\n<p>23:03 bis 00:00 | SWR 2<br \/>\n<strong>SWR2 JetztMusik: Johannes Kalitzke: \u201eOrlacs H&#228;nde\u201c (2\/2) Musik zum Stummfilm von Robert Wiene<\/strong><\/p>\n<p style=\"padding-left: 30px;\">Stuttgarter Kammerorchester. Leitung: Johannes Kalitzke. Stummfilme mit neu komponierter Begleitmusik haben Konjunktur. Der Komponist Johannes Kalitzke schrieb 2017 f&#252;r \u201eOrlacs H&#228;nde\u201c bereits seine dritte Filmsinfonie. \u201eOrlacs H&#228;nde\u201c ist ein &#246;sterreichischer Film von Robert Wiene aus dem Jahr 1924, in dem es um puren Horror geht. Ein Pianist verliert bei einem Eisenbahnunfall beide H&#228;nde, bekommt aber neue angen&#228;ht, und zwar ausgerechnet die eines gerade hingerichteten M&#246;rders. Die neu komponierte Musik von Kalitzke wurde im Vorfeld der Urauff&#252;hrung im Theaterhaus in Stuttgart als Studioproduktion unter der Leitung des Komponisten aufgenommen.<\/p>\n<hr \/>\n<h2>17.01.2019<\/h2>\n<hr \/>\n<p>00:05 bis 01:00 | Deutschlandfunk Kultur<br \/>\n<strong>Neue Musik: Donaueschinger Musiktage<\/strong><\/p>\n<p style=\"padding-left: 30px;\">Strawinsky Saal, Erich-K&#228;stner-Halle \u2013 Aufzeichnungen vom 20.10.2018. <strong>Agata Zubel<\/strong>: Chamber Piano Concerto (Urauff&#252;hrung). Cikada Ensemble, Leitung: Christian Eggen | <strong>Marcus Schmickler<\/strong>: \u201eSky Dice\u2009\/\u2009Mapping the Studio\u201c f&#252;r Computer und ARP-Synthesizer (Urauff&#252;hrung) | <strong>Florian Hecker<\/strong>: \u201eSynopsis As Texture\u201c f&#252;r Computer und Frei Systemtechnik Filterbank (Urauff&#252;hrung). Realisation: Experimentalstudio des SWR<\/p>\n<p>00:12 bis 02:00 | Bayern 2<br \/>\n<strong>Concerto bavarese: Bayerische Komponistinnen<\/strong><\/p>\n<p style=\"padding-left: 30px;\"><strong>Dorothea Hofmann<\/strong>: \u201eMagnificat\u201c (Alice Oskera-Burghardt, Mezzosopran; M&#252;nchner Rundfunkorchester: Sian Edwards); <strong>Dieter Acker<\/strong>: Violinkonzert Nr. 1 (Ferenc Kiss, Violine; Deutsche Staatsphilharmonie Rheinland-Pfalz: Christoph Eschenbach); <strong>Joseph Haas<\/strong>: Streichquartett op. 50 (Diogenes Quartett); Johannes <strong>Tonio Kreusch<\/strong>: \u201eEchoes of Thoughts\u201c (Johannes Tonio Kreusch, Gitarre)<\/p>\n<p>20:04 bis 22:30 | SR2 KulturRadio<br \/>\n<strong>Mouvement: Donaueschinger Musiktage 2018<\/strong><\/p>\n<p style=\"padding-left: 30px;\">Ausz&#252;ge aus verschiedenen Konzerten: Kompositionen von Ivan Fedele, Malin B\u00e5ng, Isabel Mundry, Marco Stroppa, Agata Zubel u.a.<\/p>\n<p>22:05 bis 23:00 | BR-KLASSIK<br \/>\n<strong>Horizonte: Studio f&#252;r Musik<\/strong><\/p>\n<p style=\"padding-left: 30px;\"><strong>Gra\u017cyna Bacewicz<\/strong>: Klavierquintett Nr. 2 (Agata Szymczewska, Kaja Danczowska, Violine; Krystian Zimerman, Klavier; Ryszard Groblewski, Viola; Rafal Kwiatkowski, Violoncello); Sonate Nr. 2 (Joanna Michna, Klavier); <strong>Witold Lutos\u0142awski<\/strong>: \u201ePaganini-Variationen\u201c (Janusz Olejniczak, Klavier; Orchestra Sinfonia Varsovia: Jerzy Maksymiuk)<\/p>\n<hr \/>\n<h2>18.01.2019<\/h2>\n<hr \/>\n<p>00:05 bis 01:00 | Deutschlandfunk Kultur<br \/>\n<strong>Klangkunst: Art\u2019s Birthday 1 \u2013 Klangkunst von verschiedenen Autorinnen und Autoren<\/strong><\/p>\n<p style=\"padding-left: 30px;\">Produktion: EURORADIO Ars Acustica Group 2019. L&#228;nge: ca. 54\u201930. (Ursendung)<\/p>\n<p style=\"padding-left: 30px;\">Die Kunst hat Geburtstag! Die EURORADIO Ars Acustica Group feiert mit Konzerten und Performances in 20 St&#228;dten weltweit.<\/p>\n<p style=\"padding-left: 30px;\">Die Kunst hat Geburtstag und das verdankt sie dem Fluxusk&#252;nstler Robert Filliou. Er erfand im Jahr 1963 den \u201aArt\u2019s Birthday\u2019 und legte zugleich ihr Alter fest: eine Million Jahre. Seither feiern am 17. Januar Menschen und Institutionen weltweit diesen gro&#223;en Tag. Die EURORADIO Ars Acustica Gruppe vernetzt aus diesem Anlass Konzerte und Performances in &#252;ber 20 St&#228;dten weltweit. Wir senden einen Querschnitt. Deutschlandfunk Kultur beteiligt sich mit einer Veranstaltung rund um den Kultfilm \u201aStep Across the Border\u2019 von Nicolas Humbert und Werner Penzel im Berliner Kino Babylon. (Siehe Klangkunst-Sendung vom 15.02.2019).<\/p>\n<p>00:12 bis 02:00 | Bayern 2<br \/>\n<strong>Concerto bavarese: Bayerische Komponistinnen<\/strong><\/p>\n<p style=\"padding-left: 30px;\"><strong>Markus Lehmann-Horn<\/strong>: Toccata (Haruka Tsuyama, Klavier); <strong>Anton Ruppert<\/strong>: \u201eVerloren im Unendlichen\u201c (Maria Husmann, Sopran; Gabrielle Brunner, Violine; Anton Ruppert, Klavier); <strong>Roland Leistner-Mayer<\/strong>: Sonate, op. 70 (Reiner Ginzel, Violoncello; Michael Schneidt, Klavier); <strong>Wolfgang Zoubek<\/strong>: Introduktion, Allegro und Epilog (Trio Armin Rosin); <strong>Ernst Fienbork<\/strong>: Musik f&#252;r Oboe und Streichquartett (Kurt Kalmus, Oboe; Volker Lottermoser, Matthias Simons, Violine; Jean Rieber, Viola; Sebastian Ladwig, Violoncello)<\/p>\n<p>19:05 bis 20:00 | BR-KLASSIK<br \/>\n<strong>Das Musik-Feature: Das Trapez aus dem Morgenland \u2013 Das Hackbrett als Welt-Klassikinstrument<\/strong><\/p>\n<p style=\"padding-left: 30px;\">Von Ulrike Z&#246;ller. Es dient nicht dem Zerkleinern von Kalbs- oder Kohlk&#246;pfen. Das etwas brutale deutsche Wort \u201eHackbrett\u201c f&#252;r dieses einf&#252;hlsame Instrument ist durchaus irref&#252;hrend. \u201eDulce Melos\u201c \u2013 s&#252;&#223;er Klang wurde eines der vielen trapezf&#246;rmigen Instrumente im Mittelalter passender genannt. Hackbrettinstrumente sind im europ&#228;ischen Raum bereits seit dem 14. Jahrhundert bekannt und wegen ihres silbrigen Klangs bis ins 18. Jahrhundert beliebte Kammermusikinstrumente. Eigentlich aber stammt es wohl aus Persien und wird in der klassischen Musik Chinas oder Wei&#223;russlands in ungebrochener Tradition kammermusikalisch oder orchestral eingesetzt. Dass heute in Europa, nach einer jahrhundertelangen Zeit der Vernachl&#228;ssigung neben zeitgen&#246;ssischen Werken Folk, Rock, Jazz, Blues oder Techno mit dem Hackbrett gespielt wird: Das trapezf&#246;rmige Instrument nimmts mit Fassung und dankt f&#252;r die neue Aufmerksamkeit mit Cs\u00e1rd\u00e1s-Seele und Country-Mood, im Konzert- oder Clubstil. Oder auch ganz entspannt im Hier und Jetzt, wenn indische Ragameister ihm meditative Kl&#228;nge entlocken.<\/p>\n<p>21:05 bis 22:30 | Bayern 2<br \/>\n<strong>h&#246;r!spiel!art.mix: Kathrin R&#246;ggla: Gesch&#228;ftsf&#252;hrersitzung<\/strong> \u2013 Regie: Oliver Sturm. BR 2019. Ursendung<\/p>\n<hr \/>\n<h2>19.01.2019<\/h2>\n<hr \/>\n<p>14:05 bis 15:00 | BR-KLASSIK<br \/>\n<strong>Das Musik-Feature: Das Trapez aus dem Morgenland<\/strong><\/p>\n<p>22:05 bis 22:50 | Deutschlandfunk<br \/>\n<strong>Atelier neuer Musik: Vivisektionen am Klangdetail \u2013 Der Komponist Sebastian Claren<\/strong><\/p>\n<p style=\"padding-left: 30px;\">Von Matthias Entre&#223;. Sebastian Clarens kompositorisches Interesse fokussiert sich auf Aspekte des instrumentalen Klangs. Auf dessen Hervorbringung, Wirkung, ja auf die Wahrnehmung allerfeinster Vorg&#228;nge. Claren, geboren 1965 in Mannheim, stellt sich zur emotionalen Erz&#228;hlung der musikalischen Klassik ebenso quer wie zur Meditation &#252;ber akustische Ph&#228;nomene. Er klopft den Moment ab und entfaltet eine enorme Komplexit&#228;t in dessen Innern. Die Dramaturgie seiner St&#252;cke gleicht einem Dauerfeuer musikalischer Elementarteilchen. Eine &#252;berraschende Begegnung mit der Musiktradition Koreas, speziell die Entdeckung, dass dort viele Gestaltungsweisen gleichzeitig auf einen einzelnen Ton angewandt werden, ermutigte Claren zu radikalen Herausforderungen an die Spieler, d.h. zu seiner eigenen Version von Mikrovirtuosit&#228;t.<\/p>\n<p>22:04 bis 00:00 | WDR 3<br \/>\n<strong>WDR 3 Open Sounds: Studio Elektronische Musik \u2013 <\/strong><\/p>\n<ul>\n<li>szene [61]: Graz \u2013 Musik von Ina Thomann, Lukas Wegscheider, Anna Maly, Davide Gagliardi, Daniele Pozzi und Artemi-Maria Gioti sowie von Marko Ciciliani, Gerhard Eckel und Daniel Mayer<\/li>\n<li>Point of View [70]: Marko Ciciliani \u2013 Musik von Marcus Schmickler, Sara Glojnaric, Lucretia Dalt, Tarek Atoui, Reiko Yamada und Yannis Kyriakides<\/li>\n<\/ul>\n<p>23:00 bis 00:00 | hr2-kultur<br \/>\n<strong>The Artist\u2019s Corner | Werkzeuge der Neuen Musik \u2013 Die Gitarre, Teil 1 von 2<\/strong><\/p>\n<p style=\"padding-left: 30px;\">Von Lena Krause. Schon die Alten wussten, Musik ist erst Musik, wenn sie klingt. Das ist in der zeitgen&#246;ssischen Musik nicht anders als in der davor komponierten.<\/p>\n<p style=\"padding-left: 30px;\">Zwar hat sie vereinzelt auch Konzepte einer nur denkbaren oder einer blo&#223; sichtbaren Musik hervorgebracht, doch nach wie vor sind die allermeisten Partituren des 20.\/21. Jahrhunderts emphatisch dem Klang verpflichtet. Dazu bedarf es wie eh und je spezieller Werkzeuge. Neben den Stimmen von Frau, Mann und Kind sind das die klassischen Orchester-Instrumente, zudem viele andere: Wiederentdeckungen aus Renaissance und Barock, etwa Blockfl&#246;te und Cembalo, Erfindungen wie das Pr&#228;parierte Klavier, die Doppeltrichter-Trompete, der Synthesizer oder die Glissando-Fl&#246;te, Neuentdeckungen wie die japanische Sho, zahlloses Schlagwerk aus aller Welt und aus dem Alltag sowie endlich in die ernste Kunst integrierte Instrumente aus der eigenen Volksmusik, darunter Akkordeon, Mandoline und Zither. In einer mehrteiligen Sendereihe begeben sich viele hr2-Autorinnen und -Autoren auf Spurensuche, sprechen mit exzellenten Interpreten &#252;ber ihr Klangwerkzeug, mit Instrumentenbauern &#252;ber neue Anforderungen, mit Komponisten &#252;ber das Wie und Warum der erweiterten Spielm&#246;glichkeiten und pr&#228;sentieren die wichtigsten Werke, teils h&#246;chst au&#223;ergew&#246;hnliche Musikst&#252;cke.<\/p>\n<hr \/>\n<h2>20.01.2019<\/h2>\n<hr \/>\n<p>17:04 bis 18:00 | hr2-kultur<br \/>\n<strong>Kaisers Kl&#228;nge: Beethoven abgespeckt \u2013 Heroisches f&#252;r die Westentasche<\/strong><\/p>\n<p style=\"padding-left: 30px;\">Die Sinfonien Beethovens werden gerne als heroisch bezeichnet. Doch was bleibt von ihrer Heldenhaftigkeit &#252;brig, wenn man sie musikalisch auf Westentaschenformat stutzt?<\/p>\n<p style=\"padding-left: 30px;\">Wenn der Held der \u201eEroica\u201c nicht mehr von einem voll t&#246;nenden Sinfonieorchester umjubelt wird, sondern lediglich von einem Klavierquintett? Wenn der Recke der f&#252;nften Sinfonie zwar noch durch Nacht zum Licht schreitet, dabei aber nur noch von einem kleinen Kammerensemble begleitet wird? Wenn die Heldench&#246;re der Neunten auf ein paar Klaviert&#246;ne zusammenschrumpfen? Sind Beethovens Sinfonien dann noch Heldenst&#252;cke? \u201eKaisers Kl&#228;nge\u201c f&#252;hren es heute vor.<\/p>\n<p>22:00 bis 22:30 | Deutschlandfunk Kultur<br \/>\n<strong>Musikfeuilleton: Wo Musik eine Herzensangelegenheit ist \u2013 Die georgische Hauptstadt Tiflis auf dem Weg zur Musikmetropole<\/strong><\/p>\n<p style=\"padding-left: 30px;\">Von Cornelia de Reese. Mit unb&#228;ndigem Willen greifen die Bewohner von Tiflis nach Musik. Gesang wird &#252;ber alles gesch&#228;tzt \u2013 egal, ob im privaten Kreis oder auf der B&#252;hne. Die klassische Musikszene k&#228;mpft mit wirtschaftlichen Unw&#228;gbarkeiten, doch umso leidenschaftlicher k&#252;mmert sie sich in Musikschulen um Nachwuchs, pflegt in Knabench&#246;ren die jungen Stimmen. Die Stadt blickt auf eine reiche Musikgeschichte zur&#252;ck: Der Fl&#252;gel von Rachmaninow verblieb einst in Tiflis, Rubinstein spielte Geld f&#252;r den Bau des Konservatoriums ein, Tschaikowsky weilte hier. Die Pianisten Vladimir Horowitz und Van Cliburn gaben in Tiflis legend&#228;re Konzerte. Das Kakhidze Music Center, eine hochtechnisierte Konzerthalle, und das renovierte, andalusisch anmutende Opernhaus liegen mitten in der Stadt, die sich von politischer Zerr&#252;ttung und Erdbeben erholt. Die Bauten zeigen deutlich: Klassische Musik geh&#246;rt ins Zentrum, ins pulsierende Herz von Tiflis.<\/p>\n<p>23:04 bis 00:00 | WDR 3<br \/>\n<strong>WDR 3 Studio Neue Musik: Rameau Reflexe (1) Zweige &amp; Fr&#252;chte<\/strong><\/p>\n<p style=\"padding-left: 30px;\"><strong>Henri Pousseur<\/strong>: La seconde apoth\u00e9ose de Rameau, f&#252;r 21 Instrumente; musiques nouvelles, Leitung: Pierre Bartholom\u00e9e | <strong>Marc Sabat<\/strong>: Jean-Philippe Rameau f&#252;r any three sustaining instruments or voices; JACK Quartet | <strong>Heinz Holliger<\/strong>: Partita f&#252;r Harfe: Hommage a Rameau<\/p>\n<div class=\"shariff shariff-align-left shariff-widget-align-left\" style=\"display:none\"><div class=\"ShariffHeadline\"> <\/div><ul class=\"shariff-buttons theme-default orientation-horizontal buttonsize-small\"><li class=\"shariff-button mastodon shariff-nocustomcolor\" style=\"background-color:#563ACC\"><a href=\"https:\/\/s2f.kytta.dev\/?text=Neue%20Musik%20%2F%20Musikfeature%20%2F%20SoundArt%3A%20Die%20Radio-Woche%20vom%2014.01.%20bis%2020.01.2019 https%3A%2F%2Fblogs.nmz.de%2Fbadblog%2F2019%2F01%2F12%2Fneue-musik-musikfeature-soundart-die-radio-woche-vom-14-01-bis-20-01-2019%2F\" title=\"Bei Mastodon teilen\" aria-label=\"Bei Mastodon teilen\" role=\"button\" rel=\"noopener nofollow\" class=\"shariff-link\" style=\"; background-color:#6364FF; color:#fff\" target=\"_blank\"><span class=\"shariff-icon\" style=\"\"><svg width=\"75\" height=\"79\" viewBox=\"0 0 75 79\" fill=\"none\" xmlns=\"http:\/\/www.w3.org\/2000\/svg\"><path d=\"M37.813-.025C32.462-.058 27.114.13 21.79.598c-8.544.621-17.214 5.58-20.203 13.931C-1.12 23.318.408 32.622.465 41.65c.375 7.316.943 14.78 3.392 21.73 4.365 9.465 14.781 14.537 24.782 15.385 7.64.698 15.761-.213 22.517-4.026a54.1 54.1 0 0 0 .01-6.232c-6.855 1.316-14.101 2.609-21.049 1.074-3.883-.88-6.876-4.237-7.25-8.215-1.53-3.988 3.78-.43 5.584-.883 9.048 1.224 18.282.776 27.303-.462 7.044-.837 14.26-4.788 16.65-11.833 2.263-6.135 1.215-12.79 1.698-19.177.06-3.84.09-7.692-.262-11.52C72.596 7.844 63.223.981 53.834.684a219.453 219.453 0 0 0-16.022-.71zm11.294 12.882c5.5-.067 10.801 4.143 11.67 9.653.338 1.48.471 3 .471 4.515v21.088h-8.357c-.07-7.588.153-15.182-.131-22.765-.587-4.368-7.04-5.747-9.672-2.397-2.422 3.04-1.47 7.155-1.67 10.735v6.392h-8.307c-.146-4.996.359-10.045-.404-15.002-1.108-4.218-7.809-5.565-10.094-1.666-1.685 3.046-.712 6.634-.976 9.936v14.767h-8.354c.109-8.165-.238-16.344.215-24.5.674-5.346 5.095-10.389 10.676-10.627 4.902-.739 10.103 2.038 12.053 6.631.375 1.435 1.76 1.932 1.994.084 1.844-3.704 5.501-6.739 9.785-6.771.367-.044.735-.068 1.101-.073z\"\/><defs><linearGradient id=\"paint0_linear_549_34\" x1=\"37.0692\" y1=\"0\" x2=\"37.0692\" y2=\"79\" gradientUnits=\"userSpaceOnUse\"><stop stop-color=\"#6364FF\"\/><stop offset=\"1\" stop-color=\"#563ACC\"\/><\/linearGradient><\/defs><\/svg><\/span><span class=\"shariff-text\">teilen<\/span>&nbsp;<\/a><\/li><li class=\"shariff-button bluesky shariff-nocustomcolor\" style=\"background-color:#84c4ff\"><a href=\"https:\/\/bsky.app\/intent\/compose?text=Neue%20Musik%20%2F%20Musikfeature%20%2F%20SoundArt%3A%20Die%20Radio-Woche%20vom%2014.01.%20bis%2020.01.2019 https%3A%2F%2Fblogs.nmz.de%2Fbadblog%2F2019%2F01%2F12%2Fneue-musik-musikfeature-soundart-die-radio-woche-vom-14-01-bis-20-01-2019%2F \" title=\"Bei Bluesky teilen\" aria-label=\"Bei Bluesky teilen\" role=\"button\" rel=\"noopener nofollow\" class=\"shariff-link\" style=\"; background-color:#0085ff; color:#fff\" target=\"_blank\"><span class=\"shariff-icon\" style=\"\"><svg width=\"20\" height=\"20\" version=\"1.1\" xmlns=\"http:\/\/www.w3.org\/2000\/svg\" viewBox=\"0 0 20 20\"><path class=\"st0\" d=\"M4.89,3.12c2.07,1.55,4.3,4.71,5.11,6.4.82-1.69,3.04-4.84,5.11-6.4,1.49-1.12,3.91-1.99,3.91.77,0,.55-.32,4.63-.5,5.3-.64,2.3-2.99,2.89-5.08,2.54,3.65.62,4.58,2.68,2.57,4.74-3.81,3.91-5.48-.98-5.9-2.23-.08-.23-.11-.34-.12-.25,0-.09-.04.02-.12.25-.43,1.25-2.09,6.14-5.9,2.23-2.01-2.06-1.08-4.12,2.57-4.74-2.09.36-4.44-.23-5.08-2.54-.19-.66-.5-4.74-.5-5.3,0-2.76,2.42-1.89,3.91-.77h0Z\"\/><\/svg><\/span><span class=\"shariff-text\">teilen<\/span>&nbsp;<\/a><\/li><li class=\"shariff-button facebook shariff-nocustomcolor\" style=\"background-color:#4273c8\"><a href=\"https:\/\/www.facebook.com\/sharer\/sharer.php?u=https%3A%2F%2Fblogs.nmz.de%2Fbadblog%2F2019%2F01%2F12%2Fneue-musik-musikfeature-soundart-die-radio-woche-vom-14-01-bis-20-01-2019%2F\" title=\"Bei Facebook teilen\" aria-label=\"Bei Facebook teilen\" role=\"button\" rel=\"nofollow\" class=\"shariff-link\" style=\"; background-color:#3b5998; color:#fff\" target=\"_blank\"><span class=\"shariff-icon\" style=\"\"><svg width=\"32px\" height=\"20px\" xmlns=\"http:\/\/www.w3.org\/2000\/svg\" viewBox=\"0 0 18 32\"><path fill=\"#3b5998\" d=\"M17.1 0.2v4.7h-2.8q-1.5 0-2.1 0.6t-0.5 1.9v3.4h5.2l-0.7 5.3h-4.5v13.6h-5.5v-13.6h-4.5v-5.3h4.5v-3.9q0-3.3 1.9-5.2t5-1.8q2.6 0 4.1 0.2z\"\/><\/svg><\/span><span class=\"shariff-text\">teilen<\/span>&nbsp;<\/a><\/li><li class=\"shariff-button threema shariff-nocustomcolor shariff-mobile\" style=\"background-color:#4fbc24\"><a href=\"threema:\/\/compose?text=Neue%20Musik%20%2F%20Musikfeature%20%2F%20SoundArt%3A%20Die%20Radio-Woche%20vom%2014.01.%20bis%2020.01.2019%20https%3A%2F%2Fblogs.nmz.de%2Fbadblog%2F2019%2F01%2F12%2Fneue-musik-musikfeature-soundart-die-radio-woche-vom-14-01-bis-20-01-2019%2F\" title=\"Bei Threema teilen\" aria-label=\"Bei Threema teilen\" role=\"button\" rel=\"noopener nofollow\" class=\"shariff-link\" style=\"; background-color:#1f1f1f; color:#fff\" target=\"_blank\"><span class=\"shariff-icon\" style=\"\"><svg width=\"32px\" height=\"20px\" xmlns=\"http:\/\/www.w3.org\/2000\/svg\" viewBox=\"0 0 32 32\"><path fill=\"#1f1f1f\" d=\"M30.8 10.9c-0.3-1.4-0.9-2.6-1.8-3.8-2-2.6-5.5-4.5-9.4-5.2-1.3-0.2-1.9-0.3-3.5-0.3s-2.2 0-3.5 0.3c-4 0.7-7.4 2.6-9.4 5.2-0.9 1.2-1.5 2.4-1.8 3.8-0.1 0.5-0.2 1.2-0.2 1.6 0 0.4 0.1 1.1 0.2 1.6 0.4 1.9 1.3 3.4 2.9 5 0.8 0.8 0.8 0.8 0.7 1.3 0 0.6-0.5 1.6-1.7 3.6-0.3 0.5-0.5 0.9-0.5 0.9 0 0.1 0.1 0.1 0.5 0 0.8-0.2 2.3-0.6 5.6-1.6 1.1-0.3 1.3-0.4 2.3-0.4 0.8 0 1.1 0 2.3 0.2 1.5 0.2 3.5 0.2 4.9 0 5.1-0.6 9.3-2.9 11.4-6.3 0.5-0.9 0.9-1.8 1.1-2.8 0.1-0.5 0.2-1.1 0.2-1.6 0-0.7-0.1-1.1-0.2-1.6-0.3-1.4 0.1 0.5 0 0zM20.6 17.3c0 0.4-0.4 0.8-0.8 0.8h-7.7c-0.4 0-0.8-0.4-0.8-0.8v-4.6c0-0.4 0.4-0.8 0.8-0.8h0.2l0-1.6c0-0.9 0-1.8 0.1-2 0.1-0.6 0.6-1.2 1.1-1.7s1.1-0.7 1.9-0.8c1.8-0.3 3.7 0.7 4.2 2.2 0.1 0.3 0.1 0.7 0.1 2.1v0 1.7h0.1c0.4 0 0.8 0.4 0.8 0.8v4.6zM15.6 7.3c-0.5 0.1-0.8 0.3-1.2 0.6s-0.6 0.8-0.7 1.3c0 0.2 0 0.8 0 1.5l0 1.2h4.6v-1.3c0-1 0-1.4-0.1-1.6-0.3-1.1-1.5-1.9-2.6-1.7zM25.8 28.2c0 1.2-1 2.2-2.1 2.2s-2.1-1-2.1-2.1c0-1.2 1-2.1 2.2-2.1s2.2 1 2.2 2.2zM18.1 28.2c0 1.2-1 2.2-2.1 2.2s-2.1-1-2.1-2.1c0-1.2 1-2.1 2.2-2.1s2.2 1 2.2 2.2zM10.4 28.2c0 1.2-1 2.2-2.1 2.2s-2.1-1-2.1-2.1c0-1.2 1-2.1 2.2-2.1s2.2 1 2.2 2.2z\"\/><\/svg><\/span><span class=\"shariff-text\">teilen<\/span>&nbsp;<\/a><\/li><li class=\"shariff-button linkedin shariff-nocustomcolor\" style=\"background-color:#1488bf\"><a href=\"https:\/\/www.linkedin.com\/sharing\/share-offsite\/?url=https%3A%2F%2Fblogs.nmz.de%2Fbadblog%2F2019%2F01%2F12%2Fneue-musik-musikfeature-soundart-die-radio-woche-vom-14-01-bis-20-01-2019%2F\" title=\"Bei LinkedIn teilen\" aria-label=\"Bei LinkedIn teilen\" role=\"button\" rel=\"noopener nofollow\" class=\"shariff-link\" style=\"; background-color:#0077b5; color:#fff\" target=\"_blank\"><span class=\"shariff-icon\" style=\"\"><svg width=\"32px\" height=\"20px\" xmlns=\"http:\/\/www.w3.org\/2000\/svg\" viewBox=\"0 0 27 32\"><path fill=\"#0077b5\" d=\"M6.2 11.2v17.7h-5.9v-17.7h5.9zM6.6 5.7q0 1.3-0.9 2.2t-2.4 0.9h0q-1.5 0-2.4-0.9t-0.9-2.2 0.9-2.2 2.4-0.9 2.4 0.9 0.9 2.2zM27.4 18.7v10.1h-5.9v-9.5q0-1.9-0.7-2.9t-2.3-1.1q-1.1 0-1.9 0.6t-1.2 1.5q-0.2 0.5-0.2 1.4v9.9h-5.9q0-7.1 0-11.6t0-5.3l0-0.9h5.9v2.6h0q0.4-0.6 0.7-1t1-0.9 1.6-0.8 2-0.3q3 0 4.9 2t1.9 6z\"\/><\/svg><\/span><span class=\"shariff-text\">teilen<\/span>&nbsp;<\/a><\/li><li class=\"shariff-button info shariff-nocustomcolor\" style=\"background-color:#eee\"><a href=\"http:\/\/ct.de\/-2467514\" title=\"Weitere Informationen\" aria-label=\"Weitere Informationen\" role=\"button\" rel=\"noopener \" class=\"shariff-link\" style=\"; background-color:#fff; color:#fff\" target=\"_blank\"><span class=\"shariff-icon\" style=\"\"><svg width=\"32px\" height=\"20px\" xmlns=\"http:\/\/www.w3.org\/2000\/svg\" viewBox=\"0 0 11 32\"><path fill=\"#999\" d=\"M11.4 24v2.3q0 0.5-0.3 0.8t-0.8 0.4h-9.1q-0.5 0-0.8-0.4t-0.4-0.8v-2.3q0-0.5 0.4-0.8t0.8-0.4h1.1v-6.8h-1.1q-0.5 0-0.8-0.4t-0.4-0.8v-2.3q0-0.5 0.4-0.8t0.8-0.4h6.8q0.5 0 0.8 0.4t0.4 0.8v10.3h1.1q0.5 0 0.8 0.4t0.3 0.8zM9.2 3.4v3.4q0 0.5-0.4 0.8t-0.8 0.4h-4.6q-0.4 0-0.8-0.4t-0.4-0.8v-3.4q0-0.4 0.4-0.8t0.8-0.4h4.6q0.5 0 0.8 0.4t0.4 0.8z\"\/><\/svg><\/span><\/a><\/li><\/ul><\/div>","protected":false},"excerpt":{"rendered":"<p>Neue Musik und Musikfeatures in der Kalenderwoche 03. Boulanger Trio | Ensemble Mixtura | Komponist Klaus Lang | Komponist Sebastian Claren | Barbara Strozzi | Gedanken an Friedhelm D&#246;hl | Neue, innovative Orgelbauten | Donaueschinger Musiktage | Art\u2019s Birthday 1 | Hackbrett als Welt-Klassikinstrument | Studio Elektronische Musik | Werkzeuge&#46;&#46;&#46;<\/p>\n<div class=\"shariff shariff-align-left shariff-widget-align-left\" style=\"display:none\"><div class=\"ShariffHeadline\"> <\/div><ul class=\"shariff-buttons theme-default orientation-horizontal buttonsize-small\"><li class=\"shariff-button mastodon shariff-nocustomcolor\" style=\"background-color:#563ACC\"><a href=\"https:\/\/s2f.kytta.dev\/?text=Neue%20Musik%20%2F%20Musikfeature%20%2F%20SoundArt%3A%20Die%20Radio-Woche%20vom%2014.01.%20bis%2020.01.2019 https%3A%2F%2Fblogs.nmz.de%2Fbadblog%2F2019%2F01%2F12%2Fneue-musik-musikfeature-soundart-die-radio-woche-vom-14-01-bis-20-01-2019%2F\" title=\"Bei Mastodon teilen\" aria-label=\"Bei Mastodon teilen\" role=\"button\" rel=\"noopener nofollow\" class=\"shariff-link\" style=\"; background-color:#6364FF; color:#fff\" target=\"_blank\"><span class=\"shariff-icon\" style=\"\"><svg width=\"75\" height=\"79\" viewBox=\"0 0 75 79\" fill=\"none\" xmlns=\"http:\/\/www.w3.org\/2000\/svg\"><path d=\"M37.813-.025C32.462-.058 27.114.13 21.79.598c-8.544.621-17.214 5.58-20.203 13.931C-1.12 23.318.408 32.622.465 41.65c.375 7.316.943 14.78 3.392 21.73 4.365 9.465 14.781 14.537 24.782 15.385 7.64.698 15.761-.213 22.517-4.026a54.1 54.1 0 0 0 .01-6.232c-6.855 1.316-14.101 2.609-21.049 1.074-3.883-.88-6.876-4.237-7.25-8.215-1.53-3.988 3.78-.43 5.584-.883 9.048 1.224 18.282.776 27.303-.462 7.044-.837 14.26-4.788 16.65-11.833 2.263-6.135 1.215-12.79 1.698-19.177.06-3.84.09-7.692-.262-11.52C72.596 7.844 63.223.981 53.834.684a219.453 219.453 0 0 0-16.022-.71zm11.294 12.882c5.5-.067 10.801 4.143 11.67 9.653.338 1.48.471 3 .471 4.515v21.088h-8.357c-.07-7.588.153-15.182-.131-22.765-.587-4.368-7.04-5.747-9.672-2.397-2.422 3.04-1.47 7.155-1.67 10.735v6.392h-8.307c-.146-4.996.359-10.045-.404-15.002-1.108-4.218-7.809-5.565-10.094-1.666-1.685 3.046-.712 6.634-.976 9.936v14.767h-8.354c.109-8.165-.238-16.344.215-24.5.674-5.346 5.095-10.389 10.676-10.627 4.902-.739 10.103 2.038 12.053 6.631.375 1.435 1.76 1.932 1.994.084 1.844-3.704 5.501-6.739 9.785-6.771.367-.044.735-.068 1.101-.073z\"\/><defs><linearGradient id=\"paint0_linear_549_34\" x1=\"37.0692\" y1=\"0\" x2=\"37.0692\" y2=\"79\" gradientUnits=\"userSpaceOnUse\"><stop stop-color=\"#6364FF\"\/><stop offset=\"1\" stop-color=\"#563ACC\"\/><\/linearGradient><\/defs><\/svg><\/span><span class=\"shariff-text\">teilen<\/span>&nbsp;<\/a><\/li><li class=\"shariff-button bluesky shariff-nocustomcolor\" style=\"background-color:#84c4ff\"><a href=\"https:\/\/bsky.app\/intent\/compose?text=Neue%20Musik%20%2F%20Musikfeature%20%2F%20SoundArt%3A%20Die%20Radio-Woche%20vom%2014.01.%20bis%2020.01.2019 https%3A%2F%2Fblogs.nmz.de%2Fbadblog%2F2019%2F01%2F12%2Fneue-musik-musikfeature-soundart-die-radio-woche-vom-14-01-bis-20-01-2019%2F \" title=\"Bei Bluesky teilen\" aria-label=\"Bei Bluesky teilen\" role=\"button\" rel=\"noopener nofollow\" class=\"shariff-link\" style=\"; background-color:#0085ff; color:#fff\" target=\"_blank\"><span class=\"shariff-icon\" style=\"\"><svg width=\"20\" height=\"20\" version=\"1.1\" xmlns=\"http:\/\/www.w3.org\/2000\/svg\" viewBox=\"0 0 20 20\"><path class=\"st0\" d=\"M4.89,3.12c2.07,1.55,4.3,4.71,5.11,6.4.82-1.69,3.04-4.84,5.11-6.4,1.49-1.12,3.91-1.99,3.91.77,0,.55-.32,4.63-.5,5.3-.64,2.3-2.99,2.89-5.08,2.54,3.65.62,4.58,2.68,2.57,4.74-3.81,3.91-5.48-.98-5.9-2.23-.08-.23-.11-.34-.12-.25,0-.09-.04.02-.12.25-.43,1.25-2.09,6.14-5.9,2.23-2.01-2.06-1.08-4.12,2.57-4.74-2.09.36-4.44-.23-5.08-2.54-.19-.66-.5-4.74-.5-5.3,0-2.76,2.42-1.89,3.91-.77h0Z\"\/><\/svg><\/span><span class=\"shariff-text\">teilen<\/span>&nbsp;<\/a><\/li><li class=\"shariff-button facebook shariff-nocustomcolor\" style=\"background-color:#4273c8\"><a href=\"https:\/\/www.facebook.com\/sharer\/sharer.php?u=https%3A%2F%2Fblogs.nmz.de%2Fbadblog%2F2019%2F01%2F12%2Fneue-musik-musikfeature-soundart-die-radio-woche-vom-14-01-bis-20-01-2019%2F\" title=\"Bei Facebook teilen\" aria-label=\"Bei Facebook teilen\" role=\"button\" rel=\"nofollow\" class=\"shariff-link\" style=\"; background-color:#3b5998; color:#fff\" target=\"_blank\"><span class=\"shariff-icon\" style=\"\"><svg width=\"32px\" height=\"20px\" xmlns=\"http:\/\/www.w3.org\/2000\/svg\" viewBox=\"0 0 18 32\"><path fill=\"#3b5998\" d=\"M17.1 0.2v4.7h-2.8q-1.5 0-2.1 0.6t-0.5 1.9v3.4h5.2l-0.7 5.3h-4.5v13.6h-5.5v-13.6h-4.5v-5.3h4.5v-3.9q0-3.3 1.9-5.2t5-1.8q2.6 0 4.1 0.2z\"\/><\/svg><\/span><span class=\"shariff-text\">teilen<\/span>&nbsp;<\/a><\/li><li class=\"shariff-button threema shariff-nocustomcolor shariff-mobile\" style=\"background-color:#4fbc24\"><a href=\"threema:\/\/compose?text=Neue%20Musik%20%2F%20Musikfeature%20%2F%20SoundArt%3A%20Die%20Radio-Woche%20vom%2014.01.%20bis%2020.01.2019%20https%3A%2F%2Fblogs.nmz.de%2Fbadblog%2F2019%2F01%2F12%2Fneue-musik-musikfeature-soundart-die-radio-woche-vom-14-01-bis-20-01-2019%2F\" title=\"Bei Threema teilen\" aria-label=\"Bei Threema teilen\" role=\"button\" rel=\"noopener nofollow\" class=\"shariff-link\" style=\"; background-color:#1f1f1f; color:#fff\" target=\"_blank\"><span class=\"shariff-icon\" style=\"\"><svg width=\"32px\" height=\"20px\" xmlns=\"http:\/\/www.w3.org\/2000\/svg\" viewBox=\"0 0 32 32\"><path fill=\"#1f1f1f\" d=\"M30.8 10.9c-0.3-1.4-0.9-2.6-1.8-3.8-2-2.6-5.5-4.5-9.4-5.2-1.3-0.2-1.9-0.3-3.5-0.3s-2.2 0-3.5 0.3c-4 0.7-7.4 2.6-9.4 5.2-0.9 1.2-1.5 2.4-1.8 3.8-0.1 0.5-0.2 1.2-0.2 1.6 0 0.4 0.1 1.1 0.2 1.6 0.4 1.9 1.3 3.4 2.9 5 0.8 0.8 0.8 0.8 0.7 1.3 0 0.6-0.5 1.6-1.7 3.6-0.3 0.5-0.5 0.9-0.5 0.9 0 0.1 0.1 0.1 0.5 0 0.8-0.2 2.3-0.6 5.6-1.6 1.1-0.3 1.3-0.4 2.3-0.4 0.8 0 1.1 0 2.3 0.2 1.5 0.2 3.5 0.2 4.9 0 5.1-0.6 9.3-2.9 11.4-6.3 0.5-0.9 0.9-1.8 1.1-2.8 0.1-0.5 0.2-1.1 0.2-1.6 0-0.7-0.1-1.1-0.2-1.6-0.3-1.4 0.1 0.5 0 0zM20.6 17.3c0 0.4-0.4 0.8-0.8 0.8h-7.7c-0.4 0-0.8-0.4-0.8-0.8v-4.6c0-0.4 0.4-0.8 0.8-0.8h0.2l0-1.6c0-0.9 0-1.8 0.1-2 0.1-0.6 0.6-1.2 1.1-1.7s1.1-0.7 1.9-0.8c1.8-0.3 3.7 0.7 4.2 2.2 0.1 0.3 0.1 0.7 0.1 2.1v0 1.7h0.1c0.4 0 0.8 0.4 0.8 0.8v4.6zM15.6 7.3c-0.5 0.1-0.8 0.3-1.2 0.6s-0.6 0.8-0.7 1.3c0 0.2 0 0.8 0 1.5l0 1.2h4.6v-1.3c0-1 0-1.4-0.1-1.6-0.3-1.1-1.5-1.9-2.6-1.7zM25.8 28.2c0 1.2-1 2.2-2.1 2.2s-2.1-1-2.1-2.1c0-1.2 1-2.1 2.2-2.1s2.2 1 2.2 2.2zM18.1 28.2c0 1.2-1 2.2-2.1 2.2s-2.1-1-2.1-2.1c0-1.2 1-2.1 2.2-2.1s2.2 1 2.2 2.2zM10.4 28.2c0 1.2-1 2.2-2.1 2.2s-2.1-1-2.1-2.1c0-1.2 1-2.1 2.2-2.1s2.2 1 2.2 2.2z\"\/><\/svg><\/span><span class=\"shariff-text\">teilen<\/span>&nbsp;<\/a><\/li><li class=\"shariff-button linkedin shariff-nocustomcolor\" style=\"background-color:#1488bf\"><a href=\"https:\/\/www.linkedin.com\/sharing\/share-offsite\/?url=https%3A%2F%2Fblogs.nmz.de%2Fbadblog%2F2019%2F01%2F12%2Fneue-musik-musikfeature-soundart-die-radio-woche-vom-14-01-bis-20-01-2019%2F\" title=\"Bei LinkedIn teilen\" aria-label=\"Bei LinkedIn teilen\" role=\"button\" rel=\"noopener nofollow\" class=\"shariff-link\" style=\"; background-color:#0077b5; color:#fff\" target=\"_blank\"><span class=\"shariff-icon\" style=\"\"><svg width=\"32px\" height=\"20px\" xmlns=\"http:\/\/www.w3.org\/2000\/svg\" viewBox=\"0 0 27 32\"><path fill=\"#0077b5\" d=\"M6.2 11.2v17.7h-5.9v-17.7h5.9zM6.6 5.7q0 1.3-0.9 2.2t-2.4 0.9h0q-1.5 0-2.4-0.9t-0.9-2.2 0.9-2.2 2.4-0.9 2.4 0.9 0.9 2.2zM27.4 18.7v10.1h-5.9v-9.5q0-1.9-0.7-2.9t-2.3-1.1q-1.1 0-1.9 0.6t-1.2 1.5q-0.2 0.5-0.2 1.4v9.9h-5.9q0-7.1 0-11.6t0-5.3l0-0.9h5.9v2.6h0q0.4-0.6 0.7-1t1-0.9 1.6-0.8 2-0.3q3 0 4.9 2t1.9 6z\"\/><\/svg><\/span><span class=\"shariff-text\">teilen<\/span>&nbsp;<\/a><\/li><li class=\"shariff-button info shariff-nocustomcolor\" style=\"background-color:#eee\"><a href=\"http:\/\/ct.de\/-2467514\" title=\"Weitere Informationen\" aria-label=\"Weitere Informationen\" role=\"button\" rel=\"noopener \" class=\"shariff-link\" style=\"; background-color:#fff; color:#fff\" target=\"_blank\"><span class=\"shariff-icon\" style=\"\"><svg width=\"32px\" height=\"20px\" xmlns=\"http:\/\/www.w3.org\/2000\/svg\" viewBox=\"0 0 11 32\"><path fill=\"#999\" d=\"M11.4 24v2.3q0 0.5-0.3 0.8t-0.8 0.4h-9.1q-0.5 0-0.8-0.4t-0.4-0.8v-2.3q0-0.5 0.4-0.8t0.8-0.4h1.1v-6.8h-1.1q-0.5 0-0.8-0.4t-0.4-0.8v-2.3q0-0.5 0.4-0.8t0.8-0.4h6.8q0.5 0 0.8 0.4t0.4 0.8v10.3h1.1q0.5 0 0.8 0.4t0.3 0.8zM9.2 3.4v3.4q0 0.5-0.4 0.8t-0.8 0.4h-4.6q-0.4 0-0.8-0.4t-0.4-0.8v-3.4q0-0.4 0.4-0.8t0.8-0.4h4.6q0.5 0 0.8 0.4t0.4 0.8z\"\/><\/svg><\/span><\/a><\/li><\/ul><\/div>","protected":false},"author":1,"featured_media":14800,"comment_status":"open","ping_status":"open","sticky":false,"template":"","format":"standard","meta":{"jetpack_post_was_ever_published":false,"_jetpack_newsletter_access":"","_jetpack_dont_email_post_to_subs":false,"_jetpack_newsletter_tier_id":0,"_jetpack_memberships_contains_paywalled_content":false,"_jetpack_memberships_contains_paid_content":false,"footnotes":""},"categories":[2892,14853],"tags":[14876],"class_list":["post-18621","post","type-post","status-publish","format-standard","has-post-thumbnail","hentry","category-deutsch","category-radiomedien","tag-neue-musik-im-radio"],"yoast_head":"<!-- This site is optimized with the Yoast SEO plugin v27.5 - https:\/\/yoast.com\/product\/yoast-seo-wordpress\/ -->\n<title>Neue Musik \/ Musikfeature \/ SoundArt: Die Radio-Woche vom 14.01. bis 20.01.2019 &#8211; Bad Blog Of Musick - nmz Klassik-Blog<\/title>\n<meta name=\"description\" content=\"Bad Blog Of Musick \u2013 Ein Klassik-Blog und das wahrscheinlich bedeutendste Musik-Blog zur zeitgen\u00f6ssischen und klassischen Musikkultur\" \/>\n<meta name=\"robots\" content=\"index, follow, max-snippet:-1, max-image-preview:large, max-video-preview:-1\" \/>\n<link rel=\"canonical\" href=\"https:\/\/blogs.nmz.de\/badblog\/2019\/01\/12\/neue-musik-musikfeature-soundart-die-radio-woche-vom-14-01-bis-20-01-2019\/\" \/>\n<meta property=\"og:locale\" content=\"de_DE\" \/>\n<meta property=\"og:type\" content=\"article\" \/>\n<meta property=\"og:title\" content=\"Neue Musik \/ Musikfeature \/ SoundArt: Die Radio-Woche vom 14.01. bis 20.01.2019 &#8211; Bad Blog Of Musick - nmz Klassik-Blog\" \/>\n<meta property=\"og:description\" content=\"Bad Blog Of Musick \u2013 Ein Klassik-Blog und das wahrscheinlich bedeutendste Musik-Blog zur zeitgen\u00f6ssischen und klassischen Musikkultur\" \/>\n<meta property=\"og:url\" content=\"https:\/\/blogs.nmz.de\/badblog\/2019\/01\/12\/neue-musik-musikfeature-soundart-die-radio-woche-vom-14-01-bis-20-01-2019\/\" \/>\n<meta property=\"og:site_name\" content=\"Bad Blog Of Musick\" \/>\n<meta property=\"article:publisher\" content=\"https:\/\/www.facebook.com\/musikzeitung\" \/>\n<meta property=\"article:author\" content=\"http:\/\/www.facebook.com\/hufner\" \/>\n<meta property=\"article:published_time\" content=\"2019-01-12T17:00:11+00:00\" \/>\n<meta property=\"og:image\" content=\"https:\/\/i1.wp.com\/blogs.nmz.de\/badblog\/files\/2017\/02\/huf-np-radio-musik-final.jpg?fit=2048%2C1536&ssl=1\" \/>\n\t<meta property=\"og:image:width\" content=\"2048\" \/>\n\t<meta property=\"og:image:height\" content=\"1536\" \/>\n\t<meta property=\"og:image:type\" content=\"image\/jpeg\" \/>\n<meta name=\"author\" content=\"Martin Hufner\" \/>\n<meta name=\"twitter:card\" content=\"summary_large_image\" \/>\n<meta name=\"twitter:creator\" content=\"@huflaikhan\" \/>\n<meta name=\"twitter:site\" content=\"@musikzeitung\" \/>\n<meta name=\"twitter:label1\" content=\"Verfasst von\" \/>\n\t<meta name=\"twitter:data1\" content=\"Martin Hufner\" \/>\n\t<meta name=\"twitter:label2\" content=\"Gesch\u00e4tzte Lesezeit\" \/>\n\t<meta name=\"twitter:data2\" content=\"11\u00a0Minuten\" \/>\n<script type=\"application\/ld+json\" class=\"yoast-schema-graph\">{\"@context\":\"https:\\\/\\\/schema.org\",\"@graph\":[{\"@type\":\"Article\",\"@id\":\"https:\\\/\\\/blogs.nmz.de\\\/badblog\\\/2019\\\/01\\\/12\\\/neue-musik-musikfeature-soundart-die-radio-woche-vom-14-01-bis-20-01-2019\\\/#article\",\"isPartOf\":{\"@id\":\"https:\\\/\\\/blogs.nmz.de\\\/badblog\\\/2019\\\/01\\\/12\\\/neue-musik-musikfeature-soundart-die-radio-woche-vom-14-01-bis-20-01-2019\\\/\"},\"author\":{\"name\":\"Martin Hufner\",\"@id\":\"https:\\\/\\\/blogs.nmz.de\\\/badblog\\\/#\\\/schema\\\/person\\\/488a80049cf0bbc4cce99951ae91c3b9\"},\"headline\":\"Neue Musik \\\/ Musikfeature \\\/ SoundArt: Die Radio-Woche vom 14.01. bis 20.01.2019\",\"datePublished\":\"2019-01-12T17:00:11+00:00\",\"mainEntityOfPage\":{\"@id\":\"https:\\\/\\\/blogs.nmz.de\\\/badblog\\\/2019\\\/01\\\/12\\\/neue-musik-musikfeature-soundart-die-radio-woche-vom-14-01-bis-20-01-2019\\\/\"},\"wordCount\":2188,\"commentCount\":0,\"publisher\":{\"@id\":\"https:\\\/\\\/blogs.nmz.de\\\/badblog\\\/#organization\"},\"image\":{\"@id\":\"https:\\\/\\\/blogs.nmz.de\\\/badblog\\\/2019\\\/01\\\/12\\\/neue-musik-musikfeature-soundart-die-radio-woche-vom-14-01-bis-20-01-2019\\\/#primaryimage\"},\"thumbnailUrl\":\"https:\\\/\\\/i0.wp.com\\\/blogs.nmz.de\\\/badblog\\\/files\\\/2017\\\/02\\\/huf-np-radio-musik-final.jpg?fit=2048%2C1536&ssl=1\",\"keywords\":[\"Neue Musik im Radio\"],\"articleSection\":[\"Deutsch\",\"Radio\\\/Medien\"],\"inLanguage\":\"de\",\"potentialAction\":[{\"@type\":\"CommentAction\",\"name\":\"Comment\",\"target\":[\"https:\\\/\\\/blogs.nmz.de\\\/badblog\\\/2019\\\/01\\\/12\\\/neue-musik-musikfeature-soundart-die-radio-woche-vom-14-01-bis-20-01-2019\\\/#respond\"]}]},{\"@type\":\"WebPage\",\"@id\":\"https:\\\/\\\/blogs.nmz.de\\\/badblog\\\/2019\\\/01\\\/12\\\/neue-musik-musikfeature-soundart-die-radio-woche-vom-14-01-bis-20-01-2019\\\/\",\"url\":\"https:\\\/\\\/blogs.nmz.de\\\/badblog\\\/2019\\\/01\\\/12\\\/neue-musik-musikfeature-soundart-die-radio-woche-vom-14-01-bis-20-01-2019\\\/\",\"name\":\"Neue Musik \\\/ Musikfeature \\\/ SoundArt: Die Radio-Woche vom 14.01. bis 20.01.2019 &#8211; Bad Blog Of Musick - nmz Klassik-Blog\",\"isPartOf\":{\"@id\":\"https:\\\/\\\/blogs.nmz.de\\\/badblog\\\/#website\"},\"primaryImageOfPage\":{\"@id\":\"https:\\\/\\\/blogs.nmz.de\\\/badblog\\\/2019\\\/01\\\/12\\\/neue-musik-musikfeature-soundart-die-radio-woche-vom-14-01-bis-20-01-2019\\\/#primaryimage\"},\"image\":{\"@id\":\"https:\\\/\\\/blogs.nmz.de\\\/badblog\\\/2019\\\/01\\\/12\\\/neue-musik-musikfeature-soundart-die-radio-woche-vom-14-01-bis-20-01-2019\\\/#primaryimage\"},\"thumbnailUrl\":\"https:\\\/\\\/i0.wp.com\\\/blogs.nmz.de\\\/badblog\\\/files\\\/2017\\\/02\\\/huf-np-radio-musik-final.jpg?fit=2048%2C1536&ssl=1\",\"datePublished\":\"2019-01-12T17:00:11+00:00\",\"description\":\"Bad Blog Of Musick \u2013 Ein Klassik-Blog und das wahrscheinlich bedeutendste Musik-Blog zur zeitgen\u00f6ssischen und klassischen Musikkultur\",\"breadcrumb\":{\"@id\":\"https:\\\/\\\/blogs.nmz.de\\\/badblog\\\/2019\\\/01\\\/12\\\/neue-musik-musikfeature-soundart-die-radio-woche-vom-14-01-bis-20-01-2019\\\/#breadcrumb\"},\"inLanguage\":\"de\",\"potentialAction\":[{\"@type\":\"ReadAction\",\"target\":[\"https:\\\/\\\/blogs.nmz.de\\\/badblog\\\/2019\\\/01\\\/12\\\/neue-musik-musikfeature-soundart-die-radio-woche-vom-14-01-bis-20-01-2019\\\/\"]}]},{\"@type\":\"ImageObject\",\"inLanguage\":\"de\",\"@id\":\"https:\\\/\\\/blogs.nmz.de\\\/badblog\\\/2019\\\/01\\\/12\\\/neue-musik-musikfeature-soundart-die-radio-woche-vom-14-01-bis-20-01-2019\\\/#primaryimage\",\"url\":\"https:\\\/\\\/i0.wp.com\\\/blogs.nmz.de\\\/badblog\\\/files\\\/2017\\\/02\\\/huf-np-radio-musik-final.jpg?fit=2048%2C1536&ssl=1\",\"contentUrl\":\"https:\\\/\\\/i0.wp.com\\\/blogs.nmz.de\\\/badblog\\\/files\\\/2017\\\/02\\\/huf-np-radio-musik-final.jpg?fit=2048%2C1536&ssl=1\",\"width\":2048,\"height\":1536,\"caption\":\"Radio Neue Musik. Montage: Hufner\"},{\"@type\":\"BreadcrumbList\",\"@id\":\"https:\\\/\\\/blogs.nmz.de\\\/badblog\\\/2019\\\/01\\\/12\\\/neue-musik-musikfeature-soundart-die-radio-woche-vom-14-01-bis-20-01-2019\\\/#breadcrumb\",\"itemListElement\":[{\"@type\":\"ListItem\",\"position\":1,\"name\":\"Startseite\",\"item\":\"https:\\\/\\\/blogs.nmz.de\\\/badblog\\\/\"},{\"@type\":\"ListItem\",\"position\":2,\"name\":\"Neue Musik \\\/ Musikfeature \\\/ SoundArt: Die Radio-Woche vom 14.01. bis 20.01.2019\"}]},{\"@type\":\"WebSite\",\"@id\":\"https:\\\/\\\/blogs.nmz.de\\\/badblog\\\/#website\",\"url\":\"https:\\\/\\\/blogs.nmz.de\\\/badblog\\\/\",\"name\":\"Bad Blog Of Musick\",\"description\":\"Das bedeutendste Blog zur zeitgen\u00f6ssischen Musikkultur\",\"publisher\":{\"@id\":\"https:\\\/\\\/blogs.nmz.de\\\/badblog\\\/#organization\"},\"potentialAction\":[{\"@type\":\"SearchAction\",\"target\":{\"@type\":\"EntryPoint\",\"urlTemplate\":\"https:\\\/\\\/blogs.nmz.de\\\/badblog\\\/?s={search_term_string}\"},\"query-input\":{\"@type\":\"PropertyValueSpecification\",\"valueRequired\":true,\"valueName\":\"search_term_string\"}}],\"inLanguage\":\"de\"},{\"@type\":\"Organization\",\"@id\":\"https:\\\/\\\/blogs.nmz.de\\\/badblog\\\/#organization\",\"name\":\"neue musikzeitung | Bad Blog Of Musick\",\"url\":\"https:\\\/\\\/blogs.nmz.de\\\/badblog\\\/\",\"logo\":{\"@type\":\"ImageObject\",\"inLanguage\":\"de\",\"@id\":\"https:\\\/\\\/blogs.nmz.de\\\/badblog\\\/#\\\/schema\\\/logo\\\/image\\\/\",\"url\":\"https:\\\/\\\/i0.wp.com\\\/blogs.nmz.de\\\/badblog\\\/files\\\/2016\\\/10\\\/badblog-logo1.png?fit=512%2C512&ssl=1\",\"contentUrl\":\"https:\\\/\\\/i0.wp.com\\\/blogs.nmz.de\\\/badblog\\\/files\\\/2016\\\/10\\\/badblog-logo1.png?fit=512%2C512&ssl=1\",\"width\":512,\"height\":512,\"caption\":\"neue musikzeitung | Bad Blog Of Musick\"},\"image\":{\"@id\":\"https:\\\/\\\/blogs.nmz.de\\\/badblog\\\/#\\\/schema\\\/logo\\\/image\\\/\"},\"sameAs\":[\"https:\\\/\\\/www.facebook.com\\\/musikzeitung\",\"https:\\\/\\\/x.com\\\/musikzeitung\"]},{\"@type\":\"Person\",\"@id\":\"https:\\\/\\\/blogs.nmz.de\\\/badblog\\\/#\\\/schema\\\/person\\\/488a80049cf0bbc4cce99951ae91c3b9\",\"name\":\"Martin Hufner\",\"description\":\"seit 1997 chef\u00f6konom der kritischen masse und netzbabysitter der nmz.\",\"sameAs\":[\"https:\\\/\\\/www.musikkritik.org\",\"http:\\\/\\\/www.facebook.com\\\/hufner\",\"https:\\\/\\\/www.linkedin.com\\\/profile\\\/view?id=48050869&trk=spm_pic\",\"https:\\\/\\\/x.com\\\/huflaikhan\"],\"url\":\"https:\\\/\\\/blogs.nmz.de\\\/badblog\\\/author\\\/admin\\\/\"}]}<\/script>\n<!-- \/ Yoast SEO plugin. -->","yoast_head_json":{"title":"Neue Musik \/ Musikfeature \/ SoundArt: Die Radio-Woche vom 14.01. bis 20.01.2019 &#8211; Bad Blog Of Musick - nmz Klassik-Blog","description":"Bad Blog Of Musick \u2013 Ein Klassik-Blog und das wahrscheinlich bedeutendste Musik-Blog zur zeitgen\u00f6ssischen und klassischen Musikkultur","robots":{"index":"index","follow":"follow","max-snippet":"max-snippet:-1","max-image-preview":"max-image-preview:large","max-video-preview":"max-video-preview:-1"},"canonical":"https:\/\/blogs.nmz.de\/badblog\/2019\/01\/12\/neue-musik-musikfeature-soundart-die-radio-woche-vom-14-01-bis-20-01-2019\/","og_locale":"de_DE","og_type":"article","og_title":"Neue Musik \/ Musikfeature \/ SoundArt: Die Radio-Woche vom 14.01. bis 20.01.2019 &#8211; Bad Blog Of Musick - nmz Klassik-Blog","og_description":"Bad Blog Of Musick \u2013 Ein Klassik-Blog und das wahrscheinlich bedeutendste Musik-Blog zur zeitgen\u00f6ssischen und klassischen Musikkultur","og_url":"https:\/\/blogs.nmz.de\/badblog\/2019\/01\/12\/neue-musik-musikfeature-soundart-die-radio-woche-vom-14-01-bis-20-01-2019\/","og_site_name":"Bad Blog Of Musick","article_publisher":"https:\/\/www.facebook.com\/musikzeitung","article_author":"http:\/\/www.facebook.com\/hufner","article_published_time":"2019-01-12T17:00:11+00:00","og_image":[{"width":2048,"height":1536,"url":"https:\/\/i1.wp.com\/blogs.nmz.de\/badblog\/files\/2017\/02\/huf-np-radio-musik-final.jpg?fit=2048%2C1536&ssl=1","type":"image\/jpeg"}],"author":"Martin Hufner","twitter_card":"summary_large_image","twitter_creator":"@huflaikhan","twitter_site":"@musikzeitung","twitter_misc":{"Verfasst von":"Martin Hufner","Gesch\u00e4tzte Lesezeit":"11\u00a0Minuten"},"schema":{"@context":"https:\/\/schema.org","@graph":[{"@type":"Article","@id":"https:\/\/blogs.nmz.de\/badblog\/2019\/01\/12\/neue-musik-musikfeature-soundart-die-radio-woche-vom-14-01-bis-20-01-2019\/#article","isPartOf":{"@id":"https:\/\/blogs.nmz.de\/badblog\/2019\/01\/12\/neue-musik-musikfeature-soundart-die-radio-woche-vom-14-01-bis-20-01-2019\/"},"author":{"name":"Martin Hufner","@id":"https:\/\/blogs.nmz.de\/badblog\/#\/schema\/person\/488a80049cf0bbc4cce99951ae91c3b9"},"headline":"Neue Musik \/ Musikfeature \/ SoundArt: Die Radio-Woche vom 14.01. bis 20.01.2019","datePublished":"2019-01-12T17:00:11+00:00","mainEntityOfPage":{"@id":"https:\/\/blogs.nmz.de\/badblog\/2019\/01\/12\/neue-musik-musikfeature-soundart-die-radio-woche-vom-14-01-bis-20-01-2019\/"},"wordCount":2188,"commentCount":0,"publisher":{"@id":"https:\/\/blogs.nmz.de\/badblog\/#organization"},"image":{"@id":"https:\/\/blogs.nmz.de\/badblog\/2019\/01\/12\/neue-musik-musikfeature-soundart-die-radio-woche-vom-14-01-bis-20-01-2019\/#primaryimage"},"thumbnailUrl":"https:\/\/i0.wp.com\/blogs.nmz.de\/badblog\/files\/2017\/02\/huf-np-radio-musik-final.jpg?fit=2048%2C1536&ssl=1","keywords":["Neue Musik im Radio"],"articleSection":["Deutsch","Radio\/Medien"],"inLanguage":"de","potentialAction":[{"@type":"CommentAction","name":"Comment","target":["https:\/\/blogs.nmz.de\/badblog\/2019\/01\/12\/neue-musik-musikfeature-soundart-die-radio-woche-vom-14-01-bis-20-01-2019\/#respond"]}]},{"@type":"WebPage","@id":"https:\/\/blogs.nmz.de\/badblog\/2019\/01\/12\/neue-musik-musikfeature-soundart-die-radio-woche-vom-14-01-bis-20-01-2019\/","url":"https:\/\/blogs.nmz.de\/badblog\/2019\/01\/12\/neue-musik-musikfeature-soundart-die-radio-woche-vom-14-01-bis-20-01-2019\/","name":"Neue Musik \/ Musikfeature \/ SoundArt: Die Radio-Woche vom 14.01. bis 20.01.2019 &#8211; Bad Blog Of Musick - nmz Klassik-Blog","isPartOf":{"@id":"https:\/\/blogs.nmz.de\/badblog\/#website"},"primaryImageOfPage":{"@id":"https:\/\/blogs.nmz.de\/badblog\/2019\/01\/12\/neue-musik-musikfeature-soundart-die-radio-woche-vom-14-01-bis-20-01-2019\/#primaryimage"},"image":{"@id":"https:\/\/blogs.nmz.de\/badblog\/2019\/01\/12\/neue-musik-musikfeature-soundart-die-radio-woche-vom-14-01-bis-20-01-2019\/#primaryimage"},"thumbnailUrl":"https:\/\/i0.wp.com\/blogs.nmz.de\/badblog\/files\/2017\/02\/huf-np-radio-musik-final.jpg?fit=2048%2C1536&ssl=1","datePublished":"2019-01-12T17:00:11+00:00","description":"Bad Blog Of Musick \u2013 Ein Klassik-Blog und das wahrscheinlich bedeutendste Musik-Blog zur zeitgen\u00f6ssischen und klassischen Musikkultur","breadcrumb":{"@id":"https:\/\/blogs.nmz.de\/badblog\/2019\/01\/12\/neue-musik-musikfeature-soundart-die-radio-woche-vom-14-01-bis-20-01-2019\/#breadcrumb"},"inLanguage":"de","potentialAction":[{"@type":"ReadAction","target":["https:\/\/blogs.nmz.de\/badblog\/2019\/01\/12\/neue-musik-musikfeature-soundart-die-radio-woche-vom-14-01-bis-20-01-2019\/"]}]},{"@type":"ImageObject","inLanguage":"de","@id":"https:\/\/blogs.nmz.de\/badblog\/2019\/01\/12\/neue-musik-musikfeature-soundart-die-radio-woche-vom-14-01-bis-20-01-2019\/#primaryimage","url":"https:\/\/i0.wp.com\/blogs.nmz.de\/badblog\/files\/2017\/02\/huf-np-radio-musik-final.jpg?fit=2048%2C1536&ssl=1","contentUrl":"https:\/\/i0.wp.com\/blogs.nmz.de\/badblog\/files\/2017\/02\/huf-np-radio-musik-final.jpg?fit=2048%2C1536&ssl=1","width":2048,"height":1536,"caption":"Radio Neue Musik. Montage: Hufner"},{"@type":"BreadcrumbList","@id":"https:\/\/blogs.nmz.de\/badblog\/2019\/01\/12\/neue-musik-musikfeature-soundart-die-radio-woche-vom-14-01-bis-20-01-2019\/#breadcrumb","itemListElement":[{"@type":"ListItem","position":1,"name":"Startseite","item":"https:\/\/blogs.nmz.de\/badblog\/"},{"@type":"ListItem","position":2,"name":"Neue Musik \/ Musikfeature \/ SoundArt: Die Radio-Woche vom 14.01. bis 20.01.2019"}]},{"@type":"WebSite","@id":"https:\/\/blogs.nmz.de\/badblog\/#website","url":"https:\/\/blogs.nmz.de\/badblog\/","name":"Bad Blog Of Musick","description":"Das bedeutendste Blog zur zeitgen\u00f6ssischen Musikkultur","publisher":{"@id":"https:\/\/blogs.nmz.de\/badblog\/#organization"},"potentialAction":[{"@type":"SearchAction","target":{"@type":"EntryPoint","urlTemplate":"https:\/\/blogs.nmz.de\/badblog\/?s={search_term_string}"},"query-input":{"@type":"PropertyValueSpecification","valueRequired":true,"valueName":"search_term_string"}}],"inLanguage":"de"},{"@type":"Organization","@id":"https:\/\/blogs.nmz.de\/badblog\/#organization","name":"neue musikzeitung | Bad Blog Of Musick","url":"https:\/\/blogs.nmz.de\/badblog\/","logo":{"@type":"ImageObject","inLanguage":"de","@id":"https:\/\/blogs.nmz.de\/badblog\/#\/schema\/logo\/image\/","url":"https:\/\/i0.wp.com\/blogs.nmz.de\/badblog\/files\/2016\/10\/badblog-logo1.png?fit=512%2C512&ssl=1","contentUrl":"https:\/\/i0.wp.com\/blogs.nmz.de\/badblog\/files\/2016\/10\/badblog-logo1.png?fit=512%2C512&ssl=1","width":512,"height":512,"caption":"neue musikzeitung | Bad Blog Of Musick"},"image":{"@id":"https:\/\/blogs.nmz.de\/badblog\/#\/schema\/logo\/image\/"},"sameAs":["https:\/\/www.facebook.com\/musikzeitung","https:\/\/x.com\/musikzeitung"]},{"@type":"Person","@id":"https:\/\/blogs.nmz.de\/badblog\/#\/schema\/person\/488a80049cf0bbc4cce99951ae91c3b9","name":"Martin Hufner","description":"seit 1997 chef\u00f6konom der kritischen masse und netzbabysitter der nmz.","sameAs":["https:\/\/www.musikkritik.org","http:\/\/www.facebook.com\/hufner","https:\/\/www.linkedin.com\/profile\/view?id=48050869&trk=spm_pic","https:\/\/x.com\/huflaikhan"],"url":"https:\/\/blogs.nmz.de\/badblog\/author\/admin\/"}]}},"wp-worthy-pixel":{"ignored":true,"public":null,"server":null,"url":null},"wp-worthy-type":"normal","jetpack_featured_media_url":"https:\/\/i0.wp.com\/blogs.nmz.de\/badblog\/files\/2017\/02\/huf-np-radio-musik-final.jpg?fit=2048%2C1536&ssl=1","jetpack-related-posts":[],"jetpack_sharing_enabled":true,"_links":{"self":[{"href":"https:\/\/blogs.nmz.de\/badblog\/wp-json\/wp\/v2\/posts\/18621","targetHints":{"allow":["GET"]}}],"collection":[{"href":"https:\/\/blogs.nmz.de\/badblog\/wp-json\/wp\/v2\/posts"}],"about":[{"href":"https:\/\/blogs.nmz.de\/badblog\/wp-json\/wp\/v2\/types\/post"}],"author":[{"embeddable":true,"href":"https:\/\/blogs.nmz.de\/badblog\/wp-json\/wp\/v2\/users\/1"}],"replies":[{"embeddable":true,"href":"https:\/\/blogs.nmz.de\/badblog\/wp-json\/wp\/v2\/comments?post=18621"}],"version-history":[{"count":1,"href":"https:\/\/blogs.nmz.de\/badblog\/wp-json\/wp\/v2\/posts\/18621\/revisions"}],"predecessor-version":[{"id":18622,"href":"https:\/\/blogs.nmz.de\/badblog\/wp-json\/wp\/v2\/posts\/18621\/revisions\/18622"}],"wp:featuredmedia":[{"embeddable":true,"href":"https:\/\/blogs.nmz.de\/badblog\/wp-json\/wp\/v2\/media\/14800"}],"wp:attachment":[{"href":"https:\/\/blogs.nmz.de\/badblog\/wp-json\/wp\/v2\/media?parent=18621"}],"wp:term":[{"taxonomy":"category","embeddable":true,"href":"https:\/\/blogs.nmz.de\/badblog\/wp-json\/wp\/v2\/categories?post=18621"},{"taxonomy":"post_tag","embeddable":true,"href":"https:\/\/blogs.nmz.de\/badblog\/wp-json\/wp\/v2\/tags?post=18621"}],"curies":[{"name":"wp","href":"https:\/\/api.w.org\/{rel}","templated":true}]}}