{"id":18600,"date":"2019-01-05T18:00:55","date_gmt":"2019-01-05T17:00:55","guid":{"rendered":"http:\/\/blogs.nmz.de\/badblog\/?p=18600"},"modified":"2019-01-02T16:31:42","modified_gmt":"2019-01-02T15:31:42","slug":"neue-musik-musikfeature-soundart-die-radio-woche-vom-07-01-bis-13-01-2019","status":"publish","type":"post","link":"https:\/\/blogs.nmz.de\/badblog\/2019\/01\/05\/neue-musik-musikfeature-soundart-die-radio-woche-vom-07-01-bis-13-01-2019\/","title":{"rendered":"Neue Musik \/ Musikfeature \/ SoundArt: Die Radio-Woche vom 07.01. bis 13.01.2019"},"content":{"rendered":"<p>Neue Musik und Musikfeatures in der Kalenderwoche 02. Ultraschall Berlin \u2013 Festival f&#252;r neue Musik 2019 | Bildende K&#252;nstler als Musiker | Erik B&#252;nger | Peter E&#246;tv&#246;s | Karlheinz Stockhausen: \u201eInori\u201c | Klirrende Kl&#228;nge \u2013 Winter wie fr&#252;her | Barbara Strozzi | Donaueschinger Musiktage | Werkzeuge der Neuen Musik \u2013 Die Violine | Klangkunst von Katharina Schmitt | 300 Jahre Markgrafentheater Erlangen | Komponist und Dirigent Thomas M&#252;ller | Musik der Welt: Gotland | Bach reloaded | 85 Jahre Fahrstuhlmusik | Neue Musik: Witten 1969 \u2013 2018.<\/p>\n<ul>\n<li>Alle bekannten Stream-, Web- und RSS-Adressen deutscher Sender finden sich <a href=\"https:\/\/stefanhetzel.wordpress.com\/kunstmusikoeffentlich-rechtlicher-rundfunk\/\">bei Stefan Hetzel<\/a>.<\/li>\n<li><a href=\"https:\/\/service.conbrio.de\/service\/download\/155\/\">Download dieser &#220;bersicht als PDF<\/a>.<\/li>\n<li>Alle Angaben ohne Gew&#228;hr. &#196;nderungen vorbehalten.<\/li>\n<\/ul>\n<hr \/>\n<h2>Aktueller Podcast von Irene Kurka ::: neue musik leben<\/h2>\n<p><strong><a href=\"https:\/\/neuemusikleben.podigee.io\/23-neue-episode\">23 \u2013 Interview mit Christof P&#252;lsch<\/a><\/strong><\/p>\n<p style=\"padding-left: 30px;\">Christof P&#252;lsch zeigt anhand seines im Januar zum dritten Mal stattfindenden Festivals FRAKZIONEN, wie er die Neue Musik den Menschen n&#228;herbringt und welche Wege er geht. Indem er die Personen hinter dem Interpreten zug&#228;nglich macht, schafft er Begegnungen in seinen Konzerten in Bielefeld. Er spricht offen dar&#252;ber, wer ihn besonders gepr&#228;gt hat, mit welchen Menschen er gerne zusammenarbeitet und wer ihn inspiriert.<\/p>\n<p style=\"padding-left: 30px;\"><a href=\"https:\/\/www.irenekurka.de\/podcast.html\">https:\/\/www.irenekurka.de\/podcast.html<\/a><\/p>\n<hr \/>\n<h2>07.01.2019<\/h2>\n<hr \/>\n<p>21:04 bis 22:00 | kulturradio<br \/>\n<strong>MUSIK DER GEGENWART: Ultraschall Berlin \u2013 Festival f&#252;r neue Musik 2019 \u2013 Spezial<\/strong><\/p>\n<p style=\"padding-left: 30px;\">Mit Andreas G&#246;bel. Vom 16. bis zum 20. Januar findet in diesem Jahr das Festival f&#252;r neue Musik \u201eUltraschall Berlin\u201c statt, das kulturradio vom rbb und Deutschlandfunk Kultur gemeinsam ausrichten. Die beiden Festivalleiter Andreas G&#246;bel und Rainer P&#246;llmann stellen das aktuelle Programm vor.<\/p>\n<p>23:03 bis 00:00 | SWR 2<br \/>\n<strong>SWR2 JetztMusik: Jetzt singen sie auch noch! Bildende K&#252;nstler als Musiker<\/strong><\/p>\n<p style=\"padding-left: 30px;\">Von Michael Rebhahn. \u201eShut up and paint!\u201c riet ein Kritiker dem New Yorker Maler Julian Schnabel, nachdem dieser sich Mitte der 90er-Jahre als Pops&#228;nger versucht hatte. Dass Bildende K&#252;nstler im Musikalischen wildern, ist keine Seltenheit \u2013 das Bed&#252;rfnis nach alternativen Ausdrucksformen scheint gro&#223;. Michael Rebhahns Sendung dokumentiert Gelingen und Scheitern dieser Genrewechsel und stellt verschiedenste Resultate des &#228;sthetischen \u201eFremdgehens\u201c vor: unter anderem Jean Dubuffets Musique Brut oder die Evergreens aus dem Trash-Sektor \u2013 etwa Joseph Beuys, der sich \u201eSonne statt Reagan\u201c w&#252;nschte.<\/p>\n<hr \/>\n<h2>08.01.2019<\/h2>\n<hr \/>\n<p>00:05 bis 01:00 | Deutschlandfunk Kultur<br \/>\n<strong>Neue Musik: Klanggesteuert \u2013 Der schwedische K&#252;nstler Erik B&#252;nger<\/strong><\/p>\n<p style=\"padding-left: 30px;\">Von Michael Rebhahn. In der Arbeit von Erik B&#252;nger geht es um die Psychologie des Klangs: um seine Wirkungen, Funktionen, Bedeutungen und Gefahren.<\/p>\n<p>00:12 bis 02:00 | Bayern 2<br \/>\n<strong>Concerto bavarese: Bayerische Komponistinnen<\/strong><\/p>\n<p style=\"padding-left: 30px;\"><strong>Isabel Mundry<\/strong>: \u201eFlugsand\u201c (Symphonieorchester des Bayerischen Rundfunks: Markus Stenz); <strong>Viera Jan\u00e1rcekov\u00e1<\/strong>: Konzert (Oliver Klenk, Klarinette; Stefanie Schumacher, Akkordeon; Quasars Ensemble); <strong>Konstantia Gourzi<\/strong>: \u201eNine lullabies for a new world\u201c, op. 49 (Nils M&#246;nkemeyer, Viola); \u201eP-ILION\u201c, op. 33, Nr. 2 (Valent\u00edn S\u00e1nchez Pi\u00f1ero, Pascal Schwab, Violine; Michael Falter, Viola; Aikaterini Constantinou, Violoncello); <strong>Dorothee Eberhardt<\/strong>: Sextett (Versus Vox Ensemble M&#252;nchen); <strong>Gloria Coates<\/strong>: Symphonie Nr. 7 (Symphonieorchester des Bayerischen Rundfunks: Olaf Henzold)<\/p>\n<p>21:00 bis 22:00 | NDR Kultur<br \/>\n<strong>neue musik: Verzauberung durch Klang \u2013 Zum 75. Geburtstag von Peter E&#246;tv&#246;s<\/strong><\/p>\n<p style=\"padding-left: 30px;\">Von Margarete Zander. Der Komponist aus Transsylvanien ist beim Komponieren immer auch im Opernhaus und im Konzertsaal \u2013 und ganz nah am Publikum. In seinem Institut in Budapest werden Dirigenten und Komponisten in Spezialkursen unterrichtet, im letzten Jahr waren es mehr als 50 Stipendiaten aus 19 Nationen. Gerade wurde das Buch von Pedro Amaral und Peter E&#246;tv&#246;s mit \u201eGespr&#228;chen, Monologen und anderen Umwegen\u201c in der deutschen &#220;bersetzung ver&#246;ffentlicht \u201eParlando-Rubato\u201c. Wir zeigen Peter E&#246;tv&#246;s pers&#246;nlich.<\/p>\n<p>22:05 bis 23:00 | BR-KLASSIK<br \/>\n<strong>Horizonte: Faszination Neue Musik \u2013 Karlheinz Stockhausen: \u201eInori\u201c<\/strong><\/p>\n<p style=\"padding-left: 30px;\">Von Peter E&#246;tv&#246;s, Alain Louafi und Thorsten Preu&#223;. Zwei T&#228;nzer, ganz in wei&#223;, knien hoch oben auf einem Podium. Sie falten die H&#228;nde, kreuzen die Arme &#252;ber der Brust, versenken sich in Gebetsgesten aus allen Regionen und Religionen der Welt. Darunter ein Orchester, das ganz behutsam, Schritt f&#252;r Schritt, wie eine Lotusbl&#252;te, eine schillernde Klangwelt entfaltet: von der spr&#246;den Eint&#246;nigkeit (im wahrsten Wortsinn) bis zum Reichtum der Polyphonie. \u201eInori\u201c von Karlheinz Stockhausen ist ein ungeheuer anspruchsvolles Werk und wird daher nur selten aufgef&#252;hrt \u2013 aber wenn (wie j&#252;ngst beim Musikfest Berlin), dann ist es ein Ereignis, das niemanden im Publikum kalt l&#228;sst. Ein musikalisches Ritual, das rationale Strenge und spirituelle Tiefe verbindet. Der Dirigent Peter E&#246;tv&#246;s kennt das St&#252;ck seit &#252;ber 40 Jahren: Noch vor der Urauff&#252;hrung sang ihm Stockhausen die Partitur in seiner K&#252;rtener K&#252;che vor. Mit dabei bei der Premiere 1974 war auch der T&#228;nzer Alain Louafi. Er hatte zuvor monatelang wie ein M&#246;nch in Stockhausens Gartenhaus gelebt und mit dem Komponisten die vielen h&#246;chst pr&#228;zise notierten Gesten einge&#252;bt. Zwei Zeitzeugen, die in der Reihe \u201eFaszination Neue Musik\u201c auf beeindruckende Weise von ihrer Zusammenarbeit mit Karlheinz Stockhausen erz&#228;hlen und in die Welt von \u201eInori\u201c einf&#252;hren.<\/p>\n<p>23:03 bis 00:00 | SWR 2<br \/>\n<strong>SWR2 ars acustica: Lichtenberg. Konstellationen \u2013 Ein H&#246;rspiel von Johannes Bauer, Joanne Dietz, Philippe Mainz und Steffen Reichelt<\/strong><\/p>\n<p style=\"padding-left: 30px;\">Nach dem H&#246;rspiel \u201eLichtenberg. Ein Querschnitt\u201c von Walter Benjamin. Mit: Claude de Demo, Sebastian Mirow und Martin Rentzsch. Musik und Regie: Philippe Mainz. (Produktion: SWR\/HfG Karlsruhe\/ZKM 2018). Audio unter SWR.de\/swr2\/hoerspiel<\/p>\n<p style=\"padding-left: 30px;\">Georg Christoph Lichtenberg (1742 \u2013 1799) ist der gro&#223;e Kasuist und Alltagsbeobachter unter den Schriftstellern der deutschen Aufkl&#228;rung. Seine Lebenserfahrungen und (Selbst-)Beobachtungen bilden den Stoff f&#252;r das letzte H&#246;rspiel Walter Benjamins, in dem er die Erdforscher auf dem Mond auf den historischen Mondforscher Lichtenberg treffen l&#228;sst: Nach vielen vergeblichen Versuchen ist dies die letzte Probe, menschliches Verhalten kennenzulernen.<\/p>\n<p style=\"padding-left: 30px;\">In diesem H&#246;rspiel nun treffen wir nur noch auf die verlassene Forschungsstation eines Observatoriums der Mondbewohner mit den darin befindlichen Instrumenten zur Beobachtung der Erdbewohner. Verbindungen zum Kopfsystem werden hergestellt. Im Orbit fliegen Fragmente, gesammelte Ideen, Gedanken.<\/p>\n<hr \/>\n<h2>09.01.2019<\/h2>\n<hr \/>\n<p>00:12 bis 02:00 | Bayern 2<br \/>\n<strong>Concerto bavarese: Fr&#228;nkische Komponisten<\/strong><\/p>\n<p style=\"padding-left: 30px;\"><strong>Wilhelm Klepper<\/strong>: Klaviertrio (Ernst Gr&#246;schel, Klavier; Wilhelm Klepper, Violine; Bruno Klepper, Violoncello); Sechs Lieder nach Texten von Rainer Maria Rilke (Regina Klepper, Sopran; Wilhelm Klepper, Violine; Ernst Gr&#246;schel, Klavier); <strong>Gottfried M&#252;ller<\/strong>: Konzert f&#252;r gro&#223;es Orchester, op. 5 (Bamberger Symphoniker: Peter G&#252;lke); <strong>Bertold Hummel<\/strong>: \u201eLudi a tre\u201c, op. 29 (Ulrich Becker, Oboe; Barton Weber, Klavier; Peter Sadlo, Schlagzeug)<\/p>\n<p>20:04 bis 21:00 | hr2-kultur<br \/>\n<strong>Kaisers Kl&#228;nge: Klirrende Kl&#228;nge \u2013 Winter wie fr&#252;her<\/strong><\/p>\n<p style=\"padding-left: 30px;\">\u201eWann wird\u2019s mal wieder richtig Sommer?\u201c sang einst Rudi Carrell. In Zeiten des Klimawandels m&#252;sste man vielleicht eher fragen: Wann wird\u2019s mal wieder richtig Winter?<\/p>\n<p style=\"padding-left: 30px;\">Mit Temperaturen unter Null, Schneefall von Dezember bis M&#228;rz und Glatteis nicht nur auf der Schlittschuhbahn! Falls es auch in diesem Jahr nichts werden sollte mit dem Winter, dann sorgen wenigstens Kaisers Kl&#228;nge heute einmal f&#252;r klare sibirische Verh&#228;ltnisse: mit musikalischen Schneest&#252;rmen, klirrend-kalten Orchesterkl&#228;ngen und frostigen Arien. Besser schon mal lange Unterhosen anziehen!<\/p>\n<p>20:50 bis 22:00 | NDR Kultur<br \/>\n<strong>Chormusik: La virtuosissima cantatrice \u2013 Zum 400. Geburtstag von Barbara Strozzi<\/strong><\/p>\n<p style=\"padding-left: 30px;\">Barbara Strozzi: Madrigale und Kantaten. Musica Secreta; Emanuela Galli, Sopran \/ Orlando di Lasso Ensemble La Risonanza; Consort Baroque Laurentia; Flavio Ferri-Benedetti, Countertenor \/ Musica Fiorita<\/p>\n<p>21:04 bis 22:00 | kulturradio<br \/>\n<strong>MUSIK DER GEGENWART: Der Dirigent Sylvain Cambreling<\/strong><\/p>\n<p style=\"padding-left: 30px;\">Mit Andreas G&#246;bel. Er z&#228;hlt zu den vielseitigsten Dirigenten &#252;berhaupt. Neben dem klassisch-romantischen Opern- und Konzertrepertoire \u2013 oft auch in ausgefallenen Programmen \u2013 gilt seine Leidenschaft der zeitgen&#246;ssischen Musik. Die Zahl der von ihm geleiteten Urauff&#252;hrungen l&#228;sst sich kaum noch z&#228;hlen. Am 16. Januar dirigiert er im Er&#246;ffnungskonzert von Ultraschall Berlin das Deutsche Symphonie-Orchester Berlin mit Werken von Charlotte Seither, Philippe Boesmans und Joanna Wozny.<\/p>\n<p>23:03 bis 00:00 | SWR 2<br \/>\n<strong>SWR2 JetztMusik: Johannes Kalitzke: \u201eOrlacs H&#228;nde\u201c (1\/2) \u2013 Musik zum Stummfilm von Robert Wiene<\/strong><\/p>\n<p style=\"padding-left: 30px;\">Stuttgarter Kammerorchester; Leitung: Johannes Kalitzke. Stummfilme mit neu komponierter Begleitmusik haben Konjunktur. Der Komponist Johannes Kalitzke schrieb 2017 f&#252;r \u201eOrlacs H&#228;nde\u201c bereits seine dritte Filmsinfonie. \u201eOrlacs H&#228;nde\u201c ist ein &#246;sterreichischer Film von Robert Wiene aus dem Jahr 1924, in dem es um puren Horror geht. Ein Pianist verliert bei einem Eisenbahnunfall beide H&#228;nde, bekommt aber neue angen&#228;ht, und zwar ausgerechnet die eines gerade hingerichteten M&#246;rders. Die neu komponierte Musik von Kalitzke wurde im Vorfeld der Urauff&#252;hrung im Theaterhaus in Stuttgart als Studioproduktion unter der Leitung des Komponisten aufgenommen. (Teil 2, Mittwoch, 16. Januar, 23.03 Uhr)<\/p>\n<hr \/>\n<h2>10.01.2019<\/h2>\n<hr \/>\n<p>00:05 bis 01:00 | Deutschlandfunk Kultur<br \/>\n<strong>Neue Musik: Donaueschinger Musiktage<\/strong><\/p>\n<p style=\"padding-left: 30px;\">Strawinsky Saal, Baar-Sporthalle; Aufzeichnungen vom 20.\/21.10.2018. <strong>Klaus Lang<\/strong>: \u201eparthenon\u201c f&#252;r Ensemble (Urauff&#252;hrung). Cikada Ensemble; Leitung: Christian Eggen | <strong>Hermann Meier<\/strong>: St&#252;ck f&#252;r gro&#223;es Orchester und Klavier zu vier H&#228;nden (Urauff&#252;hrung). Lars J&#246;nsson, Klavier; Klaus Steffes-Holl&#228;nder, Klavier; SWR Symphonieorchester; Leitung: Peter Rundel<\/p>\n<p>00:12 bis 02:00 | Bayern 2<br \/>\n<strong>Concerto bavarese: Bayerische Komponistinnen<\/strong><\/p>\n<p style=\"padding-left: 30px;\"><strong>Widmar Hader<\/strong>: \u201eLicht der Lichter\u201c (Manfred Ball, Sprechstimme; Geb&#228;rdenchor CantaSIgno; Anne Horsch, Orgel; Leander Kaiser, Christopher Fellinger, Perkussion); <strong>Hans Altmann<\/strong>: Sonate Nr. 5 Des-Dur, op. 28 (Julius Severin, Klavier); <strong>Manfred Fleischmann<\/strong>: \u201eEntstehen \u2013 Ver&#228;ndern \u2013 Vergehen\u201c (M&#252;nchner Fl&#246;tentrio); <strong>Karel Ric\u00e1nek<\/strong>: Suite f&#252;r Streichorchester (Streichergruppe des Sinfonieorchesters des Tschechischen Rundfunks: Vladimir V\u00e1lek)<\/p>\n<p>19:05 bis 20:00 | BR-KLASSIK<br \/>\n<strong>KlassikPlus: Cherubim und Seraphim \u2013 Auf Engelsschwingen<\/strong><\/p>\n<p style=\"padding-left: 30px;\">Die Sprache der Engel ist die Musik, hei&#223;t es. So geh&#246;ren zu den Hauptaufgaben der Himmelsbewohner der Gesang und das Musizieren. Engel singen ohne Unterlass, meist mit einer Stimme oder in himmlischen Ch&#246;ren. Dass die Engel das \u201eGloria\u201c anstimmen geh&#246;rt zur Weihnachtsgeschichte elementar dazu. Auch Glocke und Geige, Trommel, Fl&#246;te und Triangel spielen Engel. Wenn sie majest&#228;tisch oder furchteinfl&#246;&#223;end auftreten, werden sogar Pauken und Posaunen aufgeboten, um ihre Kraft zu symbolisieren. Cherubim und Seraphim und andere mythische Sehnsuchtswesen flatterten durch die Partituren der gesamten Musikgeschichte und befl&#252;gelten Komponisten zu allen Zeiten. In dieser \u201eKlassikPlus\u201c-Ausgabe mit Musik zwischen Himmel und Erde rauscht es von Engelsfl&#252;geln! Eine Sendung von Maria Schemm<\/p>\n<p>20:04 bis 22:30 | SR2 KulturRadio<br \/>\n<strong>Mouvement<\/strong><\/p>\n<p style=\"padding-left: 30px;\">Werke von Gy&#246;rgy Kurt\u00e1g, Peter E&#246;tv&#246;s, York H&#246;ller, Manfred Kelkel und Pierre Pincemaille<\/p>\n<p>21:30 bis 22:30 | hr2-kultur<br \/>\n<strong>Neue Musik: Werkzeuge der Neuen Musik | Die Violine, Teil 2 von 2<\/strong><\/p>\n<p style=\"padding-left: 30px;\">Von Sylvia Freydank. Schon die Alten wussten, Musik ist erst Musik, wenn sie klingt. Das ist in der zeitgen&#246;ssischen Musik nicht anders als in der davor komponierten.<\/p>\n<p style=\"padding-left: 30px;\">Zwar hat sie vereinzelt auch Konzepte einer nur denkbaren oder einer blo&#223; sichtbaren Musik hervorgebracht, doch nach wie vor sind die allermeisten Partituren des 20.\/21. Jahrhunderts emphatisch dem Klang verpflichtet. Dazu bedarf es wie eh und je spezieller Werkzeuge. Neben den Stimmen von Frau, Mann und Kind sind das die klassischen Orchester-Instrumente, zudem viele andere: Wiederentdeckungen aus Renaissance und Barock, etwa Blockfl&#246;te und Cembalo, Erfindungen wie das Pr&#228;parierte Klavier, die Doppeltrichter-Trompete, der Synthesizer oder die Glissando-Fl&#246;te, Neuentdeckungen wie die japanische Sho, zahlloses Schlagwerk aus aller Welt und aus dem Alltag sowie endlich in die ernste Kunst integrierte Instrumente aus der eigenen Volksmusik, darunter Akkordeon, Mandoline und Zither. In einer mehrteiligen Sendereihe begeben sich viele hr2-Autorinnen und -Autoren auf Spurensuche, sprechen mit exzellenten Interpreten &#252;ber ihr Klangwerkzeug, mit Instrumentenbauern &#252;ber neue Anforderungen, mit Komponisten &#252;ber das Wie und Warum der erweiterten Spielm&#246;glichkeiten und pr&#228;sentieren die wichtigsten Werke, teils h&#246;chst au&#223;ergew&#246;hnliche Musikst&#252;cke.<\/p>\n<p>22:03 bis 23:00 | SWR 2<br \/>\n<strong>SWR2 H&#246;rspiel-Studio: Sounds of Still Lifes \u2013 H&#246;rst&#252;ck von Catherine Milliken und Dietmar Wiesner mit Gedichten von Pablo Picasso<\/strong><\/p>\n<p style=\"padding-left: 30px;\">Aus dem Franz&#246;sischen von Holger Fock. Mit: Ulrich Noethen, Corinna Kirchhoff, Markus Meyer u. a. Komposition und Regie: Catherine Milliken \/ Dietmar Wiesner. (Produktion: SWR 2018)<\/p>\n<p style=\"padding-left: 30px;\">In Picassos Gedichten geht es darum, Metaphern f&#252;r Sexualit&#228;t, fragile Identit&#228;t, politische Wirklichkeit und nicht zuletzt k&#252;nstlerische Selbstbehauptung im &#220;berlebenskampf zu finden. Vielleicht stehen diese Gedichte nicht f&#252;r den Olymp der Poesie. Aber sie eignen sich f&#252;r musikdramatische Umsetzungen. Aus seinen 350 Gedichten, zwischen 1935 und 1959 entstanden, wurden einige ausgew&#228;hlt und zu einem Libretto montiert. Diese Texte zeichnen sich durch ihren Eigensinn und Widerstand gegen die konventionelle Formensprache aus. Musik und Wort k&#246;nnen so sich in einem fruchtbaren Spiel umkreisen.<\/p>\n<p>22:05 bis 23:00 | BR-KLASSIK<br \/>\n<strong>Horizonte: Studio f&#252;r Musik<\/strong><\/p>\n<p style=\"padding-left: 30px;\"><strong>Charles Ives<\/strong>: Aus \u201eThe swimmers\u201c (Susan Graham, Mezzosopran; Pierre-Laurent Aimard, Klavier); \u201eThe unanswered question\u201c (Symphonieorchester des Bayerischen Rundfunks: David Robertson); George Antheil: \u201eBallet m\u00e9canique\u201c (Ensemble Modern); Roy Harris: Symphonie Nr. 3 (New York Philharmonic: Leonard Bernstein); <strong>Virgil Thomson<\/strong>: \u201eSeven selected portraits\u201c (Anthony Tommasini, Klavier)<\/p>\n<hr \/>\n<h2>11.01.2019<\/h2>\n<hr \/>\n<p>00:05 bis 01:00 | Deutschlandfunk Kultur<br \/>\n<strong>Klangkunst: Das Molyneux-Problem \u2013 Klangkunst von Katharina Schmitt<\/strong><\/p>\n<p style=\"padding-left: 30px;\">Komposition: Michal Rataj; Mit: Jaschka L&#228;mmert und Rafael Schuchter; Produktion: ORF 2017. L&#228;nge: 31\u201929.<\/p>\n<p style=\"padding-left: 30px;\">Tr&#228;ume aus Klang: Was erleben blind geborene Menschen im Schlaf? Wovon tr&#228;umen Blinde? Dieser Frage ging die Autorin Katarina Schmitt nach. In zahlreichen Interviews erforschte sie, wie blind geborene Menschen ihre t&#228;glichen Erfahrungen verarbeiten und wie in ihren Tr&#228;umen narrative Strukturen entstehen. Der Titel des H&#246;rst&#252;cks ist an eine philosophische Fragestellung aus dem Jahr 1688 angelehnt. Sie befasst sich mit der Beziehung zwischen Tast- und Sehsinn und wirft die Frage auf, wie Erkenntnis entsteht und wo ihre Grenzen sind.<\/p>\n<p style=\"padding-left: 30px;\">Dank der Unterst&#252;tzung des &#246;sterreichischen und des tschechischen Blindenverbandes und einer Q21-Residency im Wiener Museumsquartier im Herbst 2016 konnte Katharina Schmitt eine Interviewreihe mit zehn blinden Menschen in Wien und in Prag durchf&#252;hren.<\/p>\n<p style=\"padding-left: 30px;\">Katharina Schmitt, geboren 1979 in Bremen, ist Regisseurin und Dramatikerin. Studium f&#252;r Theaterregie an der Prager Akademie der musischen K&#252;nste. Zahlreiche Inszenierungen unter anderem f&#252;r das Prager Nationaltheater, das Watermill Center New York, die Autorentheatertage am Deutschen Theater Berlin und die M&#252;nchener Biennale. Zudem Residencies und Stipendien. Ihre St&#252;cke wurden ins Englische, Polnische, Finnische und Tschechische &#252;bersetzt. Katharina Schmitt lebt und arbeitet in Berlin und in Prag.<\/p>\n<p>00:12 bis 02:00 | Bayern 2<br \/>\n<strong>Concerto bavarese: Fr&#228;nkische Komponistinnen<\/strong><\/p>\n<p style=\"padding-left: 30px;\"><strong>Werner Heider<\/strong>: Konzert f&#252;r Trompete, Saxophon und Orchester (Etienne Cap, Trompete; Hans Wolf, Saxofon; M&#252;nchner Rundfunkorchester: Peter Falk); <strong>Stefan Poetzsch<\/strong>: Violin Suite \/ Et&#252;de (Stefan Poetzsch, Viola); <strong>Matthias Schmitt<\/strong>: \u201eGhanaia\u201c (Peter Sadlo and Friends); <strong>Peter Fulda<\/strong>: Vier Strophen auf \u201eIch hab die Nacht getr&#228;umet\u201c (Dirk M&#252;ndelein, Gitarre; Peter Fulda, Klavier); <strong>Steffen Schorn<\/strong>: \u201eThree Pictures\u201c (Roger Hanschel; Steffen Schorn, Saxophon; Rasch\u00e8r Saxophone Quartet); <strong>Klaus Treuheit<\/strong>: \u201eProcessional 1-3\u201c (Klaus Treuheit, Orgel); <strong>Ulrich Nehls<\/strong>: Quartett f&#252;r vier Saxofone (Akademie Quartett N&#252;rnberg); <strong>Christoph Weinhart<\/strong>: \u201eEveryone\u2019s gonna be lonely tonight\u201c (Petra-Maria Huber, Gesang; Christoph Weinhart, Klavier)<\/p>\n<p>19:05 bis 20:00 | BR-KLASSIK<br \/>\n<strong>Das Musik-Feature: \u201eEin Hochf&#252;rstliches Opern- und Com&#246;dienhaus\u201c \u2013 300 Jahre Markgrafentheater Erlangen<\/strong><\/p>\n<p style=\"padding-left: 30px;\">Von Wolfgang Schicker. W&#228;hrend Denkm&#228;ler und Kulturerbest&#228;tten landauf, landab an die kulturelle Bl&#252;te der Vergangenheit erinnern, lebt sie hier seit 300 Jahren bei jeder Vorstellung von Neuem auf: im Markgrafentheater Erlangen, dem &#228;ltesten Barocktheater S&#252;ddeutschlands, das bis heute bespielt wird. Zwischen 1715 und 1719 lie&#223; Markgraf Georg Wilhelm von Brandenburg-Bayreuth es errichten als \u201eHochf&#252;rstliches Opern- und Com&#246;dienhaus\u201c seiner Nebenresidenz Erlangen.<\/p>\n<p style=\"padding-left: 30px;\">Zwei Generationen sp&#228;ter wurde das Theater auf Veranlassung der ber&#252;hmten Markgr&#228;fin Wilhelmine \u2013 selbst leidenschaftliche Musikerin und Komponistin \u2013 im Rokokostil umgestaltet. Obwohl sie bald darauf in der Residenzstadt Bayreuth ein \u201eeigenes\u201c Opernhaus nach ihren W&#252;nschen und Pl&#228;nen er&#246;ffnete, war sie weiterhin gerne in Erlangen, wo sie sogar eine ihrer Opern urauff&#252;hrte. Wolfgang Schicker besuchte das prunkvolle Barockjuwel, das sich heute hinter einer Betonfassade aus den 1950er Jahren versteckt, und sprach mit Ensemblemitgliedern, Theatermachern und Besuchern.<\/p>\n<p>21:05 bis 22:30 | Bayern 2<br \/>\n<strong>h&#246;r!spiel!art.mix: Elfriede Jelinek: Wut<\/strong><\/p>\n<p style=\"padding-left: 30px;\">Mit Jan Bluthardt, Katja B&#252;rkle, Thomas Loibl, Petra Morz\u00e9 und Stefan Wilkening. Komposition: zeitblom. Regie: Leonhard Koppelmann. BR 2018<\/p>\n<p style=\"padding-left: 30px;\">Die Anschl&#228;ge auf das Satiremagazin Charlie Hebdo und einen j&#252;dischen Supermarkt in Paris im Januar 2015 waren der Ausl&#246;ser f&#252;r die Entstehung von \u201eWut\u201c. Elfriede Jelinek entfesselt in ihrem Text jene Wut, die zu diesen Gewalttaten gef&#252;hrt haben mag. Doch bleibt sie nicht bei den T&#228;tern, denn w&#252;tend sind alle, die im St&#252;ck auftreten, von deutschen Wutb&#252;rgern bis hin zum antiken griechischen Hercules und nicht zu vergessen nat&#252;rlich die Autorin selbst angesichts des Terrors und Populismus in der Welt. In den sich &#252;berlagernden Bedeutungsebenen scheinen aber auch die Fragen auf: Was kommt nach der Wut? Was bewirkt sie: Zerst&#246;rung, Ausgrenzung \u2013 oder kann sie auch Motor und Verbindung sein?<\/p>\n<p style=\"padding-left: 30px;\">Elfriede Jelinek, geb. 1946 in M&#252;rzzuschlag\/Steiermark. Lyrik, Prosa, Theatertexte, Libretti, Drehb&#252;cher, H&#246;rspiele. BR-H&#246;rspiele, unter anderem \u201eSportchor\u201c (2006), \u201eUlrike Maria Stuart\u201c (2007), \u201eNeid\u201c (2011), \u201eDas schweigende M&#228;dchen\u201c (2015), \u201eAm K&#246;nigsweg\u201c (2017).<\/p>\n<p>22:00 bis 22:30 | Deutschlandfunk Kultur<br \/>\n<strong>Einstand: Persische Perkussion und klassische Gitarre \u2013 Das Duo Armaos-Rastani<\/strong><\/p>\n<p style=\"padding-left: 30px;\">Von Babette Michel. Als Spross einer persischen Musikerfamilie liegt dem Daf- und Tonbak-Spieler Syavash Rastani die Musiktradition des Iran am Herzen. Gern l&#228;sst er sie aber auch in andere Kontexte hineinwachsen. Sein kongenialer musikalischer Partner ist seit 2016 der 25-j&#228;hrige griechische Gitarrist Ptolemaios Armaos. Schon wenige Monate nach dem ersten Treffen in beider Heimatstadt K&#246;ln gewann das Duo mit eigenen Kompositionen und Arrangements klassischer St&#252;cke zwei Creole-Preise \u2013 in NRW und bundesweit. Ihr beherzter und humorvoller Dialog der Sinne &#252;berzeugt, genauso wie die Vision, dass Kunst erst richtig interessant wird, wenn sie sich jeder Begrenzung entzieht.<\/p>\n<hr \/>\n<h2>12.01.2019<\/h2>\n<hr \/>\n<p>14:05 bis 15:00 | BR-KLASSIK<br \/>\n<strong>Das Musik-Feature: 300 Jahre Markgrafentheater Erlangen<\/strong><\/p>\n<p>22:04 bis 00:00 | WDR 3<br \/>\n<strong>WDR 3 Open Sounds: Fl&#252;chtige Begegnungen<\/strong><\/p>\n<ul>\n<li>A Collection of Smiles. Von Alessandro Bosetti \u2013 Realisation: der Autor<\/li>\n<li>Hello, Goodbye! Klangwelten zwischen Willkommen und Abschied \u2013 Von Tonality S.<\/li>\n<\/ul>\n<p>22:05 bis 22:50 | Deutschlandfunk<br \/>\n<strong>Atelier neuer Musik: Die Posaunen der sieben Engel \u2013 Der Komponist und Dirigent Thomas M&#252;ller<\/strong><\/p>\n<p style=\"padding-left: 30px;\">Von Stefan Amzoll. Luftig m&#252;ssten seine Gebilde sein, sagte er einmal, und zugleich streng gearbeitet. Welch ein Widerspruch. Doch Thomas M&#252;llers Idol ist Anton Webern. Zugleich faszinieren ihn die feinziselierten Kompositionen Giacinto Scelsis und das Rabiate bei Edgar Varese. Er selbst schrieb Kammer \u2013 und Orchestermusik, Solost&#252;cke, Chor \u2013 und Orgelmusik. Doch sein Oeuvre ist vergleichsweise schmal. Jedes einzelne Werk, das M&#252;ller ver&#246;ffentlichte, unterzog er zuvor strengsten Pr&#252;fungen. Internationale Anerkennung als Komponist fand er auf internationalen Festivals wie der Musik-Biennale in Ostberlin, beim Prager Fr&#252;hling oder bei den Donaueschinger Musiktagen. Fr&#252;h wirkte Thomas M&#252;ller als Solorepetitor an der Deutschen Staatsoper Berlin. Es folgten Engagements als Studienleiter und Kapellmeister in Halberstadt, Stralsund, Wittenberg, Eisleben. Sein Name verbindet sich mit der Komponistenklasse in Halle\/Saale, er leitete zeitweise das Ensemble Konfrontation der Halleschen Philharmonie, er lehrte an der Magdeburger Universit&#228;t. M&#252;ller, geboren am 12. Januar 1939 in Leipzig, wird heute auf den Tag genau 80 Jahre alt.<\/p>\n<p>23:00 bis 00:00 | hr2-kultur<br \/>\n<strong>The Artist\u2019s Corner | H&#246;rspiel: Unsicher.Zeit von J. Peter Schwalm<\/strong><\/p>\n<p style=\"padding-left: 30px;\">Epileptische Anf&#228;lle, Kopfschmerzen, Vergesslichkeit und Panikattacken. Irgendetwas stimmt nicht mit seinem K&#246;rper. Angefangen hatte es vor ein paar Jahren, mit einem Anfall, bei dem er auf den Boden fiel und ohnm&#228;chtig wurde. Die Ursache konnte nicht gedeutet werden.<\/p>\n<p style=\"padding-left: 30px;\">Die ersten Diagnosen verschiedener &#196;rzte stimmen nicht. Es wird zuerst vermutet, dass er an einem Burnout oder an &#220;berarbeitung leidet; \u00bbToo many Live Events\u00ab, wie einer der &#196;rzte sagte.<\/p>\n<p style=\"padding-left: 30px;\">Erst nach ein paar Jahren kommt ein Spezialist nach der Untersuchung im MRT zu dem Schluss: Hirntumor dritten Grades. So der Befund. Alles Gewesene, alles Kommende: sein Schicksal.<\/p>\n<p style=\"padding-left: 30px;\">An diesem Punkt beginnt das H&#246;rspiel Unsicher.Zeit von J. Peter Schwalm. Nach der nicht erfolgreichen Wach-OP \u2013 denn der Tumor konnte nicht entfernt werden \u2013 beginnt das Leben danach: mal subtil, manchmal direkt. Unsicherheit, existentielle Fragen, der Blick zur&#252;ck und &#196;ngste sind die Themen, mit denen J. Peter Schwalm sich zwischen Traum und Realit&#228;t auseinandersetzen muss. Er hangelt sich von Untersuchung zu Untersuchung, und will herausfinden, ob und wie lange das Leben weitergehen k&#246;nnte. Regie: J. Peter Schwalm. hr 2019<\/p>\n<p style=\"padding-left: 30px;\">Peter Schwalm, Jahrgang 1970, Komponist und Klanggestalter, ist im Bereich orchestraler und elektronischer Musik t&#228;tig. Er komponiert Musik f&#252;r Theater, Ballett, Film. Einer breiteren &#214;ffentlichkeit ist er vor allem durch seine langj&#228;hrige Arbeit mit dem britischen Musiker Brian Eno bekannt. Schwalm ver&#246;ffentlicht bei dem in London ans&#228;ssigen Label Rare Noise Records. Beim norwegischen PUNKT Musikfestival ist er regelm&#228;&#223;ig als Gastdozent f&#252;r Improvisation, elektronische Musik und verschiedene Kompositionstechniken t&#228;tig. Mit Musikern wie Eivind Aarset, Tim Harries und der visuellen K&#252;nstlerin Sophie Clements bringt er seine Werke auch auf die B&#252;hnen diverser Festivals.<\/p>\n<p>23:05 bis 24:00 | BR-KLASSIK<br \/>\n<strong>Musik der Welt: Gotland \u2013 Traditionen und Visionen von Schwedens gr&#246;&#223;ter Insel<\/strong><\/p>\n<p style=\"padding-left: 30px;\">Wenn die knapp 60.000 Einwohner Gotlands ihre Heimat per dreist&#252;ndiger Schiffsreise verlassen, dann sagen sie nicht, dass sie auf das Festland fahren, sondern nach Schweden. Die mit 180 km L&#228;nge und 50 km Breite gr&#246;&#223;te Insel der Ostsee stellt einen eigenen Kulturraum dar, in dem das fr&#252;he Mittelalter, als die Hauptstadt Visby die reichste Stadt der damals bekannten Welt war, lebendige Spuren hinterlassen hat. International bekannte K&#252;nstlerinnen und K&#252;nstler wie Filmregisseur Ingmar Bergman, der gro&#223;e Chordirigent Eric Ericson, die Folk-S&#228;ngerin Gunnel Mauritzson oder der legend&#228;re Jazzsaxophonist Lars Gullin haben hier gelebt und sind von den reichen Traditionen und den faszinierenden Landschaftsbildern inspiriert worden. Die Gruppe \u201eGunnfjauns Kapell\u201c hat zwei Folkmusicals aus der bewegten Geschichte Gotlands und seinen Mythen verfasst, die mittlerweile in ganz Schweden popul&#228;r sind und von vielen Ch&#246;ren aufgef&#252;hrt werden, besonders \u201eVolund\u201c, die Mittelalter-Sage nach dem gleichnamigen heldenhaften Schmied. Eine Sendung von Jens-Peter M&#252;ller<\/p>\n<hr \/>\n<h2>13.01.2019<\/h2>\n<hr \/>\n<p>17:04 bis 18:00 | hr2-kultur<br \/>\n<strong>Kaisers Kl&#228;nge: Bach reloaded \u2013 Neues vom alten Meister<\/strong><\/p>\n<p style=\"padding-left: 30px;\">Kaum etwas ist &#252;ber die Jahrhunderte so inspirierend f&#252;r Komponisten und Musiker gewesen wie die Musik von Johann Sebastian Bach. Immer wieder wurde sie neu erfunden.<\/p>\n<p style=\"padding-left: 30px;\">Ob die \u201eGoldberg-Variationen\u201c im Orchestersound erklingen, Geigenpartiten von der Drehleiher gespielt werden oder die Suiten f&#252;r Violoncello solo von einem ganzen Cello-Ensemble: Wenn es um Bach geht, ist alles m&#246;glich. \u201eKaisers Kl&#228;nge\u201c pr&#228;sentieren heute die neuesten Kreationen aus den Werkst&#228;tten der Bach-Bearbeiter.<\/p>\n<p>22:00 bis 22:30 | Deutschlandfunk Kultur<br \/>\n<strong>Musikfeuilleton: Musik zum Wegh&#246;ren \u2013 85 Jahre Fahrstuhlmusik<\/strong><\/p>\n<p style=\"padding-left: 30px;\">Von Heidi Mottl. Was heutzutage bisweilen l&#228;stig erscheint, war vor rund 85 Jahren eine Innovation: Hintergrundmusik. 1936 wurde diese Musik, die keine Aufmerksamkeit auf sich ziehen soll, das erste Mal in Aufz&#252;gen in New York eingesetzt, um Menschen die Angst vor der H&#246;he zu nehmen, deshalb nennt man sie auch \u201aFahrstuhlmusik\u2019. Ein paar Jahre zuvor wurde die Muzak Corporation gegr&#252;ndet, die es mit ihrer Hintergrundmusik in B&#252;ros und Fabriken und sogar in die Apollo 11 schaffte. Doch schon lange, bevor die Ausweitung des Rundfunks ihren Anfang nahm, entwarf Erik Satie mit seiner \u201aMusique d\u2019ameublement\u2019 eine stark repetitive Musik, die sich an Tapetenmustern orientierte, und mit der das b&#252;rgerliche Konzept der Kunstmusik auf den Kopf gestellt wurde. Daf&#252;r erntet Satie bis heute gleicherma&#223;en Ruhm und Spott. Als sein Nachfolger sah sich Brian Eno, der in den 70er-Jahren den Begriff der Ambient music pr&#228;gte und seine M&#246;belmusik f&#252;r Flugh&#228;fen konzipierte.<\/p>\n<p>23:04 bis 00:00 | WDR 3<br \/>\n<strong>WDR 3 Studio Neue Musik: Witten 1969 \u2013 2018 (5)<\/strong><\/p>\n<ul>\n<li><strong>Unsuk Chin<\/strong>: cosmigimmicks, a pantomime for seven players; Nieuw Ensemble, Leitung: Ed Spanjaard |<\/li>\n<li><strong>Hugues Dufourt<\/strong>: Ausschnitt aus \u201eApollon et les continents, d\u00b4apr\u00e8s Tiepolo\u201c f&#252;r Klavier und Ensemble; ensemble recherche |<\/li>\n<li><strong>Enno Poppe<\/strong>: Buch f&#252;r Streichquartett; Quatuor Diotima<\/li>\n<\/ul>\n<div class=\"shariff shariff-align-left shariff-widget-align-left\" style=\"display:none\"><div class=\"ShariffHeadline\"> <\/div><ul class=\"shariff-buttons theme-default orientation-horizontal buttonsize-small\"><li class=\"shariff-button mastodon shariff-nocustomcolor\" style=\"background-color:#563ACC\"><a href=\"https:\/\/s2f.kytta.dev\/?text=Neue%20Musik%20%2F%20Musikfeature%20%2F%20SoundArt%3A%20Die%20Radio-Woche%20vom%2007.01.%20bis%2013.01.2019 https%3A%2F%2Fblogs.nmz.de%2Fbadblog%2F2019%2F01%2F05%2Fneue-musik-musikfeature-soundart-die-radio-woche-vom-07-01-bis-13-01-2019%2F\" title=\"Bei Mastodon teilen\" aria-label=\"Bei Mastodon teilen\" role=\"button\" rel=\"noopener nofollow\" class=\"shariff-link\" style=\"; background-color:#6364FF; color:#fff\" target=\"_blank\"><span class=\"shariff-icon\" style=\"\"><svg width=\"75\" height=\"79\" viewBox=\"0 0 75 79\" fill=\"none\" xmlns=\"http:\/\/www.w3.org\/2000\/svg\"><path d=\"M37.813-.025C32.462-.058 27.114.13 21.79.598c-8.544.621-17.214 5.58-20.203 13.931C-1.12 23.318.408 32.622.465 41.65c.375 7.316.943 14.78 3.392 21.73 4.365 9.465 14.781 14.537 24.782 15.385 7.64.698 15.761-.213 22.517-4.026a54.1 54.1 0 0 0 .01-6.232c-6.855 1.316-14.101 2.609-21.049 1.074-3.883-.88-6.876-4.237-7.25-8.215-1.53-3.988 3.78-.43 5.584-.883 9.048 1.224 18.282.776 27.303-.462 7.044-.837 14.26-4.788 16.65-11.833 2.263-6.135 1.215-12.79 1.698-19.177.06-3.84.09-7.692-.262-11.52C72.596 7.844 63.223.981 53.834.684a219.453 219.453 0 0 0-16.022-.71zm11.294 12.882c5.5-.067 10.801 4.143 11.67 9.653.338 1.48.471 3 .471 4.515v21.088h-8.357c-.07-7.588.153-15.182-.131-22.765-.587-4.368-7.04-5.747-9.672-2.397-2.422 3.04-1.47 7.155-1.67 10.735v6.392h-8.307c-.146-4.996.359-10.045-.404-15.002-1.108-4.218-7.809-5.565-10.094-1.666-1.685 3.046-.712 6.634-.976 9.936v14.767h-8.354c.109-8.165-.238-16.344.215-24.5.674-5.346 5.095-10.389 10.676-10.627 4.902-.739 10.103 2.038 12.053 6.631.375 1.435 1.76 1.932 1.994.084 1.844-3.704 5.501-6.739 9.785-6.771.367-.044.735-.068 1.101-.073z\"\/><defs><linearGradient id=\"paint0_linear_549_34\" x1=\"37.0692\" y1=\"0\" x2=\"37.0692\" y2=\"79\" gradientUnits=\"userSpaceOnUse\"><stop stop-color=\"#6364FF\"\/><stop offset=\"1\" stop-color=\"#563ACC\"\/><\/linearGradient><\/defs><\/svg><\/span><span class=\"shariff-text\">teilen<\/span>&nbsp;<\/a><\/li><li class=\"shariff-button bluesky shariff-nocustomcolor\" style=\"background-color:#84c4ff\"><a href=\"https:\/\/bsky.app\/intent\/compose?text=Neue%20Musik%20%2F%20Musikfeature%20%2F%20SoundArt%3A%20Die%20Radio-Woche%20vom%2007.01.%20bis%2013.01.2019 https%3A%2F%2Fblogs.nmz.de%2Fbadblog%2F2019%2F01%2F05%2Fneue-musik-musikfeature-soundart-die-radio-woche-vom-07-01-bis-13-01-2019%2F \" title=\"Bei Bluesky teilen\" aria-label=\"Bei Bluesky teilen\" role=\"button\" rel=\"noopener nofollow\" class=\"shariff-link\" style=\"; background-color:#0085ff; color:#fff\" target=\"_blank\"><span class=\"shariff-icon\" style=\"\"><svg width=\"20\" height=\"20\" version=\"1.1\" xmlns=\"http:\/\/www.w3.org\/2000\/svg\" viewBox=\"0 0 20 20\"><path class=\"st0\" d=\"M4.89,3.12c2.07,1.55,4.3,4.71,5.11,6.4.82-1.69,3.04-4.84,5.11-6.4,1.49-1.12,3.91-1.99,3.91.77,0,.55-.32,4.63-.5,5.3-.64,2.3-2.99,2.89-5.08,2.54,3.65.62,4.58,2.68,2.57,4.74-3.81,3.91-5.48-.98-5.9-2.23-.08-.23-.11-.34-.12-.25,0-.09-.04.02-.12.25-.43,1.25-2.09,6.14-5.9,2.23-2.01-2.06-1.08-4.12,2.57-4.74-2.09.36-4.44-.23-5.08-2.54-.19-.66-.5-4.74-.5-5.3,0-2.76,2.42-1.89,3.91-.77h0Z\"\/><\/svg><\/span><span class=\"shariff-text\">teilen<\/span>&nbsp;<\/a><\/li><li class=\"shariff-button facebook shariff-nocustomcolor\" style=\"background-color:#4273c8\"><a href=\"https:\/\/www.facebook.com\/sharer\/sharer.php?u=https%3A%2F%2Fblogs.nmz.de%2Fbadblog%2F2019%2F01%2F05%2Fneue-musik-musikfeature-soundart-die-radio-woche-vom-07-01-bis-13-01-2019%2F\" title=\"Bei Facebook teilen\" aria-label=\"Bei Facebook teilen\" role=\"button\" rel=\"nofollow\" class=\"shariff-link\" style=\"; background-color:#3b5998; color:#fff\" target=\"_blank\"><span class=\"shariff-icon\" style=\"\"><svg width=\"32px\" height=\"20px\" xmlns=\"http:\/\/www.w3.org\/2000\/svg\" viewBox=\"0 0 18 32\"><path fill=\"#3b5998\" d=\"M17.1 0.2v4.7h-2.8q-1.5 0-2.1 0.6t-0.5 1.9v3.4h5.2l-0.7 5.3h-4.5v13.6h-5.5v-13.6h-4.5v-5.3h4.5v-3.9q0-3.3 1.9-5.2t5-1.8q2.6 0 4.1 0.2z\"\/><\/svg><\/span><span class=\"shariff-text\">teilen<\/span>&nbsp;<\/a><\/li><li class=\"shariff-button threema shariff-nocustomcolor shariff-mobile\" style=\"background-color:#4fbc24\"><a href=\"threema:\/\/compose?text=Neue%20Musik%20%2F%20Musikfeature%20%2F%20SoundArt%3A%20Die%20Radio-Woche%20vom%2007.01.%20bis%2013.01.2019%20https%3A%2F%2Fblogs.nmz.de%2Fbadblog%2F2019%2F01%2F05%2Fneue-musik-musikfeature-soundart-die-radio-woche-vom-07-01-bis-13-01-2019%2F\" title=\"Bei Threema teilen\" aria-label=\"Bei Threema teilen\" role=\"button\" rel=\"noopener nofollow\" class=\"shariff-link\" style=\"; background-color:#1f1f1f; color:#fff\" target=\"_blank\"><span class=\"shariff-icon\" style=\"\"><svg width=\"32px\" height=\"20px\" xmlns=\"http:\/\/www.w3.org\/2000\/svg\" viewBox=\"0 0 32 32\"><path fill=\"#1f1f1f\" d=\"M30.8 10.9c-0.3-1.4-0.9-2.6-1.8-3.8-2-2.6-5.5-4.5-9.4-5.2-1.3-0.2-1.9-0.3-3.5-0.3s-2.2 0-3.5 0.3c-4 0.7-7.4 2.6-9.4 5.2-0.9 1.2-1.5 2.4-1.8 3.8-0.1 0.5-0.2 1.2-0.2 1.6 0 0.4 0.1 1.1 0.2 1.6 0.4 1.9 1.3 3.4 2.9 5 0.8 0.8 0.8 0.8 0.7 1.3 0 0.6-0.5 1.6-1.7 3.6-0.3 0.5-0.5 0.9-0.5 0.9 0 0.1 0.1 0.1 0.5 0 0.8-0.2 2.3-0.6 5.6-1.6 1.1-0.3 1.3-0.4 2.3-0.4 0.8 0 1.1 0 2.3 0.2 1.5 0.2 3.5 0.2 4.9 0 5.1-0.6 9.3-2.9 11.4-6.3 0.5-0.9 0.9-1.8 1.1-2.8 0.1-0.5 0.2-1.1 0.2-1.6 0-0.7-0.1-1.1-0.2-1.6-0.3-1.4 0.1 0.5 0 0zM20.6 17.3c0 0.4-0.4 0.8-0.8 0.8h-7.7c-0.4 0-0.8-0.4-0.8-0.8v-4.6c0-0.4 0.4-0.8 0.8-0.8h0.2l0-1.6c0-0.9 0-1.8 0.1-2 0.1-0.6 0.6-1.2 1.1-1.7s1.1-0.7 1.9-0.8c1.8-0.3 3.7 0.7 4.2 2.2 0.1 0.3 0.1 0.7 0.1 2.1v0 1.7h0.1c0.4 0 0.8 0.4 0.8 0.8v4.6zM15.6 7.3c-0.5 0.1-0.8 0.3-1.2 0.6s-0.6 0.8-0.7 1.3c0 0.2 0 0.8 0 1.5l0 1.2h4.6v-1.3c0-1 0-1.4-0.1-1.6-0.3-1.1-1.5-1.9-2.6-1.7zM25.8 28.2c0 1.2-1 2.2-2.1 2.2s-2.1-1-2.1-2.1c0-1.2 1-2.1 2.2-2.1s2.2 1 2.2 2.2zM18.1 28.2c0 1.2-1 2.2-2.1 2.2s-2.1-1-2.1-2.1c0-1.2 1-2.1 2.2-2.1s2.2 1 2.2 2.2zM10.4 28.2c0 1.2-1 2.2-2.1 2.2s-2.1-1-2.1-2.1c0-1.2 1-2.1 2.2-2.1s2.2 1 2.2 2.2z\"\/><\/svg><\/span><span class=\"shariff-text\">teilen<\/span>&nbsp;<\/a><\/li><li class=\"shariff-button linkedin shariff-nocustomcolor\" style=\"background-color:#1488bf\"><a href=\"https:\/\/www.linkedin.com\/sharing\/share-offsite\/?url=https%3A%2F%2Fblogs.nmz.de%2Fbadblog%2F2019%2F01%2F05%2Fneue-musik-musikfeature-soundart-die-radio-woche-vom-07-01-bis-13-01-2019%2F\" title=\"Bei LinkedIn teilen\" aria-label=\"Bei LinkedIn teilen\" role=\"button\" rel=\"noopener nofollow\" class=\"shariff-link\" style=\"; background-color:#0077b5; color:#fff\" target=\"_blank\"><span class=\"shariff-icon\" style=\"\"><svg width=\"32px\" height=\"20px\" xmlns=\"http:\/\/www.w3.org\/2000\/svg\" viewBox=\"0 0 27 32\"><path fill=\"#0077b5\" d=\"M6.2 11.2v17.7h-5.9v-17.7h5.9zM6.6 5.7q0 1.3-0.9 2.2t-2.4 0.9h0q-1.5 0-2.4-0.9t-0.9-2.2 0.9-2.2 2.4-0.9 2.4 0.9 0.9 2.2zM27.4 18.7v10.1h-5.9v-9.5q0-1.9-0.7-2.9t-2.3-1.1q-1.1 0-1.9 0.6t-1.2 1.5q-0.2 0.5-0.2 1.4v9.9h-5.9q0-7.1 0-11.6t0-5.3l0-0.9h5.9v2.6h0q0.4-0.6 0.7-1t1-0.9 1.6-0.8 2-0.3q3 0 4.9 2t1.9 6z\"\/><\/svg><\/span><span class=\"shariff-text\">teilen<\/span>&nbsp;<\/a><\/li><li class=\"shariff-button info shariff-nocustomcolor\" style=\"background-color:#eee\"><a href=\"http:\/\/ct.de\/-2467514\" title=\"Weitere Informationen\" aria-label=\"Weitere Informationen\" role=\"button\" rel=\"noopener \" class=\"shariff-link\" style=\"; background-color:#fff; color:#fff\" target=\"_blank\"><span class=\"shariff-icon\" style=\"\"><svg width=\"32px\" height=\"20px\" xmlns=\"http:\/\/www.w3.org\/2000\/svg\" viewBox=\"0 0 11 32\"><path fill=\"#999\" d=\"M11.4 24v2.3q0 0.5-0.3 0.8t-0.8 0.4h-9.1q-0.5 0-0.8-0.4t-0.4-0.8v-2.3q0-0.5 0.4-0.8t0.8-0.4h1.1v-6.8h-1.1q-0.5 0-0.8-0.4t-0.4-0.8v-2.3q0-0.5 0.4-0.8t0.8-0.4h6.8q0.5 0 0.8 0.4t0.4 0.8v10.3h1.1q0.5 0 0.8 0.4t0.3 0.8zM9.2 3.4v3.4q0 0.5-0.4 0.8t-0.8 0.4h-4.6q-0.4 0-0.8-0.4t-0.4-0.8v-3.4q0-0.4 0.4-0.8t0.8-0.4h4.6q0.5 0 0.8 0.4t0.4 0.8z\"\/><\/svg><\/span><\/a><\/li><\/ul><\/div>","protected":false},"excerpt":{"rendered":"<p>Neue Musik und Musikfeatures in der Kalenderwoche 02. Ultraschall Berlin \u2013 Festival f&#252;r neue Musik 2019 | Bildende K&#252;nstler als Musiker | Erik B&#252;nger | Peter E&#246;tv&#246;s | Karlheinz Stockhausen: \u201eInori\u201c | Klirrende Kl&#228;nge \u2013 Winter wie fr&#252;her | Barbara Strozzi | Donaueschinger Musiktage | Werkzeuge der Neuen Musik \u2013&#46;&#46;&#46;<\/p>\n<div class=\"shariff shariff-align-left shariff-widget-align-left\" style=\"display:none\"><div class=\"ShariffHeadline\"> <\/div><ul class=\"shariff-buttons theme-default orientation-horizontal buttonsize-small\"><li class=\"shariff-button mastodon shariff-nocustomcolor\" style=\"background-color:#563ACC\"><a href=\"https:\/\/s2f.kytta.dev\/?text=Neue%20Musik%20%2F%20Musikfeature%20%2F%20SoundArt%3A%20Die%20Radio-Woche%20vom%2007.01.%20bis%2013.01.2019 https%3A%2F%2Fblogs.nmz.de%2Fbadblog%2F2019%2F01%2F05%2Fneue-musik-musikfeature-soundart-die-radio-woche-vom-07-01-bis-13-01-2019%2F\" title=\"Bei Mastodon teilen\" aria-label=\"Bei Mastodon teilen\" role=\"button\" rel=\"noopener nofollow\" class=\"shariff-link\" style=\"; background-color:#6364FF; color:#fff\" target=\"_blank\"><span class=\"shariff-icon\" style=\"\"><svg width=\"75\" height=\"79\" viewBox=\"0 0 75 79\" fill=\"none\" xmlns=\"http:\/\/www.w3.org\/2000\/svg\"><path d=\"M37.813-.025C32.462-.058 27.114.13 21.79.598c-8.544.621-17.214 5.58-20.203 13.931C-1.12 23.318.408 32.622.465 41.65c.375 7.316.943 14.78 3.392 21.73 4.365 9.465 14.781 14.537 24.782 15.385 7.64.698 15.761-.213 22.517-4.026a54.1 54.1 0 0 0 .01-6.232c-6.855 1.316-14.101 2.609-21.049 1.074-3.883-.88-6.876-4.237-7.25-8.215-1.53-3.988 3.78-.43 5.584-.883 9.048 1.224 18.282.776 27.303-.462 7.044-.837 14.26-4.788 16.65-11.833 2.263-6.135 1.215-12.79 1.698-19.177.06-3.84.09-7.692-.262-11.52C72.596 7.844 63.223.981 53.834.684a219.453 219.453 0 0 0-16.022-.71zm11.294 12.882c5.5-.067 10.801 4.143 11.67 9.653.338 1.48.471 3 .471 4.515v21.088h-8.357c-.07-7.588.153-15.182-.131-22.765-.587-4.368-7.04-5.747-9.672-2.397-2.422 3.04-1.47 7.155-1.67 10.735v6.392h-8.307c-.146-4.996.359-10.045-.404-15.002-1.108-4.218-7.809-5.565-10.094-1.666-1.685 3.046-.712 6.634-.976 9.936v14.767h-8.354c.109-8.165-.238-16.344.215-24.5.674-5.346 5.095-10.389 10.676-10.627 4.902-.739 10.103 2.038 12.053 6.631.375 1.435 1.76 1.932 1.994.084 1.844-3.704 5.501-6.739 9.785-6.771.367-.044.735-.068 1.101-.073z\"\/><defs><linearGradient id=\"paint0_linear_549_34\" x1=\"37.0692\" y1=\"0\" x2=\"37.0692\" y2=\"79\" gradientUnits=\"userSpaceOnUse\"><stop stop-color=\"#6364FF\"\/><stop offset=\"1\" stop-color=\"#563ACC\"\/><\/linearGradient><\/defs><\/svg><\/span><span class=\"shariff-text\">teilen<\/span>&nbsp;<\/a><\/li><li class=\"shariff-button bluesky shariff-nocustomcolor\" style=\"background-color:#84c4ff\"><a href=\"https:\/\/bsky.app\/intent\/compose?text=Neue%20Musik%20%2F%20Musikfeature%20%2F%20SoundArt%3A%20Die%20Radio-Woche%20vom%2007.01.%20bis%2013.01.2019 https%3A%2F%2Fblogs.nmz.de%2Fbadblog%2F2019%2F01%2F05%2Fneue-musik-musikfeature-soundart-die-radio-woche-vom-07-01-bis-13-01-2019%2F \" title=\"Bei Bluesky teilen\" aria-label=\"Bei Bluesky teilen\" role=\"button\" rel=\"noopener nofollow\" class=\"shariff-link\" style=\"; background-color:#0085ff; color:#fff\" target=\"_blank\"><span class=\"shariff-icon\" style=\"\"><svg width=\"20\" height=\"20\" version=\"1.1\" xmlns=\"http:\/\/www.w3.org\/2000\/svg\" viewBox=\"0 0 20 20\"><path class=\"st0\" d=\"M4.89,3.12c2.07,1.55,4.3,4.71,5.11,6.4.82-1.69,3.04-4.84,5.11-6.4,1.49-1.12,3.91-1.99,3.91.77,0,.55-.32,4.63-.5,5.3-.64,2.3-2.99,2.89-5.08,2.54,3.65.62,4.58,2.68,2.57,4.74-3.81,3.91-5.48-.98-5.9-2.23-.08-.23-.11-.34-.12-.25,0-.09-.04.02-.12.25-.43,1.25-2.09,6.14-5.9,2.23-2.01-2.06-1.08-4.12,2.57-4.74-2.09.36-4.44-.23-5.08-2.54-.19-.66-.5-4.74-.5-5.3,0-2.76,2.42-1.89,3.91-.77h0Z\"\/><\/svg><\/span><span class=\"shariff-text\">teilen<\/span>&nbsp;<\/a><\/li><li class=\"shariff-button facebook shariff-nocustomcolor\" style=\"background-color:#4273c8\"><a href=\"https:\/\/www.facebook.com\/sharer\/sharer.php?u=https%3A%2F%2Fblogs.nmz.de%2Fbadblog%2F2019%2F01%2F05%2Fneue-musik-musikfeature-soundart-die-radio-woche-vom-07-01-bis-13-01-2019%2F\" title=\"Bei Facebook teilen\" aria-label=\"Bei Facebook teilen\" role=\"button\" rel=\"nofollow\" class=\"shariff-link\" style=\"; background-color:#3b5998; color:#fff\" target=\"_blank\"><span class=\"shariff-icon\" style=\"\"><svg width=\"32px\" height=\"20px\" xmlns=\"http:\/\/www.w3.org\/2000\/svg\" viewBox=\"0 0 18 32\"><path fill=\"#3b5998\" d=\"M17.1 0.2v4.7h-2.8q-1.5 0-2.1 0.6t-0.5 1.9v3.4h5.2l-0.7 5.3h-4.5v13.6h-5.5v-13.6h-4.5v-5.3h4.5v-3.9q0-3.3 1.9-5.2t5-1.8q2.6 0 4.1 0.2z\"\/><\/svg><\/span><span class=\"shariff-text\">teilen<\/span>&nbsp;<\/a><\/li><li class=\"shariff-button threema shariff-nocustomcolor shariff-mobile\" style=\"background-color:#4fbc24\"><a href=\"threema:\/\/compose?text=Neue%20Musik%20%2F%20Musikfeature%20%2F%20SoundArt%3A%20Die%20Radio-Woche%20vom%2007.01.%20bis%2013.01.2019%20https%3A%2F%2Fblogs.nmz.de%2Fbadblog%2F2019%2F01%2F05%2Fneue-musik-musikfeature-soundart-die-radio-woche-vom-07-01-bis-13-01-2019%2F\" title=\"Bei Threema teilen\" aria-label=\"Bei Threema teilen\" role=\"button\" rel=\"noopener nofollow\" class=\"shariff-link\" style=\"; background-color:#1f1f1f; color:#fff\" target=\"_blank\"><span class=\"shariff-icon\" style=\"\"><svg width=\"32px\" height=\"20px\" xmlns=\"http:\/\/www.w3.org\/2000\/svg\" viewBox=\"0 0 32 32\"><path fill=\"#1f1f1f\" d=\"M30.8 10.9c-0.3-1.4-0.9-2.6-1.8-3.8-2-2.6-5.5-4.5-9.4-5.2-1.3-0.2-1.9-0.3-3.5-0.3s-2.2 0-3.5 0.3c-4 0.7-7.4 2.6-9.4 5.2-0.9 1.2-1.5 2.4-1.8 3.8-0.1 0.5-0.2 1.2-0.2 1.6 0 0.4 0.1 1.1 0.2 1.6 0.4 1.9 1.3 3.4 2.9 5 0.8 0.8 0.8 0.8 0.7 1.3 0 0.6-0.5 1.6-1.7 3.6-0.3 0.5-0.5 0.9-0.5 0.9 0 0.1 0.1 0.1 0.5 0 0.8-0.2 2.3-0.6 5.6-1.6 1.1-0.3 1.3-0.4 2.3-0.4 0.8 0 1.1 0 2.3 0.2 1.5 0.2 3.5 0.2 4.9 0 5.1-0.6 9.3-2.9 11.4-6.3 0.5-0.9 0.9-1.8 1.1-2.8 0.1-0.5 0.2-1.1 0.2-1.6 0-0.7-0.1-1.1-0.2-1.6-0.3-1.4 0.1 0.5 0 0zM20.6 17.3c0 0.4-0.4 0.8-0.8 0.8h-7.7c-0.4 0-0.8-0.4-0.8-0.8v-4.6c0-0.4 0.4-0.8 0.8-0.8h0.2l0-1.6c0-0.9 0-1.8 0.1-2 0.1-0.6 0.6-1.2 1.1-1.7s1.1-0.7 1.9-0.8c1.8-0.3 3.7 0.7 4.2 2.2 0.1 0.3 0.1 0.7 0.1 2.1v0 1.7h0.1c0.4 0 0.8 0.4 0.8 0.8v4.6zM15.6 7.3c-0.5 0.1-0.8 0.3-1.2 0.6s-0.6 0.8-0.7 1.3c0 0.2 0 0.8 0 1.5l0 1.2h4.6v-1.3c0-1 0-1.4-0.1-1.6-0.3-1.1-1.5-1.9-2.6-1.7zM25.8 28.2c0 1.2-1 2.2-2.1 2.2s-2.1-1-2.1-2.1c0-1.2 1-2.1 2.2-2.1s2.2 1 2.2 2.2zM18.1 28.2c0 1.2-1 2.2-2.1 2.2s-2.1-1-2.1-2.1c0-1.2 1-2.1 2.2-2.1s2.2 1 2.2 2.2zM10.4 28.2c0 1.2-1 2.2-2.1 2.2s-2.1-1-2.1-2.1c0-1.2 1-2.1 2.2-2.1s2.2 1 2.2 2.2z\"\/><\/svg><\/span><span class=\"shariff-text\">teilen<\/span>&nbsp;<\/a><\/li><li class=\"shariff-button linkedin shariff-nocustomcolor\" style=\"background-color:#1488bf\"><a href=\"https:\/\/www.linkedin.com\/sharing\/share-offsite\/?url=https%3A%2F%2Fblogs.nmz.de%2Fbadblog%2F2019%2F01%2F05%2Fneue-musik-musikfeature-soundart-die-radio-woche-vom-07-01-bis-13-01-2019%2F\" title=\"Bei LinkedIn teilen\" aria-label=\"Bei LinkedIn teilen\" role=\"button\" rel=\"noopener nofollow\" class=\"shariff-link\" style=\"; background-color:#0077b5; color:#fff\" target=\"_blank\"><span class=\"shariff-icon\" style=\"\"><svg width=\"32px\" height=\"20px\" xmlns=\"http:\/\/www.w3.org\/2000\/svg\" viewBox=\"0 0 27 32\"><path fill=\"#0077b5\" d=\"M6.2 11.2v17.7h-5.9v-17.7h5.9zM6.6 5.7q0 1.3-0.9 2.2t-2.4 0.9h0q-1.5 0-2.4-0.9t-0.9-2.2 0.9-2.2 2.4-0.9 2.4 0.9 0.9 2.2zM27.4 18.7v10.1h-5.9v-9.5q0-1.9-0.7-2.9t-2.3-1.1q-1.1 0-1.9 0.6t-1.2 1.5q-0.2 0.5-0.2 1.4v9.9h-5.9q0-7.1 0-11.6t0-5.3l0-0.9h5.9v2.6h0q0.4-0.6 0.7-1t1-0.9 1.6-0.8 2-0.3q3 0 4.9 2t1.9 6z\"\/><\/svg><\/span><span class=\"shariff-text\">teilen<\/span>&nbsp;<\/a><\/li><li class=\"shariff-button info shariff-nocustomcolor\" style=\"background-color:#eee\"><a href=\"http:\/\/ct.de\/-2467514\" title=\"Weitere Informationen\" aria-label=\"Weitere Informationen\" role=\"button\" rel=\"noopener \" class=\"shariff-link\" style=\"; background-color:#fff; color:#fff\" target=\"_blank\"><span class=\"shariff-icon\" style=\"\"><svg width=\"32px\" height=\"20px\" xmlns=\"http:\/\/www.w3.org\/2000\/svg\" viewBox=\"0 0 11 32\"><path fill=\"#999\" d=\"M11.4 24v2.3q0 0.5-0.3 0.8t-0.8 0.4h-9.1q-0.5 0-0.8-0.4t-0.4-0.8v-2.3q0-0.5 0.4-0.8t0.8-0.4h1.1v-6.8h-1.1q-0.5 0-0.8-0.4t-0.4-0.8v-2.3q0-0.5 0.4-0.8t0.8-0.4h6.8q0.5 0 0.8 0.4t0.4 0.8v10.3h1.1q0.5 0 0.8 0.4t0.3 0.8zM9.2 3.4v3.4q0 0.5-0.4 0.8t-0.8 0.4h-4.6q-0.4 0-0.8-0.4t-0.4-0.8v-3.4q0-0.4 0.4-0.8t0.8-0.4h4.6q0.5 0 0.8 0.4t0.4 0.8z\"\/><\/svg><\/span><\/a><\/li><\/ul><\/div>","protected":false},"author":1,"featured_media":14800,"comment_status":"open","ping_status":"open","sticky":false,"template":"","format":"standard","meta":{"jetpack_post_was_ever_published":false,"_jetpack_newsletter_access":"","_jetpack_dont_email_post_to_subs":false,"_jetpack_newsletter_tier_id":0,"_jetpack_memberships_contains_paywalled_content":false,"_jetpack_memberships_contains_paid_content":false,"footnotes":""},"categories":[2892,14853,8381],"tags":[14876],"class_list":["post-18600","post","type-post","status-publish","format-standard","has-post-thumbnail","hentry","category-deutsch","category-radiomedien","category-sprache","tag-neue-musik-im-radio"],"yoast_head":"<!-- This site is optimized with the Yoast SEO plugin v27.5 - https:\/\/yoast.com\/product\/yoast-seo-wordpress\/ -->\n<title>Neue Musik \/ Musikfeature \/ SoundArt: Die Radio-Woche vom 07.01. bis 13.01.2019 &#8211; Bad Blog Of Musick - nmz Klassik-Blog<\/title>\n<meta name=\"description\" content=\"Bad Blog Of Musick \u2013 Ein Klassik-Blog und das wahrscheinlich bedeutendste Musik-Blog zur zeitgen\u00f6ssischen und klassischen Musikkultur\" \/>\n<meta name=\"robots\" content=\"index, follow, max-snippet:-1, max-image-preview:large, max-video-preview:-1\" \/>\n<link rel=\"canonical\" href=\"https:\/\/blogs.nmz.de\/badblog\/2019\/01\/05\/neue-musik-musikfeature-soundart-die-radio-woche-vom-07-01-bis-13-01-2019\/\" \/>\n<meta property=\"og:locale\" content=\"de_DE\" \/>\n<meta property=\"og:type\" content=\"article\" \/>\n<meta property=\"og:title\" content=\"Neue Musik \/ Musikfeature \/ SoundArt: Die Radio-Woche vom 07.01. bis 13.01.2019 &#8211; Bad Blog Of Musick - nmz Klassik-Blog\" \/>\n<meta property=\"og:description\" content=\"Bad Blog Of Musick \u2013 Ein Klassik-Blog und das wahrscheinlich bedeutendste Musik-Blog zur zeitgen\u00f6ssischen und klassischen Musikkultur\" \/>\n<meta property=\"og:url\" content=\"https:\/\/blogs.nmz.de\/badblog\/2019\/01\/05\/neue-musik-musikfeature-soundart-die-radio-woche-vom-07-01-bis-13-01-2019\/\" \/>\n<meta property=\"og:site_name\" content=\"Bad Blog Of Musick\" \/>\n<meta property=\"article:publisher\" content=\"https:\/\/www.facebook.com\/musikzeitung\" \/>\n<meta property=\"article:author\" content=\"http:\/\/www.facebook.com\/hufner\" \/>\n<meta property=\"article:published_time\" content=\"2019-01-05T17:00:55+00:00\" \/>\n<meta property=\"og:image\" content=\"https:\/\/i1.wp.com\/blogs.nmz.de\/badblog\/files\/2017\/02\/huf-np-radio-musik-final.jpg?fit=2048%2C1536&ssl=1\" \/>\n\t<meta property=\"og:image:width\" content=\"2048\" \/>\n\t<meta property=\"og:image:height\" content=\"1536\" \/>\n\t<meta property=\"og:image:type\" content=\"image\/jpeg\" \/>\n<meta name=\"author\" content=\"Martin Hufner\" \/>\n<meta name=\"twitter:card\" content=\"summary_large_image\" \/>\n<meta name=\"twitter:creator\" content=\"@huflaikhan\" \/>\n<meta name=\"twitter:site\" content=\"@musikzeitung\" \/>\n<meta name=\"twitter:label1\" content=\"Verfasst von\" \/>\n\t<meta name=\"twitter:data1\" content=\"Martin Hufner\" \/>\n\t<meta name=\"twitter:label2\" content=\"Gesch\u00e4tzte Lesezeit\" \/>\n\t<meta name=\"twitter:data2\" content=\"19\u00a0Minuten\" \/>\n<script type=\"application\/ld+json\" class=\"yoast-schema-graph\">{\"@context\":\"https:\\\/\\\/schema.org\",\"@graph\":[{\"@type\":\"Article\",\"@id\":\"https:\\\/\\\/blogs.nmz.de\\\/badblog\\\/2019\\\/01\\\/05\\\/neue-musik-musikfeature-soundart-die-radio-woche-vom-07-01-bis-13-01-2019\\\/#article\",\"isPartOf\":{\"@id\":\"https:\\\/\\\/blogs.nmz.de\\\/badblog\\\/2019\\\/01\\\/05\\\/neue-musik-musikfeature-soundart-die-radio-woche-vom-07-01-bis-13-01-2019\\\/\"},\"author\":{\"name\":\"Martin Hufner\",\"@id\":\"https:\\\/\\\/blogs.nmz.de\\\/badblog\\\/#\\\/schema\\\/person\\\/488a80049cf0bbc4cce99951ae91c3b9\"},\"headline\":\"Neue Musik \\\/ Musikfeature \\\/ SoundArt: Die Radio-Woche vom 07.01. bis 13.01.2019\",\"datePublished\":\"2019-01-05T17:00:55+00:00\",\"mainEntityOfPage\":{\"@id\":\"https:\\\/\\\/blogs.nmz.de\\\/badblog\\\/2019\\\/01\\\/05\\\/neue-musik-musikfeature-soundart-die-radio-woche-vom-07-01-bis-13-01-2019\\\/\"},\"wordCount\":3721,\"commentCount\":0,\"publisher\":{\"@id\":\"https:\\\/\\\/blogs.nmz.de\\\/badblog\\\/#organization\"},\"image\":{\"@id\":\"https:\\\/\\\/blogs.nmz.de\\\/badblog\\\/2019\\\/01\\\/05\\\/neue-musik-musikfeature-soundart-die-radio-woche-vom-07-01-bis-13-01-2019\\\/#primaryimage\"},\"thumbnailUrl\":\"https:\\\/\\\/i0.wp.com\\\/blogs.nmz.de\\\/badblog\\\/files\\\/2017\\\/02\\\/huf-np-radio-musik-final.jpg?fit=2048%2C1536&ssl=1\",\"keywords\":[\"Neue Musik im Radio\"],\"articleSection\":[\"Deutsch\",\"Radio\\\/Medien\",\"Sprache\"],\"inLanguage\":\"de\",\"potentialAction\":[{\"@type\":\"CommentAction\",\"name\":\"Comment\",\"target\":[\"https:\\\/\\\/blogs.nmz.de\\\/badblog\\\/2019\\\/01\\\/05\\\/neue-musik-musikfeature-soundart-die-radio-woche-vom-07-01-bis-13-01-2019\\\/#respond\"]}]},{\"@type\":\"WebPage\",\"@id\":\"https:\\\/\\\/blogs.nmz.de\\\/badblog\\\/2019\\\/01\\\/05\\\/neue-musik-musikfeature-soundart-die-radio-woche-vom-07-01-bis-13-01-2019\\\/\",\"url\":\"https:\\\/\\\/blogs.nmz.de\\\/badblog\\\/2019\\\/01\\\/05\\\/neue-musik-musikfeature-soundart-die-radio-woche-vom-07-01-bis-13-01-2019\\\/\",\"name\":\"Neue Musik \\\/ Musikfeature \\\/ SoundArt: Die Radio-Woche vom 07.01. bis 13.01.2019 &#8211; Bad Blog Of Musick - nmz Klassik-Blog\",\"isPartOf\":{\"@id\":\"https:\\\/\\\/blogs.nmz.de\\\/badblog\\\/#website\"},\"primaryImageOfPage\":{\"@id\":\"https:\\\/\\\/blogs.nmz.de\\\/badblog\\\/2019\\\/01\\\/05\\\/neue-musik-musikfeature-soundart-die-radio-woche-vom-07-01-bis-13-01-2019\\\/#primaryimage\"},\"image\":{\"@id\":\"https:\\\/\\\/blogs.nmz.de\\\/badblog\\\/2019\\\/01\\\/05\\\/neue-musik-musikfeature-soundart-die-radio-woche-vom-07-01-bis-13-01-2019\\\/#primaryimage\"},\"thumbnailUrl\":\"https:\\\/\\\/i0.wp.com\\\/blogs.nmz.de\\\/badblog\\\/files\\\/2017\\\/02\\\/huf-np-radio-musik-final.jpg?fit=2048%2C1536&ssl=1\",\"datePublished\":\"2019-01-05T17:00:55+00:00\",\"description\":\"Bad Blog Of Musick \u2013 Ein Klassik-Blog und das wahrscheinlich bedeutendste Musik-Blog zur zeitgen\u00f6ssischen und klassischen Musikkultur\",\"breadcrumb\":{\"@id\":\"https:\\\/\\\/blogs.nmz.de\\\/badblog\\\/2019\\\/01\\\/05\\\/neue-musik-musikfeature-soundart-die-radio-woche-vom-07-01-bis-13-01-2019\\\/#breadcrumb\"},\"inLanguage\":\"de\",\"potentialAction\":[{\"@type\":\"ReadAction\",\"target\":[\"https:\\\/\\\/blogs.nmz.de\\\/badblog\\\/2019\\\/01\\\/05\\\/neue-musik-musikfeature-soundart-die-radio-woche-vom-07-01-bis-13-01-2019\\\/\"]}]},{\"@type\":\"ImageObject\",\"inLanguage\":\"de\",\"@id\":\"https:\\\/\\\/blogs.nmz.de\\\/badblog\\\/2019\\\/01\\\/05\\\/neue-musik-musikfeature-soundart-die-radio-woche-vom-07-01-bis-13-01-2019\\\/#primaryimage\",\"url\":\"https:\\\/\\\/i0.wp.com\\\/blogs.nmz.de\\\/badblog\\\/files\\\/2017\\\/02\\\/huf-np-radio-musik-final.jpg?fit=2048%2C1536&ssl=1\",\"contentUrl\":\"https:\\\/\\\/i0.wp.com\\\/blogs.nmz.de\\\/badblog\\\/files\\\/2017\\\/02\\\/huf-np-radio-musik-final.jpg?fit=2048%2C1536&ssl=1\",\"width\":2048,\"height\":1536,\"caption\":\"Radio Neue Musik. Montage: Hufner\"},{\"@type\":\"BreadcrumbList\",\"@id\":\"https:\\\/\\\/blogs.nmz.de\\\/badblog\\\/2019\\\/01\\\/05\\\/neue-musik-musikfeature-soundart-die-radio-woche-vom-07-01-bis-13-01-2019\\\/#breadcrumb\",\"itemListElement\":[{\"@type\":\"ListItem\",\"position\":1,\"name\":\"Startseite\",\"item\":\"https:\\\/\\\/blogs.nmz.de\\\/badblog\\\/\"},{\"@type\":\"ListItem\",\"position\":2,\"name\":\"Neue Musik \\\/ Musikfeature \\\/ SoundArt: Die Radio-Woche vom 07.01. bis 13.01.2019\"}]},{\"@type\":\"WebSite\",\"@id\":\"https:\\\/\\\/blogs.nmz.de\\\/badblog\\\/#website\",\"url\":\"https:\\\/\\\/blogs.nmz.de\\\/badblog\\\/\",\"name\":\"Bad Blog Of Musick\",\"description\":\"Das bedeutendste Blog zur zeitgen\u00f6ssischen Musikkultur\",\"publisher\":{\"@id\":\"https:\\\/\\\/blogs.nmz.de\\\/badblog\\\/#organization\"},\"potentialAction\":[{\"@type\":\"SearchAction\",\"target\":{\"@type\":\"EntryPoint\",\"urlTemplate\":\"https:\\\/\\\/blogs.nmz.de\\\/badblog\\\/?s={search_term_string}\"},\"query-input\":{\"@type\":\"PropertyValueSpecification\",\"valueRequired\":true,\"valueName\":\"search_term_string\"}}],\"inLanguage\":\"de\"},{\"@type\":\"Organization\",\"@id\":\"https:\\\/\\\/blogs.nmz.de\\\/badblog\\\/#organization\",\"name\":\"neue musikzeitung | Bad Blog Of Musick\",\"url\":\"https:\\\/\\\/blogs.nmz.de\\\/badblog\\\/\",\"logo\":{\"@type\":\"ImageObject\",\"inLanguage\":\"de\",\"@id\":\"https:\\\/\\\/blogs.nmz.de\\\/badblog\\\/#\\\/schema\\\/logo\\\/image\\\/\",\"url\":\"https:\\\/\\\/i0.wp.com\\\/blogs.nmz.de\\\/badblog\\\/files\\\/2016\\\/10\\\/badblog-logo1.png?fit=512%2C512&ssl=1\",\"contentUrl\":\"https:\\\/\\\/i0.wp.com\\\/blogs.nmz.de\\\/badblog\\\/files\\\/2016\\\/10\\\/badblog-logo1.png?fit=512%2C512&ssl=1\",\"width\":512,\"height\":512,\"caption\":\"neue musikzeitung | Bad Blog Of Musick\"},\"image\":{\"@id\":\"https:\\\/\\\/blogs.nmz.de\\\/badblog\\\/#\\\/schema\\\/logo\\\/image\\\/\"},\"sameAs\":[\"https:\\\/\\\/www.facebook.com\\\/musikzeitung\",\"https:\\\/\\\/x.com\\\/musikzeitung\"]},{\"@type\":\"Person\",\"@id\":\"https:\\\/\\\/blogs.nmz.de\\\/badblog\\\/#\\\/schema\\\/person\\\/488a80049cf0bbc4cce99951ae91c3b9\",\"name\":\"Martin Hufner\",\"description\":\"seit 1997 chef\u00f6konom der kritischen masse und netzbabysitter der nmz.\",\"sameAs\":[\"https:\\\/\\\/www.musikkritik.org\",\"http:\\\/\\\/www.facebook.com\\\/hufner\",\"https:\\\/\\\/www.linkedin.com\\\/profile\\\/view?id=48050869&trk=spm_pic\",\"https:\\\/\\\/x.com\\\/huflaikhan\"],\"url\":\"https:\\\/\\\/blogs.nmz.de\\\/badblog\\\/author\\\/admin\\\/\"}]}<\/script>\n<!-- \/ Yoast SEO plugin. -->","yoast_head_json":{"title":"Neue Musik \/ Musikfeature \/ SoundArt: Die Radio-Woche vom 07.01. bis 13.01.2019 &#8211; Bad Blog Of Musick - nmz Klassik-Blog","description":"Bad Blog Of Musick \u2013 Ein Klassik-Blog und das wahrscheinlich bedeutendste Musik-Blog zur zeitgen\u00f6ssischen und klassischen Musikkultur","robots":{"index":"index","follow":"follow","max-snippet":"max-snippet:-1","max-image-preview":"max-image-preview:large","max-video-preview":"max-video-preview:-1"},"canonical":"https:\/\/blogs.nmz.de\/badblog\/2019\/01\/05\/neue-musik-musikfeature-soundart-die-radio-woche-vom-07-01-bis-13-01-2019\/","og_locale":"de_DE","og_type":"article","og_title":"Neue Musik \/ Musikfeature \/ SoundArt: Die Radio-Woche vom 07.01. bis 13.01.2019 &#8211; Bad Blog Of Musick - nmz Klassik-Blog","og_description":"Bad Blog Of Musick \u2013 Ein Klassik-Blog und das wahrscheinlich bedeutendste Musik-Blog zur zeitgen\u00f6ssischen und klassischen Musikkultur","og_url":"https:\/\/blogs.nmz.de\/badblog\/2019\/01\/05\/neue-musik-musikfeature-soundart-die-radio-woche-vom-07-01-bis-13-01-2019\/","og_site_name":"Bad Blog Of Musick","article_publisher":"https:\/\/www.facebook.com\/musikzeitung","article_author":"http:\/\/www.facebook.com\/hufner","article_published_time":"2019-01-05T17:00:55+00:00","og_image":[{"width":2048,"height":1536,"url":"https:\/\/i1.wp.com\/blogs.nmz.de\/badblog\/files\/2017\/02\/huf-np-radio-musik-final.jpg?fit=2048%2C1536&ssl=1","type":"image\/jpeg"}],"author":"Martin Hufner","twitter_card":"summary_large_image","twitter_creator":"@huflaikhan","twitter_site":"@musikzeitung","twitter_misc":{"Verfasst von":"Martin Hufner","Gesch\u00e4tzte Lesezeit":"19\u00a0Minuten"},"schema":{"@context":"https:\/\/schema.org","@graph":[{"@type":"Article","@id":"https:\/\/blogs.nmz.de\/badblog\/2019\/01\/05\/neue-musik-musikfeature-soundart-die-radio-woche-vom-07-01-bis-13-01-2019\/#article","isPartOf":{"@id":"https:\/\/blogs.nmz.de\/badblog\/2019\/01\/05\/neue-musik-musikfeature-soundart-die-radio-woche-vom-07-01-bis-13-01-2019\/"},"author":{"name":"Martin Hufner","@id":"https:\/\/blogs.nmz.de\/badblog\/#\/schema\/person\/488a80049cf0bbc4cce99951ae91c3b9"},"headline":"Neue Musik \/ Musikfeature \/ SoundArt: Die Radio-Woche vom 07.01. bis 13.01.2019","datePublished":"2019-01-05T17:00:55+00:00","mainEntityOfPage":{"@id":"https:\/\/blogs.nmz.de\/badblog\/2019\/01\/05\/neue-musik-musikfeature-soundart-die-radio-woche-vom-07-01-bis-13-01-2019\/"},"wordCount":3721,"commentCount":0,"publisher":{"@id":"https:\/\/blogs.nmz.de\/badblog\/#organization"},"image":{"@id":"https:\/\/blogs.nmz.de\/badblog\/2019\/01\/05\/neue-musik-musikfeature-soundart-die-radio-woche-vom-07-01-bis-13-01-2019\/#primaryimage"},"thumbnailUrl":"https:\/\/i0.wp.com\/blogs.nmz.de\/badblog\/files\/2017\/02\/huf-np-radio-musik-final.jpg?fit=2048%2C1536&ssl=1","keywords":["Neue Musik im Radio"],"articleSection":["Deutsch","Radio\/Medien","Sprache"],"inLanguage":"de","potentialAction":[{"@type":"CommentAction","name":"Comment","target":["https:\/\/blogs.nmz.de\/badblog\/2019\/01\/05\/neue-musik-musikfeature-soundart-die-radio-woche-vom-07-01-bis-13-01-2019\/#respond"]}]},{"@type":"WebPage","@id":"https:\/\/blogs.nmz.de\/badblog\/2019\/01\/05\/neue-musik-musikfeature-soundart-die-radio-woche-vom-07-01-bis-13-01-2019\/","url":"https:\/\/blogs.nmz.de\/badblog\/2019\/01\/05\/neue-musik-musikfeature-soundart-die-radio-woche-vom-07-01-bis-13-01-2019\/","name":"Neue Musik \/ Musikfeature \/ SoundArt: Die Radio-Woche vom 07.01. bis 13.01.2019 &#8211; Bad Blog Of Musick - nmz Klassik-Blog","isPartOf":{"@id":"https:\/\/blogs.nmz.de\/badblog\/#website"},"primaryImageOfPage":{"@id":"https:\/\/blogs.nmz.de\/badblog\/2019\/01\/05\/neue-musik-musikfeature-soundart-die-radio-woche-vom-07-01-bis-13-01-2019\/#primaryimage"},"image":{"@id":"https:\/\/blogs.nmz.de\/badblog\/2019\/01\/05\/neue-musik-musikfeature-soundart-die-radio-woche-vom-07-01-bis-13-01-2019\/#primaryimage"},"thumbnailUrl":"https:\/\/i0.wp.com\/blogs.nmz.de\/badblog\/files\/2017\/02\/huf-np-radio-musik-final.jpg?fit=2048%2C1536&ssl=1","datePublished":"2019-01-05T17:00:55+00:00","description":"Bad Blog Of Musick \u2013 Ein Klassik-Blog und das wahrscheinlich bedeutendste Musik-Blog zur zeitgen\u00f6ssischen und klassischen Musikkultur","breadcrumb":{"@id":"https:\/\/blogs.nmz.de\/badblog\/2019\/01\/05\/neue-musik-musikfeature-soundart-die-radio-woche-vom-07-01-bis-13-01-2019\/#breadcrumb"},"inLanguage":"de","potentialAction":[{"@type":"ReadAction","target":["https:\/\/blogs.nmz.de\/badblog\/2019\/01\/05\/neue-musik-musikfeature-soundart-die-radio-woche-vom-07-01-bis-13-01-2019\/"]}]},{"@type":"ImageObject","inLanguage":"de","@id":"https:\/\/blogs.nmz.de\/badblog\/2019\/01\/05\/neue-musik-musikfeature-soundart-die-radio-woche-vom-07-01-bis-13-01-2019\/#primaryimage","url":"https:\/\/i0.wp.com\/blogs.nmz.de\/badblog\/files\/2017\/02\/huf-np-radio-musik-final.jpg?fit=2048%2C1536&ssl=1","contentUrl":"https:\/\/i0.wp.com\/blogs.nmz.de\/badblog\/files\/2017\/02\/huf-np-radio-musik-final.jpg?fit=2048%2C1536&ssl=1","width":2048,"height":1536,"caption":"Radio Neue Musik. Montage: Hufner"},{"@type":"BreadcrumbList","@id":"https:\/\/blogs.nmz.de\/badblog\/2019\/01\/05\/neue-musik-musikfeature-soundart-die-radio-woche-vom-07-01-bis-13-01-2019\/#breadcrumb","itemListElement":[{"@type":"ListItem","position":1,"name":"Startseite","item":"https:\/\/blogs.nmz.de\/badblog\/"},{"@type":"ListItem","position":2,"name":"Neue Musik \/ Musikfeature \/ SoundArt: Die Radio-Woche vom 07.01. bis 13.01.2019"}]},{"@type":"WebSite","@id":"https:\/\/blogs.nmz.de\/badblog\/#website","url":"https:\/\/blogs.nmz.de\/badblog\/","name":"Bad Blog Of Musick","description":"Das bedeutendste Blog zur zeitgen\u00f6ssischen Musikkultur","publisher":{"@id":"https:\/\/blogs.nmz.de\/badblog\/#organization"},"potentialAction":[{"@type":"SearchAction","target":{"@type":"EntryPoint","urlTemplate":"https:\/\/blogs.nmz.de\/badblog\/?s={search_term_string}"},"query-input":{"@type":"PropertyValueSpecification","valueRequired":true,"valueName":"search_term_string"}}],"inLanguage":"de"},{"@type":"Organization","@id":"https:\/\/blogs.nmz.de\/badblog\/#organization","name":"neue musikzeitung | Bad Blog Of Musick","url":"https:\/\/blogs.nmz.de\/badblog\/","logo":{"@type":"ImageObject","inLanguage":"de","@id":"https:\/\/blogs.nmz.de\/badblog\/#\/schema\/logo\/image\/","url":"https:\/\/i0.wp.com\/blogs.nmz.de\/badblog\/files\/2016\/10\/badblog-logo1.png?fit=512%2C512&ssl=1","contentUrl":"https:\/\/i0.wp.com\/blogs.nmz.de\/badblog\/files\/2016\/10\/badblog-logo1.png?fit=512%2C512&ssl=1","width":512,"height":512,"caption":"neue musikzeitung | Bad Blog Of Musick"},"image":{"@id":"https:\/\/blogs.nmz.de\/badblog\/#\/schema\/logo\/image\/"},"sameAs":["https:\/\/www.facebook.com\/musikzeitung","https:\/\/x.com\/musikzeitung"]},{"@type":"Person","@id":"https:\/\/blogs.nmz.de\/badblog\/#\/schema\/person\/488a80049cf0bbc4cce99951ae91c3b9","name":"Martin Hufner","description":"seit 1997 chef\u00f6konom der kritischen masse und netzbabysitter der nmz.","sameAs":["https:\/\/www.musikkritik.org","http:\/\/www.facebook.com\/hufner","https:\/\/www.linkedin.com\/profile\/view?id=48050869&trk=spm_pic","https:\/\/x.com\/huflaikhan"],"url":"https:\/\/blogs.nmz.de\/badblog\/author\/admin\/"}]}},"wp-worthy-pixel":{"ignored":true,"public":null,"server":null,"url":null},"wp-worthy-type":"normal","jetpack_featured_media_url":"https:\/\/i0.wp.com\/blogs.nmz.de\/badblog\/files\/2017\/02\/huf-np-radio-musik-final.jpg?fit=2048%2C1536&ssl=1","jetpack-related-posts":[],"jetpack_sharing_enabled":true,"_links":{"self":[{"href":"https:\/\/blogs.nmz.de\/badblog\/wp-json\/wp\/v2\/posts\/18600","targetHints":{"allow":["GET"]}}],"collection":[{"href":"https:\/\/blogs.nmz.de\/badblog\/wp-json\/wp\/v2\/posts"}],"about":[{"href":"https:\/\/blogs.nmz.de\/badblog\/wp-json\/wp\/v2\/types\/post"}],"author":[{"embeddable":true,"href":"https:\/\/blogs.nmz.de\/badblog\/wp-json\/wp\/v2\/users\/1"}],"replies":[{"embeddable":true,"href":"https:\/\/blogs.nmz.de\/badblog\/wp-json\/wp\/v2\/comments?post=18600"}],"version-history":[{"count":1,"href":"https:\/\/blogs.nmz.de\/badblog\/wp-json\/wp\/v2\/posts\/18600\/revisions"}],"predecessor-version":[{"id":18601,"href":"https:\/\/blogs.nmz.de\/badblog\/wp-json\/wp\/v2\/posts\/18600\/revisions\/18601"}],"wp:featuredmedia":[{"embeddable":true,"href":"https:\/\/blogs.nmz.de\/badblog\/wp-json\/wp\/v2\/media\/14800"}],"wp:attachment":[{"href":"https:\/\/blogs.nmz.de\/badblog\/wp-json\/wp\/v2\/media?parent=18600"}],"wp:term":[{"taxonomy":"category","embeddable":true,"href":"https:\/\/blogs.nmz.de\/badblog\/wp-json\/wp\/v2\/categories?post=18600"},{"taxonomy":"post_tag","embeddable":true,"href":"https:\/\/blogs.nmz.de\/badblog\/wp-json\/wp\/v2\/tags?post=18600"}],"curies":[{"name":"wp","href":"https:\/\/api.w.org\/{rel}","templated":true}]}}