{"id":18129,"date":"2018-10-06T18:00:48","date_gmt":"2018-10-06T16:00:48","guid":{"rendered":"http:\/\/blogs.nmz.de\/badblog\/?p=18129"},"modified":"2018-10-02T16:33:22","modified_gmt":"2018-10-02T14:33:22","slug":"neue-musik-musikfeature-soundart-die-radio-woche-vom-08-10-bis-14-10-2018","status":"publish","type":"post","link":"https:\/\/blogs.nmz.de\/badblog\/2018\/10\/06\/neue-musik-musikfeature-soundart-die-radio-woche-vom-08-10-bis-14-10-2018\/","title":{"rendered":"Neue Musik \/ Musikfeature \/ SoundArt: Die Radio-Woche vom 08.10. bis 14.10.2018"},"content":{"rendered":"<p>Neue Musik und Musikfeatures in der Kalenderwoche 41. Die Harfe in der Neuen Musik, Der Musiktraktat im 20. Jahrhundert, Tyrannei und Freiheit: Wilde Lieder, Musiker und K&#252;nstler in Singapur, \u201eMein\u201c Japan | Gloria Coates, Einojuhani Rautavaara, Timothy McCormack, Konstantia Gourzi, Maia Urstad, Michael Hirsch.<\/p>\n<ul>\n<li>Alle bekannten Stream-, Web- und RSS-Adressen deutscher Sender finden sich <a href=\"https:\/\/stefanhetzel.wordpress.com\/kunstmusikoeffentlich-rechtlicher-rundfunk\/\">bei Stefan Hetzel<\/a>.<\/li>\n<li><a href=\"https:\/\/service.conbrio.de\/service\/download\/155\/\">Download dieser &#220;bersicht als PDF<\/a>.<\/li>\n<li>Alle Angaben ohne Gew&#228;hr. &#196;nderungen vorbehalten.<\/li>\n<\/ul>\n<hr \/>\n<h2>08.10.2018<\/h2>\n<hr \/>\n<p>21:04 bis 22:00 | kulturradio<br \/>\n<strong>MUSIK DER GEGENWART: Die Harfe in der Neuen Musik<\/strong><\/p>\n<p style=\"padding-left: 30px;\">Mit Ulrike Klobes. Der Klangfarbenreichtum der Harfe ist f&#252;r die zeitgen&#246;ssische Musik seit langem Inspirationsquelle f&#252;r klangliche Neuerungen und Forschungen und wird immer wieder erweitert. Ein &#220;berblick mit Aufnahmen f&#252;hrender Vertrerinnen und Vertreter.<\/p>\n<p>23:03 bis 00:00 | SWR 2<br \/>\n<strong>SWR2 JetztMusik: Worte um Musik: Der Musiktraktat im 20. Jahrhundert (1\/4)<\/strong><\/p>\n<p style=\"padding-left: 30px;\">Von der Erde bis zum Himmel \u2013 Olivier Messiaens \u201eTrait\u00e9 de rythme, de couleur, et d\u2019ornithologie\u201c. Von Bernd K&#252;nzig. Musikalische Traktate, die schriftliche Gelehrsamkeit zu musikalischen Fragen, war eigentliche eine Sache der Vergangenheit. Doch im 20. Jahrhundert tauchen derartige Manifestationen im Zuge der Avantgarde-Diskussionen nach dem 2. Weltkrieg in schriftlicher Form wieder verst&#228;rkt auf. Oft hei&#223;en sie allerdings nicht Traktate. Nur Olivier Messiaen gab einer gewaltigen, mehrere Tausend Seiten umfassenden Textsammlung diesen Titel. Der \u201eTrait\u00e9 de rythme, de couleur, et d\u2019ornithologie\u201c ist die umfassendste Abhandlung &#252;ber all die musikalischen Themen, die den franz&#246;sischen Komponisten Zeit seines Lebens besch&#228;ftigt haben: Der Rhythmus, die Farben und die Ges&#228;nge der V&#246;gel. Sein Traktat berichtet &#252;ber die Musik Indiens, die der katholischen Liturgie, &#252;ber Mozarts Klavierkonzerte, die Musik Debussys und Strawinskys und ist dazu eine Enzyklop&#228;die der notierten Ges&#228;nge der V&#246;gel aus der ganzen Welt, die er als Komponist auf seinen Reisen rund um den Globus notiert hat. Die erst nach dem Tod Messiaens ver&#246;ffentlichten sieben B&#228;nde des \u201eTrait\u00e9\u201c sind also mehr als eine Darstellung musikalischer Gelehrsamkeit. Er k&#246;nnte auch den Titel tragen \u201eMessiaen oder wie er die Welt sah\u201c.<\/p>\n<hr \/>\n<h2>09.10.2018<\/h2>\n<hr \/>\n<p>00:05 bis 01:00 | Deutschlandfunk Kultur<br \/>\n<strong>Neue Musik: \u201eDas ist halt so crossover \u2013 oder nicht?\u201c \u2013 Szenenwechsel mit Musiker und Soundk&#252;nstler Jonas Urbat<\/strong><\/p>\n<p style=\"padding-left: 30px;\">Von Julian K&#228;mper. Wer in vielen Musikszenen zuhause ist, sollte deren Potenzial und Grenzen kennen. Skeptische Blicke auf das Crossover-Denken.<\/p>\n<p>00:12 bis 02:00 | Bayern 2<br \/>\n<strong>Concerto bavarese: Zum 80. <\/strong><strong>Geburtstag der Komponistin Gloria Coates<\/strong><\/p>\n<p style=\"padding-left: 30px;\">Symphonie Nr. 1 (Symphonieorchester des Bayerischen Rundfunks: Elgar Howarth); Streichquartett Nr. 5 (Modern String Quartet); \u201eCette blanche agonie\u201c (Sigune von Osten, Sopran; musica viva ensemble Dresden: J&#252;rgen Wirrmann); \u201eTime frozen\u201c (Das Neue Werk: Dieter Cichewiecz); Sonate (Andreas Lucke, Violine); Symphonie Nr. 14 (M&#252;nchener Kammerorchester: Christoph Poppen)<\/p>\n<p>21:00 bis 22:00 | NDR Kultur<br \/>\n<strong>neue musik: Die Weite Skandinaviens und eine streitbare Rarit&#228;t \u2013 Einojuhani Rautavaara zum 90. Geburtstag<\/strong><\/p>\n<p style=\"padding-left: 30px;\">Tauchen Sie mit uns in die Tiefe der Musik des finnischen Komponisten ein. Sie f&#252;hrt in die Natur des Nordens, die Atmosph&#228;re der Mittsommern&#228;chte und der finnischen Mythologie. \u201eAufgabe von Kunst heute ist es, Chaos in die Ordnung zu bringen\u201c, sagte der Soziologe und Musikkritiker Theodor W. Adorno. Eines der Streichquartette, die er selbst komponiert hat, k&#246;nnen Sie hier h&#246;ren, das meiste blieb der &#214;ffentlichkeit verborgen. Wir senden Ausz&#252;ge vom 26. Mai 2018 aus der Elbphilharmonie in Hamburg.<\/p>\n<p>22:05 bis 23:00 | BR-KLASSIK<br \/>\n<strong>Horizonte: Studio f&#252;r Musik<\/strong><\/p>\n<p style=\"padding-left: 30px;\">Zum 80. Geburtstag der Komponistin Gloria Coates. Eine Sendung von Kristin Amme<\/p>\n<hr \/>\n<h2>10.10.2018<\/h2>\n<hr \/>\n<p>00:12 bis 02:00 | Bayern 2<br \/>\n<strong>Concerto bavarese: Fr&#228;nkische Komponisten<\/strong><\/p>\n<p style=\"padding-left: 30px;\"><strong>Viera Jan\u00e1rcekov\u00e1<\/strong>: Concerto per Pianoforte e Orchestra (Ivan Buffa, Klavier; Bamberger Symphoniker: Jonathan Nott); <strong>Klaus Treuheit<\/strong>: \u201eAural evidence\u201c (Charlotte Walterspiel, Gunter Pretzel, Viola; Klaus Treuheit, Orgel); <strong>Karola Oberm&#252;ller<\/strong>: \u201eUntergegangen der Mond\u201c, Sapphische Strophen (Kai Wessel, Countertenor; ars nova ensemble n&#252;rnberg); <strong>J&#252;rgen Schmitt<\/strong>: Duo (Armin Fuchs, Klavier; Johannes Beer, Schlagzeug); <strong>Alexander Muno<\/strong>: \u201eim solaren Restaurant, zergehend\u201c (Sonja Korkeala, Violine; Clemens Weigel, Violoncello; Markus Bellheim, Klavier)<\/p>\n<p>20-21 Uhr | Radio SRF 2 Kultur<br \/>\n<strong>Musik unserer Zeit \/ Klassiker des 20. Jahrhunderts: Helmut Lachenmann, Pression<\/strong><\/p>\n<p style=\"padding-left: 30px;\">Pression, dieses St&#252;ck f&#252;r Solocello aus dem Jahr 1969, ist eins der ber&#252;hmtesten von Helmut Lachenmann \u2013 und sogar der gesamten Musik des 20. Jahrhunderts. Warum? Hat es heute noch Kraft? Eine Untersuchung mit der Cellistin Martina Schucan.<\/p>\n<p>20:04 bis 21:00 | hr2-kultur<br \/>\n<strong>Kaisers Kl&#228;nge: Forelle mit Orchester \u2013 Die sch&#246;nsten Schubert-Bearbeitungen<\/strong><\/p>\n<p style=\"padding-left: 30px;\">Ob Schuberts Forelle auf einmal zu satten Orchesterkl&#228;ngen durch die B&#228;che schie&#223;t, ob die stillen Lieder der \u201eWinterreise\u201c zu vielstimmigen Chors&#228;tzen werden, ob Gretchen ihr Spinnrad mit rockigen Beats antreibt oder ob der Erlk&#246;nig sich pl&#246;tzlich in einen Geigenvirtuosen verwandelt:<\/p>\n<p style=\"padding-left: 30px;\">Die Bearbeitungen von Schuberts Musik sind zahlreich. Selbst die Wanderer-Fantasie wird da unversehens zum vollt&#246;nenden Orchesterwerk.<\/p>\n<p>21-22 Uhr | Radio SRF 2 Kultur<br \/>\n<strong>Neue Musik im Konzert \/ spettro. Fritz Hausers Geister.<\/strong><\/p>\n<p style=\"padding-left: 30px;\">Lo spettro \u2013 das Spektrum. Oder auch das Gespenst. Beide Bedeutungen sind in diesem grossen Solo des Schlagzeugers Fritz Hauser aufgehoben: das weite, geheimnisvolle, &#252;berw&#228;ltigende Spektrum der Schlaginstrumente, und auch die weite, geheimnisvolle, &#252;berw&#228;ltigende Begenung mit den Geistern&#8230;. Konzert vom 26.8.18, Lucerne Festival<\/p>\n<p>21:00 bis 22:00 | NDR Kultur<br \/>\n<strong>Chormusik: G&#246;ttliche Liturgie des Heiligen<\/strong><\/p>\n<p style=\"padding-left: 30px;\">Sergei Rachmaninow: Chrysostomos Liturgie op. 31. Rundfunkchor Berlin \/ Ltg. Nikolas Fink<\/p>\n<p>21:04 bis 22:00 | kulturradio<br \/>\n<strong>MUSIK DER GEGENWART: Karlheinz Stockhausen: Kontakte<\/strong><\/p>\n<p style=\"padding-left: 30px;\">Mit Andreas G&#246;bel. Karlheinz Stockhausen war einer der wichtigsten Pioniere f&#252;r elektroakustische Musik im 20. Jahrhundert. Mit seinem Werk \u201eKontakte\u201c f&#252;r Elektronik, Klavier und Schlagzeug hat er eine Raumklangmusik geschrieben, die akustische Instrumente und Elektronik zusammenf&#252;hrt. Beim Musikfest Berlin haben der Pianist Pierre-Laurent Aimard und der Schlagzeuger Dirk Rothbrust zusammen mit Marco Stroppa (Klangregie) das Werk aufgef&#252;hrt. Aufnahme vom 15. September im Gro&#223;en Sendesaal des rbb im Rahmen des Musikfestes Berlin<\/p>\n<p>23:03 bis 00:00 | SWR 2<br \/>\n<strong>SWR2 JetztMusik: Tyrannei und Freiheit: Wilde Lieder (2\/2) \u2013 Marx\u2019 Music \u2013 Teil 2<\/strong><\/p>\n<p style=\"padding-left: 30px;\">Neue Werke des Kompositionswettbewerbs Karl Marx 200. Birmingham Contemporary Music Group. (Konzerte vom 1. und 2. September in der Promotionsaula und dem Kurf&#252;rstlichen Palais in Trier)<\/p>\n<p style=\"padding-left: 30px;\">Am 5. Mai 1818 wurde Karl Marx in Trier geboren. Auch 200 Jahre danach haben seine Gedanken kaum an Aktualit&#228;t verloren. Das Projekt \u201eWilde Lieder\u201c fu&#223;t auf der &#220;berzeugung, dass auch die scheinbar unpolitische Musik mit Marx\u2019 schen Begriffen beschrieben und analysiert werden kann: Als geistige Produktion ist sie Ausdruck des gesellschaftlichen Bewusstseins, das durch die materiellen Lebensverh&#228;ltnisse bedingt ist und sich mit ihnen &#228;ndert. Zugleich sah Marx das Komponieren als Beispiel \u201ewirklich freier\u201c, d. h. nicht entfremdeter Arbeit. Unter dem Titel \u201eWilde Lieder\u201c pries der junge Marx in romantischen Gedichten die Kraft der Musik. Das Projekt \u201eWilde Lieder\u201c will Marx\u2019 Gedankenwelt und Ideale musikalisch mit neuem Leben f&#252;llen. Ein internationaler \u201eCall for Scores\u201c wird bis zu sieben zus&#228;tzliche Werke pr&#228;mieren, die im Rahmen der Jubil&#228;umsausstellungen in Gro&#223;britannien und Deutschland \u2013 Marx\u2019 wesentlichen Wirkungsst&#228;tten \u2013 zur Auff&#252;hrung kommen.<\/p>\n<hr \/>\n<h2>11.10.2018<\/h2>\n<hr \/>\n<p>00:05 bis 01:00 | Deutschlandfunk Kultur<br \/>\n<strong>Neue Musik: \u201eWeder T&#246;ne noch Rhythmen\u201c \u2013 Der Komponist Timothy McCormack<\/strong><\/p>\n<p style=\"padding-left: 30px;\">\u201eKARST\u201c f&#252;r gro&#223;es Ensemble; Ensemblekollektiv Berlin; Leitung: Enno Poppe; Produktion: Deutschlandfunk Kultur 2018 | \u201ekarst survey\u201c f&#252;r Ensemble und Elektronik. Klangforum Wien | \u201eYou actually are evaporating\u201c f&#252;r Violine und Violoncello (Ausschnitte). Christopher Otto, Violine; Kevin McFarland, Violoncello<\/p>\n<p>00:12 bis 02:00 | Bayern 2<br \/>\n<strong>Concerto bavarese: Bayerische Komponistinnen<\/strong><\/p>\n<p style=\"padding-left: 30px;\"><strong>Tobias Peter Maria Schneid<\/strong>: \u201eManchester-metrics in B\u201c (J&#246;rg Widmann, B-Klarinette); <strong>Gloria Coates<\/strong>: Liederzyklus nach Lyrik von Emily Dickinson (Patricia Stiles, Mezzosopran; Graham Cox, Klavier); <strong>Henrik Ajax<\/strong>: \u201eNexus\u201c (Brigitte Helbig, Klavier); <strong>Isabel Mundry<\/strong>: \u201eVogelperspektiven\u201c (Sarah Maria Sun, Sopran; Meret Roth, Sprechstimme; Symphonieorchester des Bayerischen Rundfunks: Susanna M&#228;lkki); <strong>Elina Goto<\/strong>: Suite Nr. 1 (Yayoi Imada, Violoncello; Elina Goto, Marimbaphon)<\/p>\n<p>19:05 bis 20:00 | BR-KLASSIK<br \/>\n<strong>KlassikPlus: Dorothea Hu&#223;lein im Gespr&#228;ch mit dem Tenor Piotr Becza\u0142a<\/strong><\/p>\n<p style=\"padding-left: 30px;\">F&#252;r die Bayreuther Festspiele 2018 war Piotr Beczala der Retter aus h&#246;chster Not, was auch ganz gut zur \u201eLohengrin\u201c-Handlung passt. Das Einspringen hat sich gelohnt, denn als neuer Schwanenritter im Blaumann feierte er ein gro&#223;artiges Deb&#252;t in Bayreuth. Sich &#252;berhaupt auf Wagner einzulassen, damit hat der polnische Tenor lange gewartet. Vor zwei Jahren hat er sich in Dresden erstmals dieser Herausforderung gestellt. Zuhause ist Piotr Beczala im italienischen, franz&#246;sischen und deutschen Fach. Er gastierte bereits an den gro&#223;en H&#228;usern, wie der Metropolitan Opera, der San Francisco Opera oder den Salzburger Festspielen. Der einstige Sch&#252;ler von Pavel Lisitsian und Sena Jurinac ist heute in der komfortablen Situation, sich seine Rollen aussuchen zu k&#246;nnen. Dabei steht er dem Regietheater als Selbstzweck kritisch gegen&#252;ber. Zu Beginn seiner Laufbahn stand nicht er, sondern seine Frau Katarzyna Bak-Beczala vor einer gro&#223;en, vielversprechenden Gesangskarriere. Doch sie steckte zur&#252;ck, und so wurde Piotr Beczala zu einem der weltweit f&#252;hrenden Ten&#246;re. Aus ihm h&#228;tte aber ebenso ein hervorragender B&#228;cker werden k&#246;nnen. Diese Schicksalswendungen und vieles mehr erz&#228;hlt er im Gespr&#228;ch mit Dorothea Hu&#223;lein.<\/p>\n<p>20:04 bis 21:30 | hr2-kultur<br \/>\n<strong>Forum N mit dem hr-Sinfonieorchester<\/strong><\/p>\n<p style=\"padding-left: 30px;\">\u201eIch kann das Komponieren nicht von meinem Leben trennen.\u201c Was Isabel Mundry hier bekennt, gilt auch f&#252;r die drei weiteren Forum-N-Komponistinnen am heutigen Tag.<\/p>\n<p style=\"padding-left: 30px;\">Tamara Stefanovich, Klavier; Leitung: Jonathan Stockhammer | <strong>Isabel Mundry<\/strong>: Motions \/\/ Der doppelte Blick (Urauff&#252;hrung des Gesamtzyklus) | <strong>Lili Boulanger<\/strong>: D\u2019un matin de printemps | <strong>Clara Schumann<\/strong>: Klavierkonzert a-Moll op. 7. (Aufnahme vom 14. September 2018 aus dem hr-Sendesaal, Frankfurt \u2013 Teil 2).<\/p>\n<p style=\"padding-left: 30px;\">Die hochbegabte Lili Boulanger aus Paris, die als erste Frau 1913 den wichtigen Rom-Preis gewann, starb im Alter von nur 24 Jahren. Kurz zuvor entstanden 1918 die anr&#252;hrenden Orchesterwerke \u201eD\u2019un matin de printemps\u201c und \u201eD\u2019un soir triste\u201c, die von Trauer k&#252;nden, zugleich von Hoffnung in magisch d&#252;sterer Strahlkraft. \u201eSelbstvergessen\u201c schrieb die 15-j&#228;hrige Clara Schumann ihr viele T&#246;ne und Liebe atmendes Klavierkonzert op. 7. Begleitet vom Gewandhausorchester unter Mendelssohn war sie die Solistin bei der Urauff&#252;hrung 1834 in Leipzig. Kontrastiv dazu \u201eBlick des Abwesenden\u201c, das andere, in diesem Forum N uraufgef&#252;hrte Klavierkonzert. Die aus Izmir stammende, in Berlin lebende Zeynep Gedizlio&#196;?lu (*1977) denkt dabei an ein Pianoforte, das seinen Ort sucht, ihn findet, zugleich Gefahr l&#228;uft, seine Identit&#228;t zu verlieren. Ein akutes Thema \u2013 hier rein instrumental diskutiert. In dem Orchesterst&#252;ck \u201eMotions \/\/ Der doppelte Blick\u201c geht es der 1963 in Schl&#252;chtern geborenen Isabel Mundry um die Beziehungen zwischen K&#246;rper und Klang, gleich einer imagin&#228;ren Choreografie f&#252;r den sinfonischen Klang-K&#246;rper allein.<\/p>\n<p>20:04 bis 22:30 | SR2 KulturRadio<br \/>\n<strong>Mouvement: Chorkonzert mit Neuer Vokalmusik<\/strong><\/p>\n<p style=\"padding-left: 30px;\">Kammerchor Stuttgart (16 Vokalsolisten). Leitung: Frieder Bernius | Werke von David Kosviner, Charlotte Seither, Olivier Messiaen, Gy&#246;rgy Ligeti, Christian M&#252;nch und Gustav Mahler. Aufnahme vom 1. Oktober 1998 aus der Stiftskirche St. Arnual in Saarbr&#252;cken<\/p>\n<p>21:30 bis 22:30 | hr2-kultur<br \/>\n<strong>Singapore is a democracy, but\u2026 \u2013 Musiker und K&#252;nstler in Singapur<\/strong><\/p>\n<p style=\"padding-left: 30px;\">Von Felix Leuschner | Teil 1 (von 2). Singapur aus der Sicht einheimischer K&#252;nstler. Singapurs einheimische K&#252;nstler berichten &#252;ber die Schwierigkeiten und Chancen, Kunst in Singapur zu machen und als K&#252;nstler dort zu leben. Die Sendung geht Fragen nach, wie frei Kunst und freie Meinungs&#228;u&#223;erung in der Millionenmetropole Singapur wirklich ist. Wie restriktiv ist das politische System Singapurs? Welchen Einfluss hat die Regierung auf die Kunst und die K&#252;nstler, deren Lebensumst&#228;nde und deren Wunsch, eine demokratischere Gesellschaft zu bilden? K&#252;nstler erz&#228;hlen &#252;ber die Selbstzensur als \u201egeniale Erfindung\u201c des Systems und werfen einen Blick hinter die \u201eErste-Welt-Fassade\u201c Singapurs.<\/p>\n<p>22:03 bis 23:00 | SWR 2<br \/>\n<strong>SWR2 H&#246;rspiel-Studio: La Musica \u2013 Nach dem gleichnamigen Theaterst&#252;ck von Marguerite Duras<\/strong><\/p>\n<p style=\"padding-left: 30px;\">Aus dem Franz&#246;sischen von Walter Boehlich; Mit: Birgit Minichmayr, Alexander Fehling, Paula Beer u. a.; Komposition: alva noto; Regie: Kai Grehn. (Produktion: SR\/RBB 2013)<\/p>\n<p style=\"padding-left: 30px;\">\u201eEs sind Leute, die sich geliebt haben und die sich getrennt haben. Sie sind noch jung. Sie sind erst f&#252;nfunddrei&#223;ig. Sie sind in Evreaux zum letzten Akt ihrer Trennung, zum Scheidungsurteil. Sie wissen immer noch nicht, was ihnen passiert ist. Beide sind gekommen, um sich ein letztes Mal wiederzusehen, doch beinahe ohne es zu wollen.\u201c (Marguerite Duras)<\/p>\n<p style=\"padding-left: 30px;\">Dieses St&#252;ck einer Allerweltssituation &#252;ber Liebe, Betrug, Reue, Scheidung, Wiederbegegung und Abschied f&#252;r immer seziert genau die Welt der Beziehungen zwischen Mann und Frau in ihrer leidenschaftlichen Fragilit&#228;t und hoffnungslosen Vereinzelung.<\/p>\n<p>22:05 bis 23:00 | BR-KLASSIK<br \/>\n<strong>Horizonte: Portr&#228;tkonzert Konstantia Gourzi \u2013 Festival Aktuelle Musik 2018<\/strong><\/p>\n<p style=\"padding-left: 30px;\"><strong>Konstantia Gourzi<\/strong>: \u201eP-ILION\u201c, op. 33, Nr. 2 (Valent\u00edn S\u00e1nchez Pi\u00f1ero, Pascal Schwab, Violine; Michael Falter, Viola; Aikaterini Constantinou, Violoncello); \u201eSappho-Zyklus\u201c, op. 12 (Rebecca Martin, Mezzosopran; Wolfgang Manz, Klavier); \u201eVibrato 1\u201c, op. 38 (Valent\u00edn S\u00e1nchez Pi\u00f1ero, Pascal Schwab, Violine; Michael Falter, Viola; Aikaterini Constantinou, Violoncello; Edita Hakobyan, Klavier); \u201eWind Dances\u201c, op. 72 (Oksana Martyniuk, Akkordeon); \u201eVibrato 2\u201c, op. 38 (Valent\u00edn S\u00e1nchez Pi\u00f1ero, Pascal Schwab, Violine; Michael Falter, Viola; Aikaterini Constantinou, Violoncello; Edita Hakobyan, Klavier); \u201eS&#228;ngerin der Komischen Oper\u201c, op. 23 (Michael Falter, Viola); \u201eIeratiki Poiisi\u201c, op. 34 (Vassilis Agrokostas, Gesang; Mingfei Fang, Saxophon; Valent\u00edn S\u00e1nchez Pi\u00f1ero, Pascal Schwab, Violine; Michael Falter, Viola; Aikaterini Constantinou, Violoncello; Oksana Martyniuk, Akkordeon; Leitung: Konstantia Gourzi). Aufnahme vom 20. April 2018 im Neuen Orchestersaal der Hochschule f&#252;r Musik N&#252;rnberg<\/p>\n<hr \/>\n<h2>12.10.2018<\/h2>\n<hr \/>\n<p>00:05 bis 01:00 | Deutschlandfunk Kultur<br \/>\n<strong>Klangkunst: zeit-ton-passagen \u2013 Klangkunst von Maia Urstad<\/strong><\/p>\n<p style=\"padding-left: 30px;\">Archiv der Deutschen Welle: Christian Spiecker. Produktion: Autorenproduktion 2017-18. L&#228;nge: ca. 54\u201930<\/p>\n<p style=\"padding-left: 30px;\">Von Dari &#252;ber Griechisch bis Kisuaheli: H&#246;rst&#252;ck aus Archivmaterial der Deutschen Welle.<\/p>\n<p style=\"padding-left: 30px;\">Seit 1953 funkt die Deutsche Welle um den Globus. Urspr&#252;nglich f&#252;r die \u201elieben Landsleute in aller Welt\u201c (Theodor Heuss) gedacht, sendete das Programm ab 1992 in zahlreichen Sprachen von Dari &#252;ber Griechisch bis Kisuaheli. Nun hat die norwegische Klangk&#252;nstlerin Maia Urstad eine Hommage an die Deutsche Welle komponiert: ein H&#246;rst&#252;ck aus Tondokumenten und St&#246;rger&#228;uschen. \u201ezeit-ton-passagen\u201c entstand urspr&#252;nglich als Klanginstallation f&#252;r eine Unterf&#252;hrung in Bonn im Rahmen von Maia Urstads Aufenthalt als Stadtklangk&#252;nstlerin der Initiative \u201ebonn h&#246;ren\u201c.<\/p>\n<p style=\"padding-left: 30px;\">Maia Urstad, geboren 1954 in Kristiansand in Norwegen, ist bildende K&#252;nstlerin, Musikerin und Performerin. Kunststudium an der Bergen Academy of Art and Design. Seit den 1980er-Jahren ortsspezifische Konzerte und Installationen. Ihre Klanginstallationen integrieren Radios, CD-Player oder Kassettenrekorder als Klangobjekte und zentrale visuelle Elemente. Die Klangtexturen basieren zumeist auf vorgefundenen Materialien sowie Radio- oder Telekommunikationssignalen. Zwischen 2008 und 2010 erhielt sie den Norwegian Government\u2019 s working grant for artists. Maia Urstad lebt und arbeitet in Bergen (Norwegen).<\/p>\n<p>00:12 bis 02:00 | Bayern 2<br \/>\n<strong>Concerto bavarese: Bayerische Komponistinnen<\/strong><\/p>\n<p style=\"padding-left: 30px;\"><strong>Dorothee Eberhardt<\/strong>: Sextett (Versus Vox Ensemble M&#252;nchen); <strong>Magret Wolf<\/strong>: \u201eKain we Hewel\u201c (Krakauer Schlagzeugensemble); <strong>Johannes X. Schachtner<\/strong>: \u201eDreizehn\u201c (Julia Galic, Violine; Maximilian Hornung, Violoncello; Silke Avenhaus, Klavier); <strong>Ursula Mamlok<\/strong>: \u201eDer Andreasgarten\u201c (Tara Helen O\u2019Connor, Fl&#246;te; Rebecca Jo Loeb, Violine; June Han, Harfe); <strong>Helga Pogatschar<\/strong>: \u201eUnderground surround\u201c (Reinhilde Gamper, Leopold Hurt, Martin Mallaun, Zither); <strong>Kay Westermann<\/strong>: \u201eScheherazade\u201c, Urauff&#252;hrung (Liat Himmelheber, Mezzosopran; Moritz Eggert, Klavier)<\/p>\n<p>19:05 bis 20:00 | BR-KLASSIK<br \/>\n<strong>Das Musik-Feature: Opera Europa \u2013 Internationales Netzwerk f&#252;r die Zukunft der Oper<\/strong><\/p>\n<p style=\"padding-left: 30px;\">Von Franziska St&#252;rz. Vor f&#252;nfzehn Jahren gr&#252;ndeten der britische Intendant Nicholas Payne und die belgische Theatermanagerin Audrey Jungers den Verein \u201eOpera Europa\u201c mit dem Ziel, Opernh&#228;user und Festivals innerhalb Europas zu vernetzen und Synergien untereinander zu schaffen. Ziel des Netzwerkes ist, die Kunstform Oper mit all ihren Facetten zukunftsf&#228;hig zu machen und trotz der vielen unterschiedlichen europ&#228;ischen Finanzierungsmodelle einen kreativen Austausch zum Nutzen aller Mitglieder stattfinden zu lassen. Mehrmals im Jahr finden in ganz Europa Kongresse mit unterschiedlichen Schwerpunkten statt, es gibt einen Marktplatz f&#252;r internationale Koproduktionen, eine neue Streaming-Plattform f&#252;r online &#220;bertragungen von Opernvorstellungen, und es werden Nachwuchskr&#228;fte gef&#246;rdert. Die Autorin Franziska St&#252;rz war bei der Sommerkonferenz 2018 am Z&#252;richer Opernhaus zum Thema \u201eMeasuring the arts\u201c \u2013 wie man Erfolg und Wert von Kunst messbar machen kann, und sprach mit teilnehmenden K&#252;nstlern, Intendanten, Operndirektoren und dem Vorstand von Opera Europa &#252;ber ihre bereits erreichten und noch angestrebten Ziele. Im Rahmen der Konferenz wurde auch zum zehnten Mal der Europ&#228;ische Regie-Preis f&#252;r Nachwuchs-Opernregisseure verliehen, gestiftet von der Wiesbadener Camerata Nuova. Sowohl die Preistr&#228;gerin als auch die Stifter des Preises kommen in diesem Feature zu Wort. Zu h&#246;ren gibt es Musikbeispiele weltweiter neuer Opernprojekte von New York &#252;ber Melbourne bis Astana.<\/p>\n<p>22:00 bis 22:30 | Deutschlandfunk Kultur<br \/>\n<strong>Einstand: Vor Publikum und Mikrofonen \u2013 Die 100. \u201eH&#246;rprobe\u201c im Deutschlandfunk Kultur<\/strong><\/p>\n<p style=\"padding-left: 30px;\">Von Carola Malter. Die Konzertreihe \u201aH&#246;rprobe\u2019 startete 1996 in der Hochschule f&#252;r Musik in Detmold, veranstaltet vom damaligen DeutschlandRadio Berlin. Vor Publikum und Mikrofonen pr&#228;sentierten sich inzwischen ungez&#228;hlte Musikerinnen, Musiker und Ensembles. Anl&#228;sslich der 100. \u201aH&#246;rprobe\u2019 im Oktober lassen wir noch einmal die sch&#246;nsten Momente Revue passieren.<\/p>\n<hr \/>\n<h2>13.10.2018<\/h2>\n<hr \/>\n<p>14:05 bis 15:00 | BR-KLASSIK<br \/>\n<strong>Das Musik-Feature: Opera Europa \u2013 Internationales Netzwerk f&#252;r die Zukunft der Oper<\/strong><\/p>\n<p>22:05 bis 22:50 | Deutschlandfunk<br \/>\n<strong>Atelier neuer Musik: Universalist und Zauberer \u2013 Das Verm&#228;chtnis des Komponisten Michael Hirsch<\/strong><\/p>\n<p style=\"padding-left: 30px;\">Von Gisela Nauck. Er komponiere f&#252;r Instrumente, f&#252;r Sprache und f&#252;r Theater und erg&#228;nzte dann oft: \u201eDas ist f&#252;r mich eine Erweiterung des sinnlichen Potenzials.\u201c Die Erweiterung erfolgte aus dem experimentellen Geist der Avantgarde. Von hier aus hat Michael Hirsch das Terrain von Musik neu gesichtet und abgesteckt. Dem verbissenen Ernst der Avantgarde f&#252;gte er Humor, Poesie und Leichtigkeit hinzu. Im Wechselspiel von strenger Konstruktion und vegetativer Wucherung entstanden Werke mit so assoziativen Titeln wie ,Kopfecke\/Wunderh&#246;hle\u2019 oder ,W&#252;rgeengel \u2013 Fragment\u2019 oder ,Chronik in Augenblicken\u2019. Sein Hauptwerk aber ist ,Das Konvolut\u2019. Als &#252;ber zehn Jahre get&#228;tigte Sammlung von Instrumentalmusik, musique concr\u00e8te, Sprach- und Vokalkompositionen, b&#252;ndelt es Hirschs k&#252;nstlerische Originalit&#228;t. Die Gesamtauff&#252;hrung steht noch aus \u2013 wie &#252;berhaupt die Musik von Michael Hirsch kaum bekannt geworden ist. Viel zu fr&#252;h ist er im vorigen Jahr im Alter von 59 Jahren gestorben.<\/p>\n<p>23:00 bis 00:00 | hr2-kultur<br \/>\n<strong>The Artist\u2019s Corner | Sol-i So: Bambusgarten \u2013 Jirisan 1951<\/strong><\/p>\n<p style=\"padding-left: 30px;\">hr 2018 | 40 Min. | Ursendung. Der Berg Jirisan im S&#252;den Koreas ist w&#228;hrend des Koreakrieges (1950-53) ein Ort des R&#252;ckzugs. Soldaten verstecken sich hier. Oft besuchen sie das Dorf am Fu&#223;e des Berges, um den dort lebenden Frauen \u2013 die M&#228;nner sind im Krieg oder schon tot \u2013 die Nahrung zu rauben.<\/p>\n<p style=\"padding-left: 30px;\">Eines Tages versteckt sich in dem von der s&#252;dkoreanischen Armee besetzten Dorf ein nordkoreanischer Soldat im Bambusgarten einer Witwe. Sie verlieben sich. Doch ihre Freundin erpresst den Soldaten, zwingt ihn zum Sex, wird schwanger und begeht daraufhin Selbstmord. Tage sp&#228;ter brennt die s&#252;dkoreanische Armee den Wald nieder; dabei stirbt auch der nordkoreanische Soldat. Diese in Korea bekannte Geschichte &#252;ber das Schicksal der koreanischen Frauen, die sich keiner der beiden Kriegsparteien verpflichtet f&#252;hlten und in ihrem &#220;berlebenskampf auch die damals strengen Moralregeln au&#223;er Acht lie&#223;en, bildet den Plot des rhapsodischen H&#246;rst&#252;cks der s&#252;dkoreanischen Komponistin Sol-i So (*1990), das im Auftrag von hr2-kultur entstanden ist. Derzeit arbeitet und studiert die ausgebildete Pansori-S&#228;ngerin in Berlin und Dresden, an der Hochschule f&#252;r Musik Carl Maria von Weber.<\/p>\n<hr \/>\n<h2>14.10.2018<\/h2>\n<hr \/>\n<p>17:04 bis 18:00 | hr2-kultur<br \/>\n<strong>Kaisers Kl&#228;nge: Ohrwurmalarm! \u2013 Angriff auf die Geschmacksnerven<\/strong><\/p>\n<p style=\"padding-left: 30px;\">Wir sind von ihnen umzingelt. In Kaufh&#228;usern rieseln sie von den Decken, in Fahrst&#252;hlen und Taxis lauern sie auf einen, und noch in der Telefonwarteschleife wird man von ihnen verfolgt: Gegen Ohrw&#252;rmer ist kein Kraut gewachsen.<\/p>\n<p style=\"padding-left: 30px;\">Wie Grippeviren mutieren sie und wandeln ihre Gestalt. Kaisers Kl&#228;nge versuchen heute, uns von den schlimmsten Exemplaren dieser Gattung zu befreien.<\/p>\n<p>23:04 bis 00:00 | WDR 3<br \/>\n<strong>WDR 3 Studio Neue Musik: \u201eMein\u201c Japan<\/strong><\/p>\n<p style=\"padding-left: 30px;\"><strong>Karlheinz Stockhausen<\/strong>: Ausschnitt aus \u201eJapan\u201c, aus \u201eF&#252;r kommende Zeiten\u201c, Version f&#252;r Elektrochord, Schlagzeug und Elektronium; Peter E&#246;tv&#246;s, Elektrochord; Christoph Caskel, Schlagzeug; Harald Boj\u00e9, Elektronium | <strong>Peter E&#246;tv&#246;s<\/strong>: Ausschnitt aus \u201eHarakiri\u201c, Szene mit Musik f&#252;r Stimmen, 2 Shakuhachis und Holzhacker; Tokk Ensemble | <strong>Gerhard St&#228;bler<\/strong>: Ausschnitt aus \u201ePalast des Schweigens\u201c, Kassandra-Studie f&#252;r Sh\u00f4; Mayumi Miyata | <strong>Hans Zender<\/strong>: Auswahl aus \u201eLo-Shu VI\u201c, Haikai f&#252;r Fl&#246;te und Cello; Ensemble e-mex | <strong>Peter Gahn<\/strong>: reading unicorn skulls \u2013 the town (engraved dreams) f&#252;r Koto, 4 Hyoshigi, Klarinette, Violine und Schlagzeug; ensemble reflexion K, Leitung: Gerald Eckert<\/p>\n<div class=\"shariff shariff-align-left shariff-widget-align-left\" style=\"display:none\"><div class=\"ShariffHeadline\"> <\/div><ul class=\"shariff-buttons theme-default orientation-horizontal buttonsize-small\"><li class=\"shariff-button mastodon shariff-nocustomcolor\" style=\"background-color:#563ACC\"><a href=\"https:\/\/s2f.kytta.dev\/?text=Neue%20Musik%20%2F%20Musikfeature%20%2F%20SoundArt%3A%20Die%20Radio-Woche%20vom%2008.10.%20bis%2014.10.2018 https%3A%2F%2Fblogs.nmz.de%2Fbadblog%2F2018%2F10%2F06%2Fneue-musik-musikfeature-soundart-die-radio-woche-vom-08-10-bis-14-10-2018%2F\" title=\"Bei Mastodon teilen\" aria-label=\"Bei Mastodon teilen\" role=\"button\" rel=\"noopener nofollow\" class=\"shariff-link\" style=\"; background-color:#6364FF; color:#fff\" target=\"_blank\"><span class=\"shariff-icon\" style=\"\"><svg width=\"75\" height=\"79\" viewBox=\"0 0 75 79\" fill=\"none\" xmlns=\"http:\/\/www.w3.org\/2000\/svg\"><path d=\"M37.813-.025C32.462-.058 27.114.13 21.79.598c-8.544.621-17.214 5.58-20.203 13.931C-1.12 23.318.408 32.622.465 41.65c.375 7.316.943 14.78 3.392 21.73 4.365 9.465 14.781 14.537 24.782 15.385 7.64.698 15.761-.213 22.517-4.026a54.1 54.1 0 0 0 .01-6.232c-6.855 1.316-14.101 2.609-21.049 1.074-3.883-.88-6.876-4.237-7.25-8.215-1.53-3.988 3.78-.43 5.584-.883 9.048 1.224 18.282.776 27.303-.462 7.044-.837 14.26-4.788 16.65-11.833 2.263-6.135 1.215-12.79 1.698-19.177.06-3.84.09-7.692-.262-11.52C72.596 7.844 63.223.981 53.834.684a219.453 219.453 0 0 0-16.022-.71zm11.294 12.882c5.5-.067 10.801 4.143 11.67 9.653.338 1.48.471 3 .471 4.515v21.088h-8.357c-.07-7.588.153-15.182-.131-22.765-.587-4.368-7.04-5.747-9.672-2.397-2.422 3.04-1.47 7.155-1.67 10.735v6.392h-8.307c-.146-4.996.359-10.045-.404-15.002-1.108-4.218-7.809-5.565-10.094-1.666-1.685 3.046-.712 6.634-.976 9.936v14.767h-8.354c.109-8.165-.238-16.344.215-24.5.674-5.346 5.095-10.389 10.676-10.627 4.902-.739 10.103 2.038 12.053 6.631.375 1.435 1.76 1.932 1.994.084 1.844-3.704 5.501-6.739 9.785-6.771.367-.044.735-.068 1.101-.073z\"\/><defs><linearGradient id=\"paint0_linear_549_34\" x1=\"37.0692\" y1=\"0\" x2=\"37.0692\" y2=\"79\" gradientUnits=\"userSpaceOnUse\"><stop stop-color=\"#6364FF\"\/><stop offset=\"1\" stop-color=\"#563ACC\"\/><\/linearGradient><\/defs><\/svg><\/span><span class=\"shariff-text\">teilen<\/span>&nbsp;<\/a><\/li><li class=\"shariff-button bluesky shariff-nocustomcolor\" style=\"background-color:#84c4ff\"><a href=\"https:\/\/bsky.app\/intent\/compose?text=Neue%20Musik%20%2F%20Musikfeature%20%2F%20SoundArt%3A%20Die%20Radio-Woche%20vom%2008.10.%20bis%2014.10.2018 https%3A%2F%2Fblogs.nmz.de%2Fbadblog%2F2018%2F10%2F06%2Fneue-musik-musikfeature-soundart-die-radio-woche-vom-08-10-bis-14-10-2018%2F \" title=\"Bei Bluesky teilen\" aria-label=\"Bei Bluesky teilen\" role=\"button\" rel=\"noopener nofollow\" class=\"shariff-link\" style=\"; background-color:#0085ff; color:#fff\" target=\"_blank\"><span class=\"shariff-icon\" style=\"\"><svg width=\"20\" height=\"20\" version=\"1.1\" xmlns=\"http:\/\/www.w3.org\/2000\/svg\" viewBox=\"0 0 20 20\"><path class=\"st0\" d=\"M4.89,3.12c2.07,1.55,4.3,4.71,5.11,6.4.82-1.69,3.04-4.84,5.11-6.4,1.49-1.12,3.91-1.99,3.91.77,0,.55-.32,4.63-.5,5.3-.64,2.3-2.99,2.89-5.08,2.54,3.65.62,4.58,2.68,2.57,4.74-3.81,3.91-5.48-.98-5.9-2.23-.08-.23-.11-.34-.12-.25,0-.09-.04.02-.12.25-.43,1.25-2.09,6.14-5.9,2.23-2.01-2.06-1.08-4.12,2.57-4.74-2.09.36-4.44-.23-5.08-2.54-.19-.66-.5-4.74-.5-5.3,0-2.76,2.42-1.89,3.91-.77h0Z\"\/><\/svg><\/span><span class=\"shariff-text\">teilen<\/span>&nbsp;<\/a><\/li><li class=\"shariff-button facebook shariff-nocustomcolor\" style=\"background-color:#4273c8\"><a href=\"https:\/\/www.facebook.com\/sharer\/sharer.php?u=https%3A%2F%2Fblogs.nmz.de%2Fbadblog%2F2018%2F10%2F06%2Fneue-musik-musikfeature-soundart-die-radio-woche-vom-08-10-bis-14-10-2018%2F\" title=\"Bei Facebook teilen\" aria-label=\"Bei Facebook teilen\" role=\"button\" rel=\"nofollow\" class=\"shariff-link\" style=\"; background-color:#3b5998; color:#fff\" target=\"_blank\"><span class=\"shariff-icon\" style=\"\"><svg width=\"32px\" height=\"20px\" xmlns=\"http:\/\/www.w3.org\/2000\/svg\" viewBox=\"0 0 18 32\"><path fill=\"#3b5998\" d=\"M17.1 0.2v4.7h-2.8q-1.5 0-2.1 0.6t-0.5 1.9v3.4h5.2l-0.7 5.3h-4.5v13.6h-5.5v-13.6h-4.5v-5.3h4.5v-3.9q0-3.3 1.9-5.2t5-1.8q2.6 0 4.1 0.2z\"\/><\/svg><\/span><span class=\"shariff-text\">teilen<\/span>&nbsp;<\/a><\/li><li class=\"shariff-button threema shariff-nocustomcolor shariff-mobile\" style=\"background-color:#4fbc24\"><a href=\"threema:\/\/compose?text=Neue%20Musik%20%2F%20Musikfeature%20%2F%20SoundArt%3A%20Die%20Radio-Woche%20vom%2008.10.%20bis%2014.10.2018%20https%3A%2F%2Fblogs.nmz.de%2Fbadblog%2F2018%2F10%2F06%2Fneue-musik-musikfeature-soundart-die-radio-woche-vom-08-10-bis-14-10-2018%2F\" title=\"Bei Threema teilen\" aria-label=\"Bei Threema teilen\" role=\"button\" rel=\"noopener nofollow\" class=\"shariff-link\" style=\"; background-color:#1f1f1f; color:#fff\" target=\"_blank\"><span class=\"shariff-icon\" style=\"\"><svg width=\"32px\" height=\"20px\" xmlns=\"http:\/\/www.w3.org\/2000\/svg\" viewBox=\"0 0 32 32\"><path fill=\"#1f1f1f\" d=\"M30.8 10.9c-0.3-1.4-0.9-2.6-1.8-3.8-2-2.6-5.5-4.5-9.4-5.2-1.3-0.2-1.9-0.3-3.5-0.3s-2.2 0-3.5 0.3c-4 0.7-7.4 2.6-9.4 5.2-0.9 1.2-1.5 2.4-1.8 3.8-0.1 0.5-0.2 1.2-0.2 1.6 0 0.4 0.1 1.1 0.2 1.6 0.4 1.9 1.3 3.4 2.9 5 0.8 0.8 0.8 0.8 0.7 1.3 0 0.6-0.5 1.6-1.7 3.6-0.3 0.5-0.5 0.9-0.5 0.9 0 0.1 0.1 0.1 0.5 0 0.8-0.2 2.3-0.6 5.6-1.6 1.1-0.3 1.3-0.4 2.3-0.4 0.8 0 1.1 0 2.3 0.2 1.5 0.2 3.5 0.2 4.9 0 5.1-0.6 9.3-2.9 11.4-6.3 0.5-0.9 0.9-1.8 1.1-2.8 0.1-0.5 0.2-1.1 0.2-1.6 0-0.7-0.1-1.1-0.2-1.6-0.3-1.4 0.1 0.5 0 0zM20.6 17.3c0 0.4-0.4 0.8-0.8 0.8h-7.7c-0.4 0-0.8-0.4-0.8-0.8v-4.6c0-0.4 0.4-0.8 0.8-0.8h0.2l0-1.6c0-0.9 0-1.8 0.1-2 0.1-0.6 0.6-1.2 1.1-1.7s1.1-0.7 1.9-0.8c1.8-0.3 3.7 0.7 4.2 2.2 0.1 0.3 0.1 0.7 0.1 2.1v0 1.7h0.1c0.4 0 0.8 0.4 0.8 0.8v4.6zM15.6 7.3c-0.5 0.1-0.8 0.3-1.2 0.6s-0.6 0.8-0.7 1.3c0 0.2 0 0.8 0 1.5l0 1.2h4.6v-1.3c0-1 0-1.4-0.1-1.6-0.3-1.1-1.5-1.9-2.6-1.7zM25.8 28.2c0 1.2-1 2.2-2.1 2.2s-2.1-1-2.1-2.1c0-1.2 1-2.1 2.2-2.1s2.2 1 2.2 2.2zM18.1 28.2c0 1.2-1 2.2-2.1 2.2s-2.1-1-2.1-2.1c0-1.2 1-2.1 2.2-2.1s2.2 1 2.2 2.2zM10.4 28.2c0 1.2-1 2.2-2.1 2.2s-2.1-1-2.1-2.1c0-1.2 1-2.1 2.2-2.1s2.2 1 2.2 2.2z\"\/><\/svg><\/span><span class=\"shariff-text\">teilen<\/span>&nbsp;<\/a><\/li><li class=\"shariff-button linkedin shariff-nocustomcolor\" style=\"background-color:#1488bf\"><a href=\"https:\/\/www.linkedin.com\/sharing\/share-offsite\/?url=https%3A%2F%2Fblogs.nmz.de%2Fbadblog%2F2018%2F10%2F06%2Fneue-musik-musikfeature-soundart-die-radio-woche-vom-08-10-bis-14-10-2018%2F\" title=\"Bei LinkedIn teilen\" aria-label=\"Bei LinkedIn teilen\" role=\"button\" rel=\"noopener nofollow\" class=\"shariff-link\" style=\"; background-color:#0077b5; color:#fff\" target=\"_blank\"><span class=\"shariff-icon\" style=\"\"><svg width=\"32px\" height=\"20px\" xmlns=\"http:\/\/www.w3.org\/2000\/svg\" viewBox=\"0 0 27 32\"><path fill=\"#0077b5\" d=\"M6.2 11.2v17.7h-5.9v-17.7h5.9zM6.6 5.7q0 1.3-0.9 2.2t-2.4 0.9h0q-1.5 0-2.4-0.9t-0.9-2.2 0.9-2.2 2.4-0.9 2.4 0.9 0.9 2.2zM27.4 18.7v10.1h-5.9v-9.5q0-1.9-0.7-2.9t-2.3-1.1q-1.1 0-1.9 0.6t-1.2 1.5q-0.2 0.5-0.2 1.4v9.9h-5.9q0-7.1 0-11.6t0-5.3l0-0.9h5.9v2.6h0q0.4-0.6 0.7-1t1-0.9 1.6-0.8 2-0.3q3 0 4.9 2t1.9 6z\"\/><\/svg><\/span><span class=\"shariff-text\">teilen<\/span>&nbsp;<\/a><\/li><li class=\"shariff-button info shariff-nocustomcolor\" style=\"background-color:#eee\"><a href=\"http:\/\/ct.de\/-2467514\" title=\"Weitere Informationen\" aria-label=\"Weitere Informationen\" role=\"button\" rel=\"noopener \" class=\"shariff-link\" style=\"; background-color:#fff; color:#fff\" target=\"_blank\"><span class=\"shariff-icon\" style=\"\"><svg width=\"32px\" height=\"20px\" xmlns=\"http:\/\/www.w3.org\/2000\/svg\" viewBox=\"0 0 11 32\"><path fill=\"#999\" d=\"M11.4 24v2.3q0 0.5-0.3 0.8t-0.8 0.4h-9.1q-0.5 0-0.8-0.4t-0.4-0.8v-2.3q0-0.5 0.4-0.8t0.8-0.4h1.1v-6.8h-1.1q-0.5 0-0.8-0.4t-0.4-0.8v-2.3q0-0.5 0.4-0.8t0.8-0.4h6.8q0.5 0 0.8 0.4t0.4 0.8v10.3h1.1q0.5 0 0.8 0.4t0.3 0.8zM9.2 3.4v3.4q0 0.5-0.4 0.8t-0.8 0.4h-4.6q-0.4 0-0.8-0.4t-0.4-0.8v-3.4q0-0.4 0.4-0.8t0.8-0.4h4.6q0.5 0 0.8 0.4t0.4 0.8z\"\/><\/svg><\/span><\/a><\/li><\/ul><\/div>","protected":false},"excerpt":{"rendered":"<p>Neue Musik und Musikfeatures in der Kalenderwoche 41. Die Harfe in der Neuen Musik, Der Musiktraktat im 20. Jahrhundert, Tyrannei und Freiheit: Wilde Lieder, Musiker und K&#252;nstler in Singapur, \u201eMein\u201c Japan | Gloria Coates, Einojuhani Rautavaara, Timothy McCormack, Konstantia Gourzi, Maia Urstad, Michael Hirsch. Alle bekannten Stream-, Web- und RSS-Adressen&#46;&#46;&#46;<\/p>\n<div class=\"shariff shariff-align-left shariff-widget-align-left\" style=\"display:none\"><div class=\"ShariffHeadline\"> <\/div><ul class=\"shariff-buttons theme-default orientation-horizontal buttonsize-small\"><li class=\"shariff-button mastodon shariff-nocustomcolor\" style=\"background-color:#563ACC\"><a href=\"https:\/\/s2f.kytta.dev\/?text=Neue%20Musik%20%2F%20Musikfeature%20%2F%20SoundArt%3A%20Die%20Radio-Woche%20vom%2008.10.%20bis%2014.10.2018 https%3A%2F%2Fblogs.nmz.de%2Fbadblog%2F2018%2F10%2F06%2Fneue-musik-musikfeature-soundart-die-radio-woche-vom-08-10-bis-14-10-2018%2F\" title=\"Bei Mastodon teilen\" aria-label=\"Bei Mastodon teilen\" role=\"button\" rel=\"noopener nofollow\" class=\"shariff-link\" style=\"; background-color:#6364FF; color:#fff\" target=\"_blank\"><span class=\"shariff-icon\" style=\"\"><svg width=\"75\" height=\"79\" viewBox=\"0 0 75 79\" fill=\"none\" xmlns=\"http:\/\/www.w3.org\/2000\/svg\"><path d=\"M37.813-.025C32.462-.058 27.114.13 21.79.598c-8.544.621-17.214 5.58-20.203 13.931C-1.12 23.318.408 32.622.465 41.65c.375 7.316.943 14.78 3.392 21.73 4.365 9.465 14.781 14.537 24.782 15.385 7.64.698 15.761-.213 22.517-4.026a54.1 54.1 0 0 0 .01-6.232c-6.855 1.316-14.101 2.609-21.049 1.074-3.883-.88-6.876-4.237-7.25-8.215-1.53-3.988 3.78-.43 5.584-.883 9.048 1.224 18.282.776 27.303-.462 7.044-.837 14.26-4.788 16.65-11.833 2.263-6.135 1.215-12.79 1.698-19.177.06-3.84.09-7.692-.262-11.52C72.596 7.844 63.223.981 53.834.684a219.453 219.453 0 0 0-16.022-.71zm11.294 12.882c5.5-.067 10.801 4.143 11.67 9.653.338 1.48.471 3 .471 4.515v21.088h-8.357c-.07-7.588.153-15.182-.131-22.765-.587-4.368-7.04-5.747-9.672-2.397-2.422 3.04-1.47 7.155-1.67 10.735v6.392h-8.307c-.146-4.996.359-10.045-.404-15.002-1.108-4.218-7.809-5.565-10.094-1.666-1.685 3.046-.712 6.634-.976 9.936v14.767h-8.354c.109-8.165-.238-16.344.215-24.5.674-5.346 5.095-10.389 10.676-10.627 4.902-.739 10.103 2.038 12.053 6.631.375 1.435 1.76 1.932 1.994.084 1.844-3.704 5.501-6.739 9.785-6.771.367-.044.735-.068 1.101-.073z\"\/><defs><linearGradient id=\"paint0_linear_549_34\" x1=\"37.0692\" y1=\"0\" x2=\"37.0692\" y2=\"79\" gradientUnits=\"userSpaceOnUse\"><stop stop-color=\"#6364FF\"\/><stop offset=\"1\" stop-color=\"#563ACC\"\/><\/linearGradient><\/defs><\/svg><\/span><span class=\"shariff-text\">teilen<\/span>&nbsp;<\/a><\/li><li class=\"shariff-button bluesky shariff-nocustomcolor\" style=\"background-color:#84c4ff\"><a href=\"https:\/\/bsky.app\/intent\/compose?text=Neue%20Musik%20%2F%20Musikfeature%20%2F%20SoundArt%3A%20Die%20Radio-Woche%20vom%2008.10.%20bis%2014.10.2018 https%3A%2F%2Fblogs.nmz.de%2Fbadblog%2F2018%2F10%2F06%2Fneue-musik-musikfeature-soundart-die-radio-woche-vom-08-10-bis-14-10-2018%2F \" title=\"Bei Bluesky teilen\" aria-label=\"Bei Bluesky teilen\" role=\"button\" rel=\"noopener nofollow\" class=\"shariff-link\" style=\"; background-color:#0085ff; color:#fff\" target=\"_blank\"><span class=\"shariff-icon\" style=\"\"><svg width=\"20\" height=\"20\" version=\"1.1\" xmlns=\"http:\/\/www.w3.org\/2000\/svg\" viewBox=\"0 0 20 20\"><path class=\"st0\" d=\"M4.89,3.12c2.07,1.55,4.3,4.71,5.11,6.4.82-1.69,3.04-4.84,5.11-6.4,1.49-1.12,3.91-1.99,3.91.77,0,.55-.32,4.63-.5,5.3-.64,2.3-2.99,2.89-5.08,2.54,3.65.62,4.58,2.68,2.57,4.74-3.81,3.91-5.48-.98-5.9-2.23-.08-.23-.11-.34-.12-.25,0-.09-.04.02-.12.25-.43,1.25-2.09,6.14-5.9,2.23-2.01-2.06-1.08-4.12,2.57-4.74-2.09.36-4.44-.23-5.08-2.54-.19-.66-.5-4.74-.5-5.3,0-2.76,2.42-1.89,3.91-.77h0Z\"\/><\/svg><\/span><span class=\"shariff-text\">teilen<\/span>&nbsp;<\/a><\/li><li class=\"shariff-button facebook shariff-nocustomcolor\" style=\"background-color:#4273c8\"><a href=\"https:\/\/www.facebook.com\/sharer\/sharer.php?u=https%3A%2F%2Fblogs.nmz.de%2Fbadblog%2F2018%2F10%2F06%2Fneue-musik-musikfeature-soundart-die-radio-woche-vom-08-10-bis-14-10-2018%2F\" title=\"Bei Facebook teilen\" aria-label=\"Bei Facebook teilen\" role=\"button\" rel=\"nofollow\" class=\"shariff-link\" style=\"; background-color:#3b5998; color:#fff\" target=\"_blank\"><span class=\"shariff-icon\" style=\"\"><svg width=\"32px\" height=\"20px\" xmlns=\"http:\/\/www.w3.org\/2000\/svg\" viewBox=\"0 0 18 32\"><path fill=\"#3b5998\" d=\"M17.1 0.2v4.7h-2.8q-1.5 0-2.1 0.6t-0.5 1.9v3.4h5.2l-0.7 5.3h-4.5v13.6h-5.5v-13.6h-4.5v-5.3h4.5v-3.9q0-3.3 1.9-5.2t5-1.8q2.6 0 4.1 0.2z\"\/><\/svg><\/span><span class=\"shariff-text\">teilen<\/span>&nbsp;<\/a><\/li><li class=\"shariff-button threema shariff-nocustomcolor shariff-mobile\" style=\"background-color:#4fbc24\"><a href=\"threema:\/\/compose?text=Neue%20Musik%20%2F%20Musikfeature%20%2F%20SoundArt%3A%20Die%20Radio-Woche%20vom%2008.10.%20bis%2014.10.2018%20https%3A%2F%2Fblogs.nmz.de%2Fbadblog%2F2018%2F10%2F06%2Fneue-musik-musikfeature-soundart-die-radio-woche-vom-08-10-bis-14-10-2018%2F\" title=\"Bei Threema teilen\" aria-label=\"Bei Threema teilen\" role=\"button\" rel=\"noopener nofollow\" class=\"shariff-link\" style=\"; background-color:#1f1f1f; color:#fff\" target=\"_blank\"><span class=\"shariff-icon\" style=\"\"><svg width=\"32px\" height=\"20px\" xmlns=\"http:\/\/www.w3.org\/2000\/svg\" viewBox=\"0 0 32 32\"><path fill=\"#1f1f1f\" d=\"M30.8 10.9c-0.3-1.4-0.9-2.6-1.8-3.8-2-2.6-5.5-4.5-9.4-5.2-1.3-0.2-1.9-0.3-3.5-0.3s-2.2 0-3.5 0.3c-4 0.7-7.4 2.6-9.4 5.2-0.9 1.2-1.5 2.4-1.8 3.8-0.1 0.5-0.2 1.2-0.2 1.6 0 0.4 0.1 1.1 0.2 1.6 0.4 1.9 1.3 3.4 2.9 5 0.8 0.8 0.8 0.8 0.7 1.3 0 0.6-0.5 1.6-1.7 3.6-0.3 0.5-0.5 0.9-0.5 0.9 0 0.1 0.1 0.1 0.5 0 0.8-0.2 2.3-0.6 5.6-1.6 1.1-0.3 1.3-0.4 2.3-0.4 0.8 0 1.1 0 2.3 0.2 1.5 0.2 3.5 0.2 4.9 0 5.1-0.6 9.3-2.9 11.4-6.3 0.5-0.9 0.9-1.8 1.1-2.8 0.1-0.5 0.2-1.1 0.2-1.6 0-0.7-0.1-1.1-0.2-1.6-0.3-1.4 0.1 0.5 0 0zM20.6 17.3c0 0.4-0.4 0.8-0.8 0.8h-7.7c-0.4 0-0.8-0.4-0.8-0.8v-4.6c0-0.4 0.4-0.8 0.8-0.8h0.2l0-1.6c0-0.9 0-1.8 0.1-2 0.1-0.6 0.6-1.2 1.1-1.7s1.1-0.7 1.9-0.8c1.8-0.3 3.7 0.7 4.2 2.2 0.1 0.3 0.1 0.7 0.1 2.1v0 1.7h0.1c0.4 0 0.8 0.4 0.8 0.8v4.6zM15.6 7.3c-0.5 0.1-0.8 0.3-1.2 0.6s-0.6 0.8-0.7 1.3c0 0.2 0 0.8 0 1.5l0 1.2h4.6v-1.3c0-1 0-1.4-0.1-1.6-0.3-1.1-1.5-1.9-2.6-1.7zM25.8 28.2c0 1.2-1 2.2-2.1 2.2s-2.1-1-2.1-2.1c0-1.2 1-2.1 2.2-2.1s2.2 1 2.2 2.2zM18.1 28.2c0 1.2-1 2.2-2.1 2.2s-2.1-1-2.1-2.1c0-1.2 1-2.1 2.2-2.1s2.2 1 2.2 2.2zM10.4 28.2c0 1.2-1 2.2-2.1 2.2s-2.1-1-2.1-2.1c0-1.2 1-2.1 2.2-2.1s2.2 1 2.2 2.2z\"\/><\/svg><\/span><span class=\"shariff-text\">teilen<\/span>&nbsp;<\/a><\/li><li class=\"shariff-button linkedin shariff-nocustomcolor\" style=\"background-color:#1488bf\"><a href=\"https:\/\/www.linkedin.com\/sharing\/share-offsite\/?url=https%3A%2F%2Fblogs.nmz.de%2Fbadblog%2F2018%2F10%2F06%2Fneue-musik-musikfeature-soundart-die-radio-woche-vom-08-10-bis-14-10-2018%2F\" title=\"Bei LinkedIn teilen\" aria-label=\"Bei LinkedIn teilen\" role=\"button\" rel=\"noopener nofollow\" class=\"shariff-link\" style=\"; background-color:#0077b5; color:#fff\" target=\"_blank\"><span class=\"shariff-icon\" style=\"\"><svg width=\"32px\" height=\"20px\" xmlns=\"http:\/\/www.w3.org\/2000\/svg\" viewBox=\"0 0 27 32\"><path fill=\"#0077b5\" d=\"M6.2 11.2v17.7h-5.9v-17.7h5.9zM6.6 5.7q0 1.3-0.9 2.2t-2.4 0.9h0q-1.5 0-2.4-0.9t-0.9-2.2 0.9-2.2 2.4-0.9 2.4 0.9 0.9 2.2zM27.4 18.7v10.1h-5.9v-9.5q0-1.9-0.7-2.9t-2.3-1.1q-1.1 0-1.9 0.6t-1.2 1.5q-0.2 0.5-0.2 1.4v9.9h-5.9q0-7.1 0-11.6t0-5.3l0-0.9h5.9v2.6h0q0.4-0.6 0.7-1t1-0.9 1.6-0.8 2-0.3q3 0 4.9 2t1.9 6z\"\/><\/svg><\/span><span class=\"shariff-text\">teilen<\/span>&nbsp;<\/a><\/li><li class=\"shariff-button info shariff-nocustomcolor\" style=\"background-color:#eee\"><a href=\"http:\/\/ct.de\/-2467514\" title=\"Weitere Informationen\" aria-label=\"Weitere Informationen\" role=\"button\" rel=\"noopener \" class=\"shariff-link\" style=\"; background-color:#fff; color:#fff\" target=\"_blank\"><span class=\"shariff-icon\" style=\"\"><svg width=\"32px\" height=\"20px\" xmlns=\"http:\/\/www.w3.org\/2000\/svg\" viewBox=\"0 0 11 32\"><path fill=\"#999\" d=\"M11.4 24v2.3q0 0.5-0.3 0.8t-0.8 0.4h-9.1q-0.5 0-0.8-0.4t-0.4-0.8v-2.3q0-0.5 0.4-0.8t0.8-0.4h1.1v-6.8h-1.1q-0.5 0-0.8-0.4t-0.4-0.8v-2.3q0-0.5 0.4-0.8t0.8-0.4h6.8q0.5 0 0.8 0.4t0.4 0.8v10.3h1.1q0.5 0 0.8 0.4t0.3 0.8zM9.2 3.4v3.4q0 0.5-0.4 0.8t-0.8 0.4h-4.6q-0.4 0-0.8-0.4t-0.4-0.8v-3.4q0-0.4 0.4-0.8t0.8-0.4h4.6q0.5 0 0.8 0.4t0.4 0.8z\"\/><\/svg><\/span><\/a><\/li><\/ul><\/div>","protected":false},"author":1,"featured_media":14800,"comment_status":"open","ping_status":"open","sticky":false,"template":"","format":"standard","meta":{"jetpack_post_was_ever_published":false,"_jetpack_newsletter_access":"","_jetpack_dont_email_post_to_subs":false,"_jetpack_newsletter_tier_id":0,"_jetpack_memberships_contains_paywalled_content":false,"_jetpack_memberships_contains_paid_content":false,"footnotes":""},"categories":[14853],"tags":[14876],"class_list":["post-18129","post","type-post","status-publish","format-standard","has-post-thumbnail","hentry","category-radiomedien","tag-neue-musik-im-radio"],"yoast_head":"<!-- This site is optimized with the Yoast SEO plugin v27.5 - https:\/\/yoast.com\/product\/yoast-seo-wordpress\/ -->\n<title>Neue Musik \/ Musikfeature \/ SoundArt: Die Radio-Woche vom 08.10. bis 14.10.2018 &#8211; Bad Blog Of Musick - nmz Klassik-Blog<\/title>\n<meta name=\"description\" content=\"Bad Blog Of Musick \u2013 Ein Klassik-Blog und das wahrscheinlich bedeutendste Musik-Blog zur zeitgen\u00f6ssischen und klassischen Musikkultur\" \/>\n<meta name=\"robots\" content=\"index, follow, max-snippet:-1, max-image-preview:large, max-video-preview:-1\" \/>\n<link rel=\"canonical\" href=\"https:\/\/blogs.nmz.de\/badblog\/2018\/10\/06\/neue-musik-musikfeature-soundart-die-radio-woche-vom-08-10-bis-14-10-2018\/\" \/>\n<meta property=\"og:locale\" content=\"de_DE\" \/>\n<meta property=\"og:type\" content=\"article\" \/>\n<meta property=\"og:title\" content=\"Neue Musik \/ Musikfeature \/ SoundArt: Die Radio-Woche vom 08.10. bis 14.10.2018 &#8211; Bad Blog Of Musick - nmz Klassik-Blog\" \/>\n<meta property=\"og:description\" content=\"Bad Blog Of Musick \u2013 Ein Klassik-Blog und das wahrscheinlich bedeutendste Musik-Blog zur zeitgen\u00f6ssischen und klassischen Musikkultur\" \/>\n<meta property=\"og:url\" content=\"https:\/\/blogs.nmz.de\/badblog\/2018\/10\/06\/neue-musik-musikfeature-soundart-die-radio-woche-vom-08-10-bis-14-10-2018\/\" \/>\n<meta property=\"og:site_name\" content=\"Bad Blog Of Musick\" \/>\n<meta property=\"article:publisher\" content=\"https:\/\/www.facebook.com\/musikzeitung\" \/>\n<meta property=\"article:author\" content=\"http:\/\/www.facebook.com\/hufner\" \/>\n<meta property=\"article:published_time\" content=\"2018-10-06T16:00:48+00:00\" \/>\n<meta property=\"og:image\" content=\"https:\/\/i1.wp.com\/blogs.nmz.de\/badblog\/files\/2017\/02\/huf-np-radio-musik-final.jpg?fit=2048%2C1536&ssl=1\" \/>\n\t<meta property=\"og:image:width\" content=\"2048\" \/>\n\t<meta property=\"og:image:height\" content=\"1536\" \/>\n\t<meta property=\"og:image:type\" content=\"image\/jpeg\" \/>\n<meta name=\"author\" content=\"Martin Hufner\" \/>\n<meta name=\"twitter:card\" content=\"summary_large_image\" \/>\n<meta name=\"twitter:creator\" content=\"@huflaikhan\" \/>\n<meta name=\"twitter:site\" content=\"@musikzeitung\" \/>\n<meta name=\"twitter:label1\" content=\"Verfasst von\" \/>\n\t<meta name=\"twitter:data1\" content=\"Martin Hufner\" \/>\n\t<meta name=\"twitter:label2\" content=\"Gesch\u00e4tzte Lesezeit\" \/>\n\t<meta name=\"twitter:data2\" content=\"16\u00a0Minuten\" \/>\n<script type=\"application\/ld+json\" class=\"yoast-schema-graph\">{\"@context\":\"https:\\\/\\\/schema.org\",\"@graph\":[{\"@type\":\"Article\",\"@id\":\"https:\\\/\\\/blogs.nmz.de\\\/badblog\\\/2018\\\/10\\\/06\\\/neue-musik-musikfeature-soundart-die-radio-woche-vom-08-10-bis-14-10-2018\\\/#article\",\"isPartOf\":{\"@id\":\"https:\\\/\\\/blogs.nmz.de\\\/badblog\\\/2018\\\/10\\\/06\\\/neue-musik-musikfeature-soundart-die-radio-woche-vom-08-10-bis-14-10-2018\\\/\"},\"author\":{\"name\":\"Martin Hufner\",\"@id\":\"https:\\\/\\\/blogs.nmz.de\\\/badblog\\\/#\\\/schema\\\/person\\\/488a80049cf0bbc4cce99951ae91c3b9\"},\"headline\":\"Neue Musik \\\/ Musikfeature \\\/ SoundArt: Die Radio-Woche vom 08.10. bis 14.10.2018\",\"datePublished\":\"2018-10-06T16:00:48+00:00\",\"mainEntityOfPage\":{\"@id\":\"https:\\\/\\\/blogs.nmz.de\\\/badblog\\\/2018\\\/10\\\/06\\\/neue-musik-musikfeature-soundart-die-radio-woche-vom-08-10-bis-14-10-2018\\\/\"},\"wordCount\":3198,\"commentCount\":0,\"publisher\":{\"@id\":\"https:\\\/\\\/blogs.nmz.de\\\/badblog\\\/#organization\"},\"image\":{\"@id\":\"https:\\\/\\\/blogs.nmz.de\\\/badblog\\\/2018\\\/10\\\/06\\\/neue-musik-musikfeature-soundart-die-radio-woche-vom-08-10-bis-14-10-2018\\\/#primaryimage\"},\"thumbnailUrl\":\"https:\\\/\\\/i0.wp.com\\\/blogs.nmz.de\\\/badblog\\\/files\\\/2017\\\/02\\\/huf-np-radio-musik-final.jpg?fit=2048%2C1536&ssl=1\",\"keywords\":[\"Neue Musik im Radio\"],\"articleSection\":[\"Radio\\\/Medien\"],\"inLanguage\":\"de\",\"potentialAction\":[{\"@type\":\"CommentAction\",\"name\":\"Comment\",\"target\":[\"https:\\\/\\\/blogs.nmz.de\\\/badblog\\\/2018\\\/10\\\/06\\\/neue-musik-musikfeature-soundart-die-radio-woche-vom-08-10-bis-14-10-2018\\\/#respond\"]}]},{\"@type\":\"WebPage\",\"@id\":\"https:\\\/\\\/blogs.nmz.de\\\/badblog\\\/2018\\\/10\\\/06\\\/neue-musik-musikfeature-soundart-die-radio-woche-vom-08-10-bis-14-10-2018\\\/\",\"url\":\"https:\\\/\\\/blogs.nmz.de\\\/badblog\\\/2018\\\/10\\\/06\\\/neue-musik-musikfeature-soundart-die-radio-woche-vom-08-10-bis-14-10-2018\\\/\",\"name\":\"Neue Musik \\\/ Musikfeature \\\/ SoundArt: Die Radio-Woche vom 08.10. bis 14.10.2018 &#8211; Bad Blog Of Musick - nmz Klassik-Blog\",\"isPartOf\":{\"@id\":\"https:\\\/\\\/blogs.nmz.de\\\/badblog\\\/#website\"},\"primaryImageOfPage\":{\"@id\":\"https:\\\/\\\/blogs.nmz.de\\\/badblog\\\/2018\\\/10\\\/06\\\/neue-musik-musikfeature-soundart-die-radio-woche-vom-08-10-bis-14-10-2018\\\/#primaryimage\"},\"image\":{\"@id\":\"https:\\\/\\\/blogs.nmz.de\\\/badblog\\\/2018\\\/10\\\/06\\\/neue-musik-musikfeature-soundart-die-radio-woche-vom-08-10-bis-14-10-2018\\\/#primaryimage\"},\"thumbnailUrl\":\"https:\\\/\\\/i0.wp.com\\\/blogs.nmz.de\\\/badblog\\\/files\\\/2017\\\/02\\\/huf-np-radio-musik-final.jpg?fit=2048%2C1536&ssl=1\",\"datePublished\":\"2018-10-06T16:00:48+00:00\",\"description\":\"Bad Blog Of Musick \u2013 Ein Klassik-Blog und das wahrscheinlich bedeutendste Musik-Blog zur zeitgen\u00f6ssischen und klassischen Musikkultur\",\"breadcrumb\":{\"@id\":\"https:\\\/\\\/blogs.nmz.de\\\/badblog\\\/2018\\\/10\\\/06\\\/neue-musik-musikfeature-soundart-die-radio-woche-vom-08-10-bis-14-10-2018\\\/#breadcrumb\"},\"inLanguage\":\"de\",\"potentialAction\":[{\"@type\":\"ReadAction\",\"target\":[\"https:\\\/\\\/blogs.nmz.de\\\/badblog\\\/2018\\\/10\\\/06\\\/neue-musik-musikfeature-soundart-die-radio-woche-vom-08-10-bis-14-10-2018\\\/\"]}]},{\"@type\":\"ImageObject\",\"inLanguage\":\"de\",\"@id\":\"https:\\\/\\\/blogs.nmz.de\\\/badblog\\\/2018\\\/10\\\/06\\\/neue-musik-musikfeature-soundart-die-radio-woche-vom-08-10-bis-14-10-2018\\\/#primaryimage\",\"url\":\"https:\\\/\\\/i0.wp.com\\\/blogs.nmz.de\\\/badblog\\\/files\\\/2017\\\/02\\\/huf-np-radio-musik-final.jpg?fit=2048%2C1536&ssl=1\",\"contentUrl\":\"https:\\\/\\\/i0.wp.com\\\/blogs.nmz.de\\\/badblog\\\/files\\\/2017\\\/02\\\/huf-np-radio-musik-final.jpg?fit=2048%2C1536&ssl=1\",\"width\":2048,\"height\":1536,\"caption\":\"Radio Neue Musik. Montage: Hufner\"},{\"@type\":\"BreadcrumbList\",\"@id\":\"https:\\\/\\\/blogs.nmz.de\\\/badblog\\\/2018\\\/10\\\/06\\\/neue-musik-musikfeature-soundart-die-radio-woche-vom-08-10-bis-14-10-2018\\\/#breadcrumb\",\"itemListElement\":[{\"@type\":\"ListItem\",\"position\":1,\"name\":\"Startseite\",\"item\":\"https:\\\/\\\/blogs.nmz.de\\\/badblog\\\/\"},{\"@type\":\"ListItem\",\"position\":2,\"name\":\"Neue Musik \\\/ Musikfeature \\\/ SoundArt: Die Radio-Woche vom 08.10. bis 14.10.2018\"}]},{\"@type\":\"WebSite\",\"@id\":\"https:\\\/\\\/blogs.nmz.de\\\/badblog\\\/#website\",\"url\":\"https:\\\/\\\/blogs.nmz.de\\\/badblog\\\/\",\"name\":\"Bad Blog Of Musick\",\"description\":\"Das bedeutendste Blog zur zeitgen\u00f6ssischen Musikkultur\",\"publisher\":{\"@id\":\"https:\\\/\\\/blogs.nmz.de\\\/badblog\\\/#organization\"},\"potentialAction\":[{\"@type\":\"SearchAction\",\"target\":{\"@type\":\"EntryPoint\",\"urlTemplate\":\"https:\\\/\\\/blogs.nmz.de\\\/badblog\\\/?s={search_term_string}\"},\"query-input\":{\"@type\":\"PropertyValueSpecification\",\"valueRequired\":true,\"valueName\":\"search_term_string\"}}],\"inLanguage\":\"de\"},{\"@type\":\"Organization\",\"@id\":\"https:\\\/\\\/blogs.nmz.de\\\/badblog\\\/#organization\",\"name\":\"neue musikzeitung | Bad Blog Of Musick\",\"url\":\"https:\\\/\\\/blogs.nmz.de\\\/badblog\\\/\",\"logo\":{\"@type\":\"ImageObject\",\"inLanguage\":\"de\",\"@id\":\"https:\\\/\\\/blogs.nmz.de\\\/badblog\\\/#\\\/schema\\\/logo\\\/image\\\/\",\"url\":\"https:\\\/\\\/i0.wp.com\\\/blogs.nmz.de\\\/badblog\\\/files\\\/2016\\\/10\\\/badblog-logo1.png?fit=512%2C512&ssl=1\",\"contentUrl\":\"https:\\\/\\\/i0.wp.com\\\/blogs.nmz.de\\\/badblog\\\/files\\\/2016\\\/10\\\/badblog-logo1.png?fit=512%2C512&ssl=1\",\"width\":512,\"height\":512,\"caption\":\"neue musikzeitung | Bad Blog Of Musick\"},\"image\":{\"@id\":\"https:\\\/\\\/blogs.nmz.de\\\/badblog\\\/#\\\/schema\\\/logo\\\/image\\\/\"},\"sameAs\":[\"https:\\\/\\\/www.facebook.com\\\/musikzeitung\",\"https:\\\/\\\/x.com\\\/musikzeitung\"]},{\"@type\":\"Person\",\"@id\":\"https:\\\/\\\/blogs.nmz.de\\\/badblog\\\/#\\\/schema\\\/person\\\/488a80049cf0bbc4cce99951ae91c3b9\",\"name\":\"Martin Hufner\",\"description\":\"seit 1997 chef\u00f6konom der kritischen masse und netzbabysitter der nmz.\",\"sameAs\":[\"https:\\\/\\\/www.musikkritik.org\",\"http:\\\/\\\/www.facebook.com\\\/hufner\",\"https:\\\/\\\/www.linkedin.com\\\/profile\\\/view?id=48050869&trk=spm_pic\",\"https:\\\/\\\/x.com\\\/huflaikhan\"],\"url\":\"https:\\\/\\\/blogs.nmz.de\\\/badblog\\\/author\\\/admin\\\/\"}]}<\/script>\n<!-- \/ Yoast SEO plugin. -->","yoast_head_json":{"title":"Neue Musik \/ Musikfeature \/ SoundArt: Die Radio-Woche vom 08.10. bis 14.10.2018 &#8211; Bad Blog Of Musick - nmz Klassik-Blog","description":"Bad Blog Of Musick \u2013 Ein Klassik-Blog und das wahrscheinlich bedeutendste Musik-Blog zur zeitgen\u00f6ssischen und klassischen Musikkultur","robots":{"index":"index","follow":"follow","max-snippet":"max-snippet:-1","max-image-preview":"max-image-preview:large","max-video-preview":"max-video-preview:-1"},"canonical":"https:\/\/blogs.nmz.de\/badblog\/2018\/10\/06\/neue-musik-musikfeature-soundart-die-radio-woche-vom-08-10-bis-14-10-2018\/","og_locale":"de_DE","og_type":"article","og_title":"Neue Musik \/ Musikfeature \/ SoundArt: Die Radio-Woche vom 08.10. bis 14.10.2018 &#8211; Bad Blog Of Musick - nmz Klassik-Blog","og_description":"Bad Blog Of Musick \u2013 Ein Klassik-Blog und das wahrscheinlich bedeutendste Musik-Blog zur zeitgen\u00f6ssischen und klassischen Musikkultur","og_url":"https:\/\/blogs.nmz.de\/badblog\/2018\/10\/06\/neue-musik-musikfeature-soundart-die-radio-woche-vom-08-10-bis-14-10-2018\/","og_site_name":"Bad Blog Of Musick","article_publisher":"https:\/\/www.facebook.com\/musikzeitung","article_author":"http:\/\/www.facebook.com\/hufner","article_published_time":"2018-10-06T16:00:48+00:00","og_image":[{"width":2048,"height":1536,"url":"https:\/\/i1.wp.com\/blogs.nmz.de\/badblog\/files\/2017\/02\/huf-np-radio-musik-final.jpg?fit=2048%2C1536&ssl=1","type":"image\/jpeg"}],"author":"Martin Hufner","twitter_card":"summary_large_image","twitter_creator":"@huflaikhan","twitter_site":"@musikzeitung","twitter_misc":{"Verfasst von":"Martin Hufner","Gesch\u00e4tzte Lesezeit":"16\u00a0Minuten"},"schema":{"@context":"https:\/\/schema.org","@graph":[{"@type":"Article","@id":"https:\/\/blogs.nmz.de\/badblog\/2018\/10\/06\/neue-musik-musikfeature-soundart-die-radio-woche-vom-08-10-bis-14-10-2018\/#article","isPartOf":{"@id":"https:\/\/blogs.nmz.de\/badblog\/2018\/10\/06\/neue-musik-musikfeature-soundart-die-radio-woche-vom-08-10-bis-14-10-2018\/"},"author":{"name":"Martin Hufner","@id":"https:\/\/blogs.nmz.de\/badblog\/#\/schema\/person\/488a80049cf0bbc4cce99951ae91c3b9"},"headline":"Neue Musik \/ Musikfeature \/ SoundArt: Die Radio-Woche vom 08.10. bis 14.10.2018","datePublished":"2018-10-06T16:00:48+00:00","mainEntityOfPage":{"@id":"https:\/\/blogs.nmz.de\/badblog\/2018\/10\/06\/neue-musik-musikfeature-soundart-die-radio-woche-vom-08-10-bis-14-10-2018\/"},"wordCount":3198,"commentCount":0,"publisher":{"@id":"https:\/\/blogs.nmz.de\/badblog\/#organization"},"image":{"@id":"https:\/\/blogs.nmz.de\/badblog\/2018\/10\/06\/neue-musik-musikfeature-soundart-die-radio-woche-vom-08-10-bis-14-10-2018\/#primaryimage"},"thumbnailUrl":"https:\/\/i0.wp.com\/blogs.nmz.de\/badblog\/files\/2017\/02\/huf-np-radio-musik-final.jpg?fit=2048%2C1536&ssl=1","keywords":["Neue Musik im Radio"],"articleSection":["Radio\/Medien"],"inLanguage":"de","potentialAction":[{"@type":"CommentAction","name":"Comment","target":["https:\/\/blogs.nmz.de\/badblog\/2018\/10\/06\/neue-musik-musikfeature-soundart-die-radio-woche-vom-08-10-bis-14-10-2018\/#respond"]}]},{"@type":"WebPage","@id":"https:\/\/blogs.nmz.de\/badblog\/2018\/10\/06\/neue-musik-musikfeature-soundart-die-radio-woche-vom-08-10-bis-14-10-2018\/","url":"https:\/\/blogs.nmz.de\/badblog\/2018\/10\/06\/neue-musik-musikfeature-soundart-die-radio-woche-vom-08-10-bis-14-10-2018\/","name":"Neue Musik \/ Musikfeature \/ SoundArt: Die Radio-Woche vom 08.10. bis 14.10.2018 &#8211; Bad Blog Of Musick - nmz Klassik-Blog","isPartOf":{"@id":"https:\/\/blogs.nmz.de\/badblog\/#website"},"primaryImageOfPage":{"@id":"https:\/\/blogs.nmz.de\/badblog\/2018\/10\/06\/neue-musik-musikfeature-soundart-die-radio-woche-vom-08-10-bis-14-10-2018\/#primaryimage"},"image":{"@id":"https:\/\/blogs.nmz.de\/badblog\/2018\/10\/06\/neue-musik-musikfeature-soundart-die-radio-woche-vom-08-10-bis-14-10-2018\/#primaryimage"},"thumbnailUrl":"https:\/\/i0.wp.com\/blogs.nmz.de\/badblog\/files\/2017\/02\/huf-np-radio-musik-final.jpg?fit=2048%2C1536&ssl=1","datePublished":"2018-10-06T16:00:48+00:00","description":"Bad Blog Of Musick \u2013 Ein Klassik-Blog und das wahrscheinlich bedeutendste Musik-Blog zur zeitgen\u00f6ssischen und klassischen Musikkultur","breadcrumb":{"@id":"https:\/\/blogs.nmz.de\/badblog\/2018\/10\/06\/neue-musik-musikfeature-soundart-die-radio-woche-vom-08-10-bis-14-10-2018\/#breadcrumb"},"inLanguage":"de","potentialAction":[{"@type":"ReadAction","target":["https:\/\/blogs.nmz.de\/badblog\/2018\/10\/06\/neue-musik-musikfeature-soundart-die-radio-woche-vom-08-10-bis-14-10-2018\/"]}]},{"@type":"ImageObject","inLanguage":"de","@id":"https:\/\/blogs.nmz.de\/badblog\/2018\/10\/06\/neue-musik-musikfeature-soundart-die-radio-woche-vom-08-10-bis-14-10-2018\/#primaryimage","url":"https:\/\/i0.wp.com\/blogs.nmz.de\/badblog\/files\/2017\/02\/huf-np-radio-musik-final.jpg?fit=2048%2C1536&ssl=1","contentUrl":"https:\/\/i0.wp.com\/blogs.nmz.de\/badblog\/files\/2017\/02\/huf-np-radio-musik-final.jpg?fit=2048%2C1536&ssl=1","width":2048,"height":1536,"caption":"Radio Neue Musik. Montage: Hufner"},{"@type":"BreadcrumbList","@id":"https:\/\/blogs.nmz.de\/badblog\/2018\/10\/06\/neue-musik-musikfeature-soundart-die-radio-woche-vom-08-10-bis-14-10-2018\/#breadcrumb","itemListElement":[{"@type":"ListItem","position":1,"name":"Startseite","item":"https:\/\/blogs.nmz.de\/badblog\/"},{"@type":"ListItem","position":2,"name":"Neue Musik \/ Musikfeature \/ SoundArt: Die Radio-Woche vom 08.10. bis 14.10.2018"}]},{"@type":"WebSite","@id":"https:\/\/blogs.nmz.de\/badblog\/#website","url":"https:\/\/blogs.nmz.de\/badblog\/","name":"Bad Blog Of Musick","description":"Das bedeutendste Blog zur zeitgen\u00f6ssischen Musikkultur","publisher":{"@id":"https:\/\/blogs.nmz.de\/badblog\/#organization"},"potentialAction":[{"@type":"SearchAction","target":{"@type":"EntryPoint","urlTemplate":"https:\/\/blogs.nmz.de\/badblog\/?s={search_term_string}"},"query-input":{"@type":"PropertyValueSpecification","valueRequired":true,"valueName":"search_term_string"}}],"inLanguage":"de"},{"@type":"Organization","@id":"https:\/\/blogs.nmz.de\/badblog\/#organization","name":"neue musikzeitung | Bad Blog Of Musick","url":"https:\/\/blogs.nmz.de\/badblog\/","logo":{"@type":"ImageObject","inLanguage":"de","@id":"https:\/\/blogs.nmz.de\/badblog\/#\/schema\/logo\/image\/","url":"https:\/\/i0.wp.com\/blogs.nmz.de\/badblog\/files\/2016\/10\/badblog-logo1.png?fit=512%2C512&ssl=1","contentUrl":"https:\/\/i0.wp.com\/blogs.nmz.de\/badblog\/files\/2016\/10\/badblog-logo1.png?fit=512%2C512&ssl=1","width":512,"height":512,"caption":"neue musikzeitung | Bad Blog Of Musick"},"image":{"@id":"https:\/\/blogs.nmz.de\/badblog\/#\/schema\/logo\/image\/"},"sameAs":["https:\/\/www.facebook.com\/musikzeitung","https:\/\/x.com\/musikzeitung"]},{"@type":"Person","@id":"https:\/\/blogs.nmz.de\/badblog\/#\/schema\/person\/488a80049cf0bbc4cce99951ae91c3b9","name":"Martin Hufner","description":"seit 1997 chef\u00f6konom der kritischen masse und netzbabysitter der nmz.","sameAs":["https:\/\/www.musikkritik.org","http:\/\/www.facebook.com\/hufner","https:\/\/www.linkedin.com\/profile\/view?id=48050869&trk=spm_pic","https:\/\/x.com\/huflaikhan"],"url":"https:\/\/blogs.nmz.de\/badblog\/author\/admin\/"}]}},"wp-worthy-pixel":{"ignored":false,"public":null,"server":null,"url":null},"wp-worthy-type":"normal","jetpack_featured_media_url":"https:\/\/i0.wp.com\/blogs.nmz.de\/badblog\/files\/2017\/02\/huf-np-radio-musik-final.jpg?fit=2048%2C1536&ssl=1","jetpack-related-posts":[],"jetpack_sharing_enabled":true,"_links":{"self":[{"href":"https:\/\/blogs.nmz.de\/badblog\/wp-json\/wp\/v2\/posts\/18129","targetHints":{"allow":["GET"]}}],"collection":[{"href":"https:\/\/blogs.nmz.de\/badblog\/wp-json\/wp\/v2\/posts"}],"about":[{"href":"https:\/\/blogs.nmz.de\/badblog\/wp-json\/wp\/v2\/types\/post"}],"author":[{"embeddable":true,"href":"https:\/\/blogs.nmz.de\/badblog\/wp-json\/wp\/v2\/users\/1"}],"replies":[{"embeddable":true,"href":"https:\/\/blogs.nmz.de\/badblog\/wp-json\/wp\/v2\/comments?post=18129"}],"version-history":[{"count":1,"href":"https:\/\/blogs.nmz.de\/badblog\/wp-json\/wp\/v2\/posts\/18129\/revisions"}],"predecessor-version":[{"id":18130,"href":"https:\/\/blogs.nmz.de\/badblog\/wp-json\/wp\/v2\/posts\/18129\/revisions\/18130"}],"wp:featuredmedia":[{"embeddable":true,"href":"https:\/\/blogs.nmz.de\/badblog\/wp-json\/wp\/v2\/media\/14800"}],"wp:attachment":[{"href":"https:\/\/blogs.nmz.de\/badblog\/wp-json\/wp\/v2\/media?parent=18129"}],"wp:term":[{"taxonomy":"category","embeddable":true,"href":"https:\/\/blogs.nmz.de\/badblog\/wp-json\/wp\/v2\/categories?post=18129"},{"taxonomy":"post_tag","embeddable":true,"href":"https:\/\/blogs.nmz.de\/badblog\/wp-json\/wp\/v2\/tags?post=18129"}],"curies":[{"name":"wp","href":"https:\/\/api.w.org\/{rel}","templated":true}]}}