{"id":11414,"date":"2015-01-10T15:44:58","date_gmt":"2015-01-10T14:44:58","guid":{"rendered":"http:\/\/blogs.nmz.de\/badblog\/?p=11414"},"modified":"2015-01-10T17:46:29","modified_gmt":"2015-01-10T16:46:29","slug":"schlechte-stimmung-im-konzertsaal-v","status":"publish","type":"post","link":"https:\/\/blogs.nmz.de\/badblog\/2015\/01\/10\/schlechte-stimmung-im-konzertsaal-v\/","title":{"rendered":"Schlechte Stimmung im Konzertsaal (V)"},"content":{"rendered":"<p><strong>Die sieben letzten Thesen zum musikalischen Kulturpessimismus<\/strong><\/p>\n<p>Vor einigen Monaten schlug mir ein Kollege vor, einen Artikel &#252;ber das menschliche Miteinander bei klassischen Konzerten, die vermeintlich verkrampfte und unfreundliche Atmosph&#228;re in den Konzerts&#228;len dieser Welt zu schreiben. Ich empfand es so wie er: Mit meiner Vorfreude vor vielversprechenden klassischen Konzerten scheine ich &#8211; das zeigt das Schweifen &#252;ber die Gesichter meiner Sitznachbarn &#8211; h&#228;ufig alleine zu sein. Inzwischen kommt mir manchmal der Gedanke, ob das &#252;berhaupt so stimmt. Ob tats&#228;chlich haupts&#228;chlich griesgr&#228;mige Menschen in klassische Konzerte gehen. Oder wenn sie schon nicht griesgr&#228;mig sind: Warum schauen sie mich dann vor dem Vorspiel zu &#8222;Tristan&#8220; so trist an? Ja, tun sie das denn? Hat es schlichtweg mit der Konzentration zu tun, die klassische Musik &#8211; angeblich &#8211; verlangt? Oder gar mit dem &#8222;unter-sich-Sein&#8220; &#228;lterer Herrschaften, die j&#252;ngeren Menschen m&#246;glicherweise grunds&#228;tzlich skeptisch begegnen? Ich wei&#223; es nicht. Und vielleicht bringt es auch gar nichts, diese Fragen in den Raum und diese Thesen &#8211; in bisher vier Folgen: <a href=\"https:\/\/blogs.nmz.de\/badblog\/2014\/12\/20\/schlechte-stimmung-im-konzertsaal-i\/\">I<\/a>, <a href=\"https:\/\/blogs.nmz.de\/badblog\/2014\/12\/28\/schlechte-stimmung-im-konzertsaal-ii\/\">II<\/a>, <a href=\"https:\/\/blogs.nmz.de\/badblog\/2014\/12\/31\/schlechte-stimmung-im-konzertsaal-iii\/\">III<\/a>, <a href=\"https:\/\/blogs.nmz.de\/badblog\/2015\/01\/10\/schlechte-stimmung-im-konzertsaal-iv\/\">IV<\/a> &#8211; hier aufzustellen.<\/p>\n<p><strong>These 6: B&#246;ser Kapitalismus und Kennertum<\/strong><br \/>\nMeine Facebook-Umfrage zu dem Thema erbrachte auch die Unterstellung, der b&#246;se Kapitalismus sei Schuld an den stimmungslosen Gesichtern der Zuh&#246;rer im Klassikkonzert. Je teurer das Parfum, desto eher k&#246;nne man sich Griesgr&#228;migkeit leisten. Ja, es ist der Kapitalismus! Wer Geld hat, hat Langeweile. Zudem muss sich der Geldb&#252;rger gefallen lassen, mit jungen und quasi mittellosen Menschen das Parkett zu teilen. Das kann nicht gutgehen. Wohlhabende Menschen wollen unter sich bleiben und sich nicht mit dem P&#246;bel abgeben. Zumal, wenn sich der P&#246;bel doch tats&#228;chlich auf die erklingende Musik freut! Sakrileg! Teilen ist nicht. Klassische Musik geh&#246;rt dem Gro&#223;b&#252;rgertum \u2013 und das darf bestimmen, wie unerfreut man dreinschauen darf! Hinzu kommt die gnadenlose Kompetenz des Gro&#223;b&#252;rger- und Bildungsb&#252;rgertums. Wer zwischen den S&#228;tzen eines Solo-Konzerts oder einer Sinfonie applaudiert, kennt die langweiligen Rituale des Abonennementabends nicht und geh&#246;rt anschlie&#223;end im Foyer gesteinigt (dann meinetwegen auch mit DJ&#8230;). Da helfen keine b&#246;sen Blicke, da m&#252;ssen Taten folgen!<\/p>\n<p><strong>These 7: Die Senioren als Hauptverursacher<\/strong><br \/>\nZentrale Schuld tragen jedoch die Alten, die Senioren, die langj&#228;hrigen Philharmonieabonnenten. Sie sind nicht nur mehr oder weniger wohlhabend, sondern sie sind alt. Sehr sehr alt. Alte Menschen sind schwach, krank, schlafen schlecht, au&#223;er im Konzertsaal \u2013 und wer w&#252;rde ihnen ver&#252;beln, dass sie diese schlechte Grundstimmung im Konzert verbreiten? Junge Menschen haben schlie&#223;lich kein wirkliches Interesse an Mozart, Beethoven und Bruckner. Man muss sich fragen, warum J&#252;ngere &#252;berhaupt noch ab und zu in klassischen Konzerten anzutreffen sind. Klassische Musik geh&#246;rt den Senioren. Diese sterben aus \u2013 siehe die Dinosaurier-These weiter oben \u2013 und schauen dementsprechend. Junge Gesichter, in denen sich Vorfreude auf eine Sinfonie abzeichnet, sind unerw&#252;nscht. So weit kommt es noch, dass uns langj&#228;hrigen Abonnenten jemand die Musik, die wir so hassen wie uns selbst, wegnimmt! Ja, wir sterben! Lasst uns also Brahms und Tschaikowski auch sterben lassen! Endg&#252;ltig!<\/p>\n<p><strong>Allerdings<\/strong><br \/>\nIst nat&#252;rlich alles anders. Beispiel: Das liebe Adorno-Bashing. Ich kann es nicht mehr h&#246;ren. Wenn man mal sich anschickte, Adorno wirklich zu lesen \u2026 Adorno liebte Musik \u2013 wie ein Kind! In seiner &#8222;&#196;sthetischen Theorie&#8220; schreibt er: &#8222;Tats&#228;chlich werden Kunstwerke desto weniger genossen, je mehr einer davon versteht.&#8220; Andererseits \u2013 und Adorno war wirklich gut darin, sich selbst, auch unabsichtlich, zu widersprechen \u2013 hei&#223;t es wenige S&#228;tze sp&#228;ter: &#8222;Fragt man einen Musiker, ob ihm die Musik Freude bereite, so wird er eher, wie in dem amerikanischen Witz vom grimassierenden Cellisten unter Toscanini: &#8218;I just hate music!&#8216;, sagen. Wer jene genuine Beziehung zur Kunst hat, in der er selber erlischt, dem ist sie nicht Objekt; unertr&#228;glich w&#228;re ihm der Entzug von Kunst, nicht sind ihm deren einzelne &#196;u&#223;erungen eine Lustquelle.&#8220; Aber da geht es dann ja wieder um den Lustgewinn eines <em>Profis<\/em>. Wir reden hier von der Seite des <em>H&#246;rers<\/em>, dem Philharmonie-Besucher, egal, ob er Profi ist oder Musikliebhaber: Beides ist laut Adorno nicht vereinbar. Was nicht stimmen muss. Adorno hat mal wieder eine Negativ-Definition &#252;brig: Der Musiker hasst Musik, aber ohne sie w&#228;re er ein Nichts. Auf menschliche Beziehungen &#252;bertragen: &#8222;Inzwischen gehst du mir geh&#246;rig auf den Zeiger, aber wenn du pl&#246;tzlich weg w&#228;rst, w&#252;sste ich nicht, wie ich weiterleben sollte!&#8220; Sch&#246;n ist das nicht. Ja, vielleicht hat Adorno ein wenig Schuld. Aber er konnte nicht anders. Verzeihen wir ihm. Dieser Mann hat viel Kluges geschrieben.<\/p>\n<p>Und um es f&#252;r diejenigen zu sagen, die das Mittel der &#220;berzeichnung nicht kennen und entsprechend kommentiert haben: Einer Bruckner-Sinfonie sollte man selbstverst&#228;ndlich frohen Mutes und mit entsprechend mildem L&#228;cheln entgegensehen; sie bildet, &#228;hnlich wie bei Mahler, nur in v&#246;llig anderem Tonfall, das ganze Leben ab; spendet klingende S&#252;&#223;igkeiten dem lechzenden, von den B&#252;rokratien der vergangenen Arbeitswoche getrockneten Menschenmund; zeichnet die tiefen emotionalen T&#228;ler humaner Existenzen zwar nach, doch tr&#246;stet gleichsam durch warmes Posaunenklangkupfer \u2013 und f&#252;hrt immer zu einem vers&#246;hnlichen guten M&#228;rchenende. Dabei ist es nicht schlimm, wenn man w&#228;hrend eines langsamen Bruckner-Satzes einmal wegschlummert. Die Musik h&#228;lt das aus \u2013 und unterschwellig h&#246;rt das Ohr mit. Es gibt Zwischenzust&#228;nde von Wachen und Schlafen im Konzertsaal, die f&#252;rderhin nichts mit Ignoranz, sondern mit einer ganz eigenen, sehr tiefen Wahrnehmungsform zu tun haben. Nur sollte man trainieren, nicht richtig einzuschlafen. Nichts ist schlimmer als Schnauf- und Schnarchlaute im Konzert.<br \/>\nMissmutige Stimmung vor der Auff&#252;hrung einer Bruckner-Sinfonie ist also kein absolutes \u201emust have\u201c, sondern ein durch Undankbarkeit und falschen Luxus sich ritualisiert habendes Verhalten, das wir eigentlich nicht n&#246;tig haben sollten.<\/p>\n<p>Und nehmen wir es mit den vermeintlichen &#8222;Anstrengungen der stillen Kontemplation klassischer Musik&#8220; mal bitte nicht so eng. Menschen von hohem Intellekt, wie der Autor dieses Textes, gehen planvoll vor \u2013 und vorher ins Fitnessstudio, ins Restaurant und auf das WC. Eine gute Idee. Und hier ganz kostenfrei, speziell f&#252;r Sie notiert. Versuchen Sie es! Ihre Laune und m&#246;glicherweise infolgedessen ihre Mimik vor und w&#228;hrend des Konzerts werden sich zum Positiven ver&#228;ndern. Allerdings, kleiner Bremser: Aus Sport und Nahrungsaufnahme kann M&#252;digkeit resultieren. Aber dazu, siehe oben: &#8222;Schlafen bei Bruckner&#8220;.<\/p>\n<p>In Wahrheit wird klassische Musik immer existieren \u2013 und solange es Menschen gibt, wird es Menschen geben, die klassische Musik machen und h&#246;ren. Klassische Musik ist sch&#246;n. Sinfonik und Oper braucht \u2013 im Gegensatz zur Popmusik \u2013 keine elektronische Verst&#228;rkung. Es ist der authentische Sound des Orchesters, die unverst&#228;rkte Kraft des Heldentenors, auf die wir stolz sein sollten. Klassische Musiker sind die wahren K&#246;nner. Nur leiden wir Klassikmenschen unter einem Dauerkomplex und prophezeien st&#228;ndig unser eigenes Verschwinden. Und wir brauchen unsere Senioren! Alte Menschen sind weise, entspannt und liebenswert. Alte Menschen sterben niemals aus. Sie wird es immer geben, sie sind die Basis unserer Musikkultur hierzulande.<\/p>\n<p>Ja, mit klassischer Musik kann man sich unendlich lange befassen. Niemand versperrt jedoch den Zugang zu ihr. Junge Menschen wollen h&#228;ufig einfach nicht in ein klassisches Konzert. Da helfen keine Vermittlungsprojekte. Wer nicht will, der will nicht. Ja, lasst uns diverse H&#252;rden abbauen \u2013 aber lasst uns dabei nichts kleinreden und so tun, als br&#228;uchten wir nach jedem Sinfoniekonzert einen DJ, der uns wenigstens ein bisschen hipper macht. Wir sind hip genug. Und werden es immer sein. Ewiglich, immerdar!<\/p>\n<p>Sehr wohl, klassische Musik ist anstrengend. Aber die Anstrengung lohnt sich \u2013 siehe Holger Noltzes Buch von der &#8222;Leichtigkeitsl&#252;ge&#8220;. Klassische Musik ist unendlich reich, in ihr steckt das ganze Leben. Lasst uns neu in klassische Musik verlieben, lasst uns in die Menschen verlieben, die wir im klassischen Konzert neben uns sitzen haben. Keine Musik transportiert amour&#246;se Emotionen besser als Musik ohne Worte. Klassische Musik ist Musik der Gedankenfreiheit \u2013 in ihr hat alles Platz. Lasst uns mehr freuen! Lasst uns fr&#246;hliche Gesichter machen! Ab jetzt. Sofort, unverz&#252;glich.<\/p>\n<p><img loading=\"lazy\" decoding=\"async\" src=\"http:\/\/vg01.met.vgwort.de\/na\/e71fb8a0010b4cac8429b59c24abb3c4\" width=\"1\" height=\"1\" alt=\"\" \/><\/p>\n<div class=\"shariff shariff-align-left shariff-widget-align-left\" style=\"display:none\"><div class=\"ShariffHeadline\"> <\/div><ul class=\"shariff-buttons theme-default orientation-horizontal buttonsize-small\"><li class=\"shariff-button mastodon shariff-nocustomcolor\" style=\"background-color:#563ACC\"><a href=\"https:\/\/s2f.kytta.dev\/?text=Schlechte%20Stimmung%20im%20Konzertsaal%20%28V%29 https%3A%2F%2Fblogs.nmz.de%2Fbadblog%2F2015%2F01%2F10%2Fschlechte-stimmung-im-konzertsaal-v%2F\" title=\"Bei Mastodon teilen\" aria-label=\"Bei Mastodon teilen\" role=\"button\" rel=\"noopener nofollow\" class=\"shariff-link\" style=\"; background-color:#6364FF; color:#fff\" target=\"_blank\"><span class=\"shariff-icon\" style=\"\"><svg width=\"75\" height=\"79\" viewBox=\"0 0 75 79\" fill=\"none\" xmlns=\"http:\/\/www.w3.org\/2000\/svg\"><path d=\"M37.813-.025C32.462-.058 27.114.13 21.79.598c-8.544.621-17.214 5.58-20.203 13.931C-1.12 23.318.408 32.622.465 41.65c.375 7.316.943 14.78 3.392 21.73 4.365 9.465 14.781 14.537 24.782 15.385 7.64.698 15.761-.213 22.517-4.026a54.1 54.1 0 0 0 .01-6.232c-6.855 1.316-14.101 2.609-21.049 1.074-3.883-.88-6.876-4.237-7.25-8.215-1.53-3.988 3.78-.43 5.584-.883 9.048 1.224 18.282.776 27.303-.462 7.044-.837 14.26-4.788 16.65-11.833 2.263-6.135 1.215-12.79 1.698-19.177.06-3.84.09-7.692-.262-11.52C72.596 7.844 63.223.981 53.834.684a219.453 219.453 0 0 0-16.022-.71zm11.294 12.882c5.5-.067 10.801 4.143 11.67 9.653.338 1.48.471 3 .471 4.515v21.088h-8.357c-.07-7.588.153-15.182-.131-22.765-.587-4.368-7.04-5.747-9.672-2.397-2.422 3.04-1.47 7.155-1.67 10.735v6.392h-8.307c-.146-4.996.359-10.045-.404-15.002-1.108-4.218-7.809-5.565-10.094-1.666-1.685 3.046-.712 6.634-.976 9.936v14.767h-8.354c.109-8.165-.238-16.344.215-24.5.674-5.346 5.095-10.389 10.676-10.627 4.902-.739 10.103 2.038 12.053 6.631.375 1.435 1.76 1.932 1.994.084 1.844-3.704 5.501-6.739 9.785-6.771.367-.044.735-.068 1.101-.073z\"\/><defs><linearGradient id=\"paint0_linear_549_34\" x1=\"37.0692\" y1=\"0\" x2=\"37.0692\" y2=\"79\" gradientUnits=\"userSpaceOnUse\"><stop stop-color=\"#6364FF\"\/><stop offset=\"1\" stop-color=\"#563ACC\"\/><\/linearGradient><\/defs><\/svg><\/span><span class=\"shariff-text\">teilen<\/span>&nbsp;<\/a><\/li><li class=\"shariff-button bluesky shariff-nocustomcolor\" style=\"background-color:#84c4ff\"><a href=\"https:\/\/bsky.app\/intent\/compose?text=Schlechte%20Stimmung%20im%20Konzertsaal%20%28V%29 https%3A%2F%2Fblogs.nmz.de%2Fbadblog%2F2015%2F01%2F10%2Fschlechte-stimmung-im-konzertsaal-v%2F \" title=\"Bei Bluesky teilen\" aria-label=\"Bei Bluesky teilen\" role=\"button\" rel=\"noopener nofollow\" class=\"shariff-link\" style=\"; background-color:#0085ff; color:#fff\" target=\"_blank\"><span class=\"shariff-icon\" style=\"\"><svg width=\"20\" height=\"20\" version=\"1.1\" xmlns=\"http:\/\/www.w3.org\/2000\/svg\" viewBox=\"0 0 20 20\"><path class=\"st0\" d=\"M4.89,3.12c2.07,1.55,4.3,4.71,5.11,6.4.82-1.69,3.04-4.84,5.11-6.4,1.49-1.12,3.91-1.99,3.91.77,0,.55-.32,4.63-.5,5.3-.64,2.3-2.99,2.89-5.08,2.54,3.65.62,4.58,2.68,2.57,4.74-3.81,3.91-5.48-.98-5.9-2.23-.08-.23-.11-.34-.12-.25,0-.09-.04.02-.12.25-.43,1.25-2.09,6.14-5.9,2.23-2.01-2.06-1.08-4.12,2.57-4.74-2.09.36-4.44-.23-5.08-2.54-.19-.66-.5-4.74-.5-5.3,0-2.76,2.42-1.89,3.91-.77h0Z\"\/><\/svg><\/span><span class=\"shariff-text\">teilen<\/span>&nbsp;<\/a><\/li><li class=\"shariff-button facebook shariff-nocustomcolor\" style=\"background-color:#4273c8\"><a href=\"https:\/\/www.facebook.com\/sharer\/sharer.php?u=https%3A%2F%2Fblogs.nmz.de%2Fbadblog%2F2015%2F01%2F10%2Fschlechte-stimmung-im-konzertsaal-v%2F\" title=\"Bei Facebook teilen\" aria-label=\"Bei Facebook teilen\" role=\"button\" rel=\"nofollow\" class=\"shariff-link\" style=\"; background-color:#3b5998; color:#fff\" target=\"_blank\"><span class=\"shariff-icon\" style=\"\"><svg width=\"32px\" height=\"20px\" xmlns=\"http:\/\/www.w3.org\/2000\/svg\" viewBox=\"0 0 18 32\"><path fill=\"#3b5998\" d=\"M17.1 0.2v4.7h-2.8q-1.5 0-2.1 0.6t-0.5 1.9v3.4h5.2l-0.7 5.3h-4.5v13.6h-5.5v-13.6h-4.5v-5.3h4.5v-3.9q0-3.3 1.9-5.2t5-1.8q2.6 0 4.1 0.2z\"\/><\/svg><\/span><span class=\"shariff-text\">teilen<\/span>&nbsp;<\/a><\/li><li class=\"shariff-button threema shariff-nocustomcolor shariff-mobile\" style=\"background-color:#4fbc24\"><a href=\"threema:\/\/compose?text=Schlechte%20Stimmung%20im%20Konzertsaal%20%28V%29%20https%3A%2F%2Fblogs.nmz.de%2Fbadblog%2F2015%2F01%2F10%2Fschlechte-stimmung-im-konzertsaal-v%2F\" title=\"Bei Threema teilen\" aria-label=\"Bei Threema teilen\" role=\"button\" rel=\"noopener nofollow\" class=\"shariff-link\" style=\"; background-color:#1f1f1f; color:#fff\" target=\"_blank\"><span class=\"shariff-icon\" style=\"\"><svg width=\"32px\" height=\"20px\" xmlns=\"http:\/\/www.w3.org\/2000\/svg\" viewBox=\"0 0 32 32\"><path fill=\"#1f1f1f\" d=\"M30.8 10.9c-0.3-1.4-0.9-2.6-1.8-3.8-2-2.6-5.5-4.5-9.4-5.2-1.3-0.2-1.9-0.3-3.5-0.3s-2.2 0-3.5 0.3c-4 0.7-7.4 2.6-9.4 5.2-0.9 1.2-1.5 2.4-1.8 3.8-0.1 0.5-0.2 1.2-0.2 1.6 0 0.4 0.1 1.1 0.2 1.6 0.4 1.9 1.3 3.4 2.9 5 0.8 0.8 0.8 0.8 0.7 1.3 0 0.6-0.5 1.6-1.7 3.6-0.3 0.5-0.5 0.9-0.5 0.9 0 0.1 0.1 0.1 0.5 0 0.8-0.2 2.3-0.6 5.6-1.6 1.1-0.3 1.3-0.4 2.3-0.4 0.8 0 1.1 0 2.3 0.2 1.5 0.2 3.5 0.2 4.9 0 5.1-0.6 9.3-2.9 11.4-6.3 0.5-0.9 0.9-1.8 1.1-2.8 0.1-0.5 0.2-1.1 0.2-1.6 0-0.7-0.1-1.1-0.2-1.6-0.3-1.4 0.1 0.5 0 0zM20.6 17.3c0 0.4-0.4 0.8-0.8 0.8h-7.7c-0.4 0-0.8-0.4-0.8-0.8v-4.6c0-0.4 0.4-0.8 0.8-0.8h0.2l0-1.6c0-0.9 0-1.8 0.1-2 0.1-0.6 0.6-1.2 1.1-1.7s1.1-0.7 1.9-0.8c1.8-0.3 3.7 0.7 4.2 2.2 0.1 0.3 0.1 0.7 0.1 2.1v0 1.7h0.1c0.4 0 0.8 0.4 0.8 0.8v4.6zM15.6 7.3c-0.5 0.1-0.8 0.3-1.2 0.6s-0.6 0.8-0.7 1.3c0 0.2 0 0.8 0 1.5l0 1.2h4.6v-1.3c0-1 0-1.4-0.1-1.6-0.3-1.1-1.5-1.9-2.6-1.7zM25.8 28.2c0 1.2-1 2.2-2.1 2.2s-2.1-1-2.1-2.1c0-1.2 1-2.1 2.2-2.1s2.2 1 2.2 2.2zM18.1 28.2c0 1.2-1 2.2-2.1 2.2s-2.1-1-2.1-2.1c0-1.2 1-2.1 2.2-2.1s2.2 1 2.2 2.2zM10.4 28.2c0 1.2-1 2.2-2.1 2.2s-2.1-1-2.1-2.1c0-1.2 1-2.1 2.2-2.1s2.2 1 2.2 2.2z\"\/><\/svg><\/span><span class=\"shariff-text\">teilen<\/span>&nbsp;<\/a><\/li><li class=\"shariff-button linkedin shariff-nocustomcolor\" style=\"background-color:#1488bf\"><a href=\"https:\/\/www.linkedin.com\/sharing\/share-offsite\/?url=https%3A%2F%2Fblogs.nmz.de%2Fbadblog%2F2015%2F01%2F10%2Fschlechte-stimmung-im-konzertsaal-v%2F\" title=\"Bei LinkedIn teilen\" aria-label=\"Bei LinkedIn teilen\" role=\"button\" rel=\"noopener nofollow\" class=\"shariff-link\" style=\"; background-color:#0077b5; color:#fff\" target=\"_blank\"><span class=\"shariff-icon\" style=\"\"><svg width=\"32px\" height=\"20px\" xmlns=\"http:\/\/www.w3.org\/2000\/svg\" viewBox=\"0 0 27 32\"><path fill=\"#0077b5\" d=\"M6.2 11.2v17.7h-5.9v-17.7h5.9zM6.6 5.7q0 1.3-0.9 2.2t-2.4 0.9h0q-1.5 0-2.4-0.9t-0.9-2.2 0.9-2.2 2.4-0.9 2.4 0.9 0.9 2.2zM27.4 18.7v10.1h-5.9v-9.5q0-1.9-0.7-2.9t-2.3-1.1q-1.1 0-1.9 0.6t-1.2 1.5q-0.2 0.5-0.2 1.4v9.9h-5.9q0-7.1 0-11.6t0-5.3l0-0.9h5.9v2.6h0q0.4-0.6 0.7-1t1-0.9 1.6-0.8 2-0.3q3 0 4.9 2t1.9 6z\"\/><\/svg><\/span><span class=\"shariff-text\">teilen<\/span>&nbsp;<\/a><\/li><li class=\"shariff-button info shariff-nocustomcolor\" style=\"background-color:#eee\"><a href=\"http:\/\/ct.de\/-2467514\" title=\"Weitere Informationen\" aria-label=\"Weitere Informationen\" role=\"button\" rel=\"noopener \" class=\"shariff-link\" style=\"; background-color:#fff; color:#fff\" target=\"_blank\"><span class=\"shariff-icon\" style=\"\"><svg width=\"32px\" height=\"20px\" xmlns=\"http:\/\/www.w3.org\/2000\/svg\" viewBox=\"0 0 11 32\"><path fill=\"#999\" d=\"M11.4 24v2.3q0 0.5-0.3 0.8t-0.8 0.4h-9.1q-0.5 0-0.8-0.4t-0.4-0.8v-2.3q0-0.5 0.4-0.8t0.8-0.4h1.1v-6.8h-1.1q-0.5 0-0.8-0.4t-0.4-0.8v-2.3q0-0.5 0.4-0.8t0.8-0.4h6.8q0.5 0 0.8 0.4t0.4 0.8v10.3h1.1q0.5 0 0.8 0.4t0.3 0.8zM9.2 3.4v3.4q0 0.5-0.4 0.8t-0.8 0.4h-4.6q-0.4 0-0.8-0.4t-0.4-0.8v-3.4q0-0.4 0.4-0.8t0.8-0.4h4.6q0.5 0 0.8 0.4t0.4 0.8z\"\/><\/svg><\/span><\/a><\/li><\/ul><\/div>","protected":false},"excerpt":{"rendered":"<p>Die sieben letzten Thesen zum musikalischen Kulturpessimismus Vor einigen Monaten schlug mir ein Kollege vor, einen Artikel &#252;ber das menschliche Miteinander bei klassischen Konzerten, die vermeintlich verkrampfte und unfreundliche Atmosph&#228;re in den Konzerts&#228;len dieser Welt zu schreiben. Ich empfand es so wie er: Mit meiner Vorfreude vor vielversprechenden klassischen Konzerten&#46;&#46;&#46;<\/p>\n<div class=\"shariff shariff-align-left shariff-widget-align-left\" style=\"display:none\"><div class=\"ShariffHeadline\"> <\/div><ul class=\"shariff-buttons theme-default orientation-horizontal buttonsize-small\"><li class=\"shariff-button mastodon shariff-nocustomcolor\" style=\"background-color:#563ACC\"><a href=\"https:\/\/s2f.kytta.dev\/?text=Schlechte%20Stimmung%20im%20Konzertsaal%20%28V%29 https%3A%2F%2Fblogs.nmz.de%2Fbadblog%2F2015%2F01%2F10%2Fschlechte-stimmung-im-konzertsaal-v%2F\" title=\"Bei Mastodon teilen\" aria-label=\"Bei Mastodon teilen\" role=\"button\" rel=\"noopener nofollow\" class=\"shariff-link\" style=\"; background-color:#6364FF; color:#fff\" target=\"_blank\"><span class=\"shariff-icon\" style=\"\"><svg width=\"75\" height=\"79\" viewBox=\"0 0 75 79\" fill=\"none\" xmlns=\"http:\/\/www.w3.org\/2000\/svg\"><path d=\"M37.813-.025C32.462-.058 27.114.13 21.79.598c-8.544.621-17.214 5.58-20.203 13.931C-1.12 23.318.408 32.622.465 41.65c.375 7.316.943 14.78 3.392 21.73 4.365 9.465 14.781 14.537 24.782 15.385 7.64.698 15.761-.213 22.517-4.026a54.1 54.1 0 0 0 .01-6.232c-6.855 1.316-14.101 2.609-21.049 1.074-3.883-.88-6.876-4.237-7.25-8.215-1.53-3.988 3.78-.43 5.584-.883 9.048 1.224 18.282.776 27.303-.462 7.044-.837 14.26-4.788 16.65-11.833 2.263-6.135 1.215-12.79 1.698-19.177.06-3.84.09-7.692-.262-11.52C72.596 7.844 63.223.981 53.834.684a219.453 219.453 0 0 0-16.022-.71zm11.294 12.882c5.5-.067 10.801 4.143 11.67 9.653.338 1.48.471 3 .471 4.515v21.088h-8.357c-.07-7.588.153-15.182-.131-22.765-.587-4.368-7.04-5.747-9.672-2.397-2.422 3.04-1.47 7.155-1.67 10.735v6.392h-8.307c-.146-4.996.359-10.045-.404-15.002-1.108-4.218-7.809-5.565-10.094-1.666-1.685 3.046-.712 6.634-.976 9.936v14.767h-8.354c.109-8.165-.238-16.344.215-24.5.674-5.346 5.095-10.389 10.676-10.627 4.902-.739 10.103 2.038 12.053 6.631.375 1.435 1.76 1.932 1.994.084 1.844-3.704 5.501-6.739 9.785-6.771.367-.044.735-.068 1.101-.073z\"\/><defs><linearGradient id=\"paint0_linear_549_34\" x1=\"37.0692\" y1=\"0\" x2=\"37.0692\" y2=\"79\" gradientUnits=\"userSpaceOnUse\"><stop stop-color=\"#6364FF\"\/><stop offset=\"1\" stop-color=\"#563ACC\"\/><\/linearGradient><\/defs><\/svg><\/span><span class=\"shariff-text\">teilen<\/span>&nbsp;<\/a><\/li><li class=\"shariff-button bluesky shariff-nocustomcolor\" style=\"background-color:#84c4ff\"><a href=\"https:\/\/bsky.app\/intent\/compose?text=Schlechte%20Stimmung%20im%20Konzertsaal%20%28V%29 https%3A%2F%2Fblogs.nmz.de%2Fbadblog%2F2015%2F01%2F10%2Fschlechte-stimmung-im-konzertsaal-v%2F \" title=\"Bei Bluesky teilen\" aria-label=\"Bei Bluesky teilen\" role=\"button\" rel=\"noopener nofollow\" class=\"shariff-link\" style=\"; background-color:#0085ff; color:#fff\" target=\"_blank\"><span class=\"shariff-icon\" style=\"\"><svg width=\"20\" height=\"20\" version=\"1.1\" xmlns=\"http:\/\/www.w3.org\/2000\/svg\" viewBox=\"0 0 20 20\"><path class=\"st0\" d=\"M4.89,3.12c2.07,1.55,4.3,4.71,5.11,6.4.82-1.69,3.04-4.84,5.11-6.4,1.49-1.12,3.91-1.99,3.91.77,0,.55-.32,4.63-.5,5.3-.64,2.3-2.99,2.89-5.08,2.54,3.65.62,4.58,2.68,2.57,4.74-3.81,3.91-5.48-.98-5.9-2.23-.08-.23-.11-.34-.12-.25,0-.09-.04.02-.12.25-.43,1.25-2.09,6.14-5.9,2.23-2.01-2.06-1.08-4.12,2.57-4.74-2.09.36-4.44-.23-5.08-2.54-.19-.66-.5-4.74-.5-5.3,0-2.76,2.42-1.89,3.91-.77h0Z\"\/><\/svg><\/span><span class=\"shariff-text\">teilen<\/span>&nbsp;<\/a><\/li><li class=\"shariff-button facebook shariff-nocustomcolor\" style=\"background-color:#4273c8\"><a href=\"https:\/\/www.facebook.com\/sharer\/sharer.php?u=https%3A%2F%2Fblogs.nmz.de%2Fbadblog%2F2015%2F01%2F10%2Fschlechte-stimmung-im-konzertsaal-v%2F\" title=\"Bei Facebook teilen\" aria-label=\"Bei Facebook teilen\" role=\"button\" rel=\"nofollow\" class=\"shariff-link\" style=\"; background-color:#3b5998; color:#fff\" target=\"_blank\"><span class=\"shariff-icon\" style=\"\"><svg width=\"32px\" height=\"20px\" xmlns=\"http:\/\/www.w3.org\/2000\/svg\" viewBox=\"0 0 18 32\"><path fill=\"#3b5998\" d=\"M17.1 0.2v4.7h-2.8q-1.5 0-2.1 0.6t-0.5 1.9v3.4h5.2l-0.7 5.3h-4.5v13.6h-5.5v-13.6h-4.5v-5.3h4.5v-3.9q0-3.3 1.9-5.2t5-1.8q2.6 0 4.1 0.2z\"\/><\/svg><\/span><span class=\"shariff-text\">teilen<\/span>&nbsp;<\/a><\/li><li class=\"shariff-button threema shariff-nocustomcolor shariff-mobile\" style=\"background-color:#4fbc24\"><a href=\"threema:\/\/compose?text=Schlechte%20Stimmung%20im%20Konzertsaal%20%28V%29%20https%3A%2F%2Fblogs.nmz.de%2Fbadblog%2F2015%2F01%2F10%2Fschlechte-stimmung-im-konzertsaal-v%2F\" title=\"Bei Threema teilen\" aria-label=\"Bei Threema teilen\" role=\"button\" rel=\"noopener nofollow\" class=\"shariff-link\" style=\"; background-color:#1f1f1f; color:#fff\" target=\"_blank\"><span class=\"shariff-icon\" style=\"\"><svg width=\"32px\" height=\"20px\" xmlns=\"http:\/\/www.w3.org\/2000\/svg\" viewBox=\"0 0 32 32\"><path fill=\"#1f1f1f\" d=\"M30.8 10.9c-0.3-1.4-0.9-2.6-1.8-3.8-2-2.6-5.5-4.5-9.4-5.2-1.3-0.2-1.9-0.3-3.5-0.3s-2.2 0-3.5 0.3c-4 0.7-7.4 2.6-9.4 5.2-0.9 1.2-1.5 2.4-1.8 3.8-0.1 0.5-0.2 1.2-0.2 1.6 0 0.4 0.1 1.1 0.2 1.6 0.4 1.9 1.3 3.4 2.9 5 0.8 0.8 0.8 0.8 0.7 1.3 0 0.6-0.5 1.6-1.7 3.6-0.3 0.5-0.5 0.9-0.5 0.9 0 0.1 0.1 0.1 0.5 0 0.8-0.2 2.3-0.6 5.6-1.6 1.1-0.3 1.3-0.4 2.3-0.4 0.8 0 1.1 0 2.3 0.2 1.5 0.2 3.5 0.2 4.9 0 5.1-0.6 9.3-2.9 11.4-6.3 0.5-0.9 0.9-1.8 1.1-2.8 0.1-0.5 0.2-1.1 0.2-1.6 0-0.7-0.1-1.1-0.2-1.6-0.3-1.4 0.1 0.5 0 0zM20.6 17.3c0 0.4-0.4 0.8-0.8 0.8h-7.7c-0.4 0-0.8-0.4-0.8-0.8v-4.6c0-0.4 0.4-0.8 0.8-0.8h0.2l0-1.6c0-0.9 0-1.8 0.1-2 0.1-0.6 0.6-1.2 1.1-1.7s1.1-0.7 1.9-0.8c1.8-0.3 3.7 0.7 4.2 2.2 0.1 0.3 0.1 0.7 0.1 2.1v0 1.7h0.1c0.4 0 0.8 0.4 0.8 0.8v4.6zM15.6 7.3c-0.5 0.1-0.8 0.3-1.2 0.6s-0.6 0.8-0.7 1.3c0 0.2 0 0.8 0 1.5l0 1.2h4.6v-1.3c0-1 0-1.4-0.1-1.6-0.3-1.1-1.5-1.9-2.6-1.7zM25.8 28.2c0 1.2-1 2.2-2.1 2.2s-2.1-1-2.1-2.1c0-1.2 1-2.1 2.2-2.1s2.2 1 2.2 2.2zM18.1 28.2c0 1.2-1 2.2-2.1 2.2s-2.1-1-2.1-2.1c0-1.2 1-2.1 2.2-2.1s2.2 1 2.2 2.2zM10.4 28.2c0 1.2-1 2.2-2.1 2.2s-2.1-1-2.1-2.1c0-1.2 1-2.1 2.2-2.1s2.2 1 2.2 2.2z\"\/><\/svg><\/span><span class=\"shariff-text\">teilen<\/span>&nbsp;<\/a><\/li><li class=\"shariff-button linkedin shariff-nocustomcolor\" style=\"background-color:#1488bf\"><a href=\"https:\/\/www.linkedin.com\/sharing\/share-offsite\/?url=https%3A%2F%2Fblogs.nmz.de%2Fbadblog%2F2015%2F01%2F10%2Fschlechte-stimmung-im-konzertsaal-v%2F\" title=\"Bei LinkedIn teilen\" aria-label=\"Bei LinkedIn teilen\" role=\"button\" rel=\"noopener nofollow\" class=\"shariff-link\" style=\"; background-color:#0077b5; color:#fff\" target=\"_blank\"><span class=\"shariff-icon\" style=\"\"><svg width=\"32px\" height=\"20px\" xmlns=\"http:\/\/www.w3.org\/2000\/svg\" viewBox=\"0 0 27 32\"><path fill=\"#0077b5\" d=\"M6.2 11.2v17.7h-5.9v-17.7h5.9zM6.6 5.7q0 1.3-0.9 2.2t-2.4 0.9h0q-1.5 0-2.4-0.9t-0.9-2.2 0.9-2.2 2.4-0.9 2.4 0.9 0.9 2.2zM27.4 18.7v10.1h-5.9v-9.5q0-1.9-0.7-2.9t-2.3-1.1q-1.1 0-1.9 0.6t-1.2 1.5q-0.2 0.5-0.2 1.4v9.9h-5.9q0-7.1 0-11.6t0-5.3l0-0.9h5.9v2.6h0q0.4-0.6 0.7-1t1-0.9 1.6-0.8 2-0.3q3 0 4.9 2t1.9 6z\"\/><\/svg><\/span><span class=\"shariff-text\">teilen<\/span>&nbsp;<\/a><\/li><li class=\"shariff-button info shariff-nocustomcolor\" style=\"background-color:#eee\"><a href=\"http:\/\/ct.de\/-2467514\" title=\"Weitere Informationen\" aria-label=\"Weitere Informationen\" role=\"button\" rel=\"noopener \" class=\"shariff-link\" style=\"; background-color:#fff; color:#fff\" target=\"_blank\"><span class=\"shariff-icon\" style=\"\"><svg width=\"32px\" height=\"20px\" xmlns=\"http:\/\/www.w3.org\/2000\/svg\" viewBox=\"0 0 11 32\"><path fill=\"#999\" d=\"M11.4 24v2.3q0 0.5-0.3 0.8t-0.8 0.4h-9.1q-0.5 0-0.8-0.4t-0.4-0.8v-2.3q0-0.5 0.4-0.8t0.8-0.4h1.1v-6.8h-1.1q-0.5 0-0.8-0.4t-0.4-0.8v-2.3q0-0.5 0.4-0.8t0.8-0.4h6.8q0.5 0 0.8 0.4t0.4 0.8v10.3h1.1q0.5 0 0.8 0.4t0.3 0.8zM9.2 3.4v3.4q0 0.5-0.4 0.8t-0.8 0.4h-4.6q-0.4 0-0.8-0.4t-0.4-0.8v-3.4q0-0.4 0.4-0.8t0.8-0.4h4.6q0.5 0 0.8 0.4t0.4 0.8z\"\/><\/svg><\/span><\/a><\/li><\/ul><\/div>","protected":false},"author":4,"featured_media":0,"comment_status":"open","ping_status":"open","sticky":false,"template":"","format":"standard","meta":{"jetpack_post_was_ever_published":false,"_jetpack_newsletter_access":"","_jetpack_dont_email_post_to_subs":false,"_jetpack_newsletter_tier_id":0,"_jetpack_memberships_contains_paywalled_content":false,"_jetpack_memberships_contains_paid_content":false,"footnotes":""},"categories":[14657],"tags":[801,462,12237],"class_list":["post-11414","post","type-post","status-publish","format-standard","hentry","category-nicht-kategorisiert","tag-facebook","tag-konzert","tag-kulturpessimismus"],"yoast_head":"<!-- This site is optimized with the Yoast SEO plugin v27.5 - https:\/\/yoast.com\/product\/yoast-seo-wordpress\/ -->\n<title>Schlechte Stimmung im Konzertsaal (V) &#8211; Bad Blog Of Musick - nmz Klassik-Blog<\/title>\n<meta name=\"description\" content=\"Bad Blog Of Musick \u2013 Ein Klassik-Blog und das wahrscheinlich bedeutendste Musik-Blog zur zeitgen\u00f6ssischen und klassischen Musikkultur\" \/>\n<meta name=\"robots\" content=\"index, follow, max-snippet:-1, max-image-preview:large, max-video-preview:-1\" \/>\n<link rel=\"canonical\" href=\"https:\/\/blogs.nmz.de\/badblog\/2015\/01\/10\/schlechte-stimmung-im-konzertsaal-v\/\" \/>\n<meta property=\"og:locale\" content=\"de_DE\" \/>\n<meta property=\"og:type\" content=\"article\" \/>\n<meta property=\"og:title\" content=\"Schlechte Stimmung im Konzertsaal (V) &#8211; Bad Blog Of Musick - nmz Klassik-Blog\" \/>\n<meta property=\"og:description\" content=\"Bad Blog Of Musick \u2013 Ein Klassik-Blog und das wahrscheinlich bedeutendste Musik-Blog zur zeitgen\u00f6ssischen und klassischen Musikkultur\" \/>\n<meta property=\"og:url\" content=\"https:\/\/blogs.nmz.de\/badblog\/2015\/01\/10\/schlechte-stimmung-im-konzertsaal-v\/\" \/>\n<meta property=\"og:site_name\" content=\"Bad Blog Of Musick\" \/>\n<meta property=\"article:publisher\" content=\"https:\/\/www.facebook.com\/musikzeitung\" \/>\n<meta property=\"article:published_time\" content=\"2015-01-10T14:44:58+00:00\" \/>\n<meta property=\"article:modified_time\" content=\"2015-01-10T16:46:29+00:00\" \/>\n<meta property=\"og:image\" content=\"http:\/\/vg01.met.vgwort.de\/na\/e71fb8a0010b4cac8429b59c24abb3c4\" \/>\n<meta name=\"author\" content=\"Arno L\u00fccker\" \/>\n<meta name=\"twitter:card\" content=\"summary_large_image\" \/>\n<meta name=\"twitter:creator\" content=\"@musikzeitung\" \/>\n<meta name=\"twitter:site\" content=\"@musikzeitung\" \/>\n<meta name=\"twitter:label1\" content=\"Verfasst von\" \/>\n\t<meta name=\"twitter:data1\" content=\"Arno L\u00fccker\" \/>\n\t<meta name=\"twitter:label2\" content=\"Gesch\u00e4tzte Lesezeit\" \/>\n\t<meta name=\"twitter:data2\" content=\"7\u00a0Minuten\" \/>\n<script type=\"application\/ld+json\" class=\"yoast-schema-graph\">{\"@context\":\"https:\\\/\\\/schema.org\",\"@graph\":[{\"@type\":\"Article\",\"@id\":\"https:\\\/\\\/blogs.nmz.de\\\/badblog\\\/2015\\\/01\\\/10\\\/schlechte-stimmung-im-konzertsaal-v\\\/#article\",\"isPartOf\":{\"@id\":\"https:\\\/\\\/blogs.nmz.de\\\/badblog\\\/2015\\\/01\\\/10\\\/schlechte-stimmung-im-konzertsaal-v\\\/\"},\"author\":{\"name\":\"Arno L\u00fccker\",\"@id\":\"https:\\\/\\\/blogs.nmz.de\\\/badblog\\\/#\\\/schema\\\/person\\\/006319494c6abac7102be470a5b5c092\"},\"headline\":\"Schlechte Stimmung im Konzertsaal (V)\",\"datePublished\":\"2015-01-10T14:44:58+00:00\",\"dateModified\":\"2015-01-10T16:46:29+00:00\",\"mainEntityOfPage\":{\"@id\":\"https:\\\/\\\/blogs.nmz.de\\\/badblog\\\/2015\\\/01\\\/10\\\/schlechte-stimmung-im-konzertsaal-v\\\/\"},\"wordCount\":1335,\"commentCount\":2,\"publisher\":{\"@id\":\"https:\\\/\\\/blogs.nmz.de\\\/badblog\\\/#organization\"},\"image\":{\"@id\":\"https:\\\/\\\/blogs.nmz.de\\\/badblog\\\/2015\\\/01\\\/10\\\/schlechte-stimmung-im-konzertsaal-v\\\/#primaryimage\"},\"thumbnailUrl\":\"http:\\\/\\\/vg01.met.vgwort.de\\\/na\\\/e71fb8a0010b4cac8429b59c24abb3c4\",\"keywords\":[\"Facebook\",\"konzert\",\"Kulturpessimismus\"],\"inLanguage\":\"de\",\"potentialAction\":[{\"@type\":\"CommentAction\",\"name\":\"Comment\",\"target\":[\"https:\\\/\\\/blogs.nmz.de\\\/badblog\\\/2015\\\/01\\\/10\\\/schlechte-stimmung-im-konzertsaal-v\\\/#respond\"]}]},{\"@type\":\"WebPage\",\"@id\":\"https:\\\/\\\/blogs.nmz.de\\\/badblog\\\/2015\\\/01\\\/10\\\/schlechte-stimmung-im-konzertsaal-v\\\/\",\"url\":\"https:\\\/\\\/blogs.nmz.de\\\/badblog\\\/2015\\\/01\\\/10\\\/schlechte-stimmung-im-konzertsaal-v\\\/\",\"name\":\"Schlechte Stimmung im Konzertsaal (V) &#8211; Bad Blog Of Musick - nmz Klassik-Blog\",\"isPartOf\":{\"@id\":\"https:\\\/\\\/blogs.nmz.de\\\/badblog\\\/#website\"},\"primaryImageOfPage\":{\"@id\":\"https:\\\/\\\/blogs.nmz.de\\\/badblog\\\/2015\\\/01\\\/10\\\/schlechte-stimmung-im-konzertsaal-v\\\/#primaryimage\"},\"image\":{\"@id\":\"https:\\\/\\\/blogs.nmz.de\\\/badblog\\\/2015\\\/01\\\/10\\\/schlechte-stimmung-im-konzertsaal-v\\\/#primaryimage\"},\"thumbnailUrl\":\"http:\\\/\\\/vg01.met.vgwort.de\\\/na\\\/e71fb8a0010b4cac8429b59c24abb3c4\",\"datePublished\":\"2015-01-10T14:44:58+00:00\",\"dateModified\":\"2015-01-10T16:46:29+00:00\",\"description\":\"Bad Blog Of Musick \u2013 Ein Klassik-Blog und das wahrscheinlich bedeutendste Musik-Blog zur zeitgen\u00f6ssischen und klassischen Musikkultur\",\"breadcrumb\":{\"@id\":\"https:\\\/\\\/blogs.nmz.de\\\/badblog\\\/2015\\\/01\\\/10\\\/schlechte-stimmung-im-konzertsaal-v\\\/#breadcrumb\"},\"inLanguage\":\"de\",\"potentialAction\":[{\"@type\":\"ReadAction\",\"target\":[\"https:\\\/\\\/blogs.nmz.de\\\/badblog\\\/2015\\\/01\\\/10\\\/schlechte-stimmung-im-konzertsaal-v\\\/\"]}]},{\"@type\":\"ImageObject\",\"inLanguage\":\"de\",\"@id\":\"https:\\\/\\\/blogs.nmz.de\\\/badblog\\\/2015\\\/01\\\/10\\\/schlechte-stimmung-im-konzertsaal-v\\\/#primaryimage\",\"url\":\"http:\\\/\\\/vg01.met.vgwort.de\\\/na\\\/e71fb8a0010b4cac8429b59c24abb3c4\",\"contentUrl\":\"http:\\\/\\\/vg01.met.vgwort.de\\\/na\\\/e71fb8a0010b4cac8429b59c24abb3c4\"},{\"@type\":\"BreadcrumbList\",\"@id\":\"https:\\\/\\\/blogs.nmz.de\\\/badblog\\\/2015\\\/01\\\/10\\\/schlechte-stimmung-im-konzertsaal-v\\\/#breadcrumb\",\"itemListElement\":[{\"@type\":\"ListItem\",\"position\":1,\"name\":\"Startseite\",\"item\":\"https:\\\/\\\/blogs.nmz.de\\\/badblog\\\/\"},{\"@type\":\"ListItem\",\"position\":2,\"name\":\"Schlechte Stimmung im Konzertsaal (V)\"}]},{\"@type\":\"WebSite\",\"@id\":\"https:\\\/\\\/blogs.nmz.de\\\/badblog\\\/#website\",\"url\":\"https:\\\/\\\/blogs.nmz.de\\\/badblog\\\/\",\"name\":\"Bad Blog Of Musick\",\"description\":\"Das bedeutendste Blog zur zeitgen\u00f6ssischen Musikkultur\",\"publisher\":{\"@id\":\"https:\\\/\\\/blogs.nmz.de\\\/badblog\\\/#organization\"},\"potentialAction\":[{\"@type\":\"SearchAction\",\"target\":{\"@type\":\"EntryPoint\",\"urlTemplate\":\"https:\\\/\\\/blogs.nmz.de\\\/badblog\\\/?s={search_term_string}\"},\"query-input\":{\"@type\":\"PropertyValueSpecification\",\"valueRequired\":true,\"valueName\":\"search_term_string\"}}],\"inLanguage\":\"de\"},{\"@type\":\"Organization\",\"@id\":\"https:\\\/\\\/blogs.nmz.de\\\/badblog\\\/#organization\",\"name\":\"neue musikzeitung | Bad Blog Of Musick\",\"url\":\"https:\\\/\\\/blogs.nmz.de\\\/badblog\\\/\",\"logo\":{\"@type\":\"ImageObject\",\"inLanguage\":\"de\",\"@id\":\"https:\\\/\\\/blogs.nmz.de\\\/badblog\\\/#\\\/schema\\\/logo\\\/image\\\/\",\"url\":\"https:\\\/\\\/i0.wp.com\\\/blogs.nmz.de\\\/badblog\\\/files\\\/2016\\\/10\\\/badblog-logo1.png?fit=512%2C512&ssl=1\",\"contentUrl\":\"https:\\\/\\\/i0.wp.com\\\/blogs.nmz.de\\\/badblog\\\/files\\\/2016\\\/10\\\/badblog-logo1.png?fit=512%2C512&ssl=1\",\"width\":512,\"height\":512,\"caption\":\"neue musikzeitung | Bad Blog Of Musick\"},\"image\":{\"@id\":\"https:\\\/\\\/blogs.nmz.de\\\/badblog\\\/#\\\/schema\\\/logo\\\/image\\\/\"},\"sameAs\":[\"https:\\\/\\\/www.facebook.com\\\/musikzeitung\",\"https:\\\/\\\/x.com\\\/musikzeitung\"]},{\"@type\":\"Person\",\"@id\":\"https:\\\/\\\/blogs.nmz.de\\\/badblog\\\/#\\\/schema\\\/person\\\/006319494c6abac7102be470a5b5c092\",\"name\":\"Arno L\u00fccker\",\"description\":\"Arno L\u00fccker wuchs in der N\u00e4he von Hannover auf, studierte Musikwissenschaft und Philosophie in Hannover, Freiburg - und Berlin. Er arbeitet als Autor (2020 erschien sein Buch \u00bbop. 111 \u2013 Beethovens letzte Klaviersonate Takt f\u00fcr Takt\u00ab, 2023 sein Buch \u00bb250 Komponistinnen\u00ab), Moderator, Dramaturg, Pianist, Komponist und Musik-Satiriker. Seit 2025 ist er Dramaturg an der Staatsoper Hannover. Seit 2004 erscheinen regelm\u00e4\u00dfig Beitr\u00e4ge von ihm in der TITANIC. Arno L\u00fccker ist Bad-Blog-Autor der ersten Stunde, Fan von Hannover 96 und den Toronto Blue Jays.\",\"sameAs\":[\"http:\\\/\\\/www.arnoluecker.de\\\/\"],\"url\":\"https:\\\/\\\/blogs.nmz.de\\\/badblog\\\/author\\\/arno\\\/\"}]}<\/script>\n<!-- \/ Yoast SEO plugin. -->","yoast_head_json":{"title":"Schlechte Stimmung im Konzertsaal (V) &#8211; Bad Blog Of Musick - nmz Klassik-Blog","description":"Bad Blog Of Musick \u2013 Ein Klassik-Blog und das wahrscheinlich bedeutendste Musik-Blog zur zeitgen\u00f6ssischen und klassischen Musikkultur","robots":{"index":"index","follow":"follow","max-snippet":"max-snippet:-1","max-image-preview":"max-image-preview:large","max-video-preview":"max-video-preview:-1"},"canonical":"https:\/\/blogs.nmz.de\/badblog\/2015\/01\/10\/schlechte-stimmung-im-konzertsaal-v\/","og_locale":"de_DE","og_type":"article","og_title":"Schlechte Stimmung im Konzertsaal (V) &#8211; Bad Blog Of Musick - nmz Klassik-Blog","og_description":"Bad Blog Of Musick \u2013 Ein Klassik-Blog und das wahrscheinlich bedeutendste Musik-Blog zur zeitgen\u00f6ssischen und klassischen Musikkultur","og_url":"https:\/\/blogs.nmz.de\/badblog\/2015\/01\/10\/schlechte-stimmung-im-konzertsaal-v\/","og_site_name":"Bad Blog Of Musick","article_publisher":"https:\/\/www.facebook.com\/musikzeitung","article_published_time":"2015-01-10T14:44:58+00:00","article_modified_time":"2015-01-10T16:46:29+00:00","og_image":[{"url":"http:\/\/vg01.met.vgwort.de\/na\/e71fb8a0010b4cac8429b59c24abb3c4","type":"","width":"","height":""}],"author":"Arno L\u00fccker","twitter_card":"summary_large_image","twitter_creator":"@musikzeitung","twitter_site":"@musikzeitung","twitter_misc":{"Verfasst von":"Arno L\u00fccker","Gesch\u00e4tzte Lesezeit":"7\u00a0Minuten"},"schema":{"@context":"https:\/\/schema.org","@graph":[{"@type":"Article","@id":"https:\/\/blogs.nmz.de\/badblog\/2015\/01\/10\/schlechte-stimmung-im-konzertsaal-v\/#article","isPartOf":{"@id":"https:\/\/blogs.nmz.de\/badblog\/2015\/01\/10\/schlechte-stimmung-im-konzertsaal-v\/"},"author":{"name":"Arno L\u00fccker","@id":"https:\/\/blogs.nmz.de\/badblog\/#\/schema\/person\/006319494c6abac7102be470a5b5c092"},"headline":"Schlechte Stimmung im Konzertsaal (V)","datePublished":"2015-01-10T14:44:58+00:00","dateModified":"2015-01-10T16:46:29+00:00","mainEntityOfPage":{"@id":"https:\/\/blogs.nmz.de\/badblog\/2015\/01\/10\/schlechte-stimmung-im-konzertsaal-v\/"},"wordCount":1335,"commentCount":2,"publisher":{"@id":"https:\/\/blogs.nmz.de\/badblog\/#organization"},"image":{"@id":"https:\/\/blogs.nmz.de\/badblog\/2015\/01\/10\/schlechte-stimmung-im-konzertsaal-v\/#primaryimage"},"thumbnailUrl":"http:\/\/vg01.met.vgwort.de\/na\/e71fb8a0010b4cac8429b59c24abb3c4","keywords":["Facebook","konzert","Kulturpessimismus"],"inLanguage":"de","potentialAction":[{"@type":"CommentAction","name":"Comment","target":["https:\/\/blogs.nmz.de\/badblog\/2015\/01\/10\/schlechte-stimmung-im-konzertsaal-v\/#respond"]}]},{"@type":"WebPage","@id":"https:\/\/blogs.nmz.de\/badblog\/2015\/01\/10\/schlechte-stimmung-im-konzertsaal-v\/","url":"https:\/\/blogs.nmz.de\/badblog\/2015\/01\/10\/schlechte-stimmung-im-konzertsaal-v\/","name":"Schlechte Stimmung im Konzertsaal (V) &#8211; Bad Blog Of Musick - nmz Klassik-Blog","isPartOf":{"@id":"https:\/\/blogs.nmz.de\/badblog\/#website"},"primaryImageOfPage":{"@id":"https:\/\/blogs.nmz.de\/badblog\/2015\/01\/10\/schlechte-stimmung-im-konzertsaal-v\/#primaryimage"},"image":{"@id":"https:\/\/blogs.nmz.de\/badblog\/2015\/01\/10\/schlechte-stimmung-im-konzertsaal-v\/#primaryimage"},"thumbnailUrl":"http:\/\/vg01.met.vgwort.de\/na\/e71fb8a0010b4cac8429b59c24abb3c4","datePublished":"2015-01-10T14:44:58+00:00","dateModified":"2015-01-10T16:46:29+00:00","description":"Bad Blog Of Musick \u2013 Ein Klassik-Blog und das wahrscheinlich bedeutendste Musik-Blog zur zeitgen\u00f6ssischen und klassischen Musikkultur","breadcrumb":{"@id":"https:\/\/blogs.nmz.de\/badblog\/2015\/01\/10\/schlechte-stimmung-im-konzertsaal-v\/#breadcrumb"},"inLanguage":"de","potentialAction":[{"@type":"ReadAction","target":["https:\/\/blogs.nmz.de\/badblog\/2015\/01\/10\/schlechte-stimmung-im-konzertsaal-v\/"]}]},{"@type":"ImageObject","inLanguage":"de","@id":"https:\/\/blogs.nmz.de\/badblog\/2015\/01\/10\/schlechte-stimmung-im-konzertsaal-v\/#primaryimage","url":"http:\/\/vg01.met.vgwort.de\/na\/e71fb8a0010b4cac8429b59c24abb3c4","contentUrl":"http:\/\/vg01.met.vgwort.de\/na\/e71fb8a0010b4cac8429b59c24abb3c4"},{"@type":"BreadcrumbList","@id":"https:\/\/blogs.nmz.de\/badblog\/2015\/01\/10\/schlechte-stimmung-im-konzertsaal-v\/#breadcrumb","itemListElement":[{"@type":"ListItem","position":1,"name":"Startseite","item":"https:\/\/blogs.nmz.de\/badblog\/"},{"@type":"ListItem","position":2,"name":"Schlechte Stimmung im Konzertsaal (V)"}]},{"@type":"WebSite","@id":"https:\/\/blogs.nmz.de\/badblog\/#website","url":"https:\/\/blogs.nmz.de\/badblog\/","name":"Bad Blog Of Musick","description":"Das bedeutendste Blog zur zeitgen\u00f6ssischen Musikkultur","publisher":{"@id":"https:\/\/blogs.nmz.de\/badblog\/#organization"},"potentialAction":[{"@type":"SearchAction","target":{"@type":"EntryPoint","urlTemplate":"https:\/\/blogs.nmz.de\/badblog\/?s={search_term_string}"},"query-input":{"@type":"PropertyValueSpecification","valueRequired":true,"valueName":"search_term_string"}}],"inLanguage":"de"},{"@type":"Organization","@id":"https:\/\/blogs.nmz.de\/badblog\/#organization","name":"neue musikzeitung | Bad Blog Of Musick","url":"https:\/\/blogs.nmz.de\/badblog\/","logo":{"@type":"ImageObject","inLanguage":"de","@id":"https:\/\/blogs.nmz.de\/badblog\/#\/schema\/logo\/image\/","url":"https:\/\/i0.wp.com\/blogs.nmz.de\/badblog\/files\/2016\/10\/badblog-logo1.png?fit=512%2C512&ssl=1","contentUrl":"https:\/\/i0.wp.com\/blogs.nmz.de\/badblog\/files\/2016\/10\/badblog-logo1.png?fit=512%2C512&ssl=1","width":512,"height":512,"caption":"neue musikzeitung | Bad Blog Of Musick"},"image":{"@id":"https:\/\/blogs.nmz.de\/badblog\/#\/schema\/logo\/image\/"},"sameAs":["https:\/\/www.facebook.com\/musikzeitung","https:\/\/x.com\/musikzeitung"]},{"@type":"Person","@id":"https:\/\/blogs.nmz.de\/badblog\/#\/schema\/person\/006319494c6abac7102be470a5b5c092","name":"Arno L\u00fccker","description":"Arno L\u00fccker wuchs in der N\u00e4he von Hannover auf, studierte Musikwissenschaft und Philosophie in Hannover, Freiburg - und Berlin. Er arbeitet als Autor (2020 erschien sein Buch \u00bbop. 111 \u2013 Beethovens letzte Klaviersonate Takt f\u00fcr Takt\u00ab, 2023 sein Buch \u00bb250 Komponistinnen\u00ab), Moderator, Dramaturg, Pianist, Komponist und Musik-Satiriker. Seit 2025 ist er Dramaturg an der Staatsoper Hannover. Seit 2004 erscheinen regelm\u00e4\u00dfig Beitr\u00e4ge von ihm in der TITANIC. Arno L\u00fccker ist Bad-Blog-Autor der ersten Stunde, Fan von Hannover 96 und den Toronto Blue Jays.","sameAs":["http:\/\/www.arnoluecker.de\/"],"url":"https:\/\/blogs.nmz.de\/badblog\/author\/arno\/"}]}},"wp-worthy-pixel":{"ignored":false,"public":null,"server":null,"url":null},"wp-worthy-type":"normal","jetpack_featured_media_url":"","jetpack-related-posts":[],"jetpack_sharing_enabled":true,"_links":{"self":[{"href":"https:\/\/blogs.nmz.de\/badblog\/wp-json\/wp\/v2\/posts\/11414","targetHints":{"allow":["GET"]}}],"collection":[{"href":"https:\/\/blogs.nmz.de\/badblog\/wp-json\/wp\/v2\/posts"}],"about":[{"href":"https:\/\/blogs.nmz.de\/badblog\/wp-json\/wp\/v2\/types\/post"}],"author":[{"embeddable":true,"href":"https:\/\/blogs.nmz.de\/badblog\/wp-json\/wp\/v2\/users\/4"}],"replies":[{"embeddable":true,"href":"https:\/\/blogs.nmz.de\/badblog\/wp-json\/wp\/v2\/comments?post=11414"}],"version-history":[{"count":11,"href":"https:\/\/blogs.nmz.de\/badblog\/wp-json\/wp\/v2\/posts\/11414\/revisions"}],"predecessor-version":[{"id":11425,"href":"https:\/\/blogs.nmz.de\/badblog\/wp-json\/wp\/v2\/posts\/11414\/revisions\/11425"}],"wp:attachment":[{"href":"https:\/\/blogs.nmz.de\/badblog\/wp-json\/wp\/v2\/media?parent=11414"}],"wp:term":[{"taxonomy":"category","embeddable":true,"href":"https:\/\/blogs.nmz.de\/badblog\/wp-json\/wp\/v2\/categories?post=11414"},{"taxonomy":"post_tag","embeddable":true,"href":"https:\/\/blogs.nmz.de\/badblog\/wp-json\/wp\/v2\/tags?post=11414"}],"curies":[{"name":"wp","href":"https:\/\/api.w.org\/{rel}","templated":true}]}}