{"id":10113,"date":"2014-03-06T19:14:08","date_gmt":"2014-03-06T18:14:08","guid":{"rendered":"http:\/\/blogs.nmz.de\/badblog\/?p=10113"},"modified":"2014-04-01T15:55:15","modified_gmt":"2014-04-01T14:55:15","slug":"alternative-komponistenbiografien-jossi-bach-1949-2014","status":"publish","type":"post","link":"https:\/\/blogs.nmz.de\/badblog\/2014\/03\/06\/alternative-komponistenbiografien-jossi-bach-1949-2014\/","title":{"rendered":"Alternative Komponistenbiografien: Jossi Bach, 1949 &#8211; 2014"},"content":{"rendered":"<p><a href=\"https:\/\/i0.wp.com\/blogs.nmz.de\/badblog\/files\/2014\/03\/Bach.jpg?ssl=1\" class=\"thickbox no_icon\"><img data-recalc-dims=\"1\" loading=\"lazy\" decoding=\"async\" data-attachment-id=\"10114\" data-permalink=\"https:\/\/blogs.nmz.de\/badblog\/2014\/03\/06\/alternative-komponistenbiografien-jossi-bach-1949-2014\/bach-3\/\" data-orig-file=\"https:\/\/i0.wp.com\/blogs.nmz.de\/badblog\/files\/2014\/03\/Bach.jpg?fit=180%2C205&amp;ssl=1\" data-orig-size=\"180,205\" data-comments-opened=\"1\" data-image-meta=\"{&quot;aperture&quot;:&quot;0&quot;,&quot;credit&quot;:&quot;&quot;,&quot;camera&quot;:&quot;&quot;,&quot;caption&quot;:&quot;&quot;,&quot;created_timestamp&quot;:&quot;0&quot;,&quot;copyright&quot;:&quot;&quot;,&quot;focal_length&quot;:&quot;0&quot;,&quot;iso&quot;:&quot;0&quot;,&quot;shutter_speed&quot;:&quot;0&quot;,&quot;title&quot;:&quot;&quot;}\" data-image-title=\"Bach\" data-image-description=\"\" data-image-caption=\"\" data-large-file=\"https:\/\/i0.wp.com\/blogs.nmz.de\/badblog\/files\/2014\/03\/Bach.jpg?fit=180%2C205&amp;ssl=1\" class=\"aligncenter size-full wp-image-10114\" src=\"https:\/\/i0.wp.com\/blogs.nmz.de\/badblog\/files\/2014\/03\/Bach.jpg?resize=180%2C205&#038;ssl=1\" alt=\"\" width=\"180\" height=\"205\" \/><\/a><\/p>\n<p>&nbsp;<\/p>\n<p>Jossi (eigentlich Johann Sebastian) Bach wurde am 31.3.1949 in Eisenach geboren. Sein Vater arbeitete als Organist in der Lutheranischen Kirche, seine Mutter als Stenotypistin im Eisenacher Motorenwerk.<\/p>\n<p>Obwohl sich schon fr&#252;h zeigte, dass es sich bei dem jungen Bach um eine au&#223;ergew&#246;hnliche musikalische Begabung handelte, durchlief er wie alle anderen Kinder der DDR das staatliche Kindergarten- und Schulsystem. Eine Eingabe seines Musiklehrers der dritten Klasse, ihm besondere F&#246;rderung angedeihen zu lassen, wurde von der Obrigkeit ignoriert, da die Stasi sowohl bei seinem Vater als auch bei seiner Mutter &#8222;staatszersetzende Tendenzen&#8220; festzustellen meinte (seine Mutter war kurz vorher\u00a0 in den Streik der Eisenacher Motorenwerke im Jahre 1953 verwickelt gewesen und verlor daraufhin ihre Anstellung).<\/p>\n<p>Privat erhielt Bach erste Unterweisungen im Komponieren von seinem Vater,\u00a0 zumindest bis zum Jahre 1961, als Werner Bach an den Folgen einer Alkoholvergiftung starb. 1959 entstand seine erste Komposition &#8222;Sehnsucht nach Freiheit&#8220; (Kantate f&#252;r 4 Stimmen und Akkordeon), die jedoch unaufgef&#252;hrt blieb. Die Schulzeit durchlief Bach ohne gr&#246;&#223;ere Auff&#228;lligkeiten, er galt als in sich gekehrter und eher schweigsamer Z&#246;gling. Mit 18 &#8211; direkt nach Abschluss der Schule &#8211; verbrachte er ein Jahr in einer Kolchose in Sibirien, da seine Mutter inzwischen ebenfalls mit einem schweren Alkoholproblem zu k&#228;mpfen hatte und mit der Erziehung ihrer 4 Kinder nicht mehr zurecht kam. Nach seiner R&#252;ckkehr verlie&#223; Bach daher das Elternhaus und suchte eine Arbeitsstelle in der Stadt Weimar. Auf Empfehlung eines Freundes seines Vaters bekam er tats&#228;chlich eine Anstellung als Wachmann auf einem Werkgel&#228;nde. Doch die Musik lie&#223; ihn nicht los &#8211; jede freie Minute benutzte er zum Komponieren, und er f&#252;llte Notenheft um Notenheft mit unleserlichen kontrapunktischen Studien, die ihm den Spott seiner Kollegen einbrachte. Weiterhin arbeitete er v&#246;llig autodidaktisch, hatte jedoch seine Grundkenntnisse im Instrumentieren und in Harmonielehre inzwischen verfeinert.<\/p>\n<p>Ein erster Kontakt mit Komponisten des Berufsverbandes der DDR in Weimar verlief anscheinend desastr&#246;s: Bach spielte mehrere Klavierst&#252;cke vor, die in jederlei Hinsicht der herrschenden &#196;sthetik widersprachen. Fritz Gei&#223;ler &#8211; damals Vorsitzender des Komponistenverbandes &#8211; empfand die Vorf&#252;hrung trotz des virtuosen Spiels von Bach als &#8222;Zumutung&#8220;. Auch die Auff&#252;hrung der &#8222;12 Seezeichen f&#252;r Violine und E-Orgel&#8220; in einer kleinen Galerie am Stadtrand geriet zum Desaster, da anwesende Stasi-Kr&#228;fte die Auff&#252;hrung unterbrachen und das Publikum nach Hause schickte. 1962 lernte Bach die junge Vietnamesin Nsiung-Hu kennen, die sich f&#252;r einen Studienaustausch in Weimar aufhielt. 1963 wurde der Sohn Karl Hung geboren, 1 Jahr sp&#228;ter die Tochter Magda Hoa.<\/p>\n<p>Trotz der vielen musikalischen Frustrationen gr&#252;ndete Bach mit einem Arbeitskollegen, Willy Trabwitz, 1964 eine Band, die sich an der damals aufkommenden englischen Popmusik orientierte. Erste Kompositionen f&#252;r Band entstanden, zum Beispiel die progressiven Rock-and-Roll Hymnen &#8222;Well Tempered&#8220; und &#8222;For Magda&#8220;. Die Arrangements zeichneten sich durch eine hohe Komplexit&#228;t und Dichte der Stimmf&#252;hrung aus. Zum Teil nahmen die Arbeiten Bachs einige der sp&#228;teren gewagteren Entwicklungen der Beatles voraus, allerdings war Bachs Wissen um das Schaffen der ber&#252;hmten englischen Band naturgem&#228;&#223; begrenzt. Die Band &#8222;Harlekin&#8220; probte vor allem sp&#228;tnachts, in einer stillgelegten Fabrik. Zwischen 1964-1965 spielte &#8222;Harlekin&#8220; ca. 3 Konzerte, &#252;ber die aber wenig bekannt ist. 1965 kam der Sohn Friedemann Tung zur Welt.<\/p>\n<p>1971 verlor Bach seine ruhige Arbeitstelle aufgrund eines Streits mit einem Vorgesetzten und suchte nach einer neuen Anstellung. Durch die Empfehlung eines Freundes bekam er eine Stelle als Keyboarder in der Tanzkapelle des Friedrichstadtpalastes. Mit dem Umzug nach Berlin (1972 Geburt der Tochter Henny Thao) begann eine schaffensreiche aber auch kraftzehrende Periode im Leben Bachs. Schnell machte er sich einen Namen als besonders fixer Arrangeur und zuverl&#228;ssiger Bandleader. In zum Teil atemberaubender Geschwindigkeit schrieb Bach w&#246;chentlich neue Medleys, Revuemusiken sowie Bearbeitungen bekannter Songs und Schlager, die ihn schnell in der Berliner Tanzmusikerszene bekannt machten. Nebenher half er in einer Kirche als Organist aus, wobei er die besondere mikrotonale Stimmung eines alten vernachl&#228;ssigten Harmoniums dazu nutzte, sein gewichtigstes kontrapunktisches Werk, die &#8222;48 mikrotonalen Studien f&#252;r akzidentelles Naturtonharmonium&#8220; schrie,\u00a0 das aber zu Lebzeiten unaufgef&#252;hrt blieb (bis heute). 1974 wurde der Sohn Paul Fjodor geboren, jetzt mit seiner zweiten Frau, der russischen Showt&#228;nzerin Natascha Komarova, da Nsiung-Hu bei einem Besuch ihrer Familie w&#228;hrend des Vietnamkriegs anscheinend verschleppt oder umgebracht worden war.1979 l&#246;ste sich &#8222;Harlekin&#8220; aufgrund mangelnden Interesses auf, nun experimentierte Bach mit Tonbandkollagen und elektronischer Klangerzeugung.<\/p>\n<p>Bis zur Wende blieb Bach seinem Job treu, und Berlin wurde zur pr&#228;gendem Stadt in seinem Leben. Zwischen 1983-1989 wurden vier weitere Kinder geboren, zuletzt der Sohn Gottfried Lew, der 2008 an einer &#220;berdosis Heroin starb. Bach fand immer weniger Zeit zum Komponieren, da seine Frau nun eine Stelle als Beamtin angenommen hatte, um die Familie besser ern&#228;hren zu k&#246;nnen. Die Wende kann als tiefer Einschnitt in seinem Leben betrachtet werden &#8211; Bach war zuerst begeistert und suchte den Kontakt zu Westkollegen. Die erste Euphorie machte aber einer zunehmenden Ern&#252;chterung dar&#252;ber Platz, dass die musikalische &#196;sthetik im Westen einen ganz eigenen Weg gegangen war, der mit seiner Arbeit ebenso wenig kompatibel war wie die Staatskunst der ehemaligen DDR. Dennoch gab es einige Auff&#252;hrungen Bachscher Werke bei den Darmst&#228;dter Institutskursen (Raum 203) und bei einem Oldie-Open-Air-Festival in G&#252;tersloh, wobei aber die Auff&#252;hrung der &#8222;John&#8217;s Passion&#8220; f&#252;r Hammondorgel und Flugzeugmotoren aufgrund eines Stromausfalls abgebrochen werden musste.<\/p>\n<p>Die Jahre 1990-2007 werden im allgemeinen als die &#8222;dunklen&#8220; Jahre in Bachs Biografie bezeichnet. Nur wenige Werke sind aus dieser Zeit &#252;berliefert.<\/p>\n<p>Nach einigen harten Jahren als freischaffender Arrangeur in der zunehmend un&#252;bersichtlicheren Berliner Musikszene kam &#8211; v&#246;llig &#252;berraschend &#8211; Bachs gr&#246;&#223;ter Moment, als er als Mitglied einer Tanzkapelle (&#8222;Checkpoint Charlie Berlin Swing Orchestra&#8220;)\u00a0 den Neujahrsempfang im Kanzleramt musikalisch gestalten durfte, da der Bandleader sich den Daumen gebrochen hatte. Ob es zu einem Gespr&#228;ch mit Kanzlerin Merkel anl&#228;sslich der Auff&#252;hrung seines frei bearbeiteten und durchaus experimentell zu nennendem &#8222;Beatles-Medley&#8220; und &#8222;Stones-Medley&#8220; kam, ist nicht &#252;berliefert. Seine Bandkollegen waren auf jeden Fall erstaunt &#252;ber seine gro&#223;artigen Improvisationsk&#252;nste auf der Farfisa-Orgel.<\/p>\n<p>Dennoch sah Bach in Berlin keine Chance mehr und zog 2008 nach Leipzig, wo er als Barpianist in mehreren Etablissements arbeitete, die dem Rotlichtbezirk zuzuordnen sind. Auch unter diesen erschwerten Bedingungen entstanden originelle Werke, zum Beispiel die &#8222;Dolly-Buster-Variationen&#8220; oder &#8222;Die Kunst des F*****&#8220;, alles Auftragswerke des stadtbekannten Luden Kaiserling. 2010 wurde er bei einer Drogenrazzia verhaftet, jedoch wieder freigelassen. 2011 machte sich ein schweres Augenleiden bemerkbar, das ihm das Schreiben von Noten zunehmend unm&#246;glich machte. 2012 erbarmten sich einige junge Komponistenkollegen des Forum zeitgen&#246;ssische Musik Leipzig und sammelten mit Hilfe eines Aufrufs in einer Lokalzeitung genug Geld um Bach eine n&#246;tig gewordene Augenoperation zu erm&#246;glichen, die auch erfolgreich verlief. Von neuem Schaffensdrang erf&#252;llt machte sich Bach wieder an die Arbeit, doch auch diesen vor Lebensfreude strotzenden letzten Werken blieb eine gr&#246;&#223;ere Aufmerksamkeit erspart.<\/p>\n<p>Am Anfang des Jahres 2014 wurde Jossi Bach direkt vor dem Gewandhaus von einem BMW mit polnischem Kennzeichen &#252;berfahren und verstarb noch am Unfallort. Der Fahrer beging Fahrerflucht.<\/p>\n<p>Moritz Eggert<\/p>\n<div class=\"shariff shariff-align-left shariff-widget-align-left\" style=\"display:none\"><div class=\"ShariffHeadline\"> <\/div><ul class=\"shariff-buttons theme-default orientation-horizontal buttonsize-small\"><li class=\"shariff-button mastodon shariff-nocustomcolor\" style=\"background-color:#563ACC\"><a href=\"https:\/\/s2f.kytta.dev\/?text=Alternative%20Komponistenbiografien%3A%20Jossi%20Bach%2C%201949%20%E2%80%93%202014 https%3A%2F%2Fblogs.nmz.de%2Fbadblog%2F2014%2F03%2F06%2Falternative-komponistenbiografien-jossi-bach-1949-2014%2F\" title=\"Bei Mastodon teilen\" aria-label=\"Bei Mastodon teilen\" role=\"button\" rel=\"noopener nofollow\" class=\"shariff-link\" style=\"; background-color:#6364FF; color:#fff\" target=\"_blank\"><span class=\"shariff-icon\" style=\"\"><svg width=\"75\" height=\"79\" viewBox=\"0 0 75 79\" fill=\"none\" xmlns=\"http:\/\/www.w3.org\/2000\/svg\"><path d=\"M37.813-.025C32.462-.058 27.114.13 21.79.598c-8.544.621-17.214 5.58-20.203 13.931C-1.12 23.318.408 32.622.465 41.65c.375 7.316.943 14.78 3.392 21.73 4.365 9.465 14.781 14.537 24.782 15.385 7.64.698 15.761-.213 22.517-4.026a54.1 54.1 0 0 0 .01-6.232c-6.855 1.316-14.101 2.609-21.049 1.074-3.883-.88-6.876-4.237-7.25-8.215-1.53-3.988 3.78-.43 5.584-.883 9.048 1.224 18.282.776 27.303-.462 7.044-.837 14.26-4.788 16.65-11.833 2.263-6.135 1.215-12.79 1.698-19.177.06-3.84.09-7.692-.262-11.52C72.596 7.844 63.223.981 53.834.684a219.453 219.453 0 0 0-16.022-.71zm11.294 12.882c5.5-.067 10.801 4.143 11.67 9.653.338 1.48.471 3 .471 4.515v21.088h-8.357c-.07-7.588.153-15.182-.131-22.765-.587-4.368-7.04-5.747-9.672-2.397-2.422 3.04-1.47 7.155-1.67 10.735v6.392h-8.307c-.146-4.996.359-10.045-.404-15.002-1.108-4.218-7.809-5.565-10.094-1.666-1.685 3.046-.712 6.634-.976 9.936v14.767h-8.354c.109-8.165-.238-16.344.215-24.5.674-5.346 5.095-10.389 10.676-10.627 4.902-.739 10.103 2.038 12.053 6.631.375 1.435 1.76 1.932 1.994.084 1.844-3.704 5.501-6.739 9.785-6.771.367-.044.735-.068 1.101-.073z\"\/><defs><linearGradient id=\"paint0_linear_549_34\" x1=\"37.0692\" y1=\"0\" x2=\"37.0692\" y2=\"79\" gradientUnits=\"userSpaceOnUse\"><stop stop-color=\"#6364FF\"\/><stop offset=\"1\" stop-color=\"#563ACC\"\/><\/linearGradient><\/defs><\/svg><\/span><span class=\"shariff-text\">teilen<\/span>&nbsp;<\/a><\/li><li class=\"shariff-button bluesky shariff-nocustomcolor\" style=\"background-color:#84c4ff\"><a href=\"https:\/\/bsky.app\/intent\/compose?text=Alternative%20Komponistenbiografien%3A%20Jossi%20Bach%2C%201949%20%E2%80%93%202014 https%3A%2F%2Fblogs.nmz.de%2Fbadblog%2F2014%2F03%2F06%2Falternative-komponistenbiografien-jossi-bach-1949-2014%2F \" title=\"Bei Bluesky teilen\" aria-label=\"Bei Bluesky teilen\" role=\"button\" rel=\"noopener nofollow\" class=\"shariff-link\" style=\"; background-color:#0085ff; color:#fff\" target=\"_blank\"><span class=\"shariff-icon\" style=\"\"><svg width=\"20\" height=\"20\" version=\"1.1\" xmlns=\"http:\/\/www.w3.org\/2000\/svg\" viewBox=\"0 0 20 20\"><path class=\"st0\" d=\"M4.89,3.12c2.07,1.55,4.3,4.71,5.11,6.4.82-1.69,3.04-4.84,5.11-6.4,1.49-1.12,3.91-1.99,3.91.77,0,.55-.32,4.63-.5,5.3-.64,2.3-2.99,2.89-5.08,2.54,3.65.62,4.58,2.68,2.57,4.74-3.81,3.91-5.48-.98-5.9-2.23-.08-.23-.11-.34-.12-.25,0-.09-.04.02-.12.25-.43,1.25-2.09,6.14-5.9,2.23-2.01-2.06-1.08-4.12,2.57-4.74-2.09.36-4.44-.23-5.08-2.54-.19-.66-.5-4.74-.5-5.3,0-2.76,2.42-1.89,3.91-.77h0Z\"\/><\/svg><\/span><span class=\"shariff-text\">teilen<\/span>&nbsp;<\/a><\/li><li class=\"shariff-button facebook shariff-nocustomcolor\" style=\"background-color:#4273c8\"><a href=\"https:\/\/www.facebook.com\/sharer\/sharer.php?u=https%3A%2F%2Fblogs.nmz.de%2Fbadblog%2F2014%2F03%2F06%2Falternative-komponistenbiografien-jossi-bach-1949-2014%2F\" title=\"Bei Facebook teilen\" aria-label=\"Bei Facebook teilen\" role=\"button\" rel=\"nofollow\" class=\"shariff-link\" style=\"; background-color:#3b5998; color:#fff\" target=\"_blank\"><span class=\"shariff-icon\" style=\"\"><svg width=\"32px\" height=\"20px\" xmlns=\"http:\/\/www.w3.org\/2000\/svg\" viewBox=\"0 0 18 32\"><path fill=\"#3b5998\" d=\"M17.1 0.2v4.7h-2.8q-1.5 0-2.1 0.6t-0.5 1.9v3.4h5.2l-0.7 5.3h-4.5v13.6h-5.5v-13.6h-4.5v-5.3h4.5v-3.9q0-3.3 1.9-5.2t5-1.8q2.6 0 4.1 0.2z\"\/><\/svg><\/span><span class=\"shariff-text\">teilen<\/span>&nbsp;<\/a><\/li><li class=\"shariff-button threema shariff-nocustomcolor shariff-mobile\" style=\"background-color:#4fbc24\"><a href=\"threema:\/\/compose?text=Alternative%20Komponistenbiografien%3A%20Jossi%20Bach%2C%201949%20%E2%80%93%202014%20https%3A%2F%2Fblogs.nmz.de%2Fbadblog%2F2014%2F03%2F06%2Falternative-komponistenbiografien-jossi-bach-1949-2014%2F\" title=\"Bei Threema teilen\" aria-label=\"Bei Threema teilen\" role=\"button\" rel=\"noopener nofollow\" class=\"shariff-link\" style=\"; background-color:#1f1f1f; color:#fff\" target=\"_blank\"><span class=\"shariff-icon\" style=\"\"><svg width=\"32px\" height=\"20px\" xmlns=\"http:\/\/www.w3.org\/2000\/svg\" viewBox=\"0 0 32 32\"><path fill=\"#1f1f1f\" d=\"M30.8 10.9c-0.3-1.4-0.9-2.6-1.8-3.8-2-2.6-5.5-4.5-9.4-5.2-1.3-0.2-1.9-0.3-3.5-0.3s-2.2 0-3.5 0.3c-4 0.7-7.4 2.6-9.4 5.2-0.9 1.2-1.5 2.4-1.8 3.8-0.1 0.5-0.2 1.2-0.2 1.6 0 0.4 0.1 1.1 0.2 1.6 0.4 1.9 1.3 3.4 2.9 5 0.8 0.8 0.8 0.8 0.7 1.3 0 0.6-0.5 1.6-1.7 3.6-0.3 0.5-0.5 0.9-0.5 0.9 0 0.1 0.1 0.1 0.5 0 0.8-0.2 2.3-0.6 5.6-1.6 1.1-0.3 1.3-0.4 2.3-0.4 0.8 0 1.1 0 2.3 0.2 1.5 0.2 3.5 0.2 4.9 0 5.1-0.6 9.3-2.9 11.4-6.3 0.5-0.9 0.9-1.8 1.1-2.8 0.1-0.5 0.2-1.1 0.2-1.6 0-0.7-0.1-1.1-0.2-1.6-0.3-1.4 0.1 0.5 0 0zM20.6 17.3c0 0.4-0.4 0.8-0.8 0.8h-7.7c-0.4 0-0.8-0.4-0.8-0.8v-4.6c0-0.4 0.4-0.8 0.8-0.8h0.2l0-1.6c0-0.9 0-1.8 0.1-2 0.1-0.6 0.6-1.2 1.1-1.7s1.1-0.7 1.9-0.8c1.8-0.3 3.7 0.7 4.2 2.2 0.1 0.3 0.1 0.7 0.1 2.1v0 1.7h0.1c0.4 0 0.8 0.4 0.8 0.8v4.6zM15.6 7.3c-0.5 0.1-0.8 0.3-1.2 0.6s-0.6 0.8-0.7 1.3c0 0.2 0 0.8 0 1.5l0 1.2h4.6v-1.3c0-1 0-1.4-0.1-1.6-0.3-1.1-1.5-1.9-2.6-1.7zM25.8 28.2c0 1.2-1 2.2-2.1 2.2s-2.1-1-2.1-2.1c0-1.2 1-2.1 2.2-2.1s2.2 1 2.2 2.2zM18.1 28.2c0 1.2-1 2.2-2.1 2.2s-2.1-1-2.1-2.1c0-1.2 1-2.1 2.2-2.1s2.2 1 2.2 2.2zM10.4 28.2c0 1.2-1 2.2-2.1 2.2s-2.1-1-2.1-2.1c0-1.2 1-2.1 2.2-2.1s2.2 1 2.2 2.2z\"\/><\/svg><\/span><span class=\"shariff-text\">teilen<\/span>&nbsp;<\/a><\/li><li class=\"shariff-button linkedin shariff-nocustomcolor\" style=\"background-color:#1488bf\"><a href=\"https:\/\/www.linkedin.com\/sharing\/share-offsite\/?url=https%3A%2F%2Fblogs.nmz.de%2Fbadblog%2F2014%2F03%2F06%2Falternative-komponistenbiografien-jossi-bach-1949-2014%2F\" title=\"Bei LinkedIn teilen\" aria-label=\"Bei LinkedIn teilen\" role=\"button\" rel=\"noopener nofollow\" class=\"shariff-link\" style=\"; background-color:#0077b5; color:#fff\" target=\"_blank\"><span class=\"shariff-icon\" style=\"\"><svg width=\"32px\" height=\"20px\" xmlns=\"http:\/\/www.w3.org\/2000\/svg\" viewBox=\"0 0 27 32\"><path fill=\"#0077b5\" d=\"M6.2 11.2v17.7h-5.9v-17.7h5.9zM6.6 5.7q0 1.3-0.9 2.2t-2.4 0.9h0q-1.5 0-2.4-0.9t-0.9-2.2 0.9-2.2 2.4-0.9 2.4 0.9 0.9 2.2zM27.4 18.7v10.1h-5.9v-9.5q0-1.9-0.7-2.9t-2.3-1.1q-1.1 0-1.9 0.6t-1.2 1.5q-0.2 0.5-0.2 1.4v9.9h-5.9q0-7.1 0-11.6t0-5.3l0-0.9h5.9v2.6h0q0.4-0.6 0.7-1t1-0.9 1.6-0.8 2-0.3q3 0 4.9 2t1.9 6z\"\/><\/svg><\/span><span class=\"shariff-text\">teilen<\/span>&nbsp;<\/a><\/li><li class=\"shariff-button info shariff-nocustomcolor\" style=\"background-color:#eee\"><a href=\"http:\/\/ct.de\/-2467514\" title=\"Weitere Informationen\" aria-label=\"Weitere Informationen\" role=\"button\" rel=\"noopener \" class=\"shariff-link\" style=\"; background-color:#fff; color:#fff\" target=\"_blank\"><span class=\"shariff-icon\" style=\"\"><svg width=\"32px\" height=\"20px\" xmlns=\"http:\/\/www.w3.org\/2000\/svg\" viewBox=\"0 0 11 32\"><path fill=\"#999\" d=\"M11.4 24v2.3q0 0.5-0.3 0.8t-0.8 0.4h-9.1q-0.5 0-0.8-0.4t-0.4-0.8v-2.3q0-0.5 0.4-0.8t0.8-0.4h1.1v-6.8h-1.1q-0.5 0-0.8-0.4t-0.4-0.8v-2.3q0-0.5 0.4-0.8t0.8-0.4h6.8q0.5 0 0.8 0.4t0.4 0.8v10.3h1.1q0.5 0 0.8 0.4t0.3 0.8zM9.2 3.4v3.4q0 0.5-0.4 0.8t-0.8 0.4h-4.6q-0.4 0-0.8-0.4t-0.4-0.8v-3.4q0-0.4 0.4-0.8t0.8-0.4h4.6q0.5 0 0.8 0.4t0.4 0.8z\"\/><\/svg><\/span><\/a><\/li><\/ul><\/div>","protected":false},"excerpt":{"rendered":"<p>Jossi (eigentlich Johann Sebastian) Bach wurde am 31.3.1949 in Eisenach (DDR) geboren. Sein Vater arbeitete als Organist in der Lutheranischen Kirche, seine Mutter als Stenotypistin im Eisenacher Motorenwerk.<\/p>\n<p>Obwohl sich schon fr&#252;h zeigte, dass es sich bei dem jungen Bach um eine au&#223;ergew&#246;hnliche musikalische Begabung handelte, durchlief er wie alle anderen Kinder der DDR das staatliche Kindergarten- und Schulsystem. Eine Eingabe seines Musiklehrers der dritten Klasse, ihm besondere F&#246;rderung angedeihen zu lassen, wurde von der Obrigkeit ignoriert, da die Stasi sowohl bei seinem Vater als auch bei seiner Mutter &#8222;staatszersetzende Tendenzen&#8220; festzustellen meinte (seine Mutter war kurz vorher  in den Streik der Eisenacher Motorenwerke im Jahre 1953 verwickelt gewesen und verlor daraufhin ihre Anstellung).<\/p>\n<div class=\"shariff shariff-align-left shariff-widget-align-left\" style=\"display:none\"><div class=\"ShariffHeadline\"> <\/div><ul class=\"shariff-buttons theme-default orientation-horizontal buttonsize-small\"><li class=\"shariff-button mastodon shariff-nocustomcolor\" style=\"background-color:#563ACC\"><a href=\"https:\/\/s2f.kytta.dev\/?text=Alternative%20Komponistenbiografien%3A%20Jossi%20Bach%2C%201949%20%E2%80%93%202014 https%3A%2F%2Fblogs.nmz.de%2Fbadblog%2F2014%2F03%2F06%2Falternative-komponistenbiografien-jossi-bach-1949-2014%2F\" title=\"Bei Mastodon teilen\" aria-label=\"Bei Mastodon teilen\" role=\"button\" rel=\"noopener nofollow\" class=\"shariff-link\" style=\"; background-color:#6364FF; color:#fff\" target=\"_blank\"><span class=\"shariff-icon\" style=\"\"><svg width=\"75\" height=\"79\" viewBox=\"0 0 75 79\" fill=\"none\" xmlns=\"http:\/\/www.w3.org\/2000\/svg\"><path d=\"M37.813-.025C32.462-.058 27.114.13 21.79.598c-8.544.621-17.214 5.58-20.203 13.931C-1.12 23.318.408 32.622.465 41.65c.375 7.316.943 14.78 3.392 21.73 4.365 9.465 14.781 14.537 24.782 15.385 7.64.698 15.761-.213 22.517-4.026a54.1 54.1 0 0 0 .01-6.232c-6.855 1.316-14.101 2.609-21.049 1.074-3.883-.88-6.876-4.237-7.25-8.215-1.53-3.988 3.78-.43 5.584-.883 9.048 1.224 18.282.776 27.303-.462 7.044-.837 14.26-4.788 16.65-11.833 2.263-6.135 1.215-12.79 1.698-19.177.06-3.84.09-7.692-.262-11.52C72.596 7.844 63.223.981 53.834.684a219.453 219.453 0 0 0-16.022-.71zm11.294 12.882c5.5-.067 10.801 4.143 11.67 9.653.338 1.48.471 3 .471 4.515v21.088h-8.357c-.07-7.588.153-15.182-.131-22.765-.587-4.368-7.04-5.747-9.672-2.397-2.422 3.04-1.47 7.155-1.67 10.735v6.392h-8.307c-.146-4.996.359-10.045-.404-15.002-1.108-4.218-7.809-5.565-10.094-1.666-1.685 3.046-.712 6.634-.976 9.936v14.767h-8.354c.109-8.165-.238-16.344.215-24.5.674-5.346 5.095-10.389 10.676-10.627 4.902-.739 10.103 2.038 12.053 6.631.375 1.435 1.76 1.932 1.994.084 1.844-3.704 5.501-6.739 9.785-6.771.367-.044.735-.068 1.101-.073z\"\/><defs><linearGradient id=\"paint0_linear_549_34\" x1=\"37.0692\" y1=\"0\" x2=\"37.0692\" y2=\"79\" gradientUnits=\"userSpaceOnUse\"><stop stop-color=\"#6364FF\"\/><stop offset=\"1\" stop-color=\"#563ACC\"\/><\/linearGradient><\/defs><\/svg><\/span><span class=\"shariff-text\">teilen<\/span>&nbsp;<\/a><\/li><li class=\"shariff-button bluesky shariff-nocustomcolor\" style=\"background-color:#84c4ff\"><a href=\"https:\/\/bsky.app\/intent\/compose?text=Alternative%20Komponistenbiografien%3A%20Jossi%20Bach%2C%201949%20%E2%80%93%202014 https%3A%2F%2Fblogs.nmz.de%2Fbadblog%2F2014%2F03%2F06%2Falternative-komponistenbiografien-jossi-bach-1949-2014%2F \" title=\"Bei Bluesky teilen\" aria-label=\"Bei Bluesky teilen\" role=\"button\" rel=\"noopener nofollow\" class=\"shariff-link\" style=\"; background-color:#0085ff; color:#fff\" target=\"_blank\"><span class=\"shariff-icon\" style=\"\"><svg width=\"20\" height=\"20\" version=\"1.1\" xmlns=\"http:\/\/www.w3.org\/2000\/svg\" viewBox=\"0 0 20 20\"><path class=\"st0\" d=\"M4.89,3.12c2.07,1.55,4.3,4.71,5.11,6.4.82-1.69,3.04-4.84,5.11-6.4,1.49-1.12,3.91-1.99,3.91.77,0,.55-.32,4.63-.5,5.3-.64,2.3-2.99,2.89-5.08,2.54,3.65.62,4.58,2.68,2.57,4.74-3.81,3.91-5.48-.98-5.9-2.23-.08-.23-.11-.34-.12-.25,0-.09-.04.02-.12.25-.43,1.25-2.09,6.14-5.9,2.23-2.01-2.06-1.08-4.12,2.57-4.74-2.09.36-4.44-.23-5.08-2.54-.19-.66-.5-4.74-.5-5.3,0-2.76,2.42-1.89,3.91-.77h0Z\"\/><\/svg><\/span><span class=\"shariff-text\">teilen<\/span>&nbsp;<\/a><\/li><li class=\"shariff-button facebook shariff-nocustomcolor\" style=\"background-color:#4273c8\"><a href=\"https:\/\/www.facebook.com\/sharer\/sharer.php?u=https%3A%2F%2Fblogs.nmz.de%2Fbadblog%2F2014%2F03%2F06%2Falternative-komponistenbiografien-jossi-bach-1949-2014%2F\" title=\"Bei Facebook teilen\" aria-label=\"Bei Facebook teilen\" role=\"button\" rel=\"nofollow\" class=\"shariff-link\" style=\"; background-color:#3b5998; color:#fff\" target=\"_blank\"><span class=\"shariff-icon\" style=\"\"><svg width=\"32px\" height=\"20px\" xmlns=\"http:\/\/www.w3.org\/2000\/svg\" viewBox=\"0 0 18 32\"><path fill=\"#3b5998\" d=\"M17.1 0.2v4.7h-2.8q-1.5 0-2.1 0.6t-0.5 1.9v3.4h5.2l-0.7 5.3h-4.5v13.6h-5.5v-13.6h-4.5v-5.3h4.5v-3.9q0-3.3 1.9-5.2t5-1.8q2.6 0 4.1 0.2z\"\/><\/svg><\/span><span class=\"shariff-text\">teilen<\/span>&nbsp;<\/a><\/li><li class=\"shariff-button threema shariff-nocustomcolor shariff-mobile\" style=\"background-color:#4fbc24\"><a href=\"threema:\/\/compose?text=Alternative%20Komponistenbiografien%3A%20Jossi%20Bach%2C%201949%20%E2%80%93%202014%20https%3A%2F%2Fblogs.nmz.de%2Fbadblog%2F2014%2F03%2F06%2Falternative-komponistenbiografien-jossi-bach-1949-2014%2F\" title=\"Bei Threema teilen\" aria-label=\"Bei Threema teilen\" role=\"button\" rel=\"noopener nofollow\" class=\"shariff-link\" style=\"; background-color:#1f1f1f; color:#fff\" target=\"_blank\"><span class=\"shariff-icon\" style=\"\"><svg width=\"32px\" height=\"20px\" xmlns=\"http:\/\/www.w3.org\/2000\/svg\" viewBox=\"0 0 32 32\"><path fill=\"#1f1f1f\" d=\"M30.8 10.9c-0.3-1.4-0.9-2.6-1.8-3.8-2-2.6-5.5-4.5-9.4-5.2-1.3-0.2-1.9-0.3-3.5-0.3s-2.2 0-3.5 0.3c-4 0.7-7.4 2.6-9.4 5.2-0.9 1.2-1.5 2.4-1.8 3.8-0.1 0.5-0.2 1.2-0.2 1.6 0 0.4 0.1 1.1 0.2 1.6 0.4 1.9 1.3 3.4 2.9 5 0.8 0.8 0.8 0.8 0.7 1.3 0 0.6-0.5 1.6-1.7 3.6-0.3 0.5-0.5 0.9-0.5 0.9 0 0.1 0.1 0.1 0.5 0 0.8-0.2 2.3-0.6 5.6-1.6 1.1-0.3 1.3-0.4 2.3-0.4 0.8 0 1.1 0 2.3 0.2 1.5 0.2 3.5 0.2 4.9 0 5.1-0.6 9.3-2.9 11.4-6.3 0.5-0.9 0.9-1.8 1.1-2.8 0.1-0.5 0.2-1.1 0.2-1.6 0-0.7-0.1-1.1-0.2-1.6-0.3-1.4 0.1 0.5 0 0zM20.6 17.3c0 0.4-0.4 0.8-0.8 0.8h-7.7c-0.4 0-0.8-0.4-0.8-0.8v-4.6c0-0.4 0.4-0.8 0.8-0.8h0.2l0-1.6c0-0.9 0-1.8 0.1-2 0.1-0.6 0.6-1.2 1.1-1.7s1.1-0.7 1.9-0.8c1.8-0.3 3.7 0.7 4.2 2.2 0.1 0.3 0.1 0.7 0.1 2.1v0 1.7h0.1c0.4 0 0.8 0.4 0.8 0.8v4.6zM15.6 7.3c-0.5 0.1-0.8 0.3-1.2 0.6s-0.6 0.8-0.7 1.3c0 0.2 0 0.8 0 1.5l0 1.2h4.6v-1.3c0-1 0-1.4-0.1-1.6-0.3-1.1-1.5-1.9-2.6-1.7zM25.8 28.2c0 1.2-1 2.2-2.1 2.2s-2.1-1-2.1-2.1c0-1.2 1-2.1 2.2-2.1s2.2 1 2.2 2.2zM18.1 28.2c0 1.2-1 2.2-2.1 2.2s-2.1-1-2.1-2.1c0-1.2 1-2.1 2.2-2.1s2.2 1 2.2 2.2zM10.4 28.2c0 1.2-1 2.2-2.1 2.2s-2.1-1-2.1-2.1c0-1.2 1-2.1 2.2-2.1s2.2 1 2.2 2.2z\"\/><\/svg><\/span><span class=\"shariff-text\">teilen<\/span>&nbsp;<\/a><\/li><li class=\"shariff-button linkedin shariff-nocustomcolor\" style=\"background-color:#1488bf\"><a href=\"https:\/\/www.linkedin.com\/sharing\/share-offsite\/?url=https%3A%2F%2Fblogs.nmz.de%2Fbadblog%2F2014%2F03%2F06%2Falternative-komponistenbiografien-jossi-bach-1949-2014%2F\" title=\"Bei LinkedIn teilen\" aria-label=\"Bei LinkedIn teilen\" role=\"button\" rel=\"noopener nofollow\" class=\"shariff-link\" style=\"; background-color:#0077b5; color:#fff\" target=\"_blank\"><span class=\"shariff-icon\" style=\"\"><svg width=\"32px\" height=\"20px\" xmlns=\"http:\/\/www.w3.org\/2000\/svg\" viewBox=\"0 0 27 32\"><path fill=\"#0077b5\" d=\"M6.2 11.2v17.7h-5.9v-17.7h5.9zM6.6 5.7q0 1.3-0.9 2.2t-2.4 0.9h0q-1.5 0-2.4-0.9t-0.9-2.2 0.9-2.2 2.4-0.9 2.4 0.9 0.9 2.2zM27.4 18.7v10.1h-5.9v-9.5q0-1.9-0.7-2.9t-2.3-1.1q-1.1 0-1.9 0.6t-1.2 1.5q-0.2 0.5-0.2 1.4v9.9h-5.9q0-7.1 0-11.6t0-5.3l0-0.9h5.9v2.6h0q0.4-0.6 0.7-1t1-0.9 1.6-0.8 2-0.3q3 0 4.9 2t1.9 6z\"\/><\/svg><\/span><span class=\"shariff-text\">teilen<\/span>&nbsp;<\/a><\/li><li class=\"shariff-button info shariff-nocustomcolor\" style=\"background-color:#eee\"><a href=\"http:\/\/ct.de\/-2467514\" title=\"Weitere Informationen\" aria-label=\"Weitere Informationen\" role=\"button\" rel=\"noopener \" class=\"shariff-link\" style=\"; background-color:#fff; color:#fff\" target=\"_blank\"><span class=\"shariff-icon\" style=\"\"><svg width=\"32px\" height=\"20px\" xmlns=\"http:\/\/www.w3.org\/2000\/svg\" viewBox=\"0 0 11 32\"><path fill=\"#999\" d=\"M11.4 24v2.3q0 0.5-0.3 0.8t-0.8 0.4h-9.1q-0.5 0-0.8-0.4t-0.4-0.8v-2.3q0-0.5 0.4-0.8t0.8-0.4h1.1v-6.8h-1.1q-0.5 0-0.8-0.4t-0.4-0.8v-2.3q0-0.5 0.4-0.8t0.8-0.4h6.8q0.5 0 0.8 0.4t0.4 0.8v10.3h1.1q0.5 0 0.8 0.4t0.3 0.8zM9.2 3.4v3.4q0 0.5-0.4 0.8t-0.8 0.4h-4.6q-0.4 0-0.8-0.4t-0.4-0.8v-3.4q0-0.4 0.4-0.8t0.8-0.4h4.6q0.5 0 0.8 0.4t0.4 0.8z\"\/><\/svg><\/span><\/a><\/li><\/ul><\/div>","protected":false},"author":8,"featured_media":0,"comment_status":"open","ping_status":"open","sticky":false,"template":"","format":"standard","meta":{"jetpack_post_was_ever_published":false,"_jetpack_newsletter_access":"","_jetpack_dont_email_post_to_subs":false,"_jetpack_newsletter_tier_id":0,"_jetpack_memberships_contains_paywalled_content":false,"_jetpack_memberships_contains_paid_content":false,"footnotes":""},"categories":[14657,2892,8381],"tags":[971,9453,402,467,1518,972,11068,11067,11069,11066,2862,11070,160],"class_list":["post-10113","post","type-post","status-publish","format-standard","hentry","category-nicht-kategorisiert","category-deutsch","category-sprache","tag-angela-merkel","tag-barbara-schoneberger","tag-beatles","tag-berlin","tag-eisenach","tag-forum-zeitgenoessische-musik-leipzig","tag-friedrichstadtpalast","tag-fritz-geisler","tag-harlekin","tag-johann-sebastian-bach","tag-rolling-stones","tag-vietnamkrieg","tag-weimar"],"yoast_head":"<!-- This site is optimized with the Yoast SEO plugin v27.4 - https:\/\/yoast.com\/product\/yoast-seo-wordpress\/ -->\n<title>Alternative Komponistenbiografien: Jossi Bach, 1949 - 2014 &#8211; Bad Blog Of Musick - nmz Klassik-Blog<\/title>\n<meta name=\"description\" content=\"Bad Blog Of Musick \u2013 Ein Klassik-Blog und das wahrscheinlich bedeutendste Musik-Blog zur zeitgen\u00f6ssischen und klassischen Musikkultur\" \/>\n<meta name=\"robots\" content=\"index, follow, max-snippet:-1, max-image-preview:large, max-video-preview:-1\" \/>\n<link rel=\"canonical\" href=\"https:\/\/blogs.nmz.de\/badblog\/2014\/03\/06\/alternative-komponistenbiografien-jossi-bach-1949-2014\/\" \/>\n<meta property=\"og:locale\" content=\"de_DE\" \/>\n<meta property=\"og:type\" content=\"article\" \/>\n<meta property=\"og:title\" content=\"Alternative Komponistenbiografien: Jossi Bach, 1949 - 2014 &#8211; Bad Blog Of Musick - nmz Klassik-Blog\" \/>\n<meta property=\"og:description\" content=\"Bad Blog Of Musick \u2013 Ein Klassik-Blog und das wahrscheinlich bedeutendste Musik-Blog zur zeitgen\u00f6ssischen und klassischen Musikkultur\" \/>\n<meta property=\"og:url\" content=\"https:\/\/blogs.nmz.de\/badblog\/2014\/03\/06\/alternative-komponistenbiografien-jossi-bach-1949-2014\/\" \/>\n<meta property=\"og:site_name\" content=\"Bad Blog Of Musick\" \/>\n<meta property=\"article:publisher\" content=\"https:\/\/www.facebook.com\/musikzeitung\" \/>\n<meta property=\"article:author\" content=\"moritz.eggert.79\" \/>\n<meta property=\"article:published_time\" content=\"2014-03-06T18:14:08+00:00\" \/>\n<meta property=\"article:modified_time\" content=\"2014-04-01T14:55:15+00:00\" \/>\n<meta property=\"og:image\" content=\"https:\/\/blogs.nmz.de\/badblog\/files\/2014\/03\/Bach.jpg\" \/>\n<meta name=\"author\" content=\"Moritz Eggert\" \/>\n<meta name=\"twitter:card\" content=\"summary_large_image\" \/>\n<meta name=\"twitter:creator\" content=\"@MoritzEggert\" \/>\n<meta name=\"twitter:site\" content=\"@musikzeitung\" \/>\n<meta name=\"twitter:label1\" content=\"Verfasst von\" \/>\n\t<meta name=\"twitter:data1\" content=\"Moritz Eggert\" \/>\n\t<meta name=\"twitter:label2\" content=\"Gesch\u00e4tzte Lesezeit\" \/>\n\t<meta name=\"twitter:data2\" content=\"6\u00a0Minuten\" \/>\n<script type=\"application\/ld+json\" class=\"yoast-schema-graph\">{\"@context\":\"https:\\\/\\\/schema.org\",\"@graph\":[{\"@type\":\"Article\",\"@id\":\"https:\\\/\\\/blogs.nmz.de\\\/badblog\\\/2014\\\/03\\\/06\\\/alternative-komponistenbiografien-jossi-bach-1949-2014\\\/#article\",\"isPartOf\":{\"@id\":\"https:\\\/\\\/blogs.nmz.de\\\/badblog\\\/2014\\\/03\\\/06\\\/alternative-komponistenbiografien-jossi-bach-1949-2014\\\/\"},\"author\":{\"name\":\"Moritz Eggert\",\"@id\":\"https:\\\/\\\/blogs.nmz.de\\\/badblog\\\/#\\\/schema\\\/person\\\/ce88a756dea34f64ceab78df990e3dd4\"},\"headline\":\"Alternative Komponistenbiografien: Jossi Bach, 1949 &#8211; 2014\",\"datePublished\":\"2014-03-06T18:14:08+00:00\",\"dateModified\":\"2014-04-01T14:55:15+00:00\",\"mainEntityOfPage\":{\"@id\":\"https:\\\/\\\/blogs.nmz.de\\\/badblog\\\/2014\\\/03\\\/06\\\/alternative-komponistenbiografien-jossi-bach-1949-2014\\\/\"},\"wordCount\":1167,\"commentCount\":2,\"publisher\":{\"@id\":\"https:\\\/\\\/blogs.nmz.de\\\/badblog\\\/#organization\"},\"image\":{\"@id\":\"https:\\\/\\\/blogs.nmz.de\\\/badblog\\\/2014\\\/03\\\/06\\\/alternative-komponistenbiografien-jossi-bach-1949-2014\\\/#primaryimage\"},\"thumbnailUrl\":\"https:\\\/\\\/blogs.nmz.de\\\/badblog\\\/files\\\/2014\\\/03\\\/Bach.jpg\",\"keywords\":[\"Angela Merkel\",\"Barbara Sch\u00f6neberger\",\"Beatles\",\"Berlin\",\"Eisenach\",\"Forum zeitgen\u00f6ssische Musik Leipzig\",\"Friedrichstadtpalast\",\"Fritz Gei\u00dfler\",\"Harlekin\",\"Johann Sebastian Bach\",\"Rolling Stones\",\"Vietnamkrieg\",\"Weimar\"],\"articleSection\":{\"1\":\"Deutsch\",\"2\":\"Sprache\"},\"inLanguage\":\"de\",\"potentialAction\":[{\"@type\":\"CommentAction\",\"name\":\"Comment\",\"target\":[\"https:\\\/\\\/blogs.nmz.de\\\/badblog\\\/2014\\\/03\\\/06\\\/alternative-komponistenbiografien-jossi-bach-1949-2014\\\/#respond\"]}]},{\"@type\":\"WebPage\",\"@id\":\"https:\\\/\\\/blogs.nmz.de\\\/badblog\\\/2014\\\/03\\\/06\\\/alternative-komponistenbiografien-jossi-bach-1949-2014\\\/\",\"url\":\"https:\\\/\\\/blogs.nmz.de\\\/badblog\\\/2014\\\/03\\\/06\\\/alternative-komponistenbiografien-jossi-bach-1949-2014\\\/\",\"name\":\"Alternative Komponistenbiografien: Jossi Bach, 1949 - 2014 &#8211; Bad Blog Of Musick - nmz Klassik-Blog\",\"isPartOf\":{\"@id\":\"https:\\\/\\\/blogs.nmz.de\\\/badblog\\\/#website\"},\"primaryImageOfPage\":{\"@id\":\"https:\\\/\\\/blogs.nmz.de\\\/badblog\\\/2014\\\/03\\\/06\\\/alternative-komponistenbiografien-jossi-bach-1949-2014\\\/#primaryimage\"},\"image\":{\"@id\":\"https:\\\/\\\/blogs.nmz.de\\\/badblog\\\/2014\\\/03\\\/06\\\/alternative-komponistenbiografien-jossi-bach-1949-2014\\\/#primaryimage\"},\"thumbnailUrl\":\"https:\\\/\\\/blogs.nmz.de\\\/badblog\\\/files\\\/2014\\\/03\\\/Bach.jpg\",\"datePublished\":\"2014-03-06T18:14:08+00:00\",\"dateModified\":\"2014-04-01T14:55:15+00:00\",\"description\":\"Bad Blog Of Musick \u2013 Ein Klassik-Blog und das wahrscheinlich bedeutendste Musik-Blog zur zeitgen\u00f6ssischen und klassischen Musikkultur\",\"breadcrumb\":{\"@id\":\"https:\\\/\\\/blogs.nmz.de\\\/badblog\\\/2014\\\/03\\\/06\\\/alternative-komponistenbiografien-jossi-bach-1949-2014\\\/#breadcrumb\"},\"inLanguage\":\"de\",\"potentialAction\":[{\"@type\":\"ReadAction\",\"target\":[\"https:\\\/\\\/blogs.nmz.de\\\/badblog\\\/2014\\\/03\\\/06\\\/alternative-komponistenbiografien-jossi-bach-1949-2014\\\/\"]}]},{\"@type\":\"ImageObject\",\"inLanguage\":\"de\",\"@id\":\"https:\\\/\\\/blogs.nmz.de\\\/badblog\\\/2014\\\/03\\\/06\\\/alternative-komponistenbiografien-jossi-bach-1949-2014\\\/#primaryimage\",\"url\":\"https:\\\/\\\/i0.wp.com\\\/blogs.nmz.de\\\/badblog\\\/files\\\/2014\\\/03\\\/Bach.jpg?fit=180%2C205&ssl=1\",\"contentUrl\":\"https:\\\/\\\/i0.wp.com\\\/blogs.nmz.de\\\/badblog\\\/files\\\/2014\\\/03\\\/Bach.jpg?fit=180%2C205&ssl=1\",\"width\":\"180\",\"height\":\"205\"},{\"@type\":\"BreadcrumbList\",\"@id\":\"https:\\\/\\\/blogs.nmz.de\\\/badblog\\\/2014\\\/03\\\/06\\\/alternative-komponistenbiografien-jossi-bach-1949-2014\\\/#breadcrumb\",\"itemListElement\":[{\"@type\":\"ListItem\",\"position\":1,\"name\":\"Startseite\",\"item\":\"https:\\\/\\\/blogs.nmz.de\\\/badblog\\\/\"},{\"@type\":\"ListItem\",\"position\":2,\"name\":\"Alternative Komponistenbiografien: Jossi Bach, 1949 &#8211; 2014\"}]},{\"@type\":\"WebSite\",\"@id\":\"https:\\\/\\\/blogs.nmz.de\\\/badblog\\\/#website\",\"url\":\"https:\\\/\\\/blogs.nmz.de\\\/badblog\\\/\",\"name\":\"Bad Blog Of Musick\",\"description\":\"Das bedeutendste Blog zur zeitgen\u00f6ssischen Musikkultur\",\"publisher\":{\"@id\":\"https:\\\/\\\/blogs.nmz.de\\\/badblog\\\/#organization\"},\"potentialAction\":[{\"@type\":\"SearchAction\",\"target\":{\"@type\":\"EntryPoint\",\"urlTemplate\":\"https:\\\/\\\/blogs.nmz.de\\\/badblog\\\/?s={search_term_string}\"},\"query-input\":{\"@type\":\"PropertyValueSpecification\",\"valueRequired\":true,\"valueName\":\"search_term_string\"}}],\"inLanguage\":\"de\"},{\"@type\":\"Organization\",\"@id\":\"https:\\\/\\\/blogs.nmz.de\\\/badblog\\\/#organization\",\"name\":\"neue musikzeitung | Bad Blog Of Musick\",\"url\":\"https:\\\/\\\/blogs.nmz.de\\\/badblog\\\/\",\"logo\":{\"@type\":\"ImageObject\",\"inLanguage\":\"de\",\"@id\":\"https:\\\/\\\/blogs.nmz.de\\\/badblog\\\/#\\\/schema\\\/logo\\\/image\\\/\",\"url\":\"https:\\\/\\\/i0.wp.com\\\/blogs.nmz.de\\\/badblog\\\/files\\\/2016\\\/10\\\/badblog-logo1.png?fit=512%2C512&ssl=1\",\"contentUrl\":\"https:\\\/\\\/i0.wp.com\\\/blogs.nmz.de\\\/badblog\\\/files\\\/2016\\\/10\\\/badblog-logo1.png?fit=512%2C512&ssl=1\",\"width\":512,\"height\":512,\"caption\":\"neue musikzeitung | Bad Blog Of Musick\"},\"image\":{\"@id\":\"https:\\\/\\\/blogs.nmz.de\\\/badblog\\\/#\\\/schema\\\/logo\\\/image\\\/\"},\"sameAs\":[\"https:\\\/\\\/www.facebook.com\\\/musikzeitung\",\"https:\\\/\\\/x.com\\\/musikzeitung\"]},{\"@type\":\"Person\",\"@id\":\"https:\\\/\\\/blogs.nmz.de\\\/badblog\\\/#\\\/schema\\\/person\\\/ce88a756dea34f64ceab78df990e3dd4\",\"name\":\"Moritz Eggert\",\"description\":\"Komponist\",\"sameAs\":[\"http:\\\/\\\/www.moritz-eggert.de\",\"moritz.eggert.79\",\"https:\\\/\\\/x.com\\\/MoritzEggert\"],\"url\":\"https:\\\/\\\/blogs.nmz.de\\\/badblog\\\/author\\\/moritzeggert\\\/\"}]}<\/script>\n<!-- \/ Yoast SEO plugin. -->","yoast_head_json":{"title":"Alternative Komponistenbiografien: Jossi Bach, 1949 - 2014 &#8211; Bad Blog Of Musick - nmz Klassik-Blog","description":"Bad Blog Of Musick \u2013 Ein Klassik-Blog und das wahrscheinlich bedeutendste Musik-Blog zur zeitgen\u00f6ssischen und klassischen Musikkultur","robots":{"index":"index","follow":"follow","max-snippet":"max-snippet:-1","max-image-preview":"max-image-preview:large","max-video-preview":"max-video-preview:-1"},"canonical":"https:\/\/blogs.nmz.de\/badblog\/2014\/03\/06\/alternative-komponistenbiografien-jossi-bach-1949-2014\/","og_locale":"de_DE","og_type":"article","og_title":"Alternative Komponistenbiografien: Jossi Bach, 1949 - 2014 &#8211; Bad Blog Of Musick - nmz Klassik-Blog","og_description":"Bad Blog Of Musick \u2013 Ein Klassik-Blog und das wahrscheinlich bedeutendste Musik-Blog zur zeitgen\u00f6ssischen und klassischen Musikkultur","og_url":"https:\/\/blogs.nmz.de\/badblog\/2014\/03\/06\/alternative-komponistenbiografien-jossi-bach-1949-2014\/","og_site_name":"Bad Blog Of Musick","article_publisher":"https:\/\/www.facebook.com\/musikzeitung","article_author":"moritz.eggert.79","article_published_time":"2014-03-06T18:14:08+00:00","article_modified_time":"2014-04-01T14:55:15+00:00","og_image":[{"url":"https:\/\/blogs.nmz.de\/badblog\/files\/2014\/03\/Bach.jpg","type":"","width":"","height":""}],"author":"Moritz Eggert","twitter_card":"summary_large_image","twitter_creator":"@MoritzEggert","twitter_site":"@musikzeitung","twitter_misc":{"Verfasst von":"Moritz Eggert","Gesch\u00e4tzte Lesezeit":"6\u00a0Minuten"},"schema":{"@context":"https:\/\/schema.org","@graph":[{"@type":"Article","@id":"https:\/\/blogs.nmz.de\/badblog\/2014\/03\/06\/alternative-komponistenbiografien-jossi-bach-1949-2014\/#article","isPartOf":{"@id":"https:\/\/blogs.nmz.de\/badblog\/2014\/03\/06\/alternative-komponistenbiografien-jossi-bach-1949-2014\/"},"author":{"name":"Moritz Eggert","@id":"https:\/\/blogs.nmz.de\/badblog\/#\/schema\/person\/ce88a756dea34f64ceab78df990e3dd4"},"headline":"Alternative Komponistenbiografien: Jossi Bach, 1949 &#8211; 2014","datePublished":"2014-03-06T18:14:08+00:00","dateModified":"2014-04-01T14:55:15+00:00","mainEntityOfPage":{"@id":"https:\/\/blogs.nmz.de\/badblog\/2014\/03\/06\/alternative-komponistenbiografien-jossi-bach-1949-2014\/"},"wordCount":1167,"commentCount":2,"publisher":{"@id":"https:\/\/blogs.nmz.de\/badblog\/#organization"},"image":{"@id":"https:\/\/blogs.nmz.de\/badblog\/2014\/03\/06\/alternative-komponistenbiografien-jossi-bach-1949-2014\/#primaryimage"},"thumbnailUrl":"https:\/\/blogs.nmz.de\/badblog\/files\/2014\/03\/Bach.jpg","keywords":["Angela Merkel","Barbara Sch\u00f6neberger","Beatles","Berlin","Eisenach","Forum zeitgen\u00f6ssische Musik Leipzig","Friedrichstadtpalast","Fritz Gei\u00dfler","Harlekin","Johann Sebastian Bach","Rolling Stones","Vietnamkrieg","Weimar"],"articleSection":{"1":"Deutsch","2":"Sprache"},"inLanguage":"de","potentialAction":[{"@type":"CommentAction","name":"Comment","target":["https:\/\/blogs.nmz.de\/badblog\/2014\/03\/06\/alternative-komponistenbiografien-jossi-bach-1949-2014\/#respond"]}]},{"@type":"WebPage","@id":"https:\/\/blogs.nmz.de\/badblog\/2014\/03\/06\/alternative-komponistenbiografien-jossi-bach-1949-2014\/","url":"https:\/\/blogs.nmz.de\/badblog\/2014\/03\/06\/alternative-komponistenbiografien-jossi-bach-1949-2014\/","name":"Alternative Komponistenbiografien: Jossi Bach, 1949 - 2014 &#8211; Bad Blog Of Musick - nmz Klassik-Blog","isPartOf":{"@id":"https:\/\/blogs.nmz.de\/badblog\/#website"},"primaryImageOfPage":{"@id":"https:\/\/blogs.nmz.de\/badblog\/2014\/03\/06\/alternative-komponistenbiografien-jossi-bach-1949-2014\/#primaryimage"},"image":{"@id":"https:\/\/blogs.nmz.de\/badblog\/2014\/03\/06\/alternative-komponistenbiografien-jossi-bach-1949-2014\/#primaryimage"},"thumbnailUrl":"https:\/\/blogs.nmz.de\/badblog\/files\/2014\/03\/Bach.jpg","datePublished":"2014-03-06T18:14:08+00:00","dateModified":"2014-04-01T14:55:15+00:00","description":"Bad Blog Of Musick \u2013 Ein Klassik-Blog und das wahrscheinlich bedeutendste Musik-Blog zur zeitgen\u00f6ssischen und klassischen Musikkultur","breadcrumb":{"@id":"https:\/\/blogs.nmz.de\/badblog\/2014\/03\/06\/alternative-komponistenbiografien-jossi-bach-1949-2014\/#breadcrumb"},"inLanguage":"de","potentialAction":[{"@type":"ReadAction","target":["https:\/\/blogs.nmz.de\/badblog\/2014\/03\/06\/alternative-komponistenbiografien-jossi-bach-1949-2014\/"]}]},{"@type":"ImageObject","inLanguage":"de","@id":"https:\/\/blogs.nmz.de\/badblog\/2014\/03\/06\/alternative-komponistenbiografien-jossi-bach-1949-2014\/#primaryimage","url":"https:\/\/i0.wp.com\/blogs.nmz.de\/badblog\/files\/2014\/03\/Bach.jpg?fit=180%2C205&ssl=1","contentUrl":"https:\/\/i0.wp.com\/blogs.nmz.de\/badblog\/files\/2014\/03\/Bach.jpg?fit=180%2C205&ssl=1","width":"180","height":"205"},{"@type":"BreadcrumbList","@id":"https:\/\/blogs.nmz.de\/badblog\/2014\/03\/06\/alternative-komponistenbiografien-jossi-bach-1949-2014\/#breadcrumb","itemListElement":[{"@type":"ListItem","position":1,"name":"Startseite","item":"https:\/\/blogs.nmz.de\/badblog\/"},{"@type":"ListItem","position":2,"name":"Alternative Komponistenbiografien: Jossi Bach, 1949 &#8211; 2014"}]},{"@type":"WebSite","@id":"https:\/\/blogs.nmz.de\/badblog\/#website","url":"https:\/\/blogs.nmz.de\/badblog\/","name":"Bad Blog Of Musick","description":"Das bedeutendste Blog zur zeitgen\u00f6ssischen Musikkultur","publisher":{"@id":"https:\/\/blogs.nmz.de\/badblog\/#organization"},"potentialAction":[{"@type":"SearchAction","target":{"@type":"EntryPoint","urlTemplate":"https:\/\/blogs.nmz.de\/badblog\/?s={search_term_string}"},"query-input":{"@type":"PropertyValueSpecification","valueRequired":true,"valueName":"search_term_string"}}],"inLanguage":"de"},{"@type":"Organization","@id":"https:\/\/blogs.nmz.de\/badblog\/#organization","name":"neue musikzeitung | Bad Blog Of Musick","url":"https:\/\/blogs.nmz.de\/badblog\/","logo":{"@type":"ImageObject","inLanguage":"de","@id":"https:\/\/blogs.nmz.de\/badblog\/#\/schema\/logo\/image\/","url":"https:\/\/i0.wp.com\/blogs.nmz.de\/badblog\/files\/2016\/10\/badblog-logo1.png?fit=512%2C512&ssl=1","contentUrl":"https:\/\/i0.wp.com\/blogs.nmz.de\/badblog\/files\/2016\/10\/badblog-logo1.png?fit=512%2C512&ssl=1","width":512,"height":512,"caption":"neue musikzeitung | Bad Blog Of Musick"},"image":{"@id":"https:\/\/blogs.nmz.de\/badblog\/#\/schema\/logo\/image\/"},"sameAs":["https:\/\/www.facebook.com\/musikzeitung","https:\/\/x.com\/musikzeitung"]},{"@type":"Person","@id":"https:\/\/blogs.nmz.de\/badblog\/#\/schema\/person\/ce88a756dea34f64ceab78df990e3dd4","name":"Moritz Eggert","description":"Komponist","sameAs":["http:\/\/www.moritz-eggert.de","moritz.eggert.79","https:\/\/x.com\/MoritzEggert"],"url":"https:\/\/blogs.nmz.de\/badblog\/author\/moritzeggert\/"}]}},"wp-worthy-pixel":{"ignored":false,"public":null,"server":null,"url":null},"wp-worthy-type":"normal","jetpack_featured_media_url":"","jetpack-related-posts":[],"jetpack_sharing_enabled":true,"_links":{"self":[{"href":"https:\/\/blogs.nmz.de\/badblog\/wp-json\/wp\/v2\/posts\/10113","targetHints":{"allow":["GET"]}}],"collection":[{"href":"https:\/\/blogs.nmz.de\/badblog\/wp-json\/wp\/v2\/posts"}],"about":[{"href":"https:\/\/blogs.nmz.de\/badblog\/wp-json\/wp\/v2\/types\/post"}],"author":[{"embeddable":true,"href":"https:\/\/blogs.nmz.de\/badblog\/wp-json\/wp\/v2\/users\/8"}],"replies":[{"embeddable":true,"href":"https:\/\/blogs.nmz.de\/badblog\/wp-json\/wp\/v2\/comments?post=10113"}],"version-history":[{"count":6,"href":"https:\/\/blogs.nmz.de\/badblog\/wp-json\/wp\/v2\/posts\/10113\/revisions"}],"predecessor-version":[{"id":10253,"href":"https:\/\/blogs.nmz.de\/badblog\/wp-json\/wp\/v2\/posts\/10113\/revisions\/10253"}],"wp:attachment":[{"href":"https:\/\/blogs.nmz.de\/badblog\/wp-json\/wp\/v2\/media?parent=10113"}],"wp:term":[{"taxonomy":"category","embeddable":true,"href":"https:\/\/blogs.nmz.de\/badblog\/wp-json\/wp\/v2\/categories?post=10113"},{"taxonomy":"post_tag","embeddable":true,"href":"https:\/\/blogs.nmz.de\/badblog\/wp-json\/wp\/v2\/tags?post=10113"}],"curies":[{"name":"wp","href":"https:\/\/api.w.org\/{rel}","templated":true}]}}